{"id":295052,"date":"2025-05-26T16:59:59","date_gmt":"2025-05-26T14:59:59","guid":{"rendered":"https:\/\/www.monaco-tribune.com\/2025\/05\/bernard-arnault-lee-jung-jae-zinedine-zidane-le-star-presenti-al-gp-di-monaco\/"},"modified":"2025-05-26T17:00:19","modified_gmt":"2025-05-26T15:00:19","slug":"bernard-arnault-lee-jung-jae-zinedine-zidane-le-star-presenti-al-gp-di-monaco","status":"publish","type":"post","link":"https:\/\/www.monaco-tribune.com\/it\/2025\/05\/bernard-arnault-lee-jung-jae-zinedine-zidane-le-star-presenti-al-gp-di-monaco\/","title":{"rendered":"Bernard Arnault, Lee Jung-jae, Zin\u00e9dine Zidane\u2026 Le star presenti al GP di Monaco"},"content":{"rendered":"\n<p><strong>Nel cuore scintillante di Monte-Carlo, sabato 24 maggio 2025 il Grand Prix si \u00e8 trasformato in un affascinante palcoscenico dove la pura velocit\u00e0 ha incontrato il fascino del potere.<\/strong><\/p>\n\n<p>Mentre Lando Norris strappava la pole position in un finale teatrale davanti a Charles Leclerc e Oscar Piastri, nei paddock gravitava una vera e propria costellazione di personalit\u00e0 che oggi muovono il mondo. Perch\u00e9 Monaco \u00e8 ancora la patria di quell\u2019alchimia unica in cui la Formula 1 attrae naturalmente il vertice dell\u2019influenza globale.<\/p>\n\n<p><strong>Il Principe Alberto II<\/strong> regnava da padrone di casa, incarnando quella tradizione tutta monegasca che fa del Grand Prix qualcosa di molto pi\u00f9 di una corsa automobilistica: un appuntamento diplomatico e culturale irrinunciabile.<\/p>\n\n<p>Tra questi volti noti c&#8217;era anche il residente monegasco <strong>Flavio Briatore<\/strong> con la sua silhouette inconfondibile. Al suo fianco, <strong>Bernard Arnault,<\/strong> l\u2019uomo pi\u00f9 ricco d\u2019Europa e imperatore del lusso francese con il suo impero LVMH, osservava questo balletto meccanico con lo sguardo di chi conosce a fondo i codici dell\u2019eccellenza.<\/p>\n\n<p>Il calcio francese \u00e8 stato incredibilmente rappresentato da <strong>Zin\u00e9dine Zidane<\/strong>, eterna leggenda la cui grazia in campo trova un\u2019eco naturale nell\u2019eleganza di Monaco.<\/p>\n\n<p>Tra i piloti in gara, <strong>Liam Lawson,<\/strong> giovane talento neozelandese della Racing Bulls, ha continuato la sua scalata verso i vertici della Formula 1, mentre <strong>Max Verstappen<\/strong>, tre volte campione del mondo con Red Bull, e <strong>Fernando Alonso<\/strong>, lo spagnolo due volte campione del mondo oggi in Aston Martin, hanno incarnato l\u2019eccellenza sportiva di questa generazione.<\/p>\n\n<p><strong>Flavy Barla<\/strong>, Miss C\u00f4te d\u2019Azur 2022 e oggi compagna di Esteban Ocon, ha portato quel tocco di glamour ormai imprescindibile nell\u2019atmosfera unica del Grand Prix. E poi <strong>Sir Jackie Stewart<\/strong>, leggenda scozzese e tre volte campione del mondo negli anni \u201970, ha ricordato a tutti che Monaco attraversa le generazioni senza mai perdere il suo fascino.<\/p>\n\n<p>Il cinema \u00e8 stato rappresentato in modo sublime da <strong>Lee Jung-jae<\/strong>, attore sudcoreano diventato star mondiale grazie al suo ruolo in \u201cSquid Game\u201d, primo asiatico a vincere un Emmy come miglior attore protagonista in una serie drammatica. La sua presenza testimonia la globalizzazione dell\u2019intrattenimento che rende oggi Monaco un crocevia culturale planetario.<\/p>\n\n<p>Tra i volti pi\u00f9 noti dei paddock, <strong>David Coulthard,<\/strong> ex pilota scozzese oggi commentatore rispettato, e <strong>Christian Horner<\/strong>, direttore strategico della Red Bull Racing, che hanno incarnato quell\u2019intelligenza tattica che rende la Formula 1 uno sport tanto mentale quanto fisico. A completare il quadro, Alexandra <strong>Saint Mleux,<\/strong> compagna di Charles Leclerc e nota influencer, a dimostrazione di come sport e modernit\u00e0 digitale oggi vadano mano nella mano.<\/p>\n\n<p>Domenica 25 maggio alle 15:00 ora locale, sono partiti i 78 giri del Circuito di Monaco. Ma gi\u00e0 sabato, nei paddock, si correva un\u2019altra gara: quella del potere, dell\u2019influenza e del glamour che fa di Monaco un teatro del mondo senza tempo.<\/p>\n\n<p class=\"related\"><a href=\"https:\/\/www.monaco-tribune.com\/it\/2025\/05\/non-sono-soddisfatto-del-secondo-posto-ma-e-un-risultato-positivo-per-la-squadra-charles-leclerc-secondo-dietro-lando-norris-sul-leggendario-circuito-del-principato\/\">\u201cNon sono soddisfatto del secondo posto, ma \u00e8 un risultato positivo per la squadra\u201d: Charles Leclerc, secondo dietro Lando Norris sul leggendario circuito del Principato<\/a><\/p>\n\n<figure class=\"wp-block-gallery has-nested-images columns-1 is-cropped wp-block-gallery-1 is-layout-flex wp-block-gallery-is-layout-flex\">\n<figure class=\"wp-block-image size-large\"><img loading=\"lazy\" decoding=\"async\" width=\"683\" height=\"1024\" data-id=\"294461\" src=\"https:\/\/www.monaco-tribune.com\/wp-content\/uploads\/2025\/05\/prince-albert-ii-monaco-1-683x1024.jpg\" alt=\"\" class=\"wp-image-294461\" srcset=\"https:\/\/www.monaco-tribune.com\/wp-content\/uploads\/2025\/05\/prince-albert-ii-monaco-1-683x1024.jpg 683w, https:\/\/www.monaco-tribune.com\/wp-content\/uploads\/2025\/05\/prince-albert-ii-monaco-1-200x300.jpg 200w, https:\/\/www.monaco-tribune.com\/wp-content\/uploads\/2025\/05\/prince-albert-ii-monaco-1.jpg 1200w\" sizes=\"auto, (max-width: 683px) 100vw, 683px\" \/><figcaption class=\"wp-element-caption\">Principe Alberto II di Monaco<\/figcaption><\/figure>\n\n\n\n<figure class=\"wp-block-image size-large\"><img loading=\"lazy\" decoding=\"async\" width=\"683\" height=\"1024\" data-id=\"294453\" src=\"https:\/\/www.monaco-tribune.com\/wp-content\/uploads\/2025\/05\/flavio-briatore-683x1024.jpg\" alt=\"\" class=\"wp-image-294453\" srcset=\"https:\/\/www.monaco-tribune.com\/wp-content\/uploads\/2025\/05\/flavio-briatore-683x1024.jpg 683w, https:\/\/www.monaco-tribune.com\/wp-content\/uploads\/2025\/05\/flavio-briatore-200x300.jpg 200w, https:\/\/www.monaco-tribune.com\/wp-content\/uploads\/2025\/05\/flavio-briatore.jpg 1200w\" sizes=\"auto, (max-width: 683px) 100vw, 683px\" \/><figcaption class=\"wp-element-caption\">Flavio Briatore<\/figcaption><\/figure>\n\n\n\n<figure class=\"wp-block-image size-large\"><img loading=\"lazy\" decoding=\"async\" width=\"683\" height=\"1024\" data-id=\"294433\" src=\"https:\/\/www.monaco-tribune.com\/wp-content\/uploads\/2025\/05\/bernard-arnault-683x1024.jpg\" alt=\"\" class=\"wp-image-294433\" srcset=\"https:\/\/www.monaco-tribune.com\/wp-content\/uploads\/2025\/05\/bernard-arnault-683x1024.jpg 683w, https:\/\/www.monaco-tribune.com\/wp-content\/uploads\/2025\/05\/bernard-arnault-200x300.jpg 200w, https:\/\/www.monaco-tribune.com\/wp-content\/uploads\/2025\/05\/bernard-arnault.jpg 1200w\" sizes=\"auto, (max-width: 683px) 100vw, 683px\" \/><figcaption class=\"wp-element-caption\">Bernard Arnault<\/figcaption><\/figure>\n\n\n\n<figure class=\"wp-block-image size-large\"><img loading=\"lazy\" decoding=\"async\" width=\"683\" height=\"1024\" data-id=\"294481\" src=\"https:\/\/www.monaco-tribune.com\/wp-content\/uploads\/2025\/05\/zinedine-zidane-683x1024.jpg\" alt=\"\" class=\"wp-image-294481\" srcset=\"https:\/\/www.monaco-tribune.com\/wp-content\/uploads\/2025\/05\/zinedine-zidane-683x1024.jpg 683w, https:\/\/www.monaco-tribune.com\/wp-content\/uploads\/2025\/05\/zinedine-zidane-200x300.jpg 200w, https:\/\/www.monaco-tribune.com\/wp-content\/uploads\/2025\/05\/zinedine-zidane.jpg 1200w\" sizes=\"auto, (max-width: 683px) 100vw, 683px\" \/><figcaption class=\"wp-element-caption\">Zin\u00e9dine Zidane<\/figcaption><\/figure>\n\n\n\n<figure class=\"wp-block-image size-large\"><img loading=\"lazy\" decoding=\"async\" width=\"683\" height=\"1024\" data-id=\"294477\" src=\"https:\/\/www.monaco-tribune.com\/wp-content\/uploads\/2025\/05\/yaro5820-683x1024.jpg\" alt=\"\" class=\"wp-image-294477\" srcset=\"https:\/\/www.monaco-tribune.com\/wp-content\/uploads\/2025\/05\/yaro5820-683x1024.jpg 683w, https:\/\/www.monaco-tribune.com\/wp-content\/uploads\/2025\/05\/yaro5820-200x300.jpg 200w, https:\/\/www.monaco-tribune.com\/wp-content\/uploads\/2025\/05\/yaro5820.jpg 1200w\" sizes=\"auto, (max-width: 683px) 100vw, 683px\" \/><figcaption class=\"wp-element-caption\"><a>Liam Lawson<\/a><\/figcaption><\/figure>\n\n\n\n<figure class=\"wp-block-image size-large\"><img loading=\"lazy\" decoding=\"async\" width=\"683\" height=\"1024\" data-id=\"294473\" src=\"https:\/\/www.monaco-tribune.com\/wp-content\/uploads\/2025\/05\/yaro5770-683x1024.jpg\" alt=\"\" class=\"wp-image-294473\" srcset=\"https:\/\/www.monaco-tribune.com\/wp-content\/uploads\/2025\/05\/yaro5770-683x1024.jpg 683w, https:\/\/www.monaco-tribune.com\/wp-content\/uploads\/2025\/05\/yaro5770-200x300.jpg 200w, https:\/\/www.monaco-tribune.com\/wp-content\/uploads\/2025\/05\/yaro5770.jpg 1200w\" sizes=\"auto, (max-width: 683px) 100vw, 683px\" \/><figcaption class=\"wp-element-caption\">Flavy Barla<\/figcaption><\/figure>\n\n\n\n<figure class=\"wp-block-image size-large\"><img loading=\"lazy\" decoding=\"async\" width=\"683\" height=\"1024\" data-id=\"294469\" src=\"https:\/\/www.monaco-tribune.com\/wp-content\/uploads\/2025\/05\/yaro5718-683x1024.jpg\" alt=\"\" class=\"wp-image-294469\" srcset=\"https:\/\/www.monaco-tribune.com\/wp-content\/uploads\/2025\/05\/yaro5718-683x1024.jpg 683w, https:\/\/www.monaco-tribune.com\/wp-content\/uploads\/2025\/05\/yaro5718-200x300.jpg 200w, https:\/\/www.monaco-tribune.com\/wp-content\/uploads\/2025\/05\/yaro5718.jpg 1200w\" sizes=\"auto, (max-width: 683px) 100vw, 683px\" \/><figcaption class=\"wp-element-caption\">Jackie Stewart<\/figcaption><\/figure>\n\n\n\n<figure class=\"wp-block-image size-large\"><img loading=\"lazy\" decoding=\"async\" width=\"683\" height=\"1024\" data-id=\"294465\" src=\"https:\/\/www.monaco-tribune.com\/wp-content\/uploads\/2025\/05\/yaro5694-683x1024.jpg\" alt=\"\" class=\"wp-image-294465\" srcset=\"https:\/\/www.monaco-tribune.com\/wp-content\/uploads\/2025\/05\/yaro5694-683x1024.jpg 683w, https:\/\/www.monaco-tribune.com\/wp-content\/uploads\/2025\/05\/yaro5694-200x300.jpg 200w, https:\/\/www.monaco-tribune.com\/wp-content\/uploads\/2025\/05\/yaro5694.jpg 1200w\" sizes=\"auto, (max-width: 683px) 100vw, 683px\" \/><figcaption class=\"wp-element-caption\">Lee Jung-jae<\/figcaption><\/figure>\n\n\n\n<figure class=\"wp-block-image size-large\"><img loading=\"lazy\" decoding=\"async\" width=\"683\" height=\"1024\" data-id=\"294457\" src=\"https:\/\/www.monaco-tribune.com\/wp-content\/uploads\/2025\/05\/max-verstappen-683x1024.jpg\" alt=\"\" class=\"wp-image-294457\" srcset=\"https:\/\/www.monaco-tribune.com\/wp-content\/uploads\/2025\/05\/max-verstappen-683x1024.jpg 683w, https:\/\/www.monaco-tribune.com\/wp-content\/uploads\/2025\/05\/max-verstappen-200x300.jpg 200w, https:\/\/www.monaco-tribune.com\/wp-content\/uploads\/2025\/05\/max-verstappen.jpg 1200w\" sizes=\"auto, (max-width: 683px) 100vw, 683px\" \/><figcaption class=\"wp-element-caption\">Max Verstappen<\/figcaption><\/figure>\n\n\n\n<figure class=\"wp-block-image size-large\"><img loading=\"lazy\" decoding=\"async\" width=\"683\" height=\"1024\" data-id=\"294445\" src=\"https:\/\/www.monaco-tribune.com\/wp-content\/uploads\/2025\/05\/fernando-alonso-683x1024.jpg\" alt=\"\" class=\"wp-image-294445\" srcset=\"https:\/\/www.monaco-tribune.com\/wp-content\/uploads\/2025\/05\/fernando-alonso-683x1024.jpg 683w, https:\/\/www.monaco-tribune.com\/wp-content\/uploads\/2025\/05\/fernando-alonso-200x300.jpg 200w, https:\/\/www.monaco-tribune.com\/wp-content\/uploads\/2025\/05\/fernando-alonso.jpg 1200w\" sizes=\"auto, (max-width: 683px) 100vw, 683px\" \/><figcaption class=\"wp-element-caption\">Fernando Alonso<\/figcaption><\/figure>\n\n\n\n<figure class=\"wp-block-image size-large\"><img loading=\"lazy\" decoding=\"async\" width=\"683\" height=\"1024\" data-id=\"294441\" src=\"https:\/\/www.monaco-tribune.com\/wp-content\/uploads\/2025\/05\/david-coulthard-683x1024.jpg\" alt=\"\" class=\"wp-image-294441\" srcset=\"https:\/\/www.monaco-tribune.com\/wp-content\/uploads\/2025\/05\/david-coulthard-683x1024.jpg 683w, https:\/\/www.monaco-tribune.com\/wp-content\/uploads\/2025\/05\/david-coulthard-200x300.jpg 200w, https:\/\/www.monaco-tribune.com\/wp-content\/uploads\/2025\/05\/david-coulthard.jpg 1200w\" sizes=\"auto, (max-width: 683px) 100vw, 683px\" \/><figcaption class=\"wp-element-caption\">David Coulthard<\/figcaption><\/figure>\n\n\n\n<figure class=\"wp-block-image size-large\"><img loading=\"lazy\" decoding=\"async\" width=\"683\" height=\"1024\" data-id=\"294437\" src=\"https:\/\/www.monaco-tribune.com\/wp-content\/uploads\/2025\/05\/christian-horner-683x1024.jpg\" alt=\"\" class=\"wp-image-294437\" srcset=\"https:\/\/www.monaco-tribune.com\/wp-content\/uploads\/2025\/05\/christian-horner-683x1024.jpg 683w, https:\/\/www.monaco-tribune.com\/wp-content\/uploads\/2025\/05\/christian-horner-200x300.jpg 200w, https:\/\/www.monaco-tribune.com\/wp-content\/uploads\/2025\/05\/christian-horner.jpg 1200w\" sizes=\"auto, (max-width: 683px) 100vw, 683px\" \/><figcaption class=\"wp-element-caption\">Christian Horner<\/figcaption><\/figure>\n\n\n\n<figure class=\"wp-block-image size-large\"><img loading=\"lazy\" decoding=\"async\" width=\"683\" height=\"1024\" data-id=\"294429\" src=\"https:\/\/www.monaco-tribune.com\/wp-content\/uploads\/2025\/05\/alexandra-saint-mleux-683x1024.jpg\" alt=\"\" class=\"wp-image-294429\" srcset=\"https:\/\/www.monaco-tribune.com\/wp-content\/uploads\/2025\/05\/alexandra-saint-mleux-683x1024.jpg 683w, https:\/\/www.monaco-tribune.com\/wp-content\/uploads\/2025\/05\/alexandra-saint-mleux-200x300.jpg 200w, https:\/\/www.monaco-tribune.com\/wp-content\/uploads\/2025\/05\/alexandra-saint-mleux.jpg 1200w\" sizes=\"auto, (max-width: 683px) 100vw, 683px\" \/><figcaption class=\"wp-element-caption\">\u00a0Alexandra Saint Mleux<\/figcaption><\/figure>\n<\/figure>\n\n<p class=\"has-text-align-center\">Foto \u00a9 Monaco Tribune \/ <a href=\"https:\/\/www.instagram.com\/monacophotographerr\/#\">monacophotographerr<\/a><\/p>\n","protected":false},"excerpt":{"rendered":"<p>Nel cuore scintillante di Monte-Carlo, sabato 24 maggio 2025 il Grand Prix si \u00e8 trasformato in un affascinante palcoscenico dove [&hellip;]<\/p>\n","protected":false},"author":21,"featured_media":294490,"comment_status":"closed","ping_status":"closed","sticky":false,"template":"","format":"standard","meta":{"_acf_changed":false,"footnotes":""},"categories":[1826,1738,1743],"tags":[4934],"post_sectags":[],"post_format":[2474],"class_list":["post-295052","post","type-post","status-publish","format-standard","has-post-thumbnail","hentry","category-la-nostra-scelta","category-notizie","category-sport-it","tag-personalita","format-foto"],"acf":[],"yoast_head":"<!-- This site is optimized with the Yoast SEO Premium plugin v26.8 (Yoast SEO v27.4) - https:\/\/yoast.com\/product\/yoast-seo-premium-wordpress\/ -->\n<title>Bernard Arnault, Lee Jung-jae, Zin\u00e9dine Zidane\u2026 Le star presenti al GP di Monaco<\/title>\n<meta name=\"description\" content=\"Nel cuore scintillante di Monte-Carlo, sabato 24 maggio 2025 il Grand Prix si \u00e8 trasformato in un affascinante palcoscenico dove la pura velocit\u00e0 ha\" \/>\n<meta name=\"robots\" content=\"index, follow, max-snippet:-1, max-image-preview:large, max-video-preview:-1\" \/>\n<link rel=\"canonical\" href=\"https:\/\/www.monaco-tribune.com\/it\/2025\/05\/bernard-arnault-lee-jung-jae-zinedine-zidane-le-star-presenti-al-gp-di-monaco\/\" \/>\n<meta property=\"og:locale\" content=\"it_IT\" \/>\n<meta property=\"og:type\" content=\"article\" \/>\n<meta property=\"og:title\" content=\"Bernard Arnault, Lee Jung-jae, Zin\u00e9dine Zidane\u2026 Le star presenti al GP di Monaco - Monaco Tribune\" \/>\n<meta property=\"og:description\" content=\"Nel cuore scintillante di Monte-Carlo, sabato 24 maggio 2025 il Grand Prix si \u00e8 trasformato in un affascinante palcoscenico dove la pura velocit\u00e0 ha\" \/>\n<meta property=\"og:url\" content=\"https:\/\/www.monaco-tribune.com\/it\/2025\/05\/bernard-arnault-lee-jung-jae-zinedine-zidane-le-star-presenti-al-gp-di-monaco\/\" \/>\n<meta property=\"og:site_name\" content=\"Monaco Tribune\" \/>\n<meta property=\"article:publisher\" content=\"https:\/\/www.facebook.com\/MonacoTribune\" \/>\n<meta property=\"article:published_time\" content=\"2025-05-26T14:59:59+00:00\" \/>\n<meta property=\"article:modified_time\" content=\"2025-05-26T15:00:19+00:00\" \/>\n<meta property=\"og:image\" content=\"https:\/\/www.monaco-tribune.com\/wp-content\/uploads\/2025\/05\/prince-albert-ii-monaco-2.jpg\" \/>\n\t<meta property=\"og:image:width\" content=\"1200\" \/>\n\t<meta property=\"og:image:height\" content=\"864\" \/>\n\t<meta property=\"og:image:type\" content=\"image\/jpeg\" \/>\n<meta name=\"author\" content=\"Monaco Tribune\" \/>\n<meta name=\"twitter:card\" content=\"summary_large_image\" \/>\n<meta name=\"twitter:creator\" content=\"@MonacoTribune\" \/>\n<meta name=\"twitter:site\" content=\"@MonacoTribune\" \/>\n<script type=\"application\/ld+json\" class=\"yoast-schema-graph\">{\"@context\":\"https:\\\/\\\/schema.org\",\"@graph\":[{\"@type\":\"NewsArticle\",\"@id\":\"https:\\\/\\\/www.monaco-tribune.com\\\/it\\\/2025\\\/05\\\/bernard-arnault-lee-jung-jae-zinedine-zidane-le-star-presenti-al-gp-di-monaco\\\/#article\",\"isPartOf\":{\"@id\":\"https:\\\/\\\/www.monaco-tribune.com\\\/it\\\/2025\\\/05\\\/bernard-arnault-lee-jung-jae-zinedine-zidane-le-star-presenti-al-gp-di-monaco\\\/\"},\"author\":{\"name\":\"Monaco Tribune\",\"@id\":\"https:\\\/\\\/www.monaco-tribune.com\\\/it\\\/#\\\/schema\\\/person\\\/8f6ed8c063276e2397589eda5b7a2f2d\"},\"headline\":\"Bernard Arnault, Lee Jung-jae, Zin\u00e9dine Zidane\u2026 Le star presenti al GP di Monaco\",\"datePublished\":\"2025-05-26T14:59:59+00:00\",\"dateModified\":\"2025-05-26T15:00:19+00:00\",\"mainEntityOfPage\":{\"@id\":\"https:\\\/\\\/www.monaco-tribune.com\\\/it\\\/2025\\\/05\\\/bernard-arnault-lee-jung-jae-zinedine-zidane-le-star-presenti-al-gp-di-monaco\\\/\"},\"wordCount\":537,\"publisher\":{\"@id\":\"https:\\\/\\\/www.monaco-tribune.com\\\/it\\\/#organization\"},\"image\":{\"@id\":\"https:\\\/\\\/www.monaco-tribune.com\\\/it\\\/2025\\\/05\\\/bernard-arnault-lee-jung-jae-zinedine-zidane-le-star-presenti-al-gp-di-monaco\\\/#primaryimage\"},\"thumbnailUrl\":\"https:\\\/\\\/www.monaco-tribune.com\\\/wp-content\\\/uploads\\\/2025\\\/05\\\/prince-albert-ii-monaco-2.jpg\",\"keywords\":[\"Personalit\u00e0\"],\"articleSection\":[\"La nostra scelta\",\"Notizie\",\"Sport\"],\"inLanguage\":\"it-IT\",\"copyrightYear\":\"2025\",\"copyrightHolder\":{\"@id\":\"https:\\\/\\\/www.monaco-tribune.com\\\/#organization\"}},{\"@type\":\"WebPage\",\"@id\":\"https:\\\/\\\/www.monaco-tribune.com\\\/it\\\/2025\\\/05\\\/bernard-arnault-lee-jung-jae-zinedine-zidane-le-star-presenti-al-gp-di-monaco\\\/\",\"url\":\"https:\\\/\\\/www.monaco-tribune.com\\\/it\\\/2025\\\/05\\\/bernard-arnault-lee-jung-jae-zinedine-zidane-le-star-presenti-al-gp-di-monaco\\\/\",\"name\":\"Bernard Arnault, Lee Jung-jae, Zin\u00e9dine Zidane\u2026 Le star presenti al GP di Monaco\",\"isPartOf\":{\"@id\":\"https:\\\/\\\/www.monaco-tribune.com\\\/it\\\/#website\"},\"primaryImageOfPage\":{\"@id\":\"https:\\\/\\\/www.monaco-tribune.com\\\/it\\\/2025\\\/05\\\/bernard-arnault-lee-jung-jae-zinedine-zidane-le-star-presenti-al-gp-di-monaco\\\/#primaryimage\"},\"image\":{\"@id\":\"https:\\\/\\\/www.monaco-tribune.com\\\/it\\\/2025\\\/05\\\/bernard-arnault-lee-jung-jae-zinedine-zidane-le-star-presenti-al-gp-di-monaco\\\/#primaryimage\"},\"thumbnailUrl\":\"https:\\\/\\\/www.monaco-tribune.com\\\/wp-content\\\/uploads\\\/2025\\\/05\\\/prince-albert-ii-monaco-2.jpg\",\"datePublished\":\"2025-05-26T14:59:59+00:00\",\"dateModified\":\"2025-05-26T15:00:19+00:00\",\"description\":\"Nel cuore scintillante di Monte-Carlo, sabato 24 maggio 2025 il Grand Prix si \u00e8 trasformato in un affascinante palcoscenico dove la pura velocit\u00e0 ha\",\"breadcrumb\":{\"@id\":\"https:\\\/\\\/www.monaco-tribune.com\\\/it\\\/2025\\\/05\\\/bernard-arnault-lee-jung-jae-zinedine-zidane-le-star-presenti-al-gp-di-monaco\\\/#breadcrumb\"},\"inLanguage\":\"it-IT\",\"potentialAction\":[{\"@type\":\"ReadAction\",\"target\":[\"https:\\\/\\\/www.monaco-tribune.com\\\/it\\\/2025\\\/05\\\/bernard-arnault-lee-jung-jae-zinedine-zidane-le-star-presenti-al-gp-di-monaco\\\/\"]}]},{\"@type\":\"ImageObject\",\"inLanguage\":\"it-IT\",\"@id\":\"https:\\\/\\\/www.monaco-tribune.com\\\/it\\\/2025\\\/05\\\/bernard-arnault-lee-jung-jae-zinedine-zidane-le-star-presenti-al-gp-di-monaco\\\/#primaryimage\",\"url\":\"https:\\\/\\\/www.monaco-tribune.com\\\/wp-content\\\/uploads\\\/2025\\\/05\\\/prince-albert-ii-monaco-2.jpg\",\"contentUrl\":\"https:\\\/\\\/www.monaco-tribune.com\\\/wp-content\\\/uploads\\\/2025\\\/05\\\/prince-albert-ii-monaco-2.jpg\",\"width\":1200,\"height\":864,\"caption\":\"Il Principe Alberto II \u00a9 Monaco Tribune \\\/ monacophotographerr\"},{\"@type\":\"BreadcrumbList\",\"@id\":\"https:\\\/\\\/www.monaco-tribune.com\\\/it\\\/2025\\\/05\\\/bernard-arnault-lee-jung-jae-zinedine-zidane-le-star-presenti-al-gp-di-monaco\\\/#breadcrumb\",\"itemListElement\":[{\"@type\":\"ListItem\",\"position\":1,\"name\":\"Accueil\",\"item\":\"https:\\\/\\\/www.monaco-tribune.com\\\/it\\\/\"},{\"@type\":\"ListItem\",\"position\":2,\"name\":\"Bernard Arnault, Lee Jung-jae, Zin\u00e9dine Zidane\u2026 Le star presenti al GP di Monaco\"}]},{\"@type\":\"WebSite\",\"@id\":\"https:\\\/\\\/www.monaco-tribune.com\\\/it\\\/#website\",\"url\":\"https:\\\/\\\/www.monaco-tribune.com\\\/it\\\/\",\"name\":\"Monaco Tribune\",\"description\":\"Monaco : actualit\u00e9s \u00e9conomiques, politiques, culturelles et sportives de Monaco et de la French Riviera.\",\"publisher\":{\"@id\":\"https:\\\/\\\/www.monaco-tribune.com\\\/it\\\/#organization\"},\"potentialAction\":[{\"@type\":\"SearchAction\",\"target\":{\"@type\":\"EntryPoint\",\"urlTemplate\":\"https:\\\/\\\/www.monaco-tribune.com\\\/it\\\/?s={search_term_string}\"},\"query-input\":{\"@type\":\"PropertyValueSpecification\",\"valueRequired\":true,\"valueName\":\"search_term_string\"}}],\"inLanguage\":\"it-IT\"},{\"@type\":\"Organization\",\"@id\":\"https:\\\/\\\/www.monaco-tribune.com\\\/it\\\/#organization\",\"name\":\"Monaco Tribune\",\"url\":\"https:\\\/\\\/www.monaco-tribune.com\\\/it\\\/\",\"logo\":{\"@type\":\"ImageObject\",\"inLanguage\":\"it-IT\",\"@id\":\"https:\\\/\\\/www.monaco-tribune.com\\\/it\\\/#\\\/schema\\\/logo\\\/image\\\/\",\"url\":\"https:\\\/\\\/www.monaco-tribune.com\\\/wp-content\\\/uploads\\\/2022\\\/11\\\/logo-monaco-tribune.png\",\"contentUrl\":\"https:\\\/\\\/www.monaco-tribune.com\\\/wp-content\\\/uploads\\\/2022\\\/11\\\/logo-monaco-tribune.png\",\"width\":1548,\"height\":600,\"caption\":\"Monaco Tribune\"},\"image\":{\"@id\":\"https:\\\/\\\/www.monaco-tribune.com\\\/it\\\/#\\\/schema\\\/logo\\\/image\\\/\"},\"sameAs\":[\"https:\\\/\\\/www.facebook.com\\\/MonacoTribune\",\"https:\\\/\\\/x.com\\\/MonacoTribune\",\"https:\\\/\\\/www.instagram.com\\\/monacotribune\\\/\",\"https:\\\/\\\/www.linkedin.com\\\/company\\\/monaco-tribune\",\"https:\\\/\\\/www.youtube.com\\\/channel\\\/UCHle1MnG6hw1y4lWKijVbMA\"]},{\"@type\":\"Person\",\"@id\":\"https:\\\/\\\/www.monaco-tribune.com\\\/it\\\/#\\\/schema\\\/person\\\/8f6ed8c063276e2397589eda5b7a2f2d\",\"name\":\"Monaco Tribune\",\"image\":{\"@type\":\"ImageObject\",\"inLanguage\":\"it-IT\",\"@id\":\"https:\\\/\\\/secure.gravatar.com\\\/avatar\\\/3010e6c5d6c8056ec1c25228fe68ea089879e5ae0de884e0247744ee988aaf6a?s=96&d=mm&r=g\",\"url\":\"https:\\\/\\\/secure.gravatar.com\\\/avatar\\\/3010e6c5d6c8056ec1c25228fe68ea089879e5ae0de884e0247744ee988aaf6a?s=96&d=mm&r=g\",\"contentUrl\":\"https:\\\/\\\/secure.gravatar.com\\\/avatar\\\/3010e6c5d6c8056ec1c25228fe68ea089879e5ae0de884e0247744ee988aaf6a?s=96&d=mm&r=g\",\"caption\":\"Monaco Tribune\"},\"url\":\"https:\\\/\\\/www.monaco-tribune.com\\\/it\\\/author\\\/monaco-tribune\\\/\"}]}<\/script>\n<!-- \/ Yoast SEO Premium plugin. -->","yoast_head_json":{"title":"Bernard Arnault, Lee Jung-jae, Zin\u00e9dine Zidane\u2026 Le star presenti al GP di Monaco","description":"Nel cuore scintillante di Monte-Carlo, sabato 24 maggio 2025 il Grand Prix si \u00e8 trasformato in un affascinante palcoscenico dove la pura velocit\u00e0 ha","robots":{"index":"index","follow":"follow","max-snippet":"max-snippet:-1","max-image-preview":"max-image-preview:large","max-video-preview":"max-video-preview:-1"},"canonical":"https:\/\/www.monaco-tribune.com\/it\/2025\/05\/bernard-arnault-lee-jung-jae-zinedine-zidane-le-star-presenti-al-gp-di-monaco\/","og_locale":"it_IT","og_type":"article","og_title":"Bernard Arnault, Lee Jung-jae, Zin\u00e9dine Zidane\u2026 Le star presenti al GP di Monaco - Monaco Tribune","og_description":"Nel cuore scintillante di Monte-Carlo, sabato 24 maggio 2025 il Grand Prix si \u00e8 trasformato in un affascinante palcoscenico dove la pura velocit\u00e0 ha","og_url":"https:\/\/www.monaco-tribune.com\/it\/2025\/05\/bernard-arnault-lee-jung-jae-zinedine-zidane-le-star-presenti-al-gp-di-monaco\/","og_site_name":"Monaco Tribune","article_publisher":"https:\/\/www.facebook.com\/MonacoTribune","article_published_time":"2025-05-26T14:59:59+00:00","article_modified_time":"2025-05-26T15:00:19+00:00","og_image":[{"width":1200,"height":864,"url":"https:\/\/www.monaco-tribune.com\/wp-content\/uploads\/2025\/05\/prince-albert-ii-monaco-2.jpg","type":"image\/jpeg"}],"author":"Monaco Tribune","twitter_card":"summary_large_image","twitter_creator":"@MonacoTribune","twitter_site":"@MonacoTribune","schema":{"@context":"https:\/\/schema.org","@graph":[{"@type":"NewsArticle","@id":"https:\/\/www.monaco-tribune.com\/it\/2025\/05\/bernard-arnault-lee-jung-jae-zinedine-zidane-le-star-presenti-al-gp-di-monaco\/#article","isPartOf":{"@id":"https:\/\/www.monaco-tribune.com\/it\/2025\/05\/bernard-arnault-lee-jung-jae-zinedine-zidane-le-star-presenti-al-gp-di-monaco\/"},"author":{"name":"Monaco Tribune","@id":"https:\/\/www.monaco-tribune.com\/it\/#\/schema\/person\/8f6ed8c063276e2397589eda5b7a2f2d"},"headline":"Bernard Arnault, Lee Jung-jae, Zin\u00e9dine Zidane\u2026 Le star presenti al GP di Monaco","datePublished":"2025-05-26T14:59:59+00:00","dateModified":"2025-05-26T15:00:19+00:00","mainEntityOfPage":{"@id":"https:\/\/www.monaco-tribune.com\/it\/2025\/05\/bernard-arnault-lee-jung-jae-zinedine-zidane-le-star-presenti-al-gp-di-monaco\/"},"wordCount":537,"publisher":{"@id":"https:\/\/www.monaco-tribune.com\/it\/#organization"},"image":{"@id":"https:\/\/www.monaco-tribune.com\/it\/2025\/05\/bernard-arnault-lee-jung-jae-zinedine-zidane-le-star-presenti-al-gp-di-monaco\/#primaryimage"},"thumbnailUrl":"https:\/\/www.monaco-tribune.com\/wp-content\/uploads\/2025\/05\/prince-albert-ii-monaco-2.jpg","keywords":["Personalit\u00e0"],"articleSection":["La nostra scelta","Notizie","Sport"],"inLanguage":"it-IT","copyrightYear":"2025","copyrightHolder":{"@id":"https:\/\/www.monaco-tribune.com\/#organization"}},{"@type":"WebPage","@id":"https:\/\/www.monaco-tribune.com\/it\/2025\/05\/bernard-arnault-lee-jung-jae-zinedine-zidane-le-star-presenti-al-gp-di-monaco\/","url":"https:\/\/www.monaco-tribune.com\/it\/2025\/05\/bernard-arnault-lee-jung-jae-zinedine-zidane-le-star-presenti-al-gp-di-monaco\/","name":"Bernard Arnault, Lee Jung-jae, Zin\u00e9dine Zidane\u2026 Le star presenti al GP di Monaco","isPartOf":{"@id":"https:\/\/www.monaco-tribune.com\/it\/#website"},"primaryImageOfPage":{"@id":"https:\/\/www.monaco-tribune.com\/it\/2025\/05\/bernard-arnault-lee-jung-jae-zinedine-zidane-le-star-presenti-al-gp-di-monaco\/#primaryimage"},"image":{"@id":"https:\/\/www.monaco-tribune.com\/it\/2025\/05\/bernard-arnault-lee-jung-jae-zinedine-zidane-le-star-presenti-al-gp-di-monaco\/#primaryimage"},"thumbnailUrl":"https:\/\/www.monaco-tribune.com\/wp-content\/uploads\/2025\/05\/prince-albert-ii-monaco-2.jpg","datePublished":"2025-05-26T14:59:59+00:00","dateModified":"2025-05-26T15:00:19+00:00","description":"Nel cuore scintillante di Monte-Carlo, sabato 24 maggio 2025 il Grand Prix si \u00e8 trasformato in un affascinante palcoscenico dove la pura velocit\u00e0 ha","breadcrumb":{"@id":"https:\/\/www.monaco-tribune.com\/it\/2025\/05\/bernard-arnault-lee-jung-jae-zinedine-zidane-le-star-presenti-al-gp-di-monaco\/#breadcrumb"},"inLanguage":"it-IT","potentialAction":[{"@type":"ReadAction","target":["https:\/\/www.monaco-tribune.com\/it\/2025\/05\/bernard-arnault-lee-jung-jae-zinedine-zidane-le-star-presenti-al-gp-di-monaco\/"]}]},{"@type":"ImageObject","inLanguage":"it-IT","@id":"https:\/\/www.monaco-tribune.com\/it\/2025\/05\/bernard-arnault-lee-jung-jae-zinedine-zidane-le-star-presenti-al-gp-di-monaco\/#primaryimage","url":"https:\/\/www.monaco-tribune.com\/wp-content\/uploads\/2025\/05\/prince-albert-ii-monaco-2.jpg","contentUrl":"https:\/\/www.monaco-tribune.com\/wp-content\/uploads\/2025\/05\/prince-albert-ii-monaco-2.jpg","width":1200,"height":864,"caption":"Il Principe Alberto II \u00a9 Monaco Tribune \/ monacophotographerr"},{"@type":"BreadcrumbList","@id":"https:\/\/www.monaco-tribune.com\/it\/2025\/05\/bernard-arnault-lee-jung-jae-zinedine-zidane-le-star-presenti-al-gp-di-monaco\/#breadcrumb","itemListElement":[{"@type":"ListItem","position":1,"name":"Accueil","item":"https:\/\/www.monaco-tribune.com\/it\/"},{"@type":"ListItem","position":2,"name":"Bernard Arnault, Lee Jung-jae, Zin\u00e9dine Zidane\u2026 Le star presenti al GP di Monaco"}]},{"@type":"WebSite","@id":"https:\/\/www.monaco-tribune.com\/it\/#website","url":"https:\/\/www.monaco-tribune.com\/it\/","name":"Monaco Tribune","description":"Monaco : actualit\u00e9s \u00e9conomiques, politiques, culturelles et sportives de Monaco et de la French Riviera.","publisher":{"@id":"https:\/\/www.monaco-tribune.com\/it\/#organization"},"potentialAction":[{"@type":"SearchAction","target":{"@type":"EntryPoint","urlTemplate":"https:\/\/www.monaco-tribune.com\/it\/?s={search_term_string}"},"query-input":{"@type":"PropertyValueSpecification","valueRequired":true,"valueName":"search_term_string"}}],"inLanguage":"it-IT"},{"@type":"Organization","@id":"https:\/\/www.monaco-tribune.com\/it\/#organization","name":"Monaco Tribune","url":"https:\/\/www.monaco-tribune.com\/it\/","logo":{"@type":"ImageObject","inLanguage":"it-IT","@id":"https:\/\/www.monaco-tribune.com\/it\/#\/schema\/logo\/image\/","url":"https:\/\/www.monaco-tribune.com\/wp-content\/uploads\/2022\/11\/logo-monaco-tribune.png","contentUrl":"https:\/\/www.monaco-tribune.com\/wp-content\/uploads\/2022\/11\/logo-monaco-tribune.png","width":1548,"height":600,"caption":"Monaco Tribune"},"image":{"@id":"https:\/\/www.monaco-tribune.com\/it\/#\/schema\/logo\/image\/"},"sameAs":["https:\/\/www.facebook.com\/MonacoTribune","https:\/\/x.com\/MonacoTribune","https:\/\/www.instagram.com\/monacotribune\/","https:\/\/www.linkedin.com\/company\/monaco-tribune","https:\/\/www.youtube.com\/channel\/UCHle1MnG6hw1y4lWKijVbMA"]},{"@type":"Person","@id":"https:\/\/www.monaco-tribune.com\/it\/#\/schema\/person\/8f6ed8c063276e2397589eda5b7a2f2d","name":"Monaco Tribune","image":{"@type":"ImageObject","inLanguage":"it-IT","@id":"https:\/\/secure.gravatar.com\/avatar\/3010e6c5d6c8056ec1c25228fe68ea089879e5ae0de884e0247744ee988aaf6a?s=96&d=mm&r=g","url":"https:\/\/secure.gravatar.com\/avatar\/3010e6c5d6c8056ec1c25228fe68ea089879e5ae0de884e0247744ee988aaf6a?s=96&d=mm&r=g","contentUrl":"https:\/\/secure.gravatar.com\/avatar\/3010e6c5d6c8056ec1c25228fe68ea089879e5ae0de884e0247744ee988aaf6a?s=96&d=mm&r=g","caption":"Monaco Tribune"},"url":"https:\/\/www.monaco-tribune.com\/it\/author\/monaco-tribune\/"}]}},"_links":{"self":[{"href":"https:\/\/www.monaco-tribune.com\/it\/wp-json\/wp\/v2\/posts\/295052","targetHints":{"allow":["GET"]}}],"collection":[{"href":"https:\/\/www.monaco-tribune.com\/it\/wp-json\/wp\/v2\/posts"}],"about":[{"href":"https:\/\/www.monaco-tribune.com\/it\/wp-json\/wp\/v2\/types\/post"}],"author":[{"embeddable":true,"href":"https:\/\/www.monaco-tribune.com\/it\/wp-json\/wp\/v2\/users\/21"}],"replies":[{"embeddable":true,"href":"https:\/\/www.monaco-tribune.com\/it\/wp-json\/wp\/v2\/comments?post=295052"}],"version-history":[{"count":2,"href":"https:\/\/www.monaco-tribune.com\/it\/wp-json\/wp\/v2\/posts\/295052\/revisions"}],"predecessor-version":[{"id":295055,"href":"https:\/\/www.monaco-tribune.com\/it\/wp-json\/wp\/v2\/posts\/295052\/revisions\/295055"}],"wp:featuredmedia":[{"embeddable":true,"href":"https:\/\/www.monaco-tribune.com\/it\/wp-json\/wp\/v2\/media\/294490"}],"wp:attachment":[{"href":"https:\/\/www.monaco-tribune.com\/it\/wp-json\/wp\/v2\/media?parent=295052"}],"wp:term":[{"taxonomy":"category","embeddable":true,"href":"https:\/\/www.monaco-tribune.com\/it\/wp-json\/wp\/v2\/categories?post=295052"},{"taxonomy":"post_tag","embeddable":true,"href":"https:\/\/www.monaco-tribune.com\/it\/wp-json\/wp\/v2\/tags?post=295052"},{"taxonomy":"sectag","embeddable":true,"href":"https:\/\/www.monaco-tribune.com\/it\/wp-json\/wp\/v2\/post_sectags?post=295052"},{"taxonomy":"format","embeddable":true,"href":"https:\/\/www.monaco-tribune.com\/it\/wp-json\/wp\/v2\/post_format?post=295052"}],"curies":[{"name":"wp","href":"https:\/\/api.w.org\/{rel}","templated":true}]}}