{"id":295410,"date":"2025-05-27T12:47:03","date_gmt":"2025-05-27T10:47:03","guid":{"rendered":"https:\/\/www.monaco-tribune.com\/2025\/05\/il-principe-alberto-ii-e-la-principessa-charlene-al-centro-dei-festeggiamenti-del-gran-premio-di-monaco-2025\/"},"modified":"2025-05-27T12:47:37","modified_gmt":"2025-05-27T10:47:37","slug":"il-principe-alberto-ii-e-la-principessa-charlene-al-centro-dei-festeggiamenti-del-gran-premio-di-monaco-2025","status":"publish","type":"post","link":"https:\/\/www.monaco-tribune.com\/it\/2025\/05\/il-principe-alberto-ii-e-la-principessa-charlene-al-centro-dei-festeggiamenti-del-gran-premio-di-monaco-2025\/","title":{"rendered":"Il Principe Alberto II e la Principessa Charl\u00e8ne al centro dei festeggiamenti del Gran Premio di Monaco 2025"},"content":{"rendered":"\n<p><strong>Nel fine settimana, la Coppia Principesca ha preso parte ai momenti salienti dell\u201982\u00aa edizione del Gran Premio di Monaco. Dal fermento dei paddock alla cerimonia del podio, passando per la griglia di partenza, il Sovrano e sua moglie hanno vissuto intensamente uno degli appuntamenti pi\u00f9 attesi dell\u2019anno.<\/strong><\/p>\n\n<p>Il Principe Alberto II e la Principessa Charl\u00e8ne hanno seguito con entusiasmo i momenti clou di questa edizione 2025. Gi\u00e0 da sabato, il Sovrano si \u00e8 immerso nell\u2019universo della Formula 1 assistendo alla terza sessione di prove libere, prima di fare visita ai box per scambiare qualche parola con i team e raggiungere la direzione gara. Il tutto accompagnato da numerose personalit\u00e0 arrivate nel Principato per celebrare questo evento iconico non solo a livello locale, ma anche internazionale.<\/p>\n\n<figure class=\"wp-block-gallery has-nested-images columns-default is-cropped wp-block-gallery-1 is-layout-flex wp-block-gallery-is-layout-flex\"><div class=\"wp-block-image\">\n<figure class=\"aligncenter size-large\"><img loading=\"lazy\" decoding=\"async\" width=\"1024\" height=\"683\" data-id=\"294928\" src=\"https:\/\/www.monaco-tribune.com\/wp-content\/uploads\/2025\/05\/500624201_1238013321024140_3396543113081663945_n-1024x683.jpg\" alt=\"\" class=\"wp-image-294928\" srcset=\"https:\/\/www.monaco-tribune.com\/wp-content\/uploads\/2025\/05\/500624201_1238013321024140_3396543113081663945_n-1024x683.jpg 1024w, https:\/\/www.monaco-tribune.com\/wp-content\/uploads\/2025\/05\/500624201_1238013321024140_3396543113081663945_n-450x300.jpg 450w, https:\/\/www.monaco-tribune.com\/wp-content\/uploads\/2025\/05\/500624201_1238013321024140_3396543113081663945_n.jpg 1200w\" sizes=\"auto, (max-width: 1024px) 100vw, 1024px\" \/><\/figure>\n<\/div>\n\n<div class=\"wp-block-image\">\n<figure class=\"aligncenter size-large\"><img loading=\"lazy\" decoding=\"async\" width=\"1024\" height=\"683\" data-id=\"294856\" src=\"https:\/\/www.monaco-tribune.com\/wp-content\/uploads\/2025\/05\/palais-princier-prince-albert-ii-princesse-charlene.-2-1024x683.jpg\" alt=\"\" class=\"wp-image-294856\" srcset=\"https:\/\/www.monaco-tribune.com\/wp-content\/uploads\/2025\/05\/palais-princier-prince-albert-ii-princesse-charlene.-2-1024x683.jpg 1024w, https:\/\/www.monaco-tribune.com\/wp-content\/uploads\/2025\/05\/palais-princier-prince-albert-ii-princesse-charlene.-2-450x300.jpg 450w, https:\/\/www.monaco-tribune.com\/wp-content\/uploads\/2025\/05\/palais-princier-prince-albert-ii-princesse-charlene.-2.jpg 1200w\" sizes=\"auto, (max-width: 1024px) 100vw, 1024px\" \/><\/figure>\n<\/div>\n\n<div class=\"wp-block-image\">\n<figure class=\"aligncenter size-large\"><img loading=\"lazy\" decoding=\"async\" width=\"1024\" height=\"683\" data-id=\"294857\" src=\"https:\/\/www.monaco-tribune.com\/wp-content\/uploads\/2025\/05\/palais-princier-prince-albert-ii-princesse-charlene.-5-1024x683.jpg\" alt=\"\" class=\"wp-image-294857\" srcset=\"https:\/\/www.monaco-tribune.com\/wp-content\/uploads\/2025\/05\/palais-princier-prince-albert-ii-princesse-charlene.-5-1024x683.jpg 1024w, https:\/\/www.monaco-tribune.com\/wp-content\/uploads\/2025\/05\/palais-princier-prince-albert-ii-princesse-charlene.-5-450x300.jpg 450w, https:\/\/www.monaco-tribune.com\/wp-content\/uploads\/2025\/05\/palais-princier-prince-albert-ii-princesse-charlene.-5.jpg 1200w\" sizes=\"auto, (max-width: 1024px) 100vw, 1024px\" \/><figcaption class=\"wp-element-caption\">\u00a9 Micha\u00ebl Alesi \/ Palazzo del Principe<\/figcaption><\/figure>\n<\/div><\/figure>\n\n<p class=\"related\"><a href=\"https:\/\/www.monaco-tribune.com\/it\/2025\/05\/non-sono-soddisfatto-del-secondo-posto-ma-e-un-risultato-positivo-per-la-squadra-charles-leclerc-secondo-dietro-lando-norris-sul-leggendario-circuito-del-principato\/\">\u201cNon sono soddisfatto del secondo posto, ma \u00e8 un risultato positivo per la squadra\u201d: Charles Leclerc, secondo dietro Lando Norris sul leggendario circuito del Principato<\/a><\/p>\n\n<p>Domenica, giorno della gara, ha coronato un weekend eccezionale con la vittoria di Lando Norris, seguito dal <a href=\"https:\/\/www.monaco-tribune.com\/it\/2025\/05\/non-sono-soddisfatto-del-secondo-posto-ma-e-un-risultato-positivo-per-la-squadra-charles-leclerc-secondo-dietro-lando-norris-sul-leggendario-circuito-del-principato\/\">pilota monegasco Charles Leclerc<\/a>, acclamato dai suoi tifosi, e da Oscar Piastri sul terzo gradino del podio. Il Principe e la Principessa si sono congratulati con tutti e tre i piloti durante la cerimonia di premiazione.<\/p>\n\n<figure class=\"wp-block-gallery has-nested-images columns-default is-cropped wp-block-gallery-2 is-layout-flex wp-block-gallery-is-layout-flex\"><div class=\"wp-block-image\">\n<figure class=\"aligncenter size-large\"><img loading=\"lazy\" decoding=\"async\" width=\"1024\" height=\"682\" data-id=\"294895\" src=\"https:\/\/www.monaco-tribune.com\/wp-content\/uploads\/2025\/05\/direction-de-la-communication-manuel-vitali-edward-wright-8-1-1024x682.jpg\" alt=\"\" class=\"wp-image-294895\" srcset=\"https:\/\/www.monaco-tribune.com\/wp-content\/uploads\/2025\/05\/direction-de-la-communication-manuel-vitali-edward-wright-8-1-1024x682.jpg 1024w, https:\/\/www.monaco-tribune.com\/wp-content\/uploads\/2025\/05\/direction-de-la-communication-manuel-vitali-edward-wright-8-1-451x300.jpg 451w, https:\/\/www.monaco-tribune.com\/wp-content\/uploads\/2025\/05\/direction-de-la-communication-manuel-vitali-edward-wright-8-1.jpg 1200w\" sizes=\"auto, (max-width: 1024px) 100vw, 1024px\" \/><figcaption class=\"wp-element-caption\">La tradizionale cerimonia pre-gara<\/figcaption><\/figure>\n<\/div>\n\n\n<figure class=\"wp-block-image size-large\"><img loading=\"lazy\" decoding=\"async\" width=\"1024\" height=\"683\" data-id=\"294958\" src=\"https:\/\/www.monaco-tribune.com\/wp-content\/uploads\/2025\/05\/499862188_1239129864245819_5785729543761212742_n-1024x683.jpg\" alt=\"\" class=\"wp-image-294958\" srcset=\"https:\/\/www.monaco-tribune.com\/wp-content\/uploads\/2025\/05\/499862188_1239129864245819_5785729543761212742_n-1024x683.jpg 1024w, https:\/\/www.monaco-tribune.com\/wp-content\/uploads\/2025\/05\/499862188_1239129864245819_5785729543761212742_n-450x300.jpg 450w, https:\/\/www.monaco-tribune.com\/wp-content\/uploads\/2025\/05\/499862188_1239129864245819_5785729543761212742_n.jpg 1200w\" sizes=\"auto, (max-width: 1024px) 100vw, 1024px\" \/><\/figure>\n\n\n<div class=\"wp-block-image\">\n<figure class=\"aligncenter size-large\"><img loading=\"lazy\" decoding=\"async\" width=\"1024\" height=\"683\" data-id=\"294983\" src=\"https:\/\/www.monaco-tribune.com\/wp-content\/uploads\/2025\/05\/499863809_1239129754245830_5734563247207522515_n-1024x683.jpg\" alt=\"\" class=\"wp-image-294983\" srcset=\"https:\/\/www.monaco-tribune.com\/wp-content\/uploads\/2025\/05\/499863809_1239129754245830_5734563247207522515_n-1024x683.jpg 1024w, https:\/\/www.monaco-tribune.com\/wp-content\/uploads\/2025\/05\/499863809_1239129754245830_5734563247207522515_n-450x300.jpg 450w, https:\/\/www.monaco-tribune.com\/wp-content\/uploads\/2025\/05\/499863809_1239129754245830_5734563247207522515_n.jpg 1200w\" sizes=\"auto, (max-width: 1024px) 100vw, 1024px\" \/><figcaption class=\"wp-element-caption\">Il Principe Alberto II e il Principe Ereditario Jacques durante il giro d\u2019onore<\/figcaption><\/figure>\n<\/div>\n\n<div class=\"wp-block-image\">\n<figure class=\"aligncenter size-large\"><img loading=\"lazy\" decoding=\"async\" width=\"1024\" height=\"683\" data-id=\"294957\" src=\"https:\/\/www.monaco-tribune.com\/wp-content\/uploads\/2025\/05\/499916062_1239129480912524_8959513463370416939_n-1024x683.jpg\" alt=\"\" class=\"wp-image-294957\" srcset=\"https:\/\/www.monaco-tribune.com\/wp-content\/uploads\/2025\/05\/499916062_1239129480912524_8959513463370416939_n-1024x683.jpg 1024w, https:\/\/www.monaco-tribune.com\/wp-content\/uploads\/2025\/05\/499916062_1239129480912524_8959513463370416939_n-450x300.jpg 450w, https:\/\/www.monaco-tribune.com\/wp-content\/uploads\/2025\/05\/499916062_1239129480912524_8959513463370416939_n.jpg 1200w\" sizes=\"auto, (max-width: 1024px) 100vw, 1024px\" \/><\/figure>\n<\/div>\n\n<div class=\"wp-block-image\">\n<figure class=\"aligncenter size-large\"><img loading=\"lazy\" decoding=\"async\" width=\"1024\" height=\"683\" data-id=\"294984\" src=\"https:\/\/www.monaco-tribune.com\/wp-content\/uploads\/2025\/05\/499904665_1239129514245854_747811237997684162_n-1024x683.jpg\" alt=\"\" class=\"wp-image-294984\" srcset=\"https:\/\/www.monaco-tribune.com\/wp-content\/uploads\/2025\/05\/499904665_1239129514245854_747811237997684162_n-1024x683.jpg 1024w, https:\/\/www.monaco-tribune.com\/wp-content\/uploads\/2025\/05\/499904665_1239129514245854_747811237997684162_n-450x300.jpg 450w, https:\/\/www.monaco-tribune.com\/wp-content\/uploads\/2025\/05\/499904665_1239129514245854_747811237997684162_n.jpg 1200w\" sizes=\"auto, (max-width: 1024px) 100vw, 1024px\" \/><\/figure>\n<\/div>\n\n<div class=\"wp-block-image\">\n<figure class=\"aligncenter size-large\"><img loading=\"lazy\" decoding=\"async\" width=\"683\" height=\"1024\" data-id=\"294948\" src=\"https:\/\/www.monaco-tribune.com\/wp-content\/uploads\/2025\/05\/499860081_1239130300912442_6669211694227990756_n-1-683x1024.jpg\" alt=\"\" class=\"wp-image-294948\" srcset=\"https:\/\/www.monaco-tribune.com\/wp-content\/uploads\/2025\/05\/499860081_1239130300912442_6669211694227990756_n-1-683x1024.jpg 683w, https:\/\/www.monaco-tribune.com\/wp-content\/uploads\/2025\/05\/499860081_1239130300912442_6669211694227990756_n-1-200x300.jpg 200w, https:\/\/www.monaco-tribune.com\/wp-content\/uploads\/2025\/05\/499860081_1239130300912442_6669211694227990756_n-1.jpg 1365w\" sizes=\"auto, (max-width: 683px) 100vw, 683px\" \/><figcaption class=\"wp-element-caption\">Il Principe e la Principessa durante la premiazione sul podio<\/figcaption><\/figure>\n<\/div>\n\n<div class=\"wp-block-image\">\n<figure class=\"aligncenter size-large\"><img loading=\"lazy\" decoding=\"async\" width=\"1024\" height=\"683\" data-id=\"294979\" src=\"https:\/\/www.monaco-tribune.com\/wp-content\/uploads\/2025\/05\/500068224_1239129614245844_8230099312450620724_n-1024x683.jpg\" alt=\"\" class=\"wp-image-294979\" srcset=\"https:\/\/www.monaco-tribune.com\/wp-content\/uploads\/2025\/05\/500068224_1239129614245844_8230099312450620724_n-1024x683.jpg 1024w, https:\/\/www.monaco-tribune.com\/wp-content\/uploads\/2025\/05\/500068224_1239129614245844_8230099312450620724_n-450x300.jpg 450w, https:\/\/www.monaco-tribune.com\/wp-content\/uploads\/2025\/05\/500068224_1239129614245844_8230099312450620724_n.jpg 1200w\" sizes=\"auto, (max-width: 1024px) 100vw, 1024px\" \/><\/figure>\n<\/div>\n\n<div class=\"wp-block-image\">\n<figure class=\"aligncenter size-large\"><img loading=\"lazy\" decoding=\"async\" width=\"1024\" height=\"683\" data-id=\"294869\" src=\"https:\/\/www.monaco-tribune.com\/wp-content\/uploads\/2025\/05\/direction-de-la-communication-manuel-vitali-edward-wright-3-1-1024x683.jpg\" alt=\"\" class=\"wp-image-294869\" srcset=\"https:\/\/www.monaco-tribune.com\/wp-content\/uploads\/2025\/05\/direction-de-la-communication-manuel-vitali-edward-wright-3-1-1024x683.jpg 1024w, https:\/\/www.monaco-tribune.com\/wp-content\/uploads\/2025\/05\/direction-de-la-communication-manuel-vitali-edward-wright-3-1-450x300.jpg 450w, https:\/\/www.monaco-tribune.com\/wp-content\/uploads\/2025\/05\/direction-de-la-communication-manuel-vitali-edward-wright-3-1.jpg 1440w\" sizes=\"auto, (max-width: 1024px) 100vw, 1024px\" \/><\/figure>\n<\/div>\n\n<div class=\"wp-block-image\">\n<figure class=\"aligncenter size-large\"><img loading=\"lazy\" decoding=\"async\" width=\"1024\" height=\"683\" data-id=\"294944\" src=\"https:\/\/www.monaco-tribune.com\/wp-content\/uploads\/2025\/05\/499921854_1239129660912506_5651644436907796818_n-1024x683.jpg\" alt=\"\" class=\"wp-image-294944\" srcset=\"https:\/\/www.monaco-tribune.com\/wp-content\/uploads\/2025\/05\/499921854_1239129660912506_5651644436907796818_n-1024x683.jpg 1024w, https:\/\/www.monaco-tribune.com\/wp-content\/uploads\/2025\/05\/499921854_1239129660912506_5651644436907796818_n-450x300.jpg 450w, https:\/\/www.monaco-tribune.com\/wp-content\/uploads\/2025\/05\/499921854_1239129660912506_5651644436907796818_n.jpg 1200w\" sizes=\"auto, (max-width: 1024px) 100vw, 1024px\" \/><\/figure>\n<\/div>\n\n<div class=\"wp-block-image\">\n<figure class=\"aligncenter size-large\"><img loading=\"lazy\" decoding=\"async\" width=\"1024\" height=\"683\" data-id=\"294949\" src=\"https:\/\/www.monaco-tribune.com\/wp-content\/uploads\/2025\/05\/499924725_1239129617579177_6873187542430254192_n-1024x683.jpg\" alt=\"\" class=\"wp-image-294949\" srcset=\"https:\/\/www.monaco-tribune.com\/wp-content\/uploads\/2025\/05\/499924725_1239129617579177_6873187542430254192_n-1024x683.jpg 1024w, https:\/\/www.monaco-tribune.com\/wp-content\/uploads\/2025\/05\/499924725_1239129617579177_6873187542430254192_n-450x300.jpg 450w, https:\/\/www.monaco-tribune.com\/wp-content\/uploads\/2025\/05\/499924725_1239129617579177_6873187542430254192_n.jpg 1200w\" sizes=\"auto, (max-width: 1024px) 100vw, 1024px\" \/><\/figure>\n<\/div>\n\n<div class=\"wp-block-image\">\n<figure class=\"aligncenter size-large\"><img loading=\"lazy\" decoding=\"async\" width=\"1024\" height=\"683\" data-id=\"294884\" src=\"https:\/\/www.monaco-tribune.com\/wp-content\/uploads\/2025\/05\/direction-de-la-communication-manuel-vitali-edward-wright-6-1-1024x683.jpg\" alt=\"\" class=\"wp-image-294884\" srcset=\"https:\/\/www.monaco-tribune.com\/wp-content\/uploads\/2025\/05\/direction-de-la-communication-manuel-vitali-edward-wright-6-1-1024x683.jpg 1024w, https:\/\/www.monaco-tribune.com\/wp-content\/uploads\/2025\/05\/direction-de-la-communication-manuel-vitali-edward-wright-6-1-450x300.jpg 450w, https:\/\/www.monaco-tribune.com\/wp-content\/uploads\/2025\/05\/direction-de-la-communication-manuel-vitali-edward-wright-6-1.jpg 1440w\" sizes=\"auto, (max-width: 1024px) 100vw, 1024px\" \/><\/figure>\n<\/div>\n\n<div class=\"wp-block-image\">\n<figure class=\"aligncenter size-large\"><img loading=\"lazy\" decoding=\"async\" width=\"1024\" height=\"683\" data-id=\"294873\" src=\"https:\/\/www.monaco-tribune.com\/wp-content\/uploads\/2025\/05\/direction-de-la-communication-manuel-vitali-edward-wright-4-1-1024x683.jpg\" alt=\"\" class=\"wp-image-294873\" srcset=\"https:\/\/www.monaco-tribune.com\/wp-content\/uploads\/2025\/05\/direction-de-la-communication-manuel-vitali-edward-wright-4-1-1024x683.jpg 1024w, https:\/\/www.monaco-tribune.com\/wp-content\/uploads\/2025\/05\/direction-de-la-communication-manuel-vitali-edward-wright-4-1-450x300.jpg 450w, https:\/\/www.monaco-tribune.com\/wp-content\/uploads\/2025\/05\/direction-de-la-communication-manuel-vitali-edward-wright-4-1.jpg 1440w\" sizes=\"auto, (max-width: 1024px) 100vw, 1024px\" \/><\/figure>\n<\/div>\n\n<div class=\"wp-block-image\">\n<figure class=\"aligncenter size-large\"><img loading=\"lazy\" decoding=\"async\" width=\"1024\" height=\"683\" data-id=\"294866\" src=\"https:\/\/www.monaco-tribune.com\/wp-content\/uploads\/2025\/05\/direction-de-la-communication-manuel-vitali-edward-wright-2-1-1024x683.jpg\" alt=\"\" class=\"wp-image-294866\" srcset=\"https:\/\/www.monaco-tribune.com\/wp-content\/uploads\/2025\/05\/direction-de-la-communication-manuel-vitali-edward-wright-2-1-1024x683.jpg 1024w, https:\/\/www.monaco-tribune.com\/wp-content\/uploads\/2025\/05\/direction-de-la-communication-manuel-vitali-edward-wright-2-1-450x300.jpg 450w, https:\/\/www.monaco-tribune.com\/wp-content\/uploads\/2025\/05\/direction-de-la-communication-manuel-vitali-edward-wright-2-1.jpg 1440w\" sizes=\"auto, (max-width: 1024px) 100vw, 1024px\" \/><\/figure>\n<\/div>\n\n<div class=\"wp-block-image\">\n<figure class=\"aligncenter size-large\"><img loading=\"lazy\" decoding=\"async\" width=\"1024\" height=\"683\" data-id=\"294966\" src=\"https:\/\/www.monaco-tribune.com\/wp-content\/uploads\/2025\/05\/499921079_1239130514245754_3289029261775218566_n-1024x683.jpg\" alt=\"\" class=\"wp-image-294966\" srcset=\"https:\/\/www.monaco-tribune.com\/wp-content\/uploads\/2025\/05\/499921079_1239130514245754_3289029261775218566_n-1024x683.jpg 1024w, https:\/\/www.monaco-tribune.com\/wp-content\/uploads\/2025\/05\/499921079_1239130514245754_3289029261775218566_n-450x300.jpg 450w, https:\/\/www.monaco-tribune.com\/wp-content\/uploads\/2025\/05\/499921079_1239130514245754_3289029261775218566_n.jpg 1200w\" sizes=\"auto, (max-width: 1024px) 100vw, 1024px\" \/><\/figure>\n<\/div>\n\n<div class=\"wp-block-image\">\n<figure class=\"aligncenter size-large\"><img loading=\"lazy\" decoding=\"async\" width=\"1000\" height=\"667\" data-id=\"294881\" src=\"https:\/\/www.monaco-tribune.com\/wp-content\/uploads\/2025\/05\/direction-de-la-communication-manuel-vitali-edward-wright-5-1.jpg\" alt=\"\" class=\"wp-image-294881\" srcset=\"https:\/\/www.monaco-tribune.com\/wp-content\/uploads\/2025\/05\/direction-de-la-communication-manuel-vitali-edward-wright-5-1.jpg 1000w, https:\/\/www.monaco-tribune.com\/wp-content\/uploads\/2025\/05\/direction-de-la-communication-manuel-vitali-edward-wright-5-1-450x300.jpg 450w\" sizes=\"auto, (max-width: 1000px) 100vw, 1000px\" \/><figcaption class=\"wp-element-caption\">Crediti foto sopra: Dipartimento di Comunicazione \/ Manuel Vitali \u2013 Edward Wright e Palazzo del Principe \/ Axel Bastello \u2013 Micha\u00ebl Alesi<\/figcaption><\/figure>\n<\/div><\/figure>\n\n<p>Altro momento significativo del weekend \u00e8 stata la visita del Principe e della Principessa alla tribuna dell\u2019Associazione Monegasca dei Disabili Motori, allestita sui bastioni di Monaco-Ville. Questo spazio, pensato appositamente per le persone con mobilit\u00e0 ridotta e con una vista eccezionale sul circuito, ha accolto i Sovrani che hanno distribuito cappellini autografati da Charles Leclerc, incarnando lo spirito di solidariet\u00e0 tanto caro al Principato.<\/p>\n\n<figure class=\"wp-block-gallery has-nested-images columns-default is-cropped wp-block-gallery-3 is-layout-flex wp-block-gallery-is-layout-flex\"><div class=\"wp-block-image\">\n<figure class=\"aligncenter size-large\"><img loading=\"lazy\" decoding=\"async\" width=\"1024\" height=\"683\" data-id=\"294912\" src=\"https:\/\/www.monaco-tribune.com\/wp-content\/uploads\/2025\/05\/palais-princier-prince-albert-ii-princesse-charlene.-4-1-1024x683.jpg\" alt=\"\" class=\"wp-image-294912\" srcset=\"https:\/\/www.monaco-tribune.com\/wp-content\/uploads\/2025\/05\/palais-princier-prince-albert-ii-princesse-charlene.-4-1-1024x683.jpg 1024w, https:\/\/www.monaco-tribune.com\/wp-content\/uploads\/2025\/05\/palais-princier-prince-albert-ii-princesse-charlene.-4-1-450x300.jpg 450w, https:\/\/www.monaco-tribune.com\/wp-content\/uploads\/2025\/05\/palais-princier-prince-albert-ii-princesse-charlene.-4-1.jpg 1200w\" sizes=\"auto, (max-width: 1024px) 100vw, 1024px\" \/><\/figure>\n<\/div>\n\n<div class=\"wp-block-image\">\n<figure class=\"aligncenter size-large\"><img loading=\"lazy\" decoding=\"async\" width=\"1024\" height=\"683\" data-id=\"294908\" src=\"https:\/\/www.monaco-tribune.com\/wp-content\/uploads\/2025\/05\/palais-princier-prince-albert-ii-princesse-charlene-1024x683.jpg\" alt=\"\" class=\"wp-image-294908\" srcset=\"https:\/\/www.monaco-tribune.com\/wp-content\/uploads\/2025\/05\/palais-princier-prince-albert-ii-princesse-charlene-1024x683.jpg 1024w, https:\/\/www.monaco-tribune.com\/wp-content\/uploads\/2025\/05\/palais-princier-prince-albert-ii-princesse-charlene-450x300.jpg 450w, https:\/\/www.monaco-tribune.com\/wp-content\/uploads\/2025\/05\/palais-princier-prince-albert-ii-princesse-charlene.jpg 1200w\" sizes=\"auto, (max-width: 1024px) 100vw, 1024px\" \/><\/figure>\n<\/div>\n\n<div class=\"wp-block-image\">\n<figure class=\"aligncenter size-large\"><img loading=\"lazy\" decoding=\"async\" width=\"1024\" height=\"683\" data-id=\"294903\" src=\"https:\/\/www.monaco-tribune.com\/wp-content\/uploads\/2025\/05\/palais-princier-prince-albert-ii-princesse-charlene.-3-1024x683.jpg\" alt=\"\" class=\"wp-image-294903\" srcset=\"https:\/\/www.monaco-tribune.com\/wp-content\/uploads\/2025\/05\/palais-princier-prince-albert-ii-princesse-charlene.-3-1024x683.jpg 1024w, https:\/\/www.monaco-tribune.com\/wp-content\/uploads\/2025\/05\/palais-princier-prince-albert-ii-princesse-charlene.-3-450x300.jpg 450w, https:\/\/www.monaco-tribune.com\/wp-content\/uploads\/2025\/05\/palais-princier-prince-albert-ii-princesse-charlene.-3.jpg 1200w\" sizes=\"auto, (max-width: 1024px) 100vw, 1024px\" \/><figcaption class=\"wp-element-caption\">\u00a9 Micha\u00ebl Alesi \/ Palazzo del Principe<\/figcaption><\/figure>\n<\/div><\/figure>\n\n<p>Infine, l\u201982\u00aa edizione del Grand Prix si \u00e8 conclusa con l\u2019esclusiva serata di gala nella Salle des \u00c9toiles dello Sporting Monte-Carlo, sempre alla presenza della Coppia Principesca.<\/p>\n\n<figure class=\"wp-block-gallery has-nested-images columns-default is-cropped wp-block-gallery-4 is-layout-flex wp-block-gallery-is-layout-flex\"><div class=\"wp-block-image\">\n<figure class=\"aligncenter size-large\"><img loading=\"lazy\" decoding=\"async\" width=\"1024\" height=\"683\" data-id=\"295003\" src=\"https:\/\/www.monaco-tribune.com\/wp-content\/uploads\/2025\/05\/499860732_1239130480912424_7125781376852411128_n-1-1024x683.jpg\" alt=\"\" class=\"wp-image-295003\" srcset=\"https:\/\/www.monaco-tribune.com\/wp-content\/uploads\/2025\/05\/499860732_1239130480912424_7125781376852411128_n-1-1024x683.jpg 1024w, https:\/\/www.monaco-tribune.com\/wp-content\/uploads\/2025\/05\/499860732_1239130480912424_7125781376852411128_n-1-450x300.jpg 450w, https:\/\/www.monaco-tribune.com\/wp-content\/uploads\/2025\/05\/499860732_1239130480912424_7125781376852411128_n-1.jpg 1200w\" sizes=\"auto, (max-width: 1024px) 100vw, 1024px\" \/><\/figure>\n<\/div>\n\n<div class=\"wp-block-image\">\n<figure class=\"aligncenter size-large\"><img loading=\"lazy\" decoding=\"async\" width=\"1024\" height=\"683\" data-id=\"295002\" src=\"https:\/\/www.monaco-tribune.com\/wp-content\/uploads\/2025\/05\/499863892_1239130577579081_6726199679325011537_n-2-1024x683.jpg\" alt=\"\" class=\"wp-image-295002\" srcset=\"https:\/\/www.monaco-tribune.com\/wp-content\/uploads\/2025\/05\/499863892_1239130577579081_6726199679325011537_n-2-1024x683.jpg 1024w, https:\/\/www.monaco-tribune.com\/wp-content\/uploads\/2025\/05\/499863892_1239130577579081_6726199679325011537_n-2-450x300.jpg 450w, https:\/\/www.monaco-tribune.com\/wp-content\/uploads\/2025\/05\/499863892_1239130577579081_6726199679325011537_n-2.jpg 2048w\" sizes=\"auto, (max-width: 1024px) 100vw, 1024px\" \/><figcaption class=\"wp-element-caption\">\u00a9 Palazzo del Principe \/ Axel Bastello \u2013 Micha\u00ebl Alesi<\/figcaption><\/figure>\n<\/div><\/figure>\n\n<p class=\"related\"><a href=\"https:\/\/www.monaco-tribune.com\/it\/2025\/05\/bernard-arnault-lee-jung-jae-zinedine-zidane-le-star-presenti-al-gp-di-monaco\/\">Bernard Arnault, Lee Jung-jae, Zin\u00e9dine Zidane\u2026 Le star presenti al GP di Monaco<\/a><\/p>\n","protected":false},"excerpt":{"rendered":"<p>Nel fine settimana, la Coppia Principesca ha preso parte ai momenti salienti dell\u201982\u00aa edizione del Gran Premio di Monaco. Dal [&hellip;]<\/p>\n","protected":false},"author":77,"featured_media":295019,"comment_status":"closed","ping_status":"closed","sticky":false,"template":"","format":"standard","meta":{"_acf_changed":false,"footnotes":""},"categories":[1742,1826,1738],"tags":[2890],"post_sectags":[3349,3735,3757,3304],"post_format":[2474],"class_list":["post-295410","post","type-post","status-publish","format-standard","has-post-thumbnail","hentry","category-famiglia-principesca","category-la-nostra-scelta","category-notizie","tag-eventi","sectag-formula-1-it","sectag-gran-premio-di-monaco","sectag-principe-alberto-ii","sectag-principessa-charlene","format-foto"],"acf":[],"yoast_head":"<!-- This site is optimized with the Yoast SEO Premium plugin v26.8 (Yoast SEO v27.4) - https:\/\/yoast.com\/product\/yoast-seo-premium-wordpress\/ -->\n<title>Il Principe Alberto II e la Principessa Charl\u00e8ne al centro dei festeggiamenti del Gran Premio di Monaco 2025<\/title>\n<meta name=\"description\" content=\"Nel fine settimana, la Coppia Principesca ha preso parte ai momenti salienti dell\u201982\u00aa edizione del Gran Premio di Monaco. Dal fermento dei paddock alla\" \/>\n<meta name=\"robots\" content=\"index, follow, max-snippet:-1, max-image-preview:large, max-video-preview:-1\" \/>\n<link rel=\"canonical\" href=\"https:\/\/www.monaco-tribune.com\/it\/2025\/05\/il-principe-alberto-ii-e-la-principessa-charlene-al-centro-dei-festeggiamenti-del-gran-premio-di-monaco-2025\/\" \/>\n<meta property=\"og:locale\" content=\"it_IT\" \/>\n<meta property=\"og:type\" content=\"article\" \/>\n<meta property=\"og:title\" content=\"Il Principe Alberto II e la Principessa Charl\u00e8ne al centro dei festeggiamenti del Gran Premio di Monaco 2025 - Monaco Tribune\" \/>\n<meta property=\"og:description\" content=\"Nel fine settimana, la Coppia Principesca ha preso parte ai momenti salienti dell\u201982\u00aa edizione del Gran Premio di Monaco. Dal fermento dei paddock alla\" \/>\n<meta property=\"og:url\" content=\"https:\/\/www.monaco-tribune.com\/it\/2025\/05\/il-principe-alberto-ii-e-la-principessa-charlene-al-centro-dei-festeggiamenti-del-gran-premio-di-monaco-2025\/\" \/>\n<meta property=\"og:site_name\" content=\"Monaco Tribune\" \/>\n<meta property=\"article:publisher\" content=\"https:\/\/www.facebook.com\/MonacoTribune\" \/>\n<meta property=\"article:published_time\" content=\"2025-05-27T10:47:03+00:00\" \/>\n<meta property=\"article:modified_time\" content=\"2025-05-27T10:47:37+00:00\" \/>\n<meta property=\"og:image\" content=\"https:\/\/www.monaco-tribune.com\/wp-content\/uploads\/2025\/05\/direction-de-la-communication-manuel-vitali-edward-wright-7-2-1.jpg\" \/>\n\t<meta property=\"og:image:width\" content=\"1440\" \/>\n\t<meta property=\"og:image:height\" content=\"864\" \/>\n\t<meta property=\"og:image:type\" content=\"image\/jpeg\" \/>\n<meta name=\"author\" content=\"Ana\u00efs Riu\" \/>\n<meta name=\"twitter:card\" content=\"summary_large_image\" \/>\n<meta name=\"twitter:creator\" content=\"@MonacoTribune\" \/>\n<meta name=\"twitter:site\" content=\"@MonacoTribune\" \/>\n<script type=\"application\/ld+json\" class=\"yoast-schema-graph\">{\"@context\":\"https:\\\/\\\/schema.org\",\"@graph\":[{\"@type\":\"NewsArticle\",\"@id\":\"https:\\\/\\\/www.monaco-tribune.com\\\/it\\\/2025\\\/05\\\/il-principe-alberto-ii-e-la-principessa-charlene-al-centro-dei-festeggiamenti-del-gran-premio-di-monaco-2025\\\/#article\",\"isPartOf\":{\"@id\":\"https:\\\/\\\/www.monaco-tribune.com\\\/it\\\/2025\\\/05\\\/il-principe-alberto-ii-e-la-principessa-charlene-al-centro-dei-festeggiamenti-del-gran-premio-di-monaco-2025\\\/\"},\"author\":{\"name\":\"Ana\u00efs Riu\",\"@id\":\"https:\\\/\\\/www.monaco-tribune.com\\\/it\\\/#\\\/schema\\\/person\\\/6db631c784f2f0eff54c3ca4d1da2d49\"},\"headline\":\"Il Principe Alberto II e la Principessa Charl\u00e8ne al centro dei festeggiamenti del Gran Premio di Monaco 2025\",\"datePublished\":\"2025-05-27T10:47:03+00:00\",\"dateModified\":\"2025-05-27T10:47:37+00:00\",\"mainEntityOfPage\":{\"@id\":\"https:\\\/\\\/www.monaco-tribune.com\\\/it\\\/2025\\\/05\\\/il-principe-alberto-ii-e-la-principessa-charlene-al-centro-dei-festeggiamenti-del-gran-premio-di-monaco-2025\\\/\"},\"wordCount\":392,\"publisher\":{\"@id\":\"https:\\\/\\\/www.monaco-tribune.com\\\/it\\\/#organization\"},\"image\":{\"@id\":\"https:\\\/\\\/www.monaco-tribune.com\\\/it\\\/2025\\\/05\\\/il-principe-alberto-ii-e-la-principessa-charlene-al-centro-dei-festeggiamenti-del-gran-premio-di-monaco-2025\\\/#primaryimage\"},\"thumbnailUrl\":\"https:\\\/\\\/www.monaco-tribune.com\\\/wp-content\\\/uploads\\\/2025\\\/05\\\/direction-de-la-communication-manuel-vitali-edward-wright-7-2-1.jpg\",\"keywords\":[\"Eventi\"],\"articleSection\":[\"Famiglia Principesca\",\"La nostra scelta\",\"Notizie\"],\"inLanguage\":\"it-IT\",\"copyrightYear\":\"2025\",\"copyrightHolder\":{\"@id\":\"https:\\\/\\\/www.monaco-tribune.com\\\/#organization\"}},{\"@type\":\"WebPage\",\"@id\":\"https:\\\/\\\/www.monaco-tribune.com\\\/it\\\/2025\\\/05\\\/il-principe-alberto-ii-e-la-principessa-charlene-al-centro-dei-festeggiamenti-del-gran-premio-di-monaco-2025\\\/\",\"url\":\"https:\\\/\\\/www.monaco-tribune.com\\\/it\\\/2025\\\/05\\\/il-principe-alberto-ii-e-la-principessa-charlene-al-centro-dei-festeggiamenti-del-gran-premio-di-monaco-2025\\\/\",\"name\":\"Il Principe Alberto II e la Principessa Charl\u00e8ne al centro dei festeggiamenti del Gran Premio di Monaco 2025\",\"isPartOf\":{\"@id\":\"https:\\\/\\\/www.monaco-tribune.com\\\/it\\\/#website\"},\"primaryImageOfPage\":{\"@id\":\"https:\\\/\\\/www.monaco-tribune.com\\\/it\\\/2025\\\/05\\\/il-principe-alberto-ii-e-la-principessa-charlene-al-centro-dei-festeggiamenti-del-gran-premio-di-monaco-2025\\\/#primaryimage\"},\"image\":{\"@id\":\"https:\\\/\\\/www.monaco-tribune.com\\\/it\\\/2025\\\/05\\\/il-principe-alberto-ii-e-la-principessa-charlene-al-centro-dei-festeggiamenti-del-gran-premio-di-monaco-2025\\\/#primaryimage\"},\"thumbnailUrl\":\"https:\\\/\\\/www.monaco-tribune.com\\\/wp-content\\\/uploads\\\/2025\\\/05\\\/direction-de-la-communication-manuel-vitali-edward-wright-7-2-1.jpg\",\"datePublished\":\"2025-05-27T10:47:03+00:00\",\"dateModified\":\"2025-05-27T10:47:37+00:00\",\"description\":\"Nel fine settimana, la Coppia Principesca ha preso parte ai momenti salienti dell\u201982\u00aa edizione del Gran Premio di Monaco. Dal fermento dei paddock alla\",\"breadcrumb\":{\"@id\":\"https:\\\/\\\/www.monaco-tribune.com\\\/it\\\/2025\\\/05\\\/il-principe-alberto-ii-e-la-principessa-charlene-al-centro-dei-festeggiamenti-del-gran-premio-di-monaco-2025\\\/#breadcrumb\"},\"inLanguage\":\"it-IT\",\"potentialAction\":[{\"@type\":\"ReadAction\",\"target\":[\"https:\\\/\\\/www.monaco-tribune.com\\\/it\\\/2025\\\/05\\\/il-principe-alberto-ii-e-la-principessa-charlene-al-centro-dei-festeggiamenti-del-gran-premio-di-monaco-2025\\\/\"]}]},{\"@type\":\"ImageObject\",\"inLanguage\":\"it-IT\",\"@id\":\"https:\\\/\\\/www.monaco-tribune.com\\\/it\\\/2025\\\/05\\\/il-principe-alberto-ii-e-la-principessa-charlene-al-centro-dei-festeggiamenti-del-gran-premio-di-monaco-2025\\\/#primaryimage\",\"url\":\"https:\\\/\\\/www.monaco-tribune.com\\\/wp-content\\\/uploads\\\/2025\\\/05\\\/direction-de-la-communication-manuel-vitali-edward-wright-7-2-1.jpg\",\"contentUrl\":\"https:\\\/\\\/www.monaco-tribune.com\\\/wp-content\\\/uploads\\\/2025\\\/05\\\/direction-de-la-communication-manuel-vitali-edward-wright-7-2-1.jpg\",\"width\":1440,\"height\":864,\"caption\":\"La Coppia Principesca durante la tradizionale cerimonia pre-gara \u00a9 Dipartimento di Comunicazione \\\/ Manuel Vitali - Edward Wright\"},{\"@type\":\"BreadcrumbList\",\"@id\":\"https:\\\/\\\/www.monaco-tribune.com\\\/it\\\/2025\\\/05\\\/il-principe-alberto-ii-e-la-principessa-charlene-al-centro-dei-festeggiamenti-del-gran-premio-di-monaco-2025\\\/#breadcrumb\",\"itemListElement\":[{\"@type\":\"ListItem\",\"position\":1,\"name\":\"Accueil\",\"item\":\"https:\\\/\\\/www.monaco-tribune.com\\\/it\\\/\"},{\"@type\":\"ListItem\",\"position\":2,\"name\":\"Il Principe Alberto II e la Principessa Charl\u00e8ne al centro dei festeggiamenti del Gran Premio di Monaco 2025\"}]},{\"@type\":\"WebSite\",\"@id\":\"https:\\\/\\\/www.monaco-tribune.com\\\/it\\\/#website\",\"url\":\"https:\\\/\\\/www.monaco-tribune.com\\\/it\\\/\",\"name\":\"Monaco Tribune\",\"description\":\"Monaco : actualit\u00e9s \u00e9conomiques, politiques, culturelles et sportives de Monaco et de la French Riviera.\",\"publisher\":{\"@id\":\"https:\\\/\\\/www.monaco-tribune.com\\\/it\\\/#organization\"},\"potentialAction\":[{\"@type\":\"SearchAction\",\"target\":{\"@type\":\"EntryPoint\",\"urlTemplate\":\"https:\\\/\\\/www.monaco-tribune.com\\\/it\\\/?s={search_term_string}\"},\"query-input\":{\"@type\":\"PropertyValueSpecification\",\"valueRequired\":true,\"valueName\":\"search_term_string\"}}],\"inLanguage\":\"it-IT\"},{\"@type\":\"Organization\",\"@id\":\"https:\\\/\\\/www.monaco-tribune.com\\\/it\\\/#organization\",\"name\":\"Monaco Tribune\",\"url\":\"https:\\\/\\\/www.monaco-tribune.com\\\/it\\\/\",\"logo\":{\"@type\":\"ImageObject\",\"inLanguage\":\"it-IT\",\"@id\":\"https:\\\/\\\/www.monaco-tribune.com\\\/it\\\/#\\\/schema\\\/logo\\\/image\\\/\",\"url\":\"https:\\\/\\\/www.monaco-tribune.com\\\/wp-content\\\/uploads\\\/2022\\\/11\\\/logo-monaco-tribune.png\",\"contentUrl\":\"https:\\\/\\\/www.monaco-tribune.com\\\/wp-content\\\/uploads\\\/2022\\\/11\\\/logo-monaco-tribune.png\",\"width\":1548,\"height\":600,\"caption\":\"Monaco Tribune\"},\"image\":{\"@id\":\"https:\\\/\\\/www.monaco-tribune.com\\\/it\\\/#\\\/schema\\\/logo\\\/image\\\/\"},\"sameAs\":[\"https:\\\/\\\/www.facebook.com\\\/MonacoTribune\",\"https:\\\/\\\/x.com\\\/MonacoTribune\",\"https:\\\/\\\/www.instagram.com\\\/monacotribune\\\/\",\"https:\\\/\\\/www.linkedin.com\\\/company\\\/monaco-tribune\",\"https:\\\/\\\/www.youtube.com\\\/channel\\\/UCHle1MnG6hw1y4lWKijVbMA\"]},{\"@type\":\"Person\",\"@id\":\"https:\\\/\\\/www.monaco-tribune.com\\\/it\\\/#\\\/schema\\\/person\\\/6db631c784f2f0eff54c3ca4d1da2d49\",\"name\":\"Ana\u00efs Riu\",\"image\":{\"@type\":\"ImageObject\",\"inLanguage\":\"it-IT\",\"@id\":\"https:\\\/\\\/secure.gravatar.com\\\/avatar\\\/9137eff67ff750f1997c171f45e5829ca4c8fa34729a8f8cd9dc85be7e50df7f?s=96&d=mm&r=g\",\"url\":\"https:\\\/\\\/secure.gravatar.com\\\/avatar\\\/9137eff67ff750f1997c171f45e5829ca4c8fa34729a8f8cd9dc85be7e50df7f?s=96&d=mm&r=g\",\"contentUrl\":\"https:\\\/\\\/secure.gravatar.com\\\/avatar\\\/9137eff67ff750f1997c171f45e5829ca4c8fa34729a8f8cd9dc85be7e50df7f?s=96&d=mm&r=g\",\"caption\":\"Ana\u00efs Riu\"},\"url\":\"https:\\\/\\\/www.monaco-tribune.com\\\/it\\\/author\\\/anaisriu\\\/\"}]}<\/script>\n<!-- \/ Yoast SEO Premium plugin. -->","yoast_head_json":{"title":"Il Principe Alberto II e la Principessa Charl\u00e8ne al centro dei festeggiamenti del Gran Premio di Monaco 2025","description":"Nel fine settimana, la Coppia Principesca ha preso parte ai momenti salienti dell\u201982\u00aa edizione del Gran Premio di Monaco. Dal fermento dei paddock alla","robots":{"index":"index","follow":"follow","max-snippet":"max-snippet:-1","max-image-preview":"max-image-preview:large","max-video-preview":"max-video-preview:-1"},"canonical":"https:\/\/www.monaco-tribune.com\/it\/2025\/05\/il-principe-alberto-ii-e-la-principessa-charlene-al-centro-dei-festeggiamenti-del-gran-premio-di-monaco-2025\/","og_locale":"it_IT","og_type":"article","og_title":"Il Principe Alberto II e la Principessa Charl\u00e8ne al centro dei festeggiamenti del Gran Premio di Monaco 2025 - Monaco Tribune","og_description":"Nel fine settimana, la Coppia Principesca ha preso parte ai momenti salienti dell\u201982\u00aa edizione del Gran Premio di Monaco. Dal fermento dei paddock alla","og_url":"https:\/\/www.monaco-tribune.com\/it\/2025\/05\/il-principe-alberto-ii-e-la-principessa-charlene-al-centro-dei-festeggiamenti-del-gran-premio-di-monaco-2025\/","og_site_name":"Monaco Tribune","article_publisher":"https:\/\/www.facebook.com\/MonacoTribune","article_published_time":"2025-05-27T10:47:03+00:00","article_modified_time":"2025-05-27T10:47:37+00:00","og_image":[{"width":1440,"height":864,"url":"https:\/\/www.monaco-tribune.com\/wp-content\/uploads\/2025\/05\/direction-de-la-communication-manuel-vitali-edward-wright-7-2-1.jpg","type":"image\/jpeg"}],"author":"Ana\u00efs Riu","twitter_card":"summary_large_image","twitter_creator":"@MonacoTribune","twitter_site":"@MonacoTribune","schema":{"@context":"https:\/\/schema.org","@graph":[{"@type":"NewsArticle","@id":"https:\/\/www.monaco-tribune.com\/it\/2025\/05\/il-principe-alberto-ii-e-la-principessa-charlene-al-centro-dei-festeggiamenti-del-gran-premio-di-monaco-2025\/#article","isPartOf":{"@id":"https:\/\/www.monaco-tribune.com\/it\/2025\/05\/il-principe-alberto-ii-e-la-principessa-charlene-al-centro-dei-festeggiamenti-del-gran-premio-di-monaco-2025\/"},"author":{"name":"Ana\u00efs Riu","@id":"https:\/\/www.monaco-tribune.com\/it\/#\/schema\/person\/6db631c784f2f0eff54c3ca4d1da2d49"},"headline":"Il Principe Alberto II e la Principessa Charl\u00e8ne al centro dei festeggiamenti del Gran Premio di Monaco 2025","datePublished":"2025-05-27T10:47:03+00:00","dateModified":"2025-05-27T10:47:37+00:00","mainEntityOfPage":{"@id":"https:\/\/www.monaco-tribune.com\/it\/2025\/05\/il-principe-alberto-ii-e-la-principessa-charlene-al-centro-dei-festeggiamenti-del-gran-premio-di-monaco-2025\/"},"wordCount":392,"publisher":{"@id":"https:\/\/www.monaco-tribune.com\/it\/#organization"},"image":{"@id":"https:\/\/www.monaco-tribune.com\/it\/2025\/05\/il-principe-alberto-ii-e-la-principessa-charlene-al-centro-dei-festeggiamenti-del-gran-premio-di-monaco-2025\/#primaryimage"},"thumbnailUrl":"https:\/\/www.monaco-tribune.com\/wp-content\/uploads\/2025\/05\/direction-de-la-communication-manuel-vitali-edward-wright-7-2-1.jpg","keywords":["Eventi"],"articleSection":["Famiglia Principesca","La nostra scelta","Notizie"],"inLanguage":"it-IT","copyrightYear":"2025","copyrightHolder":{"@id":"https:\/\/www.monaco-tribune.com\/#organization"}},{"@type":"WebPage","@id":"https:\/\/www.monaco-tribune.com\/it\/2025\/05\/il-principe-alberto-ii-e-la-principessa-charlene-al-centro-dei-festeggiamenti-del-gran-premio-di-monaco-2025\/","url":"https:\/\/www.monaco-tribune.com\/it\/2025\/05\/il-principe-alberto-ii-e-la-principessa-charlene-al-centro-dei-festeggiamenti-del-gran-premio-di-monaco-2025\/","name":"Il Principe Alberto II e la Principessa Charl\u00e8ne al centro dei festeggiamenti del Gran Premio di Monaco 2025","isPartOf":{"@id":"https:\/\/www.monaco-tribune.com\/it\/#website"},"primaryImageOfPage":{"@id":"https:\/\/www.monaco-tribune.com\/it\/2025\/05\/il-principe-alberto-ii-e-la-principessa-charlene-al-centro-dei-festeggiamenti-del-gran-premio-di-monaco-2025\/#primaryimage"},"image":{"@id":"https:\/\/www.monaco-tribune.com\/it\/2025\/05\/il-principe-alberto-ii-e-la-principessa-charlene-al-centro-dei-festeggiamenti-del-gran-premio-di-monaco-2025\/#primaryimage"},"thumbnailUrl":"https:\/\/www.monaco-tribune.com\/wp-content\/uploads\/2025\/05\/direction-de-la-communication-manuel-vitali-edward-wright-7-2-1.jpg","datePublished":"2025-05-27T10:47:03+00:00","dateModified":"2025-05-27T10:47:37+00:00","description":"Nel fine settimana, la Coppia Principesca ha preso parte ai momenti salienti dell\u201982\u00aa edizione del Gran Premio di Monaco. Dal fermento dei paddock alla","breadcrumb":{"@id":"https:\/\/www.monaco-tribune.com\/it\/2025\/05\/il-principe-alberto-ii-e-la-principessa-charlene-al-centro-dei-festeggiamenti-del-gran-premio-di-monaco-2025\/#breadcrumb"},"inLanguage":"it-IT","potentialAction":[{"@type":"ReadAction","target":["https:\/\/www.monaco-tribune.com\/it\/2025\/05\/il-principe-alberto-ii-e-la-principessa-charlene-al-centro-dei-festeggiamenti-del-gran-premio-di-monaco-2025\/"]}]},{"@type":"ImageObject","inLanguage":"it-IT","@id":"https:\/\/www.monaco-tribune.com\/it\/2025\/05\/il-principe-alberto-ii-e-la-principessa-charlene-al-centro-dei-festeggiamenti-del-gran-premio-di-monaco-2025\/#primaryimage","url":"https:\/\/www.monaco-tribune.com\/wp-content\/uploads\/2025\/05\/direction-de-la-communication-manuel-vitali-edward-wright-7-2-1.jpg","contentUrl":"https:\/\/www.monaco-tribune.com\/wp-content\/uploads\/2025\/05\/direction-de-la-communication-manuel-vitali-edward-wright-7-2-1.jpg","width":1440,"height":864,"caption":"La Coppia Principesca durante la tradizionale cerimonia pre-gara \u00a9 Dipartimento di Comunicazione \/ Manuel Vitali - Edward Wright"},{"@type":"BreadcrumbList","@id":"https:\/\/www.monaco-tribune.com\/it\/2025\/05\/il-principe-alberto-ii-e-la-principessa-charlene-al-centro-dei-festeggiamenti-del-gran-premio-di-monaco-2025\/#breadcrumb","itemListElement":[{"@type":"ListItem","position":1,"name":"Accueil","item":"https:\/\/www.monaco-tribune.com\/it\/"},{"@type":"ListItem","position":2,"name":"Il Principe Alberto II e la Principessa Charl\u00e8ne al centro dei festeggiamenti del Gran Premio di Monaco 2025"}]},{"@type":"WebSite","@id":"https:\/\/www.monaco-tribune.com\/it\/#website","url":"https:\/\/www.monaco-tribune.com\/it\/","name":"Monaco Tribune","description":"Monaco : actualit\u00e9s \u00e9conomiques, politiques, culturelles et sportives de Monaco et de la French Riviera.","publisher":{"@id":"https:\/\/www.monaco-tribune.com\/it\/#organization"},"potentialAction":[{"@type":"SearchAction","target":{"@type":"EntryPoint","urlTemplate":"https:\/\/www.monaco-tribune.com\/it\/?s={search_term_string}"},"query-input":{"@type":"PropertyValueSpecification","valueRequired":true,"valueName":"search_term_string"}}],"inLanguage":"it-IT"},{"@type":"Organization","@id":"https:\/\/www.monaco-tribune.com\/it\/#organization","name":"Monaco Tribune","url":"https:\/\/www.monaco-tribune.com\/it\/","logo":{"@type":"ImageObject","inLanguage":"it-IT","@id":"https:\/\/www.monaco-tribune.com\/it\/#\/schema\/logo\/image\/","url":"https:\/\/www.monaco-tribune.com\/wp-content\/uploads\/2022\/11\/logo-monaco-tribune.png","contentUrl":"https:\/\/www.monaco-tribune.com\/wp-content\/uploads\/2022\/11\/logo-monaco-tribune.png","width":1548,"height":600,"caption":"Monaco Tribune"},"image":{"@id":"https:\/\/www.monaco-tribune.com\/it\/#\/schema\/logo\/image\/"},"sameAs":["https:\/\/www.facebook.com\/MonacoTribune","https:\/\/x.com\/MonacoTribune","https:\/\/www.instagram.com\/monacotribune\/","https:\/\/www.linkedin.com\/company\/monaco-tribune","https:\/\/www.youtube.com\/channel\/UCHle1MnG6hw1y4lWKijVbMA"]},{"@type":"Person","@id":"https:\/\/www.monaco-tribune.com\/it\/#\/schema\/person\/6db631c784f2f0eff54c3ca4d1da2d49","name":"Ana\u00efs Riu","image":{"@type":"ImageObject","inLanguage":"it-IT","@id":"https:\/\/secure.gravatar.com\/avatar\/9137eff67ff750f1997c171f45e5829ca4c8fa34729a8f8cd9dc85be7e50df7f?s=96&d=mm&r=g","url":"https:\/\/secure.gravatar.com\/avatar\/9137eff67ff750f1997c171f45e5829ca4c8fa34729a8f8cd9dc85be7e50df7f?s=96&d=mm&r=g","contentUrl":"https:\/\/secure.gravatar.com\/avatar\/9137eff67ff750f1997c171f45e5829ca4c8fa34729a8f8cd9dc85be7e50df7f?s=96&d=mm&r=g","caption":"Ana\u00efs Riu"},"url":"https:\/\/www.monaco-tribune.com\/it\/author\/anaisriu\/"}]}},"_links":{"self":[{"href":"https:\/\/www.monaco-tribune.com\/it\/wp-json\/wp\/v2\/posts\/295410","targetHints":{"allow":["GET"]}}],"collection":[{"href":"https:\/\/www.monaco-tribune.com\/it\/wp-json\/wp\/v2\/posts"}],"about":[{"href":"https:\/\/www.monaco-tribune.com\/it\/wp-json\/wp\/v2\/types\/post"}],"author":[{"embeddable":true,"href":"https:\/\/www.monaco-tribune.com\/it\/wp-json\/wp\/v2\/users\/77"}],"replies":[{"embeddable":true,"href":"https:\/\/www.monaco-tribune.com\/it\/wp-json\/wp\/v2\/comments?post=295410"}],"version-history":[{"count":2,"href":"https:\/\/www.monaco-tribune.com\/it\/wp-json\/wp\/v2\/posts\/295410\/revisions"}],"predecessor-version":[{"id":295421,"href":"https:\/\/www.monaco-tribune.com\/it\/wp-json\/wp\/v2\/posts\/295410\/revisions\/295421"}],"wp:featuredmedia":[{"embeddable":true,"href":"https:\/\/www.monaco-tribune.com\/it\/wp-json\/wp\/v2\/media\/295019"}],"wp:attachment":[{"href":"https:\/\/www.monaco-tribune.com\/it\/wp-json\/wp\/v2\/media?parent=295410"}],"wp:term":[{"taxonomy":"category","embeddable":true,"href":"https:\/\/www.monaco-tribune.com\/it\/wp-json\/wp\/v2\/categories?post=295410"},{"taxonomy":"post_tag","embeddable":true,"href":"https:\/\/www.monaco-tribune.com\/it\/wp-json\/wp\/v2\/tags?post=295410"},{"taxonomy":"sectag","embeddable":true,"href":"https:\/\/www.monaco-tribune.com\/it\/wp-json\/wp\/v2\/post_sectags?post=295410"},{"taxonomy":"format","embeddable":true,"href":"https:\/\/www.monaco-tribune.com\/it\/wp-json\/wp\/v2\/post_format?post=295410"}],"curies":[{"name":"wp","href":"https:\/\/api.w.org\/{rel}","templated":true}]}}