{"id":302773,"date":"2025-07-01T16:39:06","date_gmt":"2025-07-01T14:39:06","guid":{"rendered":"https:\/\/www.monaco-tribune.com\/2025\/07\/las-monaco-basket-mette-fine-alle-dicerie-mike-james-pienamente-reintegrato\/"},"modified":"2025-07-01T16:39:34","modified_gmt":"2025-07-01T14:39:34","slug":"las-monaco-basket-mette-fine-alle-dicerie-mike-james-pienamente-reintegrato","status":"publish","type":"post","link":"https:\/\/www.monaco-tribune.com\/it\/2025\/07\/las-monaco-basket-mette-fine-alle-dicerie-mike-james-pienamente-reintegrato\/","title":{"rendered":"L\u2019AS Monaco Basket mette fine alle dicerie: Mike James pienamente reintegrato"},"content":{"rendered":"\n<p><strong>Dopo settimane di incertezza e speculazioni, luned\u00ec sera il Roca Team ha ufficializzato il pieno reintegro della sua star americana per la stagione 2025-26.<\/strong><\/p>\n\n<p>Cala finalmente il sipario sul caso Mike James. In un comunicato pubblicato luned\u00ec sera, l\u2019AS Monaco Basket ha messo fine ai rumor che circolavano nel Principato dopo <a href=\"https:\/\/www.monaco-tribune.com\/2025\/06\/ce-que-lon-sait-sur-la-suspension-inattendue-de-mike-james-star-de-las-monaco-basket\/\">la sospensione a sorpresa del suo playmaker lo scorso giugno<\/a>. &#8220;Mike \u00e8 ufficialmente e pienamente reintegrato nel roster del Roca Team\u201d, annuncia senza mezzi termini il club.<\/p>\n\n<p>Tutto \u00e8 cominciato durante le Final Four di Eurolega, quando l\u2019MVP 2024 si \u00e8 \u201clievemente infortunato all\u2019avambraccio\u201d. Ma \u00e8 stato un \u201cincidente fuori dal campo\u201d a determinare l\u2019allontanamento temporaneo del giocatore, costringendo la squadra a fare a meno del suo leader nei playoff del campionato francese e nella <a href=\"https:\/\/www.monaco-tribune.com\/2025\/06\/pas-de-troisieme-titre-consecutif-pour-la-roca-team-battue-en-finale-par-le-paris-basketball\/\">finale tristemente persa contro il Paris Basketball.<\/a><\/p>\n\n<h2 class=\"wp-block-heading\" id=\"h-involontairement-implique\">\u201cCoinvolto involontariamente\u201d<\/h2>\n\n<p>Resta ancora un certo riserbo sulla natura esatta dell\u2019incidente, ma il club fornisce la propria versione. \u201cDopo un\u2019attenta analisi, \u00e8 stato confermato che Mike \u00e8 stato coinvolto involontariamente mentre cercava di proteggere altre persone\u201d, si legge nel comunicato, che smentisce con decisione le voci su una presunta rissa in un locale del Principato.<\/p>\n\n<p>Una situazione \u201cdelicata\u201d che, secondo l\u2019AS Monaco Basket, richiedeva \u201ctempo, attenzione e discrezione\u201d. Il club denuncia anche i danni collaterali legati alla vicenda: \u201cPurtroppo, durante questo periodo, sono circolate speculazioni e voci infondate. Questi pettegolezzi hanno colpito sia Mike sia il club in un momento in cui entrambe le parti erano pienamente impegnate l\u2019una nei confronti dell\u2019altra e lavoravano per risolvere la questione nel modo pi\u00f9 giusto\u201d.<\/p>\n\n<blockquote class=\"wp-embedded-content\" data-secret=\"F2Qw9EsfDW\"><a href=\"https:\/\/www.monaco-tribune.com\/2025\/06\/las-monaco-basket-conclut-sa-saison-aux-cotes-de-ses-supporters\/\">L\u2019AS Monaco Basket conclut sa saison aux c\u00f4t\u00e9s de ses supporters<\/a><\/blockquote><iframe class=\"wp-embedded-content\" sandbox=\"allow-scripts\" security=\"restricted\" style=\"position: absolute; visibility: hidden;\" title=\"&#8220;L\u2019AS Monaco Basket conclut sa saison aux c\u00f4t\u00e9s de ses supporters&#8221; &#8212; Monaco Tribune\" src=\"https:\/\/www.monaco-tribune.com\/2025\/06\/las-monaco-basket-conclut-sa-saison-aux-cotes-de-ses-supporters\/embed\/#?secret=sFtUB0TmwJ#?secret=F2Qw9EsfDW\" data-secret=\"F2Qw9EsfDW\" width=\"500\" height=\"282\" frameborder=\"0\" marginwidth=\"0\" marginheight=\"0\" scrolling=\"no\"><\/iframe>\n\n<h2 class=\"wp-block-heading\" id=\"h-aleksej-fedoricsev-affiche-sa-confiance\">Aleksej Fedoricsev si mostra fiducioso<\/h2>\n\n<p>Il presidente Aleksej Fedoricsev non nasconde il suo rinnovato entusiasmo: \u201cNon vediamo l\u2019ora di riaccogliere Mike a Monaco. \u00c8 in salute, concentrato e pi\u00f9 determinato che mai. La squadra ci \u00e8 andata vicina quest\u2019anno, ma la missione resta la stessa. \u00c8 la fame che ci guida. Lavoreremo ancora pi\u00f9 duramente e saremo ancora pi\u00f9 concentrati sulla vittoria. Porteremo a termine ci\u00f2 che abbiamo iniziato\u201d.<\/p>\n\n<p>Parole che suonano come una promessa per questo Roca Team, che sogna ancora di conquistare un\u2019Eurolega che continua a sfuggirgli. Con James di nuovo in campo e il recente ingaggio di Kevarrius Hayes, l\u2019AS Monaco Basket pu\u00f2 permettersi davvero di sognare in grande per la stagione 2025-26.<\/p>\n","protected":false},"excerpt":{"rendered":"<p>Dopo settimane di incertezza e speculazioni, luned\u00ec sera il Roca Team ha ufficializzato il pieno reintegro della sua star americana [&hellip;]<\/p>\n","protected":false},"author":78,"featured_media":296707,"comment_status":"closed","ping_status":"closed","sticky":false,"template":"","format":"standard","meta":{"_acf_changed":false,"footnotes":""},"categories":[1826,1738,1743],"tags":[3001],"post_sectags":[3787],"post_format":[2478],"class_list":["post-302773","post","type-post","status-publish","format-standard","has-post-thumbnail","hentry","category-la-nostra-scelta","category-notizie","category-sport-it","tag-roca-team-it","sectag-basket-it","format-notizia"],"acf":[],"yoast_head":"<!-- This site is optimized with the Yoast SEO Premium plugin v26.8 (Yoast SEO v27.5) - https:\/\/yoast.com\/product\/yoast-seo-premium-wordpress\/ -->\n<title>L\u2019AS Monaco Basket mette fine alle dicerie: Mike James pienamente reintegrato<\/title>\n<meta name=\"description\" content=\"Dopo settimane di incertezza e speculazioni, luned\u00ec sera il Roca Team ha ufficializzato il pieno reintegro della sua star americana per la stagione\" \/>\n<meta name=\"robots\" content=\"index, follow, max-snippet:-1, max-image-preview:large, max-video-preview:-1\" \/>\n<link rel=\"canonical\" href=\"https:\/\/www.monaco-tribune.com\/it\/2025\/07\/las-monaco-basket-mette-fine-alle-dicerie-mike-james-pienamente-reintegrato\/\" \/>\n<meta property=\"og:locale\" content=\"it_IT\" \/>\n<meta property=\"og:type\" content=\"article\" \/>\n<meta property=\"og:title\" content=\"L\u2019AS Monaco Basket mette fine alle dicerie: Mike James pienamente reintegrato - Monaco Tribune\" \/>\n<meta property=\"og:description\" content=\"Dopo settimane di incertezza e speculazioni, luned\u00ec sera il Roca Team ha ufficializzato il pieno reintegro della sua star americana per la stagione\" \/>\n<meta property=\"og:url\" content=\"https:\/\/www.monaco-tribune.com\/it\/2025\/07\/las-monaco-basket-mette-fine-alle-dicerie-mike-james-pienamente-reintegrato\/\" \/>\n<meta property=\"og:site_name\" content=\"Monaco Tribune\" \/>\n<meta property=\"article:publisher\" content=\"https:\/\/www.facebook.com\/MonacoTribune\" \/>\n<meta property=\"article:published_time\" content=\"2025-07-01T14:39:06+00:00\" \/>\n<meta property=\"article:modified_time\" content=\"2025-07-01T14:39:34+00:00\" \/>\n<meta property=\"og:image\" content=\"https:\/\/www.monaco-tribune.com\/wp-content\/uploads\/2025\/06\/ce-que-lon-sait-sur-la-suspension-inattendue-de-mikes-james-star-de-las-monaco-basket-2.jpg\" \/>\n\t<meta property=\"og:image:width\" content=\"988\" \/>\n\t<meta property=\"og:image:height\" content=\"593\" \/>\n\t<meta property=\"og:image:type\" content=\"image\/jpeg\" \/>\n<meta name=\"author\" content=\"Mark Linden\" \/>\n<meta name=\"twitter:card\" content=\"summary_large_image\" \/>\n<meta name=\"twitter:creator\" content=\"@MonacoTribune\" \/>\n<meta name=\"twitter:site\" content=\"@MonacoTribune\" \/>\n<script type=\"application\/ld+json\" class=\"yoast-schema-graph\">{\"@context\":\"https:\\\/\\\/schema.org\",\"@graph\":[{\"@type\":\"NewsArticle\",\"@id\":\"https:\\\/\\\/www.monaco-tribune.com\\\/it\\\/2025\\\/07\\\/las-monaco-basket-mette-fine-alle-dicerie-mike-james-pienamente-reintegrato\\\/#article\",\"isPartOf\":{\"@id\":\"https:\\\/\\\/www.monaco-tribune.com\\\/it\\\/2025\\\/07\\\/las-monaco-basket-mette-fine-alle-dicerie-mike-james-pienamente-reintegrato\\\/\"},\"author\":{\"name\":\"Mark Linden\",\"@id\":\"https:\\\/\\\/www.monaco-tribune.com\\\/it\\\/#\\\/schema\\\/person\\\/3796f08c04a1ae0bf5db7629e63acc06\"},\"headline\":\"L\u2019AS Monaco Basket mette fine alle dicerie: Mike James pienamente reintegrato\",\"datePublished\":\"2025-07-01T14:39:06+00:00\",\"dateModified\":\"2025-07-01T14:39:34+00:00\",\"mainEntityOfPage\":{\"@id\":\"https:\\\/\\\/www.monaco-tribune.com\\\/it\\\/2025\\\/07\\\/las-monaco-basket-mette-fine-alle-dicerie-mike-james-pienamente-reintegrato\\\/\"},\"wordCount\":391,\"publisher\":{\"@id\":\"https:\\\/\\\/www.monaco-tribune.com\\\/it\\\/#organization\"},\"image\":{\"@id\":\"https:\\\/\\\/www.monaco-tribune.com\\\/it\\\/2025\\\/07\\\/las-monaco-basket-mette-fine-alle-dicerie-mike-james-pienamente-reintegrato\\\/#primaryimage\"},\"thumbnailUrl\":\"https:\\\/\\\/www.monaco-tribune.com\\\/wp-content\\\/uploads\\\/2025\\\/06\\\/ce-que-lon-sait-sur-la-suspension-inattendue-de-mikes-james-star-de-las-monaco-basket-2.jpg\",\"keywords\":[\"Roca Team\"],\"articleSection\":[\"La nostra scelta\",\"Notizie\",\"Sport\"],\"inLanguage\":\"it-IT\",\"copyrightYear\":\"2025\",\"copyrightHolder\":{\"@id\":\"https:\\\/\\\/www.monaco-tribune.com\\\/#organization\"}},{\"@type\":\"WebPage\",\"@id\":\"https:\\\/\\\/www.monaco-tribune.com\\\/it\\\/2025\\\/07\\\/las-monaco-basket-mette-fine-alle-dicerie-mike-james-pienamente-reintegrato\\\/\",\"url\":\"https:\\\/\\\/www.monaco-tribune.com\\\/it\\\/2025\\\/07\\\/las-monaco-basket-mette-fine-alle-dicerie-mike-james-pienamente-reintegrato\\\/\",\"name\":\"L\u2019AS Monaco Basket mette fine alle dicerie: Mike James pienamente reintegrato\",\"isPartOf\":{\"@id\":\"https:\\\/\\\/www.monaco-tribune.com\\\/it\\\/#website\"},\"primaryImageOfPage\":{\"@id\":\"https:\\\/\\\/www.monaco-tribune.com\\\/it\\\/2025\\\/07\\\/las-monaco-basket-mette-fine-alle-dicerie-mike-james-pienamente-reintegrato\\\/#primaryimage\"},\"image\":{\"@id\":\"https:\\\/\\\/www.monaco-tribune.com\\\/it\\\/2025\\\/07\\\/las-monaco-basket-mette-fine-alle-dicerie-mike-james-pienamente-reintegrato\\\/#primaryimage\"},\"thumbnailUrl\":\"https:\\\/\\\/www.monaco-tribune.com\\\/wp-content\\\/uploads\\\/2025\\\/06\\\/ce-que-lon-sait-sur-la-suspension-inattendue-de-mikes-james-star-de-las-monaco-basket-2.jpg\",\"datePublished\":\"2025-07-01T14:39:06+00:00\",\"dateModified\":\"2025-07-01T14:39:34+00:00\",\"description\":\"Dopo settimane di incertezza e speculazioni, luned\u00ec sera il Roca Team ha ufficializzato il pieno reintegro della sua star americana per la stagione\",\"breadcrumb\":{\"@id\":\"https:\\\/\\\/www.monaco-tribune.com\\\/it\\\/2025\\\/07\\\/las-monaco-basket-mette-fine-alle-dicerie-mike-james-pienamente-reintegrato\\\/#breadcrumb\"},\"inLanguage\":\"it-IT\",\"potentialAction\":[{\"@type\":\"ReadAction\",\"target\":[\"https:\\\/\\\/www.monaco-tribune.com\\\/it\\\/2025\\\/07\\\/las-monaco-basket-mette-fine-alle-dicerie-mike-james-pienamente-reintegrato\\\/\"]}]},{\"@type\":\"ImageObject\",\"inLanguage\":\"it-IT\",\"@id\":\"https:\\\/\\\/www.monaco-tribune.com\\\/it\\\/2025\\\/07\\\/las-monaco-basket-mette-fine-alle-dicerie-mike-james-pienamente-reintegrato\\\/#primaryimage\",\"url\":\"https:\\\/\\\/www.monaco-tribune.com\\\/wp-content\\\/uploads\\\/2025\\\/06\\\/ce-que-lon-sait-sur-la-suspension-inattendue-de-mikes-james-star-de-las-monaco-basket-2.jpg\",\"contentUrl\":\"https:\\\/\\\/www.monaco-tribune.com\\\/wp-content\\\/uploads\\\/2025\\\/06\\\/ce-que-lon-sait-sur-la-suspension-inattendue-de-mikes-james-star-de-las-monaco-basket-2.jpg\",\"width\":988,\"height\":593,\"caption\":\"Mike James \u00e8 sotto contratto fino al 2027 \u00a9 AS Monaco Basket\"},{\"@type\":\"BreadcrumbList\",\"@id\":\"https:\\\/\\\/www.monaco-tribune.com\\\/it\\\/2025\\\/07\\\/las-monaco-basket-mette-fine-alle-dicerie-mike-james-pienamente-reintegrato\\\/#breadcrumb\",\"itemListElement\":[{\"@type\":\"ListItem\",\"position\":1,\"name\":\"Accueil\",\"item\":\"https:\\\/\\\/www.monaco-tribune.com\\\/it\\\/\"},{\"@type\":\"ListItem\",\"position\":2,\"name\":\"L\u2019AS Monaco Basket mette fine alle dicerie: Mike James pienamente reintegrato\"}]},{\"@type\":\"WebSite\",\"@id\":\"https:\\\/\\\/www.monaco-tribune.com\\\/it\\\/#website\",\"url\":\"https:\\\/\\\/www.monaco-tribune.com\\\/it\\\/\",\"name\":\"Monaco Tribune\",\"description\":\"Monaco : actualit\u00e9s \u00e9conomiques, politiques, culturelles et sportives de Monaco et de la French Riviera.\",\"publisher\":{\"@id\":\"https:\\\/\\\/www.monaco-tribune.com\\\/it\\\/#organization\"},\"potentialAction\":[{\"@type\":\"SearchAction\",\"target\":{\"@type\":\"EntryPoint\",\"urlTemplate\":\"https:\\\/\\\/www.monaco-tribune.com\\\/it\\\/?s={search_term_string}\"},\"query-input\":{\"@type\":\"PropertyValueSpecification\",\"valueRequired\":true,\"valueName\":\"search_term_string\"}}],\"inLanguage\":\"it-IT\"},{\"@type\":\"Organization\",\"@id\":\"https:\\\/\\\/www.monaco-tribune.com\\\/it\\\/#organization\",\"name\":\"Monaco Tribune\",\"url\":\"https:\\\/\\\/www.monaco-tribune.com\\\/it\\\/\",\"logo\":{\"@type\":\"ImageObject\",\"inLanguage\":\"it-IT\",\"@id\":\"https:\\\/\\\/www.monaco-tribune.com\\\/it\\\/#\\\/schema\\\/logo\\\/image\\\/\",\"url\":\"https:\\\/\\\/www.monaco-tribune.com\\\/wp-content\\\/uploads\\\/2022\\\/11\\\/logo-monaco-tribune.png\",\"contentUrl\":\"https:\\\/\\\/www.monaco-tribune.com\\\/wp-content\\\/uploads\\\/2022\\\/11\\\/logo-monaco-tribune.png\",\"width\":1548,\"height\":600,\"caption\":\"Monaco Tribune\"},\"image\":{\"@id\":\"https:\\\/\\\/www.monaco-tribune.com\\\/it\\\/#\\\/schema\\\/logo\\\/image\\\/\"},\"sameAs\":[\"https:\\\/\\\/www.facebook.com\\\/MonacoTribune\",\"https:\\\/\\\/x.com\\\/MonacoTribune\",\"https:\\\/\\\/www.instagram.com\\\/monacotribune\\\/\",\"https:\\\/\\\/www.linkedin.com\\\/company\\\/monaco-tribune\",\"https:\\\/\\\/www.youtube.com\\\/channel\\\/UCHle1MnG6hw1y4lWKijVbMA\"]},{\"@type\":\"Person\",\"@id\":\"https:\\\/\\\/www.monaco-tribune.com\\\/it\\\/#\\\/schema\\\/person\\\/3796f08c04a1ae0bf5db7629e63acc06\",\"name\":\"Mark Linden\",\"image\":{\"@type\":\"ImageObject\",\"inLanguage\":\"it-IT\",\"@id\":\"https:\\\/\\\/secure.gravatar.com\\\/avatar\\\/d0130c037315ebbab849176573fa4be49bb085b56b56eef40dfdebd8b0dab200?s=96&d=mm&r=g\",\"url\":\"https:\\\/\\\/secure.gravatar.com\\\/avatar\\\/d0130c037315ebbab849176573fa4be49bb085b56b56eef40dfdebd8b0dab200?s=96&d=mm&r=g\",\"contentUrl\":\"https:\\\/\\\/secure.gravatar.com\\\/avatar\\\/d0130c037315ebbab849176573fa4be49bb085b56b56eef40dfdebd8b0dab200?s=96&d=mm&r=g\",\"caption\":\"Mark Linden\"},\"url\":\"https:\\\/\\\/www.monaco-tribune.com\\\/it\\\/author\\\/nielslinden\\\/\"}]}<\/script>\n<!-- \/ Yoast SEO Premium plugin. -->","yoast_head_json":{"title":"L\u2019AS Monaco Basket mette fine alle dicerie: Mike James pienamente reintegrato","description":"Dopo settimane di incertezza e speculazioni, luned\u00ec sera il Roca Team ha ufficializzato il pieno reintegro della sua star americana per la stagione","robots":{"index":"index","follow":"follow","max-snippet":"max-snippet:-1","max-image-preview":"max-image-preview:large","max-video-preview":"max-video-preview:-1"},"canonical":"https:\/\/www.monaco-tribune.com\/it\/2025\/07\/las-monaco-basket-mette-fine-alle-dicerie-mike-james-pienamente-reintegrato\/","og_locale":"it_IT","og_type":"article","og_title":"L\u2019AS Monaco Basket mette fine alle dicerie: Mike James pienamente reintegrato - Monaco Tribune","og_description":"Dopo settimane di incertezza e speculazioni, luned\u00ec sera il Roca Team ha ufficializzato il pieno reintegro della sua star americana per la stagione","og_url":"https:\/\/www.monaco-tribune.com\/it\/2025\/07\/las-monaco-basket-mette-fine-alle-dicerie-mike-james-pienamente-reintegrato\/","og_site_name":"Monaco Tribune","article_publisher":"https:\/\/www.facebook.com\/MonacoTribune","article_published_time":"2025-07-01T14:39:06+00:00","article_modified_time":"2025-07-01T14:39:34+00:00","og_image":[{"width":988,"height":593,"url":"https:\/\/www.monaco-tribune.com\/wp-content\/uploads\/2025\/06\/ce-que-lon-sait-sur-la-suspension-inattendue-de-mikes-james-star-de-las-monaco-basket-2.jpg","type":"image\/jpeg"}],"author":"Mark Linden","twitter_card":"summary_large_image","twitter_creator":"@MonacoTribune","twitter_site":"@MonacoTribune","schema":{"@context":"https:\/\/schema.org","@graph":[{"@type":"NewsArticle","@id":"https:\/\/www.monaco-tribune.com\/it\/2025\/07\/las-monaco-basket-mette-fine-alle-dicerie-mike-james-pienamente-reintegrato\/#article","isPartOf":{"@id":"https:\/\/www.monaco-tribune.com\/it\/2025\/07\/las-monaco-basket-mette-fine-alle-dicerie-mike-james-pienamente-reintegrato\/"},"author":{"name":"Mark Linden","@id":"https:\/\/www.monaco-tribune.com\/it\/#\/schema\/person\/3796f08c04a1ae0bf5db7629e63acc06"},"headline":"L\u2019AS Monaco Basket mette fine alle dicerie: Mike James pienamente reintegrato","datePublished":"2025-07-01T14:39:06+00:00","dateModified":"2025-07-01T14:39:34+00:00","mainEntityOfPage":{"@id":"https:\/\/www.monaco-tribune.com\/it\/2025\/07\/las-monaco-basket-mette-fine-alle-dicerie-mike-james-pienamente-reintegrato\/"},"wordCount":391,"publisher":{"@id":"https:\/\/www.monaco-tribune.com\/it\/#organization"},"image":{"@id":"https:\/\/www.monaco-tribune.com\/it\/2025\/07\/las-monaco-basket-mette-fine-alle-dicerie-mike-james-pienamente-reintegrato\/#primaryimage"},"thumbnailUrl":"https:\/\/www.monaco-tribune.com\/wp-content\/uploads\/2025\/06\/ce-que-lon-sait-sur-la-suspension-inattendue-de-mikes-james-star-de-las-monaco-basket-2.jpg","keywords":["Roca Team"],"articleSection":["La nostra scelta","Notizie","Sport"],"inLanguage":"it-IT","copyrightYear":"2025","copyrightHolder":{"@id":"https:\/\/www.monaco-tribune.com\/#organization"}},{"@type":"WebPage","@id":"https:\/\/www.monaco-tribune.com\/it\/2025\/07\/las-monaco-basket-mette-fine-alle-dicerie-mike-james-pienamente-reintegrato\/","url":"https:\/\/www.monaco-tribune.com\/it\/2025\/07\/las-monaco-basket-mette-fine-alle-dicerie-mike-james-pienamente-reintegrato\/","name":"L\u2019AS Monaco Basket mette fine alle dicerie: Mike James pienamente reintegrato","isPartOf":{"@id":"https:\/\/www.monaco-tribune.com\/it\/#website"},"primaryImageOfPage":{"@id":"https:\/\/www.monaco-tribune.com\/it\/2025\/07\/las-monaco-basket-mette-fine-alle-dicerie-mike-james-pienamente-reintegrato\/#primaryimage"},"image":{"@id":"https:\/\/www.monaco-tribune.com\/it\/2025\/07\/las-monaco-basket-mette-fine-alle-dicerie-mike-james-pienamente-reintegrato\/#primaryimage"},"thumbnailUrl":"https:\/\/www.monaco-tribune.com\/wp-content\/uploads\/2025\/06\/ce-que-lon-sait-sur-la-suspension-inattendue-de-mikes-james-star-de-las-monaco-basket-2.jpg","datePublished":"2025-07-01T14:39:06+00:00","dateModified":"2025-07-01T14:39:34+00:00","description":"Dopo settimane di incertezza e speculazioni, luned\u00ec sera il Roca Team ha ufficializzato il pieno reintegro della sua star americana per la stagione","breadcrumb":{"@id":"https:\/\/www.monaco-tribune.com\/it\/2025\/07\/las-monaco-basket-mette-fine-alle-dicerie-mike-james-pienamente-reintegrato\/#breadcrumb"},"inLanguage":"it-IT","potentialAction":[{"@type":"ReadAction","target":["https:\/\/www.monaco-tribune.com\/it\/2025\/07\/las-monaco-basket-mette-fine-alle-dicerie-mike-james-pienamente-reintegrato\/"]}]},{"@type":"ImageObject","inLanguage":"it-IT","@id":"https:\/\/www.monaco-tribune.com\/it\/2025\/07\/las-monaco-basket-mette-fine-alle-dicerie-mike-james-pienamente-reintegrato\/#primaryimage","url":"https:\/\/www.monaco-tribune.com\/wp-content\/uploads\/2025\/06\/ce-que-lon-sait-sur-la-suspension-inattendue-de-mikes-james-star-de-las-monaco-basket-2.jpg","contentUrl":"https:\/\/www.monaco-tribune.com\/wp-content\/uploads\/2025\/06\/ce-que-lon-sait-sur-la-suspension-inattendue-de-mikes-james-star-de-las-monaco-basket-2.jpg","width":988,"height":593,"caption":"Mike James \u00e8 sotto contratto fino al 2027 \u00a9 AS Monaco Basket"},{"@type":"BreadcrumbList","@id":"https:\/\/www.monaco-tribune.com\/it\/2025\/07\/las-monaco-basket-mette-fine-alle-dicerie-mike-james-pienamente-reintegrato\/#breadcrumb","itemListElement":[{"@type":"ListItem","position":1,"name":"Accueil","item":"https:\/\/www.monaco-tribune.com\/it\/"},{"@type":"ListItem","position":2,"name":"L\u2019AS Monaco Basket mette fine alle dicerie: Mike James pienamente reintegrato"}]},{"@type":"WebSite","@id":"https:\/\/www.monaco-tribune.com\/it\/#website","url":"https:\/\/www.monaco-tribune.com\/it\/","name":"Monaco Tribune","description":"Monaco : actualit\u00e9s \u00e9conomiques, politiques, culturelles et sportives de Monaco et de la French Riviera.","publisher":{"@id":"https:\/\/www.monaco-tribune.com\/it\/#organization"},"potentialAction":[{"@type":"SearchAction","target":{"@type":"EntryPoint","urlTemplate":"https:\/\/www.monaco-tribune.com\/it\/?s={search_term_string}"},"query-input":{"@type":"PropertyValueSpecification","valueRequired":true,"valueName":"search_term_string"}}],"inLanguage":"it-IT"},{"@type":"Organization","@id":"https:\/\/www.monaco-tribune.com\/it\/#organization","name":"Monaco Tribune","url":"https:\/\/www.monaco-tribune.com\/it\/","logo":{"@type":"ImageObject","inLanguage":"it-IT","@id":"https:\/\/www.monaco-tribune.com\/it\/#\/schema\/logo\/image\/","url":"https:\/\/www.monaco-tribune.com\/wp-content\/uploads\/2022\/11\/logo-monaco-tribune.png","contentUrl":"https:\/\/www.monaco-tribune.com\/wp-content\/uploads\/2022\/11\/logo-monaco-tribune.png","width":1548,"height":600,"caption":"Monaco Tribune"},"image":{"@id":"https:\/\/www.monaco-tribune.com\/it\/#\/schema\/logo\/image\/"},"sameAs":["https:\/\/www.facebook.com\/MonacoTribune","https:\/\/x.com\/MonacoTribune","https:\/\/www.instagram.com\/monacotribune\/","https:\/\/www.linkedin.com\/company\/monaco-tribune","https:\/\/www.youtube.com\/channel\/UCHle1MnG6hw1y4lWKijVbMA"]},{"@type":"Person","@id":"https:\/\/www.monaco-tribune.com\/it\/#\/schema\/person\/3796f08c04a1ae0bf5db7629e63acc06","name":"Mark Linden","image":{"@type":"ImageObject","inLanguage":"it-IT","@id":"https:\/\/secure.gravatar.com\/avatar\/d0130c037315ebbab849176573fa4be49bb085b56b56eef40dfdebd8b0dab200?s=96&d=mm&r=g","url":"https:\/\/secure.gravatar.com\/avatar\/d0130c037315ebbab849176573fa4be49bb085b56b56eef40dfdebd8b0dab200?s=96&d=mm&r=g","contentUrl":"https:\/\/secure.gravatar.com\/avatar\/d0130c037315ebbab849176573fa4be49bb085b56b56eef40dfdebd8b0dab200?s=96&d=mm&r=g","caption":"Mark Linden"},"url":"https:\/\/www.monaco-tribune.com\/it\/author\/nielslinden\/"}]}},"_links":{"self":[{"href":"https:\/\/www.monaco-tribune.com\/it\/wp-json\/wp\/v2\/posts\/302773","targetHints":{"allow":["GET"]}}],"collection":[{"href":"https:\/\/www.monaco-tribune.com\/it\/wp-json\/wp\/v2\/posts"}],"about":[{"href":"https:\/\/www.monaco-tribune.com\/it\/wp-json\/wp\/v2\/types\/post"}],"author":[{"embeddable":true,"href":"https:\/\/www.monaco-tribune.com\/it\/wp-json\/wp\/v2\/users\/78"}],"replies":[{"embeddable":true,"href":"https:\/\/www.monaco-tribune.com\/it\/wp-json\/wp\/v2\/comments?post=302773"}],"version-history":[{"count":2,"href":"https:\/\/www.monaco-tribune.com\/it\/wp-json\/wp\/v2\/posts\/302773\/revisions"}],"predecessor-version":[{"id":302778,"href":"https:\/\/www.monaco-tribune.com\/it\/wp-json\/wp\/v2\/posts\/302773\/revisions\/302778"}],"wp:featuredmedia":[{"embeddable":true,"href":"https:\/\/www.monaco-tribune.com\/it\/wp-json\/wp\/v2\/media\/296707"}],"wp:attachment":[{"href":"https:\/\/www.monaco-tribune.com\/it\/wp-json\/wp\/v2\/media?parent=302773"}],"wp:term":[{"taxonomy":"category","embeddable":true,"href":"https:\/\/www.monaco-tribune.com\/it\/wp-json\/wp\/v2\/categories?post=302773"},{"taxonomy":"post_tag","embeddable":true,"href":"https:\/\/www.monaco-tribune.com\/it\/wp-json\/wp\/v2\/tags?post=302773"},{"taxonomy":"sectag","embeddable":true,"href":"https:\/\/www.monaco-tribune.com\/it\/wp-json\/wp\/v2\/post_sectags?post=302773"},{"taxonomy":"format","embeddable":true,"href":"https:\/\/www.monaco-tribune.com\/it\/wp-json\/wp\/v2\/post_format?post=302773"}],"curies":[{"name":"wp","href":"https:\/\/api.w.org\/{rel}","templated":true}]}}