{"id":303584,"date":"2025-07-07T12:50:19","date_gmt":"2025-07-07T10:50:19","guid":{"rendered":"https:\/\/www.monaco-tribune.com\/2025\/07\/lestate-a-monaco-le-grandi-mostre-da-non-perdere\/"},"modified":"2025-07-07T17:11:06","modified_gmt":"2025-07-07T15:11:06","slug":"lestate-a-monaco-le-grandi-mostre-da-non-perdere","status":"publish","type":"post","link":"https:\/\/www.monaco-tribune.com\/it\/2025\/07\/lestate-a-monaco-le-grandi-mostre-da-non-perdere\/","title":{"rendered":"L\u2019estate a Monaco: le grandi mostre da non perdere"},"content":{"rendered":"\n<p><strong>Da luglio a settembre 2025, il Principato ospita diverse esposizioni di rilievo che promettono di conquistare appassionati d\u2019arte, storia e moda.<\/strong><\/p>\n\n\n\n<h2 class=\"wp-block-heading\" id=\"h-couleurs-chefs-d-oeuvre-du-centre-pompidou\"><strong>Couleurs ! Chefs-d\u2019\u0153uvre du Centre Pompidou<\/strong><\/h2>\n\n\n\n<p><em>Il Grimaldi Forum Monaco presenta un viaggio moderno nel mondo del colore, dall\u20198 luglio al 31 agosto 2025.<\/em><\/p>\n\n\n\n<p>Questa esposizione esplora l\u2019evoluzione del colore nell\u2019arte del XX secolo attraverso oltre un centinaio di opere provenienti dalle collezioni del Centre Pompidou. Il progetto, curato da Didier Ottinger, vicedirettore del Mus\u00e9e national d\u2019art moderne, riunisce i dipinti di una trentina di artisti di primo piano. Da Sonia Delaunay a Jean-Michel Basquiat, passando per Pablo Picasso, Amedeo Modigliani, Henri Matisse e Vassily Kandinsky, l\u2019esposizione ripercorre le rivoluzioni cromatiche del secolo scorso.<\/p>\n\n\n<div class=\"wp-block-image\">\n<figure class=\"aligncenter size-large\"><img loading=\"lazy\" decoding=\"async\" width=\"1024\" height=\"683\" src=\"https:\/\/www.monaco-tribune.com\/wp-content\/uploads\/2025\/02\/couleurs_newsletter-1754-1241-1-1024x683.jpg\" alt=\"Exposition couleurs Grimaldi Forum\" class=\"wp-image-275765\" srcset=\"https:\/\/www.monaco-tribune.com\/wp-content\/uploads\/2025\/02\/couleurs_newsletter-1754-1241-1-1024x683.jpg 1024w, https:\/\/www.monaco-tribune.com\/wp-content\/uploads\/2025\/02\/couleurs_newsletter-1754-1241-1-450x300.jpg 450w, https:\/\/www.monaco-tribune.com\/wp-content\/uploads\/2025\/02\/couleurs_newsletter-1754-1241-1.jpg 1200w\" sizes=\"auto, (max-width: 1024px) 100vw, 1024px\" \/><figcaption class=\"wp-element-caption\"> <em>\u00a9 Grimaldi Forum<\/em><\/figcaption><\/figure>\n<\/div>\n\n\n<p>La scenografia firmata William Chatelain struttura il percorso in sette ambienti monocromatici, per un\u2019immersione totale nell\u2019universo di ciascun artista: un approccio innovativo arricchito dalle composizioni sonore del musicista Roque Rivas e dalle suggestioni olfattive create da Alexis Dadier per la maison Fragonard. La designer Marion Mailaender ha inoltre inserito nel percorso pezzi di design firmati Ron Arad, Jean Prouv\u00e9, Ettore Sottsass e Philippe Starck, allestiti in installazioni pensate appositamente per l\u2019evento.<\/p>\n\n\n\n<p>L\u2019esposizione ripercorre le principali rotture artistiche del Novecento attraverso la lente del colore: l\u2019esplosione del fauvismo, le ricerche cubiste, l\u2019astrattismo geometrico e l\u2019arte concettuale. Ogni movimento rivela un approccio cromatico unico, dai colori saturi dell\u2019Espressionismo ai monocromi pi\u00f9 radicali.<\/p>\n\n\n\n<p><strong>INFORMAZIONI PRATICHE<\/strong><\/p>\n\n\n\n<p>Dall\u20198 luglio al 31 agosto 2025 al Grimaldi Forum Monaco. Info e prenotazioni: <a class=\"\" href=\"https:\/\/www.grimaldiforum.com\" target=\"_new\" rel=\"noopener\" data-start=\"1997\" data-end=\"2047\">grimaldiforum.com<\/a>.<\/p>\n\n\n\n<p class=\"related\"><a href=\"https:\/\/www.monaco-tribune.com\/it\/2025\/07\/cosa-fare-a-luglio-a-monaco\/\">Cosa fare a luglio a Monaco?<\/a><\/p>\n\n\n\n<h2 class=\"wp-block-heading\" id=\"h-les-annees-folles-de-coco-chanel-nbsp\">Les Ann\u00e9es folles de Coco Chanel&nbsp;<\/h2>\n\n\n\n<p><em>Il Nouveau Mus\u00e9e National de Monaco esplora l\u2019attivit\u00e0 creativa di Gabrielle Chanel sulla Costa Azzurra, in mostra dal 19 giugno al 5 ottobre 2025 a Villa Paloma.<\/em><\/p>\n\n\n\n<p><a href=\"https:\/\/www.monaco-tribune.com\/it\/2025\/06\/gli-anni-folli-di-coco-chanel-le-creazioni-della-piu-grande-stilista-del-xx-secolo-protagoniste-a-villa-paloma\/\">L\u2019esposizione si concentra sulle creazioni di Chanel negli anni Venti,<\/a> un periodo in cui la stilista rivoluzion\u00f2 la moda femminile nel contesto unico della Riviera francese. A curare il progetto \u00e8 C\u00e9lia Bernasconi, che ha riunito oltre duecento oggetti, tra cui trenta modelli e accessori di Gabrielle Chanel e quaranta opere di artisti moderni dell\u2019epoca.<\/p>\n\n\n<div class=\"wp-block-image\">\n<figure class=\"aligncenter size-large\"><img loading=\"lazy\" decoding=\"async\" width=\"1024\" height=\"683\" src=\"https:\/\/www.monaco-tribune.com\/wp-content\/uploads\/2025\/06\/nmnm_les-annees-folles-de-coco-chanel-003-1024x683.jpg\" alt=\"\" class=\"wp-image-300215\" srcset=\"https:\/\/www.monaco-tribune.com\/wp-content\/uploads\/2025\/06\/nmnm_les-annees-folles-de-coco-chanel-003-1024x683.jpg 1024w, https:\/\/www.monaco-tribune.com\/wp-content\/uploads\/2025\/06\/nmnm_les-annees-folles-de-coco-chanel-003-450x300.jpg 450w, https:\/\/www.monaco-tribune.com\/wp-content\/uploads\/2025\/06\/nmnm_les-annees-folles-de-coco-chanel-003.jpg 1500w\" sizes=\"auto, (max-width: 1024px) 100vw, 1024px\" \/><\/figure>\n<\/div>\n\n\n<p>Il percorso mette in scena il dialogo tra haute couture e avanguardie artistiche: Kees Van Dongen, Pablo Picasso, Marie Laurencin, Natalia Gontcharova, Sonia Delaunay e Jean Cocteau si affiancano alle creazioni tessili di Chanel. La mostra racconta come la stilista si ispirasse alle sperimentazioni artistiche contemporanee per inventare la \u201cnuova donna\u201d. Le fotografie di Man Ray, Dora Kallmus, Edward Steichen e Roger Schall documentano questo fermento creativo.<\/p>\n\n\n\n<p>Tre i temi principali dell\u2019esposizione: la nascita dei passatempi balneari e della vita all\u2019aria aperta, l\u2019influenza dei Balletti russi e delle culture slave, e infine l\u2019invenzione dello <em data-start=\"3263\" data-end=\"3278\">stile Riviera<\/em>. In quest\u2019ultima sezione si analizza come Chanel abbia adattato i propri codici estetici al clima e allo stile di vita mediterranei. L\u2019artista contemporanea Chlo\u00e9 Royer propone parallelamente <em data-start=\"3471\" data-end=\"3498\">Of Limbs and Other Things<\/em>, un corpus di venti opere che esplora la metamorfosi del corpo femminile, creando un ponte tra presente e passato.<\/p>\n\n\n<div class=\"wp-block-image\">\n<figure class=\"aligncenter size-large\"><img loading=\"lazy\" decoding=\"async\" width=\"737\" height=\"1024\" src=\"https:\/\/www.monaco-tribune.com\/wp-content\/uploads\/2025\/06\/nmnm_les-annees-folles-de-coco-chanel-0013-737x1024.jpg\" alt=\"\" class=\"wp-image-300244\" srcset=\"https:\/\/www.monaco-tribune.com\/wp-content\/uploads\/2025\/06\/nmnm_les-annees-folles-de-coco-chanel-0013-737x1024.jpg 737w, https:\/\/www.monaco-tribune.com\/wp-content\/uploads\/2025\/06\/nmnm_les-annees-folles-de-coco-chanel-0013-216x300.jpg 216w, https:\/\/www.monaco-tribune.com\/wp-content\/uploads\/2025\/06\/nmnm_les-annees-folles-de-coco-chanel-0013.jpg 1000w\" sizes=\"auto, (max-width: 737px) 100vw, 737px\" \/><\/figure>\n<\/div>\n\n\n<p><strong>INFORMAZIONI PRATICHE<\/strong><\/p>\n\n\n\n<p>Dal 19 giugno al 5 ottobre 2025, Villa Paloma. Orari: 11:00-19:00 (luglio e agosto). Biglietto: 6 euro \/ gratuito per i minori di 26 anni. Info: +377 98 98 91 26<\/p>\n\n\n\n<h2 class=\"wp-block-heading\" id=\"h-cactus\"><strong>Cactus<\/strong><\/h2>\n\n\n\n<p><em>Dal 6 luglio 2025 all\u201911 gennaio 2026, il Nouveau Mus\u00e9e National de Monaco dedica una mostra alle piante grasse presso Villa Sauber.<\/em><\/p>\n\n\n\n<p>L\u2019esposizione mette in luce il ruolo dei cactus nell\u2019arte dal XX secolo a oggi. Il botanico Marc Jeanson e il curatore Laurent Le Bon hanno ideato il progetto in collaborazione con il museo Yves Saint Laurent di Marrakech. Gli anni tra le due guerre mondiali hanno segnato un momento chiave di questa relazione tra arte e botanica: gli artisti europei scoprono queste piante dalle forme geometriche, che iniziano a comparire anche negli arredi delle case borghesi e nelle opere di fotografi, pittori e designer.<\/p>\n\n\n<div class=\"wp-block-image\">\n<figure class=\"aligncenter size-full\"><img loading=\"lazy\" decoding=\"async\" width=\"658\" height=\"800\" src=\"https:\/\/www.monaco-tribune.com\/wp-content\/uploads\/2025\/06\/d32557a8-a751-4c73-a621-13561f40eeea.jpg\" alt=\"cactus exposition\" class=\"wp-image-301924\" srcset=\"https:\/\/www.monaco-tribune.com\/wp-content\/uploads\/2025\/06\/d32557a8-a751-4c73-a621-13561f40eeea.jpg 658w, https:\/\/www.monaco-tribune.com\/wp-content\/uploads\/2025\/06\/d32557a8-a751-4c73-a621-13561f40eeea-247x300.jpg 247w\" sizes=\"auto, (max-width: 658px) 100vw, 658px\" \/><\/figure>\n<\/div>\n\n\n<p>La mostra presenta opere eterogenee: fotografie di Brassa\u00ef realizzate al Jardin Exotique di Monaco negli anni Trenta, dipinti di Domenico Gnoli, creazioni contemporanee di Wolfgang Tillmans e disegni digitali di David Hockney. Il percorso esplora anche l\u2019uso decorativo del motivo del cactus, dal mobilio Art Nouveau ai design contemporanei. Oltre al valore estetico, l\u2019esposizione interroga anche la simbologia attuale di queste piante, considerate icone dell\u2019aridit\u00e0 e dei cambiamenti climatici. Artisti come Cristina de Middel e Ali Cherri riflettono sul loro legame con i temi delle frontiere e delle migrazioni.<\/p>\n\n\n\n<p>I giardini di Villa Sauber ospitano una collezione di piante grasse viventi, allestita appositamente per l\u2019evento in collaborazione con il Jardin Exotique.<\/p>\n\n\n\n<p><strong>INFORMAZIONI PRATICHE<\/strong><\/p>\n\n\n\n<p>Dal 6 luglio 2025 all\u201911 gennaio 2026, Villa Sauber, 17 avenue Princesse Grace. Orari: 11:00-19:00 (luglio e agosto). Biglietto: 6 euro \/ gratuito per i minori di 26 anni. Info: +377 98 98 91 26<\/p>\n\n\n\n<p class=\"related\"><a href=\"https:\/\/www.monaco-tribune.com\/it\/2025\/07\/il-palazzo-del-principe-svela-il-lato-piu-intimo-di-grace-kelly-con-una-mostra-inedita\/\">Il Palazzo del Principe svela il lato pi\u00f9 intimo di Grace Kelly con una mostra inedita<\/a><\/p>\n\n\n\n<h2 class=\"wp-block-heading\" id=\"h-monaco-et-les-napoleons-destins-croises\">Monaco et les Napol\u00e9ons, destins crois\u00e9s<\/h2>\n\n\n\n<p><em>Dall&#8217;11 luglio al 31 agosto 2025 al Grimaldi Forum.<\/em><\/p>\n\n\n\n<p>Organizzata sotto l\u2019alto patrocinio del Principe Alberto II, questa grande esposizione svela per la prima volta i legami storici tra la dinastia dei Grimaldi e i due imperi napoleonici. Tra oggetti preziosi, archivi rari e reperti mai mostrati al pubblico, la mostra \u2013 di cui Louis Ducruet \u00e8 ambasciatore \u2013 unisce storia, arte e patrimonio culturale, facendo luce su un capitolo poco conosciuto del Principato.<\/p>\n\n\n\n<p>Grazie alla collaborazione con la direzione degli Archivi del Palazzo del Principe, la Fondation Napol\u00e9on e alcuni collezionisti privati, l\u2019esposizione presenta testimonianze inedite sull\u2019influenza dell\u2019epopea napoleonica nella storia politica e culturale di Monaco.<\/p>\n\n\n<div class=\"wp-block-image\">\n<figure class=\"aligncenter size-large\"><img loading=\"lazy\" decoding=\"async\" width=\"1024\" height=\"725\" src=\"https:\/\/www.monaco-tribune.com\/wp-content\/uploads\/2025\/06\/exposition-napolei\u0081on-affiche--1024x725.jpg\" alt=\"\" class=\"wp-image-301916\" srcset=\"https:\/\/www.monaco-tribune.com\/wp-content\/uploads\/2025\/06\/exposition-napolei\u0081on-affiche--1024x725.jpg 1024w, https:\/\/www.monaco-tribune.com\/wp-content\/uploads\/2025\/06\/exposition-napolei\u0081on-affiche--424x300.jpg 424w, https:\/\/www.monaco-tribune.com\/wp-content\/uploads\/2025\/06\/exposition-napolei\u0081on-affiche-.jpg 1183w\" sizes=\"auto, (max-width: 1024px) 100vw, 1024px\" \/><\/figure>\n<\/div>\n\n\n<h2 class=\"wp-block-heading\" id=\"h-art-week-monaco\">Art Week Monaco <\/h2>\n\n\n\n<p><em>La settima edizione della Monaco Art Week si terr\u00e0 dal 7 al 12 luglio 2025.<\/em><\/p>\n\n\n\n<p>Quindici gallerie, case d\u2019asta e appassionati d\u2019arte si uniscono per proporre un percorso artistico che attraversa i quartieri simbolo della citt\u00e0. La Principessa Alexandra di Hannover \u00e8 madrina dell\u2019evento, che celebra la ricchezza delle pratiche artistiche di ieri e di oggi. Il circuito prevede esposizioni, incontri con gli artisti e conferenze su scultura, pittura e alta gioielleria, con opere che spaziano dall\u2019arte antica a quella contemporanea.<\/p>\n\n\n<div class=\"wp-block-image\">\n<figure class=\"aligncenter size-full\"><img loading=\"lazy\" decoding=\"async\" width=\"800\" height=\"800\" src=\"https:\/\/www.monaco-tribune.com\/wp-content\/uploads\/2025\/06\/4616c84c-90e1-4b61-aa72-708d5ca51005.jpg\" alt=\"\" class=\"wp-image-302039\" srcset=\"https:\/\/www.monaco-tribune.com\/wp-content\/uploads\/2025\/06\/4616c84c-90e1-4b61-aa72-708d5ca51005.jpg 800w, https:\/\/www.monaco-tribune.com\/wp-content\/uploads\/2025\/06\/4616c84c-90e1-4b61-aa72-708d5ca51005-300x300.jpg 300w\" sizes=\"auto, (max-width: 800px) 100vw, 800px\" \/><\/figure>\n<\/div>\n\n\n<p>Sono previste anche mostre personali di artisti contemporanei, tra cui spiccano Annie Leibovitz presentata da Hauser &amp; Wirth, Eric Massholder alla Kamil Art Gallery e Suska Bastian presso collect|mc. Le mostre collettive affrontano temi diversi: <em data-start=\"6937\" data-end=\"6962\">The Monaco Masters Show<\/em> con Chagall e L\u00e9ger all&#8217;Opera Gallery, <em data-start=\"7003\" data-end=\"7024\">Looking at Horizons<\/em> sulla pittura di paesaggio contemporanea da Almine Rech, e <em data-start=\"7084\" data-end=\"7097\">Street Mood<\/em> dedicata all\u2019arte urbana da Teos Gallery Monte-Carlo. Anche le principali case d\u2019asta partecipano: Artcurial con la <em data-start=\"7215\" data-end=\"7236\">Monaco Auction Week<\/em>, Christie\u2019s celebra 40 anni nel Principato, e Sotheby\u2019s presenta opere di una collezione privata monegasca.<\/p>\n\n\n<div class=\"wp-block-image\">\n<figure class=\"aligncenter size-full\"><img loading=\"lazy\" decoding=\"async\" width=\"800\" height=\"450\" src=\"https:\/\/www.monaco-tribune.com\/wp-content\/uploads\/2025\/06\/3a1cfbdc-50b5-4938-978f-b47b25c33101.jpg\" alt=\"TEOS GALLERY MONTE-CARLO\" class=\"wp-image-301920\" srcset=\"https:\/\/www.monaco-tribune.com\/wp-content\/uploads\/2025\/06\/3a1cfbdc-50b5-4938-978f-b47b25c33101.jpg 800w, https:\/\/www.monaco-tribune.com\/wp-content\/uploads\/2025\/06\/3a1cfbdc-50b5-4938-978f-b47b25c33101-533x300.jpg 533w\" sizes=\"auto, (max-width: 800px) 100vw, 800px\" \/><\/figure>\n<\/div>\n\n\n<p><strong>INFORMAZIONI PRATICHE<\/strong><\/p>\n\n\n\n<p>Dal 7 al 12 luglio 2025. Vernissage il 7 luglio dalle 17:00 alle 20:00. Percorso nei diversi spazi aderenti. Info: <a class=\"\" href=\"https:\/\/www.monaco-artweek.com\" target=\"_new\" rel=\"noopener\" data-start=\"7501\" data-end=\"7553\">monaco-artweek.com<\/a><\/p>\n\n\n\n<p><\/p>\n","protected":false},"excerpt":{"rendered":"<p>Da luglio a settembre 2025, il Principato ospita diverse esposizioni di rilievo che promettono di conquistare appassionati d\u2019arte, storia e [&hellip;]<\/p>\n","protected":false},"author":80,"featured_media":302064,"comment_status":"closed","ping_status":"closed","sticky":false,"template":"","format":"standard","meta":{"_acf_changed":false,"footnotes":""},"categories":[1740,1826,1738],"tags":[4754],"post_sectags":[5144],"post_format":[2477],"class_list":["post-303584","post","type-post","status-publish","format-standard","has-post-thumbnail","hentry","category-cosa-fare","category-la-nostra-scelta","category-notizie","tag-museo","sectag-mostra","format-info-pratiche"],"acf":[],"yoast_head":"<!-- This site is optimized with the Yoast SEO Premium plugin v26.8 (Yoast SEO v27.4) - https:\/\/yoast.com\/product\/yoast-seo-premium-wordpress\/ -->\n<title>L\u2019estate a Monaco: le grandi mostre da non perdere<\/title>\n<meta name=\"description\" content=\"Da luglio a settembre 2025, il Principato ospita diverse esposizioni di rilievo che promettono di conquistare appassionati d\u2019arte, storia e moda. Couleurs\" \/>\n<meta name=\"robots\" content=\"index, follow, max-snippet:-1, max-image-preview:large, max-video-preview:-1\" \/>\n<link rel=\"canonical\" href=\"https:\/\/www.monaco-tribune.com\/it\/2025\/07\/lestate-a-monaco-le-grandi-mostre-da-non-perdere\/\" \/>\n<meta property=\"og:locale\" content=\"it_IT\" \/>\n<meta property=\"og:type\" content=\"article\" \/>\n<meta property=\"og:title\" content=\"L\u2019estate a Monaco: le grandi mostre da non perdere - Monaco Tribune\" \/>\n<meta property=\"og:description\" content=\"Da luglio a settembre 2025, il Principato ospita diverse esposizioni di rilievo che promettono di conquistare appassionati d\u2019arte, storia e moda. Couleurs\" \/>\n<meta property=\"og:url\" content=\"https:\/\/www.monaco-tribune.com\/it\/2025\/07\/lestate-a-monaco-le-grandi-mostre-da-non-perdere\/\" \/>\n<meta property=\"og:site_name\" content=\"Monaco Tribune\" \/>\n<meta property=\"article:publisher\" content=\"https:\/\/www.facebook.com\/MonacoTribune\" \/>\n<meta property=\"article:published_time\" content=\"2025-07-07T10:50:19+00:00\" \/>\n<meta property=\"article:modified_time\" content=\"2025-07-07T15:11:06+00:00\" \/>\n<meta property=\"og:image\" content=\"https:\/\/www.monaco-tribune.com\/wp-content\/uploads\/2025\/06\/62d04d0a-f8a7-479a-8a1b-1de5939b0a33-1-e1751011844999.jpg\" \/>\n\t<meta property=\"og:image:width\" content=\"800\" \/>\n\t<meta property=\"og:image:height\" content=\"800\" \/>\n\t<meta property=\"og:image:type\" content=\"image\/jpeg\" \/>\n<meta name=\"author\" content=\"Estelle Imbert\" \/>\n<meta name=\"twitter:card\" content=\"summary_large_image\" \/>\n<meta name=\"twitter:creator\" content=\"@MonacoTribune\" \/>\n<meta name=\"twitter:site\" content=\"@MonacoTribune\" \/>\n<script type=\"application\/ld+json\" class=\"yoast-schema-graph\">{\"@context\":\"https:\\\/\\\/schema.org\",\"@graph\":[{\"@type\":\"NewsArticle\",\"@id\":\"https:\\\/\\\/www.monaco-tribune.com\\\/it\\\/2025\\\/07\\\/lestate-a-monaco-le-grandi-mostre-da-non-perdere\\\/#article\",\"isPartOf\":{\"@id\":\"https:\\\/\\\/www.monaco-tribune.com\\\/it\\\/2025\\\/07\\\/lestate-a-monaco-le-grandi-mostre-da-non-perdere\\\/\"},\"author\":{\"name\":\"Estelle Imbert\",\"@id\":\"https:\\\/\\\/www.monaco-tribune.com\\\/it\\\/#\\\/schema\\\/person\\\/55ce91a070ff78e15ec1817376669bf4\"},\"headline\":\"L\u2019estate a Monaco: le grandi mostre da non perdere\",\"datePublished\":\"2025-07-07T10:50:19+00:00\",\"dateModified\":\"2025-07-07T15:11:06+00:00\",\"mainEntityOfPage\":{\"@id\":\"https:\\\/\\\/www.monaco-tribune.com\\\/it\\\/2025\\\/07\\\/lestate-a-monaco-le-grandi-mostre-da-non-perdere\\\/\"},\"wordCount\":1114,\"publisher\":{\"@id\":\"https:\\\/\\\/www.monaco-tribune.com\\\/it\\\/#organization\"},\"image\":{\"@id\":\"https:\\\/\\\/www.monaco-tribune.com\\\/it\\\/2025\\\/07\\\/lestate-a-monaco-le-grandi-mostre-da-non-perdere\\\/#primaryimage\"},\"thumbnailUrl\":\"https:\\\/\\\/www.monaco-tribune.com\\\/wp-content\\\/uploads\\\/2025\\\/06\\\/62d04d0a-f8a7-479a-8a1b-1de5939b0a33-1-e1751011844999.jpg\",\"keywords\":[\"Museo\"],\"articleSection\":[\"Cosa fare\",\"La nostra scelta\",\"Notizie\"],\"inLanguage\":\"it-IT\",\"copyrightYear\":\"2025\",\"copyrightHolder\":{\"@id\":\"https:\\\/\\\/www.monaco-tribune.com\\\/#organization\"}},{\"@type\":\"WebPage\",\"@id\":\"https:\\\/\\\/www.monaco-tribune.com\\\/it\\\/2025\\\/07\\\/lestate-a-monaco-le-grandi-mostre-da-non-perdere\\\/\",\"url\":\"https:\\\/\\\/www.monaco-tribune.com\\\/it\\\/2025\\\/07\\\/lestate-a-monaco-le-grandi-mostre-da-non-perdere\\\/\",\"name\":\"L\u2019estate a Monaco: le grandi mostre da non perdere\",\"isPartOf\":{\"@id\":\"https:\\\/\\\/www.monaco-tribune.com\\\/it\\\/#website\"},\"primaryImageOfPage\":{\"@id\":\"https:\\\/\\\/www.monaco-tribune.com\\\/it\\\/2025\\\/07\\\/lestate-a-monaco-le-grandi-mostre-da-non-perdere\\\/#primaryimage\"},\"image\":{\"@id\":\"https:\\\/\\\/www.monaco-tribune.com\\\/it\\\/2025\\\/07\\\/lestate-a-monaco-le-grandi-mostre-da-non-perdere\\\/#primaryimage\"},\"thumbnailUrl\":\"https:\\\/\\\/www.monaco-tribune.com\\\/wp-content\\\/uploads\\\/2025\\\/06\\\/62d04d0a-f8a7-479a-8a1b-1de5939b0a33-1-e1751011844999.jpg\",\"datePublished\":\"2025-07-07T10:50:19+00:00\",\"dateModified\":\"2025-07-07T15:11:06+00:00\",\"description\":\"Da luglio a settembre 2025, il Principato ospita diverse esposizioni di rilievo che promettono di conquistare appassionati d\u2019arte, storia e moda. Couleurs\",\"breadcrumb\":{\"@id\":\"https:\\\/\\\/www.monaco-tribune.com\\\/it\\\/2025\\\/07\\\/lestate-a-monaco-le-grandi-mostre-da-non-perdere\\\/#breadcrumb\"},\"inLanguage\":\"it-IT\",\"potentialAction\":[{\"@type\":\"ReadAction\",\"target\":[\"https:\\\/\\\/www.monaco-tribune.com\\\/it\\\/2025\\\/07\\\/lestate-a-monaco-le-grandi-mostre-da-non-perdere\\\/\"]}]},{\"@type\":\"ImageObject\",\"inLanguage\":\"it-IT\",\"@id\":\"https:\\\/\\\/www.monaco-tribune.com\\\/it\\\/2025\\\/07\\\/lestate-a-monaco-le-grandi-mostre-da-non-perdere\\\/#primaryimage\",\"url\":\"https:\\\/\\\/www.monaco-tribune.com\\\/wp-content\\\/uploads\\\/2025\\\/06\\\/62d04d0a-f8a7-479a-8a1b-1de5939b0a33-1-e1751011844999.jpg\",\"contentUrl\":\"https:\\\/\\\/www.monaco-tribune.com\\\/wp-content\\\/uploads\\\/2025\\\/06\\\/62d04d0a-f8a7-479a-8a1b-1de5939b0a33-1-e1751011844999.jpg\",\"width\":800,\"height\":800,\"caption\":\"Scoprite le numerose esposizioni che animeranno la stagione estiva nel Principato\"},{\"@type\":\"BreadcrumbList\",\"@id\":\"https:\\\/\\\/www.monaco-tribune.com\\\/it\\\/2025\\\/07\\\/lestate-a-monaco-le-grandi-mostre-da-non-perdere\\\/#breadcrumb\",\"itemListElement\":[{\"@type\":\"ListItem\",\"position\":1,\"name\":\"Accueil\",\"item\":\"https:\\\/\\\/www.monaco-tribune.com\\\/it\\\/\"},{\"@type\":\"ListItem\",\"position\":2,\"name\":\"L\u2019estate a Monaco: le grandi mostre da non perdere\"}]},{\"@type\":\"WebSite\",\"@id\":\"https:\\\/\\\/www.monaco-tribune.com\\\/it\\\/#website\",\"url\":\"https:\\\/\\\/www.monaco-tribune.com\\\/it\\\/\",\"name\":\"Monaco Tribune\",\"description\":\"Monaco : actualit\u00e9s \u00e9conomiques, politiques, culturelles et sportives de Monaco et de la French Riviera.\",\"publisher\":{\"@id\":\"https:\\\/\\\/www.monaco-tribune.com\\\/it\\\/#organization\"},\"potentialAction\":[{\"@type\":\"SearchAction\",\"target\":{\"@type\":\"EntryPoint\",\"urlTemplate\":\"https:\\\/\\\/www.monaco-tribune.com\\\/it\\\/?s={search_term_string}\"},\"query-input\":{\"@type\":\"PropertyValueSpecification\",\"valueRequired\":true,\"valueName\":\"search_term_string\"}}],\"inLanguage\":\"it-IT\"},{\"@type\":\"Organization\",\"@id\":\"https:\\\/\\\/www.monaco-tribune.com\\\/it\\\/#organization\",\"name\":\"Monaco Tribune\",\"url\":\"https:\\\/\\\/www.monaco-tribune.com\\\/it\\\/\",\"logo\":{\"@type\":\"ImageObject\",\"inLanguage\":\"it-IT\",\"@id\":\"https:\\\/\\\/www.monaco-tribune.com\\\/it\\\/#\\\/schema\\\/logo\\\/image\\\/\",\"url\":\"https:\\\/\\\/www.monaco-tribune.com\\\/wp-content\\\/uploads\\\/2022\\\/11\\\/logo-monaco-tribune.png\",\"contentUrl\":\"https:\\\/\\\/www.monaco-tribune.com\\\/wp-content\\\/uploads\\\/2022\\\/11\\\/logo-monaco-tribune.png\",\"width\":1548,\"height\":600,\"caption\":\"Monaco Tribune\"},\"image\":{\"@id\":\"https:\\\/\\\/www.monaco-tribune.com\\\/it\\\/#\\\/schema\\\/logo\\\/image\\\/\"},\"sameAs\":[\"https:\\\/\\\/www.facebook.com\\\/MonacoTribune\",\"https:\\\/\\\/x.com\\\/MonacoTribune\",\"https:\\\/\\\/www.instagram.com\\\/monacotribune\\\/\",\"https:\\\/\\\/www.linkedin.com\\\/company\\\/monaco-tribune\",\"https:\\\/\\\/www.youtube.com\\\/channel\\\/UCHle1MnG6hw1y4lWKijVbMA\"]},{\"@type\":\"Person\",\"@id\":\"https:\\\/\\\/www.monaco-tribune.com\\\/it\\\/#\\\/schema\\\/person\\\/55ce91a070ff78e15ec1817376669bf4\",\"name\":\"Estelle Imbert\",\"image\":{\"@type\":\"ImageObject\",\"inLanguage\":\"it-IT\",\"@id\":\"https:\\\/\\\/secure.gravatar.com\\\/avatar\\\/d2e1a3840b1138a669d04f6292bbd810f7f730844d7a28a8e8c4c6da40e79852?s=96&d=mm&r=g\",\"url\":\"https:\\\/\\\/secure.gravatar.com\\\/avatar\\\/d2e1a3840b1138a669d04f6292bbd810f7f730844d7a28a8e8c4c6da40e79852?s=96&d=mm&r=g\",\"contentUrl\":\"https:\\\/\\\/secure.gravatar.com\\\/avatar\\\/d2e1a3840b1138a669d04f6292bbd810f7f730844d7a28a8e8c4c6da40e79852?s=96&d=mm&r=g\",\"caption\":\"Estelle Imbert\"},\"url\":\"https:\\\/\\\/www.monaco-tribune.com\\\/it\\\/author\\\/estelleimbert\\\/\"}]}<\/script>\n<!-- \/ Yoast SEO Premium plugin. -->","yoast_head_json":{"title":"L\u2019estate a Monaco: le grandi mostre da non perdere","description":"Da luglio a settembre 2025, il Principato ospita diverse esposizioni di rilievo che promettono di conquistare appassionati d\u2019arte, storia e moda. Couleurs","robots":{"index":"index","follow":"follow","max-snippet":"max-snippet:-1","max-image-preview":"max-image-preview:large","max-video-preview":"max-video-preview:-1"},"canonical":"https:\/\/www.monaco-tribune.com\/it\/2025\/07\/lestate-a-monaco-le-grandi-mostre-da-non-perdere\/","og_locale":"it_IT","og_type":"article","og_title":"L\u2019estate a Monaco: le grandi mostre da non perdere - Monaco Tribune","og_description":"Da luglio a settembre 2025, il Principato ospita diverse esposizioni di rilievo che promettono di conquistare appassionati d\u2019arte, storia e moda. Couleurs","og_url":"https:\/\/www.monaco-tribune.com\/it\/2025\/07\/lestate-a-monaco-le-grandi-mostre-da-non-perdere\/","og_site_name":"Monaco Tribune","article_publisher":"https:\/\/www.facebook.com\/MonacoTribune","article_published_time":"2025-07-07T10:50:19+00:00","article_modified_time":"2025-07-07T15:11:06+00:00","og_image":[{"width":800,"height":800,"url":"https:\/\/www.monaco-tribune.com\/wp-content\/uploads\/2025\/06\/62d04d0a-f8a7-479a-8a1b-1de5939b0a33-1-e1751011844999.jpg","type":"image\/jpeg"}],"author":"Estelle Imbert","twitter_card":"summary_large_image","twitter_creator":"@MonacoTribune","twitter_site":"@MonacoTribune","schema":{"@context":"https:\/\/schema.org","@graph":[{"@type":"NewsArticle","@id":"https:\/\/www.monaco-tribune.com\/it\/2025\/07\/lestate-a-monaco-le-grandi-mostre-da-non-perdere\/#article","isPartOf":{"@id":"https:\/\/www.monaco-tribune.com\/it\/2025\/07\/lestate-a-monaco-le-grandi-mostre-da-non-perdere\/"},"author":{"name":"Estelle Imbert","@id":"https:\/\/www.monaco-tribune.com\/it\/#\/schema\/person\/55ce91a070ff78e15ec1817376669bf4"},"headline":"L\u2019estate a Monaco: le grandi mostre da non perdere","datePublished":"2025-07-07T10:50:19+00:00","dateModified":"2025-07-07T15:11:06+00:00","mainEntityOfPage":{"@id":"https:\/\/www.monaco-tribune.com\/it\/2025\/07\/lestate-a-monaco-le-grandi-mostre-da-non-perdere\/"},"wordCount":1114,"publisher":{"@id":"https:\/\/www.monaco-tribune.com\/it\/#organization"},"image":{"@id":"https:\/\/www.monaco-tribune.com\/it\/2025\/07\/lestate-a-monaco-le-grandi-mostre-da-non-perdere\/#primaryimage"},"thumbnailUrl":"https:\/\/www.monaco-tribune.com\/wp-content\/uploads\/2025\/06\/62d04d0a-f8a7-479a-8a1b-1de5939b0a33-1-e1751011844999.jpg","keywords":["Museo"],"articleSection":["Cosa fare","La nostra scelta","Notizie"],"inLanguage":"it-IT","copyrightYear":"2025","copyrightHolder":{"@id":"https:\/\/www.monaco-tribune.com\/#organization"}},{"@type":"WebPage","@id":"https:\/\/www.monaco-tribune.com\/it\/2025\/07\/lestate-a-monaco-le-grandi-mostre-da-non-perdere\/","url":"https:\/\/www.monaco-tribune.com\/it\/2025\/07\/lestate-a-monaco-le-grandi-mostre-da-non-perdere\/","name":"L\u2019estate a Monaco: le grandi mostre da non perdere","isPartOf":{"@id":"https:\/\/www.monaco-tribune.com\/it\/#website"},"primaryImageOfPage":{"@id":"https:\/\/www.monaco-tribune.com\/it\/2025\/07\/lestate-a-monaco-le-grandi-mostre-da-non-perdere\/#primaryimage"},"image":{"@id":"https:\/\/www.monaco-tribune.com\/it\/2025\/07\/lestate-a-monaco-le-grandi-mostre-da-non-perdere\/#primaryimage"},"thumbnailUrl":"https:\/\/www.monaco-tribune.com\/wp-content\/uploads\/2025\/06\/62d04d0a-f8a7-479a-8a1b-1de5939b0a33-1-e1751011844999.jpg","datePublished":"2025-07-07T10:50:19+00:00","dateModified":"2025-07-07T15:11:06+00:00","description":"Da luglio a settembre 2025, il Principato ospita diverse esposizioni di rilievo che promettono di conquistare appassionati d\u2019arte, storia e moda. Couleurs","breadcrumb":{"@id":"https:\/\/www.monaco-tribune.com\/it\/2025\/07\/lestate-a-monaco-le-grandi-mostre-da-non-perdere\/#breadcrumb"},"inLanguage":"it-IT","potentialAction":[{"@type":"ReadAction","target":["https:\/\/www.monaco-tribune.com\/it\/2025\/07\/lestate-a-monaco-le-grandi-mostre-da-non-perdere\/"]}]},{"@type":"ImageObject","inLanguage":"it-IT","@id":"https:\/\/www.monaco-tribune.com\/it\/2025\/07\/lestate-a-monaco-le-grandi-mostre-da-non-perdere\/#primaryimage","url":"https:\/\/www.monaco-tribune.com\/wp-content\/uploads\/2025\/06\/62d04d0a-f8a7-479a-8a1b-1de5939b0a33-1-e1751011844999.jpg","contentUrl":"https:\/\/www.monaco-tribune.com\/wp-content\/uploads\/2025\/06\/62d04d0a-f8a7-479a-8a1b-1de5939b0a33-1-e1751011844999.jpg","width":800,"height":800,"caption":"Scoprite le numerose esposizioni che animeranno la stagione estiva nel Principato"},{"@type":"BreadcrumbList","@id":"https:\/\/www.monaco-tribune.com\/it\/2025\/07\/lestate-a-monaco-le-grandi-mostre-da-non-perdere\/#breadcrumb","itemListElement":[{"@type":"ListItem","position":1,"name":"Accueil","item":"https:\/\/www.monaco-tribune.com\/it\/"},{"@type":"ListItem","position":2,"name":"L\u2019estate a Monaco: le grandi mostre da non perdere"}]},{"@type":"WebSite","@id":"https:\/\/www.monaco-tribune.com\/it\/#website","url":"https:\/\/www.monaco-tribune.com\/it\/","name":"Monaco Tribune","description":"Monaco : actualit\u00e9s \u00e9conomiques, politiques, culturelles et sportives de Monaco et de la French Riviera.","publisher":{"@id":"https:\/\/www.monaco-tribune.com\/it\/#organization"},"potentialAction":[{"@type":"SearchAction","target":{"@type":"EntryPoint","urlTemplate":"https:\/\/www.monaco-tribune.com\/it\/?s={search_term_string}"},"query-input":{"@type":"PropertyValueSpecification","valueRequired":true,"valueName":"search_term_string"}}],"inLanguage":"it-IT"},{"@type":"Organization","@id":"https:\/\/www.monaco-tribune.com\/it\/#organization","name":"Monaco Tribune","url":"https:\/\/www.monaco-tribune.com\/it\/","logo":{"@type":"ImageObject","inLanguage":"it-IT","@id":"https:\/\/www.monaco-tribune.com\/it\/#\/schema\/logo\/image\/","url":"https:\/\/www.monaco-tribune.com\/wp-content\/uploads\/2022\/11\/logo-monaco-tribune.png","contentUrl":"https:\/\/www.monaco-tribune.com\/wp-content\/uploads\/2022\/11\/logo-monaco-tribune.png","width":1548,"height":600,"caption":"Monaco Tribune"},"image":{"@id":"https:\/\/www.monaco-tribune.com\/it\/#\/schema\/logo\/image\/"},"sameAs":["https:\/\/www.facebook.com\/MonacoTribune","https:\/\/x.com\/MonacoTribune","https:\/\/www.instagram.com\/monacotribune\/","https:\/\/www.linkedin.com\/company\/monaco-tribune","https:\/\/www.youtube.com\/channel\/UCHle1MnG6hw1y4lWKijVbMA"]},{"@type":"Person","@id":"https:\/\/www.monaco-tribune.com\/it\/#\/schema\/person\/55ce91a070ff78e15ec1817376669bf4","name":"Estelle Imbert","image":{"@type":"ImageObject","inLanguage":"it-IT","@id":"https:\/\/secure.gravatar.com\/avatar\/d2e1a3840b1138a669d04f6292bbd810f7f730844d7a28a8e8c4c6da40e79852?s=96&d=mm&r=g","url":"https:\/\/secure.gravatar.com\/avatar\/d2e1a3840b1138a669d04f6292bbd810f7f730844d7a28a8e8c4c6da40e79852?s=96&d=mm&r=g","contentUrl":"https:\/\/secure.gravatar.com\/avatar\/d2e1a3840b1138a669d04f6292bbd810f7f730844d7a28a8e8c4c6da40e79852?s=96&d=mm&r=g","caption":"Estelle Imbert"},"url":"https:\/\/www.monaco-tribune.com\/it\/author\/estelleimbert\/"}]}},"_links":{"self":[{"href":"https:\/\/www.monaco-tribune.com\/it\/wp-json\/wp\/v2\/posts\/303584","targetHints":{"allow":["GET"]}}],"collection":[{"href":"https:\/\/www.monaco-tribune.com\/it\/wp-json\/wp\/v2\/posts"}],"about":[{"href":"https:\/\/www.monaco-tribune.com\/it\/wp-json\/wp\/v2\/types\/post"}],"author":[{"embeddable":true,"href":"https:\/\/www.monaco-tribune.com\/it\/wp-json\/wp\/v2\/users\/80"}],"replies":[{"embeddable":true,"href":"https:\/\/www.monaco-tribune.com\/it\/wp-json\/wp\/v2\/comments?post=303584"}],"version-history":[{"count":2,"href":"https:\/\/www.monaco-tribune.com\/it\/wp-json\/wp\/v2\/posts\/303584\/revisions"}],"predecessor-version":[{"id":303718,"href":"https:\/\/www.monaco-tribune.com\/it\/wp-json\/wp\/v2\/posts\/303584\/revisions\/303718"}],"wp:featuredmedia":[{"embeddable":true,"href":"https:\/\/www.monaco-tribune.com\/it\/wp-json\/wp\/v2\/media\/302064"}],"wp:attachment":[{"href":"https:\/\/www.monaco-tribune.com\/it\/wp-json\/wp\/v2\/media?parent=303584"}],"wp:term":[{"taxonomy":"category","embeddable":true,"href":"https:\/\/www.monaco-tribune.com\/it\/wp-json\/wp\/v2\/categories?post=303584"},{"taxonomy":"post_tag","embeddable":true,"href":"https:\/\/www.monaco-tribune.com\/it\/wp-json\/wp\/v2\/tags?post=303584"},{"taxonomy":"sectag","embeddable":true,"href":"https:\/\/www.monaco-tribune.com\/it\/wp-json\/wp\/v2\/post_sectags?post=303584"},{"taxonomy":"format","embeddable":true,"href":"https:\/\/www.monaco-tribune.com\/it\/wp-json\/wp\/v2\/post_format?post=303584"}],"curies":[{"name":"wp","href":"https:\/\/api.w.org\/{rel}","templated":true}]}}