{"id":304185,"date":"2025-07-10T11:22:26","date_gmt":"2025-07-10T09:22:26","guid":{"rendered":"https:\/\/www.monaco-tribune.com\/2025\/07\/estate-al-port-hercule-2025-sei-settimane-di-eventi-per-tutta-la-famiglia-sul-quai-albert-1er\/"},"modified":"2025-07-10T11:22:35","modified_gmt":"2025-07-10T09:22:35","slug":"estate-al-port-hercule-2025-sei-settimane-di-eventi-per-tutta-la-famiglia-sul-quai-albert-1er","status":"publish","type":"post","link":"https:\/\/www.monaco-tribune.com\/it\/2025\/07\/estate-al-port-hercule-2025-sei-settimane-di-eventi-per-tutta-la-famiglia-sul-quai-albert-1er\/","title":{"rendered":"Estate al Port Hercule 2025: sei settimane di eventi per tutta la famiglia sul Quai Albert 1er"},"content":{"rendered":"\n<p><strong>Dal 18 luglio al 24 agosto, Monaco trasformer\u00e0 il suo porto in un grande parco divertimenti a cielo aperto, con giostre, attivit\u00e0 sportive e spettacoli pirotecnici.<\/strong><\/p>\n\n<p>Il Quai Albert 1er si prepara ad accogliere la sua tradizionale festa estiva con una serie di attrazioni pensate per coinvolgere tutte le generazioni. Giostre colorate, circuiti di go-kart adatti a grandi e piccoli, campetti di basket improvvisati e tappeti elastici promettono momenti di svago per tutta la famiglia. I pi\u00f9 piccoli potranno cimentarsi con la pesca delle paperelle o navigare su piccole imbarcazioni, mentre gli amanti dei tatuaggi temporanei avranno l&#8217;imbarazzo della scelta nei vari stand.<\/p>\n\n<blockquote class=\"wp-embedded-content\" data-secret=\"Gxjqxc797U\"><a href=\"https:\/\/www.monaco-tribune.com\/it\/2025\/07\/cosa-fare-a-luglio-a-monaco\/\">Cosa fare a luglio a Monaco?<\/a><\/blockquote><iframe class=\"wp-embedded-content\" sandbox=\"allow-scripts\" security=\"restricted\" style=\"position: absolute; visibility: hidden;\" title=\"&#8220;Cosa fare a luglio a Monaco?&#8221; &#8212; Monaco Tribune\" src=\"https:\/\/www.monaco-tribune.com\/it\/2025\/07\/cosa-fare-a-luglio-a-monaco\/embed\/#?secret=tQvu15YAoN#?secret=Gxjqxc797U\" data-secret=\"Gxjqxc797U\" width=\"500\" height=\"282\" frameborder=\"0\" marginwidth=\"0\" marginheight=\"0\" scrolling=\"no\"><\/iframe>\n\n<h2 class=\"wp-block-heading\" id=\"h-partenariat-artistique-avec-le-grimaldi-forum\">Una collaborazione artistica con il Grimaldi Forum<\/h2>\n\n<p>L\u2019edizione 2025 segna una svolta creativa grazie alla collaborazione con il Grimaldi Forum e la sua mostra \u00ab<a href=\"https:\/\/www.monaco-tribune.com\/2025\/07\/le-grimaldi-forum-presente-couleurs-une-exposition-multisensorielle-avec-picasso-et-matisse\/\">Couleurs !<\/a>\u00bb. Uno stand appositamente allestito ospiter\u00e0 laboratori artistici per bambini, aggiungendo una dimensione culturale inedita all\u2019evento.<\/p>\n\n<h2 class=\"wp-block-heading\" id=\"h-le-retour-du-village-as-monaco\">Torna il Villaggio dell\u2019AS Monaco<\/h2>\n\n<p>Per il secondo anno consecutivo, l\u2019AS Monaco installer\u00e0 il suo villaggio a tema nell\u2019area dell\u2019evento. Ad accesso libero e gratuito, la <em>Caravane Rouge et Blanc<\/em> far\u00e0 tappa a Monaco con le sue attivit\u00e0 di punta, gi\u00e0 testate e approvate da oltre 10.000 bambini della regione e del Nord Italia negli ultimi tre anni del <a href=\"https:\/\/www.monaco-tribune.com\/2024\/12\/as-monaco-kids-tour-un-dimanche-magique-avec-krepin-diatta-et-denis-zakaria-au-village-de-noel-de-monaco\/\">Kids Tour<\/a>.<\/p>\n\n<p>Campetto da calcio, calcio balilla umano a grandezza naturale e giochi a tema scandiranno le giornate dei visitatori. Le domeniche sono in programma eventi speciali: incontri con i giovani calciatori dell\u2019Academy, tornei di calcio, sfide di palleggio e competizioni di e-sport con FC 25.<\/p>\n\n<p>Un temporary shop vender\u00e0 le <a href=\"https:\/\/www.monaco-tribune.com\/2025\/06\/las-monaco-devoile-son-nouveau-maillot-domicile-signe-mizuno\/\">nuove maglie<\/a> 2025-2026, mentre ogni pomeriggio saranno messi in palio gadget durante le varie attivit\u00e0.<\/p>\n<div class=\"wp-block-image\">\n<figure class=\"aligncenter size-large\"><img loading=\"lazy\" decoding=\"async\" width=\"1024\" height=\"574\" src=\"https:\/\/www.monaco-tribune.com\/wp-content\/uploads\/2025\/06\/as-monaco-kids-tour-1024x574.jpg\" alt=\"as monaco kids tour\" class=\"wp-image-301557\" srcset=\"https:\/\/www.monaco-tribune.com\/wp-content\/uploads\/2025\/06\/as-monaco-kids-tour-1024x574.jpg 1024w, https:\/\/www.monaco-tribune.com\/wp-content\/uploads\/2025\/06\/as-monaco-kids-tour-535x300.jpg 535w, https:\/\/www.monaco-tribune.com\/wp-content\/uploads\/2025\/06\/as-monaco-kids-tour.jpg 1160w\" sizes=\"auto, (max-width: 1024px) 100vw, 1024px\" \/><figcaption class=\"wp-element-caption\"><em>Il programma itinerante Rouge et Blanc \u00e8 stato lanciato nel 2022 e ha gi\u00e0 coinvolto pi\u00f9 di 10.000 bambini<\/em> \u00a9 AS Monaco<\/figcaption><\/figure>\n<\/div>\n<h2 class=\"wp-block-heading\" id=\"h-soirees-exceptionnelles-programmees\">Due serate eccezionali da segnare in agenda<\/h2>\n\n<p>Due appuntamenti da non perdere: sabato 26 luglio e sabato 9 agosto le attivit\u00e0 si protrarranno fino a mezzanotte. Castelli gonfiabili, fuochi d\u2019artificio e serate in musica (DJ il 26 luglio e musica pop-rock il 9 agosto) renderanno l\u2019atmosfera ancora pi\u00f9 magica sul lungomare del Principato.<\/p>\n\n<p><strong>Orari<\/strong><\/p>\n\n<ul class=\"wp-block-list\">\n<li>Stand gastronomici: dalle 11:30 (al pi\u00f9 tardi) alle 22:30 (fino a mezzanotte al massimo)<\/li>\n\n\n\n<li>Attrazioni: dalle 16:00 (al pi\u00f9 tardi) alle 22:30 (fino a mezzanotte al massimo)<\/li>\n<\/ul>\n","protected":false},"excerpt":{"rendered":"<p>Dal 18 luglio al 24 agosto, Monaco trasformer\u00e0 il suo porto in un grande parco divertimenti a cielo aperto, con [&hellip;]<\/p>\n","protected":false},"author":21,"featured_media":245030,"comment_status":"closed","ping_status":"closed","sticky":false,"template":"","format":"standard","meta":{"_acf_changed":false,"footnotes":""},"categories":[1740,1738],"tags":[2890],"post_sectags":[4718],"post_format":[2471],"class_list":["post-304185","post","type-post","status-publish","format-standard","has-post-thumbnail","hentry","category-cosa-fare","category-notizie","tag-eventi","sectag-as-monaco-it","format-evento"],"acf":[],"yoast_head":"<!-- This site is optimized with the Yoast SEO Premium plugin v26.8 (Yoast SEO v27.4) - https:\/\/yoast.com\/product\/yoast-seo-premium-wordpress\/ -->\n<title>Estate al Port Hercule 2025: sei settimane di eventi per tutta la famiglia sul Quai Albert 1er<\/title>\n<meta name=\"description\" content=\"Dal 18 luglio al 24 agosto, Monaco trasformer\u00e0 il suo porto in un grande parco divertimenti a cielo aperto, con giostre, attivit\u00e0 sportive e spettacoli\" \/>\n<meta name=\"robots\" content=\"index, follow, max-snippet:-1, max-image-preview:large, max-video-preview:-1\" \/>\n<link rel=\"canonical\" href=\"https:\/\/www.monaco-tribune.com\/it\/2025\/07\/estate-al-port-hercule-2025-sei-settimane-di-eventi-per-tutta-la-famiglia-sul-quai-albert-1er\/\" \/>\n<meta property=\"og:locale\" content=\"it_IT\" \/>\n<meta property=\"og:type\" content=\"article\" \/>\n<meta property=\"og:title\" content=\"Estate al Port Hercule 2025: sei settimane di eventi per tutta la famiglia sul Quai Albert 1er - Monaco Tribune\" \/>\n<meta property=\"og:description\" content=\"Dal 18 luglio al 24 agosto, Monaco trasformer\u00e0 il suo porto in un grande parco divertimenti a cielo aperto, con giostre, attivit\u00e0 sportive e spettacoli\" \/>\n<meta property=\"og:url\" content=\"https:\/\/www.monaco-tribune.com\/it\/2025\/07\/estate-al-port-hercule-2025-sei-settimane-di-eventi-per-tutta-la-famiglia-sul-quai-albert-1er\/\" \/>\n<meta property=\"og:site_name\" content=\"Monaco Tribune\" \/>\n<meta property=\"article:publisher\" content=\"https:\/\/www.facebook.com\/MonacoTribune\" \/>\n<meta property=\"article:published_time\" content=\"2025-07-10T09:22:26+00:00\" \/>\n<meta property=\"article:modified_time\" content=\"2025-07-10T09:22:35+00:00\" \/>\n<meta property=\"og:image\" content=\"https:\/\/www.monaco-tribune.com\/wp-content\/uploads\/2024\/08\/chalets-ete-port-hercule.jpg\" \/>\n\t<meta property=\"og:image:width\" content=\"1200\" \/>\n\t<meta property=\"og:image:height\" content=\"800\" \/>\n\t<meta property=\"og:image:type\" content=\"image\/jpeg\" \/>\n<meta name=\"author\" content=\"Monaco Tribune\" \/>\n<meta name=\"twitter:card\" content=\"summary_large_image\" \/>\n<meta name=\"twitter:creator\" content=\"@MonacoTribune\" \/>\n<meta name=\"twitter:site\" content=\"@MonacoTribune\" \/>\n<script type=\"application\/ld+json\" class=\"yoast-schema-graph\">{\"@context\":\"https:\\\/\\\/schema.org\",\"@graph\":[{\"@type\":\"NewsArticle\",\"@id\":\"https:\\\/\\\/www.monaco-tribune.com\\\/it\\\/2025\\\/07\\\/estate-al-port-hercule-2025-sei-settimane-di-eventi-per-tutta-la-famiglia-sul-quai-albert-1er\\\/#article\",\"isPartOf\":{\"@id\":\"https:\\\/\\\/www.monaco-tribune.com\\\/it\\\/2025\\\/07\\\/estate-al-port-hercule-2025-sei-settimane-di-eventi-per-tutta-la-famiglia-sul-quai-albert-1er\\\/\"},\"author\":{\"name\":\"Monaco Tribune\",\"@id\":\"https:\\\/\\\/www.monaco-tribune.com\\\/it\\\/#\\\/schema\\\/person\\\/8f6ed8c063276e2397589eda5b7a2f2d\"},\"headline\":\"Estate al Port Hercule 2025: sei settimane di eventi per tutta la famiglia sul Quai Albert 1er\",\"datePublished\":\"2025-07-10T09:22:26+00:00\",\"dateModified\":\"2025-07-10T09:22:35+00:00\",\"mainEntityOfPage\":{\"@id\":\"https:\\\/\\\/www.monaco-tribune.com\\\/it\\\/2025\\\/07\\\/estate-al-port-hercule-2025-sei-settimane-di-eventi-per-tutta-la-famiglia-sul-quai-albert-1er\\\/\"},\"wordCount\":386,\"publisher\":{\"@id\":\"https:\\\/\\\/www.monaco-tribune.com\\\/it\\\/#organization\"},\"image\":{\"@id\":\"https:\\\/\\\/www.monaco-tribune.com\\\/it\\\/2025\\\/07\\\/estate-al-port-hercule-2025-sei-settimane-di-eventi-per-tutta-la-famiglia-sul-quai-albert-1er\\\/#primaryimage\"},\"thumbnailUrl\":\"https:\\\/\\\/www.monaco-tribune.com\\\/wp-content\\\/uploads\\\/2024\\\/08\\\/chalets-ete-port-hercule.jpg\",\"keywords\":[\"Eventi\"],\"articleSection\":[\"Cosa fare\",\"Notizie\"],\"inLanguage\":\"it-IT\",\"copyrightYear\":\"2025\",\"copyrightHolder\":{\"@id\":\"https:\\\/\\\/www.monaco-tribune.com\\\/#organization\"}},{\"@type\":\"WebPage\",\"@id\":\"https:\\\/\\\/www.monaco-tribune.com\\\/it\\\/2025\\\/07\\\/estate-al-port-hercule-2025-sei-settimane-di-eventi-per-tutta-la-famiglia-sul-quai-albert-1er\\\/\",\"url\":\"https:\\\/\\\/www.monaco-tribune.com\\\/it\\\/2025\\\/07\\\/estate-al-port-hercule-2025-sei-settimane-di-eventi-per-tutta-la-famiglia-sul-quai-albert-1er\\\/\",\"name\":\"Estate al Port Hercule 2025: sei settimane di eventi per tutta la famiglia sul Quai Albert 1er\",\"isPartOf\":{\"@id\":\"https:\\\/\\\/www.monaco-tribune.com\\\/it\\\/#website\"},\"primaryImageOfPage\":{\"@id\":\"https:\\\/\\\/www.monaco-tribune.com\\\/it\\\/2025\\\/07\\\/estate-al-port-hercule-2025-sei-settimane-di-eventi-per-tutta-la-famiglia-sul-quai-albert-1er\\\/#primaryimage\"},\"image\":{\"@id\":\"https:\\\/\\\/www.monaco-tribune.com\\\/it\\\/2025\\\/07\\\/estate-al-port-hercule-2025-sei-settimane-di-eventi-per-tutta-la-famiglia-sul-quai-albert-1er\\\/#primaryimage\"},\"thumbnailUrl\":\"https:\\\/\\\/www.monaco-tribune.com\\\/wp-content\\\/uploads\\\/2024\\\/08\\\/chalets-ete-port-hercule.jpg\",\"datePublished\":\"2025-07-10T09:22:26+00:00\",\"dateModified\":\"2025-07-10T09:22:35+00:00\",\"description\":\"Dal 18 luglio al 24 agosto, Monaco trasformer\u00e0 il suo porto in un grande parco divertimenti a cielo aperto, con giostre, attivit\u00e0 sportive e spettacoli\",\"breadcrumb\":{\"@id\":\"https:\\\/\\\/www.monaco-tribune.com\\\/it\\\/2025\\\/07\\\/estate-al-port-hercule-2025-sei-settimane-di-eventi-per-tutta-la-famiglia-sul-quai-albert-1er\\\/#breadcrumb\"},\"inLanguage\":\"it-IT\",\"potentialAction\":[{\"@type\":\"ReadAction\",\"target\":[\"https:\\\/\\\/www.monaco-tribune.com\\\/it\\\/2025\\\/07\\\/estate-al-port-hercule-2025-sei-settimane-di-eventi-per-tutta-la-famiglia-sul-quai-albert-1er\\\/\"]}]},{\"@type\":\"ImageObject\",\"inLanguage\":\"it-IT\",\"@id\":\"https:\\\/\\\/www.monaco-tribune.com\\\/it\\\/2025\\\/07\\\/estate-al-port-hercule-2025-sei-settimane-di-eventi-per-tutta-la-famiglia-sul-quai-albert-1er\\\/#primaryimage\",\"url\":\"https:\\\/\\\/www.monaco-tribune.com\\\/wp-content\\\/uploads\\\/2024\\\/08\\\/chalets-ete-port-hercule.jpg\",\"contentUrl\":\"https:\\\/\\\/www.monaco-tribune.com\\\/wp-content\\\/uploads\\\/2024\\\/08\\\/chalets-ete-port-hercule.jpg\",\"width\":1200,\"height\":800,\"caption\":\"\u00a9 Monaco Tribune \\\/ Astrid Berges\"},{\"@type\":\"BreadcrumbList\",\"@id\":\"https:\\\/\\\/www.monaco-tribune.com\\\/it\\\/2025\\\/07\\\/estate-al-port-hercule-2025-sei-settimane-di-eventi-per-tutta-la-famiglia-sul-quai-albert-1er\\\/#breadcrumb\",\"itemListElement\":[{\"@type\":\"ListItem\",\"position\":1,\"name\":\"Accueil\",\"item\":\"https:\\\/\\\/www.monaco-tribune.com\\\/it\\\/\"},{\"@type\":\"ListItem\",\"position\":2,\"name\":\"Estate al Port Hercule 2025: sei settimane di eventi per tutta la famiglia sul Quai Albert 1er\"}]},{\"@type\":\"WebSite\",\"@id\":\"https:\\\/\\\/www.monaco-tribune.com\\\/it\\\/#website\",\"url\":\"https:\\\/\\\/www.monaco-tribune.com\\\/it\\\/\",\"name\":\"Monaco Tribune\",\"description\":\"Monaco : actualit\u00e9s \u00e9conomiques, politiques, culturelles et sportives de Monaco et de la French Riviera.\",\"publisher\":{\"@id\":\"https:\\\/\\\/www.monaco-tribune.com\\\/it\\\/#organization\"},\"potentialAction\":[{\"@type\":\"SearchAction\",\"target\":{\"@type\":\"EntryPoint\",\"urlTemplate\":\"https:\\\/\\\/www.monaco-tribune.com\\\/it\\\/?s={search_term_string}\"},\"query-input\":{\"@type\":\"PropertyValueSpecification\",\"valueRequired\":true,\"valueName\":\"search_term_string\"}}],\"inLanguage\":\"it-IT\"},{\"@type\":\"Organization\",\"@id\":\"https:\\\/\\\/www.monaco-tribune.com\\\/it\\\/#organization\",\"name\":\"Monaco Tribune\",\"url\":\"https:\\\/\\\/www.monaco-tribune.com\\\/it\\\/\",\"logo\":{\"@type\":\"ImageObject\",\"inLanguage\":\"it-IT\",\"@id\":\"https:\\\/\\\/www.monaco-tribune.com\\\/it\\\/#\\\/schema\\\/logo\\\/image\\\/\",\"url\":\"https:\\\/\\\/www.monaco-tribune.com\\\/wp-content\\\/uploads\\\/2022\\\/11\\\/logo-monaco-tribune.png\",\"contentUrl\":\"https:\\\/\\\/www.monaco-tribune.com\\\/wp-content\\\/uploads\\\/2022\\\/11\\\/logo-monaco-tribune.png\",\"width\":1548,\"height\":600,\"caption\":\"Monaco Tribune\"},\"image\":{\"@id\":\"https:\\\/\\\/www.monaco-tribune.com\\\/it\\\/#\\\/schema\\\/logo\\\/image\\\/\"},\"sameAs\":[\"https:\\\/\\\/www.facebook.com\\\/MonacoTribune\",\"https:\\\/\\\/x.com\\\/MonacoTribune\",\"https:\\\/\\\/www.instagram.com\\\/monacotribune\\\/\",\"https:\\\/\\\/www.linkedin.com\\\/company\\\/monaco-tribune\",\"https:\\\/\\\/www.youtube.com\\\/channel\\\/UCHle1MnG6hw1y4lWKijVbMA\"]},{\"@type\":\"Person\",\"@id\":\"https:\\\/\\\/www.monaco-tribune.com\\\/it\\\/#\\\/schema\\\/person\\\/8f6ed8c063276e2397589eda5b7a2f2d\",\"name\":\"Monaco Tribune\",\"image\":{\"@type\":\"ImageObject\",\"inLanguage\":\"it-IT\",\"@id\":\"https:\\\/\\\/secure.gravatar.com\\\/avatar\\\/3010e6c5d6c8056ec1c25228fe68ea089879e5ae0de884e0247744ee988aaf6a?s=96&d=mm&r=g\",\"url\":\"https:\\\/\\\/secure.gravatar.com\\\/avatar\\\/3010e6c5d6c8056ec1c25228fe68ea089879e5ae0de884e0247744ee988aaf6a?s=96&d=mm&r=g\",\"contentUrl\":\"https:\\\/\\\/secure.gravatar.com\\\/avatar\\\/3010e6c5d6c8056ec1c25228fe68ea089879e5ae0de884e0247744ee988aaf6a?s=96&d=mm&r=g\",\"caption\":\"Monaco Tribune\"},\"url\":\"https:\\\/\\\/www.monaco-tribune.com\\\/it\\\/author\\\/monaco-tribune\\\/\"}]}<\/script>\n<!-- \/ Yoast SEO Premium plugin. -->","yoast_head_json":{"title":"Estate al Port Hercule 2025: sei settimane di eventi per tutta la famiglia sul Quai Albert 1er","description":"Dal 18 luglio al 24 agosto, Monaco trasformer\u00e0 il suo porto in un grande parco divertimenti a cielo aperto, con giostre, attivit\u00e0 sportive e spettacoli","robots":{"index":"index","follow":"follow","max-snippet":"max-snippet:-1","max-image-preview":"max-image-preview:large","max-video-preview":"max-video-preview:-1"},"canonical":"https:\/\/www.monaco-tribune.com\/it\/2025\/07\/estate-al-port-hercule-2025-sei-settimane-di-eventi-per-tutta-la-famiglia-sul-quai-albert-1er\/","og_locale":"it_IT","og_type":"article","og_title":"Estate al Port Hercule 2025: sei settimane di eventi per tutta la famiglia sul Quai Albert 1er - Monaco Tribune","og_description":"Dal 18 luglio al 24 agosto, Monaco trasformer\u00e0 il suo porto in un grande parco divertimenti a cielo aperto, con giostre, attivit\u00e0 sportive e spettacoli","og_url":"https:\/\/www.monaco-tribune.com\/it\/2025\/07\/estate-al-port-hercule-2025-sei-settimane-di-eventi-per-tutta-la-famiglia-sul-quai-albert-1er\/","og_site_name":"Monaco Tribune","article_publisher":"https:\/\/www.facebook.com\/MonacoTribune","article_published_time":"2025-07-10T09:22:26+00:00","article_modified_time":"2025-07-10T09:22:35+00:00","og_image":[{"width":1200,"height":800,"url":"https:\/\/www.monaco-tribune.com\/wp-content\/uploads\/2024\/08\/chalets-ete-port-hercule.jpg","type":"image\/jpeg"}],"author":"Monaco Tribune","twitter_card":"summary_large_image","twitter_creator":"@MonacoTribune","twitter_site":"@MonacoTribune","schema":{"@context":"https:\/\/schema.org","@graph":[{"@type":"NewsArticle","@id":"https:\/\/www.monaco-tribune.com\/it\/2025\/07\/estate-al-port-hercule-2025-sei-settimane-di-eventi-per-tutta-la-famiglia-sul-quai-albert-1er\/#article","isPartOf":{"@id":"https:\/\/www.monaco-tribune.com\/it\/2025\/07\/estate-al-port-hercule-2025-sei-settimane-di-eventi-per-tutta-la-famiglia-sul-quai-albert-1er\/"},"author":{"name":"Monaco Tribune","@id":"https:\/\/www.monaco-tribune.com\/it\/#\/schema\/person\/8f6ed8c063276e2397589eda5b7a2f2d"},"headline":"Estate al Port Hercule 2025: sei settimane di eventi per tutta la famiglia sul Quai Albert 1er","datePublished":"2025-07-10T09:22:26+00:00","dateModified":"2025-07-10T09:22:35+00:00","mainEntityOfPage":{"@id":"https:\/\/www.monaco-tribune.com\/it\/2025\/07\/estate-al-port-hercule-2025-sei-settimane-di-eventi-per-tutta-la-famiglia-sul-quai-albert-1er\/"},"wordCount":386,"publisher":{"@id":"https:\/\/www.monaco-tribune.com\/it\/#organization"},"image":{"@id":"https:\/\/www.monaco-tribune.com\/it\/2025\/07\/estate-al-port-hercule-2025-sei-settimane-di-eventi-per-tutta-la-famiglia-sul-quai-albert-1er\/#primaryimage"},"thumbnailUrl":"https:\/\/www.monaco-tribune.com\/wp-content\/uploads\/2024\/08\/chalets-ete-port-hercule.jpg","keywords":["Eventi"],"articleSection":["Cosa fare","Notizie"],"inLanguage":"it-IT","copyrightYear":"2025","copyrightHolder":{"@id":"https:\/\/www.monaco-tribune.com\/#organization"}},{"@type":"WebPage","@id":"https:\/\/www.monaco-tribune.com\/it\/2025\/07\/estate-al-port-hercule-2025-sei-settimane-di-eventi-per-tutta-la-famiglia-sul-quai-albert-1er\/","url":"https:\/\/www.monaco-tribune.com\/it\/2025\/07\/estate-al-port-hercule-2025-sei-settimane-di-eventi-per-tutta-la-famiglia-sul-quai-albert-1er\/","name":"Estate al Port Hercule 2025: sei settimane di eventi per tutta la famiglia sul Quai Albert 1er","isPartOf":{"@id":"https:\/\/www.monaco-tribune.com\/it\/#website"},"primaryImageOfPage":{"@id":"https:\/\/www.monaco-tribune.com\/it\/2025\/07\/estate-al-port-hercule-2025-sei-settimane-di-eventi-per-tutta-la-famiglia-sul-quai-albert-1er\/#primaryimage"},"image":{"@id":"https:\/\/www.monaco-tribune.com\/it\/2025\/07\/estate-al-port-hercule-2025-sei-settimane-di-eventi-per-tutta-la-famiglia-sul-quai-albert-1er\/#primaryimage"},"thumbnailUrl":"https:\/\/www.monaco-tribune.com\/wp-content\/uploads\/2024\/08\/chalets-ete-port-hercule.jpg","datePublished":"2025-07-10T09:22:26+00:00","dateModified":"2025-07-10T09:22:35+00:00","description":"Dal 18 luglio al 24 agosto, Monaco trasformer\u00e0 il suo porto in un grande parco divertimenti a cielo aperto, con giostre, attivit\u00e0 sportive e spettacoli","breadcrumb":{"@id":"https:\/\/www.monaco-tribune.com\/it\/2025\/07\/estate-al-port-hercule-2025-sei-settimane-di-eventi-per-tutta-la-famiglia-sul-quai-albert-1er\/#breadcrumb"},"inLanguage":"it-IT","potentialAction":[{"@type":"ReadAction","target":["https:\/\/www.monaco-tribune.com\/it\/2025\/07\/estate-al-port-hercule-2025-sei-settimane-di-eventi-per-tutta-la-famiglia-sul-quai-albert-1er\/"]}]},{"@type":"ImageObject","inLanguage":"it-IT","@id":"https:\/\/www.monaco-tribune.com\/it\/2025\/07\/estate-al-port-hercule-2025-sei-settimane-di-eventi-per-tutta-la-famiglia-sul-quai-albert-1er\/#primaryimage","url":"https:\/\/www.monaco-tribune.com\/wp-content\/uploads\/2024\/08\/chalets-ete-port-hercule.jpg","contentUrl":"https:\/\/www.monaco-tribune.com\/wp-content\/uploads\/2024\/08\/chalets-ete-port-hercule.jpg","width":1200,"height":800,"caption":"\u00a9 Monaco Tribune \/ Astrid Berges"},{"@type":"BreadcrumbList","@id":"https:\/\/www.monaco-tribune.com\/it\/2025\/07\/estate-al-port-hercule-2025-sei-settimane-di-eventi-per-tutta-la-famiglia-sul-quai-albert-1er\/#breadcrumb","itemListElement":[{"@type":"ListItem","position":1,"name":"Accueil","item":"https:\/\/www.monaco-tribune.com\/it\/"},{"@type":"ListItem","position":2,"name":"Estate al Port Hercule 2025: sei settimane di eventi per tutta la famiglia sul Quai Albert 1er"}]},{"@type":"WebSite","@id":"https:\/\/www.monaco-tribune.com\/it\/#website","url":"https:\/\/www.monaco-tribune.com\/it\/","name":"Monaco Tribune","description":"Monaco : actualit\u00e9s \u00e9conomiques, politiques, culturelles et sportives de Monaco et de la French Riviera.","publisher":{"@id":"https:\/\/www.monaco-tribune.com\/it\/#organization"},"potentialAction":[{"@type":"SearchAction","target":{"@type":"EntryPoint","urlTemplate":"https:\/\/www.monaco-tribune.com\/it\/?s={search_term_string}"},"query-input":{"@type":"PropertyValueSpecification","valueRequired":true,"valueName":"search_term_string"}}],"inLanguage":"it-IT"},{"@type":"Organization","@id":"https:\/\/www.monaco-tribune.com\/it\/#organization","name":"Monaco Tribune","url":"https:\/\/www.monaco-tribune.com\/it\/","logo":{"@type":"ImageObject","inLanguage":"it-IT","@id":"https:\/\/www.monaco-tribune.com\/it\/#\/schema\/logo\/image\/","url":"https:\/\/www.monaco-tribune.com\/wp-content\/uploads\/2022\/11\/logo-monaco-tribune.png","contentUrl":"https:\/\/www.monaco-tribune.com\/wp-content\/uploads\/2022\/11\/logo-monaco-tribune.png","width":1548,"height":600,"caption":"Monaco Tribune"},"image":{"@id":"https:\/\/www.monaco-tribune.com\/it\/#\/schema\/logo\/image\/"},"sameAs":["https:\/\/www.facebook.com\/MonacoTribune","https:\/\/x.com\/MonacoTribune","https:\/\/www.instagram.com\/monacotribune\/","https:\/\/www.linkedin.com\/company\/monaco-tribune","https:\/\/www.youtube.com\/channel\/UCHle1MnG6hw1y4lWKijVbMA"]},{"@type":"Person","@id":"https:\/\/www.monaco-tribune.com\/it\/#\/schema\/person\/8f6ed8c063276e2397589eda5b7a2f2d","name":"Monaco Tribune","image":{"@type":"ImageObject","inLanguage":"it-IT","@id":"https:\/\/secure.gravatar.com\/avatar\/3010e6c5d6c8056ec1c25228fe68ea089879e5ae0de884e0247744ee988aaf6a?s=96&d=mm&r=g","url":"https:\/\/secure.gravatar.com\/avatar\/3010e6c5d6c8056ec1c25228fe68ea089879e5ae0de884e0247744ee988aaf6a?s=96&d=mm&r=g","contentUrl":"https:\/\/secure.gravatar.com\/avatar\/3010e6c5d6c8056ec1c25228fe68ea089879e5ae0de884e0247744ee988aaf6a?s=96&d=mm&r=g","caption":"Monaco Tribune"},"url":"https:\/\/www.monaco-tribune.com\/it\/author\/monaco-tribune\/"}]}},"_links":{"self":[{"href":"https:\/\/www.monaco-tribune.com\/it\/wp-json\/wp\/v2\/posts\/304185","targetHints":{"allow":["GET"]}}],"collection":[{"href":"https:\/\/www.monaco-tribune.com\/it\/wp-json\/wp\/v2\/posts"}],"about":[{"href":"https:\/\/www.monaco-tribune.com\/it\/wp-json\/wp\/v2\/types\/post"}],"author":[{"embeddable":true,"href":"https:\/\/www.monaco-tribune.com\/it\/wp-json\/wp\/v2\/users\/21"}],"replies":[{"embeddable":true,"href":"https:\/\/www.monaco-tribune.com\/it\/wp-json\/wp\/v2\/comments?post=304185"}],"version-history":[{"count":2,"href":"https:\/\/www.monaco-tribune.com\/it\/wp-json\/wp\/v2\/posts\/304185\/revisions"}],"predecessor-version":[{"id":304188,"href":"https:\/\/www.monaco-tribune.com\/it\/wp-json\/wp\/v2\/posts\/304185\/revisions\/304188"}],"wp:featuredmedia":[{"embeddable":true,"href":"https:\/\/www.monaco-tribune.com\/it\/wp-json\/wp\/v2\/media\/245030"}],"wp:attachment":[{"href":"https:\/\/www.monaco-tribune.com\/it\/wp-json\/wp\/v2\/media?parent=304185"}],"wp:term":[{"taxonomy":"category","embeddable":true,"href":"https:\/\/www.monaco-tribune.com\/it\/wp-json\/wp\/v2\/categories?post=304185"},{"taxonomy":"post_tag","embeddable":true,"href":"https:\/\/www.monaco-tribune.com\/it\/wp-json\/wp\/v2\/tags?post=304185"},{"taxonomy":"sectag","embeddable":true,"href":"https:\/\/www.monaco-tribune.com\/it\/wp-json\/wp\/v2\/post_sectags?post=304185"},{"taxonomy":"format","embeddable":true,"href":"https:\/\/www.monaco-tribune.com\/it\/wp-json\/wp\/v2\/post_format?post=304185"}],"curies":[{"name":"wp","href":"https:\/\/api.w.org\/{rel}","templated":true}]}}