{"id":304288,"date":"2025-07-11T12:05:58","date_gmt":"2025-07-11T10:05:58","guid":{"rendered":"https:\/\/www.monaco-tribune.com\/2025\/07\/programma-2025-2026-lopmc-presenta-la-sua-stagione-daddio-a-kazuki-yamada\/"},"modified":"2025-07-11T12:06:09","modified_gmt":"2025-07-11T10:06:09","slug":"programma-2025-2026-lopmc-presenta-la-sua-stagione-daddio-a-kazuki-yamada","status":"publish","type":"post","link":"https:\/\/www.monaco-tribune.com\/it\/2025\/07\/programma-2025-2026-lopmc-presenta-la-sua-stagione-daddio-a-kazuki-yamada\/","title":{"rendered":"Programma 2025-2026: l\u2019OPMC presenta la sua stagione d\u2019addio a Kazuki Yamada"},"content":{"rendered":"\n<p><strong>La stagione 2025-2026 dell\u2019Orchestra Filarmonica di Monte-Carlo segner\u00e0 la conclusione di un decennio sotto la direzione di Kazuki Yamada, con un programma variegato e il violoncellista Pablo Ferr\u00e1ndez come artista in residenza.<\/strong><\/p>\n\n<p>Dopo dieci anni alla guida artistica e musicale dell\u2019OPMC, <a href=\"https:\/\/www.monaco-tribune.com\/2023\/07\/kazuki-yamada-a-lopmc-je-peux-combiner-mon-sens-japonais-de-la-musique-avec-lexpression-musicale-mediterraneenne\/\">Kazuki Yamada si appresta a chiudere un importante capitolo della sua carriera<\/a>. Nell\u2019editoriale che apre il programma, il direttore d\u2019orchestra giapponese esprime gratitudine per questo percorso che lo ha portato a \u00abun compimento finale\u00bb del suo lavoro: \u00abOggi mi sento a casa all\u2019OPMC e sono felice di aver trascorso questi dieci anni in compagnia di tutte le persone che ne fanno parte.\u00bb<\/p>\n\n<p>Per celebrare questa stagione d&#8217;addio, l\u2019OPMC ospiter\u00e0 Pablo Ferr\u00e1ndez come artista in residenza. Violoncellista spagnolo, vincitore del Concorso \u010cajkovskij e artista esclusivo Sony Classical, si \u00e8 gi\u00e0 esibito con l\u2019orchestra nel 2024 al fianco di Anne-Sophie Mutter. Yamada racconta di essere rimasto \u00abcompletamente rapito dal suo modo di suonare\u00bb durante la loro prima collaborazione: \u00abGli ho subito proposto di diventare il nostro artista in residenza per la stagione successiva. Non solo ha una tecnica straordinaria, ma le sue interpretazioni profondamente emozionanti porteranno gioia e \u201cvitamine\u201d nel cuore del pubblico. \u00c8 una grande fortuna per Monaco poterlo accogliere per una serie di concerti nella prossima stagione.\u00bb<\/p>\n<div class=\"wp-block-image\">\n<figure class=\"aligncenter size-full\"><img loading=\"lazy\" decoding=\"async\" width=\"1000\" height=\"667\" src=\"https:\/\/www.monaco-tribune.com\/wp-content\/uploads\/2025\/07\/kazuki-yamada-credit-sasha-gusov-opmc-10.jpg\" alt=\"Kazuki-Yamada-credit-Sasha-Gusov-OPMC-10\" class=\"wp-image-304087\" srcset=\"https:\/\/www.monaco-tribune.com\/wp-content\/uploads\/2025\/07\/kazuki-yamada-credit-sasha-gusov-opmc-10.jpg 1000w, https:\/\/www.monaco-tribune.com\/wp-content\/uploads\/2025\/07\/kazuki-yamada-credit-sasha-gusov-opmc-10-450x300.jpg 450w\" sizes=\"auto, (max-width: 1000px) 100vw, 1000px\" \/><figcaption class=\"wp-element-caption\"><em>\u00a9 opmc \/ Sasha Gusov<\/em><\/figcaption><\/figure>\n<\/div>\n<h2 class=\"wp-block-heading\" id=\"h-un-programme-autour-de-quatre-hommages\">Un programma che rende omaggio a quattro grandi compositori<\/h2>\n\n<p>La stagione 2025-2026 render\u00e0 omaggio a quattro compositori di rilievo. Oltre a \u0160ostakovi\u010d e Ravel, gi\u00e0 celebrati nella scorsa edizione, l\u2019orchestra celebrer\u00e0 i 200 anni dalla morte di Carl Maria von Weber e i 150 anni dalla nascita di Manuel de Falla.<\/p>\n\n<p>Il programma prevede 36 concerti della Grande Saison, accompagnati da recital, concerti di musica da camera e Happy Hour Musicali. Tra i momenti clou, il Festival Mozart torner\u00e0 a Monaco dal 20 al 24 gennaio 2026, con il Requiem diretto da Kazuki Yamada.<\/p>\n\n<p>Il saluto finale del Maestro Yamada culminer\u00e0 con la <em data-start=\"2381\" data-end=\"2396\">Nona Sinfonia<\/em> di Beethoven nel giugno 2026, opera scelta per \u00abtrasmettere il messaggio: siamo tutti fratelli e sorelle e il mondo deve vivere in pace\u00bb.<\/p>\n<div class=\"wp-block-image\">\n<figure class=\"aligncenter size-full is-resized\"><img loading=\"lazy\" decoding=\"async\" width=\"640\" height=\"420\" src=\"https:\/\/www.monaco-tribune.com\/wp-content\/uploads\/2025\/07\/kazuki-yamada-credit-sasha-gusov-opmc-5.jpg\" alt=\"Kazuki-Yamada-credit-Sasha-Gusov-OPMC-5\" class=\"wp-image-304108\" style=\"width:640px;height:auto\" srcset=\"https:\/\/www.monaco-tribune.com\/wp-content\/uploads\/2025\/07\/kazuki-yamada-credit-sasha-gusov-opmc-5.jpg 640w, https:\/\/www.monaco-tribune.com\/wp-content\/uploads\/2025\/07\/kazuki-yamada-credit-sasha-gusov-opmc-5-457x300.jpg 457w\" sizes=\"auto, (max-width: 640px) 100vw, 640px\" \/><figcaption class=\"wp-element-caption\"><em>\u00a9 opmc \/ Sasha Gusov<\/em><\/figcaption><\/figure>\n<\/div>\n<h2 class=\"wp-block-heading\" id=\"h-les-10-premiers-concerts-de-la-saison-2025\">I primi 10 concerti della stagione 2025<\/h2>\n\n<ul class=\"wp-block-list\">\n<li><strong data-start=\"2581\" data-end=\"2639\">Domenica 21 settembre \u2013 ore 18:00 <\/strong>(Auditorium Rainier III). <em data-start=\"2644\" data-end=\"2666\">Concerto di apertura della stagione<\/em> \u2013 Direttore: Kazuki Yamada \/ Violoncello: Pablo Ferr\u00e1ndez. Programma: Saint-Sa\u00ebns (<em data-start=\"2753\" data-end=\"2762\">Pha\u00e9ton<\/em>, <em data-start=\"2764\" data-end=\"2778\">Sinfonia n.1<\/em>) \/ Strauss (<em data-start=\"2791\" data-end=\"2807\">Don Chisciotte<\/em>)<\/li>\n\n\n\n<li><strong data-start=\"2812\" data-end=\"2870\">Domenica 28 settembre \u2013 ore 18:00 <\/strong>(Auditorium Rainier III). Direttore: Mikha\u00efl Pletnev \/ Pianoforte: Dmitry Shishkin. Programma: Haydn (<em data-start=\"2954\" data-end=\"2983\">Sinfonia n.49 \u201cLa Passione\u201d<\/em>) \/ Shchedrin (<em data-start=\"2998\" data-end=\"3027\">Concerto per pianoforte n.6<\/em>) \/ \u0160ostakovi\u010d (<em data-start=\"3043\" data-end=\"3058\">Sinfonia n.14<\/em>)<\/li>\n\n\n\n<li><strong data-start=\"3063\" data-end=\"3108\">Venerd\u00ec 3 ottobre \u2013 ore 19:30 <\/strong>(Salle Garnier). <em data-start=\"3113\" data-end=\"3133\">Recital pianistico<\/em> \u2013 Vsevolod Zavidov. Programma: Haydn, Schubert (<em data-start=\"3185\" data-end=\"3205\">4 Impromptus op.90<\/em>), Ravel (<em data-start=\"3215\" data-end=\"3235\">Gaspard de la nuit<\/em>), Stravinskij (<em data-start=\"3251\" data-end=\"3262\">Petrushka<\/em>)<\/li>\n\n\n\n<li><strong data-start=\"3267\" data-end=\"3322\">Domenica 5 ottobre \u2013 ore 18:00 <\/strong>(Auditorium Rainier III). Direttore: Alondra de la Parra \/ Mezzosoprano: Ga\u00eblle Arquez. Programma: Ravel (<em data-start=\"3410\" data-end=\"3429\">Rapsodia spagnola<\/em>, <em data-start=\"3431\" data-end=\"3444\">Sh\u00e9h\u00e9razade<\/em>, <em data-start=\"3446\" data-end=\"3469\">Alborada del gracioso<\/em>, <em data-start=\"3471\" data-end=\"3497\">Dafni e Cloe \u2013 Suite n.2<\/em>) \/ De Falla (<em data-start=\"3511\" data-end=\"3526\">El Amor Brujo<\/em>, <em data-start=\"3528\" data-end=\"3561\">Sette Canzoni popolari spagnole<\/em>)<\/li>\n\n\n\n<li><strong data-start=\"3566\" data-end=\"3622\">Mercoled\u00ec 8 ottobre \u2013 ore 19:30 <\/strong>(Auditorium Rainier III). <em data-start=\"3627\" data-end=\"3636\">Recital<\/em> \u2013 Matthias Goerne (baritono) &amp; Maria Jo\u00e3o Pires (pianoforte). Programma: Schubert (<em>Schwanengesang<\/em>, <em data-start=\"3742\" data-end=\"3762\">4 Impromptus D.935<\/em>)<\/li>\n\n\n\n<li><strong data-start=\"3767\" data-end=\"3823\">Domenica 12 ottobre \u2013 ore 18:00<\/strong> (Auditorium Rainier III). Direttore: Stanislav Kochanovsky \/ Pianoforte: Simon Trp\u010deski. Programma: \u0160ostakovi\u010d (<em data-start=\"3917\" data-end=\"3932\">Ottobre op.13<\/em>, <em data-start=\"3934\" data-end=\"3963\">Sinfonia n.12 \u201cL\u2019Anno 1917\u201d<\/em>) \/ \u010cajkovskij (<em data-start=\"3979\" data-end=\"4008\">Concerto per pianoforte n.1<\/em>)<\/li>\n\n\n\n<li><strong data-start=\"4013\" data-end=\"4068\">Marted\u00ec 14 ottobre \u2013 19:30 <\/strong>(Auditorium Rainier III). <em data-start=\"4073\" data-end=\"4091\">Musica da camera<\/em> \u2013 Julie Nemer &amp; musicisti dell\u2019OPMC. Programma: Britten (<em data-start=\"4152\" data-end=\"4162\">Lacrimae<\/em>, <em data-start=\"4164\" data-end=\"4186\">A Ceremony of Carols<\/em>) \/ De Falla (<em data-start=\"4200\" data-end=\"4208\">Psych\u00e9<\/em>, <em data-start=\"4210\" data-end=\"4243\">Sette Canzoni popolari spagnole<\/em>) \/ Berio (<em data-start=\"4254\" data-end=\"4266\">Folk Songs<\/em>)<\/li>\n\n\n\n<li><strong data-start=\"4271\" data-end=\"4319\">Domenica 19 ottobre \u2013 ore 18:00 <\/strong>(Grimaldi Forum) <em data-start=\"4324\" data-end=\"4375\">Concerto straordinario degli Amici dell\u2019Orchestra<\/em> \u2013 Direttore: Zubin Mehta. Programma: Stravinskij (<em data-start=\"4429\" data-end=\"4455\">La Sagra della Primavera<\/em>) \/ \u010cajkovskij (<em data-start=\"4471\" data-end=\"4485\">Sinfonia n.4<\/em>)<\/li>\n\n\n\n<li><strong data-start=\"4490\" data-end=\"4545\">Marted\u00ec 28 ottobre \u2013 18:30 <\/strong>(Auditorium Rainier III). <em data-start=\"4550\" data-end=\"4571\">Happy Hour Musicale.<\/em><br data-start=\"4571\" data-end=\"4574\"\/>Programma: Boccherini (<em data-start=\"4599\" data-end=\"4635\">Quintetto per archi in do maggiore<\/em>) \/ Schubert (<em data-start=\"4649\" data-end=\"4685\">Quintetto per archi in do maggiore<\/em>)<\/li>\n\n\n\n<li><strong data-start=\"4690\" data-end=\"4745\">Marted\u00ec 4 novembre \u2013 18:30 <\/strong>(Auditorium Rainier III) <em data-start=\"4750\" data-end=\"4771\">Happy Hour Musicale. <\/em>Programma: Penderecki (<em data-start=\"4799\" data-end=\"4840\">Quartetto per clarinetto e trio d\u2019archi<\/em>) \/ Suk (<em data-start=\"4849\" data-end=\"4862\">Meditazione<\/em>) \/ Dvo\u0159\u00e1k (<em data-start=\"4874\" data-end=\"4907\">Quintetto per archi \u201cAmericano\u201d<\/em>)<\/li>\n<\/ul>\n\n<p>Scoprite il programma completo della stagione 2025-2026 sul sito dell\u2019<a class=\"\" href=\"https:\/\/www.opmc.mc\" target=\"_new\" rel=\"noopener\" data-start=\"4980\" data-end=\"5007\">OPMC<\/a>.<\/p>\n\n<p class=\"related\"><a href=\"https:\/\/www.monaco-tribune.com\/it\/2025\/07\/estate-al-port-hercule-2025-sei-settimane-di-eventi-per-tutta-la-famiglia-sul-quai-albert-1er\/\">Estate al Port Hercule 2025: sei settimane di eventi per tutta la famiglia sul Quai Albert 1er<\/a><\/p>\n\n<h2 class=\"wp-block-heading\" id=\"h-billetterie-et-informations-pratiques\">Biglietti e informazioni pratiche<\/h2>\n\n<p>La biglietteria aprir\u00e0 marted\u00ec 15 luglio alle ore 10:00, online su <a class=\"\" href=\"https:\/\/www.montecarloticket.com\" target=\"_new\" rel=\"noopener\" data-start=\"5120\" data-end=\"5176\">montecarloticket.com<\/a> e presso lo sportello dell\u2019Atrium del Casin\u00f2 (Place du Casino de Monte-Carlo), aperto dal marted\u00ec al sabato dalle 10:00 alle 17:30.<br data-start=\"5308\" data-end=\"5311\"\/>Attenzione: la biglietteria rester\u00e0 chiusa dall\u20198 agosto al 1\u00b0 settembre compresi per la pausa estiva.<\/p>\n\n<ul class=\"wp-block-list\">\n<li>Telefono: +377 92 00 13 70<\/li>\n\n\n\n<li>E-mail: <a href=\"mailto:atrium@opmc.mc\">atrium@opmc.mc<\/a><\/li>\n<\/ul>\n\n<p><\/p>\n\n<p><\/p>\n","protected":false},"excerpt":{"rendered":"<p>La stagione 2025-2026 dell\u2019Orchestra Filarmonica di Monte-Carlo segner\u00e0 la conclusione di un decennio sotto la direzione di Kazuki Yamada, con [&hellip;]<\/p>\n","protected":false},"author":80,"featured_media":304093,"comment_status":"closed","ping_status":"closed","sticky":false,"template":"","format":"standard","meta":{"_acf_changed":false,"footnotes":""},"categories":[1740,1738],"tags":[5127],"post_sectags":[5609],"post_format":[2478],"class_list":["post-304288","post","type-post","status-publish","format-standard","has-post-thumbnail","hentry","category-cosa-fare","category-notizie","tag-opmc-it","sectag-programma","format-notizia"],"acf":[],"yoast_head":"<!-- This site is optimized with the Yoast SEO Premium plugin v26.8 (Yoast SEO v27.4) - https:\/\/yoast.com\/product\/yoast-seo-premium-wordpress\/ -->\n<title>Programma 2025-2026: l\u2019OPMC presenta la sua stagione d\u2019addio a Kazuki Yamada<\/title>\n<meta name=\"description\" content=\"La stagione 2025-2026 dell\u2019Orchestra Filarmonica di Monte-Carlo segner\u00e0 la conclusione di un decennio sotto la direzione di Kazuki Yamada, con un\" \/>\n<meta name=\"robots\" content=\"index, follow, max-snippet:-1, max-image-preview:large, max-video-preview:-1\" \/>\n<link rel=\"canonical\" href=\"https:\/\/www.monaco-tribune.com\/it\/2025\/07\/programma-2025-2026-lopmc-presenta-la-sua-stagione-daddio-a-kazuki-yamada\/\" \/>\n<meta property=\"og:locale\" content=\"it_IT\" \/>\n<meta property=\"og:type\" content=\"article\" \/>\n<meta property=\"og:title\" content=\"Programma 2025-2026: l\u2019OPMC presenta la sua stagione d\u2019addio a Kazuki Yamada - Monaco Tribune\" \/>\n<meta property=\"og:description\" content=\"La stagione 2025-2026 dell\u2019Orchestra Filarmonica di Monte-Carlo segner\u00e0 la conclusione di un decennio sotto la direzione di Kazuki Yamada, con un\" \/>\n<meta property=\"og:url\" content=\"https:\/\/www.monaco-tribune.com\/it\/2025\/07\/programma-2025-2026-lopmc-presenta-la-sua-stagione-daddio-a-kazuki-yamada\/\" \/>\n<meta property=\"og:site_name\" content=\"Monaco Tribune\" \/>\n<meta property=\"article:publisher\" content=\"https:\/\/www.facebook.com\/MonacoTribune\" \/>\n<meta property=\"article:published_time\" content=\"2025-07-11T10:05:58+00:00\" \/>\n<meta property=\"article:modified_time\" content=\"2025-07-11T10:06:09+00:00\" \/>\n<meta property=\"og:image\" content=\"https:\/\/www.monaco-tribune.com\/wp-content\/uploads\/2025\/07\/\u00a9-opmc-.jpg\" \/>\n\t<meta property=\"og:image:width\" content=\"800\" \/>\n\t<meta property=\"og:image:height\" content=\"296\" \/>\n\t<meta property=\"og:image:type\" content=\"image\/jpeg\" \/>\n<meta name=\"author\" content=\"Estelle Imbert\" \/>\n<meta name=\"twitter:card\" content=\"summary_large_image\" \/>\n<meta name=\"twitter:creator\" content=\"@MonacoTribune\" \/>\n<meta name=\"twitter:site\" content=\"@MonacoTribune\" \/>\n<script type=\"application\/ld+json\" class=\"yoast-schema-graph\">{\"@context\":\"https:\\\/\\\/schema.org\",\"@graph\":[{\"@type\":\"NewsArticle\",\"@id\":\"https:\\\/\\\/www.monaco-tribune.com\\\/it\\\/2025\\\/07\\\/programma-2025-2026-lopmc-presenta-la-sua-stagione-daddio-a-kazuki-yamada\\\/#article\",\"isPartOf\":{\"@id\":\"https:\\\/\\\/www.monaco-tribune.com\\\/it\\\/2025\\\/07\\\/programma-2025-2026-lopmc-presenta-la-sua-stagione-daddio-a-kazuki-yamada\\\/\"},\"author\":{\"name\":\"Estelle Imbert\",\"@id\":\"https:\\\/\\\/www.monaco-tribune.com\\\/it\\\/#\\\/schema\\\/person\\\/55ce91a070ff78e15ec1817376669bf4\"},\"headline\":\"Programma 2025-2026: l\u2019OPMC presenta la sua stagione d\u2019addio a Kazuki Yamada\",\"datePublished\":\"2025-07-11T10:05:58+00:00\",\"dateModified\":\"2025-07-11T10:06:09+00:00\",\"mainEntityOfPage\":{\"@id\":\"https:\\\/\\\/www.monaco-tribune.com\\\/it\\\/2025\\\/07\\\/programma-2025-2026-lopmc-presenta-la-sua-stagione-daddio-a-kazuki-yamada\\\/\"},\"wordCount\":706,\"publisher\":{\"@id\":\"https:\\\/\\\/www.monaco-tribune.com\\\/it\\\/#organization\"},\"image\":{\"@id\":\"https:\\\/\\\/www.monaco-tribune.com\\\/it\\\/2025\\\/07\\\/programma-2025-2026-lopmc-presenta-la-sua-stagione-daddio-a-kazuki-yamada\\\/#primaryimage\"},\"thumbnailUrl\":\"https:\\\/\\\/www.monaco-tribune.com\\\/wp-content\\\/uploads\\\/2025\\\/07\\\/\u00a9-opmc-.jpg\",\"keywords\":[\"OPMC\"],\"articleSection\":[\"Cosa fare\",\"Notizie\"],\"inLanguage\":\"it-IT\",\"copyrightYear\":\"2025\",\"copyrightHolder\":{\"@id\":\"https:\\\/\\\/www.monaco-tribune.com\\\/#organization\"}},{\"@type\":\"WebPage\",\"@id\":\"https:\\\/\\\/www.monaco-tribune.com\\\/it\\\/2025\\\/07\\\/programma-2025-2026-lopmc-presenta-la-sua-stagione-daddio-a-kazuki-yamada\\\/\",\"url\":\"https:\\\/\\\/www.monaco-tribune.com\\\/it\\\/2025\\\/07\\\/programma-2025-2026-lopmc-presenta-la-sua-stagione-daddio-a-kazuki-yamada\\\/\",\"name\":\"Programma 2025-2026: l\u2019OPMC presenta la sua stagione d\u2019addio a Kazuki Yamada\",\"isPartOf\":{\"@id\":\"https:\\\/\\\/www.monaco-tribune.com\\\/it\\\/#website\"},\"primaryImageOfPage\":{\"@id\":\"https:\\\/\\\/www.monaco-tribune.com\\\/it\\\/2025\\\/07\\\/programma-2025-2026-lopmc-presenta-la-sua-stagione-daddio-a-kazuki-yamada\\\/#primaryimage\"},\"image\":{\"@id\":\"https:\\\/\\\/www.monaco-tribune.com\\\/it\\\/2025\\\/07\\\/programma-2025-2026-lopmc-presenta-la-sua-stagione-daddio-a-kazuki-yamada\\\/#primaryimage\"},\"thumbnailUrl\":\"https:\\\/\\\/www.monaco-tribune.com\\\/wp-content\\\/uploads\\\/2025\\\/07\\\/\u00a9-opmc-.jpg\",\"datePublished\":\"2025-07-11T10:05:58+00:00\",\"dateModified\":\"2025-07-11T10:06:09+00:00\",\"description\":\"La stagione 2025-2026 dell\u2019Orchestra Filarmonica di Monte-Carlo segner\u00e0 la conclusione di un decennio sotto la direzione di Kazuki Yamada, con un\",\"breadcrumb\":{\"@id\":\"https:\\\/\\\/www.monaco-tribune.com\\\/it\\\/2025\\\/07\\\/programma-2025-2026-lopmc-presenta-la-sua-stagione-daddio-a-kazuki-yamada\\\/#breadcrumb\"},\"inLanguage\":\"it-IT\",\"potentialAction\":[{\"@type\":\"ReadAction\",\"target\":[\"https:\\\/\\\/www.monaco-tribune.com\\\/it\\\/2025\\\/07\\\/programma-2025-2026-lopmc-presenta-la-sua-stagione-daddio-a-kazuki-yamada\\\/\"]}]},{\"@type\":\"ImageObject\",\"inLanguage\":\"it-IT\",\"@id\":\"https:\\\/\\\/www.monaco-tribune.com\\\/it\\\/2025\\\/07\\\/programma-2025-2026-lopmc-presenta-la-sua-stagione-daddio-a-kazuki-yamada\\\/#primaryimage\",\"url\":\"https:\\\/\\\/www.monaco-tribune.com\\\/wp-content\\\/uploads\\\/2025\\\/07\\\/\u00a9-opmc-.jpg\",\"contentUrl\":\"https:\\\/\\\/www.monaco-tribune.com\\\/wp-content\\\/uploads\\\/2025\\\/07\\\/\u00a9-opmc-.jpg\",\"width\":800,\"height\":296,\"caption\":\"Per celebrare questa stagione speciale, l\u2019OPMC accoglier\u00e0 Pablo Ferr\u00e1ndez come artista in residenza \u00a9 opmc\"},{\"@type\":\"BreadcrumbList\",\"@id\":\"https:\\\/\\\/www.monaco-tribune.com\\\/it\\\/2025\\\/07\\\/programma-2025-2026-lopmc-presenta-la-sua-stagione-daddio-a-kazuki-yamada\\\/#breadcrumb\",\"itemListElement\":[{\"@type\":\"ListItem\",\"position\":1,\"name\":\"Accueil\",\"item\":\"https:\\\/\\\/www.monaco-tribune.com\\\/it\\\/\"},{\"@type\":\"ListItem\",\"position\":2,\"name\":\"Programma 2025-2026: l\u2019OPMC presenta la sua stagione d\u2019addio a Kazuki Yamada\"}]},{\"@type\":\"WebSite\",\"@id\":\"https:\\\/\\\/www.monaco-tribune.com\\\/it\\\/#website\",\"url\":\"https:\\\/\\\/www.monaco-tribune.com\\\/it\\\/\",\"name\":\"Monaco Tribune\",\"description\":\"Monaco : actualit\u00e9s \u00e9conomiques, politiques, culturelles et sportives de Monaco et de la French Riviera.\",\"publisher\":{\"@id\":\"https:\\\/\\\/www.monaco-tribune.com\\\/it\\\/#organization\"},\"potentialAction\":[{\"@type\":\"SearchAction\",\"target\":{\"@type\":\"EntryPoint\",\"urlTemplate\":\"https:\\\/\\\/www.monaco-tribune.com\\\/it\\\/?s={search_term_string}\"},\"query-input\":{\"@type\":\"PropertyValueSpecification\",\"valueRequired\":true,\"valueName\":\"search_term_string\"}}],\"inLanguage\":\"it-IT\"},{\"@type\":\"Organization\",\"@id\":\"https:\\\/\\\/www.monaco-tribune.com\\\/it\\\/#organization\",\"name\":\"Monaco Tribune\",\"url\":\"https:\\\/\\\/www.monaco-tribune.com\\\/it\\\/\",\"logo\":{\"@type\":\"ImageObject\",\"inLanguage\":\"it-IT\",\"@id\":\"https:\\\/\\\/www.monaco-tribune.com\\\/it\\\/#\\\/schema\\\/logo\\\/image\\\/\",\"url\":\"https:\\\/\\\/www.monaco-tribune.com\\\/wp-content\\\/uploads\\\/2022\\\/11\\\/logo-monaco-tribune.png\",\"contentUrl\":\"https:\\\/\\\/www.monaco-tribune.com\\\/wp-content\\\/uploads\\\/2022\\\/11\\\/logo-monaco-tribune.png\",\"width\":1548,\"height\":600,\"caption\":\"Monaco Tribune\"},\"image\":{\"@id\":\"https:\\\/\\\/www.monaco-tribune.com\\\/it\\\/#\\\/schema\\\/logo\\\/image\\\/\"},\"sameAs\":[\"https:\\\/\\\/www.facebook.com\\\/MonacoTribune\",\"https:\\\/\\\/x.com\\\/MonacoTribune\",\"https:\\\/\\\/www.instagram.com\\\/monacotribune\\\/\",\"https:\\\/\\\/www.linkedin.com\\\/company\\\/monaco-tribune\",\"https:\\\/\\\/www.youtube.com\\\/channel\\\/UCHle1MnG6hw1y4lWKijVbMA\"]},{\"@type\":\"Person\",\"@id\":\"https:\\\/\\\/www.monaco-tribune.com\\\/it\\\/#\\\/schema\\\/person\\\/55ce91a070ff78e15ec1817376669bf4\",\"name\":\"Estelle Imbert\",\"image\":{\"@type\":\"ImageObject\",\"inLanguage\":\"it-IT\",\"@id\":\"https:\\\/\\\/secure.gravatar.com\\\/avatar\\\/d2e1a3840b1138a669d04f6292bbd810f7f730844d7a28a8e8c4c6da40e79852?s=96&d=mm&r=g\",\"url\":\"https:\\\/\\\/secure.gravatar.com\\\/avatar\\\/d2e1a3840b1138a669d04f6292bbd810f7f730844d7a28a8e8c4c6da40e79852?s=96&d=mm&r=g\",\"contentUrl\":\"https:\\\/\\\/secure.gravatar.com\\\/avatar\\\/d2e1a3840b1138a669d04f6292bbd810f7f730844d7a28a8e8c4c6da40e79852?s=96&d=mm&r=g\",\"caption\":\"Estelle Imbert\"},\"url\":\"https:\\\/\\\/www.monaco-tribune.com\\\/it\\\/author\\\/estelleimbert\\\/\"}]}<\/script>\n<!-- \/ Yoast SEO Premium plugin. -->","yoast_head_json":{"title":"Programma 2025-2026: l\u2019OPMC presenta la sua stagione d\u2019addio a Kazuki Yamada","description":"La stagione 2025-2026 dell\u2019Orchestra Filarmonica di Monte-Carlo segner\u00e0 la conclusione di un decennio sotto la direzione di Kazuki Yamada, con un","robots":{"index":"index","follow":"follow","max-snippet":"max-snippet:-1","max-image-preview":"max-image-preview:large","max-video-preview":"max-video-preview:-1"},"canonical":"https:\/\/www.monaco-tribune.com\/it\/2025\/07\/programma-2025-2026-lopmc-presenta-la-sua-stagione-daddio-a-kazuki-yamada\/","og_locale":"it_IT","og_type":"article","og_title":"Programma 2025-2026: l\u2019OPMC presenta la sua stagione d\u2019addio a Kazuki Yamada - Monaco Tribune","og_description":"La stagione 2025-2026 dell\u2019Orchestra Filarmonica di Monte-Carlo segner\u00e0 la conclusione di un decennio sotto la direzione di Kazuki Yamada, con un","og_url":"https:\/\/www.monaco-tribune.com\/it\/2025\/07\/programma-2025-2026-lopmc-presenta-la-sua-stagione-daddio-a-kazuki-yamada\/","og_site_name":"Monaco Tribune","article_publisher":"https:\/\/www.facebook.com\/MonacoTribune","article_published_time":"2025-07-11T10:05:58+00:00","article_modified_time":"2025-07-11T10:06:09+00:00","og_image":[{"width":800,"height":296,"url":"https:\/\/www.monaco-tribune.com\/wp-content\/uploads\/2025\/07\/\u00a9-opmc-.jpg","type":"image\/jpeg"}],"author":"Estelle Imbert","twitter_card":"summary_large_image","twitter_creator":"@MonacoTribune","twitter_site":"@MonacoTribune","schema":{"@context":"https:\/\/schema.org","@graph":[{"@type":"NewsArticle","@id":"https:\/\/www.monaco-tribune.com\/it\/2025\/07\/programma-2025-2026-lopmc-presenta-la-sua-stagione-daddio-a-kazuki-yamada\/#article","isPartOf":{"@id":"https:\/\/www.monaco-tribune.com\/it\/2025\/07\/programma-2025-2026-lopmc-presenta-la-sua-stagione-daddio-a-kazuki-yamada\/"},"author":{"name":"Estelle Imbert","@id":"https:\/\/www.monaco-tribune.com\/it\/#\/schema\/person\/55ce91a070ff78e15ec1817376669bf4"},"headline":"Programma 2025-2026: l\u2019OPMC presenta la sua stagione d\u2019addio a Kazuki Yamada","datePublished":"2025-07-11T10:05:58+00:00","dateModified":"2025-07-11T10:06:09+00:00","mainEntityOfPage":{"@id":"https:\/\/www.monaco-tribune.com\/it\/2025\/07\/programma-2025-2026-lopmc-presenta-la-sua-stagione-daddio-a-kazuki-yamada\/"},"wordCount":706,"publisher":{"@id":"https:\/\/www.monaco-tribune.com\/it\/#organization"},"image":{"@id":"https:\/\/www.monaco-tribune.com\/it\/2025\/07\/programma-2025-2026-lopmc-presenta-la-sua-stagione-daddio-a-kazuki-yamada\/#primaryimage"},"thumbnailUrl":"https:\/\/www.monaco-tribune.com\/wp-content\/uploads\/2025\/07\/\u00a9-opmc-.jpg","keywords":["OPMC"],"articleSection":["Cosa fare","Notizie"],"inLanguage":"it-IT","copyrightYear":"2025","copyrightHolder":{"@id":"https:\/\/www.monaco-tribune.com\/#organization"}},{"@type":"WebPage","@id":"https:\/\/www.monaco-tribune.com\/it\/2025\/07\/programma-2025-2026-lopmc-presenta-la-sua-stagione-daddio-a-kazuki-yamada\/","url":"https:\/\/www.monaco-tribune.com\/it\/2025\/07\/programma-2025-2026-lopmc-presenta-la-sua-stagione-daddio-a-kazuki-yamada\/","name":"Programma 2025-2026: l\u2019OPMC presenta la sua stagione d\u2019addio a Kazuki Yamada","isPartOf":{"@id":"https:\/\/www.monaco-tribune.com\/it\/#website"},"primaryImageOfPage":{"@id":"https:\/\/www.monaco-tribune.com\/it\/2025\/07\/programma-2025-2026-lopmc-presenta-la-sua-stagione-daddio-a-kazuki-yamada\/#primaryimage"},"image":{"@id":"https:\/\/www.monaco-tribune.com\/it\/2025\/07\/programma-2025-2026-lopmc-presenta-la-sua-stagione-daddio-a-kazuki-yamada\/#primaryimage"},"thumbnailUrl":"https:\/\/www.monaco-tribune.com\/wp-content\/uploads\/2025\/07\/\u00a9-opmc-.jpg","datePublished":"2025-07-11T10:05:58+00:00","dateModified":"2025-07-11T10:06:09+00:00","description":"La stagione 2025-2026 dell\u2019Orchestra Filarmonica di Monte-Carlo segner\u00e0 la conclusione di un decennio sotto la direzione di Kazuki Yamada, con un","breadcrumb":{"@id":"https:\/\/www.monaco-tribune.com\/it\/2025\/07\/programma-2025-2026-lopmc-presenta-la-sua-stagione-daddio-a-kazuki-yamada\/#breadcrumb"},"inLanguage":"it-IT","potentialAction":[{"@type":"ReadAction","target":["https:\/\/www.monaco-tribune.com\/it\/2025\/07\/programma-2025-2026-lopmc-presenta-la-sua-stagione-daddio-a-kazuki-yamada\/"]}]},{"@type":"ImageObject","inLanguage":"it-IT","@id":"https:\/\/www.monaco-tribune.com\/it\/2025\/07\/programma-2025-2026-lopmc-presenta-la-sua-stagione-daddio-a-kazuki-yamada\/#primaryimage","url":"https:\/\/www.monaco-tribune.com\/wp-content\/uploads\/2025\/07\/\u00a9-opmc-.jpg","contentUrl":"https:\/\/www.monaco-tribune.com\/wp-content\/uploads\/2025\/07\/\u00a9-opmc-.jpg","width":800,"height":296,"caption":"Per celebrare questa stagione speciale, l\u2019OPMC accoglier\u00e0 Pablo Ferr\u00e1ndez come artista in residenza \u00a9 opmc"},{"@type":"BreadcrumbList","@id":"https:\/\/www.monaco-tribune.com\/it\/2025\/07\/programma-2025-2026-lopmc-presenta-la-sua-stagione-daddio-a-kazuki-yamada\/#breadcrumb","itemListElement":[{"@type":"ListItem","position":1,"name":"Accueil","item":"https:\/\/www.monaco-tribune.com\/it\/"},{"@type":"ListItem","position":2,"name":"Programma 2025-2026: l\u2019OPMC presenta la sua stagione d\u2019addio a Kazuki Yamada"}]},{"@type":"WebSite","@id":"https:\/\/www.monaco-tribune.com\/it\/#website","url":"https:\/\/www.monaco-tribune.com\/it\/","name":"Monaco Tribune","description":"Monaco : actualit\u00e9s \u00e9conomiques, politiques, culturelles et sportives de Monaco et de la French Riviera.","publisher":{"@id":"https:\/\/www.monaco-tribune.com\/it\/#organization"},"potentialAction":[{"@type":"SearchAction","target":{"@type":"EntryPoint","urlTemplate":"https:\/\/www.monaco-tribune.com\/it\/?s={search_term_string}"},"query-input":{"@type":"PropertyValueSpecification","valueRequired":true,"valueName":"search_term_string"}}],"inLanguage":"it-IT"},{"@type":"Organization","@id":"https:\/\/www.monaco-tribune.com\/it\/#organization","name":"Monaco Tribune","url":"https:\/\/www.monaco-tribune.com\/it\/","logo":{"@type":"ImageObject","inLanguage":"it-IT","@id":"https:\/\/www.monaco-tribune.com\/it\/#\/schema\/logo\/image\/","url":"https:\/\/www.monaco-tribune.com\/wp-content\/uploads\/2022\/11\/logo-monaco-tribune.png","contentUrl":"https:\/\/www.monaco-tribune.com\/wp-content\/uploads\/2022\/11\/logo-monaco-tribune.png","width":1548,"height":600,"caption":"Monaco Tribune"},"image":{"@id":"https:\/\/www.monaco-tribune.com\/it\/#\/schema\/logo\/image\/"},"sameAs":["https:\/\/www.facebook.com\/MonacoTribune","https:\/\/x.com\/MonacoTribune","https:\/\/www.instagram.com\/monacotribune\/","https:\/\/www.linkedin.com\/company\/monaco-tribune","https:\/\/www.youtube.com\/channel\/UCHle1MnG6hw1y4lWKijVbMA"]},{"@type":"Person","@id":"https:\/\/www.monaco-tribune.com\/it\/#\/schema\/person\/55ce91a070ff78e15ec1817376669bf4","name":"Estelle Imbert","image":{"@type":"ImageObject","inLanguage":"it-IT","@id":"https:\/\/secure.gravatar.com\/avatar\/d2e1a3840b1138a669d04f6292bbd810f7f730844d7a28a8e8c4c6da40e79852?s=96&d=mm&r=g","url":"https:\/\/secure.gravatar.com\/avatar\/d2e1a3840b1138a669d04f6292bbd810f7f730844d7a28a8e8c4c6da40e79852?s=96&d=mm&r=g","contentUrl":"https:\/\/secure.gravatar.com\/avatar\/d2e1a3840b1138a669d04f6292bbd810f7f730844d7a28a8e8c4c6da40e79852?s=96&d=mm&r=g","caption":"Estelle Imbert"},"url":"https:\/\/www.monaco-tribune.com\/it\/author\/estelleimbert\/"}]}},"_links":{"self":[{"href":"https:\/\/www.monaco-tribune.com\/it\/wp-json\/wp\/v2\/posts\/304288","targetHints":{"allow":["GET"]}}],"collection":[{"href":"https:\/\/www.monaco-tribune.com\/it\/wp-json\/wp\/v2\/posts"}],"about":[{"href":"https:\/\/www.monaco-tribune.com\/it\/wp-json\/wp\/v2\/types\/post"}],"author":[{"embeddable":true,"href":"https:\/\/www.monaco-tribune.com\/it\/wp-json\/wp\/v2\/users\/80"}],"replies":[{"embeddable":true,"href":"https:\/\/www.monaco-tribune.com\/it\/wp-json\/wp\/v2\/comments?post=304288"}],"version-history":[{"count":2,"href":"https:\/\/www.monaco-tribune.com\/it\/wp-json\/wp\/v2\/posts\/304288\/revisions"}],"predecessor-version":[{"id":304291,"href":"https:\/\/www.monaco-tribune.com\/it\/wp-json\/wp\/v2\/posts\/304288\/revisions\/304291"}],"wp:featuredmedia":[{"embeddable":true,"href":"https:\/\/www.monaco-tribune.com\/it\/wp-json\/wp\/v2\/media\/304093"}],"wp:attachment":[{"href":"https:\/\/www.monaco-tribune.com\/it\/wp-json\/wp\/v2\/media?parent=304288"}],"wp:term":[{"taxonomy":"category","embeddable":true,"href":"https:\/\/www.monaco-tribune.com\/it\/wp-json\/wp\/v2\/categories?post=304288"},{"taxonomy":"post_tag","embeddable":true,"href":"https:\/\/www.monaco-tribune.com\/it\/wp-json\/wp\/v2\/tags?post=304288"},{"taxonomy":"sectag","embeddable":true,"href":"https:\/\/www.monaco-tribune.com\/it\/wp-json\/wp\/v2\/post_sectags?post=304288"},{"taxonomy":"format","embeddable":true,"href":"https:\/\/www.monaco-tribune.com\/it\/wp-json\/wp\/v2\/post_format?post=304288"}],"curies":[{"name":"wp","href":"https:\/\/api.w.org\/{rel}","templated":true}]}}