{"id":304877,"date":"2025-07-15T15:33:35","date_gmt":"2025-07-15T13:33:35","guid":{"rendered":"https:\/\/www.monaco-tribune.com\/2025\/07\/ti-amiamo-la-dichiarazione-commovente-della-principessa-charlene-al-principe-alberto-ii\/"},"modified":"2025-07-15T15:33:43","modified_gmt":"2025-07-15T13:33:43","slug":"ti-amiamo-la-dichiarazione-commovente-della-principessa-charlene-al-principe-alberto-ii","status":"publish","type":"post","link":"https:\/\/www.monaco-tribune.com\/it\/2025\/07\/ti-amiamo-la-dichiarazione-commovente-della-principessa-charlene-al-principe-alberto-ii\/","title":{"rendered":"\u00abTi amiamo\u00bb: la dichiarazione commovente della Principessa Charl\u00e8ne al Principe Alberto II"},"content":{"rendered":"\n<p><strong>In occasione del 76\u00b0 Gala della Croce Rossa monegasca, la Principessa Charl\u00e8ne ha pronunciato un discorso di rara intensit\u00e0 emotiva per celebrare i 20 anni di regno di suo marito, trasformando questa serata benefica in un momento storico e profondamente toccante.<\/strong><\/p>\n\n<p>Il 12 luglio 2025 ha segnato una doppia ricorrenza: <a href=\"https:\/\/www.monaco-tribune.com\/2025\/07\/billy-idol-enflammera-la-salle-des-etoiles-pour-la-noble-cause-de-la-croix-rouge-monegasque\/\">il tradizionale Gala della Croce Rossa monegasca<\/a> e il 20\u00b0 anniversario dell\u2019ascesa al trono del Principe Alberto II. Nella Salle des \u00c9toiles dello Sporting Monte-Carlo, 800 ospiti hanno assistito a un momento straordinario quando la Principessa ha preso la parola.<\/p>\n\n<h2 class=\"wp-block-heading\" id=\"h-un-hommage-empreint-de-tendresse\">Un omaggio carico di tenerezza<\/h2>\n\n<p>\u00abQuesto 12 luglio segna i 20 anni della tua ascesa\u2026 Da quel giorno, guidi Monaco con saggezza, coraggio e determinazione\u2026 Hai promosso molti cambiamenti nel Principato, talvolta prendendo decisioni difficili, sempre guidato dal tuo desiderio di unit\u00e0 e serenit\u00e0 per il nostro Paese\u00bb, ha dichiarato la Principessa davanti a un pubblico visibilmente commosso. Il suo discorso, pronunciato con una dolcezza palpabile, ha reso omaggio all\u2019impegno costante del Sovrano per la Croce Rossa monegasca e per la causa ambientale.<\/p>\n\n<p>La Principessa ha poi proseguito con parole di straordinaria intensit\u00e0: \u00abMonseigneur, Alberto, sai che sar\u00f2 sempre al tuo fianco, insieme a tutti i monegaschi. Siamo con te, con tutto il cuore, per proteggere Monaco e il suo futuro sotto la tua guida. Ti amiamo, ti sosteniamo e ti ringraziamo per esserci per tutti noi\u2026\u00bb<\/p>\n\n<figure class=\"wp-block-gallery has-nested-images columns-1 is-cropped wp-block-gallery-1 is-layout-flex wp-block-gallery-is-layout-flex\">\n<figure class=\"wp-block-image size-large\"><img loading=\"lazy\" decoding=\"async\" width=\"1024\" height=\"683\" data-id=\"304637\" src=\"https:\/\/www.monaco-tribune.com\/wp-content\/uploads\/2025\/07\/princesse-charlene-de-monaco-1024x683.jpg\" alt=\"\" class=\"wp-image-304637\" srcset=\"https:\/\/www.monaco-tribune.com\/wp-content\/uploads\/2025\/07\/princesse-charlene-de-monaco-1024x683.jpg 1024w, https:\/\/www.monaco-tribune.com\/wp-content\/uploads\/2025\/07\/princesse-charlene-de-monaco-450x300.jpg 450w, https:\/\/www.monaco-tribune.com\/wp-content\/uploads\/2025\/07\/princesse-charlene-de-monaco.jpg 1200w\" sizes=\"auto, (max-width: 1024px) 100vw, 1024px\" \/><\/figure>\n\n\n\n<figure class=\"wp-block-image size-large\"><img loading=\"lazy\" decoding=\"async\" width=\"1024\" height=\"683\" data-id=\"304633\" src=\"https:\/\/www.monaco-tribune.com\/wp-content\/uploads\/2025\/07\/princess-charlene-monaco-1024x683.jpg\" alt=\"\" class=\"wp-image-304633\" srcset=\"https:\/\/www.monaco-tribune.com\/wp-content\/uploads\/2025\/07\/princess-charlene-monaco-1024x683.jpg 1024w, https:\/\/www.monaco-tribune.com\/wp-content\/uploads\/2025\/07\/princess-charlene-monaco-450x300.jpg 450w, https:\/\/www.monaco-tribune.com\/wp-content\/uploads\/2025\/07\/princess-charlene-monaco.jpg 1200w\" sizes=\"auto, (max-width: 1024px) 100vw, 1024px\" \/><\/figure>\n\n\n\n<figure class=\"wp-block-image size-large\"><img loading=\"lazy\" decoding=\"async\" width=\"1024\" height=\"684\" data-id=\"304629\" src=\"https:\/\/www.monaco-tribune.com\/wp-content\/uploads\/2025\/07\/prince-albert-ii-princesse-charlene-de-monaco-1024x684.jpg\" alt=\"\" class=\"wp-image-304629\" srcset=\"https:\/\/www.monaco-tribune.com\/wp-content\/uploads\/2025\/07\/prince-albert-ii-princesse-charlene-de-monaco-1024x684.jpg 1024w, https:\/\/www.monaco-tribune.com\/wp-content\/uploads\/2025\/07\/prince-albert-ii-princesse-charlene-de-monaco-449x300.jpg 449w, https:\/\/www.monaco-tribune.com\/wp-content\/uploads\/2025\/07\/prince-albert-ii-princesse-charlene-de-monaco.jpg 1200w\" sizes=\"auto, (max-width: 1024px) 100vw, 1024px\" \/><\/figure>\n\n\n\n<figure class=\"wp-block-image size-large\"><img loading=\"lazy\" decoding=\"async\" width=\"1024\" height=\"683\" data-id=\"304625\" src=\"https:\/\/www.monaco-tribune.com\/wp-content\/uploads\/2025\/07\/prince-albert-ii-princesse-charlene-monaco-1024x683.jpg\" alt=\"\" class=\"wp-image-304625\" srcset=\"https:\/\/www.monaco-tribune.com\/wp-content\/uploads\/2025\/07\/prince-albert-ii-princesse-charlene-monaco-1024x683.jpg 1024w, https:\/\/www.monaco-tribune.com\/wp-content\/uploads\/2025\/07\/prince-albert-ii-princesse-charlene-monaco-450x300.jpg 450w, https:\/\/www.monaco-tribune.com\/wp-content\/uploads\/2025\/07\/prince-albert-ii-princesse-charlene-monaco.jpg 1200w\" sizes=\"auto, (max-width: 1024px) 100vw, 1024px\" \/><\/figure>\n\n\n\n<figure class=\"wp-block-image size-large\"><img loading=\"lazy\" decoding=\"async\" width=\"1024\" height=\"683\" data-id=\"304621\" src=\"https:\/\/www.monaco-tribune.com\/wp-content\/uploads\/2025\/07\/prince-albert-ii-gala-croix-rouge-1024x683.jpg\" alt=\"\" class=\"wp-image-304621\" srcset=\"https:\/\/www.monaco-tribune.com\/wp-content\/uploads\/2025\/07\/prince-albert-ii-gala-croix-rouge-1024x683.jpg 1024w, https:\/\/www.monaco-tribune.com\/wp-content\/uploads\/2025\/07\/prince-albert-ii-gala-croix-rouge-450x300.jpg 450w, https:\/\/www.monaco-tribune.com\/wp-content\/uploads\/2025\/07\/prince-albert-ii-gala-croix-rouge.jpg 1200w\" sizes=\"auto, (max-width: 1024px) 100vw, 1024px\" \/><\/figure>\n\n\n\n<figure class=\"wp-block-image size-large\"><img loading=\"lazy\" decoding=\"async\" width=\"1024\" height=\"683\" data-id=\"304617\" src=\"https:\/\/www.monaco-tribune.com\/wp-content\/uploads\/2025\/07\/gala-croix-rouge-monaci-1024x683.jpg\" alt=\"\" class=\"wp-image-304617\" srcset=\"https:\/\/www.monaco-tribune.com\/wp-content\/uploads\/2025\/07\/gala-croix-rouge-monaci-1024x683.jpg 1024w, https:\/\/www.monaco-tribune.com\/wp-content\/uploads\/2025\/07\/gala-croix-rouge-monaci-450x300.jpg 450w, https:\/\/www.monaco-tribune.com\/wp-content\/uploads\/2025\/07\/gala-croix-rouge-monaci.jpg 1200w\" sizes=\"auto, (max-width: 1024px) 100vw, 1024px\" \/><\/figure>\n\n\n\n<figure class=\"wp-block-image size-large\"><img loading=\"lazy\" decoding=\"async\" width=\"1024\" height=\"683\" data-id=\"304613\" src=\"https:\/\/www.monaco-tribune.com\/wp-content\/uploads\/2025\/07\/famille-princiere-monaco-1024x683.jpg\" alt=\"\" class=\"wp-image-304613\" srcset=\"https:\/\/www.monaco-tribune.com\/wp-content\/uploads\/2025\/07\/famille-princiere-monaco-1024x683.jpg 1024w, https:\/\/www.monaco-tribune.com\/wp-content\/uploads\/2025\/07\/famille-princiere-monaco-450x300.jpg 450w, https:\/\/www.monaco-tribune.com\/wp-content\/uploads\/2025\/07\/famille-princiere-monaco.jpg 1200w\" sizes=\"auto, (max-width: 1024px) 100vw, 1024px\" \/><\/figure>\n\n\n\n<figure class=\"wp-block-image size-large\"><img loading=\"lazy\" decoding=\"async\" width=\"1024\" height=\"683\" data-id=\"304609\" src=\"https:\/\/www.monaco-tribune.com\/wp-content\/uploads\/2025\/07\/billy-idol-1-1024x683.jpg\" alt=\"\" class=\"wp-image-304609\" srcset=\"https:\/\/www.monaco-tribune.com\/wp-content\/uploads\/2025\/07\/billy-idol-1-1024x683.jpg 1024w, https:\/\/www.monaco-tribune.com\/wp-content\/uploads\/2025\/07\/billy-idol-1-450x300.jpg 450w, https:\/\/www.monaco-tribune.com\/wp-content\/uploads\/2025\/07\/billy-idol-1.jpg 1200w\" sizes=\"auto, (max-width: 1024px) 100vw, 1024px\" \/><\/figure>\n\n\n<div class=\"wp-block-image\">\n<figure class=\"aligncenter size-large\"><img loading=\"lazy\" decoding=\"async\" width=\"1024\" height=\"683\" data-id=\"304605\" src=\"https:\/\/www.monaco-tribune.com\/wp-content\/uploads\/2025\/07\/alexandra-saint-mleux-charles-leclerc-1024x683.jpg\" alt=\"\" class=\"wp-image-304605\" srcset=\"https:\/\/www.monaco-tribune.com\/wp-content\/uploads\/2025\/07\/alexandra-saint-mleux-charles-leclerc-1024x683.jpg 1024w, https:\/\/www.monaco-tribune.com\/wp-content\/uploads\/2025\/07\/alexandra-saint-mleux-charles-leclerc-450x300.jpg 450w, https:\/\/www.monaco-tribune.com\/wp-content\/uploads\/2025\/07\/alexandra-saint-mleux-charles-leclerc.jpg 1200w\" sizes=\"auto, (max-width: 1024px) 100vw, 1024px\" \/><figcaption class=\"wp-element-caption\"><em>\u00a9 Micha\u00ebl Alesi, Fr\u00e9d\u00e9ric Nebinger \/ Palazzo del Principe<\/em><\/figcaption><\/figure>\n<\/div><\/figure>\n\n<p class=\"related\"><a href=\"https:\/\/www.monaco-tribune.com\/it\/2025\/07\/il-principe-alberto-ii-di-monaco-20-anni-di-regno-al-servizio-dellambiente-e-della-modernita\/\">Il Principe Alberto II di Monaco: 20 anni di regno al servizio dell\u2019ambiente e della modernit\u00e0<\/a><\/p>\n\n<h2 class=\"wp-block-heading\" id=\"h-une-soiree-d-exception-au-service-de-la-solidarite\">Una serata d\u2019eccezione all&#8217;insegna della solidariet\u00e0<\/h2>\n\n<p>Circondata da Camille Gottlieb, Louis e Marie Ducruet, e Charles Leclerc (con la compagna Alexandra Saint Mleux), la Coppia Principesca ha poi gustato una cena raffinata firmata dallo chef Thierry Saez Manzanares. L\u2019artista Bernar Venet ha donato alla Croce Rossa monegasca la sua opera &#8220;Generative Angles Painting \u2013 Red 11&#8221;, prima che Billy Idol accendesse il palco con un concerto esplosivo.<\/p>\n\n<p>Questa serata rester\u00e0 impressa nella memoria come un momento in cui generosit\u00e0, solidariet\u00e0 e amore per Monaco si sono intrecciati alla perfezione.<\/p>\n","protected":false},"excerpt":{"rendered":"<p>In occasione del 76\u00b0 Gala della Croce Rossa monegasca, la Principessa Charl\u00e8ne ha pronunciato un discorso di rara intensit\u00e0 emotiva [&hellip;]<\/p>\n","protected":false},"author":78,"featured_media":304643,"comment_status":"closed","ping_status":"closed","sticky":false,"template":"","format":"standard","meta":{"_acf_changed":false,"footnotes":""},"categories":[1742,1826,1738],"tags":[4252],"post_sectags":[],"post_format":[2474],"class_list":["post-304877","post","type-post","status-publish","format-standard","has-post-thumbnail","hentry","category-famiglia-principesca","category-la-nostra-scelta","category-notizie","tag-croce-rossa-monegasca","format-foto"],"acf":[],"yoast_head":"<!-- This site is optimized with the Yoast SEO Premium plugin v26.8 (Yoast SEO v27.4) - https:\/\/yoast.com\/product\/yoast-seo-premium-wordpress\/ -->\n<title>\u00abTi amiamo\u00bb: la dichiarazione commovente della Principessa Charl\u00e8ne al Principe Alberto II<\/title>\n<meta name=\"description\" content=\"In occasione del 76\u00b0 Gala della Croce Rossa monegasca, la Principessa Charl\u00e8ne ha pronunciato un discorso di rara intensit\u00e0 emotiva per celebrare i 20\" \/>\n<meta name=\"robots\" content=\"index, follow, max-snippet:-1, max-image-preview:large, max-video-preview:-1\" \/>\n<link rel=\"canonical\" href=\"https:\/\/www.monaco-tribune.com\/it\/2025\/07\/ti-amiamo-la-dichiarazione-commovente-della-principessa-charlene-al-principe-alberto-ii\/\" \/>\n<meta property=\"og:locale\" content=\"it_IT\" \/>\n<meta property=\"og:type\" content=\"article\" \/>\n<meta property=\"og:title\" content=\"\u00abTi amiamo\u00bb: la dichiarazione commovente della Principessa Charl\u00e8ne al Principe Alberto II - Monaco Tribune\" \/>\n<meta property=\"og:description\" content=\"In occasione del 76\u00b0 Gala della Croce Rossa monegasca, la Principessa Charl\u00e8ne ha pronunciato un discorso di rara intensit\u00e0 emotiva per celebrare i 20\" \/>\n<meta property=\"og:url\" content=\"https:\/\/www.monaco-tribune.com\/it\/2025\/07\/ti-amiamo-la-dichiarazione-commovente-della-principessa-charlene-al-principe-alberto-ii\/\" \/>\n<meta property=\"og:site_name\" content=\"Monaco Tribune\" \/>\n<meta property=\"article:publisher\" content=\"https:\/\/www.facebook.com\/MonacoTribune\" \/>\n<meta property=\"article:published_time\" content=\"2025-07-15T13:33:35+00:00\" \/>\n<meta property=\"article:modified_time\" content=\"2025-07-15T13:33:43+00:00\" \/>\n<meta property=\"og:image\" content=\"https:\/\/www.monaco-tribune.com\/wp-content\/uploads\/2025\/07\/princesse-charlene-prince-albert-moanco-dance.jpg\" \/>\n\t<meta property=\"og:image:width\" content=\"1200\" \/>\n\t<meta property=\"og:image:height\" content=\"800\" \/>\n\t<meta property=\"og:image:type\" content=\"image\/jpeg\" \/>\n<meta name=\"author\" content=\"Mark Linden\" \/>\n<meta name=\"twitter:card\" content=\"summary_large_image\" \/>\n<meta name=\"twitter:creator\" content=\"@MonacoTribune\" \/>\n<meta name=\"twitter:site\" content=\"@MonacoTribune\" \/>\n<script type=\"application\/ld+json\" class=\"yoast-schema-graph\">{\"@context\":\"https:\\\/\\\/schema.org\",\"@graph\":[{\"@type\":\"NewsArticle\",\"@id\":\"https:\\\/\\\/www.monaco-tribune.com\\\/it\\\/2025\\\/07\\\/ti-amiamo-la-dichiarazione-commovente-della-principessa-charlene-al-principe-alberto-ii\\\/#article\",\"isPartOf\":{\"@id\":\"https:\\\/\\\/www.monaco-tribune.com\\\/it\\\/2025\\\/07\\\/ti-amiamo-la-dichiarazione-commovente-della-principessa-charlene-al-principe-alberto-ii\\\/\"},\"author\":{\"name\":\"Mark Linden\",\"@id\":\"https:\\\/\\\/www.monaco-tribune.com\\\/it\\\/#\\\/schema\\\/person\\\/3796f08c04a1ae0bf5db7629e63acc06\"},\"headline\":\"\u00abTi amiamo\u00bb: la dichiarazione commovente della Principessa Charl\u00e8ne al Principe Alberto II\",\"datePublished\":\"2025-07-15T13:33:35+00:00\",\"dateModified\":\"2025-07-15T13:33:43+00:00\",\"mainEntityOfPage\":{\"@id\":\"https:\\\/\\\/www.monaco-tribune.com\\\/it\\\/2025\\\/07\\\/ti-amiamo-la-dichiarazione-commovente-della-principessa-charlene-al-principe-alberto-ii\\\/\"},\"wordCount\":351,\"publisher\":{\"@id\":\"https:\\\/\\\/www.monaco-tribune.com\\\/it\\\/#organization\"},\"image\":{\"@id\":\"https:\\\/\\\/www.monaco-tribune.com\\\/it\\\/2025\\\/07\\\/ti-amiamo-la-dichiarazione-commovente-della-principessa-charlene-al-principe-alberto-ii\\\/#primaryimage\"},\"thumbnailUrl\":\"https:\\\/\\\/www.monaco-tribune.com\\\/wp-content\\\/uploads\\\/2025\\\/07\\\/princesse-charlene-prince-albert-moanco-dance.jpg\",\"keywords\":[\"Croce Rossa monegasca\"],\"articleSection\":[\"Famiglia Principesca\",\"La nostra scelta\",\"Notizie\"],\"inLanguage\":\"it-IT\",\"copyrightYear\":\"2025\",\"copyrightHolder\":{\"@id\":\"https:\\\/\\\/www.monaco-tribune.com\\\/#organization\"}},{\"@type\":\"WebPage\",\"@id\":\"https:\\\/\\\/www.monaco-tribune.com\\\/it\\\/2025\\\/07\\\/ti-amiamo-la-dichiarazione-commovente-della-principessa-charlene-al-principe-alberto-ii\\\/\",\"url\":\"https:\\\/\\\/www.monaco-tribune.com\\\/it\\\/2025\\\/07\\\/ti-amiamo-la-dichiarazione-commovente-della-principessa-charlene-al-principe-alberto-ii\\\/\",\"name\":\"\u00abTi amiamo\u00bb: la dichiarazione commovente della Principessa Charl\u00e8ne al Principe Alberto II\",\"isPartOf\":{\"@id\":\"https:\\\/\\\/www.monaco-tribune.com\\\/it\\\/#website\"},\"primaryImageOfPage\":{\"@id\":\"https:\\\/\\\/www.monaco-tribune.com\\\/it\\\/2025\\\/07\\\/ti-amiamo-la-dichiarazione-commovente-della-principessa-charlene-al-principe-alberto-ii\\\/#primaryimage\"},\"image\":{\"@id\":\"https:\\\/\\\/www.monaco-tribune.com\\\/it\\\/2025\\\/07\\\/ti-amiamo-la-dichiarazione-commovente-della-principessa-charlene-al-principe-alberto-ii\\\/#primaryimage\"},\"thumbnailUrl\":\"https:\\\/\\\/www.monaco-tribune.com\\\/wp-content\\\/uploads\\\/2025\\\/07\\\/princesse-charlene-prince-albert-moanco-dance.jpg\",\"datePublished\":\"2025-07-15T13:33:35+00:00\",\"dateModified\":\"2025-07-15T13:33:43+00:00\",\"description\":\"In occasione del 76\u00b0 Gala della Croce Rossa monegasca, la Principessa Charl\u00e8ne ha pronunciato un discorso di rara intensit\u00e0 emotiva per celebrare i 20\",\"breadcrumb\":{\"@id\":\"https:\\\/\\\/www.monaco-tribune.com\\\/it\\\/2025\\\/07\\\/ti-amiamo-la-dichiarazione-commovente-della-principessa-charlene-al-principe-alberto-ii\\\/#breadcrumb\"},\"inLanguage\":\"it-IT\",\"potentialAction\":[{\"@type\":\"ReadAction\",\"target\":[\"https:\\\/\\\/www.monaco-tribune.com\\\/it\\\/2025\\\/07\\\/ti-amiamo-la-dichiarazione-commovente-della-principessa-charlene-al-principe-alberto-ii\\\/\"]}]},{\"@type\":\"ImageObject\",\"inLanguage\":\"it-IT\",\"@id\":\"https:\\\/\\\/www.monaco-tribune.com\\\/it\\\/2025\\\/07\\\/ti-amiamo-la-dichiarazione-commovente-della-principessa-charlene-al-principe-alberto-ii\\\/#primaryimage\",\"url\":\"https:\\\/\\\/www.monaco-tribune.com\\\/wp-content\\\/uploads\\\/2025\\\/07\\\/princesse-charlene-prince-albert-moanco-dance.jpg\",\"contentUrl\":\"https:\\\/\\\/www.monaco-tribune.com\\\/wp-content\\\/uploads\\\/2025\\\/07\\\/princesse-charlene-prince-albert-moanco-dance.jpg\",\"width\":1200,\"height\":800,\"caption\":\"Un momento carico di emozione \u00a9 Micha\u00ebl Alesi, Fr\u00e9d\u00e9ric Nebinger \\\/ Palazzo del Principe\"},{\"@type\":\"BreadcrumbList\",\"@id\":\"https:\\\/\\\/www.monaco-tribune.com\\\/it\\\/2025\\\/07\\\/ti-amiamo-la-dichiarazione-commovente-della-principessa-charlene-al-principe-alberto-ii\\\/#breadcrumb\",\"itemListElement\":[{\"@type\":\"ListItem\",\"position\":1,\"name\":\"Accueil\",\"item\":\"https:\\\/\\\/www.monaco-tribune.com\\\/it\\\/\"},{\"@type\":\"ListItem\",\"position\":2,\"name\":\"\u00abTi amiamo\u00bb: la dichiarazione commovente della Principessa Charl\u00e8ne al Principe Alberto II\"}]},{\"@type\":\"WebSite\",\"@id\":\"https:\\\/\\\/www.monaco-tribune.com\\\/it\\\/#website\",\"url\":\"https:\\\/\\\/www.monaco-tribune.com\\\/it\\\/\",\"name\":\"Monaco Tribune\",\"description\":\"Monaco : actualit\u00e9s \u00e9conomiques, politiques, culturelles et sportives de Monaco et de la French Riviera.\",\"publisher\":{\"@id\":\"https:\\\/\\\/www.monaco-tribune.com\\\/it\\\/#organization\"},\"potentialAction\":[{\"@type\":\"SearchAction\",\"target\":{\"@type\":\"EntryPoint\",\"urlTemplate\":\"https:\\\/\\\/www.monaco-tribune.com\\\/it\\\/?s={search_term_string}\"},\"query-input\":{\"@type\":\"PropertyValueSpecification\",\"valueRequired\":true,\"valueName\":\"search_term_string\"}}],\"inLanguage\":\"it-IT\"},{\"@type\":\"Organization\",\"@id\":\"https:\\\/\\\/www.monaco-tribune.com\\\/it\\\/#organization\",\"name\":\"Monaco Tribune\",\"url\":\"https:\\\/\\\/www.monaco-tribune.com\\\/it\\\/\",\"logo\":{\"@type\":\"ImageObject\",\"inLanguage\":\"it-IT\",\"@id\":\"https:\\\/\\\/www.monaco-tribune.com\\\/it\\\/#\\\/schema\\\/logo\\\/image\\\/\",\"url\":\"https:\\\/\\\/www.monaco-tribune.com\\\/wp-content\\\/uploads\\\/2022\\\/11\\\/logo-monaco-tribune.png\",\"contentUrl\":\"https:\\\/\\\/www.monaco-tribune.com\\\/wp-content\\\/uploads\\\/2022\\\/11\\\/logo-monaco-tribune.png\",\"width\":1548,\"height\":600,\"caption\":\"Monaco Tribune\"},\"image\":{\"@id\":\"https:\\\/\\\/www.monaco-tribune.com\\\/it\\\/#\\\/schema\\\/logo\\\/image\\\/\"},\"sameAs\":[\"https:\\\/\\\/www.facebook.com\\\/MonacoTribune\",\"https:\\\/\\\/x.com\\\/MonacoTribune\",\"https:\\\/\\\/www.instagram.com\\\/monacotribune\\\/\",\"https:\\\/\\\/www.linkedin.com\\\/company\\\/monaco-tribune\",\"https:\\\/\\\/www.youtube.com\\\/channel\\\/UCHle1MnG6hw1y4lWKijVbMA\"]},{\"@type\":\"Person\",\"@id\":\"https:\\\/\\\/www.monaco-tribune.com\\\/it\\\/#\\\/schema\\\/person\\\/3796f08c04a1ae0bf5db7629e63acc06\",\"name\":\"Mark Linden\",\"image\":{\"@type\":\"ImageObject\",\"inLanguage\":\"it-IT\",\"@id\":\"https:\\\/\\\/secure.gravatar.com\\\/avatar\\\/d0130c037315ebbab849176573fa4be49bb085b56b56eef40dfdebd8b0dab200?s=96&d=mm&r=g\",\"url\":\"https:\\\/\\\/secure.gravatar.com\\\/avatar\\\/d0130c037315ebbab849176573fa4be49bb085b56b56eef40dfdebd8b0dab200?s=96&d=mm&r=g\",\"contentUrl\":\"https:\\\/\\\/secure.gravatar.com\\\/avatar\\\/d0130c037315ebbab849176573fa4be49bb085b56b56eef40dfdebd8b0dab200?s=96&d=mm&r=g\",\"caption\":\"Mark Linden\"},\"url\":\"https:\\\/\\\/www.monaco-tribune.com\\\/it\\\/author\\\/nielslinden\\\/\"}]}<\/script>\n<!-- \/ Yoast SEO Premium plugin. -->","yoast_head_json":{"title":"\u00abTi amiamo\u00bb: la dichiarazione commovente della Principessa Charl\u00e8ne al Principe Alberto II","description":"In occasione del 76\u00b0 Gala della Croce Rossa monegasca, la Principessa Charl\u00e8ne ha pronunciato un discorso di rara intensit\u00e0 emotiva per celebrare i 20","robots":{"index":"index","follow":"follow","max-snippet":"max-snippet:-1","max-image-preview":"max-image-preview:large","max-video-preview":"max-video-preview:-1"},"canonical":"https:\/\/www.monaco-tribune.com\/it\/2025\/07\/ti-amiamo-la-dichiarazione-commovente-della-principessa-charlene-al-principe-alberto-ii\/","og_locale":"it_IT","og_type":"article","og_title":"\u00abTi amiamo\u00bb: la dichiarazione commovente della Principessa Charl\u00e8ne al Principe Alberto II - Monaco Tribune","og_description":"In occasione del 76\u00b0 Gala della Croce Rossa monegasca, la Principessa Charl\u00e8ne ha pronunciato un discorso di rara intensit\u00e0 emotiva per celebrare i 20","og_url":"https:\/\/www.monaco-tribune.com\/it\/2025\/07\/ti-amiamo-la-dichiarazione-commovente-della-principessa-charlene-al-principe-alberto-ii\/","og_site_name":"Monaco Tribune","article_publisher":"https:\/\/www.facebook.com\/MonacoTribune","article_published_time":"2025-07-15T13:33:35+00:00","article_modified_time":"2025-07-15T13:33:43+00:00","og_image":[{"width":1200,"height":800,"url":"https:\/\/www.monaco-tribune.com\/wp-content\/uploads\/2025\/07\/princesse-charlene-prince-albert-moanco-dance.jpg","type":"image\/jpeg"}],"author":"Mark Linden","twitter_card":"summary_large_image","twitter_creator":"@MonacoTribune","twitter_site":"@MonacoTribune","schema":{"@context":"https:\/\/schema.org","@graph":[{"@type":"NewsArticle","@id":"https:\/\/www.monaco-tribune.com\/it\/2025\/07\/ti-amiamo-la-dichiarazione-commovente-della-principessa-charlene-al-principe-alberto-ii\/#article","isPartOf":{"@id":"https:\/\/www.monaco-tribune.com\/it\/2025\/07\/ti-amiamo-la-dichiarazione-commovente-della-principessa-charlene-al-principe-alberto-ii\/"},"author":{"name":"Mark Linden","@id":"https:\/\/www.monaco-tribune.com\/it\/#\/schema\/person\/3796f08c04a1ae0bf5db7629e63acc06"},"headline":"\u00abTi amiamo\u00bb: la dichiarazione commovente della Principessa Charl\u00e8ne al Principe Alberto II","datePublished":"2025-07-15T13:33:35+00:00","dateModified":"2025-07-15T13:33:43+00:00","mainEntityOfPage":{"@id":"https:\/\/www.monaco-tribune.com\/it\/2025\/07\/ti-amiamo-la-dichiarazione-commovente-della-principessa-charlene-al-principe-alberto-ii\/"},"wordCount":351,"publisher":{"@id":"https:\/\/www.monaco-tribune.com\/it\/#organization"},"image":{"@id":"https:\/\/www.monaco-tribune.com\/it\/2025\/07\/ti-amiamo-la-dichiarazione-commovente-della-principessa-charlene-al-principe-alberto-ii\/#primaryimage"},"thumbnailUrl":"https:\/\/www.monaco-tribune.com\/wp-content\/uploads\/2025\/07\/princesse-charlene-prince-albert-moanco-dance.jpg","keywords":["Croce Rossa monegasca"],"articleSection":["Famiglia Principesca","La nostra scelta","Notizie"],"inLanguage":"it-IT","copyrightYear":"2025","copyrightHolder":{"@id":"https:\/\/www.monaco-tribune.com\/#organization"}},{"@type":"WebPage","@id":"https:\/\/www.monaco-tribune.com\/it\/2025\/07\/ti-amiamo-la-dichiarazione-commovente-della-principessa-charlene-al-principe-alberto-ii\/","url":"https:\/\/www.monaco-tribune.com\/it\/2025\/07\/ti-amiamo-la-dichiarazione-commovente-della-principessa-charlene-al-principe-alberto-ii\/","name":"\u00abTi amiamo\u00bb: la dichiarazione commovente della Principessa Charl\u00e8ne al Principe Alberto II","isPartOf":{"@id":"https:\/\/www.monaco-tribune.com\/it\/#website"},"primaryImageOfPage":{"@id":"https:\/\/www.monaco-tribune.com\/it\/2025\/07\/ti-amiamo-la-dichiarazione-commovente-della-principessa-charlene-al-principe-alberto-ii\/#primaryimage"},"image":{"@id":"https:\/\/www.monaco-tribune.com\/it\/2025\/07\/ti-amiamo-la-dichiarazione-commovente-della-principessa-charlene-al-principe-alberto-ii\/#primaryimage"},"thumbnailUrl":"https:\/\/www.monaco-tribune.com\/wp-content\/uploads\/2025\/07\/princesse-charlene-prince-albert-moanco-dance.jpg","datePublished":"2025-07-15T13:33:35+00:00","dateModified":"2025-07-15T13:33:43+00:00","description":"In occasione del 76\u00b0 Gala della Croce Rossa monegasca, la Principessa Charl\u00e8ne ha pronunciato un discorso di rara intensit\u00e0 emotiva per celebrare i 20","breadcrumb":{"@id":"https:\/\/www.monaco-tribune.com\/it\/2025\/07\/ti-amiamo-la-dichiarazione-commovente-della-principessa-charlene-al-principe-alberto-ii\/#breadcrumb"},"inLanguage":"it-IT","potentialAction":[{"@type":"ReadAction","target":["https:\/\/www.monaco-tribune.com\/it\/2025\/07\/ti-amiamo-la-dichiarazione-commovente-della-principessa-charlene-al-principe-alberto-ii\/"]}]},{"@type":"ImageObject","inLanguage":"it-IT","@id":"https:\/\/www.monaco-tribune.com\/it\/2025\/07\/ti-amiamo-la-dichiarazione-commovente-della-principessa-charlene-al-principe-alberto-ii\/#primaryimage","url":"https:\/\/www.monaco-tribune.com\/wp-content\/uploads\/2025\/07\/princesse-charlene-prince-albert-moanco-dance.jpg","contentUrl":"https:\/\/www.monaco-tribune.com\/wp-content\/uploads\/2025\/07\/princesse-charlene-prince-albert-moanco-dance.jpg","width":1200,"height":800,"caption":"Un momento carico di emozione \u00a9 Micha\u00ebl Alesi, Fr\u00e9d\u00e9ric Nebinger \/ Palazzo del Principe"},{"@type":"BreadcrumbList","@id":"https:\/\/www.monaco-tribune.com\/it\/2025\/07\/ti-amiamo-la-dichiarazione-commovente-della-principessa-charlene-al-principe-alberto-ii\/#breadcrumb","itemListElement":[{"@type":"ListItem","position":1,"name":"Accueil","item":"https:\/\/www.monaco-tribune.com\/it\/"},{"@type":"ListItem","position":2,"name":"\u00abTi amiamo\u00bb: la dichiarazione commovente della Principessa Charl\u00e8ne al Principe Alberto II"}]},{"@type":"WebSite","@id":"https:\/\/www.monaco-tribune.com\/it\/#website","url":"https:\/\/www.monaco-tribune.com\/it\/","name":"Monaco Tribune","description":"Monaco : actualit\u00e9s \u00e9conomiques, politiques, culturelles et sportives de Monaco et de la French Riviera.","publisher":{"@id":"https:\/\/www.monaco-tribune.com\/it\/#organization"},"potentialAction":[{"@type":"SearchAction","target":{"@type":"EntryPoint","urlTemplate":"https:\/\/www.monaco-tribune.com\/it\/?s={search_term_string}"},"query-input":{"@type":"PropertyValueSpecification","valueRequired":true,"valueName":"search_term_string"}}],"inLanguage":"it-IT"},{"@type":"Organization","@id":"https:\/\/www.monaco-tribune.com\/it\/#organization","name":"Monaco Tribune","url":"https:\/\/www.monaco-tribune.com\/it\/","logo":{"@type":"ImageObject","inLanguage":"it-IT","@id":"https:\/\/www.monaco-tribune.com\/it\/#\/schema\/logo\/image\/","url":"https:\/\/www.monaco-tribune.com\/wp-content\/uploads\/2022\/11\/logo-monaco-tribune.png","contentUrl":"https:\/\/www.monaco-tribune.com\/wp-content\/uploads\/2022\/11\/logo-monaco-tribune.png","width":1548,"height":600,"caption":"Monaco Tribune"},"image":{"@id":"https:\/\/www.monaco-tribune.com\/it\/#\/schema\/logo\/image\/"},"sameAs":["https:\/\/www.facebook.com\/MonacoTribune","https:\/\/x.com\/MonacoTribune","https:\/\/www.instagram.com\/monacotribune\/","https:\/\/www.linkedin.com\/company\/monaco-tribune","https:\/\/www.youtube.com\/channel\/UCHle1MnG6hw1y4lWKijVbMA"]},{"@type":"Person","@id":"https:\/\/www.monaco-tribune.com\/it\/#\/schema\/person\/3796f08c04a1ae0bf5db7629e63acc06","name":"Mark Linden","image":{"@type":"ImageObject","inLanguage":"it-IT","@id":"https:\/\/secure.gravatar.com\/avatar\/d0130c037315ebbab849176573fa4be49bb085b56b56eef40dfdebd8b0dab200?s=96&d=mm&r=g","url":"https:\/\/secure.gravatar.com\/avatar\/d0130c037315ebbab849176573fa4be49bb085b56b56eef40dfdebd8b0dab200?s=96&d=mm&r=g","contentUrl":"https:\/\/secure.gravatar.com\/avatar\/d0130c037315ebbab849176573fa4be49bb085b56b56eef40dfdebd8b0dab200?s=96&d=mm&r=g","caption":"Mark Linden"},"url":"https:\/\/www.monaco-tribune.com\/it\/author\/nielslinden\/"}]}},"_links":{"self":[{"href":"https:\/\/www.monaco-tribune.com\/it\/wp-json\/wp\/v2\/posts\/304877","targetHints":{"allow":["GET"]}}],"collection":[{"href":"https:\/\/www.monaco-tribune.com\/it\/wp-json\/wp\/v2\/posts"}],"about":[{"href":"https:\/\/www.monaco-tribune.com\/it\/wp-json\/wp\/v2\/types\/post"}],"author":[{"embeddable":true,"href":"https:\/\/www.monaco-tribune.com\/it\/wp-json\/wp\/v2\/users\/78"}],"replies":[{"embeddable":true,"href":"https:\/\/www.monaco-tribune.com\/it\/wp-json\/wp\/v2\/comments?post=304877"}],"version-history":[{"count":2,"href":"https:\/\/www.monaco-tribune.com\/it\/wp-json\/wp\/v2\/posts\/304877\/revisions"}],"predecessor-version":[{"id":304880,"href":"https:\/\/www.monaco-tribune.com\/it\/wp-json\/wp\/v2\/posts\/304877\/revisions\/304880"}],"wp:featuredmedia":[{"embeddable":true,"href":"https:\/\/www.monaco-tribune.com\/it\/wp-json\/wp\/v2\/media\/304643"}],"wp:attachment":[{"href":"https:\/\/www.monaco-tribune.com\/it\/wp-json\/wp\/v2\/media?parent=304877"}],"wp:term":[{"taxonomy":"category","embeddable":true,"href":"https:\/\/www.monaco-tribune.com\/it\/wp-json\/wp\/v2\/categories?post=304877"},{"taxonomy":"post_tag","embeddable":true,"href":"https:\/\/www.monaco-tribune.com\/it\/wp-json\/wp\/v2\/tags?post=304877"},{"taxonomy":"sectag","embeddable":true,"href":"https:\/\/www.monaco-tribune.com\/it\/wp-json\/wp\/v2\/post_sectags?post=304877"},{"taxonomy":"format","embeddable":true,"href":"https:\/\/www.monaco-tribune.com\/it\/wp-json\/wp\/v2\/post_format?post=304877"}],"curies":[{"name":"wp","href":"https:\/\/api.w.org\/{rel}","templated":true}]}}