{"id":306007,"date":"2025-07-21T16:28:08","date_gmt":"2025-07-21T14:28:08","guid":{"rendered":"https:\/\/www.monaco-tribune.com\/2025\/07\/as-monaco-ancora-progressi-nel-ritiro-in-inghilterra\/"},"modified":"2025-07-21T16:28:16","modified_gmt":"2025-07-21T14:28:16","slug":"as-monaco-ancora-progressi-nel-ritiro-in-inghilterra","status":"publish","type":"post","link":"https:\/\/www.monaco-tribune.com\/it\/2025\/07\/as-monaco-ancora-progressi-nel-ritiro-in-inghilterra\/","title":{"rendered":"AS Monaco: ancora progressi nel ritiro in Inghilterra"},"content":{"rendered":"\n<p><strong>L\u2019AS Monaco ha concluso la preparazione a St. George\u2019s Park portando a casa una vittoria e un pareggio e segnando una crescita collettiva sotto lo sguardo attento del Presidente Dmitri Rybolovlev, presente per la prima volta a un ritiro della squadra.<\/strong><\/p>\n\n<h2 class=\"wp-block-heading\" id=\"h-akliouche-illumine-la-victoire-face-a-coventry\">Akliouche brilla nella vittoria contro il Coventry<\/h2>\n\n<p>Il 16 luglio rester\u00e0 una delle serate pi\u00f9 riuscite di questo precampionato. Contro il Coventry City, squadra di Championship che lo scorso anno ha sfiorato la promozione in Premier League, i Rouge et Blanc hanno brillato con una prestazione di squadra di altissimo livello (0-5).<\/p>\n\n<p>Mika Biereth, fresco di rinnovo fino al 2030 \u2013 un meritato riconoscimento dopo i suoi 13 gol in 16 partite di Ligue 1 nella sua prima mezza stagione con il Monaco \u2013 ha aperto le danze con un tiro incrociato di rara eleganza (27\u2019). Il danese si \u00e8 anche aggiudicato il titolo di giocatore pi\u00f9 veloce della storia della Ligue 1, dal 1947-1948, a raggiungere la soglia dei 10 gol, riuscendoci in sole sette partite. \u00c8 anche il primo ad aver realizzato tre triplette casalinghe consecutive dal 1956. Ora tra i primi dieci candidati alla Scarpa d\u2019Oro europea, \u00e8 evidente come Biereth si sia adattato in un lampo al calcio francese.<\/p>\n<div class=\"wp-block-image\">\n<figure class=\"aligncenter size-large\"><img loading=\"lazy\" decoding=\"async\" width=\"1024\" height=\"574\" src=\"https:\/\/www.monaco-tribune.com\/wp-content\/uploads\/2025\/07\/2025-07-16-amical-asm-coventry-04281-1024x574.jpg\" alt=\"\" class=\"wp-image-305695\" srcset=\"https:\/\/www.monaco-tribune.com\/wp-content\/uploads\/2025\/07\/2025-07-16-amical-asm-coventry-04281-1024x574.jpg 1024w, https:\/\/www.monaco-tribune.com\/wp-content\/uploads\/2025\/07\/2025-07-16-amical-asm-coventry-04281-535x300.jpg 535w, https:\/\/www.monaco-tribune.com\/wp-content\/uploads\/2025\/07\/2025-07-16-amical-asm-coventry-04281.jpg 1160w\" sizes=\"auto, (max-width: 1024px) 100vw, 1024px\" \/><figcaption class=\"wp-element-caption\"><em>L\u2019inizio dell\u2019avventura di Mika Biereth con l\u2019ASM \u00e8 costellato di record \u00a9 AS Monaco<\/em><\/figcaption><\/figure>\n<\/div>\n<p>Ma il protagonista della serata \u00e8 stato soprattutto Maghnes Akliouche. L\u2019internazionale under 21, eletto MVP della scorsa stagione dai tifosi, ha regalato uno spettacolo personale con una tripletta da applausi (61\u2019, 70\u2019, 86\u2019), arricchita dalla ciliegina sulla torta firmata Sa\u00efmon Bouabr\u00e9 (37\u2019). \u00abQuello che mi \u00e8 piaciuto oggi \u00e8 stato il nostro livello di gioco, molto pi\u00f9 alto rispetto alla partita contro il Bruges\u00bb, ha dichiarato Adi H\u00fctter, soddisfatto della crescita dei suoi giocatori.<\/p>\n\n<blockquote class=\"wp-embedded-content\" data-secret=\"3qDkD8RRoq\"><a href=\"https:\/\/www.monaco-tribune.com\/it\/2025\/07\/il-monaco-inizia-la-preparazione-con-una-vittoria-contro-il-cercle-bruges\/\">Il Monaco inizia la preparazione con una vittoria contro il Cercle Bruges<\/a><\/blockquote><iframe class=\"wp-embedded-content\" sandbox=\"allow-scripts\" security=\"restricted\" style=\"position: absolute; visibility: hidden;\" title=\"&#8220;Il Monaco inizia la preparazione con una vittoria contro il Cercle Bruges&#8221; &#8212; Monaco Tribune\" src=\"https:\/\/www.monaco-tribune.com\/it\/2025\/07\/il-monaco-inizia-la-preparazione-con-una-vittoria-contro-il-cercle-bruges\/embed\/#?secret=voeOoVrUQA#?secret=3qDkD8RRoq\" data-secret=\"3qDkD8RRoq\" width=\"500\" height=\"282\" frameborder=\"0\" marginwidth=\"0\" marginheight=\"0\" scrolling=\"no\"><\/iframe>\n\n<h2 class=\"wp-block-heading\" id=\"h-un-nul-frustrant-mais-riche-d-enseignements-contre-nottingham\">Il pareggio contro il Nottingham: amaro ma ricco di spunti<\/h2>\n\n<p>Tre giorni dopo, nuovo scenario e nuovo avversario al SMH Group Stadium di Chesterfield. Questa volta i monegaschi hanno affrontato il Nottingham Forest, settimo classificato nella Premier League la scorsa stagione, in un contesto particolare: il debutto della nuova maglia da trasferta 2025-2026, svelata da Mizuno.<\/p>\n\n<blockquote class=\"twitter-tweet\"><p lang=\"fr\" dir=\"ltr\">Le pr\u00e9sident Dmitry Rybolovlev \u00e9tait de nouveau pr\u00e9sent pour soutenir l&#8217;\u00e9quipe cet apr\u00e8s-midi, \u00e0 Chesterfield \ud83c\udfa5 <a href=\"https:\/\/t.co\/85zzYR5QIf\">pic.twitter.com\/85zzYR5QIf<\/a><\/p>\u2014 AS Monaco \ud83c\uddf2\ud83c\udde8 (@AS_Monaco) <a href=\"https:\/\/twitter.com\/AS_Monaco\/status\/1946615155728474543?ref_src=twsrc%5Etfw\">July 19, 2025<\/a><\/blockquote> <script async=\"\" src=\"https:\/\/platform.twitter.com\/widgets.js\" charset=\"utf-8\"><\/script><br\/>\n\n<p>Questa divisa blu, ispirata al Giardino Giapponese di Monaco e ai \u201cBlue Samurai\u201d giapponesi, non ha per\u00f2 portato fortuna ai Rouge et Blanc, bloccati sullo 0-0 nonostante una chiara supremazia. Pape Cabral, al suo primo impiego da titolare tra i professionisti, e Kassoum Ouattara, autore di un tiro finito sul palo (79\u2019), hanno rappresentato la frustrazione collettiva di fronte al muro difensivo eretto da Matz Sels.<\/p>\n\n<p>\u00abSecondo me avremmo meritato la vittoria, soprattutto nel primo tempo\u00bb, ha analizzato l\u2019allenatore austriaco, che preferisce per\u00f2 soffermarsi sugli aspetti positivi: \u00ab\u00c8 stato il nostro terzo clean-sheet consecutivo! E voglio fare i complimenti a Pape Cabral, che ha giocato molto bene nella sua prima partita con la squadra titolare\u00bb.<\/p>\n<div class=\"wp-block-image\">\n<figure class=\"aligncenter size-large\"><img loading=\"lazy\" decoding=\"async\" width=\"1024\" height=\"576\" src=\"https:\/\/www.monaco-tribune.com\/wp-content\/uploads\/2025\/07\/brunner-slider-1024x576.jpg\" alt=\"\" class=\"wp-image-305679\" srcset=\"https:\/\/www.monaco-tribune.com\/wp-content\/uploads\/2025\/07\/brunner-slider-1024x576.jpg 1024w, https:\/\/www.monaco-tribune.com\/wp-content\/uploads\/2025\/07\/brunner-slider-534x300.jpg 534w, https:\/\/www.monaco-tribune.com\/wp-content\/uploads\/2025\/07\/brunner-slider.jpg 1366w\" sizes=\"auto, (max-width: 1024px) 100vw, 1024px\" \/><figcaption class=\"wp-element-caption\"><em>I Rouge et Blanc hanno indossato la nuova divisa in occasione della terza amichevole contro il Nottingham Forest \u00a9 AS Monaco<\/em><\/figcaption><\/figure>\n<\/div>\n<h2 class=\"wp-block-heading\" id=\"h-je-suis-vraiment-satisfait-de-cette-semaine\"><em>\u00abSono davvero soddisfatto di questa settimana\u00bb<\/em><\/h2>\n\n<p>Al di l\u00e0 dei risultati, \u00e8 soprattutto la crescita del gruppo a soddisfare il tecnico 54enne. \u00abSono davvero contento di questa settimana: siamo riusciti a mettere in campo tutto il lavoro svolto in allenamento\u00bb, ha spiegato H\u00fctter, che in questi sei giorni a Burton Upon Trent ha ruotato l\u2019organico e testato diversi schemi tattici.<\/p>\n<div class=\"wp-block-image\">\n<figure class=\"aligncenter size-large\"><img loading=\"lazy\" decoding=\"async\" width=\"1024\" height=\"574\" src=\"https:\/\/www.monaco-tribune.com\/wp-content\/uploads\/2025\/07\/adi-hutter-as-monaco-1-1024x574.jpg\" alt=\"\" class=\"wp-image-305703\" srcset=\"https:\/\/www.monaco-tribune.com\/wp-content\/uploads\/2025\/07\/adi-hutter-as-monaco-1-1024x574.jpg 1024w, https:\/\/www.monaco-tribune.com\/wp-content\/uploads\/2025\/07\/adi-hutter-as-monaco-1-535x300.jpg 535w, https:\/\/www.monaco-tribune.com\/wp-content\/uploads\/2025\/07\/adi-hutter-as-monaco-1.jpg 1160w\" sizes=\"auto, (max-width: 1024px) 100vw, 1024px\" \/><figcaption class=\"wp-element-caption\"><em>Adi H\u00fctter ha tracciato un bilancio del ritiro dei Rouge et Blanc \u00a9 AS Monaco<\/em><\/figcaption><\/figure>\n<\/div>\n<p>\u00abIl precampionato serve anche a questo: sperimentare nuovi schemi di gioco, adattandosi allo stile degli avversari. Qualsiasi sia la tattica, l\u2019obiettivo \u00e8 crescere, con e senza palla, e noi siamo sulla buona strada\u00bb, ha concluso l\u2019allenatore, determinato a rendere la squadra pi\u00f9 versatile possibile.<\/p>\n\n<h2 class=\"wp-block-heading\" id=\"h-une-premiere-historique-pour-rybolovlev\">Una prima volta storica per Rybolovlev<\/h2>\n\n<p>Un dettaglio non \u00e8 passato inosservato? La presenza di Dmitri Rybolovlev. Da quando ha preso le redini del club nel dicembre 2011, il proprietario russo non aveva mai accompagnato la squadra in trasferta per un ritiro. Dopo aver assistito alla vittoria d\u2019esordio contro il Cercle Bruges al Centro di Performance di La Turbie, ha viaggiato fino in Inghilterra per seguire da vicino anche le partite contro Coventry e Nottingham.<\/p>\n<div class=\"wp-block-image\">\n<figure class=\"aligncenter size-large\"><img loading=\"lazy\" decoding=\"async\" width=\"1024\" height=\"574\" src=\"https:\/\/www.monaco-tribune.com\/wp-content\/uploads\/2025\/07\/dmitry-rybolovlev-1-1024x574.jpg\" alt=\"\" class=\"wp-image-305683\" srcset=\"https:\/\/www.monaco-tribune.com\/wp-content\/uploads\/2025\/07\/dmitry-rybolovlev-1-1024x574.jpg 1024w, https:\/\/www.monaco-tribune.com\/wp-content\/uploads\/2025\/07\/dmitry-rybolovlev-1-535x300.jpg 535w, https:\/\/www.monaco-tribune.com\/wp-content\/uploads\/2025\/07\/dmitry-rybolovlev-1.jpg 1160w\" sizes=\"auto, (max-width: 1024px) 100vw, 1024px\" \/><figcaption class=\"wp-element-caption\"><em>Fedele al suo stile, il presidente ha seguito la squadra indossando la tenuta ufficiale \u00a9 AS Monaco<\/em><\/figcaption><\/figure>\n<\/div>\n<p>Spesso dipinto come una persona distaccata, il miliardario sembra essersi integrato alla perfezione all&#8217;interno della squadra, per lo stupore di molti. \u00ab\u00c8 una persona normale, sempre pi\u00f9 vicina ai giocatori. Si pu\u00f2 anche scherzare con lui\u00bb, ha raccontato Thiago Scuro, direttore generale, a <em>Nice-Matin<\/em>. \u00abRicordo la prima stagione di Adi (2023-2024). Quando ci siamo qualificati per la Champions League, [Rybolovlev] ha festeggiato con noi bevendo una birra\u00bb.<\/p>\n\n<p>La presenza del presidente rivela una dinamica di coesione: grigliate di squadra, partite a calcio balilla e l\u2019integrazione delle nuove reclute come <a href=\"https:\/\/www.monaco-tribune.com\/it\/2025\/07\/paul-pogba-alla-stampa-las-monaco-ha-creduto-in-me-voglio-ritrovare-il-piacere-di-giocare\/\">Paul Pogba<\/a>, che, secondo il suo allenatore, ha gi\u00e0 lasciato il segno per umilt\u00e0 e capacit\u00e0 di adattamento.<\/p>\n\n<p>Prossimo appuntamento sabato contro l\u2019Arminia Bielefeld (ore 15), per la quarta e penultima amichevole prima del rientro al Centro di Performance e del debutto in Ligue 1, previsto per il weekend del 15 agosto contro il Le Havre. Le basi ci sono tutte, ora non resta che confermare i progressi sul lungo periodo.<\/p>\n","protected":false},"excerpt":{"rendered":"<p>L\u2019AS Monaco ha concluso la preparazione a St. George\u2019s Park portando a casa una vittoria e un pareggio e segnando [&hellip;]<\/p>\n","protected":false},"author":78,"featured_media":305689,"comment_status":"closed","ping_status":"closed","sticky":false,"template":"","format":"standard","meta":{"_acf_changed":false,"footnotes":""},"categories":[1826,1738,1743],"tags":[2846],"post_sectags":[3240],"post_format":[2486],"class_list":["post-306007","post","type-post","status-publish","format-standard","has-post-thumbnail","hentry","category-la-nostra-scelta","category-notizie","category-sport-it","tag-as-monaco-it-2","sectag-calcio-it","format-servizio"],"acf":[],"yoast_head":"<!-- This site is optimized with the Yoast SEO Premium plugin v26.8 (Yoast SEO v27.5) - https:\/\/yoast.com\/product\/yoast-seo-premium-wordpress\/ -->\n<title>AS Monaco: ancora progressi nel ritiro in Inghilterra<\/title>\n<meta name=\"description\" content=\"L\u2019AS Monaco ha concluso la preparazione a St. George\u2019s Park portando a casa una vittoria e un pareggio e segnando una crescita collettiva sotto lo sguardo\" \/>\n<meta name=\"robots\" content=\"index, follow, max-snippet:-1, max-image-preview:large, max-video-preview:-1\" \/>\n<link rel=\"canonical\" href=\"https:\/\/www.monaco-tribune.com\/it\/2025\/07\/as-monaco-ancora-progressi-nel-ritiro-in-inghilterra\/\" \/>\n<meta property=\"og:locale\" content=\"it_IT\" \/>\n<meta property=\"og:type\" content=\"article\" \/>\n<meta property=\"og:title\" content=\"AS Monaco: ancora progressi nel ritiro in Inghilterra - Monaco Tribune\" \/>\n<meta property=\"og:description\" content=\"L\u2019AS Monaco ha concluso la preparazione a St. George\u2019s Park portando a casa una vittoria e un pareggio e segnando una crescita collettiva sotto lo sguardo\" \/>\n<meta property=\"og:url\" content=\"https:\/\/www.monaco-tribune.com\/it\/2025\/07\/as-monaco-ancora-progressi-nel-ritiro-in-inghilterra\/\" \/>\n<meta property=\"og:site_name\" content=\"Monaco Tribune\" \/>\n<meta property=\"article:publisher\" content=\"https:\/\/www.facebook.com\/MonacoTribune\" \/>\n<meta property=\"article:published_time\" content=\"2025-07-21T14:28:08+00:00\" \/>\n<meta property=\"article:modified_time\" content=\"2025-07-21T14:28:16+00:00\" \/>\n<meta property=\"og:image\" content=\"https:\/\/www.monaco-tribune.com\/wp-content\/uploads\/2025\/07\/kehrer.jpg\" \/>\n\t<meta property=\"og:image:width\" content=\"1160\" \/>\n\t<meta property=\"og:image:height\" content=\"650\" \/>\n\t<meta property=\"og:image:type\" content=\"image\/jpeg\" \/>\n<meta name=\"author\" content=\"Mark Linden\" \/>\n<meta name=\"twitter:card\" content=\"summary_large_image\" \/>\n<meta name=\"twitter:creator\" content=\"@MonacoTribune\" \/>\n<meta name=\"twitter:site\" content=\"@MonacoTribune\" \/>\n<script type=\"application\/ld+json\" class=\"yoast-schema-graph\">{\"@context\":\"https:\\\/\\\/schema.org\",\"@graph\":[{\"@type\":\"NewsArticle\",\"@id\":\"https:\\\/\\\/www.monaco-tribune.com\\\/it\\\/2025\\\/07\\\/as-monaco-ancora-progressi-nel-ritiro-in-inghilterra\\\/#article\",\"isPartOf\":{\"@id\":\"https:\\\/\\\/www.monaco-tribune.com\\\/it\\\/2025\\\/07\\\/as-monaco-ancora-progressi-nel-ritiro-in-inghilterra\\\/\"},\"author\":{\"name\":\"Mark Linden\",\"@id\":\"https:\\\/\\\/www.monaco-tribune.com\\\/it\\\/#\\\/schema\\\/person\\\/3796f08c04a1ae0bf5db7629e63acc06\"},\"headline\":\"AS Monaco: ancora progressi nel ritiro in Inghilterra\",\"datePublished\":\"2025-07-21T14:28:08+00:00\",\"dateModified\":\"2025-07-21T14:28:16+00:00\",\"mainEntityOfPage\":{\"@id\":\"https:\\\/\\\/www.monaco-tribune.com\\\/it\\\/2025\\\/07\\\/as-monaco-ancora-progressi-nel-ritiro-in-inghilterra\\\/\"},\"wordCount\":879,\"publisher\":{\"@id\":\"https:\\\/\\\/www.monaco-tribune.com\\\/it\\\/#organization\"},\"image\":{\"@id\":\"https:\\\/\\\/www.monaco-tribune.com\\\/it\\\/2025\\\/07\\\/as-monaco-ancora-progressi-nel-ritiro-in-inghilterra\\\/#primaryimage\"},\"thumbnailUrl\":\"https:\\\/\\\/www.monaco-tribune.com\\\/wp-content\\\/uploads\\\/2025\\\/07\\\/kehrer.jpg\",\"keywords\":[\"AS Monaco\"],\"articleSection\":[\"La nostra scelta\",\"Notizie\",\"Sport\"],\"inLanguage\":\"it-IT\",\"copyrightYear\":\"2025\",\"copyrightHolder\":{\"@id\":\"https:\\\/\\\/www.monaco-tribune.com\\\/#organization\"}},{\"@type\":\"WebPage\",\"@id\":\"https:\\\/\\\/www.monaco-tribune.com\\\/it\\\/2025\\\/07\\\/as-monaco-ancora-progressi-nel-ritiro-in-inghilterra\\\/\",\"url\":\"https:\\\/\\\/www.monaco-tribune.com\\\/it\\\/2025\\\/07\\\/as-monaco-ancora-progressi-nel-ritiro-in-inghilterra\\\/\",\"name\":\"AS Monaco: ancora progressi nel ritiro in Inghilterra\",\"isPartOf\":{\"@id\":\"https:\\\/\\\/www.monaco-tribune.com\\\/it\\\/#website\"},\"primaryImageOfPage\":{\"@id\":\"https:\\\/\\\/www.monaco-tribune.com\\\/it\\\/2025\\\/07\\\/as-monaco-ancora-progressi-nel-ritiro-in-inghilterra\\\/#primaryimage\"},\"image\":{\"@id\":\"https:\\\/\\\/www.monaco-tribune.com\\\/it\\\/2025\\\/07\\\/as-monaco-ancora-progressi-nel-ritiro-in-inghilterra\\\/#primaryimage\"},\"thumbnailUrl\":\"https:\\\/\\\/www.monaco-tribune.com\\\/wp-content\\\/uploads\\\/2025\\\/07\\\/kehrer.jpg\",\"datePublished\":\"2025-07-21T14:28:08+00:00\",\"dateModified\":\"2025-07-21T14:28:16+00:00\",\"description\":\"L\u2019AS Monaco ha concluso la preparazione a St. George\u2019s Park portando a casa una vittoria e un pareggio e segnando una crescita collettiva sotto lo sguardo\",\"breadcrumb\":{\"@id\":\"https:\\\/\\\/www.monaco-tribune.com\\\/it\\\/2025\\\/07\\\/as-monaco-ancora-progressi-nel-ritiro-in-inghilterra\\\/#breadcrumb\"},\"inLanguage\":\"it-IT\",\"potentialAction\":[{\"@type\":\"ReadAction\",\"target\":[\"https:\\\/\\\/www.monaco-tribune.com\\\/it\\\/2025\\\/07\\\/as-monaco-ancora-progressi-nel-ritiro-in-inghilterra\\\/\"]}]},{\"@type\":\"ImageObject\",\"inLanguage\":\"it-IT\",\"@id\":\"https:\\\/\\\/www.monaco-tribune.com\\\/it\\\/2025\\\/07\\\/as-monaco-ancora-progressi-nel-ritiro-in-inghilterra\\\/#primaryimage\",\"url\":\"https:\\\/\\\/www.monaco-tribune.com\\\/wp-content\\\/uploads\\\/2025\\\/07\\\/kehrer.jpg\",\"contentUrl\":\"https:\\\/\\\/www.monaco-tribune.com\\\/wp-content\\\/uploads\\\/2025\\\/07\\\/kehrer.jpg\",\"width\":1160,\"height\":650,\"caption\":\"\u00a9 AS Monaco\"},{\"@type\":\"BreadcrumbList\",\"@id\":\"https:\\\/\\\/www.monaco-tribune.com\\\/it\\\/2025\\\/07\\\/as-monaco-ancora-progressi-nel-ritiro-in-inghilterra\\\/#breadcrumb\",\"itemListElement\":[{\"@type\":\"ListItem\",\"position\":1,\"name\":\"Accueil\",\"item\":\"https:\\\/\\\/www.monaco-tribune.com\\\/it\\\/\"},{\"@type\":\"ListItem\",\"position\":2,\"name\":\"AS Monaco: ancora progressi nel ritiro in Inghilterra\"}]},{\"@type\":\"WebSite\",\"@id\":\"https:\\\/\\\/www.monaco-tribune.com\\\/it\\\/#website\",\"url\":\"https:\\\/\\\/www.monaco-tribune.com\\\/it\\\/\",\"name\":\"Monaco Tribune\",\"description\":\"Monaco : actualit\u00e9s \u00e9conomiques, politiques, culturelles et sportives de Monaco et de la French Riviera.\",\"publisher\":{\"@id\":\"https:\\\/\\\/www.monaco-tribune.com\\\/it\\\/#organization\"},\"potentialAction\":[{\"@type\":\"SearchAction\",\"target\":{\"@type\":\"EntryPoint\",\"urlTemplate\":\"https:\\\/\\\/www.monaco-tribune.com\\\/it\\\/?s={search_term_string}\"},\"query-input\":{\"@type\":\"PropertyValueSpecification\",\"valueRequired\":true,\"valueName\":\"search_term_string\"}}],\"inLanguage\":\"it-IT\"},{\"@type\":\"Organization\",\"@id\":\"https:\\\/\\\/www.monaco-tribune.com\\\/it\\\/#organization\",\"name\":\"Monaco Tribune\",\"url\":\"https:\\\/\\\/www.monaco-tribune.com\\\/it\\\/\",\"logo\":{\"@type\":\"ImageObject\",\"inLanguage\":\"it-IT\",\"@id\":\"https:\\\/\\\/www.monaco-tribune.com\\\/it\\\/#\\\/schema\\\/logo\\\/image\\\/\",\"url\":\"https:\\\/\\\/www.monaco-tribune.com\\\/wp-content\\\/uploads\\\/2022\\\/11\\\/logo-monaco-tribune.png\",\"contentUrl\":\"https:\\\/\\\/www.monaco-tribune.com\\\/wp-content\\\/uploads\\\/2022\\\/11\\\/logo-monaco-tribune.png\",\"width\":1548,\"height\":600,\"caption\":\"Monaco Tribune\"},\"image\":{\"@id\":\"https:\\\/\\\/www.monaco-tribune.com\\\/it\\\/#\\\/schema\\\/logo\\\/image\\\/\"},\"sameAs\":[\"https:\\\/\\\/www.facebook.com\\\/MonacoTribune\",\"https:\\\/\\\/x.com\\\/MonacoTribune\",\"https:\\\/\\\/www.instagram.com\\\/monacotribune\\\/\",\"https:\\\/\\\/www.linkedin.com\\\/company\\\/monaco-tribune\",\"https:\\\/\\\/www.youtube.com\\\/channel\\\/UCHle1MnG6hw1y4lWKijVbMA\"]},{\"@type\":\"Person\",\"@id\":\"https:\\\/\\\/www.monaco-tribune.com\\\/it\\\/#\\\/schema\\\/person\\\/3796f08c04a1ae0bf5db7629e63acc06\",\"name\":\"Mark Linden\",\"image\":{\"@type\":\"ImageObject\",\"inLanguage\":\"it-IT\",\"@id\":\"https:\\\/\\\/secure.gravatar.com\\\/avatar\\\/d0130c037315ebbab849176573fa4be49bb085b56b56eef40dfdebd8b0dab200?s=96&d=mm&r=g\",\"url\":\"https:\\\/\\\/secure.gravatar.com\\\/avatar\\\/d0130c037315ebbab849176573fa4be49bb085b56b56eef40dfdebd8b0dab200?s=96&d=mm&r=g\",\"contentUrl\":\"https:\\\/\\\/secure.gravatar.com\\\/avatar\\\/d0130c037315ebbab849176573fa4be49bb085b56b56eef40dfdebd8b0dab200?s=96&d=mm&r=g\",\"caption\":\"Mark Linden\"},\"url\":\"https:\\\/\\\/www.monaco-tribune.com\\\/it\\\/author\\\/nielslinden\\\/\"}]}<\/script>\n<!-- \/ Yoast SEO Premium plugin. -->","yoast_head_json":{"title":"AS Monaco: ancora progressi nel ritiro in Inghilterra","description":"L\u2019AS Monaco ha concluso la preparazione a St. George\u2019s Park portando a casa una vittoria e un pareggio e segnando una crescita collettiva sotto lo sguardo","robots":{"index":"index","follow":"follow","max-snippet":"max-snippet:-1","max-image-preview":"max-image-preview:large","max-video-preview":"max-video-preview:-1"},"canonical":"https:\/\/www.monaco-tribune.com\/it\/2025\/07\/as-monaco-ancora-progressi-nel-ritiro-in-inghilterra\/","og_locale":"it_IT","og_type":"article","og_title":"AS Monaco: ancora progressi nel ritiro in Inghilterra - Monaco Tribune","og_description":"L\u2019AS Monaco ha concluso la preparazione a St. George\u2019s Park portando a casa una vittoria e un pareggio e segnando una crescita collettiva sotto lo sguardo","og_url":"https:\/\/www.monaco-tribune.com\/it\/2025\/07\/as-monaco-ancora-progressi-nel-ritiro-in-inghilterra\/","og_site_name":"Monaco Tribune","article_publisher":"https:\/\/www.facebook.com\/MonacoTribune","article_published_time":"2025-07-21T14:28:08+00:00","article_modified_time":"2025-07-21T14:28:16+00:00","og_image":[{"width":1160,"height":650,"url":"https:\/\/www.monaco-tribune.com\/wp-content\/uploads\/2025\/07\/kehrer.jpg","type":"image\/jpeg"}],"author":"Mark Linden","twitter_card":"summary_large_image","twitter_creator":"@MonacoTribune","twitter_site":"@MonacoTribune","schema":{"@context":"https:\/\/schema.org","@graph":[{"@type":"NewsArticle","@id":"https:\/\/www.monaco-tribune.com\/it\/2025\/07\/as-monaco-ancora-progressi-nel-ritiro-in-inghilterra\/#article","isPartOf":{"@id":"https:\/\/www.monaco-tribune.com\/it\/2025\/07\/as-monaco-ancora-progressi-nel-ritiro-in-inghilterra\/"},"author":{"name":"Mark Linden","@id":"https:\/\/www.monaco-tribune.com\/it\/#\/schema\/person\/3796f08c04a1ae0bf5db7629e63acc06"},"headline":"AS Monaco: ancora progressi nel ritiro in Inghilterra","datePublished":"2025-07-21T14:28:08+00:00","dateModified":"2025-07-21T14:28:16+00:00","mainEntityOfPage":{"@id":"https:\/\/www.monaco-tribune.com\/it\/2025\/07\/as-monaco-ancora-progressi-nel-ritiro-in-inghilterra\/"},"wordCount":879,"publisher":{"@id":"https:\/\/www.monaco-tribune.com\/it\/#organization"},"image":{"@id":"https:\/\/www.monaco-tribune.com\/it\/2025\/07\/as-monaco-ancora-progressi-nel-ritiro-in-inghilterra\/#primaryimage"},"thumbnailUrl":"https:\/\/www.monaco-tribune.com\/wp-content\/uploads\/2025\/07\/kehrer.jpg","keywords":["AS Monaco"],"articleSection":["La nostra scelta","Notizie","Sport"],"inLanguage":"it-IT","copyrightYear":"2025","copyrightHolder":{"@id":"https:\/\/www.monaco-tribune.com\/#organization"}},{"@type":"WebPage","@id":"https:\/\/www.monaco-tribune.com\/it\/2025\/07\/as-monaco-ancora-progressi-nel-ritiro-in-inghilterra\/","url":"https:\/\/www.monaco-tribune.com\/it\/2025\/07\/as-monaco-ancora-progressi-nel-ritiro-in-inghilterra\/","name":"AS Monaco: ancora progressi nel ritiro in Inghilterra","isPartOf":{"@id":"https:\/\/www.monaco-tribune.com\/it\/#website"},"primaryImageOfPage":{"@id":"https:\/\/www.monaco-tribune.com\/it\/2025\/07\/as-monaco-ancora-progressi-nel-ritiro-in-inghilterra\/#primaryimage"},"image":{"@id":"https:\/\/www.monaco-tribune.com\/it\/2025\/07\/as-monaco-ancora-progressi-nel-ritiro-in-inghilterra\/#primaryimage"},"thumbnailUrl":"https:\/\/www.monaco-tribune.com\/wp-content\/uploads\/2025\/07\/kehrer.jpg","datePublished":"2025-07-21T14:28:08+00:00","dateModified":"2025-07-21T14:28:16+00:00","description":"L\u2019AS Monaco ha concluso la preparazione a St. George\u2019s Park portando a casa una vittoria e un pareggio e segnando una crescita collettiva sotto lo sguardo","breadcrumb":{"@id":"https:\/\/www.monaco-tribune.com\/it\/2025\/07\/as-monaco-ancora-progressi-nel-ritiro-in-inghilterra\/#breadcrumb"},"inLanguage":"it-IT","potentialAction":[{"@type":"ReadAction","target":["https:\/\/www.monaco-tribune.com\/it\/2025\/07\/as-monaco-ancora-progressi-nel-ritiro-in-inghilterra\/"]}]},{"@type":"ImageObject","inLanguage":"it-IT","@id":"https:\/\/www.monaco-tribune.com\/it\/2025\/07\/as-monaco-ancora-progressi-nel-ritiro-in-inghilterra\/#primaryimage","url":"https:\/\/www.monaco-tribune.com\/wp-content\/uploads\/2025\/07\/kehrer.jpg","contentUrl":"https:\/\/www.monaco-tribune.com\/wp-content\/uploads\/2025\/07\/kehrer.jpg","width":1160,"height":650,"caption":"\u00a9 AS Monaco"},{"@type":"BreadcrumbList","@id":"https:\/\/www.monaco-tribune.com\/it\/2025\/07\/as-monaco-ancora-progressi-nel-ritiro-in-inghilterra\/#breadcrumb","itemListElement":[{"@type":"ListItem","position":1,"name":"Accueil","item":"https:\/\/www.monaco-tribune.com\/it\/"},{"@type":"ListItem","position":2,"name":"AS Monaco: ancora progressi nel ritiro in Inghilterra"}]},{"@type":"WebSite","@id":"https:\/\/www.monaco-tribune.com\/it\/#website","url":"https:\/\/www.monaco-tribune.com\/it\/","name":"Monaco Tribune","description":"Monaco : actualit\u00e9s \u00e9conomiques, politiques, culturelles et sportives de Monaco et de la French Riviera.","publisher":{"@id":"https:\/\/www.monaco-tribune.com\/it\/#organization"},"potentialAction":[{"@type":"SearchAction","target":{"@type":"EntryPoint","urlTemplate":"https:\/\/www.monaco-tribune.com\/it\/?s={search_term_string}"},"query-input":{"@type":"PropertyValueSpecification","valueRequired":true,"valueName":"search_term_string"}}],"inLanguage":"it-IT"},{"@type":"Organization","@id":"https:\/\/www.monaco-tribune.com\/it\/#organization","name":"Monaco Tribune","url":"https:\/\/www.monaco-tribune.com\/it\/","logo":{"@type":"ImageObject","inLanguage":"it-IT","@id":"https:\/\/www.monaco-tribune.com\/it\/#\/schema\/logo\/image\/","url":"https:\/\/www.monaco-tribune.com\/wp-content\/uploads\/2022\/11\/logo-monaco-tribune.png","contentUrl":"https:\/\/www.monaco-tribune.com\/wp-content\/uploads\/2022\/11\/logo-monaco-tribune.png","width":1548,"height":600,"caption":"Monaco Tribune"},"image":{"@id":"https:\/\/www.monaco-tribune.com\/it\/#\/schema\/logo\/image\/"},"sameAs":["https:\/\/www.facebook.com\/MonacoTribune","https:\/\/x.com\/MonacoTribune","https:\/\/www.instagram.com\/monacotribune\/","https:\/\/www.linkedin.com\/company\/monaco-tribune","https:\/\/www.youtube.com\/channel\/UCHle1MnG6hw1y4lWKijVbMA"]},{"@type":"Person","@id":"https:\/\/www.monaco-tribune.com\/it\/#\/schema\/person\/3796f08c04a1ae0bf5db7629e63acc06","name":"Mark Linden","image":{"@type":"ImageObject","inLanguage":"it-IT","@id":"https:\/\/secure.gravatar.com\/avatar\/d0130c037315ebbab849176573fa4be49bb085b56b56eef40dfdebd8b0dab200?s=96&d=mm&r=g","url":"https:\/\/secure.gravatar.com\/avatar\/d0130c037315ebbab849176573fa4be49bb085b56b56eef40dfdebd8b0dab200?s=96&d=mm&r=g","contentUrl":"https:\/\/secure.gravatar.com\/avatar\/d0130c037315ebbab849176573fa4be49bb085b56b56eef40dfdebd8b0dab200?s=96&d=mm&r=g","caption":"Mark Linden"},"url":"https:\/\/www.monaco-tribune.com\/it\/author\/nielslinden\/"}]}},"_links":{"self":[{"href":"https:\/\/www.monaco-tribune.com\/it\/wp-json\/wp\/v2\/posts\/306007","targetHints":{"allow":["GET"]}}],"collection":[{"href":"https:\/\/www.monaco-tribune.com\/it\/wp-json\/wp\/v2\/posts"}],"about":[{"href":"https:\/\/www.monaco-tribune.com\/it\/wp-json\/wp\/v2\/types\/post"}],"author":[{"embeddable":true,"href":"https:\/\/www.monaco-tribune.com\/it\/wp-json\/wp\/v2\/users\/78"}],"replies":[{"embeddable":true,"href":"https:\/\/www.monaco-tribune.com\/it\/wp-json\/wp\/v2\/comments?post=306007"}],"version-history":[{"count":2,"href":"https:\/\/www.monaco-tribune.com\/it\/wp-json\/wp\/v2\/posts\/306007\/revisions"}],"predecessor-version":[{"id":306010,"href":"https:\/\/www.monaco-tribune.com\/it\/wp-json\/wp\/v2\/posts\/306007\/revisions\/306010"}],"wp:featuredmedia":[{"embeddable":true,"href":"https:\/\/www.monaco-tribune.com\/it\/wp-json\/wp\/v2\/media\/305689"}],"wp:attachment":[{"href":"https:\/\/www.monaco-tribune.com\/it\/wp-json\/wp\/v2\/media?parent=306007"}],"wp:term":[{"taxonomy":"category","embeddable":true,"href":"https:\/\/www.monaco-tribune.com\/it\/wp-json\/wp\/v2\/categories?post=306007"},{"taxonomy":"post_tag","embeddable":true,"href":"https:\/\/www.monaco-tribune.com\/it\/wp-json\/wp\/v2\/tags?post=306007"},{"taxonomy":"sectag","embeddable":true,"href":"https:\/\/www.monaco-tribune.com\/it\/wp-json\/wp\/v2\/post_sectags?post=306007"},{"taxonomy":"format","embeddable":true,"href":"https:\/\/www.monaco-tribune.com\/it\/wp-json\/wp\/v2\/post_format?post=306007"}],"curies":[{"name":"wp","href":"https:\/\/api.w.org\/{rel}","templated":true}]}}