{"id":311062,"date":"2025-08-25T17:59:12","date_gmt":"2025-08-25T15:59:12","guid":{"rendered":"https:\/\/www.monaco-tribune.com\/2025\/08\/villaggio-dellas-monaco-successo-anche-per-la-seconda-edizione-conclusa-da-thiago-scuro-con-la-consegna-delle-donazioni-per-i-bambini-di-les-enfants-de-frankie\/"},"modified":"2025-08-25T17:59:17","modified_gmt":"2025-08-25T15:59:17","slug":"villaggio-dellas-monaco-successo-anche-per-la-seconda-edizione-conclusa-da-thiago-scuro-con-la-consegna-delle-donazioni-per-i-bambini-di-les-enfants-de-frankie","status":"publish","type":"post","link":"https:\/\/www.monaco-tribune.com\/it\/2025\/08\/villaggio-dellas-monaco-successo-anche-per-la-seconda-edizione-conclusa-da-thiago-scuro-con-la-consegna-delle-donazioni-per-i-bambini-di-les-enfants-de-frankie\/","title":{"rendered":"Villaggio dell&#8217;AS Monaco: successo anche per la seconda edizione, conclusa da Thiago Scuro con la consegna delle donazioni per i bambini di Les Enfants de Frankie"},"content":{"rendered":"\n<p>Dall&#8217;inizio dell&#8217;estate, l&#8217;AS Monaco e l&#8217;associazione Les Enfants de Frankie hanno svolto insieme una raccolta di materiale scolastico al Port Hercule.<\/p>\n\n<p>L&#8217;iniziativa di solidariet\u00e0 si \u00e8 conclusa lo scorso venerd\u00ec 22 agosto. Alla consegna ufficiale delle donazioni erano presenti Thiago Scuro, direttore generale dell&#8217;ASM; Francien Giraudi, presidente e fondatrice dell&#8217;associazione Les Enfants de Frankie; e Axelle Amalberti Verdino, membro del Consiglio Comunale di Monaco, responsabile degli eventi e del tempo libero.<\/p>\n\n<p>La raccolta di materiale scolastico, parte del programma <em>AS Monacoeur<\/em> e organizzata nell&#8217;ambito del Villaggio estivo dell&#8217;AS Monaco, \u00e8 stata possibile grazie alle donazioni dei sostenitori della squadra in visita al Villaggio, cos\u00ec come del personale del club. L&#8217;iniziativa mira a fornire ai bambini economicamente svantaggiati nella regione tutto il necessario per il rientro sui banchi. Grazie al coinvolgimento di visitatori e tifosi, sono stati raccolti centinaia di materiali scolastici, tra cui quaderni, penne, colle, righelli e zaini.<\/p>\n<div class=\"wp-block-image\">\n<figure class=\"aligncenter size-large\"><img loading=\"lazy\" decoding=\"async\" width=\"1024\" height=\"683\" src=\"https:\/\/www.monaco-tribune.com\/wp-content\/uploads\/2025\/08\/thiago-scuro-1024x683.jpg\" alt=\"thiago Scuro e la presidente Giraudi \" class=\"wp-image-310775\" srcset=\"https:\/\/www.monaco-tribune.com\/wp-content\/uploads\/2025\/08\/thiago-scuro-1024x683.jpg 1024w, https:\/\/www.monaco-tribune.com\/wp-content\/uploads\/2025\/08\/thiago-scuro-450x300.jpg 450w\" sizes=\"auto, (max-width: 1024px) 100vw, 1024px\" \/><figcaption class=\"wp-element-caption\"><em>Thiago Scuro e Francien Giraudi \u00a9 AS Monaco<\/em><\/figcaption><\/figure>\n<\/div>\n<p>L&#8217;associazione consegner\u00e0 le donazioni alle famiglie in condizioni di disagio economico che vivono nella regione, per aiutarle ad affrontare i costi del rientro scolastico. <\/p>\n\n<h2 class=\"wp-block-heading\" id=\"h-un-partenariat-au-service-de-l-enfance\">Un partner al servizio dell&#8217;infanzia<\/h2>\n\n<p>Durante la cerimonia di consegna, Thiago Scuro si \u00e8 rallegrato per il successo di questa seconda edizione del Villaggio: &#8220;Siamo molto felici di aver avuto l&#8217;opportunit\u00e0, per questa seconda edizione, di dare vita al Villaggio insieme al Comune di Monaco. Siamo riusciti a coinvolgere i giocatori, ad avvicinarci alla comunit\u00e0, ai tifosi e ai bambini, a organizzare tornei di calcio, e a creare legami tra il nostro club, i fan e la citt\u00e0. E poi, ovviamente, l&#8217;estate a Monaco \u00e8 sinonimi di turismo, e quindi di visitatori provenienti da tutto il mondo&#8221;.<\/p>\n<div class=\"wp-block-image\">\n<figure class=\"aligncenter size-large\"><img loading=\"lazy\" decoding=\"async\" width=\"1024\" height=\"682\" src=\"https:\/\/www.monaco-tribune.com\/wp-content\/uploads\/2025\/08\/collecte-de-fournitures-scolaire-as-monaco-1024x682.jpg\" alt=\"raccolta di materiale scolastico AS Monaco\" class=\"wp-image-310788\" srcset=\"https:\/\/www.monaco-tribune.com\/wp-content\/uploads\/2025\/08\/collecte-de-fournitures-scolaire-as-monaco-1024x682.jpg 1024w, https:\/\/www.monaco-tribune.com\/wp-content\/uploads\/2025\/08\/collecte-de-fournitures-scolaire-as-monaco-450x300.jpg 450w\" sizes=\"auto, (max-width: 1024px) 100vw, 1024px\" \/><figcaption class=\"wp-element-caption\"><em>\u00a9 AS Monaco<\/em><\/figcaption><\/figure>\n<\/div>\n<p>Per Scuro, la collaborazione con Les Enfants de Frankie ha messo in luce i valori del club: &#8220;Cogliamo sempre ogni opportunit\u00e0 di restituire qualcosa alla societ\u00e0, \u00e8 molto importante per noi. Io stesso vengo da un Paese in cui ci si preoccupa molto di aiutare gli altri e di contribuire al miglioramento delle loro condizioni di vita, soprattutto quando si tratta di progetti legati all&#8217;infanzia. In questo caso il focus sono i bambini e l&#8217;istruzione, e lo sport \u00e8 il punto di unione perfetto&#8221;.<\/p>\n\n<p>Il direttore generale dell&#8217;AS Monaco si \u00e8 mostrato ottimista per i progetti futuri: &#8220;Abbiamo molte idee per l&#8217;anno prossimo. L&#8217;intenzione \u00e8 continuare a sviluppare nuove iniziative e a promuovere un numero sempre crescente di eventi nell&#8217;ambito del Villaggio estivo&#8221;. Scuro ha inoltre sottolineato l&#8217;importanza di &#8220;creare legami non soltanto all&#8217;interno della nostra comunit\u00e0, ma anche della regione circostante, con particolare attenzione ai bambini, che rappresentano il futuro&#8221;.<\/p>\n\n<h2 class=\"wp-block-heading\" id=\"h-des-animations-populaires-tout-l-ete\">Un&#8217;estate ricca di eventi molto apprezzati<\/h2>\n\n<p>Per tutta la stagione estiva il Villaggio ha proposto diverse attivit\u00e0 gratuite: mini-campo da calcio, calciobalilla umano, bersaglio gigante e quiz a premi sull&#8217;AS Monaco, senza dimenticare lo <em>shop truck<\/em>.<\/p>\n\n<p>Oltre a queste iniziative permanenti, il Village \u00e8 stato animato da numerosi altri eventi, come il torneo di calcio a quattro per gli adolescenti dai 12 ai 15 anni e quello di calcio a tre per adulti. Le attivit\u00e0 hanno avuto un grande successo e hanno permesso di riunire le e gli amanti della squadra. <\/p>\n\n<p class=\"related\"><a href=\"https:\/\/www.monaco-tribune.com\/it\/2025\/08\/mika-biereth-raggiante-con-i-suoi-tifosi-al-villaggio-dellas-monaco\/\">Mika Biereth raggiante con i suoi tifosi al Villaggio dell\u2019AS Monaco<\/a><\/p>\n\n<h2 class=\"wp-block-heading\" id=\"h-donne-moi-ton-cartable-une-action-qui-aide-des-centaines-d-enfants\">&#8220;Regalami il tuo zaino&#8221;, un&#8217;iniziativa per aiutare centinaia di bambini<\/h2>\n\n<p>Francien Giraudi, presidente e fondatrice dell&#8217;associazione Les Enfants de Frankie operativa dal 1997, non nasconde la sua soddisfazione: &#8220;\u00c8 la prima volta che collaboriamo con l&#8217;AS Monaco. Lavoriamo spesso con loro e con i giocatori, ma mai prima d&#8217;ora su questo progetto. \u00c8 andato molto bene, siamo davvero contenti!&#8221;.<\/p>\n\n<p>L&#8217;iniziativa <em>Donne-moi ton cartable\u00a0<\/em>(&#8220;Regalami il tuo zaino&#8221;), che l&#8217;associazione organizza da una decina d&#8217;anni, risponde a un bisogno concreto: &#8220;Non \u00e8 sempre facile per le famiglie acquistare tutto il materiale necessario per la scuola, perch\u00e9 \u00e8 molto caro e i prezzi aumentano ogni anno&#8221;. Sebbene la raccolta soddisfi solo &#8220;una piccola parte&#8221; di questi bisogni, la presidente precisa che saranno fra i 300 e i 400 i bambini che riceveranno il materiale.<\/p>\n<div class=\"wp-block-image\">\n<figure class=\"aligncenter size-large\"><img loading=\"lazy\" decoding=\"async\" width=\"1024\" height=\"682\" src=\"https:\/\/www.monaco-tribune.com\/wp-content\/uploads\/2025\/08\/cartables-asociation-les-enfants-de-frankie-1024x682.jpg\" alt=\"zaini associazione Les Enfants de Frankie\" class=\"wp-image-310779\" srcset=\"https:\/\/www.monaco-tribune.com\/wp-content\/uploads\/2025\/08\/cartables-asociation-les-enfants-de-frankie-1024x682.jpg 1024w, https:\/\/www.monaco-tribune.com\/wp-content\/uploads\/2025\/08\/cartables-asociation-les-enfants-de-frankie-450x300.jpg 450w\" sizes=\"auto, (max-width: 1024px) 100vw, 1024px\" \/><figcaption class=\"wp-element-caption\"><em>\u00a9 AS Monaco<\/em><\/figcaption><\/figure>\n<\/div>\n<p class=\"related\"><a href=\"https:\/\/www.monaco-tribune.com\/it\/2025\/08\/ligue-1-las-monaco-parte-col-piede-giusto-e-batte-il-le-havre-al-louis-ii\/\">Ligue 1: l\u2019AS Monaco parte col piede giusto e batte il Le Havre al Louis-II<\/a><\/p>\n\n<h2 class=\"wp-block-heading\" id=\"h-une-saison-riche-en-perspectives\">Una stagione ricca di prospettive<\/h2>\n\n<p>Con oltre 500 visitatori giornalieri e circa 25.000 persone accolte nell&#8217;arco dell&#8217;estate, questa seconda edizione del Villaggio estivo ha confermato il successo dell&#8217;anno scorso. Ognuno dei tre incontri dedicati agli autografi (con Fati, Dier e Biereth) ha riunito circa 300 tifosi.<\/p>\n\n<p>Rispettando la volont\u00e0 del presidente Dmitri Rybolovlev, le iniziative comunitarie del club, specialmente legate all&#8217;infanzia, verranno riproposte, con maggiore enfasi, nel corso della stagione: ripresa del Kids Tour a settembre per il suo quarto anno, nuove edizioni della Munegu Cup e dell&#8217;\u00dcNSEME Cup durante la seconda parte della stagione, e ancora gli eventi <em>Tous au Stade<\/em>,\u00a0&#8220;tutti allo stadio&#8221;, destinati ai giovani formati nei club dilettanti. Questa iniziative confermano la volont\u00e0 dell&#8217;AS Monaco di rimanere il pi\u00f9 vicino possibile alla comunit\u00e0, facendo dello sport uno strumento di solidariet\u00e0 e condivisione.<\/p>\n","protected":false},"excerpt":{"rendered":"<p>Dall&#8217;inizio dell&#8217;estate, l&#8217;AS Monaco e l&#8217;associazione Les Enfants de Frankie hanno svolto insieme una raccolta di materiale scolastico al Port [&hellip;]<\/p>\n","protected":false},"author":80,"featured_media":310773,"comment_status":"closed","ping_status":"closed","sticky":false,"template":"","format":"standard","meta":{"_acf_changed":false,"footnotes":""},"categories":[1826,1738,1752],"tags":[2846],"post_sectags":[5123],"post_format":[2481],"class_list":["post-311062","post","type-post","status-publish","format-standard","has-post-thumbnail","hentry","category-la-nostra-scelta","category-notizie","category-societa","tag-as-monaco-it-2","sectag-associazione","format-reportage-it"],"acf":[],"yoast_head":"<!-- This site is optimized with the Yoast SEO Premium plugin v26.8 (Yoast SEO v27.5) - https:\/\/yoast.com\/product\/yoast-seo-premium-wordpress\/ -->\n<title>Villaggio dell&#039;AS Monaco: successo anche per la seconda edizione, conclusa da Thiago Scuro con la consegna delle donazioni per i bambini di Les Enfants de Frankie<\/title>\n<meta name=\"description\" content=\"Dall&#039;inizio dell&#039;estate, l&#039;AS Monaco e l&#039;associazione Les Enfants de Frankie hanno svolto insieme una raccolta di materiale scolastico al Port Hercule.\" \/>\n<meta name=\"robots\" content=\"index, follow, max-snippet:-1, max-image-preview:large, max-video-preview:-1\" \/>\n<link rel=\"canonical\" href=\"https:\/\/www.monaco-tribune.com\/it\/2025\/08\/villaggio-dellas-monaco-successo-anche-per-la-seconda-edizione-conclusa-da-thiago-scuro-con-la-consegna-delle-donazioni-per-i-bambini-di-les-enfants-de-frankie\/\" \/>\n<meta property=\"og:locale\" content=\"it_IT\" \/>\n<meta property=\"og:type\" content=\"article\" \/>\n<meta property=\"og:title\" content=\"Villaggio dell&#039;AS Monaco: successo anche per la seconda edizione, conclusa da Thiago Scuro con la consegna delle donazioni per i bambini di Les Enfants de Frankie - Monaco Tribune\" \/>\n<meta property=\"og:description\" content=\"Dall&#039;inizio dell&#039;estate, l&#039;AS Monaco e l&#039;associazione Les Enfants de Frankie hanno svolto insieme una raccolta di materiale scolastico al Port Hercule.\" \/>\n<meta property=\"og:url\" content=\"https:\/\/www.monaco-tribune.com\/it\/2025\/08\/villaggio-dellas-monaco-successo-anche-per-la-seconda-edizione-conclusa-da-thiago-scuro-con-la-consegna-delle-donazioni-per-i-bambini-di-les-enfants-de-frankie\/\" \/>\n<meta property=\"og:site_name\" content=\"Monaco Tribune\" \/>\n<meta property=\"article:publisher\" content=\"https:\/\/www.facebook.com\/MonacoTribune\" \/>\n<meta property=\"article:published_time\" content=\"2025-08-25T15:59:12+00:00\" \/>\n<meta property=\"article:modified_time\" content=\"2025-08-25T15:59:17+00:00\" \/>\n<meta property=\"og:image\" content=\"https:\/\/www.monaco-tribune.com\/wp-content\/uploads\/2025\/08\/as-monaco-scaled.jpg\" \/>\n\t<meta property=\"og:image:width\" content=\"2560\" \/>\n\t<meta property=\"og:image:height\" content=\"1706\" \/>\n\t<meta property=\"og:image:type\" content=\"image\/jpeg\" \/>\n<meta name=\"author\" content=\"Estelle Imbert\" \/>\n<meta name=\"twitter:card\" content=\"summary_large_image\" \/>\n<meta name=\"twitter:creator\" content=\"@MonacoTribune\" \/>\n<meta name=\"twitter:site\" content=\"@MonacoTribune\" \/>\n<script type=\"application\/ld+json\" class=\"yoast-schema-graph\">{\"@context\":\"https:\\\/\\\/schema.org\",\"@graph\":[{\"@type\":\"NewsArticle\",\"@id\":\"https:\\\/\\\/www.monaco-tribune.com\\\/it\\\/2025\\\/08\\\/villaggio-dellas-monaco-successo-anche-per-la-seconda-edizione-conclusa-da-thiago-scuro-con-la-consegna-delle-donazioni-per-i-bambini-di-les-enfants-de-frankie\\\/#article\",\"isPartOf\":{\"@id\":\"https:\\\/\\\/www.monaco-tribune.com\\\/it\\\/2025\\\/08\\\/villaggio-dellas-monaco-successo-anche-per-la-seconda-edizione-conclusa-da-thiago-scuro-con-la-consegna-delle-donazioni-per-i-bambini-di-les-enfants-de-frankie\\\/\"},\"author\":{\"name\":\"Estelle Imbert\",\"@id\":\"https:\\\/\\\/www.monaco-tribune.com\\\/it\\\/#\\\/schema\\\/person\\\/55ce91a070ff78e15ec1817376669bf4\"},\"headline\":\"Villaggio dell&#8217;AS Monaco: successo anche per la seconda edizione, conclusa da Thiago Scuro con la consegna delle donazioni per i bambini di Les Enfants de Frankie\",\"datePublished\":\"2025-08-25T15:59:12+00:00\",\"dateModified\":\"2025-08-25T15:59:17+00:00\",\"mainEntityOfPage\":{\"@id\":\"https:\\\/\\\/www.monaco-tribune.com\\\/it\\\/2025\\\/08\\\/villaggio-dellas-monaco-successo-anche-per-la-seconda-edizione-conclusa-da-thiago-scuro-con-la-consegna-delle-donazioni-per-i-bambini-di-les-enfants-de-frankie\\\/\"},\"wordCount\":860,\"publisher\":{\"@id\":\"https:\\\/\\\/www.monaco-tribune.com\\\/it\\\/#organization\"},\"image\":{\"@id\":\"https:\\\/\\\/www.monaco-tribune.com\\\/it\\\/2025\\\/08\\\/villaggio-dellas-monaco-successo-anche-per-la-seconda-edizione-conclusa-da-thiago-scuro-con-la-consegna-delle-donazioni-per-i-bambini-di-les-enfants-de-frankie\\\/#primaryimage\"},\"thumbnailUrl\":\"https:\\\/\\\/www.monaco-tribune.com\\\/wp-content\\\/uploads\\\/2025\\\/08\\\/as-monaco-scaled.jpg\",\"keywords\":[\"AS Monaco\"],\"articleSection\":[\"La nostra scelta\",\"Notizie\",\"Societ\u00e0\"],\"inLanguage\":\"it-IT\",\"copyrightYear\":\"2025\",\"copyrightHolder\":{\"@id\":\"https:\\\/\\\/www.monaco-tribune.com\\\/#organization\"}},{\"@type\":\"WebPage\",\"@id\":\"https:\\\/\\\/www.monaco-tribune.com\\\/it\\\/2025\\\/08\\\/villaggio-dellas-monaco-successo-anche-per-la-seconda-edizione-conclusa-da-thiago-scuro-con-la-consegna-delle-donazioni-per-i-bambini-di-les-enfants-de-frankie\\\/\",\"url\":\"https:\\\/\\\/www.monaco-tribune.com\\\/it\\\/2025\\\/08\\\/villaggio-dellas-monaco-successo-anche-per-la-seconda-edizione-conclusa-da-thiago-scuro-con-la-consegna-delle-donazioni-per-i-bambini-di-les-enfants-de-frankie\\\/\",\"name\":\"Villaggio dell'AS Monaco: successo anche per la seconda edizione, conclusa da Thiago Scuro con la consegna delle donazioni per i bambini di Les Enfants de Frankie\",\"isPartOf\":{\"@id\":\"https:\\\/\\\/www.monaco-tribune.com\\\/it\\\/#website\"},\"primaryImageOfPage\":{\"@id\":\"https:\\\/\\\/www.monaco-tribune.com\\\/it\\\/2025\\\/08\\\/villaggio-dellas-monaco-successo-anche-per-la-seconda-edizione-conclusa-da-thiago-scuro-con-la-consegna-delle-donazioni-per-i-bambini-di-les-enfants-de-frankie\\\/#primaryimage\"},\"image\":{\"@id\":\"https:\\\/\\\/www.monaco-tribune.com\\\/it\\\/2025\\\/08\\\/villaggio-dellas-monaco-successo-anche-per-la-seconda-edizione-conclusa-da-thiago-scuro-con-la-consegna-delle-donazioni-per-i-bambini-di-les-enfants-de-frankie\\\/#primaryimage\"},\"thumbnailUrl\":\"https:\\\/\\\/www.monaco-tribune.com\\\/wp-content\\\/uploads\\\/2025\\\/08\\\/as-monaco-scaled.jpg\",\"datePublished\":\"2025-08-25T15:59:12+00:00\",\"dateModified\":\"2025-08-25T15:59:17+00:00\",\"description\":\"Dall'inizio dell'estate, l'AS Monaco e l'associazione Les Enfants de Frankie hanno svolto insieme una raccolta di materiale scolastico al Port Hercule.\",\"breadcrumb\":{\"@id\":\"https:\\\/\\\/www.monaco-tribune.com\\\/it\\\/2025\\\/08\\\/villaggio-dellas-monaco-successo-anche-per-la-seconda-edizione-conclusa-da-thiago-scuro-con-la-consegna-delle-donazioni-per-i-bambini-di-les-enfants-de-frankie\\\/#breadcrumb\"},\"inLanguage\":\"it-IT\",\"potentialAction\":[{\"@type\":\"ReadAction\",\"target\":[\"https:\\\/\\\/www.monaco-tribune.com\\\/it\\\/2025\\\/08\\\/villaggio-dellas-monaco-successo-anche-per-la-seconda-edizione-conclusa-da-thiago-scuro-con-la-consegna-delle-donazioni-per-i-bambini-di-les-enfants-de-frankie\\\/\"]}]},{\"@type\":\"ImageObject\",\"inLanguage\":\"it-IT\",\"@id\":\"https:\\\/\\\/www.monaco-tribune.com\\\/it\\\/2025\\\/08\\\/villaggio-dellas-monaco-successo-anche-per-la-seconda-edizione-conclusa-da-thiago-scuro-con-la-consegna-delle-donazioni-per-i-bambini-di-les-enfants-de-frankie\\\/#primaryimage\",\"url\":\"https:\\\/\\\/www.monaco-tribune.com\\\/wp-content\\\/uploads\\\/2025\\\/08\\\/as-monaco-scaled.jpg\",\"contentUrl\":\"https:\\\/\\\/www.monaco-tribune.com\\\/wp-content\\\/uploads\\\/2025\\\/08\\\/as-monaco-scaled.jpg\",\"width\":2560,\"height\":1706,\"caption\":\"I materiali scolastici sono stati consegnati al Port Hercule lo scorso venerd\u00ec 22 agosto, in presenza di Thiago Scuro \u00a9 AS Monaco\"},{\"@type\":\"BreadcrumbList\",\"@id\":\"https:\\\/\\\/www.monaco-tribune.com\\\/it\\\/2025\\\/08\\\/villaggio-dellas-monaco-successo-anche-per-la-seconda-edizione-conclusa-da-thiago-scuro-con-la-consegna-delle-donazioni-per-i-bambini-di-les-enfants-de-frankie\\\/#breadcrumb\",\"itemListElement\":[{\"@type\":\"ListItem\",\"position\":1,\"name\":\"Accueil\",\"item\":\"https:\\\/\\\/www.monaco-tribune.com\\\/it\\\/\"},{\"@type\":\"ListItem\",\"position\":2,\"name\":\"Villaggio dell&#8217;AS Monaco: successo anche per la seconda edizione, conclusa da Thiago Scuro con la consegna delle donazioni per i bambini di Les Enfants de Frankie\"}]},{\"@type\":\"WebSite\",\"@id\":\"https:\\\/\\\/www.monaco-tribune.com\\\/it\\\/#website\",\"url\":\"https:\\\/\\\/www.monaco-tribune.com\\\/it\\\/\",\"name\":\"Monaco Tribune\",\"description\":\"Monaco : actualit\u00e9s \u00e9conomiques, politiques, culturelles et sportives de Monaco et de la French Riviera.\",\"publisher\":{\"@id\":\"https:\\\/\\\/www.monaco-tribune.com\\\/it\\\/#organization\"},\"potentialAction\":[{\"@type\":\"SearchAction\",\"target\":{\"@type\":\"EntryPoint\",\"urlTemplate\":\"https:\\\/\\\/www.monaco-tribune.com\\\/it\\\/?s={search_term_string}\"},\"query-input\":{\"@type\":\"PropertyValueSpecification\",\"valueRequired\":true,\"valueName\":\"search_term_string\"}}],\"inLanguage\":\"it-IT\"},{\"@type\":\"Organization\",\"@id\":\"https:\\\/\\\/www.monaco-tribune.com\\\/it\\\/#organization\",\"name\":\"Monaco Tribune\",\"url\":\"https:\\\/\\\/www.monaco-tribune.com\\\/it\\\/\",\"logo\":{\"@type\":\"ImageObject\",\"inLanguage\":\"it-IT\",\"@id\":\"https:\\\/\\\/www.monaco-tribune.com\\\/it\\\/#\\\/schema\\\/logo\\\/image\\\/\",\"url\":\"https:\\\/\\\/www.monaco-tribune.com\\\/wp-content\\\/uploads\\\/2022\\\/11\\\/logo-monaco-tribune.png\",\"contentUrl\":\"https:\\\/\\\/www.monaco-tribune.com\\\/wp-content\\\/uploads\\\/2022\\\/11\\\/logo-monaco-tribune.png\",\"width\":1548,\"height\":600,\"caption\":\"Monaco Tribune\"},\"image\":{\"@id\":\"https:\\\/\\\/www.monaco-tribune.com\\\/it\\\/#\\\/schema\\\/logo\\\/image\\\/\"},\"sameAs\":[\"https:\\\/\\\/www.facebook.com\\\/MonacoTribune\",\"https:\\\/\\\/x.com\\\/MonacoTribune\",\"https:\\\/\\\/www.instagram.com\\\/monacotribune\\\/\",\"https:\\\/\\\/www.linkedin.com\\\/company\\\/monaco-tribune\",\"https:\\\/\\\/www.youtube.com\\\/channel\\\/UCHle1MnG6hw1y4lWKijVbMA\"]},{\"@type\":\"Person\",\"@id\":\"https:\\\/\\\/www.monaco-tribune.com\\\/it\\\/#\\\/schema\\\/person\\\/55ce91a070ff78e15ec1817376669bf4\",\"name\":\"Estelle Imbert\",\"image\":{\"@type\":\"ImageObject\",\"inLanguage\":\"it-IT\",\"@id\":\"https:\\\/\\\/secure.gravatar.com\\\/avatar\\\/d2e1a3840b1138a669d04f6292bbd810f7f730844d7a28a8e8c4c6da40e79852?s=96&d=mm&r=g\",\"url\":\"https:\\\/\\\/secure.gravatar.com\\\/avatar\\\/d2e1a3840b1138a669d04f6292bbd810f7f730844d7a28a8e8c4c6da40e79852?s=96&d=mm&r=g\",\"contentUrl\":\"https:\\\/\\\/secure.gravatar.com\\\/avatar\\\/d2e1a3840b1138a669d04f6292bbd810f7f730844d7a28a8e8c4c6da40e79852?s=96&d=mm&r=g\",\"caption\":\"Estelle Imbert\"},\"url\":\"https:\\\/\\\/www.monaco-tribune.com\\\/it\\\/author\\\/estelleimbert\\\/\"}]}<\/script>\n<!-- \/ Yoast SEO Premium plugin. -->","yoast_head_json":{"title":"Villaggio dell'AS Monaco: successo anche per la seconda edizione, conclusa da Thiago Scuro con la consegna delle donazioni per i bambini di Les Enfants de Frankie","description":"Dall'inizio dell'estate, l'AS Monaco e l'associazione Les Enfants de Frankie hanno svolto insieme una raccolta di materiale scolastico al Port Hercule.","robots":{"index":"index","follow":"follow","max-snippet":"max-snippet:-1","max-image-preview":"max-image-preview:large","max-video-preview":"max-video-preview:-1"},"canonical":"https:\/\/www.monaco-tribune.com\/it\/2025\/08\/villaggio-dellas-monaco-successo-anche-per-la-seconda-edizione-conclusa-da-thiago-scuro-con-la-consegna-delle-donazioni-per-i-bambini-di-les-enfants-de-frankie\/","og_locale":"it_IT","og_type":"article","og_title":"Villaggio dell'AS Monaco: successo anche per la seconda edizione, conclusa da Thiago Scuro con la consegna delle donazioni per i bambini di Les Enfants de Frankie - Monaco Tribune","og_description":"Dall'inizio dell'estate, l'AS Monaco e l'associazione Les Enfants de Frankie hanno svolto insieme una raccolta di materiale scolastico al Port Hercule.","og_url":"https:\/\/www.monaco-tribune.com\/it\/2025\/08\/villaggio-dellas-monaco-successo-anche-per-la-seconda-edizione-conclusa-da-thiago-scuro-con-la-consegna-delle-donazioni-per-i-bambini-di-les-enfants-de-frankie\/","og_site_name":"Monaco Tribune","article_publisher":"https:\/\/www.facebook.com\/MonacoTribune","article_published_time":"2025-08-25T15:59:12+00:00","article_modified_time":"2025-08-25T15:59:17+00:00","og_image":[{"width":2560,"height":1706,"url":"https:\/\/www.monaco-tribune.com\/wp-content\/uploads\/2025\/08\/as-monaco-scaled.jpg","type":"image\/jpeg"}],"author":"Estelle Imbert","twitter_card":"summary_large_image","twitter_creator":"@MonacoTribune","twitter_site":"@MonacoTribune","schema":{"@context":"https:\/\/schema.org","@graph":[{"@type":"NewsArticle","@id":"https:\/\/www.monaco-tribune.com\/it\/2025\/08\/villaggio-dellas-monaco-successo-anche-per-la-seconda-edizione-conclusa-da-thiago-scuro-con-la-consegna-delle-donazioni-per-i-bambini-di-les-enfants-de-frankie\/#article","isPartOf":{"@id":"https:\/\/www.monaco-tribune.com\/it\/2025\/08\/villaggio-dellas-monaco-successo-anche-per-la-seconda-edizione-conclusa-da-thiago-scuro-con-la-consegna-delle-donazioni-per-i-bambini-di-les-enfants-de-frankie\/"},"author":{"name":"Estelle Imbert","@id":"https:\/\/www.monaco-tribune.com\/it\/#\/schema\/person\/55ce91a070ff78e15ec1817376669bf4"},"headline":"Villaggio dell&#8217;AS Monaco: successo anche per la seconda edizione, conclusa da Thiago Scuro con la consegna delle donazioni per i bambini di Les Enfants de Frankie","datePublished":"2025-08-25T15:59:12+00:00","dateModified":"2025-08-25T15:59:17+00:00","mainEntityOfPage":{"@id":"https:\/\/www.monaco-tribune.com\/it\/2025\/08\/villaggio-dellas-monaco-successo-anche-per-la-seconda-edizione-conclusa-da-thiago-scuro-con-la-consegna-delle-donazioni-per-i-bambini-di-les-enfants-de-frankie\/"},"wordCount":860,"publisher":{"@id":"https:\/\/www.monaco-tribune.com\/it\/#organization"},"image":{"@id":"https:\/\/www.monaco-tribune.com\/it\/2025\/08\/villaggio-dellas-monaco-successo-anche-per-la-seconda-edizione-conclusa-da-thiago-scuro-con-la-consegna-delle-donazioni-per-i-bambini-di-les-enfants-de-frankie\/#primaryimage"},"thumbnailUrl":"https:\/\/www.monaco-tribune.com\/wp-content\/uploads\/2025\/08\/as-monaco-scaled.jpg","keywords":["AS Monaco"],"articleSection":["La nostra scelta","Notizie","Societ\u00e0"],"inLanguage":"it-IT","copyrightYear":"2025","copyrightHolder":{"@id":"https:\/\/www.monaco-tribune.com\/#organization"}},{"@type":"WebPage","@id":"https:\/\/www.monaco-tribune.com\/it\/2025\/08\/villaggio-dellas-monaco-successo-anche-per-la-seconda-edizione-conclusa-da-thiago-scuro-con-la-consegna-delle-donazioni-per-i-bambini-di-les-enfants-de-frankie\/","url":"https:\/\/www.monaco-tribune.com\/it\/2025\/08\/villaggio-dellas-monaco-successo-anche-per-la-seconda-edizione-conclusa-da-thiago-scuro-con-la-consegna-delle-donazioni-per-i-bambini-di-les-enfants-de-frankie\/","name":"Villaggio dell'AS Monaco: successo anche per la seconda edizione, conclusa da Thiago Scuro con la consegna delle donazioni per i bambini di Les Enfants de Frankie","isPartOf":{"@id":"https:\/\/www.monaco-tribune.com\/it\/#website"},"primaryImageOfPage":{"@id":"https:\/\/www.monaco-tribune.com\/it\/2025\/08\/villaggio-dellas-monaco-successo-anche-per-la-seconda-edizione-conclusa-da-thiago-scuro-con-la-consegna-delle-donazioni-per-i-bambini-di-les-enfants-de-frankie\/#primaryimage"},"image":{"@id":"https:\/\/www.monaco-tribune.com\/it\/2025\/08\/villaggio-dellas-monaco-successo-anche-per-la-seconda-edizione-conclusa-da-thiago-scuro-con-la-consegna-delle-donazioni-per-i-bambini-di-les-enfants-de-frankie\/#primaryimage"},"thumbnailUrl":"https:\/\/www.monaco-tribune.com\/wp-content\/uploads\/2025\/08\/as-monaco-scaled.jpg","datePublished":"2025-08-25T15:59:12+00:00","dateModified":"2025-08-25T15:59:17+00:00","description":"Dall'inizio dell'estate, l'AS Monaco e l'associazione Les Enfants de Frankie hanno svolto insieme una raccolta di materiale scolastico al Port Hercule.","breadcrumb":{"@id":"https:\/\/www.monaco-tribune.com\/it\/2025\/08\/villaggio-dellas-monaco-successo-anche-per-la-seconda-edizione-conclusa-da-thiago-scuro-con-la-consegna-delle-donazioni-per-i-bambini-di-les-enfants-de-frankie\/#breadcrumb"},"inLanguage":"it-IT","potentialAction":[{"@type":"ReadAction","target":["https:\/\/www.monaco-tribune.com\/it\/2025\/08\/villaggio-dellas-monaco-successo-anche-per-la-seconda-edizione-conclusa-da-thiago-scuro-con-la-consegna-delle-donazioni-per-i-bambini-di-les-enfants-de-frankie\/"]}]},{"@type":"ImageObject","inLanguage":"it-IT","@id":"https:\/\/www.monaco-tribune.com\/it\/2025\/08\/villaggio-dellas-monaco-successo-anche-per-la-seconda-edizione-conclusa-da-thiago-scuro-con-la-consegna-delle-donazioni-per-i-bambini-di-les-enfants-de-frankie\/#primaryimage","url":"https:\/\/www.monaco-tribune.com\/wp-content\/uploads\/2025\/08\/as-monaco-scaled.jpg","contentUrl":"https:\/\/www.monaco-tribune.com\/wp-content\/uploads\/2025\/08\/as-monaco-scaled.jpg","width":2560,"height":1706,"caption":"I materiali scolastici sono stati consegnati al Port Hercule lo scorso venerd\u00ec 22 agosto, in presenza di Thiago Scuro \u00a9 AS Monaco"},{"@type":"BreadcrumbList","@id":"https:\/\/www.monaco-tribune.com\/it\/2025\/08\/villaggio-dellas-monaco-successo-anche-per-la-seconda-edizione-conclusa-da-thiago-scuro-con-la-consegna-delle-donazioni-per-i-bambini-di-les-enfants-de-frankie\/#breadcrumb","itemListElement":[{"@type":"ListItem","position":1,"name":"Accueil","item":"https:\/\/www.monaco-tribune.com\/it\/"},{"@type":"ListItem","position":2,"name":"Villaggio dell&#8217;AS Monaco: successo anche per la seconda edizione, conclusa da Thiago Scuro con la consegna delle donazioni per i bambini di Les Enfants de Frankie"}]},{"@type":"WebSite","@id":"https:\/\/www.monaco-tribune.com\/it\/#website","url":"https:\/\/www.monaco-tribune.com\/it\/","name":"Monaco Tribune","description":"Monaco : actualit\u00e9s \u00e9conomiques, politiques, culturelles et sportives de Monaco et de la French Riviera.","publisher":{"@id":"https:\/\/www.monaco-tribune.com\/it\/#organization"},"potentialAction":[{"@type":"SearchAction","target":{"@type":"EntryPoint","urlTemplate":"https:\/\/www.monaco-tribune.com\/it\/?s={search_term_string}"},"query-input":{"@type":"PropertyValueSpecification","valueRequired":true,"valueName":"search_term_string"}}],"inLanguage":"it-IT"},{"@type":"Organization","@id":"https:\/\/www.monaco-tribune.com\/it\/#organization","name":"Monaco Tribune","url":"https:\/\/www.monaco-tribune.com\/it\/","logo":{"@type":"ImageObject","inLanguage":"it-IT","@id":"https:\/\/www.monaco-tribune.com\/it\/#\/schema\/logo\/image\/","url":"https:\/\/www.monaco-tribune.com\/wp-content\/uploads\/2022\/11\/logo-monaco-tribune.png","contentUrl":"https:\/\/www.monaco-tribune.com\/wp-content\/uploads\/2022\/11\/logo-monaco-tribune.png","width":1548,"height":600,"caption":"Monaco Tribune"},"image":{"@id":"https:\/\/www.monaco-tribune.com\/it\/#\/schema\/logo\/image\/"},"sameAs":["https:\/\/www.facebook.com\/MonacoTribune","https:\/\/x.com\/MonacoTribune","https:\/\/www.instagram.com\/monacotribune\/","https:\/\/www.linkedin.com\/company\/monaco-tribune","https:\/\/www.youtube.com\/channel\/UCHle1MnG6hw1y4lWKijVbMA"]},{"@type":"Person","@id":"https:\/\/www.monaco-tribune.com\/it\/#\/schema\/person\/55ce91a070ff78e15ec1817376669bf4","name":"Estelle Imbert","image":{"@type":"ImageObject","inLanguage":"it-IT","@id":"https:\/\/secure.gravatar.com\/avatar\/d2e1a3840b1138a669d04f6292bbd810f7f730844d7a28a8e8c4c6da40e79852?s=96&d=mm&r=g","url":"https:\/\/secure.gravatar.com\/avatar\/d2e1a3840b1138a669d04f6292bbd810f7f730844d7a28a8e8c4c6da40e79852?s=96&d=mm&r=g","contentUrl":"https:\/\/secure.gravatar.com\/avatar\/d2e1a3840b1138a669d04f6292bbd810f7f730844d7a28a8e8c4c6da40e79852?s=96&d=mm&r=g","caption":"Estelle Imbert"},"url":"https:\/\/www.monaco-tribune.com\/it\/author\/estelleimbert\/"}]}},"_links":{"self":[{"href":"https:\/\/www.monaco-tribune.com\/it\/wp-json\/wp\/v2\/posts\/311062","targetHints":{"allow":["GET"]}}],"collection":[{"href":"https:\/\/www.monaco-tribune.com\/it\/wp-json\/wp\/v2\/posts"}],"about":[{"href":"https:\/\/www.monaco-tribune.com\/it\/wp-json\/wp\/v2\/types\/post"}],"author":[{"embeddable":true,"href":"https:\/\/www.monaco-tribune.com\/it\/wp-json\/wp\/v2\/users\/80"}],"replies":[{"embeddable":true,"href":"https:\/\/www.monaco-tribune.com\/it\/wp-json\/wp\/v2\/comments?post=311062"}],"version-history":[{"count":2,"href":"https:\/\/www.monaco-tribune.com\/it\/wp-json\/wp\/v2\/posts\/311062\/revisions"}],"predecessor-version":[{"id":311065,"href":"https:\/\/www.monaco-tribune.com\/it\/wp-json\/wp\/v2\/posts\/311062\/revisions\/311065"}],"wp:featuredmedia":[{"embeddable":true,"href":"https:\/\/www.monaco-tribune.com\/it\/wp-json\/wp\/v2\/media\/310773"}],"wp:attachment":[{"href":"https:\/\/www.monaco-tribune.com\/it\/wp-json\/wp\/v2\/media?parent=311062"}],"wp:term":[{"taxonomy":"category","embeddable":true,"href":"https:\/\/www.monaco-tribune.com\/it\/wp-json\/wp\/v2\/categories?post=311062"},{"taxonomy":"post_tag","embeddable":true,"href":"https:\/\/www.monaco-tribune.com\/it\/wp-json\/wp\/v2\/tags?post=311062"},{"taxonomy":"sectag","embeddable":true,"href":"https:\/\/www.monaco-tribune.com\/it\/wp-json\/wp\/v2\/post_sectags?post=311062"},{"taxonomy":"format","embeddable":true,"href":"https:\/\/www.monaco-tribune.com\/it\/wp-json\/wp\/v2\/post_format?post=311062"}],"curies":[{"name":"wp","href":"https:\/\/api.w.org\/{rel}","templated":true}]}}