{"id":311369,"date":"2025-08-28T10:25:37","date_gmt":"2025-08-28T08:25:37","guid":{"rendered":"https:\/\/www.monaco-tribune.com\/2025\/08\/gli-eventi-da-non-perdere-a-monaco-a-settembre\/"},"modified":"2025-08-28T10:25:45","modified_gmt":"2025-08-28T08:25:45","slug":"gli-eventi-da-non-perdere-a-monaco-a-settembre","status":"publish","type":"post","link":"https:\/\/www.monaco-tribune.com\/it\/2025\/08\/gli-eventi-da-non-perdere-a-monaco-a-settembre\/","title":{"rendered":"Gli eventi da non perdere a Monaco a settembre"},"content":{"rendered":"\n<p><strong>Gli eventi del Principato sono pronti a tornare! Scoprite cosa c&#8217;\u00e8 in programma a settembre.<\/strong><\/p>\n\n<p>Un&#8217;invasione di yacht sulla Costa Azzurra, l&#8217;Orchestra Filarmonica di Monte-Carlo di nuovo in azione e una serie di saloni&#8230; Preparatevi, sar\u00e0 un settembre intenso.<\/p>\n\n<h2 class=\"wp-block-heading\" id=\"h-a-ne-pas-manquer-nbsp\">Da non perdere:<\/h2>\n\n<p>Dal <strong>24 al 27 settembre<\/strong>, poche settimane dopo il <a href=\"https:\/\/www.monaco-tribune.com\/2025\/08\/cannes-yachting-festival-2025-plus-de-700-bateaux-seront-presentes\/\">Cannes Yachting Festival e i suoi 700 yacht<\/a> attesi, il mondo dello yachting getter\u00e0 l&#8217;ancora nel Principato per il 34\u00b0 <a href=\"https:\/\/www.monaco-tribune.com\/2025\/07\/monaco-yacht-show-2025-un-programme-inedit-pour-repenser-lavenir-du-yachting\/\">Monaco Yacht Show<\/a>. Saranno esposti 120 superyacht e 60 imbarcazioni ausiliarie e il tema di quest&#8217;anno sar\u00e0 una navigazione pi\u00f9 sostenibile.<\/p>\n\n<blockquote class=\"wp-embedded-content\" data-secret=\"QBib1gfwjw\"><a href=\"https:\/\/www.monaco-tribune.com\/it\/2025\/07\/monaco-yacht-show-2025-svelate-le-anteprime-mondiali\/\">Monaco Yacht Show 2025: svelate le anteprime mondiali<\/a><\/blockquote><iframe class=\"wp-embedded-content\" sandbox=\"allow-scripts\" security=\"restricted\" style=\"position: absolute; visibility: hidden;\" title=\"&#8220;Monaco Yacht Show 2025: svelate le anteprime mondiali&#8221; &#8212; Monaco Tribune\" src=\"https:\/\/www.monaco-tribune.com\/it\/2025\/07\/monaco-yacht-show-2025-svelate-le-anteprime-mondiali\/embed\/#?secret=So6p3Z1Xo2#?secret=QBib1gfwjw\" data-secret=\"QBib1gfwjw\" width=\"500\" height=\"282\" frameborder=\"0\" marginwidth=\"0\" marginheight=\"0\" scrolling=\"no\"><\/iframe>\n\n<p>Questo mese gli amanti delle barche avranno di che divertirsi. Dal <strong>10 al 13 settembre<\/strong>, il Principato ospiter\u00e0 la <a href=\"https:\/\/www.monaco-tribune.com\/2025\/07\/monaco-classic-week-quand-la-mediterranee-se-pare-de-ses-plus-beaux-atours\/\">Monaco Classic Week<\/a>, che riunir\u00e0 un centinaio di imbarcazioni, una pi\u00f9 iconica dell&#8217;altra.<\/p>\n\n<h2 class=\"wp-block-heading\" id=\"h-une-rentree-en-rythme-nbsp\">Un settembre a ritmo di musica:<\/h2>\n\n<p>Dopo la fine della stagione <a href=\"https:\/\/www.monaco-tribune.com\/2025\/08\/dans-lecrin-du-palais-princier-tianyi-lu-dirige-lopmc-dans-un-concert-charge-demotions\/\">all&#8217;interno del Palazzo del Principe<\/a> e un meritato mese di vacanza, l&#8217;OPMC torna a far parlare di s\u00e9. Il concerto di apertura della stagione si terr\u00e0 il <strong>21 settembre<\/strong> all&#8217;Auditorium Rainier III. Ci sono ancora posti disponibili!<br\/><br\/><strong>Gioved\u00ec 4 settembre<\/strong>, il Grimaldi Forum accoglier\u00e0 il gruppo Pat Kalla nell&#8217;ambito delle <em>Thursday Live Sessions<\/em>. L&#8217;idea? Godersi un concerto intimo seduti a un tavolo con gli amici!<br\/><br\/>E per concludere l&#8217;estate nel tradizionale stile monegasco, non perdete il Ballo del March\u00e9 de la Condamine, organizzato dal Comune di Monaco il <strong>12 settembre<\/strong>. Non dimenticate di prenotare i vostri tavoli dai commercianti del mercato!<\/p>\n<div class=\"wp-block-image\">\n<figure class=\"aligncenter size-large\"><img loading=\"lazy\" decoding=\"async\" width=\"1024\" height=\"684\" src=\"https:\/\/www.monaco-tribune.com\/wp-content\/uploads\/2024\/08\/bal-du-marche-condamine-1024x684.jpeg\" alt=\"bal-du-marche-condamine\" class=\"wp-image-247237\" srcset=\"https:\/\/www.monaco-tribune.com\/wp-content\/uploads\/2024\/08\/bal-du-marche-condamine-1024x684.jpeg 1024w, https:\/\/www.monaco-tribune.com\/wp-content\/uploads\/2024\/08\/bal-du-marche-condamine-449x300.jpeg 449w, https:\/\/www.monaco-tribune.com\/wp-content\/uploads\/2024\/08\/bal-du-marche-condamine.jpeg 1200w\" sizes=\"auto, (max-width: 1024px) 100vw, 1024px\" \/><figcaption class=\"wp-element-caption\"><em>Il ballo del March\u00e9 de la Condamine chiude la stagione estiva a Monaco \u00a9 Comune di Monaco<\/em><\/figcaption><\/figure>\n<\/div>\n<h2 class=\"wp-block-heading\" id=\"h-insolite-nbsp\">Un\u2019idea originale:<\/h2>\n\n<p>Panini, Pokemon, Disney, Marvel&#8230; Sono nomi che vi ricordano qualcosa? Se siete appassionati di carte da collezione, il primo Monaco Card Show si terr\u00e0 il <strong>13 settembre<\/strong> al Grimaldi Forum! Una serie di espositori, ospiti e collezionisti vi attendono per discutere di un argomento che appassiona molti!<\/p>\n\n<h2 class=\"wp-block-heading\" id=\"h-mode-et-business\">Moda e business<\/h2>\n\n<p>Gli appassionati di moda hanno un&#8217;ultima occasione per scoprire la mostra &#8220;<a href=\"https:\/\/www.monaco-tribune.com\/it\/2025\/06\/gli-anni-folli-di-coco-chanel-le-creazioni-della-piu-grande-stilista-del-xx-secolo-protagoniste-a-villa-paloma\/\"><em>Les Ann\u00e9es folles de Coco Chanel<\/em><\/a>&#8221; a Villa Paloma. Oltre 200 pezzi raccontano l&#8217;invenzione della donna moderna sulla Riviera negli anni Venti.<\/p>\n<div class=\"wp-block-image\">\n<figure class=\"aligncenter size-large\"><img loading=\"lazy\" decoding=\"async\" width=\"1024\" height=\"682\" src=\"https:\/\/www.monaco-tribune.com\/wp-content\/uploads\/2025\/06\/nmnm_les-annees-folles-de-coco-chanel-002-1024x682.jpg\" alt=\"\" class=\"wp-image-300211\" srcset=\"https:\/\/www.monaco-tribune.com\/wp-content\/uploads\/2025\/06\/nmnm_les-annees-folles-de-coco-chanel-002-1024x682.jpg 1024w, https:\/\/www.monaco-tribune.com\/wp-content\/uploads\/2025\/06\/nmnm_les-annees-folles-de-coco-chanel-002-450x300.jpg 450w, https:\/\/www.monaco-tribune.com\/wp-content\/uploads\/2025\/06\/nmnm_les-annees-folles-de-coco-chanel-002.jpg 2000w\" sizes=\"auto, (max-width: 1024px) 100vw, 1024px\" \/><figcaption class=\"wp-element-caption\"><em>La mostra chiude il 5 ottobre \u00a9 NMNM-Andrea Rossetti \/ H\u00e9ctor Chico<\/em><\/figcaption><\/figure>\n<\/div>\n<p>Sul versante business, la fiera Luxe Pack torner\u00e0 al Grimaldi Forum <strong>alla fine del mese<\/strong>. Specializzata in imballaggi di lusso, attira ogni anno migliaia di professionisti del settore.<\/p>\n\n<h2 class=\"wp-block-heading\" id=\"h-lecture-et-culture-pour-la-rentree-nbsp\">Lettura e cultura per il rientro:<\/h2>\n\n<p>Il <strong>6 e 7 settembre<\/strong>, spazio alla letteratura con il Salone Internazionale del Libro di Monaco al Grimaldi Forum. Pi\u00f9 di 150 autori internazionali sono attesi per incontri, dibattiti e caff\u00e8 letterari!<\/p>\n\n<blockquote class=\"wp-embedded-content\" data-secret=\"W8SKnEvFiW\"><a href=\"https:\/\/www.monaco-tribune.com\/it\/2025\/07\/programma-2025-2026-lopmc-presenta-la-sua-stagione-daddio-a-kazuki-yamada\/\">Programma 2025-2026: l\u2019OPMC presenta la sua stagione d\u2019addio a Kazuki Yamada<\/a><\/blockquote><iframe class=\"wp-embedded-content\" sandbox=\"allow-scripts\" security=\"restricted\" style=\"position: absolute; visibility: hidden;\" title=\"&#8220;Programma 2025-2026: l\u2019OPMC presenta la sua stagione d\u2019addio a Kazuki Yamada&#8221; &#8212; Monaco Tribune\" src=\"https:\/\/www.monaco-tribune.com\/it\/2025\/07\/programma-2025-2026-lopmc-presenta-la-sua-stagione-daddio-a-kazuki-yamada\/embed\/#?secret=G3pY9LyIa6#?secret=W8SKnEvFiW\" data-secret=\"W8SKnEvFiW\" width=\"500\" height=\"282\" frameborder=\"0\" marginwidth=\"0\" marginheight=\"0\" scrolling=\"no\"><\/iframe>\n\n<p>Volete acquistare un&#8217;opera d&#8217;arte contemporanea? Il tendone di Fontvieille si trasforma in una vera e propria galleria d&#8217;arte per ospitare la <a href=\"https:\/\/www.monaco-tribune.com\/2025\/08\/le-salon-dart-contemporain-art3f-revient-a-monaco-avec-plus-de-3-500-oeuvres-a-la-vente\/\">fiera art3f<\/a>. Troverete oltre 3.500 opere in vendita, dal <strong>19 al 21 settembre<\/strong>!<\/p>\n<div class=\"wp-block-image\">\n<figure class=\"aligncenter size-large\"><img loading=\"lazy\" decoding=\"async\" width=\"1024\" height=\"675\" src=\"https:\/\/www.monaco-tribune.com\/wp-content\/uploads\/2025\/08\/art3f-1024x675.jpg\" alt=\"art3f\" class=\"wp-image-310906\" srcset=\"https:\/\/www.monaco-tribune.com\/wp-content\/uploads\/2025\/08\/art3f-1024x675.jpg 1024w, https:\/\/www.monaco-tribune.com\/wp-content\/uploads\/2025\/08\/art3f-455x300.jpg 455w, https:\/\/www.monaco-tribune.com\/wp-content\/uploads\/2025\/08\/art3f.jpg 1726w\" sizes=\"auto, (max-width: 1024px) 100vw, 1024px\" \/><figcaption class=\"wp-element-caption\"><em>\u00a9 art3f 2021 &#8211; David Law<\/em><\/figcaption><\/figure>\n<\/div>\n<h2 class=\"wp-block-heading\" id=\"h-golf-princier-et-as-monaco\">Golf Princier e AS Monaco:<\/h2>\n\n<p>Sul fronte sportivo, il <strong>16 settembre<\/strong> la <a href=\"https:\/\/www.monaco-tribune.com\/2025\/08\/la-princess-of-monaco-cup-revient-en-septembre-pour-sa-4eme-edition-caritative\/\">Princess of Monaco Cup<\/a>, organizzata dalla Fondazione Principessa Charl\u00e8ne, riunir\u00e0 18 squadre al Monte-Carlo Golf Club. Il gran finale sar\u00e0 l&#8217;iconica 19\u00aa buca della Place du Casino, dove tutti i partecipanti e il Principe e la Principessa concluderanno il torneo in una cornice d&#8217;eccezione.<br\/><br\/>Infine, la pallina da golf lascia il posto a un pallone da calcio con l&#8217;AS Monaco che ospita l&#8217;FC Metz il <strong>21 settembre<\/strong>. A fine mese, il <strong>28 settembre<\/strong>, l&#8217;ASM varcher\u00e0 il confine per partecipare alla 2\u00aa edizione della Festa dello Sport a Ventimiglia!<\/p>\n","protected":false},"excerpt":{"rendered":"<p>Gli eventi del Principato sono pronti a tornare! Scoprite cosa c&#8217;\u00e8 in programma a settembre. Un&#8217;invasione di yacht sulla Costa [&hellip;]<\/p>\n","protected":false},"author":81,"featured_media":303243,"comment_status":"closed","ping_status":"closed","sticky":false,"template":"","format":"standard","meta":{"_acf_changed":false,"footnotes":""},"categories":[1740,1738],"tags":[2890],"post_sectags":[3979],"post_format":[2471],"class_list":["post-311369","post","type-post","status-publish","format-standard","has-post-thumbnail","hentry","category-cosa-fare","category-notizie","tag-eventi","sectag-vita-locale","format-evento"],"acf":[],"yoast_head":"<!-- This site is optimized with the Yoast SEO Premium plugin v26.8 (Yoast SEO v27.4) - https:\/\/yoast.com\/product\/yoast-seo-premium-wordpress\/ -->\n<title>Gli eventi da non perdere a Monaco a settembre<\/title>\n<meta name=\"description\" content=\"Gli eventi del Principato sono pronti a tornare! Scoprite cosa c&#039;\u00e8 in programma a settembre. Un&#039;invasione di yacht sulla Costa Azzurra, l&#039;Orchestra\" \/>\n<meta name=\"robots\" content=\"index, follow, max-snippet:-1, max-image-preview:large, max-video-preview:-1\" \/>\n<link rel=\"canonical\" href=\"https:\/\/www.monaco-tribune.com\/it\/2025\/08\/gli-eventi-da-non-perdere-a-monaco-a-settembre\/\" \/>\n<meta property=\"og:locale\" content=\"it_IT\" \/>\n<meta property=\"og:type\" content=\"article\" \/>\n<meta property=\"og:title\" content=\"Gli eventi da non perdere a Monaco a settembre - Monaco Tribune\" \/>\n<meta property=\"og:description\" content=\"Gli eventi del Principato sono pronti a tornare! Scoprite cosa c&#039;\u00e8 in programma a settembre. Un&#039;invasione di yacht sulla Costa Azzurra, l&#039;Orchestra\" \/>\n<meta property=\"og:url\" content=\"https:\/\/www.monaco-tribune.com\/it\/2025\/08\/gli-eventi-da-non-perdere-a-monaco-a-settembre\/\" \/>\n<meta property=\"og:site_name\" content=\"Monaco Tribune\" \/>\n<meta property=\"article:publisher\" content=\"https:\/\/www.facebook.com\/MonacoTribune\" \/>\n<meta property=\"article:published_time\" content=\"2025-08-28T08:25:37+00:00\" \/>\n<meta property=\"article:modified_time\" content=\"2025-08-28T08:25:45+00:00\" \/>\n<meta property=\"og:image\" content=\"https:\/\/www.monaco-tribune.com\/wp-content\/uploads\/2025\/07\/mcw21@francesco-ferri_11030875_bd.jpg\" \/>\n\t<meta property=\"og:image:width\" content=\"1200\" \/>\n\t<meta property=\"og:image:height\" content=\"752\" \/>\n\t<meta property=\"og:image:type\" content=\"image\/jpeg\" \/>\n<meta name=\"author\" content=\"Lo\u00efc Savaresse\" \/>\n<meta name=\"twitter:card\" content=\"summary_large_image\" \/>\n<meta name=\"twitter:creator\" content=\"@MonacoTribune\" \/>\n<meta name=\"twitter:site\" content=\"@MonacoTribune\" \/>\n<script type=\"application\/ld+json\" class=\"yoast-schema-graph\">{\"@context\":\"https:\\\/\\\/schema.org\",\"@graph\":[{\"@type\":\"NewsArticle\",\"@id\":\"https:\\\/\\\/www.monaco-tribune.com\\\/it\\\/2025\\\/08\\\/gli-eventi-da-non-perdere-a-monaco-a-settembre\\\/#article\",\"isPartOf\":{\"@id\":\"https:\\\/\\\/www.monaco-tribune.com\\\/it\\\/2025\\\/08\\\/gli-eventi-da-non-perdere-a-monaco-a-settembre\\\/\"},\"author\":{\"name\":\"Lo\u00efc Savaresse\",\"@id\":\"https:\\\/\\\/www.monaco-tribune.com\\\/it\\\/#\\\/schema\\\/person\\\/038be413d70c68969e8c6013f2520a39\"},\"headline\":\"Gli eventi da non perdere a Monaco a settembre\",\"datePublished\":\"2025-08-28T08:25:37+00:00\",\"dateModified\":\"2025-08-28T08:25:45+00:00\",\"mainEntityOfPage\":{\"@id\":\"https:\\\/\\\/www.monaco-tribune.com\\\/it\\\/2025\\\/08\\\/gli-eventi-da-non-perdere-a-monaco-a-settembre\\\/\"},\"wordCount\":576,\"publisher\":{\"@id\":\"https:\\\/\\\/www.monaco-tribune.com\\\/it\\\/#organization\"},\"image\":{\"@id\":\"https:\\\/\\\/www.monaco-tribune.com\\\/it\\\/2025\\\/08\\\/gli-eventi-da-non-perdere-a-monaco-a-settembre\\\/#primaryimage\"},\"thumbnailUrl\":\"https:\\\/\\\/www.monaco-tribune.com\\\/wp-content\\\/uploads\\\/2025\\\/07\\\/mcw21@francesco-ferri_11030875_bd.jpg\",\"keywords\":[\"Eventi\"],\"articleSection\":[\"Cosa fare\",\"Notizie\"],\"inLanguage\":\"it-IT\",\"copyrightYear\":\"2025\",\"copyrightHolder\":{\"@id\":\"https:\\\/\\\/www.monaco-tribune.com\\\/#organization\"}},{\"@type\":\"WebPage\",\"@id\":\"https:\\\/\\\/www.monaco-tribune.com\\\/it\\\/2025\\\/08\\\/gli-eventi-da-non-perdere-a-monaco-a-settembre\\\/\",\"url\":\"https:\\\/\\\/www.monaco-tribune.com\\\/it\\\/2025\\\/08\\\/gli-eventi-da-non-perdere-a-monaco-a-settembre\\\/\",\"name\":\"Gli eventi da non perdere a Monaco a settembre\",\"isPartOf\":{\"@id\":\"https:\\\/\\\/www.monaco-tribune.com\\\/it\\\/#website\"},\"primaryImageOfPage\":{\"@id\":\"https:\\\/\\\/www.monaco-tribune.com\\\/it\\\/2025\\\/08\\\/gli-eventi-da-non-perdere-a-monaco-a-settembre\\\/#primaryimage\"},\"image\":{\"@id\":\"https:\\\/\\\/www.monaco-tribune.com\\\/it\\\/2025\\\/08\\\/gli-eventi-da-non-perdere-a-monaco-a-settembre\\\/#primaryimage\"},\"thumbnailUrl\":\"https:\\\/\\\/www.monaco-tribune.com\\\/wp-content\\\/uploads\\\/2025\\\/07\\\/mcw21@francesco-ferri_11030875_bd.jpg\",\"datePublished\":\"2025-08-28T08:25:37+00:00\",\"dateModified\":\"2025-08-28T08:25:45+00:00\",\"description\":\"Gli eventi del Principato sono pronti a tornare! Scoprite cosa c'\u00e8 in programma a settembre. Un'invasione di yacht sulla Costa Azzurra, l'Orchestra\",\"breadcrumb\":{\"@id\":\"https:\\\/\\\/www.monaco-tribune.com\\\/it\\\/2025\\\/08\\\/gli-eventi-da-non-perdere-a-monaco-a-settembre\\\/#breadcrumb\"},\"inLanguage\":\"it-IT\",\"potentialAction\":[{\"@type\":\"ReadAction\",\"target\":[\"https:\\\/\\\/www.monaco-tribune.com\\\/it\\\/2025\\\/08\\\/gli-eventi-da-non-perdere-a-monaco-a-settembre\\\/\"]}]},{\"@type\":\"ImageObject\",\"inLanguage\":\"it-IT\",\"@id\":\"https:\\\/\\\/www.monaco-tribune.com\\\/it\\\/2025\\\/08\\\/gli-eventi-da-non-perdere-a-monaco-a-settembre\\\/#primaryimage\",\"url\":\"https:\\\/\\\/www.monaco-tribune.com\\\/wp-content\\\/uploads\\\/2025\\\/07\\\/mcw21@francesco-ferri_11030875_bd.jpg\",\"contentUrl\":\"https:\\\/\\\/www.monaco-tribune.com\\\/wp-content\\\/uploads\\\/2025\\\/07\\\/mcw21@francesco-ferri_11030875_bd.jpg\",\"width\":1200,\"height\":752,\"caption\":\"Un balletto nautico d'eccezione con la Monaco Classic Week \u00a9 YCM\"},{\"@type\":\"BreadcrumbList\",\"@id\":\"https:\\\/\\\/www.monaco-tribune.com\\\/it\\\/2025\\\/08\\\/gli-eventi-da-non-perdere-a-monaco-a-settembre\\\/#breadcrumb\",\"itemListElement\":[{\"@type\":\"ListItem\",\"position\":1,\"name\":\"Accueil\",\"item\":\"https:\\\/\\\/www.monaco-tribune.com\\\/it\\\/\"},{\"@type\":\"ListItem\",\"position\":2,\"name\":\"Gli eventi da non perdere a Monaco a settembre\"}]},{\"@type\":\"WebSite\",\"@id\":\"https:\\\/\\\/www.monaco-tribune.com\\\/it\\\/#website\",\"url\":\"https:\\\/\\\/www.monaco-tribune.com\\\/it\\\/\",\"name\":\"Monaco Tribune\",\"description\":\"Monaco : actualit\u00e9s \u00e9conomiques, politiques, culturelles et sportives de Monaco et de la French Riviera.\",\"publisher\":{\"@id\":\"https:\\\/\\\/www.monaco-tribune.com\\\/it\\\/#organization\"},\"potentialAction\":[{\"@type\":\"SearchAction\",\"target\":{\"@type\":\"EntryPoint\",\"urlTemplate\":\"https:\\\/\\\/www.monaco-tribune.com\\\/it\\\/?s={search_term_string}\"},\"query-input\":{\"@type\":\"PropertyValueSpecification\",\"valueRequired\":true,\"valueName\":\"search_term_string\"}}],\"inLanguage\":\"it-IT\"},{\"@type\":\"Organization\",\"@id\":\"https:\\\/\\\/www.monaco-tribune.com\\\/it\\\/#organization\",\"name\":\"Monaco Tribune\",\"url\":\"https:\\\/\\\/www.monaco-tribune.com\\\/it\\\/\",\"logo\":{\"@type\":\"ImageObject\",\"inLanguage\":\"it-IT\",\"@id\":\"https:\\\/\\\/www.monaco-tribune.com\\\/it\\\/#\\\/schema\\\/logo\\\/image\\\/\",\"url\":\"https:\\\/\\\/www.monaco-tribune.com\\\/wp-content\\\/uploads\\\/2022\\\/11\\\/logo-monaco-tribune.png\",\"contentUrl\":\"https:\\\/\\\/www.monaco-tribune.com\\\/wp-content\\\/uploads\\\/2022\\\/11\\\/logo-monaco-tribune.png\",\"width\":1548,\"height\":600,\"caption\":\"Monaco Tribune\"},\"image\":{\"@id\":\"https:\\\/\\\/www.monaco-tribune.com\\\/it\\\/#\\\/schema\\\/logo\\\/image\\\/\"},\"sameAs\":[\"https:\\\/\\\/www.facebook.com\\\/MonacoTribune\",\"https:\\\/\\\/x.com\\\/MonacoTribune\",\"https:\\\/\\\/www.instagram.com\\\/monacotribune\\\/\",\"https:\\\/\\\/www.linkedin.com\\\/company\\\/monaco-tribune\",\"https:\\\/\\\/www.youtube.com\\\/channel\\\/UCHle1MnG6hw1y4lWKijVbMA\"]},{\"@type\":\"Person\",\"@id\":\"https:\\\/\\\/www.monaco-tribune.com\\\/it\\\/#\\\/schema\\\/person\\\/038be413d70c68969e8c6013f2520a39\",\"name\":\"Lo\u00efc Savaresse\",\"image\":{\"@type\":\"ImageObject\",\"inLanguage\":\"it-IT\",\"@id\":\"https:\\\/\\\/secure.gravatar.com\\\/avatar\\\/f6455af3179531c6fa982f7fbf5b31fba068c938a5ce7786e5fb7d84a2393df0?s=96&d=mm&r=g\",\"url\":\"https:\\\/\\\/secure.gravatar.com\\\/avatar\\\/f6455af3179531c6fa982f7fbf5b31fba068c938a5ce7786e5fb7d84a2393df0?s=96&d=mm&r=g\",\"contentUrl\":\"https:\\\/\\\/secure.gravatar.com\\\/avatar\\\/f6455af3179531c6fa982f7fbf5b31fba068c938a5ce7786e5fb7d84a2393df0?s=96&d=mm&r=g\",\"caption\":\"Lo\u00efc Savaresse\"},\"url\":\"https:\\\/\\\/www.monaco-tribune.com\\\/it\\\/author\\\/loicsavaresse\\\/\"}]}<\/script>\n<!-- \/ Yoast SEO Premium plugin. -->","yoast_head_json":{"title":"Gli eventi da non perdere a Monaco a settembre","description":"Gli eventi del Principato sono pronti a tornare! Scoprite cosa c'\u00e8 in programma a settembre. Un'invasione di yacht sulla Costa Azzurra, l'Orchestra","robots":{"index":"index","follow":"follow","max-snippet":"max-snippet:-1","max-image-preview":"max-image-preview:large","max-video-preview":"max-video-preview:-1"},"canonical":"https:\/\/www.monaco-tribune.com\/it\/2025\/08\/gli-eventi-da-non-perdere-a-monaco-a-settembre\/","og_locale":"it_IT","og_type":"article","og_title":"Gli eventi da non perdere a Monaco a settembre - Monaco Tribune","og_description":"Gli eventi del Principato sono pronti a tornare! Scoprite cosa c'\u00e8 in programma a settembre. Un'invasione di yacht sulla Costa Azzurra, l'Orchestra","og_url":"https:\/\/www.monaco-tribune.com\/it\/2025\/08\/gli-eventi-da-non-perdere-a-monaco-a-settembre\/","og_site_name":"Monaco Tribune","article_publisher":"https:\/\/www.facebook.com\/MonacoTribune","article_published_time":"2025-08-28T08:25:37+00:00","article_modified_time":"2025-08-28T08:25:45+00:00","og_image":[{"width":1200,"height":752,"url":"https:\/\/www.monaco-tribune.com\/wp-content\/uploads\/2025\/07\/mcw21@francesco-ferri_11030875_bd.jpg","type":"image\/jpeg"}],"author":"Lo\u00efc Savaresse","twitter_card":"summary_large_image","twitter_creator":"@MonacoTribune","twitter_site":"@MonacoTribune","schema":{"@context":"https:\/\/schema.org","@graph":[{"@type":"NewsArticle","@id":"https:\/\/www.monaco-tribune.com\/it\/2025\/08\/gli-eventi-da-non-perdere-a-monaco-a-settembre\/#article","isPartOf":{"@id":"https:\/\/www.monaco-tribune.com\/it\/2025\/08\/gli-eventi-da-non-perdere-a-monaco-a-settembre\/"},"author":{"name":"Lo\u00efc Savaresse","@id":"https:\/\/www.monaco-tribune.com\/it\/#\/schema\/person\/038be413d70c68969e8c6013f2520a39"},"headline":"Gli eventi da non perdere a Monaco a settembre","datePublished":"2025-08-28T08:25:37+00:00","dateModified":"2025-08-28T08:25:45+00:00","mainEntityOfPage":{"@id":"https:\/\/www.monaco-tribune.com\/it\/2025\/08\/gli-eventi-da-non-perdere-a-monaco-a-settembre\/"},"wordCount":576,"publisher":{"@id":"https:\/\/www.monaco-tribune.com\/it\/#organization"},"image":{"@id":"https:\/\/www.monaco-tribune.com\/it\/2025\/08\/gli-eventi-da-non-perdere-a-monaco-a-settembre\/#primaryimage"},"thumbnailUrl":"https:\/\/www.monaco-tribune.com\/wp-content\/uploads\/2025\/07\/mcw21@francesco-ferri_11030875_bd.jpg","keywords":["Eventi"],"articleSection":["Cosa fare","Notizie"],"inLanguage":"it-IT","copyrightYear":"2025","copyrightHolder":{"@id":"https:\/\/www.monaco-tribune.com\/#organization"}},{"@type":"WebPage","@id":"https:\/\/www.monaco-tribune.com\/it\/2025\/08\/gli-eventi-da-non-perdere-a-monaco-a-settembre\/","url":"https:\/\/www.monaco-tribune.com\/it\/2025\/08\/gli-eventi-da-non-perdere-a-monaco-a-settembre\/","name":"Gli eventi da non perdere a Monaco a settembre","isPartOf":{"@id":"https:\/\/www.monaco-tribune.com\/it\/#website"},"primaryImageOfPage":{"@id":"https:\/\/www.monaco-tribune.com\/it\/2025\/08\/gli-eventi-da-non-perdere-a-monaco-a-settembre\/#primaryimage"},"image":{"@id":"https:\/\/www.monaco-tribune.com\/it\/2025\/08\/gli-eventi-da-non-perdere-a-monaco-a-settembre\/#primaryimage"},"thumbnailUrl":"https:\/\/www.monaco-tribune.com\/wp-content\/uploads\/2025\/07\/mcw21@francesco-ferri_11030875_bd.jpg","datePublished":"2025-08-28T08:25:37+00:00","dateModified":"2025-08-28T08:25:45+00:00","description":"Gli eventi del Principato sono pronti a tornare! Scoprite cosa c'\u00e8 in programma a settembre. Un'invasione di yacht sulla Costa Azzurra, l'Orchestra","breadcrumb":{"@id":"https:\/\/www.monaco-tribune.com\/it\/2025\/08\/gli-eventi-da-non-perdere-a-monaco-a-settembre\/#breadcrumb"},"inLanguage":"it-IT","potentialAction":[{"@type":"ReadAction","target":["https:\/\/www.monaco-tribune.com\/it\/2025\/08\/gli-eventi-da-non-perdere-a-monaco-a-settembre\/"]}]},{"@type":"ImageObject","inLanguage":"it-IT","@id":"https:\/\/www.monaco-tribune.com\/it\/2025\/08\/gli-eventi-da-non-perdere-a-monaco-a-settembre\/#primaryimage","url":"https:\/\/www.monaco-tribune.com\/wp-content\/uploads\/2025\/07\/mcw21@francesco-ferri_11030875_bd.jpg","contentUrl":"https:\/\/www.monaco-tribune.com\/wp-content\/uploads\/2025\/07\/mcw21@francesco-ferri_11030875_bd.jpg","width":1200,"height":752,"caption":"Un balletto nautico d'eccezione con la Monaco Classic Week \u00a9 YCM"},{"@type":"BreadcrumbList","@id":"https:\/\/www.monaco-tribune.com\/it\/2025\/08\/gli-eventi-da-non-perdere-a-monaco-a-settembre\/#breadcrumb","itemListElement":[{"@type":"ListItem","position":1,"name":"Accueil","item":"https:\/\/www.monaco-tribune.com\/it\/"},{"@type":"ListItem","position":2,"name":"Gli eventi da non perdere a Monaco a settembre"}]},{"@type":"WebSite","@id":"https:\/\/www.monaco-tribune.com\/it\/#website","url":"https:\/\/www.monaco-tribune.com\/it\/","name":"Monaco Tribune","description":"Monaco : actualit\u00e9s \u00e9conomiques, politiques, culturelles et sportives de Monaco et de la French Riviera.","publisher":{"@id":"https:\/\/www.monaco-tribune.com\/it\/#organization"},"potentialAction":[{"@type":"SearchAction","target":{"@type":"EntryPoint","urlTemplate":"https:\/\/www.monaco-tribune.com\/it\/?s={search_term_string}"},"query-input":{"@type":"PropertyValueSpecification","valueRequired":true,"valueName":"search_term_string"}}],"inLanguage":"it-IT"},{"@type":"Organization","@id":"https:\/\/www.monaco-tribune.com\/it\/#organization","name":"Monaco Tribune","url":"https:\/\/www.monaco-tribune.com\/it\/","logo":{"@type":"ImageObject","inLanguage":"it-IT","@id":"https:\/\/www.monaco-tribune.com\/it\/#\/schema\/logo\/image\/","url":"https:\/\/www.monaco-tribune.com\/wp-content\/uploads\/2022\/11\/logo-monaco-tribune.png","contentUrl":"https:\/\/www.monaco-tribune.com\/wp-content\/uploads\/2022\/11\/logo-monaco-tribune.png","width":1548,"height":600,"caption":"Monaco Tribune"},"image":{"@id":"https:\/\/www.monaco-tribune.com\/it\/#\/schema\/logo\/image\/"},"sameAs":["https:\/\/www.facebook.com\/MonacoTribune","https:\/\/x.com\/MonacoTribune","https:\/\/www.instagram.com\/monacotribune\/","https:\/\/www.linkedin.com\/company\/monaco-tribune","https:\/\/www.youtube.com\/channel\/UCHle1MnG6hw1y4lWKijVbMA"]},{"@type":"Person","@id":"https:\/\/www.monaco-tribune.com\/it\/#\/schema\/person\/038be413d70c68969e8c6013f2520a39","name":"Lo\u00efc Savaresse","image":{"@type":"ImageObject","inLanguage":"it-IT","@id":"https:\/\/secure.gravatar.com\/avatar\/f6455af3179531c6fa982f7fbf5b31fba068c938a5ce7786e5fb7d84a2393df0?s=96&d=mm&r=g","url":"https:\/\/secure.gravatar.com\/avatar\/f6455af3179531c6fa982f7fbf5b31fba068c938a5ce7786e5fb7d84a2393df0?s=96&d=mm&r=g","contentUrl":"https:\/\/secure.gravatar.com\/avatar\/f6455af3179531c6fa982f7fbf5b31fba068c938a5ce7786e5fb7d84a2393df0?s=96&d=mm&r=g","caption":"Lo\u00efc Savaresse"},"url":"https:\/\/www.monaco-tribune.com\/it\/author\/loicsavaresse\/"}]}},"_links":{"self":[{"href":"https:\/\/www.monaco-tribune.com\/it\/wp-json\/wp\/v2\/posts\/311369","targetHints":{"allow":["GET"]}}],"collection":[{"href":"https:\/\/www.monaco-tribune.com\/it\/wp-json\/wp\/v2\/posts"}],"about":[{"href":"https:\/\/www.monaco-tribune.com\/it\/wp-json\/wp\/v2\/types\/post"}],"author":[{"embeddable":true,"href":"https:\/\/www.monaco-tribune.com\/it\/wp-json\/wp\/v2\/users\/81"}],"replies":[{"embeddable":true,"href":"https:\/\/www.monaco-tribune.com\/it\/wp-json\/wp\/v2\/comments?post=311369"}],"version-history":[{"count":2,"href":"https:\/\/www.monaco-tribune.com\/it\/wp-json\/wp\/v2\/posts\/311369\/revisions"}],"predecessor-version":[{"id":311372,"href":"https:\/\/www.monaco-tribune.com\/it\/wp-json\/wp\/v2\/posts\/311369\/revisions\/311372"}],"wp:featuredmedia":[{"embeddable":true,"href":"https:\/\/www.monaco-tribune.com\/it\/wp-json\/wp\/v2\/media\/303243"}],"wp:attachment":[{"href":"https:\/\/www.monaco-tribune.com\/it\/wp-json\/wp\/v2\/media?parent=311369"}],"wp:term":[{"taxonomy":"category","embeddable":true,"href":"https:\/\/www.monaco-tribune.com\/it\/wp-json\/wp\/v2\/categories?post=311369"},{"taxonomy":"post_tag","embeddable":true,"href":"https:\/\/www.monaco-tribune.com\/it\/wp-json\/wp\/v2\/tags?post=311369"},{"taxonomy":"sectag","embeddable":true,"href":"https:\/\/www.monaco-tribune.com\/it\/wp-json\/wp\/v2\/post_sectags?post=311369"},{"taxonomy":"format","embeddable":true,"href":"https:\/\/www.monaco-tribune.com\/it\/wp-json\/wp\/v2\/post_format?post=311369"}],"curies":[{"name":"wp","href":"https:\/\/api.w.org\/{rel}","templated":true}]}}