{"id":311426,"date":"2025-08-28T11:25:34","date_gmt":"2025-08-28T09:25:34","guid":{"rendered":"https:\/\/www.monaco-tribune.com\/2025\/08\/correre-in-costa-azzurra-run-club-e-percorsi-per-tutti-i-livelli\/"},"modified":"2025-08-28T11:25:40","modified_gmt":"2025-08-28T09:25:40","slug":"correre-in-costa-azzurra-run-club-e-percorsi-per-tutti-i-livelli","status":"publish","type":"post","link":"https:\/\/www.monaco-tribune.com\/it\/2025\/08\/correre-in-costa-azzurra-run-club-e-percorsi-per-tutti-i-livelli\/","title":{"rendered":"Correre in Costa Azzurra: run club e percorsi per tutti i livelli"},"content":{"rendered":"\n<p><strong>Per rimettersi in forma, allenarsi o dimenticare per un attimo i problemi di ogni giorno, la corsa va di gran moda sulla Costa Azzurra. Scoprite la nostra guida che vi aiuter\u00e0 a fare il grande passo, da soli o in compagnia.<\/strong><\/p>\n\n<p>Che siate principianti o pi\u00f9 esperti, i run club sono l&#8217;ideale per trovare compagni di corsa mentre progredite al vostro ritmo.  E non c&#8217;\u00e8 da vergognarsi se siete in fondo al gruppo. Lo spirito del run club \u00e8 quello di condividere un momento piacevole con persone nuove, prendendosi cura del proprio corpo.<\/p>\n\n<blockquote class=\"wp-embedded-content\" data-secret=\"77ldkx9V4Q\"><a href=\"https:\/\/www.monaco-tribune.com\/it\/2025\/08\/esausto-dopo-178-km-a-nuoto-e-al-momento-ricoverato-le-notizie-su-noam-yaron-sono-rassicuranti\/\">Esausto dopo 178 km a nuoto e al momento ricoverato: le notizie su Noam Yaron sono rassicuranti<\/a><\/blockquote><iframe class=\"wp-embedded-content\" sandbox=\"allow-scripts\" security=\"restricted\" style=\"position: absolute; visibility: hidden;\" title=\"&#8220;Esausto dopo 178 km a nuoto e al momento ricoverato: le notizie su Noam Yaron sono rassicuranti&#8221; &#8212; Monaco Tribune\" src=\"https:\/\/www.monaco-tribune.com\/it\/2025\/08\/esausto-dopo-178-km-a-nuoto-e-al-momento-ricoverato-le-notizie-su-noam-yaron-sono-rassicuranti\/embed\/#?secret=tUAiXAdlcx#?secret=77ldkx9V4Q\" data-secret=\"77ldkx9V4Q\" width=\"500\" height=\"282\" frameborder=\"0\" marginwidth=\"0\" marginheight=\"0\" scrolling=\"no\"><\/iframe>\n\n<p>Cavalcando quest&#8217;onda di popolarit\u00e0, gruppi di corridori si riuniscono nelle citt\u00e0 di tutta la Francia e l&#8217;Italia per condividere la loro passione con altri appassionati. Monaco e la Costa Azzurra non fanno eccezione.<\/p>\n\n<p><strong>Monaco Run Club <\/strong><\/p>\n\n<p>Nel Principato, il <strong>Monaco Run Club<\/strong> organizza uscite settimanali ogni mercoled\u00ec e domenica. Non \u00e8 necessario essere maratoneti, queste sessioni sono aperte a corridori di tutti i livelli. L&#8217;obiettivo? Non lasciare solo nessuno. I percorsi sono vari e partono da diversi punti della citt\u00e0. Talvolta si concludono anche con colazioni o aperitivi.<\/p>\n\n<p><strong>Nice Runners <\/strong><\/p>\n\n<p>Se siete pi\u00f9 vicini a Nizza, ci sono diverse opzioni disponibili. Partendo dal pub Ma Nolan&#8217;s sul Cours Saleya, gli habitu\u00e9 di <strong>Nice Runners<\/strong> si riuniscono ogni luned\u00ec, mercoled\u00ec e venerd\u00ec per corse gratuite, senza obbligo di iscrizione e aperte a tutti i livelli. 5 chilometri, 7 chilometri, 10 chilometri&#8230; Potete scegliere la distanza pi\u00f9 adatta a voi o alla vostra forma fisica il giorno stesso.<\/p>\n<div class=\"wp-block-image\">\n<figure class=\"aligncenter size-large\"><img loading=\"lazy\" decoding=\"async\" width=\"1024\" height=\"683\" src=\"https:\/\/www.monaco-tribune.com\/wp-content\/uploads\/2025\/08\/promenade-anglais-running-min-1024x683.jpg\" alt=\"\" class=\"wp-image-311179\" srcset=\"https:\/\/www.monaco-tribune.com\/wp-content\/uploads\/2025\/08\/promenade-anglais-running-min-1024x683.jpg 1024w, https:\/\/www.monaco-tribune.com\/wp-content\/uploads\/2025\/08\/promenade-anglais-running-min-450x300.jpg 450w, https:\/\/www.monaco-tribune.com\/wp-content\/uploads\/2025\/08\/promenade-anglais-running-min.jpg 1200w\" sizes=\"auto, (max-width: 1024px) 100vw, 1024px\" \/><figcaption class=\"wp-element-caption\"><em>La Promenade des Anglais \u00e8 un luogo particolarmente amato dai corridori di Nizza \u00a9 Kamilla Isalieva<\/em><\/figcaption><\/figure>\n<\/div>\n<p><strong>Vibes Run Club (Nizza)<\/strong><\/p>\n\n<p>Un&#8217;altra alternativa nella zona di Nizza \u00e8 il Vibes Run Club. Si corre quasi tutte le domeniche alle 9 con partenza da Place Mass\u00e9na. I percorsi coprono una distanza di 5 chilometri, a ritmo moderato. Per iscriversi, il Vibes Run Club chiede di compilare un modulo Google (nome, et\u00e0 e data della sessione). Sono previste anche attivit\u00e0 post-corsa, come sessioni di yoga e pause caff\u00e8.<\/p>\n\n<p><strong>Cyclones Running Club Antibes <\/strong><\/p>\n\n<p>Ad Antibes, il <strong>Cyclones Running Club<\/strong> propone &#8211; molto spesso la domenica &#8211; &#8220;Social Runs&#8221;, &#8220;Run and Drink&#8221; o &#8220;Ap\u00e9run &#8220;, che si concludono con un momento conviviale dopo la fatica. Un&#8217;ottima occasione per conoscere i vostri nuovi compagni di corsa.<\/p>\n\n<blockquote class=\"wp-embedded-content\" data-secret=\"1O36t5fWWt\"><a href=\"https:\/\/www.monaco-tribune.com\/it\/2025\/08\/7-escursioni-da-fare-nei-dintorni-di-monaco-in-base-al-livello-di-difficolta\/\">7 escursioni da fare nei dintorni di Monaco, in base al livello di difficolt\u00e0<\/a><\/blockquote><iframe class=\"wp-embedded-content\" sandbox=\"allow-scripts\" security=\"restricted\" style=\"position: absolute; visibility: hidden;\" title=\"&#8220;7 escursioni da fare nei dintorni di Monaco, in base al livello di difficolt\u00e0&#8221; &#8212; Monaco Tribune\" src=\"https:\/\/www.monaco-tribune.com\/it\/2025\/08\/7-escursioni-da-fare-nei-dintorni-di-monaco-in-base-al-livello-di-difficolta\/embed\/#?secret=NrVAfnHyYB#?secret=1O36t5fWWt\" data-secret=\"1O36t5fWWt\" width=\"500\" height=\"282\" frameborder=\"0\" marginwidth=\"0\" marginheight=\"0\" scrolling=\"no\"><\/iframe>\n\n<h2 class=\"wp-block-heading\" id=\"h-des-traces-azureens-a-decouvrir\">Percorsi della Costa Azzurra da scoprire<\/h2>\n\n<p>Se per voi la corsa \u00e8 una fuga solitaria, ideale per staccare la spina, ecco la nostra selezione di itinerari della Costa Azzurra che offrono un&#8217;ottima opportunit\u00e0 per evadere e godersi panorami spettacolari.<\/p>\n\n<p><strong>Sentiero costiero di Cap-d&#8217;Ail<\/strong><\/p>\n\n<p>Ideale per <a href=\"https:\/\/www.monaco-tribune.com\/it\/2023\/04\/sole-onde-ed-escursioni-alla-scoperta-dei-sentieri-costieri\/\">passeggiate<\/a> a piedi, il sentiero di 4 chilometri tra Plage Marquet e Plage de la Mala \u00e8 perfetto anche per la corsa. Se siete alla ricerca di un percorso medio-breve sul lungomare, allacciatevi le scarpe da running e percorrete le rive di questa baia turchese. Date un&#8217;occhiata al meteo, per\u00f2, perch\u00e9 il percorso \u00e8 chiuso in caso di forte vento.<\/p>\n<div class=\"wp-block-image\">\n<figure class=\"aligncenter size-large\"><img loading=\"lazy\" decoding=\"async\" width=\"1024\" height=\"647\" src=\"https:\/\/www.monaco-tribune.com\/wp-content\/uploads\/2023\/04\/sentier-maritime-cap-dail-monaco-courir-1024x647.jpeg\" alt=\"\" class=\"wp-image-171464\" srcset=\"https:\/\/www.monaco-tribune.com\/wp-content\/uploads\/2023\/04\/sentier-maritime-cap-dail-monaco-courir-1024x647.jpeg 1024w, https:\/\/www.monaco-tribune.com\/wp-content\/uploads\/2023\/04\/sentier-maritime-cap-dail-monaco-courir-475x300.jpeg 475w, https:\/\/www.monaco-tribune.com\/wp-content\/uploads\/2023\/04\/sentier-maritime-cap-dail-monaco-courir.jpeg 1200w\" sizes=\"auto, (max-width: 1024px) 100vw, 1024px\" \/><figcaption class=\"wp-element-caption\"><em>Il sentiero costiero da Cap d&#8217;Ail a Monaco \u00a9 Monaco Tribune<\/em><\/figcaption><\/figure>\n<\/div>\n<p><strong>Da Monte Carlo Beach fino a Port Hercule<\/strong><\/p>\n\n<p>Un percorso imperdibile per i podisti del Principato si snoda lungo la costa monegasca passando per il Larvotto e Mareterra. Se volete fare andata e ritorno, la corsa sar\u00e0 un po&#8217; pi\u00f9 lunga, poco meno di 10 chilometri.<\/p>\n\n<p><strong>Il Boulevard du Larvotto<\/strong><\/p>\n\n<p>Correre lungo la superstrada pu\u00f2 non sembrare l&#8217;opzione pi\u00f9 attraente a prima vista. Ma sul Boulevard du Larvotto c&#8217;\u00e8 un marciapiede progettato per i corridori che permette di fare esercizio in tutta sicurezza. Nella stessa ottica, \u00e8 stata installata una pista morbida tra l&#8217;Avenue des Ligures e la diga del porto di Fontvieille. Lungo circa 1,3 chilometri, il tracciato \u00e8 l&#8217;ideale per qualche corsa di andata e ritorno o a intervalli.<\/p>\n\n<p><strong>Consigli pratici:<\/strong><\/p>\n\n<ul class=\"wp-block-list\">\n<li>Se uscite la mattina presto o la sera tardi, a seconda della stagione, una luce frontale pu\u00f2 essere utile per vedere e farsi vedere.<\/li>\n\n\n\n<li>Ricordatevi di rimanere idratati, soprattutto durante i mesi estivi, quando il caldo mette a dura prova il nostro corpo. Le borracce piccole e flessibili sono facili da trasportare e ideali per la corsa.<\/li>\n\n\n\n<li>Non dimenticate di riscaldarvi: 5 minuti di camminata o di jogging leggero seguiti da uno stretching dolce possono essere utili per evitare dolori.<\/li>\n<\/ul>\n","protected":false},"excerpt":{"rendered":"<p>Per rimettersi in forma, allenarsi o dimenticare per un attimo i problemi di ogni giorno, la corsa va di gran [&hellip;]<\/p>\n","protected":false},"author":83,"featured_media":311187,"comment_status":"closed","ping_status":"closed","sticky":false,"template":"","format":"standard","meta":{"_acf_changed":false,"footnotes":""},"categories":[1826,1738,1743],"tags":[3261],"post_sectags":[],"post_format":[2477],"class_list":["post-311426","post","type-post","status-publish","format-standard","has-post-thumbnail","hentry","category-la-nostra-scelta","category-notizie","category-sport-it","tag-vita-locale","format-info-pratiche"],"acf":[],"yoast_head":"<!-- This site is optimized with the Yoast SEO Premium plugin v26.8 (Yoast SEO v27.4) - https:\/\/yoast.com\/product\/yoast-seo-premium-wordpress\/ -->\n<title>Correre in Costa Azzurra: run club e percorsi per tutti i livelli<\/title>\n<meta name=\"description\" content=\"Consultate la nostra guida per scoprire i diversi run club e i tracciati per la corsa in Costa Azzurra.\" \/>\n<meta name=\"robots\" content=\"index, follow, max-snippet:-1, max-image-preview:large, max-video-preview:-1\" \/>\n<link rel=\"canonical\" href=\"https:\/\/www.monaco-tribune.com\/it\/2025\/08\/correre-in-costa-azzurra-run-club-e-percorsi-per-tutti-i-livelli\/\" \/>\n<meta property=\"og:locale\" content=\"it_IT\" \/>\n<meta property=\"og:type\" content=\"article\" \/>\n<meta property=\"og:title\" content=\"Correre in Costa Azzurra: run club e percorsi per tutti i livelli - Monaco Tribune\" \/>\n<meta property=\"og:description\" content=\"Per rimettersi in forma, allenarsi o dimenticare per un attimo i problemi di ogni giorno, la corsa va di gran moda sulla Costa Azzurra. Scoprite la nostra\" \/>\n<meta property=\"og:url\" content=\"https:\/\/www.monaco-tribune.com\/it\/2025\/08\/correre-in-costa-azzurra-run-club-e-percorsi-per-tutti-i-livelli\/\" \/>\n<meta property=\"og:site_name\" content=\"Monaco Tribune\" \/>\n<meta property=\"article:publisher\" content=\"https:\/\/www.facebook.com\/MonacoTribune\" \/>\n<meta property=\"article:published_time\" content=\"2025-08-28T09:25:34+00:00\" \/>\n<meta property=\"article:modified_time\" content=\"2025-08-28T09:25:40+00:00\" \/>\n<meta property=\"og:image\" content=\"https:\/\/www.monaco-tribune.com\/wp-content\/uploads\/2025\/08\/dossier-run-club.jpg\" \/>\n\t<meta property=\"og:image:width\" content=\"1200\" \/>\n\t<meta property=\"og:image:height\" content=\"800\" \/>\n\t<meta property=\"og:image:type\" content=\"image\/jpeg\" \/>\n<meta name=\"author\" content=\"Karel Weic\" \/>\n<meta name=\"twitter:card\" content=\"summary_large_image\" \/>\n<meta name=\"twitter:creator\" content=\"@MonacoTribune\" \/>\n<meta name=\"twitter:site\" content=\"@MonacoTribune\" \/>\n<script type=\"application\/ld+json\" class=\"yoast-schema-graph\">{\"@context\":\"https:\\\/\\\/schema.org\",\"@graph\":[{\"@type\":\"NewsArticle\",\"@id\":\"https:\\\/\\\/www.monaco-tribune.com\\\/it\\\/2025\\\/08\\\/correre-in-costa-azzurra-run-club-e-percorsi-per-tutti-i-livelli\\\/#article\",\"isPartOf\":{\"@id\":\"https:\\\/\\\/www.monaco-tribune.com\\\/it\\\/2025\\\/08\\\/correre-in-costa-azzurra-run-club-e-percorsi-per-tutti-i-livelli\\\/\"},\"author\":{\"name\":\"Karel Weic\",\"@id\":\"https:\\\/\\\/www.monaco-tribune.com\\\/it\\\/#\\\/schema\\\/person\\\/206cf21e328a66b3bf907dffbb0bffae\"},\"headline\":\"Correre in Costa Azzurra: run club e percorsi per tutti i livelli\",\"datePublished\":\"2025-08-28T09:25:34+00:00\",\"dateModified\":\"2025-08-28T09:25:40+00:00\",\"mainEntityOfPage\":{\"@id\":\"https:\\\/\\\/www.monaco-tribune.com\\\/it\\\/2025\\\/08\\\/correre-in-costa-azzurra-run-club-e-percorsi-per-tutti-i-livelli\\\/\"},\"wordCount\":718,\"publisher\":{\"@id\":\"https:\\\/\\\/www.monaco-tribune.com\\\/it\\\/#organization\"},\"image\":{\"@id\":\"https:\\\/\\\/www.monaco-tribune.com\\\/it\\\/2025\\\/08\\\/correre-in-costa-azzurra-run-club-e-percorsi-per-tutti-i-livelli\\\/#primaryimage\"},\"thumbnailUrl\":\"https:\\\/\\\/www.monaco-tribune.com\\\/wp-content\\\/uploads\\\/2025\\\/08\\\/dossier-run-club.jpg\",\"keywords\":[\"Vita locale\"],\"articleSection\":[\"La nostra scelta\",\"Notizie\",\"Sport\"],\"inLanguage\":\"it-IT\",\"copyrightYear\":\"2025\",\"copyrightHolder\":{\"@id\":\"https:\\\/\\\/www.monaco-tribune.com\\\/#organization\"}},{\"@type\":\"WebPage\",\"@id\":\"https:\\\/\\\/www.monaco-tribune.com\\\/it\\\/2025\\\/08\\\/correre-in-costa-azzurra-run-club-e-percorsi-per-tutti-i-livelli\\\/\",\"url\":\"https:\\\/\\\/www.monaco-tribune.com\\\/it\\\/2025\\\/08\\\/correre-in-costa-azzurra-run-club-e-percorsi-per-tutti-i-livelli\\\/\",\"name\":\"Correre in Costa Azzurra: run club e percorsi per tutti i livelli\",\"isPartOf\":{\"@id\":\"https:\\\/\\\/www.monaco-tribune.com\\\/it\\\/#website\"},\"primaryImageOfPage\":{\"@id\":\"https:\\\/\\\/www.monaco-tribune.com\\\/it\\\/2025\\\/08\\\/correre-in-costa-azzurra-run-club-e-percorsi-per-tutti-i-livelli\\\/#primaryimage\"},\"image\":{\"@id\":\"https:\\\/\\\/www.monaco-tribune.com\\\/it\\\/2025\\\/08\\\/correre-in-costa-azzurra-run-club-e-percorsi-per-tutti-i-livelli\\\/#primaryimage\"},\"thumbnailUrl\":\"https:\\\/\\\/www.monaco-tribune.com\\\/wp-content\\\/uploads\\\/2025\\\/08\\\/dossier-run-club.jpg\",\"datePublished\":\"2025-08-28T09:25:34+00:00\",\"dateModified\":\"2025-08-28T09:25:40+00:00\",\"description\":\"Consultate la nostra guida per scoprire i diversi run club e i tracciati per la corsa in Costa Azzurra.\",\"breadcrumb\":{\"@id\":\"https:\\\/\\\/www.monaco-tribune.com\\\/it\\\/2025\\\/08\\\/correre-in-costa-azzurra-run-club-e-percorsi-per-tutti-i-livelli\\\/#breadcrumb\"},\"inLanguage\":\"it-IT\",\"potentialAction\":[{\"@type\":\"ReadAction\",\"target\":[\"https:\\\/\\\/www.monaco-tribune.com\\\/it\\\/2025\\\/08\\\/correre-in-costa-azzurra-run-club-e-percorsi-per-tutti-i-livelli\\\/\"]}]},{\"@type\":\"ImageObject\",\"inLanguage\":\"it-IT\",\"@id\":\"https:\\\/\\\/www.monaco-tribune.com\\\/it\\\/2025\\\/08\\\/correre-in-costa-azzurra-run-club-e-percorsi-per-tutti-i-livelli\\\/#primaryimage\",\"url\":\"https:\\\/\\\/www.monaco-tribune.com\\\/wp-content\\\/uploads\\\/2025\\\/08\\\/dossier-run-club.jpg\",\"contentUrl\":\"https:\\\/\\\/www.monaco-tribune.com\\\/wp-content\\\/uploads\\\/2025\\\/08\\\/dossier-run-club.jpg\",\"width\":1200,\"height\":800,\"caption\":\"La corsa non \u00e8 mai stata cos\u00ec di moda come nel 2025 \u00a9 Sporlab\"},{\"@type\":\"BreadcrumbList\",\"@id\":\"https:\\\/\\\/www.monaco-tribune.com\\\/it\\\/2025\\\/08\\\/correre-in-costa-azzurra-run-club-e-percorsi-per-tutti-i-livelli\\\/#breadcrumb\",\"itemListElement\":[{\"@type\":\"ListItem\",\"position\":1,\"name\":\"Accueil\",\"item\":\"https:\\\/\\\/www.monaco-tribune.com\\\/it\\\/\"},{\"@type\":\"ListItem\",\"position\":2,\"name\":\"Correre in Costa Azzurra: run club e percorsi per tutti i livelli\"}]},{\"@type\":\"WebSite\",\"@id\":\"https:\\\/\\\/www.monaco-tribune.com\\\/it\\\/#website\",\"url\":\"https:\\\/\\\/www.monaco-tribune.com\\\/it\\\/\",\"name\":\"Monaco Tribune\",\"description\":\"Monaco : actualit\u00e9s \u00e9conomiques, politiques, culturelles et sportives de Monaco et de la French Riviera.\",\"publisher\":{\"@id\":\"https:\\\/\\\/www.monaco-tribune.com\\\/it\\\/#organization\"},\"potentialAction\":[{\"@type\":\"SearchAction\",\"target\":{\"@type\":\"EntryPoint\",\"urlTemplate\":\"https:\\\/\\\/www.monaco-tribune.com\\\/it\\\/?s={search_term_string}\"},\"query-input\":{\"@type\":\"PropertyValueSpecification\",\"valueRequired\":true,\"valueName\":\"search_term_string\"}}],\"inLanguage\":\"it-IT\"},{\"@type\":\"Organization\",\"@id\":\"https:\\\/\\\/www.monaco-tribune.com\\\/it\\\/#organization\",\"name\":\"Monaco Tribune\",\"url\":\"https:\\\/\\\/www.monaco-tribune.com\\\/it\\\/\",\"logo\":{\"@type\":\"ImageObject\",\"inLanguage\":\"it-IT\",\"@id\":\"https:\\\/\\\/www.monaco-tribune.com\\\/it\\\/#\\\/schema\\\/logo\\\/image\\\/\",\"url\":\"https:\\\/\\\/www.monaco-tribune.com\\\/wp-content\\\/uploads\\\/2022\\\/11\\\/logo-monaco-tribune.png\",\"contentUrl\":\"https:\\\/\\\/www.monaco-tribune.com\\\/wp-content\\\/uploads\\\/2022\\\/11\\\/logo-monaco-tribune.png\",\"width\":1548,\"height\":600,\"caption\":\"Monaco Tribune\"},\"image\":{\"@id\":\"https:\\\/\\\/www.monaco-tribune.com\\\/it\\\/#\\\/schema\\\/logo\\\/image\\\/\"},\"sameAs\":[\"https:\\\/\\\/www.facebook.com\\\/MonacoTribune\",\"https:\\\/\\\/x.com\\\/MonacoTribune\",\"https:\\\/\\\/www.instagram.com\\\/monacotribune\\\/\",\"https:\\\/\\\/www.linkedin.com\\\/company\\\/monaco-tribune\",\"https:\\\/\\\/www.youtube.com\\\/channel\\\/UCHle1MnG6hw1y4lWKijVbMA\"]},{\"@type\":\"Person\",\"@id\":\"https:\\\/\\\/www.monaco-tribune.com\\\/it\\\/#\\\/schema\\\/person\\\/206cf21e328a66b3bf907dffbb0bffae\",\"name\":\"Karel Weic\",\"image\":{\"@type\":\"ImageObject\",\"inLanguage\":\"it-IT\",\"@id\":\"https:\\\/\\\/secure.gravatar.com\\\/avatar\\\/1f39fbe47c51bb63ade7f41b1bc4321988f1db13e7584859ec590cbcd5d935c2?s=96&d=mm&r=g\",\"url\":\"https:\\\/\\\/secure.gravatar.com\\\/avatar\\\/1f39fbe47c51bb63ade7f41b1bc4321988f1db13e7584859ec590cbcd5d935c2?s=96&d=mm&r=g\",\"contentUrl\":\"https:\\\/\\\/secure.gravatar.com\\\/avatar\\\/1f39fbe47c51bb63ade7f41b1bc4321988f1db13e7584859ec590cbcd5d935c2?s=96&d=mm&r=g\",\"caption\":\"Karel Weic\"},\"url\":\"https:\\\/\\\/www.monaco-tribune.com\\\/it\\\/author\\\/karelweic\\\/\"}]}<\/script>\n<!-- \/ Yoast SEO Premium plugin. -->","yoast_head_json":{"title":"Correre in Costa Azzurra: run club e percorsi per tutti i livelli","description":"Consultate la nostra guida per scoprire i diversi run club e i tracciati per la corsa in Costa Azzurra.","robots":{"index":"index","follow":"follow","max-snippet":"max-snippet:-1","max-image-preview":"max-image-preview:large","max-video-preview":"max-video-preview:-1"},"canonical":"https:\/\/www.monaco-tribune.com\/it\/2025\/08\/correre-in-costa-azzurra-run-club-e-percorsi-per-tutti-i-livelli\/","og_locale":"it_IT","og_type":"article","og_title":"Correre in Costa Azzurra: run club e percorsi per tutti i livelli - Monaco Tribune","og_description":"Per rimettersi in forma, allenarsi o dimenticare per un attimo i problemi di ogni giorno, la corsa va di gran moda sulla Costa Azzurra. Scoprite la nostra","og_url":"https:\/\/www.monaco-tribune.com\/it\/2025\/08\/correre-in-costa-azzurra-run-club-e-percorsi-per-tutti-i-livelli\/","og_site_name":"Monaco Tribune","article_publisher":"https:\/\/www.facebook.com\/MonacoTribune","article_published_time":"2025-08-28T09:25:34+00:00","article_modified_time":"2025-08-28T09:25:40+00:00","og_image":[{"width":1200,"height":800,"url":"https:\/\/www.monaco-tribune.com\/wp-content\/uploads\/2025\/08\/dossier-run-club.jpg","type":"image\/jpeg"}],"author":"Karel Weic","twitter_card":"summary_large_image","twitter_creator":"@MonacoTribune","twitter_site":"@MonacoTribune","schema":{"@context":"https:\/\/schema.org","@graph":[{"@type":"NewsArticle","@id":"https:\/\/www.monaco-tribune.com\/it\/2025\/08\/correre-in-costa-azzurra-run-club-e-percorsi-per-tutti-i-livelli\/#article","isPartOf":{"@id":"https:\/\/www.monaco-tribune.com\/it\/2025\/08\/correre-in-costa-azzurra-run-club-e-percorsi-per-tutti-i-livelli\/"},"author":{"name":"Karel Weic","@id":"https:\/\/www.monaco-tribune.com\/it\/#\/schema\/person\/206cf21e328a66b3bf907dffbb0bffae"},"headline":"Correre in Costa Azzurra: run club e percorsi per tutti i livelli","datePublished":"2025-08-28T09:25:34+00:00","dateModified":"2025-08-28T09:25:40+00:00","mainEntityOfPage":{"@id":"https:\/\/www.monaco-tribune.com\/it\/2025\/08\/correre-in-costa-azzurra-run-club-e-percorsi-per-tutti-i-livelli\/"},"wordCount":718,"publisher":{"@id":"https:\/\/www.monaco-tribune.com\/it\/#organization"},"image":{"@id":"https:\/\/www.monaco-tribune.com\/it\/2025\/08\/correre-in-costa-azzurra-run-club-e-percorsi-per-tutti-i-livelli\/#primaryimage"},"thumbnailUrl":"https:\/\/www.monaco-tribune.com\/wp-content\/uploads\/2025\/08\/dossier-run-club.jpg","keywords":["Vita locale"],"articleSection":["La nostra scelta","Notizie","Sport"],"inLanguage":"it-IT","copyrightYear":"2025","copyrightHolder":{"@id":"https:\/\/www.monaco-tribune.com\/#organization"}},{"@type":"WebPage","@id":"https:\/\/www.monaco-tribune.com\/it\/2025\/08\/correre-in-costa-azzurra-run-club-e-percorsi-per-tutti-i-livelli\/","url":"https:\/\/www.monaco-tribune.com\/it\/2025\/08\/correre-in-costa-azzurra-run-club-e-percorsi-per-tutti-i-livelli\/","name":"Correre in Costa Azzurra: run club e percorsi per tutti i livelli","isPartOf":{"@id":"https:\/\/www.monaco-tribune.com\/it\/#website"},"primaryImageOfPage":{"@id":"https:\/\/www.monaco-tribune.com\/it\/2025\/08\/correre-in-costa-azzurra-run-club-e-percorsi-per-tutti-i-livelli\/#primaryimage"},"image":{"@id":"https:\/\/www.monaco-tribune.com\/it\/2025\/08\/correre-in-costa-azzurra-run-club-e-percorsi-per-tutti-i-livelli\/#primaryimage"},"thumbnailUrl":"https:\/\/www.monaco-tribune.com\/wp-content\/uploads\/2025\/08\/dossier-run-club.jpg","datePublished":"2025-08-28T09:25:34+00:00","dateModified":"2025-08-28T09:25:40+00:00","description":"Consultate la nostra guida per scoprire i diversi run club e i tracciati per la corsa in Costa Azzurra.","breadcrumb":{"@id":"https:\/\/www.monaco-tribune.com\/it\/2025\/08\/correre-in-costa-azzurra-run-club-e-percorsi-per-tutti-i-livelli\/#breadcrumb"},"inLanguage":"it-IT","potentialAction":[{"@type":"ReadAction","target":["https:\/\/www.monaco-tribune.com\/it\/2025\/08\/correre-in-costa-azzurra-run-club-e-percorsi-per-tutti-i-livelli\/"]}]},{"@type":"ImageObject","inLanguage":"it-IT","@id":"https:\/\/www.monaco-tribune.com\/it\/2025\/08\/correre-in-costa-azzurra-run-club-e-percorsi-per-tutti-i-livelli\/#primaryimage","url":"https:\/\/www.monaco-tribune.com\/wp-content\/uploads\/2025\/08\/dossier-run-club.jpg","contentUrl":"https:\/\/www.monaco-tribune.com\/wp-content\/uploads\/2025\/08\/dossier-run-club.jpg","width":1200,"height":800,"caption":"La corsa non \u00e8 mai stata cos\u00ec di moda come nel 2025 \u00a9 Sporlab"},{"@type":"BreadcrumbList","@id":"https:\/\/www.monaco-tribune.com\/it\/2025\/08\/correre-in-costa-azzurra-run-club-e-percorsi-per-tutti-i-livelli\/#breadcrumb","itemListElement":[{"@type":"ListItem","position":1,"name":"Accueil","item":"https:\/\/www.monaco-tribune.com\/it\/"},{"@type":"ListItem","position":2,"name":"Correre in Costa Azzurra: run club e percorsi per tutti i livelli"}]},{"@type":"WebSite","@id":"https:\/\/www.monaco-tribune.com\/it\/#website","url":"https:\/\/www.monaco-tribune.com\/it\/","name":"Monaco Tribune","description":"Monaco : actualit\u00e9s \u00e9conomiques, politiques, culturelles et sportives de Monaco et de la French Riviera.","publisher":{"@id":"https:\/\/www.monaco-tribune.com\/it\/#organization"},"potentialAction":[{"@type":"SearchAction","target":{"@type":"EntryPoint","urlTemplate":"https:\/\/www.monaco-tribune.com\/it\/?s={search_term_string}"},"query-input":{"@type":"PropertyValueSpecification","valueRequired":true,"valueName":"search_term_string"}}],"inLanguage":"it-IT"},{"@type":"Organization","@id":"https:\/\/www.monaco-tribune.com\/it\/#organization","name":"Monaco Tribune","url":"https:\/\/www.monaco-tribune.com\/it\/","logo":{"@type":"ImageObject","inLanguage":"it-IT","@id":"https:\/\/www.monaco-tribune.com\/it\/#\/schema\/logo\/image\/","url":"https:\/\/www.monaco-tribune.com\/wp-content\/uploads\/2022\/11\/logo-monaco-tribune.png","contentUrl":"https:\/\/www.monaco-tribune.com\/wp-content\/uploads\/2022\/11\/logo-monaco-tribune.png","width":1548,"height":600,"caption":"Monaco Tribune"},"image":{"@id":"https:\/\/www.monaco-tribune.com\/it\/#\/schema\/logo\/image\/"},"sameAs":["https:\/\/www.facebook.com\/MonacoTribune","https:\/\/x.com\/MonacoTribune","https:\/\/www.instagram.com\/monacotribune\/","https:\/\/www.linkedin.com\/company\/monaco-tribune","https:\/\/www.youtube.com\/channel\/UCHle1MnG6hw1y4lWKijVbMA"]},{"@type":"Person","@id":"https:\/\/www.monaco-tribune.com\/it\/#\/schema\/person\/206cf21e328a66b3bf907dffbb0bffae","name":"Karel Weic","image":{"@type":"ImageObject","inLanguage":"it-IT","@id":"https:\/\/secure.gravatar.com\/avatar\/1f39fbe47c51bb63ade7f41b1bc4321988f1db13e7584859ec590cbcd5d935c2?s=96&d=mm&r=g","url":"https:\/\/secure.gravatar.com\/avatar\/1f39fbe47c51bb63ade7f41b1bc4321988f1db13e7584859ec590cbcd5d935c2?s=96&d=mm&r=g","contentUrl":"https:\/\/secure.gravatar.com\/avatar\/1f39fbe47c51bb63ade7f41b1bc4321988f1db13e7584859ec590cbcd5d935c2?s=96&d=mm&r=g","caption":"Karel Weic"},"url":"https:\/\/www.monaco-tribune.com\/it\/author\/karelweic\/"}]}},"_links":{"self":[{"href":"https:\/\/www.monaco-tribune.com\/it\/wp-json\/wp\/v2\/posts\/311426","targetHints":{"allow":["GET"]}}],"collection":[{"href":"https:\/\/www.monaco-tribune.com\/it\/wp-json\/wp\/v2\/posts"}],"about":[{"href":"https:\/\/www.monaco-tribune.com\/it\/wp-json\/wp\/v2\/types\/post"}],"author":[{"embeddable":true,"href":"https:\/\/www.monaco-tribune.com\/it\/wp-json\/wp\/v2\/users\/83"}],"replies":[{"embeddable":true,"href":"https:\/\/www.monaco-tribune.com\/it\/wp-json\/wp\/v2\/comments?post=311426"}],"version-history":[{"count":2,"href":"https:\/\/www.monaco-tribune.com\/it\/wp-json\/wp\/v2\/posts\/311426\/revisions"}],"predecessor-version":[{"id":311429,"href":"https:\/\/www.monaco-tribune.com\/it\/wp-json\/wp\/v2\/posts\/311426\/revisions\/311429"}],"wp:featuredmedia":[{"embeddable":true,"href":"https:\/\/www.monaco-tribune.com\/it\/wp-json\/wp\/v2\/media\/311187"}],"wp:attachment":[{"href":"https:\/\/www.monaco-tribune.com\/it\/wp-json\/wp\/v2\/media?parent=311426"}],"wp:term":[{"taxonomy":"category","embeddable":true,"href":"https:\/\/www.monaco-tribune.com\/it\/wp-json\/wp\/v2\/categories?post=311426"},{"taxonomy":"post_tag","embeddable":true,"href":"https:\/\/www.monaco-tribune.com\/it\/wp-json\/wp\/v2\/tags?post=311426"},{"taxonomy":"sectag","embeddable":true,"href":"https:\/\/www.monaco-tribune.com\/it\/wp-json\/wp\/v2\/post_sectags?post=311426"},{"taxonomy":"format","embeddable":true,"href":"https:\/\/www.monaco-tribune.com\/it\/wp-json\/wp\/v2\/post_format?post=311426"}],"curies":[{"name":"wp","href":"https:\/\/api.w.org\/{rel}","templated":true}]}}