{"id":312101,"date":"2025-09-02T09:07:43","date_gmt":"2025-09-02T07:07:43","guid":{"rendered":"https:\/\/www.monaco-tribune.com\/2025\/09\/las-monaco-strappa-una-vittoria-al-cardiopalma-contro-lo-strasburgo\/"},"modified":"2025-09-02T13:23:10","modified_gmt":"2025-09-02T11:23:10","slug":"las-monaco-strappa-una-vittoria-al-cardiopalma-contro-lo-strasburgo","status":"publish","type":"post","link":"https:\/\/www.monaco-tribune.com\/it\/2025\/09\/las-monaco-strappa-una-vittoria-al-cardiopalma-contro-lo-strasburgo\/","title":{"rendered":"L&#8217;AS Monaco strappa una vittoria al cardiopalma allo Strasburgo"},"content":{"rendered":"\n<p><strong>In una partita ricca di emozioni, il Monaco ha condotto a lungo, ma lo Strasburgo \u00e8 riuscito prima a ridurre lo svantaggio e poi a pareggiare, prima che i monegaschi avessero la meglio nei minuti finali.<\/strong><\/p>\n\n<p>Questo \u00e8 il tipo di partita per cui si va allo stadio. Davanti a 8.800 spettatori, <a href=\"https:\/\/www.monaco-tribune.com\/2025\/08\/la-premiere-phase-de-modernisation-du-stade-louis-ii-est-lancee\/\">una capienza ridotta a causa dell&#8217;inizio dei lavori di ammodernamento del Louis II<\/a>, gli uomini di Adi H\u00fctter hanno regalato uno scenario mozzafiato, sotto gli occhi del presidente Dmitri Rybolovlev, venuto a vedere l&#8217;incontro.<\/p>\n\n<p>A lungo in vantaggio di due gol, i monegaschi hanno assistito al pareggio degli avversari nel giro di due minuti. Hanno dovuto poi aspettare il 97&#8242; per strappare la vittoria (3-2), grazie a un colpo di testa di Minamino, premiato prima del calcio d&#8217;inizio per la sua centesima partita in biancorosso.<\/p>\n\n<h2 class=\"wp-block-heading\" id=\"h-un-debut-de-match-sur-les-chapeaux-de-roue\">Un&#8217;inizio di partita al cardiopalma<\/h2>\n\n<p>L\u2019ASM \u00e8 partita subito forte, esercitando un\u2019efficace pressione alta che ha portato al vantaggio gi\u00e0 al 6&#8242;. Balogun ha messo in difficolt\u00e0 il portiere dello Strasburgo, Penders, e Akliouche ha insaccato a porta vuota. Il <a href=\"https:\/\/www.monaco-tribune.com\/2025\/08\/as-monaco-maghnes-akliouche-convoque-pour-la-premiere-fois-avec-les-bleus\/\">neo-internazionale francese<\/a> ha poi esultato indicando lo stemma del club, un segnale rassicurante per i tifosi a poche ore dalla chiusura del mercato.<\/p>\n\n<figure class=\"wp-block-embed is-type-rich is-provider-twitter wp-block-embed-twitter\">\r\n<div class=\"wp-block-embed__wrapper\">https:\/\/twitter.com\/MonacoTribune\/status\/1962174059476578765<\/div><\/figure>\n\n<p>I monegaschi hanno poi preso il controllo della partita, aumentando le loro incursioni nel campo dello Strasburgo. Balogun e Akliouche sono stati molto vivaci e hanno creato problemi alla difesa dell&#8217;RCSA. Tuttavia, la squadra di Liam Rosenior, dopo aver giocato gioved\u00ec sera ed essersi qualificata per la Conference League sullo storico suolo danese, ha preso in mano la partita. Panichelli ha anche trovato il fondo della rete (33&#8242;), ma il suo gol \u00e8 stato annullato per un fuorigioco al millimetro di Moreira all&#8217;inizio dell&#8217;azione.<\/p>\n<div class=\"wp-block-image\">\n<figure class=\"aligncenter size-full\"><img loading=\"lazy\" decoding=\"async\" width=\"800\" height=\"1000\" src=\"https:\/\/www.monaco-tribune.com\/wp-content\/uploads\/2025\/08\/asm-rsca-3.jpeg\" alt=\"asm-rsca-ligue-1-football\" class=\"wp-image-311764\" srcset=\"https:\/\/www.monaco-tribune.com\/wp-content\/uploads\/2025\/08\/asm-rsca-3.jpeg 800w, https:\/\/www.monaco-tribune.com\/wp-content\/uploads\/2025\/08\/asm-rsca-3-240x300.jpeg 240w\" sizes=\"auto, (max-width: 800px) 100vw, 800px\" \/><figcaption class=\"wp-element-caption\"><em>L&#8217;attaccante Folarin Balogun \u00e8 tornato in gran forma \u00a9 AS Monaco<\/em><\/figcaption><\/figure>\n<\/div>\n<p>Al 36\u2019, il numero 9 monegasco Balogun, ben servito da Teze in area, si \u00e8 scontrato con Penders fallendo il tocco decisivo, ma si \u00e8 riscattato a inizio ripresa.<\/p>\n\n<h2 class=\"wp-block-heading\" id=\"h-montagnes-russes-en-seconde-periode\">Montagne russe nel secondo tempo<\/h2>\n\n<p>L\u2019ASM ha trovato il raddoppio subito dopo l\u2019intervallo: Balogun, servito da Camara, ha battuto Penders. I biancorossi hanno continuato a spingere e hanno sfiorato il tris al 52\u2019, ma la rete di Biereth \u00e8 stata annullata per fuorigioco, al termine di un\u2019azione avviata da un Golovin apparso poco incisivo.<\/p>\n\n<p>Al 73\u2019 la gara cambia volto: Bakwa, appena entrato, accorcia le distanze con una splendida mezza rovesciata. Un minuto pi\u00f9 tardi lo stesso Bakwa crea scompiglio in area monegasca procurandosi un rigore, trasformato da Panichelli al 76\u2019 per il 2-2. In due minuti lo Strasburgo riapre tutto. I monegaschi devono fare i conti anche con l\u2019infortunio di Hradecky, sostituito da K\u00f6hn, che all\u201986\u2019 si fa subito valere con una parata decisiva nell\u2019uno contro uno.<\/p>\n<div class=\"wp-block-image\">\n<figure class=\"aligncenter size-large\"><img loading=\"lazy\" decoding=\"async\" width=\"1024\" height=\"576\" src=\"https:\/\/www.monaco-tribune.com\/wp-content\/uploads\/2025\/08\/asm-rsca-4-1024x576.jpeg\" alt=\"asm-rsca-ligue-1-football\" class=\"wp-image-311768\" srcset=\"https:\/\/www.monaco-tribune.com\/wp-content\/uploads\/2025\/08\/asm-rsca-4-1024x576.jpeg 1024w, https:\/\/www.monaco-tribune.com\/wp-content\/uploads\/2025\/08\/asm-rsca-4-533x300.jpeg 533w, https:\/\/www.monaco-tribune.com\/wp-content\/uploads\/2025\/08\/asm-rsca-4.jpeg 1200w\" sizes=\"auto, (max-width: 1024px) 100vw, 1024px\" \/><figcaption class=\"wp-element-caption\"><em>I giocatori dell&#8217;AS Monaco giocheranno di nuovo in casa il 21 settembre contro l&#8217;FC Metz \u00a9 AS Monaco<\/em><\/figcaption><\/figure>\n<\/div>\n<p>Al 96\u2019, dopo minuti di grande tensione, Minamino si \u00e8 fatto trovare sul secondo palo e, di testa su cross di Akliouche, ha firmato il 3-2 che ha consegnato la vittoria al Monaco, facendo esplodere il Louis II al termine di un incontro spettacolare.<\/p>\n\n<figure class=\"wp-block-embed is-type-rich is-provider-twitter wp-block-embed-twitter\">\r\n<div class=\"wp-block-embed__wrapper\">https:\/\/twitter.com\/MonacoTribune\/status\/1962203686752362507<\/div><\/figure>\n\n<h2 class=\"wp-block-heading\" id=\"h-adi-hutter-nbsp-nbsp-on-merite-la-victoire-mais-elle-a-ete-compliquee-a-aller-chercher\">Adi H\u00fctter: \u00abLa vittoria \u00e8 meritata, ma \u00e8 stata tutt\u2019altro che semplice\u00bb<\/h2>\n\n<p>Davanti ai media, l&#8217;allenatore austriaco ha espresso la sua emozione:\u00a0\u00ab\u00c8 stata una montagna russa. Una vittoria molto importante dopo <a href=\"https:\/\/www.monaco-tribune.com\/it\/2025\/08\/ligue-1-la-sconfitta-dellas-monaco-ai-supplementari-sul-campo-del-lille-di-giroud\/\">il ko con il Lille<\/a>. Sul 2-0 dovevamo chiuderla, quello che abbiamo mostrato oggi non \u00e8 un buon segnale. La vittoria \u00e8 meritata, ma \u00e8 stata tutt\u2019altro che semplice\u00bb.<\/p>\n\n<p>Il tecnico austriaco ha elogiato le prestazioni di Balogun e Akliouche: \u00abSono molto contento del suo gol, ha disputato una partita fantastica e mi sembra in gran forma\u00bb. Come gi\u00e0 anticipato in conferenza stampa, H\u00fctter ha rinnovato i complimenti ad Akliouche per la prima convocazione in nazionale: \u00abQuando sono arrivato, due anni fa, era ancora una promessa. \u00c8 cresciuto tanto e ora abbiamo in squadra un nuovo nazionale francese. Sono davvero soddisfatto di lui\u00bb.<\/p>\n\n<blockquote class=\"wp-embedded-content\" data-secret=\"T2eA4SMf2O\"><a href=\"https:\/\/www.monaco-tribune.com\/it\/2025\/08\/las-monaco-nel-cuore-sandra-petit-segretario-generale-del-club-dei-tifosi-del-monaco\/\">&#8220;L&#8217;AS Monaco nel cuore&#8221;: Sandra Petit, segretario generale del Club dei tifosi del Monaco<\/a><\/blockquote><iframe class=\"wp-embedded-content\" sandbox=\"allow-scripts\" security=\"restricted\" style=\"position: absolute; visibility: hidden;\" title=\"&#8220;&#8220;L&#8217;AS Monaco nel cuore&#8221;: Sandra Petit, segretario generale del Club dei tifosi del Monaco&#8221; &#8212; Monaco Tribune\" src=\"https:\/\/www.monaco-tribune.com\/it\/2025\/08\/las-monaco-nel-cuore-sandra-petit-segretario-generale-del-club-dei-tifosi-del-monaco\/embed\/#?secret=YeoMZGLCWW#?secret=T2eA4SMf2O\" data-secret=\"T2eA4SMf2O\" width=\"500\" height=\"282\" frameborder=\"0\" marginwidth=\"0\" marginheight=\"0\" scrolling=\"no\"><\/iframe>\n\n<p>In casa Strasburgo la delusione era evidente. Liam Rosenior, alla seconda stagione sulla panchina dell\u2019RCSA, non ha nascosto l\u2019amarezza: \u00abNel finale avevo la sensazione che ci fosse una sola squadra destinata a vincere. Avremmo meritato i tre punti. Questa squadra crescer\u00e0 e continuer\u00e0 a migliorare\u00bb.<\/p>\n\n<p>Con sei punti su nove, l&#8217;AS Monaco ha concluso l&#8217;inizio della stagione in testa alla classifica. Ora \u00e8 il momento della pausa internazionale, quando ben 23 giocatori si uniranno alle loro nazionali per le qualificazioni alla Coppa del Mondo 2026.<\/p>\n\n<p>I Rouge et Blanc tornano in Ligue 1 il 14 settembre contro l&#8217;Auxerre allo Stade de l&#8217;Abb\u00e9 Deschamps, prima di dare il via alla <a href=\"https:\/\/www.monaco-tribune.com\/it\/2025\/09\/giganti-europei-e-trasferte-da-organizzare-las-monaco-conosce-gli-otto-avversari-che-affrontera-in-champions-league\/\">campagna europea a Bruges<\/a>. Gli ingredienti per un autunno ambizioso ci sono tutti.<\/p>\n","protected":false},"excerpt":{"rendered":"<p>In una partita ricca di emozioni, il Monaco ha condotto a lungo, ma lo Strasburgo \u00e8 riuscito prima a ridurre [&hellip;]<\/p>\n","protected":false},"author":81,"featured_media":311762,"comment_status":"closed","ping_status":"closed","sticky":false,"template":"","format":"standard","meta":{"_acf_changed":false,"footnotes":""},"categories":[1826,1738,1743],"tags":[2846],"post_sectags":[3240],"post_format":[2486],"class_list":["post-312101","post","type-post","status-publish","format-standard","has-post-thumbnail","hentry","category-la-nostra-scelta","category-notizie","category-sport-it","tag-as-monaco-it-2","sectag-calcio-it","format-servizio"],"acf":[],"yoast_head":"<!-- This site is optimized with the Yoast SEO Premium plugin v26.8 (Yoast SEO v27.5) - https:\/\/yoast.com\/product\/yoast-seo-premium-wordpress\/ -->\n<title>L&#039;AS Monaco strappa una vittoria al cardiopalma allo Strasburgo<\/title>\n<meta name=\"description\" content=\"In una partita ricca di emozioni, il Monaco ha condotto a lungo, ma lo Strasburgo \u00e8 riuscito prima a ridurre lo svantaggio e poi a pareggiare, prima che i\" \/>\n<meta name=\"robots\" content=\"index, follow, max-snippet:-1, max-image-preview:large, max-video-preview:-1\" \/>\n<link rel=\"canonical\" href=\"https:\/\/www.monaco-tribune.com\/it\/2025\/09\/las-monaco-strappa-una-vittoria-al-cardiopalma-contro-lo-strasburgo\/\" \/>\n<meta property=\"og:locale\" content=\"it_IT\" \/>\n<meta property=\"og:type\" content=\"article\" \/>\n<meta property=\"og:title\" content=\"L&#039;AS Monaco strappa una vittoria al cardiopalma allo Strasburgo - Monaco Tribune\" \/>\n<meta property=\"og:description\" content=\"In una partita ricca di emozioni, il Monaco ha condotto a lungo, ma lo Strasburgo \u00e8 riuscito prima a ridurre lo svantaggio e poi a pareggiare, prima che i\" \/>\n<meta property=\"og:url\" content=\"https:\/\/www.monaco-tribune.com\/it\/2025\/09\/las-monaco-strappa-una-vittoria-al-cardiopalma-contro-lo-strasburgo\/\" \/>\n<meta property=\"og:site_name\" content=\"Monaco Tribune\" \/>\n<meta property=\"article:publisher\" content=\"https:\/\/www.facebook.com\/MonacoTribune\" \/>\n<meta property=\"article:published_time\" content=\"2025-09-02T07:07:43+00:00\" \/>\n<meta property=\"article:modified_time\" content=\"2025-09-02T11:23:10+00:00\" \/>\n<meta property=\"og:image\" content=\"https:\/\/www.monaco-tribune.com\/wp-content\/uploads\/2025\/08\/asm-rsca-1.jpeg\" \/>\n\t<meta property=\"og:image:width\" content=\"1200\" \/>\n\t<meta property=\"og:image:height\" content=\"675\" \/>\n\t<meta property=\"og:image:type\" content=\"image\/jpeg\" \/>\n<meta name=\"author\" content=\"Lo\u00efc Savaresse\" \/>\n<meta name=\"twitter:card\" content=\"summary_large_image\" \/>\n<meta name=\"twitter:creator\" content=\"@MonacoTribune\" \/>\n<meta name=\"twitter:site\" content=\"@MonacoTribune\" \/>\n<script type=\"application\/ld+json\" class=\"yoast-schema-graph\">{\"@context\":\"https:\\\/\\\/schema.org\",\"@graph\":[{\"@type\":\"NewsArticle\",\"@id\":\"https:\\\/\\\/www.monaco-tribune.com\\\/it\\\/2025\\\/09\\\/las-monaco-strappa-una-vittoria-al-cardiopalma-contro-lo-strasburgo\\\/#article\",\"isPartOf\":{\"@id\":\"https:\\\/\\\/www.monaco-tribune.com\\\/it\\\/2025\\\/09\\\/las-monaco-strappa-una-vittoria-al-cardiopalma-contro-lo-strasburgo\\\/\"},\"author\":{\"name\":\"Lo\u00efc Savaresse\",\"@id\":\"https:\\\/\\\/www.monaco-tribune.com\\\/it\\\/#\\\/schema\\\/person\\\/038be413d70c68969e8c6013f2520a39\"},\"headline\":\"L&#8217;AS Monaco strappa una vittoria al cardiopalma allo Strasburgo\",\"datePublished\":\"2025-09-02T07:07:43+00:00\",\"dateModified\":\"2025-09-02T11:23:10+00:00\",\"mainEntityOfPage\":{\"@id\":\"https:\\\/\\\/www.monaco-tribune.com\\\/it\\\/2025\\\/09\\\/las-monaco-strappa-una-vittoria-al-cardiopalma-contro-lo-strasburgo\\\/\"},\"wordCount\":793,\"publisher\":{\"@id\":\"https:\\\/\\\/www.monaco-tribune.com\\\/it\\\/#organization\"},\"image\":{\"@id\":\"https:\\\/\\\/www.monaco-tribune.com\\\/it\\\/2025\\\/09\\\/las-monaco-strappa-una-vittoria-al-cardiopalma-contro-lo-strasburgo\\\/#primaryimage\"},\"thumbnailUrl\":\"https:\\\/\\\/www.monaco-tribune.com\\\/wp-content\\\/uploads\\\/2025\\\/08\\\/asm-rsca-1.jpeg\",\"keywords\":[\"AS Monaco\"],\"articleSection\":[\"La nostra scelta\",\"Notizie\",\"Sport\"],\"inLanguage\":\"it-IT\",\"copyrightYear\":\"2025\",\"copyrightHolder\":{\"@id\":\"https:\\\/\\\/www.monaco-tribune.com\\\/#organization\"}},{\"@type\":\"WebPage\",\"@id\":\"https:\\\/\\\/www.monaco-tribune.com\\\/it\\\/2025\\\/09\\\/las-monaco-strappa-una-vittoria-al-cardiopalma-contro-lo-strasburgo\\\/\",\"url\":\"https:\\\/\\\/www.monaco-tribune.com\\\/it\\\/2025\\\/09\\\/las-monaco-strappa-una-vittoria-al-cardiopalma-contro-lo-strasburgo\\\/\",\"name\":\"L'AS Monaco strappa una vittoria al cardiopalma allo Strasburgo\",\"isPartOf\":{\"@id\":\"https:\\\/\\\/www.monaco-tribune.com\\\/it\\\/#website\"},\"primaryImageOfPage\":{\"@id\":\"https:\\\/\\\/www.monaco-tribune.com\\\/it\\\/2025\\\/09\\\/las-monaco-strappa-una-vittoria-al-cardiopalma-contro-lo-strasburgo\\\/#primaryimage\"},\"image\":{\"@id\":\"https:\\\/\\\/www.monaco-tribune.com\\\/it\\\/2025\\\/09\\\/las-monaco-strappa-una-vittoria-al-cardiopalma-contro-lo-strasburgo\\\/#primaryimage\"},\"thumbnailUrl\":\"https:\\\/\\\/www.monaco-tribune.com\\\/wp-content\\\/uploads\\\/2025\\\/08\\\/asm-rsca-1.jpeg\",\"datePublished\":\"2025-09-02T07:07:43+00:00\",\"dateModified\":\"2025-09-02T11:23:10+00:00\",\"description\":\"In una partita ricca di emozioni, il Monaco ha condotto a lungo, ma lo Strasburgo \u00e8 riuscito prima a ridurre lo svantaggio e poi a pareggiare, prima che i\",\"breadcrumb\":{\"@id\":\"https:\\\/\\\/www.monaco-tribune.com\\\/it\\\/2025\\\/09\\\/las-monaco-strappa-una-vittoria-al-cardiopalma-contro-lo-strasburgo\\\/#breadcrumb\"},\"inLanguage\":\"it-IT\",\"potentialAction\":[{\"@type\":\"ReadAction\",\"target\":[\"https:\\\/\\\/www.monaco-tribune.com\\\/it\\\/2025\\\/09\\\/las-monaco-strappa-una-vittoria-al-cardiopalma-contro-lo-strasburgo\\\/\"]}]},{\"@type\":\"ImageObject\",\"inLanguage\":\"it-IT\",\"@id\":\"https:\\\/\\\/www.monaco-tribune.com\\\/it\\\/2025\\\/09\\\/las-monaco-strappa-una-vittoria-al-cardiopalma-contro-lo-strasburgo\\\/#primaryimage\",\"url\":\"https:\\\/\\\/www.monaco-tribune.com\\\/wp-content\\\/uploads\\\/2025\\\/08\\\/asm-rsca-1.jpeg\",\"contentUrl\":\"https:\\\/\\\/www.monaco-tribune.com\\\/wp-content\\\/uploads\\\/2025\\\/08\\\/asm-rsca-1.jpeg\",\"width\":1200,\"height\":675,\"caption\":\"Prima del calcio d'inizio, c'\u00e8 stato un minuto di applausi in omaggio ad Abdallah Li\u00e9geon, campione di Francia con l'ASM nel 1982 \u00a9 AS Monaco\"},{\"@type\":\"BreadcrumbList\",\"@id\":\"https:\\\/\\\/www.monaco-tribune.com\\\/it\\\/2025\\\/09\\\/las-monaco-strappa-una-vittoria-al-cardiopalma-contro-lo-strasburgo\\\/#breadcrumb\",\"itemListElement\":[{\"@type\":\"ListItem\",\"position\":1,\"name\":\"Accueil\",\"item\":\"https:\\\/\\\/www.monaco-tribune.com\\\/it\\\/\"},{\"@type\":\"ListItem\",\"position\":2,\"name\":\"L&rsquo;AS Monaco strappa una vittoria al cardiopalma allo Strasburgo\"}]},{\"@type\":\"WebSite\",\"@id\":\"https:\\\/\\\/www.monaco-tribune.com\\\/it\\\/#website\",\"url\":\"https:\\\/\\\/www.monaco-tribune.com\\\/it\\\/\",\"name\":\"Monaco Tribune\",\"description\":\"Monaco : actualit\u00e9s \u00e9conomiques, politiques, culturelles et sportives de Monaco et de la French Riviera.\",\"publisher\":{\"@id\":\"https:\\\/\\\/www.monaco-tribune.com\\\/it\\\/#organization\"},\"potentialAction\":[{\"@type\":\"SearchAction\",\"target\":{\"@type\":\"EntryPoint\",\"urlTemplate\":\"https:\\\/\\\/www.monaco-tribune.com\\\/it\\\/?s={search_term_string}\"},\"query-input\":{\"@type\":\"PropertyValueSpecification\",\"valueRequired\":true,\"valueName\":\"search_term_string\"}}],\"inLanguage\":\"it-IT\"},{\"@type\":\"Organization\",\"@id\":\"https:\\\/\\\/www.monaco-tribune.com\\\/it\\\/#organization\",\"name\":\"Monaco Tribune\",\"url\":\"https:\\\/\\\/www.monaco-tribune.com\\\/it\\\/\",\"logo\":{\"@type\":\"ImageObject\",\"inLanguage\":\"it-IT\",\"@id\":\"https:\\\/\\\/www.monaco-tribune.com\\\/it\\\/#\\\/schema\\\/logo\\\/image\\\/\",\"url\":\"https:\\\/\\\/www.monaco-tribune.com\\\/wp-content\\\/uploads\\\/2022\\\/11\\\/logo-monaco-tribune.png\",\"contentUrl\":\"https:\\\/\\\/www.monaco-tribune.com\\\/wp-content\\\/uploads\\\/2022\\\/11\\\/logo-monaco-tribune.png\",\"width\":1548,\"height\":600,\"caption\":\"Monaco Tribune\"},\"image\":{\"@id\":\"https:\\\/\\\/www.monaco-tribune.com\\\/it\\\/#\\\/schema\\\/logo\\\/image\\\/\"},\"sameAs\":[\"https:\\\/\\\/www.facebook.com\\\/MonacoTribune\",\"https:\\\/\\\/x.com\\\/MonacoTribune\",\"https:\\\/\\\/www.instagram.com\\\/monacotribune\\\/\",\"https:\\\/\\\/www.linkedin.com\\\/company\\\/monaco-tribune\",\"https:\\\/\\\/www.youtube.com\\\/channel\\\/UCHle1MnG6hw1y4lWKijVbMA\"]},{\"@type\":\"Person\",\"@id\":\"https:\\\/\\\/www.monaco-tribune.com\\\/it\\\/#\\\/schema\\\/person\\\/038be413d70c68969e8c6013f2520a39\",\"name\":\"Lo\u00efc Savaresse\",\"image\":{\"@type\":\"ImageObject\",\"inLanguage\":\"it-IT\",\"@id\":\"https:\\\/\\\/secure.gravatar.com\\\/avatar\\\/f6455af3179531c6fa982f7fbf5b31fba068c938a5ce7786e5fb7d84a2393df0?s=96&d=mm&r=g\",\"url\":\"https:\\\/\\\/secure.gravatar.com\\\/avatar\\\/f6455af3179531c6fa982f7fbf5b31fba068c938a5ce7786e5fb7d84a2393df0?s=96&d=mm&r=g\",\"contentUrl\":\"https:\\\/\\\/secure.gravatar.com\\\/avatar\\\/f6455af3179531c6fa982f7fbf5b31fba068c938a5ce7786e5fb7d84a2393df0?s=96&d=mm&r=g\",\"caption\":\"Lo\u00efc Savaresse\"},\"url\":\"https:\\\/\\\/www.monaco-tribune.com\\\/it\\\/author\\\/loicsavaresse\\\/\"}]}<\/script>\n<!-- \/ Yoast SEO Premium plugin. -->","yoast_head_json":{"title":"L'AS Monaco strappa una vittoria al cardiopalma allo Strasburgo","description":"In una partita ricca di emozioni, il Monaco ha condotto a lungo, ma lo Strasburgo \u00e8 riuscito prima a ridurre lo svantaggio e poi a pareggiare, prima che i","robots":{"index":"index","follow":"follow","max-snippet":"max-snippet:-1","max-image-preview":"max-image-preview:large","max-video-preview":"max-video-preview:-1"},"canonical":"https:\/\/www.monaco-tribune.com\/it\/2025\/09\/las-monaco-strappa-una-vittoria-al-cardiopalma-contro-lo-strasburgo\/","og_locale":"it_IT","og_type":"article","og_title":"L'AS Monaco strappa una vittoria al cardiopalma allo Strasburgo - Monaco Tribune","og_description":"In una partita ricca di emozioni, il Monaco ha condotto a lungo, ma lo Strasburgo \u00e8 riuscito prima a ridurre lo svantaggio e poi a pareggiare, prima che i","og_url":"https:\/\/www.monaco-tribune.com\/it\/2025\/09\/las-monaco-strappa-una-vittoria-al-cardiopalma-contro-lo-strasburgo\/","og_site_name":"Monaco Tribune","article_publisher":"https:\/\/www.facebook.com\/MonacoTribune","article_published_time":"2025-09-02T07:07:43+00:00","article_modified_time":"2025-09-02T11:23:10+00:00","og_image":[{"width":1200,"height":675,"url":"https:\/\/www.monaco-tribune.com\/wp-content\/uploads\/2025\/08\/asm-rsca-1.jpeg","type":"image\/jpeg"}],"author":"Lo\u00efc Savaresse","twitter_card":"summary_large_image","twitter_creator":"@MonacoTribune","twitter_site":"@MonacoTribune","schema":{"@context":"https:\/\/schema.org","@graph":[{"@type":"NewsArticle","@id":"https:\/\/www.monaco-tribune.com\/it\/2025\/09\/las-monaco-strappa-una-vittoria-al-cardiopalma-contro-lo-strasburgo\/#article","isPartOf":{"@id":"https:\/\/www.monaco-tribune.com\/it\/2025\/09\/las-monaco-strappa-una-vittoria-al-cardiopalma-contro-lo-strasburgo\/"},"author":{"name":"Lo\u00efc Savaresse","@id":"https:\/\/www.monaco-tribune.com\/it\/#\/schema\/person\/038be413d70c68969e8c6013f2520a39"},"headline":"L&#8217;AS Monaco strappa una vittoria al cardiopalma allo Strasburgo","datePublished":"2025-09-02T07:07:43+00:00","dateModified":"2025-09-02T11:23:10+00:00","mainEntityOfPage":{"@id":"https:\/\/www.monaco-tribune.com\/it\/2025\/09\/las-monaco-strappa-una-vittoria-al-cardiopalma-contro-lo-strasburgo\/"},"wordCount":793,"publisher":{"@id":"https:\/\/www.monaco-tribune.com\/it\/#organization"},"image":{"@id":"https:\/\/www.monaco-tribune.com\/it\/2025\/09\/las-monaco-strappa-una-vittoria-al-cardiopalma-contro-lo-strasburgo\/#primaryimage"},"thumbnailUrl":"https:\/\/www.monaco-tribune.com\/wp-content\/uploads\/2025\/08\/asm-rsca-1.jpeg","keywords":["AS Monaco"],"articleSection":["La nostra scelta","Notizie","Sport"],"inLanguage":"it-IT","copyrightYear":"2025","copyrightHolder":{"@id":"https:\/\/www.monaco-tribune.com\/#organization"}},{"@type":"WebPage","@id":"https:\/\/www.monaco-tribune.com\/it\/2025\/09\/las-monaco-strappa-una-vittoria-al-cardiopalma-contro-lo-strasburgo\/","url":"https:\/\/www.monaco-tribune.com\/it\/2025\/09\/las-monaco-strappa-una-vittoria-al-cardiopalma-contro-lo-strasburgo\/","name":"L'AS Monaco strappa una vittoria al cardiopalma allo Strasburgo","isPartOf":{"@id":"https:\/\/www.monaco-tribune.com\/it\/#website"},"primaryImageOfPage":{"@id":"https:\/\/www.monaco-tribune.com\/it\/2025\/09\/las-monaco-strappa-una-vittoria-al-cardiopalma-contro-lo-strasburgo\/#primaryimage"},"image":{"@id":"https:\/\/www.monaco-tribune.com\/it\/2025\/09\/las-monaco-strappa-una-vittoria-al-cardiopalma-contro-lo-strasburgo\/#primaryimage"},"thumbnailUrl":"https:\/\/www.monaco-tribune.com\/wp-content\/uploads\/2025\/08\/asm-rsca-1.jpeg","datePublished":"2025-09-02T07:07:43+00:00","dateModified":"2025-09-02T11:23:10+00:00","description":"In una partita ricca di emozioni, il Monaco ha condotto a lungo, ma lo Strasburgo \u00e8 riuscito prima a ridurre lo svantaggio e poi a pareggiare, prima che i","breadcrumb":{"@id":"https:\/\/www.monaco-tribune.com\/it\/2025\/09\/las-monaco-strappa-una-vittoria-al-cardiopalma-contro-lo-strasburgo\/#breadcrumb"},"inLanguage":"it-IT","potentialAction":[{"@type":"ReadAction","target":["https:\/\/www.monaco-tribune.com\/it\/2025\/09\/las-monaco-strappa-una-vittoria-al-cardiopalma-contro-lo-strasburgo\/"]}]},{"@type":"ImageObject","inLanguage":"it-IT","@id":"https:\/\/www.monaco-tribune.com\/it\/2025\/09\/las-monaco-strappa-una-vittoria-al-cardiopalma-contro-lo-strasburgo\/#primaryimage","url":"https:\/\/www.monaco-tribune.com\/wp-content\/uploads\/2025\/08\/asm-rsca-1.jpeg","contentUrl":"https:\/\/www.monaco-tribune.com\/wp-content\/uploads\/2025\/08\/asm-rsca-1.jpeg","width":1200,"height":675,"caption":"Prima del calcio d'inizio, c'\u00e8 stato un minuto di applausi in omaggio ad Abdallah Li\u00e9geon, campione di Francia con l'ASM nel 1982 \u00a9 AS Monaco"},{"@type":"BreadcrumbList","@id":"https:\/\/www.monaco-tribune.com\/it\/2025\/09\/las-monaco-strappa-una-vittoria-al-cardiopalma-contro-lo-strasburgo\/#breadcrumb","itemListElement":[{"@type":"ListItem","position":1,"name":"Accueil","item":"https:\/\/www.monaco-tribune.com\/it\/"},{"@type":"ListItem","position":2,"name":"L&rsquo;AS Monaco strappa una vittoria al cardiopalma allo Strasburgo"}]},{"@type":"WebSite","@id":"https:\/\/www.monaco-tribune.com\/it\/#website","url":"https:\/\/www.monaco-tribune.com\/it\/","name":"Monaco Tribune","description":"Monaco : actualit\u00e9s \u00e9conomiques, politiques, culturelles et sportives de Monaco et de la French Riviera.","publisher":{"@id":"https:\/\/www.monaco-tribune.com\/it\/#organization"},"potentialAction":[{"@type":"SearchAction","target":{"@type":"EntryPoint","urlTemplate":"https:\/\/www.monaco-tribune.com\/it\/?s={search_term_string}"},"query-input":{"@type":"PropertyValueSpecification","valueRequired":true,"valueName":"search_term_string"}}],"inLanguage":"it-IT"},{"@type":"Organization","@id":"https:\/\/www.monaco-tribune.com\/it\/#organization","name":"Monaco Tribune","url":"https:\/\/www.monaco-tribune.com\/it\/","logo":{"@type":"ImageObject","inLanguage":"it-IT","@id":"https:\/\/www.monaco-tribune.com\/it\/#\/schema\/logo\/image\/","url":"https:\/\/www.monaco-tribune.com\/wp-content\/uploads\/2022\/11\/logo-monaco-tribune.png","contentUrl":"https:\/\/www.monaco-tribune.com\/wp-content\/uploads\/2022\/11\/logo-monaco-tribune.png","width":1548,"height":600,"caption":"Monaco Tribune"},"image":{"@id":"https:\/\/www.monaco-tribune.com\/it\/#\/schema\/logo\/image\/"},"sameAs":["https:\/\/www.facebook.com\/MonacoTribune","https:\/\/x.com\/MonacoTribune","https:\/\/www.instagram.com\/monacotribune\/","https:\/\/www.linkedin.com\/company\/monaco-tribune","https:\/\/www.youtube.com\/channel\/UCHle1MnG6hw1y4lWKijVbMA"]},{"@type":"Person","@id":"https:\/\/www.monaco-tribune.com\/it\/#\/schema\/person\/038be413d70c68969e8c6013f2520a39","name":"Lo\u00efc Savaresse","image":{"@type":"ImageObject","inLanguage":"it-IT","@id":"https:\/\/secure.gravatar.com\/avatar\/f6455af3179531c6fa982f7fbf5b31fba068c938a5ce7786e5fb7d84a2393df0?s=96&d=mm&r=g","url":"https:\/\/secure.gravatar.com\/avatar\/f6455af3179531c6fa982f7fbf5b31fba068c938a5ce7786e5fb7d84a2393df0?s=96&d=mm&r=g","contentUrl":"https:\/\/secure.gravatar.com\/avatar\/f6455af3179531c6fa982f7fbf5b31fba068c938a5ce7786e5fb7d84a2393df0?s=96&d=mm&r=g","caption":"Lo\u00efc Savaresse"},"url":"https:\/\/www.monaco-tribune.com\/it\/author\/loicsavaresse\/"}]}},"_links":{"self":[{"href":"https:\/\/www.monaco-tribune.com\/it\/wp-json\/wp\/v2\/posts\/312101","targetHints":{"allow":["GET"]}}],"collection":[{"href":"https:\/\/www.monaco-tribune.com\/it\/wp-json\/wp\/v2\/posts"}],"about":[{"href":"https:\/\/www.monaco-tribune.com\/it\/wp-json\/wp\/v2\/types\/post"}],"author":[{"embeddable":true,"href":"https:\/\/www.monaco-tribune.com\/it\/wp-json\/wp\/v2\/users\/81"}],"replies":[{"embeddable":true,"href":"https:\/\/www.monaco-tribune.com\/it\/wp-json\/wp\/v2\/comments?post=312101"}],"version-history":[{"count":2,"href":"https:\/\/www.monaco-tribune.com\/it\/wp-json\/wp\/v2\/posts\/312101\/revisions"}],"predecessor-version":[{"id":312256,"href":"https:\/\/www.monaco-tribune.com\/it\/wp-json\/wp\/v2\/posts\/312101\/revisions\/312256"}],"wp:featuredmedia":[{"embeddable":true,"href":"https:\/\/www.monaco-tribune.com\/it\/wp-json\/wp\/v2\/media\/311762"}],"wp:attachment":[{"href":"https:\/\/www.monaco-tribune.com\/it\/wp-json\/wp\/v2\/media?parent=312101"}],"wp:term":[{"taxonomy":"category","embeddable":true,"href":"https:\/\/www.monaco-tribune.com\/it\/wp-json\/wp\/v2\/categories?post=312101"},{"taxonomy":"post_tag","embeddable":true,"href":"https:\/\/www.monaco-tribune.com\/it\/wp-json\/wp\/v2\/tags?post=312101"},{"taxonomy":"sectag","embeddable":true,"href":"https:\/\/www.monaco-tribune.com\/it\/wp-json\/wp\/v2\/post_sectags?post=312101"},{"taxonomy":"format","embeddable":true,"href":"https:\/\/www.monaco-tribune.com\/it\/wp-json\/wp\/v2\/post_format?post=312101"}],"curies":[{"name":"wp","href":"https:\/\/api.w.org\/{rel}","templated":true}]}}