{"id":312162,"date":"2025-09-02T11:34:30","date_gmt":"2025-09-02T09:34:30","guid":{"rendered":"https:\/\/www.monaco-tribune.com\/2025\/09\/giganti-europei-e-trasferte-da-organizzare-las-monaco-conosce-gli-otto-avversari-che-affrontera-in-champions-league\/"},"modified":"2025-09-02T11:34:36","modified_gmt":"2025-09-02T09:34:36","slug":"giganti-europei-e-trasferte-da-organizzare-las-monaco-conosce-gli-otto-avversari-che-affrontera-in-champions-league","status":"publish","type":"post","link":"https:\/\/www.monaco-tribune.com\/it\/2025\/09\/giganti-europei-e-trasferte-da-organizzare-las-monaco-conosce-gli-otto-avversari-che-affrontera-in-champions-league\/","title":{"rendered":"Giganti europei e trasferte da organizzare&#8230; L&#8217;AS Monaco conosce gli otto avversari che affronter\u00e0 in Champions League"},"content":{"rendered":"\n<p><strong>Si \u00e8 svolto gioved\u00ec al Grimaldi Forum il sorteggio della Champions League 2025-2026: l\u2019AS Monaco conosce ora le otto sfide che affronter\u00e0 nella fase a girone unico.<\/strong><\/p>\n\n<p>Dopo aver affrontato il Barcellona, l&#8217;Arsenal e l&#8217;Inter nella scorsa stagione, quest&#8217;anno il club principesco torner\u00e0 a combattere contro alcuni giganti europei.<\/p>\n\n<p>Non si conoscono ancora le date esatte dei vari incontri, ma l&#8217;ASM sa gi\u00e0 quali squadre accoglier\u00e0 in casa e in quali stadi andr\u00e0 in trasferta. I tifosi del Louis II avranno di che divertirsi.<\/p>\n\n<h2 class=\"wp-block-heading\" id=\"h-un-programme-charge-pour-l-as-monaco\">Un calendario fitto di impegni per l&#8217;AS Monaco<\/h2>\n\n<p>I monegaschi affronteranno il Manchester City di Pep Guardiola, la Juventus, il Tottenham di Londra, ora guidato da Thomas Frank, e il Galatasaray davanti ai propri tifosi. Una curiosa coincidenza per il difensore 24enne Wilfried Singo, il cui trasferimento alla squadra turca <a href=\"https:\/\/www.asmonaco.com\/wilfried-singo-rejoint-galatasaray\/\">\u00e8 stato ufficializzato gioved\u00ec<\/a> dai biancorossi.<\/p>\n\n<figure class=\"wp-block-embed is-type-rich is-provider-twitter wp-block-embed-twitter\"><div class=\"wp-block-embed__wrapper\">\r\n<blockquote class=\"twitter-tweet\" data-width=\"500\" data-dnt=\"true\"><p lang=\"ro\" dir=\"ltr\">Les confrontations de l&#39;AS Monaco en Phase de Ligue de la <a href=\"https:\/\/twitter.com\/ChampionsLeague?ref_src=twsrc%5Etfw\">@ChampionsLeague<\/a> \ud83c\udfc6<br><br>\ud83c\udff4\udb40\udc67\udb40\udc62\udb40\udc65\udb40\udc6e\udb40\udc67\udb40\udc7f Manchester City (D)<br>\ud83c\uddea\ud83c\uddf8 Real Madrid (E)<br>\ud83c\uddee\ud83c\uddf9 Juventus Turin (D)<br>\ud83c\udde7\ud83c\uddea Club Brugge (E)<br>\ud83c\udff4\udb40\udc67\udb40\udc62\udb40\udc65\udb40\udc6e\udb40\udc67\udb40\udc7f Tottenham Hotspur (D)<br>\ud83c\uddf3\ud83c\uddf4 FK Bod\u00f8\/Glimt (E)<br>\ud83c\uddf9\ud83c\uddf7 Galatasaray (D)<br>\ud83c\udde8\ud83c\uddfe Pafos FC (E)<a href=\"https:\/\/twitter.com\/hashtag\/UCLdraw?src=hash&amp;ref_src=twsrc%5Etfw\">#UCLdraw<\/a> <a href=\"https:\/\/t.co\/9m6nqPZCsX\">pic.twitter.com\/9m6nqPZCsX<\/a><\/p>&mdash; AS Monaco \ud83c\uddf2\ud83c\udde8 (@AS_Monaco) <a href=\"https:\/\/twitter.com\/AS_Monaco\/status\/1961116040017952789?ref_src=twsrc%5Etfw\">August 28, 2025<\/a><\/blockquote><script async src=\"https:\/\/platform.twitter.com\/widgets.js\" charset=\"utf-8\"><\/script>\r\n<\/div><\/figure><br>\n\n<p>Ma non \u00e8 tutto, perch\u00e9 l&#8217;AS Monaco deve affrontare anche quattro partite in trasferta. Mentre l&#8217;anno scorso gli uomini di Adi H\u00fctter hanno ospitato i Blaugrana, questa volta affronteranno il Real Madrid al leggendario Santiago Bernabeu. Sono in programma anche un appuntamento in Belgio contro il Club Brugge e le trasferte in Norvegia e a Cipro, dove il club del Principato affronter\u00e0 rispettivamente l&#8217;FK Bod\u00f8\/Glimt e il Pafos FC, i nuovi arrivati nella competizione europea.<\/p>\n\n<p>Dopo il sorteggio, il direttore generale dell&#8217;AS Monaco <a href=\"https:\/\/www.asmonaco.com\/it\/la-reaction-de-thiago-scuro-apres-le-tirage-au-sort-de-la-ligue-des-champions\/\">Thiago Scuro si \u00e8 detto entusiasta delle partite che attendono il club<\/a>: &#8220;\u00c8 un piacere avere l&#8217;opportunit\u00e0 di giocare in Champions League per la seconda stagione consecutiva. \u00c8 un momento importante per il nostro club [&#8230;] Abbiamo la fortuna di ospitare alcuni grandi club. Non sfideremo nessuna delle squadre incontrate la scorsa stagione. Ci attendono nuovi Paesi, nuove esperienze, nuovi campionati. Speriamo in un altro buon risultato come quello dell&#8217;anno scorso. In campo, ovviamente, ma anche fuori. Riportiamo di nuovo la Champions a Monaco, per far divertire i nostri tifosi, ma anche divertirci noi&#8221;.<\/p>\n","protected":false},"excerpt":{"rendered":"<p>Si \u00e8 svolto gioved\u00ec al Grimaldi Forum il sorteggio della Champions League 2025-2026: l\u2019AS Monaco conosce ora le otto sfide [&hellip;]<\/p>\n","protected":false},"author":83,"featured_media":251090,"comment_status":"closed","ping_status":"closed","sticky":false,"template":"","format":"standard","meta":{"_acf_changed":false,"footnotes":""},"categories":[1738,1743],"tags":[2846],"post_sectags":[5093],"post_format":[2478],"class_list":["post-312162","post","type-post","status-publish","format-standard","has-post-thumbnail","hentry","category-notizie","category-sport-it","tag-as-monaco-it-2","sectag-champions-league","format-notizia"],"acf":[],"yoast_head":"<!-- This site is optimized with the Yoast SEO Premium plugin v26.8 (Yoast SEO v27.5) - https:\/\/yoast.com\/product\/yoast-seo-premium-wordpress\/ -->\n<title>Giganti europei e trasferte da organizzare... L&#039;AS Monaco conosce gli otto avversari che affronter\u00e0 in Champions League<\/title>\n<meta name=\"description\" content=\"L&#039;AS Monaco conosce gli otto avversari che affronter\u00e0 nella fase a girone unico di Champions League 2025-2026.\" \/>\n<meta name=\"robots\" content=\"index, follow, max-snippet:-1, max-image-preview:large, max-video-preview:-1\" \/>\n<link rel=\"canonical\" href=\"https:\/\/www.monaco-tribune.com\/it\/2025\/09\/giganti-europei-e-trasferte-da-organizzare-las-monaco-conosce-gli-otto-avversari-che-affrontera-in-champions-league\/\" \/>\n<meta property=\"og:locale\" content=\"it_IT\" \/>\n<meta property=\"og:type\" content=\"article\" \/>\n<meta property=\"og:title\" content=\"Giganti europei e trasferte da organizzare... L&#039;AS Monaco conosce gli otto avversari che affronter\u00e0 in Champions League - Monaco Tribune\" \/>\n<meta property=\"og:description\" content=\"Si \u00e8 svolto gioved\u00ec al Grimaldi Forum il sorteggio della Champions League 2025-2026: l\u2019AS Monaco conosce ora le otto sfide che affronter\u00e0 nella fase a\" \/>\n<meta property=\"og:url\" content=\"https:\/\/www.monaco-tribune.com\/it\/2025\/09\/giganti-europei-e-trasferte-da-organizzare-las-monaco-conosce-gli-otto-avversari-che-affrontera-in-champions-league\/\" \/>\n<meta property=\"og:site_name\" content=\"Monaco Tribune\" \/>\n<meta property=\"article:publisher\" content=\"https:\/\/www.facebook.com\/MonacoTribune\" \/>\n<meta property=\"article:published_time\" content=\"2025-09-02T09:34:30+00:00\" \/>\n<meta property=\"article:modified_time\" content=\"2025-09-02T09:34:36+00:00\" \/>\n<meta property=\"og:image\" content=\"https:\/\/www.monaco-tribune.com\/wp-content\/uploads\/2024\/09\/george-ilenikhena-pour-son-retour-en-ligue-des-champions-las-monaco-soffre-le-fc-barcelone-avec-brio.jpg\" \/>\n\t<meta property=\"og:image:width\" content=\"1366\" \/>\n\t<meta property=\"og:image:height\" content=\"768\" \/>\n\t<meta property=\"og:image:type\" content=\"image\/jpeg\" \/>\n<meta name=\"author\" content=\"Karel Weic\" \/>\n<meta name=\"twitter:card\" content=\"summary_large_image\" \/>\n<meta name=\"twitter:creator\" content=\"@MonacoTribune\" \/>\n<meta name=\"twitter:site\" content=\"@MonacoTribune\" \/>\n<script type=\"application\/ld+json\" class=\"yoast-schema-graph\">{\"@context\":\"https:\\\/\\\/schema.org\",\"@graph\":[{\"@type\":\"NewsArticle\",\"@id\":\"https:\\\/\\\/www.monaco-tribune.com\\\/it\\\/2025\\\/09\\\/giganti-europei-e-trasferte-da-organizzare-las-monaco-conosce-gli-otto-avversari-che-affrontera-in-champions-league\\\/#article\",\"isPartOf\":{\"@id\":\"https:\\\/\\\/www.monaco-tribune.com\\\/it\\\/2025\\\/09\\\/giganti-europei-e-trasferte-da-organizzare-las-monaco-conosce-gli-otto-avversari-che-affrontera-in-champions-league\\\/\"},\"author\":{\"name\":\"Karel Weic\",\"@id\":\"https:\\\/\\\/www.monaco-tribune.com\\\/it\\\/#\\\/schema\\\/person\\\/206cf21e328a66b3bf907dffbb0bffae\"},\"headline\":\"Giganti europei e trasferte da organizzare&#8230; L&#8217;AS Monaco conosce gli otto avversari che affronter\u00e0 in Champions League\",\"datePublished\":\"2025-09-02T09:34:30+00:00\",\"dateModified\":\"2025-09-02T09:34:36+00:00\",\"mainEntityOfPage\":{\"@id\":\"https:\\\/\\\/www.monaco-tribune.com\\\/it\\\/2025\\\/09\\\/giganti-europei-e-trasferte-da-organizzare-las-monaco-conosce-gli-otto-avversari-che-affrontera-in-champions-league\\\/\"},\"wordCount\":348,\"publisher\":{\"@id\":\"https:\\\/\\\/www.monaco-tribune.com\\\/it\\\/#organization\"},\"image\":{\"@id\":\"https:\\\/\\\/www.monaco-tribune.com\\\/it\\\/2025\\\/09\\\/giganti-europei-e-trasferte-da-organizzare-las-monaco-conosce-gli-otto-avversari-che-affrontera-in-champions-league\\\/#primaryimage\"},\"thumbnailUrl\":\"https:\\\/\\\/www.monaco-tribune.com\\\/wp-content\\\/uploads\\\/2024\\\/09\\\/george-ilenikhena-pour-son-retour-en-ligue-des-champions-las-monaco-soffre-le-fc-barcelone-avec-brio.jpg\",\"keywords\":[\"AS Monaco\"],\"articleSection\":[\"Notizie\",\"Sport\"],\"inLanguage\":\"it-IT\",\"copyrightYear\":\"2025\",\"copyrightHolder\":{\"@id\":\"https:\\\/\\\/www.monaco-tribune.com\\\/#organization\"}},{\"@type\":\"WebPage\",\"@id\":\"https:\\\/\\\/www.monaco-tribune.com\\\/it\\\/2025\\\/09\\\/giganti-europei-e-trasferte-da-organizzare-las-monaco-conosce-gli-otto-avversari-che-affrontera-in-champions-league\\\/\",\"url\":\"https:\\\/\\\/www.monaco-tribune.com\\\/it\\\/2025\\\/09\\\/giganti-europei-e-trasferte-da-organizzare-las-monaco-conosce-gli-otto-avversari-che-affrontera-in-champions-league\\\/\",\"name\":\"Giganti europei e trasferte da organizzare... L'AS Monaco conosce gli otto avversari che affronter\u00e0 in Champions League\",\"isPartOf\":{\"@id\":\"https:\\\/\\\/www.monaco-tribune.com\\\/it\\\/#website\"},\"primaryImageOfPage\":{\"@id\":\"https:\\\/\\\/www.monaco-tribune.com\\\/it\\\/2025\\\/09\\\/giganti-europei-e-trasferte-da-organizzare-las-monaco-conosce-gli-otto-avversari-che-affrontera-in-champions-league\\\/#primaryimage\"},\"image\":{\"@id\":\"https:\\\/\\\/www.monaco-tribune.com\\\/it\\\/2025\\\/09\\\/giganti-europei-e-trasferte-da-organizzare-las-monaco-conosce-gli-otto-avversari-che-affrontera-in-champions-league\\\/#primaryimage\"},\"thumbnailUrl\":\"https:\\\/\\\/www.monaco-tribune.com\\\/wp-content\\\/uploads\\\/2024\\\/09\\\/george-ilenikhena-pour-son-retour-en-ligue-des-champions-las-monaco-soffre-le-fc-barcelone-avec-brio.jpg\",\"datePublished\":\"2025-09-02T09:34:30+00:00\",\"dateModified\":\"2025-09-02T09:34:36+00:00\",\"description\":\"L'AS Monaco conosce gli otto avversari che affronter\u00e0 nella fase a girone unico di Champions League 2025-2026.\",\"breadcrumb\":{\"@id\":\"https:\\\/\\\/www.monaco-tribune.com\\\/it\\\/2025\\\/09\\\/giganti-europei-e-trasferte-da-organizzare-las-monaco-conosce-gli-otto-avversari-che-affrontera-in-champions-league\\\/#breadcrumb\"},\"inLanguage\":\"it-IT\",\"potentialAction\":[{\"@type\":\"ReadAction\",\"target\":[\"https:\\\/\\\/www.monaco-tribune.com\\\/it\\\/2025\\\/09\\\/giganti-europei-e-trasferte-da-organizzare-las-monaco-conosce-gli-otto-avversari-che-affrontera-in-champions-league\\\/\"]}]},{\"@type\":\"ImageObject\",\"inLanguage\":\"it-IT\",\"@id\":\"https:\\\/\\\/www.monaco-tribune.com\\\/it\\\/2025\\\/09\\\/giganti-europei-e-trasferte-da-organizzare-las-monaco-conosce-gli-otto-avversari-che-affrontera-in-champions-league\\\/#primaryimage\",\"url\":\"https:\\\/\\\/www.monaco-tribune.com\\\/wp-content\\\/uploads\\\/2024\\\/09\\\/george-ilenikhena-pour-son-retour-en-ligue-des-champions-las-monaco-soffre-le-fc-barcelone-avec-brio.jpg\",\"contentUrl\":\"https:\\\/\\\/www.monaco-tribune.com\\\/wp-content\\\/uploads\\\/2024\\\/09\\\/george-ilenikhena-pour-son-retour-en-ligue-des-champions-las-monaco-soffre-le-fc-barcelone-avec-brio.jpg\",\"width\":1366,\"height\":768,\"caption\":\"Deciso il sorteggio dell'AS Monaco per la Champions League 2025-2026\"},{\"@type\":\"BreadcrumbList\",\"@id\":\"https:\\\/\\\/www.monaco-tribune.com\\\/it\\\/2025\\\/09\\\/giganti-europei-e-trasferte-da-organizzare-las-monaco-conosce-gli-otto-avversari-che-affrontera-in-champions-league\\\/#breadcrumb\",\"itemListElement\":[{\"@type\":\"ListItem\",\"position\":1,\"name\":\"Accueil\",\"item\":\"https:\\\/\\\/www.monaco-tribune.com\\\/it\\\/\"},{\"@type\":\"ListItem\",\"position\":2,\"name\":\"Giganti europei e trasferte da organizzare&#8230; L&#8217;AS Monaco conosce gli otto avversari che affronter\u00e0 in Champions League\"}]},{\"@type\":\"WebSite\",\"@id\":\"https:\\\/\\\/www.monaco-tribune.com\\\/it\\\/#website\",\"url\":\"https:\\\/\\\/www.monaco-tribune.com\\\/it\\\/\",\"name\":\"Monaco Tribune\",\"description\":\"Monaco : actualit\u00e9s \u00e9conomiques, politiques, culturelles et sportives de Monaco et de la French Riviera.\",\"publisher\":{\"@id\":\"https:\\\/\\\/www.monaco-tribune.com\\\/it\\\/#organization\"},\"potentialAction\":[{\"@type\":\"SearchAction\",\"target\":{\"@type\":\"EntryPoint\",\"urlTemplate\":\"https:\\\/\\\/www.monaco-tribune.com\\\/it\\\/?s={search_term_string}\"},\"query-input\":{\"@type\":\"PropertyValueSpecification\",\"valueRequired\":true,\"valueName\":\"search_term_string\"}}],\"inLanguage\":\"it-IT\"},{\"@type\":\"Organization\",\"@id\":\"https:\\\/\\\/www.monaco-tribune.com\\\/it\\\/#organization\",\"name\":\"Monaco Tribune\",\"url\":\"https:\\\/\\\/www.monaco-tribune.com\\\/it\\\/\",\"logo\":{\"@type\":\"ImageObject\",\"inLanguage\":\"it-IT\",\"@id\":\"https:\\\/\\\/www.monaco-tribune.com\\\/it\\\/#\\\/schema\\\/logo\\\/image\\\/\",\"url\":\"https:\\\/\\\/www.monaco-tribune.com\\\/wp-content\\\/uploads\\\/2022\\\/11\\\/logo-monaco-tribune.png\",\"contentUrl\":\"https:\\\/\\\/www.monaco-tribune.com\\\/wp-content\\\/uploads\\\/2022\\\/11\\\/logo-monaco-tribune.png\",\"width\":1548,\"height\":600,\"caption\":\"Monaco Tribune\"},\"image\":{\"@id\":\"https:\\\/\\\/www.monaco-tribune.com\\\/it\\\/#\\\/schema\\\/logo\\\/image\\\/\"},\"sameAs\":[\"https:\\\/\\\/www.facebook.com\\\/MonacoTribune\",\"https:\\\/\\\/x.com\\\/MonacoTribune\",\"https:\\\/\\\/www.instagram.com\\\/monacotribune\\\/\",\"https:\\\/\\\/www.linkedin.com\\\/company\\\/monaco-tribune\",\"https:\\\/\\\/www.youtube.com\\\/channel\\\/UCHle1MnG6hw1y4lWKijVbMA\"]},{\"@type\":\"Person\",\"@id\":\"https:\\\/\\\/www.monaco-tribune.com\\\/it\\\/#\\\/schema\\\/person\\\/206cf21e328a66b3bf907dffbb0bffae\",\"name\":\"Karel Weic\",\"image\":{\"@type\":\"ImageObject\",\"inLanguage\":\"it-IT\",\"@id\":\"https:\\\/\\\/secure.gravatar.com\\\/avatar\\\/1f39fbe47c51bb63ade7f41b1bc4321988f1db13e7584859ec590cbcd5d935c2?s=96&d=mm&r=g\",\"url\":\"https:\\\/\\\/secure.gravatar.com\\\/avatar\\\/1f39fbe47c51bb63ade7f41b1bc4321988f1db13e7584859ec590cbcd5d935c2?s=96&d=mm&r=g\",\"contentUrl\":\"https:\\\/\\\/secure.gravatar.com\\\/avatar\\\/1f39fbe47c51bb63ade7f41b1bc4321988f1db13e7584859ec590cbcd5d935c2?s=96&d=mm&r=g\",\"caption\":\"Karel Weic\"},\"url\":\"https:\\\/\\\/www.monaco-tribune.com\\\/it\\\/author\\\/karelweic\\\/\"}]}<\/script>\n<!-- \/ Yoast SEO Premium plugin. -->","yoast_head_json":{"title":"Giganti europei e trasferte da organizzare... L'AS Monaco conosce gli otto avversari che affronter\u00e0 in Champions League","description":"L'AS Monaco conosce gli otto avversari che affronter\u00e0 nella fase a girone unico di Champions League 2025-2026.","robots":{"index":"index","follow":"follow","max-snippet":"max-snippet:-1","max-image-preview":"max-image-preview:large","max-video-preview":"max-video-preview:-1"},"canonical":"https:\/\/www.monaco-tribune.com\/it\/2025\/09\/giganti-europei-e-trasferte-da-organizzare-las-monaco-conosce-gli-otto-avversari-che-affrontera-in-champions-league\/","og_locale":"it_IT","og_type":"article","og_title":"Giganti europei e trasferte da organizzare... L'AS Monaco conosce gli otto avversari che affronter\u00e0 in Champions League - Monaco Tribune","og_description":"Si \u00e8 svolto gioved\u00ec al Grimaldi Forum il sorteggio della Champions League 2025-2026: l\u2019AS Monaco conosce ora le otto sfide che affronter\u00e0 nella fase a","og_url":"https:\/\/www.monaco-tribune.com\/it\/2025\/09\/giganti-europei-e-trasferte-da-organizzare-las-monaco-conosce-gli-otto-avversari-che-affrontera-in-champions-league\/","og_site_name":"Monaco Tribune","article_publisher":"https:\/\/www.facebook.com\/MonacoTribune","article_published_time":"2025-09-02T09:34:30+00:00","article_modified_time":"2025-09-02T09:34:36+00:00","og_image":[{"width":1366,"height":768,"url":"https:\/\/www.monaco-tribune.com\/wp-content\/uploads\/2024\/09\/george-ilenikhena-pour-son-retour-en-ligue-des-champions-las-monaco-soffre-le-fc-barcelone-avec-brio.jpg","type":"image\/jpeg"}],"author":"Karel Weic","twitter_card":"summary_large_image","twitter_creator":"@MonacoTribune","twitter_site":"@MonacoTribune","schema":{"@context":"https:\/\/schema.org","@graph":[{"@type":"NewsArticle","@id":"https:\/\/www.monaco-tribune.com\/it\/2025\/09\/giganti-europei-e-trasferte-da-organizzare-las-monaco-conosce-gli-otto-avversari-che-affrontera-in-champions-league\/#article","isPartOf":{"@id":"https:\/\/www.monaco-tribune.com\/it\/2025\/09\/giganti-europei-e-trasferte-da-organizzare-las-monaco-conosce-gli-otto-avversari-che-affrontera-in-champions-league\/"},"author":{"name":"Karel Weic","@id":"https:\/\/www.monaco-tribune.com\/it\/#\/schema\/person\/206cf21e328a66b3bf907dffbb0bffae"},"headline":"Giganti europei e trasferte da organizzare&#8230; L&#8217;AS Monaco conosce gli otto avversari che affronter\u00e0 in Champions League","datePublished":"2025-09-02T09:34:30+00:00","dateModified":"2025-09-02T09:34:36+00:00","mainEntityOfPage":{"@id":"https:\/\/www.monaco-tribune.com\/it\/2025\/09\/giganti-europei-e-trasferte-da-organizzare-las-monaco-conosce-gli-otto-avversari-che-affrontera-in-champions-league\/"},"wordCount":348,"publisher":{"@id":"https:\/\/www.monaco-tribune.com\/it\/#organization"},"image":{"@id":"https:\/\/www.monaco-tribune.com\/it\/2025\/09\/giganti-europei-e-trasferte-da-organizzare-las-monaco-conosce-gli-otto-avversari-che-affrontera-in-champions-league\/#primaryimage"},"thumbnailUrl":"https:\/\/www.monaco-tribune.com\/wp-content\/uploads\/2024\/09\/george-ilenikhena-pour-son-retour-en-ligue-des-champions-las-monaco-soffre-le-fc-barcelone-avec-brio.jpg","keywords":["AS Monaco"],"articleSection":["Notizie","Sport"],"inLanguage":"it-IT","copyrightYear":"2025","copyrightHolder":{"@id":"https:\/\/www.monaco-tribune.com\/#organization"}},{"@type":"WebPage","@id":"https:\/\/www.monaco-tribune.com\/it\/2025\/09\/giganti-europei-e-trasferte-da-organizzare-las-monaco-conosce-gli-otto-avversari-che-affrontera-in-champions-league\/","url":"https:\/\/www.monaco-tribune.com\/it\/2025\/09\/giganti-europei-e-trasferte-da-organizzare-las-monaco-conosce-gli-otto-avversari-che-affrontera-in-champions-league\/","name":"Giganti europei e trasferte da organizzare... L'AS Monaco conosce gli otto avversari che affronter\u00e0 in Champions League","isPartOf":{"@id":"https:\/\/www.monaco-tribune.com\/it\/#website"},"primaryImageOfPage":{"@id":"https:\/\/www.monaco-tribune.com\/it\/2025\/09\/giganti-europei-e-trasferte-da-organizzare-las-monaco-conosce-gli-otto-avversari-che-affrontera-in-champions-league\/#primaryimage"},"image":{"@id":"https:\/\/www.monaco-tribune.com\/it\/2025\/09\/giganti-europei-e-trasferte-da-organizzare-las-monaco-conosce-gli-otto-avversari-che-affrontera-in-champions-league\/#primaryimage"},"thumbnailUrl":"https:\/\/www.monaco-tribune.com\/wp-content\/uploads\/2024\/09\/george-ilenikhena-pour-son-retour-en-ligue-des-champions-las-monaco-soffre-le-fc-barcelone-avec-brio.jpg","datePublished":"2025-09-02T09:34:30+00:00","dateModified":"2025-09-02T09:34:36+00:00","description":"L'AS Monaco conosce gli otto avversari che affronter\u00e0 nella fase a girone unico di Champions League 2025-2026.","breadcrumb":{"@id":"https:\/\/www.monaco-tribune.com\/it\/2025\/09\/giganti-europei-e-trasferte-da-organizzare-las-monaco-conosce-gli-otto-avversari-che-affrontera-in-champions-league\/#breadcrumb"},"inLanguage":"it-IT","potentialAction":[{"@type":"ReadAction","target":["https:\/\/www.monaco-tribune.com\/it\/2025\/09\/giganti-europei-e-trasferte-da-organizzare-las-monaco-conosce-gli-otto-avversari-che-affrontera-in-champions-league\/"]}]},{"@type":"ImageObject","inLanguage":"it-IT","@id":"https:\/\/www.monaco-tribune.com\/it\/2025\/09\/giganti-europei-e-trasferte-da-organizzare-las-monaco-conosce-gli-otto-avversari-che-affrontera-in-champions-league\/#primaryimage","url":"https:\/\/www.monaco-tribune.com\/wp-content\/uploads\/2024\/09\/george-ilenikhena-pour-son-retour-en-ligue-des-champions-las-monaco-soffre-le-fc-barcelone-avec-brio.jpg","contentUrl":"https:\/\/www.monaco-tribune.com\/wp-content\/uploads\/2024\/09\/george-ilenikhena-pour-son-retour-en-ligue-des-champions-las-monaco-soffre-le-fc-barcelone-avec-brio.jpg","width":1366,"height":768,"caption":"Deciso il sorteggio dell'AS Monaco per la Champions League 2025-2026"},{"@type":"BreadcrumbList","@id":"https:\/\/www.monaco-tribune.com\/it\/2025\/09\/giganti-europei-e-trasferte-da-organizzare-las-monaco-conosce-gli-otto-avversari-che-affrontera-in-champions-league\/#breadcrumb","itemListElement":[{"@type":"ListItem","position":1,"name":"Accueil","item":"https:\/\/www.monaco-tribune.com\/it\/"},{"@type":"ListItem","position":2,"name":"Giganti europei e trasferte da organizzare&#8230; L&#8217;AS Monaco conosce gli otto avversari che affronter\u00e0 in Champions League"}]},{"@type":"WebSite","@id":"https:\/\/www.monaco-tribune.com\/it\/#website","url":"https:\/\/www.monaco-tribune.com\/it\/","name":"Monaco Tribune","description":"Monaco : actualit\u00e9s \u00e9conomiques, politiques, culturelles et sportives de Monaco et de la French Riviera.","publisher":{"@id":"https:\/\/www.monaco-tribune.com\/it\/#organization"},"potentialAction":[{"@type":"SearchAction","target":{"@type":"EntryPoint","urlTemplate":"https:\/\/www.monaco-tribune.com\/it\/?s={search_term_string}"},"query-input":{"@type":"PropertyValueSpecification","valueRequired":true,"valueName":"search_term_string"}}],"inLanguage":"it-IT"},{"@type":"Organization","@id":"https:\/\/www.monaco-tribune.com\/it\/#organization","name":"Monaco Tribune","url":"https:\/\/www.monaco-tribune.com\/it\/","logo":{"@type":"ImageObject","inLanguage":"it-IT","@id":"https:\/\/www.monaco-tribune.com\/it\/#\/schema\/logo\/image\/","url":"https:\/\/www.monaco-tribune.com\/wp-content\/uploads\/2022\/11\/logo-monaco-tribune.png","contentUrl":"https:\/\/www.monaco-tribune.com\/wp-content\/uploads\/2022\/11\/logo-monaco-tribune.png","width":1548,"height":600,"caption":"Monaco Tribune"},"image":{"@id":"https:\/\/www.monaco-tribune.com\/it\/#\/schema\/logo\/image\/"},"sameAs":["https:\/\/www.facebook.com\/MonacoTribune","https:\/\/x.com\/MonacoTribune","https:\/\/www.instagram.com\/monacotribune\/","https:\/\/www.linkedin.com\/company\/monaco-tribune","https:\/\/www.youtube.com\/channel\/UCHle1MnG6hw1y4lWKijVbMA"]},{"@type":"Person","@id":"https:\/\/www.monaco-tribune.com\/it\/#\/schema\/person\/206cf21e328a66b3bf907dffbb0bffae","name":"Karel Weic","image":{"@type":"ImageObject","inLanguage":"it-IT","@id":"https:\/\/secure.gravatar.com\/avatar\/1f39fbe47c51bb63ade7f41b1bc4321988f1db13e7584859ec590cbcd5d935c2?s=96&d=mm&r=g","url":"https:\/\/secure.gravatar.com\/avatar\/1f39fbe47c51bb63ade7f41b1bc4321988f1db13e7584859ec590cbcd5d935c2?s=96&d=mm&r=g","contentUrl":"https:\/\/secure.gravatar.com\/avatar\/1f39fbe47c51bb63ade7f41b1bc4321988f1db13e7584859ec590cbcd5d935c2?s=96&d=mm&r=g","caption":"Karel Weic"},"url":"https:\/\/www.monaco-tribune.com\/it\/author\/karelweic\/"}]}},"_links":{"self":[{"href":"https:\/\/www.monaco-tribune.com\/it\/wp-json\/wp\/v2\/posts\/312162","targetHints":{"allow":["GET"]}}],"collection":[{"href":"https:\/\/www.monaco-tribune.com\/it\/wp-json\/wp\/v2\/posts"}],"about":[{"href":"https:\/\/www.monaco-tribune.com\/it\/wp-json\/wp\/v2\/types\/post"}],"author":[{"embeddable":true,"href":"https:\/\/www.monaco-tribune.com\/it\/wp-json\/wp\/v2\/users\/83"}],"replies":[{"embeddable":true,"href":"https:\/\/www.monaco-tribune.com\/it\/wp-json\/wp\/v2\/comments?post=312162"}],"version-history":[{"count":2,"href":"https:\/\/www.monaco-tribune.com\/it\/wp-json\/wp\/v2\/posts\/312162\/revisions"}],"predecessor-version":[{"id":312166,"href":"https:\/\/www.monaco-tribune.com\/it\/wp-json\/wp\/v2\/posts\/312162\/revisions\/312166"}],"wp:featuredmedia":[{"embeddable":true,"href":"https:\/\/www.monaco-tribune.com\/it\/wp-json\/wp\/v2\/media\/251090"}],"wp:attachment":[{"href":"https:\/\/www.monaco-tribune.com\/it\/wp-json\/wp\/v2\/media?parent=312162"}],"wp:term":[{"taxonomy":"category","embeddable":true,"href":"https:\/\/www.monaco-tribune.com\/it\/wp-json\/wp\/v2\/categories?post=312162"},{"taxonomy":"post_tag","embeddable":true,"href":"https:\/\/www.monaco-tribune.com\/it\/wp-json\/wp\/v2\/tags?post=312162"},{"taxonomy":"sectag","embeddable":true,"href":"https:\/\/www.monaco-tribune.com\/it\/wp-json\/wp\/v2\/post_sectags?post=312162"},{"taxonomy":"format","embeddable":true,"href":"https:\/\/www.monaco-tribune.com\/it\/wp-json\/wp\/v2\/post_format?post=312162"}],"curies":[{"name":"wp","href":"https:\/\/api.w.org\/{rel}","templated":true}]}}