{"id":312727,"date":"2025-09-05T10:50:25","date_gmt":"2025-09-05T08:50:25","guid":{"rendered":"https:\/\/www.monaco-tribune.com\/2025\/09\/remon-vos-un-magnate-della-logistica-appassionato-di-vela-e-legato-a-monaco\/"},"modified":"2025-09-05T10:50:39","modified_gmt":"2025-09-05T08:50:39","slug":"remon-vos-un-magnate-della-logistica-appassionato-di-vela-e-legato-a-monaco","status":"publish","type":"post","link":"https:\/\/www.monaco-tribune.com\/it\/2025\/09\/remon-vos-un-magnate-della-logistica-appassionato-di-vela-e-legato-a-monaco\/","title":{"rendered":"Remon Vos: un magnate della logistica, appassionato di vela e legato a Monaco"},"content":{"rendered":"\n<p><strong>Tanto riservato quanto influente, il miliardario e appassionato di yachting Remon Vos \u00e8 alla guida<\/strong> <strong>di un impero nel settore della logistica e dell\u2019immobiliare industriale. Membro attivo dello Yacht Club di Monaco, i cui colori porta in alto sui mari di tutto il mondo, l\u2019imprenditore coltiva un legame solido e duraturo con il Principato.<\/strong><\/p>\n\n<p>Da lontano, lo si potrebbe quasi scambiare, con le sue impressionanti vele nere, per un uccello marino che vola verso l\u2019orizzonte \u2013 forse un cormorano? Tra spruzzi e onde, vira bruscamente, il boma che fende con decisione il ponte, per riprendere meglio la corsa sfrenata sull\u2019acqua, saltando, fendendo le onde, lasciando dietro di s\u00e9 gli avversari di giornata di diverse lunghezze. A bordo, gli ordini secchi e precisi orchestrano una coreografia millimetrica, riflesso di un balletto marittimo tanto sublime quanto tecnico. In lontananza echeggia il suono di una sirena. La linea d\u2019arrivo \u00e8 tagliata. In testa. Ancora una volta.<\/p>\n<div class=\"wp-block-image\">\n<figure class=\"aligncenter size-large\"><img loading=\"lazy\" decoding=\"async\" width=\"1024\" height=\"683\" src=\"https:\/\/www.monaco-tribune.com\/wp-content\/uploads\/2025\/08\/black-jack-remon-vos-1024x683.jpg\" alt=\"\" class=\"wp-image-311417\" srcset=\"https:\/\/www.monaco-tribune.com\/wp-content\/uploads\/2025\/08\/black-jack-remon-vos-1024x683.jpg 1024w, https:\/\/www.monaco-tribune.com\/wp-content\/uploads\/2025\/08\/black-jack-remon-vos-450x300.jpg 450w, https:\/\/www.monaco-tribune.com\/wp-content\/uploads\/2025\/08\/black-jack-remon-vos.jpg 1200w\" sizes=\"auto, (max-width: 1024px) 100vw, 1024px\" \/><figcaption class=\"wp-element-caption\"><em>Black Jack 100 \u00a9 Rolex \/ Carlo Borlenghi su YCM<\/em><\/figcaption><\/figure>\n<\/div>\n<p>Black Jack 100 \u00e8 il nome di questo monoscocca da 100 piedi (oltre 30 metri di lunghezza) che colleziona trofei: <a href=\"https:\/\/yacht-club-monaco.mc\/remon-vos-et-black-jack-100-etablissent-un-nouveau-record\/\">record di velocit\u00e0 al Gotland Runt<\/a>, nel Mar Baltico, lo scorso luglio; vittoria, poche settimane dopo, alla <a href=\"https:\/\/www.monaco-tribune.com\/2025\/07\/51e-rolex-fastnet-race-victoire-de-black-jack-100-en-temps-reel\/\">51\u00aa Rolex Fastnet Race<\/a>, al largo di Cherbourg; primo posto e nuovo record di velocit\u00e0 alla <a href=\"https:\/\/www.monaco-tribune.com\/2025\/08\/black-jack-100-domine-la-palermo-montecarlo-et-bat-son-propre-record\/\">Palermo-Montecarlo nell\u2019agosto 2024<\/a> &#8211; battendo il suo stesso record stabilito nel 2015; e cos\u00ec via. Ogni vittoria \u00e8 un trionfo per lo Yacht Club di Monaco (YCM), sotto la cui bandiera naviga il supermaxi. Ogni record \u00e8 merito dei suoi 29 marinai esperti, dello skipper Tristan Le Brun e del proprietario \u2013 nonch\u00e9 timoniere occasionale \u2013 Remon Vos.<\/p>\n<div class=\"wp-block-image\">\n<figure class=\"aligncenter size-large\"><img loading=\"lazy\" decoding=\"async\" width=\"1024\" height=\"683\" src=\"https:\/\/www.monaco-tribune.com\/wp-content\/uploads\/2025\/08\/une-victoire-et-un-record-pour-black-jack-100-remon-vos-1024x683.jpg\" alt=\"\" class=\"wp-image-311421\" srcset=\"https:\/\/www.monaco-tribune.com\/wp-content\/uploads\/2025\/08\/une-victoire-et-un-record-pour-black-jack-100-remon-vos-1024x683.jpg 1024w, https:\/\/www.monaco-tribune.com\/wp-content\/uploads\/2025\/08\/une-victoire-et-un-record-pour-black-jack-100-remon-vos-450x300.jpg 450w, https:\/\/www.monaco-tribune.com\/wp-content\/uploads\/2025\/08\/une-victoire-et-un-record-pour-black-jack-100-remon-vos.jpg 1200w\" sizes=\"auto, (max-width: 1024px) 100vw, 1024px\" \/><figcaption class=\"wp-element-caption\"><em>Una vittoria e un record per Black Jack 100 \u00a9 YCM<\/em><\/figcaption><\/figure>\n<\/div>\n<h2 class=\"wp-block-heading\" id=\"h-l-europe-de-l-est-nouvel-eldorado-pour-le-jeune-remon-vos\">L\u2019Europa dell\u2019Est, nuovo Eldorado per il giovane Remon Vos<\/h2>\n\n<p>Vos non \u00e8 uno sconosciuto a Monaco. Oltre alle sue imprese in mare, il manager olandese \u00e8 noto soprattutto per essere cofondatore e CEO di CTP, gruppo leader in Europa centrale e orientale nella logistica e nell\u2019immobiliare industriale. Un colosso costruito da zero, che oggi conta circa 13 milioni di metri quadrati di magazzini e parchi industriali \u2013 affittati a societ\u00e0 come DHL, Renault o H&amp;M \u2013 e dispone di altri 26 milioni di metri quadrati di terreni edificabili in dieci Paesi. Nel 2024, CTP ha registrato un utile netto di 1,1 miliardi di euro e, secondo l\u2019ultimo ranking di <a href=\"https:\/\/www.forbes.com\/profile\/remon-vos\/\"><em>Forbes<\/em><\/a>, Remon Vos vanta un patrimonio personale stimato in 7,5 miliardi di dollari.<\/p>\n\n<p>Un risultato notevole per chi, nato nel 1970 nella cittadina di Stadskanaal, nel nord-est dei Paesi Bassi, \u00e8 figlio di una madre allora ancora studentessa e di un padre concessionario d\u2019auto. Dopo il divorzio dei genitori, Remon cresce spostandosi di citt\u00e0 in citt\u00e0 nei Paesi Bassi, sviluppando fin da giovanissimo un innato spirito imprenditoriale: a 12 anni guadagnava gi\u00e0 qualche soldo lavando auto e pulendo saloni di parrucchieri. Ma \u00e8 un viaggio, nel 1991, nella ex Cecoslovacchia, ad essere decisivo. Accompagnato da un amico di famiglia, Johan Brakema, Vos rimane colpito dal ritardo infrastrutturale dei Paesi dell\u2019ex blocco sovietico.<\/p>\n\n<p>Per Vos \u00e8 una rivelazione: dopo la caduta dell\u2019URSS e della Cortina di Ferro, l\u2019Europa orientale rappresenta una terra di incredibili opportunit\u00e0. Con Brakema apre in Repubblica Ceca una piccola impresa di importazione di prodotti olandesi, seguita da una fabbrica di componenti in acciaio. Alla ricerca di un edificio e di un terreno \u2013 senza successo \u2013 i due decidono allora di \u00abcostruire un parco industriale, cos\u00ec che (le loro aziende) potessero essere il primo inquilino e trovare poi altri locatari\u00bb, ricorda Vos a <a href=\"https:\/\/www.forbes.fr\/business\/qui-est-remon-vos-le-milliardaire-dont-lempire-immobilier-europeen-accueille-des-marques-telles-que-hyundai-et-hm\/\"><em>Forbes<\/em><\/a>. \u00c8 l\u2019inizio dell\u2019avventura. Nel 1998, con l\u2019arrivo di un terzo socio, Eddy Maas, fondano nella cittadina ceca di Humpolec il loro primo parco industriale, battezzato Central Trade Park (CTP).<\/p>\n\n<h2 class=\"wp-block-heading\" id=\"h-nbsp-ne-jamais-vendre-nbsp\">\u201cMai vendere\u201d<\/h2>\n\n<p>\u00abJohan aveva il capitale, Eddy l\u2019intelligenza e io l\u2019energia\u00bb, racconta Vos a <em>Forbes<\/em>. \u00abAbbiamo subito pensato: \u2018Non ci limiteremo a costruire un solo edificio\u2019\u00bb, ricorda ancora a <a href=\"https:\/\/www.theceomagazine.com\/executive-interviews\/property-real-estate\/remon-vos\/\"><em>The CEO Magazine<\/em><\/a>: \u00abL\u2019idea era realizzare altri edifici nello stesso sito, creando un cluster, un ecosistema di imprese che collaborano. In quanto costruttori, ci saremmo occupati di tutte le infrastrutture, della loro manutenzione e riparazione, lasciando ai locatari la possibilit\u00e0 di concentrarsi sulla loro attivit\u00e0 principale\u00bb. Nasce cos\u00ec il modello CTP.<\/p>\n<div class=\"wp-block-image\">\n<figure class=\"aligncenter size-large\"><img loading=\"lazy\" decoding=\"async\" width=\"1024\" height=\"569\" src=\"https:\/\/www.monaco-tribune.com\/wp-content\/uploads\/2025\/08\/expo-real-with-remon-vos-ceo-ctp-1024x569.png\" alt=\"\" class=\"wp-image-311544\" srcset=\"https:\/\/www.monaco-tribune.com\/wp-content\/uploads\/2025\/08\/expo-real-with-remon-vos-ceo-ctp-1024x569.png 1024w, https:\/\/www.monaco-tribune.com\/wp-content\/uploads\/2025\/08\/expo-real-with-remon-vos-ceo-ctp-540x300.png 540w, https:\/\/www.monaco-tribune.com\/wp-content\/uploads\/2025\/08\/expo-real-with-remon-vos-ceo-ctp.png 1200w\" sizes=\"auto, (max-width: 1024px) 100vw, 1024px\" \/><figcaption class=\"wp-element-caption\"><em>Remon Vos all\u2019Expo Real \/ Screenshot via YouTube<\/em><\/figcaption><\/figure>\n<\/div>\n<p>I primi anni sono difficili e CTP decolla davvero solo all\u2019inizio degli anni 2000, diventando il principale costruttore della Repubblica Ceca, con 22 parchi logistici nel Paese. \u00c8 in quel periodo che Vos elabora una delle sue massime, diventata il mantra del gruppo: \u00abMai vendere\u00bb, afferma a Forbes, perch\u00e9 \u00abse costruisci un parco, l\u2019obiettivo \u00e8 continuare a svilupparlo\u00bb. \u00abCostruiamo per mantenere o possedere\u00bb, conferma a <em>The CEO Magazine<\/em>, \u00abnon siamo trader, non vendiamo. Non realizziamo edifici isolati, ma solo all\u2019interno di un concept di parco\u00bb.<\/p>\n\n<p>Questa filosofia diventa il marchio di fabbrica di Vos, che conquista progressivamente tutta l\u2019Europa orientale, espandendosi in Polonia, Romania, Ungheria, Serbia e oltre. Ovunque operi, applica la stessa strategia: sviluppare rapidamente i progetti anche con tassi di occupazione iniziali del 30-40%; acquistare terreni adiacenti per future espansioni; fidelizzare e diversificare i clienti, l\u201987% dei quali rinnova i contratti alla scadenza. Una formula che ha consentito a CTP di far crescere i ricavi da locazione di oltre il 16% annuo dal 2019.<\/p>\n<div class=\"wp-block-image\">\n<figure class=\"aligncenter size-large\"><img loading=\"lazy\" decoding=\"async\" width=\"1024\" height=\"840\" src=\"https:\/\/www.monaco-tribune.com\/wp-content\/uploads\/2025\/08\/remon-vos-amsterdam-1024x840.jpeg\" alt=\"\" class=\"wp-image-311405\" srcset=\"https:\/\/www.monaco-tribune.com\/wp-content\/uploads\/2025\/08\/remon-vos-amsterdam-1024x840.jpeg 1024w, https:\/\/www.monaco-tribune.com\/wp-content\/uploads\/2025\/08\/remon-vos-amsterdam-366x300.jpeg 366w, https:\/\/www.monaco-tribune.com\/wp-content\/uploads\/2025\/08\/remon-vos-amsterdam.jpeg 1200w\" sizes=\"auto, (max-width: 1024px) 100vw, 1024px\" \/><figcaption class=\"wp-element-caption\"><em>CTP \u00e8 quotata alla Borsa di Amsterdam. Remon Vos e Timo Hielscher \/ Foto via LinkedIn<\/em><\/figcaption><\/figure>\n<\/div>\n<p>Per proseguire la sua espansione, CTP \u00e8 stata quotata alla Borsa di Amsterdam nel 2021, tre anni dopo che Remon Vos aveva rilevato tutte le quote dei suoi due soci. Con la raccolta di un miliardo di dollari, l\u2019operazione \u00e8 stata una delle pi\u00f9 grandi IPO immobiliari in Europa. Ma un gruppo pi\u00f9 grande comporta anche maggiori responsabilit\u00e0: gi\u00e0 nel 2018 CTP ha emesso i suoi primi \u201cgreen bond\u201d e ha puntato tutto sull\u2019ESG (ambiente, sociale e governance). Non senza difficolt\u00e0: \u00abL\u2019ESG \u00e8 complesso\u00bb, ha ammesso Vos sulle pagine di <em>The CEO Magazine<\/em>, \u00abma ci stiamo impegnando attivamente (&#8230;). Crediamo che sia un\u2019opportunit\u00e0 fantastica\u00bb. Opportunit\u00e0 che l\u2019imprenditore riesce a scorgere in ogni crisi affrontata: il crack finanziario del 2008, il Covid-19, la guerra in Ucraina e pi\u00f9 recentemente le tensioni tariffarie tra Europa e Stati Uniti&#8230; \u00abCredo fermamente che il cambiamento sia un\u2019opportunit\u00e0\u00bb, ha ribadito il miliardario a <em>Forbes<\/em>.<\/p>\n\n<h2 class=\"wp-block-heading\" id=\"h-nbsp-un-esprit-une-equipe-un-club-nbsp-nbsp-au-ycm-remon-vos-rejoint-l-elite-mondiale-de-la-voile\">\u00abUno spirito, una squadra, un club\u00bb: allo YCM, Remon Vos entra nell\u2019\u00e9lite mondiale della vela<\/h2>\n\n<p>Questo motto, Remon Vos lo fa suo sia sulla terraferma che in mare. \u00c8 infatti il mare \u2013 il Mediterraneo, in questo caso \u2013 a fare da trait d\u2019union tra il magnate dell\u2019Europa dell\u2019Est e Monaco. \u00c8 in mare che l\u2019appassionato di velocit\u00e0 e adrenalina rappresenta il Principato, schierando Black Jack 100 nelle regate pi\u00f9 prestigiose e impegnative al mondo: la <a href=\"https:\/\/www.sail-world.com\/news\/278513\/Palermo-Montecarlo-line-honours-for-Black-Jack\">Palermo-Montecarlo<\/a>, una delle competizioni pi\u00f9 combattute per yacht offshore; la <a href=\"https:\/\/www.rolexfastnetrace.com\/en\/rorc-centenary-rolex-fastnet-race-another-recordsized-fleet-due\">Rolex Fastnet Race<\/a>, di gran lunga la pi\u00f9 grande regata d\u2019altura del pianeta; e molte altre. Varata nel 2005 con il nome di Alpha Rom\u00e9o II, l\u2019imbarcazione naviga oggi sotto i colori del celebre e rigoroso Yacht Club di Monaco.<\/p>\n\n<p>E questo \u201clupo di mare\u201d non \u00e8 certo un semplice dilettante. Oltre a frequentare i pontili del Port Hercule, Remon Vos prende spesso il timone del suo monoscafo, come nell\u2019edizione del centenario della Fastnet, che ha visto l\u2019equipaggio di Black Jack 100 tagliare per primo il traguardo dopo due giorni, 12 ore, 31 minuti e 21 secondi di battaglia serrata. Un risultato che gli vale un posto nel gotha della vela mondiale \u2013 perch\u00e9 entrare allo YCM non \u00e8 cosa per tutti. La fortuna, qui, non basta: l\u2019adesione \u00e8 esclusiva, e come spiega il sito ufficiale del club, \u00abchiunque desideri diventare membro dello YCM deve essere presentato da due soci dello YCM\u00bb. La candidatura viene poi approvata direttamente dal Principe Alberto II.<\/p>\n\n<p>Remon Vos fa dunque parte di un circolo esclusivo, che conta oltre 2.500 membri e che fu fondato ufficialmente nel 1953 dal Principe Ranieri III. <a href=\"https:\/\/www.monaco-tribune.com\/2023\/07\/il-etait-une-fois-le-yacht-club-de-monaco-retour-sur-70-ans-dhistoire\/\">Convinto che<\/a> \u00abil futuro di Monaco sia rivolto al mare\u00bb, il Sovrano volle allora fare dello YCM uno dei pilastri dello sviluppo del porto del Principato. Negli anni, le regate e gli eventi si sono moltiplicati, mentre una nuova generazione di velisti \u00e8 cresciuta all\u2019interno della scuola di vela. Nel 1984, il Principe Alberto II \u00e8 stato nominato presidente del club, promuovendo in particolare lo yachting tradizionale \u2013 con il lancio, dieci anni dopo, della Monaco Classic Week. Nel 2014 \u00e8 stato inaugurato il nuovo Club House, firmato dal celebre architetto Lord Norman Foster.<\/p>\n\n<p>Ma lo YCM \u00e8 pi\u00f9 di un club di vela, pi\u00f9 di un\u2019opera architettonica, pi\u00f9 di un punto di riferimento della vita monegasca. \u00ab\u00c8 un luogo di vita\u00bb, <a href=\"https:\/\/www.monaco-tribune.com\/2023\/07\/bernard-dalessandri-le-yacht-club-de-monaco-nest-pas-un-yacht-club-traditionnel-cest-un-lieu-de-vie\/\">spiegava sulle nostre pagine<\/a> nel 2023 Bernard d\u2019Alessandri, segretario generale del club, secondo cui \u00abpossiamo misurare il dinamismo del club attraverso i suoi volontari: per ogni regata contiamo tra i 50 e i 100 volontari. (&#8230;) Dopo 70 anni, il club resta dinamico, giovane, pieno di speranze, innovazione e progetti\u00bb. Lo YCM, il cui motto \u00e8 \u00abuno spirito, una squadra, un club\u00bb, annovera tra i suoi membri pi\u00f9 celebri Pierre Casiraghi, figlio della Principessa Carolina, <a href=\"https:\/\/www.monaco-tribune.com\/2025\/07\/pierre-casiraghi-et-le-yacht-club-de-monaco-remportent-ladmirals-cup-2025\/\">vincitore con Peter Harrison della Admiral\u2019s Cup 2025<\/a>; il miliardario cipriota e residente monegasco John Christodoulou; e il velista <a href=\"https:\/\/www.monaco-tribune.com\/2025\/01\/10e-vendee-globe-entre-resilience-et-conquete-des-oceans-retour-sur-la-traversee-remarquable-de-boris-herrmann\/\">Boris Herrmann<\/a>, che ha partecipato alla Vend\u00e9e Globe con <em>Seaexplorer \u2013 Yacht Club de Monaco<\/em>.<\/p>\n<div class=\"wp-block-image\">\n<figure class=\"aligncenter size-large\"><img loading=\"lazy\" decoding=\"async\" width=\"1024\" height=\"683\" src=\"https:\/\/www.monaco-tribune.com\/wp-content\/uploads\/2025\/08\/black-jack-remon-vos-yacht-club-de-monaco-1024x683.jpg\" alt=\"\" class=\"wp-image-311413\" srcset=\"https:\/\/www.monaco-tribune.com\/wp-content\/uploads\/2025\/08\/black-jack-remon-vos-yacht-club-de-monaco-1024x683.jpg 1024w, https:\/\/www.monaco-tribune.com\/wp-content\/uploads\/2025\/08\/black-jack-remon-vos-yacht-club-de-monaco-450x300.jpg 450w, https:\/\/www.monaco-tribune.com\/wp-content\/uploads\/2025\/08\/black-jack-remon-vos-yacht-club-de-monaco.jpg 1200w\" sizes=\"auto, (max-width: 1024px) 100vw, 1024px\" \/><figcaption class=\"wp-element-caption\"><em>\u00a9 YCM<\/em><\/figcaption><\/figure>\n<\/div>\n<h2 class=\"wp-block-heading\" id=\"h-une-figure-montante-de-la-vie-monegasque-nbsp\">Una figura emergente della vita monegasca?<\/h2>\n\n<p>Quando varca le porte dello YCM, Remon Vos \u00e8 certamente in buona compagnia, anche se lo fa solo quando il suo fitto calendario glielo permette. Dividendo il suo tempo tra l\u2019Europa centrale, i Paesi Bassi e Monaco, il dirigente si definisce un \u00absenza ufficio fisso\u00bb, costantemente in viaggio d\u2019affari, passando da un jet privato all\u2019altro per concludere nuove trattative e far crescere il suo impero. A Monaco, come a Praga o Amsterdam, bisogna armarsi di pazienza per riuscire a incrociare il miliardario, le cui apparizioni pubbliche sono tanto rare quanto osservate.<\/p>\n\n<p>Attento a coltivare una rete di altissimo livello tra finanza, immobiliare e sport, Vos incarna meglio di chiunque altro questa nuova generazione di miliardari europei: internazionali, impegnati, lucidi e orientati alla sostenibilit\u00e0. E se i suoi progetti di investimento o mecenatismo nel Principato sono ancora in via di definizione, Vos \u00e8 senza dubbio una delle figure emergenti della vita monegasca. Da tenere d\u2019occhio, dunque, sia sulla terraferma che in volo&#8230; e naturalmente in mare.<\/p>\n","protected":false},"excerpt":{"rendered":"<p>Tanto riservato quanto influente, il miliardario e appassionato di yachting Remon Vos \u00e8 alla guida di un impero nel settore [&hellip;]<\/p>\n","protected":false},"author":78,"featured_media":311411,"comment_status":"closed","ping_status":"closed","sticky":false,"template":"","format":"standard","meta":{"_acf_changed":false,"footnotes":""},"categories":[1739,1826,1738],"tags":[4934],"post_sectags":[],"post_format":[2480],"class_list":["post-312727","post","type-post","status-publish","format-standard","has-post-thumbnail","hentry","category-business-it","category-la-nostra-scelta","category-notizie","tag-personalita","format-profilo"],"acf":[],"yoast_head":"<!-- This site is optimized with the Yoast SEO Premium plugin v27.5 (Yoast SEO v27.5) - https:\/\/yoast.com\/product\/yoast-seo-premium-wordpress\/ -->\n<title>Remon Vos: un magnate della logistica, appassionato di vela e legato a Monaco<\/title>\n<meta name=\"description\" content=\"Tanto riservato quanto influente, il miliardario e appassionato di yachting Remon Vos \u00e8 alla guida di un impero nel settore della logistica e\" \/>\n<meta name=\"robots\" content=\"index, follow, max-snippet:-1, max-image-preview:large, max-video-preview:-1\" \/>\n<link rel=\"canonical\" href=\"https:\/\/www.monaco-tribune.com\/it\/2025\/09\/remon-vos-un-magnate-della-logistica-appassionato-di-vela-e-legato-a-monaco\/\" \/>\n<meta property=\"og:locale\" content=\"it_IT\" \/>\n<meta property=\"og:type\" content=\"article\" \/>\n<meta property=\"og:title\" content=\"Remon Vos: un magnate della logistica, appassionato di vela e legato a Monaco - Monaco Tribune\" \/>\n<meta property=\"og:description\" content=\"Tanto riservato quanto influente, il miliardario e appassionato di yachting Remon Vos \u00e8 alla guida di un impero nel settore della logistica e\" \/>\n<meta property=\"og:url\" content=\"https:\/\/www.monaco-tribune.com\/it\/2025\/09\/remon-vos-un-magnate-della-logistica-appassionato-di-vela-e-legato-a-monaco\/\" \/>\n<meta property=\"og:site_name\" content=\"Monaco Tribune\" \/>\n<meta property=\"article:publisher\" content=\"https:\/\/www.facebook.com\/MonacoTribune\" \/>\n<meta property=\"article:published_time\" content=\"2025-09-05T08:50:25+00:00\" \/>\n<meta property=\"article:modified_time\" content=\"2025-09-05T08:50:39+00:00\" \/>\n<meta property=\"og:image\" content=\"https:\/\/www.monaco-tribune.com\/wp-content\/uploads\/2025\/08\/remon-vos.jpeg\" \/>\n\t<meta property=\"og:image:width\" content=\"800\" \/>\n\t<meta property=\"og:image:height\" content=\"522\" \/>\n\t<meta property=\"og:image:type\" content=\"image\/jpeg\" \/>\n<meta name=\"author\" content=\"Mark Linden\" \/>\n<meta name=\"twitter:card\" content=\"summary_large_image\" \/>\n<meta name=\"twitter:creator\" content=\"@MonacoTribune\" \/>\n<meta name=\"twitter:site\" content=\"@MonacoTribune\" \/>\n<script type=\"application\/ld+json\" class=\"yoast-schema-graph\">{\"@context\":\"https:\\\/\\\/schema.org\",\"@graph\":[{\"@type\":\"NewsArticle\",\"@id\":\"https:\\\/\\\/www.monaco-tribune.com\\\/it\\\/2025\\\/09\\\/remon-vos-un-magnate-della-logistica-appassionato-di-vela-e-legato-a-monaco\\\/#article\",\"isPartOf\":{\"@id\":\"https:\\\/\\\/www.monaco-tribune.com\\\/it\\\/2025\\\/09\\\/remon-vos-un-magnate-della-logistica-appassionato-di-vela-e-legato-a-monaco\\\/\"},\"author\":{\"name\":\"Mark Linden\",\"@id\":\"https:\\\/\\\/www.monaco-tribune.com\\\/it\\\/#\\\/schema\\\/person\\\/3796f08c04a1ae0bf5db7629e63acc06\"},\"headline\":\"Remon Vos: un magnate della logistica, appassionato di vela e legato a Monaco\",\"datePublished\":\"2025-09-05T08:50:25+00:00\",\"dateModified\":\"2025-09-05T08:50:39+00:00\",\"mainEntityOfPage\":{\"@id\":\"https:\\\/\\\/www.monaco-tribune.com\\\/it\\\/2025\\\/09\\\/remon-vos-un-magnate-della-logistica-appassionato-di-vela-e-legato-a-monaco\\\/\"},\"wordCount\":1692,\"publisher\":{\"@id\":\"https:\\\/\\\/www.monaco-tribune.com\\\/it\\\/#organization\"},\"image\":{\"@id\":\"https:\\\/\\\/www.monaco-tribune.com\\\/it\\\/2025\\\/09\\\/remon-vos-un-magnate-della-logistica-appassionato-di-vela-e-legato-a-monaco\\\/#primaryimage\"},\"thumbnailUrl\":\"https:\\\/\\\/www.monaco-tribune.com\\\/wp-content\\\/uploads\\\/2025\\\/08\\\/remon-vos.jpeg\",\"keywords\":[\"Personalit\u00e0\"],\"articleSection\":[\"Business\",\"La nostra scelta\",\"Notizie\"],\"inLanguage\":\"it-IT\",\"copyrightYear\":\"2025\",\"copyrightHolder\":{\"@id\":\"https:\\\/\\\/www.monaco-tribune.com\\\/#organization\"}},{\"@type\":\"WebPage\",\"@id\":\"https:\\\/\\\/www.monaco-tribune.com\\\/it\\\/2025\\\/09\\\/remon-vos-un-magnate-della-logistica-appassionato-di-vela-e-legato-a-monaco\\\/\",\"url\":\"https:\\\/\\\/www.monaco-tribune.com\\\/it\\\/2025\\\/09\\\/remon-vos-un-magnate-della-logistica-appassionato-di-vela-e-legato-a-monaco\\\/\",\"name\":\"Remon Vos: un magnate della logistica, appassionato di vela e legato a Monaco\",\"isPartOf\":{\"@id\":\"https:\\\/\\\/www.monaco-tribune.com\\\/it\\\/#website\"},\"primaryImageOfPage\":{\"@id\":\"https:\\\/\\\/www.monaco-tribune.com\\\/it\\\/2025\\\/09\\\/remon-vos-un-magnate-della-logistica-appassionato-di-vela-e-legato-a-monaco\\\/#primaryimage\"},\"image\":{\"@id\":\"https:\\\/\\\/www.monaco-tribune.com\\\/it\\\/2025\\\/09\\\/remon-vos-un-magnate-della-logistica-appassionato-di-vela-e-legato-a-monaco\\\/#primaryimage\"},\"thumbnailUrl\":\"https:\\\/\\\/www.monaco-tribune.com\\\/wp-content\\\/uploads\\\/2025\\\/08\\\/remon-vos.jpeg\",\"datePublished\":\"2025-09-05T08:50:25+00:00\",\"dateModified\":\"2025-09-05T08:50:39+00:00\",\"description\":\"Tanto riservato quanto influente, il miliardario e appassionato di yachting Remon Vos \u00e8 alla guida di un impero nel settore della logistica e\",\"breadcrumb\":{\"@id\":\"https:\\\/\\\/www.monaco-tribune.com\\\/it\\\/2025\\\/09\\\/remon-vos-un-magnate-della-logistica-appassionato-di-vela-e-legato-a-monaco\\\/#breadcrumb\"},\"inLanguage\":\"it-IT\",\"potentialAction\":[{\"@type\":\"ReadAction\",\"target\":[\"https:\\\/\\\/www.monaco-tribune.com\\\/it\\\/2025\\\/09\\\/remon-vos-un-magnate-della-logistica-appassionato-di-vela-e-legato-a-monaco\\\/\"]}]},{\"@type\":\"ImageObject\",\"inLanguage\":\"it-IT\",\"@id\":\"https:\\\/\\\/www.monaco-tribune.com\\\/it\\\/2025\\\/09\\\/remon-vos-un-magnate-della-logistica-appassionato-di-vela-e-legato-a-monaco\\\/#primaryimage\",\"url\":\"https:\\\/\\\/www.monaco-tribune.com\\\/wp-content\\\/uploads\\\/2025\\\/08\\\/remon-vos.jpeg\",\"contentUrl\":\"https:\\\/\\\/www.monaco-tribune.com\\\/wp-content\\\/uploads\\\/2025\\\/08\\\/remon-vos.jpeg\",\"width\":800,\"height\":522,\"caption\":\"Remon Vos via LinkedIn\"},{\"@type\":\"BreadcrumbList\",\"@id\":\"https:\\\/\\\/www.monaco-tribune.com\\\/it\\\/2025\\\/09\\\/remon-vos-un-magnate-della-logistica-appassionato-di-vela-e-legato-a-monaco\\\/#breadcrumb\",\"itemListElement\":[{\"@type\":\"ListItem\",\"position\":1,\"name\":\"Accueil\",\"item\":\"https:\\\/\\\/www.monaco-tribune.com\\\/it\\\/\"},{\"@type\":\"ListItem\",\"position\":2,\"name\":\"Remon Vos: un magnate della logistica, appassionato di vela e legato a Monaco\"}]},{\"@type\":\"WebSite\",\"@id\":\"https:\\\/\\\/www.monaco-tribune.com\\\/it\\\/#website\",\"url\":\"https:\\\/\\\/www.monaco-tribune.com\\\/it\\\/\",\"name\":\"Monaco Tribune\",\"description\":\"Monaco : actualit\u00e9s \u00e9conomiques, politiques, culturelles et sportives de Monaco et de la French Riviera.\",\"publisher\":{\"@id\":\"https:\\\/\\\/www.monaco-tribune.com\\\/it\\\/#organization\"},\"potentialAction\":[{\"@type\":\"SearchAction\",\"target\":{\"@type\":\"EntryPoint\",\"urlTemplate\":\"https:\\\/\\\/www.monaco-tribune.com\\\/it\\\/?s={search_term_string}\"},\"query-input\":{\"@type\":\"PropertyValueSpecification\",\"valueRequired\":true,\"valueName\":\"search_term_string\"}}],\"inLanguage\":\"it-IT\"},{\"@type\":\"Organization\",\"@id\":\"https:\\\/\\\/www.monaco-tribune.com\\\/it\\\/#organization\",\"name\":\"Monaco Tribune\",\"url\":\"https:\\\/\\\/www.monaco-tribune.com\\\/it\\\/\",\"logo\":{\"@type\":\"ImageObject\",\"inLanguage\":\"it-IT\",\"@id\":\"https:\\\/\\\/www.monaco-tribune.com\\\/it\\\/#\\\/schema\\\/logo\\\/image\\\/\",\"url\":\"https:\\\/\\\/www.monaco-tribune.com\\\/wp-content\\\/uploads\\\/2022\\\/11\\\/logo-monaco-tribune.png\",\"contentUrl\":\"https:\\\/\\\/www.monaco-tribune.com\\\/wp-content\\\/uploads\\\/2022\\\/11\\\/logo-monaco-tribune.png\",\"width\":1548,\"height\":600,\"caption\":\"Monaco Tribune\"},\"image\":{\"@id\":\"https:\\\/\\\/www.monaco-tribune.com\\\/it\\\/#\\\/schema\\\/logo\\\/image\\\/\"},\"sameAs\":[\"https:\\\/\\\/www.facebook.com\\\/MonacoTribune\",\"https:\\\/\\\/x.com\\\/MonacoTribune\",\"https:\\\/\\\/www.instagram.com\\\/monacotribune\\\/\",\"https:\\\/\\\/www.linkedin.com\\\/company\\\/monaco-tribune\",\"https:\\\/\\\/www.youtube.com\\\/channel\\\/UCHle1MnG6hw1y4lWKijVbMA\"]},{\"@type\":\"Person\",\"@id\":\"https:\\\/\\\/www.monaco-tribune.com\\\/it\\\/#\\\/schema\\\/person\\\/3796f08c04a1ae0bf5db7629e63acc06\",\"name\":\"Mark Linden\",\"image\":{\"@type\":\"ImageObject\",\"inLanguage\":\"it-IT\",\"@id\":\"https:\\\/\\\/secure.gravatar.com\\\/avatar\\\/d0130c037315ebbab849176573fa4be49bb085b56b56eef40dfdebd8b0dab200?s=96&d=mm&r=g\",\"url\":\"https:\\\/\\\/secure.gravatar.com\\\/avatar\\\/d0130c037315ebbab849176573fa4be49bb085b56b56eef40dfdebd8b0dab200?s=96&d=mm&r=g\",\"contentUrl\":\"https:\\\/\\\/secure.gravatar.com\\\/avatar\\\/d0130c037315ebbab849176573fa4be49bb085b56b56eef40dfdebd8b0dab200?s=96&d=mm&r=g\",\"caption\":\"Mark Linden\"},\"url\":\"https:\\\/\\\/www.monaco-tribune.com\\\/it\\\/author\\\/nielslinden\\\/\"}]}<\/script>\n<!-- \/ Yoast SEO Premium plugin. -->","yoast_head_json":{"title":"Remon Vos: un magnate della logistica, appassionato di vela e legato a Monaco","description":"Tanto riservato quanto influente, il miliardario e appassionato di yachting Remon Vos \u00e8 alla guida di un impero nel settore della logistica e","robots":{"index":"index","follow":"follow","max-snippet":"max-snippet:-1","max-image-preview":"max-image-preview:large","max-video-preview":"max-video-preview:-1"},"canonical":"https:\/\/www.monaco-tribune.com\/it\/2025\/09\/remon-vos-un-magnate-della-logistica-appassionato-di-vela-e-legato-a-monaco\/","og_locale":"it_IT","og_type":"article","og_title":"Remon Vos: un magnate della logistica, appassionato di vela e legato a Monaco - Monaco Tribune","og_description":"Tanto riservato quanto influente, il miliardario e appassionato di yachting Remon Vos \u00e8 alla guida di un impero nel settore della logistica e","og_url":"https:\/\/www.monaco-tribune.com\/it\/2025\/09\/remon-vos-un-magnate-della-logistica-appassionato-di-vela-e-legato-a-monaco\/","og_site_name":"Monaco Tribune","article_publisher":"https:\/\/www.facebook.com\/MonacoTribune","article_published_time":"2025-09-05T08:50:25+00:00","article_modified_time":"2025-09-05T08:50:39+00:00","og_image":[{"width":800,"height":522,"url":"https:\/\/www.monaco-tribune.com\/wp-content\/uploads\/2025\/08\/remon-vos.jpeg","type":"image\/jpeg"}],"author":"Mark Linden","twitter_card":"summary_large_image","twitter_creator":"@MonacoTribune","twitter_site":"@MonacoTribune","schema":{"@context":"https:\/\/schema.org","@graph":[{"@type":"NewsArticle","@id":"https:\/\/www.monaco-tribune.com\/it\/2025\/09\/remon-vos-un-magnate-della-logistica-appassionato-di-vela-e-legato-a-monaco\/#article","isPartOf":{"@id":"https:\/\/www.monaco-tribune.com\/it\/2025\/09\/remon-vos-un-magnate-della-logistica-appassionato-di-vela-e-legato-a-monaco\/"},"author":{"name":"Mark Linden","@id":"https:\/\/www.monaco-tribune.com\/it\/#\/schema\/person\/3796f08c04a1ae0bf5db7629e63acc06"},"headline":"Remon Vos: un magnate della logistica, appassionato di vela e legato a Monaco","datePublished":"2025-09-05T08:50:25+00:00","dateModified":"2025-09-05T08:50:39+00:00","mainEntityOfPage":{"@id":"https:\/\/www.monaco-tribune.com\/it\/2025\/09\/remon-vos-un-magnate-della-logistica-appassionato-di-vela-e-legato-a-monaco\/"},"wordCount":1692,"publisher":{"@id":"https:\/\/www.monaco-tribune.com\/it\/#organization"},"image":{"@id":"https:\/\/www.monaco-tribune.com\/it\/2025\/09\/remon-vos-un-magnate-della-logistica-appassionato-di-vela-e-legato-a-monaco\/#primaryimage"},"thumbnailUrl":"https:\/\/www.monaco-tribune.com\/wp-content\/uploads\/2025\/08\/remon-vos.jpeg","keywords":["Personalit\u00e0"],"articleSection":["Business","La nostra scelta","Notizie"],"inLanguage":"it-IT","copyrightYear":"2025","copyrightHolder":{"@id":"https:\/\/www.monaco-tribune.com\/#organization"}},{"@type":"WebPage","@id":"https:\/\/www.monaco-tribune.com\/it\/2025\/09\/remon-vos-un-magnate-della-logistica-appassionato-di-vela-e-legato-a-monaco\/","url":"https:\/\/www.monaco-tribune.com\/it\/2025\/09\/remon-vos-un-magnate-della-logistica-appassionato-di-vela-e-legato-a-monaco\/","name":"Remon Vos: un magnate della logistica, appassionato di vela e legato a Monaco","isPartOf":{"@id":"https:\/\/www.monaco-tribune.com\/it\/#website"},"primaryImageOfPage":{"@id":"https:\/\/www.monaco-tribune.com\/it\/2025\/09\/remon-vos-un-magnate-della-logistica-appassionato-di-vela-e-legato-a-monaco\/#primaryimage"},"image":{"@id":"https:\/\/www.monaco-tribune.com\/it\/2025\/09\/remon-vos-un-magnate-della-logistica-appassionato-di-vela-e-legato-a-monaco\/#primaryimage"},"thumbnailUrl":"https:\/\/www.monaco-tribune.com\/wp-content\/uploads\/2025\/08\/remon-vos.jpeg","datePublished":"2025-09-05T08:50:25+00:00","dateModified":"2025-09-05T08:50:39+00:00","description":"Tanto riservato quanto influente, il miliardario e appassionato di yachting Remon Vos \u00e8 alla guida di un impero nel settore della logistica e","breadcrumb":{"@id":"https:\/\/www.monaco-tribune.com\/it\/2025\/09\/remon-vos-un-magnate-della-logistica-appassionato-di-vela-e-legato-a-monaco\/#breadcrumb"},"inLanguage":"it-IT","potentialAction":[{"@type":"ReadAction","target":["https:\/\/www.monaco-tribune.com\/it\/2025\/09\/remon-vos-un-magnate-della-logistica-appassionato-di-vela-e-legato-a-monaco\/"]}]},{"@type":"ImageObject","inLanguage":"it-IT","@id":"https:\/\/www.monaco-tribune.com\/it\/2025\/09\/remon-vos-un-magnate-della-logistica-appassionato-di-vela-e-legato-a-monaco\/#primaryimage","url":"https:\/\/www.monaco-tribune.com\/wp-content\/uploads\/2025\/08\/remon-vos.jpeg","contentUrl":"https:\/\/www.monaco-tribune.com\/wp-content\/uploads\/2025\/08\/remon-vos.jpeg","width":800,"height":522,"caption":"Remon Vos via LinkedIn"},{"@type":"BreadcrumbList","@id":"https:\/\/www.monaco-tribune.com\/it\/2025\/09\/remon-vos-un-magnate-della-logistica-appassionato-di-vela-e-legato-a-monaco\/#breadcrumb","itemListElement":[{"@type":"ListItem","position":1,"name":"Accueil","item":"https:\/\/www.monaco-tribune.com\/it\/"},{"@type":"ListItem","position":2,"name":"Remon Vos: un magnate della logistica, appassionato di vela e legato a Monaco"}]},{"@type":"WebSite","@id":"https:\/\/www.monaco-tribune.com\/it\/#website","url":"https:\/\/www.monaco-tribune.com\/it\/","name":"Monaco Tribune","description":"Monaco : actualit\u00e9s \u00e9conomiques, politiques, culturelles et sportives de Monaco et de la French Riviera.","publisher":{"@id":"https:\/\/www.monaco-tribune.com\/it\/#organization"},"potentialAction":[{"@type":"SearchAction","target":{"@type":"EntryPoint","urlTemplate":"https:\/\/www.monaco-tribune.com\/it\/?s={search_term_string}"},"query-input":{"@type":"PropertyValueSpecification","valueRequired":true,"valueName":"search_term_string"}}],"inLanguage":"it-IT"},{"@type":"Organization","@id":"https:\/\/www.monaco-tribune.com\/it\/#organization","name":"Monaco Tribune","url":"https:\/\/www.monaco-tribune.com\/it\/","logo":{"@type":"ImageObject","inLanguage":"it-IT","@id":"https:\/\/www.monaco-tribune.com\/it\/#\/schema\/logo\/image\/","url":"https:\/\/www.monaco-tribune.com\/wp-content\/uploads\/2022\/11\/logo-monaco-tribune.png","contentUrl":"https:\/\/www.monaco-tribune.com\/wp-content\/uploads\/2022\/11\/logo-monaco-tribune.png","width":1548,"height":600,"caption":"Monaco Tribune"},"image":{"@id":"https:\/\/www.monaco-tribune.com\/it\/#\/schema\/logo\/image\/"},"sameAs":["https:\/\/www.facebook.com\/MonacoTribune","https:\/\/x.com\/MonacoTribune","https:\/\/www.instagram.com\/monacotribune\/","https:\/\/www.linkedin.com\/company\/monaco-tribune","https:\/\/www.youtube.com\/channel\/UCHle1MnG6hw1y4lWKijVbMA"]},{"@type":"Person","@id":"https:\/\/www.monaco-tribune.com\/it\/#\/schema\/person\/3796f08c04a1ae0bf5db7629e63acc06","name":"Mark Linden","image":{"@type":"ImageObject","inLanguage":"it-IT","@id":"https:\/\/secure.gravatar.com\/avatar\/d0130c037315ebbab849176573fa4be49bb085b56b56eef40dfdebd8b0dab200?s=96&d=mm&r=g","url":"https:\/\/secure.gravatar.com\/avatar\/d0130c037315ebbab849176573fa4be49bb085b56b56eef40dfdebd8b0dab200?s=96&d=mm&r=g","contentUrl":"https:\/\/secure.gravatar.com\/avatar\/d0130c037315ebbab849176573fa4be49bb085b56b56eef40dfdebd8b0dab200?s=96&d=mm&r=g","caption":"Mark Linden"},"url":"https:\/\/www.monaco-tribune.com\/it\/author\/nielslinden\/"}]}},"_links":{"self":[{"href":"https:\/\/www.monaco-tribune.com\/it\/wp-json\/wp\/v2\/posts\/312727","targetHints":{"allow":["GET"]}}],"collection":[{"href":"https:\/\/www.monaco-tribune.com\/it\/wp-json\/wp\/v2\/posts"}],"about":[{"href":"https:\/\/www.monaco-tribune.com\/it\/wp-json\/wp\/v2\/types\/post"}],"author":[{"embeddable":true,"href":"https:\/\/www.monaco-tribune.com\/it\/wp-json\/wp\/v2\/users\/78"}],"replies":[{"embeddable":true,"href":"https:\/\/www.monaco-tribune.com\/it\/wp-json\/wp\/v2\/comments?post=312727"}],"version-history":[{"count":2,"href":"https:\/\/www.monaco-tribune.com\/it\/wp-json\/wp\/v2\/posts\/312727\/revisions"}],"predecessor-version":[{"id":312730,"href":"https:\/\/www.monaco-tribune.com\/it\/wp-json\/wp\/v2\/posts\/312727\/revisions\/312730"}],"wp:featuredmedia":[{"embeddable":true,"href":"https:\/\/www.monaco-tribune.com\/it\/wp-json\/wp\/v2\/media\/311411"}],"wp:attachment":[{"href":"https:\/\/www.monaco-tribune.com\/it\/wp-json\/wp\/v2\/media?parent=312727"}],"wp:term":[{"taxonomy":"category","embeddable":true,"href":"https:\/\/www.monaco-tribune.com\/it\/wp-json\/wp\/v2\/categories?post=312727"},{"taxonomy":"post_tag","embeddable":true,"href":"https:\/\/www.monaco-tribune.com\/it\/wp-json\/wp\/v2\/tags?post=312727"},{"taxonomy":"sectag","embeddable":true,"href":"https:\/\/www.monaco-tribune.com\/it\/wp-json\/wp\/v2\/post_sectags?post=312727"},{"taxonomy":"format","embeddable":true,"href":"https:\/\/www.monaco-tribune.com\/it\/wp-json\/wp\/v2\/post_format?post=312727"}],"curies":[{"name":"wp","href":"https:\/\/api.w.org\/{rel}","templated":true}]}}