{"id":312782,"date":"2025-09-05T12:05:02","date_gmt":"2025-09-05T10:05:02","guid":{"rendered":"https:\/\/www.monaco-tribune.com\/2025\/09\/la-principessa-charlene-rende-omaggio-a-giorgio-armani-stilista-del-suo-iconico-abito-da-sposa\/"},"modified":"2025-09-05T12:05:08","modified_gmt":"2025-09-05T10:05:08","slug":"la-principessa-charlene-rende-omaggio-a-giorgio-armani-stilista-del-suo-iconico-abito-da-sposa","status":"publish","type":"post","link":"https:\/\/www.monaco-tribune.com\/it\/2025\/09\/la-principessa-charlene-rende-omaggio-a-giorgio-armani-stilista-del-suo-iconico-abito-da-sposa\/","title":{"rendered":"La Principessa Charl\u00e8ne rende omaggio a Giorgio Armani, stilista del suo iconico abito da sposa"},"content":{"rendered":"\n<p><strong>Giorgio Armani, il leggendario couturier italiano, \u00e8 morto gioved\u00ec all&#8217;et\u00e0 di 91 anni, chiudendo una carriera eccezionale segnata da uno stretto legame con il Principato.<\/strong><\/p>\n\n<p>In un messaggio carico di emozione pubblicato sulla pagina ufficiale del Palazzo Principesco, la Principessa Charl\u00e8ne ha espresso il suo cordoglio: \u00ab\u00c8 con grande tristezza che il Principe ed io abbiamo appreso della scomparsa di Giorgio Armani. Figura emblematica del mondo della moda, ha creato e plasmato tendenze che hanno influenzato intere generazioni\u00bb.<\/p>\n\n<p>La testimonianza della Principessa ricorda con particolare tenerezza un momento indimenticabile della storia monegasca: \u00abTra la ricchezza delle sue creazioni c&#8217;era anche il mio abito da sposa, nel luglio 2011\u00bb. Questo abito ormai iconico rimane una delle creazioni pi\u00f9 fotografate e ammirate dello stilista, simbolo dell&#8217;eleganza senza tempo che caratterizza il lavoro di Armani.<\/p>\n<div class=\"wp-block-image\">\n<figure class=\"aligncenter size-large\"><img loading=\"lazy\" decoding=\"async\" width=\"768\" height=\"1024\" src=\"https:\/\/www.monaco-tribune.com\/wp-content\/uploads\/2025\/09\/giorgio-armani-768x1024.jpg\" alt=\"Giorgio Armani\" class=\"wp-image-312658\" srcset=\"https:\/\/www.monaco-tribune.com\/wp-content\/uploads\/2025\/09\/giorgio-armani-768x1024.jpg 768w, https:\/\/www.monaco-tribune.com\/wp-content\/uploads\/2025\/09\/giorgio-armani-225x300.jpg 225w, https:\/\/www.monaco-tribune.com\/wp-content\/uploads\/2025\/09\/giorgio-armani.jpg 1000w\" sizes=\"auto, (max-width: 768px) 100vw, 768px\" \/><figcaption class=\"wp-element-caption\"><em>\u00a9 Patrick Demarchelier<\/em><\/figcaption><\/figure>\n<\/div>\n<h2 class=\"wp-block-heading\" id=\"h-une-presence-remarquee-en-principaute\">Una forte presenza nel Principato<\/h2>\n\n<p>Armani \u00e8 sbarcato a Monaco nel 2020 con <a href=\"https:\/\/www.monaco-tribune.com\/it\/2020\/09\/giorgio-armani-conquista-il-principato\/\">l&#8217;apertura di una boutique di 150 m\u00b2 nell&#8217;H\u00f4tel Hermitage di Monte-Carlo<\/a>. Lo stilista ha progettato personalmente la disposizione degli interni, rispettando l&#8217;architettura Belle \u00c9poque dell&#8217;edificio. La casa di moda italiana ha scelto <a href=\"https:\/\/www.monaco-tribune.com\/2020\/05\/le-pilote-de-f1-charles-leclerc-nouveau-visage-de-giorgio-armani\/\">Charles Leclerc come ambasciatore<\/a> del marchio per rafforzare i legami tra l&#8217;impero Armani e il Principato. Il pilota monegasco si \u00e8 detto &#8220;immensamente onorato&#8221; di essere stato scelto per rappresentare l&#8217;iconico marchio.<\/p>\n\n<p class=\"related\"><a href=\"https:\/\/www.monaco-tribune.com\/it\/2025\/05\/lutto-e-commozione-dopo-la-morte-di-un-giovane-cestista-dellas-monaco-in-un-tragico-incidente\/\">Lutto e commozione dopo la morte di un giovane cestista dell\u2019AS Monaco in un tragico incidente<\/a><\/p>\n\n<h2 class=\"wp-block-heading\" id=\"h-un-grand-passionne-de-basketball\">Un grande appassionato di basket<\/h2>\n\n<p>Oltre alla moda, Giorgio Armani aveva una passione sfrenata per il basket. Anche l&#8217;AS Monaco Basket ha reso omaggio allo stilista, ricordando che Armani dal 2008 era il proprietario dell&#8217;Olimpia Milano, avversario abituale in Eurolega. <\/p>\n\n<p>I due club si sono affrontati nel marzo 2024 a Monaco, con lo stilista che ha fatto una notevole apparizione sugli spalti. <em>\u00ab<\/em>L&#8217;AS Monaco Basketball piange la perdita di Giorgio Armani e manda le sue sincere condoglianze alla famiglia dell&#8217;Olimpia Milano\u00bb.<\/p>\n<div class=\"wp-block-image\">\n<figure class=\"aligncenter size-large\"><img loading=\"lazy\" decoding=\"async\" width=\"819\" height=\"1024\" src=\"https:\/\/www.monaco-tribune.com\/wp-content\/uploads\/2025\/09\/giorgio-armani-1-819x1024.jpg\" alt=\"Giorgio Armani\" class=\"wp-image-312662\" srcset=\"https:\/\/www.monaco-tribune.com\/wp-content\/uploads\/2025\/09\/giorgio-armani-1-819x1024.jpg 819w, https:\/\/www.monaco-tribune.com\/wp-content\/uploads\/2025\/09\/giorgio-armani-1-240x300.jpg 240w, https:\/\/www.monaco-tribune.com\/wp-content\/uploads\/2025\/09\/giorgio-armani-1.jpg 1080w\" sizes=\"auto, (max-width: 819px) 100vw, 819px\" \/><figcaption class=\"wp-element-caption\"><em>Giorgio Armani con Alekszej Fedoricsev, presidente dell&#8217;AS Monaco Basket \u00a9 AS Monaco Basket<\/em><\/figcaption><\/figure>\n<\/div><div class=\"wp-block-image\">\n<figure class=\"aligncenter size-large\"><img loading=\"lazy\" decoding=\"async\" width=\"1024\" height=\"1024\" src=\"https:\/\/www.monaco-tribune.com\/wp-content\/uploads\/2025\/09\/giorgio-armani-as-monaco-basket-1024x1024.jpg\" alt=\"\" class=\"wp-image-312707\" srcset=\"https:\/\/www.monaco-tribune.com\/wp-content\/uploads\/2025\/09\/giorgio-armani-as-monaco-basket-1024x1024.jpg 1024w, https:\/\/www.monaco-tribune.com\/wp-content\/uploads\/2025\/09\/giorgio-armani-as-monaco-basket-300x300.jpg 300w, https:\/\/www.monaco-tribune.com\/wp-content\/uploads\/2025\/09\/giorgio-armani-as-monaco-basket.jpg 1200w\" sizes=\"auto, (max-width: 1024px) 100vw, 1024px\" \/><figcaption class=\"wp-element-caption\"><em>Giorgio Armani con Alekszej Fedoricsev \u00a9 Direzione della Comunicazione<\/em><\/figcaption><\/figure>\n<\/div>\n<p>Secondo le sue ultime volont\u00e0, sabato e domenica dalle 9 alle 18 sar\u00e0 aperta al pubblico una camera ardente presso l&#8217;Armani\/Teatro di via Bergognone 59, per consentire a tutto il mondo di dare l&#8217;ultimo saluto.<\/p>\n","protected":false},"excerpt":{"rendered":"<p>Giorgio Armani, il leggendario couturier italiano, \u00e8 morto gioved\u00ec all&#8217;et\u00e0 di 91 anni, chiudendo una carriera eccezionale segnata da uno [&hellip;]<\/p>\n","protected":false},"author":80,"featured_media":312703,"comment_status":"closed","ping_status":"closed","sticky":false,"template":"","format":"standard","meta":{"_acf_changed":false,"footnotes":""},"categories":[1826,1738,1752],"tags":[4934],"post_sectags":[],"post_format":[2478],"class_list":["post-312782","post","type-post","status-publish","format-standard","has-post-thumbnail","hentry","category-la-nostra-scelta","category-notizie","category-societa","tag-personalita","format-notizia"],"acf":[],"yoast_head":"<!-- This site is optimized with the Yoast SEO Premium plugin v27.5 (Yoast SEO v27.5) - https:\/\/yoast.com\/product\/yoast-seo-premium-wordpress\/ -->\n<title>La Principessa Charl\u00e8ne rende omaggio a Giorgio Armani, stilista del suo iconico abito da sposa<\/title>\n<meta name=\"description\" content=\"Giorgio Armani, il leggendario couturier italiano, \u00e8 morto gioved\u00ec all&#039;et\u00e0 di 91 anni, chiudendo una carriera eccezionale segnata da uno stretto legame\" \/>\n<meta name=\"robots\" content=\"index, follow, max-snippet:-1, max-image-preview:large, max-video-preview:-1\" \/>\n<link rel=\"canonical\" href=\"https:\/\/www.monaco-tribune.com\/it\/2025\/09\/la-principessa-charlene-rende-omaggio-a-giorgio-armani-stilista-del-suo-iconico-abito-da-sposa\/\" \/>\n<meta property=\"og:locale\" content=\"it_IT\" \/>\n<meta property=\"og:type\" content=\"article\" \/>\n<meta property=\"og:title\" content=\"La Principessa Charl\u00e8ne rende omaggio a Giorgio Armani, stilista del suo iconico abito da sposa - Monaco Tribune\" \/>\n<meta property=\"og:description\" content=\"Giorgio Armani, il leggendario couturier italiano, \u00e8 morto gioved\u00ec all&#039;et\u00e0 di 91 anni, chiudendo una carriera eccezionale segnata da uno stretto legame\" \/>\n<meta property=\"og:url\" content=\"https:\/\/www.monaco-tribune.com\/it\/2025\/09\/la-principessa-charlene-rende-omaggio-a-giorgio-armani-stilista-del-suo-iconico-abito-da-sposa\/\" \/>\n<meta property=\"og:site_name\" content=\"Monaco Tribune\" \/>\n<meta property=\"article:publisher\" content=\"https:\/\/www.facebook.com\/MonacoTribune\" \/>\n<meta property=\"article:published_time\" content=\"2025-09-05T10:05:02+00:00\" \/>\n<meta property=\"article:modified_time\" content=\"2025-09-05T10:05:08+00:00\" \/>\n<meta property=\"og:image\" content=\"https:\/\/www.monaco-tribune.com\/wp-content\/uploads\/2025\/09\/giorgio-armandi-monaco.jpg\" \/>\n\t<meta property=\"og:image:width\" content=\"1000\" \/>\n\t<meta property=\"og:image:height\" content=\"646\" \/>\n\t<meta property=\"og:image:type\" content=\"image\/jpeg\" \/>\n<meta name=\"author\" content=\"Estelle Imbert\" \/>\n<meta name=\"twitter:card\" content=\"summary_large_image\" \/>\n<meta name=\"twitter:creator\" content=\"@MonacoTribune\" \/>\n<meta name=\"twitter:site\" content=\"@MonacoTribune\" \/>\n<script type=\"application\/ld+json\" class=\"yoast-schema-graph\">{\"@context\":\"https:\\\/\\\/schema.org\",\"@graph\":[{\"@type\":\"NewsArticle\",\"@id\":\"https:\\\/\\\/www.monaco-tribune.com\\\/it\\\/2025\\\/09\\\/la-principessa-charlene-rende-omaggio-a-giorgio-armani-stilista-del-suo-iconico-abito-da-sposa\\\/#article\",\"isPartOf\":{\"@id\":\"https:\\\/\\\/www.monaco-tribune.com\\\/it\\\/2025\\\/09\\\/la-principessa-charlene-rende-omaggio-a-giorgio-armani-stilista-del-suo-iconico-abito-da-sposa\\\/\"},\"author\":{\"name\":\"Estelle Imbert\",\"@id\":\"https:\\\/\\\/www.monaco-tribune.com\\\/it\\\/#\\\/schema\\\/person\\\/55ce91a070ff78e15ec1817376669bf4\"},\"headline\":\"La Principessa Charl\u00e8ne rende omaggio a Giorgio Armani, stilista del suo iconico abito da sposa\",\"datePublished\":\"2025-09-05T10:05:02+00:00\",\"dateModified\":\"2025-09-05T10:05:08+00:00\",\"mainEntityOfPage\":{\"@id\":\"https:\\\/\\\/www.monaco-tribune.com\\\/it\\\/2025\\\/09\\\/la-principessa-charlene-rende-omaggio-a-giorgio-armani-stilista-del-suo-iconico-abito-da-sposa\\\/\"},\"wordCount\":386,\"publisher\":{\"@id\":\"https:\\\/\\\/www.monaco-tribune.com\\\/it\\\/#organization\"},\"image\":{\"@id\":\"https:\\\/\\\/www.monaco-tribune.com\\\/it\\\/2025\\\/09\\\/la-principessa-charlene-rende-omaggio-a-giorgio-armani-stilista-del-suo-iconico-abito-da-sposa\\\/#primaryimage\"},\"thumbnailUrl\":\"https:\\\/\\\/www.monaco-tribune.com\\\/wp-content\\\/uploads\\\/2025\\\/09\\\/giorgio-armandi-monaco.jpg\",\"keywords\":[\"Personalit\u00e0\"],\"articleSection\":[\"La nostra scelta\",\"Notizie\",\"Societ\u00e0\"],\"inLanguage\":\"it-IT\",\"copyrightYear\":\"2025\",\"copyrightHolder\":{\"@id\":\"https:\\\/\\\/www.monaco-tribune.com\\\/#organization\"}},{\"@type\":\"WebPage\",\"@id\":\"https:\\\/\\\/www.monaco-tribune.com\\\/it\\\/2025\\\/09\\\/la-principessa-charlene-rende-omaggio-a-giorgio-armani-stilista-del-suo-iconico-abito-da-sposa\\\/\",\"url\":\"https:\\\/\\\/www.monaco-tribune.com\\\/it\\\/2025\\\/09\\\/la-principessa-charlene-rende-omaggio-a-giorgio-armani-stilista-del-suo-iconico-abito-da-sposa\\\/\",\"name\":\"La Principessa Charl\u00e8ne rende omaggio a Giorgio Armani, stilista del suo iconico abito da sposa\",\"isPartOf\":{\"@id\":\"https:\\\/\\\/www.monaco-tribune.com\\\/it\\\/#website\"},\"primaryImageOfPage\":{\"@id\":\"https:\\\/\\\/www.monaco-tribune.com\\\/it\\\/2025\\\/09\\\/la-principessa-charlene-rende-omaggio-a-giorgio-armani-stilista-del-suo-iconico-abito-da-sposa\\\/#primaryimage\"},\"image\":{\"@id\":\"https:\\\/\\\/www.monaco-tribune.com\\\/it\\\/2025\\\/09\\\/la-principessa-charlene-rende-omaggio-a-giorgio-armani-stilista-del-suo-iconico-abito-da-sposa\\\/#primaryimage\"},\"thumbnailUrl\":\"https:\\\/\\\/www.monaco-tribune.com\\\/wp-content\\\/uploads\\\/2025\\\/09\\\/giorgio-armandi-monaco.jpg\",\"datePublished\":\"2025-09-05T10:05:02+00:00\",\"dateModified\":\"2025-09-05T10:05:08+00:00\",\"description\":\"Giorgio Armani, il leggendario couturier italiano, \u00e8 morto gioved\u00ec all'et\u00e0 di 91 anni, chiudendo una carriera eccezionale segnata da uno stretto legame\",\"breadcrumb\":{\"@id\":\"https:\\\/\\\/www.monaco-tribune.com\\\/it\\\/2025\\\/09\\\/la-principessa-charlene-rende-omaggio-a-giorgio-armani-stilista-del-suo-iconico-abito-da-sposa\\\/#breadcrumb\"},\"inLanguage\":\"it-IT\",\"potentialAction\":[{\"@type\":\"ReadAction\",\"target\":[\"https:\\\/\\\/www.monaco-tribune.com\\\/it\\\/2025\\\/09\\\/la-principessa-charlene-rende-omaggio-a-giorgio-armani-stilista-del-suo-iconico-abito-da-sposa\\\/\"]}]},{\"@type\":\"ImageObject\",\"inLanguage\":\"it-IT\",\"@id\":\"https:\\\/\\\/www.monaco-tribune.com\\\/it\\\/2025\\\/09\\\/la-principessa-charlene-rende-omaggio-a-giorgio-armani-stilista-del-suo-iconico-abito-da-sposa\\\/#primaryimage\",\"url\":\"https:\\\/\\\/www.monaco-tribune.com\\\/wp-content\\\/uploads\\\/2025\\\/09\\\/giorgio-armandi-monaco.jpg\",\"contentUrl\":\"https:\\\/\\\/www.monaco-tribune.com\\\/wp-content\\\/uploads\\\/2025\\\/09\\\/giorgio-armandi-monaco.jpg\",\"width\":1000,\"height\":646,\"caption\":\"Giorgio Armani con la Principessa Charl\u00e8ne e il Principe Alberto II \u00a9 Patrick Demarchelier\"},{\"@type\":\"BreadcrumbList\",\"@id\":\"https:\\\/\\\/www.monaco-tribune.com\\\/it\\\/2025\\\/09\\\/la-principessa-charlene-rende-omaggio-a-giorgio-armani-stilista-del-suo-iconico-abito-da-sposa\\\/#breadcrumb\",\"itemListElement\":[{\"@type\":\"ListItem\",\"position\":1,\"name\":\"Accueil\",\"item\":\"https:\\\/\\\/www.monaco-tribune.com\\\/it\\\/\"},{\"@type\":\"ListItem\",\"position\":2,\"name\":\"La Principessa Charl\u00e8ne rende omaggio a Giorgio Armani, stilista del suo iconico abito da sposa\"}]},{\"@type\":\"WebSite\",\"@id\":\"https:\\\/\\\/www.monaco-tribune.com\\\/it\\\/#website\",\"url\":\"https:\\\/\\\/www.monaco-tribune.com\\\/it\\\/\",\"name\":\"Monaco Tribune\",\"description\":\"Monaco : actualit\u00e9s \u00e9conomiques, politiques, culturelles et sportives de Monaco et de la French Riviera.\",\"publisher\":{\"@id\":\"https:\\\/\\\/www.monaco-tribune.com\\\/it\\\/#organization\"},\"potentialAction\":[{\"@type\":\"SearchAction\",\"target\":{\"@type\":\"EntryPoint\",\"urlTemplate\":\"https:\\\/\\\/www.monaco-tribune.com\\\/it\\\/?s={search_term_string}\"},\"query-input\":{\"@type\":\"PropertyValueSpecification\",\"valueRequired\":true,\"valueName\":\"search_term_string\"}}],\"inLanguage\":\"it-IT\"},{\"@type\":\"Organization\",\"@id\":\"https:\\\/\\\/www.monaco-tribune.com\\\/it\\\/#organization\",\"name\":\"Monaco Tribune\",\"url\":\"https:\\\/\\\/www.monaco-tribune.com\\\/it\\\/\",\"logo\":{\"@type\":\"ImageObject\",\"inLanguage\":\"it-IT\",\"@id\":\"https:\\\/\\\/www.monaco-tribune.com\\\/it\\\/#\\\/schema\\\/logo\\\/image\\\/\",\"url\":\"https:\\\/\\\/www.monaco-tribune.com\\\/wp-content\\\/uploads\\\/2022\\\/11\\\/logo-monaco-tribune.png\",\"contentUrl\":\"https:\\\/\\\/www.monaco-tribune.com\\\/wp-content\\\/uploads\\\/2022\\\/11\\\/logo-monaco-tribune.png\",\"width\":1548,\"height\":600,\"caption\":\"Monaco Tribune\"},\"image\":{\"@id\":\"https:\\\/\\\/www.monaco-tribune.com\\\/it\\\/#\\\/schema\\\/logo\\\/image\\\/\"},\"sameAs\":[\"https:\\\/\\\/www.facebook.com\\\/MonacoTribune\",\"https:\\\/\\\/x.com\\\/MonacoTribune\",\"https:\\\/\\\/www.instagram.com\\\/monacotribune\\\/\",\"https:\\\/\\\/www.linkedin.com\\\/company\\\/monaco-tribune\",\"https:\\\/\\\/www.youtube.com\\\/channel\\\/UCHle1MnG6hw1y4lWKijVbMA\"]},{\"@type\":\"Person\",\"@id\":\"https:\\\/\\\/www.monaco-tribune.com\\\/it\\\/#\\\/schema\\\/person\\\/55ce91a070ff78e15ec1817376669bf4\",\"name\":\"Estelle Imbert\",\"image\":{\"@type\":\"ImageObject\",\"inLanguage\":\"it-IT\",\"@id\":\"https:\\\/\\\/secure.gravatar.com\\\/avatar\\\/d2e1a3840b1138a669d04f6292bbd810f7f730844d7a28a8e8c4c6da40e79852?s=96&d=mm&r=g\",\"url\":\"https:\\\/\\\/secure.gravatar.com\\\/avatar\\\/d2e1a3840b1138a669d04f6292bbd810f7f730844d7a28a8e8c4c6da40e79852?s=96&d=mm&r=g\",\"contentUrl\":\"https:\\\/\\\/secure.gravatar.com\\\/avatar\\\/d2e1a3840b1138a669d04f6292bbd810f7f730844d7a28a8e8c4c6da40e79852?s=96&d=mm&r=g\",\"caption\":\"Estelle Imbert\"},\"url\":\"https:\\\/\\\/www.monaco-tribune.com\\\/it\\\/author\\\/estelleimbert\\\/\"}]}<\/script>\n<!-- \/ Yoast SEO Premium plugin. -->","yoast_head_json":{"title":"La Principessa Charl\u00e8ne rende omaggio a Giorgio Armani, stilista del suo iconico abito da sposa","description":"Giorgio Armani, il leggendario couturier italiano, \u00e8 morto gioved\u00ec all'et\u00e0 di 91 anni, chiudendo una carriera eccezionale segnata da uno stretto legame","robots":{"index":"index","follow":"follow","max-snippet":"max-snippet:-1","max-image-preview":"max-image-preview:large","max-video-preview":"max-video-preview:-1"},"canonical":"https:\/\/www.monaco-tribune.com\/it\/2025\/09\/la-principessa-charlene-rende-omaggio-a-giorgio-armani-stilista-del-suo-iconico-abito-da-sposa\/","og_locale":"it_IT","og_type":"article","og_title":"La Principessa Charl\u00e8ne rende omaggio a Giorgio Armani, stilista del suo iconico abito da sposa - Monaco Tribune","og_description":"Giorgio Armani, il leggendario couturier italiano, \u00e8 morto gioved\u00ec all'et\u00e0 di 91 anni, chiudendo una carriera eccezionale segnata da uno stretto legame","og_url":"https:\/\/www.monaco-tribune.com\/it\/2025\/09\/la-principessa-charlene-rende-omaggio-a-giorgio-armani-stilista-del-suo-iconico-abito-da-sposa\/","og_site_name":"Monaco Tribune","article_publisher":"https:\/\/www.facebook.com\/MonacoTribune","article_published_time":"2025-09-05T10:05:02+00:00","article_modified_time":"2025-09-05T10:05:08+00:00","og_image":[{"width":1000,"height":646,"url":"https:\/\/www.monaco-tribune.com\/wp-content\/uploads\/2025\/09\/giorgio-armandi-monaco.jpg","type":"image\/jpeg"}],"author":"Estelle Imbert","twitter_card":"summary_large_image","twitter_creator":"@MonacoTribune","twitter_site":"@MonacoTribune","schema":{"@context":"https:\/\/schema.org","@graph":[{"@type":"NewsArticle","@id":"https:\/\/www.monaco-tribune.com\/it\/2025\/09\/la-principessa-charlene-rende-omaggio-a-giorgio-armani-stilista-del-suo-iconico-abito-da-sposa\/#article","isPartOf":{"@id":"https:\/\/www.monaco-tribune.com\/it\/2025\/09\/la-principessa-charlene-rende-omaggio-a-giorgio-armani-stilista-del-suo-iconico-abito-da-sposa\/"},"author":{"name":"Estelle Imbert","@id":"https:\/\/www.monaco-tribune.com\/it\/#\/schema\/person\/55ce91a070ff78e15ec1817376669bf4"},"headline":"La Principessa Charl\u00e8ne rende omaggio a Giorgio Armani, stilista del suo iconico abito da sposa","datePublished":"2025-09-05T10:05:02+00:00","dateModified":"2025-09-05T10:05:08+00:00","mainEntityOfPage":{"@id":"https:\/\/www.monaco-tribune.com\/it\/2025\/09\/la-principessa-charlene-rende-omaggio-a-giorgio-armani-stilista-del-suo-iconico-abito-da-sposa\/"},"wordCount":386,"publisher":{"@id":"https:\/\/www.monaco-tribune.com\/it\/#organization"},"image":{"@id":"https:\/\/www.monaco-tribune.com\/it\/2025\/09\/la-principessa-charlene-rende-omaggio-a-giorgio-armani-stilista-del-suo-iconico-abito-da-sposa\/#primaryimage"},"thumbnailUrl":"https:\/\/www.monaco-tribune.com\/wp-content\/uploads\/2025\/09\/giorgio-armandi-monaco.jpg","keywords":["Personalit\u00e0"],"articleSection":["La nostra scelta","Notizie","Societ\u00e0"],"inLanguage":"it-IT","copyrightYear":"2025","copyrightHolder":{"@id":"https:\/\/www.monaco-tribune.com\/#organization"}},{"@type":"WebPage","@id":"https:\/\/www.monaco-tribune.com\/it\/2025\/09\/la-principessa-charlene-rende-omaggio-a-giorgio-armani-stilista-del-suo-iconico-abito-da-sposa\/","url":"https:\/\/www.monaco-tribune.com\/it\/2025\/09\/la-principessa-charlene-rende-omaggio-a-giorgio-armani-stilista-del-suo-iconico-abito-da-sposa\/","name":"La Principessa Charl\u00e8ne rende omaggio a Giorgio Armani, stilista del suo iconico abito da sposa","isPartOf":{"@id":"https:\/\/www.monaco-tribune.com\/it\/#website"},"primaryImageOfPage":{"@id":"https:\/\/www.monaco-tribune.com\/it\/2025\/09\/la-principessa-charlene-rende-omaggio-a-giorgio-armani-stilista-del-suo-iconico-abito-da-sposa\/#primaryimage"},"image":{"@id":"https:\/\/www.monaco-tribune.com\/it\/2025\/09\/la-principessa-charlene-rende-omaggio-a-giorgio-armani-stilista-del-suo-iconico-abito-da-sposa\/#primaryimage"},"thumbnailUrl":"https:\/\/www.monaco-tribune.com\/wp-content\/uploads\/2025\/09\/giorgio-armandi-monaco.jpg","datePublished":"2025-09-05T10:05:02+00:00","dateModified":"2025-09-05T10:05:08+00:00","description":"Giorgio Armani, il leggendario couturier italiano, \u00e8 morto gioved\u00ec all'et\u00e0 di 91 anni, chiudendo una carriera eccezionale segnata da uno stretto legame","breadcrumb":{"@id":"https:\/\/www.monaco-tribune.com\/it\/2025\/09\/la-principessa-charlene-rende-omaggio-a-giorgio-armani-stilista-del-suo-iconico-abito-da-sposa\/#breadcrumb"},"inLanguage":"it-IT","potentialAction":[{"@type":"ReadAction","target":["https:\/\/www.monaco-tribune.com\/it\/2025\/09\/la-principessa-charlene-rende-omaggio-a-giorgio-armani-stilista-del-suo-iconico-abito-da-sposa\/"]}]},{"@type":"ImageObject","inLanguage":"it-IT","@id":"https:\/\/www.monaco-tribune.com\/it\/2025\/09\/la-principessa-charlene-rende-omaggio-a-giorgio-armani-stilista-del-suo-iconico-abito-da-sposa\/#primaryimage","url":"https:\/\/www.monaco-tribune.com\/wp-content\/uploads\/2025\/09\/giorgio-armandi-monaco.jpg","contentUrl":"https:\/\/www.monaco-tribune.com\/wp-content\/uploads\/2025\/09\/giorgio-armandi-monaco.jpg","width":1000,"height":646,"caption":"Giorgio Armani con la Principessa Charl\u00e8ne e il Principe Alberto II \u00a9 Patrick Demarchelier"},{"@type":"BreadcrumbList","@id":"https:\/\/www.monaco-tribune.com\/it\/2025\/09\/la-principessa-charlene-rende-omaggio-a-giorgio-armani-stilista-del-suo-iconico-abito-da-sposa\/#breadcrumb","itemListElement":[{"@type":"ListItem","position":1,"name":"Accueil","item":"https:\/\/www.monaco-tribune.com\/it\/"},{"@type":"ListItem","position":2,"name":"La Principessa Charl\u00e8ne rende omaggio a Giorgio Armani, stilista del suo iconico abito da sposa"}]},{"@type":"WebSite","@id":"https:\/\/www.monaco-tribune.com\/it\/#website","url":"https:\/\/www.monaco-tribune.com\/it\/","name":"Monaco Tribune","description":"Monaco : actualit\u00e9s \u00e9conomiques, politiques, culturelles et sportives de Monaco et de la French Riviera.","publisher":{"@id":"https:\/\/www.monaco-tribune.com\/it\/#organization"},"potentialAction":[{"@type":"SearchAction","target":{"@type":"EntryPoint","urlTemplate":"https:\/\/www.monaco-tribune.com\/it\/?s={search_term_string}"},"query-input":{"@type":"PropertyValueSpecification","valueRequired":true,"valueName":"search_term_string"}}],"inLanguage":"it-IT"},{"@type":"Organization","@id":"https:\/\/www.monaco-tribune.com\/it\/#organization","name":"Monaco Tribune","url":"https:\/\/www.monaco-tribune.com\/it\/","logo":{"@type":"ImageObject","inLanguage":"it-IT","@id":"https:\/\/www.monaco-tribune.com\/it\/#\/schema\/logo\/image\/","url":"https:\/\/www.monaco-tribune.com\/wp-content\/uploads\/2022\/11\/logo-monaco-tribune.png","contentUrl":"https:\/\/www.monaco-tribune.com\/wp-content\/uploads\/2022\/11\/logo-monaco-tribune.png","width":1548,"height":600,"caption":"Monaco Tribune"},"image":{"@id":"https:\/\/www.monaco-tribune.com\/it\/#\/schema\/logo\/image\/"},"sameAs":["https:\/\/www.facebook.com\/MonacoTribune","https:\/\/x.com\/MonacoTribune","https:\/\/www.instagram.com\/monacotribune\/","https:\/\/www.linkedin.com\/company\/monaco-tribune","https:\/\/www.youtube.com\/channel\/UCHle1MnG6hw1y4lWKijVbMA"]},{"@type":"Person","@id":"https:\/\/www.monaco-tribune.com\/it\/#\/schema\/person\/55ce91a070ff78e15ec1817376669bf4","name":"Estelle Imbert","image":{"@type":"ImageObject","inLanguage":"it-IT","@id":"https:\/\/secure.gravatar.com\/avatar\/d2e1a3840b1138a669d04f6292bbd810f7f730844d7a28a8e8c4c6da40e79852?s=96&d=mm&r=g","url":"https:\/\/secure.gravatar.com\/avatar\/d2e1a3840b1138a669d04f6292bbd810f7f730844d7a28a8e8c4c6da40e79852?s=96&d=mm&r=g","contentUrl":"https:\/\/secure.gravatar.com\/avatar\/d2e1a3840b1138a669d04f6292bbd810f7f730844d7a28a8e8c4c6da40e79852?s=96&d=mm&r=g","caption":"Estelle Imbert"},"url":"https:\/\/www.monaco-tribune.com\/it\/author\/estelleimbert\/"}]}},"_links":{"self":[{"href":"https:\/\/www.monaco-tribune.com\/it\/wp-json\/wp\/v2\/posts\/312782","targetHints":{"allow":["GET"]}}],"collection":[{"href":"https:\/\/www.monaco-tribune.com\/it\/wp-json\/wp\/v2\/posts"}],"about":[{"href":"https:\/\/www.monaco-tribune.com\/it\/wp-json\/wp\/v2\/types\/post"}],"author":[{"embeddable":true,"href":"https:\/\/www.monaco-tribune.com\/it\/wp-json\/wp\/v2\/users\/80"}],"replies":[{"embeddable":true,"href":"https:\/\/www.monaco-tribune.com\/it\/wp-json\/wp\/v2\/comments?post=312782"}],"version-history":[{"count":2,"href":"https:\/\/www.monaco-tribune.com\/it\/wp-json\/wp\/v2\/posts\/312782\/revisions"}],"predecessor-version":[{"id":312785,"href":"https:\/\/www.monaco-tribune.com\/it\/wp-json\/wp\/v2\/posts\/312782\/revisions\/312785"}],"wp:featuredmedia":[{"embeddable":true,"href":"https:\/\/www.monaco-tribune.com\/it\/wp-json\/wp\/v2\/media\/312703"}],"wp:attachment":[{"href":"https:\/\/www.monaco-tribune.com\/it\/wp-json\/wp\/v2\/media?parent=312782"}],"wp:term":[{"taxonomy":"category","embeddable":true,"href":"https:\/\/www.monaco-tribune.com\/it\/wp-json\/wp\/v2\/categories?post=312782"},{"taxonomy":"post_tag","embeddable":true,"href":"https:\/\/www.monaco-tribune.com\/it\/wp-json\/wp\/v2\/tags?post=312782"},{"taxonomy":"sectag","embeddable":true,"href":"https:\/\/www.monaco-tribune.com\/it\/wp-json\/wp\/v2\/post_sectags?post=312782"},{"taxonomy":"format","embeddable":true,"href":"https:\/\/www.monaco-tribune.com\/it\/wp-json\/wp\/v2\/post_format?post=312782"}],"curies":[{"name":"wp","href":"https:\/\/api.w.org\/{rel}","templated":true}]}}