{"id":312796,"date":"2025-09-05T12:39:03","date_gmt":"2025-09-05T10:39:03","guid":{"rendered":"https:\/\/www.monaco-tribune.com\/2025\/09\/divieto-degli-smartphone-divise-salute-mentale-5-punti-chiave-da-ricordare-per-linizio-del-nuovo-anno-scolastico-a-monaco\/"},"modified":"2025-09-05T12:39:09","modified_gmt":"2025-09-05T10:39:09","slug":"divieto-degli-smartphone-divise-salute-mentale-5-punti-chiave-da-ricordare-per-linizio-del-nuovo-anno-scolastico-a-monaco","status":"publish","type":"post","link":"https:\/\/www.monaco-tribune.com\/it\/2025\/09\/divieto-degli-smartphone-divise-salute-mentale-5-punti-chiave-da-ricordare-per-linizio-del-nuovo-anno-scolastico-a-monaco\/","title":{"rendered":"Divieto degli smartphone, divise, salute mentale&#8230; 5 punti chiave da ricordare per l&#8217;inizio del nuovo anno scolastico a Monaco"},"content":{"rendered":"\n<p><strong>In un contesto in cui l&#8217;ansia tra i giovani \u00e8 sempre pi\u00f9 presente, l&#8217;istruzione monegasca si concentra sul benessere e sulla concentrazione, con misure severe contro l&#8217;uso degli schermi e a favore del rafforzamento dell&#8217;identit\u00e0 collettiva.<\/strong><\/p>\n\n<h2 class=\"wp-block-heading\" id=\"h-le-lancement-du-dispositif-no-phone\"><strong>Il lancio del programma &#8220;No Phone&#8221;<\/strong><\/h2>\n\n<p>La misura pi\u00f9 importante di questo inizio anno scolastico \u00e8 un severo divieto di utilizzo dei telefoni cellulari dalla CM2 al liceo, al Charles-III, all&#8217;Albert-Ier e al Rainier III. Jean-Philippe Vinci, Direttore dell&#8217;Istruzione Nazionale, della Giovent\u00f9 e dello Sport, ha presentato uno programma innovativo: &#8220;Ogni alunno sar\u00e0 dotato di una borsa magnetica in cui riporre il proprio cellulare appena entrato a scuola. Un sistema di fissaggio magnetico impedir\u00e0 l&#8217;accesso durante la giornata scolastica&#8221;.<\/p>\n\n<p>La borsa segue il principio della &#8220;gabbia di Faraday&#8221;, impedendo qualsiasi comunicazione. Secondo Jean-Philippe Vinci, l&#8217;obiettivo \u00e8 chiaro: &#8220;Dobbiamo allontanare le nostre giovani generazioni da questo manichino digitale. Non stiamo combattendo contro lo strumento in s\u00e9, ma piuttosto contro comportamenti che vanno dalla dipendenza alla disattenzione in classe, per non parlare del cyberbullismo all&#8217;interno della scuola&#8221;.<\/p>\n\n<p>Questa misura fa parte di un pi\u00f9 ampio progetto di &#8220;coprifuoco digitale&#8221; dalle 21:30 alle 7 del mattino per gli studenti delle scuole secondarie che utilizzano i computer forniti dallo Stato. Ma fa anche parte di una riflessione generale sul posto che occupa la tecnologia nella societ\u00e0.<\/p>\n\n<blockquote class=\"wp-embedded-content\" data-secret=\"TooIpI4QbY\"><a href=\"https:\/\/www.monaco-tribune.com\/it\/2025\/09\/traffico-stradale-previsti-disagi-per-18-mesi-sulla-moyenne-corniche-alle-porte-di-monaco\/\">Traffico stradale: previsti disagi per 18 mesi sulla Moyenne Corniche alle porte di Monaco<\/a><\/blockquote><iframe class=\"wp-embedded-content\" sandbox=\"allow-scripts\" security=\"restricted\" style=\"position: absolute; visibility: hidden;\" title=\"&#8220;Traffico stradale: previsti disagi per 18 mesi sulla Moyenne Corniche alle porte di Monaco&#8221; &#8212; Monaco Tribune\" src=\"https:\/\/www.monaco-tribune.com\/it\/2025\/09\/traffico-stradale-previsti-disagi-per-18-mesi-sulla-moyenne-corniche-alle-porte-di-monaco\/embed\/#?secret=WqqzT3H2Ao#?secret=TooIpI4QbY\" data-secret=\"TooIpI4QbY\" width=\"500\" height=\"282\" frameborder=\"0\" marginwidth=\"0\" marginheight=\"0\" scrolling=\"no\"><\/iframe>\n\n<h2 class=\"wp-block-heading\" id=\"h-la-sante-mentale-et-la-technologie\"><strong>Salute mentale e tecnologia<\/strong><\/h2>\n\n<p>Il ministro dell&#8217;Interno, Lionel Beffre, ha utilizzato la conferenza stampa sul rientro a scuola per sottolineare le due principali sfide che la societ\u00e0 monegasca deve affrontare: &#8220;La prima \u00e8 legata ai cambiamenti comportamentali in una societ\u00e0 sempre pi\u00f9 violenta, in cui le molestie e i problemi di salute mentale sono motivo di preoccupazione. La seconda riguarda pi\u00f9 direttamente l&#8217;impatto dell&#8217;intelligenza artificiale sull&#8217;istruzione&#8221;.<\/p>\n\n<p>Quest&#8217;anno, il supporto psicologico sar\u00e0 intensificato con &#8220;un&#8217;introduzione sistematica allo psicologo scolastico all&#8217;inizio del nuovo anno per tutti gli alunni&#8221; e un lavoro con il CHPG per rafforzare l&#8217;ascolto e l&#8217;individuazione di situazioni di disagio.<\/p>\n\n<p>Le riflessioni sulla salute mentale e il digitale nascono dalle discussioni tra l&#8217;Associazione dei genitori degli alunni delle scuole del Principato di Monaco (<a href=\"https:\/\/www.monaco-tribune.com\/2025\/03\/lassociation-des-parents-deleves-de-monaco-a-fete-les-60-ans-de-sa-creation\/\">APEM<\/a>) e il Comitato consultivo giovanile, in cui gli alunni hanno sollevato il problema della pressione scolastica. Oltre al programma &#8220;No Phone&#8221;, saranno organizzati workshop e corsi di formazione sull&#8217;IA e sulla tecnologia digitale.<\/p>\n<div class=\"wp-block-image\">\n<figure class=\"aligncenter size-large\"><img loading=\"lazy\" decoding=\"async\" width=\"1024\" height=\"682\" src=\"https:\/\/www.monaco-tribune.com\/wp-content\/uploads\/2025\/09\/dscf2549-grande-1024x682.jpeg\" alt=\"\" class=\"wp-image-312538\" srcset=\"https:\/\/www.monaco-tribune.com\/wp-content\/uploads\/2025\/09\/dscf2549-grande-1024x682.jpeg 1024w, https:\/\/www.monaco-tribune.com\/wp-content\/uploads\/2025\/09\/dscf2549-grande-450x300.jpeg 450w, https:\/\/www.monaco-tribune.com\/wp-content\/uploads\/2025\/09\/dscf2549-grande.jpeg 1280w\" sizes=\"auto, (max-width: 1024px) 100vw, 1024px\" \/><figcaption class=\"wp-element-caption\"><em>Lionel Beffre ha dato la parola a Jean-Philippe Vinci, che ha illustrato l&#8217;anno scolastico 2025 a un pubblico di direttori scolastici, insegnanti, associazioni di genitori e stampa \u00a9 Benjamin Godart &#8211; Monaco Tribune<\/em><\/figcaption><\/figure>\n<\/div>\n<h2 class=\"wp-block-heading\" id=\"h-le-retour-de-la-tenue-vestimentaire\"><strong>Il ritorno della divisa<\/strong><\/h2>\n\n<p>Dal gennaio 2026, la scuola Charles III adotter\u00e0 una divisa uguale per tutti. &#8220;La parte superiore avr\u00e0 un logo, mentre la parte inferiore rimarr\u00e0 libera&#8221;, spiega Philippe Vinci, che intende &#8220;rafforzare l&#8217;identit\u00e0&#8221; e &#8220;l&#8217;orgoglio di appartenere a un gruppo&#8221;. Un&#8217;iniziativa sostenuta dal governo, che Lionel Beffre vede come parte di uno sforzo pi\u00f9 ampio per promuovere il rispetto dell&#8217;autorit\u00e0: &#8220;Abbiamo notato un alto livello di assenteismo, anche negli ultimi anni della scuola secondaria. \u00c8 necessario ricordare la necessit\u00e0 di essere puntuali, di frequentare regolarmente e di rispettare i compagni e gli insegnanti [&#8230;] In una societ\u00e0 spesso molto individualista, il rispetto delle regole condivise si impara e si pratica innanzitutto a scuola&#8221;.<\/p>\n\n<h2 class=\"wp-block-heading\" id=\"h-des-mathematiques-et-de-la-musique\"><strong>Matematica e musica<\/strong><\/h2>\n\n<p>Oltre alle misure disciplinari, Monaco sta mettendo in atto una strategia di innovazione che rivela le sue ambizioni. Il programma &#8220;Musica per tutti&#8221; nelle scuole materne, la collaborazione con l&#8217;Opera di Monte Carlo e la preparazione alle Olimpiadi di matematica sono solo alcuni esempi dell&#8217;impegno della scuola per l&#8217;eccellenza.<\/p>\n\n<p>Fa la sua comparsa anche una terza classe preparatoria alle professioni, con l\u2019obiettivo di \u201carrivare a un orientamento scelto e non subito\u201d, dichiara Philippe Vinci. Gli studenti interessati trascorreranno quindi cinque ore alla settimana nella scuola media e cinque ore alla settimana a conoscere il liceo tecnico e altre realt\u00e0 formative.<\/p>\n\n<blockquote class=\"wp-embedded-content\" data-secret=\"aCE9efxYZK\"><a href=\"https:\/\/www.monaco-tribune.com\/it\/2025\/07\/programma-2025-2026-lopmc-presenta-la-sua-stagione-daddio-a-kazuki-yamada\/\">Programma 2025-2026: l\u2019OPMC presenta la sua stagione d\u2019addio a Kazuki Yamada<\/a><\/blockquote><iframe class=\"wp-embedded-content\" sandbox=\"allow-scripts\" security=\"restricted\" style=\"position: absolute; visibility: hidden;\" title=\"&#8220;Programma 2025-2026: l\u2019OPMC presenta la sua stagione d\u2019addio a Kazuki Yamada&#8221; &#8212; Monaco Tribune\" src=\"https:\/\/www.monaco-tribune.com\/it\/2025\/07\/programma-2025-2026-lopmc-presenta-la-sua-stagione-daddio-a-kazuki-yamada\/embed\/#?secret=16czxEfy0Z#?secret=aCE9efxYZK\" data-secret=\"aCE9efxYZK\" width=\"500\" height=\"282\" frameborder=\"0\" marginwidth=\"0\" marginheight=\"0\" scrolling=\"no\"><\/iframe>\n\n<h2 class=\"wp-block-heading\" id=\"h-la-culture-de-l-excellence\"><strong>Una cultura dell&#8217;eccellenza<\/strong><\/h2>\n\n<p>In un momento in cui molti sistemi scolastici europei faticano a mantenere il numero di insegnanti e si trovano ad affrontare aule sempre pi\u00f9 affollate, Monaco punta sulla stabilit\u00e0 demografica per mantenere un modello di eccellenza educativa. &#8220;Un numero ragionevole di alunni per classe \u00e8 uno dei punti forti, a nostro avviso, della qualit\u00e0 dell&#8217;insegnamento offerto&#8221;, afferma Lionel Beffre, che si congratula per l&#8217;arrivo di due nuovi dirigenti scolastici, per il trasferimento temporaneo del Lyc\u00e9e Albert Ier nei locali rinnovati dell&#8217;Annonciade (ex Coll\u00e8ge Charles III) e per l&#8217;arrivo di Eurest come nuovo fornitore di servizi di ristorazione.<\/p>\n\n<p class=\"related\"><blockquote class=\"wp-embedded-content\" data-secret=\"OO3u8eyrBp\"><a href=\"https:\/\/www.monaco-tribune.com\/it\/2023\/12\/nuove-notizie-sulla-futura-scuola-internazionale-di-ventimiglia\/\">Nuove notizie sulla futura scuola internazionale di Ventimiglia<\/a><\/blockquote><iframe class=\"wp-embedded-content\" sandbox=\"allow-scripts\" security=\"restricted\" style=\"position: absolute; visibility: hidden;\" title=\"&#8220;Nuove notizie sulla futura scuola internazionale di Ventimiglia&#8221; &#8212; Monaco Tribune\" src=\"https:\/\/www.monaco-tribune.com\/it\/2023\/12\/nuove-notizie-sulla-futura-scuola-internazionale-di-ventimiglia\/embed\/#?secret=MMddb7VukB#?secret=OO3u8eyrBp\" data-secret=\"OO3u8eyrBp\" width=\"500\" height=\"282\" frameborder=\"0\" marginwidth=\"0\" marginheight=\"0\" scrolling=\"no\"><\/iframe><\/p>\n\n<p>Con <strong>5.694 studenti iscritti per l&#8217;anno scolastico 2025-2026<\/strong>, la filosofia del \u201cmeno ma meglio\u201d trova conferma in risultati che sfiorano l&#8217;eccellenza, con tassi di successo <a href=\"https:\/\/www.monaco-tribune.com\/2025\/07\/examens-2025-resultats-exceptionnels-pour-lenseignement-superieur-et-le-brevet-a-monaco\/\">vicini al 100%<\/a> nel baccalaur\u00e9at, nel BTS e nel brevet. Paradossalmente, il massiccio ricorso a insegnanti francesi distaccati (oltre il 70% degli 890 docenti) illustra l&#8217;attrattiva del Principato, che ha fatto dell&#8217;istruzione un modello di eccellenza.<\/p>\n","protected":false},"excerpt":{"rendered":"<p>In un contesto in cui l&#8217;ansia tra i giovani \u00e8 sempre pi\u00f9 presente, l&#8217;istruzione monegasca si concentra sul benessere e [&hellip;]<\/p>\n","protected":false},"author":82,"featured_media":312536,"comment_status":"closed","ping_status":"closed","sticky":false,"template":"","format":"standard","meta":{"_acf_changed":false,"footnotes":""},"categories":[1826,1738,1752],"tags":[3014],"post_sectags":[4674],"post_format":[2486],"class_list":["post-312796","post","type-post","status-publish","format-standard","has-post-thumbnail","hentry","category-la-nostra-scelta","category-notizie","category-societa","tag-infanzia","sectag-istruzione","format-servizio"],"acf":[],"yoast_head":"<!-- This site is optimized with the Yoast SEO Premium plugin v27.5 (Yoast SEO v27.5) - https:\/\/yoast.com\/product\/yoast-seo-premium-wordpress\/ -->\n<title>Divieto degli smartphone, divise, salute mentale... 5 punti chiave da ricordare per l&#039;inizio del nuovo anno scolastico a Monaco<\/title>\n<meta name=\"description\" content=\"In un contesto in cui l&#039;ansia tra i giovani \u00e8 sempre pi\u00f9 presente, l&#039;istruzione monegasca si concentra sul benessere e sulla concentrazione, con misure\" \/>\n<meta name=\"robots\" content=\"index, follow, max-snippet:-1, max-image-preview:large, max-video-preview:-1\" \/>\n<link rel=\"canonical\" href=\"https:\/\/www.monaco-tribune.com\/it\/2025\/09\/divieto-degli-smartphone-divise-salute-mentale-5-punti-chiave-da-ricordare-per-linizio-del-nuovo-anno-scolastico-a-monaco\/\" \/>\n<meta property=\"og:locale\" content=\"it_IT\" \/>\n<meta property=\"og:type\" content=\"article\" \/>\n<meta property=\"og:title\" content=\"Divieto degli smartphone, divise, salute mentale... 5 punti chiave da ricordare per l&#039;inizio del nuovo anno scolastico a Monaco - Monaco Tribune\" \/>\n<meta property=\"og:description\" content=\"In un contesto in cui l&#039;ansia tra i giovani \u00e8 sempre pi\u00f9 presente, l&#039;istruzione monegasca si concentra sul benessere e sulla concentrazione, con misure\" \/>\n<meta property=\"og:url\" content=\"https:\/\/www.monaco-tribune.com\/it\/2025\/09\/divieto-degli-smartphone-divise-salute-mentale-5-punti-chiave-da-ricordare-per-linizio-del-nuovo-anno-scolastico-a-monaco\/\" \/>\n<meta property=\"og:site_name\" content=\"Monaco Tribune\" \/>\n<meta property=\"article:publisher\" content=\"https:\/\/www.facebook.com\/MonacoTribune\" \/>\n<meta property=\"article:published_time\" content=\"2025-09-05T10:39:03+00:00\" \/>\n<meta property=\"article:modified_time\" content=\"2025-09-05T10:39:09+00:00\" \/>\n<meta property=\"og:image\" content=\"https:\/\/www.monaco-tribune.com\/wp-content\/uploads\/2025\/09\/dscf2552-grande.jpeg\" \/>\n\t<meta property=\"og:image:width\" content=\"1280\" \/>\n\t<meta property=\"og:image:height\" content=\"853\" \/>\n\t<meta property=\"og:image:type\" content=\"image\/jpeg\" \/>\n<meta name=\"author\" content=\"Benjamin Godart\" \/>\n<meta name=\"twitter:card\" content=\"summary_large_image\" \/>\n<meta name=\"twitter:creator\" content=\"@MonacoTribune\" \/>\n<meta name=\"twitter:site\" content=\"@MonacoTribune\" \/>\n<script type=\"application\/ld+json\" class=\"yoast-schema-graph\">{\"@context\":\"https:\\\/\\\/schema.org\",\"@graph\":[{\"@type\":\"NewsArticle\",\"@id\":\"https:\\\/\\\/www.monaco-tribune.com\\\/it\\\/2025\\\/09\\\/divieto-degli-smartphone-divise-salute-mentale-5-punti-chiave-da-ricordare-per-linizio-del-nuovo-anno-scolastico-a-monaco\\\/#article\",\"isPartOf\":{\"@id\":\"https:\\\/\\\/www.monaco-tribune.com\\\/it\\\/2025\\\/09\\\/divieto-degli-smartphone-divise-salute-mentale-5-punti-chiave-da-ricordare-per-linizio-del-nuovo-anno-scolastico-a-monaco\\\/\"},\"author\":{\"name\":\"Benjamin Godart\",\"@id\":\"https:\\\/\\\/www.monaco-tribune.com\\\/it\\\/#\\\/schema\\\/person\\\/d201bd3b5aa6a9405a343cb582876e6b\"},\"headline\":\"Divieto degli smartphone, divise, salute mentale&#8230; 5 punti chiave da ricordare per l&#8217;inizio del nuovo anno scolastico a Monaco\",\"datePublished\":\"2025-09-05T10:39:03+00:00\",\"dateModified\":\"2025-09-05T10:39:09+00:00\",\"mainEntityOfPage\":{\"@id\":\"https:\\\/\\\/www.monaco-tribune.com\\\/it\\\/2025\\\/09\\\/divieto-degli-smartphone-divise-salute-mentale-5-punti-chiave-da-ricordare-per-linizio-del-nuovo-anno-scolastico-a-monaco\\\/\"},\"wordCount\":854,\"publisher\":{\"@id\":\"https:\\\/\\\/www.monaco-tribune.com\\\/it\\\/#organization\"},\"image\":{\"@id\":\"https:\\\/\\\/www.monaco-tribune.com\\\/it\\\/2025\\\/09\\\/divieto-degli-smartphone-divise-salute-mentale-5-punti-chiave-da-ricordare-per-linizio-del-nuovo-anno-scolastico-a-monaco\\\/#primaryimage\"},\"thumbnailUrl\":\"https:\\\/\\\/www.monaco-tribune.com\\\/wp-content\\\/uploads\\\/2025\\\/09\\\/dscf2552-grande.jpeg\",\"keywords\":[\"Infanzia\"],\"articleSection\":[\"La nostra scelta\",\"Notizie\",\"Societ\u00e0\"],\"inLanguage\":\"it-IT\",\"copyrightYear\":\"2025\",\"copyrightHolder\":{\"@id\":\"https:\\\/\\\/www.monaco-tribune.com\\\/#organization\"}},{\"@type\":\"WebPage\",\"@id\":\"https:\\\/\\\/www.monaco-tribune.com\\\/it\\\/2025\\\/09\\\/divieto-degli-smartphone-divise-salute-mentale-5-punti-chiave-da-ricordare-per-linizio-del-nuovo-anno-scolastico-a-monaco\\\/\",\"url\":\"https:\\\/\\\/www.monaco-tribune.com\\\/it\\\/2025\\\/09\\\/divieto-degli-smartphone-divise-salute-mentale-5-punti-chiave-da-ricordare-per-linizio-del-nuovo-anno-scolastico-a-monaco\\\/\",\"name\":\"Divieto degli smartphone, divise, salute mentale... 5 punti chiave da ricordare per l'inizio del nuovo anno scolastico a Monaco\",\"isPartOf\":{\"@id\":\"https:\\\/\\\/www.monaco-tribune.com\\\/it\\\/#website\"},\"primaryImageOfPage\":{\"@id\":\"https:\\\/\\\/www.monaco-tribune.com\\\/it\\\/2025\\\/09\\\/divieto-degli-smartphone-divise-salute-mentale-5-punti-chiave-da-ricordare-per-linizio-del-nuovo-anno-scolastico-a-monaco\\\/#primaryimage\"},\"image\":{\"@id\":\"https:\\\/\\\/www.monaco-tribune.com\\\/it\\\/2025\\\/09\\\/divieto-degli-smartphone-divise-salute-mentale-5-punti-chiave-da-ricordare-per-linizio-del-nuovo-anno-scolastico-a-monaco\\\/#primaryimage\"},\"thumbnailUrl\":\"https:\\\/\\\/www.monaco-tribune.com\\\/wp-content\\\/uploads\\\/2025\\\/09\\\/dscf2552-grande.jpeg\",\"datePublished\":\"2025-09-05T10:39:03+00:00\",\"dateModified\":\"2025-09-05T10:39:09+00:00\",\"description\":\"In un contesto in cui l'ansia tra i giovani \u00e8 sempre pi\u00f9 presente, l'istruzione monegasca si concentra sul benessere e sulla concentrazione, con misure\",\"breadcrumb\":{\"@id\":\"https:\\\/\\\/www.monaco-tribune.com\\\/it\\\/2025\\\/09\\\/divieto-degli-smartphone-divise-salute-mentale-5-punti-chiave-da-ricordare-per-linizio-del-nuovo-anno-scolastico-a-monaco\\\/#breadcrumb\"},\"inLanguage\":\"it-IT\",\"potentialAction\":[{\"@type\":\"ReadAction\",\"target\":[\"https:\\\/\\\/www.monaco-tribune.com\\\/it\\\/2025\\\/09\\\/divieto-degli-smartphone-divise-salute-mentale-5-punti-chiave-da-ricordare-per-linizio-del-nuovo-anno-scolastico-a-monaco\\\/\"]}]},{\"@type\":\"ImageObject\",\"inLanguage\":\"it-IT\",\"@id\":\"https:\\\/\\\/www.monaco-tribune.com\\\/it\\\/2025\\\/09\\\/divieto-degli-smartphone-divise-salute-mentale-5-punti-chiave-da-ricordare-per-linizio-del-nuovo-anno-scolastico-a-monaco\\\/#primaryimage\",\"url\":\"https:\\\/\\\/www.monaco-tribune.com\\\/wp-content\\\/uploads\\\/2025\\\/09\\\/dscf2552-grande.jpeg\",\"contentUrl\":\"https:\\\/\\\/www.monaco-tribune.com\\\/wp-content\\\/uploads\\\/2025\\\/09\\\/dscf2552-grande.jpeg\",\"width\":1280,\"height\":853,\"caption\":\"Il sistema No Phone sar\u00e0 introdotto all'inizio del nuovo anno scolastico con una borsa apposita che sar\u00e0 distribuita a tutti gli alunni \u00a9 Benjamin Godart - Monaco Tribune\"},{\"@type\":\"BreadcrumbList\",\"@id\":\"https:\\\/\\\/www.monaco-tribune.com\\\/it\\\/2025\\\/09\\\/divieto-degli-smartphone-divise-salute-mentale-5-punti-chiave-da-ricordare-per-linizio-del-nuovo-anno-scolastico-a-monaco\\\/#breadcrumb\",\"itemListElement\":[{\"@type\":\"ListItem\",\"position\":1,\"name\":\"Accueil\",\"item\":\"https:\\\/\\\/www.monaco-tribune.com\\\/it\\\/\"},{\"@type\":\"ListItem\",\"position\":2,\"name\":\"Divieto degli smartphone, divise, salute mentale&#8230; 5 punti chiave da ricordare per l&#8217;inizio del nuovo anno scolastico a Monaco\"}]},{\"@type\":\"WebSite\",\"@id\":\"https:\\\/\\\/www.monaco-tribune.com\\\/it\\\/#website\",\"url\":\"https:\\\/\\\/www.monaco-tribune.com\\\/it\\\/\",\"name\":\"Monaco Tribune\",\"description\":\"Monaco : actualit\u00e9s \u00e9conomiques, politiques, culturelles et sportives de Monaco et de la French Riviera.\",\"publisher\":{\"@id\":\"https:\\\/\\\/www.monaco-tribune.com\\\/it\\\/#organization\"},\"potentialAction\":[{\"@type\":\"SearchAction\",\"target\":{\"@type\":\"EntryPoint\",\"urlTemplate\":\"https:\\\/\\\/www.monaco-tribune.com\\\/it\\\/?s={search_term_string}\"},\"query-input\":{\"@type\":\"PropertyValueSpecification\",\"valueRequired\":true,\"valueName\":\"search_term_string\"}}],\"inLanguage\":\"it-IT\"},{\"@type\":\"Organization\",\"@id\":\"https:\\\/\\\/www.monaco-tribune.com\\\/it\\\/#organization\",\"name\":\"Monaco Tribune\",\"url\":\"https:\\\/\\\/www.monaco-tribune.com\\\/it\\\/\",\"logo\":{\"@type\":\"ImageObject\",\"inLanguage\":\"it-IT\",\"@id\":\"https:\\\/\\\/www.monaco-tribune.com\\\/it\\\/#\\\/schema\\\/logo\\\/image\\\/\",\"url\":\"https:\\\/\\\/www.monaco-tribune.com\\\/wp-content\\\/uploads\\\/2022\\\/11\\\/logo-monaco-tribune.png\",\"contentUrl\":\"https:\\\/\\\/www.monaco-tribune.com\\\/wp-content\\\/uploads\\\/2022\\\/11\\\/logo-monaco-tribune.png\",\"width\":1548,\"height\":600,\"caption\":\"Monaco Tribune\"},\"image\":{\"@id\":\"https:\\\/\\\/www.monaco-tribune.com\\\/it\\\/#\\\/schema\\\/logo\\\/image\\\/\"},\"sameAs\":[\"https:\\\/\\\/www.facebook.com\\\/MonacoTribune\",\"https:\\\/\\\/x.com\\\/MonacoTribune\",\"https:\\\/\\\/www.instagram.com\\\/monacotribune\\\/\",\"https:\\\/\\\/www.linkedin.com\\\/company\\\/monaco-tribune\",\"https:\\\/\\\/www.youtube.com\\\/channel\\\/UCHle1MnG6hw1y4lWKijVbMA\"]},{\"@type\":\"Person\",\"@id\":\"https:\\\/\\\/www.monaco-tribune.com\\\/it\\\/#\\\/schema\\\/person\\\/d201bd3b5aa6a9405a343cb582876e6b\",\"name\":\"Benjamin Godart\",\"image\":{\"@type\":\"ImageObject\",\"inLanguage\":\"it-IT\",\"@id\":\"https:\\\/\\\/secure.gravatar.com\\\/avatar\\\/497d42825162d88d88f4d1527d8d9791abdd62e977b6ae137f2a93f8450f5286?s=96&d=mm&r=g\",\"url\":\"https:\\\/\\\/secure.gravatar.com\\\/avatar\\\/497d42825162d88d88f4d1527d8d9791abdd62e977b6ae137f2a93f8450f5286?s=96&d=mm&r=g\",\"contentUrl\":\"https:\\\/\\\/secure.gravatar.com\\\/avatar\\\/497d42825162d88d88f4d1527d8d9791abdd62e977b6ae137f2a93f8450f5286?s=96&d=mm&r=g\",\"caption\":\"Benjamin Godart\"},\"url\":\"https:\\\/\\\/www.monaco-tribune.com\\\/it\\\/author\\\/benjamingodart\\\/\"}]}<\/script>\n<!-- \/ Yoast SEO Premium plugin. -->","yoast_head_json":{"title":"Divieto degli smartphone, divise, salute mentale... 5 punti chiave da ricordare per l'inizio del nuovo anno scolastico a Monaco","description":"In un contesto in cui l'ansia tra i giovani \u00e8 sempre pi\u00f9 presente, l'istruzione monegasca si concentra sul benessere e sulla concentrazione, con misure","robots":{"index":"index","follow":"follow","max-snippet":"max-snippet:-1","max-image-preview":"max-image-preview:large","max-video-preview":"max-video-preview:-1"},"canonical":"https:\/\/www.monaco-tribune.com\/it\/2025\/09\/divieto-degli-smartphone-divise-salute-mentale-5-punti-chiave-da-ricordare-per-linizio-del-nuovo-anno-scolastico-a-monaco\/","og_locale":"it_IT","og_type":"article","og_title":"Divieto degli smartphone, divise, salute mentale... 5 punti chiave da ricordare per l'inizio del nuovo anno scolastico a Monaco - Monaco Tribune","og_description":"In un contesto in cui l'ansia tra i giovani \u00e8 sempre pi\u00f9 presente, l'istruzione monegasca si concentra sul benessere e sulla concentrazione, con misure","og_url":"https:\/\/www.monaco-tribune.com\/it\/2025\/09\/divieto-degli-smartphone-divise-salute-mentale-5-punti-chiave-da-ricordare-per-linizio-del-nuovo-anno-scolastico-a-monaco\/","og_site_name":"Monaco Tribune","article_publisher":"https:\/\/www.facebook.com\/MonacoTribune","article_published_time":"2025-09-05T10:39:03+00:00","article_modified_time":"2025-09-05T10:39:09+00:00","og_image":[{"width":1280,"height":853,"url":"https:\/\/www.monaco-tribune.com\/wp-content\/uploads\/2025\/09\/dscf2552-grande.jpeg","type":"image\/jpeg"}],"author":"Benjamin Godart","twitter_card":"summary_large_image","twitter_creator":"@MonacoTribune","twitter_site":"@MonacoTribune","schema":{"@context":"https:\/\/schema.org","@graph":[{"@type":"NewsArticle","@id":"https:\/\/www.monaco-tribune.com\/it\/2025\/09\/divieto-degli-smartphone-divise-salute-mentale-5-punti-chiave-da-ricordare-per-linizio-del-nuovo-anno-scolastico-a-monaco\/#article","isPartOf":{"@id":"https:\/\/www.monaco-tribune.com\/it\/2025\/09\/divieto-degli-smartphone-divise-salute-mentale-5-punti-chiave-da-ricordare-per-linizio-del-nuovo-anno-scolastico-a-monaco\/"},"author":{"name":"Benjamin Godart","@id":"https:\/\/www.monaco-tribune.com\/it\/#\/schema\/person\/d201bd3b5aa6a9405a343cb582876e6b"},"headline":"Divieto degli smartphone, divise, salute mentale&#8230; 5 punti chiave da ricordare per l&#8217;inizio del nuovo anno scolastico a Monaco","datePublished":"2025-09-05T10:39:03+00:00","dateModified":"2025-09-05T10:39:09+00:00","mainEntityOfPage":{"@id":"https:\/\/www.monaco-tribune.com\/it\/2025\/09\/divieto-degli-smartphone-divise-salute-mentale-5-punti-chiave-da-ricordare-per-linizio-del-nuovo-anno-scolastico-a-monaco\/"},"wordCount":854,"publisher":{"@id":"https:\/\/www.monaco-tribune.com\/it\/#organization"},"image":{"@id":"https:\/\/www.monaco-tribune.com\/it\/2025\/09\/divieto-degli-smartphone-divise-salute-mentale-5-punti-chiave-da-ricordare-per-linizio-del-nuovo-anno-scolastico-a-monaco\/#primaryimage"},"thumbnailUrl":"https:\/\/www.monaco-tribune.com\/wp-content\/uploads\/2025\/09\/dscf2552-grande.jpeg","keywords":["Infanzia"],"articleSection":["La nostra scelta","Notizie","Societ\u00e0"],"inLanguage":"it-IT","copyrightYear":"2025","copyrightHolder":{"@id":"https:\/\/www.monaco-tribune.com\/#organization"}},{"@type":"WebPage","@id":"https:\/\/www.monaco-tribune.com\/it\/2025\/09\/divieto-degli-smartphone-divise-salute-mentale-5-punti-chiave-da-ricordare-per-linizio-del-nuovo-anno-scolastico-a-monaco\/","url":"https:\/\/www.monaco-tribune.com\/it\/2025\/09\/divieto-degli-smartphone-divise-salute-mentale-5-punti-chiave-da-ricordare-per-linizio-del-nuovo-anno-scolastico-a-monaco\/","name":"Divieto degli smartphone, divise, salute mentale... 5 punti chiave da ricordare per l'inizio del nuovo anno scolastico a Monaco","isPartOf":{"@id":"https:\/\/www.monaco-tribune.com\/it\/#website"},"primaryImageOfPage":{"@id":"https:\/\/www.monaco-tribune.com\/it\/2025\/09\/divieto-degli-smartphone-divise-salute-mentale-5-punti-chiave-da-ricordare-per-linizio-del-nuovo-anno-scolastico-a-monaco\/#primaryimage"},"image":{"@id":"https:\/\/www.monaco-tribune.com\/it\/2025\/09\/divieto-degli-smartphone-divise-salute-mentale-5-punti-chiave-da-ricordare-per-linizio-del-nuovo-anno-scolastico-a-monaco\/#primaryimage"},"thumbnailUrl":"https:\/\/www.monaco-tribune.com\/wp-content\/uploads\/2025\/09\/dscf2552-grande.jpeg","datePublished":"2025-09-05T10:39:03+00:00","dateModified":"2025-09-05T10:39:09+00:00","description":"In un contesto in cui l'ansia tra i giovani \u00e8 sempre pi\u00f9 presente, l'istruzione monegasca si concentra sul benessere e sulla concentrazione, con misure","breadcrumb":{"@id":"https:\/\/www.monaco-tribune.com\/it\/2025\/09\/divieto-degli-smartphone-divise-salute-mentale-5-punti-chiave-da-ricordare-per-linizio-del-nuovo-anno-scolastico-a-monaco\/#breadcrumb"},"inLanguage":"it-IT","potentialAction":[{"@type":"ReadAction","target":["https:\/\/www.monaco-tribune.com\/it\/2025\/09\/divieto-degli-smartphone-divise-salute-mentale-5-punti-chiave-da-ricordare-per-linizio-del-nuovo-anno-scolastico-a-monaco\/"]}]},{"@type":"ImageObject","inLanguage":"it-IT","@id":"https:\/\/www.monaco-tribune.com\/it\/2025\/09\/divieto-degli-smartphone-divise-salute-mentale-5-punti-chiave-da-ricordare-per-linizio-del-nuovo-anno-scolastico-a-monaco\/#primaryimage","url":"https:\/\/www.monaco-tribune.com\/wp-content\/uploads\/2025\/09\/dscf2552-grande.jpeg","contentUrl":"https:\/\/www.monaco-tribune.com\/wp-content\/uploads\/2025\/09\/dscf2552-grande.jpeg","width":1280,"height":853,"caption":"Il sistema No Phone sar\u00e0 introdotto all'inizio del nuovo anno scolastico con una borsa apposita che sar\u00e0 distribuita a tutti gli alunni \u00a9 Benjamin Godart - Monaco Tribune"},{"@type":"BreadcrumbList","@id":"https:\/\/www.monaco-tribune.com\/it\/2025\/09\/divieto-degli-smartphone-divise-salute-mentale-5-punti-chiave-da-ricordare-per-linizio-del-nuovo-anno-scolastico-a-monaco\/#breadcrumb","itemListElement":[{"@type":"ListItem","position":1,"name":"Accueil","item":"https:\/\/www.monaco-tribune.com\/it\/"},{"@type":"ListItem","position":2,"name":"Divieto degli smartphone, divise, salute mentale&#8230; 5 punti chiave da ricordare per l&#8217;inizio del nuovo anno scolastico a Monaco"}]},{"@type":"WebSite","@id":"https:\/\/www.monaco-tribune.com\/it\/#website","url":"https:\/\/www.monaco-tribune.com\/it\/","name":"Monaco Tribune","description":"Monaco : actualit\u00e9s \u00e9conomiques, politiques, culturelles et sportives de Monaco et de la French Riviera.","publisher":{"@id":"https:\/\/www.monaco-tribune.com\/it\/#organization"},"potentialAction":[{"@type":"SearchAction","target":{"@type":"EntryPoint","urlTemplate":"https:\/\/www.monaco-tribune.com\/it\/?s={search_term_string}"},"query-input":{"@type":"PropertyValueSpecification","valueRequired":true,"valueName":"search_term_string"}}],"inLanguage":"it-IT"},{"@type":"Organization","@id":"https:\/\/www.monaco-tribune.com\/it\/#organization","name":"Monaco Tribune","url":"https:\/\/www.monaco-tribune.com\/it\/","logo":{"@type":"ImageObject","inLanguage":"it-IT","@id":"https:\/\/www.monaco-tribune.com\/it\/#\/schema\/logo\/image\/","url":"https:\/\/www.monaco-tribune.com\/wp-content\/uploads\/2022\/11\/logo-monaco-tribune.png","contentUrl":"https:\/\/www.monaco-tribune.com\/wp-content\/uploads\/2022\/11\/logo-monaco-tribune.png","width":1548,"height":600,"caption":"Monaco Tribune"},"image":{"@id":"https:\/\/www.monaco-tribune.com\/it\/#\/schema\/logo\/image\/"},"sameAs":["https:\/\/www.facebook.com\/MonacoTribune","https:\/\/x.com\/MonacoTribune","https:\/\/www.instagram.com\/monacotribune\/","https:\/\/www.linkedin.com\/company\/monaco-tribune","https:\/\/www.youtube.com\/channel\/UCHle1MnG6hw1y4lWKijVbMA"]},{"@type":"Person","@id":"https:\/\/www.monaco-tribune.com\/it\/#\/schema\/person\/d201bd3b5aa6a9405a343cb582876e6b","name":"Benjamin Godart","image":{"@type":"ImageObject","inLanguage":"it-IT","@id":"https:\/\/secure.gravatar.com\/avatar\/497d42825162d88d88f4d1527d8d9791abdd62e977b6ae137f2a93f8450f5286?s=96&d=mm&r=g","url":"https:\/\/secure.gravatar.com\/avatar\/497d42825162d88d88f4d1527d8d9791abdd62e977b6ae137f2a93f8450f5286?s=96&d=mm&r=g","contentUrl":"https:\/\/secure.gravatar.com\/avatar\/497d42825162d88d88f4d1527d8d9791abdd62e977b6ae137f2a93f8450f5286?s=96&d=mm&r=g","caption":"Benjamin Godart"},"url":"https:\/\/www.monaco-tribune.com\/it\/author\/benjamingodart\/"}]}},"_links":{"self":[{"href":"https:\/\/www.monaco-tribune.com\/it\/wp-json\/wp\/v2\/posts\/312796","targetHints":{"allow":["GET"]}}],"collection":[{"href":"https:\/\/www.monaco-tribune.com\/it\/wp-json\/wp\/v2\/posts"}],"about":[{"href":"https:\/\/www.monaco-tribune.com\/it\/wp-json\/wp\/v2\/types\/post"}],"author":[{"embeddable":true,"href":"https:\/\/www.monaco-tribune.com\/it\/wp-json\/wp\/v2\/users\/82"}],"replies":[{"embeddable":true,"href":"https:\/\/www.monaco-tribune.com\/it\/wp-json\/wp\/v2\/comments?post=312796"}],"version-history":[{"count":2,"href":"https:\/\/www.monaco-tribune.com\/it\/wp-json\/wp\/v2\/posts\/312796\/revisions"}],"predecessor-version":[{"id":312799,"href":"https:\/\/www.monaco-tribune.com\/it\/wp-json\/wp\/v2\/posts\/312796\/revisions\/312799"}],"wp:featuredmedia":[{"embeddable":true,"href":"https:\/\/www.monaco-tribune.com\/it\/wp-json\/wp\/v2\/media\/312536"}],"wp:attachment":[{"href":"https:\/\/www.monaco-tribune.com\/it\/wp-json\/wp\/v2\/media?parent=312796"}],"wp:term":[{"taxonomy":"category","embeddable":true,"href":"https:\/\/www.monaco-tribune.com\/it\/wp-json\/wp\/v2\/categories?post=312796"},{"taxonomy":"post_tag","embeddable":true,"href":"https:\/\/www.monaco-tribune.com\/it\/wp-json\/wp\/v2\/tags?post=312796"},{"taxonomy":"sectag","embeddable":true,"href":"https:\/\/www.monaco-tribune.com\/it\/wp-json\/wp\/v2\/post_sectags?post=312796"},{"taxonomy":"format","embeddable":true,"href":"https:\/\/www.monaco-tribune.com\/it\/wp-json\/wp\/v2\/post_format?post=312796"}],"curies":[{"name":"wp","href":"https:\/\/api.w.org\/{rel}","templated":true}]}}