{"id":31286,"date":"2020-07-01T10:18:41","date_gmt":"2020-07-01T08:18:41","guid":{"rendered":"https:\/\/www.monaco-tribune.com\/2020\/07\/come-il-principato-di-monaco-lotta-agli-ubriachi-al-volante\/"},"modified":"2022-06-13T18:10:37","modified_gmt":"2022-06-13T16:10:37","slug":"come-il-principato-di-monaco-lotta-agli-ubriachi-al-volante","status":"publish","type":"post","link":"https:\/\/www.monaco-tribune.com\/it\/2020\/07\/come-il-principato-di-monaco-lotta-agli-ubriachi-al-volante\/","title":{"rendered":"La lotta del Principato alla guida in stato di ebbrezza"},"content":{"rendered":"\n<p><strong>Tra prevenzione e sanzioni, come arginare il problema dell\u2019alcol al volante?<\/strong><\/p>\n\n\n\n<p>Primo dei crimini trattati al Tribunal Correctionnel di Monaco, i reati per \u201cguida in stato di ebbrezza\u201d sono sovrarappresentati. In un luogo di festa come Monaco, la guida in stato di ebbrezza \u00e8 un fenomeno che colpisce sia i giovani festaioli che le forze dell\u2019ordine. L\u2019entit\u00e0 \u00e8 tale sulla Rocca che Camille Gottlieb, figlia minore della Principessa Stephanie, ha deciso di affrontarla attraverso Be Safe, un\u2019associazione civile di prevenzione avviata nel 2017. Dal canto suo, il sistema giudiziario monegasco si \u00e8 arricchito di una pi\u00f9 ampia gamma di possibili sanzioni penali. Tra prevenzione e sanzioni, il Principato si occupa degli eccessi del piacere etilico al volante.<\/p>\n\n\n\n<h2 class=\"wp-block-heading\">La fine del lockdown e il grande ritorno dell\u2019alcol al volante<\/h2>\n\n\n\n<p>Non ci \u00e8 voluto molto perch\u00e9 la fine del lockdown facesse s\u00ec che alcuni residenti monegaschi riprendessero le loro cattive abitudini. Le udienze di rientro del Tribunal correctionnel di Monaco hanno cos\u00ec riservato un buon posto ai <a href=\"https:\/\/www.monacomatin.mc\/justice\/alcool-sur-la-route-et-autres-betises-a-laudience-de-deconfinement-516431\">casi di guida in stato di ebbrezza<\/a>; si vedono, ad esempio, un ciclista ubriaco, un croupier recidivo, ma anche <a href=\"https:\/\/www.monacomatin.mc\/faits-divers\/un-avocat-monegasque-condamne-a-de-la-prison-ferme-pour-alcool-au-volant-513562\">un avvocato difensore degli imputati nei casi famosi<\/a>. A Monaco, le guide in stato di ebbrezza riguardano i turisti, i ricchi residenti, ma anche personaggi pubblici. Con l\u2019abolizione del lockdown e l\u2019arrivo dell\u2019estate, riprende la lotta contro la guida in stato di ebbrezza.<\/p>\n\n\n\n<p>In occasione della cerimonia tradizionale dei voti di pubblica Sicurezza a gennaio, il Ministro dell\u2019Interno Patrice Cellario ha fatto <a href=\"\/?p=18112\">una panoramica della delinquenza nel Principato<\/a>. Sul fronte della delinquenza stradale i numeri sono in aumento: + 10% di reati di guida in stato di ebbrezza, + 42% di ubriachezza molesta rispetto allo scorso anno. Quanto ai numeri post lockdown, tra il 4 maggio, data di inizio del lockdown, e il 16 giugno, sei procedimenti per guida in stato di ebbrezza sono stati gestiti dalla pubblica Sicurezza. \u201c<em>Per lo stesso periodo nel 2019, sono stati avviati 8 procedimenti dal capo della CEEA\u201d<\/em> ha precisato il Governo principesco. Mentre \u201c<em>non ci sono stati rallentamenti o traboccamenti dopo questo periodo molto restrittivo\u201d,<\/em> \u00e8 probabile che la situazione cambi con le aperture dei locali notturni. Da qui la necessit\u00e0 di prevenire un problema che anche molti paesi devono affrontare: ad esempio, la guida in stato di ebbrezza \u00e8 responsabile di un terzo degli incidenti mortali in Francia.<\/p>\n\n\n\n<h2 class=\"wp-block-heading\">Le politiche coerenti con i paesi vicini<\/h2>\n\n\n\n<p><a href=\"https:\/\/www.who.int\/substance_abuse\/publications\/global_alcohol_report\/en\/\">In un rapporto pubblicato nel 2018<\/a>, l\u2019Organizzazione Mondiale di Sanit\u00e0 (OMS) osserva che il limite di alcolemia nel sangue a Monaco \u00e8 uno dei pi\u00f9 severi al mondo, con una soglia di alcolemia limitata a 0,5 g di alcol per litro di sangue. Lo stesso vale per i suoi vicini italiani e francesi.<\/p>\n\n\n\n<p>In Francia, da marzo 2019, il prefetto pu\u00f2 richiedere all\u2019imputato di usare un veicolo dotato di un dispositivo di blocco dell&#8217;accensione ad alcolici (EAD) per almeno sei mesi. Il Tribunal Correctionnel pu\u00f2 prolungare in seguito questo obbligo fino a cinque anni. Questa misura \u00e8 un\u2019alternativa alla sospensione della patente&nbsp; e consente cos\u00ec al trasgressore di continuare la sua attivit\u00e0 professionale. Tuttavia, quest\u2019ultima non \u00e8 applicabile ai trasgressori recidivi e ai trasgressori con un tasso di alcolemia superiore a 0.8g\/L nel sangue, a cui \u00e8 stata sospesa o annullata la patente.<\/p>\n\n\n\n<p>A novembre 2019, il ministro dell\u2019Agricoltura Didier Guillaume si \u00e8 dichiarato addirittura favorevole alla <a href=\"https:\/\/www.lefigaro.fr\/actualite-france\/alcool-au-volant-didier-guillaume-favorable-a-une-tolerance-zero-20191118\">tolleranza zero<\/a> in materia di guida in stato di ebbrezza. Una dichiarazione che \u00e8 stata tuttavia sminuita dall\u2019ufficio del primo ministro, che ha assicurato che una tale riduzione non era stata presa in considerazione dal governo francese.<\/p>\n\n\n\n<h2 class=\"wp-block-heading\">Le azioni di prevenzione al centro della lotta<\/h2>\n\n\n\n<p>Come stanno reagendo le diverse istituzioni monegasche per arginare questo problema? Interrogato riguardo questo argomento, il Governo principesco ha assicurato che la lotta contro la guida in stato di ebbrezza rappresenta una delle sue priorit\u00e0. Gli agenti di polizia sul posto \u201c<em>rimangono particolarmente vigili\u201d<\/em> e effettuano controlli sistemici quando la situazione lo consente: ovvero, durante i controlli dei conducenti che presentano segni di ubriachezza ma anche dopo un incidente stradale. Quando il tasso di alcolemia \u00e8 superiore al limite legale, il trasgressore \u00e8 soggetto ad un procedimento trasmesso alla Procura generale.<\/p>\n\n\n\n<blockquote class=\"wp-block-quote is-layout-flow wp-block-quote-is-layout-flow\"><p>Oggi, il nostro compito \u00e8 quello di portare avanti un\u2019azione di prevenzione per quanto riguarda il consumo di alcol.<\/p><cite>Patrice Cellario, Consigliere del Governo- Ministro dell\u2019Interno<\/cite><\/blockquote>\n\n\n\n<p>Anche se il Principato di Monaco \u00e8 in festa tutto l\u2019anno, l\u2019estate \u00e8 una stagione particolarmente prolifica per il consumo di alcol: molte sono le sere in cui le bevande alcoliche scorrono a fiumi. Cos\u00ec \u201c<em>la pubblica Sicurezza porta avanti quotidianamente azioni di prevenzione in prossimit\u00e0 di locali notturni, in particolare durante i weekend, i giorni festivi, il periodo estivo ed eventi importanti\u201d<\/em> aggiunge il Governo del Principato.<\/p>\n\n\n\n<p>\u201c<em>Oggi, il nostro compito \u00e8 di portare avanti un\u2019azione di prevenzione per quanto riguarda il consumo di alcol\u201d <\/em><a href=\"https:\/\/www.monacomatin.mc\/politique\/patrice-cellario-conseiller-ministre-de-linterieur-on-ne-prevoit-pas-de-conduire-si-on-prevoit-de-boire-403202\">aveva dichiarato<\/a> Patrice Cellario a Monaco Matin ad agosto 2019. Una prevenzione che conta molto sulle responsabilit\u00e0 di ognuno. Questo si traduce, ad esempio, con la nomina di un capitano di serata che non beve e porta a casa gli altri. In questa intervista, il consigliere-ministro dell\u2019Interno aveva anche insistito sulle facilit\u00e0 di spostamento nella Rocca, a piedi o con i mezzi pubblici.<\/p>\n\n\n\n<h2 class=\"wp-block-heading\">La risposta penale: verso l&#8217;ammorbidimento o l&#8217;indurimento?<\/h2>\n\n\n\n<p>Ma concretamente, a cosa si espongono i conducenti sorpresi a guidare sotto l&#8217;influenza dell&#8217;alcol? Abbiamo posto la domanda a Thomas Brezzo, avvocato al Tribunale di Monaco e consigliere nazionale. La guida in stato di ebbrezza pu\u00f2 comportare la sospensione della patente fino a due anni, una pena che pu\u00f2 arrivare fino a quattro anni se lo stato di ebbrezza \u00e8 provato nella condanna. In confronto, nel diritto francese, il reato per guida in stato di ebbrezza pu\u00f2 essere punito con una pena detentiva fino a due anni di reclusione e una multa di 4.500\u20ac. Possono anche essere applicate sanzioni complementari: sospensione o addirittura l\u2019annullamento della patente per un massimo di tre anni (con l\u2019impossibilit\u00e0 di richiedere una nuova patente), divieto di guidare determinati veicoli per un massimo di cinque anni, una multa di un giorno o un corso di sensibilizzazione alla sicurezza stradale.<\/p>\n\n\n\n<p>Pertanto, <a href=\"https:\/\/www.conseil-national.mc\/2019\/10\/30\/1478-loi-du-12-novembre-2019-portant-modification-de-certaines-dispositions-relatives-aux-peines\/\">il testo prevede<\/a> \u201c<em>l\u2019abolizione della pena detentiva per le infrazioni, l&#8217;introduzione della pena detentiva giornaliera e l&#8217;introduzione del servizio civile&#8221;.<\/em> Gli adeguamenti della sentenza terranno ora conto della situazione familiare, sociale, medica e della \u201cpersonalit\u00e0\u201d del condannato. Questo significa che l\u2019arsenale legale monegasco sar\u00e0 pi\u00f9 lassista? Brezzo spiega: i giudici hanno una gamma pi\u00f9 ampia di sentenze, ma non meno severe. Se la prima volta la condanna pu\u00f2 sembrare leggera, rimane una vera e propria spada di Damocle che pesa sui recidivi. Cos\u00ec, la seconda condanna implica l\u2019obbligo di curarsi e la terza condanna conduce l\u2019imputato direttamente dietro le sbarre.<\/p>\n\n\n\n<p>In ogni caso, i casi di guida in stato di ebbrezza sono trattati al Palazzo di Giustizia poich\u00e9 rappresentano <a href=\"https:\/\/www.monacomatin.mc\/faits-de-societe\/les-propositions-des-magistrats-de-monaco-pour-combattre-le-fleau-de-lalcool-403199\">quattro casi su dieci<\/a>. Questo sarebbe anche il primo reato trattato dal Tribunal Correctionnel nei casi di reati di droga e di furto e di ricettazione.<\/p>\n\n\n\n<h2 class=\"wp-block-heading\">L\u2019impegno delle associazioni per la buona condotta al volante<\/h2>\n\n\n\n<p>Anche le associazioni sono coinvolte nella lotta contro la guida in stato di ebbrezza. \u00c8 il caso di <a href=\"\/?p=14219\">Be Safe, un\u2019associazione istituita da cinque amici<\/a>, tra cui Camille Gottlieb, figlia minore della principessa Stephanie. Istituita nel 2017, Be Safe si impegna nella prevenzione e sensibilizzazione di fronte ai pericoli dell\u2019alcol al volante, in particolare tra giovani e i loro genitori. \u00c8 un progetto di pubblica utilit\u00e0 nato dopo un dramma, ovvero la morte di un amico di Camille Gottlieb in un incidente stradale. Il dramma \u00e8 avvenuto dopo una serata di ubriachezza, nell\u2019estate 2017. \u201c<em>Dopo questa evento, abbiamo deciso di unirci per agire dicendo che non era possibile, che bisognava far qualcosa\u201d, <\/em><a href=\"https:\/\/www.monacomatin.mc\/faits-de-societe\/a-monaco-cinq-filles-ramenent-les-fetards-alcoolises-chez-eux-403069\">ha spiegato<\/a> Camille Gottlieb in un\u2019intervista a Monaco Matin.<\/p>\n\n\n\n<p>Questo 18 giugno, il sindaco di Monaco George Marsan <a href=\"\/?p=30541\">ha accolto<\/a> cinque membri dell\u2019organizzazione monegasca per donare loro un veicolo a otto posti. \u201c<em>Sono sicuro che questo veicolo sar\u00e0 utilizzato adeguatamente e spero sinceramente che vi aiuter\u00e0 a perpetuare il sistema di navetta in modo che giovani e anziani possano tornare a casa sani e salvi da loro stessi e dagli altri dopo una notte a volte troppo alcolica&#8221;, <\/em>ha detto il sindaco in un discorso<em>.<\/em><\/p>\n\n\n\n<figure class=\"wp-block-embed aligncenter is-type-rich is-provider-twitter wp-block-embed-twitter\"><div class=\"wp-block-embed__wrapper\">\n<blockquote class=\"twitter-tweet\" data-width=\"500\" data-dnt=\"true\"><p lang=\"fr\" dir=\"ltr\">Le 18 juin, l\u2019association Be Safe, qui lutte contre la consommation d\u2019alcool au volant, a re\u00e7u un v\u00e9hicule de la&#8230; <a href=\"https:\/\/t.co\/EwleV4IQlg\">https:\/\/t.co\/EwleV4IQlg<\/a><\/p>&mdash; Monaco Tribune (@MonacoTribune) <a href=\"https:\/\/twitter.com\/MonacoTribune\/status\/1275078107347607560?ref_src=twsrc%5Etfw\">June 22, 2020<\/a><\/blockquote><script async src=\"https:\/\/platform.twitter.com\/widgets.js\" charset=\"utf-8\"><\/script>\n<\/div><\/figure>\n\n\n\n<p>Per portare avanti la sua missione, Be Safe <a href=\"https:\/\/besafemonaco.mc\/\">propone diversi servizi<\/a>: cio\u00e8, la fornitura di etilometri nei bar e nei locali notturni del Principato, nonch\u00e9 navette gratuite per accompagnare i pi\u00f9 ubriachi a casa. Al momento, questo dispositivo di trasporto \u00e8 disponibile durante la stagione estiva nel settore di Porto d\u2019Ercole. \u201c<em>La posta in gioco di questa causa \u00e8 molto importante poich\u00e9 siamo responsabili delle persone che salgono sulle navette, ma non costringiamo nessuno a salire\u201d<\/em> spiega Be Safe. \u201c<em>Non vogliamo impedire a nessuno di bere ma vogliamo solo che i nostri ragazzi e il loro entourage si pongano le domande giuste all\u2019uscita di una discoteca, di una serata alcolica\u201d. <\/em><\/p>\n\n\n\n<blockquote class=\"wp-block-quote is-layout-flow wp-block-quote-is-layout-flow\"><p>Vogliamo fare del Principato un esempio<\/p><cite>L&#8217;associazione Be Safe Monaco<\/cite><\/blockquote>\n\n\n\n<p>Nell\u2019avere una figura pubblica come Camille Gottlieb a capo dell&#8217;associazione, Be Safe pu\u00f2 beneficiare di un&#8217;eco che va oltre il Principato: &#8220;<em>Grazie alle sue conoscenze e ai suoi contatti abbiamo potuto ottenere il sostegno di diversi influencer francesi che sono interessati a questa causa e vogliono anche sensibilizzare le rispettive comunit\u00e0 sui pericoli dell&#8217;alcol e della guida<\/em>\u00bb.<\/p>\n\n\n\n<p>Il problema della guida in stato di ebbrezza \u00e8 ancora lontano dall&#8217;essere arginato: \u00e8 difficile dire che sia possibile garantire il 100% di sicurezza, anche nel Principato. Tuttavia, il Principato vuole in ogni caso lavorare su questo tema. E in questo lavoro non sar\u00e0 da solo: la societ\u00e0 civile, sotto forma di associazioni come Be Safe, intende aiutare. &#8220;<em>Vogliamo fare del Principato un esempio, un riferimento nella sensibilizzazione ai pericoli della guida in stato di ebbrezza<\/em>&#8220;, afferma.<\/p>\n","protected":false},"excerpt":{"rendered":"<p>Tra prevenzione e sanzioni, come arginare il problema dell\u2019alcol al volante? Primo dei crimini trattati al Tribunal Correctionnel di Monaco, [&hellip;]<\/p>\n","protected":false},"author":21,"featured_media":31108,"comment_status":"closed","ping_status":"open","sticky":false,"template":"","format":"standard","meta":{"_acf_changed":false,"footnotes":""},"categories":[1826,1738,1752],"tags":[3125],"post_sectags":[],"post_format":[2475],"class_list":["post-31286","post","type-post","status-publish","format-standard","has-post-thumbnail","hentry","category-la-nostra-scelta","category-notizie","category-societa","tag-sicurezza","format-inchiesta"],"acf":[],"yoast_head":"<!-- This site is optimized with the Yoast SEO Premium plugin v26.8 (Yoast SEO v27.4) - https:\/\/yoast.com\/product\/yoast-seo-premium-wordpress\/ -->\n<title>La lotta del Principato alla guida in stato di ebbrezza<\/title>\n<meta name=\"description\" content=\"Tra prevenzione e sanzioni, come arginare il problema dell\u2019alcol al volante? Primo dei crimini trattati al Tribunal Correctionnel di Monaco, i reati per\" \/>\n<meta name=\"robots\" content=\"index, follow, max-snippet:-1, max-image-preview:large, max-video-preview:-1\" \/>\n<link rel=\"canonical\" href=\"https:\/\/www.monaco-tribune.com\/it\/2020\/07\/come-il-principato-di-monaco-lotta-agli-ubriachi-al-volante\/\" \/>\n<meta property=\"og:locale\" content=\"it_IT\" \/>\n<meta property=\"og:type\" content=\"article\" \/>\n<meta property=\"og:title\" content=\"La lotta del Principato alla guida in stato di ebbrezza - Monaco Tribune\" \/>\n<meta property=\"og:description\" content=\"Tra prevenzione e sanzioni, come arginare il problema dell\u2019alcol al volante? Primo dei crimini trattati al Tribunal Correctionnel di Monaco, i reati per\" \/>\n<meta property=\"og:url\" content=\"https:\/\/www.monaco-tribune.com\/it\/2020\/07\/come-il-principato-di-monaco-lotta-agli-ubriachi-al-volante\/\" \/>\n<meta property=\"og:site_name\" content=\"Monaco Tribune\" \/>\n<meta property=\"article:publisher\" content=\"https:\/\/www.facebook.com\/MonacoTribune\" \/>\n<meta property=\"article:published_time\" content=\"2020-07-01T08:18:41+00:00\" \/>\n<meta property=\"article:modified_time\" content=\"2022-06-13T16:10:37+00:00\" \/>\n<meta property=\"og:image\" content=\"https:\/\/www.monaco-tribune.com\/wp-content\/uploads\/2020\/06\/drink-driving-monaco.jpg\" \/>\n\t<meta property=\"og:image:width\" content=\"640\" \/>\n\t<meta property=\"og:image:height\" content=\"427\" \/>\n\t<meta property=\"og:image:type\" content=\"image\/jpeg\" \/>\n<meta name=\"author\" content=\"Monaco Tribune\" \/>\n<meta name=\"twitter:card\" content=\"summary_large_image\" \/>\n<meta name=\"twitter:creator\" content=\"@MonacoTribune\" \/>\n<meta name=\"twitter:site\" content=\"@MonacoTribune\" \/>\n<script type=\"application\/ld+json\" class=\"yoast-schema-graph\">{\"@context\":\"https:\\\/\\\/schema.org\",\"@graph\":[{\"@type\":\"NewsArticle\",\"@id\":\"https:\\\/\\\/www.monaco-tribune.com\\\/it\\\/2020\\\/07\\\/come-il-principato-di-monaco-lotta-agli-ubriachi-al-volante\\\/#article\",\"isPartOf\":{\"@id\":\"https:\\\/\\\/www.monaco-tribune.com\\\/it\\\/2020\\\/07\\\/come-il-principato-di-monaco-lotta-agli-ubriachi-al-volante\\\/\"},\"author\":{\"name\":\"Monaco Tribune\",\"@id\":\"https:\\\/\\\/www.monaco-tribune.com\\\/it\\\/#\\\/schema\\\/person\\\/8f6ed8c063276e2397589eda5b7a2f2d\"},\"headline\":\"La lotta del Principato alla guida in stato di ebbrezza\",\"datePublished\":\"2020-07-01T08:18:41+00:00\",\"dateModified\":\"2022-06-13T16:10:37+00:00\",\"mainEntityOfPage\":{\"@id\":\"https:\\\/\\\/www.monaco-tribune.com\\\/it\\\/2020\\\/07\\\/come-il-principato-di-monaco-lotta-agli-ubriachi-al-volante\\\/\"},\"wordCount\":1642,\"publisher\":{\"@id\":\"https:\\\/\\\/www.monaco-tribune.com\\\/it\\\/#organization\"},\"image\":{\"@id\":\"https:\\\/\\\/www.monaco-tribune.com\\\/it\\\/2020\\\/07\\\/come-il-principato-di-monaco-lotta-agli-ubriachi-al-volante\\\/#primaryimage\"},\"thumbnailUrl\":\"https:\\\/\\\/www.monaco-tribune.com\\\/wp-content\\\/uploads\\\/2020\\\/06\\\/drink-driving-monaco.jpg\",\"keywords\":[\"Sicurezza\"],\"articleSection\":[\"La nostra scelta\",\"Notizie\",\"Societ\u00e0\"],\"inLanguage\":\"it-IT\",\"copyrightYear\":\"2020\",\"copyrightHolder\":{\"@id\":\"https:\\\/\\\/www.monaco-tribune.com\\\/#organization\"}},{\"@type\":\"WebPage\",\"@id\":\"https:\\\/\\\/www.monaco-tribune.com\\\/it\\\/2020\\\/07\\\/come-il-principato-di-monaco-lotta-agli-ubriachi-al-volante\\\/\",\"url\":\"https:\\\/\\\/www.monaco-tribune.com\\\/it\\\/2020\\\/07\\\/come-il-principato-di-monaco-lotta-agli-ubriachi-al-volante\\\/\",\"name\":\"La lotta del Principato alla guida in stato di ebbrezza\",\"isPartOf\":{\"@id\":\"https:\\\/\\\/www.monaco-tribune.com\\\/it\\\/#website\"},\"primaryImageOfPage\":{\"@id\":\"https:\\\/\\\/www.monaco-tribune.com\\\/it\\\/2020\\\/07\\\/come-il-principato-di-monaco-lotta-agli-ubriachi-al-volante\\\/#primaryimage\"},\"image\":{\"@id\":\"https:\\\/\\\/www.monaco-tribune.com\\\/it\\\/2020\\\/07\\\/come-il-principato-di-monaco-lotta-agli-ubriachi-al-volante\\\/#primaryimage\"},\"thumbnailUrl\":\"https:\\\/\\\/www.monaco-tribune.com\\\/wp-content\\\/uploads\\\/2020\\\/06\\\/drink-driving-monaco.jpg\",\"datePublished\":\"2020-07-01T08:18:41+00:00\",\"dateModified\":\"2022-06-13T16:10:37+00:00\",\"description\":\"Tra prevenzione e sanzioni, come arginare il problema dell\u2019alcol al volante? Primo dei crimini trattati al Tribunal Correctionnel di Monaco, i reati per\",\"breadcrumb\":{\"@id\":\"https:\\\/\\\/www.monaco-tribune.com\\\/it\\\/2020\\\/07\\\/come-il-principato-di-monaco-lotta-agli-ubriachi-al-volante\\\/#breadcrumb\"},\"inLanguage\":\"it-IT\",\"potentialAction\":[{\"@type\":\"ReadAction\",\"target\":[\"https:\\\/\\\/www.monaco-tribune.com\\\/it\\\/2020\\\/07\\\/come-il-principato-di-monaco-lotta-agli-ubriachi-al-volante\\\/\"]}]},{\"@type\":\"ImageObject\",\"inLanguage\":\"it-IT\",\"@id\":\"https:\\\/\\\/www.monaco-tribune.com\\\/it\\\/2020\\\/07\\\/come-il-principato-di-monaco-lotta-agli-ubriachi-al-volante\\\/#primaryimage\",\"url\":\"https:\\\/\\\/www.monaco-tribune.com\\\/wp-content\\\/uploads\\\/2020\\\/06\\\/drink-driving-monaco.jpg\",\"contentUrl\":\"https:\\\/\\\/www.monaco-tribune.com\\\/wp-content\\\/uploads\\\/2020\\\/06\\\/drink-driving-monaco.jpg\",\"width\":640,\"height\":427,\"caption\":\"Jannis Lucas \\\/ Unsplash\"},{\"@type\":\"BreadcrumbList\",\"@id\":\"https:\\\/\\\/www.monaco-tribune.com\\\/it\\\/2020\\\/07\\\/come-il-principato-di-monaco-lotta-agli-ubriachi-al-volante\\\/#breadcrumb\",\"itemListElement\":[{\"@type\":\"ListItem\",\"position\":1,\"name\":\"Accueil\",\"item\":\"https:\\\/\\\/www.monaco-tribune.com\\\/it\\\/\"},{\"@type\":\"ListItem\",\"position\":2,\"name\":\"La lotta del Principato alla guida in stato di ebbrezza\"}]},{\"@type\":\"WebSite\",\"@id\":\"https:\\\/\\\/www.monaco-tribune.com\\\/it\\\/#website\",\"url\":\"https:\\\/\\\/www.monaco-tribune.com\\\/it\\\/\",\"name\":\"Monaco Tribune\",\"description\":\"Monaco : actualit\u00e9s \u00e9conomiques, politiques, culturelles et sportives de Monaco et de la French Riviera.\",\"publisher\":{\"@id\":\"https:\\\/\\\/www.monaco-tribune.com\\\/it\\\/#organization\"},\"potentialAction\":[{\"@type\":\"SearchAction\",\"target\":{\"@type\":\"EntryPoint\",\"urlTemplate\":\"https:\\\/\\\/www.monaco-tribune.com\\\/it\\\/?s={search_term_string}\"},\"query-input\":{\"@type\":\"PropertyValueSpecification\",\"valueRequired\":true,\"valueName\":\"search_term_string\"}}],\"inLanguage\":\"it-IT\"},{\"@type\":\"Organization\",\"@id\":\"https:\\\/\\\/www.monaco-tribune.com\\\/it\\\/#organization\",\"name\":\"Monaco Tribune\",\"url\":\"https:\\\/\\\/www.monaco-tribune.com\\\/it\\\/\",\"logo\":{\"@type\":\"ImageObject\",\"inLanguage\":\"it-IT\",\"@id\":\"https:\\\/\\\/www.monaco-tribune.com\\\/it\\\/#\\\/schema\\\/logo\\\/image\\\/\",\"url\":\"https:\\\/\\\/www.monaco-tribune.com\\\/wp-content\\\/uploads\\\/2022\\\/11\\\/logo-monaco-tribune.png\",\"contentUrl\":\"https:\\\/\\\/www.monaco-tribune.com\\\/wp-content\\\/uploads\\\/2022\\\/11\\\/logo-monaco-tribune.png\",\"width\":1548,\"height\":600,\"caption\":\"Monaco Tribune\"},\"image\":{\"@id\":\"https:\\\/\\\/www.monaco-tribune.com\\\/it\\\/#\\\/schema\\\/logo\\\/image\\\/\"},\"sameAs\":[\"https:\\\/\\\/www.facebook.com\\\/MonacoTribune\",\"https:\\\/\\\/x.com\\\/MonacoTribune\",\"https:\\\/\\\/www.instagram.com\\\/monacotribune\\\/\",\"https:\\\/\\\/www.linkedin.com\\\/company\\\/monaco-tribune\",\"https:\\\/\\\/www.youtube.com\\\/channel\\\/UCHle1MnG6hw1y4lWKijVbMA\"]},{\"@type\":\"Person\",\"@id\":\"https:\\\/\\\/www.monaco-tribune.com\\\/it\\\/#\\\/schema\\\/person\\\/8f6ed8c063276e2397589eda5b7a2f2d\",\"name\":\"Monaco Tribune\",\"image\":{\"@type\":\"ImageObject\",\"inLanguage\":\"it-IT\",\"@id\":\"https:\\\/\\\/secure.gravatar.com\\\/avatar\\\/3010e6c5d6c8056ec1c25228fe68ea089879e5ae0de884e0247744ee988aaf6a?s=96&d=mm&r=g\",\"url\":\"https:\\\/\\\/secure.gravatar.com\\\/avatar\\\/3010e6c5d6c8056ec1c25228fe68ea089879e5ae0de884e0247744ee988aaf6a?s=96&d=mm&r=g\",\"contentUrl\":\"https:\\\/\\\/secure.gravatar.com\\\/avatar\\\/3010e6c5d6c8056ec1c25228fe68ea089879e5ae0de884e0247744ee988aaf6a?s=96&d=mm&r=g\",\"caption\":\"Monaco Tribune\"},\"url\":\"https:\\\/\\\/www.monaco-tribune.com\\\/it\\\/author\\\/monaco-tribune\\\/\"}]}<\/script>\n<!-- \/ Yoast SEO Premium plugin. -->","yoast_head_json":{"title":"La lotta del Principato alla guida in stato di ebbrezza","description":"Tra prevenzione e sanzioni, come arginare il problema dell\u2019alcol al volante? Primo dei crimini trattati al Tribunal Correctionnel di Monaco, i reati per","robots":{"index":"index","follow":"follow","max-snippet":"max-snippet:-1","max-image-preview":"max-image-preview:large","max-video-preview":"max-video-preview:-1"},"canonical":"https:\/\/www.monaco-tribune.com\/it\/2020\/07\/come-il-principato-di-monaco-lotta-agli-ubriachi-al-volante\/","og_locale":"it_IT","og_type":"article","og_title":"La lotta del Principato alla guida in stato di ebbrezza - Monaco Tribune","og_description":"Tra prevenzione e sanzioni, come arginare il problema dell\u2019alcol al volante? Primo dei crimini trattati al Tribunal Correctionnel di Monaco, i reati per","og_url":"https:\/\/www.monaco-tribune.com\/it\/2020\/07\/come-il-principato-di-monaco-lotta-agli-ubriachi-al-volante\/","og_site_name":"Monaco Tribune","article_publisher":"https:\/\/www.facebook.com\/MonacoTribune","article_published_time":"2020-07-01T08:18:41+00:00","article_modified_time":"2022-06-13T16:10:37+00:00","og_image":[{"width":640,"height":427,"url":"https:\/\/www.monaco-tribune.com\/wp-content\/uploads\/2020\/06\/drink-driving-monaco.jpg","type":"image\/jpeg"}],"author":"Monaco Tribune","twitter_card":"summary_large_image","twitter_creator":"@MonacoTribune","twitter_site":"@MonacoTribune","schema":{"@context":"https:\/\/schema.org","@graph":[{"@type":"NewsArticle","@id":"https:\/\/www.monaco-tribune.com\/it\/2020\/07\/come-il-principato-di-monaco-lotta-agli-ubriachi-al-volante\/#article","isPartOf":{"@id":"https:\/\/www.monaco-tribune.com\/it\/2020\/07\/come-il-principato-di-monaco-lotta-agli-ubriachi-al-volante\/"},"author":{"name":"Monaco Tribune","@id":"https:\/\/www.monaco-tribune.com\/it\/#\/schema\/person\/8f6ed8c063276e2397589eda5b7a2f2d"},"headline":"La lotta del Principato alla guida in stato di ebbrezza","datePublished":"2020-07-01T08:18:41+00:00","dateModified":"2022-06-13T16:10:37+00:00","mainEntityOfPage":{"@id":"https:\/\/www.monaco-tribune.com\/it\/2020\/07\/come-il-principato-di-monaco-lotta-agli-ubriachi-al-volante\/"},"wordCount":1642,"publisher":{"@id":"https:\/\/www.monaco-tribune.com\/it\/#organization"},"image":{"@id":"https:\/\/www.monaco-tribune.com\/it\/2020\/07\/come-il-principato-di-monaco-lotta-agli-ubriachi-al-volante\/#primaryimage"},"thumbnailUrl":"https:\/\/www.monaco-tribune.com\/wp-content\/uploads\/2020\/06\/drink-driving-monaco.jpg","keywords":["Sicurezza"],"articleSection":["La nostra scelta","Notizie","Societ\u00e0"],"inLanguage":"it-IT","copyrightYear":"2020","copyrightHolder":{"@id":"https:\/\/www.monaco-tribune.com\/#organization"}},{"@type":"WebPage","@id":"https:\/\/www.monaco-tribune.com\/it\/2020\/07\/come-il-principato-di-monaco-lotta-agli-ubriachi-al-volante\/","url":"https:\/\/www.monaco-tribune.com\/it\/2020\/07\/come-il-principato-di-monaco-lotta-agli-ubriachi-al-volante\/","name":"La lotta del Principato alla guida in stato di ebbrezza","isPartOf":{"@id":"https:\/\/www.monaco-tribune.com\/it\/#website"},"primaryImageOfPage":{"@id":"https:\/\/www.monaco-tribune.com\/it\/2020\/07\/come-il-principato-di-monaco-lotta-agli-ubriachi-al-volante\/#primaryimage"},"image":{"@id":"https:\/\/www.monaco-tribune.com\/it\/2020\/07\/come-il-principato-di-monaco-lotta-agli-ubriachi-al-volante\/#primaryimage"},"thumbnailUrl":"https:\/\/www.monaco-tribune.com\/wp-content\/uploads\/2020\/06\/drink-driving-monaco.jpg","datePublished":"2020-07-01T08:18:41+00:00","dateModified":"2022-06-13T16:10:37+00:00","description":"Tra prevenzione e sanzioni, come arginare il problema dell\u2019alcol al volante? Primo dei crimini trattati al Tribunal Correctionnel di Monaco, i reati per","breadcrumb":{"@id":"https:\/\/www.monaco-tribune.com\/it\/2020\/07\/come-il-principato-di-monaco-lotta-agli-ubriachi-al-volante\/#breadcrumb"},"inLanguage":"it-IT","potentialAction":[{"@type":"ReadAction","target":["https:\/\/www.monaco-tribune.com\/it\/2020\/07\/come-il-principato-di-monaco-lotta-agli-ubriachi-al-volante\/"]}]},{"@type":"ImageObject","inLanguage":"it-IT","@id":"https:\/\/www.monaco-tribune.com\/it\/2020\/07\/come-il-principato-di-monaco-lotta-agli-ubriachi-al-volante\/#primaryimage","url":"https:\/\/www.monaco-tribune.com\/wp-content\/uploads\/2020\/06\/drink-driving-monaco.jpg","contentUrl":"https:\/\/www.monaco-tribune.com\/wp-content\/uploads\/2020\/06\/drink-driving-monaco.jpg","width":640,"height":427,"caption":"Jannis Lucas \/ Unsplash"},{"@type":"BreadcrumbList","@id":"https:\/\/www.monaco-tribune.com\/it\/2020\/07\/come-il-principato-di-monaco-lotta-agli-ubriachi-al-volante\/#breadcrumb","itemListElement":[{"@type":"ListItem","position":1,"name":"Accueil","item":"https:\/\/www.monaco-tribune.com\/it\/"},{"@type":"ListItem","position":2,"name":"La lotta del Principato alla guida in stato di ebbrezza"}]},{"@type":"WebSite","@id":"https:\/\/www.monaco-tribune.com\/it\/#website","url":"https:\/\/www.monaco-tribune.com\/it\/","name":"Monaco Tribune","description":"Monaco : actualit\u00e9s \u00e9conomiques, politiques, culturelles et sportives de Monaco et de la French Riviera.","publisher":{"@id":"https:\/\/www.monaco-tribune.com\/it\/#organization"},"potentialAction":[{"@type":"SearchAction","target":{"@type":"EntryPoint","urlTemplate":"https:\/\/www.monaco-tribune.com\/it\/?s={search_term_string}"},"query-input":{"@type":"PropertyValueSpecification","valueRequired":true,"valueName":"search_term_string"}}],"inLanguage":"it-IT"},{"@type":"Organization","@id":"https:\/\/www.monaco-tribune.com\/it\/#organization","name":"Monaco Tribune","url":"https:\/\/www.monaco-tribune.com\/it\/","logo":{"@type":"ImageObject","inLanguage":"it-IT","@id":"https:\/\/www.monaco-tribune.com\/it\/#\/schema\/logo\/image\/","url":"https:\/\/www.monaco-tribune.com\/wp-content\/uploads\/2022\/11\/logo-monaco-tribune.png","contentUrl":"https:\/\/www.monaco-tribune.com\/wp-content\/uploads\/2022\/11\/logo-monaco-tribune.png","width":1548,"height":600,"caption":"Monaco Tribune"},"image":{"@id":"https:\/\/www.monaco-tribune.com\/it\/#\/schema\/logo\/image\/"},"sameAs":["https:\/\/www.facebook.com\/MonacoTribune","https:\/\/x.com\/MonacoTribune","https:\/\/www.instagram.com\/monacotribune\/","https:\/\/www.linkedin.com\/company\/monaco-tribune","https:\/\/www.youtube.com\/channel\/UCHle1MnG6hw1y4lWKijVbMA"]},{"@type":"Person","@id":"https:\/\/www.monaco-tribune.com\/it\/#\/schema\/person\/8f6ed8c063276e2397589eda5b7a2f2d","name":"Monaco Tribune","image":{"@type":"ImageObject","inLanguage":"it-IT","@id":"https:\/\/secure.gravatar.com\/avatar\/3010e6c5d6c8056ec1c25228fe68ea089879e5ae0de884e0247744ee988aaf6a?s=96&d=mm&r=g","url":"https:\/\/secure.gravatar.com\/avatar\/3010e6c5d6c8056ec1c25228fe68ea089879e5ae0de884e0247744ee988aaf6a?s=96&d=mm&r=g","contentUrl":"https:\/\/secure.gravatar.com\/avatar\/3010e6c5d6c8056ec1c25228fe68ea089879e5ae0de884e0247744ee988aaf6a?s=96&d=mm&r=g","caption":"Monaco Tribune"},"url":"https:\/\/www.monaco-tribune.com\/it\/author\/monaco-tribune\/"}]}},"_links":{"self":[{"href":"https:\/\/www.monaco-tribune.com\/it\/wp-json\/wp\/v2\/posts\/31286","targetHints":{"allow":["GET"]}}],"collection":[{"href":"https:\/\/www.monaco-tribune.com\/it\/wp-json\/wp\/v2\/posts"}],"about":[{"href":"https:\/\/www.monaco-tribune.com\/it\/wp-json\/wp\/v2\/types\/post"}],"author":[{"embeddable":true,"href":"https:\/\/www.monaco-tribune.com\/it\/wp-json\/wp\/v2\/users\/21"}],"replies":[{"embeddable":true,"href":"https:\/\/www.monaco-tribune.com\/it\/wp-json\/wp\/v2\/comments?post=31286"}],"version-history":[{"count":0,"href":"https:\/\/www.monaco-tribune.com\/it\/wp-json\/wp\/v2\/posts\/31286\/revisions"}],"wp:featuredmedia":[{"embeddable":true,"href":"https:\/\/www.monaco-tribune.com\/it\/wp-json\/wp\/v2\/media\/31108"}],"wp:attachment":[{"href":"https:\/\/www.monaco-tribune.com\/it\/wp-json\/wp\/v2\/media?parent=31286"}],"wp:term":[{"taxonomy":"category","embeddable":true,"href":"https:\/\/www.monaco-tribune.com\/it\/wp-json\/wp\/v2\/categories?post=31286"},{"taxonomy":"post_tag","embeddable":true,"href":"https:\/\/www.monaco-tribune.com\/it\/wp-json\/wp\/v2\/tags?post=31286"},{"taxonomy":"sectag","embeddable":true,"href":"https:\/\/www.monaco-tribune.com\/it\/wp-json\/wp\/v2\/post_sectags?post=31286"},{"taxonomy":"format","embeddable":true,"href":"https:\/\/www.monaco-tribune.com\/it\/wp-json\/wp\/v2\/post_format?post=31286"}],"curies":[{"name":"wp","href":"https:\/\/api.w.org\/{rel}","templated":true}]}}