{"id":313088,"date":"2025-09-08T12:06:55","date_gmt":"2025-09-08T10:06:55","guid":{"rendered":"https:\/\/www.monaco-tribune.com\/2025\/09\/u-cavagnetu-la-principessa-charlene-il-principe-alberto-ii-e-il-popolo-monegasco-celebrano-i-colori-delle-loro-tradizioni\/"},"modified":"2025-09-08T12:11:10","modified_gmt":"2025-09-08T10:11:10","slug":"u-cavagnetu-la-principessa-charlene-il-principe-alberto-ii-e-il-popolo-monegasco-celebrano-i-colori-delle-loro-tradizioni","status":"publish","type":"post","link":"https:\/\/www.monaco-tribune.com\/it\/2025\/09\/u-cavagnetu-la-principessa-charlene-il-principe-alberto-ii-e-il-popolo-monegasco-celebrano-i-colori-delle-loro-tradizioni\/","title":{"rendered":"U Cavagn\u00ebtu: la Principessa Charl\u00e8ne, il Principe Alberto II e il popolo monegasco celebrano i colori delle loro tradizioni"},"content":{"rendered":"\n<p><strong>Sabato sera i monegaschi si sono riuniti al Parco Princesse Antoinette per il tradizionale picnic annuale insieme alla Famiglia Principesca.<\/strong><\/p>\n\n\n\n<p>L&#8217;odore di barbecue \u00e8 ancora nell&#8217;aria di questa calda fine estate. Nel Parco Princesse Antoinette, gli ultimi ospiti stanno ripiegando le tovaglie a scacchi, mentre si sente ancora l&#8217;eco del Madison che ha fatto ballare tre generazioni di monegaschi. <a href=\"https:\/\/www.monaco-tribune.com\/2025\/09\/u-cavagnetu-2025-les-monegasques-se-retrouvent-pour-leur-rendez-vous-traditionnel-au-parc-princesse-antoinette\/\">U Cavagn\u00ebtu<\/a> ha mantenuto la sua promessa riunendo quasi 1.000 partecipanti, secondo il Comune di Monaco.<\/p>\n\n\n\n<p>&#8220;Canzoni, danza, lingua, gastronomia: celebriamo l&#8217;identit\u00e0 monegasca nella sua interezza. \u00c8 una festa che risale al 1931 e che \u00e8 stata ripresa dal sindaco Anne-Marie Campora nel 1991&#8221;, afferma il sindaco Georges Marsan, visibilmente soddisfatto dell&#8217;eccezionale affluenza. Nel suo abito blu, il sindaco cammina tra le bancarelle, salutando le famiglie sistemate tra le aiuole verdi, con i loro cestini ricolmi di cibo.<\/p>\n\n\n<blockquote class=\"instagram-media\" data-instgrm-permalink=\"https:\/\/www.instagram.com\/reel\/DORN9g-iJ2P\/?utm_source=ig_embed&amp;utm_campaign=loading\" data-instgrm-version=\"14\" style=\" background:#FFF; border:0; border-radius:3px; box-shadow:0 0 1px 0 rgba(0,0,0,0.5),0 1px 10px 0 rgba(0,0,0,0.15); margin: 1px; max-width:540px; min-width:326px; padding:0; width:99.375%; width:-webkit-calc(100% - 2px); width:calc(100% - 2px);\">\n<div style=\"padding:16px;\"> <a href=\"https:\/\/www.instagram.com\/reel\/DORN9g-iJ2P\/?utm_source=ig_embed&amp;utm_campaign=loading\" style=\" background:#FFFFFF; line-height:0; padding:0 0; text-align:center; text-decoration:none; width:100%;\" target=\"_blank\"> <\/p>\n<div style=\" display: flex; flex-direction: row; align-items: center;\">\n<div style=\"background-color: #F4F4F4; border-radius: 50%; flex-grow: 0; height: 40px; margin-right: 14px; width: 40px;\"><\/div>\n<div style=\"display: flex; flex-direction: column; flex-grow: 1; justify-content: center;\">\n<div style=\" background-color: #F4F4F4; border-radius: 4px; flex-grow: 0; height: 14px; margin-bottom: 6px; width: 100px;\"><\/div>\n<div style=\" background-color: #F4F4F4; border-radius: 4px; flex-grow: 0; height: 14px; width: 60px;\"><\/div>\n<\/div>\n<\/div>\n<div style=\"padding: 19% 0;\"><\/div>\n<div style=\"display:block; height:50px; margin:0 auto 12px; width:50px;\"><svg width=\"50px\" height=\"50px\" viewBox=\"0 0 60 60\" version=\"1.1\" xmlns=\"https:\/\/www.w3.org\/2000\/svg\" xmlns:xlink=\"https:\/\/www.w3.org\/1999\/xlink\"><g stroke=\"none\" stroke-width=\"1\" fill=\"none\" fill-rule=\"evenodd\"><g transform=\"translate(-511.000000, -20.000000)\" fill=\"#000000\"><g><path d=\"M556.869,30.41 C554.814,30.41 553.148,32.076 553.148,34.131 C553.148,36.186 554.814,37.852 556.869,37.852 C558.924,37.852 560.59,36.186 560.59,34.131 C560.59,32.076 558.924,30.41 556.869,30.41 M541,60.657 C535.114,60.657 530.342,55.887 530.342,50 C530.342,44.114 535.114,39.342 541,39.342 C546.887,39.342 551.658,44.114 551.658,50 C551.658,55.887 546.887,60.657 541,60.657 M541,33.886 C532.1,33.886 524.886,41.1 524.886,50 C524.886,58.899 532.1,66.113 541,66.113 C549.9,66.113 557.115,58.899 557.115,50 C557.115,41.1 549.9,33.886 541,33.886 M565.378,62.101 C565.244,65.022 564.756,66.606 564.346,67.663 C563.803,69.06 563.154,70.057 562.106,71.106 C561.058,72.155 560.06,72.803 558.662,73.347 C557.607,73.757 556.021,74.244 553.102,74.378 C549.944,74.521 548.997,74.552 541,74.552 C533.003,74.552 532.056,74.521 528.898,74.378 C525.979,74.244 524.393,73.757 523.338,73.347 C521.94,72.803 520.942,72.155 519.894,71.106 C518.846,70.057 518.197,69.06 517.654,67.663 C517.244,66.606 516.755,65.022 516.623,62.101 C516.479,58.943 516.448,57.996 516.448,50 C516.448,42.003 516.479,41.056 516.623,37.899 C516.755,34.978 517.244,33.391 517.654,32.338 C518.197,30.938 518.846,29.942 519.894,28.894 C520.942,27.846 521.94,27.196 523.338,26.654 C524.393,26.244 525.979,25.756 528.898,25.623 C532.057,25.479 533.004,25.448 541,25.448 C548.997,25.448 549.943,25.479 553.102,25.623 C556.021,25.756 557.607,26.244 558.662,26.654 C560.06,27.196 561.058,27.846 562.106,28.894 C563.154,29.942 563.803,30.938 564.346,32.338 C564.756,33.391 565.244,34.978 565.378,37.899 C565.522,41.056 565.552,42.003 565.552,50 C565.552,57.996 565.522,58.943 565.378,62.101 M570.82,37.631 C570.674,34.438 570.167,32.258 569.425,30.349 C568.659,28.377 567.633,26.702 565.965,25.035 C564.297,23.368 562.623,22.342 560.652,21.575 C558.743,20.834 556.562,20.326 553.369,20.18 C550.169,20.033 549.148,20 541,20 C532.853,20 531.831,20.033 528.631,20.18 C525.438,20.326 523.257,20.834 521.349,21.575 C519.376,22.342 517.703,23.368 516.035,25.035 C514.368,26.702 513.342,28.377 512.574,30.349 C511.834,32.258 511.326,34.438 511.181,37.631 C511.035,40.831 511,41.851 511,50 C511,58.147 511.035,59.17 511.181,62.369 C511.326,65.562 511.834,67.743 512.574,69.651 C513.342,71.625 514.368,73.296 516.035,74.965 C517.703,76.634 519.376,77.658 521.349,78.425 C523.257,79.167 525.438,79.673 528.631,79.82 C531.831,79.965 532.853,80.001 541,80.001 C549.148,80.001 550.169,79.965 553.369,79.82 C556.562,79.673 558.743,79.167 560.652,78.425 C562.623,77.658 564.297,76.634 565.965,74.965 C567.633,73.296 568.659,71.625 569.425,69.651 C570.167,67.743 570.674,65.562 570.82,62.369 C570.966,59.17 571,58.147 571,50 C571,41.851 570.966,40.831 570.82,37.631\"><\/path><\/g><\/g><\/g><\/svg><\/div>\n<div style=\"padding-top: 8px;\">\n<div style=\" color:#3897f0; font-family:Arial,sans-serif; font-size:14px; font-style:normal; font-weight:550; line-height:18px;\">Voir cette publication sur Instagram<\/div>\n<\/div>\n<div style=\"padding: 12.5% 0;\"><\/div>\n<div style=\"display: flex; flex-direction: row; margin-bottom: 14px; align-items: center;\">\n<div>\n<div style=\"background-color: #F4F4F4; border-radius: 50%; height: 12.5px; width: 12.5px; transform: translateX(0px) translateY(7px);\"><\/div>\n<div style=\"background-color: #F4F4F4; height: 12.5px; transform: rotate(-45deg) translateX(3px) translateY(1px); width: 12.5px; flex-grow: 0; margin-right: 14px; margin-left: 2px;\"><\/div>\n<div style=\"background-color: #F4F4F4; border-radius: 50%; height: 12.5px; width: 12.5px; transform: translateX(9px) translateY(-18px);\"><\/div>\n<\/div>\n<div style=\"margin-left: 8px;\">\n<div style=\" background-color: #F4F4F4; border-radius: 50%; flex-grow: 0; height: 20px; width: 20px;\"><\/div>\n<div style=\" width: 0; height: 0; border-top: 2px solid transparent; border-left: 6px solid #f4f4f4; border-bottom: 2px solid transparent; transform: translateX(16px) translateY(-4px) rotate(30deg)\"><\/div>\n<\/div>\n<div style=\"margin-left: auto;\">\n<div style=\" width: 0px; border-top: 8px solid #F4F4F4; border-right: 8px solid transparent; transform: translateY(16px);\"><\/div>\n<div style=\" background-color: #F4F4F4; flex-grow: 0; height: 12px; width: 16px; transform: translateY(-4px);\"><\/div>\n<div style=\" width: 0; height: 0; border-top: 8px solid #F4F4F4; border-left: 8px solid transparent; transform: translateY(-4px) translateX(8px);\"><\/div>\n<\/div>\n<\/div>\n<div style=\"display: flex; flex-direction: column; flex-grow: 1; justify-content: center; margin-bottom: 24px;\">\n<div style=\" background-color: #F4F4F4; border-radius: 4px; flex-grow: 0; height: 14px; margin-bottom: 6px; width: 224px;\"><\/div>\n<div style=\" background-color: #F4F4F4; border-radius: 4px; flex-grow: 0; height: 14px; width: 144px;\"><\/div>\n<\/div>\n<p><\/a><\/p>\n<p style=\" color:#c9c8cd; font-family:Arial,sans-serif; font-size:14px; line-height:17px; margin-bottom:0; margin-top:8px; overflow:hidden; padding:8px 0 7px; text-align:center; text-overflow:ellipsis; white-space:nowrap;\"><a href=\"https:\/\/www.instagram.com\/reel\/DORN9g-iJ2P\/?utm_source=ig_embed&amp;utm_campaign=loading\" style=\" color:#c9c8cd; font-family:Arial,sans-serif; font-size:14px; font-style:normal; font-weight:normal; line-height:17px; text-decoration:none;\" target=\"_blank\">Une publication partag\u00e9e par Monaco Tribune (@monacotribune)<\/a><\/p>\n<\/div>\n<\/blockquote>\n<p><script async src=\"\/\/www.instagram.com\/embed.js\"><\/script><\/p>\n\n\n\n<h2 class=\"wp-block-heading\" id=\"h-la-famiglia-principesca-presente\"><strong>La Famiglia Principesca presente<\/strong><\/h2>\n\n\n\n<p>Poco prima delle 18:30, il Principe Alberto II, la Principessa Charl\u00e8ne e i loro figli, Jacques e Gabriella, sono entrati nel parco sulle note dei mandolini e tra i costumi tradizionali dai colori vivaci. Sotto gli occhi vigili della Famiglia Principesca, i ballerini della Paladienne hanno iniziato a volteggiare. &#8220;Wow!&#8221;, ha esclamato una spettatrice commossa, prima che scoppiasse un applauso proprio alla fine dello spettacolo.<\/p>\n\n\n\n<p>Tra le ballerine c\u2019\u00e8 anche No\u00e9mie Albanese, alla sua terza partecipazione a U Cavagn\u00ebtu, con indosso una corolla a righe bianche e rosse. La giovane danzatrice de La Palladienne, pur con un po\u2019 di timore del palcoscenico, non nasconde l\u2019orgoglio: \u201cDovevo eseguire un passo di danza e fare da guida agli altri. Ero un po\u2019 tesa, ma \u00e8 stato un momento indimenticabile\u201d.<\/p>\n\n\n\n<figure class=\"wp-block-gallery has-nested-images columns-1 is-cropped wp-block-gallery-1 is-layout-flex wp-block-gallery-is-layout-flex\"><div class=\"wp-block-image\">\n<figure class=\"aligncenter size-large\"><img loading=\"lazy\" decoding=\"async\" width=\"1024\" height=\"682\" data-id=\"313030\" src=\"https:\/\/www.monaco-tribune.com\/wp-content\/uploads\/2025\/09\/dsc06130-grande-1024x682.jpeg\" alt=\"\" class=\"wp-image-313030\" srcset=\"https:\/\/www.monaco-tribune.com\/wp-content\/uploads\/2025\/09\/dsc06130-grande-1024x682.jpeg 1024w, https:\/\/www.monaco-tribune.com\/wp-content\/uploads\/2025\/09\/dsc06130-grande-450x300.jpeg 450w, https:\/\/www.monaco-tribune.com\/wp-content\/uploads\/2025\/09\/dsc06130-grande.jpeg 1280w\" sizes=\"auto, (max-width: 1024px) 100vw, 1024px\" \/><\/figure>\n<\/div>\n\n<div class=\"wp-block-image\">\n<figure class=\"aligncenter size-large\"><img loading=\"lazy\" decoding=\"async\" width=\"1024\" height=\"682\" data-id=\"312990\" src=\"https:\/\/www.monaco-tribune.com\/wp-content\/uploads\/2025\/09\/dsc06029-grande-1024x682.jpeg\" alt=\"\" class=\"wp-image-312990\" srcset=\"https:\/\/www.monaco-tribune.com\/wp-content\/uploads\/2025\/09\/dsc06029-grande-1024x682.jpeg 1024w, https:\/\/www.monaco-tribune.com\/wp-content\/uploads\/2025\/09\/dsc06029-grande-450x300.jpeg 450w, https:\/\/www.monaco-tribune.com\/wp-content\/uploads\/2025\/09\/dsc06029-grande.jpeg 1280w\" sizes=\"auto, (max-width: 1024px) 100vw, 1024px\" \/><figcaption class=\"wp-element-caption\">\u00a9&nbsp;Benjamin Godart &#8211; Monaco Tribune<\/figcaption><\/figure>\n<\/div><\/figure>\n\n\n\n<h2 class=\"wp-block-heading\" id=\"h-il-profumo-della-torta-salata-monegasca-e-della-socca\"><strong>Il profumo della torta salata monegasca e della socca<\/strong><\/h2>\n\n\n\n<p>Dopo la tradizionale messa, celebrata da un rappresentante dell&#8217;Arcidiocesi di Monaco, iniziano a formarsi le code davanti agli stand gastronomici. Torta slata monegasca, socca dorata a puntino e barbagiuans croccanti: il men\u00f9 delle specialit\u00e0 locali si preannuncia davvero appetitoso. &#8220;Anche quest&#8217;anno il sindaco del comune gemello di Monaco, Dolceacqua, \u00e8 venuto personalmente a preparare le sue famose frittelle di baccal\u00e0&#8221;, conferma Georges Marsan con un sorriso.<\/p>\n\n\n\n<p>Seduti attorno a un tavolo all\u2019ombra di un ombrellone, amici e familiari condividono il loro picnic. \u201cPrima non venivamo mai, ma ormai sono diversi anni che torniamo: U Cavagn\u00ebtu \u00e8 diventato una sorta di rito\u201d, racconta uno di loro. \u201cI bambini giocano insieme, perch\u00e9 qui si conoscono tutti. \u00c8 l\u2019ultimo momento di respiro prima dell\u2019inizio della scuola luned\u00ec\u201d.<\/p>\n\n\n\n<figure class=\"wp-block-gallery aligncenter has-nested-images columns-2 is-cropped wp-block-gallery-2 is-layout-flex wp-block-gallery-is-layout-flex\">\n<figure class=\"wp-block-image size-large\"><img loading=\"lazy\" decoding=\"async\" width=\"1024\" height=\"682\" data-id=\"313014\" src=\"https:\/\/www.monaco-tribune.com\/wp-content\/uploads\/2025\/09\/dsc06113-grande-1024x682.jpeg\" alt=\"\" class=\"wp-image-313014\" srcset=\"https:\/\/www.monaco-tribune.com\/wp-content\/uploads\/2025\/09\/dsc06113-grande-1024x682.jpeg 1024w, https:\/\/www.monaco-tribune.com\/wp-content\/uploads\/2025\/09\/dsc06113-grande-450x300.jpeg 450w, https:\/\/www.monaco-tribune.com\/wp-content\/uploads\/2025\/09\/dsc06113-grande.jpeg 1280w\" sizes=\"auto, (max-width: 1024px) 100vw, 1024px\" \/><\/figure>\n\n\n\n<figure class=\"wp-block-image size-large\"><img loading=\"lazy\" decoding=\"async\" width=\"682\" height=\"1024\" data-id=\"312998\" src=\"https:\/\/www.monaco-tribune.com\/wp-content\/uploads\/2025\/09\/dsc06095-grande-682x1024.jpeg\" alt=\"\" class=\"wp-image-312998\" srcset=\"https:\/\/www.monaco-tribune.com\/wp-content\/uploads\/2025\/09\/dsc06095-grande-682x1024.jpeg 682w, https:\/\/www.monaco-tribune.com\/wp-content\/uploads\/2025\/09\/dsc06095-grande-200x300.jpeg 200w, https:\/\/www.monaco-tribune.com\/wp-content\/uploads\/2025\/09\/dsc06095-grande.jpeg 853w\" sizes=\"auto, (max-width: 682px) 100vw, 682px\" \/><\/figure>\n\n\n\n<figure class=\"wp-block-image size-large\"><img loading=\"lazy\" decoding=\"async\" width=\"1024\" height=\"682\" data-id=\"313022\" src=\"https:\/\/www.monaco-tribune.com\/wp-content\/uploads\/2025\/09\/dsc06127-grande-1024x682.jpeg\" alt=\"\" class=\"wp-image-313022\" srcset=\"https:\/\/www.monaco-tribune.com\/wp-content\/uploads\/2025\/09\/dsc06127-grande-1024x682.jpeg 1024w, https:\/\/www.monaco-tribune.com\/wp-content\/uploads\/2025\/09\/dsc06127-grande-450x300.jpeg 450w, https:\/\/www.monaco-tribune.com\/wp-content\/uploads\/2025\/09\/dsc06127-grande.jpeg 1280w\" sizes=\"auto, (max-width: 1024px) 100vw, 1024px\" \/><\/figure>\n\n\n\n<figure class=\"wp-block-image size-large\"><img loading=\"lazy\" decoding=\"async\" width=\"1024\" height=\"682\" data-id=\"313006\" src=\"https:\/\/www.monaco-tribune.com\/wp-content\/uploads\/2025\/09\/dsc06103-grande-1024x682.jpeg\" alt=\"\" class=\"wp-image-313006\" srcset=\"https:\/\/www.monaco-tribune.com\/wp-content\/uploads\/2025\/09\/dsc06103-grande-1024x682.jpeg 1024w, https:\/\/www.monaco-tribune.com\/wp-content\/uploads\/2025\/09\/dsc06103-grande-450x300.jpeg 450w, https:\/\/www.monaco-tribune.com\/wp-content\/uploads\/2025\/09\/dsc06103-grande.jpeg 1280w\" sizes=\"auto, (max-width: 1024px) 100vw, 1024px\" \/><\/figure>\n\n\n\n<figure class=\"wp-block-image size-large\"><img loading=\"lazy\" decoding=\"async\" width=\"1024\" height=\"682\" data-id=\"313010\" src=\"https:\/\/www.monaco-tribune.com\/wp-content\/uploads\/2025\/09\/dsc06109-grande-1024x682.jpeg\" alt=\"\" class=\"wp-image-313010\" srcset=\"https:\/\/www.monaco-tribune.com\/wp-content\/uploads\/2025\/09\/dsc06109-grande-1024x682.jpeg 1024w, https:\/\/www.monaco-tribune.com\/wp-content\/uploads\/2025\/09\/dsc06109-grande-450x300.jpeg 450w, https:\/\/www.monaco-tribune.com\/wp-content\/uploads\/2025\/09\/dsc06109-grande.jpeg 1280w\" sizes=\"auto, (max-width: 1024px) 100vw, 1024px\" \/><figcaption class=\"wp-element-caption\">\u00a9 Benjamin Godart &#8211; Monaco Tribune<\/figcaption><\/figure>\n<\/figure>\n\n\n\n<p>La graduale appropriazione della tradizione da parte dei nuovi partecipanti dimostra la vitalit\u00e0 di U Cavagn\u00ebtu. Tra loro c\u2019\u00e8 Alexis Bonot, imprenditore monegasco arrivato con la sua giovane famiglia, che per il picnic ha fatto la \u201cscelta tattica della socca\u201d, felice di ritrovare amici e conoscenti. Suo figlio Th\u00e9odore, alla sua prima volta all\u2019evento, ha ammesso di aver apprezzato pi\u00f9 gli animali del parco che le danze popolari!<\/p>\n\n\n\n<blockquote class=\"wp-embedded-content\" data-secret=\"PnoWm37UPb\"><a href=\"https:\/\/www.monaco-tribune.com\/it\/2025\/08\/dove-fare-un-picnic-a-monaco-e-dintorni-i-posti-migliori\/\">Dove fare un picnic a Monaco e dintorni. I posti migliori<\/a><\/blockquote><iframe class=\"wp-embedded-content\" sandbox=\"allow-scripts\" security=\"restricted\" style=\"position: absolute; visibility: hidden;\" title=\"&#8220;Dove fare un picnic a Monaco e dintorni. I posti migliori&#8221; &#8212; Monaco Tribune\" src=\"https:\/\/www.monaco-tribune.com\/it\/2025\/08\/dove-fare-un-picnic-a-monaco-e-dintorni-i-posti-migliori\/embed\/#?secret=STadRtsMSU#?secret=PnoWm37UPb\" data-secret=\"PnoWm37UPb\" width=\"500\" height=\"282\" frameborder=\"0\" marginwidth=\"0\" marginheight=\"0\" scrolling=\"no\"><\/iframe>\n\n\n\n<p>Accanto allo stand dell\u2019associazione <em data-start=\"91\" data-end=\"122\">Les Petits \u00e9coliers de Monaco<\/em>, un gruppetto di bambini \u00e8 intento a dipingere \u201cpiccoli panierini in rosso e bianco\u201d, racconta la responsabile del laboratorio. \u201cOgnuno porta a casa la propria fougasse dentro al cestino e un\u2019etichetta con il nome sul retro\u201d. Novit\u00e0 di quest\u2019anno, un photobooth all\u2019ingresso, cos\u00ec che le famiglie possano portare a casa un ricordo tangibile dell&#8217;evento.<\/p>\n\n\n\n<h2 class=\"wp-block-heading\" id=\"h-un-forte-simbolo-di-identita\"><strong>Un forte simbolo di identit\u00e0<\/strong><\/h2>\n\n\n\n<p>Verso le 20, l\u2019atmosfera cambia. Sulla pista da ballo improvvisata, i membri del governo aprono le danze popolari. Presto si uniscono le famiglie, dando vita a un Madison vivace che trascina giovani e anziani in un momento di autentica comunione. <\/p>\n\n\n\n<p>Poco distante, Roberta, ex assistente di cura oggi ottantenne, osserva con gli occhi che brillano. Frequentatrice abituale del picnic, racconta con emozione: &#8220;Questa atmosfera che unisce le generazioni \u00e8 fantastica. E l\u2019orchestra \u00e8 cos\u00ec talentuosa! Questa sera sono particolarmente commossa perch\u00e9 la Principessa mi ha toccato la mano&#8221;.<\/p>\n\n\n\n<figure class=\"wp-block-gallery aligncenter has-nested-images columns-2 is-cropped wp-block-gallery-3 is-layout-flex wp-block-gallery-is-layout-flex\">\n<figure class=\"wp-block-image size-large\"><img loading=\"lazy\" decoding=\"async\" width=\"1024\" height=\"682\" data-id=\"313018\" src=\"https:\/\/www.monaco-tribune.com\/wp-content\/uploads\/2025\/09\/dsc06115-grande-1024x682.jpeg\" alt=\"\" class=\"wp-image-313018\" srcset=\"https:\/\/www.monaco-tribune.com\/wp-content\/uploads\/2025\/09\/dsc06115-grande-1024x682.jpeg 1024w, https:\/\/www.monaco-tribune.com\/wp-content\/uploads\/2025\/09\/dsc06115-grande-450x300.jpeg 450w, https:\/\/www.monaco-tribune.com\/wp-content\/uploads\/2025\/09\/dsc06115-grande.jpeg 1280w\" sizes=\"auto, (max-width: 1024px) 100vw, 1024px\" \/><\/figure>\n\n\n\n<figure class=\"wp-block-image size-large\"><img loading=\"lazy\" decoding=\"async\" width=\"1024\" height=\"682\" data-id=\"313026\" src=\"https:\/\/www.monaco-tribune.com\/wp-content\/uploads\/2025\/09\/dsc06129-grande-1024x682.jpeg\" alt=\"\" class=\"wp-image-313026\" srcset=\"https:\/\/www.monaco-tribune.com\/wp-content\/uploads\/2025\/09\/dsc06129-grande-1024x682.jpeg 1024w, https:\/\/www.monaco-tribune.com\/wp-content\/uploads\/2025\/09\/dsc06129-grande-450x300.jpeg 450w, https:\/\/www.monaco-tribune.com\/wp-content\/uploads\/2025\/09\/dsc06129-grande.jpeg 1280w\" sizes=\"auto, (max-width: 1024px) 100vw, 1024px\" \/><\/figure>\n\n\n\n<figure class=\"wp-block-image size-large\"><img loading=\"lazy\" decoding=\"async\" width=\"1024\" height=\"682\" data-id=\"313038\" src=\"https:\/\/www.monaco-tribune.com\/wp-content\/uploads\/2025\/09\/dsc06151-grande-1024x682.jpeg\" alt=\"\" class=\"wp-image-313038\" srcset=\"https:\/\/www.monaco-tribune.com\/wp-content\/uploads\/2025\/09\/dsc06151-grande-1024x682.jpeg 1024w, https:\/\/www.monaco-tribune.com\/wp-content\/uploads\/2025\/09\/dsc06151-grande-450x300.jpeg 450w, https:\/\/www.monaco-tribune.com\/wp-content\/uploads\/2025\/09\/dsc06151-grande.jpeg 1280w\" sizes=\"auto, (max-width: 1024px) 100vw, 1024px\" \/><\/figure>\n\n\n\n<figure class=\"wp-block-image size-large\"><img loading=\"lazy\" decoding=\"async\" width=\"1024\" height=\"682\" data-id=\"313034\" src=\"https:\/\/www.monaco-tribune.com\/wp-content\/uploads\/2025\/09\/dsc06144-grande-1024x682.jpeg\" alt=\"\" class=\"wp-image-313034\" srcset=\"https:\/\/www.monaco-tribune.com\/wp-content\/uploads\/2025\/09\/dsc06144-grande-1024x682.jpeg 1024w, https:\/\/www.monaco-tribune.com\/wp-content\/uploads\/2025\/09\/dsc06144-grande-450x300.jpeg 450w, https:\/\/www.monaco-tribune.com\/wp-content\/uploads\/2025\/09\/dsc06144-grande.jpeg 1280w\" sizes=\"auto, (max-width: 1024px) 100vw, 1024px\" \/><\/figure>\n\n\n\n<figure class=\"wp-block-image size-large\"><img loading=\"lazy\" decoding=\"async\" width=\"1024\" height=\"682\" data-id=\"313042\" src=\"https:\/\/www.monaco-tribune.com\/wp-content\/uploads\/2025\/09\/dsc06155-grande-1024x682.jpeg\" alt=\"\" class=\"wp-image-313042\" srcset=\"https:\/\/www.monaco-tribune.com\/wp-content\/uploads\/2025\/09\/dsc06155-grande-1024x682.jpeg 1024w, https:\/\/www.monaco-tribune.com\/wp-content\/uploads\/2025\/09\/dsc06155-grande-450x300.jpeg 450w, https:\/\/www.monaco-tribune.com\/wp-content\/uploads\/2025\/09\/dsc06155-grande.jpeg 1280w\" sizes=\"auto, (max-width: 1024px) 100vw, 1024px\" \/><figcaption class=\"wp-element-caption\">\u00a9 Benjamin Godart &#8211; Monaco Tribune<\/figcaption><\/figure>\n<\/figure>\n\n\n\n<p>Per Georges Marsan, sindaco di Monaco, l\u2019evento \u00e8 molto pi\u00f9 di un semplice intrattenimento: &#8220;\u00c8 l\u2019unico momento dell\u2019anno, forse insieme alla Festa Nazionale, in cui i monegaschi si ritrovano insieme alla Famiglia Principesca&#8221;.<\/p>\n\n\n\n<p>Una tradizione che diventa cos\u00ec un forte simbolo di identit\u00e0 locale, tanto pi\u00f9 significativo in un Principato in continua trasformazione. Marsan coglie anche l\u2019occasione per ricordare <a href=\"https:\/\/www.monaco-tribune.com\/it\/2025\/01\/jardin-exotique-mediateca-auditorium-i-grandi-progetti-per-il-2025-presentati-dal-sindaco-georges-marsan\/\">alcune date importanti:<\/a> &#8220;Abbiamo atteso vent\u2019anni la nuova mediateca, che riaprir\u00e0 le sue porte l\u2019<a href=\"https:\/\/www.monaco-tribune.com\/2025\/09\/la-mediatheque-de-monaco-rouvrira-ses-portes-au-public-le-11-decembre\/\">11 dicembre<\/a>. E soprattutto la riapertura del Giardino Esotico, prevista per il 20 ottobre&#8221;.<\/p>\n\n\n\n<p>Con il calare della sera al Parco Princesse Antoinette, il Principe Alberto II, come da tradizione, rompe con il pugno la fougasse monegasca. Poi, lentamente, le famiglie raccolgono le proprie cose. I bambini corrono ancora tra gli alberi, assaporando gli ultimi momenti di libert\u00e0 prima dell\u2019inizio del nuovo anno scolastico.<\/p>\n","protected":false},"excerpt":{"rendered":"<p>Sabato sera i monegaschi si sono riuniti al Parco Princesse Antoinette per il tradizionale picnic annuale insieme alla Famiglia Principesca. [&hellip;]<\/p>\n","protected":false},"author":82,"featured_media":313056,"comment_status":"closed","ping_status":"closed","sticky":false,"template":"","format":"standard","meta":{"_acf_changed":false,"footnotes":""},"categories":[1742,1826,1738],"tags":[2944],"post_sectags":[3757],"post_format":[2481],"class_list":["post-313088","post","type-post","status-publish","format-standard","has-post-thumbnail","hentry","category-famiglia-principesca","category-la-nostra-scelta","category-notizie","tag-principessa-charlene","sectag-principe-alberto-ii","format-reportage-it"],"acf":[],"yoast_head":"<!-- This site is optimized with the Yoast SEO Premium plugin v27.5 (Yoast SEO v27.5) - https:\/\/yoast.com\/product\/yoast-seo-premium-wordpress\/ -->\n<title>U Cavagn\u00ebtu: la Principessa Charl\u00e8ne, il Principe Alberto II e il popolo monegasco celebrano i colori delle loro tradizioni<\/title>\n<meta name=\"description\" content=\"Sabato sera i monegaschi si sono riuniti al Parco Princesse Antoinette per il tradizionale picnic annuale insieme alla Famiglia Principesca. L&#039;odore di\" \/>\n<meta name=\"robots\" content=\"index, follow, max-snippet:-1, max-image-preview:large, max-video-preview:-1\" \/>\n<link rel=\"canonical\" href=\"https:\/\/www.monaco-tribune.com\/it\/2025\/09\/u-cavagnetu-la-principessa-charlene-il-principe-alberto-ii-e-il-popolo-monegasco-celebrano-i-colori-delle-loro-tradizioni\/\" \/>\n<meta property=\"og:locale\" content=\"it_IT\" \/>\n<meta property=\"og:type\" content=\"article\" \/>\n<meta property=\"og:title\" content=\"U Cavagn\u00ebtu: la Principessa Charl\u00e8ne, il Principe Alberto II e il popolo monegasco celebrano i colori delle loro tradizioni - Monaco Tribune\" \/>\n<meta property=\"og:description\" content=\"Sabato sera i monegaschi si sono riuniti al Parco Princesse Antoinette per il tradizionale picnic annuale insieme alla Famiglia Principesca. L&#039;odore di\" \/>\n<meta property=\"og:url\" content=\"https:\/\/www.monaco-tribune.com\/it\/2025\/09\/u-cavagnetu-la-principessa-charlene-il-principe-alberto-ii-e-il-popolo-monegasco-celebrano-i-colori-delle-loro-tradizioni\/\" \/>\n<meta property=\"og:site_name\" content=\"Monaco Tribune\" \/>\n<meta property=\"article:publisher\" content=\"https:\/\/www.facebook.com\/MonacoTribune\" \/>\n<meta property=\"article:published_time\" content=\"2025-09-08T10:06:55+00:00\" \/>\n<meta property=\"article:modified_time\" content=\"2025-09-08T10:11:10+00:00\" \/>\n<meta property=\"og:image\" content=\"https:\/\/www.monaco-tribune.com\/wp-content\/uploads\/2025\/09\/img_2238-2-grande.jpeg\" \/>\n\t<meta property=\"og:image:width\" content=\"1280\" \/>\n\t<meta property=\"og:image:height\" content=\"869\" \/>\n\t<meta property=\"og:image:type\" content=\"image\/jpeg\" \/>\n<meta name=\"author\" content=\"Benjamin Godart\" \/>\n<meta name=\"twitter:card\" content=\"summary_large_image\" \/>\n<meta name=\"twitter:creator\" content=\"@MonacoTribune\" \/>\n<meta name=\"twitter:site\" content=\"@MonacoTribune\" \/>\n<script type=\"application\/ld+json\" class=\"yoast-schema-graph\">{\"@context\":\"https:\\\/\\\/schema.org\",\"@graph\":[{\"@type\":\"NewsArticle\",\"@id\":\"https:\\\/\\\/www.monaco-tribune.com\\\/it\\\/2025\\\/09\\\/u-cavagnetu-la-principessa-charlene-il-principe-alberto-ii-e-il-popolo-monegasco-celebrano-i-colori-delle-loro-tradizioni\\\/#article\",\"isPartOf\":{\"@id\":\"https:\\\/\\\/www.monaco-tribune.com\\\/it\\\/2025\\\/09\\\/u-cavagnetu-la-principessa-charlene-il-principe-alberto-ii-e-il-popolo-monegasco-celebrano-i-colori-delle-loro-tradizioni\\\/\"},\"author\":{\"name\":\"Benjamin Godart\",\"@id\":\"https:\\\/\\\/www.monaco-tribune.com\\\/it\\\/#\\\/schema\\\/person\\\/d201bd3b5aa6a9405a343cb582876e6b\"},\"headline\":\"U Cavagn\u00ebtu: la Principessa Charl\u00e8ne, il Principe Alberto II e il popolo monegasco celebrano i colori delle loro tradizioni\",\"datePublished\":\"2025-09-08T10:06:55+00:00\",\"dateModified\":\"2025-09-08T10:11:10+00:00\",\"mainEntityOfPage\":{\"@id\":\"https:\\\/\\\/www.monaco-tribune.com\\\/it\\\/2025\\\/09\\\/u-cavagnetu-la-principessa-charlene-il-principe-alberto-ii-e-il-popolo-monegasco-celebrano-i-colori-delle-loro-tradizioni\\\/\"},\"wordCount\":832,\"publisher\":{\"@id\":\"https:\\\/\\\/www.monaco-tribune.com\\\/it\\\/#organization\"},\"image\":{\"@id\":\"https:\\\/\\\/www.monaco-tribune.com\\\/it\\\/2025\\\/09\\\/u-cavagnetu-la-principessa-charlene-il-principe-alberto-ii-e-il-popolo-monegasco-celebrano-i-colori-delle-loro-tradizioni\\\/#primaryimage\"},\"thumbnailUrl\":\"https:\\\/\\\/www.monaco-tribune.com\\\/wp-content\\\/uploads\\\/2025\\\/09\\\/img_2238-2-grande.jpeg\",\"keywords\":[\"Principessa Charl\u00e8ne\"],\"articleSection\":[\"Famiglia Principesca\",\"La nostra scelta\",\"Notizie\"],\"inLanguage\":\"it-IT\",\"copyrightYear\":\"2025\",\"copyrightHolder\":{\"@id\":\"https:\\\/\\\/www.monaco-tribune.com\\\/#organization\"}},{\"@type\":\"WebPage\",\"@id\":\"https:\\\/\\\/www.monaco-tribune.com\\\/it\\\/2025\\\/09\\\/u-cavagnetu-la-principessa-charlene-il-principe-alberto-ii-e-il-popolo-monegasco-celebrano-i-colori-delle-loro-tradizioni\\\/\",\"url\":\"https:\\\/\\\/www.monaco-tribune.com\\\/it\\\/2025\\\/09\\\/u-cavagnetu-la-principessa-charlene-il-principe-alberto-ii-e-il-popolo-monegasco-celebrano-i-colori-delle-loro-tradizioni\\\/\",\"name\":\"U Cavagn\u00ebtu: la Principessa Charl\u00e8ne, il Principe Alberto II e il popolo monegasco celebrano i colori delle loro tradizioni\",\"isPartOf\":{\"@id\":\"https:\\\/\\\/www.monaco-tribune.com\\\/it\\\/#website\"},\"primaryImageOfPage\":{\"@id\":\"https:\\\/\\\/www.monaco-tribune.com\\\/it\\\/2025\\\/09\\\/u-cavagnetu-la-principessa-charlene-il-principe-alberto-ii-e-il-popolo-monegasco-celebrano-i-colori-delle-loro-tradizioni\\\/#primaryimage\"},\"image\":{\"@id\":\"https:\\\/\\\/www.monaco-tribune.com\\\/it\\\/2025\\\/09\\\/u-cavagnetu-la-principessa-charlene-il-principe-alberto-ii-e-il-popolo-monegasco-celebrano-i-colori-delle-loro-tradizioni\\\/#primaryimage\"},\"thumbnailUrl\":\"https:\\\/\\\/www.monaco-tribune.com\\\/wp-content\\\/uploads\\\/2025\\\/09\\\/img_2238-2-grande.jpeg\",\"datePublished\":\"2025-09-08T10:06:55+00:00\",\"dateModified\":\"2025-09-08T10:11:10+00:00\",\"description\":\"Sabato sera i monegaschi si sono riuniti al Parco Princesse Antoinette per il tradizionale picnic annuale insieme alla Famiglia Principesca. L'odore di\",\"breadcrumb\":{\"@id\":\"https:\\\/\\\/www.monaco-tribune.com\\\/it\\\/2025\\\/09\\\/u-cavagnetu-la-principessa-charlene-il-principe-alberto-ii-e-il-popolo-monegasco-celebrano-i-colori-delle-loro-tradizioni\\\/#breadcrumb\"},\"inLanguage\":\"it-IT\",\"potentialAction\":[{\"@type\":\"ReadAction\",\"target\":[\"https:\\\/\\\/www.monaco-tribune.com\\\/it\\\/2025\\\/09\\\/u-cavagnetu-la-principessa-charlene-il-principe-alberto-ii-e-il-popolo-monegasco-celebrano-i-colori-delle-loro-tradizioni\\\/\"]}]},{\"@type\":\"ImageObject\",\"inLanguage\":\"it-IT\",\"@id\":\"https:\\\/\\\/www.monaco-tribune.com\\\/it\\\/2025\\\/09\\\/u-cavagnetu-la-principessa-charlene-il-principe-alberto-ii-e-il-popolo-monegasco-celebrano-i-colori-delle-loro-tradizioni\\\/#primaryimage\",\"url\":\"https:\\\/\\\/www.monaco-tribune.com\\\/wp-content\\\/uploads\\\/2025\\\/09\\\/img_2238-2-grande.jpeg\",\"contentUrl\":\"https:\\\/\\\/www.monaco-tribune.com\\\/wp-content\\\/uploads\\\/2025\\\/09\\\/img_2238-2-grande.jpeg\",\"width\":1280,\"height\":869,\"caption\":\"Il Principe Alberto II, la Principessa Charl\u00e8ne e i loro figli, Jacques e Gabriella, hanno assistito a una danza popolare monegasca \u00a9 Benjamin Godart - Monaco Tribune\"},{\"@type\":\"BreadcrumbList\",\"@id\":\"https:\\\/\\\/www.monaco-tribune.com\\\/it\\\/2025\\\/09\\\/u-cavagnetu-la-principessa-charlene-il-principe-alberto-ii-e-il-popolo-monegasco-celebrano-i-colori-delle-loro-tradizioni\\\/#breadcrumb\",\"itemListElement\":[{\"@type\":\"ListItem\",\"position\":1,\"name\":\"Accueil\",\"item\":\"https:\\\/\\\/www.monaco-tribune.com\\\/it\\\/\"},{\"@type\":\"ListItem\",\"position\":2,\"name\":\"U Cavagn\u00ebtu: la Principessa Charl\u00e8ne, il Principe Alberto II e il popolo monegasco celebrano i colori delle loro tradizioni\"}]},{\"@type\":\"WebSite\",\"@id\":\"https:\\\/\\\/www.monaco-tribune.com\\\/it\\\/#website\",\"url\":\"https:\\\/\\\/www.monaco-tribune.com\\\/it\\\/\",\"name\":\"Monaco Tribune\",\"description\":\"Monaco : actualit\u00e9s \u00e9conomiques, politiques, culturelles et sportives de Monaco et de la French Riviera.\",\"publisher\":{\"@id\":\"https:\\\/\\\/www.monaco-tribune.com\\\/it\\\/#organization\"},\"potentialAction\":[{\"@type\":\"SearchAction\",\"target\":{\"@type\":\"EntryPoint\",\"urlTemplate\":\"https:\\\/\\\/www.monaco-tribune.com\\\/it\\\/?s={search_term_string}\"},\"query-input\":{\"@type\":\"PropertyValueSpecification\",\"valueRequired\":true,\"valueName\":\"search_term_string\"}}],\"inLanguage\":\"it-IT\"},{\"@type\":\"Organization\",\"@id\":\"https:\\\/\\\/www.monaco-tribune.com\\\/it\\\/#organization\",\"name\":\"Monaco Tribune\",\"url\":\"https:\\\/\\\/www.monaco-tribune.com\\\/it\\\/\",\"logo\":{\"@type\":\"ImageObject\",\"inLanguage\":\"it-IT\",\"@id\":\"https:\\\/\\\/www.monaco-tribune.com\\\/it\\\/#\\\/schema\\\/logo\\\/image\\\/\",\"url\":\"https:\\\/\\\/www.monaco-tribune.com\\\/wp-content\\\/uploads\\\/2022\\\/11\\\/logo-monaco-tribune.png\",\"contentUrl\":\"https:\\\/\\\/www.monaco-tribune.com\\\/wp-content\\\/uploads\\\/2022\\\/11\\\/logo-monaco-tribune.png\",\"width\":1548,\"height\":600,\"caption\":\"Monaco Tribune\"},\"image\":{\"@id\":\"https:\\\/\\\/www.monaco-tribune.com\\\/it\\\/#\\\/schema\\\/logo\\\/image\\\/\"},\"sameAs\":[\"https:\\\/\\\/www.facebook.com\\\/MonacoTribune\",\"https:\\\/\\\/x.com\\\/MonacoTribune\",\"https:\\\/\\\/www.instagram.com\\\/monacotribune\\\/\",\"https:\\\/\\\/www.linkedin.com\\\/company\\\/monaco-tribune\",\"https:\\\/\\\/www.youtube.com\\\/channel\\\/UCHle1MnG6hw1y4lWKijVbMA\"]},{\"@type\":\"Person\",\"@id\":\"https:\\\/\\\/www.monaco-tribune.com\\\/it\\\/#\\\/schema\\\/person\\\/d201bd3b5aa6a9405a343cb582876e6b\",\"name\":\"Benjamin Godart\",\"image\":{\"@type\":\"ImageObject\",\"inLanguage\":\"it-IT\",\"@id\":\"https:\\\/\\\/secure.gravatar.com\\\/avatar\\\/497d42825162d88d88f4d1527d8d9791abdd62e977b6ae137f2a93f8450f5286?s=96&d=mm&r=g\",\"url\":\"https:\\\/\\\/secure.gravatar.com\\\/avatar\\\/497d42825162d88d88f4d1527d8d9791abdd62e977b6ae137f2a93f8450f5286?s=96&d=mm&r=g\",\"contentUrl\":\"https:\\\/\\\/secure.gravatar.com\\\/avatar\\\/497d42825162d88d88f4d1527d8d9791abdd62e977b6ae137f2a93f8450f5286?s=96&d=mm&r=g\",\"caption\":\"Benjamin Godart\"},\"url\":\"https:\\\/\\\/www.monaco-tribune.com\\\/it\\\/author\\\/benjamingodart\\\/\"}]}<\/script>\n<!-- \/ Yoast SEO Premium plugin. -->","yoast_head_json":{"title":"U Cavagn\u00ebtu: la Principessa Charl\u00e8ne, il Principe Alberto II e il popolo monegasco celebrano i colori delle loro tradizioni","description":"Sabato sera i monegaschi si sono riuniti al Parco Princesse Antoinette per il tradizionale picnic annuale insieme alla Famiglia Principesca. L'odore di","robots":{"index":"index","follow":"follow","max-snippet":"max-snippet:-1","max-image-preview":"max-image-preview:large","max-video-preview":"max-video-preview:-1"},"canonical":"https:\/\/www.monaco-tribune.com\/it\/2025\/09\/u-cavagnetu-la-principessa-charlene-il-principe-alberto-ii-e-il-popolo-monegasco-celebrano-i-colori-delle-loro-tradizioni\/","og_locale":"it_IT","og_type":"article","og_title":"U Cavagn\u00ebtu: la Principessa Charl\u00e8ne, il Principe Alberto II e il popolo monegasco celebrano i colori delle loro tradizioni - Monaco Tribune","og_description":"Sabato sera i monegaschi si sono riuniti al Parco Princesse Antoinette per il tradizionale picnic annuale insieme alla Famiglia Principesca. L'odore di","og_url":"https:\/\/www.monaco-tribune.com\/it\/2025\/09\/u-cavagnetu-la-principessa-charlene-il-principe-alberto-ii-e-il-popolo-monegasco-celebrano-i-colori-delle-loro-tradizioni\/","og_site_name":"Monaco Tribune","article_publisher":"https:\/\/www.facebook.com\/MonacoTribune","article_published_time":"2025-09-08T10:06:55+00:00","article_modified_time":"2025-09-08T10:11:10+00:00","og_image":[{"width":1280,"height":869,"url":"https:\/\/www.monaco-tribune.com\/wp-content\/uploads\/2025\/09\/img_2238-2-grande.jpeg","type":"image\/jpeg"}],"author":"Benjamin Godart","twitter_card":"summary_large_image","twitter_creator":"@MonacoTribune","twitter_site":"@MonacoTribune","schema":{"@context":"https:\/\/schema.org","@graph":[{"@type":"NewsArticle","@id":"https:\/\/www.monaco-tribune.com\/it\/2025\/09\/u-cavagnetu-la-principessa-charlene-il-principe-alberto-ii-e-il-popolo-monegasco-celebrano-i-colori-delle-loro-tradizioni\/#article","isPartOf":{"@id":"https:\/\/www.monaco-tribune.com\/it\/2025\/09\/u-cavagnetu-la-principessa-charlene-il-principe-alberto-ii-e-il-popolo-monegasco-celebrano-i-colori-delle-loro-tradizioni\/"},"author":{"name":"Benjamin Godart","@id":"https:\/\/www.monaco-tribune.com\/it\/#\/schema\/person\/d201bd3b5aa6a9405a343cb582876e6b"},"headline":"U Cavagn\u00ebtu: la Principessa Charl\u00e8ne, il Principe Alberto II e il popolo monegasco celebrano i colori delle loro tradizioni","datePublished":"2025-09-08T10:06:55+00:00","dateModified":"2025-09-08T10:11:10+00:00","mainEntityOfPage":{"@id":"https:\/\/www.monaco-tribune.com\/it\/2025\/09\/u-cavagnetu-la-principessa-charlene-il-principe-alberto-ii-e-il-popolo-monegasco-celebrano-i-colori-delle-loro-tradizioni\/"},"wordCount":832,"publisher":{"@id":"https:\/\/www.monaco-tribune.com\/it\/#organization"},"image":{"@id":"https:\/\/www.monaco-tribune.com\/it\/2025\/09\/u-cavagnetu-la-principessa-charlene-il-principe-alberto-ii-e-il-popolo-monegasco-celebrano-i-colori-delle-loro-tradizioni\/#primaryimage"},"thumbnailUrl":"https:\/\/www.monaco-tribune.com\/wp-content\/uploads\/2025\/09\/img_2238-2-grande.jpeg","keywords":["Principessa Charl\u00e8ne"],"articleSection":["Famiglia Principesca","La nostra scelta","Notizie"],"inLanguage":"it-IT","copyrightYear":"2025","copyrightHolder":{"@id":"https:\/\/www.monaco-tribune.com\/#organization"}},{"@type":"WebPage","@id":"https:\/\/www.monaco-tribune.com\/it\/2025\/09\/u-cavagnetu-la-principessa-charlene-il-principe-alberto-ii-e-il-popolo-monegasco-celebrano-i-colori-delle-loro-tradizioni\/","url":"https:\/\/www.monaco-tribune.com\/it\/2025\/09\/u-cavagnetu-la-principessa-charlene-il-principe-alberto-ii-e-il-popolo-monegasco-celebrano-i-colori-delle-loro-tradizioni\/","name":"U Cavagn\u00ebtu: la Principessa Charl\u00e8ne, il Principe Alberto II e il popolo monegasco celebrano i colori delle loro tradizioni","isPartOf":{"@id":"https:\/\/www.monaco-tribune.com\/it\/#website"},"primaryImageOfPage":{"@id":"https:\/\/www.monaco-tribune.com\/it\/2025\/09\/u-cavagnetu-la-principessa-charlene-il-principe-alberto-ii-e-il-popolo-monegasco-celebrano-i-colori-delle-loro-tradizioni\/#primaryimage"},"image":{"@id":"https:\/\/www.monaco-tribune.com\/it\/2025\/09\/u-cavagnetu-la-principessa-charlene-il-principe-alberto-ii-e-il-popolo-monegasco-celebrano-i-colori-delle-loro-tradizioni\/#primaryimage"},"thumbnailUrl":"https:\/\/www.monaco-tribune.com\/wp-content\/uploads\/2025\/09\/img_2238-2-grande.jpeg","datePublished":"2025-09-08T10:06:55+00:00","dateModified":"2025-09-08T10:11:10+00:00","description":"Sabato sera i monegaschi si sono riuniti al Parco Princesse Antoinette per il tradizionale picnic annuale insieme alla Famiglia Principesca. L'odore di","breadcrumb":{"@id":"https:\/\/www.monaco-tribune.com\/it\/2025\/09\/u-cavagnetu-la-principessa-charlene-il-principe-alberto-ii-e-il-popolo-monegasco-celebrano-i-colori-delle-loro-tradizioni\/#breadcrumb"},"inLanguage":"it-IT","potentialAction":[{"@type":"ReadAction","target":["https:\/\/www.monaco-tribune.com\/it\/2025\/09\/u-cavagnetu-la-principessa-charlene-il-principe-alberto-ii-e-il-popolo-monegasco-celebrano-i-colori-delle-loro-tradizioni\/"]}]},{"@type":"ImageObject","inLanguage":"it-IT","@id":"https:\/\/www.monaco-tribune.com\/it\/2025\/09\/u-cavagnetu-la-principessa-charlene-il-principe-alberto-ii-e-il-popolo-monegasco-celebrano-i-colori-delle-loro-tradizioni\/#primaryimage","url":"https:\/\/www.monaco-tribune.com\/wp-content\/uploads\/2025\/09\/img_2238-2-grande.jpeg","contentUrl":"https:\/\/www.monaco-tribune.com\/wp-content\/uploads\/2025\/09\/img_2238-2-grande.jpeg","width":1280,"height":869,"caption":"Il Principe Alberto II, la Principessa Charl\u00e8ne e i loro figli, Jacques e Gabriella, hanno assistito a una danza popolare monegasca \u00a9 Benjamin Godart - Monaco Tribune"},{"@type":"BreadcrumbList","@id":"https:\/\/www.monaco-tribune.com\/it\/2025\/09\/u-cavagnetu-la-principessa-charlene-il-principe-alberto-ii-e-il-popolo-monegasco-celebrano-i-colori-delle-loro-tradizioni\/#breadcrumb","itemListElement":[{"@type":"ListItem","position":1,"name":"Accueil","item":"https:\/\/www.monaco-tribune.com\/it\/"},{"@type":"ListItem","position":2,"name":"U Cavagn\u00ebtu: la Principessa Charl\u00e8ne, il Principe Alberto II e il popolo monegasco celebrano i colori delle loro tradizioni"}]},{"@type":"WebSite","@id":"https:\/\/www.monaco-tribune.com\/it\/#website","url":"https:\/\/www.monaco-tribune.com\/it\/","name":"Monaco Tribune","description":"Monaco : actualit\u00e9s \u00e9conomiques, politiques, culturelles et sportives de Monaco et de la French Riviera.","publisher":{"@id":"https:\/\/www.monaco-tribune.com\/it\/#organization"},"potentialAction":[{"@type":"SearchAction","target":{"@type":"EntryPoint","urlTemplate":"https:\/\/www.monaco-tribune.com\/it\/?s={search_term_string}"},"query-input":{"@type":"PropertyValueSpecification","valueRequired":true,"valueName":"search_term_string"}}],"inLanguage":"it-IT"},{"@type":"Organization","@id":"https:\/\/www.monaco-tribune.com\/it\/#organization","name":"Monaco Tribune","url":"https:\/\/www.monaco-tribune.com\/it\/","logo":{"@type":"ImageObject","inLanguage":"it-IT","@id":"https:\/\/www.monaco-tribune.com\/it\/#\/schema\/logo\/image\/","url":"https:\/\/www.monaco-tribune.com\/wp-content\/uploads\/2022\/11\/logo-monaco-tribune.png","contentUrl":"https:\/\/www.monaco-tribune.com\/wp-content\/uploads\/2022\/11\/logo-monaco-tribune.png","width":1548,"height":600,"caption":"Monaco Tribune"},"image":{"@id":"https:\/\/www.monaco-tribune.com\/it\/#\/schema\/logo\/image\/"},"sameAs":["https:\/\/www.facebook.com\/MonacoTribune","https:\/\/x.com\/MonacoTribune","https:\/\/www.instagram.com\/monacotribune\/","https:\/\/www.linkedin.com\/company\/monaco-tribune","https:\/\/www.youtube.com\/channel\/UCHle1MnG6hw1y4lWKijVbMA"]},{"@type":"Person","@id":"https:\/\/www.monaco-tribune.com\/it\/#\/schema\/person\/d201bd3b5aa6a9405a343cb582876e6b","name":"Benjamin Godart","image":{"@type":"ImageObject","inLanguage":"it-IT","@id":"https:\/\/secure.gravatar.com\/avatar\/497d42825162d88d88f4d1527d8d9791abdd62e977b6ae137f2a93f8450f5286?s=96&d=mm&r=g","url":"https:\/\/secure.gravatar.com\/avatar\/497d42825162d88d88f4d1527d8d9791abdd62e977b6ae137f2a93f8450f5286?s=96&d=mm&r=g","contentUrl":"https:\/\/secure.gravatar.com\/avatar\/497d42825162d88d88f4d1527d8d9791abdd62e977b6ae137f2a93f8450f5286?s=96&d=mm&r=g","caption":"Benjamin Godart"},"url":"https:\/\/www.monaco-tribune.com\/it\/author\/benjamingodart\/"}]}},"_links":{"self":[{"href":"https:\/\/www.monaco-tribune.com\/it\/wp-json\/wp\/v2\/posts\/313088","targetHints":{"allow":["GET"]}}],"collection":[{"href":"https:\/\/www.monaco-tribune.com\/it\/wp-json\/wp\/v2\/posts"}],"about":[{"href":"https:\/\/www.monaco-tribune.com\/it\/wp-json\/wp\/v2\/types\/post"}],"author":[{"embeddable":true,"href":"https:\/\/www.monaco-tribune.com\/it\/wp-json\/wp\/v2\/users\/82"}],"replies":[{"embeddable":true,"href":"https:\/\/www.monaco-tribune.com\/it\/wp-json\/wp\/v2\/comments?post=313088"}],"version-history":[{"count":2,"href":"https:\/\/www.monaco-tribune.com\/it\/wp-json\/wp\/v2\/posts\/313088\/revisions"}],"predecessor-version":[{"id":313094,"href":"https:\/\/www.monaco-tribune.com\/it\/wp-json\/wp\/v2\/posts\/313088\/revisions\/313094"}],"wp:featuredmedia":[{"embeddable":true,"href":"https:\/\/www.monaco-tribune.com\/it\/wp-json\/wp\/v2\/media\/313056"}],"wp:attachment":[{"href":"https:\/\/www.monaco-tribune.com\/it\/wp-json\/wp\/v2\/media?parent=313088"}],"wp:term":[{"taxonomy":"category","embeddable":true,"href":"https:\/\/www.monaco-tribune.com\/it\/wp-json\/wp\/v2\/categories?post=313088"},{"taxonomy":"post_tag","embeddable":true,"href":"https:\/\/www.monaco-tribune.com\/it\/wp-json\/wp\/v2\/tags?post=313088"},{"taxonomy":"sectag","embeddable":true,"href":"https:\/\/www.monaco-tribune.com\/it\/wp-json\/wp\/v2\/post_sectags?post=313088"},{"taxonomy":"format","embeddable":true,"href":"https:\/\/www.monaco-tribune.com\/it\/wp-json\/wp\/v2\/post_format?post=313088"}],"curies":[{"name":"wp","href":"https:\/\/api.w.org\/{rel}","templated":true}]}}