{"id":31513,"date":"2020-07-02T18:57:53","date_gmt":"2020-07-02T16:57:53","guid":{"rendered":"https:\/\/www.monaco-tribune.com\/2020\/07\/come-possono-sopravvivere-alla-crisi-del-covid-19-i-saloni-di-lusso-e-automobilistici\/"},"modified":"2020-07-06T17:02:14","modified_gmt":"2020-07-06T15:02:14","slug":"come-possono-sopravvivere-alla-crisi-del-covid-19-i-saloni-di-lusso-e-automobilistici","status":"publish","type":"post","link":"https:\/\/www.monaco-tribune.com\/it\/2020\/07\/come-possono-sopravvivere-alla-crisi-del-covid-19-i-saloni-di-lusso-e-automobilistici\/","title":{"rendered":"Come possono sopravvivere alla crisi del Covid-19 i saloni di lusso e automobilistici?"},"content":{"rendered":"\n<p><strong>Tra i settori pi\u00f9 colpiti dalla crisi economica e sanitaria legata alla pandemia del Covid-19, le esposizioni, le fiere gli eventi in generale stanno cercando di riprendersi senza desistere. A Monaco, due dei pi\u00f9 importanti eventi di lusso e automobilistici (Top Marques Monaco e Monaco SIAM) sono stati annullati quest\u2019anno a causa del Coronavirus. Manoj Bairstow, co-fondatore di Top Marques Monaco, Salim Zeghdar, amministratore di Top Marques Monaco e Nicolas Hesse, proprietario di Monaco SIAM, hanno espresso le loro sensazioni riguardo questa crisi senza precedenti, senza omettere il futuro della loro attivit\u00e0.<\/strong><\/p>\n\n\n\n<p>Dovranno pazientare ancora alcune settimane. Mentre molti settori hanno potuto riprendere normalmente la propria attivit\u00e0 dalla fine del lockdown, il mondo delle fiere e delle esposizioni non potr\u00e0 ripartire sino a settembre. Questo dannegger\u00e0 seriamente l\u2019economia di un settore che non ha mancato di dare l\u2019allarme, anche se i suoi attori preferiti rimangono ottimisti riguardo il futuro. \u201c<em>La crisi del Coronavirus ha ribaltato completamente le carte per numerosi settori, in particolare, il settore degli eventi e dell\u2019organizzazione di fiere, che rappresenta uno dei pi\u00f9 colpiti\u201d<\/em> ammette <a href=\"https:\/\/www.monaco-tribune.com\/it\/2020\/04\/come-creare-un-autosalone-di-successo-intervista-a-nicolas-hesse\/\">Nicolas Hesse<\/a>, proprietario del <a href=\"https:\/\/www.monaco-tribune.com\/it\/2020\/03\/video-il-salone-del-mobile-a-montecarlo-2020\/\">Monaco SIAM<\/a>. \u201c<em>Per rilanciare l\u2019economia, sar\u00e0 necessario adattarsi a livello sanitario, ripensando l\u2019offerta prendendo in considerazione la grave crisi economica che stanno subendo anche i nostri clienti, espositori e visitatori. Dobbiamo tornare alle basi con offerte e tariffe adatte e pi\u00f9 che mai sorprendere con l\u2019innovazione nell\u2019organizzazione\u201d<\/em>, continua. \u201c<em>In cambio e nel loro interesse, gli espositori dovranno anche stare al gioco e presentare un contenuto di qualit\u00e0 di gran lunga superiore con prodotti nuovi per attirare pi\u00f9 visitatori. Non bisogna dimenticare che i Saloni sono dei formidabili strumenti di comunicazione, di marketing e di vendita e che in questo periodo di distanziamento sociale, restano un mezzo privilegiato per incontrare clienti e potenziali clienti\u201d.<\/em><\/p>\n\n\n\n<blockquote class=\"wp-block-quote is-layout-flow wp-block-quote-is-layout-flow\"><p>Preferiscono vendere le loro macchine sui social network. \u00c8 un nuovo modo di vendere.<\/p><\/blockquote>\n\n\n\n<div class=\"wp-block-image\"><figure class=\"aligncenter size-large\"><img loading=\"lazy\" decoding=\"async\" width=\"1024\" height=\"683\" src=\"https:\/\/www.monaco-tribune.com\/wp-content\/uploads\/2020\/06\/97b032fd8f8d443d31f72ccf-1350-900-1024x683.jpg\" alt=\"\" class=\"wp-image-31248\" srcset=\"https:\/\/www.monaco-tribune.com\/wp-content\/uploads\/2020\/06\/97b032fd8f8d443d31f72ccf-1350-900-1024x683.jpg 1024w, https:\/\/www.monaco-tribune.com\/wp-content\/uploads\/2020\/06\/97b032fd8f8d443d31f72ccf-1350-900-450x300.jpg 450w, https:\/\/www.monaco-tribune.com\/wp-content\/uploads\/2020\/06\/97b032fd8f8d443d31f72ccf-1350-900.jpg 1350w\" sizes=\"auto, (max-width: 1024px) 100vw, 1024px\" \/><figcaption>Monaco SIAM <\/figcaption><\/figure><\/div>\n\n\n\n<p>Salim Zeghdar, proprietario di Top Marques, condivide questa osservazione, ma non manca di sottolineare l&#8217;ascesa di internet e dei social network nelle strategie di marketing dei produttori:\u201d Stiamo<em> cercando di pensare a nuove direzioni e a nuovi modelli. In generale, le fiere tendono a diminuire, i produttori rinnovano meno la loro presenza. A Ginevra, molte marche non vengono. Preferiscono vendere le loro macchine sui social network. \u00c8 un nuovo modo di vendere. I lanci mediatici o gli ordini di auto oggi sono effettuati su internet\u201d. <\/em>Nuovi metodi che potrebbero far scomparire i saloni automobilistici? \u201c<em>I saloni che sopravvivranno sono saloni che, secondo me, si reinventeranno\u201d,<\/em> dice Salim Zeghdar. \u201c<em>Dal canto nostro, abbiamo ripensato il salone Top Marques Monaco concentrandoci sulle super car e sulle hyper car di tutto il mondo e sulle loro nuove tecnologie. Il vantaggio di essere a Monaco, \u00e8 che c\u2019\u00e8 un gran numero di collezionisti e amanti di auto, e quindi non siamo tanto preoccupati per il prossimo anno. Tutti i produttori ci hanno confermato la loro presenza il prossimo anno. Speriamo che per allora, la situazione si sia sviluppata positivamente\u201d.<\/em><\/p>\n\n\n\n<blockquote class=\"wp-block-quote is-layout-flow wp-block-quote-is-layout-flow\"><p>Monaco sar\u00e0 sempre un luogo attraente per gli sponsor e gli espositori.<\/p><\/blockquote>\n\n\n\n<p>Se il Salone di Ginevra e il Salone dell\u2019automobile di Parigi stanno attraversando un periodo difficile che potrebbe portare alla loro scomparsa a breve o medio termine, Monaco, dal canto suo, non dovrebbe essere troppo colpita dalla crisi in futuro. \u201c<em>Monaco sar\u00e0 sempre un luogo attraente per gli sponsor e gli espositori, grazie al suo carattere unico, la sua posizione, il suo clima e la sua situazione economica\u201d<\/em>, assicura Manoj Bairstow, co-fondatore di Top Marques Monaco. \u201c<em>Sono davvero fiducioso del fatto che i pi\u00f9 grandi eventi a Monaco si svolgeranno senza intoppi. E se non sopravvivono,<\/em> <em>penso che sarebbe pi\u00f9 come se le conseguenze interne fossero state amplificate dal Covid-19. Sono davvero molto positivo e credo che a medio-lungo termine, non ci sar\u00e0 un impatto significativo. Un esempio perfetto \u00e8 la crisi finanziaria del 2008, che \u00e8 stata molto pi\u00f9 lunga e senza dubbio la pi\u00f9 deleteria dal punto di vista finanziario in generale. Monaco ne \u00e8 uscita indenne\u201d.<\/em> Nonostante un bilancio 2020 contrastato, l\u2019ottimismo sembra essere all\u2019ordine del giorno. \u201c<em>Nonostante il SIAM si sia mantenuto, abbiamo subito all\u2019ultimo minuto il 25% di cancellazioni di espositori, compresi tutti gli eventi, e vi \u00e8 stata una diminuzione del 70% del numero di visitatori, anche se il Salone \u00e8 stato il pi\u00f9 riuscito in termini di formato e contenuti&#8221;<\/em> riconosce Nicolas Hesse. \u201c<em>I visitatori hanno avuto paura e non sono venuti. Penso che sar\u00e0 difficile per Parigi e Ginevra riprendersi, poich\u00e9 la loro crisi (<\/em>calo delle presenze e calo del numero di espositori) <em>non \u00e8 iniziata con quella del Covid-19. Secondo me Monaco SIAM ha grandi chance di svilupparsi nei prossimi anni, poich\u00e9 il formato piace e corrisponde alla vera richiesta degli espositori e dei visitatori. Ma di fronte alle sfide di questa crisi senza precedenti, il Principato di Monaco duplicherebbe le sue possibilit\u00e0 di avere un grande Salone dell\u2019Automobile se i diversi saloni monegaschi unissero le loro forze e diventassero alleati piuttosto che concorrenti\u201d.<\/em><\/p>\n","protected":false},"excerpt":{"rendered":"<p>Tra i settori pi\u00f9 colpiti dalla crisi economica e sanitaria legata alla pandemia del Covid-19, le esposizioni, le fiere gli [&hellip;]<\/p>\n","protected":false},"author":24,"featured_media":31254,"comment_status":"closed","ping_status":"open","sticky":false,"template":"","format":"standard","meta":{"_acf_changed":false,"footnotes":""},"categories":[1739,1826,1738],"tags":[2886],"post_sectags":[],"post_format":[2475],"class_list":["post-31513","post","type-post","status-publish","format-standard","has-post-thumbnail","hentry","category-business-it","category-la-nostra-scelta","category-notizie","tag-covid-19-it","format-inchiesta"],"acf":[],"yoast_head":"<!-- This site is optimized with the Yoast SEO Premium plugin v26.8 (Yoast SEO v27.4) - https:\/\/yoast.com\/product\/yoast-seo-premium-wordpress\/ -->\n<title>Come possono sopravvivere alla crisi del Covid-19 i saloni di lusso e automobilistici?<\/title>\n<meta name=\"description\" content=\"Tra i settori pi\u00f9 colpiti dalla crisi economica e sanitaria legata alla pandemia del Covid-19, le esposizioni, le fiere gli eventi in generale stanno\" \/>\n<meta name=\"robots\" content=\"index, follow, max-snippet:-1, max-image-preview:large, max-video-preview:-1\" \/>\n<link rel=\"canonical\" href=\"https:\/\/www.monaco-tribune.com\/it\/2020\/07\/come-possono-sopravvivere-alla-crisi-del-covid-19-i-saloni-di-lusso-e-automobilistici\/\" \/>\n<meta property=\"og:locale\" content=\"it_IT\" \/>\n<meta property=\"og:type\" content=\"article\" \/>\n<meta property=\"og:title\" content=\"Come possono sopravvivere alla crisi del Covid-19 i saloni di lusso e automobilistici? - Monaco Tribune\" \/>\n<meta property=\"og:description\" content=\"Tra i settori pi\u00f9 colpiti dalla crisi economica e sanitaria legata alla pandemia del Covid-19, le esposizioni, le fiere gli eventi in generale stanno\" \/>\n<meta property=\"og:url\" content=\"https:\/\/www.monaco-tribune.com\/it\/2020\/07\/come-possono-sopravvivere-alla-crisi-del-covid-19-i-saloni-di-lusso-e-automobilistici\/\" \/>\n<meta property=\"og:site_name\" content=\"Monaco Tribune\" \/>\n<meta property=\"article:publisher\" content=\"https:\/\/www.facebook.com\/MonacoTribune\" \/>\n<meta property=\"article:published_time\" content=\"2020-07-02T16:57:53+00:00\" \/>\n<meta property=\"article:modified_time\" content=\"2020-07-06T15:02:14+00:00\" \/>\n<meta property=\"og:image\" content=\"https:\/\/www.monaco-tribune.com\/wp-content\/uploads\/2020\/06\/top-marques-monaco-monaco-2.jpg\" \/>\n\t<meta property=\"og:image:width\" content=\"1200\" \/>\n\t<meta property=\"og:image:height\" content=\"672\" \/>\n\t<meta property=\"og:image:type\" content=\"image\/jpeg\" \/>\n<meta name=\"author\" content=\"Romain Boisaubert\" \/>\n<meta name=\"twitter:card\" content=\"summary_large_image\" \/>\n<meta name=\"twitter:creator\" content=\"@MonacoTribune\" \/>\n<meta name=\"twitter:site\" content=\"@MonacoTribune\" \/>\n<script type=\"application\/ld+json\" class=\"yoast-schema-graph\">{\"@context\":\"https:\\\/\\\/schema.org\",\"@graph\":[{\"@type\":\"NewsArticle\",\"@id\":\"https:\\\/\\\/www.monaco-tribune.com\\\/it\\\/2020\\\/07\\\/come-possono-sopravvivere-alla-crisi-del-covid-19-i-saloni-di-lusso-e-automobilistici\\\/#article\",\"isPartOf\":{\"@id\":\"https:\\\/\\\/www.monaco-tribune.com\\\/it\\\/2020\\\/07\\\/come-possono-sopravvivere-alla-crisi-del-covid-19-i-saloni-di-lusso-e-automobilistici\\\/\"},\"author\":{\"name\":\"Romain Boisaubert\",\"@id\":\"https:\\\/\\\/www.monaco-tribune.com\\\/it\\\/#\\\/schema\\\/person\\\/330a3732947cf8cb41b2533a0eadd62e\"},\"headline\":\"Come possono sopravvivere alla crisi del Covid-19 i saloni di lusso e automobilistici?\",\"datePublished\":\"2020-07-02T16:57:53+00:00\",\"dateModified\":\"2020-07-06T15:02:14+00:00\",\"mainEntityOfPage\":{\"@id\":\"https:\\\/\\\/www.monaco-tribune.com\\\/it\\\/2020\\\/07\\\/come-possono-sopravvivere-alla-crisi-del-covid-19-i-saloni-di-lusso-e-automobilistici\\\/\"},\"wordCount\":845,\"publisher\":{\"@id\":\"https:\\\/\\\/www.monaco-tribune.com\\\/it\\\/#organization\"},\"image\":{\"@id\":\"https:\\\/\\\/www.monaco-tribune.com\\\/it\\\/2020\\\/07\\\/come-possono-sopravvivere-alla-crisi-del-covid-19-i-saloni-di-lusso-e-automobilistici\\\/#primaryimage\"},\"thumbnailUrl\":\"https:\\\/\\\/www.monaco-tribune.com\\\/wp-content\\\/uploads\\\/2020\\\/06\\\/top-marques-monaco-monaco-2.jpg\",\"keywords\":[\"Covid-19\"],\"articleSection\":[\"Business\",\"La nostra scelta\",\"Notizie\"],\"inLanguage\":\"it-IT\",\"copyrightYear\":\"2020\",\"copyrightHolder\":{\"@id\":\"https:\\\/\\\/www.monaco-tribune.com\\\/#organization\"}},{\"@type\":\"WebPage\",\"@id\":\"https:\\\/\\\/www.monaco-tribune.com\\\/it\\\/2020\\\/07\\\/come-possono-sopravvivere-alla-crisi-del-covid-19-i-saloni-di-lusso-e-automobilistici\\\/\",\"url\":\"https:\\\/\\\/www.monaco-tribune.com\\\/it\\\/2020\\\/07\\\/come-possono-sopravvivere-alla-crisi-del-covid-19-i-saloni-di-lusso-e-automobilistici\\\/\",\"name\":\"Come possono sopravvivere alla crisi del Covid-19 i saloni di lusso e automobilistici?\",\"isPartOf\":{\"@id\":\"https:\\\/\\\/www.monaco-tribune.com\\\/it\\\/#website\"},\"primaryImageOfPage\":{\"@id\":\"https:\\\/\\\/www.monaco-tribune.com\\\/it\\\/2020\\\/07\\\/come-possono-sopravvivere-alla-crisi-del-covid-19-i-saloni-di-lusso-e-automobilistici\\\/#primaryimage\"},\"image\":{\"@id\":\"https:\\\/\\\/www.monaco-tribune.com\\\/it\\\/2020\\\/07\\\/come-possono-sopravvivere-alla-crisi-del-covid-19-i-saloni-di-lusso-e-automobilistici\\\/#primaryimage\"},\"thumbnailUrl\":\"https:\\\/\\\/www.monaco-tribune.com\\\/wp-content\\\/uploads\\\/2020\\\/06\\\/top-marques-monaco-monaco-2.jpg\",\"datePublished\":\"2020-07-02T16:57:53+00:00\",\"dateModified\":\"2020-07-06T15:02:14+00:00\",\"description\":\"Tra i settori pi\u00f9 colpiti dalla crisi economica e sanitaria legata alla pandemia del Covid-19, le esposizioni, le fiere gli eventi in generale stanno\",\"breadcrumb\":{\"@id\":\"https:\\\/\\\/www.monaco-tribune.com\\\/it\\\/2020\\\/07\\\/come-possono-sopravvivere-alla-crisi-del-covid-19-i-saloni-di-lusso-e-automobilistici\\\/#breadcrumb\"},\"inLanguage\":\"it-IT\",\"potentialAction\":[{\"@type\":\"ReadAction\",\"target\":[\"https:\\\/\\\/www.monaco-tribune.com\\\/it\\\/2020\\\/07\\\/come-possono-sopravvivere-alla-crisi-del-covid-19-i-saloni-di-lusso-e-automobilistici\\\/\"]}]},{\"@type\":\"ImageObject\",\"inLanguage\":\"it-IT\",\"@id\":\"https:\\\/\\\/www.monaco-tribune.com\\\/it\\\/2020\\\/07\\\/come-possono-sopravvivere-alla-crisi-del-covid-19-i-saloni-di-lusso-e-automobilistici\\\/#primaryimage\",\"url\":\"https:\\\/\\\/www.monaco-tribune.com\\\/wp-content\\\/uploads\\\/2020\\\/06\\\/top-marques-monaco-monaco-2.jpg\",\"contentUrl\":\"https:\\\/\\\/www.monaco-tribune.com\\\/wp-content\\\/uploads\\\/2020\\\/06\\\/top-marques-monaco-monaco-2.jpg\",\"width\":1200,\"height\":672,\"caption\":\"Top Marques Monaco\"},{\"@type\":\"BreadcrumbList\",\"@id\":\"https:\\\/\\\/www.monaco-tribune.com\\\/it\\\/2020\\\/07\\\/come-possono-sopravvivere-alla-crisi-del-covid-19-i-saloni-di-lusso-e-automobilistici\\\/#breadcrumb\",\"itemListElement\":[{\"@type\":\"ListItem\",\"position\":1,\"name\":\"Accueil\",\"item\":\"https:\\\/\\\/www.monaco-tribune.com\\\/it\\\/\"},{\"@type\":\"ListItem\",\"position\":2,\"name\":\"Come possono sopravvivere alla crisi del Covid-19 i saloni di lusso e automobilistici?\"}]},{\"@type\":\"WebSite\",\"@id\":\"https:\\\/\\\/www.monaco-tribune.com\\\/it\\\/#website\",\"url\":\"https:\\\/\\\/www.monaco-tribune.com\\\/it\\\/\",\"name\":\"Monaco Tribune\",\"description\":\"Monaco : actualit\u00e9s \u00e9conomiques, politiques, culturelles et sportives de Monaco et de la French Riviera.\",\"publisher\":{\"@id\":\"https:\\\/\\\/www.monaco-tribune.com\\\/it\\\/#organization\"},\"potentialAction\":[{\"@type\":\"SearchAction\",\"target\":{\"@type\":\"EntryPoint\",\"urlTemplate\":\"https:\\\/\\\/www.monaco-tribune.com\\\/it\\\/?s={search_term_string}\"},\"query-input\":{\"@type\":\"PropertyValueSpecification\",\"valueRequired\":true,\"valueName\":\"search_term_string\"}}],\"inLanguage\":\"it-IT\"},{\"@type\":\"Organization\",\"@id\":\"https:\\\/\\\/www.monaco-tribune.com\\\/it\\\/#organization\",\"name\":\"Monaco Tribune\",\"url\":\"https:\\\/\\\/www.monaco-tribune.com\\\/it\\\/\",\"logo\":{\"@type\":\"ImageObject\",\"inLanguage\":\"it-IT\",\"@id\":\"https:\\\/\\\/www.monaco-tribune.com\\\/it\\\/#\\\/schema\\\/logo\\\/image\\\/\",\"url\":\"https:\\\/\\\/www.monaco-tribune.com\\\/wp-content\\\/uploads\\\/2022\\\/11\\\/logo-monaco-tribune.png\",\"contentUrl\":\"https:\\\/\\\/www.monaco-tribune.com\\\/wp-content\\\/uploads\\\/2022\\\/11\\\/logo-monaco-tribune.png\",\"width\":1548,\"height\":600,\"caption\":\"Monaco Tribune\"},\"image\":{\"@id\":\"https:\\\/\\\/www.monaco-tribune.com\\\/it\\\/#\\\/schema\\\/logo\\\/image\\\/\"},\"sameAs\":[\"https:\\\/\\\/www.facebook.com\\\/MonacoTribune\",\"https:\\\/\\\/x.com\\\/MonacoTribune\",\"https:\\\/\\\/www.instagram.com\\\/monacotribune\\\/\",\"https:\\\/\\\/www.linkedin.com\\\/company\\\/monaco-tribune\",\"https:\\\/\\\/www.youtube.com\\\/channel\\\/UCHle1MnG6hw1y4lWKijVbMA\"]},{\"@type\":\"Person\",\"@id\":\"https:\\\/\\\/www.monaco-tribune.com\\\/it\\\/#\\\/schema\\\/person\\\/330a3732947cf8cb41b2533a0eadd62e\",\"name\":\"Romain Boisaubert\",\"image\":{\"@type\":\"ImageObject\",\"inLanguage\":\"it-IT\",\"@id\":\"https:\\\/\\\/secure.gravatar.com\\\/avatar\\\/f8b90d41f1eabd1cbe4cf59e09d8db41a697d51919bf2dfe727589a24a4a4d54?s=96&d=mm&r=g\",\"url\":\"https:\\\/\\\/secure.gravatar.com\\\/avatar\\\/f8b90d41f1eabd1cbe4cf59e09d8db41a697d51919bf2dfe727589a24a4a4d54?s=96&d=mm&r=g\",\"contentUrl\":\"https:\\\/\\\/secure.gravatar.com\\\/avatar\\\/f8b90d41f1eabd1cbe4cf59e09d8db41a697d51919bf2dfe727589a24a4a4d54?s=96&d=mm&r=g\",\"caption\":\"Romain Boisaubert\"},\"description\":\"Test bio\",\"url\":\"https:\\\/\\\/www.monaco-tribune.com\\\/it\\\/author\\\/romain-boisaubert\\\/\"}]}<\/script>\n<!-- \/ Yoast SEO Premium plugin. -->","yoast_head_json":{"title":"Come possono sopravvivere alla crisi del Covid-19 i saloni di lusso e automobilistici?","description":"Tra i settori pi\u00f9 colpiti dalla crisi economica e sanitaria legata alla pandemia del Covid-19, le esposizioni, le fiere gli eventi in generale stanno","robots":{"index":"index","follow":"follow","max-snippet":"max-snippet:-1","max-image-preview":"max-image-preview:large","max-video-preview":"max-video-preview:-1"},"canonical":"https:\/\/www.monaco-tribune.com\/it\/2020\/07\/come-possono-sopravvivere-alla-crisi-del-covid-19-i-saloni-di-lusso-e-automobilistici\/","og_locale":"it_IT","og_type":"article","og_title":"Come possono sopravvivere alla crisi del Covid-19 i saloni di lusso e automobilistici? - Monaco Tribune","og_description":"Tra i settori pi\u00f9 colpiti dalla crisi economica e sanitaria legata alla pandemia del Covid-19, le esposizioni, le fiere gli eventi in generale stanno","og_url":"https:\/\/www.monaco-tribune.com\/it\/2020\/07\/come-possono-sopravvivere-alla-crisi-del-covid-19-i-saloni-di-lusso-e-automobilistici\/","og_site_name":"Monaco Tribune","article_publisher":"https:\/\/www.facebook.com\/MonacoTribune","article_published_time":"2020-07-02T16:57:53+00:00","article_modified_time":"2020-07-06T15:02:14+00:00","og_image":[{"width":1200,"height":672,"url":"https:\/\/www.monaco-tribune.com\/wp-content\/uploads\/2020\/06\/top-marques-monaco-monaco-2.jpg","type":"image\/jpeg"}],"author":"Romain Boisaubert","twitter_card":"summary_large_image","twitter_creator":"@MonacoTribune","twitter_site":"@MonacoTribune","schema":{"@context":"https:\/\/schema.org","@graph":[{"@type":"NewsArticle","@id":"https:\/\/www.monaco-tribune.com\/it\/2020\/07\/come-possono-sopravvivere-alla-crisi-del-covid-19-i-saloni-di-lusso-e-automobilistici\/#article","isPartOf":{"@id":"https:\/\/www.monaco-tribune.com\/it\/2020\/07\/come-possono-sopravvivere-alla-crisi-del-covid-19-i-saloni-di-lusso-e-automobilistici\/"},"author":{"name":"Romain Boisaubert","@id":"https:\/\/www.monaco-tribune.com\/it\/#\/schema\/person\/330a3732947cf8cb41b2533a0eadd62e"},"headline":"Come possono sopravvivere alla crisi del Covid-19 i saloni di lusso e automobilistici?","datePublished":"2020-07-02T16:57:53+00:00","dateModified":"2020-07-06T15:02:14+00:00","mainEntityOfPage":{"@id":"https:\/\/www.monaco-tribune.com\/it\/2020\/07\/come-possono-sopravvivere-alla-crisi-del-covid-19-i-saloni-di-lusso-e-automobilistici\/"},"wordCount":845,"publisher":{"@id":"https:\/\/www.monaco-tribune.com\/it\/#organization"},"image":{"@id":"https:\/\/www.monaco-tribune.com\/it\/2020\/07\/come-possono-sopravvivere-alla-crisi-del-covid-19-i-saloni-di-lusso-e-automobilistici\/#primaryimage"},"thumbnailUrl":"https:\/\/www.monaco-tribune.com\/wp-content\/uploads\/2020\/06\/top-marques-monaco-monaco-2.jpg","keywords":["Covid-19"],"articleSection":["Business","La nostra scelta","Notizie"],"inLanguage":"it-IT","copyrightYear":"2020","copyrightHolder":{"@id":"https:\/\/www.monaco-tribune.com\/#organization"}},{"@type":"WebPage","@id":"https:\/\/www.monaco-tribune.com\/it\/2020\/07\/come-possono-sopravvivere-alla-crisi-del-covid-19-i-saloni-di-lusso-e-automobilistici\/","url":"https:\/\/www.monaco-tribune.com\/it\/2020\/07\/come-possono-sopravvivere-alla-crisi-del-covid-19-i-saloni-di-lusso-e-automobilistici\/","name":"Come possono sopravvivere alla crisi del Covid-19 i saloni di lusso e automobilistici?","isPartOf":{"@id":"https:\/\/www.monaco-tribune.com\/it\/#website"},"primaryImageOfPage":{"@id":"https:\/\/www.monaco-tribune.com\/it\/2020\/07\/come-possono-sopravvivere-alla-crisi-del-covid-19-i-saloni-di-lusso-e-automobilistici\/#primaryimage"},"image":{"@id":"https:\/\/www.monaco-tribune.com\/it\/2020\/07\/come-possono-sopravvivere-alla-crisi-del-covid-19-i-saloni-di-lusso-e-automobilistici\/#primaryimage"},"thumbnailUrl":"https:\/\/www.monaco-tribune.com\/wp-content\/uploads\/2020\/06\/top-marques-monaco-monaco-2.jpg","datePublished":"2020-07-02T16:57:53+00:00","dateModified":"2020-07-06T15:02:14+00:00","description":"Tra i settori pi\u00f9 colpiti dalla crisi economica e sanitaria legata alla pandemia del Covid-19, le esposizioni, le fiere gli eventi in generale stanno","breadcrumb":{"@id":"https:\/\/www.monaco-tribune.com\/it\/2020\/07\/come-possono-sopravvivere-alla-crisi-del-covid-19-i-saloni-di-lusso-e-automobilistici\/#breadcrumb"},"inLanguage":"it-IT","potentialAction":[{"@type":"ReadAction","target":["https:\/\/www.monaco-tribune.com\/it\/2020\/07\/come-possono-sopravvivere-alla-crisi-del-covid-19-i-saloni-di-lusso-e-automobilistici\/"]}]},{"@type":"ImageObject","inLanguage":"it-IT","@id":"https:\/\/www.monaco-tribune.com\/it\/2020\/07\/come-possono-sopravvivere-alla-crisi-del-covid-19-i-saloni-di-lusso-e-automobilistici\/#primaryimage","url":"https:\/\/www.monaco-tribune.com\/wp-content\/uploads\/2020\/06\/top-marques-monaco-monaco-2.jpg","contentUrl":"https:\/\/www.monaco-tribune.com\/wp-content\/uploads\/2020\/06\/top-marques-monaco-monaco-2.jpg","width":1200,"height":672,"caption":"Top Marques Monaco"},{"@type":"BreadcrumbList","@id":"https:\/\/www.monaco-tribune.com\/it\/2020\/07\/come-possono-sopravvivere-alla-crisi-del-covid-19-i-saloni-di-lusso-e-automobilistici\/#breadcrumb","itemListElement":[{"@type":"ListItem","position":1,"name":"Accueil","item":"https:\/\/www.monaco-tribune.com\/it\/"},{"@type":"ListItem","position":2,"name":"Come possono sopravvivere alla crisi del Covid-19 i saloni di lusso e automobilistici?"}]},{"@type":"WebSite","@id":"https:\/\/www.monaco-tribune.com\/it\/#website","url":"https:\/\/www.monaco-tribune.com\/it\/","name":"Monaco Tribune","description":"Monaco : actualit\u00e9s \u00e9conomiques, politiques, culturelles et sportives de Monaco et de la French Riviera.","publisher":{"@id":"https:\/\/www.monaco-tribune.com\/it\/#organization"},"potentialAction":[{"@type":"SearchAction","target":{"@type":"EntryPoint","urlTemplate":"https:\/\/www.monaco-tribune.com\/it\/?s={search_term_string}"},"query-input":{"@type":"PropertyValueSpecification","valueRequired":true,"valueName":"search_term_string"}}],"inLanguage":"it-IT"},{"@type":"Organization","@id":"https:\/\/www.monaco-tribune.com\/it\/#organization","name":"Monaco Tribune","url":"https:\/\/www.monaco-tribune.com\/it\/","logo":{"@type":"ImageObject","inLanguage":"it-IT","@id":"https:\/\/www.monaco-tribune.com\/it\/#\/schema\/logo\/image\/","url":"https:\/\/www.monaco-tribune.com\/wp-content\/uploads\/2022\/11\/logo-monaco-tribune.png","contentUrl":"https:\/\/www.monaco-tribune.com\/wp-content\/uploads\/2022\/11\/logo-monaco-tribune.png","width":1548,"height":600,"caption":"Monaco Tribune"},"image":{"@id":"https:\/\/www.monaco-tribune.com\/it\/#\/schema\/logo\/image\/"},"sameAs":["https:\/\/www.facebook.com\/MonacoTribune","https:\/\/x.com\/MonacoTribune","https:\/\/www.instagram.com\/monacotribune\/","https:\/\/www.linkedin.com\/company\/monaco-tribune","https:\/\/www.youtube.com\/channel\/UCHle1MnG6hw1y4lWKijVbMA"]},{"@type":"Person","@id":"https:\/\/www.monaco-tribune.com\/it\/#\/schema\/person\/330a3732947cf8cb41b2533a0eadd62e","name":"Romain Boisaubert","image":{"@type":"ImageObject","inLanguage":"it-IT","@id":"https:\/\/secure.gravatar.com\/avatar\/f8b90d41f1eabd1cbe4cf59e09d8db41a697d51919bf2dfe727589a24a4a4d54?s=96&d=mm&r=g","url":"https:\/\/secure.gravatar.com\/avatar\/f8b90d41f1eabd1cbe4cf59e09d8db41a697d51919bf2dfe727589a24a4a4d54?s=96&d=mm&r=g","contentUrl":"https:\/\/secure.gravatar.com\/avatar\/f8b90d41f1eabd1cbe4cf59e09d8db41a697d51919bf2dfe727589a24a4a4d54?s=96&d=mm&r=g","caption":"Romain Boisaubert"},"description":"Test bio","url":"https:\/\/www.monaco-tribune.com\/it\/author\/romain-boisaubert\/"}]}},"_links":{"self":[{"href":"https:\/\/www.monaco-tribune.com\/it\/wp-json\/wp\/v2\/posts\/31513","targetHints":{"allow":["GET"]}}],"collection":[{"href":"https:\/\/www.monaco-tribune.com\/it\/wp-json\/wp\/v2\/posts"}],"about":[{"href":"https:\/\/www.monaco-tribune.com\/it\/wp-json\/wp\/v2\/types\/post"}],"author":[{"embeddable":true,"href":"https:\/\/www.monaco-tribune.com\/it\/wp-json\/wp\/v2\/users\/24"}],"replies":[{"embeddable":true,"href":"https:\/\/www.monaco-tribune.com\/it\/wp-json\/wp\/v2\/comments?post=31513"}],"version-history":[{"count":0,"href":"https:\/\/www.monaco-tribune.com\/it\/wp-json\/wp\/v2\/posts\/31513\/revisions"}],"wp:featuredmedia":[{"embeddable":true,"href":"https:\/\/www.monaco-tribune.com\/it\/wp-json\/wp\/v2\/media\/31254"}],"wp:attachment":[{"href":"https:\/\/www.monaco-tribune.com\/it\/wp-json\/wp\/v2\/media?parent=31513"}],"wp:term":[{"taxonomy":"category","embeddable":true,"href":"https:\/\/www.monaco-tribune.com\/it\/wp-json\/wp\/v2\/categories?post=31513"},{"taxonomy":"post_tag","embeddable":true,"href":"https:\/\/www.monaco-tribune.com\/it\/wp-json\/wp\/v2\/tags?post=31513"},{"taxonomy":"sectag","embeddable":true,"href":"https:\/\/www.monaco-tribune.com\/it\/wp-json\/wp\/v2\/post_sectags?post=31513"},{"taxonomy":"format","embeddable":true,"href":"https:\/\/www.monaco-tribune.com\/it\/wp-json\/wp\/v2\/post_format?post=31513"}],"curies":[{"name":"wp","href":"https:\/\/api.w.org\/{rel}","templated":true}]}}