{"id":318100,"date":"2025-10-06T17:36:09","date_gmt":"2025-10-06T15:36:09","guid":{"rendered":"https:\/\/www.monaco-tribune.com\/2025\/10\/scomparso-antonio-caroli-figura-storica-dellimmobiliare-monegasco\/"},"modified":"2025-10-07T15:38:11","modified_gmt":"2025-10-07T13:38:11","slug":"scomparso-antonio-caroli-figura-storica-dellimmobiliare-monegasco","status":"publish","type":"post","link":"https:\/\/www.monaco-tribune.com\/it\/2025\/10\/scomparso-antonio-caroli-figura-storica-dellimmobiliare-monegasco\/","title":{"rendered":"Scomparso Antonio Caroli, figura storica dell&#8217;immobiliare monegasco"},"content":{"rendered":"\n<p><strong>Il promotore italiano, costruttore emblematico del Principato, si \u00e8 spento all\u2019et\u00e0 di 77 anni.<\/strong><\/p>\n\n<p>Antonio Caroli, promotore immobiliare che ha contribuito per mezzo secolo a plasmare il paesaggio architettonico di Monaco, \u00e8 scomparso nella notte del 3 ottobre. L\u2019ingegnere \u00e8 morto all\u2019et\u00e0 di 77 anni, come hanno annunciato sul loro sito Monaco Hebdo e L\u2019Observateur de Monaco, entrambi editi dal Groupe Caroli.<\/p>\n\n<h2 class=\"wp-block-heading\" id=\"h-des-realisations-prestigieuses\">Traguardi prestigiosi<\/h2>\n\n<p>Arrivato nel Principato all\u2019inizio degli anni Settanta, l&#8217;imprenditore romano fond\u00f2 il Groupe Caroli, che divenne rapidamente uno dei principali protagonisti del settore immobiliare monegasco.<\/p>\n\n<p>Tra le sue opere pi\u00f9 significative ricordiamo il Fairmont Monte-Carlo (ex H\u00f4tel Loews), realizzato nel 1975, la residenza Le Mirabeau, Les Terrasses e La R\u00e9serve de Beaulieu. Oltre ai progetti privati, l\u2019imprenditore ha partecipato anche alla costruzione di importanti infrastrutture pubbliche, tra cui il liceo alberghiero della Condamine, il nuovo edificio del Consiglio nazionale sulla Rocca e il Centro di geriatria clinica del CHPG.<\/p>\n\n<blockquote class=\"wp-embedded-content\" data-secret=\"XTXP7EIslz\"><a href=\"https:\/\/www.monaco-tribune.com\/it\/2024\/05\/mercato-immobiliare-in-crescita-nella-regione-paca\/\">Mercato immobiliare in crescita nella regione PACA<\/a><\/blockquote><iframe class=\"wp-embedded-content\" sandbox=\"allow-scripts\" security=\"restricted\" style=\"position: absolute; visibility: hidden;\" title=\"&#8220;Mercato immobiliare in crescita nella regione PACA&#8221; &#8212; Monaco Tribune\" src=\"https:\/\/www.monaco-tribune.com\/it\/2024\/05\/mercato-immobiliare-in-crescita-nella-regione-paca\/embed\/#?secret=GMMx59YqWE#?secret=XTXP7EIslz\" data-secret=\"XTXP7EIslz\" width=\"500\" height=\"282\" frameborder=\"0\" marginwidth=\"0\" marginheight=\"0\" scrolling=\"no\"><\/iframe>\n\n<h2 class=\"wp-block-heading\" id=\"h-un-heritage-architectural\">Un\u2019eredit\u00e0 architettonica<\/h2>\n\n<p>Il Gruppo Caroli si \u00e8 diversificato nei media, diventando editore di due pubblicazioni monegasche, L&#8217;Observateur de Monaco e Monaco Hebdo.<\/p>\n\n<p>Negli ultimi anni, la storia del gruppo \u00e8 stata segnata da una controversia di rilievo con lo Stato monegasco riguardante <a href=\"https:\/\/www.monaco-tribune.com\/2024\/03\/letat-monegasque-se-constitue-partie-civile-dans-laffaire-de-lesplanade-des-pecheurs\/\">il progetto dell\u2019Esplanade des P\u00eacheurs<\/a>, dal valore stimato di 500 milioni di euro. Nel 2020, il Tribunale Supremo ha condannato il Principato a versare 150 milioni di euro a Caroli Immo per l\u2019abbandono di questo vasto progetto immobiliare e culturale.<\/p>\n\n<p>Con oltre settanta cantieri realizzati nel Principato, Antonio Caroli ha contribuito in modo significativo a modellare il volto della Monaco moderna. L\u2019imprenditore lascia un\u2019eredit\u00e0 architettonica indelebile nel paesaggio monegasco e un\u2019azienda familiare destinata a perpetuarne l\u2019opera.<\/p>\n","protected":false},"excerpt":{"rendered":"<p>Il promotore italiano, costruttore emblematico del Principato, si \u00e8 spento all\u2019et\u00e0 di 77 anni. Antonio Caroli, promotore immobiliare che ha [&hellip;]<\/p>\n","protected":false},"author":21,"featured_media":317550,"comment_status":"closed","ping_status":"closed","sticky":false,"template":"","format":"standard","meta":{"_acf_changed":false,"footnotes":""},"categories":[1738,1752],"tags":[2999],"post_sectags":[],"post_format":[2478],"class_list":["post-318100","post","type-post","status-publish","format-standard","has-post-thumbnail","hentry","category-notizie","category-societa","tag-patrimonio","format-notizia"],"acf":[],"yoast_head":"<!-- This site is optimized with the Yoast SEO Premium plugin v26.8 (Yoast SEO v27.4) - https:\/\/yoast.com\/product\/yoast-seo-premium-wordpress\/ -->\n<title>Scomparso Antonio Caroli, figura storica dell&#039;immobiliare monegasco<\/title>\n<meta name=\"description\" content=\"Il promotore italiano, costruttore emblematico del Principato, si \u00e8 spento all\u2019et\u00e0 di 77 anni. Antonio Caroli, promotore immobiliare che ha contribuito\" \/>\n<meta name=\"robots\" content=\"index, follow, max-snippet:-1, max-image-preview:large, max-video-preview:-1\" \/>\n<link rel=\"canonical\" href=\"https:\/\/www.monaco-tribune.com\/it\/2025\/10\/scomparso-antonio-caroli-figura-storica-dellimmobiliare-monegasco\/\" \/>\n<meta property=\"og:locale\" content=\"it_IT\" \/>\n<meta property=\"og:type\" content=\"article\" \/>\n<meta property=\"og:title\" content=\"Scomparso Antonio Caroli, figura storica dell&#039;immobiliare monegasco - Monaco Tribune\" \/>\n<meta property=\"og:description\" content=\"Il promotore italiano, costruttore emblematico del Principato, si \u00e8 spento all\u2019et\u00e0 di 77 anni. Antonio Caroli, promotore immobiliare che ha contribuito\" \/>\n<meta property=\"og:url\" content=\"https:\/\/www.monaco-tribune.com\/it\/2025\/10\/scomparso-antonio-caroli-figura-storica-dellimmobiliare-monegasco\/\" \/>\n<meta property=\"og:site_name\" content=\"Monaco Tribune\" \/>\n<meta property=\"article:publisher\" content=\"https:\/\/www.facebook.com\/MonacoTribune\" \/>\n<meta property=\"article:published_time\" content=\"2025-10-06T15:36:09+00:00\" \/>\n<meta property=\"article:modified_time\" content=\"2025-10-07T13:38:11+00:00\" \/>\n<meta property=\"og:image\" content=\"https:\/\/www.monaco-tribune.com\/wp-content\/uploads\/2025\/10\/antonio-caroli-mort.jpeg\" \/>\n\t<meta property=\"og:image:width\" content=\"900\" \/>\n\t<meta property=\"og:image:height\" content=\"600\" \/>\n\t<meta property=\"og:image:type\" content=\"image\/jpeg\" \/>\n<meta name=\"author\" content=\"Monaco Tribune\" \/>\n<meta name=\"twitter:card\" content=\"summary_large_image\" \/>\n<meta name=\"twitter:creator\" content=\"@MonacoTribune\" \/>\n<meta name=\"twitter:site\" content=\"@MonacoTribune\" \/>\n<script type=\"application\/ld+json\" class=\"yoast-schema-graph\">{\"@context\":\"https:\\\/\\\/schema.org\",\"@graph\":[{\"@type\":\"NewsArticle\",\"@id\":\"https:\\\/\\\/www.monaco-tribune.com\\\/it\\\/2025\\\/10\\\/scomparso-antonio-caroli-figura-storica-dellimmobiliare-monegasco\\\/#article\",\"isPartOf\":{\"@id\":\"https:\\\/\\\/www.monaco-tribune.com\\\/it\\\/2025\\\/10\\\/scomparso-antonio-caroli-figura-storica-dellimmobiliare-monegasco\\\/\"},\"author\":{\"name\":\"Monaco Tribune\",\"@id\":\"https:\\\/\\\/www.monaco-tribune.com\\\/it\\\/#\\\/schema\\\/person\\\/8f6ed8c063276e2397589eda5b7a2f2d\"},\"headline\":\"Scomparso Antonio Caroli, figura storica dell&#8217;immobiliare monegasco\",\"datePublished\":\"2025-10-06T15:36:09+00:00\",\"dateModified\":\"2025-10-07T13:38:11+00:00\",\"mainEntityOfPage\":{\"@id\":\"https:\\\/\\\/www.monaco-tribune.com\\\/it\\\/2025\\\/10\\\/scomparso-antonio-caroli-figura-storica-dellimmobiliare-monegasco\\\/\"},\"wordCount\":290,\"publisher\":{\"@id\":\"https:\\\/\\\/www.monaco-tribune.com\\\/it\\\/#organization\"},\"image\":{\"@id\":\"https:\\\/\\\/www.monaco-tribune.com\\\/it\\\/2025\\\/10\\\/scomparso-antonio-caroli-figura-storica-dellimmobiliare-monegasco\\\/#primaryimage\"},\"thumbnailUrl\":\"https:\\\/\\\/www.monaco-tribune.com\\\/wp-content\\\/uploads\\\/2025\\\/10\\\/antonio-caroli-mort.jpeg\",\"keywords\":[\"Patrimonio\"],\"articleSection\":[\"Notizie\",\"Societ\u00e0\"],\"inLanguage\":\"it-IT\",\"copyrightYear\":\"2025\",\"copyrightHolder\":{\"@id\":\"https:\\\/\\\/www.monaco-tribune.com\\\/#organization\"}},{\"@type\":\"WebPage\",\"@id\":\"https:\\\/\\\/www.monaco-tribune.com\\\/it\\\/2025\\\/10\\\/scomparso-antonio-caroli-figura-storica-dellimmobiliare-monegasco\\\/\",\"url\":\"https:\\\/\\\/www.monaco-tribune.com\\\/it\\\/2025\\\/10\\\/scomparso-antonio-caroli-figura-storica-dellimmobiliare-monegasco\\\/\",\"name\":\"Scomparso Antonio Caroli, figura storica dell'immobiliare monegasco\",\"isPartOf\":{\"@id\":\"https:\\\/\\\/www.monaco-tribune.com\\\/it\\\/#website\"},\"primaryImageOfPage\":{\"@id\":\"https:\\\/\\\/www.monaco-tribune.com\\\/it\\\/2025\\\/10\\\/scomparso-antonio-caroli-figura-storica-dellimmobiliare-monegasco\\\/#primaryimage\"},\"image\":{\"@id\":\"https:\\\/\\\/www.monaco-tribune.com\\\/it\\\/2025\\\/10\\\/scomparso-antonio-caroli-figura-storica-dellimmobiliare-monegasco\\\/#primaryimage\"},\"thumbnailUrl\":\"https:\\\/\\\/www.monaco-tribune.com\\\/wp-content\\\/uploads\\\/2025\\\/10\\\/antonio-caroli-mort.jpeg\",\"datePublished\":\"2025-10-06T15:36:09+00:00\",\"dateModified\":\"2025-10-07T13:38:11+00:00\",\"description\":\"Il promotore italiano, costruttore emblematico del Principato, si \u00e8 spento all\u2019et\u00e0 di 77 anni. Antonio Caroli, promotore immobiliare che ha contribuito\",\"breadcrumb\":{\"@id\":\"https:\\\/\\\/www.monaco-tribune.com\\\/it\\\/2025\\\/10\\\/scomparso-antonio-caroli-figura-storica-dellimmobiliare-monegasco\\\/#breadcrumb\"},\"inLanguage\":\"it-IT\",\"potentialAction\":[{\"@type\":\"ReadAction\",\"target\":[\"https:\\\/\\\/www.monaco-tribune.com\\\/it\\\/2025\\\/10\\\/scomparso-antonio-caroli-figura-storica-dellimmobiliare-monegasco\\\/\"]}]},{\"@type\":\"ImageObject\",\"inLanguage\":\"it-IT\",\"@id\":\"https:\\\/\\\/www.monaco-tribune.com\\\/it\\\/2025\\\/10\\\/scomparso-antonio-caroli-figura-storica-dellimmobiliare-monegasco\\\/#primaryimage\",\"url\":\"https:\\\/\\\/www.monaco-tribune.com\\\/wp-content\\\/uploads\\\/2025\\\/10\\\/antonio-caroli-mort.jpeg\",\"contentUrl\":\"https:\\\/\\\/www.monaco-tribune.com\\\/wp-content\\\/uploads\\\/2025\\\/10\\\/antonio-caroli-mort.jpeg\",\"width\":900,\"height\":600,\"caption\":\"\u00a9 Caroli Media\"},{\"@type\":\"BreadcrumbList\",\"@id\":\"https:\\\/\\\/www.monaco-tribune.com\\\/it\\\/2025\\\/10\\\/scomparso-antonio-caroli-figura-storica-dellimmobiliare-monegasco\\\/#breadcrumb\",\"itemListElement\":[{\"@type\":\"ListItem\",\"position\":1,\"name\":\"Accueil\",\"item\":\"https:\\\/\\\/www.monaco-tribune.com\\\/it\\\/\"},{\"@type\":\"ListItem\",\"position\":2,\"name\":\"Scomparso Antonio Caroli, figura storica dell&#8217;immobiliare monegasco\"}]},{\"@type\":\"WebSite\",\"@id\":\"https:\\\/\\\/www.monaco-tribune.com\\\/it\\\/#website\",\"url\":\"https:\\\/\\\/www.monaco-tribune.com\\\/it\\\/\",\"name\":\"Monaco Tribune\",\"description\":\"Monaco : actualit\u00e9s \u00e9conomiques, politiques, culturelles et sportives de Monaco et de la French Riviera.\",\"publisher\":{\"@id\":\"https:\\\/\\\/www.monaco-tribune.com\\\/it\\\/#organization\"},\"potentialAction\":[{\"@type\":\"SearchAction\",\"target\":{\"@type\":\"EntryPoint\",\"urlTemplate\":\"https:\\\/\\\/www.monaco-tribune.com\\\/it\\\/?s={search_term_string}\"},\"query-input\":{\"@type\":\"PropertyValueSpecification\",\"valueRequired\":true,\"valueName\":\"search_term_string\"}}],\"inLanguage\":\"it-IT\"},{\"@type\":\"Organization\",\"@id\":\"https:\\\/\\\/www.monaco-tribune.com\\\/it\\\/#organization\",\"name\":\"Monaco Tribune\",\"url\":\"https:\\\/\\\/www.monaco-tribune.com\\\/it\\\/\",\"logo\":{\"@type\":\"ImageObject\",\"inLanguage\":\"it-IT\",\"@id\":\"https:\\\/\\\/www.monaco-tribune.com\\\/it\\\/#\\\/schema\\\/logo\\\/image\\\/\",\"url\":\"https:\\\/\\\/www.monaco-tribune.com\\\/wp-content\\\/uploads\\\/2022\\\/11\\\/logo-monaco-tribune.png\",\"contentUrl\":\"https:\\\/\\\/www.monaco-tribune.com\\\/wp-content\\\/uploads\\\/2022\\\/11\\\/logo-monaco-tribune.png\",\"width\":1548,\"height\":600,\"caption\":\"Monaco Tribune\"},\"image\":{\"@id\":\"https:\\\/\\\/www.monaco-tribune.com\\\/it\\\/#\\\/schema\\\/logo\\\/image\\\/\"},\"sameAs\":[\"https:\\\/\\\/www.facebook.com\\\/MonacoTribune\",\"https:\\\/\\\/x.com\\\/MonacoTribune\",\"https:\\\/\\\/www.instagram.com\\\/monacotribune\\\/\",\"https:\\\/\\\/www.linkedin.com\\\/company\\\/monaco-tribune\",\"https:\\\/\\\/www.youtube.com\\\/channel\\\/UCHle1MnG6hw1y4lWKijVbMA\"]},{\"@type\":\"Person\",\"@id\":\"https:\\\/\\\/www.monaco-tribune.com\\\/it\\\/#\\\/schema\\\/person\\\/8f6ed8c063276e2397589eda5b7a2f2d\",\"name\":\"Monaco Tribune\",\"image\":{\"@type\":\"ImageObject\",\"inLanguage\":\"it-IT\",\"@id\":\"https:\\\/\\\/secure.gravatar.com\\\/avatar\\\/3010e6c5d6c8056ec1c25228fe68ea089879e5ae0de884e0247744ee988aaf6a?s=96&d=mm&r=g\",\"url\":\"https:\\\/\\\/secure.gravatar.com\\\/avatar\\\/3010e6c5d6c8056ec1c25228fe68ea089879e5ae0de884e0247744ee988aaf6a?s=96&d=mm&r=g\",\"contentUrl\":\"https:\\\/\\\/secure.gravatar.com\\\/avatar\\\/3010e6c5d6c8056ec1c25228fe68ea089879e5ae0de884e0247744ee988aaf6a?s=96&d=mm&r=g\",\"caption\":\"Monaco Tribune\"},\"url\":\"https:\\\/\\\/www.monaco-tribune.com\\\/it\\\/author\\\/monaco-tribune\\\/\"}]}<\/script>\n<!-- \/ Yoast SEO Premium plugin. -->","yoast_head_json":{"title":"Scomparso Antonio Caroli, figura storica dell'immobiliare monegasco","description":"Il promotore italiano, costruttore emblematico del Principato, si \u00e8 spento all\u2019et\u00e0 di 77 anni. Antonio Caroli, promotore immobiliare che ha contribuito","robots":{"index":"index","follow":"follow","max-snippet":"max-snippet:-1","max-image-preview":"max-image-preview:large","max-video-preview":"max-video-preview:-1"},"canonical":"https:\/\/www.monaco-tribune.com\/it\/2025\/10\/scomparso-antonio-caroli-figura-storica-dellimmobiliare-monegasco\/","og_locale":"it_IT","og_type":"article","og_title":"Scomparso Antonio Caroli, figura storica dell'immobiliare monegasco - Monaco Tribune","og_description":"Il promotore italiano, costruttore emblematico del Principato, si \u00e8 spento all\u2019et\u00e0 di 77 anni. Antonio Caroli, promotore immobiliare che ha contribuito","og_url":"https:\/\/www.monaco-tribune.com\/it\/2025\/10\/scomparso-antonio-caroli-figura-storica-dellimmobiliare-monegasco\/","og_site_name":"Monaco Tribune","article_publisher":"https:\/\/www.facebook.com\/MonacoTribune","article_published_time":"2025-10-06T15:36:09+00:00","article_modified_time":"2025-10-07T13:38:11+00:00","og_image":[{"width":900,"height":600,"url":"https:\/\/www.monaco-tribune.com\/wp-content\/uploads\/2025\/10\/antonio-caroli-mort.jpeg","type":"image\/jpeg"}],"author":"Monaco Tribune","twitter_card":"summary_large_image","twitter_creator":"@MonacoTribune","twitter_site":"@MonacoTribune","schema":{"@context":"https:\/\/schema.org","@graph":[{"@type":"NewsArticle","@id":"https:\/\/www.monaco-tribune.com\/it\/2025\/10\/scomparso-antonio-caroli-figura-storica-dellimmobiliare-monegasco\/#article","isPartOf":{"@id":"https:\/\/www.monaco-tribune.com\/it\/2025\/10\/scomparso-antonio-caroli-figura-storica-dellimmobiliare-monegasco\/"},"author":{"name":"Monaco Tribune","@id":"https:\/\/www.monaco-tribune.com\/it\/#\/schema\/person\/8f6ed8c063276e2397589eda5b7a2f2d"},"headline":"Scomparso Antonio Caroli, figura storica dell&#8217;immobiliare monegasco","datePublished":"2025-10-06T15:36:09+00:00","dateModified":"2025-10-07T13:38:11+00:00","mainEntityOfPage":{"@id":"https:\/\/www.monaco-tribune.com\/it\/2025\/10\/scomparso-antonio-caroli-figura-storica-dellimmobiliare-monegasco\/"},"wordCount":290,"publisher":{"@id":"https:\/\/www.monaco-tribune.com\/it\/#organization"},"image":{"@id":"https:\/\/www.monaco-tribune.com\/it\/2025\/10\/scomparso-antonio-caroli-figura-storica-dellimmobiliare-monegasco\/#primaryimage"},"thumbnailUrl":"https:\/\/www.monaco-tribune.com\/wp-content\/uploads\/2025\/10\/antonio-caroli-mort.jpeg","keywords":["Patrimonio"],"articleSection":["Notizie","Societ\u00e0"],"inLanguage":"it-IT","copyrightYear":"2025","copyrightHolder":{"@id":"https:\/\/www.monaco-tribune.com\/#organization"}},{"@type":"WebPage","@id":"https:\/\/www.monaco-tribune.com\/it\/2025\/10\/scomparso-antonio-caroli-figura-storica-dellimmobiliare-monegasco\/","url":"https:\/\/www.monaco-tribune.com\/it\/2025\/10\/scomparso-antonio-caroli-figura-storica-dellimmobiliare-monegasco\/","name":"Scomparso Antonio Caroli, figura storica dell'immobiliare monegasco","isPartOf":{"@id":"https:\/\/www.monaco-tribune.com\/it\/#website"},"primaryImageOfPage":{"@id":"https:\/\/www.monaco-tribune.com\/it\/2025\/10\/scomparso-antonio-caroli-figura-storica-dellimmobiliare-monegasco\/#primaryimage"},"image":{"@id":"https:\/\/www.monaco-tribune.com\/it\/2025\/10\/scomparso-antonio-caroli-figura-storica-dellimmobiliare-monegasco\/#primaryimage"},"thumbnailUrl":"https:\/\/www.monaco-tribune.com\/wp-content\/uploads\/2025\/10\/antonio-caroli-mort.jpeg","datePublished":"2025-10-06T15:36:09+00:00","dateModified":"2025-10-07T13:38:11+00:00","description":"Il promotore italiano, costruttore emblematico del Principato, si \u00e8 spento all\u2019et\u00e0 di 77 anni. Antonio Caroli, promotore immobiliare che ha contribuito","breadcrumb":{"@id":"https:\/\/www.monaco-tribune.com\/it\/2025\/10\/scomparso-antonio-caroli-figura-storica-dellimmobiliare-monegasco\/#breadcrumb"},"inLanguage":"it-IT","potentialAction":[{"@type":"ReadAction","target":["https:\/\/www.monaco-tribune.com\/it\/2025\/10\/scomparso-antonio-caroli-figura-storica-dellimmobiliare-monegasco\/"]}]},{"@type":"ImageObject","inLanguage":"it-IT","@id":"https:\/\/www.monaco-tribune.com\/it\/2025\/10\/scomparso-antonio-caroli-figura-storica-dellimmobiliare-monegasco\/#primaryimage","url":"https:\/\/www.monaco-tribune.com\/wp-content\/uploads\/2025\/10\/antonio-caroli-mort.jpeg","contentUrl":"https:\/\/www.monaco-tribune.com\/wp-content\/uploads\/2025\/10\/antonio-caroli-mort.jpeg","width":900,"height":600,"caption":"\u00a9 Caroli Media"},{"@type":"BreadcrumbList","@id":"https:\/\/www.monaco-tribune.com\/it\/2025\/10\/scomparso-antonio-caroli-figura-storica-dellimmobiliare-monegasco\/#breadcrumb","itemListElement":[{"@type":"ListItem","position":1,"name":"Accueil","item":"https:\/\/www.monaco-tribune.com\/it\/"},{"@type":"ListItem","position":2,"name":"Scomparso Antonio Caroli, figura storica dell&#8217;immobiliare monegasco"}]},{"@type":"WebSite","@id":"https:\/\/www.monaco-tribune.com\/it\/#website","url":"https:\/\/www.monaco-tribune.com\/it\/","name":"Monaco Tribune","description":"Monaco : actualit\u00e9s \u00e9conomiques, politiques, culturelles et sportives de Monaco et de la French Riviera.","publisher":{"@id":"https:\/\/www.monaco-tribune.com\/it\/#organization"},"potentialAction":[{"@type":"SearchAction","target":{"@type":"EntryPoint","urlTemplate":"https:\/\/www.monaco-tribune.com\/it\/?s={search_term_string}"},"query-input":{"@type":"PropertyValueSpecification","valueRequired":true,"valueName":"search_term_string"}}],"inLanguage":"it-IT"},{"@type":"Organization","@id":"https:\/\/www.monaco-tribune.com\/it\/#organization","name":"Monaco Tribune","url":"https:\/\/www.monaco-tribune.com\/it\/","logo":{"@type":"ImageObject","inLanguage":"it-IT","@id":"https:\/\/www.monaco-tribune.com\/it\/#\/schema\/logo\/image\/","url":"https:\/\/www.monaco-tribune.com\/wp-content\/uploads\/2022\/11\/logo-monaco-tribune.png","contentUrl":"https:\/\/www.monaco-tribune.com\/wp-content\/uploads\/2022\/11\/logo-monaco-tribune.png","width":1548,"height":600,"caption":"Monaco Tribune"},"image":{"@id":"https:\/\/www.monaco-tribune.com\/it\/#\/schema\/logo\/image\/"},"sameAs":["https:\/\/www.facebook.com\/MonacoTribune","https:\/\/x.com\/MonacoTribune","https:\/\/www.instagram.com\/monacotribune\/","https:\/\/www.linkedin.com\/company\/monaco-tribune","https:\/\/www.youtube.com\/channel\/UCHle1MnG6hw1y4lWKijVbMA"]},{"@type":"Person","@id":"https:\/\/www.monaco-tribune.com\/it\/#\/schema\/person\/8f6ed8c063276e2397589eda5b7a2f2d","name":"Monaco Tribune","image":{"@type":"ImageObject","inLanguage":"it-IT","@id":"https:\/\/secure.gravatar.com\/avatar\/3010e6c5d6c8056ec1c25228fe68ea089879e5ae0de884e0247744ee988aaf6a?s=96&d=mm&r=g","url":"https:\/\/secure.gravatar.com\/avatar\/3010e6c5d6c8056ec1c25228fe68ea089879e5ae0de884e0247744ee988aaf6a?s=96&d=mm&r=g","contentUrl":"https:\/\/secure.gravatar.com\/avatar\/3010e6c5d6c8056ec1c25228fe68ea089879e5ae0de884e0247744ee988aaf6a?s=96&d=mm&r=g","caption":"Monaco Tribune"},"url":"https:\/\/www.monaco-tribune.com\/it\/author\/monaco-tribune\/"}]}},"_links":{"self":[{"href":"https:\/\/www.monaco-tribune.com\/it\/wp-json\/wp\/v2\/posts\/318100","targetHints":{"allow":["GET"]}}],"collection":[{"href":"https:\/\/www.monaco-tribune.com\/it\/wp-json\/wp\/v2\/posts"}],"about":[{"href":"https:\/\/www.monaco-tribune.com\/it\/wp-json\/wp\/v2\/types\/post"}],"author":[{"embeddable":true,"href":"https:\/\/www.monaco-tribune.com\/it\/wp-json\/wp\/v2\/users\/21"}],"replies":[{"embeddable":true,"href":"https:\/\/www.monaco-tribune.com\/it\/wp-json\/wp\/v2\/comments?post=318100"}],"version-history":[{"count":2,"href":"https:\/\/www.monaco-tribune.com\/it\/wp-json\/wp\/v2\/posts\/318100\/revisions"}],"predecessor-version":[{"id":318246,"href":"https:\/\/www.monaco-tribune.com\/it\/wp-json\/wp\/v2\/posts\/318100\/revisions\/318246"}],"wp:featuredmedia":[{"embeddable":true,"href":"https:\/\/www.monaco-tribune.com\/it\/wp-json\/wp\/v2\/media\/317550"}],"wp:attachment":[{"href":"https:\/\/www.monaco-tribune.com\/it\/wp-json\/wp\/v2\/media?parent=318100"}],"wp:term":[{"taxonomy":"category","embeddable":true,"href":"https:\/\/www.monaco-tribune.com\/it\/wp-json\/wp\/v2\/categories?post=318100"},{"taxonomy":"post_tag","embeddable":true,"href":"https:\/\/www.monaco-tribune.com\/it\/wp-json\/wp\/v2\/tags?post=318100"},{"taxonomy":"sectag","embeddable":true,"href":"https:\/\/www.monaco-tribune.com\/it\/wp-json\/wp\/v2\/post_sectags?post=318100"},{"taxonomy":"format","embeddable":true,"href":"https:\/\/www.monaco-tribune.com\/it\/wp-json\/wp\/v2\/post_format?post=318100"}],"curies":[{"name":"wp","href":"https:\/\/api.w.org\/{rel}","templated":true}]}}