{"id":318958,"date":"2025-10-10T17:08:41","date_gmt":"2025-10-10T15:08:41","guid":{"rendered":"https:\/\/www.monaco-tribune.com\/2025\/10\/i-sedili-dello-stadio-louis-ii-presto-tutti-nei-colori-dellas-monaco\/"},"modified":"2025-10-10T17:08:48","modified_gmt":"2025-10-10T15:08:48","slug":"i-sedili-dello-stadio-louis-ii-presto-tutti-nei-colori-dellas-monaco","status":"publish","type":"post","link":"https:\/\/www.monaco-tribune.com\/it\/2025\/10\/i-sedili-dello-stadio-louis-ii-presto-tutti-nei-colori-dellas-monaco\/","title":{"rendered":"I sedili dello stadio Louis-II presto tutti nei colori dell\u2019AS Monaco"},"content":{"rendered":"\n<p><strong>Fine di una lunga suspense: i sedili gialli dell\u2019impianto di Fontvieille saranno presto sostituiti con sedute pi\u00f9 moderne, nei colori che rappresentano il club monegasco.<\/strong><\/p>\n\n<p>Durante la seduta pubblica del Consiglio Nazionale di marted\u00ec sera, il ministro di Stato Christophe Mirmand ha annunciato una decisione attesa da tempo dagli appassionati dell\u2019ASM: la sostituzione dei seggiolini gialli dello Stadio Louis-II. La scelta, decisa dal Principe Alberto II, prevede una configurazione a mosaico: le tonalit\u00e0 di rosso e bianco saranno distribuite in modo casuale su tutti i settori, con un effetto sfumato specifico per le sedute rosse, per creare un impatto visivo pi\u00f9 dinamico.<\/p>\n\n<figure class=\"wp-block-embed is-type-rich is-provider-twitter wp-block-embed-twitter\"><div class=\"wp-block-embed__wrapper\">\r\n<blockquote class=\"twitter-tweet\" data-width=\"500\" data-dnt=\"true\"><p lang=\"fr\" dir=\"ltr\">Des si\u00e8ges rouges et blancs au Stade Louis-II<br><br>Dans le cadre de la r\u00e9novation du Stade Louis-II, dont la premi\u00e8re phase de travaux vient de d\u00e9marrer, il va \u00eatre proc\u00e9d\u00e9 au changement des si\u00e8ges.<br><br>Le suspens sur la couleur des futurs si\u00e8ges a \u00e9t\u00e9 lev\u00e9 hier soir par le Ministre\u2026 <a href=\"https:\/\/t.co\/sZtHPzmMC2\">pic.twitter.com\/sZtHPzmMC2<\/a><\/p>&mdash; Gouvernement Monaco (@GvtMonaco) <a href=\"https:\/\/twitter.com\/GvtMonaco\/status\/1975927914425160148?ref_src=twsrc%5Etfw\">October 8, 2025<\/a><\/blockquote><script async src=\"https:\/\/platform.twitter.com\/widgets.js\" charset=\"utf-8\"><\/script>\r\n<\/div><\/figure><br>\n\n<p>&#8220;Nonostante l\u2019investimento sostenuto e i magnifici colori scelti, speriamo di vederli il meno possibile durante le serate di partita. Vorrebbe infatti dire che lo stadio \u00e8 pieno e quindi la stagione di successo&#8221;, ha commentato con una vena d\u2019umorismo il ministro di Stato.<\/p>\n<div class=\"wp-block-image\">\n<figure class=\"aligncenter size-large\"><img loading=\"lazy\" decoding=\"async\" width=\"577\" height=\"1024\" src=\"https:\/\/www.monaco-tribune.com\/wp-content\/uploads\/2025\/10\/sieges-stade-louis-ii-2-577x1024.jpg\" alt=\"Sie&#x300;ges Stade Louis-II\" class=\"wp-image-318562\" srcset=\"https:\/\/www.monaco-tribune.com\/wp-content\/uploads\/2025\/10\/sieges-stade-louis-ii-2-577x1024.jpg 577w, https:\/\/www.monaco-tribune.com\/wp-content\/uploads\/2025\/10\/sieges-stade-louis-ii-2-169x300.jpg 169w, https:\/\/www.monaco-tribune.com\/wp-content\/uploads\/2025\/10\/sieges-stade-louis-ii-2.jpg 900w\" sizes=\"auto, (max-width: 577px) 100vw, 577px\" \/><figcaption class=\"wp-element-caption\"><em>Le sedie rosse accentuate da una leggera sfumatura \u00a9 DR<\/em><\/figcaption><\/figure>\n<\/div>\n<h2 class=\"wp-block-heading\" id=\"h-une-nouveaute-particuliere\">Una novit\u00e0 particolare<\/h2>\n\n<p>La ristrutturazione prevede anche un\u2019innovazione significativa: le tribune che includono la sezione popolare e il \u201cpesage\u201d, dove si trovano i tifosi pi\u00f9 calorosi dell\u2019ASM, saranno dotate di un sistema di seggiolini retrattili. Questo permetter\u00e0 ai sostenitori di assistere alle partite in piedi, ricreando l\u2019atmosfera di certi stadi europei nelle grandi serate di calcio. Sar\u00e0 anche possibile sedersi per assistere ad altri eventi, come le competizioni di atletica, <a href=\"https:\/\/www.monaco-tribune.com\/2025\/07\/meeting-herculis-2025-revivez-les-records-et-les-frissons-dune-soiree-sportive-exceptionnelle\/\">in particolare l\u2019immancabile meeting Herculis che si svolge ogni estate<\/a>.<\/p>\n\n<blockquote class=\"wp-embedded-content\" data-secret=\"xMc4hYokPQ\"><a href=\"https:\/\/www.monaco-tribune.com\/it\/2025\/10\/ligue-1-las-monaco-bloccata-dal-nizza-in-un-derby-ricco-di-suspense\/\">Ligue 1: l\u2019AS Monaco bloccata dal Nizza in un derby ricco di suspense<\/a><\/blockquote><iframe class=\"wp-embedded-content\" sandbox=\"allow-scripts\" security=\"restricted\" style=\"position: absolute; visibility: hidden;\" title=\"&#8220;Ligue 1: l\u2019AS Monaco bloccata dal Nizza in un derby ricco di suspense&#8221; &#8212; Monaco Tribune\" src=\"https:\/\/www.monaco-tribune.com\/it\/2025\/10\/ligue-1-las-monaco-bloccata-dal-nizza-in-un-derby-ricco-di-suspense\/embed\/#?secret=7TAK8bIRta#?secret=xMc4hYokPQ\" data-secret=\"xMc4hYokPQ\" width=\"500\" height=\"282\" frameborder=\"0\" marginwidth=\"0\" marginheight=\"0\" scrolling=\"no\"><\/iframe>\n\n<p>Questa trasformazione rientra nel pi\u00f9 ampio programma di modernizzazione dello stadio, inaugurato nel 1985, la cui prima fase di lavori \u00e8 recentemente iniziata. L\u2019obiettivo \u00e8 dare nuova energia a questo luogo simbolico del Principato e rinnovare l\u2019identit\u00e0 visiva del club sul suo \u201cprato\u201d storico.<\/p>\n\n<p>Il risultato finale richieder\u00e0 ancora un po\u2019 di tempo: l\u2019installazione dei nuovi seggiolini avverr\u00e0 infatti in modo progressivo, nelle diverse fasi di ristrutturazione, che si protrarr\u00e0 fino a maggio 2027.<\/p>\n","protected":false},"excerpt":{"rendered":"<p>Fine di una lunga suspense: i sedili gialli dell\u2019impianto di Fontvieille saranno presto sostituiti con sedute pi\u00f9 moderne, nei colori [&hellip;]<\/p>\n","protected":false},"author":84,"featured_media":318559,"comment_status":"closed","ping_status":"closed","sticky":false,"template":"","format":"standard","meta":{"_acf_changed":false,"footnotes":""},"categories":[1826,1738,1743],"tags":[2846],"post_sectags":[5747],"post_format":[2478],"class_list":["post-318958","post","type-post","status-publish","format-standard","has-post-thumbnail","hentry","category-la-nostra-scelta","category-notizie","category-sport-it","tag-as-monaco-it-2","sectag-louis-ii-it","format-notizia"],"acf":[],"yoast_head":"<!-- This site is optimized with the Yoast SEO Premium plugin v26.8 (Yoast SEO v27.4) - https:\/\/yoast.com\/product\/yoast-seo-premium-wordpress\/ -->\n<title>I sedili dello stadio Louis-II presto tutti nei colori dell\u2019AS Monaco<\/title>\n<meta name=\"description\" content=\"Fine di una lunga suspense: i sedili gialli dell\u2019impianto di Fontvieille saranno presto sostituiti con sedute pi\u00f9 moderne, nei colori che rappresentano il\" \/>\n<meta name=\"robots\" content=\"index, follow, max-snippet:-1, max-image-preview:large, max-video-preview:-1\" \/>\n<link rel=\"canonical\" href=\"https:\/\/www.monaco-tribune.com\/it\/2025\/10\/i-sedili-dello-stadio-louis-ii-presto-tutti-nei-colori-dellas-monaco\/\" \/>\n<meta property=\"og:locale\" content=\"it_IT\" \/>\n<meta property=\"og:type\" content=\"article\" \/>\n<meta property=\"og:title\" content=\"I sedili dello stadio Louis-II presto tutti nei colori dell\u2019AS Monaco - Monaco Tribune\" \/>\n<meta property=\"og:description\" content=\"Fine di una lunga suspense: i sedili gialli dell\u2019impianto di Fontvieille saranno presto sostituiti con sedute pi\u00f9 moderne, nei colori che rappresentano il\" \/>\n<meta property=\"og:url\" content=\"https:\/\/www.monaco-tribune.com\/it\/2025\/10\/i-sedili-dello-stadio-louis-ii-presto-tutti-nei-colori-dellas-monaco\/\" \/>\n<meta property=\"og:site_name\" content=\"Monaco Tribune\" \/>\n<meta property=\"article:publisher\" content=\"https:\/\/www.facebook.com\/MonacoTribune\" \/>\n<meta property=\"article:published_time\" content=\"2025-10-10T15:08:41+00:00\" \/>\n<meta property=\"article:modified_time\" content=\"2025-10-10T15:08:48+00:00\" \/>\n<meta property=\"og:image\" content=\"https:\/\/www.monaco-tribune.com\/wp-content\/uploads\/2025\/10\/sieges-stade-louis-ii-1.jpg\" \/>\n\t<meta property=\"og:image:width\" content=\"1000\" \/>\n\t<meta property=\"og:image:height\" content=\"1000\" \/>\n\t<meta property=\"og:image:type\" content=\"image\/jpeg\" \/>\n<meta name=\"author\" content=\"St\u00e9phane Renaux\" \/>\n<meta name=\"twitter:card\" content=\"summary_large_image\" \/>\n<meta name=\"twitter:creator\" content=\"@MonacoTribune\" \/>\n<meta name=\"twitter:site\" content=\"@MonacoTribune\" \/>\n<script type=\"application\/ld+json\" class=\"yoast-schema-graph\">{\"@context\":\"https:\\\/\\\/schema.org\",\"@graph\":[{\"@type\":\"NewsArticle\",\"@id\":\"https:\\\/\\\/www.monaco-tribune.com\\\/it\\\/2025\\\/10\\\/i-sedili-dello-stadio-louis-ii-presto-tutti-nei-colori-dellas-monaco\\\/#article\",\"isPartOf\":{\"@id\":\"https:\\\/\\\/www.monaco-tribune.com\\\/it\\\/2025\\\/10\\\/i-sedili-dello-stadio-louis-ii-presto-tutti-nei-colori-dellas-monaco\\\/\"},\"author\":{\"name\":\"St\u00e9phane Renaux\",\"@id\":\"https:\\\/\\\/www.monaco-tribune.com\\\/it\\\/#\\\/schema\\\/person\\\/ece83e32e5a225fe73e81a24e634b373\"},\"headline\":\"I sedili dello stadio Louis-II presto tutti nei colori dell\u2019AS Monaco\",\"datePublished\":\"2025-10-10T15:08:41+00:00\",\"dateModified\":\"2025-10-10T15:08:48+00:00\",\"mainEntityOfPage\":{\"@id\":\"https:\\\/\\\/www.monaco-tribune.com\\\/it\\\/2025\\\/10\\\/i-sedili-dello-stadio-louis-ii-presto-tutti-nei-colori-dellas-monaco\\\/\"},\"wordCount\":338,\"publisher\":{\"@id\":\"https:\\\/\\\/www.monaco-tribune.com\\\/it\\\/#organization\"},\"image\":{\"@id\":\"https:\\\/\\\/www.monaco-tribune.com\\\/it\\\/2025\\\/10\\\/i-sedili-dello-stadio-louis-ii-presto-tutti-nei-colori-dellas-monaco\\\/#primaryimage\"},\"thumbnailUrl\":\"https:\\\/\\\/www.monaco-tribune.com\\\/wp-content\\\/uploads\\\/2025\\\/10\\\/sieges-stade-louis-ii-1.jpg\",\"keywords\":[\"AS Monaco\"],\"articleSection\":[\"La nostra scelta\",\"Notizie\",\"Sport\"],\"inLanguage\":\"it-IT\",\"copyrightYear\":\"2025\",\"copyrightHolder\":{\"@id\":\"https:\\\/\\\/www.monaco-tribune.com\\\/#organization\"}},{\"@type\":\"WebPage\",\"@id\":\"https:\\\/\\\/www.monaco-tribune.com\\\/it\\\/2025\\\/10\\\/i-sedili-dello-stadio-louis-ii-presto-tutti-nei-colori-dellas-monaco\\\/\",\"url\":\"https:\\\/\\\/www.monaco-tribune.com\\\/it\\\/2025\\\/10\\\/i-sedili-dello-stadio-louis-ii-presto-tutti-nei-colori-dellas-monaco\\\/\",\"name\":\"I sedili dello stadio Louis-II presto tutti nei colori dell\u2019AS Monaco\",\"isPartOf\":{\"@id\":\"https:\\\/\\\/www.monaco-tribune.com\\\/it\\\/#website\"},\"primaryImageOfPage\":{\"@id\":\"https:\\\/\\\/www.monaco-tribune.com\\\/it\\\/2025\\\/10\\\/i-sedili-dello-stadio-louis-ii-presto-tutti-nei-colori-dellas-monaco\\\/#primaryimage\"},\"image\":{\"@id\":\"https:\\\/\\\/www.monaco-tribune.com\\\/it\\\/2025\\\/10\\\/i-sedili-dello-stadio-louis-ii-presto-tutti-nei-colori-dellas-monaco\\\/#primaryimage\"},\"thumbnailUrl\":\"https:\\\/\\\/www.monaco-tribune.com\\\/wp-content\\\/uploads\\\/2025\\\/10\\\/sieges-stade-louis-ii-1.jpg\",\"datePublished\":\"2025-10-10T15:08:41+00:00\",\"dateModified\":\"2025-10-10T15:08:48+00:00\",\"description\":\"Fine di una lunga suspense: i sedili gialli dell\u2019impianto di Fontvieille saranno presto sostituiti con sedute pi\u00f9 moderne, nei colori che rappresentano il\",\"breadcrumb\":{\"@id\":\"https:\\\/\\\/www.monaco-tribune.com\\\/it\\\/2025\\\/10\\\/i-sedili-dello-stadio-louis-ii-presto-tutti-nei-colori-dellas-monaco\\\/#breadcrumb\"},\"inLanguage\":\"it-IT\",\"potentialAction\":[{\"@type\":\"ReadAction\",\"target\":[\"https:\\\/\\\/www.monaco-tribune.com\\\/it\\\/2025\\\/10\\\/i-sedili-dello-stadio-louis-ii-presto-tutti-nei-colori-dellas-monaco\\\/\"]}]},{\"@type\":\"ImageObject\",\"inLanguage\":\"it-IT\",\"@id\":\"https:\\\/\\\/www.monaco-tribune.com\\\/it\\\/2025\\\/10\\\/i-sedili-dello-stadio-louis-ii-presto-tutti-nei-colori-dellas-monaco\\\/#primaryimage\",\"url\":\"https:\\\/\\\/www.monaco-tribune.com\\\/wp-content\\\/uploads\\\/2025\\\/10\\\/sieges-stade-louis-ii-1.jpg\",\"contentUrl\":\"https:\\\/\\\/www.monaco-tribune.com\\\/wp-content\\\/uploads\\\/2025\\\/10\\\/sieges-stade-louis-ii-1.jpg\",\"width\":1000,\"height\":1000,\"caption\":\"I nuovi sedili presto nei colori dell'AS Monaco \u00a9 DR\"},{\"@type\":\"BreadcrumbList\",\"@id\":\"https:\\\/\\\/www.monaco-tribune.com\\\/it\\\/2025\\\/10\\\/i-sedili-dello-stadio-louis-ii-presto-tutti-nei-colori-dellas-monaco\\\/#breadcrumb\",\"itemListElement\":[{\"@type\":\"ListItem\",\"position\":1,\"name\":\"Accueil\",\"item\":\"https:\\\/\\\/www.monaco-tribune.com\\\/it\\\/\"},{\"@type\":\"ListItem\",\"position\":2,\"name\":\"I sedili dello stadio Louis-II presto tutti nei colori dell\u2019AS Monaco\"}]},{\"@type\":\"WebSite\",\"@id\":\"https:\\\/\\\/www.monaco-tribune.com\\\/it\\\/#website\",\"url\":\"https:\\\/\\\/www.monaco-tribune.com\\\/it\\\/\",\"name\":\"Monaco Tribune\",\"description\":\"Monaco : actualit\u00e9s \u00e9conomiques, politiques, culturelles et sportives de Monaco et de la French Riviera.\",\"publisher\":{\"@id\":\"https:\\\/\\\/www.monaco-tribune.com\\\/it\\\/#organization\"},\"potentialAction\":[{\"@type\":\"SearchAction\",\"target\":{\"@type\":\"EntryPoint\",\"urlTemplate\":\"https:\\\/\\\/www.monaco-tribune.com\\\/it\\\/?s={search_term_string}\"},\"query-input\":{\"@type\":\"PropertyValueSpecification\",\"valueRequired\":true,\"valueName\":\"search_term_string\"}}],\"inLanguage\":\"it-IT\"},{\"@type\":\"Organization\",\"@id\":\"https:\\\/\\\/www.monaco-tribune.com\\\/it\\\/#organization\",\"name\":\"Monaco Tribune\",\"url\":\"https:\\\/\\\/www.monaco-tribune.com\\\/it\\\/\",\"logo\":{\"@type\":\"ImageObject\",\"inLanguage\":\"it-IT\",\"@id\":\"https:\\\/\\\/www.monaco-tribune.com\\\/it\\\/#\\\/schema\\\/logo\\\/image\\\/\",\"url\":\"https:\\\/\\\/www.monaco-tribune.com\\\/wp-content\\\/uploads\\\/2022\\\/11\\\/logo-monaco-tribune.png\",\"contentUrl\":\"https:\\\/\\\/www.monaco-tribune.com\\\/wp-content\\\/uploads\\\/2022\\\/11\\\/logo-monaco-tribune.png\",\"width\":1548,\"height\":600,\"caption\":\"Monaco Tribune\"},\"image\":{\"@id\":\"https:\\\/\\\/www.monaco-tribune.com\\\/it\\\/#\\\/schema\\\/logo\\\/image\\\/\"},\"sameAs\":[\"https:\\\/\\\/www.facebook.com\\\/MonacoTribune\",\"https:\\\/\\\/x.com\\\/MonacoTribune\",\"https:\\\/\\\/www.instagram.com\\\/monacotribune\\\/\",\"https:\\\/\\\/www.linkedin.com\\\/company\\\/monaco-tribune\",\"https:\\\/\\\/www.youtube.com\\\/channel\\\/UCHle1MnG6hw1y4lWKijVbMA\"]},{\"@type\":\"Person\",\"@id\":\"https:\\\/\\\/www.monaco-tribune.com\\\/it\\\/#\\\/schema\\\/person\\\/ece83e32e5a225fe73e81a24e634b373\",\"name\":\"St\u00e9phane Renaux\",\"image\":{\"@type\":\"ImageObject\",\"inLanguage\":\"it-IT\",\"@id\":\"https:\\\/\\\/secure.gravatar.com\\\/avatar\\\/2d6f746a04927ac898fdac59e15d9eb3b4a76ca816265fea18219d81de41f8a5?s=96&d=mm&r=g\",\"url\":\"https:\\\/\\\/secure.gravatar.com\\\/avatar\\\/2d6f746a04927ac898fdac59e15d9eb3b4a76ca816265fea18219d81de41f8a5?s=96&d=mm&r=g\",\"contentUrl\":\"https:\\\/\\\/secure.gravatar.com\\\/avatar\\\/2d6f746a04927ac898fdac59e15d9eb3b4a76ca816265fea18219d81de41f8a5?s=96&d=mm&r=g\",\"caption\":\"St\u00e9phane Renaux\"},\"url\":\"https:\\\/\\\/www.monaco-tribune.com\\\/it\\\/author\\\/stephanerenaux\\\/\"}]}<\/script>\n<!-- \/ Yoast SEO Premium plugin. -->","yoast_head_json":{"title":"I sedili dello stadio Louis-II presto tutti nei colori dell\u2019AS Monaco","description":"Fine di una lunga suspense: i sedili gialli dell\u2019impianto di Fontvieille saranno presto sostituiti con sedute pi\u00f9 moderne, nei colori che rappresentano il","robots":{"index":"index","follow":"follow","max-snippet":"max-snippet:-1","max-image-preview":"max-image-preview:large","max-video-preview":"max-video-preview:-1"},"canonical":"https:\/\/www.monaco-tribune.com\/it\/2025\/10\/i-sedili-dello-stadio-louis-ii-presto-tutti-nei-colori-dellas-monaco\/","og_locale":"it_IT","og_type":"article","og_title":"I sedili dello stadio Louis-II presto tutti nei colori dell\u2019AS Monaco - Monaco Tribune","og_description":"Fine di una lunga suspense: i sedili gialli dell\u2019impianto di Fontvieille saranno presto sostituiti con sedute pi\u00f9 moderne, nei colori che rappresentano il","og_url":"https:\/\/www.monaco-tribune.com\/it\/2025\/10\/i-sedili-dello-stadio-louis-ii-presto-tutti-nei-colori-dellas-monaco\/","og_site_name":"Monaco Tribune","article_publisher":"https:\/\/www.facebook.com\/MonacoTribune","article_published_time":"2025-10-10T15:08:41+00:00","article_modified_time":"2025-10-10T15:08:48+00:00","og_image":[{"width":1000,"height":1000,"url":"https:\/\/www.monaco-tribune.com\/wp-content\/uploads\/2025\/10\/sieges-stade-louis-ii-1.jpg","type":"image\/jpeg"}],"author":"St\u00e9phane Renaux","twitter_card":"summary_large_image","twitter_creator":"@MonacoTribune","twitter_site":"@MonacoTribune","schema":{"@context":"https:\/\/schema.org","@graph":[{"@type":"NewsArticle","@id":"https:\/\/www.monaco-tribune.com\/it\/2025\/10\/i-sedili-dello-stadio-louis-ii-presto-tutti-nei-colori-dellas-monaco\/#article","isPartOf":{"@id":"https:\/\/www.monaco-tribune.com\/it\/2025\/10\/i-sedili-dello-stadio-louis-ii-presto-tutti-nei-colori-dellas-monaco\/"},"author":{"name":"St\u00e9phane Renaux","@id":"https:\/\/www.monaco-tribune.com\/it\/#\/schema\/person\/ece83e32e5a225fe73e81a24e634b373"},"headline":"I sedili dello stadio Louis-II presto tutti nei colori dell\u2019AS Monaco","datePublished":"2025-10-10T15:08:41+00:00","dateModified":"2025-10-10T15:08:48+00:00","mainEntityOfPage":{"@id":"https:\/\/www.monaco-tribune.com\/it\/2025\/10\/i-sedili-dello-stadio-louis-ii-presto-tutti-nei-colori-dellas-monaco\/"},"wordCount":338,"publisher":{"@id":"https:\/\/www.monaco-tribune.com\/it\/#organization"},"image":{"@id":"https:\/\/www.monaco-tribune.com\/it\/2025\/10\/i-sedili-dello-stadio-louis-ii-presto-tutti-nei-colori-dellas-monaco\/#primaryimage"},"thumbnailUrl":"https:\/\/www.monaco-tribune.com\/wp-content\/uploads\/2025\/10\/sieges-stade-louis-ii-1.jpg","keywords":["AS Monaco"],"articleSection":["La nostra scelta","Notizie","Sport"],"inLanguage":"it-IT","copyrightYear":"2025","copyrightHolder":{"@id":"https:\/\/www.monaco-tribune.com\/#organization"}},{"@type":"WebPage","@id":"https:\/\/www.monaco-tribune.com\/it\/2025\/10\/i-sedili-dello-stadio-louis-ii-presto-tutti-nei-colori-dellas-monaco\/","url":"https:\/\/www.monaco-tribune.com\/it\/2025\/10\/i-sedili-dello-stadio-louis-ii-presto-tutti-nei-colori-dellas-monaco\/","name":"I sedili dello stadio Louis-II presto tutti nei colori dell\u2019AS Monaco","isPartOf":{"@id":"https:\/\/www.monaco-tribune.com\/it\/#website"},"primaryImageOfPage":{"@id":"https:\/\/www.monaco-tribune.com\/it\/2025\/10\/i-sedili-dello-stadio-louis-ii-presto-tutti-nei-colori-dellas-monaco\/#primaryimage"},"image":{"@id":"https:\/\/www.monaco-tribune.com\/it\/2025\/10\/i-sedili-dello-stadio-louis-ii-presto-tutti-nei-colori-dellas-monaco\/#primaryimage"},"thumbnailUrl":"https:\/\/www.monaco-tribune.com\/wp-content\/uploads\/2025\/10\/sieges-stade-louis-ii-1.jpg","datePublished":"2025-10-10T15:08:41+00:00","dateModified":"2025-10-10T15:08:48+00:00","description":"Fine di una lunga suspense: i sedili gialli dell\u2019impianto di Fontvieille saranno presto sostituiti con sedute pi\u00f9 moderne, nei colori che rappresentano il","breadcrumb":{"@id":"https:\/\/www.monaco-tribune.com\/it\/2025\/10\/i-sedili-dello-stadio-louis-ii-presto-tutti-nei-colori-dellas-monaco\/#breadcrumb"},"inLanguage":"it-IT","potentialAction":[{"@type":"ReadAction","target":["https:\/\/www.monaco-tribune.com\/it\/2025\/10\/i-sedili-dello-stadio-louis-ii-presto-tutti-nei-colori-dellas-monaco\/"]}]},{"@type":"ImageObject","inLanguage":"it-IT","@id":"https:\/\/www.monaco-tribune.com\/it\/2025\/10\/i-sedili-dello-stadio-louis-ii-presto-tutti-nei-colori-dellas-monaco\/#primaryimage","url":"https:\/\/www.monaco-tribune.com\/wp-content\/uploads\/2025\/10\/sieges-stade-louis-ii-1.jpg","contentUrl":"https:\/\/www.monaco-tribune.com\/wp-content\/uploads\/2025\/10\/sieges-stade-louis-ii-1.jpg","width":1000,"height":1000,"caption":"I nuovi sedili presto nei colori dell'AS Monaco \u00a9 DR"},{"@type":"BreadcrumbList","@id":"https:\/\/www.monaco-tribune.com\/it\/2025\/10\/i-sedili-dello-stadio-louis-ii-presto-tutti-nei-colori-dellas-monaco\/#breadcrumb","itemListElement":[{"@type":"ListItem","position":1,"name":"Accueil","item":"https:\/\/www.monaco-tribune.com\/it\/"},{"@type":"ListItem","position":2,"name":"I sedili dello stadio Louis-II presto tutti nei colori dell\u2019AS Monaco"}]},{"@type":"WebSite","@id":"https:\/\/www.monaco-tribune.com\/it\/#website","url":"https:\/\/www.monaco-tribune.com\/it\/","name":"Monaco Tribune","description":"Monaco : actualit\u00e9s \u00e9conomiques, politiques, culturelles et sportives de Monaco et de la French Riviera.","publisher":{"@id":"https:\/\/www.monaco-tribune.com\/it\/#organization"},"potentialAction":[{"@type":"SearchAction","target":{"@type":"EntryPoint","urlTemplate":"https:\/\/www.monaco-tribune.com\/it\/?s={search_term_string}"},"query-input":{"@type":"PropertyValueSpecification","valueRequired":true,"valueName":"search_term_string"}}],"inLanguage":"it-IT"},{"@type":"Organization","@id":"https:\/\/www.monaco-tribune.com\/it\/#organization","name":"Monaco Tribune","url":"https:\/\/www.monaco-tribune.com\/it\/","logo":{"@type":"ImageObject","inLanguage":"it-IT","@id":"https:\/\/www.monaco-tribune.com\/it\/#\/schema\/logo\/image\/","url":"https:\/\/www.monaco-tribune.com\/wp-content\/uploads\/2022\/11\/logo-monaco-tribune.png","contentUrl":"https:\/\/www.monaco-tribune.com\/wp-content\/uploads\/2022\/11\/logo-monaco-tribune.png","width":1548,"height":600,"caption":"Monaco Tribune"},"image":{"@id":"https:\/\/www.monaco-tribune.com\/it\/#\/schema\/logo\/image\/"},"sameAs":["https:\/\/www.facebook.com\/MonacoTribune","https:\/\/x.com\/MonacoTribune","https:\/\/www.instagram.com\/monacotribune\/","https:\/\/www.linkedin.com\/company\/monaco-tribune","https:\/\/www.youtube.com\/channel\/UCHle1MnG6hw1y4lWKijVbMA"]},{"@type":"Person","@id":"https:\/\/www.monaco-tribune.com\/it\/#\/schema\/person\/ece83e32e5a225fe73e81a24e634b373","name":"St\u00e9phane Renaux","image":{"@type":"ImageObject","inLanguage":"it-IT","@id":"https:\/\/secure.gravatar.com\/avatar\/2d6f746a04927ac898fdac59e15d9eb3b4a76ca816265fea18219d81de41f8a5?s=96&d=mm&r=g","url":"https:\/\/secure.gravatar.com\/avatar\/2d6f746a04927ac898fdac59e15d9eb3b4a76ca816265fea18219d81de41f8a5?s=96&d=mm&r=g","contentUrl":"https:\/\/secure.gravatar.com\/avatar\/2d6f746a04927ac898fdac59e15d9eb3b4a76ca816265fea18219d81de41f8a5?s=96&d=mm&r=g","caption":"St\u00e9phane Renaux"},"url":"https:\/\/www.monaco-tribune.com\/it\/author\/stephanerenaux\/"}]}},"_links":{"self":[{"href":"https:\/\/www.monaco-tribune.com\/it\/wp-json\/wp\/v2\/posts\/318958","targetHints":{"allow":["GET"]}}],"collection":[{"href":"https:\/\/www.monaco-tribune.com\/it\/wp-json\/wp\/v2\/posts"}],"about":[{"href":"https:\/\/www.monaco-tribune.com\/it\/wp-json\/wp\/v2\/types\/post"}],"author":[{"embeddable":true,"href":"https:\/\/www.monaco-tribune.com\/it\/wp-json\/wp\/v2\/users\/84"}],"replies":[{"embeddable":true,"href":"https:\/\/www.monaco-tribune.com\/it\/wp-json\/wp\/v2\/comments?post=318958"}],"version-history":[{"count":2,"href":"https:\/\/www.monaco-tribune.com\/it\/wp-json\/wp\/v2\/posts\/318958\/revisions"}],"predecessor-version":[{"id":318961,"href":"https:\/\/www.monaco-tribune.com\/it\/wp-json\/wp\/v2\/posts\/318958\/revisions\/318961"}],"wp:featuredmedia":[{"embeddable":true,"href":"https:\/\/www.monaco-tribune.com\/it\/wp-json\/wp\/v2\/media\/318559"}],"wp:attachment":[{"href":"https:\/\/www.monaco-tribune.com\/it\/wp-json\/wp\/v2\/media?parent=318958"}],"wp:term":[{"taxonomy":"category","embeddable":true,"href":"https:\/\/www.monaco-tribune.com\/it\/wp-json\/wp\/v2\/categories?post=318958"},{"taxonomy":"post_tag","embeddable":true,"href":"https:\/\/www.monaco-tribune.com\/it\/wp-json\/wp\/v2\/tags?post=318958"},{"taxonomy":"sectag","embeddable":true,"href":"https:\/\/www.monaco-tribune.com\/it\/wp-json\/wp\/v2\/post_sectags?post=318958"},{"taxonomy":"format","embeddable":true,"href":"https:\/\/www.monaco-tribune.com\/it\/wp-json\/wp\/v2\/post_format?post=318958"}],"curies":[{"name":"wp","href":"https:\/\/api.w.org\/{rel}","templated":true}]}}