{"id":319352,"date":"2025-10-14T15:01:28","date_gmt":"2025-10-14T13:01:28","guid":{"rendered":"https:\/\/www.monaco-tribune.com\/2025\/10\/sebastien-pocognoli-lallenatore-dellas-monaco-dalle-idee-audaci\/"},"modified":"2025-10-14T15:01:34","modified_gmt":"2025-10-14T13:01:34","slug":"sebastien-pocognoli-lallenatore-dellas-monaco-dalle-idee-audaci","status":"publish","type":"post","link":"https:\/\/www.monaco-tribune.com\/it\/2025\/10\/sebastien-pocognoli-lallenatore-dellas-monaco-dalle-idee-audaci\/","title":{"rendered":"S\u00e9bastien Pocognoli, l\u2019allenatore dell\u2019AS Monaco dalle idee audaci"},"content":{"rendered":"\n<p><strong>L\u2019AS Monaco ha annunciato sabato sera l\u2019arrivo del suo nuovo allenatore: S\u00e9bastien Pocognoli. Il tecnico belga, 38 anni, prende il posto di Adi H\u00fctter.<\/strong><\/p>\n\n<p>Tre giorni dopo la partenza dell\u2019allenatore austriaco, il club del Principato ha il suo successore. Si tratta del coach dell\u2019Union Saint-Gilloise, campione del Belgio nella scorsa stagione, attuale capolista del campionato e impegnato in Champions League. S\u00e9bastien Pocognoli ha firmato un contratto fino a giugno 2027. Subentra ad Adi H\u00fctter, arrivato nell\u2019estate 2023, i cui ultimi risultati hanno spinto la dirigenza a porre fine al suo incarico.<\/p>\n\n<h2 class=\"wp-block-heading\" id=\"h-une-dynamique-defavorable\">Una dinamica sfavorevole<\/h2>\n\n<p>Con una sola vittoria nelle ultime cinque partite, in tutte le competizioni, l\u2019ASM ha navigato a vista dall\u2019inizio della stagione. Le pesanti sconfitte contro il Bruges nella prima partita di Champions League (4-1) e contro il Lorient in campionato (3-1) sono probabilmente state i punti di svolta nella mente della dirigenza. Fan di un gioco offensivo, l\u2019ex allenatore del Francoforte faticava a proporre maggiore variet\u00e0 nel gioco della squadra, rendendo la strategia troppo prevedibile agli occhi degli avversari.<\/p>\n\n<blockquote class=\"wp-embedded-content\" data-secret=\"cdh1mxWoBG\"><a href=\"https:\/\/www.monaco-tribune.com\/ru\/2025\/10\/liga-1-monako-i-niczcza-razdelili-ochki-v-zahvatyvayushhem-derbi\/\">\u041b\u0438\u0433\u0430 1: \u00ab\u041c\u043e\u043d\u0430\u043a\u043e\u00bb \u0438 \u00ab\u041d\u0438\u0446\u0446\u0430\u00bb \u0440\u0430\u0437\u0434\u0435\u043b\u0438\u043b\u0438 \u043e\u0447\u043a\u0438 \u0432 \u0437\u0430\u0445\u0432\u0430\u0442\u044b\u0432\u0430\u044e\u0449\u0435\u043c \u0434\u0435\u0440\u0431\u0438<\/a><\/blockquote><iframe class=\"wp-embedded-content\" sandbox=\"allow-scripts\" security=\"restricted\" style=\"position: absolute; visibility: hidden;\" title=\"&#8220;\u041b\u0438\u0433\u0430 1: \u00ab\u041c\u043e\u043d\u0430\u043a\u043e\u00bb \u0438 \u00ab\u041d\u0438\u0446\u0446\u0430\u00bb \u0440\u0430\u0437\u0434\u0435\u043b\u0438\u043b\u0438 \u043e\u0447\u043a\u0438 \u0432 \u0437\u0430\u0445\u0432\u0430\u0442\u044b\u0432\u0430\u044e\u0449\u0435\u043c \u0434\u0435\u0440\u0431\u0438&#8221; &#8212; Monaco Tribune\" src=\"https:\/\/www.monaco-tribune.com\/ru\/2025\/10\/liga-1-monako-i-niczcza-razdelili-ochki-v-zahvatyvayushhem-derbi\/embed\/#?secret=WhsOvSENxL#?secret=cdh1mxWoBG\" data-secret=\"cdh1mxWoBG\" width=\"500\" height=\"282\" frameborder=\"0\" marginwidth=\"0\" marginheight=\"0\" scrolling=\"no\"><\/iframe>\n\n<p>Inoltre, la gestione dei giocatori da parte di H\u00fctter, in particolare degli attaccanti Eliesse Ben Seghir e Sa\u00efmon Bouabr\u00e9, ceduti durante il mercato estivo, ha sollevato dubbi sulla sua capacit\u00e0 di far crescere i ragazzi. Le due partenze hanno scatenato la delusione dei tifosi pi\u00f9 appassionati: amareggiati nel veder andare via i talenti del centro di formazione, da sempre parte integrante dell\u2019identit\u00e0 del club, hanno chiesto l\u2019allontanamento dell\u2019austriaco. Regolarmente presente in tribuna, fin dalla pre-stagione, e spesso al Centre de Performance per diverse riunioni, il presidente Dmitri Rybolovlev sembrava ormai non pi\u00f9 convinto dell\u2019evoluzione del gioco del suo allenatore.<\/p>\n\n<h2 class=\"wp-block-heading\" id=\"h-des-principes-de-jeu-clairs\">Principi di gioco chiari<\/h2>\n\n<p>Per ritrovare un\u2019identit\u00e0 pi\u00f9 in linea con la filosofia desiderata, i <em>Rouge et Blanc<\/em> precisano in un comunicato che S\u00e9bastien Pocognoli \u201csi \u00e8 distinto coniugando risultati sportivi a uno stile di gioco ambizioso e attraente\u201d, durante il suo periodo nella capitale belga, dove \u00e8 riuscito a conquistare il primo titolo del club dopo 90 anni. Un\u2019impresa notevole, considerando la concorrenza di squadre come il Club Bruges e l\u2019Anderlecht, economicamente pi\u00f9 forti. Un traguardo che gli \u00e8 valso anche il premio di allenatore dell\u2019anno della Pro League.<\/p>\n\n<figure class=\"wp-block-embed is-type-rich is-provider-twitter wp-block-embed-twitter\"><div class=\"wp-block-embed__wrapper\">\r\n<blockquote class=\"twitter-tweet\" data-width=\"500\" data-dnt=\"true\"><p lang=\"fr\" dir=\"ltr\">2.12 \u2013 Points par match parmi les entra\u00eeneurs de Jupiler Pro League au 21e si\u00e8cle (min. 50 matches) :<br><br>\ud83e\udd47S\u00e9bastien Pocognoli &#8211; 2.12<br>\ud83e\udd48Philippe Clement &#8211; 1.98<br>\ud83e\udd49Frank Vercauteren &#8211; 1.94<br><br>Daghe. <a href=\"https:\/\/t.co\/HjLZayc8hq\">https:\/\/t.co\/HjLZayc8hq<\/a><\/p>&mdash; OptaJean (@OptaJean) <a href=\"https:\/\/twitter.com\/OptaJean\/status\/1977292653663277186?ref_src=twsrc%5Etfw\">October 12, 2025<\/a><\/blockquote><script async src=\"https:\/\/platform.twitter.com\/widgets.js\" charset=\"utf-8\"><\/script>\r\n<\/div><\/figure><br>\n\n<p>L\u2019ex terzino sinistro gode di un\u2019ottima reputazione. \u201cL\u2019anno scorso ha conquistato tutti per il suo atteggiamento, le sue analisi\u2026 \u00c8 rimasto s\u00e9 stesso\u201d, ha spiegato a <em>Monaco-Matin<\/em> Jean-Fran\u00e7ois de Sart, suo ex allenatore e direttore sportivo allo Standard Liegi.<\/p>\n\n<p>Soprannominato \u201cPoco\u201d, il nuovo allenatore dell\u2019ASM ha principi di gioco ben definiti, basati su pressing e possesso palla. \u201cIl calcio che amo \u00e8 un calcio dominante, con e senza pallone. Pressing alto, contro-pressing, ma anche un vero controllo del possesso\u201d, dichiara sul sito del club. \u201cEra interessato e andava oltre il suo ruolo di calciatore. Parlava spesso con noi, rifletteva su cosa doveva fare lui e la squadra. Ha una stabilit\u00e0, una capacit\u00e0 di analisi e un comportamento che oggi gli sono di grande aiuto, soprattutto come allenatore\u201d, ha ricordato a <em>L\u2019\u00c9quipe<\/em> Jos\u00e9 Riga, suo ex tecnico allo Standard Liegi.<\/p>\n\n<p>Anche se Pocognoli ha solo un anno di esperienza come allenatore principale ad alto livello, la sua ascesa fulminea non sorprende chi lo conosce. \u201cOvunque \u00e8 stato, \u00e8 sempre stato capitano. Allo Standard, anche quando non aveva pi\u00f9 un ruolo centrale in campo, era lui a tenere unito lo spogliatoio. Ha sempre avuto una visione pi\u00f9 \u2018intellettuale\u2019 del calcio, quindi non \u00e8 stata una sorpresa vederlo passare in panchina\u201d, racconta una fonte vicina al club belga.<\/p>\n\n<h2 class=\"wp-block-heading\" id=\"h-un-savoir-faire-avec-les-jeunes\">Un talento nella gestione dei giovani<\/h2>\n\n<p>Per Jonathan Lange, caporedattore della sezione sportiva del quotidiano belga <em>La Derni\u00e8re Heure<\/em>, la parola che definisce meglio il nuovo allenatore dell\u2019ASM \u00e8 \u201cintensit\u00e0\u201d. \u201cIn campo era un combattente, e pretende la stessa grinta dalle sue squadre.\u201d Un allenatore in particolare ha segnato Pocognoli durante la carriera da giocatore: l\u2019olandese Louis van Gaal, ai tempi dell\u2019AZ Alkmaar. \u201cQuando \u00e8 andato al Bayern Monaco, io sono diventato un giocatore medio. Mi sono reso conto che un allenatore pu\u00f2 farti superare i tuoi limiti. Mi piaceva cos\u00ec tanto allenarmi. Mi piaceva soffrire per migliorare. Mi piaceva quando mi criticava, perch\u00e9 mi motivava\u201d, ha raccontato a <em>Le Soir<\/em>.<\/p>\n\n<p>A convincere la dirigenza dell\u2019AS Monaco \u00e8 stata proprio la capacit\u00e0 di Pocognoli di far crescere e brillare i giovani. \u201cPer me i giocatori sono artisti. E un artista, per fare una buona performance, deve sentirsi bene nel corpo e nella mente\u201d, ha confidato a <em>RTBF<\/em>. Jean-Fran\u00e7ois de Sart sottolinea inoltre il suo approccio umano: \u201c\u00c8 molto vicino ai suoi gruppi! La gestione umana \u00e8 uno dei suoi punti forti\u201d.<\/p>\n\n<p>L\u2019arrivo dell\u2019ex giocatore dello Standard Liegi coincide con quello del suo vice, un volto noto: Kevin Mirallas, ex attaccante del Lille, lo affiancher\u00e0 nel lavoro offensivo. Un\u2019arma preziosa, considerando il ruolo che ha avuto nel successo degli attaccanti dell\u2019Union Saint-Gilloise nella conquista del titolo lo scorso anno, e che potr\u00e0 essere utile anche agli elementi offensivi dell\u2019ASM.<\/p>\n\n<h2 class=\"wp-block-heading\" id=\"h-adaptation-express\">Adattamento lampo<\/h2>\n\n<p>Solo quattro anni dopo la fine della carriera da calciatore, durante la quale ha disputato oltre 360 partite, S\u00e9bastien Pocognoli ha iniziato la sua nuova vita in panchina allenando diverse squadre giovanili, tra cui l\u2019U21 dell\u2019Union Saint-Gilloise, per poi assumere la guida di una squadra professionale poco pi\u00f9 di un anno fa, con i risultati che conosciamo. Il suo arrivo nel Principato gli offrir\u00e0 una visibilit\u00e0 maggiore, ma Jean-Fran\u00e7ois de Sart crede nel suo successo: \u201cHa dimostrato il suo valore e ha tutte le carte in regola per riuscire. Dovr\u00e0 adattarsi, ma credo che sia aperto a un approccio pi\u00f9 moderno rispetto a quello che ha conosciuto in passato. Ha l\u2019intelligenza e le competenze per farcela\u201d.<\/p>\n\n<p>S\u00e9bastien Pocognoli far\u00e0 i suoi primi passi con l\u2019AS Monaco gi\u00e0 da marted\u00ec al Centre de Performance di La Turbie, prima della presentazione ufficiale. Diriger\u00e0 la sua prima partita sabato ad Angers (ore 19:00) per l\u2019ottava giornata di Ligue 1, per poi affrontare il Tottenham in Champions League il mercoled\u00ec successivo (ore 21:00).<\/p>\n","protected":false},"excerpt":{"rendered":"<p>L\u2019AS Monaco ha annunciato sabato sera l\u2019arrivo del suo nuovo allenatore: S\u00e9bastien Pocognoli. Il tecnico belga, 38 anni, prende il [&hellip;]<\/p>\n","protected":false},"author":84,"featured_media":319040,"comment_status":"closed","ping_status":"closed","sticky":false,"template":"","format":"standard","meta":{"_acf_changed":false,"footnotes":""},"categories":[1826,1738,1743],"tags":[2846],"post_sectags":[3240],"post_format":[2486],"class_list":["post-319352","post","type-post","status-publish","format-standard","has-post-thumbnail","hentry","category-la-nostra-scelta","category-notizie","category-sport-it","tag-as-monaco-it-2","sectag-calcio-it","format-servizio"],"acf":[],"yoast_head":"<!-- This site is optimized with the Yoast SEO Premium plugin v26.8 (Yoast SEO v27.5) - https:\/\/yoast.com\/product\/yoast-seo-premium-wordpress\/ -->\n<title>S\u00e9bastien Pocognoli, l\u2019allenatore dell\u2019AS Monaco dalle idee audaci<\/title>\n<meta name=\"description\" content=\"L\u2019AS Monaco ha annunciato sabato sera l\u2019arrivo del suo nuovo allenatore: S\u00e9bastien Pocognoli. Il tecnico belga, 38 anni, prende il posto di Adi H\u00fctter.\" \/>\n<meta name=\"robots\" content=\"index, follow, max-snippet:-1, max-image-preview:large, max-video-preview:-1\" \/>\n<link rel=\"canonical\" href=\"https:\/\/www.monaco-tribune.com\/it\/2025\/10\/sebastien-pocognoli-lallenatore-dellas-monaco-dalle-idee-audaci\/\" \/>\n<meta property=\"og:locale\" content=\"it_IT\" \/>\n<meta property=\"og:type\" content=\"article\" \/>\n<meta property=\"og:title\" content=\"S\u00e9bastien Pocognoli, l\u2019allenatore dell\u2019AS Monaco dalle idee audaci - Monaco Tribune\" \/>\n<meta property=\"og:description\" content=\"L\u2019AS Monaco ha annunciato sabato sera l\u2019arrivo del suo nuovo allenatore: S\u00e9bastien Pocognoli. Il tecnico belga, 38 anni, prende il posto di Adi H\u00fctter.\" \/>\n<meta property=\"og:url\" content=\"https:\/\/www.monaco-tribune.com\/it\/2025\/10\/sebastien-pocognoli-lallenatore-dellas-monaco-dalle-idee-audaci\/\" \/>\n<meta property=\"og:site_name\" content=\"Monaco Tribune\" \/>\n<meta property=\"article:publisher\" content=\"https:\/\/www.facebook.com\/MonacoTribune\" \/>\n<meta property=\"article:published_time\" content=\"2025-10-14T13:01:28+00:00\" \/>\n<meta property=\"article:modified_time\" content=\"2025-10-14T13:01:34+00:00\" \/>\n<meta property=\"og:image\" content=\"https:\/\/www.monaco-tribune.com\/wp-content\/uploads\/2025\/10\/sebastien-pocognoli-asm.jpg\" \/>\n\t<meta property=\"og:image:width\" content=\"1160\" \/>\n\t<meta property=\"og:image:height\" content=\"650\" \/>\n\t<meta property=\"og:image:type\" content=\"image\/jpeg\" \/>\n<meta name=\"author\" content=\"St\u00e9phane Renaux\" \/>\n<meta name=\"twitter:card\" content=\"summary_large_image\" \/>\n<meta name=\"twitter:creator\" content=\"@MonacoTribune\" \/>\n<meta name=\"twitter:site\" content=\"@MonacoTribune\" \/>\n<script type=\"application\/ld+json\" class=\"yoast-schema-graph\">{\"@context\":\"https:\\\/\\\/schema.org\",\"@graph\":[{\"@type\":\"NewsArticle\",\"@id\":\"https:\\\/\\\/www.monaco-tribune.com\\\/it\\\/2025\\\/10\\\/sebastien-pocognoli-lallenatore-dellas-monaco-dalle-idee-audaci\\\/#article\",\"isPartOf\":{\"@id\":\"https:\\\/\\\/www.monaco-tribune.com\\\/it\\\/2025\\\/10\\\/sebastien-pocognoli-lallenatore-dellas-monaco-dalle-idee-audaci\\\/\"},\"author\":{\"name\":\"St\u00e9phane Renaux\",\"@id\":\"https:\\\/\\\/www.monaco-tribune.com\\\/it\\\/#\\\/schema\\\/person\\\/ece83e32e5a225fe73e81a24e634b373\"},\"headline\":\"S\u00e9bastien Pocognoli, l\u2019allenatore dell\u2019AS Monaco dalle idee audaci\",\"datePublished\":\"2025-10-14T13:01:28+00:00\",\"dateModified\":\"2025-10-14T13:01:34+00:00\",\"mainEntityOfPage\":{\"@id\":\"https:\\\/\\\/www.monaco-tribune.com\\\/it\\\/2025\\\/10\\\/sebastien-pocognoli-lallenatore-dellas-monaco-dalle-idee-audaci\\\/\"},\"wordCount\":1035,\"publisher\":{\"@id\":\"https:\\\/\\\/www.monaco-tribune.com\\\/it\\\/#organization\"},\"image\":{\"@id\":\"https:\\\/\\\/www.monaco-tribune.com\\\/it\\\/2025\\\/10\\\/sebastien-pocognoli-lallenatore-dellas-monaco-dalle-idee-audaci\\\/#primaryimage\"},\"thumbnailUrl\":\"https:\\\/\\\/www.monaco-tribune.com\\\/wp-content\\\/uploads\\\/2025\\\/10\\\/sebastien-pocognoli-asm.jpg\",\"keywords\":[\"AS Monaco\"],\"articleSection\":[\"La nostra scelta\",\"Notizie\",\"Sport\"],\"inLanguage\":\"it-IT\",\"copyrightYear\":\"2025\",\"copyrightHolder\":{\"@id\":\"https:\\\/\\\/www.monaco-tribune.com\\\/#organization\"}},{\"@type\":\"WebPage\",\"@id\":\"https:\\\/\\\/www.monaco-tribune.com\\\/it\\\/2025\\\/10\\\/sebastien-pocognoli-lallenatore-dellas-monaco-dalle-idee-audaci\\\/\",\"url\":\"https:\\\/\\\/www.monaco-tribune.com\\\/it\\\/2025\\\/10\\\/sebastien-pocognoli-lallenatore-dellas-monaco-dalle-idee-audaci\\\/\",\"name\":\"S\u00e9bastien Pocognoli, l\u2019allenatore dell\u2019AS Monaco dalle idee audaci\",\"isPartOf\":{\"@id\":\"https:\\\/\\\/www.monaco-tribune.com\\\/it\\\/#website\"},\"primaryImageOfPage\":{\"@id\":\"https:\\\/\\\/www.monaco-tribune.com\\\/it\\\/2025\\\/10\\\/sebastien-pocognoli-lallenatore-dellas-monaco-dalle-idee-audaci\\\/#primaryimage\"},\"image\":{\"@id\":\"https:\\\/\\\/www.monaco-tribune.com\\\/it\\\/2025\\\/10\\\/sebastien-pocognoli-lallenatore-dellas-monaco-dalle-idee-audaci\\\/#primaryimage\"},\"thumbnailUrl\":\"https:\\\/\\\/www.monaco-tribune.com\\\/wp-content\\\/uploads\\\/2025\\\/10\\\/sebastien-pocognoli-asm.jpg\",\"datePublished\":\"2025-10-14T13:01:28+00:00\",\"dateModified\":\"2025-10-14T13:01:34+00:00\",\"description\":\"L\u2019AS Monaco ha annunciato sabato sera l\u2019arrivo del suo nuovo allenatore: S\u00e9bastien Pocognoli. Il tecnico belga, 38 anni, prende il posto di Adi H\u00fctter.\",\"breadcrumb\":{\"@id\":\"https:\\\/\\\/www.monaco-tribune.com\\\/it\\\/2025\\\/10\\\/sebastien-pocognoli-lallenatore-dellas-monaco-dalle-idee-audaci\\\/#breadcrumb\"},\"inLanguage\":\"it-IT\",\"potentialAction\":[{\"@type\":\"ReadAction\",\"target\":[\"https:\\\/\\\/www.monaco-tribune.com\\\/it\\\/2025\\\/10\\\/sebastien-pocognoli-lallenatore-dellas-monaco-dalle-idee-audaci\\\/\"]}]},{\"@type\":\"ImageObject\",\"inLanguage\":\"it-IT\",\"@id\":\"https:\\\/\\\/www.monaco-tribune.com\\\/it\\\/2025\\\/10\\\/sebastien-pocognoli-lallenatore-dellas-monaco-dalle-idee-audaci\\\/#primaryimage\",\"url\":\"https:\\\/\\\/www.monaco-tribune.com\\\/wp-content\\\/uploads\\\/2025\\\/10\\\/sebastien-pocognoli-asm.jpg\",\"contentUrl\":\"https:\\\/\\\/www.monaco-tribune.com\\\/wp-content\\\/uploads\\\/2025\\\/10\\\/sebastien-pocognoli-asm.jpg\",\"width\":1160,\"height\":650,\"caption\":\"S\u00e9bastien Pocognoli sostituisce Adi H\u00fctter in panchina \u00a9 AS Monaco\"},{\"@type\":\"BreadcrumbList\",\"@id\":\"https:\\\/\\\/www.monaco-tribune.com\\\/it\\\/2025\\\/10\\\/sebastien-pocognoli-lallenatore-dellas-monaco-dalle-idee-audaci\\\/#breadcrumb\",\"itemListElement\":[{\"@type\":\"ListItem\",\"position\":1,\"name\":\"Accueil\",\"item\":\"https:\\\/\\\/www.monaco-tribune.com\\\/it\\\/\"},{\"@type\":\"ListItem\",\"position\":2,\"name\":\"S\u00e9bastien Pocognoli, l\u2019allenatore dell\u2019AS Monaco dalle idee audaci\"}]},{\"@type\":\"WebSite\",\"@id\":\"https:\\\/\\\/www.monaco-tribune.com\\\/it\\\/#website\",\"url\":\"https:\\\/\\\/www.monaco-tribune.com\\\/it\\\/\",\"name\":\"Monaco Tribune\",\"description\":\"Monaco : actualit\u00e9s \u00e9conomiques, politiques, culturelles et sportives de Monaco et de la French Riviera.\",\"publisher\":{\"@id\":\"https:\\\/\\\/www.monaco-tribune.com\\\/it\\\/#organization\"},\"potentialAction\":[{\"@type\":\"SearchAction\",\"target\":{\"@type\":\"EntryPoint\",\"urlTemplate\":\"https:\\\/\\\/www.monaco-tribune.com\\\/it\\\/?s={search_term_string}\"},\"query-input\":{\"@type\":\"PropertyValueSpecification\",\"valueRequired\":true,\"valueName\":\"search_term_string\"}}],\"inLanguage\":\"it-IT\"},{\"@type\":\"Organization\",\"@id\":\"https:\\\/\\\/www.monaco-tribune.com\\\/it\\\/#organization\",\"name\":\"Monaco Tribune\",\"url\":\"https:\\\/\\\/www.monaco-tribune.com\\\/it\\\/\",\"logo\":{\"@type\":\"ImageObject\",\"inLanguage\":\"it-IT\",\"@id\":\"https:\\\/\\\/www.monaco-tribune.com\\\/it\\\/#\\\/schema\\\/logo\\\/image\\\/\",\"url\":\"https:\\\/\\\/www.monaco-tribune.com\\\/wp-content\\\/uploads\\\/2022\\\/11\\\/logo-monaco-tribune.png\",\"contentUrl\":\"https:\\\/\\\/www.monaco-tribune.com\\\/wp-content\\\/uploads\\\/2022\\\/11\\\/logo-monaco-tribune.png\",\"width\":1548,\"height\":600,\"caption\":\"Monaco Tribune\"},\"image\":{\"@id\":\"https:\\\/\\\/www.monaco-tribune.com\\\/it\\\/#\\\/schema\\\/logo\\\/image\\\/\"},\"sameAs\":[\"https:\\\/\\\/www.facebook.com\\\/MonacoTribune\",\"https:\\\/\\\/x.com\\\/MonacoTribune\",\"https:\\\/\\\/www.instagram.com\\\/monacotribune\\\/\",\"https:\\\/\\\/www.linkedin.com\\\/company\\\/monaco-tribune\",\"https:\\\/\\\/www.youtube.com\\\/channel\\\/UCHle1MnG6hw1y4lWKijVbMA\"]},{\"@type\":\"Person\",\"@id\":\"https:\\\/\\\/www.monaco-tribune.com\\\/it\\\/#\\\/schema\\\/person\\\/ece83e32e5a225fe73e81a24e634b373\",\"name\":\"St\u00e9phane Renaux\",\"image\":{\"@type\":\"ImageObject\",\"inLanguage\":\"it-IT\",\"@id\":\"https:\\\/\\\/secure.gravatar.com\\\/avatar\\\/2d6f746a04927ac898fdac59e15d9eb3b4a76ca816265fea18219d81de41f8a5?s=96&d=mm&r=g\",\"url\":\"https:\\\/\\\/secure.gravatar.com\\\/avatar\\\/2d6f746a04927ac898fdac59e15d9eb3b4a76ca816265fea18219d81de41f8a5?s=96&d=mm&r=g\",\"contentUrl\":\"https:\\\/\\\/secure.gravatar.com\\\/avatar\\\/2d6f746a04927ac898fdac59e15d9eb3b4a76ca816265fea18219d81de41f8a5?s=96&d=mm&r=g\",\"caption\":\"St\u00e9phane Renaux\"},\"url\":\"https:\\\/\\\/www.monaco-tribune.com\\\/it\\\/author\\\/stephanerenaux\\\/\"}]}<\/script>\n<!-- \/ Yoast SEO Premium plugin. -->","yoast_head_json":{"title":"S\u00e9bastien Pocognoli, l\u2019allenatore dell\u2019AS Monaco dalle idee audaci","description":"L\u2019AS Monaco ha annunciato sabato sera l\u2019arrivo del suo nuovo allenatore: S\u00e9bastien Pocognoli. Il tecnico belga, 38 anni, prende il posto di Adi H\u00fctter.","robots":{"index":"index","follow":"follow","max-snippet":"max-snippet:-1","max-image-preview":"max-image-preview:large","max-video-preview":"max-video-preview:-1"},"canonical":"https:\/\/www.monaco-tribune.com\/it\/2025\/10\/sebastien-pocognoli-lallenatore-dellas-monaco-dalle-idee-audaci\/","og_locale":"it_IT","og_type":"article","og_title":"S\u00e9bastien Pocognoli, l\u2019allenatore dell\u2019AS Monaco dalle idee audaci - Monaco Tribune","og_description":"L\u2019AS Monaco ha annunciato sabato sera l\u2019arrivo del suo nuovo allenatore: S\u00e9bastien Pocognoli. Il tecnico belga, 38 anni, prende il posto di Adi H\u00fctter.","og_url":"https:\/\/www.monaco-tribune.com\/it\/2025\/10\/sebastien-pocognoli-lallenatore-dellas-monaco-dalle-idee-audaci\/","og_site_name":"Monaco Tribune","article_publisher":"https:\/\/www.facebook.com\/MonacoTribune","article_published_time":"2025-10-14T13:01:28+00:00","article_modified_time":"2025-10-14T13:01:34+00:00","og_image":[{"width":1160,"height":650,"url":"https:\/\/www.monaco-tribune.com\/wp-content\/uploads\/2025\/10\/sebastien-pocognoli-asm.jpg","type":"image\/jpeg"}],"author":"St\u00e9phane Renaux","twitter_card":"summary_large_image","twitter_creator":"@MonacoTribune","twitter_site":"@MonacoTribune","schema":{"@context":"https:\/\/schema.org","@graph":[{"@type":"NewsArticle","@id":"https:\/\/www.monaco-tribune.com\/it\/2025\/10\/sebastien-pocognoli-lallenatore-dellas-monaco-dalle-idee-audaci\/#article","isPartOf":{"@id":"https:\/\/www.monaco-tribune.com\/it\/2025\/10\/sebastien-pocognoli-lallenatore-dellas-monaco-dalle-idee-audaci\/"},"author":{"name":"St\u00e9phane Renaux","@id":"https:\/\/www.monaco-tribune.com\/it\/#\/schema\/person\/ece83e32e5a225fe73e81a24e634b373"},"headline":"S\u00e9bastien Pocognoli, l\u2019allenatore dell\u2019AS Monaco dalle idee audaci","datePublished":"2025-10-14T13:01:28+00:00","dateModified":"2025-10-14T13:01:34+00:00","mainEntityOfPage":{"@id":"https:\/\/www.monaco-tribune.com\/it\/2025\/10\/sebastien-pocognoli-lallenatore-dellas-monaco-dalle-idee-audaci\/"},"wordCount":1035,"publisher":{"@id":"https:\/\/www.monaco-tribune.com\/it\/#organization"},"image":{"@id":"https:\/\/www.monaco-tribune.com\/it\/2025\/10\/sebastien-pocognoli-lallenatore-dellas-monaco-dalle-idee-audaci\/#primaryimage"},"thumbnailUrl":"https:\/\/www.monaco-tribune.com\/wp-content\/uploads\/2025\/10\/sebastien-pocognoli-asm.jpg","keywords":["AS Monaco"],"articleSection":["La nostra scelta","Notizie","Sport"],"inLanguage":"it-IT","copyrightYear":"2025","copyrightHolder":{"@id":"https:\/\/www.monaco-tribune.com\/#organization"}},{"@type":"WebPage","@id":"https:\/\/www.monaco-tribune.com\/it\/2025\/10\/sebastien-pocognoli-lallenatore-dellas-monaco-dalle-idee-audaci\/","url":"https:\/\/www.monaco-tribune.com\/it\/2025\/10\/sebastien-pocognoli-lallenatore-dellas-monaco-dalle-idee-audaci\/","name":"S\u00e9bastien Pocognoli, l\u2019allenatore dell\u2019AS Monaco dalle idee audaci","isPartOf":{"@id":"https:\/\/www.monaco-tribune.com\/it\/#website"},"primaryImageOfPage":{"@id":"https:\/\/www.monaco-tribune.com\/it\/2025\/10\/sebastien-pocognoli-lallenatore-dellas-monaco-dalle-idee-audaci\/#primaryimage"},"image":{"@id":"https:\/\/www.monaco-tribune.com\/it\/2025\/10\/sebastien-pocognoli-lallenatore-dellas-monaco-dalle-idee-audaci\/#primaryimage"},"thumbnailUrl":"https:\/\/www.monaco-tribune.com\/wp-content\/uploads\/2025\/10\/sebastien-pocognoli-asm.jpg","datePublished":"2025-10-14T13:01:28+00:00","dateModified":"2025-10-14T13:01:34+00:00","description":"L\u2019AS Monaco ha annunciato sabato sera l\u2019arrivo del suo nuovo allenatore: S\u00e9bastien Pocognoli. Il tecnico belga, 38 anni, prende il posto di Adi H\u00fctter.","breadcrumb":{"@id":"https:\/\/www.monaco-tribune.com\/it\/2025\/10\/sebastien-pocognoli-lallenatore-dellas-monaco-dalle-idee-audaci\/#breadcrumb"},"inLanguage":"it-IT","potentialAction":[{"@type":"ReadAction","target":["https:\/\/www.monaco-tribune.com\/it\/2025\/10\/sebastien-pocognoli-lallenatore-dellas-monaco-dalle-idee-audaci\/"]}]},{"@type":"ImageObject","inLanguage":"it-IT","@id":"https:\/\/www.monaco-tribune.com\/it\/2025\/10\/sebastien-pocognoli-lallenatore-dellas-monaco-dalle-idee-audaci\/#primaryimage","url":"https:\/\/www.monaco-tribune.com\/wp-content\/uploads\/2025\/10\/sebastien-pocognoli-asm.jpg","contentUrl":"https:\/\/www.monaco-tribune.com\/wp-content\/uploads\/2025\/10\/sebastien-pocognoli-asm.jpg","width":1160,"height":650,"caption":"S\u00e9bastien Pocognoli sostituisce Adi H\u00fctter in panchina \u00a9 AS Monaco"},{"@type":"BreadcrumbList","@id":"https:\/\/www.monaco-tribune.com\/it\/2025\/10\/sebastien-pocognoli-lallenatore-dellas-monaco-dalle-idee-audaci\/#breadcrumb","itemListElement":[{"@type":"ListItem","position":1,"name":"Accueil","item":"https:\/\/www.monaco-tribune.com\/it\/"},{"@type":"ListItem","position":2,"name":"S\u00e9bastien Pocognoli, l\u2019allenatore dell\u2019AS Monaco dalle idee audaci"}]},{"@type":"WebSite","@id":"https:\/\/www.monaco-tribune.com\/it\/#website","url":"https:\/\/www.monaco-tribune.com\/it\/","name":"Monaco Tribune","description":"Monaco : actualit\u00e9s \u00e9conomiques, politiques, culturelles et sportives de Monaco et de la French Riviera.","publisher":{"@id":"https:\/\/www.monaco-tribune.com\/it\/#organization"},"potentialAction":[{"@type":"SearchAction","target":{"@type":"EntryPoint","urlTemplate":"https:\/\/www.monaco-tribune.com\/it\/?s={search_term_string}"},"query-input":{"@type":"PropertyValueSpecification","valueRequired":true,"valueName":"search_term_string"}}],"inLanguage":"it-IT"},{"@type":"Organization","@id":"https:\/\/www.monaco-tribune.com\/it\/#organization","name":"Monaco Tribune","url":"https:\/\/www.monaco-tribune.com\/it\/","logo":{"@type":"ImageObject","inLanguage":"it-IT","@id":"https:\/\/www.monaco-tribune.com\/it\/#\/schema\/logo\/image\/","url":"https:\/\/www.monaco-tribune.com\/wp-content\/uploads\/2022\/11\/logo-monaco-tribune.png","contentUrl":"https:\/\/www.monaco-tribune.com\/wp-content\/uploads\/2022\/11\/logo-monaco-tribune.png","width":1548,"height":600,"caption":"Monaco Tribune"},"image":{"@id":"https:\/\/www.monaco-tribune.com\/it\/#\/schema\/logo\/image\/"},"sameAs":["https:\/\/www.facebook.com\/MonacoTribune","https:\/\/x.com\/MonacoTribune","https:\/\/www.instagram.com\/monacotribune\/","https:\/\/www.linkedin.com\/company\/monaco-tribune","https:\/\/www.youtube.com\/channel\/UCHle1MnG6hw1y4lWKijVbMA"]},{"@type":"Person","@id":"https:\/\/www.monaco-tribune.com\/it\/#\/schema\/person\/ece83e32e5a225fe73e81a24e634b373","name":"St\u00e9phane Renaux","image":{"@type":"ImageObject","inLanguage":"it-IT","@id":"https:\/\/secure.gravatar.com\/avatar\/2d6f746a04927ac898fdac59e15d9eb3b4a76ca816265fea18219d81de41f8a5?s=96&d=mm&r=g","url":"https:\/\/secure.gravatar.com\/avatar\/2d6f746a04927ac898fdac59e15d9eb3b4a76ca816265fea18219d81de41f8a5?s=96&d=mm&r=g","contentUrl":"https:\/\/secure.gravatar.com\/avatar\/2d6f746a04927ac898fdac59e15d9eb3b4a76ca816265fea18219d81de41f8a5?s=96&d=mm&r=g","caption":"St\u00e9phane Renaux"},"url":"https:\/\/www.monaco-tribune.com\/it\/author\/stephanerenaux\/"}]}},"_links":{"self":[{"href":"https:\/\/www.monaco-tribune.com\/it\/wp-json\/wp\/v2\/posts\/319352","targetHints":{"allow":["GET"]}}],"collection":[{"href":"https:\/\/www.monaco-tribune.com\/it\/wp-json\/wp\/v2\/posts"}],"about":[{"href":"https:\/\/www.monaco-tribune.com\/it\/wp-json\/wp\/v2\/types\/post"}],"author":[{"embeddable":true,"href":"https:\/\/www.monaco-tribune.com\/it\/wp-json\/wp\/v2\/users\/84"}],"replies":[{"embeddable":true,"href":"https:\/\/www.monaco-tribune.com\/it\/wp-json\/wp\/v2\/comments?post=319352"}],"version-history":[{"count":2,"href":"https:\/\/www.monaco-tribune.com\/it\/wp-json\/wp\/v2\/posts\/319352\/revisions"}],"predecessor-version":[{"id":319355,"href":"https:\/\/www.monaco-tribune.com\/it\/wp-json\/wp\/v2\/posts\/319352\/revisions\/319355"}],"wp:featuredmedia":[{"embeddable":true,"href":"https:\/\/www.monaco-tribune.com\/it\/wp-json\/wp\/v2\/media\/319040"}],"wp:attachment":[{"href":"https:\/\/www.monaco-tribune.com\/it\/wp-json\/wp\/v2\/media?parent=319352"}],"wp:term":[{"taxonomy":"category","embeddable":true,"href":"https:\/\/www.monaco-tribune.com\/it\/wp-json\/wp\/v2\/categories?post=319352"},{"taxonomy":"post_tag","embeddable":true,"href":"https:\/\/www.monaco-tribune.com\/it\/wp-json\/wp\/v2\/tags?post=319352"},{"taxonomy":"sectag","embeddable":true,"href":"https:\/\/www.monaco-tribune.com\/it\/wp-json\/wp\/v2\/post_sectags?post=319352"},{"taxonomy":"format","embeddable":true,"href":"https:\/\/www.monaco-tribune.com\/it\/wp-json\/wp\/v2\/post_format?post=319352"}],"curies":[{"name":"wp","href":"https:\/\/api.w.org\/{rel}","templated":true}]}}