{"id":319404,"date":"2025-10-14T18:14:50","date_gmt":"2025-10-14T16:14:50","guid":{"rendered":"https:\/\/www.monaco-tribune.com\/2025\/10\/dalla-bretagna-alla-calabria-150-siti-grimaldi-celebrati-dal-principe-alberto-ii\/"},"modified":"2025-10-14T18:14:55","modified_gmt":"2025-10-14T16:14:55","slug":"dalla-bretagna-alla-calabria-150-siti-grimaldi-celebrati-dal-principe-alberto-ii","status":"publish","type":"post","link":"https:\/\/www.monaco-tribune.com\/it\/2025\/10\/dalla-bretagna-alla-calabria-150-siti-grimaldi-celebrati-dal-principe-alberto-ii\/","title":{"rendered":"Dalla Bretagna alla Calabria: 150 siti Grimaldi celebrati dal Principe Alberto II"},"content":{"rendered":"\n<p><strong>Il Principe Alberto II ha riunito venerd\u00ec i rappresentanti dei Siti Storici Grimaldi per celebrare dieci anni di cooperazione territoriale incentrata sul patrimonio comune della Famiglia Principesca.<\/strong><\/p>\n\n<p>A dieci anni dalla sua creazione a Mentone, la rete dei Siti Storici Grimaldi di Monaco riunisce oggi quasi 150 municipalit\u00e0 francesi e italiane. Venerd\u00ec sera, presso lo Yacht Club di Monaco, accanto al sindaco della citt\u00e0 gemellata di Dolceacqua e a Cyril Piazza, presidente dell\u2019Associazione dei Siti Storici Grimaldi, il Principe Alberto II ha celebrato questo decimo anniversario insieme a rappresentanti provenienti da Alsazia, Bretagna, Normandia, Piemonte e Puglia.<\/p>\n\n<p>&#8220;Per tanto tempo, la conoscenza dei Siti Storici Grimaldi si \u00e8 limitata ai semplici nomi&#8221;, ha ricordato il Sovrano, evocando gli &#8220;antichi feudi&#8221; della famiglia Grimaldi. L\u2019iniziativa, lanciata nel luglio 2015 dall\u2019allora sindaco di Mentone Jean-Claude Guibal, oggi scomparso, aveva proprio l\u2019obiettivo di ridare vita a questi legami poco conosciuti.<\/p>\n\n<figure class=\"wp-block-gallery has-nested-images columns-1 is-cropped wp-block-gallery-1 is-layout-flex wp-block-gallery-is-layout-flex\">\n<figure class=\"wp-block-image size-large\"><img loading=\"lazy\" decoding=\"async\" width=\"1024\" height=\"683\" data-id=\"319119\" src=\"https:\/\/www.monaco-tribune.com\/wp-content\/uploads\/2025\/10\/10-ans-sites-grimaldi-prince-albert-ii-rencontre-1024x683.jpg\" alt=\"\" class=\"wp-image-319119\" srcset=\"https:\/\/www.monaco-tribune.com\/wp-content\/uploads\/2025\/10\/10-ans-sites-grimaldi-prince-albert-ii-rencontre-1024x683.jpg 1024w, https:\/\/www.monaco-tribune.com\/wp-content\/uploads\/2025\/10\/10-ans-sites-grimaldi-prince-albert-ii-rencontre-450x300.jpg 450w, https:\/\/www.monaco-tribune.com\/wp-content\/uploads\/2025\/10\/10-ans-sites-grimaldi-prince-albert-ii-rencontre.jpg 1440w\" sizes=\"auto, (max-width: 1024px) 100vw, 1024px\" \/><figcaption class=\"wp-element-caption\">\u00a9  Fr\u00e9d\u00e9ric Nebinger \/ Palazzo del Principe<\/figcaption><\/figure>\n\n\n\n<figure class=\"wp-block-image size-large\"><img loading=\"lazy\" decoding=\"async\" width=\"1024\" height=\"682\" data-id=\"319106\" src=\"https:\/\/www.monaco-tribune.com\/wp-content\/uploads\/2025\/10\/10-ans-sites-grimaldi-prince-albert-ii-maires-grande-1024x682.jpeg\" alt=\"Venerd&#xEC; 10 ottobre 2025, il Principe Alberto II ha accolto rappresentanti provenienti da tutta la Francia e dall&#x2019;Italia per il 10&#xB0; anniversario dei Siti Grimaldi &#xA9; Fr&#xE9;d&#xE9;ric Nebinger \/ Palazzo del Principe\" class=\"wp-image-319106\" srcset=\"https:\/\/www.monaco-tribune.com\/wp-content\/uploads\/2025\/10\/10-ans-sites-grimaldi-prince-albert-ii-maires-grande-1024x682.jpeg 1024w, https:\/\/www.monaco-tribune.com\/wp-content\/uploads\/2025\/10\/10-ans-sites-grimaldi-prince-albert-ii-maires-grande-450x300.jpeg 450w, https:\/\/www.monaco-tribune.com\/wp-content\/uploads\/2025\/10\/10-ans-sites-grimaldi-prince-albert-ii-maires-grande.jpeg 1280w\" sizes=\"auto, (max-width: 1024px) 100vw, 1024px\" \/><figcaption class=\"wp-element-caption\">I rappresentati si sono riuniti allo Yacht Club di Monaco \u00a9 Fr\u00e9d\u00e9ric Nebinger \/ Palazzo del Principe<\/figcaption><\/figure>\n\n\n\n<figure class=\"wp-block-image size-large\"><img loading=\"lazy\" decoding=\"async\" width=\"1024\" height=\"683\" data-id=\"319110\" src=\"https:\/\/www.monaco-tribune.com\/wp-content\/uploads\/2025\/10\/10-ans-sites-grimaldi-prince-albert-ii-grande-1024x683.jpeg\" alt=\"Venerd&#xEC; 10 ottobre 2025, il Principe Alberto II ha accolto rappresentanti provenienti da tutta la Francia e dall&#x2019;Italia per il 10&#xB0; anniversario dei Siti Grimaldi &#xA9; Fr&#xE9;d&#xE9;ric Nebinger \/ Palazzo del Principe\" class=\"wp-image-319110\" srcset=\"https:\/\/www.monaco-tribune.com\/wp-content\/uploads\/2025\/10\/10-ans-sites-grimaldi-prince-albert-ii-grande-1024x683.jpeg 1024w, https:\/\/www.monaco-tribune.com\/wp-content\/uploads\/2025\/10\/10-ans-sites-grimaldi-prince-albert-ii-grande-450x300.jpeg 450w, https:\/\/www.monaco-tribune.com\/wp-content\/uploads\/2025\/10\/10-ans-sites-grimaldi-prince-albert-ii-grande.jpeg 1280w\" sizes=\"auto, (max-width: 1024px) 100vw, 1024px\" \/><figcaption class=\"wp-element-caption\">Venerd\u00ec 10 ottobre 2025, il Principe Alberto II ha accolto rappresentanti provenienti da tutta la Francia e dall\u2019Italia per il 10\u00b0 anniversario dei Siti Grimaldi \u00a9 Fr\u00e9d\u00e9ric Nebinger \/ Palazzo del Principe<\/figcaption><\/figure>\n<\/figure>\n\n<h2 class=\"wp-block-heading\" id=\"h-des-echanges-au-dela-de-l-histoire\">Scambi che vanno oltre la storia<\/h2>\n\n<p>La rete ha assunto una dimensione concreta con la creazione dei Rencontres annuelles, incontri annuali, nel 2018 e, successivamente, con la nascita di associazioni nazionali autonome in Francia e in Italia. Nel 2022 \u00e8 stata istituita una federazione monegasca, presieduta dal Principe, per coordinare l\u2019insieme delle iniziative.<\/p>\n\n<blockquote class=\"wp-embedded-content\" data-secret=\"FU3jTFnFHM\"><a href=\"https:\/\/www.monaco-tribune.com\/it\/2024\/09\/una-camminata-a-dolceacqua-per-celebrare-il-gemellaggio-con-monaco\/\">Una camminata a Dolceacqua per celebrare il gemellaggio con Monaco<\/a><\/blockquote><iframe class=\"wp-embedded-content\" sandbox=\"allow-scripts\" security=\"restricted\" style=\"position: absolute; visibility: hidden;\" title=\"&#8220;Una camminata a Dolceacqua per celebrare il gemellaggio con Monaco&#8221; &#8212; Monaco Tribune\" src=\"https:\/\/www.monaco-tribune.com\/it\/2024\/09\/una-camminata-a-dolceacqua-per-celebrare-il-gemellaggio-con-monaco\/embed\/#?secret=8HsNoQhRsG#?secret=FU3jTFnFHM\" data-secret=\"FU3jTFnFHM\" width=\"500\" height=\"282\" frameborder=\"0\" marginwidth=\"0\" marginheight=\"0\" scrolling=\"no\"><\/iframe>\n\n<p>Oltre alla memoria storica, queste visite principesche consentono di affrontare &#8220;tematiche diverse&#8221; comuni a Monaco e ai diversi territori: &#8220;la mobilit\u00e0, la sostenibilit\u00e0 ambientale, l\u2019energia, la marittimit\u00e0 e le relazioni transfrontaliere&#8221;, ha sottolineato il Principe Alberto II.<\/p>\n\n<h2 class=\"wp-block-heading\" id=\"h-un-patrimoine-au-dela-des-frontieres\">Un patrimonio che supera i confini<\/h2>\n\n<p>Nel corso di questi dieci anni sono stati restaurati elementi del patrimonio, organizzate mostre e pubblicate opere storiche. Un film promozionale realizzato da Yann-Antony Nogh\u00e8s sar\u00e0 presto diffuso negli uffici turistici dei comuni membri. &#8220;Continuiamo insieme a fare famiglia&#8221;, ha concluso il Principe, parlando ai rappresentanti di questa comunit\u00e0 franco-italo-monegasca.<\/p>\n\n<blockquote class=\"wp-embedded-content\" data-secret=\"wEMQX8468s\"><a href=\"https:\/\/www.monaco-tribune.com\/it\/2025\/08\/gasometri-sentinelle-scomparse-della-rivoluzione-industriale-monegasca\/\">Gasometri: sentinelle scomparse della rivoluzione industriale monegasca<\/a><\/blockquote><iframe class=\"wp-embedded-content\" sandbox=\"allow-scripts\" security=\"restricted\" style=\"position: absolute; visibility: hidden;\" title=\"&#8220;Gasometri: sentinelle scomparse della rivoluzione industriale monegasca&#8221; &#8212; Monaco Tribune\" src=\"https:\/\/www.monaco-tribune.com\/it\/2025\/08\/gasometri-sentinelle-scomparse-della-rivoluzione-industriale-monegasca\/embed\/#?secret=ihEzkGx0tv#?secret=wEMQX8468s\" data-secret=\"wEMQX8468s\" width=\"500\" height=\"282\" frameborder=\"0\" marginwidth=\"0\" marginheight=\"0\" scrolling=\"no\"><\/iframe>\n\n<p><\/p>\n","protected":false},"excerpt":{"rendered":"<p>Il Principe Alberto II ha riunito venerd\u00ec i rappresentanti dei Siti Storici Grimaldi per celebrare dieci anni di cooperazione territoriale [&hellip;]<\/p>\n","protected":false},"author":21,"featured_media":319125,"comment_status":"closed","ping_status":"closed","sticky":false,"template":"","format":"standard","meta":{"_acf_changed":false,"footnotes":""},"categories":[1740,1826,1738],"tags":[4127],"post_sectags":[3757],"post_format":[2478],"class_list":["post-319404","post","type-post","status-publish","format-standard","has-post-thumbnail","hentry","category-cosa-fare","category-la-nostra-scelta","category-notizie","tag-siti-grimaldi","sectag-principe-alberto-ii","format-notizia"],"acf":[],"yoast_head":"<!-- This site is optimized with the Yoast SEO Premium plugin v26.8 (Yoast SEO v27.4) - https:\/\/yoast.com\/product\/yoast-seo-premium-wordpress\/ -->\n<title>Dalla Bretagna alla Calabria: 150 siti Grimaldi celebrati dal Principe Alberto II<\/title>\n<meta name=\"description\" content=\"Il Principe Alberto II ha riunito venerd\u00ec i rappresentanti dei Siti Storici Grimaldi per celebrare dieci anni di cooperazione territoriale incentrata sul\" \/>\n<meta name=\"robots\" content=\"index, follow, max-snippet:-1, max-image-preview:large, max-video-preview:-1\" \/>\n<link rel=\"canonical\" href=\"https:\/\/www.monaco-tribune.com\/it\/2025\/10\/dalla-bretagna-alla-calabria-150-siti-grimaldi-celebrati-dal-principe-alberto-ii\/\" \/>\n<meta property=\"og:locale\" content=\"it_IT\" \/>\n<meta property=\"og:type\" content=\"article\" \/>\n<meta property=\"og:title\" content=\"Dalla Bretagna alla Calabria: 150 siti Grimaldi celebrati dal Principe Alberto II - Monaco Tribune\" \/>\n<meta property=\"og:description\" content=\"Il Principe Alberto II ha riunito venerd\u00ec i rappresentanti dei Siti Storici Grimaldi per celebrare dieci anni di cooperazione territoriale incentrata sul\" \/>\n<meta property=\"og:url\" content=\"https:\/\/www.monaco-tribune.com\/it\/2025\/10\/dalla-bretagna-alla-calabria-150-siti-grimaldi-celebrati-dal-principe-alberto-ii\/\" \/>\n<meta property=\"og:site_name\" content=\"Monaco Tribune\" \/>\n<meta property=\"article:publisher\" content=\"https:\/\/www.facebook.com\/MonacoTribune\" \/>\n<meta property=\"article:published_time\" content=\"2025-10-14T16:14:50+00:00\" \/>\n<meta property=\"article:modified_time\" content=\"2025-10-14T16:14:55+00:00\" \/>\n<meta property=\"og:image\" content=\"https:\/\/www.monaco-tribune.com\/wp-content\/uploads\/2025\/10\/maires-10-ans-sites-grimaldi-prince-albert-ii.jpg\" \/>\n\t<meta property=\"og:image:width\" content=\"1440\" \/>\n\t<meta property=\"og:image:height\" content=\"960\" \/>\n\t<meta property=\"og:image:type\" content=\"image\/jpeg\" \/>\n<meta name=\"author\" content=\"Monaco Tribune\" \/>\n<meta name=\"twitter:card\" content=\"summary_large_image\" \/>\n<meta name=\"twitter:creator\" content=\"@MonacoTribune\" \/>\n<meta name=\"twitter:site\" content=\"@MonacoTribune\" \/>\n<script type=\"application\/ld+json\" class=\"yoast-schema-graph\">{\"@context\":\"https:\\\/\\\/schema.org\",\"@graph\":[{\"@type\":\"NewsArticle\",\"@id\":\"https:\\\/\\\/www.monaco-tribune.com\\\/it\\\/2025\\\/10\\\/dalla-bretagna-alla-calabria-150-siti-grimaldi-celebrati-dal-principe-alberto-ii\\\/#article\",\"isPartOf\":{\"@id\":\"https:\\\/\\\/www.monaco-tribune.com\\\/it\\\/2025\\\/10\\\/dalla-bretagna-alla-calabria-150-siti-grimaldi-celebrati-dal-principe-alberto-ii\\\/\"},\"author\":{\"name\":\"Monaco Tribune\",\"@id\":\"https:\\\/\\\/www.monaco-tribune.com\\\/it\\\/#\\\/schema\\\/person\\\/8f6ed8c063276e2397589eda5b7a2f2d\"},\"headline\":\"Dalla Bretagna alla Calabria: 150 siti Grimaldi celebrati dal Principe Alberto II\",\"datePublished\":\"2025-10-14T16:14:50+00:00\",\"dateModified\":\"2025-10-14T16:14:55+00:00\",\"mainEntityOfPage\":{\"@id\":\"https:\\\/\\\/www.monaco-tribune.com\\\/it\\\/2025\\\/10\\\/dalla-bretagna-alla-calabria-150-siti-grimaldi-celebrati-dal-principe-alberto-ii\\\/\"},\"wordCount\":371,\"publisher\":{\"@id\":\"https:\\\/\\\/www.monaco-tribune.com\\\/it\\\/#organization\"},\"image\":{\"@id\":\"https:\\\/\\\/www.monaco-tribune.com\\\/it\\\/2025\\\/10\\\/dalla-bretagna-alla-calabria-150-siti-grimaldi-celebrati-dal-principe-alberto-ii\\\/#primaryimage\"},\"thumbnailUrl\":\"https:\\\/\\\/www.monaco-tribune.com\\\/wp-content\\\/uploads\\\/2025\\\/10\\\/maires-10-ans-sites-grimaldi-prince-albert-ii.jpg\",\"keywords\":[\"Siti Grimaldi\"],\"articleSection\":[\"Cosa fare\",\"La nostra scelta\",\"Notizie\"],\"inLanguage\":\"it-IT\",\"copyrightYear\":\"2025\",\"copyrightHolder\":{\"@id\":\"https:\\\/\\\/www.monaco-tribune.com\\\/#organization\"}},{\"@type\":\"WebPage\",\"@id\":\"https:\\\/\\\/www.monaco-tribune.com\\\/it\\\/2025\\\/10\\\/dalla-bretagna-alla-calabria-150-siti-grimaldi-celebrati-dal-principe-alberto-ii\\\/\",\"url\":\"https:\\\/\\\/www.monaco-tribune.com\\\/it\\\/2025\\\/10\\\/dalla-bretagna-alla-calabria-150-siti-grimaldi-celebrati-dal-principe-alberto-ii\\\/\",\"name\":\"Dalla Bretagna alla Calabria: 150 siti Grimaldi celebrati dal Principe Alberto II\",\"isPartOf\":{\"@id\":\"https:\\\/\\\/www.monaco-tribune.com\\\/it\\\/#website\"},\"primaryImageOfPage\":{\"@id\":\"https:\\\/\\\/www.monaco-tribune.com\\\/it\\\/2025\\\/10\\\/dalla-bretagna-alla-calabria-150-siti-grimaldi-celebrati-dal-principe-alberto-ii\\\/#primaryimage\"},\"image\":{\"@id\":\"https:\\\/\\\/www.monaco-tribune.com\\\/it\\\/2025\\\/10\\\/dalla-bretagna-alla-calabria-150-siti-grimaldi-celebrati-dal-principe-alberto-ii\\\/#primaryimage\"},\"thumbnailUrl\":\"https:\\\/\\\/www.monaco-tribune.com\\\/wp-content\\\/uploads\\\/2025\\\/10\\\/maires-10-ans-sites-grimaldi-prince-albert-ii.jpg\",\"datePublished\":\"2025-10-14T16:14:50+00:00\",\"dateModified\":\"2025-10-14T16:14:55+00:00\",\"description\":\"Il Principe Alberto II ha riunito venerd\u00ec i rappresentanti dei Siti Storici Grimaldi per celebrare dieci anni di cooperazione territoriale incentrata sul\",\"breadcrumb\":{\"@id\":\"https:\\\/\\\/www.monaco-tribune.com\\\/it\\\/2025\\\/10\\\/dalla-bretagna-alla-calabria-150-siti-grimaldi-celebrati-dal-principe-alberto-ii\\\/#breadcrumb\"},\"inLanguage\":\"it-IT\",\"potentialAction\":[{\"@type\":\"ReadAction\",\"target\":[\"https:\\\/\\\/www.monaco-tribune.com\\\/it\\\/2025\\\/10\\\/dalla-bretagna-alla-calabria-150-siti-grimaldi-celebrati-dal-principe-alberto-ii\\\/\"]}]},{\"@type\":\"ImageObject\",\"inLanguage\":\"it-IT\",\"@id\":\"https:\\\/\\\/www.monaco-tribune.com\\\/it\\\/2025\\\/10\\\/dalla-bretagna-alla-calabria-150-siti-grimaldi-celebrati-dal-principe-alberto-ii\\\/#primaryimage\",\"url\":\"https:\\\/\\\/www.monaco-tribune.com\\\/wp-content\\\/uploads\\\/2025\\\/10\\\/maires-10-ans-sites-grimaldi-prince-albert-ii.jpg\",\"contentUrl\":\"https:\\\/\\\/www.monaco-tribune.com\\\/wp-content\\\/uploads\\\/2025\\\/10\\\/maires-10-ans-sites-grimaldi-prince-albert-ii.jpg\",\"width\":1440,\"height\":960,\"caption\":\"Fulvio Gazzola, sindaco di Dolceacqua (a sinistra) e Cyril Piazza, presidente dell\u2019Associazione dei Siti Storici Grimaldi (a destra) \u00a9 Fr\u00e9d\u00e9ric Nebinger \\\/ Palazzo del Principe\"},{\"@type\":\"BreadcrumbList\",\"@id\":\"https:\\\/\\\/www.monaco-tribune.com\\\/it\\\/2025\\\/10\\\/dalla-bretagna-alla-calabria-150-siti-grimaldi-celebrati-dal-principe-alberto-ii\\\/#breadcrumb\",\"itemListElement\":[{\"@type\":\"ListItem\",\"position\":1,\"name\":\"Accueil\",\"item\":\"https:\\\/\\\/www.monaco-tribune.com\\\/it\\\/\"},{\"@type\":\"ListItem\",\"position\":2,\"name\":\"Dalla Bretagna alla Calabria: 150 siti Grimaldi celebrati dal Principe Alberto II\"}]},{\"@type\":\"WebSite\",\"@id\":\"https:\\\/\\\/www.monaco-tribune.com\\\/it\\\/#website\",\"url\":\"https:\\\/\\\/www.monaco-tribune.com\\\/it\\\/\",\"name\":\"Monaco Tribune\",\"description\":\"Monaco : actualit\u00e9s \u00e9conomiques, politiques, culturelles et sportives de Monaco et de la French Riviera.\",\"publisher\":{\"@id\":\"https:\\\/\\\/www.monaco-tribune.com\\\/it\\\/#organization\"},\"potentialAction\":[{\"@type\":\"SearchAction\",\"target\":{\"@type\":\"EntryPoint\",\"urlTemplate\":\"https:\\\/\\\/www.monaco-tribune.com\\\/it\\\/?s={search_term_string}\"},\"query-input\":{\"@type\":\"PropertyValueSpecification\",\"valueRequired\":true,\"valueName\":\"search_term_string\"}}],\"inLanguage\":\"it-IT\"},{\"@type\":\"Organization\",\"@id\":\"https:\\\/\\\/www.monaco-tribune.com\\\/it\\\/#organization\",\"name\":\"Monaco Tribune\",\"url\":\"https:\\\/\\\/www.monaco-tribune.com\\\/it\\\/\",\"logo\":{\"@type\":\"ImageObject\",\"inLanguage\":\"it-IT\",\"@id\":\"https:\\\/\\\/www.monaco-tribune.com\\\/it\\\/#\\\/schema\\\/logo\\\/image\\\/\",\"url\":\"https:\\\/\\\/www.monaco-tribune.com\\\/wp-content\\\/uploads\\\/2022\\\/11\\\/logo-monaco-tribune.png\",\"contentUrl\":\"https:\\\/\\\/www.monaco-tribune.com\\\/wp-content\\\/uploads\\\/2022\\\/11\\\/logo-monaco-tribune.png\",\"width\":1548,\"height\":600,\"caption\":\"Monaco Tribune\"},\"image\":{\"@id\":\"https:\\\/\\\/www.monaco-tribune.com\\\/it\\\/#\\\/schema\\\/logo\\\/image\\\/\"},\"sameAs\":[\"https:\\\/\\\/www.facebook.com\\\/MonacoTribune\",\"https:\\\/\\\/x.com\\\/MonacoTribune\",\"https:\\\/\\\/www.instagram.com\\\/monacotribune\\\/\",\"https:\\\/\\\/www.linkedin.com\\\/company\\\/monaco-tribune\",\"https:\\\/\\\/www.youtube.com\\\/channel\\\/UCHle1MnG6hw1y4lWKijVbMA\"]},{\"@type\":\"Person\",\"@id\":\"https:\\\/\\\/www.monaco-tribune.com\\\/it\\\/#\\\/schema\\\/person\\\/8f6ed8c063276e2397589eda5b7a2f2d\",\"name\":\"Monaco Tribune\",\"image\":{\"@type\":\"ImageObject\",\"inLanguage\":\"it-IT\",\"@id\":\"https:\\\/\\\/secure.gravatar.com\\\/avatar\\\/3010e6c5d6c8056ec1c25228fe68ea089879e5ae0de884e0247744ee988aaf6a?s=96&d=mm&r=g\",\"url\":\"https:\\\/\\\/secure.gravatar.com\\\/avatar\\\/3010e6c5d6c8056ec1c25228fe68ea089879e5ae0de884e0247744ee988aaf6a?s=96&d=mm&r=g\",\"contentUrl\":\"https:\\\/\\\/secure.gravatar.com\\\/avatar\\\/3010e6c5d6c8056ec1c25228fe68ea089879e5ae0de884e0247744ee988aaf6a?s=96&d=mm&r=g\",\"caption\":\"Monaco Tribune\"},\"url\":\"https:\\\/\\\/www.monaco-tribune.com\\\/it\\\/author\\\/monaco-tribune\\\/\"}]}<\/script>\n<!-- \/ Yoast SEO Premium plugin. -->","yoast_head_json":{"title":"Dalla Bretagna alla Calabria: 150 siti Grimaldi celebrati dal Principe Alberto II","description":"Il Principe Alberto II ha riunito venerd\u00ec i rappresentanti dei Siti Storici Grimaldi per celebrare dieci anni di cooperazione territoriale incentrata sul","robots":{"index":"index","follow":"follow","max-snippet":"max-snippet:-1","max-image-preview":"max-image-preview:large","max-video-preview":"max-video-preview:-1"},"canonical":"https:\/\/www.monaco-tribune.com\/it\/2025\/10\/dalla-bretagna-alla-calabria-150-siti-grimaldi-celebrati-dal-principe-alberto-ii\/","og_locale":"it_IT","og_type":"article","og_title":"Dalla Bretagna alla Calabria: 150 siti Grimaldi celebrati dal Principe Alberto II - Monaco Tribune","og_description":"Il Principe Alberto II ha riunito venerd\u00ec i rappresentanti dei Siti Storici Grimaldi per celebrare dieci anni di cooperazione territoriale incentrata sul","og_url":"https:\/\/www.monaco-tribune.com\/it\/2025\/10\/dalla-bretagna-alla-calabria-150-siti-grimaldi-celebrati-dal-principe-alberto-ii\/","og_site_name":"Monaco Tribune","article_publisher":"https:\/\/www.facebook.com\/MonacoTribune","article_published_time":"2025-10-14T16:14:50+00:00","article_modified_time":"2025-10-14T16:14:55+00:00","og_image":[{"width":1440,"height":960,"url":"https:\/\/www.monaco-tribune.com\/wp-content\/uploads\/2025\/10\/maires-10-ans-sites-grimaldi-prince-albert-ii.jpg","type":"image\/jpeg"}],"author":"Monaco Tribune","twitter_card":"summary_large_image","twitter_creator":"@MonacoTribune","twitter_site":"@MonacoTribune","schema":{"@context":"https:\/\/schema.org","@graph":[{"@type":"NewsArticle","@id":"https:\/\/www.monaco-tribune.com\/it\/2025\/10\/dalla-bretagna-alla-calabria-150-siti-grimaldi-celebrati-dal-principe-alberto-ii\/#article","isPartOf":{"@id":"https:\/\/www.monaco-tribune.com\/it\/2025\/10\/dalla-bretagna-alla-calabria-150-siti-grimaldi-celebrati-dal-principe-alberto-ii\/"},"author":{"name":"Monaco Tribune","@id":"https:\/\/www.monaco-tribune.com\/it\/#\/schema\/person\/8f6ed8c063276e2397589eda5b7a2f2d"},"headline":"Dalla Bretagna alla Calabria: 150 siti Grimaldi celebrati dal Principe Alberto II","datePublished":"2025-10-14T16:14:50+00:00","dateModified":"2025-10-14T16:14:55+00:00","mainEntityOfPage":{"@id":"https:\/\/www.monaco-tribune.com\/it\/2025\/10\/dalla-bretagna-alla-calabria-150-siti-grimaldi-celebrati-dal-principe-alberto-ii\/"},"wordCount":371,"publisher":{"@id":"https:\/\/www.monaco-tribune.com\/it\/#organization"},"image":{"@id":"https:\/\/www.monaco-tribune.com\/it\/2025\/10\/dalla-bretagna-alla-calabria-150-siti-grimaldi-celebrati-dal-principe-alberto-ii\/#primaryimage"},"thumbnailUrl":"https:\/\/www.monaco-tribune.com\/wp-content\/uploads\/2025\/10\/maires-10-ans-sites-grimaldi-prince-albert-ii.jpg","keywords":["Siti Grimaldi"],"articleSection":["Cosa fare","La nostra scelta","Notizie"],"inLanguage":"it-IT","copyrightYear":"2025","copyrightHolder":{"@id":"https:\/\/www.monaco-tribune.com\/#organization"}},{"@type":"WebPage","@id":"https:\/\/www.monaco-tribune.com\/it\/2025\/10\/dalla-bretagna-alla-calabria-150-siti-grimaldi-celebrati-dal-principe-alberto-ii\/","url":"https:\/\/www.monaco-tribune.com\/it\/2025\/10\/dalla-bretagna-alla-calabria-150-siti-grimaldi-celebrati-dal-principe-alberto-ii\/","name":"Dalla Bretagna alla Calabria: 150 siti Grimaldi celebrati dal Principe Alberto II","isPartOf":{"@id":"https:\/\/www.monaco-tribune.com\/it\/#website"},"primaryImageOfPage":{"@id":"https:\/\/www.monaco-tribune.com\/it\/2025\/10\/dalla-bretagna-alla-calabria-150-siti-grimaldi-celebrati-dal-principe-alberto-ii\/#primaryimage"},"image":{"@id":"https:\/\/www.monaco-tribune.com\/it\/2025\/10\/dalla-bretagna-alla-calabria-150-siti-grimaldi-celebrati-dal-principe-alberto-ii\/#primaryimage"},"thumbnailUrl":"https:\/\/www.monaco-tribune.com\/wp-content\/uploads\/2025\/10\/maires-10-ans-sites-grimaldi-prince-albert-ii.jpg","datePublished":"2025-10-14T16:14:50+00:00","dateModified":"2025-10-14T16:14:55+00:00","description":"Il Principe Alberto II ha riunito venerd\u00ec i rappresentanti dei Siti Storici Grimaldi per celebrare dieci anni di cooperazione territoriale incentrata sul","breadcrumb":{"@id":"https:\/\/www.monaco-tribune.com\/it\/2025\/10\/dalla-bretagna-alla-calabria-150-siti-grimaldi-celebrati-dal-principe-alberto-ii\/#breadcrumb"},"inLanguage":"it-IT","potentialAction":[{"@type":"ReadAction","target":["https:\/\/www.monaco-tribune.com\/it\/2025\/10\/dalla-bretagna-alla-calabria-150-siti-grimaldi-celebrati-dal-principe-alberto-ii\/"]}]},{"@type":"ImageObject","inLanguage":"it-IT","@id":"https:\/\/www.monaco-tribune.com\/it\/2025\/10\/dalla-bretagna-alla-calabria-150-siti-grimaldi-celebrati-dal-principe-alberto-ii\/#primaryimage","url":"https:\/\/www.monaco-tribune.com\/wp-content\/uploads\/2025\/10\/maires-10-ans-sites-grimaldi-prince-albert-ii.jpg","contentUrl":"https:\/\/www.monaco-tribune.com\/wp-content\/uploads\/2025\/10\/maires-10-ans-sites-grimaldi-prince-albert-ii.jpg","width":1440,"height":960,"caption":"Fulvio Gazzola, sindaco di Dolceacqua (a sinistra) e Cyril Piazza, presidente dell\u2019Associazione dei Siti Storici Grimaldi (a destra) \u00a9 Fr\u00e9d\u00e9ric Nebinger \/ Palazzo del Principe"},{"@type":"BreadcrumbList","@id":"https:\/\/www.monaco-tribune.com\/it\/2025\/10\/dalla-bretagna-alla-calabria-150-siti-grimaldi-celebrati-dal-principe-alberto-ii\/#breadcrumb","itemListElement":[{"@type":"ListItem","position":1,"name":"Accueil","item":"https:\/\/www.monaco-tribune.com\/it\/"},{"@type":"ListItem","position":2,"name":"Dalla Bretagna alla Calabria: 150 siti Grimaldi celebrati dal Principe Alberto II"}]},{"@type":"WebSite","@id":"https:\/\/www.monaco-tribune.com\/it\/#website","url":"https:\/\/www.monaco-tribune.com\/it\/","name":"Monaco Tribune","description":"Monaco : actualit\u00e9s \u00e9conomiques, politiques, culturelles et sportives de Monaco et de la French Riviera.","publisher":{"@id":"https:\/\/www.monaco-tribune.com\/it\/#organization"},"potentialAction":[{"@type":"SearchAction","target":{"@type":"EntryPoint","urlTemplate":"https:\/\/www.monaco-tribune.com\/it\/?s={search_term_string}"},"query-input":{"@type":"PropertyValueSpecification","valueRequired":true,"valueName":"search_term_string"}}],"inLanguage":"it-IT"},{"@type":"Organization","@id":"https:\/\/www.monaco-tribune.com\/it\/#organization","name":"Monaco Tribune","url":"https:\/\/www.monaco-tribune.com\/it\/","logo":{"@type":"ImageObject","inLanguage":"it-IT","@id":"https:\/\/www.monaco-tribune.com\/it\/#\/schema\/logo\/image\/","url":"https:\/\/www.monaco-tribune.com\/wp-content\/uploads\/2022\/11\/logo-monaco-tribune.png","contentUrl":"https:\/\/www.monaco-tribune.com\/wp-content\/uploads\/2022\/11\/logo-monaco-tribune.png","width":1548,"height":600,"caption":"Monaco Tribune"},"image":{"@id":"https:\/\/www.monaco-tribune.com\/it\/#\/schema\/logo\/image\/"},"sameAs":["https:\/\/www.facebook.com\/MonacoTribune","https:\/\/x.com\/MonacoTribune","https:\/\/www.instagram.com\/monacotribune\/","https:\/\/www.linkedin.com\/company\/monaco-tribune","https:\/\/www.youtube.com\/channel\/UCHle1MnG6hw1y4lWKijVbMA"]},{"@type":"Person","@id":"https:\/\/www.monaco-tribune.com\/it\/#\/schema\/person\/8f6ed8c063276e2397589eda5b7a2f2d","name":"Monaco Tribune","image":{"@type":"ImageObject","inLanguage":"it-IT","@id":"https:\/\/secure.gravatar.com\/avatar\/3010e6c5d6c8056ec1c25228fe68ea089879e5ae0de884e0247744ee988aaf6a?s=96&d=mm&r=g","url":"https:\/\/secure.gravatar.com\/avatar\/3010e6c5d6c8056ec1c25228fe68ea089879e5ae0de884e0247744ee988aaf6a?s=96&d=mm&r=g","contentUrl":"https:\/\/secure.gravatar.com\/avatar\/3010e6c5d6c8056ec1c25228fe68ea089879e5ae0de884e0247744ee988aaf6a?s=96&d=mm&r=g","caption":"Monaco Tribune"},"url":"https:\/\/www.monaco-tribune.com\/it\/author\/monaco-tribune\/"}]}},"_links":{"self":[{"href":"https:\/\/www.monaco-tribune.com\/it\/wp-json\/wp\/v2\/posts\/319404","targetHints":{"allow":["GET"]}}],"collection":[{"href":"https:\/\/www.monaco-tribune.com\/it\/wp-json\/wp\/v2\/posts"}],"about":[{"href":"https:\/\/www.monaco-tribune.com\/it\/wp-json\/wp\/v2\/types\/post"}],"author":[{"embeddable":true,"href":"https:\/\/www.monaco-tribune.com\/it\/wp-json\/wp\/v2\/users\/21"}],"replies":[{"embeddable":true,"href":"https:\/\/www.monaco-tribune.com\/it\/wp-json\/wp\/v2\/comments?post=319404"}],"version-history":[{"count":2,"href":"https:\/\/www.monaco-tribune.com\/it\/wp-json\/wp\/v2\/posts\/319404\/revisions"}],"predecessor-version":[{"id":319407,"href":"https:\/\/www.monaco-tribune.com\/it\/wp-json\/wp\/v2\/posts\/319404\/revisions\/319407"}],"wp:featuredmedia":[{"embeddable":true,"href":"https:\/\/www.monaco-tribune.com\/it\/wp-json\/wp\/v2\/media\/319125"}],"wp:attachment":[{"href":"https:\/\/www.monaco-tribune.com\/it\/wp-json\/wp\/v2\/media?parent=319404"}],"wp:term":[{"taxonomy":"category","embeddable":true,"href":"https:\/\/www.monaco-tribune.com\/it\/wp-json\/wp\/v2\/categories?post=319404"},{"taxonomy":"post_tag","embeddable":true,"href":"https:\/\/www.monaco-tribune.com\/it\/wp-json\/wp\/v2\/tags?post=319404"},{"taxonomy":"sectag","embeddable":true,"href":"https:\/\/www.monaco-tribune.com\/it\/wp-json\/wp\/v2\/post_sectags?post=319404"},{"taxonomy":"format","embeddable":true,"href":"https:\/\/www.monaco-tribune.com\/it\/wp-json\/wp\/v2\/post_format?post=319404"}],"curies":[{"name":"wp","href":"https:\/\/api.w.org\/{rel}","templated":true}]}}