{"id":320722,"date":"2025-10-22T18:05:25","date_gmt":"2025-10-22T16:05:25","guid":{"rendered":"https:\/\/www.monaco-tribune.com\/2025\/10\/i-luoghi-conviviali-a-monaco-preferiti-dai-nostri-lettori\/"},"modified":"2025-10-22T18:05:29","modified_gmt":"2025-10-22T16:05:29","slug":"i-luoghi-conviviali-a-monaco-preferiti-dai-nostri-lettori","status":"publish","type":"post","link":"https:\/\/www.monaco-tribune.com\/it\/2025\/10\/i-luoghi-conviviali-a-monaco-preferiti-dai-nostri-lettori\/","title":{"rendered":"I luoghi conviviali a Monaco preferiti dai nostri lettori"},"content":{"rendered":"\n<p><strong>Tra la nostalgia per i locali ormai scomparsi e le recenti trasformazioni urbane, i nostri lettori hanno condiviso i loro punti di riferimento per ritrovarsi con gli amici nel Principato.<\/strong><\/p>\n\n<p>In una citt\u00e0 in continua evoluzione, dove vanno i monegaschi e i residenti per fare due chiacchiere con gli amici? Lo abbiamo chiesto ai nostri lettori sulla <a href=\"https:\/\/www.facebook.com\/MonacoTribune\">nostra pagina Facebook.<\/a><\/p>\n\n<h2 class=\"wp-block-heading\" id=\"h-le-marche-de-la-condamine-poumon-populaire-de-monaco\">Il March\u00e9 de la Condamine, il cuore popolare di Monaco<\/h2>\n\n<p>Alcuni luoghi citati hanno chiuso, ma altri resistono e continuano a riunire le persone. Il mercato della Condamine \u00e8 uno di questi. Nathalie cita \u201cla piazza del mercato\u201d, mentre un lettore ci scrive un lungo messaggio per difendere questo punto di ritrovo: &#8220;\u00c8 l\u2019unico vero posto conviviale di Monaco. \u00c8 un punto centrale, dove si pu\u00f2 mangiare bene e bere a prezzi accessibili, con spazio a sufficienza per condividere un pasto potendo scegliere tra i vari commercianti del mercato&#8221;.<\/p>\n\n<p>Lo stesso lettore si dice preoccupato per il progetto di ristrutturazione, che durer\u00e0 tredici mesi: &#8220;Temo davvero che il nuovo progetto non riesca a mantenere quel carattere conviviale, visto che elimina attivit\u00e0 come il Zinc&#8221;.<br data-start=\"1421\" data-end=\"1424\"\/>La chiusura annunciata del Zinc ha infatti suscitato non poche reazioni: Alain si dice &#8220;rattristato nell\u2019apprendere la notizia&#8221;, mentre Gis\u00e8le scrive &#8220;Io firmo per il Zinc!&#8221;. Si riferisce a una petizione lanciata per \u201cSalvare il Zinc\u201d, prova del forte legame con questo locale, che in pochi giorni ha raccolto pi\u00f9 di un migliaio di firme.<\/p>\n\n<blockquote class=\"wp-embedded-content\" data-secret=\"wETDIIWOCz\"><a href=\"https:\/\/www.monaco-tribune.com\/it\/2024\/01\/julien-bravetti-il-nuovo-volto-di-chez-roger\/\">Julien Bravetti, il volto dietro l&#8217;imperdibile &#8220;Chez Roger&#8221;<\/a><\/blockquote><iframe class=\"wp-embedded-content\" sandbox=\"allow-scripts\" security=\"restricted\" style=\"position: absolute; visibility: hidden;\" title=\"&#8220;Julien Bravetti, il volto dietro l&#8217;imperdibile &#8220;Chez Roger&#8221;&#8221; &#8212; Monaco Tribune\" src=\"https:\/\/www.monaco-tribune.com\/it\/2024\/01\/julien-bravetti-il-nuovo-volto-di-chez-roger\/embed\/#?secret=kePNUKJFHK#?secret=wETDIIWOCz\" data-secret=\"wETDIIWOCz\" width=\"500\" height=\"282\" frameborder=\"0\" marginwidth=\"0\" marginheight=\"0\" scrolling=\"no\"><\/iframe>\n\n<p>Un nuovo mercato che rischierebbe cos\u00ec di perdere il suo fascino e con esso molti frequentatori abituali: &#8220;Il mercato vive. Per noi \u00e8 il polmone di quella Monaco che abbiamo visto trasformarsi e che ci respinge sempre pi\u00f9 verso i comuni limitrofi, o addirittura in Italia, per trascorrere un momento piacevole in famiglia o con gli amici&#8221;. Sempre su Place d\u2019Armes, Jan consiglia invece il Barbiss.<\/p>\n<div class=\"wp-block-image\">\n<figure class=\"aligncenter size-large\"><img loading=\"lazy\" decoding=\"async\" width=\"1024\" height=\"576\" src=\"https:\/\/www.monaco-tribune.com\/wp-content\/uploads\/2025\/10\/marche-condamine-travaux-amenagement-temporaire-1024x576.jpeg\" alt=\"Proiezione 3D delle installazioni temporanee per la durata dei lavori all'interno &#xA9; Milmo Studio\" class=\"wp-image-317264\" srcset=\"https:\/\/www.monaco-tribune.com\/wp-content\/uploads\/2025\/10\/marche-condamine-travaux-amenagement-temporaire-1024x576.jpeg 1024w, https:\/\/www.monaco-tribune.com\/wp-content\/uploads\/2025\/10\/marche-condamine-travaux-amenagement-temporaire-533x300.jpeg 533w, https:\/\/www.monaco-tribune.com\/wp-content\/uploads\/2025\/10\/marche-condamine-travaux-amenagement-temporaire.jpeg 1280w\" sizes=\"auto, (max-width: 1024px) 100vw, 1024px\" \/><figcaption class=\"wp-element-caption\"><em>Proiezione 3D delle installazioni temporanee per la durata dei lavori all&#8217;interno \u00a9 Milmo Studio<\/em><\/figcaption><\/figure>\n<\/div>\n<h2 class=\"wp-block-heading\" id=\"h-des-adresses-toujours-appreciees\">Indirizzi sempre amati<\/h2>\n\n<p>Tra gli immancabili, molti di voi ci hanno citato il leggendario Gerhard\u2019s o la Brasserie de Monaco. Emmanuelle apprezza anche il Trinity, anche se, come sottolinea Gis\u00e8le, a volte il rumore pu\u00f2 disturbare i residenti.<\/p>\n<div class=\"wp-block-image\">\n<figure class=\"aligncenter size-large\"><img loading=\"lazy\" decoding=\"async\" width=\"1024\" height=\"669\" src=\"https:\/\/www.monaco-tribune.com\/wp-content\/uploads\/2024\/03\/photos-bmc_0007_calque-1-1024x669-1-1024x669.jpg\" alt=\"photos-bmc_0007_Calque-1-1024x669\" class=\"wp-image-225315\" srcset=\"https:\/\/www.monaco-tribune.com\/wp-content\/uploads\/2024\/03\/photos-bmc_0007_calque-1-1024x669-1-1024x669.jpg 1024w, https:\/\/www.monaco-tribune.com\/wp-content\/uploads\/2024\/03\/photos-bmc_0007_calque-1-1024x669-1-459x300.jpg 459w, https:\/\/www.monaco-tribune.com\/wp-content\/uploads\/2024\/03\/photos-bmc_0007_calque-1-1024x669-1.jpg 1200w\" sizes=\"auto, (max-width: 1024px) 100vw, 1024px\" \/><figcaption class=\"wp-element-caption\"><em>Nel 2024, la birra monegasca ha vinto una medaglia d&#8217;oro al Concorso Internazionale di Lyon \u00a9Brasserie de Monaco<\/em><\/figcaption><\/figure>\n<\/div>\n<p>Marie menziona il piano terra del M\u00e9tropole Shopping Center &#8220;per bere un buon caff\u00e8, una cioccolata o un t\u00e8&#8221;, ma anche la via pedonale &#8220;dove ci sono bar italiani che servono ottimi cappuccini&#8221;.<\/p>\n\n<p>Sara cita anche alcuni quartieri del Principato, come Monaco-Ville, con i suoi vicoli colorati e panorami mozzafiato che offrono uno spettacolo magico. Aggiunge inoltre che respira pi\u00f9 convivialit\u00e0 durante una passeggiata sul boulevard des Moulins che nei ristoranti.<\/p>\n<div class=\"wp-block-image\">\n<figure class=\"aligncenter size-large\"><img loading=\"lazy\" decoding=\"async\" width=\"1024\" height=\"683\" src=\"https:\/\/www.monaco-tribune.com\/wp-content\/uploads\/2024\/05\/touristes-a-monaco-ville-le-rocher-1024x683.jpg\" alt=\"touristes-a-monaco-ville-le-rocher\" class=\"wp-image-235285\" srcset=\"https:\/\/www.monaco-tribune.com\/wp-content\/uploads\/2024\/05\/touristes-a-monaco-ville-le-rocher-1024x683.jpg 1024w, https:\/\/www.monaco-tribune.com\/wp-content\/uploads\/2024\/05\/touristes-a-monaco-ville-le-rocher-450x300.jpg 450w, https:\/\/www.monaco-tribune.com\/wp-content\/uploads\/2024\/05\/touristes-a-monaco-ville-le-rocher.jpg 1200w\" sizes=\"auto, (max-width: 1024px) 100vw, 1024px\" \/><figcaption class=\"wp-element-caption\"><em>I vicoli, i negozi e i numerosi visitatori di Monaco-Ville rendono questo quartiere uno dei luoghi pi\u00f9 conviviali del Principato<\/em><br data-start=\"3240\" data-end=\"3243\"\/><em>\u00a9 Monaco Tribune<\/em><\/figcaption><\/figure>\n<\/div>\n<h2 class=\"wp-block-heading\" id=\"h-une-pointe-de-nostalgie\">Un pizzico di nostalgia<\/h2>\n\n<p>Per Sara, residente nel Principato dal 2007, i cambiamenti continui rendono sempre pi\u00f9 difficile affezionarsi ai luoghi: &#8220;Diventa difficile legarsi a posti che cambiano cos\u00ec spesso. Come le tante persone che ormai se ne vanno&#8221;.<br data-start=\"3522\" data-end=\"3525\"\/>Ricorda con emozione La Sali\u00e8re, &#8220;quando si ballava sui tavoli&#8221;, il Jimmy\u2019z con la sua pista luminosa e il tanto rimpianto Stars\u2019n\u2019Bars, &#8220;un posto che ti accoglieva a braccia aperte anche se arrivavi da sola&#8221;.<\/p>\n\n<blockquote class=\"wp-embedded-content\" data-secret=\"bwUtWpgXId\"><a href=\"https:\/\/www.monaco-tribune.com\/it\/2022\/11\/chiusura-definitiva-per-liconico-starsnbars\/\">Chiusura definitiva per l&#8217;iconico Stars&#8217;N&#8217;Bars<\/a><\/blockquote><iframe class=\"wp-embedded-content\" sandbox=\"allow-scripts\" security=\"restricted\" style=\"position: absolute; visibility: hidden;\" title=\"&#8220;Chiusura definitiva per l&#8217;iconico Stars&#8217;N&#8217;Bars&#8221; &#8212; Monaco Tribune\" src=\"https:\/\/www.monaco-tribune.com\/it\/2022\/11\/chiusura-definitiva-per-liconico-starsnbars\/embed\/#?secret=ZmUJNqgvxi#?secret=bwUtWpgXId\" data-secret=\"bwUtWpgXId\" width=\"500\" height=\"282\" frameborder=\"0\" marginwidth=\"0\" marginheight=\"0\" scrolling=\"no\"><\/iframe>\n\n<p>Sara e David ricordano anche La Spiaggia al Larvotto, con l\u2019iconico geco all\u2019ingresso del ristorante: &#8220;Il primo locale aperto tutto l\u2019anno. Qualit\u00e0, prezzi imbattibili, convivialit\u00e0 assicurata&#8221;. Sempre sul mare, Jan preferisce invece la Note Bleue. Tuttavia, i recenti cambiamenti al Larvotto non convincono tutti:<br data-start=\"4075\" data-end=\"4078\"\/>&#8220;Si cerca di accontentare una manciata di residenti che vivono a Monaco solo una parte dell\u2019anno&#8221;.<\/p>\n\n<p>Tra il profondo legame con i luoghi storici e la paura di veder scomparire gli ultimi spazi popolari, i nostri lettori lanciano un appello: che il Principato possa preservare i suoi luoghi conviviali accessibili a tutti.<\/p>\n\n<p><\/p>\n","protected":false},"excerpt":{"rendered":"<p>Tra la nostalgia per i locali ormai scomparsi e le recenti trasformazioni urbane, i nostri lettori hanno condiviso i loro [&hellip;]<\/p>\n","protected":false},"author":81,"featured_media":247239,"comment_status":"closed","ping_status":"closed","sticky":false,"template":"","format":"standard","meta":{"_acf_changed":false,"footnotes":""},"categories":[1826,2433,1738],"tags":[3261],"post_sectags":[5286],"post_format":[2482],"class_list":["post-320722","post","type-post","status-publish","format-standard","has-post-thumbnail","hentry","category-la-nostra-scelta","category-le-vostre-opinioni","category-notizie","tag-vita-locale","sectag-sondaggio","format-sondaggio"],"acf":[],"yoast_head":"<!-- This site is optimized with the Yoast SEO Premium plugin v26.8 (Yoast SEO v27.5) - https:\/\/yoast.com\/product\/yoast-seo-premium-wordpress\/ -->\n<title>I luoghi conviviali a Monaco preferiti dai nostri lettori<\/title>\n<meta name=\"description\" content=\"Tra la nostalgia per i locali ormai scomparsi e le recenti trasformazioni urbane, i nostri lettori hanno condiviso i loro punti di riferimento per\" \/>\n<meta name=\"robots\" content=\"index, follow, max-snippet:-1, max-image-preview:large, max-video-preview:-1\" \/>\n<link rel=\"canonical\" href=\"https:\/\/www.monaco-tribune.com\/it\/2025\/10\/i-luoghi-conviviali-a-monaco-preferiti-dai-nostri-lettori\/\" \/>\n<meta property=\"og:locale\" content=\"it_IT\" \/>\n<meta property=\"og:type\" content=\"article\" \/>\n<meta property=\"og:title\" content=\"I luoghi conviviali a Monaco preferiti dai nostri lettori - Monaco Tribune\" \/>\n<meta property=\"og:description\" content=\"Tra la nostalgia per i locali ormai scomparsi e le recenti trasformazioni urbane, i nostri lettori hanno condiviso i loro punti di riferimento per\" \/>\n<meta property=\"og:url\" content=\"https:\/\/www.monaco-tribune.com\/it\/2025\/10\/i-luoghi-conviviali-a-monaco-preferiti-dai-nostri-lettori\/\" \/>\n<meta property=\"og:site_name\" content=\"Monaco Tribune\" \/>\n<meta property=\"article:publisher\" content=\"https:\/\/www.facebook.com\/MonacoTribune\" \/>\n<meta property=\"article:published_time\" content=\"2025-10-22T16:05:25+00:00\" \/>\n<meta property=\"article:modified_time\" content=\"2025-10-22T16:05:29+00:00\" \/>\n<meta property=\"og:image\" content=\"https:\/\/www.monaco-tribune.com\/wp-content\/uploads\/2024\/08\/bal-du-marche-condamine.jpeg\" \/>\n\t<meta property=\"og:image:width\" content=\"1200\" \/>\n\t<meta property=\"og:image:height\" content=\"801\" \/>\n\t<meta property=\"og:image:type\" content=\"image\/jpeg\" \/>\n<meta name=\"author\" content=\"Lo\u00efc Savaresse\" \/>\n<meta name=\"twitter:card\" content=\"summary_large_image\" \/>\n<meta name=\"twitter:creator\" content=\"@MonacoTribune\" \/>\n<meta name=\"twitter:site\" content=\"@MonacoTribune\" \/>\n<script type=\"application\/ld+json\" class=\"yoast-schema-graph\">{\"@context\":\"https:\\\/\\\/schema.org\",\"@graph\":[{\"@type\":\"NewsArticle\",\"@id\":\"https:\\\/\\\/www.monaco-tribune.com\\\/it\\\/2025\\\/10\\\/i-luoghi-conviviali-a-monaco-preferiti-dai-nostri-lettori\\\/#article\",\"isPartOf\":{\"@id\":\"https:\\\/\\\/www.monaco-tribune.com\\\/it\\\/2025\\\/10\\\/i-luoghi-conviviali-a-monaco-preferiti-dai-nostri-lettori\\\/\"},\"author\":{\"name\":\"Lo\u00efc Savaresse\",\"@id\":\"https:\\\/\\\/www.monaco-tribune.com\\\/it\\\/#\\\/schema\\\/person\\\/038be413d70c68969e8c6013f2520a39\"},\"headline\":\"I luoghi conviviali a Monaco preferiti dai nostri lettori\",\"datePublished\":\"2025-10-22T16:05:25+00:00\",\"dateModified\":\"2025-10-22T16:05:29+00:00\",\"mainEntityOfPage\":{\"@id\":\"https:\\\/\\\/www.monaco-tribune.com\\\/it\\\/2025\\\/10\\\/i-luoghi-conviviali-a-monaco-preferiti-dai-nostri-lettori\\\/\"},\"wordCount\":669,\"publisher\":{\"@id\":\"https:\\\/\\\/www.monaco-tribune.com\\\/it\\\/#organization\"},\"image\":{\"@id\":\"https:\\\/\\\/www.monaco-tribune.com\\\/it\\\/2025\\\/10\\\/i-luoghi-conviviali-a-monaco-preferiti-dai-nostri-lettori\\\/#primaryimage\"},\"thumbnailUrl\":\"https:\\\/\\\/www.monaco-tribune.com\\\/wp-content\\\/uploads\\\/2024\\\/08\\\/bal-du-marche-condamine.jpeg\",\"keywords\":[\"Vita locale\"],\"articleSection\":[\"La nostra scelta\",\"Le vostre opinioni\",\"Notizie\"],\"inLanguage\":\"it-IT\",\"copyrightYear\":\"2025\",\"copyrightHolder\":{\"@id\":\"https:\\\/\\\/www.monaco-tribune.com\\\/#organization\"}},{\"@type\":\"WebPage\",\"@id\":\"https:\\\/\\\/www.monaco-tribune.com\\\/it\\\/2025\\\/10\\\/i-luoghi-conviviali-a-monaco-preferiti-dai-nostri-lettori\\\/\",\"url\":\"https:\\\/\\\/www.monaco-tribune.com\\\/it\\\/2025\\\/10\\\/i-luoghi-conviviali-a-monaco-preferiti-dai-nostri-lettori\\\/\",\"name\":\"I luoghi conviviali a Monaco preferiti dai nostri lettori\",\"isPartOf\":{\"@id\":\"https:\\\/\\\/www.monaco-tribune.com\\\/it\\\/#website\"},\"primaryImageOfPage\":{\"@id\":\"https:\\\/\\\/www.monaco-tribune.com\\\/it\\\/2025\\\/10\\\/i-luoghi-conviviali-a-monaco-preferiti-dai-nostri-lettori\\\/#primaryimage\"},\"image\":{\"@id\":\"https:\\\/\\\/www.monaco-tribune.com\\\/it\\\/2025\\\/10\\\/i-luoghi-conviviali-a-monaco-preferiti-dai-nostri-lettori\\\/#primaryimage\"},\"thumbnailUrl\":\"https:\\\/\\\/www.monaco-tribune.com\\\/wp-content\\\/uploads\\\/2024\\\/08\\\/bal-du-marche-condamine.jpeg\",\"datePublished\":\"2025-10-22T16:05:25+00:00\",\"dateModified\":\"2025-10-22T16:05:29+00:00\",\"description\":\"Tra la nostalgia per i locali ormai scomparsi e le recenti trasformazioni urbane, i nostri lettori hanno condiviso i loro punti di riferimento per\",\"breadcrumb\":{\"@id\":\"https:\\\/\\\/www.monaco-tribune.com\\\/it\\\/2025\\\/10\\\/i-luoghi-conviviali-a-monaco-preferiti-dai-nostri-lettori\\\/#breadcrumb\"},\"inLanguage\":\"it-IT\",\"potentialAction\":[{\"@type\":\"ReadAction\",\"target\":[\"https:\\\/\\\/www.monaco-tribune.com\\\/it\\\/2025\\\/10\\\/i-luoghi-conviviali-a-monaco-preferiti-dai-nostri-lettori\\\/\"]}]},{\"@type\":\"ImageObject\",\"inLanguage\":\"it-IT\",\"@id\":\"https:\\\/\\\/www.monaco-tribune.com\\\/it\\\/2025\\\/10\\\/i-luoghi-conviviali-a-monaco-preferiti-dai-nostri-lettori\\\/#primaryimage\",\"url\":\"https:\\\/\\\/www.monaco-tribune.com\\\/wp-content\\\/uploads\\\/2024\\\/08\\\/bal-du-marche-condamine.jpeg\",\"contentUrl\":\"https:\\\/\\\/www.monaco-tribune.com\\\/wp-content\\\/uploads\\\/2024\\\/08\\\/bal-du-marche-condamine.jpeg\",\"width\":1200,\"height\":801,\"caption\":\"Il March\u00e9 de la Condamine, vero cuore pulsante della convivialit\u00e0 nel Principato \u00a9 Comune di Monaco\"},{\"@type\":\"BreadcrumbList\",\"@id\":\"https:\\\/\\\/www.monaco-tribune.com\\\/it\\\/2025\\\/10\\\/i-luoghi-conviviali-a-monaco-preferiti-dai-nostri-lettori\\\/#breadcrumb\",\"itemListElement\":[{\"@type\":\"ListItem\",\"position\":1,\"name\":\"Accueil\",\"item\":\"https:\\\/\\\/www.monaco-tribune.com\\\/it\\\/\"},{\"@type\":\"ListItem\",\"position\":2,\"name\":\"I luoghi conviviali a Monaco preferiti dai nostri lettori\"}]},{\"@type\":\"WebSite\",\"@id\":\"https:\\\/\\\/www.monaco-tribune.com\\\/it\\\/#website\",\"url\":\"https:\\\/\\\/www.monaco-tribune.com\\\/it\\\/\",\"name\":\"Monaco Tribune\",\"description\":\"Monaco : actualit\u00e9s \u00e9conomiques, politiques, culturelles et sportives de Monaco et de la French Riviera.\",\"publisher\":{\"@id\":\"https:\\\/\\\/www.monaco-tribune.com\\\/it\\\/#organization\"},\"potentialAction\":[{\"@type\":\"SearchAction\",\"target\":{\"@type\":\"EntryPoint\",\"urlTemplate\":\"https:\\\/\\\/www.monaco-tribune.com\\\/it\\\/?s={search_term_string}\"},\"query-input\":{\"@type\":\"PropertyValueSpecification\",\"valueRequired\":true,\"valueName\":\"search_term_string\"}}],\"inLanguage\":\"it-IT\"},{\"@type\":\"Organization\",\"@id\":\"https:\\\/\\\/www.monaco-tribune.com\\\/it\\\/#organization\",\"name\":\"Monaco Tribune\",\"url\":\"https:\\\/\\\/www.monaco-tribune.com\\\/it\\\/\",\"logo\":{\"@type\":\"ImageObject\",\"inLanguage\":\"it-IT\",\"@id\":\"https:\\\/\\\/www.monaco-tribune.com\\\/it\\\/#\\\/schema\\\/logo\\\/image\\\/\",\"url\":\"https:\\\/\\\/www.monaco-tribune.com\\\/wp-content\\\/uploads\\\/2022\\\/11\\\/logo-monaco-tribune.png\",\"contentUrl\":\"https:\\\/\\\/www.monaco-tribune.com\\\/wp-content\\\/uploads\\\/2022\\\/11\\\/logo-monaco-tribune.png\",\"width\":1548,\"height\":600,\"caption\":\"Monaco Tribune\"},\"image\":{\"@id\":\"https:\\\/\\\/www.monaco-tribune.com\\\/it\\\/#\\\/schema\\\/logo\\\/image\\\/\"},\"sameAs\":[\"https:\\\/\\\/www.facebook.com\\\/MonacoTribune\",\"https:\\\/\\\/x.com\\\/MonacoTribune\",\"https:\\\/\\\/www.instagram.com\\\/monacotribune\\\/\",\"https:\\\/\\\/www.linkedin.com\\\/company\\\/monaco-tribune\",\"https:\\\/\\\/www.youtube.com\\\/channel\\\/UCHle1MnG6hw1y4lWKijVbMA\"]},{\"@type\":\"Person\",\"@id\":\"https:\\\/\\\/www.monaco-tribune.com\\\/it\\\/#\\\/schema\\\/person\\\/038be413d70c68969e8c6013f2520a39\",\"name\":\"Lo\u00efc Savaresse\",\"image\":{\"@type\":\"ImageObject\",\"inLanguage\":\"it-IT\",\"@id\":\"https:\\\/\\\/secure.gravatar.com\\\/avatar\\\/f6455af3179531c6fa982f7fbf5b31fba068c938a5ce7786e5fb7d84a2393df0?s=96&d=mm&r=g\",\"url\":\"https:\\\/\\\/secure.gravatar.com\\\/avatar\\\/f6455af3179531c6fa982f7fbf5b31fba068c938a5ce7786e5fb7d84a2393df0?s=96&d=mm&r=g\",\"contentUrl\":\"https:\\\/\\\/secure.gravatar.com\\\/avatar\\\/f6455af3179531c6fa982f7fbf5b31fba068c938a5ce7786e5fb7d84a2393df0?s=96&d=mm&r=g\",\"caption\":\"Lo\u00efc Savaresse\"},\"url\":\"https:\\\/\\\/www.monaco-tribune.com\\\/it\\\/author\\\/loicsavaresse\\\/\"}]}<\/script>\n<!-- \/ Yoast SEO Premium plugin. -->","yoast_head_json":{"title":"I luoghi conviviali a Monaco preferiti dai nostri lettori","description":"Tra la nostalgia per i locali ormai scomparsi e le recenti trasformazioni urbane, i nostri lettori hanno condiviso i loro punti di riferimento per","robots":{"index":"index","follow":"follow","max-snippet":"max-snippet:-1","max-image-preview":"max-image-preview:large","max-video-preview":"max-video-preview:-1"},"canonical":"https:\/\/www.monaco-tribune.com\/it\/2025\/10\/i-luoghi-conviviali-a-monaco-preferiti-dai-nostri-lettori\/","og_locale":"it_IT","og_type":"article","og_title":"I luoghi conviviali a Monaco preferiti dai nostri lettori - Monaco Tribune","og_description":"Tra la nostalgia per i locali ormai scomparsi e le recenti trasformazioni urbane, i nostri lettori hanno condiviso i loro punti di riferimento per","og_url":"https:\/\/www.monaco-tribune.com\/it\/2025\/10\/i-luoghi-conviviali-a-monaco-preferiti-dai-nostri-lettori\/","og_site_name":"Monaco Tribune","article_publisher":"https:\/\/www.facebook.com\/MonacoTribune","article_published_time":"2025-10-22T16:05:25+00:00","article_modified_time":"2025-10-22T16:05:29+00:00","og_image":[{"width":1200,"height":801,"url":"https:\/\/www.monaco-tribune.com\/wp-content\/uploads\/2024\/08\/bal-du-marche-condamine.jpeg","type":"image\/jpeg"}],"author":"Lo\u00efc Savaresse","twitter_card":"summary_large_image","twitter_creator":"@MonacoTribune","twitter_site":"@MonacoTribune","schema":{"@context":"https:\/\/schema.org","@graph":[{"@type":"NewsArticle","@id":"https:\/\/www.monaco-tribune.com\/it\/2025\/10\/i-luoghi-conviviali-a-monaco-preferiti-dai-nostri-lettori\/#article","isPartOf":{"@id":"https:\/\/www.monaco-tribune.com\/it\/2025\/10\/i-luoghi-conviviali-a-monaco-preferiti-dai-nostri-lettori\/"},"author":{"name":"Lo\u00efc Savaresse","@id":"https:\/\/www.monaco-tribune.com\/it\/#\/schema\/person\/038be413d70c68969e8c6013f2520a39"},"headline":"I luoghi conviviali a Monaco preferiti dai nostri lettori","datePublished":"2025-10-22T16:05:25+00:00","dateModified":"2025-10-22T16:05:29+00:00","mainEntityOfPage":{"@id":"https:\/\/www.monaco-tribune.com\/it\/2025\/10\/i-luoghi-conviviali-a-monaco-preferiti-dai-nostri-lettori\/"},"wordCount":669,"publisher":{"@id":"https:\/\/www.monaco-tribune.com\/it\/#organization"},"image":{"@id":"https:\/\/www.monaco-tribune.com\/it\/2025\/10\/i-luoghi-conviviali-a-monaco-preferiti-dai-nostri-lettori\/#primaryimage"},"thumbnailUrl":"https:\/\/www.monaco-tribune.com\/wp-content\/uploads\/2024\/08\/bal-du-marche-condamine.jpeg","keywords":["Vita locale"],"articleSection":["La nostra scelta","Le vostre opinioni","Notizie"],"inLanguage":"it-IT","copyrightYear":"2025","copyrightHolder":{"@id":"https:\/\/www.monaco-tribune.com\/#organization"}},{"@type":"WebPage","@id":"https:\/\/www.monaco-tribune.com\/it\/2025\/10\/i-luoghi-conviviali-a-monaco-preferiti-dai-nostri-lettori\/","url":"https:\/\/www.monaco-tribune.com\/it\/2025\/10\/i-luoghi-conviviali-a-monaco-preferiti-dai-nostri-lettori\/","name":"I luoghi conviviali a Monaco preferiti dai nostri lettori","isPartOf":{"@id":"https:\/\/www.monaco-tribune.com\/it\/#website"},"primaryImageOfPage":{"@id":"https:\/\/www.monaco-tribune.com\/it\/2025\/10\/i-luoghi-conviviali-a-monaco-preferiti-dai-nostri-lettori\/#primaryimage"},"image":{"@id":"https:\/\/www.monaco-tribune.com\/it\/2025\/10\/i-luoghi-conviviali-a-monaco-preferiti-dai-nostri-lettori\/#primaryimage"},"thumbnailUrl":"https:\/\/www.monaco-tribune.com\/wp-content\/uploads\/2024\/08\/bal-du-marche-condamine.jpeg","datePublished":"2025-10-22T16:05:25+00:00","dateModified":"2025-10-22T16:05:29+00:00","description":"Tra la nostalgia per i locali ormai scomparsi e le recenti trasformazioni urbane, i nostri lettori hanno condiviso i loro punti di riferimento per","breadcrumb":{"@id":"https:\/\/www.monaco-tribune.com\/it\/2025\/10\/i-luoghi-conviviali-a-monaco-preferiti-dai-nostri-lettori\/#breadcrumb"},"inLanguage":"it-IT","potentialAction":[{"@type":"ReadAction","target":["https:\/\/www.monaco-tribune.com\/it\/2025\/10\/i-luoghi-conviviali-a-monaco-preferiti-dai-nostri-lettori\/"]}]},{"@type":"ImageObject","inLanguage":"it-IT","@id":"https:\/\/www.monaco-tribune.com\/it\/2025\/10\/i-luoghi-conviviali-a-monaco-preferiti-dai-nostri-lettori\/#primaryimage","url":"https:\/\/www.monaco-tribune.com\/wp-content\/uploads\/2024\/08\/bal-du-marche-condamine.jpeg","contentUrl":"https:\/\/www.monaco-tribune.com\/wp-content\/uploads\/2024\/08\/bal-du-marche-condamine.jpeg","width":1200,"height":801,"caption":"Il March\u00e9 de la Condamine, vero cuore pulsante della convivialit\u00e0 nel Principato \u00a9 Comune di Monaco"},{"@type":"BreadcrumbList","@id":"https:\/\/www.monaco-tribune.com\/it\/2025\/10\/i-luoghi-conviviali-a-monaco-preferiti-dai-nostri-lettori\/#breadcrumb","itemListElement":[{"@type":"ListItem","position":1,"name":"Accueil","item":"https:\/\/www.monaco-tribune.com\/it\/"},{"@type":"ListItem","position":2,"name":"I luoghi conviviali a Monaco preferiti dai nostri lettori"}]},{"@type":"WebSite","@id":"https:\/\/www.monaco-tribune.com\/it\/#website","url":"https:\/\/www.monaco-tribune.com\/it\/","name":"Monaco Tribune","description":"Monaco : actualit\u00e9s \u00e9conomiques, politiques, culturelles et sportives de Monaco et de la French Riviera.","publisher":{"@id":"https:\/\/www.monaco-tribune.com\/it\/#organization"},"potentialAction":[{"@type":"SearchAction","target":{"@type":"EntryPoint","urlTemplate":"https:\/\/www.monaco-tribune.com\/it\/?s={search_term_string}"},"query-input":{"@type":"PropertyValueSpecification","valueRequired":true,"valueName":"search_term_string"}}],"inLanguage":"it-IT"},{"@type":"Organization","@id":"https:\/\/www.monaco-tribune.com\/it\/#organization","name":"Monaco Tribune","url":"https:\/\/www.monaco-tribune.com\/it\/","logo":{"@type":"ImageObject","inLanguage":"it-IT","@id":"https:\/\/www.monaco-tribune.com\/it\/#\/schema\/logo\/image\/","url":"https:\/\/www.monaco-tribune.com\/wp-content\/uploads\/2022\/11\/logo-monaco-tribune.png","contentUrl":"https:\/\/www.monaco-tribune.com\/wp-content\/uploads\/2022\/11\/logo-monaco-tribune.png","width":1548,"height":600,"caption":"Monaco Tribune"},"image":{"@id":"https:\/\/www.monaco-tribune.com\/it\/#\/schema\/logo\/image\/"},"sameAs":["https:\/\/www.facebook.com\/MonacoTribune","https:\/\/x.com\/MonacoTribune","https:\/\/www.instagram.com\/monacotribune\/","https:\/\/www.linkedin.com\/company\/monaco-tribune","https:\/\/www.youtube.com\/channel\/UCHle1MnG6hw1y4lWKijVbMA"]},{"@type":"Person","@id":"https:\/\/www.monaco-tribune.com\/it\/#\/schema\/person\/038be413d70c68969e8c6013f2520a39","name":"Lo\u00efc Savaresse","image":{"@type":"ImageObject","inLanguage":"it-IT","@id":"https:\/\/secure.gravatar.com\/avatar\/f6455af3179531c6fa982f7fbf5b31fba068c938a5ce7786e5fb7d84a2393df0?s=96&d=mm&r=g","url":"https:\/\/secure.gravatar.com\/avatar\/f6455af3179531c6fa982f7fbf5b31fba068c938a5ce7786e5fb7d84a2393df0?s=96&d=mm&r=g","contentUrl":"https:\/\/secure.gravatar.com\/avatar\/f6455af3179531c6fa982f7fbf5b31fba068c938a5ce7786e5fb7d84a2393df0?s=96&d=mm&r=g","caption":"Lo\u00efc Savaresse"},"url":"https:\/\/www.monaco-tribune.com\/it\/author\/loicsavaresse\/"}]}},"_links":{"self":[{"href":"https:\/\/www.monaco-tribune.com\/it\/wp-json\/wp\/v2\/posts\/320722","targetHints":{"allow":["GET"]}}],"collection":[{"href":"https:\/\/www.monaco-tribune.com\/it\/wp-json\/wp\/v2\/posts"}],"about":[{"href":"https:\/\/www.monaco-tribune.com\/it\/wp-json\/wp\/v2\/types\/post"}],"author":[{"embeddable":true,"href":"https:\/\/www.monaco-tribune.com\/it\/wp-json\/wp\/v2\/users\/81"}],"replies":[{"embeddable":true,"href":"https:\/\/www.monaco-tribune.com\/it\/wp-json\/wp\/v2\/comments?post=320722"}],"version-history":[{"count":2,"href":"https:\/\/www.monaco-tribune.com\/it\/wp-json\/wp\/v2\/posts\/320722\/revisions"}],"predecessor-version":[{"id":320725,"href":"https:\/\/www.monaco-tribune.com\/it\/wp-json\/wp\/v2\/posts\/320722\/revisions\/320725"}],"wp:featuredmedia":[{"embeddable":true,"href":"https:\/\/www.monaco-tribune.com\/it\/wp-json\/wp\/v2\/media\/247239"}],"wp:attachment":[{"href":"https:\/\/www.monaco-tribune.com\/it\/wp-json\/wp\/v2\/media?parent=320722"}],"wp:term":[{"taxonomy":"category","embeddable":true,"href":"https:\/\/www.monaco-tribune.com\/it\/wp-json\/wp\/v2\/categories?post=320722"},{"taxonomy":"post_tag","embeddable":true,"href":"https:\/\/www.monaco-tribune.com\/it\/wp-json\/wp\/v2\/tags?post=320722"},{"taxonomy":"sectag","embeddable":true,"href":"https:\/\/www.monaco-tribune.com\/it\/wp-json\/wp\/v2\/post_sectags?post=320722"},{"taxonomy":"format","embeddable":true,"href":"https:\/\/www.monaco-tribune.com\/it\/wp-json\/wp\/v2\/post_format?post=320722"}],"curies":[{"name":"wp","href":"https:\/\/api.w.org\/{rel}","templated":true}]}}