{"id":320769,"date":"2025-10-23T13:17:55","date_gmt":"2025-10-23T11:17:55","guid":{"rendered":"https:\/\/www.monaco-tribune.com\/2025\/10\/champions-league-pareggio-amaro-per-las-monaco-contro-il-tottenham\/"},"modified":"2025-10-23T13:18:02","modified_gmt":"2025-10-23T11:18:02","slug":"champions-league-pareggio-amaro-per-las-monaco-contro-il-tottenham","status":"publish","type":"post","link":"https:\/\/www.monaco-tribune.com\/it\/2025\/10\/champions-league-pareggio-amaro-per-las-monaco-contro-il-tottenham\/","title":{"rendered":"Champions League: pareggio amaro per l\u2019AS Monaco contro il Tottenham"},"content":{"rendered":"\n<p><strong>Il primo incontro europeo di S\u00e9bastien Pocognoli alla guida dell\u2019AS Monaco si \u00e8 concluso con un pareggio a reti inviolate allo Stadio Louis-II, mercoled\u00ec sera. Il club del Principato resta ancora senza vittorie in Europa dopo tre giornate.<\/strong><\/p>\n\n<p>A volte basta un ingrediente per ottenere la ricetta perfetta. Nel calcio, si chiama concretezza sotto porta. Ed \u00e8 proprio questo l\u2019elemento che \u00e8 mancato al Monaco per battere il Tottenham. Gli Spurs hanno spesso sofferto, ma non sono mai crollati, salvati pi\u00f9 volte dal loro portiere, autore di una prestazione decisiva che ha mantenuto il risultato sullo 0-0. Una partita giocata a porte chiuse sotto gli occhi del presidente Dmitri Rybolovlev, in cui gli uomini di S\u00e9bastien Pocognoli avrebbero senza dubbio meritato di pi\u00f9.<\/p>\n\n<h2 class=\"wp-block-heading\" id=\"h-un-schema-conforme-aux-idees-de-l-entraineur\">Uno schema che rispecchia le idee del nuovo allenatore<\/h2>\n\n<p>Per la seconda sfida consecutiva contro un club inglese, <a href=\"https:\/\/www.monaco-tribune.com\/it\/2025\/10\/champions-league-las-monaco-strappa-un-pareggio-in-extremis-contro-il-manchester-city\/\">dopo il match con il Manchester City<\/a>, il tecnico belga ha scelto un 3-4-1-2, con Thilo Kehrer confermato capitano in difesa, Jordan Teze a centrocampo e il duo Fati-Akliouche a supporto di Balogun, autore di un gol lo scorso weekend ad Angers. Sugli spalti anche Paul Pogba, tornato ad allenarsi parzialmente in settimana, e alcune vecchie glorie del calcio, come Glenn Hoddle e Dimitar Berbatov.<\/p>\n\n<p>L\u2019avvio del Monaco \u00e8 stato incoraggiante, con un pressing alto ed efficace. Gli inglesi, invece, si sono resi pericolosi solo su palla inattiva. L\u2019unica occasione del primo tempo per i londinesi \u00e8 arrivata con un colpo di testa di Micky van de Ven, terminato alto sopra la porta di Philipp K\u00f6hn (20\u2019). Davanti agli 11.500 spettatori presenti, tra cui circa 1.000 tifosi inglesi, i monegaschi si sono fermati sempre all\u2019ultimo passaggio. Maghn\u00e8s Akliouche, molto attivo, e Folarin Balogun, che ha tentato una doppietta (28\u2019, 36\u2019), si sono scontrati con le parate del portiere italiano Guglielmo Vicario.<\/p>\n\n<blockquote class=\"wp-embedded-content\" data-secret=\"Uukxf1ihXg\"><a href=\"https:\/\/www.monaco-tribune.com\/it\/2025\/10\/sebastien-pocognoli-lallenatore-dellas-monaco-dalle-idee-audaci\/\">S\u00e9bastien Pocognoli, l\u2019allenatore dell\u2019AS Monaco dalle idee audaci<\/a><\/blockquote><iframe class=\"wp-embedded-content\" sandbox=\"allow-scripts\" security=\"restricted\" style=\"position: absolute; visibility: hidden;\" title=\"&#8220;S\u00e9bastien Pocognoli, l\u2019allenatore dell\u2019AS Monaco dalle idee audaci&#8221; &#8212; Monaco Tribune\" src=\"https:\/\/www.monaco-tribune.com\/it\/2025\/10\/sebastien-pocognoli-lallenatore-dellas-monaco-dalle-idee-audaci\/embed\/#?secret=5UYoCJLM82#?secret=Uukxf1ihXg\" data-secret=\"Uukxf1ihXg\" width=\"500\" height=\"282\" frameborder=\"0\" marginwidth=\"0\" marginheight=\"0\" scrolling=\"no\"><\/iframe>\n\n<h2 class=\"wp-block-heading\" id=\"h-vicario-heros-des-spurs\">Vicario eroe degli Spurs<\/h2>\n\n<p>Nel secondo tempo, l\u2019AS Monaco ha continuato a dominare, senza per\u00f2 riuscire a concretizzare. I principi di gioco di Pocognoli, intensit\u00e0 e controllo netto, hanno preso lentamente forma, e la squadra ha collezionato occasioni una dopo l\u2019altra. Ma n\u00e9 Akliouche (50\u2019), n\u00e9 Golovin (67\u2019), n\u00e9 Kehrer (68\u2019), n\u00e9 Teze (74\u2019) sono riusciti a trovare la rete.<\/p>\n\n<figure class=\"wp-block-embed is-type-rich is-provider-twitter wp-block-embed-twitter\"><div class=\"wp-block-embed__wrapper\">\r\n<blockquote class=\"twitter-tweet\" data-width=\"500\" data-dnt=\"true\"><p lang=\"fr\" dir=\"ltr\">L&#39;AS Monaco a obtenu le point du nul face aux Tottenham Hotspur mais cela aurait pu \u00eatre bien diff\u00e9rent sans cet \u00e9norme arr\u00eat de Vicario \ud83e\udee8<a href=\"https:\/\/twitter.com\/hashtag\/ASMTOT?src=hash&amp;ref_src=twsrc%5Etfw\">#ASMTOT<\/a> | <a href=\"https:\/\/twitter.com\/hashtag\/UCL?src=hash&amp;ref_src=twsrc%5Etfw\">#UCL<\/a> <a href=\"https:\/\/t.co\/13rI1pYtgA\">pic.twitter.com\/13rI1pYtgA<\/a><\/p>&mdash; CANAL+ Foot (@CanalplusFoot) <a href=\"https:\/\/twitter.com\/CanalplusFoot\/status\/1981107911930601948?ref_src=twsrc%5Etfw\">October 22, 2025<\/a><\/blockquote><script async src=\"https:\/\/platform.twitter.com\/widgets.js\" charset=\"utf-8\"><\/script>\r\n<\/div><\/figure><br>\n\n<p>Nel quarto d\u2019ora finale, il Tottenham \u00e8 andato in totale affanno di fronte all\u2019assalto del Monaco. Entrato al posto di Ansu Fati a venti minuti dal termine, Takumi Minamino ha subito fatto parlare di s\u00e9, ma ha sprecato tre buone occasioni in pochi minuti (79\u2019, 81\u2019, 82\u2019). Sentendo che la vittoria era a portata di mano, Pocognoli ha spinto la squadra fino all\u2019ultimo, ma il tiro finale di Akliouche (88\u2019) ha mancato di poco l\u2019obiettivo.<\/p>\n<div class=\"wp-block-image\">\n<figure class=\"aligncenter size-large\"><img loading=\"lazy\" decoding=\"async\" width=\"1024\" height=\"574\" src=\"https:\/\/www.monaco-tribune.com\/wp-content\/uploads\/2025\/10\/minamino-spurs-1024x574.jpg\" alt=\"\" class=\"wp-image-320734\" srcset=\"https:\/\/www.monaco-tribune.com\/wp-content\/uploads\/2025\/10\/minamino-spurs-1024x574.jpg 1024w, https:\/\/www.monaco-tribune.com\/wp-content\/uploads\/2025\/10\/minamino-spurs-535x300.jpg 535w, https:\/\/www.monaco-tribune.com\/wp-content\/uploads\/2025\/10\/minamino-spurs.jpg 1160w\" sizes=\"auto, (max-width: 1024px) 100vw, 1024px\" \/><figcaption class=\"wp-element-caption\"><em>La frustrazione di Takumi Minamino \u00a9 AS Monaco<\/em><\/figcaption><\/figure>\n<\/div>\n<h2 class=\"wp-block-heading\" id=\"h-premier-clean-sheet\">Primo clean sheet della stagione<\/h2>\n\n<p>L\u2019AS Monaco ha cos\u00ec lasciato sfumare la vittoria, rischiando addirittura nel finale quando Brennan Johnson ha visto il suo tiro deviato da Christian Mawissa, entrato al 70\u2019 e autore di un intervento decisivo (89\u2019). Nonostante i sei minuti di recupero, le due squadre hanno concluso in pareggio. Con ben 23 tiri totali, i biancorossi avrebbero meritato di pi\u00f9, ma il portiere del Tottenham, con otto parate, ha letteralmente spento ogni speranza. Un aspetto positivo comunque c\u2019\u00e8: il Monaco ha finalmente mantenuto la porta inviolata, per la prima volta dall\u2019inizio della stagione.<\/p>\n\n<p>Con questo secondo pareggio consecutivo, l\u2019AS Monaco occupa la 27\u00aa posizione nella classifica della fase a gironi con due punti. Deve ora concentrarsi per conquistare la prima vittoria sul campo norvegese del Bod\u00f8\/Glimt, a nord del Circolo Polare Artico, il 4 novembre alle 21:00.<\/p>\n\n<h2 class=\"wp-block-heading\" id=\"h-sebastien-pocognoli-les-trois-points-auraient-ete-merites\">S\u00e9bastien Pocognoli: \u201cCi saremmo meritati i tre punti\u201d<\/h2>\n\n<p>A fine partita, S\u00e9bastien Pocognoli ha voluto sottolineare i segnali positivi, pur non nascondendo la delusione: \u201cAbbiamo qualche rimpianto e siamo un po\u2019 frustrati per la prestazione dei miei giocatori, che a mio avviso \u00e8 stata molto positiva. Ma siamo anche orgogliosi, perch\u00e9 abbiamo disputato un\u2019ottima partita contro un avversario di livello. Quando domini la gara, crei tante occasioni e mantieni la porta inviolata, \u00e8 inevitabile che dispiaccia non prendere i tre punti, che a mio parere erano pi\u00f9 che meritati\u201d, ha dichiarato in conferenza stampa. Anche il tecnico avversario, Thomas Frank, ha riconosciuto sportivamente la superiorit\u00e0 del club del Principato.<\/p>\n\n<p>L\u2019AS Monaco torner\u00e0 in campo sabato in Ligue 1 contro il Tolosa (ore 19:00), con l\u2019obiettivo di interrompere la serie di quattro pareggi consecutivi in tutte le competizioni e regalare al suo nuovo allenatore la prima vittoria ufficiale.<\/p>\n","protected":false},"excerpt":{"rendered":"<p>Il primo incontro europeo di S\u00e9bastien Pocognoli alla guida dell\u2019AS Monaco si \u00e8 concluso con un pareggio a reti inviolate [&hellip;]<\/p>\n","protected":false},"author":84,"featured_media":320732,"comment_status":"closed","ping_status":"closed","sticky":false,"template":"","format":"standard","meta":{"_acf_changed":false,"footnotes":""},"categories":[1826,1738,1743],"tags":[2846],"post_sectags":[3240],"post_format":[2486],"class_list":["post-320769","post","type-post","status-publish","format-standard","has-post-thumbnail","hentry","category-la-nostra-scelta","category-notizie","category-sport-it","tag-as-monaco-it-2","sectag-calcio-it","format-servizio"],"acf":[],"yoast_head":"<!-- This site is optimized with the Yoast SEO Premium plugin v26.8 (Yoast SEO v27.4) - https:\/\/yoast.com\/product\/yoast-seo-premium-wordpress\/ -->\n<title>Champions League: pareggio amaro per l\u2019AS Monaco contro il Tottenham<\/title>\n<meta name=\"description\" content=\"Il primo incontro europeo di S\u00e9bastien Pocognoli alla guida dell\u2019AS Monaco si \u00e8 concluso con un pareggio a reti inviolate allo Stadio Louis-II, mercoled\u00ec\" \/>\n<meta name=\"robots\" content=\"index, follow, max-snippet:-1, max-image-preview:large, max-video-preview:-1\" \/>\n<link rel=\"canonical\" href=\"https:\/\/www.monaco-tribune.com\/it\/2025\/10\/champions-league-pareggio-amaro-per-las-monaco-contro-il-tottenham\/\" \/>\n<meta property=\"og:locale\" content=\"it_IT\" \/>\n<meta property=\"og:type\" content=\"article\" \/>\n<meta property=\"og:title\" content=\"Champions League: pareggio amaro per l\u2019AS Monaco contro il Tottenham - Monaco Tribune\" \/>\n<meta property=\"og:description\" content=\"Il primo incontro europeo di S\u00e9bastien Pocognoli alla guida dell\u2019AS Monaco si \u00e8 concluso con un pareggio a reti inviolate allo Stadio Louis-II, mercoled\u00ec\" \/>\n<meta property=\"og:url\" content=\"https:\/\/www.monaco-tribune.com\/it\/2025\/10\/champions-league-pareggio-amaro-per-las-monaco-contro-il-tottenham\/\" \/>\n<meta property=\"og:site_name\" content=\"Monaco Tribune\" \/>\n<meta property=\"article:publisher\" content=\"https:\/\/www.facebook.com\/MonacoTribune\" \/>\n<meta property=\"article:published_time\" content=\"2025-10-23T11:17:55+00:00\" \/>\n<meta property=\"article:modified_time\" content=\"2025-10-23T11:18:02+00:00\" \/>\n<meta property=\"og:image\" content=\"https:\/\/www.monaco-tribune.com\/wp-content\/uploads\/2025\/10\/balogun-spurs.jpg\" \/>\n\t<meta property=\"og:image:width\" content=\"1200\" \/>\n\t<meta property=\"og:image:height\" content=\"675\" \/>\n\t<meta property=\"og:image:type\" content=\"image\/jpeg\" \/>\n<meta name=\"author\" content=\"St\u00e9phane Renaux\" \/>\n<meta name=\"twitter:card\" content=\"summary_large_image\" \/>\n<meta name=\"twitter:creator\" content=\"@MonacoTribune\" \/>\n<meta name=\"twitter:site\" content=\"@MonacoTribune\" \/>\n<script type=\"application\/ld+json\" class=\"yoast-schema-graph\">{\"@context\":\"https:\\\/\\\/schema.org\",\"@graph\":[{\"@type\":\"NewsArticle\",\"@id\":\"https:\\\/\\\/www.monaco-tribune.com\\\/it\\\/2025\\\/10\\\/champions-league-pareggio-amaro-per-las-monaco-contro-il-tottenham\\\/#article\",\"isPartOf\":{\"@id\":\"https:\\\/\\\/www.monaco-tribune.com\\\/it\\\/2025\\\/10\\\/champions-league-pareggio-amaro-per-las-monaco-contro-il-tottenham\\\/\"},\"author\":{\"name\":\"St\u00e9phane Renaux\",\"@id\":\"https:\\\/\\\/www.monaco-tribune.com\\\/it\\\/#\\\/schema\\\/person\\\/ece83e32e5a225fe73e81a24e634b373\"},\"headline\":\"Champions League: pareggio amaro per l\u2019AS Monaco contro il Tottenham\",\"datePublished\":\"2025-10-23T11:17:55+00:00\",\"dateModified\":\"2025-10-23T11:18:02+00:00\",\"mainEntityOfPage\":{\"@id\":\"https:\\\/\\\/www.monaco-tribune.com\\\/it\\\/2025\\\/10\\\/champions-league-pareggio-amaro-per-las-monaco-contro-il-tottenham\\\/\"},\"wordCount\":750,\"publisher\":{\"@id\":\"https:\\\/\\\/www.monaco-tribune.com\\\/it\\\/#organization\"},\"image\":{\"@id\":\"https:\\\/\\\/www.monaco-tribune.com\\\/it\\\/2025\\\/10\\\/champions-league-pareggio-amaro-per-las-monaco-contro-il-tottenham\\\/#primaryimage\"},\"thumbnailUrl\":\"https:\\\/\\\/www.monaco-tribune.com\\\/wp-content\\\/uploads\\\/2025\\\/10\\\/balogun-spurs.jpg\",\"keywords\":[\"AS Monaco\"],\"articleSection\":[\"La nostra scelta\",\"Notizie\",\"Sport\"],\"inLanguage\":\"it-IT\",\"copyrightYear\":\"2025\",\"copyrightHolder\":{\"@id\":\"https:\\\/\\\/www.monaco-tribune.com\\\/#organization\"}},{\"@type\":\"WebPage\",\"@id\":\"https:\\\/\\\/www.monaco-tribune.com\\\/it\\\/2025\\\/10\\\/champions-league-pareggio-amaro-per-las-monaco-contro-il-tottenham\\\/\",\"url\":\"https:\\\/\\\/www.monaco-tribune.com\\\/it\\\/2025\\\/10\\\/champions-league-pareggio-amaro-per-las-monaco-contro-il-tottenham\\\/\",\"name\":\"Champions League: pareggio amaro per l\u2019AS Monaco contro il Tottenham\",\"isPartOf\":{\"@id\":\"https:\\\/\\\/www.monaco-tribune.com\\\/it\\\/#website\"},\"primaryImageOfPage\":{\"@id\":\"https:\\\/\\\/www.monaco-tribune.com\\\/it\\\/2025\\\/10\\\/champions-league-pareggio-amaro-per-las-monaco-contro-il-tottenham\\\/#primaryimage\"},\"image\":{\"@id\":\"https:\\\/\\\/www.monaco-tribune.com\\\/it\\\/2025\\\/10\\\/champions-league-pareggio-amaro-per-las-monaco-contro-il-tottenham\\\/#primaryimage\"},\"thumbnailUrl\":\"https:\\\/\\\/www.monaco-tribune.com\\\/wp-content\\\/uploads\\\/2025\\\/10\\\/balogun-spurs.jpg\",\"datePublished\":\"2025-10-23T11:17:55+00:00\",\"dateModified\":\"2025-10-23T11:18:02+00:00\",\"description\":\"Il primo incontro europeo di S\u00e9bastien Pocognoli alla guida dell\u2019AS Monaco si \u00e8 concluso con un pareggio a reti inviolate allo Stadio Louis-II, mercoled\u00ec\",\"breadcrumb\":{\"@id\":\"https:\\\/\\\/www.monaco-tribune.com\\\/it\\\/2025\\\/10\\\/champions-league-pareggio-amaro-per-las-monaco-contro-il-tottenham\\\/#breadcrumb\"},\"inLanguage\":\"it-IT\",\"potentialAction\":[{\"@type\":\"ReadAction\",\"target\":[\"https:\\\/\\\/www.monaco-tribune.com\\\/it\\\/2025\\\/10\\\/champions-league-pareggio-amaro-per-las-monaco-contro-il-tottenham\\\/\"]}]},{\"@type\":\"ImageObject\",\"inLanguage\":\"it-IT\",\"@id\":\"https:\\\/\\\/www.monaco-tribune.com\\\/it\\\/2025\\\/10\\\/champions-league-pareggio-amaro-per-las-monaco-contro-il-tottenham\\\/#primaryimage\",\"url\":\"https:\\\/\\\/www.monaco-tribune.com\\\/wp-content\\\/uploads\\\/2025\\\/10\\\/balogun-spurs.jpg\",\"contentUrl\":\"https:\\\/\\\/www.monaco-tribune.com\\\/wp-content\\\/uploads\\\/2025\\\/10\\\/balogun-spurs.jpg\",\"width\":1200,\"height\":675,\"caption\":\"Folarin Balogun bloccato dalla difesa degli Spurs \u00a9 AS Monaco\"},{\"@type\":\"BreadcrumbList\",\"@id\":\"https:\\\/\\\/www.monaco-tribune.com\\\/it\\\/2025\\\/10\\\/champions-league-pareggio-amaro-per-las-monaco-contro-il-tottenham\\\/#breadcrumb\",\"itemListElement\":[{\"@type\":\"ListItem\",\"position\":1,\"name\":\"Accueil\",\"item\":\"https:\\\/\\\/www.monaco-tribune.com\\\/it\\\/\"},{\"@type\":\"ListItem\",\"position\":2,\"name\":\"Champions League: pareggio amaro per l\u2019AS Monaco contro il Tottenham\"}]},{\"@type\":\"WebSite\",\"@id\":\"https:\\\/\\\/www.monaco-tribune.com\\\/it\\\/#website\",\"url\":\"https:\\\/\\\/www.monaco-tribune.com\\\/it\\\/\",\"name\":\"Monaco Tribune\",\"description\":\"Monaco : actualit\u00e9s \u00e9conomiques, politiques, culturelles et sportives de Monaco et de la French Riviera.\",\"publisher\":{\"@id\":\"https:\\\/\\\/www.monaco-tribune.com\\\/it\\\/#organization\"},\"potentialAction\":[{\"@type\":\"SearchAction\",\"target\":{\"@type\":\"EntryPoint\",\"urlTemplate\":\"https:\\\/\\\/www.monaco-tribune.com\\\/it\\\/?s={search_term_string}\"},\"query-input\":{\"@type\":\"PropertyValueSpecification\",\"valueRequired\":true,\"valueName\":\"search_term_string\"}}],\"inLanguage\":\"it-IT\"},{\"@type\":\"Organization\",\"@id\":\"https:\\\/\\\/www.monaco-tribune.com\\\/it\\\/#organization\",\"name\":\"Monaco Tribune\",\"url\":\"https:\\\/\\\/www.monaco-tribune.com\\\/it\\\/\",\"logo\":{\"@type\":\"ImageObject\",\"inLanguage\":\"it-IT\",\"@id\":\"https:\\\/\\\/www.monaco-tribune.com\\\/it\\\/#\\\/schema\\\/logo\\\/image\\\/\",\"url\":\"https:\\\/\\\/www.monaco-tribune.com\\\/wp-content\\\/uploads\\\/2022\\\/11\\\/logo-monaco-tribune.png\",\"contentUrl\":\"https:\\\/\\\/www.monaco-tribune.com\\\/wp-content\\\/uploads\\\/2022\\\/11\\\/logo-monaco-tribune.png\",\"width\":1548,\"height\":600,\"caption\":\"Monaco Tribune\"},\"image\":{\"@id\":\"https:\\\/\\\/www.monaco-tribune.com\\\/it\\\/#\\\/schema\\\/logo\\\/image\\\/\"},\"sameAs\":[\"https:\\\/\\\/www.facebook.com\\\/MonacoTribune\",\"https:\\\/\\\/x.com\\\/MonacoTribune\",\"https:\\\/\\\/www.instagram.com\\\/monacotribune\\\/\",\"https:\\\/\\\/www.linkedin.com\\\/company\\\/monaco-tribune\",\"https:\\\/\\\/www.youtube.com\\\/channel\\\/UCHle1MnG6hw1y4lWKijVbMA\"]},{\"@type\":\"Person\",\"@id\":\"https:\\\/\\\/www.monaco-tribune.com\\\/it\\\/#\\\/schema\\\/person\\\/ece83e32e5a225fe73e81a24e634b373\",\"name\":\"St\u00e9phane Renaux\",\"image\":{\"@type\":\"ImageObject\",\"inLanguage\":\"it-IT\",\"@id\":\"https:\\\/\\\/secure.gravatar.com\\\/avatar\\\/2d6f746a04927ac898fdac59e15d9eb3b4a76ca816265fea18219d81de41f8a5?s=96&d=mm&r=g\",\"url\":\"https:\\\/\\\/secure.gravatar.com\\\/avatar\\\/2d6f746a04927ac898fdac59e15d9eb3b4a76ca816265fea18219d81de41f8a5?s=96&d=mm&r=g\",\"contentUrl\":\"https:\\\/\\\/secure.gravatar.com\\\/avatar\\\/2d6f746a04927ac898fdac59e15d9eb3b4a76ca816265fea18219d81de41f8a5?s=96&d=mm&r=g\",\"caption\":\"St\u00e9phane Renaux\"},\"url\":\"https:\\\/\\\/www.monaco-tribune.com\\\/it\\\/author\\\/stephanerenaux\\\/\"}]}<\/script>\n<!-- \/ Yoast SEO Premium plugin. -->","yoast_head_json":{"title":"Champions League: pareggio amaro per l\u2019AS Monaco contro il Tottenham","description":"Il primo incontro europeo di S\u00e9bastien Pocognoli alla guida dell\u2019AS Monaco si \u00e8 concluso con un pareggio a reti inviolate allo Stadio Louis-II, mercoled\u00ec","robots":{"index":"index","follow":"follow","max-snippet":"max-snippet:-1","max-image-preview":"max-image-preview:large","max-video-preview":"max-video-preview:-1"},"canonical":"https:\/\/www.monaco-tribune.com\/it\/2025\/10\/champions-league-pareggio-amaro-per-las-monaco-contro-il-tottenham\/","og_locale":"it_IT","og_type":"article","og_title":"Champions League: pareggio amaro per l\u2019AS Monaco contro il Tottenham - Monaco Tribune","og_description":"Il primo incontro europeo di S\u00e9bastien Pocognoli alla guida dell\u2019AS Monaco si \u00e8 concluso con un pareggio a reti inviolate allo Stadio Louis-II, mercoled\u00ec","og_url":"https:\/\/www.monaco-tribune.com\/it\/2025\/10\/champions-league-pareggio-amaro-per-las-monaco-contro-il-tottenham\/","og_site_name":"Monaco Tribune","article_publisher":"https:\/\/www.facebook.com\/MonacoTribune","article_published_time":"2025-10-23T11:17:55+00:00","article_modified_time":"2025-10-23T11:18:02+00:00","og_image":[{"width":1200,"height":675,"url":"https:\/\/www.monaco-tribune.com\/wp-content\/uploads\/2025\/10\/balogun-spurs.jpg","type":"image\/jpeg"}],"author":"St\u00e9phane Renaux","twitter_card":"summary_large_image","twitter_creator":"@MonacoTribune","twitter_site":"@MonacoTribune","schema":{"@context":"https:\/\/schema.org","@graph":[{"@type":"NewsArticle","@id":"https:\/\/www.monaco-tribune.com\/it\/2025\/10\/champions-league-pareggio-amaro-per-las-monaco-contro-il-tottenham\/#article","isPartOf":{"@id":"https:\/\/www.monaco-tribune.com\/it\/2025\/10\/champions-league-pareggio-amaro-per-las-monaco-contro-il-tottenham\/"},"author":{"name":"St\u00e9phane Renaux","@id":"https:\/\/www.monaco-tribune.com\/it\/#\/schema\/person\/ece83e32e5a225fe73e81a24e634b373"},"headline":"Champions League: pareggio amaro per l\u2019AS Monaco contro il Tottenham","datePublished":"2025-10-23T11:17:55+00:00","dateModified":"2025-10-23T11:18:02+00:00","mainEntityOfPage":{"@id":"https:\/\/www.monaco-tribune.com\/it\/2025\/10\/champions-league-pareggio-amaro-per-las-monaco-contro-il-tottenham\/"},"wordCount":750,"publisher":{"@id":"https:\/\/www.monaco-tribune.com\/it\/#organization"},"image":{"@id":"https:\/\/www.monaco-tribune.com\/it\/2025\/10\/champions-league-pareggio-amaro-per-las-monaco-contro-il-tottenham\/#primaryimage"},"thumbnailUrl":"https:\/\/www.monaco-tribune.com\/wp-content\/uploads\/2025\/10\/balogun-spurs.jpg","keywords":["AS Monaco"],"articleSection":["La nostra scelta","Notizie","Sport"],"inLanguage":"it-IT","copyrightYear":"2025","copyrightHolder":{"@id":"https:\/\/www.monaco-tribune.com\/#organization"}},{"@type":"WebPage","@id":"https:\/\/www.monaco-tribune.com\/it\/2025\/10\/champions-league-pareggio-amaro-per-las-monaco-contro-il-tottenham\/","url":"https:\/\/www.monaco-tribune.com\/it\/2025\/10\/champions-league-pareggio-amaro-per-las-monaco-contro-il-tottenham\/","name":"Champions League: pareggio amaro per l\u2019AS Monaco contro il Tottenham","isPartOf":{"@id":"https:\/\/www.monaco-tribune.com\/it\/#website"},"primaryImageOfPage":{"@id":"https:\/\/www.monaco-tribune.com\/it\/2025\/10\/champions-league-pareggio-amaro-per-las-monaco-contro-il-tottenham\/#primaryimage"},"image":{"@id":"https:\/\/www.monaco-tribune.com\/it\/2025\/10\/champions-league-pareggio-amaro-per-las-monaco-contro-il-tottenham\/#primaryimage"},"thumbnailUrl":"https:\/\/www.monaco-tribune.com\/wp-content\/uploads\/2025\/10\/balogun-spurs.jpg","datePublished":"2025-10-23T11:17:55+00:00","dateModified":"2025-10-23T11:18:02+00:00","description":"Il primo incontro europeo di S\u00e9bastien Pocognoli alla guida dell\u2019AS Monaco si \u00e8 concluso con un pareggio a reti inviolate allo Stadio Louis-II, mercoled\u00ec","breadcrumb":{"@id":"https:\/\/www.monaco-tribune.com\/it\/2025\/10\/champions-league-pareggio-amaro-per-las-monaco-contro-il-tottenham\/#breadcrumb"},"inLanguage":"it-IT","potentialAction":[{"@type":"ReadAction","target":["https:\/\/www.monaco-tribune.com\/it\/2025\/10\/champions-league-pareggio-amaro-per-las-monaco-contro-il-tottenham\/"]}]},{"@type":"ImageObject","inLanguage":"it-IT","@id":"https:\/\/www.monaco-tribune.com\/it\/2025\/10\/champions-league-pareggio-amaro-per-las-monaco-contro-il-tottenham\/#primaryimage","url":"https:\/\/www.monaco-tribune.com\/wp-content\/uploads\/2025\/10\/balogun-spurs.jpg","contentUrl":"https:\/\/www.monaco-tribune.com\/wp-content\/uploads\/2025\/10\/balogun-spurs.jpg","width":1200,"height":675,"caption":"Folarin Balogun bloccato dalla difesa degli Spurs \u00a9 AS Monaco"},{"@type":"BreadcrumbList","@id":"https:\/\/www.monaco-tribune.com\/it\/2025\/10\/champions-league-pareggio-amaro-per-las-monaco-contro-il-tottenham\/#breadcrumb","itemListElement":[{"@type":"ListItem","position":1,"name":"Accueil","item":"https:\/\/www.monaco-tribune.com\/it\/"},{"@type":"ListItem","position":2,"name":"Champions League: pareggio amaro per l\u2019AS Monaco contro il Tottenham"}]},{"@type":"WebSite","@id":"https:\/\/www.monaco-tribune.com\/it\/#website","url":"https:\/\/www.monaco-tribune.com\/it\/","name":"Monaco Tribune","description":"Monaco : actualit\u00e9s \u00e9conomiques, politiques, culturelles et sportives de Monaco et de la French Riviera.","publisher":{"@id":"https:\/\/www.monaco-tribune.com\/it\/#organization"},"potentialAction":[{"@type":"SearchAction","target":{"@type":"EntryPoint","urlTemplate":"https:\/\/www.monaco-tribune.com\/it\/?s={search_term_string}"},"query-input":{"@type":"PropertyValueSpecification","valueRequired":true,"valueName":"search_term_string"}}],"inLanguage":"it-IT"},{"@type":"Organization","@id":"https:\/\/www.monaco-tribune.com\/it\/#organization","name":"Monaco Tribune","url":"https:\/\/www.monaco-tribune.com\/it\/","logo":{"@type":"ImageObject","inLanguage":"it-IT","@id":"https:\/\/www.monaco-tribune.com\/it\/#\/schema\/logo\/image\/","url":"https:\/\/www.monaco-tribune.com\/wp-content\/uploads\/2022\/11\/logo-monaco-tribune.png","contentUrl":"https:\/\/www.monaco-tribune.com\/wp-content\/uploads\/2022\/11\/logo-monaco-tribune.png","width":1548,"height":600,"caption":"Monaco Tribune"},"image":{"@id":"https:\/\/www.monaco-tribune.com\/it\/#\/schema\/logo\/image\/"},"sameAs":["https:\/\/www.facebook.com\/MonacoTribune","https:\/\/x.com\/MonacoTribune","https:\/\/www.instagram.com\/monacotribune\/","https:\/\/www.linkedin.com\/company\/monaco-tribune","https:\/\/www.youtube.com\/channel\/UCHle1MnG6hw1y4lWKijVbMA"]},{"@type":"Person","@id":"https:\/\/www.monaco-tribune.com\/it\/#\/schema\/person\/ece83e32e5a225fe73e81a24e634b373","name":"St\u00e9phane Renaux","image":{"@type":"ImageObject","inLanguage":"it-IT","@id":"https:\/\/secure.gravatar.com\/avatar\/2d6f746a04927ac898fdac59e15d9eb3b4a76ca816265fea18219d81de41f8a5?s=96&d=mm&r=g","url":"https:\/\/secure.gravatar.com\/avatar\/2d6f746a04927ac898fdac59e15d9eb3b4a76ca816265fea18219d81de41f8a5?s=96&d=mm&r=g","contentUrl":"https:\/\/secure.gravatar.com\/avatar\/2d6f746a04927ac898fdac59e15d9eb3b4a76ca816265fea18219d81de41f8a5?s=96&d=mm&r=g","caption":"St\u00e9phane Renaux"},"url":"https:\/\/www.monaco-tribune.com\/it\/author\/stephanerenaux\/"}]}},"_links":{"self":[{"href":"https:\/\/www.monaco-tribune.com\/it\/wp-json\/wp\/v2\/posts\/320769","targetHints":{"allow":["GET"]}}],"collection":[{"href":"https:\/\/www.monaco-tribune.com\/it\/wp-json\/wp\/v2\/posts"}],"about":[{"href":"https:\/\/www.monaco-tribune.com\/it\/wp-json\/wp\/v2\/types\/post"}],"author":[{"embeddable":true,"href":"https:\/\/www.monaco-tribune.com\/it\/wp-json\/wp\/v2\/users\/84"}],"replies":[{"embeddable":true,"href":"https:\/\/www.monaco-tribune.com\/it\/wp-json\/wp\/v2\/comments?post=320769"}],"version-history":[{"count":2,"href":"https:\/\/www.monaco-tribune.com\/it\/wp-json\/wp\/v2\/posts\/320769\/revisions"}],"predecessor-version":[{"id":320772,"href":"https:\/\/www.monaco-tribune.com\/it\/wp-json\/wp\/v2\/posts\/320769\/revisions\/320772"}],"wp:featuredmedia":[{"embeddable":true,"href":"https:\/\/www.monaco-tribune.com\/it\/wp-json\/wp\/v2\/media\/320732"}],"wp:attachment":[{"href":"https:\/\/www.monaco-tribune.com\/it\/wp-json\/wp\/v2\/media?parent=320769"}],"wp:term":[{"taxonomy":"category","embeddable":true,"href":"https:\/\/www.monaco-tribune.com\/it\/wp-json\/wp\/v2\/categories?post=320769"},{"taxonomy":"post_tag","embeddable":true,"href":"https:\/\/www.monaco-tribune.com\/it\/wp-json\/wp\/v2\/tags?post=320769"},{"taxonomy":"sectag","embeddable":true,"href":"https:\/\/www.monaco-tribune.com\/it\/wp-json\/wp\/v2\/post_sectags?post=320769"},{"taxonomy":"format","embeddable":true,"href":"https:\/\/www.monaco-tribune.com\/it\/wp-json\/wp\/v2\/post_format?post=320769"}],"curies":[{"name":"wp","href":"https:\/\/api.w.org\/{rel}","templated":true}]}}