{"id":321540,"date":"2025-10-27T19:01:05","date_gmt":"2025-10-27T17:01:05","guid":{"rendered":"https:\/\/www.monaco-tribune.com\/2025\/10\/cartier-e-la-principessa-grace-di-monaco-un-legame-prezioso\/"},"modified":"2025-10-27T19:01:15","modified_gmt":"2025-10-27T17:01:15","slug":"cartier-e-la-principessa-grace-di-monaco-un-legame-prezioso","status":"publish","type":"post","link":"https:\/\/www.monaco-tribune.com\/it\/2025\/10\/cartier-e-la-principessa-grace-di-monaco-un-legame-prezioso\/","title":{"rendered":"Cartier e la Principessa Grace di Monaco: un legame prezioso"},"content":{"rendered":"\n<p><strong>Quando nell\u2019aprile 1956 la Principessa Grace varc\u00f2 la soglia del Palazzo del Principe, non portava soltanto un nuovo titolo nobiliare: al suo dito brillava un diamante di 10,47 carati, un capolavoro firmato Cartier.<\/strong><\/p>\n\n<p>Fondata nel 1847 da Louis-Fran\u00e7ois Cartier, l&#8217;omonima maison era gi\u00e0 all\u2019inizio del XX secolo il gioielliere prediletto dalle corti reali di tutto il mondo. Ben presto ricevette il titolo di fornitore ufficiale dei Sovrani di Monaco, siglando un legame destinato a durare per generazioni. Il vero punto di svolta arriv\u00f2 nel dicembre 1955. Dopo l&#8217;incontro del 6 maggio dello stesso anno durante una visita di Grace Kelly al Palazzo del Principe in occasione del Festival di Cannes, e dopo mesi di corrispondenza, il Principe Ranieri III vol\u00f2 a Philadelphia per chiederla in moglie. Il 31 dicembre, le offr\u00ec un primo anello Cartier: un eternity con rubini e diamanti alternati, realizzato con pietre appartenenti alla famiglia Grimaldi. I colori rosso e bianco richiamavano la bandiera monegasca.<\/p>\n\n<p>L\u2019annuncio ufficiale del fidanzamento fu dato il 5 gennaio 1956, durante una conferenza stampa al Philadelphia Country Club. Ma sebbene fosse carico di significato, quel primo anello non rispondeva agli standard hollywoodiani dell\u2019epoca.<\/p>\n\n<h2 class=\"wp-block-heading\" id=\"h-une-bague-legendaire\">Un anello leggendario<\/h2>\n<div class=\"wp-block-image\">\n<figure class=\"aligncenter size-full\"><img loading=\"lazy\" decoding=\"async\" width=\"731\" height=\"426\" src=\"https:\/\/www.monaco-tribune.com\/wp-content\/uploads\/2025\/10\/bridal_kellyrainier_creation.jpg.avif\" alt=\"Bridal_KellyRainier_Creation.jpg\" class=\"wp-image-319184\" srcset=\"https:\/\/www.monaco-tribune.com\/wp-content\/uploads\/2025\/10\/bridal_kellyrainier_creation.jpg.avif 731w, https:\/\/www.monaco-tribune.com\/wp-content\/uploads\/2025\/10\/bridal_kellyrainier_creation.jpg-515x300.avif 515w\" sizes=\"auto, (max-width: 731px) 100vw, 731px\" \/><figcaption class=\"wp-element-caption\"><em>\u00a9 Cartier <\/em><\/figcaption><\/figure>\n<\/div>\n<p>Poche settimane dopo, mentre Grace Kelly si preparava a girare il suo ultimo film, <em data-start=\"1658\" data-end=\"1672\">Alta societ\u00e0<\/em>, il Principe Ranieri venne a sapere che avrebbe dovuto indossare un anello fittizio per esigenze di scena. Rifiut\u00f2 categoricamente e commission\u00f2 a Cartier un nuovo gioiello: un diamante taglio smeraldo da 10,47 carati, affiancato da due diamanti baguette e montato su platino. Stimato all\u2019epoca 4,3 milioni di dollari, oggi varrebbe circa 38,8 milioni di dollari. In una celebre scena del film, si vede l&#8217;attrice lucidare il diamante con l\u2019orlo di un lenzuolo di seta: era il suo vero anello di fidanzamento. Questa creazione avrebbe ridefinito i canoni degli anelli di fidanzamento delle star per i decenni successivi.<\/p>\n\n<h2 class=\"wp-block-heading\">I gioielli di un matrimonio principesco<\/h2>\n<div class=\"wp-block-image\">\n<figure class=\"aligncenter size-full\"><img loading=\"lazy\" decoding=\"async\" width=\"1020\" height=\"612\" src=\"https:\/\/www.monaco-tribune.com\/wp-content\/uploads\/2022\/04\/marriage-grace-kelly-prince-rainier-iii-monaco-anniversaire.jpg\" alt=\"mariage-grace-kelly-prince-rainier-iii-monaco-anniversaire\" class=\"wp-image-118322\" srcset=\"https:\/\/www.monaco-tribune.com\/wp-content\/uploads\/2022\/04\/marriage-grace-kelly-prince-rainier-iii-monaco-anniversaire.jpg 1020w, https:\/\/www.monaco-tribune.com\/wp-content\/uploads\/2022\/04\/marriage-grace-kelly-prince-rainier-iii-monaco-anniversaire-500x300.jpg 500w\" sizes=\"auto, (max-width: 1020px) 100vw, 1020px\" \/><figcaption class=\"wp-element-caption\"><em>\u00a9<\/em> <em>Fausto Picedi \u2013 Archivi del Palazzo del Principe<\/em><\/figcaption><\/figure>\n<\/div>\n<p>Il matrimonio tra la Principessa Grace e il Principe Ranieri III si svolse in due momenti distinti. Il 18 aprile 1956 si tenne la cerimonia civile nella Sala del Trono del Palazzo del Principe, seguita da un ricevimento per 3.000 cittadini monegaschi. Il giorno dopo, 19 aprile, la cerimonia religiosa si celebr\u00f2 nella Cattedrale di San Nicola di Monaco, trasmessa in diretta a oltre 30 milioni di telespettatori in nove Paesi. Per l\u2019occasione, la Principessa ricevette da Cartier una parure di alta gioielleria. Il collier rivi\u00e8re era composto da tre file di diamanti montati su platino, per un totale di circa 64 carati di diamanti taglio rotondo e smeraldi, in un raffinato motivo festonato tipico degli anni Cinquanta. \u00c8 proprio con questo collier che Grace posa per il suo celebre ritratto ufficiale del 1956.<\/p>\n\n<p>Ma la <em>pi\u00e8ce<\/em> pi\u00f9 straordinaria rimane la tiara offerta dalla Soci\u00e9t\u00e9 des Bains de Mer: una creazione Cartier formata da tre elementi di rubini e diamanti montati su una struttura finemente cesellata. Gli elementi potevano essere staccati e indossati come spille o pendenti, e i rubini sostituiti da diamanti a seconda dell\u2019occasione. Questa tiara divenne simbolo del legame tra la SBM e la nuova Principessa. Nel 2014 Cartier ne realizz\u00f2 una replica fedele per il film <em data-start=\"3708\" data-end=\"3725\">Grace di Monaco<\/em> con Nicole Kidman.<\/p>\n\n<h2 class=\"wp-block-heading\">Una collezione personale<\/h2>\n<div class=\"wp-block-image\">\n<figure class=\"aligncenter size-full\"><img loading=\"lazy\" decoding=\"async\" width=\"900\" height=\"548\" src=\"https:\/\/www.monaco-tribune.com\/wp-content\/uploads\/2025\/10\/grain-de-cafe-cartier-princesse-grace.png\" alt=\"grain de caf&#xE9; cartier princesse grace\" class=\"wp-image-320979\" srcset=\"https:\/\/www.monaco-tribune.com\/wp-content\/uploads\/2025\/10\/grain-de-cafe-cartier-princesse-grace.png 900w, https:\/\/www.monaco-tribune.com\/wp-content\/uploads\/2025\/10\/grain-de-cafe-cartier-princesse-grace-493x300.png 493w\" sizes=\"auto, (max-width: 900px) 100vw, 900px\" \/><figcaption class=\"wp-element-caption\"><em>Collier \u201cGrain de caf\u00e9\u201d \u00a9 Cartier<\/em><\/figcaption><\/figure>\n<\/div>\n<p>Oltre ai gioielli di rappresentanza, la Principessa Grace cre\u00f2 insieme a Cartier una collezione personale che rispecchiava la sua indole. Indossava spesso il celebre collier \u201cGrain de caf\u00e9\u201d, un motivo introdotto da Cartier su impulso di Jeanne Toussaint, direttrice artistica della Maison. Realizzato in oro giallo e arricchito da diamanti, questo gioiello divenne uno dei suoi preferiti e fu immortalato anche su un francobollo monegasco. La sua collezione comprendeva inoltre numerose spille a tema animale: barboncini (i suoi compagni prediletti), uccelli esotici, galli e galline, tutte firmate Cartier.<\/p>\n\n<p class=\"related\"><a href=\"https:\/\/www.monaco-tribune.com\/it\/2024\/09\/principessa-grace-giovane-per-sempre\/\">Principessa Grace, giovane per sempre<\/a><\/p>\n\n<h2 class=\"wp-block-heading\">Un\u2019eredit\u00e0 che continua a brillare<\/h2>\n\n<p><p data-start=\"4568\" data-end=\"4893\">Dopo la scomparsa della Principessa nel 1982, il legame tra Cartier e la Famiglia Principesca \u00e8 rimasto saldo. I gioielli, conservati al Palazzo del Principe, vengono regolarmente concessi in prestito per mostre internazionali: nel 2014 l&#8217;anello di fidanzamento e diverse spille arrivano al Grand Palais di Parigi; nel 2018 la National Gallery of Australia a Canberra ospita altri pezzi della collezione. Infine, nel 2016, in occasione della riapertura dello storico negozio\u00a0sulla Fifth Avenue di New York dopo un&#8217;importante ristrutturazione, Cartier ha inaugurato il \u201c<em>Princess Grace Salon<\/em>\u201d, uno spazio permanente dedicato all\u2019esposizione dei gioielli appartenuti alla Principessa.<\/p><\/p>\n<div class=\"wp-block-image\">\n<figure class=\"aligncenter size-full\"><img loading=\"lazy\" decoding=\"async\" width=\"650\" height=\"433\" src=\"https:\/\/www.monaco-tribune.com\/wp-content\/uploads\/2025\/10\/salon-princesse-grace-new-york-cartier.png\" alt=\"salon princesse grace New York Cartier\" class=\"wp-image-320983\" srcset=\"https:\/\/www.monaco-tribune.com\/wp-content\/uploads\/2025\/10\/salon-princesse-grace-new-york-cartier.png 650w, https:\/\/www.monaco-tribune.com\/wp-content\/uploads\/2025\/10\/salon-princesse-grace-new-york-cartier-450x300.png 450w\" sizes=\"auto, (max-width: 650px) 100vw, 650px\" \/><figcaption class=\"wp-element-caption\"><em>&#8220;Princess Grace Salon&#8221; a New York \u00a9 G. Luci &#8211; Palazzo del Principe<\/em><\/figcaption><\/figure>\n<\/div>\n<p>Il 1\u00ba giugno 2019, Charlotte Casiraghi, nipote della Principessa Grace, ha sposato Dimitri Rassam al Palazzo del Principe. Durante il ricevimento a Villa La Vigie, ha indossato un abito bustier bianco Chanel e al collo un collier di diamanti Cartier, lo stesso che la nonna portava nel ritratto ufficiale del 1956. Quel gioiello, tuttora appartenente al Principe Alberto II, simboleggia la continuit\u00e0 di un\u2019eredit\u00e0 tramandata di generazione in generazione.<\/p>\n\n<p>Le creazioni Cartier indossate dalla Principessa Grace continuano a influenzare la gioielleria contemporanea. L\u2019esposizione &#8220;Inside Princess Grace Kelly of Monaco\u2019s Jewelry Vault&#8221;, organizzata da WWD nel settembre 2024, ha ricordato quanto il suo stile resti attuale e fonte inesauribile di ispirazione per i designer di oggi.<\/p>\n\n<p><\/p>\n\n<p><\/p>\n","protected":false},"excerpt":{"rendered":"<p>Quando nell\u2019aprile 1956 la Principessa Grace varc\u00f2 la soglia del Palazzo del Principe, non portava soltanto un nuovo titolo nobiliare: [&hellip;]<\/p>\n","protected":false},"author":80,"featured_media":136864,"comment_status":"closed","ping_status":"closed","sticky":false,"template":"","format":"standard","meta":{"_acf_changed":false,"footnotes":""},"categories":[1742,1738],"tags":[3604],"post_sectags":[5769],"post_format":[2486],"class_list":["post-321540","post","type-post","status-publish","format-standard","has-post-thumbnail","hentry","category-famiglia-principesca","category-notizie","tag-principessa-grace","sectag-cartier","format-servizio"],"acf":[],"yoast_head":"<!-- This site is optimized with the Yoast SEO Premium plugin v26.8 (Yoast SEO v27.5) - https:\/\/yoast.com\/product\/yoast-seo-premium-wordpress\/ -->\n<title>Cartier e la Principessa Grace di Monaco: un legame prezioso<\/title>\n<meta name=\"description\" content=\"Quando nell\u2019aprile 1956 la Principessa Grace varc\u00f2 la soglia del Palazzo del Principe, non portava soltanto un nuovo titolo nobiliare: al suo dito\" \/>\n<meta name=\"robots\" content=\"index, follow, max-snippet:-1, max-image-preview:large, max-video-preview:-1\" \/>\n<link rel=\"canonical\" href=\"https:\/\/www.monaco-tribune.com\/it\/2025\/10\/cartier-e-la-principessa-grace-di-monaco-un-legame-prezioso\/\" \/>\n<meta property=\"og:locale\" content=\"it_IT\" \/>\n<meta property=\"og:type\" content=\"article\" \/>\n<meta property=\"og:title\" content=\"Cartier e la Principessa Grace di Monaco: un legame prezioso - Monaco Tribune\" \/>\n<meta property=\"og:description\" content=\"Quando nell\u2019aprile 1956 la Principessa Grace varc\u00f2 la soglia del Palazzo del Principe, non portava soltanto un nuovo titolo nobiliare: al suo dito\" \/>\n<meta property=\"og:url\" content=\"https:\/\/www.monaco-tribune.com\/it\/2025\/10\/cartier-e-la-principessa-grace-di-monaco-un-legame-prezioso\/\" \/>\n<meta property=\"og:site_name\" content=\"Monaco Tribune\" \/>\n<meta property=\"article:publisher\" content=\"https:\/\/www.facebook.com\/MonacoTribune\" \/>\n<meta property=\"article:published_time\" content=\"2025-10-27T17:01:05+00:00\" \/>\n<meta property=\"article:modified_time\" content=\"2025-10-27T17:01:15+00:00\" \/>\n<meta property=\"og:image\" content=\"https:\/\/www.monaco-tribune.com\/wp-content\/uploads\/2022\/09\/grace-kelly-livre-biographie.jpeg\" \/>\n\t<meta property=\"og:image:width\" content=\"1020\" \/>\n\t<meta property=\"og:image:height\" content=\"680\" \/>\n\t<meta property=\"og:image:type\" content=\"image\/jpeg\" \/>\n<meta name=\"author\" content=\"Estelle Imbert\" \/>\n<meta name=\"twitter:card\" content=\"summary_large_image\" \/>\n<meta name=\"twitter:creator\" content=\"@MonacoTribune\" \/>\n<meta name=\"twitter:site\" content=\"@MonacoTribune\" \/>\n<script type=\"application\/ld+json\" class=\"yoast-schema-graph\">{\"@context\":\"https:\\\/\\\/schema.org\",\"@graph\":[{\"@type\":\"NewsArticle\",\"@id\":\"https:\\\/\\\/www.monaco-tribune.com\\\/it\\\/2025\\\/10\\\/cartier-e-la-principessa-grace-di-monaco-un-legame-prezioso\\\/#article\",\"isPartOf\":{\"@id\":\"https:\\\/\\\/www.monaco-tribune.com\\\/it\\\/2025\\\/10\\\/cartier-e-la-principessa-grace-di-monaco-un-legame-prezioso\\\/\"},\"author\":{\"name\":\"Estelle Imbert\",\"@id\":\"https:\\\/\\\/www.monaco-tribune.com\\\/it\\\/#\\\/schema\\\/person\\\/55ce91a070ff78e15ec1817376669bf4\"},\"headline\":\"Cartier e la Principessa Grace di Monaco: un legame prezioso\",\"datePublished\":\"2025-10-27T17:01:05+00:00\",\"dateModified\":\"2025-10-27T17:01:15+00:00\",\"mainEntityOfPage\":{\"@id\":\"https:\\\/\\\/www.monaco-tribune.com\\\/it\\\/2025\\\/10\\\/cartier-e-la-principessa-grace-di-monaco-un-legame-prezioso\\\/\"},\"wordCount\":870,\"publisher\":{\"@id\":\"https:\\\/\\\/www.monaco-tribune.com\\\/it\\\/#organization\"},\"image\":{\"@id\":\"https:\\\/\\\/www.monaco-tribune.com\\\/it\\\/2025\\\/10\\\/cartier-e-la-principessa-grace-di-monaco-un-legame-prezioso\\\/#primaryimage\"},\"thumbnailUrl\":\"https:\\\/\\\/www.monaco-tribune.com\\\/wp-content\\\/uploads\\\/2022\\\/09\\\/grace-kelly-livre-biographie.jpeg\",\"keywords\":[\"Principessa Grace\"],\"articleSection\":[\"Famiglia Principesca\",\"Notizie\"],\"inLanguage\":\"it-IT\",\"copyrightYear\":\"2025\",\"copyrightHolder\":{\"@id\":\"https:\\\/\\\/www.monaco-tribune.com\\\/#organization\"}},{\"@type\":\"WebPage\",\"@id\":\"https:\\\/\\\/www.monaco-tribune.com\\\/it\\\/2025\\\/10\\\/cartier-e-la-principessa-grace-di-monaco-un-legame-prezioso\\\/\",\"url\":\"https:\\\/\\\/www.monaco-tribune.com\\\/it\\\/2025\\\/10\\\/cartier-e-la-principessa-grace-di-monaco-un-legame-prezioso\\\/\",\"name\":\"Cartier e la Principessa Grace di Monaco: un legame prezioso\",\"isPartOf\":{\"@id\":\"https:\\\/\\\/www.monaco-tribune.com\\\/it\\\/#website\"},\"primaryImageOfPage\":{\"@id\":\"https:\\\/\\\/www.monaco-tribune.com\\\/it\\\/2025\\\/10\\\/cartier-e-la-principessa-grace-di-monaco-un-legame-prezioso\\\/#primaryimage\"},\"image\":{\"@id\":\"https:\\\/\\\/www.monaco-tribune.com\\\/it\\\/2025\\\/10\\\/cartier-e-la-principessa-grace-di-monaco-un-legame-prezioso\\\/#primaryimage\"},\"thumbnailUrl\":\"https:\\\/\\\/www.monaco-tribune.com\\\/wp-content\\\/uploads\\\/2022\\\/09\\\/grace-kelly-livre-biographie.jpeg\",\"datePublished\":\"2025-10-27T17:01:05+00:00\",\"dateModified\":\"2025-10-27T17:01:15+00:00\",\"description\":\"Quando nell\u2019aprile 1956 la Principessa Grace varc\u00f2 la soglia del Palazzo del Principe, non portava soltanto un nuovo titolo nobiliare: al suo dito\",\"breadcrumb\":{\"@id\":\"https:\\\/\\\/www.monaco-tribune.com\\\/it\\\/2025\\\/10\\\/cartier-e-la-principessa-grace-di-monaco-un-legame-prezioso\\\/#breadcrumb\"},\"inLanguage\":\"it-IT\",\"potentialAction\":[{\"@type\":\"ReadAction\",\"target\":[\"https:\\\/\\\/www.monaco-tribune.com\\\/it\\\/2025\\\/10\\\/cartier-e-la-principessa-grace-di-monaco-un-legame-prezioso\\\/\"]}]},{\"@type\":\"ImageObject\",\"inLanguage\":\"it-IT\",\"@id\":\"https:\\\/\\\/www.monaco-tribune.com\\\/it\\\/2025\\\/10\\\/cartier-e-la-principessa-grace-di-monaco-un-legame-prezioso\\\/#primaryimage\",\"url\":\"https:\\\/\\\/www.monaco-tribune.com\\\/wp-content\\\/uploads\\\/2022\\\/09\\\/grace-kelly-livre-biographie.jpeg\",\"contentUrl\":\"https:\\\/\\\/www.monaco-tribune.com\\\/wp-content\\\/uploads\\\/2022\\\/09\\\/grace-kelly-livre-biographie.jpeg\",\"width\":1020,\"height\":680,\"caption\":\"La Principessa Grace \u00a9 Archivi del Palazzo del Principe\"},{\"@type\":\"BreadcrumbList\",\"@id\":\"https:\\\/\\\/www.monaco-tribune.com\\\/it\\\/2025\\\/10\\\/cartier-e-la-principessa-grace-di-monaco-un-legame-prezioso\\\/#breadcrumb\",\"itemListElement\":[{\"@type\":\"ListItem\",\"position\":1,\"name\":\"Accueil\",\"item\":\"https:\\\/\\\/www.monaco-tribune.com\\\/it\\\/\"},{\"@type\":\"ListItem\",\"position\":2,\"name\":\"Cartier e la Principessa Grace di Monaco: un legame prezioso\"}]},{\"@type\":\"WebSite\",\"@id\":\"https:\\\/\\\/www.monaco-tribune.com\\\/it\\\/#website\",\"url\":\"https:\\\/\\\/www.monaco-tribune.com\\\/it\\\/\",\"name\":\"Monaco Tribune\",\"description\":\"Monaco : actualit\u00e9s \u00e9conomiques, politiques, culturelles et sportives de Monaco et de la French Riviera.\",\"publisher\":{\"@id\":\"https:\\\/\\\/www.monaco-tribune.com\\\/it\\\/#organization\"},\"potentialAction\":[{\"@type\":\"SearchAction\",\"target\":{\"@type\":\"EntryPoint\",\"urlTemplate\":\"https:\\\/\\\/www.monaco-tribune.com\\\/it\\\/?s={search_term_string}\"},\"query-input\":{\"@type\":\"PropertyValueSpecification\",\"valueRequired\":true,\"valueName\":\"search_term_string\"}}],\"inLanguage\":\"it-IT\"},{\"@type\":\"Organization\",\"@id\":\"https:\\\/\\\/www.monaco-tribune.com\\\/it\\\/#organization\",\"name\":\"Monaco Tribune\",\"url\":\"https:\\\/\\\/www.monaco-tribune.com\\\/it\\\/\",\"logo\":{\"@type\":\"ImageObject\",\"inLanguage\":\"it-IT\",\"@id\":\"https:\\\/\\\/www.monaco-tribune.com\\\/it\\\/#\\\/schema\\\/logo\\\/image\\\/\",\"url\":\"https:\\\/\\\/www.monaco-tribune.com\\\/wp-content\\\/uploads\\\/2022\\\/11\\\/logo-monaco-tribune.png\",\"contentUrl\":\"https:\\\/\\\/www.monaco-tribune.com\\\/wp-content\\\/uploads\\\/2022\\\/11\\\/logo-monaco-tribune.png\",\"width\":1548,\"height\":600,\"caption\":\"Monaco Tribune\"},\"image\":{\"@id\":\"https:\\\/\\\/www.monaco-tribune.com\\\/it\\\/#\\\/schema\\\/logo\\\/image\\\/\"},\"sameAs\":[\"https:\\\/\\\/www.facebook.com\\\/MonacoTribune\",\"https:\\\/\\\/x.com\\\/MonacoTribune\",\"https:\\\/\\\/www.instagram.com\\\/monacotribune\\\/\",\"https:\\\/\\\/www.linkedin.com\\\/company\\\/monaco-tribune\",\"https:\\\/\\\/www.youtube.com\\\/channel\\\/UCHle1MnG6hw1y4lWKijVbMA\"]},{\"@type\":\"Person\",\"@id\":\"https:\\\/\\\/www.monaco-tribune.com\\\/it\\\/#\\\/schema\\\/person\\\/55ce91a070ff78e15ec1817376669bf4\",\"name\":\"Estelle Imbert\",\"image\":{\"@type\":\"ImageObject\",\"inLanguage\":\"it-IT\",\"@id\":\"https:\\\/\\\/secure.gravatar.com\\\/avatar\\\/d2e1a3840b1138a669d04f6292bbd810f7f730844d7a28a8e8c4c6da40e79852?s=96&d=mm&r=g\",\"url\":\"https:\\\/\\\/secure.gravatar.com\\\/avatar\\\/d2e1a3840b1138a669d04f6292bbd810f7f730844d7a28a8e8c4c6da40e79852?s=96&d=mm&r=g\",\"contentUrl\":\"https:\\\/\\\/secure.gravatar.com\\\/avatar\\\/d2e1a3840b1138a669d04f6292bbd810f7f730844d7a28a8e8c4c6da40e79852?s=96&d=mm&r=g\",\"caption\":\"Estelle Imbert\"},\"url\":\"https:\\\/\\\/www.monaco-tribune.com\\\/it\\\/author\\\/estelleimbert\\\/\"}]}<\/script>\n<!-- \/ Yoast SEO Premium plugin. -->","yoast_head_json":{"title":"Cartier e la Principessa Grace di Monaco: un legame prezioso","description":"Quando nell\u2019aprile 1956 la Principessa Grace varc\u00f2 la soglia del Palazzo del Principe, non portava soltanto un nuovo titolo nobiliare: al suo dito","robots":{"index":"index","follow":"follow","max-snippet":"max-snippet:-1","max-image-preview":"max-image-preview:large","max-video-preview":"max-video-preview:-1"},"canonical":"https:\/\/www.monaco-tribune.com\/it\/2025\/10\/cartier-e-la-principessa-grace-di-monaco-un-legame-prezioso\/","og_locale":"it_IT","og_type":"article","og_title":"Cartier e la Principessa Grace di Monaco: un legame prezioso - Monaco Tribune","og_description":"Quando nell\u2019aprile 1956 la Principessa Grace varc\u00f2 la soglia del Palazzo del Principe, non portava soltanto un nuovo titolo nobiliare: al suo dito","og_url":"https:\/\/www.monaco-tribune.com\/it\/2025\/10\/cartier-e-la-principessa-grace-di-monaco-un-legame-prezioso\/","og_site_name":"Monaco Tribune","article_publisher":"https:\/\/www.facebook.com\/MonacoTribune","article_published_time":"2025-10-27T17:01:05+00:00","article_modified_time":"2025-10-27T17:01:15+00:00","og_image":[{"width":1020,"height":680,"url":"https:\/\/www.monaco-tribune.com\/wp-content\/uploads\/2022\/09\/grace-kelly-livre-biographie.jpeg","type":"image\/jpeg"}],"author":"Estelle Imbert","twitter_card":"summary_large_image","twitter_creator":"@MonacoTribune","twitter_site":"@MonacoTribune","schema":{"@context":"https:\/\/schema.org","@graph":[{"@type":"NewsArticle","@id":"https:\/\/www.monaco-tribune.com\/it\/2025\/10\/cartier-e-la-principessa-grace-di-monaco-un-legame-prezioso\/#article","isPartOf":{"@id":"https:\/\/www.monaco-tribune.com\/it\/2025\/10\/cartier-e-la-principessa-grace-di-monaco-un-legame-prezioso\/"},"author":{"name":"Estelle Imbert","@id":"https:\/\/www.monaco-tribune.com\/it\/#\/schema\/person\/55ce91a070ff78e15ec1817376669bf4"},"headline":"Cartier e la Principessa Grace di Monaco: un legame prezioso","datePublished":"2025-10-27T17:01:05+00:00","dateModified":"2025-10-27T17:01:15+00:00","mainEntityOfPage":{"@id":"https:\/\/www.monaco-tribune.com\/it\/2025\/10\/cartier-e-la-principessa-grace-di-monaco-un-legame-prezioso\/"},"wordCount":870,"publisher":{"@id":"https:\/\/www.monaco-tribune.com\/it\/#organization"},"image":{"@id":"https:\/\/www.monaco-tribune.com\/it\/2025\/10\/cartier-e-la-principessa-grace-di-monaco-un-legame-prezioso\/#primaryimage"},"thumbnailUrl":"https:\/\/www.monaco-tribune.com\/wp-content\/uploads\/2022\/09\/grace-kelly-livre-biographie.jpeg","keywords":["Principessa Grace"],"articleSection":["Famiglia Principesca","Notizie"],"inLanguage":"it-IT","copyrightYear":"2025","copyrightHolder":{"@id":"https:\/\/www.monaco-tribune.com\/#organization"}},{"@type":"WebPage","@id":"https:\/\/www.monaco-tribune.com\/it\/2025\/10\/cartier-e-la-principessa-grace-di-monaco-un-legame-prezioso\/","url":"https:\/\/www.monaco-tribune.com\/it\/2025\/10\/cartier-e-la-principessa-grace-di-monaco-un-legame-prezioso\/","name":"Cartier e la Principessa Grace di Monaco: un legame prezioso","isPartOf":{"@id":"https:\/\/www.monaco-tribune.com\/it\/#website"},"primaryImageOfPage":{"@id":"https:\/\/www.monaco-tribune.com\/it\/2025\/10\/cartier-e-la-principessa-grace-di-monaco-un-legame-prezioso\/#primaryimage"},"image":{"@id":"https:\/\/www.monaco-tribune.com\/it\/2025\/10\/cartier-e-la-principessa-grace-di-monaco-un-legame-prezioso\/#primaryimage"},"thumbnailUrl":"https:\/\/www.monaco-tribune.com\/wp-content\/uploads\/2022\/09\/grace-kelly-livre-biographie.jpeg","datePublished":"2025-10-27T17:01:05+00:00","dateModified":"2025-10-27T17:01:15+00:00","description":"Quando nell\u2019aprile 1956 la Principessa Grace varc\u00f2 la soglia del Palazzo del Principe, non portava soltanto un nuovo titolo nobiliare: al suo dito","breadcrumb":{"@id":"https:\/\/www.monaco-tribune.com\/it\/2025\/10\/cartier-e-la-principessa-grace-di-monaco-un-legame-prezioso\/#breadcrumb"},"inLanguage":"it-IT","potentialAction":[{"@type":"ReadAction","target":["https:\/\/www.monaco-tribune.com\/it\/2025\/10\/cartier-e-la-principessa-grace-di-monaco-un-legame-prezioso\/"]}]},{"@type":"ImageObject","inLanguage":"it-IT","@id":"https:\/\/www.monaco-tribune.com\/it\/2025\/10\/cartier-e-la-principessa-grace-di-monaco-un-legame-prezioso\/#primaryimage","url":"https:\/\/www.monaco-tribune.com\/wp-content\/uploads\/2022\/09\/grace-kelly-livre-biographie.jpeg","contentUrl":"https:\/\/www.monaco-tribune.com\/wp-content\/uploads\/2022\/09\/grace-kelly-livre-biographie.jpeg","width":1020,"height":680,"caption":"La Principessa Grace \u00a9 Archivi del Palazzo del Principe"},{"@type":"BreadcrumbList","@id":"https:\/\/www.monaco-tribune.com\/it\/2025\/10\/cartier-e-la-principessa-grace-di-monaco-un-legame-prezioso\/#breadcrumb","itemListElement":[{"@type":"ListItem","position":1,"name":"Accueil","item":"https:\/\/www.monaco-tribune.com\/it\/"},{"@type":"ListItem","position":2,"name":"Cartier e la Principessa Grace di Monaco: un legame prezioso"}]},{"@type":"WebSite","@id":"https:\/\/www.monaco-tribune.com\/it\/#website","url":"https:\/\/www.monaco-tribune.com\/it\/","name":"Monaco Tribune","description":"Monaco : actualit\u00e9s \u00e9conomiques, politiques, culturelles et sportives de Monaco et de la French Riviera.","publisher":{"@id":"https:\/\/www.monaco-tribune.com\/it\/#organization"},"potentialAction":[{"@type":"SearchAction","target":{"@type":"EntryPoint","urlTemplate":"https:\/\/www.monaco-tribune.com\/it\/?s={search_term_string}"},"query-input":{"@type":"PropertyValueSpecification","valueRequired":true,"valueName":"search_term_string"}}],"inLanguage":"it-IT"},{"@type":"Organization","@id":"https:\/\/www.monaco-tribune.com\/it\/#organization","name":"Monaco Tribune","url":"https:\/\/www.monaco-tribune.com\/it\/","logo":{"@type":"ImageObject","inLanguage":"it-IT","@id":"https:\/\/www.monaco-tribune.com\/it\/#\/schema\/logo\/image\/","url":"https:\/\/www.monaco-tribune.com\/wp-content\/uploads\/2022\/11\/logo-monaco-tribune.png","contentUrl":"https:\/\/www.monaco-tribune.com\/wp-content\/uploads\/2022\/11\/logo-monaco-tribune.png","width":1548,"height":600,"caption":"Monaco Tribune"},"image":{"@id":"https:\/\/www.monaco-tribune.com\/it\/#\/schema\/logo\/image\/"},"sameAs":["https:\/\/www.facebook.com\/MonacoTribune","https:\/\/x.com\/MonacoTribune","https:\/\/www.instagram.com\/monacotribune\/","https:\/\/www.linkedin.com\/company\/monaco-tribune","https:\/\/www.youtube.com\/channel\/UCHle1MnG6hw1y4lWKijVbMA"]},{"@type":"Person","@id":"https:\/\/www.monaco-tribune.com\/it\/#\/schema\/person\/55ce91a070ff78e15ec1817376669bf4","name":"Estelle Imbert","image":{"@type":"ImageObject","inLanguage":"it-IT","@id":"https:\/\/secure.gravatar.com\/avatar\/d2e1a3840b1138a669d04f6292bbd810f7f730844d7a28a8e8c4c6da40e79852?s=96&d=mm&r=g","url":"https:\/\/secure.gravatar.com\/avatar\/d2e1a3840b1138a669d04f6292bbd810f7f730844d7a28a8e8c4c6da40e79852?s=96&d=mm&r=g","contentUrl":"https:\/\/secure.gravatar.com\/avatar\/d2e1a3840b1138a669d04f6292bbd810f7f730844d7a28a8e8c4c6da40e79852?s=96&d=mm&r=g","caption":"Estelle Imbert"},"url":"https:\/\/www.monaco-tribune.com\/it\/author\/estelleimbert\/"}]}},"_links":{"self":[{"href":"https:\/\/www.monaco-tribune.com\/it\/wp-json\/wp\/v2\/posts\/321540","targetHints":{"allow":["GET"]}}],"collection":[{"href":"https:\/\/www.monaco-tribune.com\/it\/wp-json\/wp\/v2\/posts"}],"about":[{"href":"https:\/\/www.monaco-tribune.com\/it\/wp-json\/wp\/v2\/types\/post"}],"author":[{"embeddable":true,"href":"https:\/\/www.monaco-tribune.com\/it\/wp-json\/wp\/v2\/users\/80"}],"replies":[{"embeddable":true,"href":"https:\/\/www.monaco-tribune.com\/it\/wp-json\/wp\/v2\/comments?post=321540"}],"version-history":[{"count":2,"href":"https:\/\/www.monaco-tribune.com\/it\/wp-json\/wp\/v2\/posts\/321540\/revisions"}],"predecessor-version":[{"id":321543,"href":"https:\/\/www.monaco-tribune.com\/it\/wp-json\/wp\/v2\/posts\/321540\/revisions\/321543"}],"wp:featuredmedia":[{"embeddable":true,"href":"https:\/\/www.monaco-tribune.com\/it\/wp-json\/wp\/v2\/media\/136864"}],"wp:attachment":[{"href":"https:\/\/www.monaco-tribune.com\/it\/wp-json\/wp\/v2\/media?parent=321540"}],"wp:term":[{"taxonomy":"category","embeddable":true,"href":"https:\/\/www.monaco-tribune.com\/it\/wp-json\/wp\/v2\/categories?post=321540"},{"taxonomy":"post_tag","embeddable":true,"href":"https:\/\/www.monaco-tribune.com\/it\/wp-json\/wp\/v2\/tags?post=321540"},{"taxonomy":"sectag","embeddable":true,"href":"https:\/\/www.monaco-tribune.com\/it\/wp-json\/wp\/v2\/post_sectags?post=321540"},{"taxonomy":"format","embeddable":true,"href":"https:\/\/www.monaco-tribune.com\/it\/wp-json\/wp\/v2\/post_format?post=321540"}],"curies":[{"name":"wp","href":"https:\/\/api.w.org\/{rel}","templated":true}]}}