{"id":321545,"date":"2025-10-27T19:56:42","date_gmt":"2025-10-27T17:56:42","guid":{"rendered":"https:\/\/www.monaco-tribune.com\/2025\/10\/ligue-1-primo-successo-per-sebastien-pocognoli-con-las-monaco-vittoria-contro-il-tolosa\/"},"modified":"2025-10-27T19:56:51","modified_gmt":"2025-10-27T17:56:51","slug":"ligue-1-primo-successo-per-sebastien-pocognoli-con-las-monaco-vittoria-contro-il-tolosa","status":"publish","type":"post","link":"https:\/\/www.monaco-tribune.com\/it\/2025\/10\/ligue-1-primo-successo-per-sebastien-pocognoli-con-las-monaco-vittoria-contro-il-tolosa\/","title":{"rendered":"Ligue 1: primo successo per S\u00e9bastien Pocognoli con l\u2019AS Monaco. Vittoria contro il Tolosa"},"content":{"rendered":"\n<p><strong>L\u2019AS Monaco ritrova finalmente il gusto della vittoria al Louis II nella 9\u00aa giornata di Ligue 1. Un primo successo per il nuovo allenatore belga S\u00e9bastien Pocognoli, alla sua terza partita sulla panchina dei biancorossi.<\/strong><\/p>\n\n<p>Dopo cinque partite senza vittorie in tutte le competizioni, di cui quattro pareggi consecutivi, l\u2019ASM piega il Tolosa 1-0 grazie a un gol lampo di Mohamed Salisu nei primi minuti di gioco. Il tecnico firma cos\u00ec la sua prima affermazione casalinga, davanti al Principe Alberto II e al presidente Dmitri Rybolovlev.<\/p>\n<div class=\"wp-block-image\">\n<figure class=\"aligncenter size-large\"><img loading=\"lazy\" decoding=\"async\" width=\"1024\" height=\"574\" src=\"https:\/\/www.monaco-tribune.com\/wp-content\/uploads\/2025\/10\/rybolovlev-albert-ii-1024x574.jpg\" alt=\"\" class=\"wp-image-321238\" srcset=\"https:\/\/www.monaco-tribune.com\/wp-content\/uploads\/2025\/10\/rybolovlev-albert-ii-1024x574.jpg 1024w, https:\/\/www.monaco-tribune.com\/wp-content\/uploads\/2025\/10\/rybolovlev-albert-ii-535x300.jpg 535w, https:\/\/www.monaco-tribune.com\/wp-content\/uploads\/2025\/10\/rybolovlev-albert-ii.jpg 1160w\" sizes=\"auto, (max-width: 1024px) 100vw, 1024px\" \/><figcaption class=\"wp-element-caption\"><em>Il presidente Dmitri Rybolovlev e il Principe Alberto II \u00a9 AS Monaco<\/em><\/figcaption><\/figure>\n<\/div>\n<h2 class=\"wp-block-heading\" id=\"h-un-match-place-sous-le-signe-d-octobre-rose\">Un match all\u2019insegna dell\u2019Ottobre Rosa<\/h2>\n\n<p>A tre giorni dalla prova incoraggiante contro il <a href=\"https:\/\/www.monaco-tribune.com\/it\/2025\/10\/champions-league-pareggio-amaro-per-las-monaco-contro-il-tottenham\/\">Tottenham<\/a> in Champions League, i monegaschi affrontano il secondo match in casa della settimana. Puntando alla vittoria, Pocognoli conferma il modulo 3-4-2-1, con alcune variazioni rispetto alla partita europea: fuori Caio Henrique, infortunato al piede sinistro, dentro Christian Mawissa, ex giocatore del Tolosa. Aleksandr Golovin e Takumi Minamino occupano rispettivamente centrocampo e attacco.<\/p>\n\n<blockquote class=\"wp-embedded-content\" data-secret=\"y2xngHaCzN\"><a href=\"https:\/\/www.monaco-tribune.com\/it\/2025\/10\/provato-per-voi-una-sessione-di-running-con-il-monaco-run-club\/\">Provato per voi: una sessione di running con il Monaco Run Club<\/a><\/blockquote><iframe class=\"wp-embedded-content\" sandbox=\"allow-scripts\" security=\"restricted\" style=\"position: absolute; visibility: hidden;\" title=\"&#8220;Provato per voi: una sessione di running con il Monaco Run Club&#8221; &#8212; Monaco Tribune\" src=\"https:\/\/www.monaco-tribune.com\/it\/2025\/10\/provato-per-voi-una-sessione-di-running-con-il-monaco-run-club\/embed\/#?secret=7lNuEME8JT#?secret=y2xngHaCzN\" data-secret=\"y2xngHaCzN\" width=\"500\" height=\"282\" frameborder=\"0\" marginwidth=\"0\" marginheight=\"0\" scrolling=\"no\"><\/iframe>\n\n<p>Come da diversi anni ormai, il Monaco sostiene la campagna Ottobre Rosa, dedicata alla sensibilizzazione sul tumore al seno. Prima del fischio d\u2019inizio, la presidente dell\u2019associazione \u00c9coute Cancer R\u00e9confort, Val\u00e9rie Barilaro, ha dato il calcio d\u2019inizio simbolico e ricevuto una maglia commemorativa dal direttore generale Thiago Scuro. I giocatori, durante il riscaldamento, hanno anche indossato la divisa rosa. Un gesto che mira a sensibilizzare il pubblico e raccogliere fondi per la ricerca.<\/p>\n<div class=\"wp-block-image\">\n<figure class=\"aligncenter size-large\"><img loading=\"lazy\" decoding=\"async\" width=\"1024\" height=\"683\" src=\"https:\/\/www.monaco-tribune.com\/wp-content\/uploads\/2025\/10\/balogun-octobre-rose-1024x683.jpg\" alt=\"\" class=\"wp-image-321247\" srcset=\"https:\/\/www.monaco-tribune.com\/wp-content\/uploads\/2025\/10\/balogun-octobre-rose-1024x683.jpg 1024w, https:\/\/www.monaco-tribune.com\/wp-content\/uploads\/2025\/10\/balogun-octobre-rose-450x300.jpg 450w, https:\/\/www.monaco-tribune.com\/wp-content\/uploads\/2025\/10\/balogun-octobre-rose.jpg 1900w\" sizes=\"auto, (max-width: 1024px) 100vw, 1024px\" \/><\/figure>\n<\/div><div class=\"wp-block-image\">\n<figure class=\"aligncenter size-large\"><img loading=\"lazy\" decoding=\"async\" width=\"1024\" height=\"683\" src=\"https:\/\/www.monaco-tribune.com\/wp-content\/uploads\/2025\/10\/minamino-octobre-rose-1024x683.jpg\" alt=\"\" class=\"wp-image-321251\" srcset=\"https:\/\/www.monaco-tribune.com\/wp-content\/uploads\/2025\/10\/minamino-octobre-rose-1024x683.jpg 1024w, https:\/\/www.monaco-tribune.com\/wp-content\/uploads\/2025\/10\/minamino-octobre-rose-450x300.jpg 450w, https:\/\/www.monaco-tribune.com\/wp-content\/uploads\/2025\/10\/minamino-octobre-rose.jpg 1875w\" sizes=\"auto, (max-width: 1024px) 100vw, 1024px\" \/><figcaption class=\"wp-element-caption\"><em>Folarin Balogun e Takumi Minamino \u00a9 AS Monaco<\/em><\/figcaption><\/figure>\n<\/div>\n<p>\u201cPer noi, una piccola associazione, questa visibilit\u00e0 \u00e8 fondamentale. I pazienti presenti sugli spalti vedono che c\u2019\u00e8 sostegno e che vengono portate avanti azioni concrete\u201d, ha dichiarato Barilaro a <em>Monaco Tribune<\/em> a met\u00e0 partita.<\/p>\n<div class=\"wp-block-image\">\n<figure class=\"aligncenter size-large\"><img loading=\"lazy\" decoding=\"async\" width=\"1024\" height=\"683\" src=\"https:\/\/www.monaco-tribune.com\/wp-content\/uploads\/2025\/10\/scuro-barilaro-octobre-rose-1024x683.jpg\" alt=\"\" class=\"wp-image-321243\" srcset=\"https:\/\/www.monaco-tribune.com\/wp-content\/uploads\/2025\/10\/scuro-barilaro-octobre-rose-1024x683.jpg 1024w, https:\/\/www.monaco-tribune.com\/wp-content\/uploads\/2025\/10\/scuro-barilaro-octobre-rose-450x300.jpg 450w, https:\/\/www.monaco-tribune.com\/wp-content\/uploads\/2025\/10\/scuro-barilaro-octobre-rose.jpg 1300w\" sizes=\"auto, (max-width: 1024px) 100vw, 1024px\" \/><figcaption class=\"wp-element-caption\"><em>Thiago Scuro e Val\u00e9rie Barilaro uniscono le forze per una buona causa \u00a9 AS Monaco<\/em><\/figcaption><\/figure>\n<\/div>\n<h2 class=\"wp-block-heading\" id=\"h-salisu-n-a-pas-traine\">Salisu non perde tempo<\/h2>\n\n<p>Meglio non arrivare in ritardo al Louis II! Al 3\u2032, su un cross dalla sinistra di Kassoum Ouattara, il difensore ghanese svetta di testa e sblocca subito il match. Un avvio perfetto per i compagni di Paul Pogba, presente in tribuna ed entusiasta dell\u20191-0. Il Tolosa subisce il colpo e non riesce a rendersi pericoloso, con un solo tiro nello specchio nella prima frazione. <\/p>\n\n<figure class=\"wp-block-embed is-type-rich is-provider-twitter wp-block-embed-twitter\"><div class=\"wp-block-embed__wrapper\">\r\n<blockquote class=\"twitter-tweet\" data-width=\"500\" data-dnt=\"true\"><p lang=\"fr\" dir=\"ltr\">Le centre de Kassoum Ouattara \ud83c\udfaf<br><br>Le coup de casque de Mohammed Salisu \ud83e\ude96<br><br>1\ufe0f\u20e3-0\ufe0f\u20e3 <a href=\"https:\/\/twitter.com\/hashtag\/ASMTFC?src=hash&amp;ref_src=twsrc%5Etfw\">#ASMTFC<\/a> <a href=\"https:\/\/t.co\/bEZBRNIrg2\">pic.twitter.com\/bEZBRNIrg2<\/a><\/p>&mdash; AS Monaco \ud83c\uddf2\ud83c\udde8 (@AS_Monaco) <a href=\"https:\/\/twitter.com\/AS_Monaco\/status\/1982732421129982211?ref_src=twsrc%5Etfw\">October 27, 2025<\/a><\/blockquote><script async src=\"https:\/\/platform.twitter.com\/widgets.js\" charset=\"utf-8\"><\/script>\r\n<\/div><\/figure><br>\n\n<p>Al 30\u2032, il Monaco sfiora il raddoppio: ancora Ouattara protagonista con un cross per Folarin Balogun, fermato da Guillaume Restes, mentre Ansu Fati calcia fuori di poco. Prima dell\u2019intervallo, unica apprensione per i monegaschi: un traversone di Yann Gboho che mette in difficolt\u00e0 Philipp K\u00f6hn.<\/p>\n\n<h2 class=\"wp-block-heading\" id=\"h-nouveau-clean-sheet\">Nuovo clean sheet<\/h2>\n\n<p>Al ritorno dagli spogliatoi, Pocognoli fa entrare Jordan Teze al posto di Mamadou Coulibaly per dare pi\u00f9 peso a centrocampo; poi entrano anche Maghn\u00e8s Akliouche e George Ilenikhena per rinforzare l\u2019attacco. Monaco controlla senza brillare, mentre il Tolosa non crea veri pericoli ai compagni di squadra di Thilo Kehrer. Purtroppo, a 20 minuti dalla fine, i biancorossi perdono un\u2019occasione d\u2019oro.<\/p>\n\n<p>Su un tiro di Kr\u00e9pin Diatta, il giovane Pape Cabral (18 anni) manca il gol del raddoppio, ancora fermato da Restes; subito dopo Ouattara centra il palo. Da qui in poi non succede pi\u00f9 nulla: l\u2019ASM porta a casa la vittoria e chiude per il secondo match consecutivo senza subire gol, un dato che mancava dall\u2019aprile scorso.<\/p>\n\n<h2 class=\"wp-block-heading\" id=\"h-sebastien-pocognoli-heureux-et-fier\">Pocognoli: \u201cFelice e orgoglioso\u201d<\/h2>\n\n<p>La quinta vittoria in campionato permette al Monaco di salire provvisoriamente sul podio della Ligue 1, a tre punti dal PSG, con cui si scontrer\u00e0 in casa a fine novembre. Al termine della partita, Pocognoli non nasconde la soddisfazione di aver conquistato un successo secondo lui meritato: \u201cSono felice e orgoglioso. Per un giovane allenatore \u00e8 sempre una sfida, ma l\u2019abbiamo affrontata bene. D\u00e0 una bella carica di energia. I giocatori meritano questa vittoria per tutto il lavoro svolto, nella continuit\u00e0 del match contro il Tottenham. Mi \u00e8 piaciuta l\u2019attitudine dei difensori e dei nostri esterni. \u00c8 sempre gratificante per un portiere chiudere con un secondo clean sheet. Oltre alle imperfezioni tecniche, ci sono molti aspetti positivi in termini di organizzazione difensiva\u201d, ha aggiunto.<\/p>\n<div class=\"wp-block-image\">\n<figure class=\"aligncenter size-large\"><img loading=\"lazy\" decoding=\"async\" width=\"1024\" height=\"574\" src=\"https:\/\/www.monaco-tribune.com\/wp-content\/uploads\/2025\/10\/pocognoli-coach-1024x574.jpg\" alt=\"S&#xE9;bastien Pocognoli\" class=\"wp-image-320114\" srcset=\"https:\/\/www.monaco-tribune.com\/wp-content\/uploads\/2025\/10\/pocognoli-coach-1024x574.jpg 1024w, https:\/\/www.monaco-tribune.com\/wp-content\/uploads\/2025\/10\/pocognoli-coach-535x300.jpg 535w, https:\/\/www.monaco-tribune.com\/wp-content\/uploads\/2025\/10\/pocognoli-coach.jpg 1160w\" sizes=\"auto, (max-width: 1024px) 100vw, 1024px\" \/><figcaption class=\"wp-element-caption\"><em>S\u00e9bastien Pocognoli \u00a9 AS Monaco<\/em><\/figcaption><\/figure>\n<\/div>\n<p>Il Monaco torner\u00e0 in campo mercoled\u00ec a Nantes (ore 21:05) per la 10\u00aa giornata di Ligue 1, prima di ospitare il Paris FC tre giorni dopo e poi rituffarsi in Champions League, dove cercher\u00e0 il primo successo europeo della stagione.<\/p>\n","protected":false},"excerpt":{"rendered":"<p>L\u2019AS Monaco ritrova finalmente il gusto della vittoria al Louis II nella 9\u00aa giornata di Ligue 1. Un primo successo [&hellip;]<\/p>\n","protected":false},"author":84,"featured_media":321236,"comment_status":"closed","ping_status":"closed","sticky":false,"template":"","format":"standard","meta":{"_acf_changed":false,"footnotes":""},"categories":[1826,1738,1743],"tags":[2846],"post_sectags":[3240],"post_format":[2486],"class_list":["post-321545","post","type-post","status-publish","format-standard","has-post-thumbnail","hentry","category-la-nostra-scelta","category-notizie","category-sport-it","tag-as-monaco-it-2","sectag-calcio-it","format-servizio"],"acf":[],"yoast_head":"<!-- This site is optimized with the Yoast SEO Premium plugin v26.8 (Yoast SEO v27.4) - https:\/\/yoast.com\/product\/yoast-seo-premium-wordpress\/ -->\n<title>Ligue 1: primo successo per S\u00e9bastien Pocognoli con l\u2019AS Monaco. Vittoria contro il Tolosa<\/title>\n<meta name=\"description\" content=\"L\u2019AS Monaco ritrova finalmente il gusto della vittoria al Louis II nella 9\u00aa giornata di Ligue 1. Un primo successo per il nuovo allenatore belga S\u00e9bastien\" \/>\n<meta name=\"robots\" content=\"index, follow, max-snippet:-1, max-image-preview:large, max-video-preview:-1\" \/>\n<link rel=\"canonical\" href=\"https:\/\/www.monaco-tribune.com\/it\/2025\/10\/ligue-1-primo-successo-per-sebastien-pocognoli-con-las-monaco-vittoria-contro-il-tolosa\/\" \/>\n<meta property=\"og:locale\" content=\"it_IT\" \/>\n<meta property=\"og:type\" content=\"article\" \/>\n<meta property=\"og:title\" content=\"Ligue 1: primo successo per S\u00e9bastien Pocognoli con l\u2019AS Monaco. Vittoria contro il Tolosa - Monaco Tribune\" \/>\n<meta property=\"og:description\" content=\"L\u2019AS Monaco ritrova finalmente il gusto della vittoria al Louis II nella 9\u00aa giornata di Ligue 1. Un primo successo per il nuovo allenatore belga S\u00e9bastien\" \/>\n<meta property=\"og:url\" content=\"https:\/\/www.monaco-tribune.com\/it\/2025\/10\/ligue-1-primo-successo-per-sebastien-pocognoli-con-las-monaco-vittoria-contro-il-tolosa\/\" \/>\n<meta property=\"og:site_name\" content=\"Monaco Tribune\" \/>\n<meta property=\"article:publisher\" content=\"https:\/\/www.facebook.com\/MonacoTribune\" \/>\n<meta property=\"article:published_time\" content=\"2025-10-27T17:56:42+00:00\" \/>\n<meta property=\"article:modified_time\" content=\"2025-10-27T17:56:51+00:00\" \/>\n<meta property=\"og:image\" content=\"https:\/\/www.monaco-tribune.com\/wp-content\/uploads\/2025\/10\/salisu.jpg\" \/>\n\t<meta property=\"og:image:width\" content=\"1000\" \/>\n\t<meta property=\"og:image:height\" content=\"560\" \/>\n\t<meta property=\"og:image:type\" content=\"image\/jpeg\" \/>\n<meta name=\"author\" content=\"St\u00e9phane Renaux\" \/>\n<meta name=\"twitter:card\" content=\"summary_large_image\" \/>\n<meta name=\"twitter:creator\" content=\"@MonacoTribune\" \/>\n<meta name=\"twitter:site\" content=\"@MonacoTribune\" \/>\n<script type=\"application\/ld+json\" class=\"yoast-schema-graph\">{\"@context\":\"https:\\\/\\\/schema.org\",\"@graph\":[{\"@type\":\"NewsArticle\",\"@id\":\"https:\\\/\\\/www.monaco-tribune.com\\\/it\\\/2025\\\/10\\\/ligue-1-primo-successo-per-sebastien-pocognoli-con-las-monaco-vittoria-contro-il-tolosa\\\/#article\",\"isPartOf\":{\"@id\":\"https:\\\/\\\/www.monaco-tribune.com\\\/it\\\/2025\\\/10\\\/ligue-1-primo-successo-per-sebastien-pocognoli-con-las-monaco-vittoria-contro-il-tolosa\\\/\"},\"author\":{\"name\":\"St\u00e9phane Renaux\",\"@id\":\"https:\\\/\\\/www.monaco-tribune.com\\\/it\\\/#\\\/schema\\\/person\\\/ece83e32e5a225fe73e81a24e634b373\"},\"headline\":\"Ligue 1: primo successo per S\u00e9bastien Pocognoli con l\u2019AS Monaco. Vittoria contro il Tolosa\",\"datePublished\":\"2025-10-27T17:56:42+00:00\",\"dateModified\":\"2025-10-27T17:56:51+00:00\",\"mainEntityOfPage\":{\"@id\":\"https:\\\/\\\/www.monaco-tribune.com\\\/it\\\/2025\\\/10\\\/ligue-1-primo-successo-per-sebastien-pocognoli-con-las-monaco-vittoria-contro-il-tolosa\\\/\"},\"wordCount\":734,\"publisher\":{\"@id\":\"https:\\\/\\\/www.monaco-tribune.com\\\/it\\\/#organization\"},\"image\":{\"@id\":\"https:\\\/\\\/www.monaco-tribune.com\\\/it\\\/2025\\\/10\\\/ligue-1-primo-successo-per-sebastien-pocognoli-con-las-monaco-vittoria-contro-il-tolosa\\\/#primaryimage\"},\"thumbnailUrl\":\"https:\\\/\\\/www.monaco-tribune.com\\\/wp-content\\\/uploads\\\/2025\\\/10\\\/salisu.jpg\",\"keywords\":[\"AS Monaco\"],\"articleSection\":[\"La nostra scelta\",\"Notizie\",\"Sport\"],\"inLanguage\":\"it-IT\",\"copyrightYear\":\"2025\",\"copyrightHolder\":{\"@id\":\"https:\\\/\\\/www.monaco-tribune.com\\\/#organization\"}},{\"@type\":\"WebPage\",\"@id\":\"https:\\\/\\\/www.monaco-tribune.com\\\/it\\\/2025\\\/10\\\/ligue-1-primo-successo-per-sebastien-pocognoli-con-las-monaco-vittoria-contro-il-tolosa\\\/\",\"url\":\"https:\\\/\\\/www.monaco-tribune.com\\\/it\\\/2025\\\/10\\\/ligue-1-primo-successo-per-sebastien-pocognoli-con-las-monaco-vittoria-contro-il-tolosa\\\/\",\"name\":\"Ligue 1: primo successo per S\u00e9bastien Pocognoli con l\u2019AS Monaco. Vittoria contro il Tolosa\",\"isPartOf\":{\"@id\":\"https:\\\/\\\/www.monaco-tribune.com\\\/it\\\/#website\"},\"primaryImageOfPage\":{\"@id\":\"https:\\\/\\\/www.monaco-tribune.com\\\/it\\\/2025\\\/10\\\/ligue-1-primo-successo-per-sebastien-pocognoli-con-las-monaco-vittoria-contro-il-tolosa\\\/#primaryimage\"},\"image\":{\"@id\":\"https:\\\/\\\/www.monaco-tribune.com\\\/it\\\/2025\\\/10\\\/ligue-1-primo-successo-per-sebastien-pocognoli-con-las-monaco-vittoria-contro-il-tolosa\\\/#primaryimage\"},\"thumbnailUrl\":\"https:\\\/\\\/www.monaco-tribune.com\\\/wp-content\\\/uploads\\\/2025\\\/10\\\/salisu.jpg\",\"datePublished\":\"2025-10-27T17:56:42+00:00\",\"dateModified\":\"2025-10-27T17:56:51+00:00\",\"description\":\"L\u2019AS Monaco ritrova finalmente il gusto della vittoria al Louis II nella 9\u00aa giornata di Ligue 1. Un primo successo per il nuovo allenatore belga S\u00e9bastien\",\"breadcrumb\":{\"@id\":\"https:\\\/\\\/www.monaco-tribune.com\\\/it\\\/2025\\\/10\\\/ligue-1-primo-successo-per-sebastien-pocognoli-con-las-monaco-vittoria-contro-il-tolosa\\\/#breadcrumb\"},\"inLanguage\":\"it-IT\",\"potentialAction\":[{\"@type\":\"ReadAction\",\"target\":[\"https:\\\/\\\/www.monaco-tribune.com\\\/it\\\/2025\\\/10\\\/ligue-1-primo-successo-per-sebastien-pocognoli-con-las-monaco-vittoria-contro-il-tolosa\\\/\"]}]},{\"@type\":\"ImageObject\",\"inLanguage\":\"it-IT\",\"@id\":\"https:\\\/\\\/www.monaco-tribune.com\\\/it\\\/2025\\\/10\\\/ligue-1-primo-successo-per-sebastien-pocognoli-con-las-monaco-vittoria-contro-il-tolosa\\\/#primaryimage\",\"url\":\"https:\\\/\\\/www.monaco-tribune.com\\\/wp-content\\\/uploads\\\/2025\\\/10\\\/salisu.jpg\",\"contentUrl\":\"https:\\\/\\\/www.monaco-tribune.com\\\/wp-content\\\/uploads\\\/2025\\\/10\\\/salisu.jpg\",\"width\":1000,\"height\":560,\"caption\":\"Mohamed Salisu festeggia dopo il gol \u00a9 AS Monaco\"},{\"@type\":\"BreadcrumbList\",\"@id\":\"https:\\\/\\\/www.monaco-tribune.com\\\/it\\\/2025\\\/10\\\/ligue-1-primo-successo-per-sebastien-pocognoli-con-las-monaco-vittoria-contro-il-tolosa\\\/#breadcrumb\",\"itemListElement\":[{\"@type\":\"ListItem\",\"position\":1,\"name\":\"Accueil\",\"item\":\"https:\\\/\\\/www.monaco-tribune.com\\\/it\\\/\"},{\"@type\":\"ListItem\",\"position\":2,\"name\":\"Ligue 1: primo successo per S\u00e9bastien Pocognoli con l\u2019AS Monaco. Vittoria contro il Tolosa\"}]},{\"@type\":\"WebSite\",\"@id\":\"https:\\\/\\\/www.monaco-tribune.com\\\/it\\\/#website\",\"url\":\"https:\\\/\\\/www.monaco-tribune.com\\\/it\\\/\",\"name\":\"Monaco Tribune\",\"description\":\"Monaco : actualit\u00e9s \u00e9conomiques, politiques, culturelles et sportives de Monaco et de la French Riviera.\",\"publisher\":{\"@id\":\"https:\\\/\\\/www.monaco-tribune.com\\\/it\\\/#organization\"},\"potentialAction\":[{\"@type\":\"SearchAction\",\"target\":{\"@type\":\"EntryPoint\",\"urlTemplate\":\"https:\\\/\\\/www.monaco-tribune.com\\\/it\\\/?s={search_term_string}\"},\"query-input\":{\"@type\":\"PropertyValueSpecification\",\"valueRequired\":true,\"valueName\":\"search_term_string\"}}],\"inLanguage\":\"it-IT\"},{\"@type\":\"Organization\",\"@id\":\"https:\\\/\\\/www.monaco-tribune.com\\\/it\\\/#organization\",\"name\":\"Monaco Tribune\",\"url\":\"https:\\\/\\\/www.monaco-tribune.com\\\/it\\\/\",\"logo\":{\"@type\":\"ImageObject\",\"inLanguage\":\"it-IT\",\"@id\":\"https:\\\/\\\/www.monaco-tribune.com\\\/it\\\/#\\\/schema\\\/logo\\\/image\\\/\",\"url\":\"https:\\\/\\\/www.monaco-tribune.com\\\/wp-content\\\/uploads\\\/2022\\\/11\\\/logo-monaco-tribune.png\",\"contentUrl\":\"https:\\\/\\\/www.monaco-tribune.com\\\/wp-content\\\/uploads\\\/2022\\\/11\\\/logo-monaco-tribune.png\",\"width\":1548,\"height\":600,\"caption\":\"Monaco Tribune\"},\"image\":{\"@id\":\"https:\\\/\\\/www.monaco-tribune.com\\\/it\\\/#\\\/schema\\\/logo\\\/image\\\/\"},\"sameAs\":[\"https:\\\/\\\/www.facebook.com\\\/MonacoTribune\",\"https:\\\/\\\/x.com\\\/MonacoTribune\",\"https:\\\/\\\/www.instagram.com\\\/monacotribune\\\/\",\"https:\\\/\\\/www.linkedin.com\\\/company\\\/monaco-tribune\",\"https:\\\/\\\/www.youtube.com\\\/channel\\\/UCHle1MnG6hw1y4lWKijVbMA\"]},{\"@type\":\"Person\",\"@id\":\"https:\\\/\\\/www.monaco-tribune.com\\\/it\\\/#\\\/schema\\\/person\\\/ece83e32e5a225fe73e81a24e634b373\",\"name\":\"St\u00e9phane Renaux\",\"image\":{\"@type\":\"ImageObject\",\"inLanguage\":\"it-IT\",\"@id\":\"https:\\\/\\\/secure.gravatar.com\\\/avatar\\\/2d6f746a04927ac898fdac59e15d9eb3b4a76ca816265fea18219d81de41f8a5?s=96&d=mm&r=g\",\"url\":\"https:\\\/\\\/secure.gravatar.com\\\/avatar\\\/2d6f746a04927ac898fdac59e15d9eb3b4a76ca816265fea18219d81de41f8a5?s=96&d=mm&r=g\",\"contentUrl\":\"https:\\\/\\\/secure.gravatar.com\\\/avatar\\\/2d6f746a04927ac898fdac59e15d9eb3b4a76ca816265fea18219d81de41f8a5?s=96&d=mm&r=g\",\"caption\":\"St\u00e9phane Renaux\"},\"url\":\"https:\\\/\\\/www.monaco-tribune.com\\\/it\\\/author\\\/stephanerenaux\\\/\"}]}<\/script>\n<!-- \/ Yoast SEO Premium plugin. -->","yoast_head_json":{"title":"Ligue 1: primo successo per S\u00e9bastien Pocognoli con l\u2019AS Monaco. Vittoria contro il Tolosa","description":"L\u2019AS Monaco ritrova finalmente il gusto della vittoria al Louis II nella 9\u00aa giornata di Ligue 1. Un primo successo per il nuovo allenatore belga S\u00e9bastien","robots":{"index":"index","follow":"follow","max-snippet":"max-snippet:-1","max-image-preview":"max-image-preview:large","max-video-preview":"max-video-preview:-1"},"canonical":"https:\/\/www.monaco-tribune.com\/it\/2025\/10\/ligue-1-primo-successo-per-sebastien-pocognoli-con-las-monaco-vittoria-contro-il-tolosa\/","og_locale":"it_IT","og_type":"article","og_title":"Ligue 1: primo successo per S\u00e9bastien Pocognoli con l\u2019AS Monaco. Vittoria contro il Tolosa - Monaco Tribune","og_description":"L\u2019AS Monaco ritrova finalmente il gusto della vittoria al Louis II nella 9\u00aa giornata di Ligue 1. Un primo successo per il nuovo allenatore belga S\u00e9bastien","og_url":"https:\/\/www.monaco-tribune.com\/it\/2025\/10\/ligue-1-primo-successo-per-sebastien-pocognoli-con-las-monaco-vittoria-contro-il-tolosa\/","og_site_name":"Monaco Tribune","article_publisher":"https:\/\/www.facebook.com\/MonacoTribune","article_published_time":"2025-10-27T17:56:42+00:00","article_modified_time":"2025-10-27T17:56:51+00:00","og_image":[{"width":1000,"height":560,"url":"https:\/\/www.monaco-tribune.com\/wp-content\/uploads\/2025\/10\/salisu.jpg","type":"image\/jpeg"}],"author":"St\u00e9phane Renaux","twitter_card":"summary_large_image","twitter_creator":"@MonacoTribune","twitter_site":"@MonacoTribune","schema":{"@context":"https:\/\/schema.org","@graph":[{"@type":"NewsArticle","@id":"https:\/\/www.monaco-tribune.com\/it\/2025\/10\/ligue-1-primo-successo-per-sebastien-pocognoli-con-las-monaco-vittoria-contro-il-tolosa\/#article","isPartOf":{"@id":"https:\/\/www.monaco-tribune.com\/it\/2025\/10\/ligue-1-primo-successo-per-sebastien-pocognoli-con-las-monaco-vittoria-contro-il-tolosa\/"},"author":{"name":"St\u00e9phane Renaux","@id":"https:\/\/www.monaco-tribune.com\/it\/#\/schema\/person\/ece83e32e5a225fe73e81a24e634b373"},"headline":"Ligue 1: primo successo per S\u00e9bastien Pocognoli con l\u2019AS Monaco. Vittoria contro il Tolosa","datePublished":"2025-10-27T17:56:42+00:00","dateModified":"2025-10-27T17:56:51+00:00","mainEntityOfPage":{"@id":"https:\/\/www.monaco-tribune.com\/it\/2025\/10\/ligue-1-primo-successo-per-sebastien-pocognoli-con-las-monaco-vittoria-contro-il-tolosa\/"},"wordCount":734,"publisher":{"@id":"https:\/\/www.monaco-tribune.com\/it\/#organization"},"image":{"@id":"https:\/\/www.monaco-tribune.com\/it\/2025\/10\/ligue-1-primo-successo-per-sebastien-pocognoli-con-las-monaco-vittoria-contro-il-tolosa\/#primaryimage"},"thumbnailUrl":"https:\/\/www.monaco-tribune.com\/wp-content\/uploads\/2025\/10\/salisu.jpg","keywords":["AS Monaco"],"articleSection":["La nostra scelta","Notizie","Sport"],"inLanguage":"it-IT","copyrightYear":"2025","copyrightHolder":{"@id":"https:\/\/www.monaco-tribune.com\/#organization"}},{"@type":"WebPage","@id":"https:\/\/www.monaco-tribune.com\/it\/2025\/10\/ligue-1-primo-successo-per-sebastien-pocognoli-con-las-monaco-vittoria-contro-il-tolosa\/","url":"https:\/\/www.monaco-tribune.com\/it\/2025\/10\/ligue-1-primo-successo-per-sebastien-pocognoli-con-las-monaco-vittoria-contro-il-tolosa\/","name":"Ligue 1: primo successo per S\u00e9bastien Pocognoli con l\u2019AS Monaco. Vittoria contro il Tolosa","isPartOf":{"@id":"https:\/\/www.monaco-tribune.com\/it\/#website"},"primaryImageOfPage":{"@id":"https:\/\/www.monaco-tribune.com\/it\/2025\/10\/ligue-1-primo-successo-per-sebastien-pocognoli-con-las-monaco-vittoria-contro-il-tolosa\/#primaryimage"},"image":{"@id":"https:\/\/www.monaco-tribune.com\/it\/2025\/10\/ligue-1-primo-successo-per-sebastien-pocognoli-con-las-monaco-vittoria-contro-il-tolosa\/#primaryimage"},"thumbnailUrl":"https:\/\/www.monaco-tribune.com\/wp-content\/uploads\/2025\/10\/salisu.jpg","datePublished":"2025-10-27T17:56:42+00:00","dateModified":"2025-10-27T17:56:51+00:00","description":"L\u2019AS Monaco ritrova finalmente il gusto della vittoria al Louis II nella 9\u00aa giornata di Ligue 1. Un primo successo per il nuovo allenatore belga S\u00e9bastien","breadcrumb":{"@id":"https:\/\/www.monaco-tribune.com\/it\/2025\/10\/ligue-1-primo-successo-per-sebastien-pocognoli-con-las-monaco-vittoria-contro-il-tolosa\/#breadcrumb"},"inLanguage":"it-IT","potentialAction":[{"@type":"ReadAction","target":["https:\/\/www.monaco-tribune.com\/it\/2025\/10\/ligue-1-primo-successo-per-sebastien-pocognoli-con-las-monaco-vittoria-contro-il-tolosa\/"]}]},{"@type":"ImageObject","inLanguage":"it-IT","@id":"https:\/\/www.monaco-tribune.com\/it\/2025\/10\/ligue-1-primo-successo-per-sebastien-pocognoli-con-las-monaco-vittoria-contro-il-tolosa\/#primaryimage","url":"https:\/\/www.monaco-tribune.com\/wp-content\/uploads\/2025\/10\/salisu.jpg","contentUrl":"https:\/\/www.monaco-tribune.com\/wp-content\/uploads\/2025\/10\/salisu.jpg","width":1000,"height":560,"caption":"Mohamed Salisu festeggia dopo il gol \u00a9 AS Monaco"},{"@type":"BreadcrumbList","@id":"https:\/\/www.monaco-tribune.com\/it\/2025\/10\/ligue-1-primo-successo-per-sebastien-pocognoli-con-las-monaco-vittoria-contro-il-tolosa\/#breadcrumb","itemListElement":[{"@type":"ListItem","position":1,"name":"Accueil","item":"https:\/\/www.monaco-tribune.com\/it\/"},{"@type":"ListItem","position":2,"name":"Ligue 1: primo successo per S\u00e9bastien Pocognoli con l\u2019AS Monaco. Vittoria contro il Tolosa"}]},{"@type":"WebSite","@id":"https:\/\/www.monaco-tribune.com\/it\/#website","url":"https:\/\/www.monaco-tribune.com\/it\/","name":"Monaco Tribune","description":"Monaco : actualit\u00e9s \u00e9conomiques, politiques, culturelles et sportives de Monaco et de la French Riviera.","publisher":{"@id":"https:\/\/www.monaco-tribune.com\/it\/#organization"},"potentialAction":[{"@type":"SearchAction","target":{"@type":"EntryPoint","urlTemplate":"https:\/\/www.monaco-tribune.com\/it\/?s={search_term_string}"},"query-input":{"@type":"PropertyValueSpecification","valueRequired":true,"valueName":"search_term_string"}}],"inLanguage":"it-IT"},{"@type":"Organization","@id":"https:\/\/www.monaco-tribune.com\/it\/#organization","name":"Monaco Tribune","url":"https:\/\/www.monaco-tribune.com\/it\/","logo":{"@type":"ImageObject","inLanguage":"it-IT","@id":"https:\/\/www.monaco-tribune.com\/it\/#\/schema\/logo\/image\/","url":"https:\/\/www.monaco-tribune.com\/wp-content\/uploads\/2022\/11\/logo-monaco-tribune.png","contentUrl":"https:\/\/www.monaco-tribune.com\/wp-content\/uploads\/2022\/11\/logo-monaco-tribune.png","width":1548,"height":600,"caption":"Monaco Tribune"},"image":{"@id":"https:\/\/www.monaco-tribune.com\/it\/#\/schema\/logo\/image\/"},"sameAs":["https:\/\/www.facebook.com\/MonacoTribune","https:\/\/x.com\/MonacoTribune","https:\/\/www.instagram.com\/monacotribune\/","https:\/\/www.linkedin.com\/company\/monaco-tribune","https:\/\/www.youtube.com\/channel\/UCHle1MnG6hw1y4lWKijVbMA"]},{"@type":"Person","@id":"https:\/\/www.monaco-tribune.com\/it\/#\/schema\/person\/ece83e32e5a225fe73e81a24e634b373","name":"St\u00e9phane Renaux","image":{"@type":"ImageObject","inLanguage":"it-IT","@id":"https:\/\/secure.gravatar.com\/avatar\/2d6f746a04927ac898fdac59e15d9eb3b4a76ca816265fea18219d81de41f8a5?s=96&d=mm&r=g","url":"https:\/\/secure.gravatar.com\/avatar\/2d6f746a04927ac898fdac59e15d9eb3b4a76ca816265fea18219d81de41f8a5?s=96&d=mm&r=g","contentUrl":"https:\/\/secure.gravatar.com\/avatar\/2d6f746a04927ac898fdac59e15d9eb3b4a76ca816265fea18219d81de41f8a5?s=96&d=mm&r=g","caption":"St\u00e9phane Renaux"},"url":"https:\/\/www.monaco-tribune.com\/it\/author\/stephanerenaux\/"}]}},"_links":{"self":[{"href":"https:\/\/www.monaco-tribune.com\/it\/wp-json\/wp\/v2\/posts\/321545","targetHints":{"allow":["GET"]}}],"collection":[{"href":"https:\/\/www.monaco-tribune.com\/it\/wp-json\/wp\/v2\/posts"}],"about":[{"href":"https:\/\/www.monaco-tribune.com\/it\/wp-json\/wp\/v2\/types\/post"}],"author":[{"embeddable":true,"href":"https:\/\/www.monaco-tribune.com\/it\/wp-json\/wp\/v2\/users\/84"}],"replies":[{"embeddable":true,"href":"https:\/\/www.monaco-tribune.com\/it\/wp-json\/wp\/v2\/comments?post=321545"}],"version-history":[{"count":2,"href":"https:\/\/www.monaco-tribune.com\/it\/wp-json\/wp\/v2\/posts\/321545\/revisions"}],"predecessor-version":[{"id":321548,"href":"https:\/\/www.monaco-tribune.com\/it\/wp-json\/wp\/v2\/posts\/321545\/revisions\/321548"}],"wp:featuredmedia":[{"embeddable":true,"href":"https:\/\/www.monaco-tribune.com\/it\/wp-json\/wp\/v2\/media\/321236"}],"wp:attachment":[{"href":"https:\/\/www.monaco-tribune.com\/it\/wp-json\/wp\/v2\/media?parent=321545"}],"wp:term":[{"taxonomy":"category","embeddable":true,"href":"https:\/\/www.monaco-tribune.com\/it\/wp-json\/wp\/v2\/categories?post=321545"},{"taxonomy":"post_tag","embeddable":true,"href":"https:\/\/www.monaco-tribune.com\/it\/wp-json\/wp\/v2\/tags?post=321545"},{"taxonomy":"sectag","embeddable":true,"href":"https:\/\/www.monaco-tribune.com\/it\/wp-json\/wp\/v2\/post_sectags?post=321545"},{"taxonomy":"format","embeddable":true,"href":"https:\/\/www.monaco-tribune.com\/it\/wp-json\/wp\/v2\/post_format?post=321545"}],"curies":[{"name":"wp","href":"https:\/\/api.w.org\/{rel}","templated":true}]}}