{"id":321675,"date":"2025-10-28T15:31:36","date_gmt":"2025-10-28T13:31:36","guid":{"rendered":"https:\/\/www.monaco-tribune.com\/2025\/10\/rokethon-2025-passseggiate-con-il-vostro-cane-a-fianco-della-principessa-charlene-per-difendere-la-causa-animale\/"},"modified":"2025-10-28T15:31:41","modified_gmt":"2025-10-28T13:31:41","slug":"rokethon-2025-passseggiate-con-il-vostro-cane-a-fianco-della-principessa-charlene-per-difendere-la-causa-animale","status":"publish","type":"post","link":"https:\/\/www.monaco-tribune.com\/it\/2025\/10\/rokethon-2025-passseggiate-con-il-vostro-cane-a-fianco-della-principessa-charlene-per-difendere-la-causa-animale\/","title":{"rendered":"Rokethon 2025: passseggiate con il vostro cane a fianco della Principessa Charl\u00e8ne per difendere la causa animale"},"content":{"rendered":"\n<p><strong>Domenica 2 novembre, il Chapiteau di Fontvieille ospiter\u00e0 un evento solidale in cui padroni e cani cammineranno fianco a fianco per dire no all\u2019abbandono.<\/strong><\/p>\n\n<h2 class=\"wp-block-heading\" id=\"h-une-marche-pour-donner-une-voix-aux-sans-voix\">Una marcia per dare voce a chi non ne ha<\/h2>\n\n<p>Il Principato si prepara a vivere una giornata all\u2019insegna della dolcezza e dell\u2019impegno concreto.&#13;\nDalle 10 del mattino, la Principessa Charl\u00e8ne dar\u00e0 il via alla Rokethon Race, una camminata simbolica attorno al Chapiteau di Fontvieille.&#13;\nPer ogni giro percorso dalle coppie padrone-cane (1 km) aumenteranno le donazioni destinate alle associazioni partner.<\/p>\n\n<p>&#8220;Un animale \u00e8 un essere vivente, non un oggetto. L\u2019abbandono \u00e8 una sofferenza&#8221;, ricorda Sylvia Sermenghi, presidente e fondatrice di Rokethon Monaco. &#8220;La nostra missione \u00e8 dare una voce a chi non ce l&#8217;ha&#8221;.<\/p>\n\n<blockquote class=\"wp-embedded-content\" data-secret=\"YhLx65cA7N\"><a href=\"https:\/\/www.monaco-tribune.com\/it\/2025\/10\/la-croce-rossa-monegasca-lancia-un-appello-alle-donazioni-per-gaza\/\">La Croce Rossa monegasca lancia un appello alle donazioni per Gaza<\/a><\/blockquote><iframe class=\"wp-embedded-content\" sandbox=\"allow-scripts\" security=\"restricted\" style=\"position: absolute; visibility: hidden;\" title=\"&#8220;La Croce Rossa monegasca lancia un appello alle donazioni per Gaza&#8221; &#8212; Monaco Tribune\" src=\"https:\/\/www.monaco-tribune.com\/it\/2025\/10\/la-croce-rossa-monegasca-lancia-un-appello-alle-donazioni-per-gaza\/embed\/#?secret=sJ4J911Hi1#?secret=YhLx65cA7N\" data-secret=\"YhLx65cA7N\" width=\"500\" height=\"282\" frameborder=\"0\" marginwidth=\"0\" marginheight=\"0\" scrolling=\"no\"><\/iframe>\n\n<p>La partecipazione all\u2019evento \u00e8 libera, con una donazione di 2 \u20ac per giro: i proventi saranno devoluti alla SPA Monaco, a Un Brin de Chance (Nizza) e a Nos Amis pour la Vie (Marrakech).<\/p>\n\n<h2 class=\"wp-block-heading\" id=\"h-activites-defile-et-festivites-toute-la-journee\">Attivit\u00e0, sfilate e divertimento per tutta la giornata<\/h2>\n\n<p>Dopo la camminata, spazio alla convivialit\u00e0 con il Woofest, un villaggio ricco di intrattenimenti ideato da Lucas B\u00e9rullier, fondatore del festival. &#8220;Il nostro obiettivo \u00e8 rafforzare il legame tra l\u2019essere umano e l\u2019animale attraverso il gioco e l\u2019emozione&#8221;, spiega. In programma: agility, cani-paddle, piscine di palline, concorsi e una grande lotteria a favore dei rifugi.<\/p>\n\n<p>Il Woofest si preannuncia come uno dei momenti clou della giornata. All\u2019inizio del mese, il festival ha riscosso un successo travolgente a Nizza, con quasi 10.000 partecipanti e oltre 100.000 spettatori sulla Promenade des Anglais.<\/p>\n\n<p>A Monaco, i partecipanti potranno farsi ritrarre con il proprio amico a quattro zampe nel set fotografico del fotografo Toni Meneguzzo, e assistere alla sfilata \u201cWalk me home and love me fur-ever\u201d, in cui modelli e cani in cerca di adozione sfileranno insieme indossando abiti etici.<\/p>\n\n<blockquote class=\"wp-embedded-content\" data-secret=\"VzF39GIues\"><a href=\"https:\/\/www.monaco-tribune.com\/it\/2024\/10\/la-principessa-charlene-partecipa-a-unadorabile-marcia-solidale-contro-labbandono-degli-animali\/\">La Principessa Charl\u00e8ne partecipa a un&#8217;adorabile marcia solidale contro l&#8217;abbandono degli animali<\/a><\/blockquote><iframe class=\"wp-embedded-content\" sandbox=\"allow-scripts\" security=\"restricted\" style=\"position: absolute; visibility: hidden;\" title=\"&#8220;La Principessa Charl\u00e8ne partecipa a un&#8217;adorabile marcia solidale contro l&#8217;abbandono degli animali&#8221; &#8212; Monaco Tribune\" src=\"https:\/\/www.monaco-tribune.com\/it\/2024\/10\/la-principessa-charlene-partecipa-a-unadorabile-marcia-solidale-contro-labbandono-degli-animali\/embed\/#?secret=KEYv2f5Mq0#?secret=VzF39GIues\" data-secret=\"VzF39GIues\" width=\"500\" height=\"282\" frameborder=\"0\" marginwidth=\"0\" marginheight=\"0\" scrolling=\"no\"><\/iframe>\n\n<h2 class=\"wp-block-heading\" id=\"h-une-journee-pour-adopter-et-s-engager\">Una giornata per adottare e agire<\/h2>\n\n<p>La <a href=\"https:\/\/www.monaco-tribune.com\/it\/2024\/09\/il-principe-alberto-ii-e-la-principessa-charlene-inaugurano-il-nuovo-rifugio-della-spa-di-monaco\/\">SPA Monaco, presieduta dalla Principessa Charl\u00e8ne<\/a>, allestir\u00e0 uno stand di adozione aperto per tutta la giornata. &#8220;Ci saranno alcuni cani con una pettorina <em data-start=\"2563\" data-end=\"2573\">Adottami<\/em> dotata di QR code&#8221;, spiega Virginie Lavagna, direttrice generale della SPA. &#8220;Adottare \u00e8 un vero impegno, ma anche una gioia immensa. I nostri rifugi sono pieni di animali meravigliosi che aspettano solo una famiglia&#8221;.<\/p>\n\n<p>Per Sylvia Sermenghi, questa seconda edizione conferma la crescita di una comunit\u00e0 sempre pi\u00f9 unita: &#8220;Pi\u00f9 saremo a camminare insieme, pi\u00f9 le nostre azioni avranno un impatto. Uniti, possiamo far sentire la voce di chi non ne ha&#8221;.<\/p>\n\n<hr class=\"wp-block-separator has-alpha-channel-opacity\"\/>\n\n<p>Chapiteau de Fontvieille, Monaco<\/p>\n\n<p>Domenica 2 novembre 2025, dalle ore 10:00<\/p>\n\n<p>Ingresso libero con donazione \u2014 venite a camminare, correre e amare\u2026 insieme ai vostri cani!<\/p>\n","protected":false},"excerpt":{"rendered":"<p>Domenica 2 novembre, il Chapiteau di Fontvieille ospiter\u00e0 un evento solidale in cui padroni e cani cammineranno fianco a fianco [&hellip;]<\/p>\n","protected":false},"author":78,"featured_media":321439,"comment_status":"closed","ping_status":"closed","sticky":false,"template":"","format":"standard","meta":{"_acf_changed":false,"footnotes":""},"categories":[1826,1738,1752],"tags":[4219],"post_sectags":[],"post_format":[2471],"class_list":["post-321675","post","type-post","status-publish","format-standard","has-post-thumbnail","hentry","category-la-nostra-scelta","category-notizie","category-societa","tag-iniziative","format-evento"],"acf":[],"yoast_head":"<!-- This site is optimized with the Yoast SEO Premium plugin v26.8 (Yoast SEO v27.5) - https:\/\/yoast.com\/product\/yoast-seo-premium-wordpress\/ -->\n<title>Rokethon 2025: passseggiate con il vostro cane a fianco della Principessa Charl\u00e8ne per difendere la causa animale<\/title>\n<meta name=\"description\" content=\"Domenica 2 novembre, il Chapiteau di Fontvieille ospiter\u00e0 un evento solidale in cui padroni e cani cammineranno fianco a fianco per dire no all\u2019abbandono.\" \/>\n<meta name=\"robots\" content=\"index, follow, max-snippet:-1, max-image-preview:large, max-video-preview:-1\" \/>\n<link rel=\"canonical\" href=\"https:\/\/www.monaco-tribune.com\/it\/2025\/10\/rokethon-2025-passseggiate-con-il-vostro-cane-a-fianco-della-principessa-charlene-per-difendere-la-causa-animale\/\" \/>\n<meta property=\"og:locale\" content=\"it_IT\" \/>\n<meta property=\"og:type\" content=\"article\" \/>\n<meta property=\"og:title\" content=\"Rokethon 2025: passseggiate con il vostro cane a fianco della Principessa Charl\u00e8ne per difendere la causa animale - Monaco Tribune\" \/>\n<meta property=\"og:description\" content=\"Domenica 2 novembre, il Chapiteau di Fontvieille ospiter\u00e0 un evento solidale in cui padroni e cani cammineranno fianco a fianco per dire no all\u2019abbandono.\" \/>\n<meta property=\"og:url\" content=\"https:\/\/www.monaco-tribune.com\/it\/2025\/10\/rokethon-2025-passseggiate-con-il-vostro-cane-a-fianco-della-principessa-charlene-per-difendere-la-causa-animale\/\" \/>\n<meta property=\"og:site_name\" content=\"Monaco Tribune\" \/>\n<meta property=\"article:publisher\" content=\"https:\/\/www.facebook.com\/MonacoTribune\" \/>\n<meta property=\"article:published_time\" content=\"2025-10-28T13:31:36+00:00\" \/>\n<meta property=\"article:modified_time\" content=\"2025-10-28T13:31:41+00:00\" \/>\n<meta property=\"og:image\" content=\"https:\/\/www.monaco-tribune.com\/wp-content\/uploads\/2025\/10\/rokethon-2024_sas-princesse-charlene-chris-derose-sylvia-sermenghi.jpg\" \/>\n\t<meta property=\"og:image:width\" content=\"1200\" \/>\n\t<meta property=\"og:image:height\" content=\"800\" \/>\n\t<meta property=\"og:image:type\" content=\"image\/jpeg\" \/>\n<meta name=\"author\" content=\"Mark Linden\" \/>\n<meta name=\"twitter:card\" content=\"summary_large_image\" \/>\n<meta name=\"twitter:creator\" content=\"@MonacoTribune\" \/>\n<meta name=\"twitter:site\" content=\"@MonacoTribune\" \/>\n<script type=\"application\/ld+json\" class=\"yoast-schema-graph\">{\"@context\":\"https:\\\/\\\/schema.org\",\"@graph\":[{\"@type\":\"NewsArticle\",\"@id\":\"https:\\\/\\\/www.monaco-tribune.com\\\/it\\\/2025\\\/10\\\/rokethon-2025-passseggiate-con-il-vostro-cane-a-fianco-della-principessa-charlene-per-difendere-la-causa-animale\\\/#article\",\"isPartOf\":{\"@id\":\"https:\\\/\\\/www.monaco-tribune.com\\\/it\\\/2025\\\/10\\\/rokethon-2025-passseggiate-con-il-vostro-cane-a-fianco-della-principessa-charlene-per-difendere-la-causa-animale\\\/\"},\"author\":{\"name\":\"Mark Linden\",\"@id\":\"https:\\\/\\\/www.monaco-tribune.com\\\/it\\\/#\\\/schema\\\/person\\\/3796f08c04a1ae0bf5db7629e63acc06\"},\"headline\":\"Rokethon 2025: passseggiate con il vostro cane a fianco della Principessa Charl\u00e8ne per difendere la causa animale\",\"datePublished\":\"2025-10-28T13:31:36+00:00\",\"dateModified\":\"2025-10-28T13:31:41+00:00\",\"mainEntityOfPage\":{\"@id\":\"https:\\\/\\\/www.monaco-tribune.com\\\/it\\\/2025\\\/10\\\/rokethon-2025-passseggiate-con-il-vostro-cane-a-fianco-della-principessa-charlene-per-difendere-la-causa-animale\\\/\"},\"wordCount\":451,\"publisher\":{\"@id\":\"https:\\\/\\\/www.monaco-tribune.com\\\/it\\\/#organization\"},\"image\":{\"@id\":\"https:\\\/\\\/www.monaco-tribune.com\\\/it\\\/2025\\\/10\\\/rokethon-2025-passseggiate-con-il-vostro-cane-a-fianco-della-principessa-charlene-per-difendere-la-causa-animale\\\/#primaryimage\"},\"thumbnailUrl\":\"https:\\\/\\\/www.monaco-tribune.com\\\/wp-content\\\/uploads\\\/2025\\\/10\\\/rokethon-2024_sas-princesse-charlene-chris-derose-sylvia-sermenghi.jpg\",\"keywords\":[\"Iniziative\"],\"articleSection\":[\"La nostra scelta\",\"Notizie\",\"Societ\u00e0\"],\"inLanguage\":\"it-IT\",\"copyrightYear\":\"2025\",\"copyrightHolder\":{\"@id\":\"https:\\\/\\\/www.monaco-tribune.com\\\/#organization\"}},{\"@type\":\"WebPage\",\"@id\":\"https:\\\/\\\/www.monaco-tribune.com\\\/it\\\/2025\\\/10\\\/rokethon-2025-passseggiate-con-il-vostro-cane-a-fianco-della-principessa-charlene-per-difendere-la-causa-animale\\\/\",\"url\":\"https:\\\/\\\/www.monaco-tribune.com\\\/it\\\/2025\\\/10\\\/rokethon-2025-passseggiate-con-il-vostro-cane-a-fianco-della-principessa-charlene-per-difendere-la-causa-animale\\\/\",\"name\":\"Rokethon 2025: passseggiate con il vostro cane a fianco della Principessa Charl\u00e8ne per difendere la causa animale\",\"isPartOf\":{\"@id\":\"https:\\\/\\\/www.monaco-tribune.com\\\/it\\\/#website\"},\"primaryImageOfPage\":{\"@id\":\"https:\\\/\\\/www.monaco-tribune.com\\\/it\\\/2025\\\/10\\\/rokethon-2025-passseggiate-con-il-vostro-cane-a-fianco-della-principessa-charlene-per-difendere-la-causa-animale\\\/#primaryimage\"},\"image\":{\"@id\":\"https:\\\/\\\/www.monaco-tribune.com\\\/it\\\/2025\\\/10\\\/rokethon-2025-passseggiate-con-il-vostro-cane-a-fianco-della-principessa-charlene-per-difendere-la-causa-animale\\\/#primaryimage\"},\"thumbnailUrl\":\"https:\\\/\\\/www.monaco-tribune.com\\\/wp-content\\\/uploads\\\/2025\\\/10\\\/rokethon-2024_sas-princesse-charlene-chris-derose-sylvia-sermenghi.jpg\",\"datePublished\":\"2025-10-28T13:31:36+00:00\",\"dateModified\":\"2025-10-28T13:31:41+00:00\",\"description\":\"Domenica 2 novembre, il Chapiteau di Fontvieille ospiter\u00e0 un evento solidale in cui padroni e cani cammineranno fianco a fianco per dire no all\u2019abbandono.\",\"breadcrumb\":{\"@id\":\"https:\\\/\\\/www.monaco-tribune.com\\\/it\\\/2025\\\/10\\\/rokethon-2025-passseggiate-con-il-vostro-cane-a-fianco-della-principessa-charlene-per-difendere-la-causa-animale\\\/#breadcrumb\"},\"inLanguage\":\"it-IT\",\"potentialAction\":[{\"@type\":\"ReadAction\",\"target\":[\"https:\\\/\\\/www.monaco-tribune.com\\\/it\\\/2025\\\/10\\\/rokethon-2025-passseggiate-con-il-vostro-cane-a-fianco-della-principessa-charlene-per-difendere-la-causa-animale\\\/\"]}]},{\"@type\":\"ImageObject\",\"inLanguage\":\"it-IT\",\"@id\":\"https:\\\/\\\/www.monaco-tribune.com\\\/it\\\/2025\\\/10\\\/rokethon-2025-passseggiate-con-il-vostro-cane-a-fianco-della-principessa-charlene-per-difendere-la-causa-animale\\\/#primaryimage\",\"url\":\"https:\\\/\\\/www.monaco-tribune.com\\\/wp-content\\\/uploads\\\/2025\\\/10\\\/rokethon-2024_sas-princesse-charlene-chris-derose-sylvia-sermenghi.jpg\",\"contentUrl\":\"https:\\\/\\\/www.monaco-tribune.com\\\/wp-content\\\/uploads\\\/2025\\\/10\\\/rokethon-2024_sas-princesse-charlene-chris-derose-sylvia-sermenghi.jpg\",\"width\":1200,\"height\":800,\"caption\":\"Rokethon 2024 con la Principessa Charl\u00e8ne, Chris DeRose e Sylvia Sermenghi \u00a9 Claudia Albuquerque\"},{\"@type\":\"BreadcrumbList\",\"@id\":\"https:\\\/\\\/www.monaco-tribune.com\\\/it\\\/2025\\\/10\\\/rokethon-2025-passseggiate-con-il-vostro-cane-a-fianco-della-principessa-charlene-per-difendere-la-causa-animale\\\/#breadcrumb\",\"itemListElement\":[{\"@type\":\"ListItem\",\"position\":1,\"name\":\"Accueil\",\"item\":\"https:\\\/\\\/www.monaco-tribune.com\\\/it\\\/\"},{\"@type\":\"ListItem\",\"position\":2,\"name\":\"Rokethon 2025: passseggiate con il vostro cane a fianco della Principessa Charl\u00e8ne per difendere la causa animale\"}]},{\"@type\":\"WebSite\",\"@id\":\"https:\\\/\\\/www.monaco-tribune.com\\\/it\\\/#website\",\"url\":\"https:\\\/\\\/www.monaco-tribune.com\\\/it\\\/\",\"name\":\"Monaco Tribune\",\"description\":\"Monaco : actualit\u00e9s \u00e9conomiques, politiques, culturelles et sportives de Monaco et de la French Riviera.\",\"publisher\":{\"@id\":\"https:\\\/\\\/www.monaco-tribune.com\\\/it\\\/#organization\"},\"potentialAction\":[{\"@type\":\"SearchAction\",\"target\":{\"@type\":\"EntryPoint\",\"urlTemplate\":\"https:\\\/\\\/www.monaco-tribune.com\\\/it\\\/?s={search_term_string}\"},\"query-input\":{\"@type\":\"PropertyValueSpecification\",\"valueRequired\":true,\"valueName\":\"search_term_string\"}}],\"inLanguage\":\"it-IT\"},{\"@type\":\"Organization\",\"@id\":\"https:\\\/\\\/www.monaco-tribune.com\\\/it\\\/#organization\",\"name\":\"Monaco Tribune\",\"url\":\"https:\\\/\\\/www.monaco-tribune.com\\\/it\\\/\",\"logo\":{\"@type\":\"ImageObject\",\"inLanguage\":\"it-IT\",\"@id\":\"https:\\\/\\\/www.monaco-tribune.com\\\/it\\\/#\\\/schema\\\/logo\\\/image\\\/\",\"url\":\"https:\\\/\\\/www.monaco-tribune.com\\\/wp-content\\\/uploads\\\/2022\\\/11\\\/logo-monaco-tribune.png\",\"contentUrl\":\"https:\\\/\\\/www.monaco-tribune.com\\\/wp-content\\\/uploads\\\/2022\\\/11\\\/logo-monaco-tribune.png\",\"width\":1548,\"height\":600,\"caption\":\"Monaco Tribune\"},\"image\":{\"@id\":\"https:\\\/\\\/www.monaco-tribune.com\\\/it\\\/#\\\/schema\\\/logo\\\/image\\\/\"},\"sameAs\":[\"https:\\\/\\\/www.facebook.com\\\/MonacoTribune\",\"https:\\\/\\\/x.com\\\/MonacoTribune\",\"https:\\\/\\\/www.instagram.com\\\/monacotribune\\\/\",\"https:\\\/\\\/www.linkedin.com\\\/company\\\/monaco-tribune\",\"https:\\\/\\\/www.youtube.com\\\/channel\\\/UCHle1MnG6hw1y4lWKijVbMA\"]},{\"@type\":\"Person\",\"@id\":\"https:\\\/\\\/www.monaco-tribune.com\\\/it\\\/#\\\/schema\\\/person\\\/3796f08c04a1ae0bf5db7629e63acc06\",\"name\":\"Mark Linden\",\"image\":{\"@type\":\"ImageObject\",\"inLanguage\":\"it-IT\",\"@id\":\"https:\\\/\\\/secure.gravatar.com\\\/avatar\\\/d0130c037315ebbab849176573fa4be49bb085b56b56eef40dfdebd8b0dab200?s=96&d=mm&r=g\",\"url\":\"https:\\\/\\\/secure.gravatar.com\\\/avatar\\\/d0130c037315ebbab849176573fa4be49bb085b56b56eef40dfdebd8b0dab200?s=96&d=mm&r=g\",\"contentUrl\":\"https:\\\/\\\/secure.gravatar.com\\\/avatar\\\/d0130c037315ebbab849176573fa4be49bb085b56b56eef40dfdebd8b0dab200?s=96&d=mm&r=g\",\"caption\":\"Mark Linden\"},\"url\":\"https:\\\/\\\/www.monaco-tribune.com\\\/it\\\/author\\\/nielslinden\\\/\"}]}<\/script>\n<!-- \/ Yoast SEO Premium plugin. -->","yoast_head_json":{"title":"Rokethon 2025: passseggiate con il vostro cane a fianco della Principessa Charl\u00e8ne per difendere la causa animale","description":"Domenica 2 novembre, il Chapiteau di Fontvieille ospiter\u00e0 un evento solidale in cui padroni e cani cammineranno fianco a fianco per dire no all\u2019abbandono.","robots":{"index":"index","follow":"follow","max-snippet":"max-snippet:-1","max-image-preview":"max-image-preview:large","max-video-preview":"max-video-preview:-1"},"canonical":"https:\/\/www.monaco-tribune.com\/it\/2025\/10\/rokethon-2025-passseggiate-con-il-vostro-cane-a-fianco-della-principessa-charlene-per-difendere-la-causa-animale\/","og_locale":"it_IT","og_type":"article","og_title":"Rokethon 2025: passseggiate con il vostro cane a fianco della Principessa Charl\u00e8ne per difendere la causa animale - Monaco Tribune","og_description":"Domenica 2 novembre, il Chapiteau di Fontvieille ospiter\u00e0 un evento solidale in cui padroni e cani cammineranno fianco a fianco per dire no all\u2019abbandono.","og_url":"https:\/\/www.monaco-tribune.com\/it\/2025\/10\/rokethon-2025-passseggiate-con-il-vostro-cane-a-fianco-della-principessa-charlene-per-difendere-la-causa-animale\/","og_site_name":"Monaco Tribune","article_publisher":"https:\/\/www.facebook.com\/MonacoTribune","article_published_time":"2025-10-28T13:31:36+00:00","article_modified_time":"2025-10-28T13:31:41+00:00","og_image":[{"width":1200,"height":800,"url":"https:\/\/www.monaco-tribune.com\/wp-content\/uploads\/2025\/10\/rokethon-2024_sas-princesse-charlene-chris-derose-sylvia-sermenghi.jpg","type":"image\/jpeg"}],"author":"Mark Linden","twitter_card":"summary_large_image","twitter_creator":"@MonacoTribune","twitter_site":"@MonacoTribune","schema":{"@context":"https:\/\/schema.org","@graph":[{"@type":"NewsArticle","@id":"https:\/\/www.monaco-tribune.com\/it\/2025\/10\/rokethon-2025-passseggiate-con-il-vostro-cane-a-fianco-della-principessa-charlene-per-difendere-la-causa-animale\/#article","isPartOf":{"@id":"https:\/\/www.monaco-tribune.com\/it\/2025\/10\/rokethon-2025-passseggiate-con-il-vostro-cane-a-fianco-della-principessa-charlene-per-difendere-la-causa-animale\/"},"author":{"name":"Mark Linden","@id":"https:\/\/www.monaco-tribune.com\/it\/#\/schema\/person\/3796f08c04a1ae0bf5db7629e63acc06"},"headline":"Rokethon 2025: passseggiate con il vostro cane a fianco della Principessa Charl\u00e8ne per difendere la causa animale","datePublished":"2025-10-28T13:31:36+00:00","dateModified":"2025-10-28T13:31:41+00:00","mainEntityOfPage":{"@id":"https:\/\/www.monaco-tribune.com\/it\/2025\/10\/rokethon-2025-passseggiate-con-il-vostro-cane-a-fianco-della-principessa-charlene-per-difendere-la-causa-animale\/"},"wordCount":451,"publisher":{"@id":"https:\/\/www.monaco-tribune.com\/it\/#organization"},"image":{"@id":"https:\/\/www.monaco-tribune.com\/it\/2025\/10\/rokethon-2025-passseggiate-con-il-vostro-cane-a-fianco-della-principessa-charlene-per-difendere-la-causa-animale\/#primaryimage"},"thumbnailUrl":"https:\/\/www.monaco-tribune.com\/wp-content\/uploads\/2025\/10\/rokethon-2024_sas-princesse-charlene-chris-derose-sylvia-sermenghi.jpg","keywords":["Iniziative"],"articleSection":["La nostra scelta","Notizie","Societ\u00e0"],"inLanguage":"it-IT","copyrightYear":"2025","copyrightHolder":{"@id":"https:\/\/www.monaco-tribune.com\/#organization"}},{"@type":"WebPage","@id":"https:\/\/www.monaco-tribune.com\/it\/2025\/10\/rokethon-2025-passseggiate-con-il-vostro-cane-a-fianco-della-principessa-charlene-per-difendere-la-causa-animale\/","url":"https:\/\/www.monaco-tribune.com\/it\/2025\/10\/rokethon-2025-passseggiate-con-il-vostro-cane-a-fianco-della-principessa-charlene-per-difendere-la-causa-animale\/","name":"Rokethon 2025: passseggiate con il vostro cane a fianco della Principessa Charl\u00e8ne per difendere la causa animale","isPartOf":{"@id":"https:\/\/www.monaco-tribune.com\/it\/#website"},"primaryImageOfPage":{"@id":"https:\/\/www.monaco-tribune.com\/it\/2025\/10\/rokethon-2025-passseggiate-con-il-vostro-cane-a-fianco-della-principessa-charlene-per-difendere-la-causa-animale\/#primaryimage"},"image":{"@id":"https:\/\/www.monaco-tribune.com\/it\/2025\/10\/rokethon-2025-passseggiate-con-il-vostro-cane-a-fianco-della-principessa-charlene-per-difendere-la-causa-animale\/#primaryimage"},"thumbnailUrl":"https:\/\/www.monaco-tribune.com\/wp-content\/uploads\/2025\/10\/rokethon-2024_sas-princesse-charlene-chris-derose-sylvia-sermenghi.jpg","datePublished":"2025-10-28T13:31:36+00:00","dateModified":"2025-10-28T13:31:41+00:00","description":"Domenica 2 novembre, il Chapiteau di Fontvieille ospiter\u00e0 un evento solidale in cui padroni e cani cammineranno fianco a fianco per dire no all\u2019abbandono.","breadcrumb":{"@id":"https:\/\/www.monaco-tribune.com\/it\/2025\/10\/rokethon-2025-passseggiate-con-il-vostro-cane-a-fianco-della-principessa-charlene-per-difendere-la-causa-animale\/#breadcrumb"},"inLanguage":"it-IT","potentialAction":[{"@type":"ReadAction","target":["https:\/\/www.monaco-tribune.com\/it\/2025\/10\/rokethon-2025-passseggiate-con-il-vostro-cane-a-fianco-della-principessa-charlene-per-difendere-la-causa-animale\/"]}]},{"@type":"ImageObject","inLanguage":"it-IT","@id":"https:\/\/www.monaco-tribune.com\/it\/2025\/10\/rokethon-2025-passseggiate-con-il-vostro-cane-a-fianco-della-principessa-charlene-per-difendere-la-causa-animale\/#primaryimage","url":"https:\/\/www.monaco-tribune.com\/wp-content\/uploads\/2025\/10\/rokethon-2024_sas-princesse-charlene-chris-derose-sylvia-sermenghi.jpg","contentUrl":"https:\/\/www.monaco-tribune.com\/wp-content\/uploads\/2025\/10\/rokethon-2024_sas-princesse-charlene-chris-derose-sylvia-sermenghi.jpg","width":1200,"height":800,"caption":"Rokethon 2024 con la Principessa Charl\u00e8ne, Chris DeRose e Sylvia Sermenghi \u00a9 Claudia Albuquerque"},{"@type":"BreadcrumbList","@id":"https:\/\/www.monaco-tribune.com\/it\/2025\/10\/rokethon-2025-passseggiate-con-il-vostro-cane-a-fianco-della-principessa-charlene-per-difendere-la-causa-animale\/#breadcrumb","itemListElement":[{"@type":"ListItem","position":1,"name":"Accueil","item":"https:\/\/www.monaco-tribune.com\/it\/"},{"@type":"ListItem","position":2,"name":"Rokethon 2025: passseggiate con il vostro cane a fianco della Principessa Charl\u00e8ne per difendere la causa animale"}]},{"@type":"WebSite","@id":"https:\/\/www.monaco-tribune.com\/it\/#website","url":"https:\/\/www.monaco-tribune.com\/it\/","name":"Monaco Tribune","description":"Monaco : actualit\u00e9s \u00e9conomiques, politiques, culturelles et sportives de Monaco et de la French Riviera.","publisher":{"@id":"https:\/\/www.monaco-tribune.com\/it\/#organization"},"potentialAction":[{"@type":"SearchAction","target":{"@type":"EntryPoint","urlTemplate":"https:\/\/www.monaco-tribune.com\/it\/?s={search_term_string}"},"query-input":{"@type":"PropertyValueSpecification","valueRequired":true,"valueName":"search_term_string"}}],"inLanguage":"it-IT"},{"@type":"Organization","@id":"https:\/\/www.monaco-tribune.com\/it\/#organization","name":"Monaco Tribune","url":"https:\/\/www.monaco-tribune.com\/it\/","logo":{"@type":"ImageObject","inLanguage":"it-IT","@id":"https:\/\/www.monaco-tribune.com\/it\/#\/schema\/logo\/image\/","url":"https:\/\/www.monaco-tribune.com\/wp-content\/uploads\/2022\/11\/logo-monaco-tribune.png","contentUrl":"https:\/\/www.monaco-tribune.com\/wp-content\/uploads\/2022\/11\/logo-monaco-tribune.png","width":1548,"height":600,"caption":"Monaco Tribune"},"image":{"@id":"https:\/\/www.monaco-tribune.com\/it\/#\/schema\/logo\/image\/"},"sameAs":["https:\/\/www.facebook.com\/MonacoTribune","https:\/\/x.com\/MonacoTribune","https:\/\/www.instagram.com\/monacotribune\/","https:\/\/www.linkedin.com\/company\/monaco-tribune","https:\/\/www.youtube.com\/channel\/UCHle1MnG6hw1y4lWKijVbMA"]},{"@type":"Person","@id":"https:\/\/www.monaco-tribune.com\/it\/#\/schema\/person\/3796f08c04a1ae0bf5db7629e63acc06","name":"Mark Linden","image":{"@type":"ImageObject","inLanguage":"it-IT","@id":"https:\/\/secure.gravatar.com\/avatar\/d0130c037315ebbab849176573fa4be49bb085b56b56eef40dfdebd8b0dab200?s=96&d=mm&r=g","url":"https:\/\/secure.gravatar.com\/avatar\/d0130c037315ebbab849176573fa4be49bb085b56b56eef40dfdebd8b0dab200?s=96&d=mm&r=g","contentUrl":"https:\/\/secure.gravatar.com\/avatar\/d0130c037315ebbab849176573fa4be49bb085b56b56eef40dfdebd8b0dab200?s=96&d=mm&r=g","caption":"Mark Linden"},"url":"https:\/\/www.monaco-tribune.com\/it\/author\/nielslinden\/"}]}},"_links":{"self":[{"href":"https:\/\/www.monaco-tribune.com\/it\/wp-json\/wp\/v2\/posts\/321675","targetHints":{"allow":["GET"]}}],"collection":[{"href":"https:\/\/www.monaco-tribune.com\/it\/wp-json\/wp\/v2\/posts"}],"about":[{"href":"https:\/\/www.monaco-tribune.com\/it\/wp-json\/wp\/v2\/types\/post"}],"author":[{"embeddable":true,"href":"https:\/\/www.monaco-tribune.com\/it\/wp-json\/wp\/v2\/users\/78"}],"replies":[{"embeddable":true,"href":"https:\/\/www.monaco-tribune.com\/it\/wp-json\/wp\/v2\/comments?post=321675"}],"version-history":[{"count":2,"href":"https:\/\/www.monaco-tribune.com\/it\/wp-json\/wp\/v2\/posts\/321675\/revisions"}],"predecessor-version":[{"id":321679,"href":"https:\/\/www.monaco-tribune.com\/it\/wp-json\/wp\/v2\/posts\/321675\/revisions\/321679"}],"wp:featuredmedia":[{"embeddable":true,"href":"https:\/\/www.monaco-tribune.com\/it\/wp-json\/wp\/v2\/media\/321439"}],"wp:attachment":[{"href":"https:\/\/www.monaco-tribune.com\/it\/wp-json\/wp\/v2\/media?parent=321675"}],"wp:term":[{"taxonomy":"category","embeddable":true,"href":"https:\/\/www.monaco-tribune.com\/it\/wp-json\/wp\/v2\/categories?post=321675"},{"taxonomy":"post_tag","embeddable":true,"href":"https:\/\/www.monaco-tribune.com\/it\/wp-json\/wp\/v2\/tags?post=321675"},{"taxonomy":"sectag","embeddable":true,"href":"https:\/\/www.monaco-tribune.com\/it\/wp-json\/wp\/v2\/post_sectags?post=321675"},{"taxonomy":"format","embeddable":true,"href":"https:\/\/www.monaco-tribune.com\/it\/wp-json\/wp\/v2\/post_format?post=321675"}],"curies":[{"name":"wp","href":"https:\/\/api.w.org\/{rel}","templated":true}]}}