{"id":327623,"date":"2025-11-27T16:39:44","date_gmt":"2025-11-27T14:39:44","guid":{"rendered":"https:\/\/www.monaco-tribune.com\/2025\/11\/voi-e-i-vostri-cagnolini-le-foto-piu-belle\/"},"modified":"2025-11-29T07:00:08","modified_gmt":"2025-11-29T05:00:08","slug":"voi-e-i-vostri-cagnolini-le-foto-piu-belle","status":"publish","type":"post","link":"https:\/\/www.monaco-tribune.com\/it\/2025\/11\/voi-e-i-vostri-cagnolini-le-foto-piu-belle\/","title":{"rendered":"Voi e i vostri cagnolini: le foto pi\u00f9 belle"},"content":{"rendered":"\n<p><strong>Durante una passeggiata, in spiaggia, rannicchiati tra le vostre braccia o comodamente sistemati nelle vostre borse&#8230; siete stati in tanti a inviarci le foto dei vostri fedeli amici a quattro zampe. Ed \u00e8 stato un piacere per noi conoscerli!<\/strong><\/p>\n\n<p>Sulla nostra <a href=\"https:\/\/www.facebook.com\/MonacoTribune\">pagina Facebook<\/a> abbiamo lanciato un concorso fotografico con in palio una seduta completa di toelettatura presso il Doggy Club Monaco. Bastava condividere una foto insieme al proprio cane. Pi\u00f9 di quaranta hanno partecipato: ecco una selezione delle nostre foto preferite.<\/p>\n\n<h2 class=\"wp-block-heading\" id=\"h-des-toutous-complices\">Cagnolini complici<\/h2>\n\n<p>Davanti all&#8217;obiettivo, alcuni cani non hanno nulla da invidiare alle modelle: sorrisi smaglianti, lingue tirate fuori, sguardi affascinanti&#8230; Romina posa in in Avenue de la Porte Neuve con Danke e Coco. Helena ci racconta la sua splendida storia d&#8217;amore con il suo labrador alla Fiera di Monaco. Peggy ci presenta Kiwi, 12 anni, sempre sorridente.<\/p>\n\n<figure class=\"wp-block-gallery has-nested-images columns-default is-cropped wp-block-gallery-1 is-layout-flex wp-block-gallery-is-layout-flex\">\n<figure class=\"wp-block-image size-large\"><img decoding=\"async\" data-id=\"326785\" src=\"https:\/\/www.monaco-tribune.com\/wp-content\/uploads\/2025\/11\/&#xA9;-helena-voukassovitch-chien-monaco-1024x662.jpg\" alt=\"chien-monaco\" class=\"wp-image-326785\" \/><figcaption class=\"wp-element-caption\">\u00a9 Helena Voukassovitch<\/figcaption><\/figure>\n\n\n\n<figure class=\"wp-block-image size-large\"><img decoding=\"async\" data-id=\"326793\" src=\"https:\/\/www.monaco-tribune.com\/wp-content\/uploads\/2025\/11\/&#xA9;-romina-dina-gr-fb-chien-monaco.jpg\" alt=\"chien-monaco\" class=\"wp-image-326793\" \/><figcaption class=\"wp-element-caption\">\u00a9 Romina Dina<\/figcaption><\/figure>\n\n\n\n<figure class=\"wp-block-image size-large\"><img decoding=\"async\" data-id=\"326789\" src=\"https:\/\/www.monaco-tribune.com\/wp-content\/uploads\/2025\/11\/&#xA9;-nadia-ganovelli-chien-monaco.jpg\" alt=\"chien-monaco\" class=\"wp-image-326789\" \/><figcaption class=\"wp-element-caption\">\u00a9 Nadia Ganovelli<\/figcaption><\/figure>\n\n\n\n<figure class=\"wp-block-image size-large\"><img decoding=\"async\" data-id=\"326781\" src=\"https:\/\/www.monaco-tribune.com\/wp-content\/uploads\/2025\/11\/&#xA9;-peggy-jacob-chien-monaco.jpg\" alt=\"chien-monaco\" class=\"wp-image-326781\" \/><figcaption class=\"wp-element-caption\">\u00a9 Peggy Jacob<\/figcaption><\/figure>\n\n\n\n<figure class=\"wp-block-image size-large\"><img decoding=\"async\" data-id=\"326777\" src=\"https:\/\/www.monaco-tribune.com\/wp-content\/uploads\/2025\/11\/&#xA9;-giuliana-castano-bizzio-chien-monaco.jpg\" alt=\"chien-monaco\" class=\"wp-image-326777\" \/><figcaption class=\"wp-element-caption\">\u00a9 Giuliana Castano Bizzio<\/figcaption><\/figure>\n<\/figure>\n\n<h2 class=\"wp-block-heading\" id=\"h-en-balade\">In giro <\/h2>\n\n<p>Le passeggiate con i vostri cagnolini sono spesso l&#8217;occasione per scattare delle splendide foto. Che dire? Li portate sempre con voi, in qualsiasi circostanza.<\/p>\n\n<blockquote class=\"wp-embedded-content\" data-secret=\"75tEh4HJcP\"><a href=\"https:\/\/www.monaco-tribune.com\/it\/2025\/11\/i-cani-di-monaco-somigliano-ai-loro-padroni-inchiesta-al-rokethon\/\">I cani di Monaco somigliano ai loro padroni? Inchiesta al Rokethon<\/a><\/blockquote><iframe class=\"wp-embedded-content\" sandbox=\"allow-scripts\" security=\"restricted\" style=\"position: absolute; visibility: hidden;\" title=\"&#8220;I cani di Monaco somigliano ai loro padroni? Inchiesta al Rokethon&#8221; &#8212; Monaco Tribune\" src=\"https:\/\/www.monaco-tribune.com\/it\/2025\/11\/i-cani-di-monaco-somigliano-ai-loro-padroni-inchiesta-al-rokethon\/embed\/#?secret=Xni6zSQsyr#?secret=75tEh4HJcP\" data-secret=\"75tEh4HJcP\" width=\"500\" height=\"282\" frameborder=\"0\" marginwidth=\"0\" marginheight=\"0\" scrolling=\"no\"><\/iframe>\n\n<p>C&#8217;\u00e8 Jumpy in mare aperto, Margot in giro nello zaino in spalla o ancora Arthur e Marcel che si godono i dintorni del Larvotto. <\/p>\n\n<figure class=\"wp-block-gallery has-nested-images columns-default is-cropped wp-block-gallery-2 is-layout-flex wp-block-gallery-is-layout-flex\">\n<figure class=\"wp-block-image size-large\"><img decoding=\"async\" data-id=\"326798\" src=\"https:\/\/www.monaco-tribune.com\/wp-content\/uploads\/2025\/11\/&#xA9;-lena-krasnokucka-chien-monaco.jpg\" alt=\"\" class=\"wp-image-326798\" \/><figcaption class=\"wp-element-caption\">\u00a9 Lena Krasnokucka<\/figcaption><\/figure>\n\n\n\n<figure class=\"wp-block-image size-large\"><img decoding=\"async\" data-id=\"326806\" src=\"https:\/\/www.monaco-tribune.com\/wp-content\/uploads\/2025\/11\/&#xA9;-sylvie-viano-chien-monaco.jpg\" alt=\"\" class=\"wp-image-326806\" \/><figcaption class=\"wp-element-caption\">\u00a9 Sylvie Viano<\/figcaption><\/figure>\n\n\n\n<figure class=\"wp-block-image size-large\"><img decoding=\"async\" data-id=\"326810\" src=\"https:\/\/www.monaco-tribune.com\/wp-content\/uploads\/2025\/11\/&#xA9;-winny-wathelet-suffys-chien-monaco-789x1024.jpeg\" alt=\"\" class=\"wp-image-326810\" \/><figcaption class=\"wp-element-caption\">\u00a9 Winny Wathelet Suffys<\/figcaption><\/figure>\n<\/figure>\n\n<p>Anche Lisa Caussin Battaglia, vicecampionessa mondiale di moto d&#8217;acqua e pilota della E1 Series, ha voluto presentarci A\u00efka, la sua energica pastora australiana di 5 anni&#8230; ovviamente in acqua con lei!<\/p>\n<div class=\"wp-block-image\">\n<figure class=\"aligncenter size-large\"><img decoding=\"async\" src=\"https:\/\/www.monaco-tribune.com\/wp-content\/uploads\/2025\/11\/&#xA9;-lisa-caussin-battaglia-chien-monaco-856x1024.jpeg\" alt=\"chien-monaco-lisa-caussin-battaglia\" class=\"wp-image-326856\" \/><figcaption class=\"wp-element-caption\"><em>Proprio come la sua padrona, anche A\u00efka sembra apprezzare l&#8217;acqua \u00a9 Lisa Caussin Battaglia<\/em><\/figcaption><\/figure>\n<\/div>\n<h2 class=\"wp-block-heading\" id=\"h-de-gros-nounours\">Dei veri orsacchiotti<\/h2>\n\n<p>Come resistere alla tentazione di stringere questi adorabili batuffoli di pelo? Le vostre foto tenerissime parlano da sole!<\/p>\n\n<p>Ecco anche Jacques con le sue &#8220;tre principesse&#8221;, \u00c9lodie mentre coccola Abu ed \u00c9lisa in posa con Fire, il suo pastore delle Shetland. C&#8217;\u00e8 anche Penny, comodamente accoccolata tra le braccia del pap\u00e0 e, infine, Chantal con Gipsy, che ha appena compiuto 2 anni.<\/p>\n\n<figure class=\"wp-block-gallery has-nested-images columns-default is-cropped wp-block-gallery-3 is-layout-flex wp-block-gallery-is-layout-flex\">\n<figure class=\"wp-block-image size-large\"><img decoding=\"async\" data-id=\"326823\" src=\"https:\/\/www.monaco-tribune.com\/wp-content\/uploads\/2025\/11\/&#xA9;-jacques-cizeron-chien-monaco.jpg\" alt=\"chien-monaco\" class=\"wp-image-326823\" \/><figcaption class=\"wp-element-caption\">\u00a9 Jacques Cizeron<\/figcaption><\/figure>\n\n\n\n<figure class=\"wp-block-image size-large\"><img decoding=\"async\" data-id=\"326831\" src=\"https:\/\/www.monaco-tribune.com\/wp-content\/uploads\/2025\/11\/&#xA9;-elodie-charlet-chien-monaco-576x1024.jpg\" alt=\"chien-monaco\" class=\"wp-image-326831\" \/><figcaption class=\"wp-element-caption\">\u00a9 \u00c9lodie Charlet<\/figcaption><\/figure>\n\n\n\n<figure class=\"wp-block-image size-large\"><img decoding=\"async\" data-id=\"326827\" src=\"https:\/\/www.monaco-tribune.com\/wp-content\/uploads\/2025\/11\/&#xA9;-elisa-richelmi-chien-monaco.jpg\" alt=\"chien-monaco\" class=\"wp-image-326827\" \/><figcaption class=\"wp-element-caption\">\u00a9 \u00c9lisa Richelmi<\/figcaption><\/figure>\n\n\n\n<figure class=\"wp-block-image size-large\"><img decoding=\"async\" data-id=\"326839\" src=\"https:\/\/www.monaco-tribune.com\/wp-content\/uploads\/2025\/11\/&#xA9;-penny-chien-monaco-.jpg\" alt=\"chien-monaco\" class=\"wp-image-326839\" \/><figcaption class=\"wp-element-caption\">\u00a9 S\u00edlvia Oliveira<\/figcaption><\/figure>\n\n\n\n<figure class=\"wp-block-image size-large\"><img decoding=\"async\" data-id=\"326835\" src=\"https:\/\/www.monaco-tribune.com\/wp-content\/uploads\/2025\/11\/&#xA9;-chantal-dussex-chien-monaco.jpg\" alt=\"chien-monaco\" class=\"wp-image-326835\" \/><figcaption class=\"wp-element-caption\">\u00a9 Chantal Dussex<\/figcaption><\/figure>\n<\/figure>\n\n<h2 class=\"wp-block-heading\" id=\"h-notre-gagnante\">Il vincitore<\/h2>\n\n<p>Dopo il sorteggio, la vincitrice \u00e8 Martine Ackermann, che ci ha inviato una bellissima foto in riva al mare (in copertina del nostro articolo) con le sue tre cagnoline adottate. La seduta di toelettatura al Doggy Club Monaco sar\u00e0 quindi per Namaste, che secondo le parole della nostra vincitrice &#8220;assomiglia a una pecora&#8221;&#8230; e che sar\u00e0 felicissima di farsi coccolare! Grazie a tutti per la vostra partecipazione e per i vostri stupendi amici a quattro zampe!<\/p>\n","protected":false},"excerpt":{"rendered":"<p>Durante una passeggiata, in spiaggia, rannicchiati tra le vostre braccia o comodamente sistemati nelle vostre borse&#8230; siete stati in tanti [&hellip;]<\/p>\n","protected":false},"author":81,"featured_media":326849,"comment_status":"closed","ping_status":"closed","sticky":false,"template":"","format":"standard","meta":{"_acf_changed":false,"footnotes":""},"categories":[2433,1738],"tags":[3261],"post_sectags":[],"post_format":[2470],"class_list":["post-327623","post","type-post","status-publish","format-standard","has-post-thumbnail","hentry","category-le-vostre-opinioni","category-notizie","tag-vita-locale","format-concorso"],"acf":[],"yoast_head":"<!-- This site is optimized with the Yoast SEO Premium plugin v26.8 (Yoast SEO v27.4) - https:\/\/yoast.com\/product\/yoast-seo-premium-wordpress\/ -->\n<title>Voi e i vostri cagnolini: le foto pi\u00f9 belle<\/title>\n<meta name=\"description\" content=\"Durante una passeggiata, in spiaggia, rannicchiati tra le vostre braccia o comodamente sistemati nelle vostre borse... siete stati in tanti a inviarci le\" \/>\n<meta name=\"robots\" content=\"index, follow, max-snippet:-1, max-image-preview:large, max-video-preview:-1\" \/>\n<link rel=\"canonical\" href=\"https:\/\/www.monaco-tribune.com\/it\/2025\/11\/voi-e-i-vostri-cagnolini-le-foto-piu-belle\/\" \/>\n<meta property=\"og:locale\" content=\"it_IT\" \/>\n<meta property=\"og:type\" content=\"article\" \/>\n<meta property=\"og:title\" content=\"Voi e i vostri cagnolini: le foto pi\u00f9 belle - Monaco Tribune\" \/>\n<meta property=\"og:description\" content=\"Durante una passeggiata, in spiaggia, rannicchiati tra le vostre braccia o comodamente sistemati nelle vostre borse... siete stati in tanti a inviarci le\" \/>\n<meta property=\"og:url\" content=\"https:\/\/www.monaco-tribune.com\/it\/2025\/11\/voi-e-i-vostri-cagnolini-le-foto-piu-belle\/\" \/>\n<meta property=\"og:site_name\" content=\"Monaco Tribune\" \/>\n<meta property=\"article:publisher\" content=\"https:\/\/www.facebook.com\/MonacoTribune\" \/>\n<meta property=\"article:published_time\" content=\"2025-11-27T14:39:44+00:00\" \/>\n<meta property=\"article:modified_time\" content=\"2025-11-29T05:00:08+00:00\" \/>\n<meta property=\"og:image\" content=\"https:\/\/www.monaco-tribune.com\/wp-content\/uploads\/2025\/11\/\u00a9-martine-ackermann-chien-monaco.jpg\" \/>\n\t<meta property=\"og:image:width\" content=\"960\" \/>\n\t<meta property=\"og:image:height\" content=\"704\" \/>\n\t<meta property=\"og:image:type\" content=\"image\/jpeg\" \/>\n<meta name=\"author\" content=\"Lo\u00efc Savaresse\" \/>\n<meta name=\"twitter:card\" content=\"summary_large_image\" \/>\n<meta name=\"twitter:creator\" content=\"@MonacoTribune\" \/>\n<meta name=\"twitter:site\" content=\"@MonacoTribune\" \/>\n<script type=\"application\/ld+json\" class=\"yoast-schema-graph\">{\"@context\":\"https:\\\/\\\/schema.org\",\"@graph\":[{\"@type\":\"NewsArticle\",\"@id\":\"https:\\\/\\\/www.monaco-tribune.com\\\/it\\\/2025\\\/11\\\/voi-e-i-vostri-cagnolini-le-foto-piu-belle\\\/#article\",\"isPartOf\":{\"@id\":\"https:\\\/\\\/www.monaco-tribune.com\\\/it\\\/2025\\\/11\\\/voi-e-i-vostri-cagnolini-le-foto-piu-belle\\\/\"},\"author\":{\"name\":\"Lo\u00efc Savaresse\",\"@id\":\"https:\\\/\\\/www.monaco-tribune.com\\\/it\\\/#\\\/schema\\\/person\\\/038be413d70c68969e8c6013f2520a39\"},\"headline\":\"Voi e i vostri cagnolini: le foto pi\u00f9 belle\",\"datePublished\":\"2025-11-27T14:39:44+00:00\",\"dateModified\":\"2025-11-29T05:00:08+00:00\",\"mainEntityOfPage\":{\"@id\":\"https:\\\/\\\/www.monaco-tribune.com\\\/it\\\/2025\\\/11\\\/voi-e-i-vostri-cagnolini-le-foto-piu-belle\\\/\"},\"wordCount\":421,\"publisher\":{\"@id\":\"https:\\\/\\\/www.monaco-tribune.com\\\/it\\\/#organization\"},\"image\":{\"@id\":\"https:\\\/\\\/www.monaco-tribune.com\\\/it\\\/2025\\\/11\\\/voi-e-i-vostri-cagnolini-le-foto-piu-belle\\\/#primaryimage\"},\"thumbnailUrl\":\"https:\\\/\\\/www.monaco-tribune.com\\\/wp-content\\\/uploads\\\/2025\\\/11\\\/\u00a9-martine-ackermann-chien-monaco.jpg\",\"keywords\":[\"Vita locale\"],\"articleSection\":[\"Le vostre opinioni\",\"Notizie\"],\"inLanguage\":\"it-IT\",\"copyrightYear\":\"2025\",\"copyrightHolder\":{\"@id\":\"https:\\\/\\\/www.monaco-tribune.com\\\/#organization\"}},{\"@type\":\"WebPage\",\"@id\":\"https:\\\/\\\/www.monaco-tribune.com\\\/it\\\/2025\\\/11\\\/voi-e-i-vostri-cagnolini-le-foto-piu-belle\\\/\",\"url\":\"https:\\\/\\\/www.monaco-tribune.com\\\/it\\\/2025\\\/11\\\/voi-e-i-vostri-cagnolini-le-foto-piu-belle\\\/\",\"name\":\"Voi e i vostri cagnolini: le foto pi\u00f9 belle\",\"isPartOf\":{\"@id\":\"https:\\\/\\\/www.monaco-tribune.com\\\/it\\\/#website\"},\"primaryImageOfPage\":{\"@id\":\"https:\\\/\\\/www.monaco-tribune.com\\\/it\\\/2025\\\/11\\\/voi-e-i-vostri-cagnolini-le-foto-piu-belle\\\/#primaryimage\"},\"image\":{\"@id\":\"https:\\\/\\\/www.monaco-tribune.com\\\/it\\\/2025\\\/11\\\/voi-e-i-vostri-cagnolini-le-foto-piu-belle\\\/#primaryimage\"},\"thumbnailUrl\":\"https:\\\/\\\/www.monaco-tribune.com\\\/wp-content\\\/uploads\\\/2025\\\/11\\\/\u00a9-martine-ackermann-chien-monaco.jpg\",\"datePublished\":\"2025-11-27T14:39:44+00:00\",\"dateModified\":\"2025-11-29T05:00:08+00:00\",\"description\":\"Durante una passeggiata, in spiaggia, rannicchiati tra le vostre braccia o comodamente sistemati nelle vostre borse... siete stati in tanti a inviarci le\",\"breadcrumb\":{\"@id\":\"https:\\\/\\\/www.monaco-tribune.com\\\/it\\\/2025\\\/11\\\/voi-e-i-vostri-cagnolini-le-foto-piu-belle\\\/#breadcrumb\"},\"inLanguage\":\"it-IT\",\"potentialAction\":[{\"@type\":\"ReadAction\",\"target\":[\"https:\\\/\\\/www.monaco-tribune.com\\\/it\\\/2025\\\/11\\\/voi-e-i-vostri-cagnolini-le-foto-piu-belle\\\/\"]}]},{\"@type\":\"ImageObject\",\"inLanguage\":\"it-IT\",\"@id\":\"https:\\\/\\\/www.monaco-tribune.com\\\/it\\\/2025\\\/11\\\/voi-e-i-vostri-cagnolini-le-foto-piu-belle\\\/#primaryimage\",\"url\":\"https:\\\/\\\/www.monaco-tribune.com\\\/wp-content\\\/uploads\\\/2025\\\/11\\\/\u00a9-martine-ackermann-chien-monaco.jpg\",\"contentUrl\":\"https:\\\/\\\/www.monaco-tribune.com\\\/wp-content\\\/uploads\\\/2025\\\/11\\\/\u00a9-martine-ackermann-chien-monaco.jpg\",\"width\":960,\"height\":704,\"caption\":\"I vostri amici a quattro zampe hanno una vita meravigliosa nel Principato \u00a9 Martine Ackermann\"},{\"@type\":\"BreadcrumbList\",\"@id\":\"https:\\\/\\\/www.monaco-tribune.com\\\/it\\\/2025\\\/11\\\/voi-e-i-vostri-cagnolini-le-foto-piu-belle\\\/#breadcrumb\",\"itemListElement\":[{\"@type\":\"ListItem\",\"position\":1,\"name\":\"Accueil\",\"item\":\"https:\\\/\\\/www.monaco-tribune.com\\\/it\\\/\"},{\"@type\":\"ListItem\",\"position\":2,\"name\":\"Voi e i vostri cagnolini: le foto pi\u00f9 belle\"}]},{\"@type\":\"WebSite\",\"@id\":\"https:\\\/\\\/www.monaco-tribune.com\\\/it\\\/#website\",\"url\":\"https:\\\/\\\/www.monaco-tribune.com\\\/it\\\/\",\"name\":\"Monaco Tribune\",\"description\":\"Monaco : actualit\u00e9s \u00e9conomiques, politiques, culturelles et sportives de Monaco et de la French Riviera.\",\"publisher\":{\"@id\":\"https:\\\/\\\/www.monaco-tribune.com\\\/it\\\/#organization\"},\"potentialAction\":[{\"@type\":\"SearchAction\",\"target\":{\"@type\":\"EntryPoint\",\"urlTemplate\":\"https:\\\/\\\/www.monaco-tribune.com\\\/it\\\/?s={search_term_string}\"},\"query-input\":{\"@type\":\"PropertyValueSpecification\",\"valueRequired\":true,\"valueName\":\"search_term_string\"}}],\"inLanguage\":\"it-IT\"},{\"@type\":\"Organization\",\"@id\":\"https:\\\/\\\/www.monaco-tribune.com\\\/it\\\/#organization\",\"name\":\"Monaco Tribune\",\"url\":\"https:\\\/\\\/www.monaco-tribune.com\\\/it\\\/\",\"logo\":{\"@type\":\"ImageObject\",\"inLanguage\":\"it-IT\",\"@id\":\"https:\\\/\\\/www.monaco-tribune.com\\\/it\\\/#\\\/schema\\\/logo\\\/image\\\/\",\"url\":\"https:\\\/\\\/www.monaco-tribune.com\\\/wp-content\\\/uploads\\\/2022\\\/11\\\/logo-monaco-tribune.png\",\"contentUrl\":\"https:\\\/\\\/www.monaco-tribune.com\\\/wp-content\\\/uploads\\\/2022\\\/11\\\/logo-monaco-tribune.png\",\"width\":1548,\"height\":600,\"caption\":\"Monaco Tribune\"},\"image\":{\"@id\":\"https:\\\/\\\/www.monaco-tribune.com\\\/it\\\/#\\\/schema\\\/logo\\\/image\\\/\"},\"sameAs\":[\"https:\\\/\\\/www.facebook.com\\\/MonacoTribune\",\"https:\\\/\\\/x.com\\\/MonacoTribune\",\"https:\\\/\\\/www.instagram.com\\\/monacotribune\\\/\",\"https:\\\/\\\/www.linkedin.com\\\/company\\\/monaco-tribune\",\"https:\\\/\\\/www.youtube.com\\\/channel\\\/UCHle1MnG6hw1y4lWKijVbMA\"]},{\"@type\":\"Person\",\"@id\":\"https:\\\/\\\/www.monaco-tribune.com\\\/it\\\/#\\\/schema\\\/person\\\/038be413d70c68969e8c6013f2520a39\",\"name\":\"Lo\u00efc Savaresse\",\"image\":{\"@type\":\"ImageObject\",\"inLanguage\":\"it-IT\",\"@id\":\"https:\\\/\\\/secure.gravatar.com\\\/avatar\\\/f6455af3179531c6fa982f7fbf5b31fba068c938a5ce7786e5fb7d84a2393df0?s=96&d=mm&r=g\",\"url\":\"https:\\\/\\\/secure.gravatar.com\\\/avatar\\\/f6455af3179531c6fa982f7fbf5b31fba068c938a5ce7786e5fb7d84a2393df0?s=96&d=mm&r=g\",\"contentUrl\":\"https:\\\/\\\/secure.gravatar.com\\\/avatar\\\/f6455af3179531c6fa982f7fbf5b31fba068c938a5ce7786e5fb7d84a2393df0?s=96&d=mm&r=g\",\"caption\":\"Lo\u00efc Savaresse\"},\"url\":\"https:\\\/\\\/www.monaco-tribune.com\\\/it\\\/author\\\/loicsavaresse\\\/\"}]}<\/script>\n<!-- \/ Yoast SEO Premium plugin. -->","yoast_head_json":{"title":"Voi e i vostri cagnolini: le foto pi\u00f9 belle","description":"Durante una passeggiata, in spiaggia, rannicchiati tra le vostre braccia o comodamente sistemati nelle vostre borse... siete stati in tanti a inviarci le","robots":{"index":"index","follow":"follow","max-snippet":"max-snippet:-1","max-image-preview":"max-image-preview:large","max-video-preview":"max-video-preview:-1"},"canonical":"https:\/\/www.monaco-tribune.com\/it\/2025\/11\/voi-e-i-vostri-cagnolini-le-foto-piu-belle\/","og_locale":"it_IT","og_type":"article","og_title":"Voi e i vostri cagnolini: le foto pi\u00f9 belle - Monaco Tribune","og_description":"Durante una passeggiata, in spiaggia, rannicchiati tra le vostre braccia o comodamente sistemati nelle vostre borse... siete stati in tanti a inviarci le","og_url":"https:\/\/www.monaco-tribune.com\/it\/2025\/11\/voi-e-i-vostri-cagnolini-le-foto-piu-belle\/","og_site_name":"Monaco Tribune","article_publisher":"https:\/\/www.facebook.com\/MonacoTribune","article_published_time":"2025-11-27T14:39:44+00:00","article_modified_time":"2025-11-29T05:00:08+00:00","og_image":[{"width":960,"height":704,"url":"https:\/\/www.monaco-tribune.com\/wp-content\/uploads\/2025\/11\/\u00a9-martine-ackermann-chien-monaco.jpg","type":"image\/jpeg"}],"author":"Lo\u00efc Savaresse","twitter_card":"summary_large_image","twitter_creator":"@MonacoTribune","twitter_site":"@MonacoTribune","schema":{"@context":"https:\/\/schema.org","@graph":[{"@type":"NewsArticle","@id":"https:\/\/www.monaco-tribune.com\/it\/2025\/11\/voi-e-i-vostri-cagnolini-le-foto-piu-belle\/#article","isPartOf":{"@id":"https:\/\/www.monaco-tribune.com\/it\/2025\/11\/voi-e-i-vostri-cagnolini-le-foto-piu-belle\/"},"author":{"name":"Lo\u00efc Savaresse","@id":"https:\/\/www.monaco-tribune.com\/it\/#\/schema\/person\/038be413d70c68969e8c6013f2520a39"},"headline":"Voi e i vostri cagnolini: le foto pi\u00f9 belle","datePublished":"2025-11-27T14:39:44+00:00","dateModified":"2025-11-29T05:00:08+00:00","mainEntityOfPage":{"@id":"https:\/\/www.monaco-tribune.com\/it\/2025\/11\/voi-e-i-vostri-cagnolini-le-foto-piu-belle\/"},"wordCount":421,"publisher":{"@id":"https:\/\/www.monaco-tribune.com\/it\/#organization"},"image":{"@id":"https:\/\/www.monaco-tribune.com\/it\/2025\/11\/voi-e-i-vostri-cagnolini-le-foto-piu-belle\/#primaryimage"},"thumbnailUrl":"https:\/\/www.monaco-tribune.com\/wp-content\/uploads\/2025\/11\/\u00a9-martine-ackermann-chien-monaco.jpg","keywords":["Vita locale"],"articleSection":["Le vostre opinioni","Notizie"],"inLanguage":"it-IT","copyrightYear":"2025","copyrightHolder":{"@id":"https:\/\/www.monaco-tribune.com\/#organization"}},{"@type":"WebPage","@id":"https:\/\/www.monaco-tribune.com\/it\/2025\/11\/voi-e-i-vostri-cagnolini-le-foto-piu-belle\/","url":"https:\/\/www.monaco-tribune.com\/it\/2025\/11\/voi-e-i-vostri-cagnolini-le-foto-piu-belle\/","name":"Voi e i vostri cagnolini: le foto pi\u00f9 belle","isPartOf":{"@id":"https:\/\/www.monaco-tribune.com\/it\/#website"},"primaryImageOfPage":{"@id":"https:\/\/www.monaco-tribune.com\/it\/2025\/11\/voi-e-i-vostri-cagnolini-le-foto-piu-belle\/#primaryimage"},"image":{"@id":"https:\/\/www.monaco-tribune.com\/it\/2025\/11\/voi-e-i-vostri-cagnolini-le-foto-piu-belle\/#primaryimage"},"thumbnailUrl":"https:\/\/www.monaco-tribune.com\/wp-content\/uploads\/2025\/11\/\u00a9-martine-ackermann-chien-monaco.jpg","datePublished":"2025-11-27T14:39:44+00:00","dateModified":"2025-11-29T05:00:08+00:00","description":"Durante una passeggiata, in spiaggia, rannicchiati tra le vostre braccia o comodamente sistemati nelle vostre borse... siete stati in tanti a inviarci le","breadcrumb":{"@id":"https:\/\/www.monaco-tribune.com\/it\/2025\/11\/voi-e-i-vostri-cagnolini-le-foto-piu-belle\/#breadcrumb"},"inLanguage":"it-IT","potentialAction":[{"@type":"ReadAction","target":["https:\/\/www.monaco-tribune.com\/it\/2025\/11\/voi-e-i-vostri-cagnolini-le-foto-piu-belle\/"]}]},{"@type":"ImageObject","inLanguage":"it-IT","@id":"https:\/\/www.monaco-tribune.com\/it\/2025\/11\/voi-e-i-vostri-cagnolini-le-foto-piu-belle\/#primaryimage","url":"https:\/\/www.monaco-tribune.com\/wp-content\/uploads\/2025\/11\/\u00a9-martine-ackermann-chien-monaco.jpg","contentUrl":"https:\/\/www.monaco-tribune.com\/wp-content\/uploads\/2025\/11\/\u00a9-martine-ackermann-chien-monaco.jpg","width":960,"height":704,"caption":"I vostri amici a quattro zampe hanno una vita meravigliosa nel Principato \u00a9 Martine Ackermann"},{"@type":"BreadcrumbList","@id":"https:\/\/www.monaco-tribune.com\/it\/2025\/11\/voi-e-i-vostri-cagnolini-le-foto-piu-belle\/#breadcrumb","itemListElement":[{"@type":"ListItem","position":1,"name":"Accueil","item":"https:\/\/www.monaco-tribune.com\/it\/"},{"@type":"ListItem","position":2,"name":"Voi e i vostri cagnolini: le foto pi\u00f9 belle"}]},{"@type":"WebSite","@id":"https:\/\/www.monaco-tribune.com\/it\/#website","url":"https:\/\/www.monaco-tribune.com\/it\/","name":"Monaco Tribune","description":"Monaco : actualit\u00e9s \u00e9conomiques, politiques, culturelles et sportives de Monaco et de la French Riviera.","publisher":{"@id":"https:\/\/www.monaco-tribune.com\/it\/#organization"},"potentialAction":[{"@type":"SearchAction","target":{"@type":"EntryPoint","urlTemplate":"https:\/\/www.monaco-tribune.com\/it\/?s={search_term_string}"},"query-input":{"@type":"PropertyValueSpecification","valueRequired":true,"valueName":"search_term_string"}}],"inLanguage":"it-IT"},{"@type":"Organization","@id":"https:\/\/www.monaco-tribune.com\/it\/#organization","name":"Monaco Tribune","url":"https:\/\/www.monaco-tribune.com\/it\/","logo":{"@type":"ImageObject","inLanguage":"it-IT","@id":"https:\/\/www.monaco-tribune.com\/it\/#\/schema\/logo\/image\/","url":"https:\/\/www.monaco-tribune.com\/wp-content\/uploads\/2022\/11\/logo-monaco-tribune.png","contentUrl":"https:\/\/www.monaco-tribune.com\/wp-content\/uploads\/2022\/11\/logo-monaco-tribune.png","width":1548,"height":600,"caption":"Monaco Tribune"},"image":{"@id":"https:\/\/www.monaco-tribune.com\/it\/#\/schema\/logo\/image\/"},"sameAs":["https:\/\/www.facebook.com\/MonacoTribune","https:\/\/x.com\/MonacoTribune","https:\/\/www.instagram.com\/monacotribune\/","https:\/\/www.linkedin.com\/company\/monaco-tribune","https:\/\/www.youtube.com\/channel\/UCHle1MnG6hw1y4lWKijVbMA"]},{"@type":"Person","@id":"https:\/\/www.monaco-tribune.com\/it\/#\/schema\/person\/038be413d70c68969e8c6013f2520a39","name":"Lo\u00efc Savaresse","image":{"@type":"ImageObject","inLanguage":"it-IT","@id":"https:\/\/secure.gravatar.com\/avatar\/f6455af3179531c6fa982f7fbf5b31fba068c938a5ce7786e5fb7d84a2393df0?s=96&d=mm&r=g","url":"https:\/\/secure.gravatar.com\/avatar\/f6455af3179531c6fa982f7fbf5b31fba068c938a5ce7786e5fb7d84a2393df0?s=96&d=mm&r=g","contentUrl":"https:\/\/secure.gravatar.com\/avatar\/f6455af3179531c6fa982f7fbf5b31fba068c938a5ce7786e5fb7d84a2393df0?s=96&d=mm&r=g","caption":"Lo\u00efc Savaresse"},"url":"https:\/\/www.monaco-tribune.com\/it\/author\/loicsavaresse\/"}]}},"_links":{"self":[{"href":"https:\/\/www.monaco-tribune.com\/it\/wp-json\/wp\/v2\/posts\/327623","targetHints":{"allow":["GET"]}}],"collection":[{"href":"https:\/\/www.monaco-tribune.com\/it\/wp-json\/wp\/v2\/posts"}],"about":[{"href":"https:\/\/www.monaco-tribune.com\/it\/wp-json\/wp\/v2\/types\/post"}],"author":[{"embeddable":true,"href":"https:\/\/www.monaco-tribune.com\/it\/wp-json\/wp\/v2\/users\/81"}],"replies":[{"embeddable":true,"href":"https:\/\/www.monaco-tribune.com\/it\/wp-json\/wp\/v2\/comments?post=327623"}],"version-history":[{"count":4,"href":"https:\/\/www.monaco-tribune.com\/it\/wp-json\/wp\/v2\/posts\/327623\/revisions"}],"predecessor-version":[{"id":327902,"href":"https:\/\/www.monaco-tribune.com\/it\/wp-json\/wp\/v2\/posts\/327623\/revisions\/327902"}],"wp:featuredmedia":[{"embeddable":true,"href":"https:\/\/www.monaco-tribune.com\/it\/wp-json\/wp\/v2\/media\/326849"}],"wp:attachment":[{"href":"https:\/\/www.monaco-tribune.com\/it\/wp-json\/wp\/v2\/media?parent=327623"}],"wp:term":[{"taxonomy":"category","embeddable":true,"href":"https:\/\/www.monaco-tribune.com\/it\/wp-json\/wp\/v2\/categories?post=327623"},{"taxonomy":"post_tag","embeddable":true,"href":"https:\/\/www.monaco-tribune.com\/it\/wp-json\/wp\/v2\/tags?post=327623"},{"taxonomy":"sectag","embeddable":true,"href":"https:\/\/www.monaco-tribune.com\/it\/wp-json\/wp\/v2\/post_sectags?post=327623"},{"taxonomy":"format","embeddable":true,"href":"https:\/\/www.monaco-tribune.com\/it\/wp-json\/wp\/v2\/post_format?post=327623"}],"curies":[{"name":"wp","href":"https:\/\/api.w.org\/{rel}","templated":true}]}}