{"id":327885,"date":"2025-11-28T18:37:47","date_gmt":"2025-11-28T16:37:47","guid":{"rendered":"https:\/\/www.monaco-tribune.com\/2025\/11\/netflix-in-arrivo-documentario-sulla-morte-misteriosa-del-banchiere-edmond-safra-a-monaco\/"},"modified":"2025-11-30T07:00:04","modified_gmt":"2025-11-30T05:00:04","slug":"netflix-in-arrivo-documentario-sulla-morte-misteriosa-del-banchiere-edmond-safra-a-monaco","status":"publish","type":"post","link":"https:\/\/www.monaco-tribune.com\/it\/2025\/11\/netflix-in-arrivo-documentario-sulla-morte-misteriosa-del-banchiere-edmond-safra-a-monaco\/","title":{"rendered":"Netflix: in arrivo documentario sulla morte misteriosa del banchiere Edmond Safra a Monaco"},"content":{"rendered":"\n<p><strong>Netflix annuncia per il 17 dicembre l\u2019uscita di \u201cMurder in Monaco\u201d, un documentario diretto da Hodges Usry che ripercorre uno dei casi di cronaca nera pi\u00f9 clamorosi della storia del Principato.<\/strong><\/p>\n\n<p>Il 3 dicembre 1999, Edmond Safra, banchiere miliardario di origine siriana, moriva asfissiato in un incendio nel suo appartamento all\u2019ultimo piano dell\u2019edificio \u201cLa Belle \u00c9poque\u201d, in avenue d\u2019Ostende. Anche l\u2019infermiera Vivian Torrente perse la vita nel dramma. Il finanziere, allora sessantasettenne e indebolito dal morbo di Parkinson, aveva venduto pochi mesi prima il suo impero bancario, in particolare la Republic National Bank of New York, a HSBC per 10,3 miliardi di dollari. Questa operazione a sorpresa, conclusa con uno sconto insolito, aveva suscitato numerosi interrogativi nel mondo della finanza internazionale e alimentato tensioni familiari attorno alla successione.<\/p>\n\n<h2 class=\"wp-block-heading\" id=\"h-une-mise-en-scene-tragique\">Una messinscena dal tragico epilogo<\/h2>\n\n<p>L\u2019indagine individu\u00f2 rapidamente in Ted Maher, un infermiere americano assunto da poco al servizio del banchiere, il responsabile del dramma. Ex militare delle forze speciali riconvertito in infermiere neonatale, Ted Maher lavorava per Safra da pochi mesi e godeva di uno stipendio particolarmente generoso.<\/p>\n\n<p>Secondo la versione stabilita durante il processo, Ted Maher avrebbe dato fuoco a un cestino della carta posizionato sotto un allarme antincendio e inscenato un\u2019aggressione per apparire come un eroe agli occhi del suo datore di lavoro. Si sarebbe procurato da solo ferite da taglio all\u2019addome e alla coscia per avvalorare il suo racconto di un attacco da parte di due individui mascherati. L\u2019infermiere avrebbe agito per gelosia nei confronti degli altri membri dell\u2019\u00e9quipe medica e per paura di perdere il proprio impiego redditizio.<\/p>\n\n<p>Informato della presunta aggressione, Edmond Safra si rifugi\u00f2 con Vivian Torrente in una stanza del suo appartamento messa in sicurezza. L\u2019incendio si propag\u00f2 ben oltre quanto Maher avesse previsto. Allertati verso le 5 del mattino, i soccorsi impiegarono diverse ore prima di raggiungere le vittime, anche perch\u00e9 le false dichiarazioni di Maher sulla presenza di assalitori armati orientarono l\u2019intervento verso la ricerca di aggressori inesistenti. Safra e Torrente morirono per asfissia a causa dei fumi tossici.<\/p>\n<div class=\"wp-block-image\">\n<figure class=\"aligncenter size-large\"><img loading=\"lazy\" decoding=\"async\" width=\"727\" height=\"1024\" src=\"https:\/\/www.monaco-tribune.com\/wp-content\/uploads\/2025\/11\/murder-in-monaco-727x1024.jpg\" alt=\"murder in monaco\" class=\"wp-image-327590\" srcset=\"https:\/\/www.monaco-tribune.com\/wp-content\/uploads\/2025\/11\/murder-in-monaco-727x1024.jpg 727w, https:\/\/www.monaco-tribune.com\/wp-content\/uploads\/2025\/11\/murder-in-monaco-213x300.jpg 213w, https:\/\/www.monaco-tribune.com\/wp-content\/uploads\/2025\/11\/murder-in-monaco.jpg 1000w\" sizes=\"auto, (max-width: 727px) 100vw, 727px\" \/><\/figure>\n<\/div>\n<h2 class=\"wp-block-heading\" id=\"h-aveux-proces-et-controverses\">Confessioni, processo e controversie<\/h2>\n\n<p>Ted Maher confess\u00f2 tre giorni dopo, il 7 dicembre 1999, ponendo fine a un periodo di intensa speculazione in cui erano circolate le ipotesi pi\u00f9 svariate, dalla mafia russa ai terroristi palestinesi. L\u2019infermiere fu giudicato nel novembre 2002 dal Tribunale penale di Monaco e condannato a dieci anni di carcere per incendio doloso con conseguenze mortali. Questo processo, definito dalla stampa regionale come il \u201cprocesso del secolo\u201d, attir\u00f2 l\u2019attenzione mediatica mondiale.<\/p>\n\n<p>Il caso lasci\u00f2 comunque in sospeso diverse domande che continuano ad alimentare i dibattiti. Perch\u00e9 i soccorsi impiegarono cos\u00ec tanto tempo per raggiungere le vittime in un Principato rinomato per la sua efficienza? Alcuni elementi del dossier non sono mai stati chiariti del tutto. Dopo aver scontato la pena, Ted Maher ha ritrattato le sue confessioni affermando che gli sarebbero state estorte, una versione contestata dalle autorit\u00e0 monegasche.<\/p>\n\n<p class=\"related\"><a href=\"https:\/\/www.monaco-tribune.com\/it\/2025\/11\/provato-per-voi-seazen-la-crociera-silenziosa-su-una-barca-a-energia-solare-a-beaulieu-sur-mer\/\">Provato per voi: SeaZen, la crociera silenziosa su una barca a energia solare a Beaulieu-sur-Mer<\/a><\/p>\n\n<p>Nonostante la condanna, il caso continua a suscitare domande e speculazioni. Sono state ipotizzate connessioni con la mafia russa: Safra, nel 1998, aveva allertato le autorit\u00e0 americane e svizzere, cos\u00ec come l\u2019FBI, riguardo a movimenti di fondi sospetti che rigurdavano somme del FMI e responsabili russi. Il banchiere aveva inoltre co-fondato nel 1996 Hermitage Capital Management con Bill Browder e Beny Steinmetz, un fondo d\u2019investimento diventato importante in Russia e in seguito al centro del caso Sergei Magnitski.<\/p>\n\n<p>Il trailer del documentario Netflix, pubblicato di recente, promette di esplorare queste diverse piste e di dare voce a svariati testimoni, tra cui Lady Colin Campbell. Il film si inserisce sulla scia delle produzioni \u201ctrue-crime\u201d che stanno registrando un successo crescente sulla piattaforma di streaming. Venticinque anni dopo i fatti, questa produzione riaccende l\u2019interesse per un caso che non ha mai smesso di affascinare.<\/p>\n","protected":false},"excerpt":{"rendered":"<p>Netflix annuncia per il 17 dicembre l\u2019uscita di \u201cMurder in Monaco\u201d, un documentario diretto da Hodges Usry che ripercorre uno [&hellip;]<\/p>\n","protected":false},"author":80,"featured_media":130360,"comment_status":"closed","ping_status":"closed","sticky":false,"template":"","format":"standard","meta":{"_acf_changed":false,"footnotes":""},"categories":[1740,1738,1752],"tags":[5835],"post_sectags":[],"post_format":[2486],"class_list":["post-327885","post","type-post","status-publish","format-standard","has-post-thumbnail","hentry","category-cosa-fare","category-notizie","category-societa","tag-documentario","format-servizio"],"acf":[],"yoast_head":"<!-- This site is optimized with the Yoast SEO Premium plugin v26.8 (Yoast SEO v27.4) - https:\/\/yoast.com\/product\/yoast-seo-premium-wordpress\/ -->\n<title>Netflix: in arrivo documentario sulla morte misteriosa del banchiere Edmond Safra a Monaco<\/title>\n<meta name=\"description\" content=\"Netflix annuncia per il 17 dicembre l\u2019uscita di \u201cMurder in Monaco\u201d, un documentario diretto da Hodges Usry che ripercorre uno dei casi di cronaca nera pi\u00f9\" \/>\n<meta name=\"robots\" content=\"index, follow, max-snippet:-1, max-image-preview:large, max-video-preview:-1\" \/>\n<link rel=\"canonical\" href=\"https:\/\/www.monaco-tribune.com\/it\/2025\/11\/netflix-in-arrivo-documentario-sulla-morte-misteriosa-del-banchiere-edmond-safra-a-monaco\/\" \/>\n<meta property=\"og:locale\" content=\"it_IT\" \/>\n<meta property=\"og:type\" content=\"article\" \/>\n<meta property=\"og:title\" content=\"Netflix: in arrivo documentario sulla morte misteriosa del banchiere Edmond Safra a Monaco - Monaco Tribune\" \/>\n<meta property=\"og:description\" content=\"Netflix annuncia per il 17 dicembre l\u2019uscita di \u201cMurder in Monaco\u201d, un documentario diretto da Hodges Usry che ripercorre uno dei casi di cronaca nera pi\u00f9\" \/>\n<meta property=\"og:url\" content=\"https:\/\/www.monaco-tribune.com\/it\/2025\/11\/netflix-in-arrivo-documentario-sulla-morte-misteriosa-del-banchiere-edmond-safra-a-monaco\/\" \/>\n<meta property=\"og:site_name\" content=\"Monaco Tribune\" \/>\n<meta property=\"article:publisher\" content=\"https:\/\/www.facebook.com\/MonacoTribune\" \/>\n<meta property=\"article:published_time\" content=\"2025-11-28T16:37:47+00:00\" \/>\n<meta property=\"article:modified_time\" content=\"2025-11-30T05:00:04+00:00\" \/>\n<meta property=\"og:image\" content=\"https:\/\/www.monaco-tribune.com\/wp-content\/uploads\/2022\/07\/edmond-lily-safra.jpeg\" \/>\n\t<meta property=\"og:image:width\" content=\"1025\" \/>\n\t<meta property=\"og:image:height\" content=\"610\" \/>\n\t<meta property=\"og:image:type\" content=\"image\/jpeg\" \/>\n<meta name=\"author\" content=\"Estelle Imbert\" \/>\n<meta name=\"twitter:card\" content=\"summary_large_image\" \/>\n<meta name=\"twitter:creator\" content=\"@MonacoTribune\" \/>\n<meta name=\"twitter:site\" content=\"@MonacoTribune\" \/>\n<script type=\"application\/ld+json\" class=\"yoast-schema-graph\">{\"@context\":\"https:\\\/\\\/schema.org\",\"@graph\":[{\"@type\":\"NewsArticle\",\"@id\":\"https:\\\/\\\/www.monaco-tribune.com\\\/it\\\/2025\\\/11\\\/netflix-in-arrivo-documentario-sulla-morte-misteriosa-del-banchiere-edmond-safra-a-monaco\\\/#article\",\"isPartOf\":{\"@id\":\"https:\\\/\\\/www.monaco-tribune.com\\\/it\\\/2025\\\/11\\\/netflix-in-arrivo-documentario-sulla-morte-misteriosa-del-banchiere-edmond-safra-a-monaco\\\/\"},\"author\":{\"name\":\"Estelle Imbert\",\"@id\":\"https:\\\/\\\/www.monaco-tribune.com\\\/it\\\/#\\\/schema\\\/person\\\/55ce91a070ff78e15ec1817376669bf4\"},\"headline\":\"Netflix: in arrivo documentario sulla morte misteriosa del banchiere Edmond Safra a Monaco\",\"datePublished\":\"2025-11-28T16:37:47+00:00\",\"dateModified\":\"2025-11-30T05:00:04+00:00\",\"mainEntityOfPage\":{\"@id\":\"https:\\\/\\\/www.monaco-tribune.com\\\/it\\\/2025\\\/11\\\/netflix-in-arrivo-documentario-sulla-morte-misteriosa-del-banchiere-edmond-safra-a-monaco\\\/\"},\"wordCount\":657,\"publisher\":{\"@id\":\"https:\\\/\\\/www.monaco-tribune.com\\\/it\\\/#organization\"},\"image\":{\"@id\":\"https:\\\/\\\/www.monaco-tribune.com\\\/it\\\/2025\\\/11\\\/netflix-in-arrivo-documentario-sulla-morte-misteriosa-del-banchiere-edmond-safra-a-monaco\\\/#primaryimage\"},\"thumbnailUrl\":\"https:\\\/\\\/www.monaco-tribune.com\\\/wp-content\\\/uploads\\\/2022\\\/07\\\/edmond-lily-safra.jpeg\",\"keywords\":[\"documentario\"],\"articleSection\":[\"Cosa fare\",\"Notizie\",\"Societ\u00e0\"],\"inLanguage\":\"it-IT\",\"copyrightYear\":\"2025\",\"copyrightHolder\":{\"@id\":\"https:\\\/\\\/www.monaco-tribune.com\\\/#organization\"}},{\"@type\":\"WebPage\",\"@id\":\"https:\\\/\\\/www.monaco-tribune.com\\\/it\\\/2025\\\/11\\\/netflix-in-arrivo-documentario-sulla-morte-misteriosa-del-banchiere-edmond-safra-a-monaco\\\/\",\"url\":\"https:\\\/\\\/www.monaco-tribune.com\\\/it\\\/2025\\\/11\\\/netflix-in-arrivo-documentario-sulla-morte-misteriosa-del-banchiere-edmond-safra-a-monaco\\\/\",\"name\":\"Netflix: in arrivo documentario sulla morte misteriosa del banchiere Edmond Safra a Monaco\",\"isPartOf\":{\"@id\":\"https:\\\/\\\/www.monaco-tribune.com\\\/it\\\/#website\"},\"primaryImageOfPage\":{\"@id\":\"https:\\\/\\\/www.monaco-tribune.com\\\/it\\\/2025\\\/11\\\/netflix-in-arrivo-documentario-sulla-morte-misteriosa-del-banchiere-edmond-safra-a-monaco\\\/#primaryimage\"},\"image\":{\"@id\":\"https:\\\/\\\/www.monaco-tribune.com\\\/it\\\/2025\\\/11\\\/netflix-in-arrivo-documentario-sulla-morte-misteriosa-del-banchiere-edmond-safra-a-monaco\\\/#primaryimage\"},\"thumbnailUrl\":\"https:\\\/\\\/www.monaco-tribune.com\\\/wp-content\\\/uploads\\\/2022\\\/07\\\/edmond-lily-safra.jpeg\",\"datePublished\":\"2025-11-28T16:37:47+00:00\",\"dateModified\":\"2025-11-30T05:00:04+00:00\",\"description\":\"Netflix annuncia per il 17 dicembre l\u2019uscita di \u201cMurder in Monaco\u201d, un documentario diretto da Hodges Usry che ripercorre uno dei casi di cronaca nera pi\u00f9\",\"breadcrumb\":{\"@id\":\"https:\\\/\\\/www.monaco-tribune.com\\\/it\\\/2025\\\/11\\\/netflix-in-arrivo-documentario-sulla-morte-misteriosa-del-banchiere-edmond-safra-a-monaco\\\/#breadcrumb\"},\"inLanguage\":\"it-IT\",\"potentialAction\":[{\"@type\":\"ReadAction\",\"target\":[\"https:\\\/\\\/www.monaco-tribune.com\\\/it\\\/2025\\\/11\\\/netflix-in-arrivo-documentario-sulla-morte-misteriosa-del-banchiere-edmond-safra-a-monaco\\\/\"]}]},{\"@type\":\"ImageObject\",\"inLanguage\":\"it-IT\",\"@id\":\"https:\\\/\\\/www.monaco-tribune.com\\\/it\\\/2025\\\/11\\\/netflix-in-arrivo-documentario-sulla-morte-misteriosa-del-banchiere-edmond-safra-a-monaco\\\/#primaryimage\",\"url\":\"https:\\\/\\\/www.monaco-tribune.com\\\/wp-content\\\/uploads\\\/2022\\\/07\\\/edmond-lily-safra.jpeg\",\"contentUrl\":\"https:\\\/\\\/www.monaco-tribune.com\\\/wp-content\\\/uploads\\\/2022\\\/07\\\/edmond-lily-safra.jpeg\",\"width\":1025,\"height\":610,\"caption\":\"\u00a9 DR\"},{\"@type\":\"BreadcrumbList\",\"@id\":\"https:\\\/\\\/www.monaco-tribune.com\\\/it\\\/2025\\\/11\\\/netflix-in-arrivo-documentario-sulla-morte-misteriosa-del-banchiere-edmond-safra-a-monaco\\\/#breadcrumb\",\"itemListElement\":[{\"@type\":\"ListItem\",\"position\":1,\"name\":\"Accueil\",\"item\":\"https:\\\/\\\/www.monaco-tribune.com\\\/it\\\/\"},{\"@type\":\"ListItem\",\"position\":2,\"name\":\"Netflix: in arrivo documentario sulla morte misteriosa del banchiere Edmond Safra a Monaco\"}]},{\"@type\":\"WebSite\",\"@id\":\"https:\\\/\\\/www.monaco-tribune.com\\\/it\\\/#website\",\"url\":\"https:\\\/\\\/www.monaco-tribune.com\\\/it\\\/\",\"name\":\"Monaco Tribune\",\"description\":\"Monaco : actualit\u00e9s \u00e9conomiques, politiques, culturelles et sportives de Monaco et de la French Riviera.\",\"publisher\":{\"@id\":\"https:\\\/\\\/www.monaco-tribune.com\\\/it\\\/#organization\"},\"potentialAction\":[{\"@type\":\"SearchAction\",\"target\":{\"@type\":\"EntryPoint\",\"urlTemplate\":\"https:\\\/\\\/www.monaco-tribune.com\\\/it\\\/?s={search_term_string}\"},\"query-input\":{\"@type\":\"PropertyValueSpecification\",\"valueRequired\":true,\"valueName\":\"search_term_string\"}}],\"inLanguage\":\"it-IT\"},{\"@type\":\"Organization\",\"@id\":\"https:\\\/\\\/www.monaco-tribune.com\\\/it\\\/#organization\",\"name\":\"Monaco Tribune\",\"url\":\"https:\\\/\\\/www.monaco-tribune.com\\\/it\\\/\",\"logo\":{\"@type\":\"ImageObject\",\"inLanguage\":\"it-IT\",\"@id\":\"https:\\\/\\\/www.monaco-tribune.com\\\/it\\\/#\\\/schema\\\/logo\\\/image\\\/\",\"url\":\"https:\\\/\\\/www.monaco-tribune.com\\\/wp-content\\\/uploads\\\/2022\\\/11\\\/logo-monaco-tribune.png\",\"contentUrl\":\"https:\\\/\\\/www.monaco-tribune.com\\\/wp-content\\\/uploads\\\/2022\\\/11\\\/logo-monaco-tribune.png\",\"width\":1548,\"height\":600,\"caption\":\"Monaco Tribune\"},\"image\":{\"@id\":\"https:\\\/\\\/www.monaco-tribune.com\\\/it\\\/#\\\/schema\\\/logo\\\/image\\\/\"},\"sameAs\":[\"https:\\\/\\\/www.facebook.com\\\/MonacoTribune\",\"https:\\\/\\\/x.com\\\/MonacoTribune\",\"https:\\\/\\\/www.instagram.com\\\/monacotribune\\\/\",\"https:\\\/\\\/www.linkedin.com\\\/company\\\/monaco-tribune\",\"https:\\\/\\\/www.youtube.com\\\/channel\\\/UCHle1MnG6hw1y4lWKijVbMA\"]},{\"@type\":\"Person\",\"@id\":\"https:\\\/\\\/www.monaco-tribune.com\\\/it\\\/#\\\/schema\\\/person\\\/55ce91a070ff78e15ec1817376669bf4\",\"name\":\"Estelle Imbert\",\"image\":{\"@type\":\"ImageObject\",\"inLanguage\":\"it-IT\",\"@id\":\"https:\\\/\\\/secure.gravatar.com\\\/avatar\\\/d2e1a3840b1138a669d04f6292bbd810f7f730844d7a28a8e8c4c6da40e79852?s=96&d=mm&r=g\",\"url\":\"https:\\\/\\\/secure.gravatar.com\\\/avatar\\\/d2e1a3840b1138a669d04f6292bbd810f7f730844d7a28a8e8c4c6da40e79852?s=96&d=mm&r=g\",\"contentUrl\":\"https:\\\/\\\/secure.gravatar.com\\\/avatar\\\/d2e1a3840b1138a669d04f6292bbd810f7f730844d7a28a8e8c4c6da40e79852?s=96&d=mm&r=g\",\"caption\":\"Estelle Imbert\"},\"url\":\"https:\\\/\\\/www.monaco-tribune.com\\\/it\\\/author\\\/estelleimbert\\\/\"}]}<\/script>\n<!-- \/ Yoast SEO Premium plugin. -->","yoast_head_json":{"title":"Netflix: in arrivo documentario sulla morte misteriosa del banchiere Edmond Safra a Monaco","description":"Netflix annuncia per il 17 dicembre l\u2019uscita di \u201cMurder in Monaco\u201d, un documentario diretto da Hodges Usry che ripercorre uno dei casi di cronaca nera pi\u00f9","robots":{"index":"index","follow":"follow","max-snippet":"max-snippet:-1","max-image-preview":"max-image-preview:large","max-video-preview":"max-video-preview:-1"},"canonical":"https:\/\/www.monaco-tribune.com\/it\/2025\/11\/netflix-in-arrivo-documentario-sulla-morte-misteriosa-del-banchiere-edmond-safra-a-monaco\/","og_locale":"it_IT","og_type":"article","og_title":"Netflix: in arrivo documentario sulla morte misteriosa del banchiere Edmond Safra a Monaco - Monaco Tribune","og_description":"Netflix annuncia per il 17 dicembre l\u2019uscita di \u201cMurder in Monaco\u201d, un documentario diretto da Hodges Usry che ripercorre uno dei casi di cronaca nera pi\u00f9","og_url":"https:\/\/www.monaco-tribune.com\/it\/2025\/11\/netflix-in-arrivo-documentario-sulla-morte-misteriosa-del-banchiere-edmond-safra-a-monaco\/","og_site_name":"Monaco Tribune","article_publisher":"https:\/\/www.facebook.com\/MonacoTribune","article_published_time":"2025-11-28T16:37:47+00:00","article_modified_time":"2025-11-30T05:00:04+00:00","og_image":[{"width":1025,"height":610,"url":"https:\/\/www.monaco-tribune.com\/wp-content\/uploads\/2022\/07\/edmond-lily-safra.jpeg","type":"image\/jpeg"}],"author":"Estelle Imbert","twitter_card":"summary_large_image","twitter_creator":"@MonacoTribune","twitter_site":"@MonacoTribune","schema":{"@context":"https:\/\/schema.org","@graph":[{"@type":"NewsArticle","@id":"https:\/\/www.monaco-tribune.com\/it\/2025\/11\/netflix-in-arrivo-documentario-sulla-morte-misteriosa-del-banchiere-edmond-safra-a-monaco\/#article","isPartOf":{"@id":"https:\/\/www.monaco-tribune.com\/it\/2025\/11\/netflix-in-arrivo-documentario-sulla-morte-misteriosa-del-banchiere-edmond-safra-a-monaco\/"},"author":{"name":"Estelle Imbert","@id":"https:\/\/www.monaco-tribune.com\/it\/#\/schema\/person\/55ce91a070ff78e15ec1817376669bf4"},"headline":"Netflix: in arrivo documentario sulla morte misteriosa del banchiere Edmond Safra a Monaco","datePublished":"2025-11-28T16:37:47+00:00","dateModified":"2025-11-30T05:00:04+00:00","mainEntityOfPage":{"@id":"https:\/\/www.monaco-tribune.com\/it\/2025\/11\/netflix-in-arrivo-documentario-sulla-morte-misteriosa-del-banchiere-edmond-safra-a-monaco\/"},"wordCount":657,"publisher":{"@id":"https:\/\/www.monaco-tribune.com\/it\/#organization"},"image":{"@id":"https:\/\/www.monaco-tribune.com\/it\/2025\/11\/netflix-in-arrivo-documentario-sulla-morte-misteriosa-del-banchiere-edmond-safra-a-monaco\/#primaryimage"},"thumbnailUrl":"https:\/\/www.monaco-tribune.com\/wp-content\/uploads\/2022\/07\/edmond-lily-safra.jpeg","keywords":["documentario"],"articleSection":["Cosa fare","Notizie","Societ\u00e0"],"inLanguage":"it-IT","copyrightYear":"2025","copyrightHolder":{"@id":"https:\/\/www.monaco-tribune.com\/#organization"}},{"@type":"WebPage","@id":"https:\/\/www.monaco-tribune.com\/it\/2025\/11\/netflix-in-arrivo-documentario-sulla-morte-misteriosa-del-banchiere-edmond-safra-a-monaco\/","url":"https:\/\/www.monaco-tribune.com\/it\/2025\/11\/netflix-in-arrivo-documentario-sulla-morte-misteriosa-del-banchiere-edmond-safra-a-monaco\/","name":"Netflix: in arrivo documentario sulla morte misteriosa del banchiere Edmond Safra a Monaco","isPartOf":{"@id":"https:\/\/www.monaco-tribune.com\/it\/#website"},"primaryImageOfPage":{"@id":"https:\/\/www.monaco-tribune.com\/it\/2025\/11\/netflix-in-arrivo-documentario-sulla-morte-misteriosa-del-banchiere-edmond-safra-a-monaco\/#primaryimage"},"image":{"@id":"https:\/\/www.monaco-tribune.com\/it\/2025\/11\/netflix-in-arrivo-documentario-sulla-morte-misteriosa-del-banchiere-edmond-safra-a-monaco\/#primaryimage"},"thumbnailUrl":"https:\/\/www.monaco-tribune.com\/wp-content\/uploads\/2022\/07\/edmond-lily-safra.jpeg","datePublished":"2025-11-28T16:37:47+00:00","dateModified":"2025-11-30T05:00:04+00:00","description":"Netflix annuncia per il 17 dicembre l\u2019uscita di \u201cMurder in Monaco\u201d, un documentario diretto da Hodges Usry che ripercorre uno dei casi di cronaca nera pi\u00f9","breadcrumb":{"@id":"https:\/\/www.monaco-tribune.com\/it\/2025\/11\/netflix-in-arrivo-documentario-sulla-morte-misteriosa-del-banchiere-edmond-safra-a-monaco\/#breadcrumb"},"inLanguage":"it-IT","potentialAction":[{"@type":"ReadAction","target":["https:\/\/www.monaco-tribune.com\/it\/2025\/11\/netflix-in-arrivo-documentario-sulla-morte-misteriosa-del-banchiere-edmond-safra-a-monaco\/"]}]},{"@type":"ImageObject","inLanguage":"it-IT","@id":"https:\/\/www.monaco-tribune.com\/it\/2025\/11\/netflix-in-arrivo-documentario-sulla-morte-misteriosa-del-banchiere-edmond-safra-a-monaco\/#primaryimage","url":"https:\/\/www.monaco-tribune.com\/wp-content\/uploads\/2022\/07\/edmond-lily-safra.jpeg","contentUrl":"https:\/\/www.monaco-tribune.com\/wp-content\/uploads\/2022\/07\/edmond-lily-safra.jpeg","width":1025,"height":610,"caption":"\u00a9 DR"},{"@type":"BreadcrumbList","@id":"https:\/\/www.monaco-tribune.com\/it\/2025\/11\/netflix-in-arrivo-documentario-sulla-morte-misteriosa-del-banchiere-edmond-safra-a-monaco\/#breadcrumb","itemListElement":[{"@type":"ListItem","position":1,"name":"Accueil","item":"https:\/\/www.monaco-tribune.com\/it\/"},{"@type":"ListItem","position":2,"name":"Netflix: in arrivo documentario sulla morte misteriosa del banchiere Edmond Safra a Monaco"}]},{"@type":"WebSite","@id":"https:\/\/www.monaco-tribune.com\/it\/#website","url":"https:\/\/www.monaco-tribune.com\/it\/","name":"Monaco Tribune","description":"Monaco : actualit\u00e9s \u00e9conomiques, politiques, culturelles et sportives de Monaco et de la French Riviera.","publisher":{"@id":"https:\/\/www.monaco-tribune.com\/it\/#organization"},"potentialAction":[{"@type":"SearchAction","target":{"@type":"EntryPoint","urlTemplate":"https:\/\/www.monaco-tribune.com\/it\/?s={search_term_string}"},"query-input":{"@type":"PropertyValueSpecification","valueRequired":true,"valueName":"search_term_string"}}],"inLanguage":"it-IT"},{"@type":"Organization","@id":"https:\/\/www.monaco-tribune.com\/it\/#organization","name":"Monaco Tribune","url":"https:\/\/www.monaco-tribune.com\/it\/","logo":{"@type":"ImageObject","inLanguage":"it-IT","@id":"https:\/\/www.monaco-tribune.com\/it\/#\/schema\/logo\/image\/","url":"https:\/\/www.monaco-tribune.com\/wp-content\/uploads\/2022\/11\/logo-monaco-tribune.png","contentUrl":"https:\/\/www.monaco-tribune.com\/wp-content\/uploads\/2022\/11\/logo-monaco-tribune.png","width":1548,"height":600,"caption":"Monaco Tribune"},"image":{"@id":"https:\/\/www.monaco-tribune.com\/it\/#\/schema\/logo\/image\/"},"sameAs":["https:\/\/www.facebook.com\/MonacoTribune","https:\/\/x.com\/MonacoTribune","https:\/\/www.instagram.com\/monacotribune\/","https:\/\/www.linkedin.com\/company\/monaco-tribune","https:\/\/www.youtube.com\/channel\/UCHle1MnG6hw1y4lWKijVbMA"]},{"@type":"Person","@id":"https:\/\/www.monaco-tribune.com\/it\/#\/schema\/person\/55ce91a070ff78e15ec1817376669bf4","name":"Estelle Imbert","image":{"@type":"ImageObject","inLanguage":"it-IT","@id":"https:\/\/secure.gravatar.com\/avatar\/d2e1a3840b1138a669d04f6292bbd810f7f730844d7a28a8e8c4c6da40e79852?s=96&d=mm&r=g","url":"https:\/\/secure.gravatar.com\/avatar\/d2e1a3840b1138a669d04f6292bbd810f7f730844d7a28a8e8c4c6da40e79852?s=96&d=mm&r=g","contentUrl":"https:\/\/secure.gravatar.com\/avatar\/d2e1a3840b1138a669d04f6292bbd810f7f730844d7a28a8e8c4c6da40e79852?s=96&d=mm&r=g","caption":"Estelle Imbert"},"url":"https:\/\/www.monaco-tribune.com\/it\/author\/estelleimbert\/"}]}},"_links":{"self":[{"href":"https:\/\/www.monaco-tribune.com\/it\/wp-json\/wp\/v2\/posts\/327885","targetHints":{"allow":["GET"]}}],"collection":[{"href":"https:\/\/www.monaco-tribune.com\/it\/wp-json\/wp\/v2\/posts"}],"about":[{"href":"https:\/\/www.monaco-tribune.com\/it\/wp-json\/wp\/v2\/types\/post"}],"author":[{"embeddable":true,"href":"https:\/\/www.monaco-tribune.com\/it\/wp-json\/wp\/v2\/users\/80"}],"replies":[{"embeddable":true,"href":"https:\/\/www.monaco-tribune.com\/it\/wp-json\/wp\/v2\/comments?post=327885"}],"version-history":[{"count":4,"href":"https:\/\/www.monaco-tribune.com\/it\/wp-json\/wp\/v2\/posts\/327885\/revisions"}],"predecessor-version":[{"id":328001,"href":"https:\/\/www.monaco-tribune.com\/it\/wp-json\/wp\/v2\/posts\/327885\/revisions\/328001"}],"wp:featuredmedia":[{"embeddable":true,"href":"https:\/\/www.monaco-tribune.com\/it\/wp-json\/wp\/v2\/media\/130360"}],"wp:attachment":[{"href":"https:\/\/www.monaco-tribune.com\/it\/wp-json\/wp\/v2\/media?parent=327885"}],"wp:term":[{"taxonomy":"category","embeddable":true,"href":"https:\/\/www.monaco-tribune.com\/it\/wp-json\/wp\/v2\/categories?post=327885"},{"taxonomy":"post_tag","embeddable":true,"href":"https:\/\/www.monaco-tribune.com\/it\/wp-json\/wp\/v2\/tags?post=327885"},{"taxonomy":"sectag","embeddable":true,"href":"https:\/\/www.monaco-tribune.com\/it\/wp-json\/wp\/v2\/post_sectags?post=327885"},{"taxonomy":"format","embeddable":true,"href":"https:\/\/www.monaco-tribune.com\/it\/wp-json\/wp\/v2\/post_format?post=327885"}],"curies":[{"name":"wp","href":"https:\/\/api.w.org\/{rel}","templated":true}]}}