{"id":328464,"date":"2025-12-02T19:55:22","date_gmt":"2025-12-02T17:55:22","guid":{"rendered":"https:\/\/www.monaco-tribune.com\/2025\/12\/dal-2026-air-france-eliminera-i-voli-della-tratta-nizza-parigi-orly\/"},"modified":"2025-12-03T10:47:21","modified_gmt":"2025-12-03T08:47:21","slug":"dal-2026-air-france-eliminera-i-voli-della-tratta-nizza-parigi-orly","status":"publish","type":"post","link":"https:\/\/www.monaco-tribune.com\/it\/2025\/12\/dal-2026-air-france-eliminera-i-voli-della-tratta-nizza-parigi-orly\/","title":{"rendered":"Dal 2026 Air France eliminer\u00e0 i voli della tratta Nizza-Parigi Orly"},"content":{"rendered":"\n<p><strong>Dalla prossima primavera la compagnia di bandiera francese eliminer\u00e0 i voli domestici tra l&#8217;aeroporto di Parigi Orly e il sudest della Francia.<\/strong><\/p>\n\n<p>Il conto alla rovescia \u00e8 iniziato per gli habitu\u00e9 della tratta. Da fine marzo 2026, la compagnia tricolore abbandoner\u00e0 definitivamente i collegamenti verso Nizza, Marsiglia e Tolosa in partenza da questo aeroporto parigino.  <\/p>\n\n<h2 class=\"wp-block-heading\" id=\"h-une-erosion-continue-du-trafic\">Un calo continuo del traffico<\/h2>\n\n<p>La decisione, annunciata gi\u00e0 a ottobre 2023 in un comunicato stampa, risponde a una tendenza inarrestabile. Il traffico domestico in partenza da Orly \u00e8 crollato del 40% tra il 2019 e il 2023, mentre i voli andata e ritorno in giornata sono scesi del 60%. Secondo la Direzione generale dell&#8217;aviazione civile, sulla tratta Parigi-Nizza il numero di passeggeri \u00e8 diminuito di circa il 15% tra il 2019 e il 2024.<\/p>\n\n<p>La diffusione del lavoro da remoto, lo sviluppo delle videoconferenze e le politiche ambientali messe in atto dalle aziende hanno modificato profondamente le abitudini di spostamento di chi viaggia per lavoro, clienti un tempo fondamentali per queste tratte.<\/p>\n\n<figure class=\"wp-block-embed is-type-wp-embed is-provider-monaco-tribune wp-block-embed-monaco-tribune\"><div class=\"wp-block-embed__wrapper\">\r\n<blockquote class=\"wp-embedded-content\" data-secret=\"HcLogHsfxO\"><a href=\"https:\/\/www.monaco-tribune.com\/it\/2025\/09\/laeroporto-di-nizza-servira-una-nuova-destinazione-statunitense-a-partire-da-maggio-2026\/\">L&#8217;aeroporto di Nizza servir\u00e0 una nuova destinazione statunitense a partire da maggio 2026<\/a><\/blockquote><iframe class=\"wp-embedded-content\" sandbox=\"allow-scripts\" security=\"restricted\" style=\"position: absolute; visibility: hidden;\" title=\"&#8220;L&#8217;aeroporto di Nizza servir\u00e0 una nuova destinazione statunitense a partire da maggio 2026&#8221; &#8212; Monaco Tribune\" src=\"https:\/\/www.monaco-tribune.com\/it\/2025\/09\/laeroporto-di-nizza-servira-una-nuova-destinazione-statunitense-a-partire-da-maggio-2026\/embed\/#?secret=ZGWvGvnG8S#?secret=HcLogHsfxO\" data-secret=\"HcLogHsfxO\" width=\"500\" height=\"282\" frameborder=\"0\" marginwidth=\"0\" marginheight=\"0\" scrolling=\"no\"><\/iframe>\r\n<\/div><\/figure><br>\n\n<h2 class=\"wp-block-heading\" id=\"h-quelles-alternatives\">Quali saranno le alternative?<\/h2>\n\n<p>Air France concentrer\u00e0 ormai tutte le sue attivit\u00e0 sull&#8217;aeroporto di Roissy-Charles de Gaulle (CDG). Da inizio aprile, la frequenza dei voli verso Nizza passer\u00e0 a 12 servizi al giorno, contro gli otto attuali. Tuttavia, la lontananza di CDG dalla citt\u00e0 e i collegamenti meno comodi con i mezzi pubblici potrebbero scoraggiare chi viaggia.<\/p>\n\n<p>Per chi non vuole rinunciare all&#8217;aeroporto di Parigi sud, rimarranno in vigore due opzioni: Easyjet o Transavia, la compagnia aerea low-cost del gruppo Air France-KLM, che recuperer\u00e0 la met\u00e0 degli slot orari liberati. Da Orly, Air France continuer\u00e0 a garantire soltanto i collegamenti verso la Corsica, in conformit\u00e0 con gli obblighi del servizio pubblico.<\/p>\n","protected":false},"excerpt":{"rendered":"<p>Dalla prossima primavera la compagnia di bandiera francese eliminer\u00e0 i voli domestici tra l&#8217;aeroporto di Parigi Orly e il sudest [&hellip;]<\/p>\n","protected":false},"author":21,"featured_media":328518,"comment_status":"closed","ping_status":"closed","sticky":false,"template":"","format":"standard","meta":{"_acf_changed":false,"footnotes":""},"categories":[1738,1752],"tags":[2859],"post_sectags":[3881],"post_format":[2478],"class_list":["post-328464","post","type-post","status-publish","format-standard","has-post-thumbnail","hentry","category-notizie","category-societa","tag-trasporto","sectag-aeroporto-di-nizza","format-notizia"],"acf":[],"yoast_head":"<!-- This site is optimized with the Yoast SEO Premium plugin v26.8 (Yoast SEO v27.5) - https:\/\/yoast.com\/product\/yoast-seo-premium-wordpress\/ -->\n<title>Dal 2026 Air France eliminer\u00e0 i voli della tratta Nizza-Parigi Orly<\/title>\n<meta name=\"description\" content=\"Dalla prossima primavera la compagnia di bandiera francese eliminer\u00e0 i voli domestici tra l&#039;aeroporto di Parigi Orly e il sudest della Francia. Il conto\" \/>\n<meta name=\"robots\" content=\"index, follow, max-snippet:-1, max-image-preview:large, max-video-preview:-1\" \/>\n<link rel=\"canonical\" href=\"https:\/\/www.monaco-tribune.com\/it\/2025\/12\/dal-2026-air-france-eliminera-i-voli-della-tratta-nizza-parigi-orly\/\" \/>\n<meta property=\"og:locale\" content=\"it_IT\" \/>\n<meta property=\"og:type\" content=\"article\" \/>\n<meta property=\"og:title\" content=\"Dal 2026 Air France eliminer\u00e0 i voli della tratta Nizza-Parigi Orly - Monaco Tribune\" \/>\n<meta property=\"og:description\" content=\"Dalla prossima primavera la compagnia di bandiera francese eliminer\u00e0 i voli domestici tra l&#039;aeroporto di Parigi Orly e il sudest della Francia. Il conto\" \/>\n<meta property=\"og:url\" content=\"https:\/\/www.monaco-tribune.com\/it\/2025\/12\/dal-2026-air-france-eliminera-i-voli-della-tratta-nizza-parigi-orly\/\" \/>\n<meta property=\"og:site_name\" content=\"Monaco Tribune\" \/>\n<meta property=\"article:publisher\" content=\"https:\/\/www.facebook.com\/MonacoTribune\" \/>\n<meta property=\"article:published_time\" content=\"2025-12-02T17:55:22+00:00\" \/>\n<meta property=\"article:modified_time\" content=\"2025-12-03T08:47:21+00:00\" \/>\n<meta property=\"og:image\" content=\"https:\/\/www.monaco-tribune.com\/wp-content\/uploads\/2025\/12\/air-france-plane-scaled-1-1.jpg\" \/>\n\t<meta property=\"og:image:width\" content=\"1200\" \/>\n\t<meta property=\"og:image:height\" content=\"737\" \/>\n\t<meta property=\"og:image:type\" content=\"image\/jpeg\" \/>\n<meta name=\"author\" content=\"Monaco Tribune\" \/>\n<meta name=\"twitter:card\" content=\"summary_large_image\" \/>\n<meta name=\"twitter:creator\" content=\"@MonacoTribune\" \/>\n<meta name=\"twitter:site\" content=\"@MonacoTribune\" \/>\n<script type=\"application\/ld+json\" class=\"yoast-schema-graph\">{\"@context\":\"https:\\\/\\\/schema.org\",\"@graph\":[{\"@type\":\"NewsArticle\",\"@id\":\"https:\\\/\\\/www.monaco-tribune.com\\\/it\\\/2025\\\/12\\\/dal-2026-air-france-eliminera-i-voli-della-tratta-nizza-parigi-orly\\\/#article\",\"isPartOf\":{\"@id\":\"https:\\\/\\\/www.monaco-tribune.com\\\/it\\\/2025\\\/12\\\/dal-2026-air-france-eliminera-i-voli-della-tratta-nizza-parigi-orly\\\/\"},\"author\":{\"name\":\"Monaco Tribune\",\"@id\":\"https:\\\/\\\/www.monaco-tribune.com\\\/it\\\/#\\\/schema\\\/person\\\/8f6ed8c063276e2397589eda5b7a2f2d\"},\"headline\":\"Dal 2026 Air France eliminer\u00e0 i voli della tratta Nizza-Parigi Orly\",\"datePublished\":\"2025-12-02T17:55:22+00:00\",\"dateModified\":\"2025-12-03T08:47:21+00:00\",\"mainEntityOfPage\":{\"@id\":\"https:\\\/\\\/www.monaco-tribune.com\\\/it\\\/2025\\\/12\\\/dal-2026-air-france-eliminera-i-voli-della-tratta-nizza-parigi-orly\\\/\"},\"wordCount\":286,\"publisher\":{\"@id\":\"https:\\\/\\\/www.monaco-tribune.com\\\/it\\\/#organization\"},\"image\":{\"@id\":\"https:\\\/\\\/www.monaco-tribune.com\\\/it\\\/2025\\\/12\\\/dal-2026-air-france-eliminera-i-voli-della-tratta-nizza-parigi-orly\\\/#primaryimage\"},\"thumbnailUrl\":\"https:\\\/\\\/www.monaco-tribune.com\\\/wp-content\\\/uploads\\\/2025\\\/12\\\/air-france-plane-scaled-1-1.jpg\",\"keywords\":[\"Trasporto\"],\"articleSection\":[\"Notizie\",\"Societ\u00e0\"],\"inLanguage\":\"it-IT\",\"copyrightYear\":\"2025\",\"copyrightHolder\":{\"@id\":\"https:\\\/\\\/www.monaco-tribune.com\\\/#organization\"}},{\"@type\":\"WebPage\",\"@id\":\"https:\\\/\\\/www.monaco-tribune.com\\\/it\\\/2025\\\/12\\\/dal-2026-air-france-eliminera-i-voli-della-tratta-nizza-parigi-orly\\\/\",\"url\":\"https:\\\/\\\/www.monaco-tribune.com\\\/it\\\/2025\\\/12\\\/dal-2026-air-france-eliminera-i-voli-della-tratta-nizza-parigi-orly\\\/\",\"name\":\"Dal 2026 Air France eliminer\u00e0 i voli della tratta Nizza-Parigi Orly\",\"isPartOf\":{\"@id\":\"https:\\\/\\\/www.monaco-tribune.com\\\/it\\\/#website\"},\"primaryImageOfPage\":{\"@id\":\"https:\\\/\\\/www.monaco-tribune.com\\\/it\\\/2025\\\/12\\\/dal-2026-air-france-eliminera-i-voli-della-tratta-nizza-parigi-orly\\\/#primaryimage\"},\"image\":{\"@id\":\"https:\\\/\\\/www.monaco-tribune.com\\\/it\\\/2025\\\/12\\\/dal-2026-air-france-eliminera-i-voli-della-tratta-nizza-parigi-orly\\\/#primaryimage\"},\"thumbnailUrl\":\"https:\\\/\\\/www.monaco-tribune.com\\\/wp-content\\\/uploads\\\/2025\\\/12\\\/air-france-plane-scaled-1-1.jpg\",\"datePublished\":\"2025-12-02T17:55:22+00:00\",\"dateModified\":\"2025-12-03T08:47:21+00:00\",\"description\":\"Dalla prossima primavera la compagnia di bandiera francese eliminer\u00e0 i voli domestici tra l'aeroporto di Parigi Orly e il sudest della Francia. Il conto\",\"breadcrumb\":{\"@id\":\"https:\\\/\\\/www.monaco-tribune.com\\\/it\\\/2025\\\/12\\\/dal-2026-air-france-eliminera-i-voli-della-tratta-nizza-parigi-orly\\\/#breadcrumb\"},\"inLanguage\":\"it-IT\",\"potentialAction\":[{\"@type\":\"ReadAction\",\"target\":[\"https:\\\/\\\/www.monaco-tribune.com\\\/it\\\/2025\\\/12\\\/dal-2026-air-france-eliminera-i-voli-della-tratta-nizza-parigi-orly\\\/\"]}]},{\"@type\":\"ImageObject\",\"inLanguage\":\"it-IT\",\"@id\":\"https:\\\/\\\/www.monaco-tribune.com\\\/it\\\/2025\\\/12\\\/dal-2026-air-france-eliminera-i-voli-della-tratta-nizza-parigi-orly\\\/#primaryimage\",\"url\":\"https:\\\/\\\/www.monaco-tribune.com\\\/wp-content\\\/uploads\\\/2025\\\/12\\\/air-france-plane-scaled-1-1.jpg\",\"contentUrl\":\"https:\\\/\\\/www.monaco-tribune.com\\\/wp-content\\\/uploads\\\/2025\\\/12\\\/air-france-plane-scaled-1-1.jpg\",\"width\":1200,\"height\":737},{\"@type\":\"BreadcrumbList\",\"@id\":\"https:\\\/\\\/www.monaco-tribune.com\\\/it\\\/2025\\\/12\\\/dal-2026-air-france-eliminera-i-voli-della-tratta-nizza-parigi-orly\\\/#breadcrumb\",\"itemListElement\":[{\"@type\":\"ListItem\",\"position\":1,\"name\":\"Accueil\",\"item\":\"https:\\\/\\\/www.monaco-tribune.com\\\/it\\\/\"},{\"@type\":\"ListItem\",\"position\":2,\"name\":\"Dal 2026 Air France eliminer\u00e0 i voli della tratta Nizza-Parigi Orly\"}]},{\"@type\":\"WebSite\",\"@id\":\"https:\\\/\\\/www.monaco-tribune.com\\\/it\\\/#website\",\"url\":\"https:\\\/\\\/www.monaco-tribune.com\\\/it\\\/\",\"name\":\"Monaco Tribune\",\"description\":\"Monaco : actualit\u00e9s \u00e9conomiques, politiques, culturelles et sportives de Monaco et de la French Riviera.\",\"publisher\":{\"@id\":\"https:\\\/\\\/www.monaco-tribune.com\\\/it\\\/#organization\"},\"potentialAction\":[{\"@type\":\"SearchAction\",\"target\":{\"@type\":\"EntryPoint\",\"urlTemplate\":\"https:\\\/\\\/www.monaco-tribune.com\\\/it\\\/?s={search_term_string}\"},\"query-input\":{\"@type\":\"PropertyValueSpecification\",\"valueRequired\":true,\"valueName\":\"search_term_string\"}}],\"inLanguage\":\"it-IT\"},{\"@type\":\"Organization\",\"@id\":\"https:\\\/\\\/www.monaco-tribune.com\\\/it\\\/#organization\",\"name\":\"Monaco Tribune\",\"url\":\"https:\\\/\\\/www.monaco-tribune.com\\\/it\\\/\",\"logo\":{\"@type\":\"ImageObject\",\"inLanguage\":\"it-IT\",\"@id\":\"https:\\\/\\\/www.monaco-tribune.com\\\/it\\\/#\\\/schema\\\/logo\\\/image\\\/\",\"url\":\"https:\\\/\\\/www.monaco-tribune.com\\\/wp-content\\\/uploads\\\/2022\\\/11\\\/logo-monaco-tribune.png\",\"contentUrl\":\"https:\\\/\\\/www.monaco-tribune.com\\\/wp-content\\\/uploads\\\/2022\\\/11\\\/logo-monaco-tribune.png\",\"width\":1548,\"height\":600,\"caption\":\"Monaco Tribune\"},\"image\":{\"@id\":\"https:\\\/\\\/www.monaco-tribune.com\\\/it\\\/#\\\/schema\\\/logo\\\/image\\\/\"},\"sameAs\":[\"https:\\\/\\\/www.facebook.com\\\/MonacoTribune\",\"https:\\\/\\\/x.com\\\/MonacoTribune\",\"https:\\\/\\\/www.instagram.com\\\/monacotribune\\\/\",\"https:\\\/\\\/www.linkedin.com\\\/company\\\/monaco-tribune\",\"https:\\\/\\\/www.youtube.com\\\/channel\\\/UCHle1MnG6hw1y4lWKijVbMA\"]},{\"@type\":\"Person\",\"@id\":\"https:\\\/\\\/www.monaco-tribune.com\\\/it\\\/#\\\/schema\\\/person\\\/8f6ed8c063276e2397589eda5b7a2f2d\",\"name\":\"Monaco Tribune\",\"image\":{\"@type\":\"ImageObject\",\"inLanguage\":\"it-IT\",\"@id\":\"https:\\\/\\\/secure.gravatar.com\\\/avatar\\\/3010e6c5d6c8056ec1c25228fe68ea089879e5ae0de884e0247744ee988aaf6a?s=96&d=mm&r=g\",\"url\":\"https:\\\/\\\/secure.gravatar.com\\\/avatar\\\/3010e6c5d6c8056ec1c25228fe68ea089879e5ae0de884e0247744ee988aaf6a?s=96&d=mm&r=g\",\"contentUrl\":\"https:\\\/\\\/secure.gravatar.com\\\/avatar\\\/3010e6c5d6c8056ec1c25228fe68ea089879e5ae0de884e0247744ee988aaf6a?s=96&d=mm&r=g\",\"caption\":\"Monaco Tribune\"},\"url\":\"https:\\\/\\\/www.monaco-tribune.com\\\/it\\\/author\\\/monaco-tribune\\\/\"}]}<\/script>\n<!-- \/ Yoast SEO Premium plugin. -->","yoast_head_json":{"title":"Dal 2026 Air France eliminer\u00e0 i voli della tratta Nizza-Parigi Orly","description":"Dalla prossima primavera la compagnia di bandiera francese eliminer\u00e0 i voli domestici tra l'aeroporto di Parigi Orly e il sudest della Francia. Il conto","robots":{"index":"index","follow":"follow","max-snippet":"max-snippet:-1","max-image-preview":"max-image-preview:large","max-video-preview":"max-video-preview:-1"},"canonical":"https:\/\/www.monaco-tribune.com\/it\/2025\/12\/dal-2026-air-france-eliminera-i-voli-della-tratta-nizza-parigi-orly\/","og_locale":"it_IT","og_type":"article","og_title":"Dal 2026 Air France eliminer\u00e0 i voli della tratta Nizza-Parigi Orly - Monaco Tribune","og_description":"Dalla prossima primavera la compagnia di bandiera francese eliminer\u00e0 i voli domestici tra l'aeroporto di Parigi Orly e il sudest della Francia. Il conto","og_url":"https:\/\/www.monaco-tribune.com\/it\/2025\/12\/dal-2026-air-france-eliminera-i-voli-della-tratta-nizza-parigi-orly\/","og_site_name":"Monaco Tribune","article_publisher":"https:\/\/www.facebook.com\/MonacoTribune","article_published_time":"2025-12-02T17:55:22+00:00","article_modified_time":"2025-12-03T08:47:21+00:00","og_image":[{"width":1200,"height":737,"url":"https:\/\/www.monaco-tribune.com\/wp-content\/uploads\/2025\/12\/air-france-plane-scaled-1-1.jpg","type":"image\/jpeg"}],"author":"Monaco Tribune","twitter_card":"summary_large_image","twitter_creator":"@MonacoTribune","twitter_site":"@MonacoTribune","schema":{"@context":"https:\/\/schema.org","@graph":[{"@type":"NewsArticle","@id":"https:\/\/www.monaco-tribune.com\/it\/2025\/12\/dal-2026-air-france-eliminera-i-voli-della-tratta-nizza-parigi-orly\/#article","isPartOf":{"@id":"https:\/\/www.monaco-tribune.com\/it\/2025\/12\/dal-2026-air-france-eliminera-i-voli-della-tratta-nizza-parigi-orly\/"},"author":{"name":"Monaco Tribune","@id":"https:\/\/www.monaco-tribune.com\/it\/#\/schema\/person\/8f6ed8c063276e2397589eda5b7a2f2d"},"headline":"Dal 2026 Air France eliminer\u00e0 i voli della tratta Nizza-Parigi Orly","datePublished":"2025-12-02T17:55:22+00:00","dateModified":"2025-12-03T08:47:21+00:00","mainEntityOfPage":{"@id":"https:\/\/www.monaco-tribune.com\/it\/2025\/12\/dal-2026-air-france-eliminera-i-voli-della-tratta-nizza-parigi-orly\/"},"wordCount":286,"publisher":{"@id":"https:\/\/www.monaco-tribune.com\/it\/#organization"},"image":{"@id":"https:\/\/www.monaco-tribune.com\/it\/2025\/12\/dal-2026-air-france-eliminera-i-voli-della-tratta-nizza-parigi-orly\/#primaryimage"},"thumbnailUrl":"https:\/\/www.monaco-tribune.com\/wp-content\/uploads\/2025\/12\/air-france-plane-scaled-1-1.jpg","keywords":["Trasporto"],"articleSection":["Notizie","Societ\u00e0"],"inLanguage":"it-IT","copyrightYear":"2025","copyrightHolder":{"@id":"https:\/\/www.monaco-tribune.com\/#organization"}},{"@type":"WebPage","@id":"https:\/\/www.monaco-tribune.com\/it\/2025\/12\/dal-2026-air-france-eliminera-i-voli-della-tratta-nizza-parigi-orly\/","url":"https:\/\/www.monaco-tribune.com\/it\/2025\/12\/dal-2026-air-france-eliminera-i-voli-della-tratta-nizza-parigi-orly\/","name":"Dal 2026 Air France eliminer\u00e0 i voli della tratta Nizza-Parigi Orly","isPartOf":{"@id":"https:\/\/www.monaco-tribune.com\/it\/#website"},"primaryImageOfPage":{"@id":"https:\/\/www.monaco-tribune.com\/it\/2025\/12\/dal-2026-air-france-eliminera-i-voli-della-tratta-nizza-parigi-orly\/#primaryimage"},"image":{"@id":"https:\/\/www.monaco-tribune.com\/it\/2025\/12\/dal-2026-air-france-eliminera-i-voli-della-tratta-nizza-parigi-orly\/#primaryimage"},"thumbnailUrl":"https:\/\/www.monaco-tribune.com\/wp-content\/uploads\/2025\/12\/air-france-plane-scaled-1-1.jpg","datePublished":"2025-12-02T17:55:22+00:00","dateModified":"2025-12-03T08:47:21+00:00","description":"Dalla prossima primavera la compagnia di bandiera francese eliminer\u00e0 i voli domestici tra l'aeroporto di Parigi Orly e il sudest della Francia. Il conto","breadcrumb":{"@id":"https:\/\/www.monaco-tribune.com\/it\/2025\/12\/dal-2026-air-france-eliminera-i-voli-della-tratta-nizza-parigi-orly\/#breadcrumb"},"inLanguage":"it-IT","potentialAction":[{"@type":"ReadAction","target":["https:\/\/www.monaco-tribune.com\/it\/2025\/12\/dal-2026-air-france-eliminera-i-voli-della-tratta-nizza-parigi-orly\/"]}]},{"@type":"ImageObject","inLanguage":"it-IT","@id":"https:\/\/www.monaco-tribune.com\/it\/2025\/12\/dal-2026-air-france-eliminera-i-voli-della-tratta-nizza-parigi-orly\/#primaryimage","url":"https:\/\/www.monaco-tribune.com\/wp-content\/uploads\/2025\/12\/air-france-plane-scaled-1-1.jpg","contentUrl":"https:\/\/www.monaco-tribune.com\/wp-content\/uploads\/2025\/12\/air-france-plane-scaled-1-1.jpg","width":1200,"height":737},{"@type":"BreadcrumbList","@id":"https:\/\/www.monaco-tribune.com\/it\/2025\/12\/dal-2026-air-france-eliminera-i-voli-della-tratta-nizza-parigi-orly\/#breadcrumb","itemListElement":[{"@type":"ListItem","position":1,"name":"Accueil","item":"https:\/\/www.monaco-tribune.com\/it\/"},{"@type":"ListItem","position":2,"name":"Dal 2026 Air France eliminer\u00e0 i voli della tratta Nizza-Parigi Orly"}]},{"@type":"WebSite","@id":"https:\/\/www.monaco-tribune.com\/it\/#website","url":"https:\/\/www.monaco-tribune.com\/it\/","name":"Monaco Tribune","description":"Monaco : actualit\u00e9s \u00e9conomiques, politiques, culturelles et sportives de Monaco et de la French Riviera.","publisher":{"@id":"https:\/\/www.monaco-tribune.com\/it\/#organization"},"potentialAction":[{"@type":"SearchAction","target":{"@type":"EntryPoint","urlTemplate":"https:\/\/www.monaco-tribune.com\/it\/?s={search_term_string}"},"query-input":{"@type":"PropertyValueSpecification","valueRequired":true,"valueName":"search_term_string"}}],"inLanguage":"it-IT"},{"@type":"Organization","@id":"https:\/\/www.monaco-tribune.com\/it\/#organization","name":"Monaco Tribune","url":"https:\/\/www.monaco-tribune.com\/it\/","logo":{"@type":"ImageObject","inLanguage":"it-IT","@id":"https:\/\/www.monaco-tribune.com\/it\/#\/schema\/logo\/image\/","url":"https:\/\/www.monaco-tribune.com\/wp-content\/uploads\/2022\/11\/logo-monaco-tribune.png","contentUrl":"https:\/\/www.monaco-tribune.com\/wp-content\/uploads\/2022\/11\/logo-monaco-tribune.png","width":1548,"height":600,"caption":"Monaco Tribune"},"image":{"@id":"https:\/\/www.monaco-tribune.com\/it\/#\/schema\/logo\/image\/"},"sameAs":["https:\/\/www.facebook.com\/MonacoTribune","https:\/\/x.com\/MonacoTribune","https:\/\/www.instagram.com\/monacotribune\/","https:\/\/www.linkedin.com\/company\/monaco-tribune","https:\/\/www.youtube.com\/channel\/UCHle1MnG6hw1y4lWKijVbMA"]},{"@type":"Person","@id":"https:\/\/www.monaco-tribune.com\/it\/#\/schema\/person\/8f6ed8c063276e2397589eda5b7a2f2d","name":"Monaco Tribune","image":{"@type":"ImageObject","inLanguage":"it-IT","@id":"https:\/\/secure.gravatar.com\/avatar\/3010e6c5d6c8056ec1c25228fe68ea089879e5ae0de884e0247744ee988aaf6a?s=96&d=mm&r=g","url":"https:\/\/secure.gravatar.com\/avatar\/3010e6c5d6c8056ec1c25228fe68ea089879e5ae0de884e0247744ee988aaf6a?s=96&d=mm&r=g","contentUrl":"https:\/\/secure.gravatar.com\/avatar\/3010e6c5d6c8056ec1c25228fe68ea089879e5ae0de884e0247744ee988aaf6a?s=96&d=mm&r=g","caption":"Monaco Tribune"},"url":"https:\/\/www.monaco-tribune.com\/it\/author\/monaco-tribune\/"}]}},"_links":{"self":[{"href":"https:\/\/www.monaco-tribune.com\/it\/wp-json\/wp\/v2\/posts\/328464","targetHints":{"allow":["GET"]}}],"collection":[{"href":"https:\/\/www.monaco-tribune.com\/it\/wp-json\/wp\/v2\/posts"}],"about":[{"href":"https:\/\/www.monaco-tribune.com\/it\/wp-json\/wp\/v2\/types\/post"}],"author":[{"embeddable":true,"href":"https:\/\/www.monaco-tribune.com\/it\/wp-json\/wp\/v2\/users\/21"}],"replies":[{"embeddable":true,"href":"https:\/\/www.monaco-tribune.com\/it\/wp-json\/wp\/v2\/comments?post=328464"}],"version-history":[{"count":3,"href":"https:\/\/www.monaco-tribune.com\/it\/wp-json\/wp\/v2\/posts\/328464\/revisions"}],"predecessor-version":[{"id":328467,"href":"https:\/\/www.monaco-tribune.com\/it\/wp-json\/wp\/v2\/posts\/328464\/revisions\/328467"}],"wp:featuredmedia":[{"embeddable":true,"href":"https:\/\/www.monaco-tribune.com\/it\/wp-json\/wp\/v2\/media\/328518"}],"wp:attachment":[{"href":"https:\/\/www.monaco-tribune.com\/it\/wp-json\/wp\/v2\/media?parent=328464"}],"wp:term":[{"taxonomy":"category","embeddable":true,"href":"https:\/\/www.monaco-tribune.com\/it\/wp-json\/wp\/v2\/categories?post=328464"},{"taxonomy":"post_tag","embeddable":true,"href":"https:\/\/www.monaco-tribune.com\/it\/wp-json\/wp\/v2\/tags?post=328464"},{"taxonomy":"sectag","embeddable":true,"href":"https:\/\/www.monaco-tribune.com\/it\/wp-json\/wp\/v2\/post_sectags?post=328464"},{"taxonomy":"format","embeddable":true,"href":"https:\/\/www.monaco-tribune.com\/it\/wp-json\/wp\/v2\/post_format?post=328464"}],"curies":[{"name":"wp","href":"https:\/\/api.w.org\/{rel}","templated":true}]}}