{"id":328712,"date":"2025-12-03T22:57:30","date_gmt":"2025-12-03T20:57:30","guid":{"rendered":"https:\/\/www.monaco-tribune.com\/2025\/12\/la-principessa-carolina-charlotte-casiraghi-alexandra-di-hannover-tre-generazioni-in-chanel\/"},"modified":"2025-12-03T22:57:35","modified_gmt":"2025-12-03T20:57:35","slug":"la-principessa-carolina-charlotte-casiraghi-alexandra-di-hannover-tre-generazioni-in-chanel","status":"publish","type":"post","link":"https:\/\/www.monaco-tribune.com\/it\/2025\/12\/la-principessa-carolina-charlotte-casiraghi-alexandra-di-hannover-tre-generazioni-in-chanel\/","title":{"rendered":"La Principessa Carolina, Charlotte Casiraghi, Alexandra di Hannover: tre generazioni in Chanel"},"content":{"rendered":"\n<p><strong>Da quattro decenni, tre generazioni dei Grimaldi incarnano l\u2019eleganza della maison francese. Una fedelt\u00e0 che va dalle sfilate parigine agli eventi organizzati a Monaco.<\/strong><\/p>\n\n<p>Nel maggio 2022, Chanel ha fatto del Principato il palcoscenico di un evento di primo piano. La maison ha organizzato la sua sfilata Croisi\u00e8re 2023 al Monte-Carlo Beach il 5 maggio, riunendo la Principessa Carolina, Charlotte Casiraghi, Carole Bouquet, Vanessa Paradis, Kristen Stewart e Sofia Coppola. Virginie Viard, direttrice artistica di Chanel, aveva dichiarato che il Principato era &#8220;legato alla storia di Chanel&#8221;.<\/p>\n\n<p>Gabrielle Chanel aveva fatto costruire la sua villa La Pausa nel 1929 a Roquebrune-Cap-Martin, a pochi chilometri da Monaco. La collezione Croisi\u00e8re 2023 si ispirava proprio al Principato: colori rosso e bianco, motivi a scacchi che evocavano il Grand Prix di Monaco e borse a forma di racchetta da tennis che richiamavano il Monte-Carlo Country Club.<\/p>\n\n<h2 class=\"wp-block-heading\" id=\"h-la-princesse-caroline-fidele-de-la-maison\"><strong data-start=\"1383\" data-end=\"1431\">La Principessa Carolina, fedele della maison<\/strong><\/h2>\n<div class=\"wp-block-image\">\n<figure class=\"aligncenter size-large\"><img loading=\"lazy\" decoding=\"async\" width=\"1024\" height=\"683\" src=\"https:\/\/www.monaco-tribune.com\/wp-content\/uploads\/2025\/03\/princesse-caroline-2-1024x683.jpg\" alt=\"princesse caroline\" class=\"wp-image-281693\" srcset=\"https:\/\/www.monaco-tribune.com\/wp-content\/uploads\/2025\/03\/princesse-caroline-2-1024x683.jpg 1024w, https:\/\/www.monaco-tribune.com\/wp-content\/uploads\/2025\/03\/princesse-caroline-2-450x300.jpg 450w, https:\/\/www.monaco-tribune.com\/wp-content\/uploads\/2025\/03\/princesse-caroline-2.jpg 1200w\" sizes=\"auto, (max-width: 1024px) 100vw, 1024px\" \/><figcaption class=\"wp-element-caption\"><em>\u00a9 Axel Bastello \u2013 Palazzo del Principe<\/em><\/figcaption><\/figure>\n<\/div>\n<p>Quando Chanel ha nominato un nuovo direttore artistico nel 1983, la Principessa Carolina ha gradualmente lasciato Dior per indossare le creazioni della maison francese. \u00c8 diventata una cliente assidua e una vera icona per Chanel, sfoggiando le collezioni durante le sue apparizioni ufficiali. Ogni anno, la maison Chanel curava la scenografia del Bal de la Rose a Monaco, l\u2019evento mondano clou del Principato organizzato dalla Fondazione Principessa Grace, di cui la Principessa Carolina \u00e8 presidente. In questa occasione, Carolina appariva sempre vestita con capi Chanel a tema con la serata.<\/p>\n\n<p>Nel luglio 2012, la Principessa Carolina ha partecipato all\u2019inaugurazione della boutique Chanel Joaillerie a Monaco, segnando l\u2019insediamento della maison nel Principato. \u00c8 stata inoltre fotografata pi\u00f9 volte per la casa di moda, dando vita a una collezione di ritratti privata ed esposta una sola volta nel 2011 al Nouveau Mus\u00e9e National de Monaco.<\/p>\n<div class=\"wp-block-image\">\n<figure class=\"aligncenter size-large\"><img loading=\"lazy\" decoding=\"async\" width=\"1024\" height=\"896\" src=\"https:\/\/www.monaco-tribune.com\/wp-content\/uploads\/2025\/10\/signature-csmchanel_copyright-csmc-gallo-1-grande-1024x896.jpeg\" alt=\"La Principessa Carolina &#xE8; presidente del comitato di pilotaggio dell&#x2019;Unit&#xE0; di Ricerca sulla Biologia dei Coralli Preziosi &#xA9; CSM\/C Gallo\" class=\"wp-image-319878\" srcset=\"https:\/\/www.monaco-tribune.com\/wp-content\/uploads\/2025\/10\/signature-csmchanel_copyright-csmc-gallo-1-grande-1024x896.jpeg 1024w, https:\/\/www.monaco-tribune.com\/wp-content\/uploads\/2025\/10\/signature-csmchanel_copyright-csmc-gallo-1-grande-343x300.jpeg 343w, https:\/\/www.monaco-tribune.com\/wp-content\/uploads\/2025\/10\/signature-csmchanel_copyright-csmc-gallo-1-grande.jpeg 1280w\" sizes=\"auto, (max-width: 1024px) 100vw, 1024px\" \/><figcaption class=\"wp-element-caption\"><em>La Principessa Carolina \u00e8 presidente del comitato di pilotaggio dell\u2019Unit\u00e0 di Ricerca sulla Biologia dei Coralli Preziosi \u00a9 CSM\/C Gallo<\/em><\/figcaption><\/figure>\n<\/div>\n<p>Nell\u2019ottobre 2025, la Principessa Carolina ha assistito al rinnovo, per altri sei anni, della partnership tra Chanel e il Centro scientifico di Monaco per la salvaguardia del corallo rosso. Questo mecenatismo ambientale testimonia l\u2019impegno della maison oltre la moda, in linea con i valori ecologici sostenuti dal Principato e dal Principe Alberto II.<\/p>\n\n<h2 class=\"wp-block-heading\" id=\"h-charlotte-casiraghi-ambassadrice-officielle-depuis-2021\"><strong data-start=\"2944\" data-end=\"3001\">Charlotte Casiraghi, ambasciatrice ufficiale dal 2021<\/strong><\/h2>\n<div class=\"wp-block-image\">\n<figure class=\"aligncenter size-large\"><img loading=\"lazy\" decoding=\"async\" width=\"1024\" height=\"682\" src=\"https:\/\/www.monaco-tribune.com\/wp-content\/uploads\/2022\/07\/charlotte-casiraghi-chanel-defile-automne-hiver-2022-2023-1024x682.jpg\" alt=\"charlotte-casiraghi-chanel-defile-automne-hiver-2022-2023\" class=\"wp-image-132301\" srcset=\"https:\/\/www.monaco-tribune.com\/wp-content\/uploads\/2022\/07\/charlotte-casiraghi-chanel-defile-automne-hiver-2022-2023-1024x682.jpg 1024w, https:\/\/www.monaco-tribune.com\/wp-content\/uploads\/2022\/07\/charlotte-casiraghi-chanel-defile-automne-hiver-2022-2023-451x300.jpg 451w, https:\/\/www.monaco-tribune.com\/wp-content\/uploads\/2022\/07\/charlotte-casiraghi-chanel-defile-automne-hiver-2022-2023-scaled.jpg 2048w\" sizes=\"auto, (max-width: 1024px) 100vw, 1024px\" \/><figcaption class=\"wp-element-caption\"><em> \u00a9 Chanel \/ Facebook<\/em><\/figcaption><\/figure>\n<\/div><div class=\"wp-block-image\">\n<figure class=\"aligncenter size-large\"><img loading=\"lazy\" decoding=\"async\" width=\"1024\" height=\"682\" src=\"https:\/\/www.monaco-tribune.com\/wp-content\/uploads\/2021\/01\/charlotte-casiraghi-nouvelle-ambassadrice-et-porte-parole-de-chanel_2-1024x682.jpg\" alt=\"charlotte-casiraghi-nuova-ambasciatrice-e-portavoce-di-chanel\" class=\"wp-image-62183\" srcset=\"https:\/\/www.monaco-tribune.com\/wp-content\/uploads\/2021\/01\/charlotte-casiraghi-nouvelle-ambassadrice-et-porte-parole-de-chanel_2-1024x682.jpg 1024w, https:\/\/www.monaco-tribune.com\/wp-content\/uploads\/2021\/01\/charlotte-casiraghi-nouvelle-ambassadrice-et-porte-parole-de-chanel_2-451x300.jpg 451w, https:\/\/www.monaco-tribune.com\/wp-content\/uploads\/2021\/01\/charlotte-casiraghi-nouvelle-ambassadrice-et-porte-parole-de-chanel_2.jpg 1200w\" sizes=\"auto, (max-width: 1024px) 100vw, 1024px\" \/><figcaption class=\"wp-element-caption\"><em>\u00a9 Chanel<\/em><\/figcaption><\/figure>\n<\/div>\n<p><p data-start=\"3032\" data-end=\"3326\">Il 1\u00b0 gennaio 2021, la casa di alta moda ha nominato Charlotte Casiraghi ambasciatrice e portavoce della maison. In un video, la figlia di Carolina ha spiegato di essere &#8220;quasi nata con Chanel&#8221;, ricordando le fotografie della madre incinta mentre indossava le loro creazioni. Gi\u00e0 nel 2005 indossava un tailleur in tweed Chanel durante la Festa Nazionale monegasca, mostrando fin da giovanissima la sua fedelt\u00e0 alla griffe. Nel 2012 ha posato per \u00abThe Little Black Jacket: Chanel\u2019s Classic Revisited\u00bb, un\u2019opera di riferimento della maison. Per il suo matrimonio nel 2019 ha scelto un abito Chanel Haute Couture, rivelando il suo legame con il marchio.<\/p><\/p>\n<div class=\"wp-block-image\">\n<figure class=\"aligncenter size-large\"><img loading=\"lazy\" decoding=\"async\" width=\"1024\" height=\"647\" src=\"https:\/\/www.monaco-tribune.com\/wp-content\/uploads\/2021\/01\/charlotte-casiraghi-nouvelle-ambassadrice-et-porte-parole-de-chanel-1024x647.jpg\" alt=\"charlotte-casiraghi-nuova-ambasciatrice-e-portavoce-di-chanel\" class=\"wp-image-61535\" srcset=\"https:\/\/www.monaco-tribune.com\/wp-content\/uploads\/2021\/01\/charlotte-casiraghi-nouvelle-ambassadrice-et-porte-parole-de-chanel-1024x647.jpg 1024w, https:\/\/www.monaco-tribune.com\/wp-content\/uploads\/2021\/01\/charlotte-casiraghi-nouvelle-ambassadrice-et-porte-parole-de-chanel-475x300.jpg 475w, https:\/\/www.monaco-tribune.com\/wp-content\/uploads\/2021\/01\/charlotte-casiraghi-nouvelle-ambassadrice-et-porte-parole-de-chanel.jpg 1200w\" sizes=\"auto, (max-width: 1024px) 100vw, 1024px\" \/><figcaption class=\"wp-element-caption\"><em><em>\u00a9<\/em> Chanel &#8211; Inez et Vinoodh<\/em><\/figcaption><\/figure>\n<\/div>\n<p>Nel gennaio 2022, Charlotte Casiraghi ha aperto a cavallo la sfilata Chanel Haute Couture primavera-estate al Grand Palais \u00c9ph\u00e9m\u00e8re, regalando uno dei momenti pi\u00f9 spettacolari della storia delle sfilate della maison. Questa performance equestre ha lasciato il segno e dato prova della creativit\u00e0 di Chanel sotto la direzione di Virginie Viard.<\/p>\n\n<p class=\"related\"><a href=\"https:\/\/www.monaco-tribune.com\/it\/2024\/09\/principessa-grace-giovane-per-sempre\/\">Principessa Grace, giovane per sempre<\/a><\/p>\n<div class=\"wp-block-image\">\n<figure class=\"aligncenter size-large\"><img loading=\"lazy\" decoding=\"async\" width=\"1024\" height=\"683\" src=\"https:\/\/www.monaco-tribune.com\/wp-content\/uploads\/2024\/09\/charlotte-casiraghi-rencontres-litteraires-chanel-1024x683.jpg\" alt=\"charlotte-casiraghi-rencontres-litteraires-chanel\" class=\"wp-image-251838\" srcset=\"https:\/\/www.monaco-tribune.com\/wp-content\/uploads\/2024\/09\/charlotte-casiraghi-rencontres-litteraires-chanel-1024x683.jpg 1024w, https:\/\/www.monaco-tribune.com\/wp-content\/uploads\/2024\/09\/charlotte-casiraghi-rencontres-litteraires-chanel-450x300.jpg 450w, https:\/\/www.monaco-tribune.com\/wp-content\/uploads\/2024\/09\/charlotte-casiraghi-rencontres-litteraires-chanel.jpg 1200w\" sizes=\"auto, (max-width: 1024px) 100vw, 1024px\" \/><figcaption class=\"wp-element-caption\"><em>Charlotte Casiraghi durante i Rendez-vous litt\u00e9raires Rue Cambon, organizzati da Chanel \u00a9 Facebook \/ Chanel<\/em><\/figcaption><\/figure>\n<\/div>\n<p>Charlotte Casiraghi ha creato i <em>Rendez-vous litt\u00e9raires rue Cambon<\/em>, eventi letterari organizzati nei saloni storici di Chanel al 31 di rue Cambon. Questi incontri riuniscono scrittrici e attrici per leggere, discutere e condividere le loro prospettive su opere letterarie. L\u2019iniziativa si ispira ai salotti letterari che Gabrielle Chanel organizzava nel suo appartamento. La figlia della Principessa Carolina \u00e8 spesso presente nelle campagne Chanel: \u00e8 stata fotografata da Inez van Lamsweerde e Vinoodh Matadin per la campagna primavera-estate 2021, realizzata in una villa a Monaco; assiste alle sfilate Chanel a Parigi a ogni Fashion Week e lo scorso 28 gennaio, sotto la cupola del Grand Palais, era in prima fila.<\/p>\n\n<h2 class=\"wp-block-heading\" id=\"h-alexandra-de-hanovre-la-releve\"><strong>Alexandra di Hannover, la nuova generazione<\/strong><\/h2>\n<div class=\"wp-block-image\">\n<figure class=\"aligncenter size-large\"><img loading=\"lazy\" decoding=\"async\" width=\"1024\" height=\"512\" src=\"https:\/\/www.monaco-tribune.com\/wp-content\/uploads\/2020\/11\/princess-alexandra-hanover-min-1024x512.jpg\" alt=\"Princess-Alexandra-Hanover-min\" class=\"wp-image-46844\" srcset=\"https:\/\/www.monaco-tribune.com\/wp-content\/uploads\/2020\/11\/princess-alexandra-hanover-min-1024x512.jpg 1024w, https:\/\/www.monaco-tribune.com\/wp-content\/uploads\/2020\/11\/princess-alexandra-hanover-min-600x300.jpg 600w, https:\/\/www.monaco-tribune.com\/wp-content\/uploads\/2020\/11\/princess-alexandra-hanover-min.jpg 1200w\" sizes=\"auto, (max-width: 1024px) 100vw, 1024px\" \/><figcaption class=\"wp-element-caption\"><em>Principessa Alexandra di Hannover &#8211; DR<\/em><\/figcaption><\/figure>\n<\/div>\n<p>Alexandra di Hannover porta avanti la tradizione di famiglia indossando regolarmente Chanel. Nel gennaio 2025, Charlotte e Alexandra hanno assistito insieme alla sfilata Chanel Haute Couture primavera-estate al Grand Palais, che celebrava i 110 anni di Alta Moda della maison. Gi\u00e0 nel marzo 2016, la Principessa Carolina e Alexandra di Hannover assistevano insieme alle sfilate Chanel pr\u00eat-\u00e0-porter a Parigi.<\/p>\n\n<p>Il rapporto tra Chanel e i Grimaldi va oltre una semplice collaborazione commerciale. Dalle apparizioni regolari alle sfilate, al ruolo di ambasciatrice di Charlotte Casiraghi, passando per gli eventi organizzati a Monaco, la maison ha trovato nella Famiglia Principesca delle testimonial naturali. Oggi ben tre generazioni incarnano l\u2019eleganza della griffe fondata da Gabrielle Chanel.<\/p>\n","protected":false},"excerpt":{"rendered":"<p>Da quattro decenni, tre generazioni dei Grimaldi incarnano l\u2019eleganza della maison francese. Una fedelt\u00e0 che va dalle sfilate parigine agli [&hellip;]<\/p>\n","protected":false},"author":80,"featured_media":44429,"comment_status":"closed","ping_status":"closed","sticky":false,"template":"","format":"standard","meta":{"_acf_changed":false,"footnotes":""},"categories":[1742,1738],"tags":[2870],"post_sectags":[5198],"post_format":[2486],"class_list":["post-328712","post","type-post","status-publish","format-standard","has-post-thumbnail","hentry","category-famiglia-principesca","category-notizie","tag-principessa-carolina","sectag-charlotte-casiraghi-it","format-servizio"],"acf":[],"yoast_head":"<!-- This site is optimized with the Yoast SEO Premium plugin v26.8 (Yoast SEO v27.5) - https:\/\/yoast.com\/product\/yoast-seo-premium-wordpress\/ -->\n<title>La Principessa Carolina, Charlotte Casiraghi, Alexandra di Hannover: tre generazioni in Chanel<\/title>\n<meta name=\"description\" content=\"Da quattro decenni, tre generazioni dei Grimaldi incarnano l\u2019eleganza della maison francese. Una fedelt\u00e0 che va dalle sfilate parigine agli eventi\" \/>\n<meta name=\"robots\" content=\"index, follow, max-snippet:-1, max-image-preview:large, max-video-preview:-1\" \/>\n<link rel=\"canonical\" href=\"https:\/\/www.monaco-tribune.com\/it\/2025\/12\/la-principessa-carolina-charlotte-casiraghi-alexandra-di-hannover-tre-generazioni-in-chanel\/\" \/>\n<meta property=\"og:locale\" content=\"it_IT\" \/>\n<meta property=\"og:type\" content=\"article\" \/>\n<meta property=\"og:title\" content=\"La Principessa Carolina, Charlotte Casiraghi, Alexandra di Hannover: tre generazioni in Chanel - Monaco Tribune\" \/>\n<meta property=\"og:description\" content=\"Da quattro decenni, tre generazioni dei Grimaldi incarnano l\u2019eleganza della maison francese. Una fedelt\u00e0 che va dalle sfilate parigine agli eventi\" \/>\n<meta property=\"og:url\" content=\"https:\/\/www.monaco-tribune.com\/it\/2025\/12\/la-principessa-carolina-charlotte-casiraghi-alexandra-di-hannover-tre-generazioni-in-chanel\/\" \/>\n<meta property=\"og:site_name\" content=\"Monaco Tribune\" \/>\n<meta property=\"article:publisher\" content=\"https:\/\/www.facebook.com\/MonacoTribune\" \/>\n<meta property=\"article:published_time\" content=\"2025-12-03T20:57:30+00:00\" \/>\n<meta property=\"article:modified_time\" content=\"2025-12-03T20:57:35+00:00\" \/>\n<meta property=\"og:image\" content=\"https:\/\/www.monaco-tribune.com\/wp-content\/uploads\/2020\/11\/la-princesse-de-hanovre-et-charlotte-casiraghi-min.jpg\" \/>\n\t<meta property=\"og:image:width\" content=\"564\" \/>\n\t<meta property=\"og:image:height\" content=\"451\" \/>\n\t<meta property=\"og:image:type\" content=\"image\/jpeg\" \/>\n<meta name=\"author\" content=\"Estelle Imbert\" \/>\n<meta name=\"twitter:card\" content=\"summary_large_image\" \/>\n<meta name=\"twitter:creator\" content=\"@MonacoTribune\" \/>\n<meta name=\"twitter:site\" content=\"@MonacoTribune\" \/>\n<script type=\"application\/ld+json\" class=\"yoast-schema-graph\">{\"@context\":\"https:\\\/\\\/schema.org\",\"@graph\":[{\"@type\":\"NewsArticle\",\"@id\":\"https:\\\/\\\/www.monaco-tribune.com\\\/it\\\/2025\\\/12\\\/la-principessa-carolina-charlotte-casiraghi-alexandra-di-hannover-tre-generazioni-in-chanel\\\/#article\",\"isPartOf\":{\"@id\":\"https:\\\/\\\/www.monaco-tribune.com\\\/it\\\/2025\\\/12\\\/la-principessa-carolina-charlotte-casiraghi-alexandra-di-hannover-tre-generazioni-in-chanel\\\/\"},\"author\":{\"name\":\"Estelle Imbert\",\"@id\":\"https:\\\/\\\/www.monaco-tribune.com\\\/it\\\/#\\\/schema\\\/person\\\/55ce91a070ff78e15ec1817376669bf4\"},\"headline\":\"La Principessa Carolina, Charlotte Casiraghi, Alexandra di Hannover: tre generazioni in Chanel\",\"datePublished\":\"2025-12-03T20:57:30+00:00\",\"dateModified\":\"2025-12-03T20:57:35+00:00\",\"mainEntityOfPage\":{\"@id\":\"https:\\\/\\\/www.monaco-tribune.com\\\/it\\\/2025\\\/12\\\/la-principessa-carolina-charlotte-casiraghi-alexandra-di-hannover-tre-generazioni-in-chanel\\\/\"},\"wordCount\":795,\"publisher\":{\"@id\":\"https:\\\/\\\/www.monaco-tribune.com\\\/it\\\/#organization\"},\"image\":{\"@id\":\"https:\\\/\\\/www.monaco-tribune.com\\\/it\\\/2025\\\/12\\\/la-principessa-carolina-charlotte-casiraghi-alexandra-di-hannover-tre-generazioni-in-chanel\\\/#primaryimage\"},\"thumbnailUrl\":\"https:\\\/\\\/www.monaco-tribune.com\\\/wp-content\\\/uploads\\\/2020\\\/11\\\/la-princesse-de-hanovre-et-charlotte-casiraghi-min.jpg\",\"keywords\":[\"Principessa Carolina\"],\"articleSection\":[\"Famiglia Principesca\",\"Notizie\"],\"inLanguage\":\"it-IT\",\"copyrightYear\":\"2025\",\"copyrightHolder\":{\"@id\":\"https:\\\/\\\/www.monaco-tribune.com\\\/#organization\"}},{\"@type\":\"WebPage\",\"@id\":\"https:\\\/\\\/www.monaco-tribune.com\\\/it\\\/2025\\\/12\\\/la-principessa-carolina-charlotte-casiraghi-alexandra-di-hannover-tre-generazioni-in-chanel\\\/\",\"url\":\"https:\\\/\\\/www.monaco-tribune.com\\\/it\\\/2025\\\/12\\\/la-principessa-carolina-charlotte-casiraghi-alexandra-di-hannover-tre-generazioni-in-chanel\\\/\",\"name\":\"La Principessa Carolina, Charlotte Casiraghi, Alexandra di Hannover: tre generazioni in Chanel\",\"isPartOf\":{\"@id\":\"https:\\\/\\\/www.monaco-tribune.com\\\/it\\\/#website\"},\"primaryImageOfPage\":{\"@id\":\"https:\\\/\\\/www.monaco-tribune.com\\\/it\\\/2025\\\/12\\\/la-principessa-carolina-charlotte-casiraghi-alexandra-di-hannover-tre-generazioni-in-chanel\\\/#primaryimage\"},\"image\":{\"@id\":\"https:\\\/\\\/www.monaco-tribune.com\\\/it\\\/2025\\\/12\\\/la-principessa-carolina-charlotte-casiraghi-alexandra-di-hannover-tre-generazioni-in-chanel\\\/#primaryimage\"},\"thumbnailUrl\":\"https:\\\/\\\/www.monaco-tribune.com\\\/wp-content\\\/uploads\\\/2020\\\/11\\\/la-princesse-de-hanovre-et-charlotte-casiraghi-min.jpg\",\"datePublished\":\"2025-12-03T20:57:30+00:00\",\"dateModified\":\"2025-12-03T20:57:35+00:00\",\"description\":\"Da quattro decenni, tre generazioni dei Grimaldi incarnano l\u2019eleganza della maison francese. Una fedelt\u00e0 che va dalle sfilate parigine agli eventi\",\"breadcrumb\":{\"@id\":\"https:\\\/\\\/www.monaco-tribune.com\\\/it\\\/2025\\\/12\\\/la-principessa-carolina-charlotte-casiraghi-alexandra-di-hannover-tre-generazioni-in-chanel\\\/#breadcrumb\"},\"inLanguage\":\"it-IT\",\"potentialAction\":[{\"@type\":\"ReadAction\",\"target\":[\"https:\\\/\\\/www.monaco-tribune.com\\\/it\\\/2025\\\/12\\\/la-principessa-carolina-charlotte-casiraghi-alexandra-di-hannover-tre-generazioni-in-chanel\\\/\"]}]},{\"@type\":\"ImageObject\",\"inLanguage\":\"it-IT\",\"@id\":\"https:\\\/\\\/www.monaco-tribune.com\\\/it\\\/2025\\\/12\\\/la-principessa-carolina-charlotte-casiraghi-alexandra-di-hannover-tre-generazioni-in-chanel\\\/#primaryimage\",\"url\":\"https:\\\/\\\/www.monaco-tribune.com\\\/wp-content\\\/uploads\\\/2020\\\/11\\\/la-princesse-de-hanovre-et-charlotte-casiraghi-min.jpg\",\"contentUrl\":\"https:\\\/\\\/www.monaco-tribune.com\\\/wp-content\\\/uploads\\\/2020\\\/11\\\/la-princesse-de-hanovre-et-charlotte-casiraghi-min.jpg\",\"width\":564,\"height\":451,\"caption\":\"Da anni, la principessa Carolina, Charlotte e Alexandra Casiraghi sono ambasciatrici e clienti fedeli della maison Chanel \u00a9 Felix Dol Maillot\"},{\"@type\":\"BreadcrumbList\",\"@id\":\"https:\\\/\\\/www.monaco-tribune.com\\\/it\\\/2025\\\/12\\\/la-principessa-carolina-charlotte-casiraghi-alexandra-di-hannover-tre-generazioni-in-chanel\\\/#breadcrumb\",\"itemListElement\":[{\"@type\":\"ListItem\",\"position\":1,\"name\":\"Accueil\",\"item\":\"https:\\\/\\\/www.monaco-tribune.com\\\/it\\\/\"},{\"@type\":\"ListItem\",\"position\":2,\"name\":\"La Principessa Carolina, Charlotte Casiraghi, Alexandra di Hannover: tre generazioni in Chanel\"}]},{\"@type\":\"WebSite\",\"@id\":\"https:\\\/\\\/www.monaco-tribune.com\\\/it\\\/#website\",\"url\":\"https:\\\/\\\/www.monaco-tribune.com\\\/it\\\/\",\"name\":\"Monaco Tribune\",\"description\":\"Monaco : actualit\u00e9s \u00e9conomiques, politiques, culturelles et sportives de Monaco et de la French Riviera.\",\"publisher\":{\"@id\":\"https:\\\/\\\/www.monaco-tribune.com\\\/it\\\/#organization\"},\"potentialAction\":[{\"@type\":\"SearchAction\",\"target\":{\"@type\":\"EntryPoint\",\"urlTemplate\":\"https:\\\/\\\/www.monaco-tribune.com\\\/it\\\/?s={search_term_string}\"},\"query-input\":{\"@type\":\"PropertyValueSpecification\",\"valueRequired\":true,\"valueName\":\"search_term_string\"}}],\"inLanguage\":\"it-IT\"},{\"@type\":\"Organization\",\"@id\":\"https:\\\/\\\/www.monaco-tribune.com\\\/it\\\/#organization\",\"name\":\"Monaco Tribune\",\"url\":\"https:\\\/\\\/www.monaco-tribune.com\\\/it\\\/\",\"logo\":{\"@type\":\"ImageObject\",\"inLanguage\":\"it-IT\",\"@id\":\"https:\\\/\\\/www.monaco-tribune.com\\\/it\\\/#\\\/schema\\\/logo\\\/image\\\/\",\"url\":\"https:\\\/\\\/www.monaco-tribune.com\\\/wp-content\\\/uploads\\\/2022\\\/11\\\/logo-monaco-tribune.png\",\"contentUrl\":\"https:\\\/\\\/www.monaco-tribune.com\\\/wp-content\\\/uploads\\\/2022\\\/11\\\/logo-monaco-tribune.png\",\"width\":1548,\"height\":600,\"caption\":\"Monaco Tribune\"},\"image\":{\"@id\":\"https:\\\/\\\/www.monaco-tribune.com\\\/it\\\/#\\\/schema\\\/logo\\\/image\\\/\"},\"sameAs\":[\"https:\\\/\\\/www.facebook.com\\\/MonacoTribune\",\"https:\\\/\\\/x.com\\\/MonacoTribune\",\"https:\\\/\\\/www.instagram.com\\\/monacotribune\\\/\",\"https:\\\/\\\/www.linkedin.com\\\/company\\\/monaco-tribune\",\"https:\\\/\\\/www.youtube.com\\\/channel\\\/UCHle1MnG6hw1y4lWKijVbMA\"]},{\"@type\":\"Person\",\"@id\":\"https:\\\/\\\/www.monaco-tribune.com\\\/it\\\/#\\\/schema\\\/person\\\/55ce91a070ff78e15ec1817376669bf4\",\"name\":\"Estelle Imbert\",\"image\":{\"@type\":\"ImageObject\",\"inLanguage\":\"it-IT\",\"@id\":\"https:\\\/\\\/secure.gravatar.com\\\/avatar\\\/d2e1a3840b1138a669d04f6292bbd810f7f730844d7a28a8e8c4c6da40e79852?s=96&d=mm&r=g\",\"url\":\"https:\\\/\\\/secure.gravatar.com\\\/avatar\\\/d2e1a3840b1138a669d04f6292bbd810f7f730844d7a28a8e8c4c6da40e79852?s=96&d=mm&r=g\",\"contentUrl\":\"https:\\\/\\\/secure.gravatar.com\\\/avatar\\\/d2e1a3840b1138a669d04f6292bbd810f7f730844d7a28a8e8c4c6da40e79852?s=96&d=mm&r=g\",\"caption\":\"Estelle Imbert\"},\"url\":\"https:\\\/\\\/www.monaco-tribune.com\\\/it\\\/author\\\/estelleimbert\\\/\"}]}<\/script>\n<!-- \/ Yoast SEO Premium plugin. -->","yoast_head_json":{"title":"La Principessa Carolina, Charlotte Casiraghi, Alexandra di Hannover: tre generazioni in Chanel","description":"Da quattro decenni, tre generazioni dei Grimaldi incarnano l\u2019eleganza della maison francese. Una fedelt\u00e0 che va dalle sfilate parigine agli eventi","robots":{"index":"index","follow":"follow","max-snippet":"max-snippet:-1","max-image-preview":"max-image-preview:large","max-video-preview":"max-video-preview:-1"},"canonical":"https:\/\/www.monaco-tribune.com\/it\/2025\/12\/la-principessa-carolina-charlotte-casiraghi-alexandra-di-hannover-tre-generazioni-in-chanel\/","og_locale":"it_IT","og_type":"article","og_title":"La Principessa Carolina, Charlotte Casiraghi, Alexandra di Hannover: tre generazioni in Chanel - Monaco Tribune","og_description":"Da quattro decenni, tre generazioni dei Grimaldi incarnano l\u2019eleganza della maison francese. Una fedelt\u00e0 che va dalle sfilate parigine agli eventi","og_url":"https:\/\/www.monaco-tribune.com\/it\/2025\/12\/la-principessa-carolina-charlotte-casiraghi-alexandra-di-hannover-tre-generazioni-in-chanel\/","og_site_name":"Monaco Tribune","article_publisher":"https:\/\/www.facebook.com\/MonacoTribune","article_published_time":"2025-12-03T20:57:30+00:00","article_modified_time":"2025-12-03T20:57:35+00:00","og_image":[{"width":564,"height":451,"url":"https:\/\/www.monaco-tribune.com\/wp-content\/uploads\/2020\/11\/la-princesse-de-hanovre-et-charlotte-casiraghi-min.jpg","type":"image\/jpeg"}],"author":"Estelle Imbert","twitter_card":"summary_large_image","twitter_creator":"@MonacoTribune","twitter_site":"@MonacoTribune","schema":{"@context":"https:\/\/schema.org","@graph":[{"@type":"NewsArticle","@id":"https:\/\/www.monaco-tribune.com\/it\/2025\/12\/la-principessa-carolina-charlotte-casiraghi-alexandra-di-hannover-tre-generazioni-in-chanel\/#article","isPartOf":{"@id":"https:\/\/www.monaco-tribune.com\/it\/2025\/12\/la-principessa-carolina-charlotte-casiraghi-alexandra-di-hannover-tre-generazioni-in-chanel\/"},"author":{"name":"Estelle Imbert","@id":"https:\/\/www.monaco-tribune.com\/it\/#\/schema\/person\/55ce91a070ff78e15ec1817376669bf4"},"headline":"La Principessa Carolina, Charlotte Casiraghi, Alexandra di Hannover: tre generazioni in Chanel","datePublished":"2025-12-03T20:57:30+00:00","dateModified":"2025-12-03T20:57:35+00:00","mainEntityOfPage":{"@id":"https:\/\/www.monaco-tribune.com\/it\/2025\/12\/la-principessa-carolina-charlotte-casiraghi-alexandra-di-hannover-tre-generazioni-in-chanel\/"},"wordCount":795,"publisher":{"@id":"https:\/\/www.monaco-tribune.com\/it\/#organization"},"image":{"@id":"https:\/\/www.monaco-tribune.com\/it\/2025\/12\/la-principessa-carolina-charlotte-casiraghi-alexandra-di-hannover-tre-generazioni-in-chanel\/#primaryimage"},"thumbnailUrl":"https:\/\/www.monaco-tribune.com\/wp-content\/uploads\/2020\/11\/la-princesse-de-hanovre-et-charlotte-casiraghi-min.jpg","keywords":["Principessa Carolina"],"articleSection":["Famiglia Principesca","Notizie"],"inLanguage":"it-IT","copyrightYear":"2025","copyrightHolder":{"@id":"https:\/\/www.monaco-tribune.com\/#organization"}},{"@type":"WebPage","@id":"https:\/\/www.monaco-tribune.com\/it\/2025\/12\/la-principessa-carolina-charlotte-casiraghi-alexandra-di-hannover-tre-generazioni-in-chanel\/","url":"https:\/\/www.monaco-tribune.com\/it\/2025\/12\/la-principessa-carolina-charlotte-casiraghi-alexandra-di-hannover-tre-generazioni-in-chanel\/","name":"La Principessa Carolina, Charlotte Casiraghi, Alexandra di Hannover: tre generazioni in Chanel","isPartOf":{"@id":"https:\/\/www.monaco-tribune.com\/it\/#website"},"primaryImageOfPage":{"@id":"https:\/\/www.monaco-tribune.com\/it\/2025\/12\/la-principessa-carolina-charlotte-casiraghi-alexandra-di-hannover-tre-generazioni-in-chanel\/#primaryimage"},"image":{"@id":"https:\/\/www.monaco-tribune.com\/it\/2025\/12\/la-principessa-carolina-charlotte-casiraghi-alexandra-di-hannover-tre-generazioni-in-chanel\/#primaryimage"},"thumbnailUrl":"https:\/\/www.monaco-tribune.com\/wp-content\/uploads\/2020\/11\/la-princesse-de-hanovre-et-charlotte-casiraghi-min.jpg","datePublished":"2025-12-03T20:57:30+00:00","dateModified":"2025-12-03T20:57:35+00:00","description":"Da quattro decenni, tre generazioni dei Grimaldi incarnano l\u2019eleganza della maison francese. Una fedelt\u00e0 che va dalle sfilate parigine agli eventi","breadcrumb":{"@id":"https:\/\/www.monaco-tribune.com\/it\/2025\/12\/la-principessa-carolina-charlotte-casiraghi-alexandra-di-hannover-tre-generazioni-in-chanel\/#breadcrumb"},"inLanguage":"it-IT","potentialAction":[{"@type":"ReadAction","target":["https:\/\/www.monaco-tribune.com\/it\/2025\/12\/la-principessa-carolina-charlotte-casiraghi-alexandra-di-hannover-tre-generazioni-in-chanel\/"]}]},{"@type":"ImageObject","inLanguage":"it-IT","@id":"https:\/\/www.monaco-tribune.com\/it\/2025\/12\/la-principessa-carolina-charlotte-casiraghi-alexandra-di-hannover-tre-generazioni-in-chanel\/#primaryimage","url":"https:\/\/www.monaco-tribune.com\/wp-content\/uploads\/2020\/11\/la-princesse-de-hanovre-et-charlotte-casiraghi-min.jpg","contentUrl":"https:\/\/www.monaco-tribune.com\/wp-content\/uploads\/2020\/11\/la-princesse-de-hanovre-et-charlotte-casiraghi-min.jpg","width":564,"height":451,"caption":"Da anni, la principessa Carolina, Charlotte e Alexandra Casiraghi sono ambasciatrici e clienti fedeli della maison Chanel \u00a9 Felix Dol Maillot"},{"@type":"BreadcrumbList","@id":"https:\/\/www.monaco-tribune.com\/it\/2025\/12\/la-principessa-carolina-charlotte-casiraghi-alexandra-di-hannover-tre-generazioni-in-chanel\/#breadcrumb","itemListElement":[{"@type":"ListItem","position":1,"name":"Accueil","item":"https:\/\/www.monaco-tribune.com\/it\/"},{"@type":"ListItem","position":2,"name":"La Principessa Carolina, Charlotte Casiraghi, Alexandra di Hannover: tre generazioni in Chanel"}]},{"@type":"WebSite","@id":"https:\/\/www.monaco-tribune.com\/it\/#website","url":"https:\/\/www.monaco-tribune.com\/it\/","name":"Monaco Tribune","description":"Monaco : actualit\u00e9s \u00e9conomiques, politiques, culturelles et sportives de Monaco et de la French Riviera.","publisher":{"@id":"https:\/\/www.monaco-tribune.com\/it\/#organization"},"potentialAction":[{"@type":"SearchAction","target":{"@type":"EntryPoint","urlTemplate":"https:\/\/www.monaco-tribune.com\/it\/?s={search_term_string}"},"query-input":{"@type":"PropertyValueSpecification","valueRequired":true,"valueName":"search_term_string"}}],"inLanguage":"it-IT"},{"@type":"Organization","@id":"https:\/\/www.monaco-tribune.com\/it\/#organization","name":"Monaco Tribune","url":"https:\/\/www.monaco-tribune.com\/it\/","logo":{"@type":"ImageObject","inLanguage":"it-IT","@id":"https:\/\/www.monaco-tribune.com\/it\/#\/schema\/logo\/image\/","url":"https:\/\/www.monaco-tribune.com\/wp-content\/uploads\/2022\/11\/logo-monaco-tribune.png","contentUrl":"https:\/\/www.monaco-tribune.com\/wp-content\/uploads\/2022\/11\/logo-monaco-tribune.png","width":1548,"height":600,"caption":"Monaco Tribune"},"image":{"@id":"https:\/\/www.monaco-tribune.com\/it\/#\/schema\/logo\/image\/"},"sameAs":["https:\/\/www.facebook.com\/MonacoTribune","https:\/\/x.com\/MonacoTribune","https:\/\/www.instagram.com\/monacotribune\/","https:\/\/www.linkedin.com\/company\/monaco-tribune","https:\/\/www.youtube.com\/channel\/UCHle1MnG6hw1y4lWKijVbMA"]},{"@type":"Person","@id":"https:\/\/www.monaco-tribune.com\/it\/#\/schema\/person\/55ce91a070ff78e15ec1817376669bf4","name":"Estelle Imbert","image":{"@type":"ImageObject","inLanguage":"it-IT","@id":"https:\/\/secure.gravatar.com\/avatar\/d2e1a3840b1138a669d04f6292bbd810f7f730844d7a28a8e8c4c6da40e79852?s=96&d=mm&r=g","url":"https:\/\/secure.gravatar.com\/avatar\/d2e1a3840b1138a669d04f6292bbd810f7f730844d7a28a8e8c4c6da40e79852?s=96&d=mm&r=g","contentUrl":"https:\/\/secure.gravatar.com\/avatar\/d2e1a3840b1138a669d04f6292bbd810f7f730844d7a28a8e8c4c6da40e79852?s=96&d=mm&r=g","caption":"Estelle Imbert"},"url":"https:\/\/www.monaco-tribune.com\/it\/author\/estelleimbert\/"}]}},"_links":{"self":[{"href":"https:\/\/www.monaco-tribune.com\/it\/wp-json\/wp\/v2\/posts\/328712","targetHints":{"allow":["GET"]}}],"collection":[{"href":"https:\/\/www.monaco-tribune.com\/it\/wp-json\/wp\/v2\/posts"}],"about":[{"href":"https:\/\/www.monaco-tribune.com\/it\/wp-json\/wp\/v2\/types\/post"}],"author":[{"embeddable":true,"href":"https:\/\/www.monaco-tribune.com\/it\/wp-json\/wp\/v2\/users\/80"}],"replies":[{"embeddable":true,"href":"https:\/\/www.monaco-tribune.com\/it\/wp-json\/wp\/v2\/comments?post=328712"}],"version-history":[{"count":3,"href":"https:\/\/www.monaco-tribune.com\/it\/wp-json\/wp\/v2\/posts\/328712\/revisions"}],"predecessor-version":[{"id":328715,"href":"https:\/\/www.monaco-tribune.com\/it\/wp-json\/wp\/v2\/posts\/328712\/revisions\/328715"}],"wp:featuredmedia":[{"embeddable":true,"href":"https:\/\/www.monaco-tribune.com\/it\/wp-json\/wp\/v2\/media\/44429"}],"wp:attachment":[{"href":"https:\/\/www.monaco-tribune.com\/it\/wp-json\/wp\/v2\/media?parent=328712"}],"wp:term":[{"taxonomy":"category","embeddable":true,"href":"https:\/\/www.monaco-tribune.com\/it\/wp-json\/wp\/v2\/categories?post=328712"},{"taxonomy":"post_tag","embeddable":true,"href":"https:\/\/www.monaco-tribune.com\/it\/wp-json\/wp\/v2\/tags?post=328712"},{"taxonomy":"sectag","embeddable":true,"href":"https:\/\/www.monaco-tribune.com\/it\/wp-json\/wp\/v2\/post_sectags?post=328712"},{"taxonomy":"format","embeddable":true,"href":"https:\/\/www.monaco-tribune.com\/it\/wp-json\/wp\/v2\/post_format?post=328712"}],"curies":[{"name":"wp","href":"https:\/\/api.w.org\/{rel}","templated":true}]}}