{"id":328939,"date":"2025-12-04T18:20:44","date_gmt":"2025-12-04T16:20:44","guid":{"rendered":"https:\/\/www.monaco-tribune.com\/2025\/12\/la-jci-monaco-festeggia-30-anni-di-imprenditoria-e-svela-i-suoi-vincitori-2025\/"},"modified":"2025-12-04T18:21:04","modified_gmt":"2025-12-04T16:21:04","slug":"la-jci-monaco-festeggia-30-anni-di-imprenditoria-e-svela-i-suoi-vincitori-2025","status":"publish","type":"post","link":"https:\/\/www.monaco-tribune.com\/it\/2025\/12\/la-jci-monaco-festeggia-30-anni-di-imprenditoria-e-svela-i-suoi-vincitori-2025\/","title":{"rendered":"La JCI Monaco festeggia 30 anni di imprenditoria e svela i suoi vincitori 2025"},"content":{"rendered":"\n<p><strong>Radio Chantier si aggiudica il premio del Governo del Principe durante una serata che celebra trent&#8217;anni di supporto ai creatori d\u2019impresa nel Principato.<\/strong><\/p>\n\n<p>L\u2019Auditorium Rainier III ha ospitato marted\u00ec sera la 30\u00aa edizione del Concorso di Creazione d&#8217;Impresa (Concours de Cr\u00e9ation d\u2019Entreprise &#8211; CCE), organizzata dalla Jeune Chambre \u00c9conomique de Monaco (Camera di Commercio Giovani di Monaco). Questa edizione speciale ha messo in luce una nuova generazione di imprenditori, celebrando allo stesso tempo le success stories che hanno segnato questi trent\u2019anni.<\/p>\n\n<h2 class=\"wp-block-heading\" id=\"h-radio-chantier-en-tete-du-palmares\">Radio Chantier in testa al palmar\u00e8s<\/h2>\n<div class=\"wp-block-image\">\n<figure class=\"aligncenter size-full\"><img loading=\"lazy\" decoding=\"async\" width=\"645\" height=\"427\" src=\"https:\/\/www.monaco-tribune.com\/wp-content\/uploads\/2025\/12\/cce_radio-chantier.png\" alt=\"CCE_Radio Chantier\" class=\"wp-image-328670\" srcset=\"https:\/\/www.monaco-tribune.com\/wp-content\/uploads\/2025\/12\/cce_radio-chantier.png 645w, https:\/\/www.monaco-tribune.com\/wp-content\/uploads\/2025\/12\/cce_radio-chantier-453x300.png 453w\" sizes=\"auto, (max-width: 645px) 100vw, 645px\" \/><figcaption class=\"wp-element-caption\"><em>\u00a9 JCEM<\/em><\/figcaption><\/figure>\n<\/div>\n<p>Il premio del Governo del Principe, del valore di 40.000 euro, \u00e8 stato assegnato a Radio Chantier, fondata da Cyril Cros e Alexandre Mattelon. L\u2019azienda supporta i progetti di costruzione grazie all\u2019intelligenza artificiale, agendo da intermediaria tra le decisioni prese sul campo e la gestione globale del progetto. &#8220;Rappresenta moltissimo per noi, perch\u00e9 nella giuria ci sono professionisti riconosciuti del Principato. Vedere il proprio lavoro premiato da queste persone mi rende davvero felice&#8221;, confida Cyril Cros.<\/p>\n\n<p>&#8220;Significa che non solo abbiamo un\u2019idea coerente e interessante, ma anche che tutto il lavoro fatto per preparare la documentazione e rendere il progetto credibile ha dato i suoi frutti. \u00c8 un\u2019enorme soddisfazione e un grande sollievo, prima di rimboccarci le maniche per il 2026, poter creare la societ\u00e0 e lanciare i primi progetti&#8221;.<\/p>\n\n<p>L\u2019imprenditore, che dirige gi\u00e0 MC BIM, un\u2019azienda specializzata nelle nuove tecnologie per l\u2019edilizia dal 2010, vede questo premio come il risultato di una riflessione maturata per quasi dieci anni. Per l\u2019anno a venire, le ambizioni sono chiare: &#8220;Mi auguro tante belle cose. Vedere i nostri nomi sui cartelli di grandi cantieri come il CHPG o Le Bel-Air e vedere i nostri smartphone nelle mani di tutti i project manager&#8221;, immagina Cyril Cros.<\/p>\n\n<h2 class=\"wp-block-heading\" id=\"h-trois-autres-laureats-recompenses\">Tre altri vincitori premiati<\/h2>\n<div class=\"wp-block-image\">\n<figure class=\"aligncenter size-full\"><img loading=\"lazy\" decoding=\"async\" width=\"1024\" height=\"768\" src=\"https:\/\/www.monaco-tribune.com\/wp-content\/uploads\/2025\/12\/jci.jpeg\" alt=\"JCI\" class=\"wp-image-328678\" srcset=\"https:\/\/www.monaco-tribune.com\/wp-content\/uploads\/2025\/12\/jci.jpeg 1024w, https:\/\/www.monaco-tribune.com\/wp-content\/uploads\/2025\/12\/jci-400x300.jpeg 400w\" sizes=\"auto, (max-width: 1024px) 100vw, 1024px\" \/><figcaption class=\"wp-element-caption\"><em>\u00a9 Monaco Tribune<\/em><\/figcaption><\/figure>\n<\/div>\n<p>Il premio della Jeune Chambre \u00c9conomique de Monaco (21.000 euro) \u00e8 stato assegnato a DataGreen, guidata da Julien Choukroun. L\u2019azienda propone una soluzione sostenibile per riutilizzare l\u2019energia emessa dai datacenter attraverso un processo innovativo. Meuble Monaco, rappresentata da Isobel Ridley, ha ottenuto il premio Athos Partners di 10.000 euro. Questa piattaforma innovativa facilita la gestione e la rivendita online di mobili per i residenti del Principato.<\/p>\n\n<p>Infine, il premio Coup de C\u0153ur della giuria \u00e8 stato attribuito a ClickMeal, guidata da Alexia Montero e Guillaume Delachet. L\u2019azienda propone frigoriferi connessi che trasformano gli spazi di lavoro offrendo una soluzione di ristorazione moderna e a km 0.<\/p>\n\n<p class=\"related\"><a href=\"https:\/\/www.monaco-tribune.com\/it\/2025\/10\/cripto-economia-imprenditoria-digitale-pierre-andre-chiappori-traccia-un-quadro-delle-tendenze-monegasche\/\">Cripto, economia, imprenditoria, digitale: Pierre-Andr\u00e9 Chiappori traccia un quadro delle tendenze monegasche<\/a><\/p>\n\n<h2 class=\"wp-block-heading\" id=\"h-graines-d-entrepreneurs-la-releve-monegasque-a-l-honneur\">Graines d\u2019Entrepreneurs: la nuova generazione monegasca protagonista<\/h2>\n\n<p>Oltre al CCE, anche il programma Graines d\u2019Entrepreneurs ha celebrato i suoi vincitori. Ambre, membro del team A.S.M.D. Construction and Infrastructure, ha presentato un progetto ambizioso volto ad aiutare le popolazioni isolate nei Paesi emergenti: &#8220;Il nostro progetto \u00e8 creare un\u2019azienda che aiuti le persone, soprattutto le popolazioni isolate o che non hanno gli stessi aiuti che abbiamo noi, portando acqua, elettricit\u00e0 e beni essenziali della nostra societ\u00e0 per offrire comfort e soprattutto collegarle alle altre comunit\u00e0&#8221;, spiega la studentessa della International School of Monaco.<\/p>\n<div class=\"wp-block-image\">\n<figure class=\"aligncenter size-full\"><img loading=\"lazy\" decoding=\"async\" width=\"1024\" height=\"832\" src=\"https:\/\/www.monaco-tribune.com\/wp-content\/uploads\/2025\/12\/jci-soiree-2025.jpeg\" alt=\"JCI SOIREE 2025\" class=\"wp-image-328628\" srcset=\"https:\/\/www.monaco-tribune.com\/wp-content\/uploads\/2025\/12\/jci-soiree-2025.jpeg 1024w, https:\/\/www.monaco-tribune.com\/wp-content\/uploads\/2025\/12\/jci-soiree-2025-369x300.jpeg 369w\" sizes=\"auto, (max-width: 1024px) 100vw, 1024px\" \/><figcaption class=\"wp-element-caption\"><em>\u00a9 Monaco Tribune<\/em><\/figcaption><\/figure>\n<\/div>\n<p>Il lavoro si \u00e8 svolto nel corso di una giornata intensiva con il loro mentore: &#8220;\u00c8 stato molto bello, si \u00e8 svolto tutto in una giornata, abbiamo fatto diverse attivit\u00e0 e si \u00e8 concluso con un discorso che abbiamo tenuto davanti a una giuria&#8221;, racconta Ambre, visibilmente soddisfatta. &#8220;Ero felicissima di vincere. Ero anche nervosa all\u2019idea di parlare davanti a cos\u00ec tante persone, ma una volta salita sul palco credo che sia andata bene&#8221;.<\/p>\n\n<h2 class=\"wp-block-heading\" id=\"h-l-engagement-sans-faille-des-mentors\">L\u2019impegno costante dei mentori<\/h2>\n\n<p>L\u00e9a Calori, mentore del gruppo A.S.M.D., \u00e8 stata particolarmente colpita dalla maturit\u00e0 del progetto. &#8220;Quello che ha attirato la mia attenzione \u00e8 una frase detta dagli studenti che riassume tutto: At A.S.M.D, we do not build just homes and highways, but we also build a better future for isolated communities in emerging countries&#8221;, racconta.<\/p>\n\n<p>Il progetto prevede la creazione di un ufficio monegasco di BTP attivo nei Paesi emergenti, facendo affidamento su imprenditori locali, materiali di prossimit\u00e0 per ridurre le emissioni di gas a effetto serra e garantendo una remunerazione equa agli operatori sul campo.<\/p>\n<div class=\"wp-block-image\">\n<figure class=\"aligncenter size-full\"><img loading=\"lazy\" decoding=\"async\" width=\"1024\" height=\"610\" src=\"https:\/\/www.monaco-tribune.com\/wp-content\/uploads\/2025\/12\/lea-calori.jpeg\" alt=\"lea calori - JCI\" class=\"wp-image-328683\" srcset=\"https:\/\/www.monaco-tribune.com\/wp-content\/uploads\/2025\/12\/lea-calori.jpeg 1024w, https:\/\/www.monaco-tribune.com\/wp-content\/uploads\/2025\/12\/lea-calori-504x300.jpeg 504w\" sizes=\"auto, (max-width: 1024px) 100vw, 1024px\" \/><figcaption class=\"wp-element-caption\">\u00a9 Monaco Tribune<\/figcaption><\/figure>\n<\/div>\n<p>Ci\u00f2 che colpisce la mentore \u00e8 la visione globale di questi giovani: &#8220;Vedere ragazzi di quest\u2019et\u00e0, alcuni dei quali a Monaco solo da pochi mesi, avere una visione sia internazionale che radicata sul territorio \u00e8 fantastico. Hanno gi\u00e0 capito che salute ambientale, salute umana e sviluppo di una societ\u00e0 vanno di pari passo. \u00c8 il messaggio pi\u00f9 bello che potessero trasmettere&#8221;. Coinvolta nel programma fin dalla sua creazione dieci anni fa, L\u00e9a Calori conferma il suo impegno: &#8220;\u00c8 sempre un grande piacere accompagnare i giovani, perch\u00e9 l\u2019obiettivo non \u00e8 solo vincere la competizione, ma anche trasmettere valori umani e dare consigli che potranno applicare pi\u00f9 avanti&#8221;.<\/p>\n\n<h2 class=\"wp-block-heading\" id=\"h-trois-decennies-de-success-stories\">Trent&#8217;anni di success stories<\/h2>\n\n<p>In occasione di questa edizione anniversario, la JCI Monaco ha introdotto nuovi premi onorifici che celebrano tre ex aziende vincitrici rappresentative di ogni decade del concorso: DITO (anni 1990), A Domicile Monaco (anni 2000) e Carlo (anni 2010).<\/p>\n\n<p>&#8220;\u00c8 grazie all\u2019impegno congiunto di tutti gli attori e alla fiducia che ci accordano che abbiamo potuto presentare, durante la serata dei Trofei della Jeune Chambre \u00c9conomique de Monaco, questa 30\u00aa edizione all\u2019altezza del suo valore simbolico&#8221;, precisa L\u00e9a Pizzio-Guaitolini, project manager CCE.<\/p>\n\n<p>Nato nel 1995, il Concorso di Creazione d&#8217;Impresa accompagna gli ideatori di progetti dai 18 ai 40 anni che desiderano stabilirsi nel Principato. Il concorso premia le iniziative pi\u00f9 promettenti, in linea con le specificit\u00e0 economiche e regolamentari del territorio monegasco.<\/p>\n","protected":false},"excerpt":{"rendered":"<p>Radio Chantier si aggiudica il premio del Governo del Principe durante una serata che celebra trent&#8217;anni di supporto ai creatori [&hellip;]<\/p>\n","protected":false},"author":80,"featured_media":328660,"comment_status":"closed","ping_status":"closed","sticky":false,"template":"","format":"standard","meta":{"_acf_changed":false,"footnotes":""},"categories":[1739,1826,1738,1752],"tags":[5762],"post_sectags":[5730],"post_format":[2476],"class_list":["post-328939","post","type-post","status-publish","format-standard","has-post-thumbnail","hentry","category-business-it","category-la-nostra-scelta","category-notizie","category-societa","tag-jcem-it","sectag-imprenditoria","format-intervista"],"acf":[],"yoast_head":"<!-- This site is optimized with the Yoast SEO Premium plugin v26.8 (Yoast SEO v27.5) - https:\/\/yoast.com\/product\/yoast-seo-premium-wordpress\/ -->\n<title>La JCI Monaco festeggia 30 anni di imprenditoria e svela i suoi vincitori 2025<\/title>\n<meta name=\"description\" content=\"Radio Chantier si aggiudica il premio del Governo del Principe durante una serata che celebra trent&#039;anni di supporto ai creatori d\u2019impresa nel Principato.\" \/>\n<meta name=\"robots\" content=\"index, follow, max-snippet:-1, max-image-preview:large, max-video-preview:-1\" \/>\n<link rel=\"canonical\" href=\"https:\/\/www.monaco-tribune.com\/it\/2025\/12\/la-jci-monaco-festeggia-30-anni-di-imprenditoria-e-svela-i-suoi-vincitori-2025\/\" \/>\n<meta property=\"og:locale\" content=\"it_IT\" \/>\n<meta property=\"og:type\" content=\"article\" \/>\n<meta property=\"og:title\" content=\"La JCI Monaco festeggia 30 anni di imprenditoria e svela i suoi vincitori 2025 - Monaco Tribune\" \/>\n<meta property=\"og:description\" content=\"Radio Chantier si aggiudica il premio del Governo del Principe durante una serata che celebra trent&#039;anni di supporto ai creatori d\u2019impresa nel Principato.\" \/>\n<meta property=\"og:url\" content=\"https:\/\/www.monaco-tribune.com\/it\/2025\/12\/la-jci-monaco-festeggia-30-anni-di-imprenditoria-e-svela-i-suoi-vincitori-2025\/\" \/>\n<meta property=\"og:site_name\" content=\"Monaco Tribune\" \/>\n<meta property=\"article:publisher\" content=\"https:\/\/www.facebook.com\/MonacoTribune\" \/>\n<meta property=\"article:published_time\" content=\"2025-12-04T16:20:44+00:00\" \/>\n<meta property=\"article:modified_time\" content=\"2025-12-04T16:21:04+00:00\" \/>\n<meta property=\"og:image\" content=\"https:\/\/www.monaco-tribune.com\/wp-content\/uploads\/2025\/12\/jci-2025.png\" \/>\n\t<meta property=\"og:image:width\" content=\"650\" \/>\n\t<meta property=\"og:image:height\" content=\"428\" \/>\n\t<meta property=\"og:image:type\" content=\"image\/png\" \/>\n<meta name=\"author\" content=\"Estelle Imbert\" \/>\n<meta name=\"twitter:card\" content=\"summary_large_image\" \/>\n<meta name=\"twitter:creator\" content=\"@MonacoTribune\" \/>\n<meta name=\"twitter:site\" content=\"@MonacoTribune\" \/>\n<script type=\"application\/ld+json\" class=\"yoast-schema-graph\">{\"@context\":\"https:\\\/\\\/schema.org\",\"@graph\":[{\"@type\":\"NewsArticle\",\"@id\":\"https:\\\/\\\/www.monaco-tribune.com\\\/it\\\/2025\\\/12\\\/la-jci-monaco-festeggia-30-anni-di-imprenditoria-e-svela-i-suoi-vincitori-2025\\\/#article\",\"isPartOf\":{\"@id\":\"https:\\\/\\\/www.monaco-tribune.com\\\/it\\\/2025\\\/12\\\/la-jci-monaco-festeggia-30-anni-di-imprenditoria-e-svela-i-suoi-vincitori-2025\\\/\"},\"author\":{\"name\":\"Estelle Imbert\",\"@id\":\"https:\\\/\\\/www.monaco-tribune.com\\\/it\\\/#\\\/schema\\\/person\\\/55ce91a070ff78e15ec1817376669bf4\"},\"headline\":\"La JCI Monaco festeggia 30 anni di imprenditoria e svela i suoi vincitori 2025\",\"datePublished\":\"2025-12-04T16:20:44+00:00\",\"dateModified\":\"2025-12-04T16:21:04+00:00\",\"mainEntityOfPage\":{\"@id\":\"https:\\\/\\\/www.monaco-tribune.com\\\/it\\\/2025\\\/12\\\/la-jci-monaco-festeggia-30-anni-di-imprenditoria-e-svela-i-suoi-vincitori-2025\\\/\"},\"wordCount\":939,\"publisher\":{\"@id\":\"https:\\\/\\\/www.monaco-tribune.com\\\/it\\\/#organization\"},\"image\":{\"@id\":\"https:\\\/\\\/www.monaco-tribune.com\\\/it\\\/2025\\\/12\\\/la-jci-monaco-festeggia-30-anni-di-imprenditoria-e-svela-i-suoi-vincitori-2025\\\/#primaryimage\"},\"thumbnailUrl\":\"https:\\\/\\\/www.monaco-tribune.com\\\/wp-content\\\/uploads\\\/2025\\\/12\\\/jci-2025.png\",\"keywords\":[\"JCEM\"],\"articleSection\":[\"Business\",\"La nostra scelta\",\"Notizie\",\"Societ\u00e0\"],\"inLanguage\":\"it-IT\",\"copyrightYear\":\"2025\",\"copyrightHolder\":{\"@id\":\"https:\\\/\\\/www.monaco-tribune.com\\\/#organization\"}},{\"@type\":\"WebPage\",\"@id\":\"https:\\\/\\\/www.monaco-tribune.com\\\/it\\\/2025\\\/12\\\/la-jci-monaco-festeggia-30-anni-di-imprenditoria-e-svela-i-suoi-vincitori-2025\\\/\",\"url\":\"https:\\\/\\\/www.monaco-tribune.com\\\/it\\\/2025\\\/12\\\/la-jci-monaco-festeggia-30-anni-di-imprenditoria-e-svela-i-suoi-vincitori-2025\\\/\",\"name\":\"La JCI Monaco festeggia 30 anni di imprenditoria e svela i suoi vincitori 2025\",\"isPartOf\":{\"@id\":\"https:\\\/\\\/www.monaco-tribune.com\\\/it\\\/#website\"},\"primaryImageOfPage\":{\"@id\":\"https:\\\/\\\/www.monaco-tribune.com\\\/it\\\/2025\\\/12\\\/la-jci-monaco-festeggia-30-anni-di-imprenditoria-e-svela-i-suoi-vincitori-2025\\\/#primaryimage\"},\"image\":{\"@id\":\"https:\\\/\\\/www.monaco-tribune.com\\\/it\\\/2025\\\/12\\\/la-jci-monaco-festeggia-30-anni-di-imprenditoria-e-svela-i-suoi-vincitori-2025\\\/#primaryimage\"},\"thumbnailUrl\":\"https:\\\/\\\/www.monaco-tribune.com\\\/wp-content\\\/uploads\\\/2025\\\/12\\\/jci-2025.png\",\"datePublished\":\"2025-12-04T16:20:44+00:00\",\"dateModified\":\"2025-12-04T16:21:04+00:00\",\"description\":\"Radio Chantier si aggiudica il premio del Governo del Principe durante una serata che celebra trent'anni di supporto ai creatori d\u2019impresa nel Principato.\",\"breadcrumb\":{\"@id\":\"https:\\\/\\\/www.monaco-tribune.com\\\/it\\\/2025\\\/12\\\/la-jci-monaco-festeggia-30-anni-di-imprenditoria-e-svela-i-suoi-vincitori-2025\\\/#breadcrumb\"},\"inLanguage\":\"it-IT\",\"potentialAction\":[{\"@type\":\"ReadAction\",\"target\":[\"https:\\\/\\\/www.monaco-tribune.com\\\/it\\\/2025\\\/12\\\/la-jci-monaco-festeggia-30-anni-di-imprenditoria-e-svela-i-suoi-vincitori-2025\\\/\"]}]},{\"@type\":\"ImageObject\",\"inLanguage\":\"it-IT\",\"@id\":\"https:\\\/\\\/www.monaco-tribune.com\\\/it\\\/2025\\\/12\\\/la-jci-monaco-festeggia-30-anni-di-imprenditoria-e-svela-i-suoi-vincitori-2025\\\/#primaryimage\",\"url\":\"https:\\\/\\\/www.monaco-tribune.com\\\/wp-content\\\/uploads\\\/2025\\\/12\\\/jci-2025.png\",\"contentUrl\":\"https:\\\/\\\/www.monaco-tribune.com\\\/wp-content\\\/uploads\\\/2025\\\/12\\\/jci-2025.png\",\"width\":650,\"height\":428,\"caption\":\"In occasione di questa 30\u00aa edizione, la JCEM ha introdotto nuovi premi dedicati alle success stories del Concorso di Creazione d'Impresa \u00a9 JCEM\"},{\"@type\":\"BreadcrumbList\",\"@id\":\"https:\\\/\\\/www.monaco-tribune.com\\\/it\\\/2025\\\/12\\\/la-jci-monaco-festeggia-30-anni-di-imprenditoria-e-svela-i-suoi-vincitori-2025\\\/#breadcrumb\",\"itemListElement\":[{\"@type\":\"ListItem\",\"position\":1,\"name\":\"Accueil\",\"item\":\"https:\\\/\\\/www.monaco-tribune.com\\\/it\\\/\"},{\"@type\":\"ListItem\",\"position\":2,\"name\":\"La JCI Monaco festeggia 30 anni di imprenditoria e svela i suoi vincitori 2025\"}]},{\"@type\":\"WebSite\",\"@id\":\"https:\\\/\\\/www.monaco-tribune.com\\\/it\\\/#website\",\"url\":\"https:\\\/\\\/www.monaco-tribune.com\\\/it\\\/\",\"name\":\"Monaco Tribune\",\"description\":\"Monaco : actualit\u00e9s \u00e9conomiques, politiques, culturelles et sportives de Monaco et de la French Riviera.\",\"publisher\":{\"@id\":\"https:\\\/\\\/www.monaco-tribune.com\\\/it\\\/#organization\"},\"potentialAction\":[{\"@type\":\"SearchAction\",\"target\":{\"@type\":\"EntryPoint\",\"urlTemplate\":\"https:\\\/\\\/www.monaco-tribune.com\\\/it\\\/?s={search_term_string}\"},\"query-input\":{\"@type\":\"PropertyValueSpecification\",\"valueRequired\":true,\"valueName\":\"search_term_string\"}}],\"inLanguage\":\"it-IT\"},{\"@type\":\"Organization\",\"@id\":\"https:\\\/\\\/www.monaco-tribune.com\\\/it\\\/#organization\",\"name\":\"Monaco Tribune\",\"url\":\"https:\\\/\\\/www.monaco-tribune.com\\\/it\\\/\",\"logo\":{\"@type\":\"ImageObject\",\"inLanguage\":\"it-IT\",\"@id\":\"https:\\\/\\\/www.monaco-tribune.com\\\/it\\\/#\\\/schema\\\/logo\\\/image\\\/\",\"url\":\"https:\\\/\\\/www.monaco-tribune.com\\\/wp-content\\\/uploads\\\/2022\\\/11\\\/logo-monaco-tribune.png\",\"contentUrl\":\"https:\\\/\\\/www.monaco-tribune.com\\\/wp-content\\\/uploads\\\/2022\\\/11\\\/logo-monaco-tribune.png\",\"width\":1548,\"height\":600,\"caption\":\"Monaco Tribune\"},\"image\":{\"@id\":\"https:\\\/\\\/www.monaco-tribune.com\\\/it\\\/#\\\/schema\\\/logo\\\/image\\\/\"},\"sameAs\":[\"https:\\\/\\\/www.facebook.com\\\/MonacoTribune\",\"https:\\\/\\\/x.com\\\/MonacoTribune\",\"https:\\\/\\\/www.instagram.com\\\/monacotribune\\\/\",\"https:\\\/\\\/www.linkedin.com\\\/company\\\/monaco-tribune\",\"https:\\\/\\\/www.youtube.com\\\/channel\\\/UCHle1MnG6hw1y4lWKijVbMA\"]},{\"@type\":\"Person\",\"@id\":\"https:\\\/\\\/www.monaco-tribune.com\\\/it\\\/#\\\/schema\\\/person\\\/55ce91a070ff78e15ec1817376669bf4\",\"name\":\"Estelle Imbert\",\"image\":{\"@type\":\"ImageObject\",\"inLanguage\":\"it-IT\",\"@id\":\"https:\\\/\\\/secure.gravatar.com\\\/avatar\\\/d2e1a3840b1138a669d04f6292bbd810f7f730844d7a28a8e8c4c6da40e79852?s=96&d=mm&r=g\",\"url\":\"https:\\\/\\\/secure.gravatar.com\\\/avatar\\\/d2e1a3840b1138a669d04f6292bbd810f7f730844d7a28a8e8c4c6da40e79852?s=96&d=mm&r=g\",\"contentUrl\":\"https:\\\/\\\/secure.gravatar.com\\\/avatar\\\/d2e1a3840b1138a669d04f6292bbd810f7f730844d7a28a8e8c4c6da40e79852?s=96&d=mm&r=g\",\"caption\":\"Estelle Imbert\"},\"url\":\"https:\\\/\\\/www.monaco-tribune.com\\\/it\\\/author\\\/estelleimbert\\\/\"}]}<\/script>\n<!-- \/ Yoast SEO Premium plugin. -->","yoast_head_json":{"title":"La JCI Monaco festeggia 30 anni di imprenditoria e svela i suoi vincitori 2025","description":"Radio Chantier si aggiudica il premio del Governo del Principe durante una serata che celebra trent'anni di supporto ai creatori d\u2019impresa nel Principato.","robots":{"index":"index","follow":"follow","max-snippet":"max-snippet:-1","max-image-preview":"max-image-preview:large","max-video-preview":"max-video-preview:-1"},"canonical":"https:\/\/www.monaco-tribune.com\/it\/2025\/12\/la-jci-monaco-festeggia-30-anni-di-imprenditoria-e-svela-i-suoi-vincitori-2025\/","og_locale":"it_IT","og_type":"article","og_title":"La JCI Monaco festeggia 30 anni di imprenditoria e svela i suoi vincitori 2025 - Monaco Tribune","og_description":"Radio Chantier si aggiudica il premio del Governo del Principe durante una serata che celebra trent'anni di supporto ai creatori d\u2019impresa nel Principato.","og_url":"https:\/\/www.monaco-tribune.com\/it\/2025\/12\/la-jci-monaco-festeggia-30-anni-di-imprenditoria-e-svela-i-suoi-vincitori-2025\/","og_site_name":"Monaco Tribune","article_publisher":"https:\/\/www.facebook.com\/MonacoTribune","article_published_time":"2025-12-04T16:20:44+00:00","article_modified_time":"2025-12-04T16:21:04+00:00","og_image":[{"width":650,"height":428,"url":"https:\/\/www.monaco-tribune.com\/wp-content\/uploads\/2025\/12\/jci-2025.png","type":"image\/png"}],"author":"Estelle Imbert","twitter_card":"summary_large_image","twitter_creator":"@MonacoTribune","twitter_site":"@MonacoTribune","schema":{"@context":"https:\/\/schema.org","@graph":[{"@type":"NewsArticle","@id":"https:\/\/www.monaco-tribune.com\/it\/2025\/12\/la-jci-monaco-festeggia-30-anni-di-imprenditoria-e-svela-i-suoi-vincitori-2025\/#article","isPartOf":{"@id":"https:\/\/www.monaco-tribune.com\/it\/2025\/12\/la-jci-monaco-festeggia-30-anni-di-imprenditoria-e-svela-i-suoi-vincitori-2025\/"},"author":{"name":"Estelle Imbert","@id":"https:\/\/www.monaco-tribune.com\/it\/#\/schema\/person\/55ce91a070ff78e15ec1817376669bf4"},"headline":"La JCI Monaco festeggia 30 anni di imprenditoria e svela i suoi vincitori 2025","datePublished":"2025-12-04T16:20:44+00:00","dateModified":"2025-12-04T16:21:04+00:00","mainEntityOfPage":{"@id":"https:\/\/www.monaco-tribune.com\/it\/2025\/12\/la-jci-monaco-festeggia-30-anni-di-imprenditoria-e-svela-i-suoi-vincitori-2025\/"},"wordCount":939,"publisher":{"@id":"https:\/\/www.monaco-tribune.com\/it\/#organization"},"image":{"@id":"https:\/\/www.monaco-tribune.com\/it\/2025\/12\/la-jci-monaco-festeggia-30-anni-di-imprenditoria-e-svela-i-suoi-vincitori-2025\/#primaryimage"},"thumbnailUrl":"https:\/\/www.monaco-tribune.com\/wp-content\/uploads\/2025\/12\/jci-2025.png","keywords":["JCEM"],"articleSection":["Business","La nostra scelta","Notizie","Societ\u00e0"],"inLanguage":"it-IT","copyrightYear":"2025","copyrightHolder":{"@id":"https:\/\/www.monaco-tribune.com\/#organization"}},{"@type":"WebPage","@id":"https:\/\/www.monaco-tribune.com\/it\/2025\/12\/la-jci-monaco-festeggia-30-anni-di-imprenditoria-e-svela-i-suoi-vincitori-2025\/","url":"https:\/\/www.monaco-tribune.com\/it\/2025\/12\/la-jci-monaco-festeggia-30-anni-di-imprenditoria-e-svela-i-suoi-vincitori-2025\/","name":"La JCI Monaco festeggia 30 anni di imprenditoria e svela i suoi vincitori 2025","isPartOf":{"@id":"https:\/\/www.monaco-tribune.com\/it\/#website"},"primaryImageOfPage":{"@id":"https:\/\/www.monaco-tribune.com\/it\/2025\/12\/la-jci-monaco-festeggia-30-anni-di-imprenditoria-e-svela-i-suoi-vincitori-2025\/#primaryimage"},"image":{"@id":"https:\/\/www.monaco-tribune.com\/it\/2025\/12\/la-jci-monaco-festeggia-30-anni-di-imprenditoria-e-svela-i-suoi-vincitori-2025\/#primaryimage"},"thumbnailUrl":"https:\/\/www.monaco-tribune.com\/wp-content\/uploads\/2025\/12\/jci-2025.png","datePublished":"2025-12-04T16:20:44+00:00","dateModified":"2025-12-04T16:21:04+00:00","description":"Radio Chantier si aggiudica il premio del Governo del Principe durante una serata che celebra trent'anni di supporto ai creatori d\u2019impresa nel Principato.","breadcrumb":{"@id":"https:\/\/www.monaco-tribune.com\/it\/2025\/12\/la-jci-monaco-festeggia-30-anni-di-imprenditoria-e-svela-i-suoi-vincitori-2025\/#breadcrumb"},"inLanguage":"it-IT","potentialAction":[{"@type":"ReadAction","target":["https:\/\/www.monaco-tribune.com\/it\/2025\/12\/la-jci-monaco-festeggia-30-anni-di-imprenditoria-e-svela-i-suoi-vincitori-2025\/"]}]},{"@type":"ImageObject","inLanguage":"it-IT","@id":"https:\/\/www.monaco-tribune.com\/it\/2025\/12\/la-jci-monaco-festeggia-30-anni-di-imprenditoria-e-svela-i-suoi-vincitori-2025\/#primaryimage","url":"https:\/\/www.monaco-tribune.com\/wp-content\/uploads\/2025\/12\/jci-2025.png","contentUrl":"https:\/\/www.monaco-tribune.com\/wp-content\/uploads\/2025\/12\/jci-2025.png","width":650,"height":428,"caption":"In occasione di questa 30\u00aa edizione, la JCEM ha introdotto nuovi premi dedicati alle success stories del Concorso di Creazione d'Impresa \u00a9 JCEM"},{"@type":"BreadcrumbList","@id":"https:\/\/www.monaco-tribune.com\/it\/2025\/12\/la-jci-monaco-festeggia-30-anni-di-imprenditoria-e-svela-i-suoi-vincitori-2025\/#breadcrumb","itemListElement":[{"@type":"ListItem","position":1,"name":"Accueil","item":"https:\/\/www.monaco-tribune.com\/it\/"},{"@type":"ListItem","position":2,"name":"La JCI Monaco festeggia 30 anni di imprenditoria e svela i suoi vincitori 2025"}]},{"@type":"WebSite","@id":"https:\/\/www.monaco-tribune.com\/it\/#website","url":"https:\/\/www.monaco-tribune.com\/it\/","name":"Monaco Tribune","description":"Monaco : actualit\u00e9s \u00e9conomiques, politiques, culturelles et sportives de Monaco et de la French Riviera.","publisher":{"@id":"https:\/\/www.monaco-tribune.com\/it\/#organization"},"potentialAction":[{"@type":"SearchAction","target":{"@type":"EntryPoint","urlTemplate":"https:\/\/www.monaco-tribune.com\/it\/?s={search_term_string}"},"query-input":{"@type":"PropertyValueSpecification","valueRequired":true,"valueName":"search_term_string"}}],"inLanguage":"it-IT"},{"@type":"Organization","@id":"https:\/\/www.monaco-tribune.com\/it\/#organization","name":"Monaco Tribune","url":"https:\/\/www.monaco-tribune.com\/it\/","logo":{"@type":"ImageObject","inLanguage":"it-IT","@id":"https:\/\/www.monaco-tribune.com\/it\/#\/schema\/logo\/image\/","url":"https:\/\/www.monaco-tribune.com\/wp-content\/uploads\/2022\/11\/logo-monaco-tribune.png","contentUrl":"https:\/\/www.monaco-tribune.com\/wp-content\/uploads\/2022\/11\/logo-monaco-tribune.png","width":1548,"height":600,"caption":"Monaco Tribune"},"image":{"@id":"https:\/\/www.monaco-tribune.com\/it\/#\/schema\/logo\/image\/"},"sameAs":["https:\/\/www.facebook.com\/MonacoTribune","https:\/\/x.com\/MonacoTribune","https:\/\/www.instagram.com\/monacotribune\/","https:\/\/www.linkedin.com\/company\/monaco-tribune","https:\/\/www.youtube.com\/channel\/UCHle1MnG6hw1y4lWKijVbMA"]},{"@type":"Person","@id":"https:\/\/www.monaco-tribune.com\/it\/#\/schema\/person\/55ce91a070ff78e15ec1817376669bf4","name":"Estelle Imbert","image":{"@type":"ImageObject","inLanguage":"it-IT","@id":"https:\/\/secure.gravatar.com\/avatar\/d2e1a3840b1138a669d04f6292bbd810f7f730844d7a28a8e8c4c6da40e79852?s=96&d=mm&r=g","url":"https:\/\/secure.gravatar.com\/avatar\/d2e1a3840b1138a669d04f6292bbd810f7f730844d7a28a8e8c4c6da40e79852?s=96&d=mm&r=g","contentUrl":"https:\/\/secure.gravatar.com\/avatar\/d2e1a3840b1138a669d04f6292bbd810f7f730844d7a28a8e8c4c6da40e79852?s=96&d=mm&r=g","caption":"Estelle Imbert"},"url":"https:\/\/www.monaco-tribune.com\/it\/author\/estelleimbert\/"}]}},"_links":{"self":[{"href":"https:\/\/www.monaco-tribune.com\/it\/wp-json\/wp\/v2\/posts\/328939","targetHints":{"allow":["GET"]}}],"collection":[{"href":"https:\/\/www.monaco-tribune.com\/it\/wp-json\/wp\/v2\/posts"}],"about":[{"href":"https:\/\/www.monaco-tribune.com\/it\/wp-json\/wp\/v2\/types\/post"}],"author":[{"embeddable":true,"href":"https:\/\/www.monaco-tribune.com\/it\/wp-json\/wp\/v2\/users\/80"}],"replies":[{"embeddable":true,"href":"https:\/\/www.monaco-tribune.com\/it\/wp-json\/wp\/v2\/comments?post=328939"}],"version-history":[{"count":5,"href":"https:\/\/www.monaco-tribune.com\/it\/wp-json\/wp\/v2\/posts\/328939\/revisions"}],"predecessor-version":[{"id":328944,"href":"https:\/\/www.monaco-tribune.com\/it\/wp-json\/wp\/v2\/posts\/328939\/revisions\/328944"}],"wp:featuredmedia":[{"embeddable":true,"href":"https:\/\/www.monaco-tribune.com\/it\/wp-json\/wp\/v2\/media\/328660"}],"wp:attachment":[{"href":"https:\/\/www.monaco-tribune.com\/it\/wp-json\/wp\/v2\/media?parent=328939"}],"wp:term":[{"taxonomy":"category","embeddable":true,"href":"https:\/\/www.monaco-tribune.com\/it\/wp-json\/wp\/v2\/categories?post=328939"},{"taxonomy":"post_tag","embeddable":true,"href":"https:\/\/www.monaco-tribune.com\/it\/wp-json\/wp\/v2\/tags?post=328939"},{"taxonomy":"sectag","embeddable":true,"href":"https:\/\/www.monaco-tribune.com\/it\/wp-json\/wp\/v2\/post_sectags?post=328939"},{"taxonomy":"format","embeddable":true,"href":"https:\/\/www.monaco-tribune.com\/it\/wp-json\/wp\/v2\/post_format?post=328939"}],"curies":[{"name":"wp","href":"https:\/\/api.w.org\/{rel}","templated":true}]}}