{"id":328951,"date":"2025-12-04T18:59:16","date_gmt":"2025-12-04T16:59:16","guid":{"rendered":"https:\/\/www.monaco-tribune.com\/2025\/12\/smart-working-a-monaco-cosa-devono-sapere-aziende-e-dipendenti\/"},"modified":"2025-12-04T18:59:29","modified_gmt":"2025-12-04T16:59:29","slug":"smart-working-a-monaco-cosa-devono-sapere-aziende-e-dipendenti","status":"publish","type":"post","link":"https:\/\/www.monaco-tribune.com\/it\/2025\/12\/smart-working-a-monaco-cosa-devono-sapere-aziende-e-dipendenti\/","title":{"rendered":"Smart working a Monaco: cosa devono sapere aziende e dipendenti"},"content":{"rendered":"\n<p><strong>Per via della sua posizione geografica e dell\u2019afflusso di lavoratori frontalieri, il telelavoro nel Principato segue regole specifiche. Sophie Marquet, avvocata associata presso CMS Monaco, spiega a <em data-start=\"516\" data-end=\"532\">Monaco Tribune<\/em> questo sistema ormai pienamente consolidato.<\/strong><\/p>\n\n<h2 class=\"wp-block-heading\" id=\"h-un-cadre-juridique-bien-anterieur-a-la-pandemie\"><strong>Un quadro giuridico che precede la pandemia<\/strong><\/h2>\n\n<p>Alla fine del 2024, secondo l\u2019IMSEE, 6.773 dipendenti lavoravano in smart working nel Principato, contro appena 600 del 2017. Una crescita spettacolare spiegata tanto dalle passate restrizioni sanitarie quanto dalla ricerca di un migliore equilibrio tra vita privata e professionale.<\/p>\n\n<p>Gi\u00e0 nel luglio 2016, <strong>la legge n. 1.429<\/strong> e il suo decreto di attuazione (n. 2016-425) avevano gettato le basi di questa modalit\u00e0 organizzativa. &#8220;All\u2019epoca, erano poche le aziende che ricorrevano al telelavoro&#8221;, riconosce Sophie Marquet, che sottolinea per\u00f2 come la pandemia abbia provocato &#8220;un ricorso massiccio al lavoro a distanza in un primo momento, prima che le aziende potessero organizzarsi per applicare il dispositivo legale che disciplina la pratica del telelavoro&#8221;.<\/p>\n<div class=\"wp-block-image\">\n<figure class=\"aligncenter size-large\"><img loading=\"lazy\" decoding=\"async\" width=\"1024\" height=\"683\" src=\"https:\/\/www.monaco-tribune.com\/wp-content\/uploads\/2025\/12\/sophie-marquet-cms-monaco-grande-1024x683.jpeg\" alt=\"Sophie Marquet, avocate associ&#xE9;e chez CMS Monaco, sp&#xE9;cialis&#xE9;e en droit social &#xA9; CMS Monaco \" class=\"wp-image-328423\" srcset=\"https:\/\/www.monaco-tribune.com\/wp-content\/uploads\/2025\/12\/sophie-marquet-cms-monaco-grande-1024x683.jpeg 1024w, https:\/\/www.monaco-tribune.com\/wp-content\/uploads\/2025\/12\/sophie-marquet-cms-monaco-grande-450x300.jpeg 450w, https:\/\/www.monaco-tribune.com\/wp-content\/uploads\/2025\/12\/sophie-marquet-cms-monaco-grande.jpeg 1280w\" sizes=\"auto, (max-width: 1024px) 100vw, 1024px\" \/><figcaption class=\"wp-element-caption\"><em>Sophie Marquet, avvocata associata presso CMS Monaco, specializzata in diritto del lavoro \u00a9 CMS Monaco<\/em><\/figcaption><\/figure>\n<\/div>\n<h2 class=\"wp-block-heading\" id=\"h-des-specificites-monegasques-a-ne-pas-negliger\"><strong>Specificit\u00e0 monegasche da non sottovalutare<\/strong><\/h2>\n\n<p>Sebbene il sistema monegasco presenti similitudini con quello francese (carattere volontario e consensuale, parit\u00e0 di trattamento e di diritti tra telelavoratori e lavoratori in sede), esistono alcune differenze fondamentali.<\/p>\n\n<p>Prima particolarit\u00e0: l\u2019obbligo di formalizzare il telelavoro in <strong>un\u2019appendice al contratto di lavoro<\/strong>. &#8220;A Monaco \u00e8 assolutamente obbligatorio&#8221;, insiste Sophie Marquet. &#8220;Questa esigenza deriva in particolare dalla necessit\u00e0 di documentare con precisione le condizioni in cui un dipendente lavora da un altro territorio per un\u2019azienda monegasca, anche per garantire il corretto riparto delle contribuzioni sociali tra gli Stati&#8221;.<\/p>\n\n<p>Seconda specificit\u00e0: il telelavoro <strong>non pu\u00f2 superare i due terzi dell\u2019orario settimanale<\/strong>. &#8220;Tre giorni a settimana sono piuttosto l\u2019eccezione. Nella maggior parte dei casi, la media va da uno a due giorni&#8221;, precisa l\u2019avvocata.<\/p>\n\n<p>Infine, il luogo da cui si lavora a distanza deve essere indicato chiaramente nel contratto. Esclusi gli spostamenti professionali, niente smart working un giorno da Nizza e il successivo da Sanremo.<\/p>\n\n<h2 class=\"wp-block-heading\" id=\"h-la-question-cruciale-des-frontaliers\"><strong>La questione cruciale dei frontalieri<\/strong><\/h2>\n\n<p>Su un territorio di due chilometri quadrati dove risiedono pochi lavoratori, lo smart working riguarda soprattutto dipendenti domiciliati in Francia o in Italia, sebbene sia accessibile anche ai residenti monegaschi. <a href=\"https:\/\/www.monaco-tribune.com\/it\/2021\/05\/monaco-firma-laccordo-con-litalia-sul-telelavoro\/\">Nel maggio 2021, il Principato e l\u2019Italia hanno firmato un accordo che apre il telelavoro ai residenti italiani<\/a>, entrato in vigore tre anni dopo, nel 2024. A volte considerato dalle aziende come una soluzione ai problemi di trasporto che Monaco conosce bene, il caso transfrontaliero richiede comunque un\u2019attenzione particolare in materia di contributi sociali e fiscalit\u00e0.<\/p>\n\n<blockquote class=\"wp-embedded-content\" data-secret=\"Jbuyk7yBV1\"><a href=\"https:\/\/www.monaco-tribune.com\/it\/2025\/10\/il-governo-monegasco-lancia-una-guida-pratica-contro-le-molestie-sul-lavoro\/\">Il Governo monegasco lancia una guida pratica contro le molestie sul lavoro<\/a><\/blockquote><iframe class=\"wp-embedded-content\" sandbox=\"allow-scripts\" security=\"restricted\" style=\"position: absolute; visibility: hidden;\" title=\"&#8220;Il Governo monegasco lancia una guida pratica contro le molestie sul lavoro&#8221; &#8212; Monaco Tribune\" src=\"https:\/\/www.monaco-tribune.com\/it\/2025\/10\/il-governo-monegasco-lancia-una-guida-pratica-contro-le-molestie-sul-lavoro\/embed\/#?secret=Oj7tI4ayk1#?secret=Jbuyk7yBV1\" data-secret=\"Jbuyk7yBV1\" width=\"500\" height=\"282\" frameborder=\"0\" marginwidth=\"0\" marginheight=\"0\" scrolling=\"no\"><\/iframe>\n\n<p>Il sistema monegasco si basa su convenzioni bilaterali relative alle contribuzioni sociali nel quadro del lavoro: l\u2019appendice n. 6 alla convenzione franco-monegasca del 1952 e <a href=\"https:\/\/www.monaco-tribune.com\/it\/2024\/06\/smart-working-dallitalia-presto-consentito-ai-lavoratori-italiani\/\">l\u2019appendice del 2021<\/a> alla convenzione italo-monegasca del 1982. Questi accordi consentono il mantenimento dell\u2019affiliazione alle casse sociali monegasche purch\u00e9 il quadro legale sia rispettato.<\/p>\n\n<p>Sophie Marquet richiama inoltre l\u2019attenzione sulla <strong>valutazione del rischio fiscale legato al telelavoro<\/strong>, che deve essere effettuata dai datori di lavoro per definire i casi in cui ricorrere allo smart working: &#8220;Il datore di lavoro monegasco deve valutare le condizioni per la realizzazione di un&#8217;organizzazione stabile all\u2019estero. Nella stragrande maggioranza dei casi, l\u2019attivit\u00e0 \u00e8 realmente svolta a Monaco da un\u2019azienda monegasca, anche se con dipendenti in telelavoro. Ma un eventuale collegamento fiscale alla Francia o all\u2019Italia, per esempio, deve essere considerato&#8221;. L\u2019analisi preliminare delle funzioni telelavorabili \u00e8 dunque essenziale.<\/p>\n\n<h2 class=\"wp-block-heading\" id=\"h-une-pratique-qui-se-perennise\"><strong>Una pratica che si consolida<\/strong><\/h2>\n\n<p>A differenza di altri Paesi, come gli Stati Uniti, dove persino i giganti della tecnologia \u2013 un tempo promotori della modalit\u00e0 ibrida \u2013 stanno facendo un passo indietro, Monaco sembra aver stabilizzato il ricorso allo smart working. &#8220;Non ho assistito clienti che volessero eliminare il telelavoro. Anzi, siamo piuttosto in una fase di consolidamento&#8221;, osserva Sophie Marquet. Le aziende continuano a regolarizzare i propri sistemi, passando dal lavoro a distanza informale al quadro legale strutturato.<\/p>\n<div class=\"wp-block-image\">\n<figure class=\"aligncenter size-large\"><img loading=\"lazy\" decoding=\"async\" width=\"1024\" height=\"683\" src=\"https:\/\/www.monaco-tribune.com\/wp-content\/uploads\/2025\/12\/teletravai-salarie-home-office-1024x683.jpeg\" alt=\"6 773 salari&#xE9;s pratiquaient le t&#xE9;l&#xE9;travail en Principaut&#xE9; selon l'IMSEE en 2024 &#xA9; Pexels - Julia M Cameron\" class=\"wp-image-328428\" srcset=\"https:\/\/www.monaco-tribune.com\/wp-content\/uploads\/2025\/12\/teletravai-salarie-home-office-1024x683.jpeg 1024w, https:\/\/www.monaco-tribune.com\/wp-content\/uploads\/2025\/12\/teletravai-salarie-home-office-450x300.jpeg 450w, https:\/\/www.monaco-tribune.com\/wp-content\/uploads\/2025\/12\/teletravai-salarie-home-office.jpeg 1280w\" sizes=\"auto, (max-width: 1024px) 100vw, 1024px\" \/><figcaption class=\"wp-element-caption\">6 773 salari\u00e9s pratiquaient le t\u00e9l\u00e9travail en Principaut\u00e9 selon l&#8217;IMSEE en 2024 \u00a9 Pexels &#8211; Julia M Cameron<\/figcaption><\/figure>\n<\/div>\n<h2 class=\"wp-block-heading\" id=\"h-quelques-conseils-pour-un-deploiement-structure\"><strong>Alcuni consigli per un&#8217;adozione strutturata<\/strong><\/h2>\n\n<ul class=\"wp-block-list\">\n<li>Per le aziende, Sophie Marquet raccomanda innanzitutto di &#8220;<strong>valutare le esigenze dell\u2019attivit\u00e0<\/strong> e le funzioni per le quali il telelavoro \u00e8 possibile&#8221;. Insiste sull\u2019importanza di definire un quadro <strong>il pi\u00f9 flessibile possibile<\/strong>, cos\u00ec da offrire margine di manovra ed evitare condizioni troppo restrittive. Il dispositivo dovr\u00e0 poi essere presentato ai delegati del personale e omologato dalla Direzione del Lavoro.<\/li>\n<\/ul>\n\n<ul class=\"wp-block-list\">\n<li>Per i dipendenti, l\u2019attenzione deve concentrarsi sull\u2019appendice al contratto, che deve <strong>definire con precisione le condizioni del lavoro da casa<\/strong>, le fasce orarie e le modalit\u00e0 di reversibilit\u00e0. &#8220;Anche qui la redazione \u00e8 fondamentale, per assicurare che copra tutti i diritti e gli obblighi delle due parti, i requisiti di sicurezza, soprattutto dei dati professionali, e al tempo stesso la tutela della vita privata del dipendente nel suo nuovo ambiente di lavoro&#8221;.<\/li>\n<\/ul>\n\n<p>Oltre agli aspetti giuridici, la sfida consiste anche nel <strong>mantenere la dinamica collettiva dell\u2019azienda<\/strong> e nel combinare i vantaggi individuali dello smart working con l\u2019indispensabile creativit\u00e0 e produttivit\u00e0 condivisa. Per riuscirci, azienda e dipendente devono necessariamente distinguere i compiti che possono essere svolti a distanza dalle missioni che richiedono le interazioni sociali tipiche del lavoro in team.<\/p>\n","protected":false},"excerpt":{"rendered":"<p>Per via della sua posizione geografica e dell\u2019afflusso di lavoratori frontalieri, il telelavoro nel Principato segue regole specifiche. Sophie Marquet, [&hellip;]<\/p>\n","protected":false},"author":82,"featured_media":328435,"comment_status":"closed","ping_status":"closed","sticky":false,"template":"","format":"standard","meta":{"_acf_changed":false,"footnotes":""},"categories":[1739,1826,1738],"tags":[3140],"post_sectags":[5730],"post_format":[2469],"class_list":["post-328951","post","type-post","status-publish","format-standard","has-post-thumbnail","hentry","category-business-it","category-la-nostra-scelta","category-notizie","tag-lavoro","sectag-imprenditoria","format-analisi"],"acf":[],"yoast_head":"<!-- This site is optimized with the Yoast SEO Premium plugin v26.8 (Yoast SEO v27.5) - https:\/\/yoast.com\/product\/yoast-seo-premium-wordpress\/ -->\n<title>Smart working a Monaco: cosa devono sapere aziende e dipendenti<\/title>\n<meta name=\"description\" content=\"Per via della sua posizione geografica e dell\u2019afflusso di lavoratori frontalieri, il telelavoro nel Principato segue regole specifiche. Sophie Marquet,\" \/>\n<meta name=\"robots\" content=\"index, follow, max-snippet:-1, max-image-preview:large, max-video-preview:-1\" \/>\n<link rel=\"canonical\" href=\"https:\/\/www.monaco-tribune.com\/it\/2025\/12\/smart-working-a-monaco-cosa-devono-sapere-aziende-e-dipendenti\/\" \/>\n<meta property=\"og:locale\" content=\"it_IT\" \/>\n<meta property=\"og:type\" content=\"article\" \/>\n<meta property=\"og:title\" content=\"Smart working a Monaco: cosa devono sapere aziende e dipendenti - Monaco Tribune\" \/>\n<meta property=\"og:description\" content=\"Per via della sua posizione geografica e dell\u2019afflusso di lavoratori frontalieri, il telelavoro nel Principato segue regole specifiche. Sophie Marquet,\" \/>\n<meta property=\"og:url\" content=\"https:\/\/www.monaco-tribune.com\/it\/2025\/12\/smart-working-a-monaco-cosa-devono-sapere-aziende-e-dipendenti\/\" \/>\n<meta property=\"og:site_name\" content=\"Monaco Tribune\" \/>\n<meta property=\"article:publisher\" content=\"https:\/\/www.facebook.com\/MonacoTribune\" \/>\n<meta property=\"article:published_time\" content=\"2025-12-04T16:59:16+00:00\" \/>\n<meta property=\"article:modified_time\" content=\"2025-12-04T16:59:29+00:00\" \/>\n<meta property=\"og:image\" content=\"https:\/\/www.monaco-tribune.com\/wp-content\/uploads\/2025\/12\/visioconference-bureaux-grande.jpeg\" \/>\n\t<meta property=\"og:image:width\" content=\"1280\" \/>\n\t<meta property=\"og:image:height\" content=\"853\" \/>\n\t<meta property=\"og:image:type\" content=\"image\/jpeg\" \/>\n<meta name=\"author\" content=\"Benjamin Godart\" \/>\n<meta name=\"twitter:card\" content=\"summary_large_image\" \/>\n<meta name=\"twitter:creator\" content=\"@MonacoTribune\" \/>\n<meta name=\"twitter:site\" content=\"@MonacoTribune\" \/>\n<script type=\"application\/ld+json\" class=\"yoast-schema-graph\">{\"@context\":\"https:\\\/\\\/schema.org\",\"@graph\":[{\"@type\":\"NewsArticle\",\"@id\":\"https:\\\/\\\/www.monaco-tribune.com\\\/it\\\/2025\\\/12\\\/smart-working-a-monaco-cosa-devono-sapere-aziende-e-dipendenti\\\/#article\",\"isPartOf\":{\"@id\":\"https:\\\/\\\/www.monaco-tribune.com\\\/it\\\/2025\\\/12\\\/smart-working-a-monaco-cosa-devono-sapere-aziende-e-dipendenti\\\/\"},\"author\":{\"name\":\"Benjamin Godart\",\"@id\":\"https:\\\/\\\/www.monaco-tribune.com\\\/it\\\/#\\\/schema\\\/person\\\/d201bd3b5aa6a9405a343cb582876e6b\"},\"headline\":\"Smart working a Monaco: cosa devono sapere aziende e dipendenti\",\"datePublished\":\"2025-12-04T16:59:16+00:00\",\"dateModified\":\"2025-12-04T16:59:29+00:00\",\"mainEntityOfPage\":{\"@id\":\"https:\\\/\\\/www.monaco-tribune.com\\\/it\\\/2025\\\/12\\\/smart-working-a-monaco-cosa-devono-sapere-aziende-e-dipendenti\\\/\"},\"wordCount\":869,\"publisher\":{\"@id\":\"https:\\\/\\\/www.monaco-tribune.com\\\/it\\\/#organization\"},\"image\":{\"@id\":\"https:\\\/\\\/www.monaco-tribune.com\\\/it\\\/2025\\\/12\\\/smart-working-a-monaco-cosa-devono-sapere-aziende-e-dipendenti\\\/#primaryimage\"},\"thumbnailUrl\":\"https:\\\/\\\/www.monaco-tribune.com\\\/wp-content\\\/uploads\\\/2025\\\/12\\\/visioconference-bureaux-grande.jpeg\",\"keywords\":[\"Lavoro\"],\"articleSection\":[\"Business\",\"La nostra scelta\",\"Notizie\"],\"inLanguage\":\"it-IT\",\"copyrightYear\":\"2025\",\"copyrightHolder\":{\"@id\":\"https:\\\/\\\/www.monaco-tribune.com\\\/#organization\"}},{\"@type\":\"WebPage\",\"@id\":\"https:\\\/\\\/www.monaco-tribune.com\\\/it\\\/2025\\\/12\\\/smart-working-a-monaco-cosa-devono-sapere-aziende-e-dipendenti\\\/\",\"url\":\"https:\\\/\\\/www.monaco-tribune.com\\\/it\\\/2025\\\/12\\\/smart-working-a-monaco-cosa-devono-sapere-aziende-e-dipendenti\\\/\",\"name\":\"Smart working a Monaco: cosa devono sapere aziende e dipendenti\",\"isPartOf\":{\"@id\":\"https:\\\/\\\/www.monaco-tribune.com\\\/it\\\/#website\"},\"primaryImageOfPage\":{\"@id\":\"https:\\\/\\\/www.monaco-tribune.com\\\/it\\\/2025\\\/12\\\/smart-working-a-monaco-cosa-devono-sapere-aziende-e-dipendenti\\\/#primaryimage\"},\"image\":{\"@id\":\"https:\\\/\\\/www.monaco-tribune.com\\\/it\\\/2025\\\/12\\\/smart-working-a-monaco-cosa-devono-sapere-aziende-e-dipendenti\\\/#primaryimage\"},\"thumbnailUrl\":\"https:\\\/\\\/www.monaco-tribune.com\\\/wp-content\\\/uploads\\\/2025\\\/12\\\/visioconference-bureaux-grande.jpeg\",\"datePublished\":\"2025-12-04T16:59:16+00:00\",\"dateModified\":\"2025-12-04T16:59:29+00:00\",\"description\":\"Per via della sua posizione geografica e dell\u2019afflusso di lavoratori frontalieri, il telelavoro nel Principato segue regole specifiche. Sophie Marquet,\",\"breadcrumb\":{\"@id\":\"https:\\\/\\\/www.monaco-tribune.com\\\/it\\\/2025\\\/12\\\/smart-working-a-monaco-cosa-devono-sapere-aziende-e-dipendenti\\\/#breadcrumb\"},\"inLanguage\":\"it-IT\",\"potentialAction\":[{\"@type\":\"ReadAction\",\"target\":[\"https:\\\/\\\/www.monaco-tribune.com\\\/it\\\/2025\\\/12\\\/smart-working-a-monaco-cosa-devono-sapere-aziende-e-dipendenti\\\/\"]}]},{\"@type\":\"ImageObject\",\"inLanguage\":\"it-IT\",\"@id\":\"https:\\\/\\\/www.monaco-tribune.com\\\/it\\\/2025\\\/12\\\/smart-working-a-monaco-cosa-devono-sapere-aziende-e-dipendenti\\\/#primaryimage\",\"url\":\"https:\\\/\\\/www.monaco-tribune.com\\\/wp-content\\\/uploads\\\/2025\\\/12\\\/visioconference-bureaux-grande.jpeg\",\"contentUrl\":\"https:\\\/\\\/www.monaco-tribune.com\\\/wp-content\\\/uploads\\\/2025\\\/12\\\/visioconference-bureaux-grande.jpeg\",\"width\":1280,\"height\":853,\"caption\":\"L'esplosione delle video call nel settore terziario ha profondamente trasformato le modalit\u00e0 di lavoro verso un ibrido tra presenza fisica e smart working\u00a9 Anna Shvets - Pexels\"},{\"@type\":\"BreadcrumbList\",\"@id\":\"https:\\\/\\\/www.monaco-tribune.com\\\/it\\\/2025\\\/12\\\/smart-working-a-monaco-cosa-devono-sapere-aziende-e-dipendenti\\\/#breadcrumb\",\"itemListElement\":[{\"@type\":\"ListItem\",\"position\":1,\"name\":\"Accueil\",\"item\":\"https:\\\/\\\/www.monaco-tribune.com\\\/it\\\/\"},{\"@type\":\"ListItem\",\"position\":2,\"name\":\"Smart working a Monaco: cosa devono sapere aziende e dipendenti\"}]},{\"@type\":\"WebSite\",\"@id\":\"https:\\\/\\\/www.monaco-tribune.com\\\/it\\\/#website\",\"url\":\"https:\\\/\\\/www.monaco-tribune.com\\\/it\\\/\",\"name\":\"Monaco Tribune\",\"description\":\"Monaco : actualit\u00e9s \u00e9conomiques, politiques, culturelles et sportives de Monaco et de la French Riviera.\",\"publisher\":{\"@id\":\"https:\\\/\\\/www.monaco-tribune.com\\\/it\\\/#organization\"},\"potentialAction\":[{\"@type\":\"SearchAction\",\"target\":{\"@type\":\"EntryPoint\",\"urlTemplate\":\"https:\\\/\\\/www.monaco-tribune.com\\\/it\\\/?s={search_term_string}\"},\"query-input\":{\"@type\":\"PropertyValueSpecification\",\"valueRequired\":true,\"valueName\":\"search_term_string\"}}],\"inLanguage\":\"it-IT\"},{\"@type\":\"Organization\",\"@id\":\"https:\\\/\\\/www.monaco-tribune.com\\\/it\\\/#organization\",\"name\":\"Monaco Tribune\",\"url\":\"https:\\\/\\\/www.monaco-tribune.com\\\/it\\\/\",\"logo\":{\"@type\":\"ImageObject\",\"inLanguage\":\"it-IT\",\"@id\":\"https:\\\/\\\/www.monaco-tribune.com\\\/it\\\/#\\\/schema\\\/logo\\\/image\\\/\",\"url\":\"https:\\\/\\\/www.monaco-tribune.com\\\/wp-content\\\/uploads\\\/2022\\\/11\\\/logo-monaco-tribune.png\",\"contentUrl\":\"https:\\\/\\\/www.monaco-tribune.com\\\/wp-content\\\/uploads\\\/2022\\\/11\\\/logo-monaco-tribune.png\",\"width\":1548,\"height\":600,\"caption\":\"Monaco Tribune\"},\"image\":{\"@id\":\"https:\\\/\\\/www.monaco-tribune.com\\\/it\\\/#\\\/schema\\\/logo\\\/image\\\/\"},\"sameAs\":[\"https:\\\/\\\/www.facebook.com\\\/MonacoTribune\",\"https:\\\/\\\/x.com\\\/MonacoTribune\",\"https:\\\/\\\/www.instagram.com\\\/monacotribune\\\/\",\"https:\\\/\\\/www.linkedin.com\\\/company\\\/monaco-tribune\",\"https:\\\/\\\/www.youtube.com\\\/channel\\\/UCHle1MnG6hw1y4lWKijVbMA\"]},{\"@type\":\"Person\",\"@id\":\"https:\\\/\\\/www.monaco-tribune.com\\\/it\\\/#\\\/schema\\\/person\\\/d201bd3b5aa6a9405a343cb582876e6b\",\"name\":\"Benjamin Godart\",\"image\":{\"@type\":\"ImageObject\",\"inLanguage\":\"it-IT\",\"@id\":\"https:\\\/\\\/secure.gravatar.com\\\/avatar\\\/497d42825162d88d88f4d1527d8d9791abdd62e977b6ae137f2a93f8450f5286?s=96&d=mm&r=g\",\"url\":\"https:\\\/\\\/secure.gravatar.com\\\/avatar\\\/497d42825162d88d88f4d1527d8d9791abdd62e977b6ae137f2a93f8450f5286?s=96&d=mm&r=g\",\"contentUrl\":\"https:\\\/\\\/secure.gravatar.com\\\/avatar\\\/497d42825162d88d88f4d1527d8d9791abdd62e977b6ae137f2a93f8450f5286?s=96&d=mm&r=g\",\"caption\":\"Benjamin Godart\"},\"url\":\"https:\\\/\\\/www.monaco-tribune.com\\\/it\\\/author\\\/benjamingodart\\\/\"}]}<\/script>\n<!-- \/ Yoast SEO Premium plugin. -->","yoast_head_json":{"title":"Smart working a Monaco: cosa devono sapere aziende e dipendenti","description":"Per via della sua posizione geografica e dell\u2019afflusso di lavoratori frontalieri, il telelavoro nel Principato segue regole specifiche. Sophie Marquet,","robots":{"index":"index","follow":"follow","max-snippet":"max-snippet:-1","max-image-preview":"max-image-preview:large","max-video-preview":"max-video-preview:-1"},"canonical":"https:\/\/www.monaco-tribune.com\/it\/2025\/12\/smart-working-a-monaco-cosa-devono-sapere-aziende-e-dipendenti\/","og_locale":"it_IT","og_type":"article","og_title":"Smart working a Monaco: cosa devono sapere aziende e dipendenti - Monaco Tribune","og_description":"Per via della sua posizione geografica e dell\u2019afflusso di lavoratori frontalieri, il telelavoro nel Principato segue regole specifiche. Sophie Marquet,","og_url":"https:\/\/www.monaco-tribune.com\/it\/2025\/12\/smart-working-a-monaco-cosa-devono-sapere-aziende-e-dipendenti\/","og_site_name":"Monaco Tribune","article_publisher":"https:\/\/www.facebook.com\/MonacoTribune","article_published_time":"2025-12-04T16:59:16+00:00","article_modified_time":"2025-12-04T16:59:29+00:00","og_image":[{"width":1280,"height":853,"url":"https:\/\/www.monaco-tribune.com\/wp-content\/uploads\/2025\/12\/visioconference-bureaux-grande.jpeg","type":"image\/jpeg"}],"author":"Benjamin Godart","twitter_card":"summary_large_image","twitter_creator":"@MonacoTribune","twitter_site":"@MonacoTribune","schema":{"@context":"https:\/\/schema.org","@graph":[{"@type":"NewsArticle","@id":"https:\/\/www.monaco-tribune.com\/it\/2025\/12\/smart-working-a-monaco-cosa-devono-sapere-aziende-e-dipendenti\/#article","isPartOf":{"@id":"https:\/\/www.monaco-tribune.com\/it\/2025\/12\/smart-working-a-monaco-cosa-devono-sapere-aziende-e-dipendenti\/"},"author":{"name":"Benjamin Godart","@id":"https:\/\/www.monaco-tribune.com\/it\/#\/schema\/person\/d201bd3b5aa6a9405a343cb582876e6b"},"headline":"Smart working a Monaco: cosa devono sapere aziende e dipendenti","datePublished":"2025-12-04T16:59:16+00:00","dateModified":"2025-12-04T16:59:29+00:00","mainEntityOfPage":{"@id":"https:\/\/www.monaco-tribune.com\/it\/2025\/12\/smart-working-a-monaco-cosa-devono-sapere-aziende-e-dipendenti\/"},"wordCount":869,"publisher":{"@id":"https:\/\/www.monaco-tribune.com\/it\/#organization"},"image":{"@id":"https:\/\/www.monaco-tribune.com\/it\/2025\/12\/smart-working-a-monaco-cosa-devono-sapere-aziende-e-dipendenti\/#primaryimage"},"thumbnailUrl":"https:\/\/www.monaco-tribune.com\/wp-content\/uploads\/2025\/12\/visioconference-bureaux-grande.jpeg","keywords":["Lavoro"],"articleSection":["Business","La nostra scelta","Notizie"],"inLanguage":"it-IT","copyrightYear":"2025","copyrightHolder":{"@id":"https:\/\/www.monaco-tribune.com\/#organization"}},{"@type":"WebPage","@id":"https:\/\/www.monaco-tribune.com\/it\/2025\/12\/smart-working-a-monaco-cosa-devono-sapere-aziende-e-dipendenti\/","url":"https:\/\/www.monaco-tribune.com\/it\/2025\/12\/smart-working-a-monaco-cosa-devono-sapere-aziende-e-dipendenti\/","name":"Smart working a Monaco: cosa devono sapere aziende e dipendenti","isPartOf":{"@id":"https:\/\/www.monaco-tribune.com\/it\/#website"},"primaryImageOfPage":{"@id":"https:\/\/www.monaco-tribune.com\/it\/2025\/12\/smart-working-a-monaco-cosa-devono-sapere-aziende-e-dipendenti\/#primaryimage"},"image":{"@id":"https:\/\/www.monaco-tribune.com\/it\/2025\/12\/smart-working-a-monaco-cosa-devono-sapere-aziende-e-dipendenti\/#primaryimage"},"thumbnailUrl":"https:\/\/www.monaco-tribune.com\/wp-content\/uploads\/2025\/12\/visioconference-bureaux-grande.jpeg","datePublished":"2025-12-04T16:59:16+00:00","dateModified":"2025-12-04T16:59:29+00:00","description":"Per via della sua posizione geografica e dell\u2019afflusso di lavoratori frontalieri, il telelavoro nel Principato segue regole specifiche. Sophie Marquet,","breadcrumb":{"@id":"https:\/\/www.monaco-tribune.com\/it\/2025\/12\/smart-working-a-monaco-cosa-devono-sapere-aziende-e-dipendenti\/#breadcrumb"},"inLanguage":"it-IT","potentialAction":[{"@type":"ReadAction","target":["https:\/\/www.monaco-tribune.com\/it\/2025\/12\/smart-working-a-monaco-cosa-devono-sapere-aziende-e-dipendenti\/"]}]},{"@type":"ImageObject","inLanguage":"it-IT","@id":"https:\/\/www.monaco-tribune.com\/it\/2025\/12\/smart-working-a-monaco-cosa-devono-sapere-aziende-e-dipendenti\/#primaryimage","url":"https:\/\/www.monaco-tribune.com\/wp-content\/uploads\/2025\/12\/visioconference-bureaux-grande.jpeg","contentUrl":"https:\/\/www.monaco-tribune.com\/wp-content\/uploads\/2025\/12\/visioconference-bureaux-grande.jpeg","width":1280,"height":853,"caption":"L'esplosione delle video call nel settore terziario ha profondamente trasformato le modalit\u00e0 di lavoro verso un ibrido tra presenza fisica e smart working\u00a9 Anna Shvets - Pexels"},{"@type":"BreadcrumbList","@id":"https:\/\/www.monaco-tribune.com\/it\/2025\/12\/smart-working-a-monaco-cosa-devono-sapere-aziende-e-dipendenti\/#breadcrumb","itemListElement":[{"@type":"ListItem","position":1,"name":"Accueil","item":"https:\/\/www.monaco-tribune.com\/it\/"},{"@type":"ListItem","position":2,"name":"Smart working a Monaco: cosa devono sapere aziende e dipendenti"}]},{"@type":"WebSite","@id":"https:\/\/www.monaco-tribune.com\/it\/#website","url":"https:\/\/www.monaco-tribune.com\/it\/","name":"Monaco Tribune","description":"Monaco : actualit\u00e9s \u00e9conomiques, politiques, culturelles et sportives de Monaco et de la French Riviera.","publisher":{"@id":"https:\/\/www.monaco-tribune.com\/it\/#organization"},"potentialAction":[{"@type":"SearchAction","target":{"@type":"EntryPoint","urlTemplate":"https:\/\/www.monaco-tribune.com\/it\/?s={search_term_string}"},"query-input":{"@type":"PropertyValueSpecification","valueRequired":true,"valueName":"search_term_string"}}],"inLanguage":"it-IT"},{"@type":"Organization","@id":"https:\/\/www.monaco-tribune.com\/it\/#organization","name":"Monaco Tribune","url":"https:\/\/www.monaco-tribune.com\/it\/","logo":{"@type":"ImageObject","inLanguage":"it-IT","@id":"https:\/\/www.monaco-tribune.com\/it\/#\/schema\/logo\/image\/","url":"https:\/\/www.monaco-tribune.com\/wp-content\/uploads\/2022\/11\/logo-monaco-tribune.png","contentUrl":"https:\/\/www.monaco-tribune.com\/wp-content\/uploads\/2022\/11\/logo-monaco-tribune.png","width":1548,"height":600,"caption":"Monaco Tribune"},"image":{"@id":"https:\/\/www.monaco-tribune.com\/it\/#\/schema\/logo\/image\/"},"sameAs":["https:\/\/www.facebook.com\/MonacoTribune","https:\/\/x.com\/MonacoTribune","https:\/\/www.instagram.com\/monacotribune\/","https:\/\/www.linkedin.com\/company\/monaco-tribune","https:\/\/www.youtube.com\/channel\/UCHle1MnG6hw1y4lWKijVbMA"]},{"@type":"Person","@id":"https:\/\/www.monaco-tribune.com\/it\/#\/schema\/person\/d201bd3b5aa6a9405a343cb582876e6b","name":"Benjamin Godart","image":{"@type":"ImageObject","inLanguage":"it-IT","@id":"https:\/\/secure.gravatar.com\/avatar\/497d42825162d88d88f4d1527d8d9791abdd62e977b6ae137f2a93f8450f5286?s=96&d=mm&r=g","url":"https:\/\/secure.gravatar.com\/avatar\/497d42825162d88d88f4d1527d8d9791abdd62e977b6ae137f2a93f8450f5286?s=96&d=mm&r=g","contentUrl":"https:\/\/secure.gravatar.com\/avatar\/497d42825162d88d88f4d1527d8d9791abdd62e977b6ae137f2a93f8450f5286?s=96&d=mm&r=g","caption":"Benjamin Godart"},"url":"https:\/\/www.monaco-tribune.com\/it\/author\/benjamingodart\/"}]}},"_links":{"self":[{"href":"https:\/\/www.monaco-tribune.com\/it\/wp-json\/wp\/v2\/posts\/328951","targetHints":{"allow":["GET"]}}],"collection":[{"href":"https:\/\/www.monaco-tribune.com\/it\/wp-json\/wp\/v2\/posts"}],"about":[{"href":"https:\/\/www.monaco-tribune.com\/it\/wp-json\/wp\/v2\/types\/post"}],"author":[{"embeddable":true,"href":"https:\/\/www.monaco-tribune.com\/it\/wp-json\/wp\/v2\/users\/82"}],"replies":[{"embeddable":true,"href":"https:\/\/www.monaco-tribune.com\/it\/wp-json\/wp\/v2\/comments?post=328951"}],"version-history":[{"count":3,"href":"https:\/\/www.monaco-tribune.com\/it\/wp-json\/wp\/v2\/posts\/328951\/revisions"}],"predecessor-version":[{"id":328954,"href":"https:\/\/www.monaco-tribune.com\/it\/wp-json\/wp\/v2\/posts\/328951\/revisions\/328954"}],"wp:featuredmedia":[{"embeddable":true,"href":"https:\/\/www.monaco-tribune.com\/it\/wp-json\/wp\/v2\/media\/328435"}],"wp:attachment":[{"href":"https:\/\/www.monaco-tribune.com\/it\/wp-json\/wp\/v2\/media?parent=328951"}],"wp:term":[{"taxonomy":"category","embeddable":true,"href":"https:\/\/www.monaco-tribune.com\/it\/wp-json\/wp\/v2\/categories?post=328951"},{"taxonomy":"post_tag","embeddable":true,"href":"https:\/\/www.monaco-tribune.com\/it\/wp-json\/wp\/v2\/tags?post=328951"},{"taxonomy":"sectag","embeddable":true,"href":"https:\/\/www.monaco-tribune.com\/it\/wp-json\/wp\/v2\/post_sectags?post=328951"},{"taxonomy":"format","embeddable":true,"href":"https:\/\/www.monaco-tribune.com\/it\/wp-json\/wp\/v2\/post_format?post=328951"}],"curies":[{"name":"wp","href":"https:\/\/api.w.org\/{rel}","templated":true}]}}