{"id":329253,"date":"2025-12-05T17:22:54","date_gmt":"2025-12-05T15:22:54","guid":{"rendered":"https:\/\/www.monaco-tribune.com\/2025\/12\/il-principe-alberto-ii-sotto-una-pioggia-di-stelle-per-il-quinto-anniversario-del-festival-des-etoiles-monte-carlo\/"},"modified":"2025-12-05T17:23:11","modified_gmt":"2025-12-05T15:23:11","slug":"il-principe-alberto-ii-sotto-una-pioggia-di-stelle-per-il-quinto-anniversario-del-festival-des-etoiles-monte-carlo","status":"publish","type":"post","link":"https:\/\/www.monaco-tribune.com\/it\/2025\/12\/il-principe-alberto-ii-sotto-una-pioggia-di-stelle-per-il-quinto-anniversario-del-festival-des-etoiles-monte-carlo\/","title":{"rendered":"Il Principe Alberto II sotto una pioggia di stelle per il quinto anniversario del Festival des \u00c9toil\u00e9s Monte-Carlo"},"content":{"rendered":"\n<p><strong>La quinta edizione del Festival des \u00c9toil\u00e9s Monte-Carlo si \u00e8 conclusa il 29 novembre con una cena di gala che ha riunito i pi\u00f9 grandi chef del gruppo SBM.<\/strong><\/p>\n\n<p>Questo fine settimana, 250 ospiti si sono decisamente riempiti gli occhi di stelle: sabato sera, la Salle des \u00c9toiles dello Sporting Monte-Carlo ha ospitato la tradizionale cena di chiusura del Festival des \u00c9toil\u00e9s. In abito nero e papillon, il Principe Alberto II era accompagnato in questa edizione anniversario da Louis Ducruet e sua moglie Marie Ducruet, Pauline Ducruet e Camille Gottlieb.<\/p>\n\n<p>Gli chef Alain Ducasse, Emmanuel Pilon, Yannick All\u00e9no, Marcel Ravin, Domenico d&#8217;Antonio e Dominique Lory hanno dato il meglio di loro per proporre un men\u00f9 di sette portate. Anche il pasticcere Cedric Grolet si \u00e8 unito quest&#8217;anno alla brigata con un Saint Honor\u00e9 XXL come dessert.<\/p>\n\n<figure class=\"wp-block-gallery has-nested-images columns-1 is-cropped wp-block-gallery-1 is-layout-flex wp-block-gallery-is-layout-flex\">\n<figure class=\"wp-block-image size-large\"><img loading=\"lazy\" decoding=\"async\" width=\"1024\" height=\"791\" data-id=\"328769\" src=\"https:\/\/www.monaco-tribune.com\/wp-content\/uploads\/2025\/12\/festival-des-etoiles-monte-carlo-2025-5eme-anniversaire-chef-marcel-ravin-entoure-de-son-equipe-@monte-carlo-sbm-19-grande-1024x791.jpeg\" alt=\"\" class=\"wp-image-328769\" srcset=\"https:\/\/www.monaco-tribune.com\/wp-content\/uploads\/2025\/12\/festival-des-etoiles-monte-carlo-2025-5eme-anniversaire-chef-marcel-ravin-entoure-de-son-equipe-@monte-carlo-sbm-19-grande-1024x791.jpeg 1024w, https:\/\/www.monaco-tribune.com\/wp-content\/uploads\/2025\/12\/festival-des-etoiles-monte-carlo-2025-5eme-anniversaire-chef-marcel-ravin-entoure-de-son-equipe-@monte-carlo-sbm-19-grande-388x300.jpeg 388w, https:\/\/www.monaco-tribune.com\/wp-content\/uploads\/2025\/12\/festival-des-etoiles-monte-carlo-2025-5eme-anniversaire-chef-marcel-ravin-entoure-de-son-equipe-@monte-carlo-sbm-19-grande.jpeg 1280w\" sizes=\"auto, (max-width: 1024px) 100vw, 1024px\" \/><\/figure>\n\n\n\n<figure class=\"wp-block-image size-large\"><img loading=\"lazy\" decoding=\"async\" width=\"1024\" height=\"760\" data-id=\"328773\" src=\"https:\/\/www.monaco-tribune.com\/wp-content\/uploads\/2025\/12\/festival-des-etoiles-monte-carlo-2025-5eme-anniversaire-chef-yannick-alleno-entoure-de-son-equipe-@monte-carlo-sbm29-grande-1024x760.jpeg\" alt=\"Le chef Yannick All&#xE9;no entour&#xE9; de son &#xE9;quipe &#xA9; MCSBM\" class=\"wp-image-328773\" srcset=\"https:\/\/www.monaco-tribune.com\/wp-content\/uploads\/2025\/12\/festival-des-etoiles-monte-carlo-2025-5eme-anniversaire-chef-yannick-alleno-entoure-de-son-equipe-@monte-carlo-sbm29-grande-1024x760.jpeg 1024w, https:\/\/www.monaco-tribune.com\/wp-content\/uploads\/2025\/12\/festival-des-etoiles-monte-carlo-2025-5eme-anniversaire-chef-yannick-alleno-entoure-de-son-equipe-@monte-carlo-sbm29-grande-404x300.jpeg 404w, https:\/\/www.monaco-tribune.com\/wp-content\/uploads\/2025\/12\/festival-des-etoiles-monte-carlo-2025-5eme-anniversaire-chef-yannick-alleno-entoure-de-son-equipe-@monte-carlo-sbm29-grande.jpeg 1280w\" sizes=\"auto, (max-width: 1024px) 100vw, 1024px\" \/><figcaption class=\"wp-element-caption\"><em>Lo chef Yannick All\u00e9no con il suo staff<\/em> \u00a9 MCSBM<\/figcaption><\/figure>\n\n\n\n<figure class=\"wp-block-image size-large\"><img loading=\"lazy\" decoding=\"async\" width=\"842\" height=\"1024\" data-id=\"328777\" src=\"https:\/\/www.monaco-tribune.com\/wp-content\/uploads\/2025\/12\/festival-des-etoiles-monte-carlo-2025-5eme-anniversaire-pavyllon-monte-carlo-@monte-carlo-sbm-52-grande-842x1024.jpeg\" alt=\"\" class=\"wp-image-328777\" srcset=\"https:\/\/www.monaco-tribune.com\/wp-content\/uploads\/2025\/12\/festival-des-etoiles-monte-carlo-2025-5eme-anniversaire-pavyllon-monte-carlo-@monte-carlo-sbm-52-grande-842x1024.jpeg 842w, https:\/\/www.monaco-tribune.com\/wp-content\/uploads\/2025\/12\/festival-des-etoiles-monte-carlo-2025-5eme-anniversaire-pavyllon-monte-carlo-@monte-carlo-sbm-52-grande-247x300.jpeg 247w, https:\/\/www.monaco-tribune.com\/wp-content\/uploads\/2025\/12\/festival-des-etoiles-monte-carlo-2025-5eme-anniversaire-pavyllon-monte-carlo-@monte-carlo-sbm-52-grande.jpeg 1052w\" sizes=\"auto, (max-width: 842px) 100vw, 842px\" \/><\/figure>\n\n\n\n<figure class=\"wp-block-image size-large\"><img loading=\"lazy\" decoding=\"async\" width=\"1024\" height=\"683\" data-id=\"328765\" src=\"https:\/\/www.monaco-tribune.com\/wp-content\/uploads\/2025\/12\/festival-des-etoiles-monte-carlo-2025-5eme-anniversaire-chef-cedric-grolet-et-le-saint-honore-xxl-@monte-carlo-sbm-17-grande-1024x683.jpeg\" alt=\"C&#xE9;dric Grolet et son dessert XXL &#xA9; MCSBM\" class=\"wp-image-328765\" srcset=\"https:\/\/www.monaco-tribune.com\/wp-content\/uploads\/2025\/12\/festival-des-etoiles-monte-carlo-2025-5eme-anniversaire-chef-cedric-grolet-et-le-saint-honore-xxl-@monte-carlo-sbm-17-grande-1024x683.jpeg 1024w, https:\/\/www.monaco-tribune.com\/wp-content\/uploads\/2025\/12\/festival-des-etoiles-monte-carlo-2025-5eme-anniversaire-chef-cedric-grolet-et-le-saint-honore-xxl-@monte-carlo-sbm-17-grande-450x300.jpeg 450w, https:\/\/www.monaco-tribune.com\/wp-content\/uploads\/2025\/12\/festival-des-etoiles-monte-carlo-2025-5eme-anniversaire-chef-cedric-grolet-et-le-saint-honore-xxl-@monte-carlo-sbm-17-grande.jpeg 1280w\" sizes=\"auto, (max-width: 1024px) 100vw, 1024px\" \/><figcaption class=\"wp-element-caption\"><em>C\u00e9dric Grolet e il suo dessert XXL<\/em> \u00a9 MCSBM<\/figcaption><\/figure>\n<\/figure>\n\n<h2 class=\"wp-block-heading\" id=\"h-un-festival-jalonne-de-diners-prestigieux\">Un festival costellato di cene prestigiose<\/h2>\n\n<p>Dal suo lancio ad aprile al Grill con Dominique Lory e Pierre Gagnaire, questa quinta edizione ha proposto diverse cene a quattro mani nei ristoranti del gruppo: Albert Adri\u00e0 al Louis XV, Davide Oldani al Pavyllon, Anne-Sophie Pic al Blue Bay e Hirotaka Wada all&#8217;Abysse.<\/p>\n\n<blockquote class=\"wp-embedded-content\" data-secret=\"Ly3JrIBNUp\"><a href=\"https:\/\/www.monaco-tribune.com\/it\/2025\/07\/la-nostra-selezione-dei-migliori-rooftop-di-monaco\/\">La nostra selezione dei migliori rooftop di Monaco<\/a><\/blockquote><iframe class=\"wp-embedded-content\" sandbox=\"allow-scripts\" security=\"restricted\" style=\"position: absolute; visibility: hidden;\" title=\"&#8220;La nostra selezione dei migliori rooftop di Monaco&#8221; &#8212; Monaco Tribune\" src=\"https:\/\/www.monaco-tribune.com\/it\/2025\/07\/la-nostra-selezione-dei-migliori-rooftop-di-monaco\/embed\/#?secret=fwTn6guucu#?secret=Ly3JrIBNUp\" data-secret=\"Ly3JrIBNUp\" width=\"500\" height=\"282\" frameborder=\"0\" marginwidth=\"0\" marginheight=\"0\" scrolling=\"no\"><\/iframe>\n\n<p>Grazie all&#8217;apertura di nuovi ristoranti il gruppo Monte-Carlo Soci\u00e9t\u00e9 des Bains de Mer <a href=\"https:\/\/www.monaco-tribune.com\/it\/2025\/05\/risultati-finanziari-un-anno-da-record-per-la-sbm\/\">vanta ora dieci stelle nella Guida Michelin<\/a>, contro le sette delle precedenti edizioni.<\/p>\n\n<h2 class=\"wp-block-heading\" id=\"h-un-spectacle-entre-gastronomie-et-arts-vivants\">Tra alta cucina e spettacolo<\/h2>\n\n<p>La serata ha unito alta cucina e intrattenimento. Il coro dei bambini dell&#8217;International School of Monaco, la ballerina Desislava Kancheva e il duo Marc Emmanuel Zanoli e Claire Teyssi\u00e8re hanno accompagnato la cena. Infine, il gruppo Divas on the Floor ha chiuso i festeggiamenti. \u00c8 gi\u00e0 stata annunciata la sesta edizione per il 2026.<\/p>\n\n<figure class=\"wp-block-gallery has-nested-images columns-1 is-cropped wp-block-gallery-2 is-layout-flex wp-block-gallery-is-layout-flex\">\n<figure class=\"wp-block-image size-large\"><img loading=\"lazy\" decoding=\"async\" width=\"1024\" height=\"683\" data-id=\"328789\" src=\"https:\/\/www.monaco-tribune.com\/wp-content\/uploads\/2025\/12\/festival-des-etoiles-monte-carlo-2025-5eme-anniversaire-@monte-carlo-sbm-20-grande-1024x683.jpeg\" alt=\"\" class=\"wp-image-328789\" srcset=\"https:\/\/www.monaco-tribune.com\/wp-content\/uploads\/2025\/12\/festival-des-etoiles-monte-carlo-2025-5eme-anniversaire-@monte-carlo-sbm-20-grande-1024x683.jpeg 1024w, https:\/\/www.monaco-tribune.com\/wp-content\/uploads\/2025\/12\/festival-des-etoiles-monte-carlo-2025-5eme-anniversaire-@monte-carlo-sbm-20-grande-450x300.jpeg 450w, https:\/\/www.monaco-tribune.com\/wp-content\/uploads\/2025\/12\/festival-des-etoiles-monte-carlo-2025-5eme-anniversaire-@monte-carlo-sbm-20-grande.jpeg 1280w\" sizes=\"auto, (max-width: 1024px) 100vw, 1024px\" \/><\/figure>\n\n\n\n<figure class=\"wp-block-image size-large\"><img loading=\"lazy\" decoding=\"async\" width=\"1024\" height=\"683\" data-id=\"328795\" src=\"https:\/\/www.monaco-tribune.com\/wp-content\/uploads\/2025\/12\/festival-des-etoiles-monte-carlo-2025-5eme-anniversaire-@monte-carlo-sbm-7-grande-1024x683.jpeg\" alt=\"\" class=\"wp-image-328795\" srcset=\"https:\/\/www.monaco-tribune.com\/wp-content\/uploads\/2025\/12\/festival-des-etoiles-monte-carlo-2025-5eme-anniversaire-@monte-carlo-sbm-7-grande-1024x683.jpeg 1024w, https:\/\/www.monaco-tribune.com\/wp-content\/uploads\/2025\/12\/festival-des-etoiles-monte-carlo-2025-5eme-anniversaire-@monte-carlo-sbm-7-grande-450x300.jpeg 450w, https:\/\/www.monaco-tribune.com\/wp-content\/uploads\/2025\/12\/festival-des-etoiles-monte-carlo-2025-5eme-anniversaire-@monte-carlo-sbm-7-grande.jpeg 1280w\" sizes=\"auto, (max-width: 1024px) 100vw, 1024px\" \/><\/figure>\n\n\n\n<figure class=\"wp-block-image size-large\"><img loading=\"lazy\" decoding=\"async\" width=\"1024\" height=\"642\" data-id=\"328781\" src=\"https:\/\/www.monaco-tribune.com\/wp-content\/uploads\/2025\/12\/festival-des-etoiles-monte-carlo-2025-5eme-anniversaire-@monte-carlo-sbm-1-grande-1024x642.jpeg\" alt=\"\" class=\"wp-image-328781\" srcset=\"https:\/\/www.monaco-tribune.com\/wp-content\/uploads\/2025\/12\/festival-des-etoiles-monte-carlo-2025-5eme-anniversaire-@monte-carlo-sbm-1-grande-1024x642.jpeg 1024w, https:\/\/www.monaco-tribune.com\/wp-content\/uploads\/2025\/12\/festival-des-etoiles-monte-carlo-2025-5eme-anniversaire-@monte-carlo-sbm-1-grande-478x300.jpeg 478w, https:\/\/www.monaco-tribune.com\/wp-content\/uploads\/2025\/12\/festival-des-etoiles-monte-carlo-2025-5eme-anniversaire-@monte-carlo-sbm-1-grande.jpeg 1280w\" sizes=\"auto, (max-width: 1024px) 100vw, 1024px\" \/><figcaption class=\"wp-element-caption\">\u00a9 MCSBM<\/figcaption><\/figure>\n<\/figure>\n","protected":false},"excerpt":{"rendered":"<p>La quinta edizione del Festival des \u00c9toil\u00e9s Monte-Carlo si \u00e8 conclusa il 29 novembre con una cena di gala che [&hellip;]<\/p>\n","protected":false},"author":21,"featured_media":328763,"comment_status":"closed","ping_status":"closed","sticky":false,"template":"","format":"standard","meta":{"_acf_changed":false,"footnotes":""},"categories":[1740,1826,1738],"tags":[2986],"post_sectags":[5206],"post_format":[2474],"class_list":["post-329253","post","type-post","status-publish","format-standard","has-post-thumbnail","hentry","category-cosa-fare","category-la-nostra-scelta","category-notizie","tag-principe-alberto-ii","sectag-festival-des-etoiles-it","format-foto"],"acf":[],"yoast_head":"<!-- This site is optimized with the Yoast SEO Premium plugin v26.8 (Yoast SEO v27.4) - https:\/\/yoast.com\/product\/yoast-seo-premium-wordpress\/ -->\n<title>Il Principe Alberto II sotto una pioggia di stelle per il quinto anniversario del Festival des \u00c9toil\u00e9s Monte-Carlo<\/title>\n<meta name=\"description\" content=\"La quinta edizione del Festival des \u00c9toil\u00e9s Monte-Carlo si \u00e8 conclusa il 29 novembre con una cena di gala che ha riunito i pi\u00f9 grandi chef del gruppo SBM.\" \/>\n<meta name=\"robots\" content=\"index, follow, max-snippet:-1, max-image-preview:large, max-video-preview:-1\" \/>\n<link rel=\"canonical\" href=\"https:\/\/www.monaco-tribune.com\/it\/2025\/12\/il-principe-alberto-ii-sotto-una-pioggia-di-stelle-per-il-quinto-anniversario-del-festival-des-etoiles-monte-carlo\/\" \/>\n<meta property=\"og:locale\" content=\"it_IT\" \/>\n<meta property=\"og:type\" content=\"article\" \/>\n<meta property=\"og:title\" content=\"Il Principe Alberto II sotto una pioggia di stelle per il quinto anniversario del Festival des \u00c9toil\u00e9s Monte-Carlo - Monaco Tribune\" \/>\n<meta property=\"og:description\" content=\"La quinta edizione del Festival des \u00c9toil\u00e9s Monte-Carlo si \u00e8 conclusa il 29 novembre con una cena di gala che ha riunito i pi\u00f9 grandi chef del gruppo SBM.\" \/>\n<meta property=\"og:url\" content=\"https:\/\/www.monaco-tribune.com\/it\/2025\/12\/il-principe-alberto-ii-sotto-una-pioggia-di-stelle-per-il-quinto-anniversario-del-festival-des-etoiles-monte-carlo\/\" \/>\n<meta property=\"og:site_name\" content=\"Monaco Tribune\" \/>\n<meta property=\"article:publisher\" content=\"https:\/\/www.facebook.com\/MonacoTribune\" \/>\n<meta property=\"article:published_time\" content=\"2025-12-05T15:22:54+00:00\" \/>\n<meta property=\"article:modified_time\" content=\"2025-12-05T15:23:11+00:00\" \/>\n<meta property=\"og:image\" content=\"https:\/\/www.monaco-tribune.com\/wp-content\/uploads\/2025\/12\/gala-de-cloture-festival-des-etoiles-monte-carlo-@monte-carlo-sbm-4-grande.jpeg\" \/>\n\t<meta property=\"og:image:width\" content=\"1280\" \/>\n\t<meta property=\"og:image:height\" content=\"853\" \/>\n\t<meta property=\"og:image:type\" content=\"image\/jpeg\" \/>\n<meta name=\"author\" content=\"Monaco Tribune\" \/>\n<meta name=\"twitter:card\" content=\"summary_large_image\" \/>\n<meta name=\"twitter:creator\" content=\"@MonacoTribune\" \/>\n<meta name=\"twitter:site\" content=\"@MonacoTribune\" \/>\n<script type=\"application\/ld+json\" class=\"yoast-schema-graph\">{\"@context\":\"https:\\\/\\\/schema.org\",\"@graph\":[{\"@type\":\"NewsArticle\",\"@id\":\"https:\\\/\\\/www.monaco-tribune.com\\\/it\\\/2025\\\/12\\\/il-principe-alberto-ii-sotto-una-pioggia-di-stelle-per-il-quinto-anniversario-del-festival-des-etoiles-monte-carlo\\\/#article\",\"isPartOf\":{\"@id\":\"https:\\\/\\\/www.monaco-tribune.com\\\/it\\\/2025\\\/12\\\/il-principe-alberto-ii-sotto-una-pioggia-di-stelle-per-il-quinto-anniversario-del-festival-des-etoiles-monte-carlo\\\/\"},\"author\":{\"name\":\"Monaco Tribune\",\"@id\":\"https:\\\/\\\/www.monaco-tribune.com\\\/it\\\/#\\\/schema\\\/person\\\/8f6ed8c063276e2397589eda5b7a2f2d\"},\"headline\":\"Il Principe Alberto II sotto una pioggia di stelle per il quinto anniversario del Festival des \u00c9toil\u00e9s Monte-Carlo\",\"datePublished\":\"2025-12-05T15:22:54+00:00\",\"dateModified\":\"2025-12-05T15:23:11+00:00\",\"mainEntityOfPage\":{\"@id\":\"https:\\\/\\\/www.monaco-tribune.com\\\/it\\\/2025\\\/12\\\/il-principe-alberto-ii-sotto-una-pioggia-di-stelle-per-il-quinto-anniversario-del-festival-des-etoiles-monte-carlo\\\/\"},\"wordCount\":321,\"publisher\":{\"@id\":\"https:\\\/\\\/www.monaco-tribune.com\\\/it\\\/#organization\"},\"image\":{\"@id\":\"https:\\\/\\\/www.monaco-tribune.com\\\/it\\\/2025\\\/12\\\/il-principe-alberto-ii-sotto-una-pioggia-di-stelle-per-il-quinto-anniversario-del-festival-des-etoiles-monte-carlo\\\/#primaryimage\"},\"thumbnailUrl\":\"https:\\\/\\\/www.monaco-tribune.com\\\/wp-content\\\/uploads\\\/2025\\\/12\\\/gala-de-cloture-festival-des-etoiles-monte-carlo-@monte-carlo-sbm-4-grande.jpeg\",\"keywords\":[\"Principe Alberto II\"],\"articleSection\":[\"Cosa fare\",\"La nostra scelta\",\"Notizie\"],\"inLanguage\":\"it-IT\",\"copyrightYear\":\"2025\",\"copyrightHolder\":{\"@id\":\"https:\\\/\\\/www.monaco-tribune.com\\\/#organization\"}},{\"@type\":\"WebPage\",\"@id\":\"https:\\\/\\\/www.monaco-tribune.com\\\/it\\\/2025\\\/12\\\/il-principe-alberto-ii-sotto-una-pioggia-di-stelle-per-il-quinto-anniversario-del-festival-des-etoiles-monte-carlo\\\/\",\"url\":\"https:\\\/\\\/www.monaco-tribune.com\\\/it\\\/2025\\\/12\\\/il-principe-alberto-ii-sotto-una-pioggia-di-stelle-per-il-quinto-anniversario-del-festival-des-etoiles-monte-carlo\\\/\",\"name\":\"Il Principe Alberto II sotto una pioggia di stelle per il quinto anniversario del Festival des \u00c9toil\u00e9s Monte-Carlo\",\"isPartOf\":{\"@id\":\"https:\\\/\\\/www.monaco-tribune.com\\\/it\\\/#website\"},\"primaryImageOfPage\":{\"@id\":\"https:\\\/\\\/www.monaco-tribune.com\\\/it\\\/2025\\\/12\\\/il-principe-alberto-ii-sotto-una-pioggia-di-stelle-per-il-quinto-anniversario-del-festival-des-etoiles-monte-carlo\\\/#primaryimage\"},\"image\":{\"@id\":\"https:\\\/\\\/www.monaco-tribune.com\\\/it\\\/2025\\\/12\\\/il-principe-alberto-ii-sotto-una-pioggia-di-stelle-per-il-quinto-anniversario-del-festival-des-etoiles-monte-carlo\\\/#primaryimage\"},\"thumbnailUrl\":\"https:\\\/\\\/www.monaco-tribune.com\\\/wp-content\\\/uploads\\\/2025\\\/12\\\/gala-de-cloture-festival-des-etoiles-monte-carlo-@monte-carlo-sbm-4-grande.jpeg\",\"datePublished\":\"2025-12-05T15:22:54+00:00\",\"dateModified\":\"2025-12-05T15:23:11+00:00\",\"description\":\"La quinta edizione del Festival des \u00c9toil\u00e9s Monte-Carlo si \u00e8 conclusa il 29 novembre con una cena di gala che ha riunito i pi\u00f9 grandi chef del gruppo SBM.\",\"breadcrumb\":{\"@id\":\"https:\\\/\\\/www.monaco-tribune.com\\\/it\\\/2025\\\/12\\\/il-principe-alberto-ii-sotto-una-pioggia-di-stelle-per-il-quinto-anniversario-del-festival-des-etoiles-monte-carlo\\\/#breadcrumb\"},\"inLanguage\":\"it-IT\",\"potentialAction\":[{\"@type\":\"ReadAction\",\"target\":[\"https:\\\/\\\/www.monaco-tribune.com\\\/it\\\/2025\\\/12\\\/il-principe-alberto-ii-sotto-una-pioggia-di-stelle-per-il-quinto-anniversario-del-festival-des-etoiles-monte-carlo\\\/\"]}]},{\"@type\":\"ImageObject\",\"inLanguage\":\"it-IT\",\"@id\":\"https:\\\/\\\/www.monaco-tribune.com\\\/it\\\/2025\\\/12\\\/il-principe-alberto-ii-sotto-una-pioggia-di-stelle-per-il-quinto-anniversario-del-festival-des-etoiles-monte-carlo\\\/#primaryimage\",\"url\":\"https:\\\/\\\/www.monaco-tribune.com\\\/wp-content\\\/uploads\\\/2025\\\/12\\\/gala-de-cloture-festival-des-etoiles-monte-carlo-@monte-carlo-sbm-4-grande.jpeg\",\"contentUrl\":\"https:\\\/\\\/www.monaco-tribune.com\\\/wp-content\\\/uploads\\\/2025\\\/12\\\/gala-de-cloture-festival-des-etoiles-monte-carlo-@monte-carlo-sbm-4-grande.jpeg\",\"width\":1280,\"height\":853,\"caption\":\"Il Principe Alberto II circondato dai membri della Famiglia Principesca e dagli chef durante il gala di chiusura del Festival des \u00c9toil\u00e9s \u00a9 Monte-Carlo Soci\u00e9t\u00e9 des Bains de Mer\"},{\"@type\":\"BreadcrumbList\",\"@id\":\"https:\\\/\\\/www.monaco-tribune.com\\\/it\\\/2025\\\/12\\\/il-principe-alberto-ii-sotto-una-pioggia-di-stelle-per-il-quinto-anniversario-del-festival-des-etoiles-monte-carlo\\\/#breadcrumb\",\"itemListElement\":[{\"@type\":\"ListItem\",\"position\":1,\"name\":\"Accueil\",\"item\":\"https:\\\/\\\/www.monaco-tribune.com\\\/it\\\/\"},{\"@type\":\"ListItem\",\"position\":2,\"name\":\"Il Principe Alberto II sotto una pioggia di stelle per il quinto anniversario del Festival des \u00c9toil\u00e9s Monte-Carlo\"}]},{\"@type\":\"WebSite\",\"@id\":\"https:\\\/\\\/www.monaco-tribune.com\\\/it\\\/#website\",\"url\":\"https:\\\/\\\/www.monaco-tribune.com\\\/it\\\/\",\"name\":\"Monaco Tribune\",\"description\":\"Monaco : actualit\u00e9s \u00e9conomiques, politiques, culturelles et sportives de Monaco et de la French Riviera.\",\"publisher\":{\"@id\":\"https:\\\/\\\/www.monaco-tribune.com\\\/it\\\/#organization\"},\"potentialAction\":[{\"@type\":\"SearchAction\",\"target\":{\"@type\":\"EntryPoint\",\"urlTemplate\":\"https:\\\/\\\/www.monaco-tribune.com\\\/it\\\/?s={search_term_string}\"},\"query-input\":{\"@type\":\"PropertyValueSpecification\",\"valueRequired\":true,\"valueName\":\"search_term_string\"}}],\"inLanguage\":\"it-IT\"},{\"@type\":\"Organization\",\"@id\":\"https:\\\/\\\/www.monaco-tribune.com\\\/it\\\/#organization\",\"name\":\"Monaco Tribune\",\"url\":\"https:\\\/\\\/www.monaco-tribune.com\\\/it\\\/\",\"logo\":{\"@type\":\"ImageObject\",\"inLanguage\":\"it-IT\",\"@id\":\"https:\\\/\\\/www.monaco-tribune.com\\\/it\\\/#\\\/schema\\\/logo\\\/image\\\/\",\"url\":\"https:\\\/\\\/www.monaco-tribune.com\\\/wp-content\\\/uploads\\\/2022\\\/11\\\/logo-monaco-tribune.png\",\"contentUrl\":\"https:\\\/\\\/www.monaco-tribune.com\\\/wp-content\\\/uploads\\\/2022\\\/11\\\/logo-monaco-tribune.png\",\"width\":1548,\"height\":600,\"caption\":\"Monaco Tribune\"},\"image\":{\"@id\":\"https:\\\/\\\/www.monaco-tribune.com\\\/it\\\/#\\\/schema\\\/logo\\\/image\\\/\"},\"sameAs\":[\"https:\\\/\\\/www.facebook.com\\\/MonacoTribune\",\"https:\\\/\\\/x.com\\\/MonacoTribune\",\"https:\\\/\\\/www.instagram.com\\\/monacotribune\\\/\",\"https:\\\/\\\/www.linkedin.com\\\/company\\\/monaco-tribune\",\"https:\\\/\\\/www.youtube.com\\\/channel\\\/UCHle1MnG6hw1y4lWKijVbMA\"]},{\"@type\":\"Person\",\"@id\":\"https:\\\/\\\/www.monaco-tribune.com\\\/it\\\/#\\\/schema\\\/person\\\/8f6ed8c063276e2397589eda5b7a2f2d\",\"name\":\"Monaco Tribune\",\"image\":{\"@type\":\"ImageObject\",\"inLanguage\":\"it-IT\",\"@id\":\"https:\\\/\\\/secure.gravatar.com\\\/avatar\\\/3010e6c5d6c8056ec1c25228fe68ea089879e5ae0de884e0247744ee988aaf6a?s=96&d=mm&r=g\",\"url\":\"https:\\\/\\\/secure.gravatar.com\\\/avatar\\\/3010e6c5d6c8056ec1c25228fe68ea089879e5ae0de884e0247744ee988aaf6a?s=96&d=mm&r=g\",\"contentUrl\":\"https:\\\/\\\/secure.gravatar.com\\\/avatar\\\/3010e6c5d6c8056ec1c25228fe68ea089879e5ae0de884e0247744ee988aaf6a?s=96&d=mm&r=g\",\"caption\":\"Monaco Tribune\"},\"url\":\"https:\\\/\\\/www.monaco-tribune.com\\\/it\\\/author\\\/monaco-tribune\\\/\"}]}<\/script>\n<!-- \/ Yoast SEO Premium plugin. -->","yoast_head_json":{"title":"Il Principe Alberto II sotto una pioggia di stelle per il quinto anniversario del Festival des \u00c9toil\u00e9s Monte-Carlo","description":"La quinta edizione del Festival des \u00c9toil\u00e9s Monte-Carlo si \u00e8 conclusa il 29 novembre con una cena di gala che ha riunito i pi\u00f9 grandi chef del gruppo SBM.","robots":{"index":"index","follow":"follow","max-snippet":"max-snippet:-1","max-image-preview":"max-image-preview:large","max-video-preview":"max-video-preview:-1"},"canonical":"https:\/\/www.monaco-tribune.com\/it\/2025\/12\/il-principe-alberto-ii-sotto-una-pioggia-di-stelle-per-il-quinto-anniversario-del-festival-des-etoiles-monte-carlo\/","og_locale":"it_IT","og_type":"article","og_title":"Il Principe Alberto II sotto una pioggia di stelle per il quinto anniversario del Festival des \u00c9toil\u00e9s Monte-Carlo - Monaco Tribune","og_description":"La quinta edizione del Festival des \u00c9toil\u00e9s Monte-Carlo si \u00e8 conclusa il 29 novembre con una cena di gala che ha riunito i pi\u00f9 grandi chef del gruppo SBM.","og_url":"https:\/\/www.monaco-tribune.com\/it\/2025\/12\/il-principe-alberto-ii-sotto-una-pioggia-di-stelle-per-il-quinto-anniversario-del-festival-des-etoiles-monte-carlo\/","og_site_name":"Monaco Tribune","article_publisher":"https:\/\/www.facebook.com\/MonacoTribune","article_published_time":"2025-12-05T15:22:54+00:00","article_modified_time":"2025-12-05T15:23:11+00:00","og_image":[{"width":1280,"height":853,"url":"https:\/\/www.monaco-tribune.com\/wp-content\/uploads\/2025\/12\/gala-de-cloture-festival-des-etoiles-monte-carlo-@monte-carlo-sbm-4-grande.jpeg","type":"image\/jpeg"}],"author":"Monaco Tribune","twitter_card":"summary_large_image","twitter_creator":"@MonacoTribune","twitter_site":"@MonacoTribune","schema":{"@context":"https:\/\/schema.org","@graph":[{"@type":"NewsArticle","@id":"https:\/\/www.monaco-tribune.com\/it\/2025\/12\/il-principe-alberto-ii-sotto-una-pioggia-di-stelle-per-il-quinto-anniversario-del-festival-des-etoiles-monte-carlo\/#article","isPartOf":{"@id":"https:\/\/www.monaco-tribune.com\/it\/2025\/12\/il-principe-alberto-ii-sotto-una-pioggia-di-stelle-per-il-quinto-anniversario-del-festival-des-etoiles-monte-carlo\/"},"author":{"name":"Monaco Tribune","@id":"https:\/\/www.monaco-tribune.com\/it\/#\/schema\/person\/8f6ed8c063276e2397589eda5b7a2f2d"},"headline":"Il Principe Alberto II sotto una pioggia di stelle per il quinto anniversario del Festival des \u00c9toil\u00e9s Monte-Carlo","datePublished":"2025-12-05T15:22:54+00:00","dateModified":"2025-12-05T15:23:11+00:00","mainEntityOfPage":{"@id":"https:\/\/www.monaco-tribune.com\/it\/2025\/12\/il-principe-alberto-ii-sotto-una-pioggia-di-stelle-per-il-quinto-anniversario-del-festival-des-etoiles-monte-carlo\/"},"wordCount":321,"publisher":{"@id":"https:\/\/www.monaco-tribune.com\/it\/#organization"},"image":{"@id":"https:\/\/www.monaco-tribune.com\/it\/2025\/12\/il-principe-alberto-ii-sotto-una-pioggia-di-stelle-per-il-quinto-anniversario-del-festival-des-etoiles-monte-carlo\/#primaryimage"},"thumbnailUrl":"https:\/\/www.monaco-tribune.com\/wp-content\/uploads\/2025\/12\/gala-de-cloture-festival-des-etoiles-monte-carlo-@monte-carlo-sbm-4-grande.jpeg","keywords":["Principe Alberto II"],"articleSection":["Cosa fare","La nostra scelta","Notizie"],"inLanguage":"it-IT","copyrightYear":"2025","copyrightHolder":{"@id":"https:\/\/www.monaco-tribune.com\/#organization"}},{"@type":"WebPage","@id":"https:\/\/www.monaco-tribune.com\/it\/2025\/12\/il-principe-alberto-ii-sotto-una-pioggia-di-stelle-per-il-quinto-anniversario-del-festival-des-etoiles-monte-carlo\/","url":"https:\/\/www.monaco-tribune.com\/it\/2025\/12\/il-principe-alberto-ii-sotto-una-pioggia-di-stelle-per-il-quinto-anniversario-del-festival-des-etoiles-monte-carlo\/","name":"Il Principe Alberto II sotto una pioggia di stelle per il quinto anniversario del Festival des \u00c9toil\u00e9s Monte-Carlo","isPartOf":{"@id":"https:\/\/www.monaco-tribune.com\/it\/#website"},"primaryImageOfPage":{"@id":"https:\/\/www.monaco-tribune.com\/it\/2025\/12\/il-principe-alberto-ii-sotto-una-pioggia-di-stelle-per-il-quinto-anniversario-del-festival-des-etoiles-monte-carlo\/#primaryimage"},"image":{"@id":"https:\/\/www.monaco-tribune.com\/it\/2025\/12\/il-principe-alberto-ii-sotto-una-pioggia-di-stelle-per-il-quinto-anniversario-del-festival-des-etoiles-monte-carlo\/#primaryimage"},"thumbnailUrl":"https:\/\/www.monaco-tribune.com\/wp-content\/uploads\/2025\/12\/gala-de-cloture-festival-des-etoiles-monte-carlo-@monte-carlo-sbm-4-grande.jpeg","datePublished":"2025-12-05T15:22:54+00:00","dateModified":"2025-12-05T15:23:11+00:00","description":"La quinta edizione del Festival des \u00c9toil\u00e9s Monte-Carlo si \u00e8 conclusa il 29 novembre con una cena di gala che ha riunito i pi\u00f9 grandi chef del gruppo SBM.","breadcrumb":{"@id":"https:\/\/www.monaco-tribune.com\/it\/2025\/12\/il-principe-alberto-ii-sotto-una-pioggia-di-stelle-per-il-quinto-anniversario-del-festival-des-etoiles-monte-carlo\/#breadcrumb"},"inLanguage":"it-IT","potentialAction":[{"@type":"ReadAction","target":["https:\/\/www.monaco-tribune.com\/it\/2025\/12\/il-principe-alberto-ii-sotto-una-pioggia-di-stelle-per-il-quinto-anniversario-del-festival-des-etoiles-monte-carlo\/"]}]},{"@type":"ImageObject","inLanguage":"it-IT","@id":"https:\/\/www.monaco-tribune.com\/it\/2025\/12\/il-principe-alberto-ii-sotto-una-pioggia-di-stelle-per-il-quinto-anniversario-del-festival-des-etoiles-monte-carlo\/#primaryimage","url":"https:\/\/www.monaco-tribune.com\/wp-content\/uploads\/2025\/12\/gala-de-cloture-festival-des-etoiles-monte-carlo-@monte-carlo-sbm-4-grande.jpeg","contentUrl":"https:\/\/www.monaco-tribune.com\/wp-content\/uploads\/2025\/12\/gala-de-cloture-festival-des-etoiles-monte-carlo-@monte-carlo-sbm-4-grande.jpeg","width":1280,"height":853,"caption":"Il Principe Alberto II circondato dai membri della Famiglia Principesca e dagli chef durante il gala di chiusura del Festival des \u00c9toil\u00e9s \u00a9 Monte-Carlo Soci\u00e9t\u00e9 des Bains de Mer"},{"@type":"BreadcrumbList","@id":"https:\/\/www.monaco-tribune.com\/it\/2025\/12\/il-principe-alberto-ii-sotto-una-pioggia-di-stelle-per-il-quinto-anniversario-del-festival-des-etoiles-monte-carlo\/#breadcrumb","itemListElement":[{"@type":"ListItem","position":1,"name":"Accueil","item":"https:\/\/www.monaco-tribune.com\/it\/"},{"@type":"ListItem","position":2,"name":"Il Principe Alberto II sotto una pioggia di stelle per il quinto anniversario del Festival des \u00c9toil\u00e9s Monte-Carlo"}]},{"@type":"WebSite","@id":"https:\/\/www.monaco-tribune.com\/it\/#website","url":"https:\/\/www.monaco-tribune.com\/it\/","name":"Monaco Tribune","description":"Monaco : actualit\u00e9s \u00e9conomiques, politiques, culturelles et sportives de Monaco et de la French Riviera.","publisher":{"@id":"https:\/\/www.monaco-tribune.com\/it\/#organization"},"potentialAction":[{"@type":"SearchAction","target":{"@type":"EntryPoint","urlTemplate":"https:\/\/www.monaco-tribune.com\/it\/?s={search_term_string}"},"query-input":{"@type":"PropertyValueSpecification","valueRequired":true,"valueName":"search_term_string"}}],"inLanguage":"it-IT"},{"@type":"Organization","@id":"https:\/\/www.monaco-tribune.com\/it\/#organization","name":"Monaco Tribune","url":"https:\/\/www.monaco-tribune.com\/it\/","logo":{"@type":"ImageObject","inLanguage":"it-IT","@id":"https:\/\/www.monaco-tribune.com\/it\/#\/schema\/logo\/image\/","url":"https:\/\/www.monaco-tribune.com\/wp-content\/uploads\/2022\/11\/logo-monaco-tribune.png","contentUrl":"https:\/\/www.monaco-tribune.com\/wp-content\/uploads\/2022\/11\/logo-monaco-tribune.png","width":1548,"height":600,"caption":"Monaco Tribune"},"image":{"@id":"https:\/\/www.monaco-tribune.com\/it\/#\/schema\/logo\/image\/"},"sameAs":["https:\/\/www.facebook.com\/MonacoTribune","https:\/\/x.com\/MonacoTribune","https:\/\/www.instagram.com\/monacotribune\/","https:\/\/www.linkedin.com\/company\/monaco-tribune","https:\/\/www.youtube.com\/channel\/UCHle1MnG6hw1y4lWKijVbMA"]},{"@type":"Person","@id":"https:\/\/www.monaco-tribune.com\/it\/#\/schema\/person\/8f6ed8c063276e2397589eda5b7a2f2d","name":"Monaco Tribune","image":{"@type":"ImageObject","inLanguage":"it-IT","@id":"https:\/\/secure.gravatar.com\/avatar\/3010e6c5d6c8056ec1c25228fe68ea089879e5ae0de884e0247744ee988aaf6a?s=96&d=mm&r=g","url":"https:\/\/secure.gravatar.com\/avatar\/3010e6c5d6c8056ec1c25228fe68ea089879e5ae0de884e0247744ee988aaf6a?s=96&d=mm&r=g","contentUrl":"https:\/\/secure.gravatar.com\/avatar\/3010e6c5d6c8056ec1c25228fe68ea089879e5ae0de884e0247744ee988aaf6a?s=96&d=mm&r=g","caption":"Monaco Tribune"},"url":"https:\/\/www.monaco-tribune.com\/it\/author\/monaco-tribune\/"}]}},"_links":{"self":[{"href":"https:\/\/www.monaco-tribune.com\/it\/wp-json\/wp\/v2\/posts\/329253","targetHints":{"allow":["GET"]}}],"collection":[{"href":"https:\/\/www.monaco-tribune.com\/it\/wp-json\/wp\/v2\/posts"}],"about":[{"href":"https:\/\/www.monaco-tribune.com\/it\/wp-json\/wp\/v2\/types\/post"}],"author":[{"embeddable":true,"href":"https:\/\/www.monaco-tribune.com\/it\/wp-json\/wp\/v2\/users\/21"}],"replies":[{"embeddable":true,"href":"https:\/\/www.monaco-tribune.com\/it\/wp-json\/wp\/v2\/comments?post=329253"}],"version-history":[{"count":3,"href":"https:\/\/www.monaco-tribune.com\/it\/wp-json\/wp\/v2\/posts\/329253\/revisions"}],"predecessor-version":[{"id":329256,"href":"https:\/\/www.monaco-tribune.com\/it\/wp-json\/wp\/v2\/posts\/329253\/revisions\/329256"}],"wp:featuredmedia":[{"embeddable":true,"href":"https:\/\/www.monaco-tribune.com\/it\/wp-json\/wp\/v2\/media\/328763"}],"wp:attachment":[{"href":"https:\/\/www.monaco-tribune.com\/it\/wp-json\/wp\/v2\/media?parent=329253"}],"wp:term":[{"taxonomy":"category","embeddable":true,"href":"https:\/\/www.monaco-tribune.com\/it\/wp-json\/wp\/v2\/categories?post=329253"},{"taxonomy":"post_tag","embeddable":true,"href":"https:\/\/www.monaco-tribune.com\/it\/wp-json\/wp\/v2\/tags?post=329253"},{"taxonomy":"sectag","embeddable":true,"href":"https:\/\/www.monaco-tribune.com\/it\/wp-json\/wp\/v2\/post_sectags?post=329253"},{"taxonomy":"format","embeddable":true,"href":"https:\/\/www.monaco-tribune.com\/it\/wp-json\/wp\/v2\/post_format?post=329253"}],"curies":[{"name":"wp","href":"https:\/\/api.w.org\/{rel}","templated":true}]}}