{"id":329441,"date":"2025-12-08T10:51:01","date_gmt":"2025-12-08T08:51:01","guid":{"rendered":"https:\/\/www.monaco-tribune.com\/2025\/12\/la-famiglia-principesca-di-monaco-svela-il-suo-biglietto-di-auguri-con-un-invitato-a-quattro-zampe-a-sorpresa\/"},"modified":"2026-01-06T13:22:07","modified_gmt":"2026-01-06T11:22:07","slug":"la-famiglia-principesca-di-monaco-svela-il-suo-biglietto-di-auguri-con-un-invitato-a-quattro-zampe-a-sorpresa","status":"publish","type":"post","link":"https:\/\/www.monaco-tribune.com\/it\/2025\/12\/la-famiglia-principesca-di-monaco-svela-il-suo-biglietto-di-auguri-con-un-invitato-a-quattro-zampe-a-sorpresa\/","title":{"rendered":"La Famiglia Principesca di Monaco svela il suo biglietto di auguri con un invitato a quattro zampe a sorpresa"},"content":{"rendered":"\n<p><strong>Domenica 7 dicembre, il Principe Alberto II, la Principessa Charl\u00e8ne e i gemelli Jacques e Gabriella hanno condiviso la loro tradizionale foto di Natale, quest&#8217;anno con la speciale comparsa di Harley, il fedele amico a quattro zampe della Principessa Charl\u00e8ne.<\/strong><\/p>\n\n<p>Sull&#8217;account Facebook ufficiale del Palazzo del Principe di Monaco, la Famiglia Principesca ha svelato il suo biglietto di auguri in un&#8217;atmosfera colma di dolcezza ed eleganza. &#8220;La Famiglia Principesca \u00e8 lieta di condividere con voi la propria cartolina di auguri&#8221;, recita la didascalia pubblicata in francese, inglese, italiano e anche in <a href=\"https:\/\/www.monaco-tribune.com\/it\/2025\/09\/imparare-il-monegasco-una-guida-pratica-alla-lingua-del-principato\/\">monegasco<\/a>: &#8220;A Famiya principesca gh\u2019\u00e0 u piej\u00e8 de spart\u00ec cun vui a so\u2019 cartulina d\u2019aug\u00fcri&#8221;.<\/p>\n<div class=\"wp-block-image\">\n<figure class=\"aligncenter size-large is-resized\"><img loading=\"lazy\" decoding=\"async\" width=\"768\" height=\"1024\" src=\"https:\/\/www.monaco-tribune.com\/wp-content\/uploads\/2025\/12\/carte-de-voeux-famille-princiere-de-monaco-768x1024.jpg\" alt=\"\" class=\"wp-image-329424\" style=\"width:767px;height:auto\" srcset=\"https:\/\/www.monaco-tribune.com\/wp-content\/uploads\/2025\/12\/carte-de-voeux-famille-princiere-de-monaco-768x1024.jpg 768w, https:\/\/www.monaco-tribune.com\/wp-content\/uploads\/2025\/12\/carte-de-voeux-famille-princiere-de-monaco-225x300.jpg 225w, https:\/\/www.monaco-tribune.com\/wp-content\/uploads\/2025\/12\/carte-de-voeux-famille-princiere-de-monaco.jpg 1536w\" sizes=\"auto, (max-width: 768px) 100vw, 768px\" \/><figcaption class=\"wp-element-caption\"><em>Il biglietto di auguri ufficiale della Famiglia Principesca di Monaco \u00a9 Vanessa von Zitzewitz \/ Palazzo del Principe<\/em><\/figcaption><\/figure>\n<\/div>\n<p>In un salone decorato a festa, con caminetto scoppiettante, ghirlande luminose e un maestoso albero di Natale adornato con palline blu notte e oro, la coppia principesca e i loro figli posano in un&#8217;atmosfera decisamente natalizia. Seduta su un divano di velluto blu, la Principessa Charl\u00e8ne appare radiosa in un lungo abito grigio plissettato.<\/p>\n\n<h2 class=\"wp-block-heading\" id=\"h-harley-l-invite-surprise-qui-vole-la-vedette\"><strong>Harley, l&#8217;ospite a sorpresa che ruba la scena<\/strong><\/h2>\n\n<p>Fedele compagno che la Principessa Charl\u00e8ne non lascia quasi mai, il chihuahua Harley si \u00e8 intrufolato tra la padrona e la principessa Gabriella per fare la sua comparsa sul biglietto di auguri. Il cagnolino aveva di recente <a href=\"https:\/\/www.monaco-tribune.com\/it\/2025\/11\/rokethon-la-principessa-charlene-e-harley-complici-in-una-domenica-solidale\/\">fatto scalpore al Rokethon<\/a>, una giornata di solidariet\u00e0 in cui aveva accompagnato la Principessa Charl\u00e8ne, confermando cos\u00ec il suo status di membro a pieno titolo della famiglia.<\/p>\n\n<blockquote class=\"wp-embedded-content\" data-secret=\"cshJyK0EmO\"><a href=\"https:\/\/www.monaco-tribune.com\/it\/2025\/12\/la-famiglia-principesca-accende-la-magia-del-natale-a-monte-carlo-con-uno-spettacolo-di-luci\/\">La Famiglia Principesca accende la magia del Natale a Monte Carlo con uno spettacolo di luci<\/a><\/blockquote><iframe class=\"wp-embedded-content\" sandbox=\"allow-scripts\" security=\"restricted\" style=\"position: absolute; visibility: hidden;\" title=\"&#8220;La Famiglia Principesca accende la magia del Natale a Monte Carlo con uno spettacolo di luci&#8221; &#8212; Monaco Tribune\" src=\"https:\/\/www.monaco-tribune.com\/it\/2025\/12\/la-famiglia-principesca-accende-la-magia-del-natale-a-monte-carlo-con-uno-spettacolo-di-luci\/embed\/#?secret=jP3BrDEmpN#?secret=cshJyK0EmO\" data-secret=\"cshJyK0EmO\" width=\"500\" height=\"282\" frameborder=\"0\" marginwidth=\"0\" marginheight=\"0\" scrolling=\"no\"><\/iframe>\n\n<h2 class=\"wp-block-heading\" id=\"h-l-oeil-expert-de-vanessa-von-zitzewitz\"><strong>L&#8217;occhio esperto di Vanessa von Zitzewitz<\/strong><\/h2>\n\n<p>La fotografia porta la firma di Vanessa von Zitzewitz, fotografa tedesca residente nel Principato. Colei che ha immortalato Michael Schumacher e collaborato pi\u00f9 volte con la Famiglia Principesca aveva gi\u00e0 realizzato una serie di ritratti molto apprezzati con la Principessa Charl\u00e8ne, uno dei quali pubblicato sul suo profilo Instagram. Il Principe Alberto II aveva inoltre elogiato il suo lavoro in occasione della mostra dedicata al pilota tedesco nel 2023 presso Sotheby&#8217;s Monaco.<\/p>\n\n<p>Questo biglietto di auguri arriva pochi giorni prima dell&#8217;undicesimo compleanno dei gemelli reali, che festeggeranno gli anni il 10 dicembre.<\/p>\n","protected":false},"excerpt":{"rendered":"<p>Domenica 7 dicembre, il Principe Alberto II, la Principessa Charl\u00e8ne e i gemelli Jacques e Gabriella hanno condiviso la loro [&hellip;]<\/p>\n","protected":false},"author":21,"featured_media":329431,"comment_status":"closed","ping_status":"closed","sticky":false,"template":"","format":"standard","meta":{"_acf_changed":false,"footnotes":""},"categories":[1742,1826,1738],"tags":[2986],"post_sectags":[],"post_format":[2474],"class_list":["post-329441","post","type-post","status-publish","format-standard","has-post-thumbnail","hentry","category-famiglia-principesca","category-la-nostra-scelta","category-notizie","tag-principe-alberto-ii","format-foto"],"acf":[],"yoast_head":"<!-- This site is optimized with the Yoast SEO Premium plugin v26.8 (Yoast SEO v27.5) - https:\/\/yoast.com\/product\/yoast-seo-premium-wordpress\/ -->\n<title>La Famiglia Principesca di Monaco svela il suo biglietto di auguri con un invitato a quattro zampe a sorpresa<\/title>\n<meta name=\"description\" content=\"Domenica 7 dicembre, il Principe Alberto II, la Principessa Charl\u00e8ne e i gemelli Jacques e Gabriella hanno condiviso la loro tradizionale foto di Natale,\" \/>\n<meta name=\"robots\" content=\"index, follow, max-snippet:-1, max-image-preview:large, max-video-preview:-1\" \/>\n<link rel=\"canonical\" href=\"https:\/\/www.monaco-tribune.com\/it\/2025\/12\/la-famiglia-principesca-di-monaco-svela-il-suo-biglietto-di-auguri-con-un-invitato-a-quattro-zampe-a-sorpresa\/\" \/>\n<meta property=\"og:locale\" content=\"it_IT\" \/>\n<meta property=\"og:type\" content=\"article\" \/>\n<meta property=\"og:title\" content=\"La Famiglia Principesca di Monaco svela il suo biglietto di auguri con un invitato a quattro zampe a sorpresa - Monaco Tribune\" \/>\n<meta property=\"og:description\" content=\"Domenica 7 dicembre, il Principe Alberto II, la Principessa Charl\u00e8ne e i gemelli Jacques e Gabriella hanno condiviso la loro tradizionale foto di Natale,\" \/>\n<meta property=\"og:url\" content=\"https:\/\/www.monaco-tribune.com\/it\/2025\/12\/la-famiglia-principesca-di-monaco-svela-il-suo-biglietto-di-auguri-con-un-invitato-a-quattro-zampe-a-sorpresa\/\" \/>\n<meta property=\"og:site_name\" content=\"Monaco Tribune\" \/>\n<meta property=\"article:publisher\" content=\"https:\/\/www.facebook.com\/MonacoTribune\" \/>\n<meta property=\"article:published_time\" content=\"2025-12-08T08:51:01+00:00\" \/>\n<meta property=\"article:modified_time\" content=\"2026-01-06T11:22:07+00:00\" \/>\n<meta property=\"og:image\" content=\"https:\/\/www.monaco-tribune.com\/wp-content\/uploads\/2025\/12\/carte-de-voeux-famille-princiere-de-monaco-1.jpg\" \/>\n\t<meta property=\"og:image:width\" content=\"1536\" \/>\n\t<meta property=\"og:image:height\" content=\"895\" \/>\n\t<meta property=\"og:image:type\" content=\"image\/jpeg\" \/>\n<meta name=\"author\" content=\"Monaco Tribune\" \/>\n<meta name=\"twitter:card\" content=\"summary_large_image\" \/>\n<meta name=\"twitter:creator\" content=\"@MonacoTribune\" \/>\n<meta name=\"twitter:site\" content=\"@MonacoTribune\" \/>\n<script type=\"application\/ld+json\" class=\"yoast-schema-graph\">{\"@context\":\"https:\\\/\\\/schema.org\",\"@graph\":[{\"@type\":\"NewsArticle\",\"@id\":\"https:\\\/\\\/www.monaco-tribune.com\\\/it\\\/2025\\\/12\\\/la-famiglia-principesca-di-monaco-svela-il-suo-biglietto-di-auguri-con-un-invitato-a-quattro-zampe-a-sorpresa\\\/#article\",\"isPartOf\":{\"@id\":\"https:\\\/\\\/www.monaco-tribune.com\\\/it\\\/2025\\\/12\\\/la-famiglia-principesca-di-monaco-svela-il-suo-biglietto-di-auguri-con-un-invitato-a-quattro-zampe-a-sorpresa\\\/\"},\"author\":{\"name\":\"Monaco Tribune\",\"@id\":\"https:\\\/\\\/www.monaco-tribune.com\\\/it\\\/#\\\/schema\\\/person\\\/8f6ed8c063276e2397589eda5b7a2f2d\"},\"headline\":\"La Famiglia Principesca di Monaco svela il suo biglietto di auguri con un invitato a quattro zampe a sorpresa\",\"datePublished\":\"2025-12-08T08:51:01+00:00\",\"dateModified\":\"2026-01-06T11:22:07+00:00\",\"mainEntityOfPage\":{\"@id\":\"https:\\\/\\\/www.monaco-tribune.com\\\/it\\\/2025\\\/12\\\/la-famiglia-principesca-di-monaco-svela-il-suo-biglietto-di-auguri-con-un-invitato-a-quattro-zampe-a-sorpresa\\\/\"},\"wordCount\":382,\"publisher\":{\"@id\":\"https:\\\/\\\/www.monaco-tribune.com\\\/it\\\/#organization\"},\"image\":{\"@id\":\"https:\\\/\\\/www.monaco-tribune.com\\\/it\\\/2025\\\/12\\\/la-famiglia-principesca-di-monaco-svela-il-suo-biglietto-di-auguri-con-un-invitato-a-quattro-zampe-a-sorpresa\\\/#primaryimage\"},\"thumbnailUrl\":\"https:\\\/\\\/www.monaco-tribune.com\\\/wp-content\\\/uploads\\\/2025\\\/12\\\/carte-de-voeux-famille-princiere-de-monaco-1.jpg\",\"keywords\":[\"Principe Alberto II\"],\"articleSection\":[\"Famiglia Principesca\",\"La nostra scelta\",\"Notizie\"],\"inLanguage\":\"it-IT\",\"copyrightYear\":\"2025\",\"copyrightHolder\":{\"@id\":\"https:\\\/\\\/www.monaco-tribune.com\\\/#organization\"}},{\"@type\":\"WebPage\",\"@id\":\"https:\\\/\\\/www.monaco-tribune.com\\\/it\\\/2025\\\/12\\\/la-famiglia-principesca-di-monaco-svela-il-suo-biglietto-di-auguri-con-un-invitato-a-quattro-zampe-a-sorpresa\\\/\",\"url\":\"https:\\\/\\\/www.monaco-tribune.com\\\/it\\\/2025\\\/12\\\/la-famiglia-principesca-di-monaco-svela-il-suo-biglietto-di-auguri-con-un-invitato-a-quattro-zampe-a-sorpresa\\\/\",\"name\":\"La Famiglia Principesca di Monaco svela il suo biglietto di auguri con un invitato a quattro zampe a sorpresa\",\"isPartOf\":{\"@id\":\"https:\\\/\\\/www.monaco-tribune.com\\\/it\\\/#website\"},\"primaryImageOfPage\":{\"@id\":\"https:\\\/\\\/www.monaco-tribune.com\\\/it\\\/2025\\\/12\\\/la-famiglia-principesca-di-monaco-svela-il-suo-biglietto-di-auguri-con-un-invitato-a-quattro-zampe-a-sorpresa\\\/#primaryimage\"},\"image\":{\"@id\":\"https:\\\/\\\/www.monaco-tribune.com\\\/it\\\/2025\\\/12\\\/la-famiglia-principesca-di-monaco-svela-il-suo-biglietto-di-auguri-con-un-invitato-a-quattro-zampe-a-sorpresa\\\/#primaryimage\"},\"thumbnailUrl\":\"https:\\\/\\\/www.monaco-tribune.com\\\/wp-content\\\/uploads\\\/2025\\\/12\\\/carte-de-voeux-famille-princiere-de-monaco-1.jpg\",\"datePublished\":\"2025-12-08T08:51:01+00:00\",\"dateModified\":\"2026-01-06T11:22:07+00:00\",\"description\":\"Domenica 7 dicembre, il Principe Alberto II, la Principessa Charl\u00e8ne e i gemelli Jacques e Gabriella hanno condiviso la loro tradizionale foto di Natale,\",\"breadcrumb\":{\"@id\":\"https:\\\/\\\/www.monaco-tribune.com\\\/it\\\/2025\\\/12\\\/la-famiglia-principesca-di-monaco-svela-il-suo-biglietto-di-auguri-con-un-invitato-a-quattro-zampe-a-sorpresa\\\/#breadcrumb\"},\"inLanguage\":\"it-IT\",\"potentialAction\":[{\"@type\":\"ReadAction\",\"target\":[\"https:\\\/\\\/www.monaco-tribune.com\\\/it\\\/2025\\\/12\\\/la-famiglia-principesca-di-monaco-svela-il-suo-biglietto-di-auguri-con-un-invitato-a-quattro-zampe-a-sorpresa\\\/\"]}]},{\"@type\":\"ImageObject\",\"inLanguage\":\"it-IT\",\"@id\":\"https:\\\/\\\/www.monaco-tribune.com\\\/it\\\/2025\\\/12\\\/la-famiglia-principesca-di-monaco-svela-il-suo-biglietto-di-auguri-con-un-invitato-a-quattro-zampe-a-sorpresa\\\/#primaryimage\",\"url\":\"https:\\\/\\\/www.monaco-tribune.com\\\/wp-content\\\/uploads\\\/2025\\\/12\\\/carte-de-voeux-famille-princiere-de-monaco-1.jpg\",\"contentUrl\":\"https:\\\/\\\/www.monaco-tribune.com\\\/wp-content\\\/uploads\\\/2025\\\/12\\\/carte-de-voeux-famille-princiere-de-monaco-1.jpg\",\"width\":1536,\"height\":895,\"caption\":\"Il Principe Alberto II, la Principessa Charl\u00e8ne, il Principe ereditario Jacques e la Principessa Gabriella posano per il loro biglietto di auguri, insieme ad Harley, il fedele chihuahua della Principessa \u00a9 Vanessa von Zitzewitz \\\/ Palazzo del Principe\"},{\"@type\":\"BreadcrumbList\",\"@id\":\"https:\\\/\\\/www.monaco-tribune.com\\\/it\\\/2025\\\/12\\\/la-famiglia-principesca-di-monaco-svela-il-suo-biglietto-di-auguri-con-un-invitato-a-quattro-zampe-a-sorpresa\\\/#breadcrumb\",\"itemListElement\":[{\"@type\":\"ListItem\",\"position\":1,\"name\":\"Accueil\",\"item\":\"https:\\\/\\\/www.monaco-tribune.com\\\/it\\\/\"},{\"@type\":\"ListItem\",\"position\":2,\"name\":\"La Famiglia Principesca di Monaco svela il suo biglietto di auguri con un invitato a quattro zampe a sorpresa\"}]},{\"@type\":\"WebSite\",\"@id\":\"https:\\\/\\\/www.monaco-tribune.com\\\/it\\\/#website\",\"url\":\"https:\\\/\\\/www.monaco-tribune.com\\\/it\\\/\",\"name\":\"Monaco Tribune\",\"description\":\"Monaco : actualit\u00e9s \u00e9conomiques, politiques, culturelles et sportives de Monaco et de la French Riviera.\",\"publisher\":{\"@id\":\"https:\\\/\\\/www.monaco-tribune.com\\\/it\\\/#organization\"},\"potentialAction\":[{\"@type\":\"SearchAction\",\"target\":{\"@type\":\"EntryPoint\",\"urlTemplate\":\"https:\\\/\\\/www.monaco-tribune.com\\\/it\\\/?s={search_term_string}\"},\"query-input\":{\"@type\":\"PropertyValueSpecification\",\"valueRequired\":true,\"valueName\":\"search_term_string\"}}],\"inLanguage\":\"it-IT\"},{\"@type\":\"Organization\",\"@id\":\"https:\\\/\\\/www.monaco-tribune.com\\\/it\\\/#organization\",\"name\":\"Monaco Tribune\",\"url\":\"https:\\\/\\\/www.monaco-tribune.com\\\/it\\\/\",\"logo\":{\"@type\":\"ImageObject\",\"inLanguage\":\"it-IT\",\"@id\":\"https:\\\/\\\/www.monaco-tribune.com\\\/it\\\/#\\\/schema\\\/logo\\\/image\\\/\",\"url\":\"https:\\\/\\\/www.monaco-tribune.com\\\/wp-content\\\/uploads\\\/2022\\\/11\\\/logo-monaco-tribune.png\",\"contentUrl\":\"https:\\\/\\\/www.monaco-tribune.com\\\/wp-content\\\/uploads\\\/2022\\\/11\\\/logo-monaco-tribune.png\",\"width\":1548,\"height\":600,\"caption\":\"Monaco Tribune\"},\"image\":{\"@id\":\"https:\\\/\\\/www.monaco-tribune.com\\\/it\\\/#\\\/schema\\\/logo\\\/image\\\/\"},\"sameAs\":[\"https:\\\/\\\/www.facebook.com\\\/MonacoTribune\",\"https:\\\/\\\/x.com\\\/MonacoTribune\",\"https:\\\/\\\/www.instagram.com\\\/monacotribune\\\/\",\"https:\\\/\\\/www.linkedin.com\\\/company\\\/monaco-tribune\",\"https:\\\/\\\/www.youtube.com\\\/channel\\\/UCHle1MnG6hw1y4lWKijVbMA\"]},{\"@type\":\"Person\",\"@id\":\"https:\\\/\\\/www.monaco-tribune.com\\\/it\\\/#\\\/schema\\\/person\\\/8f6ed8c063276e2397589eda5b7a2f2d\",\"name\":\"Monaco Tribune\",\"image\":{\"@type\":\"ImageObject\",\"inLanguage\":\"it-IT\",\"@id\":\"https:\\\/\\\/secure.gravatar.com\\\/avatar\\\/3010e6c5d6c8056ec1c25228fe68ea089879e5ae0de884e0247744ee988aaf6a?s=96&d=mm&r=g\",\"url\":\"https:\\\/\\\/secure.gravatar.com\\\/avatar\\\/3010e6c5d6c8056ec1c25228fe68ea089879e5ae0de884e0247744ee988aaf6a?s=96&d=mm&r=g\",\"contentUrl\":\"https:\\\/\\\/secure.gravatar.com\\\/avatar\\\/3010e6c5d6c8056ec1c25228fe68ea089879e5ae0de884e0247744ee988aaf6a?s=96&d=mm&r=g\",\"caption\":\"Monaco Tribune\"},\"url\":\"https:\\\/\\\/www.monaco-tribune.com\\\/it\\\/author\\\/monaco-tribune\\\/\"}]}<\/script>\n<!-- \/ Yoast SEO Premium plugin. -->","yoast_head_json":{"title":"La Famiglia Principesca di Monaco svela il suo biglietto di auguri con un invitato a quattro zampe a sorpresa","description":"Domenica 7 dicembre, il Principe Alberto II, la Principessa Charl\u00e8ne e i gemelli Jacques e Gabriella hanno condiviso la loro tradizionale foto di Natale,","robots":{"index":"index","follow":"follow","max-snippet":"max-snippet:-1","max-image-preview":"max-image-preview:large","max-video-preview":"max-video-preview:-1"},"canonical":"https:\/\/www.monaco-tribune.com\/it\/2025\/12\/la-famiglia-principesca-di-monaco-svela-il-suo-biglietto-di-auguri-con-un-invitato-a-quattro-zampe-a-sorpresa\/","og_locale":"it_IT","og_type":"article","og_title":"La Famiglia Principesca di Monaco svela il suo biglietto di auguri con un invitato a quattro zampe a sorpresa - Monaco Tribune","og_description":"Domenica 7 dicembre, il Principe Alberto II, la Principessa Charl\u00e8ne e i gemelli Jacques e Gabriella hanno condiviso la loro tradizionale foto di Natale,","og_url":"https:\/\/www.monaco-tribune.com\/it\/2025\/12\/la-famiglia-principesca-di-monaco-svela-il-suo-biglietto-di-auguri-con-un-invitato-a-quattro-zampe-a-sorpresa\/","og_site_name":"Monaco Tribune","article_publisher":"https:\/\/www.facebook.com\/MonacoTribune","article_published_time":"2025-12-08T08:51:01+00:00","article_modified_time":"2026-01-06T11:22:07+00:00","og_image":[{"width":1536,"height":895,"url":"https:\/\/www.monaco-tribune.com\/wp-content\/uploads\/2025\/12\/carte-de-voeux-famille-princiere-de-monaco-1.jpg","type":"image\/jpeg"}],"author":"Monaco Tribune","twitter_card":"summary_large_image","twitter_creator":"@MonacoTribune","twitter_site":"@MonacoTribune","schema":{"@context":"https:\/\/schema.org","@graph":[{"@type":"NewsArticle","@id":"https:\/\/www.monaco-tribune.com\/it\/2025\/12\/la-famiglia-principesca-di-monaco-svela-il-suo-biglietto-di-auguri-con-un-invitato-a-quattro-zampe-a-sorpresa\/#article","isPartOf":{"@id":"https:\/\/www.monaco-tribune.com\/it\/2025\/12\/la-famiglia-principesca-di-monaco-svela-il-suo-biglietto-di-auguri-con-un-invitato-a-quattro-zampe-a-sorpresa\/"},"author":{"name":"Monaco Tribune","@id":"https:\/\/www.monaco-tribune.com\/it\/#\/schema\/person\/8f6ed8c063276e2397589eda5b7a2f2d"},"headline":"La Famiglia Principesca di Monaco svela il suo biglietto di auguri con un invitato a quattro zampe a sorpresa","datePublished":"2025-12-08T08:51:01+00:00","dateModified":"2026-01-06T11:22:07+00:00","mainEntityOfPage":{"@id":"https:\/\/www.monaco-tribune.com\/it\/2025\/12\/la-famiglia-principesca-di-monaco-svela-il-suo-biglietto-di-auguri-con-un-invitato-a-quattro-zampe-a-sorpresa\/"},"wordCount":382,"publisher":{"@id":"https:\/\/www.monaco-tribune.com\/it\/#organization"},"image":{"@id":"https:\/\/www.monaco-tribune.com\/it\/2025\/12\/la-famiglia-principesca-di-monaco-svela-il-suo-biglietto-di-auguri-con-un-invitato-a-quattro-zampe-a-sorpresa\/#primaryimage"},"thumbnailUrl":"https:\/\/www.monaco-tribune.com\/wp-content\/uploads\/2025\/12\/carte-de-voeux-famille-princiere-de-monaco-1.jpg","keywords":["Principe Alberto II"],"articleSection":["Famiglia Principesca","La nostra scelta","Notizie"],"inLanguage":"it-IT","copyrightYear":"2025","copyrightHolder":{"@id":"https:\/\/www.monaco-tribune.com\/#organization"}},{"@type":"WebPage","@id":"https:\/\/www.monaco-tribune.com\/it\/2025\/12\/la-famiglia-principesca-di-monaco-svela-il-suo-biglietto-di-auguri-con-un-invitato-a-quattro-zampe-a-sorpresa\/","url":"https:\/\/www.monaco-tribune.com\/it\/2025\/12\/la-famiglia-principesca-di-monaco-svela-il-suo-biglietto-di-auguri-con-un-invitato-a-quattro-zampe-a-sorpresa\/","name":"La Famiglia Principesca di Monaco svela il suo biglietto di auguri con un invitato a quattro zampe a sorpresa","isPartOf":{"@id":"https:\/\/www.monaco-tribune.com\/it\/#website"},"primaryImageOfPage":{"@id":"https:\/\/www.monaco-tribune.com\/it\/2025\/12\/la-famiglia-principesca-di-monaco-svela-il-suo-biglietto-di-auguri-con-un-invitato-a-quattro-zampe-a-sorpresa\/#primaryimage"},"image":{"@id":"https:\/\/www.monaco-tribune.com\/it\/2025\/12\/la-famiglia-principesca-di-monaco-svela-il-suo-biglietto-di-auguri-con-un-invitato-a-quattro-zampe-a-sorpresa\/#primaryimage"},"thumbnailUrl":"https:\/\/www.monaco-tribune.com\/wp-content\/uploads\/2025\/12\/carte-de-voeux-famille-princiere-de-monaco-1.jpg","datePublished":"2025-12-08T08:51:01+00:00","dateModified":"2026-01-06T11:22:07+00:00","description":"Domenica 7 dicembre, il Principe Alberto II, la Principessa Charl\u00e8ne e i gemelli Jacques e Gabriella hanno condiviso la loro tradizionale foto di Natale,","breadcrumb":{"@id":"https:\/\/www.monaco-tribune.com\/it\/2025\/12\/la-famiglia-principesca-di-monaco-svela-il-suo-biglietto-di-auguri-con-un-invitato-a-quattro-zampe-a-sorpresa\/#breadcrumb"},"inLanguage":"it-IT","potentialAction":[{"@type":"ReadAction","target":["https:\/\/www.monaco-tribune.com\/it\/2025\/12\/la-famiglia-principesca-di-monaco-svela-il-suo-biglietto-di-auguri-con-un-invitato-a-quattro-zampe-a-sorpresa\/"]}]},{"@type":"ImageObject","inLanguage":"it-IT","@id":"https:\/\/www.monaco-tribune.com\/it\/2025\/12\/la-famiglia-principesca-di-monaco-svela-il-suo-biglietto-di-auguri-con-un-invitato-a-quattro-zampe-a-sorpresa\/#primaryimage","url":"https:\/\/www.monaco-tribune.com\/wp-content\/uploads\/2025\/12\/carte-de-voeux-famille-princiere-de-monaco-1.jpg","contentUrl":"https:\/\/www.monaco-tribune.com\/wp-content\/uploads\/2025\/12\/carte-de-voeux-famille-princiere-de-monaco-1.jpg","width":1536,"height":895,"caption":"Il Principe Alberto II, la Principessa Charl\u00e8ne, il Principe ereditario Jacques e la Principessa Gabriella posano per il loro biglietto di auguri, insieme ad Harley, il fedele chihuahua della Principessa \u00a9 Vanessa von Zitzewitz \/ Palazzo del Principe"},{"@type":"BreadcrumbList","@id":"https:\/\/www.monaco-tribune.com\/it\/2025\/12\/la-famiglia-principesca-di-monaco-svela-il-suo-biglietto-di-auguri-con-un-invitato-a-quattro-zampe-a-sorpresa\/#breadcrumb","itemListElement":[{"@type":"ListItem","position":1,"name":"Accueil","item":"https:\/\/www.monaco-tribune.com\/it\/"},{"@type":"ListItem","position":2,"name":"La Famiglia Principesca di Monaco svela il suo biglietto di auguri con un invitato a quattro zampe a sorpresa"}]},{"@type":"WebSite","@id":"https:\/\/www.monaco-tribune.com\/it\/#website","url":"https:\/\/www.monaco-tribune.com\/it\/","name":"Monaco Tribune","description":"Monaco : actualit\u00e9s \u00e9conomiques, politiques, culturelles et sportives de Monaco et de la French Riviera.","publisher":{"@id":"https:\/\/www.monaco-tribune.com\/it\/#organization"},"potentialAction":[{"@type":"SearchAction","target":{"@type":"EntryPoint","urlTemplate":"https:\/\/www.monaco-tribune.com\/it\/?s={search_term_string}"},"query-input":{"@type":"PropertyValueSpecification","valueRequired":true,"valueName":"search_term_string"}}],"inLanguage":"it-IT"},{"@type":"Organization","@id":"https:\/\/www.monaco-tribune.com\/it\/#organization","name":"Monaco Tribune","url":"https:\/\/www.monaco-tribune.com\/it\/","logo":{"@type":"ImageObject","inLanguage":"it-IT","@id":"https:\/\/www.monaco-tribune.com\/it\/#\/schema\/logo\/image\/","url":"https:\/\/www.monaco-tribune.com\/wp-content\/uploads\/2022\/11\/logo-monaco-tribune.png","contentUrl":"https:\/\/www.monaco-tribune.com\/wp-content\/uploads\/2022\/11\/logo-monaco-tribune.png","width":1548,"height":600,"caption":"Monaco Tribune"},"image":{"@id":"https:\/\/www.monaco-tribune.com\/it\/#\/schema\/logo\/image\/"},"sameAs":["https:\/\/www.facebook.com\/MonacoTribune","https:\/\/x.com\/MonacoTribune","https:\/\/www.instagram.com\/monacotribune\/","https:\/\/www.linkedin.com\/company\/monaco-tribune","https:\/\/www.youtube.com\/channel\/UCHle1MnG6hw1y4lWKijVbMA"]},{"@type":"Person","@id":"https:\/\/www.monaco-tribune.com\/it\/#\/schema\/person\/8f6ed8c063276e2397589eda5b7a2f2d","name":"Monaco Tribune","image":{"@type":"ImageObject","inLanguage":"it-IT","@id":"https:\/\/secure.gravatar.com\/avatar\/3010e6c5d6c8056ec1c25228fe68ea089879e5ae0de884e0247744ee988aaf6a?s=96&d=mm&r=g","url":"https:\/\/secure.gravatar.com\/avatar\/3010e6c5d6c8056ec1c25228fe68ea089879e5ae0de884e0247744ee988aaf6a?s=96&d=mm&r=g","contentUrl":"https:\/\/secure.gravatar.com\/avatar\/3010e6c5d6c8056ec1c25228fe68ea089879e5ae0de884e0247744ee988aaf6a?s=96&d=mm&r=g","caption":"Monaco Tribune"},"url":"https:\/\/www.monaco-tribune.com\/it\/author\/monaco-tribune\/"}]}},"_links":{"self":[{"href":"https:\/\/www.monaco-tribune.com\/it\/wp-json\/wp\/v2\/posts\/329441","targetHints":{"allow":["GET"]}}],"collection":[{"href":"https:\/\/www.monaco-tribune.com\/it\/wp-json\/wp\/v2\/posts"}],"about":[{"href":"https:\/\/www.monaco-tribune.com\/it\/wp-json\/wp\/v2\/types\/post"}],"author":[{"embeddable":true,"href":"https:\/\/www.monaco-tribune.com\/it\/wp-json\/wp\/v2\/users\/21"}],"replies":[{"embeddable":true,"href":"https:\/\/www.monaco-tribune.com\/it\/wp-json\/wp\/v2\/comments?post=329441"}],"version-history":[{"count":3,"href":"https:\/\/www.monaco-tribune.com\/it\/wp-json\/wp\/v2\/posts\/329441\/revisions"}],"predecessor-version":[{"id":329444,"href":"https:\/\/www.monaco-tribune.com\/it\/wp-json\/wp\/v2\/posts\/329441\/revisions\/329444"}],"wp:featuredmedia":[{"embeddable":true,"href":"https:\/\/www.monaco-tribune.com\/it\/wp-json\/wp\/v2\/media\/329431"}],"wp:attachment":[{"href":"https:\/\/www.monaco-tribune.com\/it\/wp-json\/wp\/v2\/media?parent=329441"}],"wp:term":[{"taxonomy":"category","embeddable":true,"href":"https:\/\/www.monaco-tribune.com\/it\/wp-json\/wp\/v2\/categories?post=329441"},{"taxonomy":"post_tag","embeddable":true,"href":"https:\/\/www.monaco-tribune.com\/it\/wp-json\/wp\/v2\/tags?post=329441"},{"taxonomy":"sectag","embeddable":true,"href":"https:\/\/www.monaco-tribune.com\/it\/wp-json\/wp\/v2\/post_sectags?post=329441"},{"taxonomy":"format","embeddable":true,"href":"https:\/\/www.monaco-tribune.com\/it\/wp-json\/wp\/v2\/post_format?post=329441"}],"curies":[{"name":"wp","href":"https:\/\/api.w.org\/{rel}","templated":true}]}}