{"id":329454,"date":"2025-12-08T11:15:33","date_gmt":"2025-12-08T09:15:33","guid":{"rendered":"https:\/\/www.monaco-tribune.com\/2025\/12\/il-principe-alberto-ii-e-la-principessa-charlene-festeggiano-lanniversario-dellamicale-des-aines-monegasques\/"},"modified":"2025-12-08T11:15:37","modified_gmt":"2025-12-08T09:15:37","slug":"il-principe-alberto-ii-e-la-principessa-charlene-festeggiano-lanniversario-dellamicale-des-aines-monegasques","status":"publish","type":"post","link":"https:\/\/www.monaco-tribune.com\/it\/2025\/12\/il-principe-alberto-ii-e-la-principessa-charlene-festeggiano-lanniversario-dellamicale-des-aines-monegasques\/","title":{"rendered":"Il Principe Alberto II e la Principessa Charl\u00e8ne festeggiano l&#8217;anniversario dell&#8217;Amicale des A\u00een\u00e9s Mon\u00e9gasques"},"content":{"rendered":"\n<p><strong>La Coppia Principesca ha festeggiato i 75 anni dell&#8217;Amicale des A\u00een\u00e9s Mon\u00e9gasques durante il pranzo di anniversario organizzato al M\u00e9ridien Beach Plaza.<\/strong><\/p>\n\n<h2 class=\"wp-block-heading\" id=\"h-une-tradition-de-soutien-aux-aines\">Una storia di assistenza gli anziani<\/h2>\n\n<p>Gioved\u00ec, la Coppia Principesca ha risposto presente all&#8217;invito dell&#8217;Amicale des A\u00een\u00e9s Mon\u00e9gasques, che quest&#8217;anno festeggia tre quarti di secolo dalla sua fondazione. Presieduta dal Principe Sovrano, questa associazione nata nel 1950 \u00e8 molto pi\u00f9 di un semplice luogo di ritrovo per i pensionati monegaschi.<\/p>\n\n<figure class=\"wp-block-gallery has-nested-images columns-1 is-cropped wp-block-gallery-1 is-layout-flex wp-block-gallery-is-layout-flex\">\n<figure class=\"wp-block-image size-large\"><img loading=\"lazy\" decoding=\"async\" width=\"1024\" height=\"907\" data-id=\"329299\" src=\"https:\/\/www.monaco-tribune.com\/wp-content\/uploads\/2025\/12\/princesse-charlene-prince-albert-monaco-1024x907.jpg\" alt=\"\" class=\"wp-image-329299\" srcset=\"https:\/\/www.monaco-tribune.com\/wp-content\/uploads\/2025\/12\/princesse-charlene-prince-albert-monaco-1024x907.jpg 1024w, https:\/\/www.monaco-tribune.com\/wp-content\/uploads\/2025\/12\/princesse-charlene-prince-albert-monaco-339x300.jpg 339w, https:\/\/www.monaco-tribune.com\/wp-content\/uploads\/2025\/12\/princesse-charlene-prince-albert-monaco.jpg 1179w\" sizes=\"auto, (max-width: 1024px) 100vw, 1024px\" \/><figcaption class=\"wp-element-caption\">\u00a9 Micha\u00ebl Alesi \/ Palazzo del Principe<\/figcaption><\/figure>\n\n\n\n<figure class=\"wp-block-image size-large\"><img loading=\"lazy\" decoding=\"async\" width=\"1024\" height=\"683\" data-id=\"329295\" src=\"https:\/\/www.monaco-tribune.com\/wp-content\/uploads\/2025\/12\/princesse-charlene-prince-albert-monaco-gateau-1024x683.jpg\" alt=\"\" class=\"wp-image-329295\" srcset=\"https:\/\/www.monaco-tribune.com\/wp-content\/uploads\/2025\/12\/princesse-charlene-prince-albert-monaco-gateau-1024x683.jpg 1024w, https:\/\/www.monaco-tribune.com\/wp-content\/uploads\/2025\/12\/princesse-charlene-prince-albert-monaco-gateau-450x300.jpg 450w, https:\/\/www.monaco-tribune.com\/wp-content\/uploads\/2025\/12\/princesse-charlene-prince-albert-monaco-gateau.jpg 1200w\" sizes=\"auto, (max-width: 1024px) 100vw, 1024px\" \/><figcaption class=\"wp-element-caption\">\u00a9 Micha\u00ebl Alesi \/ Palazzo del Principe<\/figcaption><\/figure>\n\n\n\n<figure class=\"wp-block-image size-large\"><img loading=\"lazy\" decoding=\"async\" width=\"1024\" height=\"610\" data-id=\"329291\" src=\"https:\/\/www.monaco-tribune.com\/wp-content\/uploads\/2025\/12\/princesse-charlene-prince-albert-monaco-aines-1024x610.jpg\" alt=\"\" class=\"wp-image-329291\" srcset=\"https:\/\/www.monaco-tribune.com\/wp-content\/uploads\/2025\/12\/princesse-charlene-prince-albert-monaco-aines-1024x610.jpg 1024w, https:\/\/www.monaco-tribune.com\/wp-content\/uploads\/2025\/12\/princesse-charlene-prince-albert-monaco-aines-504x300.jpg 504w, https:\/\/www.monaco-tribune.com\/wp-content\/uploads\/2025\/12\/princesse-charlene-prince-albert-monaco-aines.jpg 1179w\" sizes=\"auto, (max-width: 1024px) 100vw, 1024px\" \/><figcaption class=\"wp-element-caption\">\u00a9 Micha\u00ebl Alesi \/ Palazzo del Principe<\/figcaption><\/figure>\n\n\n\n<figure class=\"wp-block-image size-large\"><img loading=\"lazy\" decoding=\"async\" width=\"1024\" height=\"985\" data-id=\"329287\" src=\"https:\/\/www.monaco-tribune.com\/wp-content\/uploads\/2025\/12\/princesse-charlene-monaco-1024x985.jpg\" alt=\"\" class=\"wp-image-329287\" srcset=\"https:\/\/www.monaco-tribune.com\/wp-content\/uploads\/2025\/12\/princesse-charlene-monaco-1024x985.jpg 1024w, https:\/\/www.monaco-tribune.com\/wp-content\/uploads\/2025\/12\/princesse-charlene-monaco-312x300.jpg 312w, https:\/\/www.monaco-tribune.com\/wp-content\/uploads\/2025\/12\/princesse-charlene-monaco.jpg 1179w\" sizes=\"auto, (max-width: 1024px) 100vw, 1024px\" \/><figcaption class=\"wp-element-caption\">\u00a9 Micha\u00ebl Alesi \/ Palazzo del Principe<\/figcaption><\/figure>\n<\/figure>\n\n<h2 class=\"wp-block-heading\" id=\"h-des-valeurs-partagees\">Valori condivisi<\/h2>\n\n<p>L&#8217;impegno del Principe Alberto II e della Principessa Charl\u00e8ne nei confronti di questa organizzazione riflette il loro profondo attaccamento ai valori del tessuto sociale e della solidariet\u00e0 intergenerazionale. L&#8217;Amicale asssite le donne a partire dai 55 anni e gli uomini a partire dai 60 anni, proponendo durante tutto l&#8217;anno uscite culturali, pranzi gastronomici e momenti di condivisione.<\/p>\n\n<h2 class=\"wp-block-heading\" id=\"h-un-soutien-precieux\">Un sostegno prezioso<\/h2>\n\n<p>Con 360 membri, tra cui tre centenari, l&#8217;associazione guidata da Michelle Brigolle lavora quotidianamente per il benessere degli anziani. Dai dolci ai regali di Natale, passando per i prestigiosi pranzi all&#8217;Automobile Club di Monaco, ogni iniziativa mira a mantenere quel tessuto sociale tanto caro ai pensionati del Principato.<\/p>\n\n<p>Questo pranzo al M\u00e9ridien Beach Plaza \u00e8 stato l&#8217;occasione per il Principe Alberto II e la Principessa Charl\u00e8ne di festeggiare l&#8217;anniversario insieme a coloro che incarnano la memoria vivente di Monaco.<\/p>\n","protected":false},"excerpt":{"rendered":"<p>La Coppia Principesca ha festeggiato i 75 anni dell&#8217;Amicale des A\u00een\u00e9s Mon\u00e9gasques durante il pranzo di anniversario organizzato al M\u00e9ridien [&hellip;]<\/p>\n","protected":false},"author":21,"featured_media":329285,"comment_status":"closed","ping_status":"closed","sticky":false,"template":"","format":"standard","meta":{"_acf_changed":false,"footnotes":""},"categories":[1742,1826,1738],"tags":[2944],"post_sectags":[],"post_format":[2474],"class_list":["post-329454","post","type-post","status-publish","format-standard","has-post-thumbnail","hentry","category-famiglia-principesca","category-la-nostra-scelta","category-notizie","tag-principessa-charlene","format-foto"],"acf":[],"yoast_head":"<!-- This site is optimized with the Yoast SEO Premium plugin v26.8 (Yoast SEO v27.5) - https:\/\/yoast.com\/product\/yoast-seo-premium-wordpress\/ -->\n<title>Il Principe Alberto II e la Principessa Charl\u00e8ne festeggiano l&#039;anniversario dell&#039;Amicale des A\u00een\u00e9s Mon\u00e9gasques<\/title>\n<meta name=\"description\" content=\"La Coppia Principesca ha festeggiato i 75 anni dell&#039;Amicale des A\u00een\u00e9s Mon\u00e9gasques durante il pranzo di anniversario organizzato al M\u00e9ridien Beach Plaza.\" \/>\n<meta name=\"robots\" content=\"index, follow, max-snippet:-1, max-image-preview:large, max-video-preview:-1\" \/>\n<link rel=\"canonical\" href=\"https:\/\/www.monaco-tribune.com\/it\/2025\/12\/il-principe-alberto-ii-e-la-principessa-charlene-festeggiano-lanniversario-dellamicale-des-aines-monegasques\/\" \/>\n<meta property=\"og:locale\" content=\"it_IT\" \/>\n<meta property=\"og:type\" content=\"article\" \/>\n<meta property=\"og:title\" content=\"Il Principe Alberto II e la Principessa Charl\u00e8ne festeggiano l&#039;anniversario dell&#039;Amicale des A\u00een\u00e9s Mon\u00e9gasques - Monaco Tribune\" \/>\n<meta property=\"og:description\" content=\"La Coppia Principesca ha festeggiato i 75 anni dell&#039;Amicale des A\u00een\u00e9s Mon\u00e9gasques durante il pranzo di anniversario organizzato al M\u00e9ridien Beach Plaza.\" \/>\n<meta property=\"og:url\" content=\"https:\/\/www.monaco-tribune.com\/it\/2025\/12\/il-principe-alberto-ii-e-la-principessa-charlene-festeggiano-lanniversario-dellamicale-des-aines-monegasques\/\" \/>\n<meta property=\"og:site_name\" content=\"Monaco Tribune\" \/>\n<meta property=\"article:publisher\" content=\"https:\/\/www.facebook.com\/MonacoTribune\" \/>\n<meta property=\"article:published_time\" content=\"2025-12-08T09:15:33+00:00\" \/>\n<meta property=\"article:modified_time\" content=\"2025-12-08T09:15:37+00:00\" \/>\n<meta property=\"og:image\" content=\"https:\/\/www.monaco-tribune.com\/wp-content\/uploads\/2025\/12\/prince-albert-monaco.jpg\" \/>\n\t<meta property=\"og:image:width\" content=\"1200\" \/>\n\t<meta property=\"og:image:height\" content=\"800\" \/>\n\t<meta property=\"og:image:type\" content=\"image\/jpeg\" \/>\n<meta name=\"author\" content=\"Monaco Tribune\" \/>\n<meta name=\"twitter:card\" content=\"summary_large_image\" \/>\n<meta name=\"twitter:creator\" content=\"@MonacoTribune\" \/>\n<meta name=\"twitter:site\" content=\"@MonacoTribune\" \/>\n<script type=\"application\/ld+json\" class=\"yoast-schema-graph\">{\"@context\":\"https:\\\/\\\/schema.org\",\"@graph\":[{\"@type\":\"NewsArticle\",\"@id\":\"https:\\\/\\\/www.monaco-tribune.com\\\/it\\\/2025\\\/12\\\/il-principe-alberto-ii-e-la-principessa-charlene-festeggiano-lanniversario-dellamicale-des-aines-monegasques\\\/#article\",\"isPartOf\":{\"@id\":\"https:\\\/\\\/www.monaco-tribune.com\\\/it\\\/2025\\\/12\\\/il-principe-alberto-ii-e-la-principessa-charlene-festeggiano-lanniversario-dellamicale-des-aines-monegasques\\\/\"},\"author\":{\"name\":\"Monaco Tribune\",\"@id\":\"https:\\\/\\\/www.monaco-tribune.com\\\/it\\\/#\\\/schema\\\/person\\\/8f6ed8c063276e2397589eda5b7a2f2d\"},\"headline\":\"Il Principe Alberto II e la Principessa Charl\u00e8ne festeggiano l&#8217;anniversario dell&#8217;Amicale des A\u00een\u00e9s Mon\u00e9gasques\",\"datePublished\":\"2025-12-08T09:15:33+00:00\",\"dateModified\":\"2025-12-08T09:15:37+00:00\",\"mainEntityOfPage\":{\"@id\":\"https:\\\/\\\/www.monaco-tribune.com\\\/it\\\/2025\\\/12\\\/il-principe-alberto-ii-e-la-principessa-charlene-festeggiano-lanniversario-dellamicale-des-aines-monegasques\\\/\"},\"wordCount\":271,\"publisher\":{\"@id\":\"https:\\\/\\\/www.monaco-tribune.com\\\/it\\\/#organization\"},\"image\":{\"@id\":\"https:\\\/\\\/www.monaco-tribune.com\\\/it\\\/2025\\\/12\\\/il-principe-alberto-ii-e-la-principessa-charlene-festeggiano-lanniversario-dellamicale-des-aines-monegasques\\\/#primaryimage\"},\"thumbnailUrl\":\"https:\\\/\\\/www.monaco-tribune.com\\\/wp-content\\\/uploads\\\/2025\\\/12\\\/prince-albert-monaco.jpg\",\"keywords\":[\"Principessa Charl\u00e8ne\"],\"articleSection\":[\"Famiglia Principesca\",\"La nostra scelta\",\"Notizie\"],\"inLanguage\":\"it-IT\",\"copyrightYear\":\"2025\",\"copyrightHolder\":{\"@id\":\"https:\\\/\\\/www.monaco-tribune.com\\\/#organization\"}},{\"@type\":\"WebPage\",\"@id\":\"https:\\\/\\\/www.monaco-tribune.com\\\/it\\\/2025\\\/12\\\/il-principe-alberto-ii-e-la-principessa-charlene-festeggiano-lanniversario-dellamicale-des-aines-monegasques\\\/\",\"url\":\"https:\\\/\\\/www.monaco-tribune.com\\\/it\\\/2025\\\/12\\\/il-principe-alberto-ii-e-la-principessa-charlene-festeggiano-lanniversario-dellamicale-des-aines-monegasques\\\/\",\"name\":\"Il Principe Alberto II e la Principessa Charl\u00e8ne festeggiano l'anniversario dell'Amicale des A\u00een\u00e9s Mon\u00e9gasques\",\"isPartOf\":{\"@id\":\"https:\\\/\\\/www.monaco-tribune.com\\\/it\\\/#website\"},\"primaryImageOfPage\":{\"@id\":\"https:\\\/\\\/www.monaco-tribune.com\\\/it\\\/2025\\\/12\\\/il-principe-alberto-ii-e-la-principessa-charlene-festeggiano-lanniversario-dellamicale-des-aines-monegasques\\\/#primaryimage\"},\"image\":{\"@id\":\"https:\\\/\\\/www.monaco-tribune.com\\\/it\\\/2025\\\/12\\\/il-principe-alberto-ii-e-la-principessa-charlene-festeggiano-lanniversario-dellamicale-des-aines-monegasques\\\/#primaryimage\"},\"thumbnailUrl\":\"https:\\\/\\\/www.monaco-tribune.com\\\/wp-content\\\/uploads\\\/2025\\\/12\\\/prince-albert-monaco.jpg\",\"datePublished\":\"2025-12-08T09:15:33+00:00\",\"dateModified\":\"2025-12-08T09:15:37+00:00\",\"description\":\"La Coppia Principesca ha festeggiato i 75 anni dell'Amicale des A\u00een\u00e9s Mon\u00e9gasques durante il pranzo di anniversario organizzato al M\u00e9ridien Beach Plaza.\",\"breadcrumb\":{\"@id\":\"https:\\\/\\\/www.monaco-tribune.com\\\/it\\\/2025\\\/12\\\/il-principe-alberto-ii-e-la-principessa-charlene-festeggiano-lanniversario-dellamicale-des-aines-monegasques\\\/#breadcrumb\"},\"inLanguage\":\"it-IT\",\"potentialAction\":[{\"@type\":\"ReadAction\",\"target\":[\"https:\\\/\\\/www.monaco-tribune.com\\\/it\\\/2025\\\/12\\\/il-principe-alberto-ii-e-la-principessa-charlene-festeggiano-lanniversario-dellamicale-des-aines-monegasques\\\/\"]}]},{\"@type\":\"ImageObject\",\"inLanguage\":\"it-IT\",\"@id\":\"https:\\\/\\\/www.monaco-tribune.com\\\/it\\\/2025\\\/12\\\/il-principe-alberto-ii-e-la-principessa-charlene-festeggiano-lanniversario-dellamicale-des-aines-monegasques\\\/#primaryimage\",\"url\":\"https:\\\/\\\/www.monaco-tribune.com\\\/wp-content\\\/uploads\\\/2025\\\/12\\\/prince-albert-monaco.jpg\",\"contentUrl\":\"https:\\\/\\\/www.monaco-tribune.com\\\/wp-content\\\/uploads\\\/2025\\\/12\\\/prince-albert-monaco.jpg\",\"width\":1200,\"height\":800,\"caption\":\"Micha\u00ebl Alesi \\\/ Palais Princier\"},{\"@type\":\"BreadcrumbList\",\"@id\":\"https:\\\/\\\/www.monaco-tribune.com\\\/it\\\/2025\\\/12\\\/il-principe-alberto-ii-e-la-principessa-charlene-festeggiano-lanniversario-dellamicale-des-aines-monegasques\\\/#breadcrumb\",\"itemListElement\":[{\"@type\":\"ListItem\",\"position\":1,\"name\":\"Accueil\",\"item\":\"https:\\\/\\\/www.monaco-tribune.com\\\/it\\\/\"},{\"@type\":\"ListItem\",\"position\":2,\"name\":\"Il Principe Alberto II e la Principessa Charl\u00e8ne festeggiano l&#8217;anniversario dell&#8217;Amicale des A\u00een\u00e9s Mon\u00e9gasques\"}]},{\"@type\":\"WebSite\",\"@id\":\"https:\\\/\\\/www.monaco-tribune.com\\\/it\\\/#website\",\"url\":\"https:\\\/\\\/www.monaco-tribune.com\\\/it\\\/\",\"name\":\"Monaco Tribune\",\"description\":\"Monaco : actualit\u00e9s \u00e9conomiques, politiques, culturelles et sportives de Monaco et de la French Riviera.\",\"publisher\":{\"@id\":\"https:\\\/\\\/www.monaco-tribune.com\\\/it\\\/#organization\"},\"potentialAction\":[{\"@type\":\"SearchAction\",\"target\":{\"@type\":\"EntryPoint\",\"urlTemplate\":\"https:\\\/\\\/www.monaco-tribune.com\\\/it\\\/?s={search_term_string}\"},\"query-input\":{\"@type\":\"PropertyValueSpecification\",\"valueRequired\":true,\"valueName\":\"search_term_string\"}}],\"inLanguage\":\"it-IT\"},{\"@type\":\"Organization\",\"@id\":\"https:\\\/\\\/www.monaco-tribune.com\\\/it\\\/#organization\",\"name\":\"Monaco Tribune\",\"url\":\"https:\\\/\\\/www.monaco-tribune.com\\\/it\\\/\",\"logo\":{\"@type\":\"ImageObject\",\"inLanguage\":\"it-IT\",\"@id\":\"https:\\\/\\\/www.monaco-tribune.com\\\/it\\\/#\\\/schema\\\/logo\\\/image\\\/\",\"url\":\"https:\\\/\\\/www.monaco-tribune.com\\\/wp-content\\\/uploads\\\/2022\\\/11\\\/logo-monaco-tribune.png\",\"contentUrl\":\"https:\\\/\\\/www.monaco-tribune.com\\\/wp-content\\\/uploads\\\/2022\\\/11\\\/logo-monaco-tribune.png\",\"width\":1548,\"height\":600,\"caption\":\"Monaco Tribune\"},\"image\":{\"@id\":\"https:\\\/\\\/www.monaco-tribune.com\\\/it\\\/#\\\/schema\\\/logo\\\/image\\\/\"},\"sameAs\":[\"https:\\\/\\\/www.facebook.com\\\/MonacoTribune\",\"https:\\\/\\\/x.com\\\/MonacoTribune\",\"https:\\\/\\\/www.instagram.com\\\/monacotribune\\\/\",\"https:\\\/\\\/www.linkedin.com\\\/company\\\/monaco-tribune\",\"https:\\\/\\\/www.youtube.com\\\/channel\\\/UCHle1MnG6hw1y4lWKijVbMA\"]},{\"@type\":\"Person\",\"@id\":\"https:\\\/\\\/www.monaco-tribune.com\\\/it\\\/#\\\/schema\\\/person\\\/8f6ed8c063276e2397589eda5b7a2f2d\",\"name\":\"Monaco Tribune\",\"image\":{\"@type\":\"ImageObject\",\"inLanguage\":\"it-IT\",\"@id\":\"https:\\\/\\\/secure.gravatar.com\\\/avatar\\\/3010e6c5d6c8056ec1c25228fe68ea089879e5ae0de884e0247744ee988aaf6a?s=96&d=mm&r=g\",\"url\":\"https:\\\/\\\/secure.gravatar.com\\\/avatar\\\/3010e6c5d6c8056ec1c25228fe68ea089879e5ae0de884e0247744ee988aaf6a?s=96&d=mm&r=g\",\"contentUrl\":\"https:\\\/\\\/secure.gravatar.com\\\/avatar\\\/3010e6c5d6c8056ec1c25228fe68ea089879e5ae0de884e0247744ee988aaf6a?s=96&d=mm&r=g\",\"caption\":\"Monaco Tribune\"},\"url\":\"https:\\\/\\\/www.monaco-tribune.com\\\/it\\\/author\\\/monaco-tribune\\\/\"}]}<\/script>\n<!-- \/ Yoast SEO Premium plugin. -->","yoast_head_json":{"title":"Il Principe Alberto II e la Principessa Charl\u00e8ne festeggiano l'anniversario dell'Amicale des A\u00een\u00e9s Mon\u00e9gasques","description":"La Coppia Principesca ha festeggiato i 75 anni dell'Amicale des A\u00een\u00e9s Mon\u00e9gasques durante il pranzo di anniversario organizzato al M\u00e9ridien Beach Plaza.","robots":{"index":"index","follow":"follow","max-snippet":"max-snippet:-1","max-image-preview":"max-image-preview:large","max-video-preview":"max-video-preview:-1"},"canonical":"https:\/\/www.monaco-tribune.com\/it\/2025\/12\/il-principe-alberto-ii-e-la-principessa-charlene-festeggiano-lanniversario-dellamicale-des-aines-monegasques\/","og_locale":"it_IT","og_type":"article","og_title":"Il Principe Alberto II e la Principessa Charl\u00e8ne festeggiano l'anniversario dell'Amicale des A\u00een\u00e9s Mon\u00e9gasques - Monaco Tribune","og_description":"La Coppia Principesca ha festeggiato i 75 anni dell'Amicale des A\u00een\u00e9s Mon\u00e9gasques durante il pranzo di anniversario organizzato al M\u00e9ridien Beach Plaza.","og_url":"https:\/\/www.monaco-tribune.com\/it\/2025\/12\/il-principe-alberto-ii-e-la-principessa-charlene-festeggiano-lanniversario-dellamicale-des-aines-monegasques\/","og_site_name":"Monaco Tribune","article_publisher":"https:\/\/www.facebook.com\/MonacoTribune","article_published_time":"2025-12-08T09:15:33+00:00","article_modified_time":"2025-12-08T09:15:37+00:00","og_image":[{"width":1200,"height":800,"url":"https:\/\/www.monaco-tribune.com\/wp-content\/uploads\/2025\/12\/prince-albert-monaco.jpg","type":"image\/jpeg"}],"author":"Monaco Tribune","twitter_card":"summary_large_image","twitter_creator":"@MonacoTribune","twitter_site":"@MonacoTribune","schema":{"@context":"https:\/\/schema.org","@graph":[{"@type":"NewsArticle","@id":"https:\/\/www.monaco-tribune.com\/it\/2025\/12\/il-principe-alberto-ii-e-la-principessa-charlene-festeggiano-lanniversario-dellamicale-des-aines-monegasques\/#article","isPartOf":{"@id":"https:\/\/www.monaco-tribune.com\/it\/2025\/12\/il-principe-alberto-ii-e-la-principessa-charlene-festeggiano-lanniversario-dellamicale-des-aines-monegasques\/"},"author":{"name":"Monaco Tribune","@id":"https:\/\/www.monaco-tribune.com\/it\/#\/schema\/person\/8f6ed8c063276e2397589eda5b7a2f2d"},"headline":"Il Principe Alberto II e la Principessa Charl\u00e8ne festeggiano l&#8217;anniversario dell&#8217;Amicale des A\u00een\u00e9s Mon\u00e9gasques","datePublished":"2025-12-08T09:15:33+00:00","dateModified":"2025-12-08T09:15:37+00:00","mainEntityOfPage":{"@id":"https:\/\/www.monaco-tribune.com\/it\/2025\/12\/il-principe-alberto-ii-e-la-principessa-charlene-festeggiano-lanniversario-dellamicale-des-aines-monegasques\/"},"wordCount":271,"publisher":{"@id":"https:\/\/www.monaco-tribune.com\/it\/#organization"},"image":{"@id":"https:\/\/www.monaco-tribune.com\/it\/2025\/12\/il-principe-alberto-ii-e-la-principessa-charlene-festeggiano-lanniversario-dellamicale-des-aines-monegasques\/#primaryimage"},"thumbnailUrl":"https:\/\/www.monaco-tribune.com\/wp-content\/uploads\/2025\/12\/prince-albert-monaco.jpg","keywords":["Principessa Charl\u00e8ne"],"articleSection":["Famiglia Principesca","La nostra scelta","Notizie"],"inLanguage":"it-IT","copyrightYear":"2025","copyrightHolder":{"@id":"https:\/\/www.monaco-tribune.com\/#organization"}},{"@type":"WebPage","@id":"https:\/\/www.monaco-tribune.com\/it\/2025\/12\/il-principe-alberto-ii-e-la-principessa-charlene-festeggiano-lanniversario-dellamicale-des-aines-monegasques\/","url":"https:\/\/www.monaco-tribune.com\/it\/2025\/12\/il-principe-alberto-ii-e-la-principessa-charlene-festeggiano-lanniversario-dellamicale-des-aines-monegasques\/","name":"Il Principe Alberto II e la Principessa Charl\u00e8ne festeggiano l'anniversario dell'Amicale des A\u00een\u00e9s Mon\u00e9gasques","isPartOf":{"@id":"https:\/\/www.monaco-tribune.com\/it\/#website"},"primaryImageOfPage":{"@id":"https:\/\/www.monaco-tribune.com\/it\/2025\/12\/il-principe-alberto-ii-e-la-principessa-charlene-festeggiano-lanniversario-dellamicale-des-aines-monegasques\/#primaryimage"},"image":{"@id":"https:\/\/www.monaco-tribune.com\/it\/2025\/12\/il-principe-alberto-ii-e-la-principessa-charlene-festeggiano-lanniversario-dellamicale-des-aines-monegasques\/#primaryimage"},"thumbnailUrl":"https:\/\/www.monaco-tribune.com\/wp-content\/uploads\/2025\/12\/prince-albert-monaco.jpg","datePublished":"2025-12-08T09:15:33+00:00","dateModified":"2025-12-08T09:15:37+00:00","description":"La Coppia Principesca ha festeggiato i 75 anni dell'Amicale des A\u00een\u00e9s Mon\u00e9gasques durante il pranzo di anniversario organizzato al M\u00e9ridien Beach Plaza.","breadcrumb":{"@id":"https:\/\/www.monaco-tribune.com\/it\/2025\/12\/il-principe-alberto-ii-e-la-principessa-charlene-festeggiano-lanniversario-dellamicale-des-aines-monegasques\/#breadcrumb"},"inLanguage":"it-IT","potentialAction":[{"@type":"ReadAction","target":["https:\/\/www.monaco-tribune.com\/it\/2025\/12\/il-principe-alberto-ii-e-la-principessa-charlene-festeggiano-lanniversario-dellamicale-des-aines-monegasques\/"]}]},{"@type":"ImageObject","inLanguage":"it-IT","@id":"https:\/\/www.monaco-tribune.com\/it\/2025\/12\/il-principe-alberto-ii-e-la-principessa-charlene-festeggiano-lanniversario-dellamicale-des-aines-monegasques\/#primaryimage","url":"https:\/\/www.monaco-tribune.com\/wp-content\/uploads\/2025\/12\/prince-albert-monaco.jpg","contentUrl":"https:\/\/www.monaco-tribune.com\/wp-content\/uploads\/2025\/12\/prince-albert-monaco.jpg","width":1200,"height":800,"caption":"Micha\u00ebl Alesi \/ Palais Princier"},{"@type":"BreadcrumbList","@id":"https:\/\/www.monaco-tribune.com\/it\/2025\/12\/il-principe-alberto-ii-e-la-principessa-charlene-festeggiano-lanniversario-dellamicale-des-aines-monegasques\/#breadcrumb","itemListElement":[{"@type":"ListItem","position":1,"name":"Accueil","item":"https:\/\/www.monaco-tribune.com\/it\/"},{"@type":"ListItem","position":2,"name":"Il Principe Alberto II e la Principessa Charl\u00e8ne festeggiano l&#8217;anniversario dell&#8217;Amicale des A\u00een\u00e9s Mon\u00e9gasques"}]},{"@type":"WebSite","@id":"https:\/\/www.monaco-tribune.com\/it\/#website","url":"https:\/\/www.monaco-tribune.com\/it\/","name":"Monaco Tribune","description":"Monaco : actualit\u00e9s \u00e9conomiques, politiques, culturelles et sportives de Monaco et de la French Riviera.","publisher":{"@id":"https:\/\/www.monaco-tribune.com\/it\/#organization"},"potentialAction":[{"@type":"SearchAction","target":{"@type":"EntryPoint","urlTemplate":"https:\/\/www.monaco-tribune.com\/it\/?s={search_term_string}"},"query-input":{"@type":"PropertyValueSpecification","valueRequired":true,"valueName":"search_term_string"}}],"inLanguage":"it-IT"},{"@type":"Organization","@id":"https:\/\/www.monaco-tribune.com\/it\/#organization","name":"Monaco Tribune","url":"https:\/\/www.monaco-tribune.com\/it\/","logo":{"@type":"ImageObject","inLanguage":"it-IT","@id":"https:\/\/www.monaco-tribune.com\/it\/#\/schema\/logo\/image\/","url":"https:\/\/www.monaco-tribune.com\/wp-content\/uploads\/2022\/11\/logo-monaco-tribune.png","contentUrl":"https:\/\/www.monaco-tribune.com\/wp-content\/uploads\/2022\/11\/logo-monaco-tribune.png","width":1548,"height":600,"caption":"Monaco Tribune"},"image":{"@id":"https:\/\/www.monaco-tribune.com\/it\/#\/schema\/logo\/image\/"},"sameAs":["https:\/\/www.facebook.com\/MonacoTribune","https:\/\/x.com\/MonacoTribune","https:\/\/www.instagram.com\/monacotribune\/","https:\/\/www.linkedin.com\/company\/monaco-tribune","https:\/\/www.youtube.com\/channel\/UCHle1MnG6hw1y4lWKijVbMA"]},{"@type":"Person","@id":"https:\/\/www.monaco-tribune.com\/it\/#\/schema\/person\/8f6ed8c063276e2397589eda5b7a2f2d","name":"Monaco Tribune","image":{"@type":"ImageObject","inLanguage":"it-IT","@id":"https:\/\/secure.gravatar.com\/avatar\/3010e6c5d6c8056ec1c25228fe68ea089879e5ae0de884e0247744ee988aaf6a?s=96&d=mm&r=g","url":"https:\/\/secure.gravatar.com\/avatar\/3010e6c5d6c8056ec1c25228fe68ea089879e5ae0de884e0247744ee988aaf6a?s=96&d=mm&r=g","contentUrl":"https:\/\/secure.gravatar.com\/avatar\/3010e6c5d6c8056ec1c25228fe68ea089879e5ae0de884e0247744ee988aaf6a?s=96&d=mm&r=g","caption":"Monaco Tribune"},"url":"https:\/\/www.monaco-tribune.com\/it\/author\/monaco-tribune\/"}]}},"_links":{"self":[{"href":"https:\/\/www.monaco-tribune.com\/it\/wp-json\/wp\/v2\/posts\/329454","targetHints":{"allow":["GET"]}}],"collection":[{"href":"https:\/\/www.monaco-tribune.com\/it\/wp-json\/wp\/v2\/posts"}],"about":[{"href":"https:\/\/www.monaco-tribune.com\/it\/wp-json\/wp\/v2\/types\/post"}],"author":[{"embeddable":true,"href":"https:\/\/www.monaco-tribune.com\/it\/wp-json\/wp\/v2\/users\/21"}],"replies":[{"embeddable":true,"href":"https:\/\/www.monaco-tribune.com\/it\/wp-json\/wp\/v2\/comments?post=329454"}],"version-history":[{"count":3,"href":"https:\/\/www.monaco-tribune.com\/it\/wp-json\/wp\/v2\/posts\/329454\/revisions"}],"predecessor-version":[{"id":329457,"href":"https:\/\/www.monaco-tribune.com\/it\/wp-json\/wp\/v2\/posts\/329454\/revisions\/329457"}],"wp:featuredmedia":[{"embeddable":true,"href":"https:\/\/www.monaco-tribune.com\/it\/wp-json\/wp\/v2\/media\/329285"}],"wp:attachment":[{"href":"https:\/\/www.monaco-tribune.com\/it\/wp-json\/wp\/v2\/media?parent=329454"}],"wp:term":[{"taxonomy":"category","embeddable":true,"href":"https:\/\/www.monaco-tribune.com\/it\/wp-json\/wp\/v2\/categories?post=329454"},{"taxonomy":"post_tag","embeddable":true,"href":"https:\/\/www.monaco-tribune.com\/it\/wp-json\/wp\/v2\/tags?post=329454"},{"taxonomy":"sectag","embeddable":true,"href":"https:\/\/www.monaco-tribune.com\/it\/wp-json\/wp\/v2\/post_sectags?post=329454"},{"taxonomy":"format","embeddable":true,"href":"https:\/\/www.monaco-tribune.com\/it\/wp-json\/wp\/v2\/post_format?post=329454"}],"curies":[{"name":"wp","href":"https:\/\/api.w.org\/{rel}","templated":true}]}}