{"id":330305,"date":"2025-12-11T16:42:39","date_gmt":"2025-12-11T14:42:39","guid":{"rendered":"https:\/\/www.monaco-tribune.com\/2025\/12\/una-principessa-carolina-raggiante-annuncia-una-nomina-storica-allopmc\/"},"modified":"2025-12-11T16:42:45","modified_gmt":"2025-12-11T14:42:45","slug":"una-principessa-carolina-raggiante-annuncia-una-nomina-storica-allopmc","status":"publish","type":"post","link":"https:\/\/www.monaco-tribune.com\/it\/2025\/12\/una-principessa-carolina-raggiante-annuncia-una-nomina-storica-allopmc\/","title":{"rendered":"Una Principessa Carolina raggiante annuncia una nomina storica all\u2019OPMC"},"content":{"rendered":"\n<p><strong>La direttrice d\u2019orchestra francese Nathalie Stutzmann \u00e8 la prima donna a dirigere l\u2019OPMC in 169 anni di storia. Prender\u00e0 il posto di Kazuki Yamada per un incarico di quattro anni.<\/strong><\/p>\n\n<p>\u00c8 nell\u2019Auditorium Rainier III che la Principessa Carolina di Hannover, presidente del Consiglio di amministrazione dell\u2019Orchestra Filamornica di Monte-Carlo, ha annunciato mercoled\u00ec 10 dicembre il nome di colei che prender\u00e0 le redini dell&#8217;orchestra monegasca. Nathalie Stutzmann, 60 anni, diventer\u00e0 il 1\u00b0 settembre 2026 la 19\u00aa direttrice artistica e musicale dell\u2019OPMC \u2013 e la prima donna a ricoprire questo incarico dalla nascita dell\u2019orchestra nel 1856.<\/p>\n\n<p>Prima di annunciare questa nomina storica, la Principessa Carolina ha voluto rendere omaggio al lavoro del suo predecessore: \u201cDesidero esprimere tutta la mia gratitudine al Maestro Kazuki Yamada per lo straordinario lavoro svolto nel corso di queste dieci stagioni. Sotto la sua direzione, l\u2019orchestra ha compiuto nuovi passi avanti sul piano artistico e consolidato la propria identit\u00e0\u201d. Una missione delicata attendeva quindi il Consiglio di amministrazione: \u201c\u00c8 una grande responsabilit\u00e0 scegliere la persona che sapr\u00e0 non solo mantenere il livello di eccellenza raggiunto, ma anche portare una visione nuova\u201d, ha sottolineato la Principessa.<\/p>\n\n<blockquote class=\"wp-embedded-content\" data-secret=\"ZjPIwAX50S\"><a href=\"https:\/\/www.monaco-tribune.com\/it\/2025\/07\/programma-2025-2026-lopmc-presenta-la-sua-stagione-daddio-a-kazuki-yamada\/\">Programma 2025-2026: l\u2019OPMC presenta la sua stagione d\u2019addio a Kazuki Yamada<\/a><\/blockquote><iframe class=\"wp-embedded-content\" sandbox=\"allow-scripts\" security=\"restricted\" style=\"position: absolute; visibility: hidden;\" title=\"&#8220;Programma 2025-2026: l\u2019OPMC presenta la sua stagione d\u2019addio a Kazuki Yamada&#8221; &#8212; Monaco Tribune\" src=\"https:\/\/www.monaco-tribune.com\/it\/2025\/07\/programma-2025-2026-lopmc-presenta-la-sua-stagione-daddio-a-kazuki-yamada\/embed\/#?secret=Q2p9h4EU3N#?secret=ZjPIwAX50S\" data-secret=\"ZjPIwAX50S\" width=\"500\" height=\"282\" frameborder=\"0\" marginwidth=\"0\" marginheight=\"0\" scrolling=\"no\"><\/iframe>\n\n<p>In viaggio all\u2019estero, Kazuki Yamada ha comunque voluto congratularsi con colei che lo succeder\u00e0 registrando un video messaggio in francese: \u201cPer quanto ne so, ha sempre desiderato diventare direttrice d\u2019orchestra e ha studiato al fianco di Seiji Ozawa, che \u00e8 stato anche un mentore per me. Mi rallegra sapere che qualcuno che condivide questo stesso spirito raccolga il testimone dell\u2019incarico che ricopro ancora per qualche mese\u201d.<\/p>\n<div class=\"wp-block-image\">\n<figure class=\"aligncenter size-large\"><img loading=\"lazy\" decoding=\"async\" width=\"1024\" height=\"682\" src=\"https:\/\/www.monaco-tribune.com\/wp-content\/uploads\/2025\/12\/princesse-caroline-nathalie-stutzmann-e-1024x682.jpeg\" alt=\"\" class=\"wp-image-330156\" srcset=\"https:\/\/www.monaco-tribune.com\/wp-content\/uploads\/2025\/12\/princesse-caroline-nathalie-stutzmann-e-1024x682.jpeg 1024w, https:\/\/www.monaco-tribune.com\/wp-content\/uploads\/2025\/12\/princesse-caroline-nathalie-stutzmann-e-450x300.jpeg 450w, https:\/\/www.monaco-tribune.com\/wp-content\/uploads\/2025\/12\/princesse-caroline-nathalie-stutzmann-e.jpeg 1280w\" sizes=\"auto, (max-width: 1024px) 100vw, 1024px\" \/><figcaption class=\"wp-element-caption\">\u00a9 Philippe Fitte &#8211; Direzione degli Affari Culturali<\/figcaption><\/figure>\n<\/div>\n<h2 class=\"wp-block-heading\" id=\"h-une-histoire-d-amour-de-dix-ans\"><strong>Una storia d\u2019amore lunga dieci anni<\/strong><\/h2>\n\n<p>Questa nomina corona una collaborazione iniziata dieci anni fa tra Nathalie Stutzmann e l\u2019OPMC. La direttrice francese ha guidato l\u2019orchestra in numerose occasioni, tanto nel repertorio lirico \u2013 con <em>L\u2019elisir d\u2019amore<\/em> nel 2014 e <em>Tannh\u00e4user<\/em> nel 2017 all\u2019Op\u00e9ra de Monte-Carlo \u2013 quanto nell\u2019ambito sinfonico nelle ultime stagioni. Nel 2014 era stata inoltre insignita del titolo di Ufficiale nell\u2019Ordine al Merito Culturale del Principato.<\/p>\n\n<p>\u201cL\u2019Orchestra Filarmonica di Monte-Carlo diventer\u00e0 la mia famiglia europea\u201d, ha confidato commossa Nathalie Stutzmann durante la conferenza stampa. \u201cChiamo sempre le mie orchestre la mia famiglia. Ho una famiglia americana che adoro, con cui sono riuscita a creare un rapporto magnifico. Ma si trova oltre oceano. Avere una famiglia con cui posso dialogare nella mia lingua madre era il mio sogno\u201d.<\/p>\n\n<p>Parlando delle ragioni della sua scelta, la direttrice ha respinto qualsiasi considerazione legata alla carriera: \u201cNon faccio scelte per la mia carriera professionale, faccio scelte di cuore. Se non avessi avuto il desiderio, il piacere, di fare musica con l\u2019Orchestra Filarmonica di Monte-Carlo, non avrei accettato\u201d.<\/p>\n\n<figure class=\"wp-block-gallery has-nested-images columns-1 is-cropped wp-block-gallery-1 is-layout-flex wp-block-gallery-is-layout-flex\">\n<figure class=\"wp-block-image size-large\"><img loading=\"lazy\" decoding=\"async\" width=\"1024\" height=\"682\" data-id=\"330174\" src=\"https:\/\/www.monaco-tribune.com\/wp-content\/uploads\/2025\/12\/princesse-caroline-opmc-1024x682.jpeg\" alt=\"\" class=\"wp-image-330174\" srcset=\"https:\/\/www.monaco-tribune.com\/wp-content\/uploads\/2025\/12\/princesse-caroline-opmc-1024x682.jpeg 1024w, https:\/\/www.monaco-tribune.com\/wp-content\/uploads\/2025\/12\/princesse-caroline-opmc-450x300.jpeg 450w, https:\/\/www.monaco-tribune.com\/wp-content\/uploads\/2025\/12\/princesse-caroline-opmc.jpeg 1280w\" sizes=\"auto, (max-width: 1024px) 100vw, 1024px\" \/><\/figure>\n\n\n\n<figure class=\"wp-block-image size-large\"><img loading=\"lazy\" decoding=\"async\" width=\"1024\" height=\"682\" data-id=\"330178\" src=\"https:\/\/www.monaco-tribune.com\/wp-content\/uploads\/2025\/12\/princesse-caroline-et-nathalie-stutzmann-1024x682.jpeg\" alt=\"\" class=\"wp-image-330178\" srcset=\"https:\/\/www.monaco-tribune.com\/wp-content\/uploads\/2025\/12\/princesse-caroline-et-nathalie-stutzmann-1024x682.jpeg 1024w, https:\/\/www.monaco-tribune.com\/wp-content\/uploads\/2025\/12\/princesse-caroline-et-nathalie-stutzmann-450x300.jpeg 450w, https:\/\/www.monaco-tribune.com\/wp-content\/uploads\/2025\/12\/princesse-caroline-et-nathalie-stutzmann.jpeg 1280w\" sizes=\"auto, (max-width: 1024px) 100vw, 1024px\" \/><\/figure>\n\n\n\n<figure class=\"wp-block-image size-large\"><img loading=\"lazy\" decoding=\"async\" width=\"1024\" height=\"682\" data-id=\"330182\" src=\"https:\/\/www.monaco-tribune.com\/wp-content\/uploads\/2025\/12\/nathalie-stutzmann-1024x682.jpeg\" alt=\"\" class=\"wp-image-330182\" srcset=\"https:\/\/www.monaco-tribune.com\/wp-content\/uploads\/2025\/12\/nathalie-stutzmann-1024x682.jpeg 1024w, https:\/\/www.monaco-tribune.com\/wp-content\/uploads\/2025\/12\/nathalie-stutzmann-450x300.jpeg 450w, https:\/\/www.monaco-tribune.com\/wp-content\/uploads\/2025\/12\/nathalie-stutzmann.jpeg 1280w\" sizes=\"auto, (max-width: 1024px) 100vw, 1024px\" \/><figcaption class=\"wp-element-caption\">\u00a9 Benjamin Godart &#8211; Monaco Tribune<\/figcaption><\/figure>\n<\/figure>\n\n<h2 class=\"wp-block-heading\" id=\"h-rayonnement-international-et-ouverture-au-jeune-public\"><strong>Risonanza internazionale e apertura a un pubblico giovane<\/strong><\/h2>\n\n<p>Pur senza voler svelare progetti precisi, Nathalie Stutzmann ha delineato a grandi linee i suoi obiettivi con l\u2019OPMC: \u201cCredo che quest\u2019orchestra sia talmente importante che mi sembra essenziale riportarla maggiormente sotto i riflettori, non solo nel Principato, ma in tutto il mondo\u201d, ha dichiarato. Una prospettiva che ha suscitato entusiasmo tra gli appassionati di musica classica. \u201cSono felice di sapere che desideri riprendere le tourn\u00e9e con l\u2019orchestra e con l\u2019opera. \u00c8 una donna dinamica e piena di energia che porta con s\u00e9 l\u2019esperienza e la diversit\u00e0 di un\u2019orchestra americana come quella di Atlanta\u201d, ci confida la pianista Katherine Nikitine.<\/p>\n\n<p>La direttrice d\u2019orchestra punta in particolare a sfruttare gli strumenti digitali per accrescere la visibilit\u00e0 dell\u2019orchestra: \u201cVorrei incrementare i concerti trasmessi in diretta in tutto il mondo. Le opportunit\u00e0 oggi sono straordinarie con Arte, Mezzo, Spotify o YouTube\u201d. Un elemento determinante in questa strategia? Il suo contratto di esclusiva con Warner Classics, di cui intende far beneficiare l\u2019OPMC.<\/p>\n\n<p>L\u2019altro asse centrale del suo progetto riguarda l\u2019apertura verso le nuove generazioni. \u201cBisogna cercare di abbattere il muro che esiste tra l\u2019idea che ci si fa di un concerto sinfonico e la percezione che ne hanno i giovani\u201d, ha spiegato, citando alcune iniziative che porta gi\u00e0 avanti ad Atlanta: prove a porte aperte, incontri con i musicisti, concerti brevi seguiti da un aperitivo. Un\u2019apertura apprezzata anche da Nathalie Bomy Collomb-Muret, membro degli Amici dell\u2019OPMC: \u201c\u00c8 l\u2019aspetto pi\u00f9 difficile di questa professione: attirare i giovani verso la musica classica. Chi frequenta il Conservatorio ha gi\u00e0 quella sensibilit\u00e0, sono gli altri che bisogna convincere\u201d.<\/p>\n<blockquote class=\"instagram-media\" data-instgrm-permalink=\"https:\/\/www.instagram.com\/reel\/DSFqvtfDLfz\/?utm_source=ig_embed&amp;utm_campaign=loading\" data-instgrm-version=\"14\" style=\" background:#FFF; border:0; border-radius:3px; box-shadow:0 0 1px 0 rgba(0,0,0,0.5),0 1px 10px 0 rgba(0,0,0,0.15); margin: 1px; max-width:540px; min-width:326px; padding:0; width:99.375%; width:-webkit-calc(100% - 2px); width:calc(100% - 2px);\">\n<div style=\"padding:16px;\"> <a href=\"https:\/\/www.instagram.com\/reel\/DSFqvtfDLfz\/?utm_source=ig_embed&amp;utm_campaign=loading\" style=\" background:#FFFFFF; line-height:0; padding:0 0; text-align:center; text-decoration:none; width:100%;\" target=\"_blank\"> <\/p>\n<div style=\" display: flex; flex-direction: row; align-items: center;\">\n<div style=\"background-color: #F4F4F4; border-radius: 50%; flex-grow: 0; height: 40px; margin-right: 14px; width: 40px;\"><\/div>\n<div style=\"display: flex; flex-direction: column; flex-grow: 1; justify-content: center;\">\n<div style=\" background-color: #F4F4F4; border-radius: 4px; flex-grow: 0; height: 14px; margin-bottom: 6px; width: 100px;\"><\/div>\n<div style=\" background-color: #F4F4F4; border-radius: 4px; flex-grow: 0; height: 14px; width: 60px;\"><\/div>\n<\/div>\n<\/div>\n<div style=\"padding: 19% 0;\"><\/div>\n<div style=\"display:block; height:50px; margin:0 auto 12px; width:50px;\"><svg width=\"50px\" height=\"50px\" viewBox=\"0 0 60 60\" version=\"1.1\" xmlns=\"https:\/\/www.w3.org\/2000\/svg\" xmlns:xlink=\"https:\/\/www.w3.org\/1999\/xlink\"><g stroke=\"none\" stroke-width=\"1\" fill=\"none\" fill-rule=\"evenodd\"><g transform=\"translate(-511.000000, -20.000000)\" fill=\"#000000\"><g><path d=\"M556.869,30.41 C554.814,30.41 553.148,32.076 553.148,34.131 C553.148,36.186 554.814,37.852 556.869,37.852 C558.924,37.852 560.59,36.186 560.59,34.131 C560.59,32.076 558.924,30.41 556.869,30.41 M541,60.657 C535.114,60.657 530.342,55.887 530.342,50 C530.342,44.114 535.114,39.342 541,39.342 C546.887,39.342 551.658,44.114 551.658,50 C551.658,55.887 546.887,60.657 541,60.657 M541,33.886 C532.1,33.886 524.886,41.1 524.886,50 C524.886,58.899 532.1,66.113 541,66.113 C549.9,66.113 557.115,58.899 557.115,50 C557.115,41.1 549.9,33.886 541,33.886 M565.378,62.101 C565.244,65.022 564.756,66.606 564.346,67.663 C563.803,69.06 563.154,70.057 562.106,71.106 C561.058,72.155 560.06,72.803 558.662,73.347 C557.607,73.757 556.021,74.244 553.102,74.378 C549.944,74.521 548.997,74.552 541,74.552 C533.003,74.552 532.056,74.521 528.898,74.378 C525.979,74.244 524.393,73.757 523.338,73.347 C521.94,72.803 520.942,72.155 519.894,71.106 C518.846,70.057 518.197,69.06 517.654,67.663 C517.244,66.606 516.755,65.022 516.623,62.101 C516.479,58.943 516.448,57.996 516.448,50 C516.448,42.003 516.479,41.056 516.623,37.899 C516.755,34.978 517.244,33.391 517.654,32.338 C518.197,30.938 518.846,29.942 519.894,28.894 C520.942,27.846 521.94,27.196 523.338,26.654 C524.393,26.244 525.979,25.756 528.898,25.623 C532.057,25.479 533.004,25.448 541,25.448 C548.997,25.448 549.943,25.479 553.102,25.623 C556.021,25.756 557.607,26.244 558.662,26.654 C560.06,27.196 561.058,27.846 562.106,28.894 C563.154,29.942 563.803,30.938 564.346,32.338 C564.756,33.391 565.244,34.978 565.378,37.899 C565.522,41.056 565.552,42.003 565.552,50 C565.552,57.996 565.522,58.943 565.378,62.101 M570.82,37.631 C570.674,34.438 570.167,32.258 569.425,30.349 C568.659,28.377 567.633,26.702 565.965,25.035 C564.297,23.368 562.623,22.342 560.652,21.575 C558.743,20.834 556.562,20.326 553.369,20.18 C550.169,20.033 549.148,20 541,20 C532.853,20 531.831,20.033 528.631,20.18 C525.438,20.326 523.257,20.834 521.349,21.575 C519.376,22.342 517.703,23.368 516.035,25.035 C514.368,26.702 513.342,28.377 512.574,30.349 C511.834,32.258 511.326,34.438 511.181,37.631 C511.035,40.831 511,41.851 511,50 C511,58.147 511.035,59.17 511.181,62.369 C511.326,65.562 511.834,67.743 512.574,69.651 C513.342,71.625 514.368,73.296 516.035,74.965 C517.703,76.634 519.376,77.658 521.349,78.425 C523.257,79.167 525.438,79.673 528.631,79.82 C531.831,79.965 532.853,80.001 541,80.001 C549.148,80.001 550.169,79.965 553.369,79.82 C556.562,79.673 558.743,79.167 560.652,78.425 C562.623,77.658 564.297,76.634 565.965,74.965 C567.633,73.296 568.659,71.625 569.425,69.651 C570.167,67.743 570.674,65.562 570.82,62.369 C570.966,59.17 571,58.147 571,50 C571,41.851 570.966,40.831 570.82,37.631\"><\/path><\/g><\/g><\/g><\/svg><\/div>\n<div style=\"padding-top: 8px;\">\n<div style=\" color:#3897f0; font-family:Arial,sans-serif; font-size:14px; font-style:normal; font-weight:550; line-height:18px;\">Voir cette publication sur Instagram<\/div>\n<\/div>\n<div style=\"padding: 12.5% 0;\"><\/div>\n<div style=\"display: flex; flex-direction: row; margin-bottom: 14px; align-items: center;\">\n<div>\n<div style=\"background-color: #F4F4F4; border-radius: 50%; height: 12.5px; width: 12.5px; transform: translateX(0px) translateY(7px);\"><\/div>\n<div style=\"background-color: #F4F4F4; height: 12.5px; transform: rotate(-45deg) translateX(3px) translateY(1px); width: 12.5px; flex-grow: 0; margin-right: 14px; margin-left: 2px;\"><\/div>\n<div style=\"background-color: #F4F4F4; border-radius: 50%; height: 12.5px; width: 12.5px; transform: translateX(9px) translateY(-18px);\"><\/div>\n<\/div>\n<div style=\"margin-left: 8px;\">\n<div style=\" background-color: #F4F4F4; border-radius: 50%; flex-grow: 0; height: 20px; width: 20px;\"><\/div>\n<div style=\" width: 0; height: 0; border-top: 2px solid transparent; border-left: 6px solid #f4f4f4; border-bottom: 2px solid transparent; transform: translateX(16px) translateY(-4px) rotate(30deg)\"><\/div>\n<\/div>\n<div style=\"margin-left: auto;\">\n<div style=\" width: 0px; border-top: 8px solid #F4F4F4; border-right: 8px solid transparent; transform: translateY(16px);\"><\/div>\n<div style=\" background-color: #F4F4F4; flex-grow: 0; height: 12px; width: 16px; transform: translateY(-4px);\"><\/div>\n<div style=\" width: 0; height: 0; border-top: 8px solid #F4F4F4; border-left: 8px solid transparent; transform: translateY(-4px) translateX(8px);\"><\/div>\n<\/div>\n<\/div>\n<div style=\"display: flex; flex-direction: column; flex-grow: 1; justify-content: center; margin-bottom: 24px;\">\n<div style=\" background-color: #F4F4F4; border-radius: 4px; flex-grow: 0; height: 14px; margin-bottom: 6px; width: 224px;\"><\/div>\n<div style=\" background-color: #F4F4F4; border-radius: 4px; flex-grow: 0; height: 14px; width: 144px;\"><\/div>\n<\/div>\n<p><\/a><\/p>\n<p style=\" color:#c9c8cd; font-family:Arial,sans-serif; font-size:14px; line-height:17px; margin-bottom:0; margin-top:8px; overflow:hidden; padding:8px 0 7px; text-align:center; text-overflow:ellipsis; white-space:nowrap;\"><a href=\"https:\/\/www.instagram.com\/reel\/DSFqvtfDLfz\/?utm_source=ig_embed&amp;utm_campaign=loading\" style=\" color:#c9c8cd; font-family:Arial,sans-serif; font-size:14px; font-style:normal; font-weight:normal; line-height:17px; text-decoration:none;\" target=\"_blank\">Une publication partag\u00e9e par Monaco Tribune (@monacotribune)<\/a><\/p>\n<\/div>\n<\/blockquote>\n<p><script async src=\"\/\/www.instagram.com\/embed.js\"><\/script><\/p>\n\n<h2 class=\"wp-block-heading\" id=\"h-une-pionniere-a-la-baguette\"><strong>Una pioniera alla direzione<\/strong><\/h2>\n\n<p>Attualmente direttrice musicale dell\u2019Atlanta Symphony Orchestra, Nathalie Stutzmann si \u00e8 distinta anche al Festival di Bayreuth, dove \u00e8 stata nominata \u201cDirettrice d\u2019orchestra dell\u2019anno\u201d agli Oper! Awards 2024. Contralto di fama mondiale prima di dedicarsi alla direzione, conta oltre 80 registrazioni e le pi\u00f9 alte onorificenze: Cavaliere della Legion d\u2019onore, Commendatore delle Arti e delle Lettere e, dal 2025, membro onorario della Royal Academy of Music.<\/p>\n\n<p>Sul tema del genere, la nuova direttrice artistica ha voluto precisare: \u201cSpero profondamente di non essere stata scelta perch\u00e9 sono una donna. La funzione \u00e8 importante, il genere non ha alcuna importanza quando c\u2019\u00e8 la competenza. Credo di essere stata scelta perch\u00e9 ho un bel rapporto con quest\u2019orchestra e perch\u00e9 possiamo realizzare grandi cose insieme\u201d.<\/p>\n","protected":false},"excerpt":{"rendered":"<p>La direttrice d\u2019orchestra francese Nathalie Stutzmann \u00e8 la prima donna a dirigere l\u2019OPMC in 169 anni di storia. Prender\u00e0 il [&hellip;]<\/p>\n","protected":false},"author":82,"featured_media":330145,"comment_status":"closed","ping_status":"closed","sticky":false,"template":"","format":"standard","meta":{"_acf_changed":false,"footnotes":""},"categories":[1740,1826,1738],"tags":[2870],"post_sectags":[3795],"post_format":[2481],"class_list":["post-330305","post","type-post","status-publish","format-standard","has-post-thumbnail","hentry","category-cosa-fare","category-la-nostra-scelta","category-notizie","tag-principessa-carolina","sectag-opcm","format-reportage-it"],"acf":[],"yoast_head":"<!-- This site is optimized with the Yoast SEO Premium plugin v26.8 (Yoast SEO v27.5) - https:\/\/yoast.com\/product\/yoast-seo-premium-wordpress\/ -->\n<title>Una Principessa Carolina raggiante annuncia una nomina storica all\u2019OPMC<\/title>\n<meta name=\"description\" content=\"La direttrice d\u2019orchestra francese Nathalie Stutzmann \u00e8 la prima donna a dirigere l\u2019OPMC in 169 anni di storia. Prender\u00e0 il posto di Kazuki Yamada per un\" \/>\n<meta name=\"robots\" content=\"index, follow, max-snippet:-1, max-image-preview:large, max-video-preview:-1\" \/>\n<link rel=\"canonical\" href=\"https:\/\/www.monaco-tribune.com\/it\/2025\/12\/una-principessa-carolina-raggiante-annuncia-una-nomina-storica-allopmc\/\" \/>\n<meta property=\"og:locale\" content=\"it_IT\" \/>\n<meta property=\"og:type\" content=\"article\" \/>\n<meta property=\"og:title\" content=\"Una Principessa Carolina raggiante annuncia una nomina storica all\u2019OPMC - Monaco Tribune\" \/>\n<meta property=\"og:description\" content=\"La direttrice d\u2019orchestra francese Nathalie Stutzmann \u00e8 la prima donna a dirigere l\u2019OPMC in 169 anni di storia. Prender\u00e0 il posto di Kazuki Yamada per un\" \/>\n<meta property=\"og:url\" content=\"https:\/\/www.monaco-tribune.com\/it\/2025\/12\/una-principessa-carolina-raggiante-annuncia-una-nomina-storica-allopmc\/\" \/>\n<meta property=\"og:site_name\" content=\"Monaco Tribune\" \/>\n<meta property=\"article:publisher\" content=\"https:\/\/www.facebook.com\/MonacoTribune\" \/>\n<meta property=\"article:published_time\" content=\"2025-12-11T14:42:39+00:00\" \/>\n<meta property=\"article:modified_time\" content=\"2025-12-11T14:42:45+00:00\" \/>\n<meta property=\"og:image\" content=\"https:\/\/www.monaco-tribune.com\/wp-content\/uploads\/2025\/12\/princesse-caroline-nathalie-stutzmann.jpeg\" \/>\n\t<meta property=\"og:image:width\" content=\"1280\" \/>\n\t<meta property=\"og:image:height\" content=\"853\" \/>\n\t<meta property=\"og:image:type\" content=\"image\/jpeg\" \/>\n<meta name=\"author\" content=\"Benjamin Godart\" \/>\n<meta name=\"twitter:card\" content=\"summary_large_image\" \/>\n<meta name=\"twitter:creator\" content=\"@MonacoTribune\" \/>\n<meta name=\"twitter:site\" content=\"@MonacoTribune\" \/>\n<script type=\"application\/ld+json\" class=\"yoast-schema-graph\">{\"@context\":\"https:\\\/\\\/schema.org\",\"@graph\":[{\"@type\":\"NewsArticle\",\"@id\":\"https:\\\/\\\/www.monaco-tribune.com\\\/it\\\/2025\\\/12\\\/una-principessa-carolina-raggiante-annuncia-una-nomina-storica-allopmc\\\/#article\",\"isPartOf\":{\"@id\":\"https:\\\/\\\/www.monaco-tribune.com\\\/it\\\/2025\\\/12\\\/una-principessa-carolina-raggiante-annuncia-una-nomina-storica-allopmc\\\/\"},\"author\":{\"name\":\"Benjamin Godart\",\"@id\":\"https:\\\/\\\/www.monaco-tribune.com\\\/it\\\/#\\\/schema\\\/person\\\/d201bd3b5aa6a9405a343cb582876e6b\"},\"headline\":\"Una Principessa Carolina raggiante annuncia una nomina storica all\u2019OPMC\",\"datePublished\":\"2025-12-11T14:42:39+00:00\",\"dateModified\":\"2025-12-11T14:42:45+00:00\",\"mainEntityOfPage\":{\"@id\":\"https:\\\/\\\/www.monaco-tribune.com\\\/it\\\/2025\\\/12\\\/una-principessa-carolina-raggiante-annuncia-una-nomina-storica-allopmc\\\/\"},\"wordCount\":882,\"publisher\":{\"@id\":\"https:\\\/\\\/www.monaco-tribune.com\\\/it\\\/#organization\"},\"image\":{\"@id\":\"https:\\\/\\\/www.monaco-tribune.com\\\/it\\\/2025\\\/12\\\/una-principessa-carolina-raggiante-annuncia-una-nomina-storica-allopmc\\\/#primaryimage\"},\"thumbnailUrl\":\"https:\\\/\\\/www.monaco-tribune.com\\\/wp-content\\\/uploads\\\/2025\\\/12\\\/princesse-caroline-nathalie-stutzmann.jpeg\",\"keywords\":[\"Principessa Carolina\"],\"articleSection\":[\"Cosa fare\",\"La nostra scelta\",\"Notizie\"],\"inLanguage\":\"it-IT\",\"copyrightYear\":\"2025\",\"copyrightHolder\":{\"@id\":\"https:\\\/\\\/www.monaco-tribune.com\\\/#organization\"}},{\"@type\":\"WebPage\",\"@id\":\"https:\\\/\\\/www.monaco-tribune.com\\\/it\\\/2025\\\/12\\\/una-principessa-carolina-raggiante-annuncia-una-nomina-storica-allopmc\\\/\",\"url\":\"https:\\\/\\\/www.monaco-tribune.com\\\/it\\\/2025\\\/12\\\/una-principessa-carolina-raggiante-annuncia-una-nomina-storica-allopmc\\\/\",\"name\":\"Una Principessa Carolina raggiante annuncia una nomina storica all\u2019OPMC\",\"isPartOf\":{\"@id\":\"https:\\\/\\\/www.monaco-tribune.com\\\/it\\\/#website\"},\"primaryImageOfPage\":{\"@id\":\"https:\\\/\\\/www.monaco-tribune.com\\\/it\\\/2025\\\/12\\\/una-principessa-carolina-raggiante-annuncia-una-nomina-storica-allopmc\\\/#primaryimage\"},\"image\":{\"@id\":\"https:\\\/\\\/www.monaco-tribune.com\\\/it\\\/2025\\\/12\\\/una-principessa-carolina-raggiante-annuncia-una-nomina-storica-allopmc\\\/#primaryimage\"},\"thumbnailUrl\":\"https:\\\/\\\/www.monaco-tribune.com\\\/wp-content\\\/uploads\\\/2025\\\/12\\\/princesse-caroline-nathalie-stutzmann.jpeg\",\"datePublished\":\"2025-12-11T14:42:39+00:00\",\"dateModified\":\"2025-12-11T14:42:45+00:00\",\"description\":\"La direttrice d\u2019orchestra francese Nathalie Stutzmann \u00e8 la prima donna a dirigere l\u2019OPMC in 169 anni di storia. Prender\u00e0 il posto di Kazuki Yamada per un\",\"breadcrumb\":{\"@id\":\"https:\\\/\\\/www.monaco-tribune.com\\\/it\\\/2025\\\/12\\\/una-principessa-carolina-raggiante-annuncia-una-nomina-storica-allopmc\\\/#breadcrumb\"},\"inLanguage\":\"it-IT\",\"potentialAction\":[{\"@type\":\"ReadAction\",\"target\":[\"https:\\\/\\\/www.monaco-tribune.com\\\/it\\\/2025\\\/12\\\/una-principessa-carolina-raggiante-annuncia-una-nomina-storica-allopmc\\\/\"]}]},{\"@type\":\"ImageObject\",\"inLanguage\":\"it-IT\",\"@id\":\"https:\\\/\\\/www.monaco-tribune.com\\\/it\\\/2025\\\/12\\\/una-principessa-carolina-raggiante-annuncia-una-nomina-storica-allopmc\\\/#primaryimage\",\"url\":\"https:\\\/\\\/www.monaco-tribune.com\\\/wp-content\\\/uploads\\\/2025\\\/12\\\/princesse-caroline-nathalie-stutzmann.jpeg\",\"contentUrl\":\"https:\\\/\\\/www.monaco-tribune.com\\\/wp-content\\\/uploads\\\/2025\\\/12\\\/princesse-caroline-nathalie-stutzmann.jpeg\",\"width\":1280,\"height\":853,\"caption\":\"La Principessa Carolina \u00e8 apparsa molto complice con Nathalie Stutzmann \u00a9 Philippe Fitte \u2013 Direzione degli Affari Culturali\"},{\"@type\":\"BreadcrumbList\",\"@id\":\"https:\\\/\\\/www.monaco-tribune.com\\\/it\\\/2025\\\/12\\\/una-principessa-carolina-raggiante-annuncia-una-nomina-storica-allopmc\\\/#breadcrumb\",\"itemListElement\":[{\"@type\":\"ListItem\",\"position\":1,\"name\":\"Accueil\",\"item\":\"https:\\\/\\\/www.monaco-tribune.com\\\/it\\\/\"},{\"@type\":\"ListItem\",\"position\":2,\"name\":\"Una Principessa Carolina raggiante annuncia una nomina storica all\u2019OPMC\"}]},{\"@type\":\"WebSite\",\"@id\":\"https:\\\/\\\/www.monaco-tribune.com\\\/it\\\/#website\",\"url\":\"https:\\\/\\\/www.monaco-tribune.com\\\/it\\\/\",\"name\":\"Monaco Tribune\",\"description\":\"Monaco : actualit\u00e9s \u00e9conomiques, politiques, culturelles et sportives de Monaco et de la French Riviera.\",\"publisher\":{\"@id\":\"https:\\\/\\\/www.monaco-tribune.com\\\/it\\\/#organization\"},\"potentialAction\":[{\"@type\":\"SearchAction\",\"target\":{\"@type\":\"EntryPoint\",\"urlTemplate\":\"https:\\\/\\\/www.monaco-tribune.com\\\/it\\\/?s={search_term_string}\"},\"query-input\":{\"@type\":\"PropertyValueSpecification\",\"valueRequired\":true,\"valueName\":\"search_term_string\"}}],\"inLanguage\":\"it-IT\"},{\"@type\":\"Organization\",\"@id\":\"https:\\\/\\\/www.monaco-tribune.com\\\/it\\\/#organization\",\"name\":\"Monaco Tribune\",\"url\":\"https:\\\/\\\/www.monaco-tribune.com\\\/it\\\/\",\"logo\":{\"@type\":\"ImageObject\",\"inLanguage\":\"it-IT\",\"@id\":\"https:\\\/\\\/www.monaco-tribune.com\\\/it\\\/#\\\/schema\\\/logo\\\/image\\\/\",\"url\":\"https:\\\/\\\/www.monaco-tribune.com\\\/wp-content\\\/uploads\\\/2022\\\/11\\\/logo-monaco-tribune.png\",\"contentUrl\":\"https:\\\/\\\/www.monaco-tribune.com\\\/wp-content\\\/uploads\\\/2022\\\/11\\\/logo-monaco-tribune.png\",\"width\":1548,\"height\":600,\"caption\":\"Monaco Tribune\"},\"image\":{\"@id\":\"https:\\\/\\\/www.monaco-tribune.com\\\/it\\\/#\\\/schema\\\/logo\\\/image\\\/\"},\"sameAs\":[\"https:\\\/\\\/www.facebook.com\\\/MonacoTribune\",\"https:\\\/\\\/x.com\\\/MonacoTribune\",\"https:\\\/\\\/www.instagram.com\\\/monacotribune\\\/\",\"https:\\\/\\\/www.linkedin.com\\\/company\\\/monaco-tribune\",\"https:\\\/\\\/www.youtube.com\\\/channel\\\/UCHle1MnG6hw1y4lWKijVbMA\"]},{\"@type\":\"Person\",\"@id\":\"https:\\\/\\\/www.monaco-tribune.com\\\/it\\\/#\\\/schema\\\/person\\\/d201bd3b5aa6a9405a343cb582876e6b\",\"name\":\"Benjamin Godart\",\"image\":{\"@type\":\"ImageObject\",\"inLanguage\":\"it-IT\",\"@id\":\"https:\\\/\\\/secure.gravatar.com\\\/avatar\\\/497d42825162d88d88f4d1527d8d9791abdd62e977b6ae137f2a93f8450f5286?s=96&d=mm&r=g\",\"url\":\"https:\\\/\\\/secure.gravatar.com\\\/avatar\\\/497d42825162d88d88f4d1527d8d9791abdd62e977b6ae137f2a93f8450f5286?s=96&d=mm&r=g\",\"contentUrl\":\"https:\\\/\\\/secure.gravatar.com\\\/avatar\\\/497d42825162d88d88f4d1527d8d9791abdd62e977b6ae137f2a93f8450f5286?s=96&d=mm&r=g\",\"caption\":\"Benjamin Godart\"},\"url\":\"https:\\\/\\\/www.monaco-tribune.com\\\/it\\\/author\\\/benjamingodart\\\/\"}]}<\/script>\n<!-- \/ Yoast SEO Premium plugin. -->","yoast_head_json":{"title":"Una Principessa Carolina raggiante annuncia una nomina storica all\u2019OPMC","description":"La direttrice d\u2019orchestra francese Nathalie Stutzmann \u00e8 la prima donna a dirigere l\u2019OPMC in 169 anni di storia. Prender\u00e0 il posto di Kazuki Yamada per un","robots":{"index":"index","follow":"follow","max-snippet":"max-snippet:-1","max-image-preview":"max-image-preview:large","max-video-preview":"max-video-preview:-1"},"canonical":"https:\/\/www.monaco-tribune.com\/it\/2025\/12\/una-principessa-carolina-raggiante-annuncia-una-nomina-storica-allopmc\/","og_locale":"it_IT","og_type":"article","og_title":"Una Principessa Carolina raggiante annuncia una nomina storica all\u2019OPMC - Monaco Tribune","og_description":"La direttrice d\u2019orchestra francese Nathalie Stutzmann \u00e8 la prima donna a dirigere l\u2019OPMC in 169 anni di storia. Prender\u00e0 il posto di Kazuki Yamada per un","og_url":"https:\/\/www.monaco-tribune.com\/it\/2025\/12\/una-principessa-carolina-raggiante-annuncia-una-nomina-storica-allopmc\/","og_site_name":"Monaco Tribune","article_publisher":"https:\/\/www.facebook.com\/MonacoTribune","article_published_time":"2025-12-11T14:42:39+00:00","article_modified_time":"2025-12-11T14:42:45+00:00","og_image":[{"width":1280,"height":853,"url":"https:\/\/www.monaco-tribune.com\/wp-content\/uploads\/2025\/12\/princesse-caroline-nathalie-stutzmann.jpeg","type":"image\/jpeg"}],"author":"Benjamin Godart","twitter_card":"summary_large_image","twitter_creator":"@MonacoTribune","twitter_site":"@MonacoTribune","schema":{"@context":"https:\/\/schema.org","@graph":[{"@type":"NewsArticle","@id":"https:\/\/www.monaco-tribune.com\/it\/2025\/12\/una-principessa-carolina-raggiante-annuncia-una-nomina-storica-allopmc\/#article","isPartOf":{"@id":"https:\/\/www.monaco-tribune.com\/it\/2025\/12\/una-principessa-carolina-raggiante-annuncia-una-nomina-storica-allopmc\/"},"author":{"name":"Benjamin Godart","@id":"https:\/\/www.monaco-tribune.com\/it\/#\/schema\/person\/d201bd3b5aa6a9405a343cb582876e6b"},"headline":"Una Principessa Carolina raggiante annuncia una nomina storica all\u2019OPMC","datePublished":"2025-12-11T14:42:39+00:00","dateModified":"2025-12-11T14:42:45+00:00","mainEntityOfPage":{"@id":"https:\/\/www.monaco-tribune.com\/it\/2025\/12\/una-principessa-carolina-raggiante-annuncia-una-nomina-storica-allopmc\/"},"wordCount":882,"publisher":{"@id":"https:\/\/www.monaco-tribune.com\/it\/#organization"},"image":{"@id":"https:\/\/www.monaco-tribune.com\/it\/2025\/12\/una-principessa-carolina-raggiante-annuncia-una-nomina-storica-allopmc\/#primaryimage"},"thumbnailUrl":"https:\/\/www.monaco-tribune.com\/wp-content\/uploads\/2025\/12\/princesse-caroline-nathalie-stutzmann.jpeg","keywords":["Principessa Carolina"],"articleSection":["Cosa fare","La nostra scelta","Notizie"],"inLanguage":"it-IT","copyrightYear":"2025","copyrightHolder":{"@id":"https:\/\/www.monaco-tribune.com\/#organization"}},{"@type":"WebPage","@id":"https:\/\/www.monaco-tribune.com\/it\/2025\/12\/una-principessa-carolina-raggiante-annuncia-una-nomina-storica-allopmc\/","url":"https:\/\/www.monaco-tribune.com\/it\/2025\/12\/una-principessa-carolina-raggiante-annuncia-una-nomina-storica-allopmc\/","name":"Una Principessa Carolina raggiante annuncia una nomina storica all\u2019OPMC","isPartOf":{"@id":"https:\/\/www.monaco-tribune.com\/it\/#website"},"primaryImageOfPage":{"@id":"https:\/\/www.monaco-tribune.com\/it\/2025\/12\/una-principessa-carolina-raggiante-annuncia-una-nomina-storica-allopmc\/#primaryimage"},"image":{"@id":"https:\/\/www.monaco-tribune.com\/it\/2025\/12\/una-principessa-carolina-raggiante-annuncia-una-nomina-storica-allopmc\/#primaryimage"},"thumbnailUrl":"https:\/\/www.monaco-tribune.com\/wp-content\/uploads\/2025\/12\/princesse-caroline-nathalie-stutzmann.jpeg","datePublished":"2025-12-11T14:42:39+00:00","dateModified":"2025-12-11T14:42:45+00:00","description":"La direttrice d\u2019orchestra francese Nathalie Stutzmann \u00e8 la prima donna a dirigere l\u2019OPMC in 169 anni di storia. Prender\u00e0 il posto di Kazuki Yamada per un","breadcrumb":{"@id":"https:\/\/www.monaco-tribune.com\/it\/2025\/12\/una-principessa-carolina-raggiante-annuncia-una-nomina-storica-allopmc\/#breadcrumb"},"inLanguage":"it-IT","potentialAction":[{"@type":"ReadAction","target":["https:\/\/www.monaco-tribune.com\/it\/2025\/12\/una-principessa-carolina-raggiante-annuncia-una-nomina-storica-allopmc\/"]}]},{"@type":"ImageObject","inLanguage":"it-IT","@id":"https:\/\/www.monaco-tribune.com\/it\/2025\/12\/una-principessa-carolina-raggiante-annuncia-una-nomina-storica-allopmc\/#primaryimage","url":"https:\/\/www.monaco-tribune.com\/wp-content\/uploads\/2025\/12\/princesse-caroline-nathalie-stutzmann.jpeg","contentUrl":"https:\/\/www.monaco-tribune.com\/wp-content\/uploads\/2025\/12\/princesse-caroline-nathalie-stutzmann.jpeg","width":1280,"height":853,"caption":"La Principessa Carolina \u00e8 apparsa molto complice con Nathalie Stutzmann \u00a9 Philippe Fitte \u2013 Direzione degli Affari Culturali"},{"@type":"BreadcrumbList","@id":"https:\/\/www.monaco-tribune.com\/it\/2025\/12\/una-principessa-carolina-raggiante-annuncia-una-nomina-storica-allopmc\/#breadcrumb","itemListElement":[{"@type":"ListItem","position":1,"name":"Accueil","item":"https:\/\/www.monaco-tribune.com\/it\/"},{"@type":"ListItem","position":2,"name":"Una Principessa Carolina raggiante annuncia una nomina storica all\u2019OPMC"}]},{"@type":"WebSite","@id":"https:\/\/www.monaco-tribune.com\/it\/#website","url":"https:\/\/www.monaco-tribune.com\/it\/","name":"Monaco Tribune","description":"Monaco : actualit\u00e9s \u00e9conomiques, politiques, culturelles et sportives de Monaco et de la French Riviera.","publisher":{"@id":"https:\/\/www.monaco-tribune.com\/it\/#organization"},"potentialAction":[{"@type":"SearchAction","target":{"@type":"EntryPoint","urlTemplate":"https:\/\/www.monaco-tribune.com\/it\/?s={search_term_string}"},"query-input":{"@type":"PropertyValueSpecification","valueRequired":true,"valueName":"search_term_string"}}],"inLanguage":"it-IT"},{"@type":"Organization","@id":"https:\/\/www.monaco-tribune.com\/it\/#organization","name":"Monaco Tribune","url":"https:\/\/www.monaco-tribune.com\/it\/","logo":{"@type":"ImageObject","inLanguage":"it-IT","@id":"https:\/\/www.monaco-tribune.com\/it\/#\/schema\/logo\/image\/","url":"https:\/\/www.monaco-tribune.com\/wp-content\/uploads\/2022\/11\/logo-monaco-tribune.png","contentUrl":"https:\/\/www.monaco-tribune.com\/wp-content\/uploads\/2022\/11\/logo-monaco-tribune.png","width":1548,"height":600,"caption":"Monaco Tribune"},"image":{"@id":"https:\/\/www.monaco-tribune.com\/it\/#\/schema\/logo\/image\/"},"sameAs":["https:\/\/www.facebook.com\/MonacoTribune","https:\/\/x.com\/MonacoTribune","https:\/\/www.instagram.com\/monacotribune\/","https:\/\/www.linkedin.com\/company\/monaco-tribune","https:\/\/www.youtube.com\/channel\/UCHle1MnG6hw1y4lWKijVbMA"]},{"@type":"Person","@id":"https:\/\/www.monaco-tribune.com\/it\/#\/schema\/person\/d201bd3b5aa6a9405a343cb582876e6b","name":"Benjamin Godart","image":{"@type":"ImageObject","inLanguage":"it-IT","@id":"https:\/\/secure.gravatar.com\/avatar\/497d42825162d88d88f4d1527d8d9791abdd62e977b6ae137f2a93f8450f5286?s=96&d=mm&r=g","url":"https:\/\/secure.gravatar.com\/avatar\/497d42825162d88d88f4d1527d8d9791abdd62e977b6ae137f2a93f8450f5286?s=96&d=mm&r=g","contentUrl":"https:\/\/secure.gravatar.com\/avatar\/497d42825162d88d88f4d1527d8d9791abdd62e977b6ae137f2a93f8450f5286?s=96&d=mm&r=g","caption":"Benjamin Godart"},"url":"https:\/\/www.monaco-tribune.com\/it\/author\/benjamingodart\/"}]}},"_links":{"self":[{"href":"https:\/\/www.monaco-tribune.com\/it\/wp-json\/wp\/v2\/posts\/330305","targetHints":{"allow":["GET"]}}],"collection":[{"href":"https:\/\/www.monaco-tribune.com\/it\/wp-json\/wp\/v2\/posts"}],"about":[{"href":"https:\/\/www.monaco-tribune.com\/it\/wp-json\/wp\/v2\/types\/post"}],"author":[{"embeddable":true,"href":"https:\/\/www.monaco-tribune.com\/it\/wp-json\/wp\/v2\/users\/82"}],"replies":[{"embeddable":true,"href":"https:\/\/www.monaco-tribune.com\/it\/wp-json\/wp\/v2\/comments?post=330305"}],"version-history":[{"count":3,"href":"https:\/\/www.monaco-tribune.com\/it\/wp-json\/wp\/v2\/posts\/330305\/revisions"}],"predecessor-version":[{"id":330308,"href":"https:\/\/www.monaco-tribune.com\/it\/wp-json\/wp\/v2\/posts\/330305\/revisions\/330308"}],"wp:featuredmedia":[{"embeddable":true,"href":"https:\/\/www.monaco-tribune.com\/it\/wp-json\/wp\/v2\/media\/330145"}],"wp:attachment":[{"href":"https:\/\/www.monaco-tribune.com\/it\/wp-json\/wp\/v2\/media?parent=330305"}],"wp:term":[{"taxonomy":"category","embeddable":true,"href":"https:\/\/www.monaco-tribune.com\/it\/wp-json\/wp\/v2\/categories?post=330305"},{"taxonomy":"post_tag","embeddable":true,"href":"https:\/\/www.monaco-tribune.com\/it\/wp-json\/wp\/v2\/tags?post=330305"},{"taxonomy":"sectag","embeddable":true,"href":"https:\/\/www.monaco-tribune.com\/it\/wp-json\/wp\/v2\/post_sectags?post=330305"},{"taxonomy":"format","embeddable":true,"href":"https:\/\/www.monaco-tribune.com\/it\/wp-json\/wp\/v2\/post_format?post=330305"}],"curies":[{"name":"wp","href":"https:\/\/api.w.org\/{rel}","templated":true}]}}