{"id":330309,"date":"2025-12-11T17:00:06","date_gmt":"2025-12-11T15:00:06","guid":{"rendered":"https:\/\/www.monaco-tribune.com\/2025\/12\/il-grand-prix-di-formula-1-di-monaco-cambia-nome-un-grande-marchio-di-lusso-prende-il-comando\/"},"modified":"2025-12-11T17:00:14","modified_gmt":"2025-12-11T15:00:14","slug":"il-grand-prix-di-formula-1-di-monaco-cambia-nome-un-grande-marchio-di-lusso-prende-il-comando","status":"publish","type":"post","link":"https:\/\/www.monaco-tribune.com\/it\/2025\/12\/il-grand-prix-di-formula-1-di-monaco-cambia-nome-un-grande-marchio-di-lusso-prende-il-comando\/","title":{"rendered":"Il Grand Prix di Formula 1 di Monaco cambia nome: un grande marchio di lusso prende il comando"},"content":{"rendered":"\n<p><strong>L\u2019Automobile Club de Monaco (ACM) ha svelato il poster ufficiale dell\u201983\u00aa edizione del Grand Prix di Monaco con un nuovo partner principale per l\u2019evento.<\/strong><\/p>\n\n<p>\u00c8 una locandina che dice molto sulla direzione che sta prendendo il Gran Premio di Monaco. Presentato mercoled\u00ec 10 dicembre dall\u2019ACM, il visual dell\u201983\u00aa edizione mette in risalto, \u201cper la prima volta nella storia dell\u2019evento, la linea di partenza, quella di arrivo e il podio\u201d. Una scelta che coincide con l\u2019ufficializzazione di Louis Vuitton come nuovo Title partner della gara, ora ribattezzata \u201cFormula 1 Louis Vuitton Grand Prix de Monaco\u201d.<\/p>\n<blockquote class=\"twitter-tweet\">\n<p lang=\"fr\" dir=\"ltr\">Discover the Official Poster of the \ud835\udc05\ud835\udc28\ud835\udc2b\ud835\udc26\ud835\udc2e\ud835\udc25\ud835\udc1a \ud835\udfcf \ud835\udc0b\ud835\udc28\ud835\udc2e\ud835\udc22\ud835\udc2c \ud835\udc15\ud835\udc2e\ud835\udc22\ud835\udc2d\ud835\udc2d\ud835\udc28\ud835\udc27 \ud835\udc06\ud835\udc2b\ud835\udc1a\ud835\udc27\ud835\udc1d \ud835\udc0f\ud835\udc2b\ud835\udc22\ud835\udc31 \ud835\udc1d\ud835\udc1e \ud835\udc0c\ud835\udc28\ud835\udc27\ud835\udc1a\ud835\udc1c\ud835\udc28 \ud835\udfd0\ud835\udfce\ud835\udfd0\ud835\udfd4 \ud83c\udfce\ud83c\udf1f<\/p>\n<p>\ud83d\uddd3 04-07.06.2026<br \/>\ud83c\udf9f <a href=\"https:\/\/t.co\/x2phOCltuU\">https:\/\/t.co\/x2phOCltuU<\/a> <\/p>\n<p>D\u00e9couvrez l\u2019affiche officielle du \ud835\udc05\ud835\udc28\ud835\udc2b\ud835\udc26\ud835\udc2e\ud835\udc25\ud835\udc1a \ud835\udfcf \ud835\udc0b\ud835\udc28\ud835\udc2e\ud835\udc22\ud835\udc2c \ud835\udc15\ud835\udc2e\ud835\udc22\ud835\udc2d\ud835\udc2d\ud835\udc28\ud835\udc27 \ud835\udc06\ud835\udc2b\ud835\udc1a\ud835\udc27\ud835\udc1d \ud835\udc0f\ud835\udc2b\ud835\udc22\ud835\udc31\u2026 <a href=\"https:\/\/t.co\/8PPsZrEpdh\">pic.twitter.com\/8PPsZrEpdh<\/a><\/p>\n<p>&mdash; Automobile Club de Monaco (@ACM_Media) <a href=\"https:\/\/twitter.com\/ACM_Media\/status\/1998709277314150839?ref_src=twsrc%5Etfw\">December 10, 2025<\/a><\/p><\/blockquote>\n<p> <script async src=\"https:\/\/platform.twitter.com\/widgets.js\" charset=\"utf-8\"><\/script><\/p>\n\n<h2 class=\"wp-block-heading\" id=\"h-le-groupe-lvmh-consolide-son-partenariat\">Il gruppo LVMH rafforza la sua partnership<\/h2>\n\n<p>L&#8217;accordo pluriennale, concluso con la Formula 1 e con l\u2019Automobile Club de Monaco, vede il marchio dal celebre monogramma succedere a TAG Heuer, un altro brand del gruppo guidato da Bernard Arnault. Il miliardario francese, <a href=\"https:\/\/www.monaco-tribune.com\/it\/2025\/05\/bernard-arnault-lee-jung-jae-zinedine-zidane-le-star-presenti-al-gp-di-monaco\/\">avvistato nei paddock<\/a> monegaschi durante l\u2019edizione 2025, consolida cos\u00ec la presenza di LVMH in Formula 1, di cui \u00e8 gi\u00e0 partner mondiale dal 2025 grazie a un contratto decennale.<\/p>\n<div class=\"wp-block-image\">\n<figure class=\"aligncenter size-large\"><img loading=\"lazy\" decoding=\"async\" width=\"683\" height=\"1024\" src=\"https:\/\/www.monaco-tribune.com\/wp-content\/uploads\/2025\/06\/500743989_1061305199430952_5765272087840117245_n-683x1024.jpg\" alt=\"bernard-arnault-monaco-gp\" class=\"wp-image-302518\" srcset=\"https:\/\/www.monaco-tribune.com\/wp-content\/uploads\/2025\/06\/500743989_1061305199430952_5765272087840117245_n-683x1024.jpg 683w, https:\/\/www.monaco-tribune.com\/wp-content\/uploads\/2025\/06\/500743989_1061305199430952_5765272087840117245_n-200x300.jpg 200w, https:\/\/www.monaco-tribune.com\/wp-content\/uploads\/2025\/06\/500743989_1061305199430952_5765272087840117245_n.jpg 1366w\" sizes=\"auto, (max-width: 683px) 100vw, 683px\" \/><figcaption class=\"wp-element-caption\"><em>Bernard Arnault durante il Grand Prix 2025<\/em> \u00a9 Monacophotographerr \u2013 Monaco Tribune<\/figcaption><\/figure>\n<\/div>\n<p>\u201cQuesta nuova tappa prolunga la partnership ufficiale che lega Louis Vuitton alla Formula 1 dal 2025 e rafforza una relazione storica tra il marchio e il Principato\u201d, riporta Monaco Matin dopo aver consultato il comunicato ufficiale del brand.<\/p>\n\n<h2 class=\"wp-block-heading\" id=\"h-la-malle-trophee-symbole-d-un-ancrage-monegasque\">Il baule-trofeo, simbolo dell\u2019identit\u00e0 monegasca<\/h2>\n\n<p>Dal 2021, la maison realizza infatti <a href=\"https:\/\/www.monaco-tribune.com\/it\/2021\/05\/il-78-trofeo-del-gran-premio-di-monaco-veste-louis-vuitton\/\">il bauletto che contiene il trofeo<\/a> consegnato al vincitore. Questo scrigno su misura, realizzato negli atelier storici di Asni\u00e8res-sur-Seine, sfoggia il motivo iconico del marchio declinato in rosso in omaggio ai colori del Principato. La \u201cV\u201d, per Vuitton e Victory, completa un design che richiama le tinte della bandiera monegasca. Nel giugno 2026, questo bauletto accoglier\u00e0 per il sesto anno consecutivo il trofeo dell\u2019evento.<\/p>\n<div class=\"wp-block-image\">\n<figure class=\"aligncenter size-full\"><img loading=\"lazy\" decoding=\"async\" width=\"1000\" height=\"562\" src=\"https:\/\/www.monaco-tribune.com\/wp-content\/uploads\/2021\/05\/louis-vuitton-monaco-gp-suitcase.jpeg\" alt=\"Louis Vuitton Monaco GP suitcase\" class=\"wp-image-78014\" srcset=\"https:\/\/www.monaco-tribune.com\/wp-content\/uploads\/2021\/05\/louis-vuitton-monaco-gp-suitcase.jpeg 1000w, https:\/\/www.monaco-tribune.com\/wp-content\/uploads\/2021\/05\/louis-vuitton-monaco-gp-suitcase-534x300.jpeg 534w, https:\/\/www.monaco-tribune.com\/wp-content\/uploads\/2021\/05\/louis-vuitton-monaco-gp-suitcase-267x150.jpeg 267w, https:\/\/www.monaco-tribune.com\/wp-content\/uploads\/2021\/05\/louis-vuitton-monaco-gp-suitcase-768x432.jpeg 768w, https:\/\/www.monaco-tribune.com\/wp-content\/uploads\/2021\/05\/louis-vuitton-monaco-gp-suitcase-175x98.jpeg 175w\" sizes=\"auto, (max-width: 1000px) 100vw, 1000px\" \/><figcaption class=\"wp-element-caption\">\u00a9 Louis Vuitton \/ ACM<\/figcaption><\/figure>\n<\/div>\n<p>Da notare che la prossima edizione, in programma dal 4 al 7 giugno 2026, rompe con la tradizione dell\u2019ultimo weekend di maggio e apre la stagione europea del campionato del mondo. La biglietteria \u00e8 gi\u00e0 aperta sul sito dell\u2019ACM.<\/p>\n","protected":false},"excerpt":{"rendered":"<p>L\u2019Automobile Club de Monaco (ACM) ha svelato il poster ufficiale dell\u201983\u00aa edizione del Grand Prix di Monaco con un nuovo [&hellip;]<\/p>\n","protected":false},"author":21,"featured_media":330047,"comment_status":"closed","ping_status":"closed","sticky":false,"template":"","format":"standard","meta":{"_acf_changed":false,"footnotes":""},"categories":[1738,1743],"tags":[3949],"post_sectags":[5710],"post_format":[2478],"class_list":["post-330309","post","type-post","status-publish","format-standard","has-post-thumbnail","hentry","category-notizie","category-sport-it","tag-gran-premio-di-monaco","sectag-lusso","format-notizia"],"acf":[],"yoast_head":"<!-- This site is optimized with the Yoast SEO Premium plugin v26.8 (Yoast SEO v27.5) - https:\/\/yoast.com\/product\/yoast-seo-premium-wordpress\/ -->\n<title>Il Grand Prix di Formula 1 di Monaco cambia nome: un grande marchio di lusso prende il comando<\/title>\n<meta name=\"description\" content=\"L\u2019Automobile Club de Monaco (ACM) ha svelato il poster ufficiale dell\u201983\u00aa edizione del Grand Prix di Monaco con un nuovo partner principale per l\u2019evento.\" \/>\n<meta name=\"robots\" content=\"index, follow, max-snippet:-1, max-image-preview:large, max-video-preview:-1\" \/>\n<link rel=\"canonical\" href=\"https:\/\/www.monaco-tribune.com\/it\/2025\/12\/il-grand-prix-di-formula-1-di-monaco-cambia-nome-un-grande-marchio-di-lusso-prende-il-comando\/\" \/>\n<meta property=\"og:locale\" content=\"it_IT\" \/>\n<meta property=\"og:type\" content=\"article\" \/>\n<meta property=\"og:title\" content=\"Il Grand Prix di Formula 1 di Monaco cambia nome: un grande marchio di lusso prende il comando - Monaco Tribune\" \/>\n<meta property=\"og:description\" content=\"L\u2019Automobile Club de Monaco (ACM) ha svelato il poster ufficiale dell\u201983\u00aa edizione del Grand Prix di Monaco con un nuovo partner principale per l\u2019evento.\" \/>\n<meta property=\"og:url\" content=\"https:\/\/www.monaco-tribune.com\/it\/2025\/12\/il-grand-prix-di-formula-1-di-monaco-cambia-nome-un-grande-marchio-di-lusso-prende-il-comando\/\" \/>\n<meta property=\"og:site_name\" content=\"Monaco Tribune\" \/>\n<meta property=\"article:publisher\" content=\"https:\/\/www.facebook.com\/MonacoTribune\" \/>\n<meta property=\"article:published_time\" content=\"2025-12-11T15:00:06+00:00\" \/>\n<meta property=\"article:modified_time\" content=\"2025-12-11T15:00:14+00:00\" \/>\n<meta property=\"og:image\" content=\"https:\/\/www.monaco-tribune.com\/wp-content\/uploads\/2025\/12\/vuitton-bernard-arnault-f1-monaco-grande.jpeg\" \/>\n\t<meta property=\"og:image:width\" content=\"1280\" \/>\n\t<meta property=\"og:image:height\" content=\"854\" \/>\n\t<meta property=\"og:image:type\" content=\"image\/jpeg\" \/>\n<meta name=\"author\" content=\"Monaco Tribune\" \/>\n<meta name=\"twitter:card\" content=\"summary_large_image\" \/>\n<meta name=\"twitter:creator\" content=\"@MonacoTribune\" \/>\n<meta name=\"twitter:site\" content=\"@MonacoTribune\" \/>\n<script type=\"application\/ld+json\" class=\"yoast-schema-graph\">{\"@context\":\"https:\\\/\\\/schema.org\",\"@graph\":[{\"@type\":\"NewsArticle\",\"@id\":\"https:\\\/\\\/www.monaco-tribune.com\\\/it\\\/2025\\\/12\\\/il-grand-prix-di-formula-1-di-monaco-cambia-nome-un-grande-marchio-di-lusso-prende-il-comando\\\/#article\",\"isPartOf\":{\"@id\":\"https:\\\/\\\/www.monaco-tribune.com\\\/it\\\/2025\\\/12\\\/il-grand-prix-di-formula-1-di-monaco-cambia-nome-un-grande-marchio-di-lusso-prende-il-comando\\\/\"},\"author\":{\"name\":\"Monaco Tribune\",\"@id\":\"https:\\\/\\\/www.monaco-tribune.com\\\/it\\\/#\\\/schema\\\/person\\\/8f6ed8c063276e2397589eda5b7a2f2d\"},\"headline\":\"Il Grand Prix di Formula 1 di Monaco cambia nome: un grande marchio di lusso prende il comando\",\"datePublished\":\"2025-12-11T15:00:06+00:00\",\"dateModified\":\"2025-12-11T15:00:14+00:00\",\"mainEntityOfPage\":{\"@id\":\"https:\\\/\\\/www.monaco-tribune.com\\\/it\\\/2025\\\/12\\\/il-grand-prix-di-formula-1-di-monaco-cambia-nome-un-grande-marchio-di-lusso-prende-il-comando\\\/\"},\"wordCount\":373,\"publisher\":{\"@id\":\"https:\\\/\\\/www.monaco-tribune.com\\\/it\\\/#organization\"},\"image\":{\"@id\":\"https:\\\/\\\/www.monaco-tribune.com\\\/it\\\/2025\\\/12\\\/il-grand-prix-di-formula-1-di-monaco-cambia-nome-un-grande-marchio-di-lusso-prende-il-comando\\\/#primaryimage\"},\"thumbnailUrl\":\"https:\\\/\\\/www.monaco-tribune.com\\\/wp-content\\\/uploads\\\/2025\\\/12\\\/vuitton-bernard-arnault-f1-monaco-grande.jpeg\",\"keywords\":[\"Gran Premio di Monaco\"],\"articleSection\":[\"Notizie\",\"Sport\"],\"inLanguage\":\"it-IT\",\"copyrightYear\":\"2025\",\"copyrightHolder\":{\"@id\":\"https:\\\/\\\/www.monaco-tribune.com\\\/#organization\"}},{\"@type\":\"WebPage\",\"@id\":\"https:\\\/\\\/www.monaco-tribune.com\\\/it\\\/2025\\\/12\\\/il-grand-prix-di-formula-1-di-monaco-cambia-nome-un-grande-marchio-di-lusso-prende-il-comando\\\/\",\"url\":\"https:\\\/\\\/www.monaco-tribune.com\\\/it\\\/2025\\\/12\\\/il-grand-prix-di-formula-1-di-monaco-cambia-nome-un-grande-marchio-di-lusso-prende-il-comando\\\/\",\"name\":\"Il Grand Prix di Formula 1 di Monaco cambia nome: un grande marchio di lusso prende il comando\",\"isPartOf\":{\"@id\":\"https:\\\/\\\/www.monaco-tribune.com\\\/it\\\/#website\"},\"primaryImageOfPage\":{\"@id\":\"https:\\\/\\\/www.monaco-tribune.com\\\/it\\\/2025\\\/12\\\/il-grand-prix-di-formula-1-di-monaco-cambia-nome-un-grande-marchio-di-lusso-prende-il-comando\\\/#primaryimage\"},\"image\":{\"@id\":\"https:\\\/\\\/www.monaco-tribune.com\\\/it\\\/2025\\\/12\\\/il-grand-prix-di-formula-1-di-monaco-cambia-nome-un-grande-marchio-di-lusso-prende-il-comando\\\/#primaryimage\"},\"thumbnailUrl\":\"https:\\\/\\\/www.monaco-tribune.com\\\/wp-content\\\/uploads\\\/2025\\\/12\\\/vuitton-bernard-arnault-f1-monaco-grande.jpeg\",\"datePublished\":\"2025-12-11T15:00:06+00:00\",\"dateModified\":\"2025-12-11T15:00:14+00:00\",\"description\":\"L\u2019Automobile Club de Monaco (ACM) ha svelato il poster ufficiale dell\u201983\u00aa edizione del Grand Prix di Monaco con un nuovo partner principale per l\u2019evento.\",\"breadcrumb\":{\"@id\":\"https:\\\/\\\/www.monaco-tribune.com\\\/it\\\/2025\\\/12\\\/il-grand-prix-di-formula-1-di-monaco-cambia-nome-un-grande-marchio-di-lusso-prende-il-comando\\\/#breadcrumb\"},\"inLanguage\":\"it-IT\",\"potentialAction\":[{\"@type\":\"ReadAction\",\"target\":[\"https:\\\/\\\/www.monaco-tribune.com\\\/it\\\/2025\\\/12\\\/il-grand-prix-di-formula-1-di-monaco-cambia-nome-un-grande-marchio-di-lusso-prende-il-comando\\\/\"]}]},{\"@type\":\"ImageObject\",\"inLanguage\":\"it-IT\",\"@id\":\"https:\\\/\\\/www.monaco-tribune.com\\\/it\\\/2025\\\/12\\\/il-grand-prix-di-formula-1-di-monaco-cambia-nome-un-grande-marchio-di-lusso-prende-il-comando\\\/#primaryimage\",\"url\":\"https:\\\/\\\/www.monaco-tribune.com\\\/wp-content\\\/uploads\\\/2025\\\/12\\\/vuitton-bernard-arnault-f1-monaco-grande.jpeg\",\"contentUrl\":\"https:\\\/\\\/www.monaco-tribune.com\\\/wp-content\\\/uploads\\\/2025\\\/12\\\/vuitton-bernard-arnault-f1-monaco-grande.jpeg\",\"width\":1280,\"height\":854,\"caption\":\"La celebre maison di lusso realizza gi\u00e0 i bauletti che contengono il trofeo consegnato al vincitore della corsa \u00a9 Micha\u00ebl Alesi \u2013 Palais Princier\"},{\"@type\":\"BreadcrumbList\",\"@id\":\"https:\\\/\\\/www.monaco-tribune.com\\\/it\\\/2025\\\/12\\\/il-grand-prix-di-formula-1-di-monaco-cambia-nome-un-grande-marchio-di-lusso-prende-il-comando\\\/#breadcrumb\",\"itemListElement\":[{\"@type\":\"ListItem\",\"position\":1,\"name\":\"Accueil\",\"item\":\"https:\\\/\\\/www.monaco-tribune.com\\\/it\\\/\"},{\"@type\":\"ListItem\",\"position\":2,\"name\":\"Il Grand Prix di Formula 1 di Monaco cambia nome: un grande marchio di lusso prende il comando\"}]},{\"@type\":\"WebSite\",\"@id\":\"https:\\\/\\\/www.monaco-tribune.com\\\/it\\\/#website\",\"url\":\"https:\\\/\\\/www.monaco-tribune.com\\\/it\\\/\",\"name\":\"Monaco Tribune\",\"description\":\"Monaco : actualit\u00e9s \u00e9conomiques, politiques, culturelles et sportives de Monaco et de la French Riviera.\",\"publisher\":{\"@id\":\"https:\\\/\\\/www.monaco-tribune.com\\\/it\\\/#organization\"},\"potentialAction\":[{\"@type\":\"SearchAction\",\"target\":{\"@type\":\"EntryPoint\",\"urlTemplate\":\"https:\\\/\\\/www.monaco-tribune.com\\\/it\\\/?s={search_term_string}\"},\"query-input\":{\"@type\":\"PropertyValueSpecification\",\"valueRequired\":true,\"valueName\":\"search_term_string\"}}],\"inLanguage\":\"it-IT\"},{\"@type\":\"Organization\",\"@id\":\"https:\\\/\\\/www.monaco-tribune.com\\\/it\\\/#organization\",\"name\":\"Monaco Tribune\",\"url\":\"https:\\\/\\\/www.monaco-tribune.com\\\/it\\\/\",\"logo\":{\"@type\":\"ImageObject\",\"inLanguage\":\"it-IT\",\"@id\":\"https:\\\/\\\/www.monaco-tribune.com\\\/it\\\/#\\\/schema\\\/logo\\\/image\\\/\",\"url\":\"https:\\\/\\\/www.monaco-tribune.com\\\/wp-content\\\/uploads\\\/2022\\\/11\\\/logo-monaco-tribune.png\",\"contentUrl\":\"https:\\\/\\\/www.monaco-tribune.com\\\/wp-content\\\/uploads\\\/2022\\\/11\\\/logo-monaco-tribune.png\",\"width\":1548,\"height\":600,\"caption\":\"Monaco Tribune\"},\"image\":{\"@id\":\"https:\\\/\\\/www.monaco-tribune.com\\\/it\\\/#\\\/schema\\\/logo\\\/image\\\/\"},\"sameAs\":[\"https:\\\/\\\/www.facebook.com\\\/MonacoTribune\",\"https:\\\/\\\/x.com\\\/MonacoTribune\",\"https:\\\/\\\/www.instagram.com\\\/monacotribune\\\/\",\"https:\\\/\\\/www.linkedin.com\\\/company\\\/monaco-tribune\",\"https:\\\/\\\/www.youtube.com\\\/channel\\\/UCHle1MnG6hw1y4lWKijVbMA\"]},{\"@type\":\"Person\",\"@id\":\"https:\\\/\\\/www.monaco-tribune.com\\\/it\\\/#\\\/schema\\\/person\\\/8f6ed8c063276e2397589eda5b7a2f2d\",\"name\":\"Monaco Tribune\",\"image\":{\"@type\":\"ImageObject\",\"inLanguage\":\"it-IT\",\"@id\":\"https:\\\/\\\/secure.gravatar.com\\\/avatar\\\/3010e6c5d6c8056ec1c25228fe68ea089879e5ae0de884e0247744ee988aaf6a?s=96&d=mm&r=g\",\"url\":\"https:\\\/\\\/secure.gravatar.com\\\/avatar\\\/3010e6c5d6c8056ec1c25228fe68ea089879e5ae0de884e0247744ee988aaf6a?s=96&d=mm&r=g\",\"contentUrl\":\"https:\\\/\\\/secure.gravatar.com\\\/avatar\\\/3010e6c5d6c8056ec1c25228fe68ea089879e5ae0de884e0247744ee988aaf6a?s=96&d=mm&r=g\",\"caption\":\"Monaco Tribune\"},\"url\":\"https:\\\/\\\/www.monaco-tribune.com\\\/it\\\/author\\\/monaco-tribune\\\/\"}]}<\/script>\n<!-- \/ Yoast SEO Premium plugin. -->","yoast_head_json":{"title":"Il Grand Prix di Formula 1 di Monaco cambia nome: un grande marchio di lusso prende il comando","description":"L\u2019Automobile Club de Monaco (ACM) ha svelato il poster ufficiale dell\u201983\u00aa edizione del Grand Prix di Monaco con un nuovo partner principale per l\u2019evento.","robots":{"index":"index","follow":"follow","max-snippet":"max-snippet:-1","max-image-preview":"max-image-preview:large","max-video-preview":"max-video-preview:-1"},"canonical":"https:\/\/www.monaco-tribune.com\/it\/2025\/12\/il-grand-prix-di-formula-1-di-monaco-cambia-nome-un-grande-marchio-di-lusso-prende-il-comando\/","og_locale":"it_IT","og_type":"article","og_title":"Il Grand Prix di Formula 1 di Monaco cambia nome: un grande marchio di lusso prende il comando - Monaco Tribune","og_description":"L\u2019Automobile Club de Monaco (ACM) ha svelato il poster ufficiale dell\u201983\u00aa edizione del Grand Prix di Monaco con un nuovo partner principale per l\u2019evento.","og_url":"https:\/\/www.monaco-tribune.com\/it\/2025\/12\/il-grand-prix-di-formula-1-di-monaco-cambia-nome-un-grande-marchio-di-lusso-prende-il-comando\/","og_site_name":"Monaco Tribune","article_publisher":"https:\/\/www.facebook.com\/MonacoTribune","article_published_time":"2025-12-11T15:00:06+00:00","article_modified_time":"2025-12-11T15:00:14+00:00","og_image":[{"width":1280,"height":854,"url":"https:\/\/www.monaco-tribune.com\/wp-content\/uploads\/2025\/12\/vuitton-bernard-arnault-f1-monaco-grande.jpeg","type":"image\/jpeg"}],"author":"Monaco Tribune","twitter_card":"summary_large_image","twitter_creator":"@MonacoTribune","twitter_site":"@MonacoTribune","schema":{"@context":"https:\/\/schema.org","@graph":[{"@type":"NewsArticle","@id":"https:\/\/www.monaco-tribune.com\/it\/2025\/12\/il-grand-prix-di-formula-1-di-monaco-cambia-nome-un-grande-marchio-di-lusso-prende-il-comando\/#article","isPartOf":{"@id":"https:\/\/www.monaco-tribune.com\/it\/2025\/12\/il-grand-prix-di-formula-1-di-monaco-cambia-nome-un-grande-marchio-di-lusso-prende-il-comando\/"},"author":{"name":"Monaco Tribune","@id":"https:\/\/www.monaco-tribune.com\/it\/#\/schema\/person\/8f6ed8c063276e2397589eda5b7a2f2d"},"headline":"Il Grand Prix di Formula 1 di Monaco cambia nome: un grande marchio di lusso prende il comando","datePublished":"2025-12-11T15:00:06+00:00","dateModified":"2025-12-11T15:00:14+00:00","mainEntityOfPage":{"@id":"https:\/\/www.monaco-tribune.com\/it\/2025\/12\/il-grand-prix-di-formula-1-di-monaco-cambia-nome-un-grande-marchio-di-lusso-prende-il-comando\/"},"wordCount":373,"publisher":{"@id":"https:\/\/www.monaco-tribune.com\/it\/#organization"},"image":{"@id":"https:\/\/www.monaco-tribune.com\/it\/2025\/12\/il-grand-prix-di-formula-1-di-monaco-cambia-nome-un-grande-marchio-di-lusso-prende-il-comando\/#primaryimage"},"thumbnailUrl":"https:\/\/www.monaco-tribune.com\/wp-content\/uploads\/2025\/12\/vuitton-bernard-arnault-f1-monaco-grande.jpeg","keywords":["Gran Premio di Monaco"],"articleSection":["Notizie","Sport"],"inLanguage":"it-IT","copyrightYear":"2025","copyrightHolder":{"@id":"https:\/\/www.monaco-tribune.com\/#organization"}},{"@type":"WebPage","@id":"https:\/\/www.monaco-tribune.com\/it\/2025\/12\/il-grand-prix-di-formula-1-di-monaco-cambia-nome-un-grande-marchio-di-lusso-prende-il-comando\/","url":"https:\/\/www.monaco-tribune.com\/it\/2025\/12\/il-grand-prix-di-formula-1-di-monaco-cambia-nome-un-grande-marchio-di-lusso-prende-il-comando\/","name":"Il Grand Prix di Formula 1 di Monaco cambia nome: un grande marchio di lusso prende il comando","isPartOf":{"@id":"https:\/\/www.monaco-tribune.com\/it\/#website"},"primaryImageOfPage":{"@id":"https:\/\/www.monaco-tribune.com\/it\/2025\/12\/il-grand-prix-di-formula-1-di-monaco-cambia-nome-un-grande-marchio-di-lusso-prende-il-comando\/#primaryimage"},"image":{"@id":"https:\/\/www.monaco-tribune.com\/it\/2025\/12\/il-grand-prix-di-formula-1-di-monaco-cambia-nome-un-grande-marchio-di-lusso-prende-il-comando\/#primaryimage"},"thumbnailUrl":"https:\/\/www.monaco-tribune.com\/wp-content\/uploads\/2025\/12\/vuitton-bernard-arnault-f1-monaco-grande.jpeg","datePublished":"2025-12-11T15:00:06+00:00","dateModified":"2025-12-11T15:00:14+00:00","description":"L\u2019Automobile Club de Monaco (ACM) ha svelato il poster ufficiale dell\u201983\u00aa edizione del Grand Prix di Monaco con un nuovo partner principale per l\u2019evento.","breadcrumb":{"@id":"https:\/\/www.monaco-tribune.com\/it\/2025\/12\/il-grand-prix-di-formula-1-di-monaco-cambia-nome-un-grande-marchio-di-lusso-prende-il-comando\/#breadcrumb"},"inLanguage":"it-IT","potentialAction":[{"@type":"ReadAction","target":["https:\/\/www.monaco-tribune.com\/it\/2025\/12\/il-grand-prix-di-formula-1-di-monaco-cambia-nome-un-grande-marchio-di-lusso-prende-il-comando\/"]}]},{"@type":"ImageObject","inLanguage":"it-IT","@id":"https:\/\/www.monaco-tribune.com\/it\/2025\/12\/il-grand-prix-di-formula-1-di-monaco-cambia-nome-un-grande-marchio-di-lusso-prende-il-comando\/#primaryimage","url":"https:\/\/www.monaco-tribune.com\/wp-content\/uploads\/2025\/12\/vuitton-bernard-arnault-f1-monaco-grande.jpeg","contentUrl":"https:\/\/www.monaco-tribune.com\/wp-content\/uploads\/2025\/12\/vuitton-bernard-arnault-f1-monaco-grande.jpeg","width":1280,"height":854,"caption":"La celebre maison di lusso realizza gi\u00e0 i bauletti che contengono il trofeo consegnato al vincitore della corsa \u00a9 Micha\u00ebl Alesi \u2013 Palais Princier"},{"@type":"BreadcrumbList","@id":"https:\/\/www.monaco-tribune.com\/it\/2025\/12\/il-grand-prix-di-formula-1-di-monaco-cambia-nome-un-grande-marchio-di-lusso-prende-il-comando\/#breadcrumb","itemListElement":[{"@type":"ListItem","position":1,"name":"Accueil","item":"https:\/\/www.monaco-tribune.com\/it\/"},{"@type":"ListItem","position":2,"name":"Il Grand Prix di Formula 1 di Monaco cambia nome: un grande marchio di lusso prende il comando"}]},{"@type":"WebSite","@id":"https:\/\/www.monaco-tribune.com\/it\/#website","url":"https:\/\/www.monaco-tribune.com\/it\/","name":"Monaco Tribune","description":"Monaco : actualit\u00e9s \u00e9conomiques, politiques, culturelles et sportives de Monaco et de la French Riviera.","publisher":{"@id":"https:\/\/www.monaco-tribune.com\/it\/#organization"},"potentialAction":[{"@type":"SearchAction","target":{"@type":"EntryPoint","urlTemplate":"https:\/\/www.monaco-tribune.com\/it\/?s={search_term_string}"},"query-input":{"@type":"PropertyValueSpecification","valueRequired":true,"valueName":"search_term_string"}}],"inLanguage":"it-IT"},{"@type":"Organization","@id":"https:\/\/www.monaco-tribune.com\/it\/#organization","name":"Monaco Tribune","url":"https:\/\/www.monaco-tribune.com\/it\/","logo":{"@type":"ImageObject","inLanguage":"it-IT","@id":"https:\/\/www.monaco-tribune.com\/it\/#\/schema\/logo\/image\/","url":"https:\/\/www.monaco-tribune.com\/wp-content\/uploads\/2022\/11\/logo-monaco-tribune.png","contentUrl":"https:\/\/www.monaco-tribune.com\/wp-content\/uploads\/2022\/11\/logo-monaco-tribune.png","width":1548,"height":600,"caption":"Monaco Tribune"},"image":{"@id":"https:\/\/www.monaco-tribune.com\/it\/#\/schema\/logo\/image\/"},"sameAs":["https:\/\/www.facebook.com\/MonacoTribune","https:\/\/x.com\/MonacoTribune","https:\/\/www.instagram.com\/monacotribune\/","https:\/\/www.linkedin.com\/company\/monaco-tribune","https:\/\/www.youtube.com\/channel\/UCHle1MnG6hw1y4lWKijVbMA"]},{"@type":"Person","@id":"https:\/\/www.monaco-tribune.com\/it\/#\/schema\/person\/8f6ed8c063276e2397589eda5b7a2f2d","name":"Monaco Tribune","image":{"@type":"ImageObject","inLanguage":"it-IT","@id":"https:\/\/secure.gravatar.com\/avatar\/3010e6c5d6c8056ec1c25228fe68ea089879e5ae0de884e0247744ee988aaf6a?s=96&d=mm&r=g","url":"https:\/\/secure.gravatar.com\/avatar\/3010e6c5d6c8056ec1c25228fe68ea089879e5ae0de884e0247744ee988aaf6a?s=96&d=mm&r=g","contentUrl":"https:\/\/secure.gravatar.com\/avatar\/3010e6c5d6c8056ec1c25228fe68ea089879e5ae0de884e0247744ee988aaf6a?s=96&d=mm&r=g","caption":"Monaco Tribune"},"url":"https:\/\/www.monaco-tribune.com\/it\/author\/monaco-tribune\/"}]}},"_links":{"self":[{"href":"https:\/\/www.monaco-tribune.com\/it\/wp-json\/wp\/v2\/posts\/330309","targetHints":{"allow":["GET"]}}],"collection":[{"href":"https:\/\/www.monaco-tribune.com\/it\/wp-json\/wp\/v2\/posts"}],"about":[{"href":"https:\/\/www.monaco-tribune.com\/it\/wp-json\/wp\/v2\/types\/post"}],"author":[{"embeddable":true,"href":"https:\/\/www.monaco-tribune.com\/it\/wp-json\/wp\/v2\/users\/21"}],"replies":[{"embeddable":true,"href":"https:\/\/www.monaco-tribune.com\/it\/wp-json\/wp\/v2\/comments?post=330309"}],"version-history":[{"count":3,"href":"https:\/\/www.monaco-tribune.com\/it\/wp-json\/wp\/v2\/posts\/330309\/revisions"}],"predecessor-version":[{"id":330312,"href":"https:\/\/www.monaco-tribune.com\/it\/wp-json\/wp\/v2\/posts\/330309\/revisions\/330312"}],"wp:featuredmedia":[{"embeddable":true,"href":"https:\/\/www.monaco-tribune.com\/it\/wp-json\/wp\/v2\/media\/330047"}],"wp:attachment":[{"href":"https:\/\/www.monaco-tribune.com\/it\/wp-json\/wp\/v2\/media?parent=330309"}],"wp:term":[{"taxonomy":"category","embeddable":true,"href":"https:\/\/www.monaco-tribune.com\/it\/wp-json\/wp\/v2\/categories?post=330309"},{"taxonomy":"post_tag","embeddable":true,"href":"https:\/\/www.monaco-tribune.com\/it\/wp-json\/wp\/v2\/tags?post=330309"},{"taxonomy":"sectag","embeddable":true,"href":"https:\/\/www.monaco-tribune.com\/it\/wp-json\/wp\/v2\/post_sectags?post=330309"},{"taxonomy":"format","embeddable":true,"href":"https:\/\/www.monaco-tribune.com\/it\/wp-json\/wp\/v2\/post_format?post=330309"}],"curies":[{"name":"wp","href":"https:\/\/api.w.org\/{rel}","templated":true}]}}