{"id":335823,"date":"2026-01-22T18:28:49","date_gmt":"2026-01-22T16:28:49","guid":{"rendered":"https:\/\/www.monaco-tribune.com\/2026\/01\/sicurezza-a-monaco-stabilita-nel-2025-e-modernizzazione-tecnologica-nel-2026\/"},"modified":"2026-01-22T18:28:56","modified_gmt":"2026-01-22T16:28:56","slug":"sicurezza-a-monaco-stabilita-nel-2025-e-modernizzazione-tecnologica-nel-2026","status":"publish","type":"post","link":"https:\/\/www.monaco-tribune.com\/it\/2026\/01\/sicurezza-a-monaco-stabilita-nel-2025-e-modernizzazione-tecnologica-nel-2026\/","title":{"rendered":"Sicurezza a Monaco: stabilit\u00e0 nel 2025 e modernizzazione tecnologica nel 2026"},"content":{"rendered":"\n<p><strong>Durante la tradizionale cerimonia di inizio anno della Pubblica Sicurezza, il direttore \u00c9ric Arella ha presentato, alla presenza del Principe Alberto II, un bilancio complessivamente positivo dell&#8217;anno 2025, caratterizzato dall&#8217;assenza di reati gravi.<\/strong><\/p>\n\n<p>\u00c9ric Arella ha inoltre svelato gli orientamenti strategici per il 2026, incentrati sulla modernizzazione tecnologica e sul rafforzamento della cooperazione internazionale.<\/p>\n\n<h2 class=\"wp-block-heading\" id=\"h-une-delinquance-generale-contenue-malgre-une-legere-hausse\">Criminalit\u00e0 generale contenuta nonostante un leggero aumento<\/h2>\n<div class=\"wp-block-image\">\n<figure class=\"aligncenter size-full\"><img loading=\"lazy\" decoding=\"async\" width=\"700\" height=\"467\" src=\"https:\/\/www.monaco-tribune.com\/wp-content\/uploads\/2026\/01\/260121-man-dsp-voeux-sas-20.jpg\" alt=\"\" class=\"wp-image-335580\" srcset=\"https:\/\/www.monaco-tribune.com\/wp-content\/uploads\/2026\/01\/260121-man-dsp-voeux-sas-20.jpg 700w, https:\/\/www.monaco-tribune.com\/wp-content\/uploads\/2026\/01\/260121-man-dsp-voeux-sas-20-450x300.jpg 450w\" sizes=\"auto, (max-width: 700px) 100vw, 700px\" \/><figcaption class=\"wp-element-caption\"><em>\u00c9ric Arella presenta il bilancio dell&#8217;anno trascorso \u00a9 Direzione della Comunicazione \/ Manuel Vitali<\/em><\/figcaption><\/figure>\n<\/div>\n<p>Nel 2025 \u00e8 stata superata la soglia simbolica dei 1.000 casi accertati, con 1.055 reati registrati, ovvero una media di meno di tre violazioni al giorno. Questo aumento \u00e8 dovuto principalmente a un incremento dei reati cosiddetti minori: lesioni involontarie, diffamazioni, danneggiamenti volontari, furti e truffe, in particolare via Internet. I reati di minore entit\u00e0 rappresentano il 38% della criminalit\u00e0 generale.<\/p>\n\n<p>Per contro, i reati pi\u00f9 gravi sono in netto calo. I furti con scasso sono diminuiti del 29% e nel 2025 il Principato non ha registrato alcun omicidio n\u00e9 rapina a mano armata, a differenza dell&#8217;anno precedente. La criminalit\u00e0 su strada, che incide maggiormente sul senso di sicurezza, rimane contenuta a meno di un episodio al giorno, con 328 casi registrati.<\/p>\n\n<p>Tre furti significativi hanno tuttavia caratterizzato l&#8217;anno: quello notturno di borse di lusso in boulevard des Moulins ad aprile, quello di orologi alla chiusura del salone Top Marques a maggio e quello alla stazione di servizio Wurtemberg a dicembre. Due di questi tre casi sono gi\u00e0 stati risolti, a testimonianza dell&#8217;efficacia dei servizi di sicurezza che vanta un tasso di risoluzione complessivo del 52%, in aumento di tre punti rispetto al 2024.<\/p>\n\n<h2 class=\"wp-block-heading\">Sicurezza stradale: risultati incoraggianti<\/h2>\n\n<p>La sicurezza stradale, priorit\u00e0 dell&#8217;anno appena trascorso, registra risultati positivi con un calo del 7% degli incidenti con lesioni personali (150 nel 2025 contro 161 nel 2024) e un&#8217;incredibile diminuzione del 33% dei casi di guida in stato di ebbrezza (90 controlli positivi nel 2025 contro 134 nel 2024). Alla fine dell&#8217;anno si \u00e8 registrato un solo incidente mortale, non correlato al consumo di alcol o sostanze stupefacenti.<\/p>\n\n<p>L&#8217;attuazione della legge 1582 del 14 novembre 2025 ha permesso di introdurre controlli preventivi e test casuali. Durante le feste natalizie, il 9% di questi controlli (21 procedimenti su 231 controlli effettuati) si \u00e8 rivelato positivo, sottolineando la necessit\u00e0 di mantenere alta la vigilanza.<\/p>\n\n<h2 class=\"wp-block-heading\">Attivit\u00e0 operativa costante<\/h2>\n\n<p>I dati confermano una mobilitazione costante delle forze dell&#8217;ordine: 12.380 interventi di polizia, oltre 134.000 controlli d&#8217;identit\u00e0 (circa 400 al giorno) e la gestione di 1.387 telecamere di videosorveglianza 24 ore su 24 da parte del centro di supervisione e comando operativo.<\/p>\n\n<p>Il gruppo di identificazione dei beni criminali (GIAC), che ha celebrato il suo primo anno di attivit\u00e0, ha trattato 32 indagini patrimoniali e proceduto alla confisca di beni per un valore di 128 milioni di euro, portando il totale complessivo a 700 milioni di euro.<\/p>\n\n<p class=\"related\"><a href=\"https:\/\/www.monaco-tribune.com\/it\/2025\/11\/il-pil-di-monaco-supera-per-la-prima-volta-i-10-miliardi-di-euro\/\">Il PIL di Monaco supera per la prima volta i 10 miliardi di euro<\/a><\/p>\n<div class=\"wp-block-image\">\n<figure class=\"aligncenter size-full is-resized\"><img loading=\"lazy\" decoding=\"async\" width=\"600\" height=\"400\" src=\"https:\/\/www.monaco-tribune.com\/wp-content\/uploads\/2026\/01\/260121-man-dsp-voeux-sas-17.jpg\" alt=\"\" class=\"wp-image-335589\" style=\"width:750px;height:auto\" srcset=\"https:\/\/www.monaco-tribune.com\/wp-content\/uploads\/2026\/01\/260121-man-dsp-voeux-sas-17.jpg 600w, https:\/\/www.monaco-tribune.com\/wp-content\/uploads\/2026\/01\/260121-man-dsp-voeux-sas-17-450x300.jpg 450w\" sizes=\"auto, (max-width: 600px) 100vw, 600px\" \/><figcaption class=\"wp-element-caption\"><em>\u00a9 Direzione della Comunicazione \/ Manuel Vitali<\/em><\/figcaption><\/figure>\n<\/div>\n<h2 class=\"wp-block-heading\">2026: modernizzazione e riconoscimento facciale<\/h2>\n\n<p>Il piano quinquennale 2025-2030, approvato alla fine del 2024, inizia a concretizzarsi con la creazione di cinque voci di bilancio per rafforzare la sorveglianza del confine settentrionale a Beausoleil, in particolare nel settore del commercio di lusso, e di tre voci supplementari per i servizi di intelligence e di polizia giudiziaria.<\/p>\n\n<p>Tra le priorit\u00e0 per il 2026, la modernizzazione tecnologica occupa un posto centrale. La direzione della pubblica sicurezza mira a implementare l&#8217;intelligenza artificiale adattata ai processi di polizia tramite un&#8217;unica piattaforma sicura. Il progetto pi\u00f9 emblematico riguarda il riconoscimento facciale, il cui testo proposto mira a &#8220;favorire l&#8217;automazione di alcuni compiti puramente tecnici&#8221; preservando al contempo i diritti e le libert\u00e0 fondamentali. In collaborazione con l&#8217;Agenzia monegasca di normalizzazione, \u00e8 stata inoltre avviata una procedura di certificazione per due unit\u00e0: la polizia amministrativa e la polizia tecnica e scientifica.<\/p>\n\n<h2 class=\"wp-block-heading\" id=\"h-renforcement-de-la-cooperation-internationale\">Rafforzare la cooperazione internazionale<\/h2>\n\n<p>Sebbene la collaborazione con l&#8217;Interpol rimanga una priorit\u00e0 storica per Monaco (il Principato ha contribuito alla creazione dell&#8217;organizzazione nel 1914 su iniziativa del Principe Alberto I), l&#8217;obiettivo di \u00c9ric Arella \u00e8 anche quello di sviluppare ulteriormente l&#8217;utilizzo degli strumenti dell&#8217;Europol, in particolare per le indagini delicate in materia di riciclaggio di denaro. Anche le relazioni bilaterali con l&#8217;Italia sono destinate a rafforzarsi.<\/p>\n<div class=\"wp-block-image\">\n<figure class=\"aligncenter size-full\"><img loading=\"lazy\" decoding=\"async\" width=\"800\" height=\"533\" src=\"https:\/\/www.monaco-tribune.com\/wp-content\/uploads\/2026\/01\/260121-man-dsp-voeux-sas-3.jpg\" alt=\"suret&#xE9; publique \" class=\"wp-image-335600\" srcset=\"https:\/\/www.monaco-tribune.com\/wp-content\/uploads\/2026\/01\/260121-man-dsp-voeux-sas-3.jpg 800w, https:\/\/www.monaco-tribune.com\/wp-content\/uploads\/2026\/01\/260121-man-dsp-voeux-sas-3-450x300.jpg 450w\" sizes=\"auto, (max-width: 800px) 100vw, 800px\" \/><figcaption class=\"wp-element-caption\"><em>Erano presenti anche il ministro di Stato Christophe Mirmand e Lionel Beffre, consigliere di governo-ministro dell&#8217;Interno \u00a9 Direzione della Comunicazione \/ Manuel Vitali<\/em><\/figcaption><\/figure>\n<\/div>\n<h2 class=\"wp-block-heading\">Un&#8217;agenda 2026 piuttosto fitta<\/h2>\n\n<p>L&#8217;anno appena iniziato si preannuncia ricco di eventi importanti: la celebrazione dei 50 anni dell&#8217;accordo Ramoge il 25 e 26 giugno, la partenza della Vuelta da Monaco il 22 e 23 agosto e la Conferenza dei ministri dello sport, senza contare i soliti Gran Premi. Sono di certo sfide logistiche importanti per il personale della Pubblica Sicurezza, per cui sono in vista avanzamenti di carriera, in particolare per quanto riguarda il riequilibrio della piramide gerarchica.<\/p>\n\n<p id=\"h-\">\u00c9ric Arella ha elogiato la capacit\u00e0 del Principato di riuscire nell&#8217;impresa di &#8220;rimanere un&#8217;oasi di pace dove regna un forte senso di sicurezza&#8221;, ricordando al contempo che &#8220;i risultati raggiunti e la serenit\u00e0 non devono assolutamente escludere la vigilanza&#8221;. Ha poi concluso il suo intervento citando Winston Churchill: &#8220;Il successo non \u00e8 mai definitivo; il fallimento non \u00e8 mai fatale; \u00e8 il coraggio di continuare che conta&#8221;.<\/p>\n\n<p><\/p>\n","protected":false},"excerpt":{"rendered":"<p>Durante la tradizionale cerimonia di inizio anno della Pubblica Sicurezza, il direttore \u00c9ric Arella ha presentato, alla presenza del Principe [&hellip;]<\/p>\n","protected":false},"author":80,"featured_media":335586,"comment_status":"closed","ping_status":"closed","sticky":false,"template":"","format":"standard","meta":{"_acf_changed":false,"footnotes":""},"categories":[1826,1738,1752],"tags":[5866],"post_sectags":[5017],"post_format":[2486],"class_list":["post-335823","post","type-post","status-publish","format-standard","has-post-thumbnail","hentry","category-la-nostra-scelta","category-notizie","category-societa","tag-pubblica-sicurezza-2","sectag-sicurezza","format-servizio"],"acf":[],"yoast_head":"<!-- This site is optimized with the Yoast SEO Premium plugin v26.8 (Yoast SEO v27.4) - https:\/\/yoast.com\/product\/yoast-seo-premium-wordpress\/ -->\n<title>Sicurezza a Monaco: stabilit\u00e0 nel 2025 e modernizzazione tecnologica nel 2026<\/title>\n<meta name=\"description\" content=\"Durante la tradizionale cerimonia di inizio anno della Pubblica Sicurezza, il direttore \u00c9ric Arella ha presentato, alla presenza del Principe Alberto II,\" \/>\n<meta name=\"robots\" content=\"index, follow, max-snippet:-1, max-image-preview:large, max-video-preview:-1\" \/>\n<link rel=\"canonical\" href=\"https:\/\/www.monaco-tribune.com\/it\/2026\/01\/sicurezza-a-monaco-stabilita-nel-2025-e-modernizzazione-tecnologica-nel-2026\/\" \/>\n<meta property=\"og:locale\" content=\"it_IT\" \/>\n<meta property=\"og:type\" content=\"article\" \/>\n<meta property=\"og:title\" content=\"Sicurezza a Monaco: stabilit\u00e0 nel 2025 e modernizzazione tecnologica nel 2026 - Monaco Tribune\" \/>\n<meta property=\"og:description\" content=\"Durante la tradizionale cerimonia di inizio anno della Pubblica Sicurezza, il direttore \u00c9ric Arella ha presentato, alla presenza del Principe Alberto II,\" \/>\n<meta property=\"og:url\" content=\"https:\/\/www.monaco-tribune.com\/it\/2026\/01\/sicurezza-a-monaco-stabilita-nel-2025-e-modernizzazione-tecnologica-nel-2026\/\" \/>\n<meta property=\"og:site_name\" content=\"Monaco Tribune\" \/>\n<meta property=\"article:publisher\" content=\"https:\/\/www.facebook.com\/MonacoTribune\" \/>\n<meta property=\"article:published_time\" content=\"2026-01-22T16:28:49+00:00\" \/>\n<meta property=\"article:modified_time\" content=\"2026-01-22T16:28:56+00:00\" \/>\n<meta property=\"og:image\" content=\"https:\/\/www.monaco-tribune.com\/wp-content\/uploads\/2026\/01\/260121-man-dsp-voeux-sas-22.jpg\" \/>\n\t<meta property=\"og:image:width\" content=\"700\" \/>\n\t<meta property=\"og:image:height\" content=\"466\" \/>\n\t<meta property=\"og:image:type\" content=\"image\/jpeg\" \/>\n<meta name=\"author\" content=\"Estelle Imbert\" \/>\n<meta name=\"twitter:card\" content=\"summary_large_image\" \/>\n<meta name=\"twitter:creator\" content=\"@MonacoTribune\" \/>\n<meta name=\"twitter:site\" content=\"@MonacoTribune\" \/>\n<script type=\"application\/ld+json\" class=\"yoast-schema-graph\">{\"@context\":\"https:\\\/\\\/schema.org\",\"@graph\":[{\"@type\":\"NewsArticle\",\"@id\":\"https:\\\/\\\/www.monaco-tribune.com\\\/it\\\/2026\\\/01\\\/sicurezza-a-monaco-stabilita-nel-2025-e-modernizzazione-tecnologica-nel-2026\\\/#article\",\"isPartOf\":{\"@id\":\"https:\\\/\\\/www.monaco-tribune.com\\\/it\\\/2026\\\/01\\\/sicurezza-a-monaco-stabilita-nel-2025-e-modernizzazione-tecnologica-nel-2026\\\/\"},\"author\":{\"name\":\"Estelle Imbert\",\"@id\":\"https:\\\/\\\/www.monaco-tribune.com\\\/it\\\/#\\\/schema\\\/person\\\/55ce91a070ff78e15ec1817376669bf4\"},\"headline\":\"Sicurezza a Monaco: stabilit\u00e0 nel 2025 e modernizzazione tecnologica nel 2026\",\"datePublished\":\"2026-01-22T16:28:49+00:00\",\"dateModified\":\"2026-01-22T16:28:56+00:00\",\"mainEntityOfPage\":{\"@id\":\"https:\\\/\\\/www.monaco-tribune.com\\\/it\\\/2026\\\/01\\\/sicurezza-a-monaco-stabilita-nel-2025-e-modernizzazione-tecnologica-nel-2026\\\/\"},\"wordCount\":851,\"publisher\":{\"@id\":\"https:\\\/\\\/www.monaco-tribune.com\\\/it\\\/#organization\"},\"image\":{\"@id\":\"https:\\\/\\\/www.monaco-tribune.com\\\/it\\\/2026\\\/01\\\/sicurezza-a-monaco-stabilita-nel-2025-e-modernizzazione-tecnologica-nel-2026\\\/#primaryimage\"},\"thumbnailUrl\":\"https:\\\/\\\/www.monaco-tribune.com\\\/wp-content\\\/uploads\\\/2026\\\/01\\\/260121-man-dsp-voeux-sas-22.jpg\",\"keywords\":[\"pubblica sicurezza\"],\"articleSection\":[\"La nostra scelta\",\"Notizie\",\"Societ\u00e0\"],\"inLanguage\":\"it-IT\",\"copyrightYear\":\"2026\",\"copyrightHolder\":{\"@id\":\"https:\\\/\\\/www.monaco-tribune.com\\\/#organization\"}},{\"@type\":\"WebPage\",\"@id\":\"https:\\\/\\\/www.monaco-tribune.com\\\/it\\\/2026\\\/01\\\/sicurezza-a-monaco-stabilita-nel-2025-e-modernizzazione-tecnologica-nel-2026\\\/\",\"url\":\"https:\\\/\\\/www.monaco-tribune.com\\\/it\\\/2026\\\/01\\\/sicurezza-a-monaco-stabilita-nel-2025-e-modernizzazione-tecnologica-nel-2026\\\/\",\"name\":\"Sicurezza a Monaco: stabilit\u00e0 nel 2025 e modernizzazione tecnologica nel 2026\",\"isPartOf\":{\"@id\":\"https:\\\/\\\/www.monaco-tribune.com\\\/it\\\/#website\"},\"primaryImageOfPage\":{\"@id\":\"https:\\\/\\\/www.monaco-tribune.com\\\/it\\\/2026\\\/01\\\/sicurezza-a-monaco-stabilita-nel-2025-e-modernizzazione-tecnologica-nel-2026\\\/#primaryimage\"},\"image\":{\"@id\":\"https:\\\/\\\/www.monaco-tribune.com\\\/it\\\/2026\\\/01\\\/sicurezza-a-monaco-stabilita-nel-2025-e-modernizzazione-tecnologica-nel-2026\\\/#primaryimage\"},\"thumbnailUrl\":\"https:\\\/\\\/www.monaco-tribune.com\\\/wp-content\\\/uploads\\\/2026\\\/01\\\/260121-man-dsp-voeux-sas-22.jpg\",\"datePublished\":\"2026-01-22T16:28:49+00:00\",\"dateModified\":\"2026-01-22T16:28:56+00:00\",\"description\":\"Durante la tradizionale cerimonia di inizio anno della Pubblica Sicurezza, il direttore \u00c9ric Arella ha presentato, alla presenza del Principe Alberto II,\",\"breadcrumb\":{\"@id\":\"https:\\\/\\\/www.monaco-tribune.com\\\/it\\\/2026\\\/01\\\/sicurezza-a-monaco-stabilita-nel-2025-e-modernizzazione-tecnologica-nel-2026\\\/#breadcrumb\"},\"inLanguage\":\"it-IT\",\"potentialAction\":[{\"@type\":\"ReadAction\",\"target\":[\"https:\\\/\\\/www.monaco-tribune.com\\\/it\\\/2026\\\/01\\\/sicurezza-a-monaco-stabilita-nel-2025-e-modernizzazione-tecnologica-nel-2026\\\/\"]}]},{\"@type\":\"ImageObject\",\"inLanguage\":\"it-IT\",\"@id\":\"https:\\\/\\\/www.monaco-tribune.com\\\/it\\\/2026\\\/01\\\/sicurezza-a-monaco-stabilita-nel-2025-e-modernizzazione-tecnologica-nel-2026\\\/#primaryimage\",\"url\":\"https:\\\/\\\/www.monaco-tribune.com\\\/wp-content\\\/uploads\\\/2026\\\/01\\\/260121-man-dsp-voeux-sas-22.jpg\",\"contentUrl\":\"https:\\\/\\\/www.monaco-tribune.com\\\/wp-content\\\/uploads\\\/2026\\\/01\\\/260121-man-dsp-voeux-sas-22.jpg\",\"width\":700,\"height\":466,\"caption\":\"Il Principe Alberto II era presente mercoled\u00ec 21 gennaio alla cerimonia di inizio anno della Pubblica Sicurezza \u00a9 Direzione della Comunicazione \\\/ Manuel Vitali\"},{\"@type\":\"BreadcrumbList\",\"@id\":\"https:\\\/\\\/www.monaco-tribune.com\\\/it\\\/2026\\\/01\\\/sicurezza-a-monaco-stabilita-nel-2025-e-modernizzazione-tecnologica-nel-2026\\\/#breadcrumb\",\"itemListElement\":[{\"@type\":\"ListItem\",\"position\":1,\"name\":\"Accueil\",\"item\":\"https:\\\/\\\/www.monaco-tribune.com\\\/it\\\/\"},{\"@type\":\"ListItem\",\"position\":2,\"name\":\"Sicurezza a Monaco: stabilit\u00e0 nel 2025 e modernizzazione tecnologica nel 2026\"}]},{\"@type\":\"WebSite\",\"@id\":\"https:\\\/\\\/www.monaco-tribune.com\\\/it\\\/#website\",\"url\":\"https:\\\/\\\/www.monaco-tribune.com\\\/it\\\/\",\"name\":\"Monaco Tribune\",\"description\":\"Monaco : actualit\u00e9s \u00e9conomiques, politiques, culturelles et sportives de Monaco et de la French Riviera.\",\"publisher\":{\"@id\":\"https:\\\/\\\/www.monaco-tribune.com\\\/it\\\/#organization\"},\"potentialAction\":[{\"@type\":\"SearchAction\",\"target\":{\"@type\":\"EntryPoint\",\"urlTemplate\":\"https:\\\/\\\/www.monaco-tribune.com\\\/it\\\/?s={search_term_string}\"},\"query-input\":{\"@type\":\"PropertyValueSpecification\",\"valueRequired\":true,\"valueName\":\"search_term_string\"}}],\"inLanguage\":\"it-IT\"},{\"@type\":\"Organization\",\"@id\":\"https:\\\/\\\/www.monaco-tribune.com\\\/it\\\/#organization\",\"name\":\"Monaco Tribune\",\"url\":\"https:\\\/\\\/www.monaco-tribune.com\\\/it\\\/\",\"logo\":{\"@type\":\"ImageObject\",\"inLanguage\":\"it-IT\",\"@id\":\"https:\\\/\\\/www.monaco-tribune.com\\\/it\\\/#\\\/schema\\\/logo\\\/image\\\/\",\"url\":\"https:\\\/\\\/www.monaco-tribune.com\\\/wp-content\\\/uploads\\\/2022\\\/11\\\/logo-monaco-tribune.png\",\"contentUrl\":\"https:\\\/\\\/www.monaco-tribune.com\\\/wp-content\\\/uploads\\\/2022\\\/11\\\/logo-monaco-tribune.png\",\"width\":1548,\"height\":600,\"caption\":\"Monaco Tribune\"},\"image\":{\"@id\":\"https:\\\/\\\/www.monaco-tribune.com\\\/it\\\/#\\\/schema\\\/logo\\\/image\\\/\"},\"sameAs\":[\"https:\\\/\\\/www.facebook.com\\\/MonacoTribune\",\"https:\\\/\\\/x.com\\\/MonacoTribune\",\"https:\\\/\\\/www.instagram.com\\\/monacotribune\\\/\",\"https:\\\/\\\/www.linkedin.com\\\/company\\\/monaco-tribune\",\"https:\\\/\\\/www.youtube.com\\\/channel\\\/UCHle1MnG6hw1y4lWKijVbMA\"]},{\"@type\":\"Person\",\"@id\":\"https:\\\/\\\/www.monaco-tribune.com\\\/it\\\/#\\\/schema\\\/person\\\/55ce91a070ff78e15ec1817376669bf4\",\"name\":\"Estelle Imbert\",\"image\":{\"@type\":\"ImageObject\",\"inLanguage\":\"it-IT\",\"@id\":\"https:\\\/\\\/secure.gravatar.com\\\/avatar\\\/d2e1a3840b1138a669d04f6292bbd810f7f730844d7a28a8e8c4c6da40e79852?s=96&d=mm&r=g\",\"url\":\"https:\\\/\\\/secure.gravatar.com\\\/avatar\\\/d2e1a3840b1138a669d04f6292bbd810f7f730844d7a28a8e8c4c6da40e79852?s=96&d=mm&r=g\",\"contentUrl\":\"https:\\\/\\\/secure.gravatar.com\\\/avatar\\\/d2e1a3840b1138a669d04f6292bbd810f7f730844d7a28a8e8c4c6da40e79852?s=96&d=mm&r=g\",\"caption\":\"Estelle Imbert\"},\"url\":\"https:\\\/\\\/www.monaco-tribune.com\\\/it\\\/author\\\/estelleimbert\\\/\"}]}<\/script>\n<!-- \/ Yoast SEO Premium plugin. -->","yoast_head_json":{"title":"Sicurezza a Monaco: stabilit\u00e0 nel 2025 e modernizzazione tecnologica nel 2026","description":"Durante la tradizionale cerimonia di inizio anno della Pubblica Sicurezza, il direttore \u00c9ric Arella ha presentato, alla presenza del Principe Alberto II,","robots":{"index":"index","follow":"follow","max-snippet":"max-snippet:-1","max-image-preview":"max-image-preview:large","max-video-preview":"max-video-preview:-1"},"canonical":"https:\/\/www.monaco-tribune.com\/it\/2026\/01\/sicurezza-a-monaco-stabilita-nel-2025-e-modernizzazione-tecnologica-nel-2026\/","og_locale":"it_IT","og_type":"article","og_title":"Sicurezza a Monaco: stabilit\u00e0 nel 2025 e modernizzazione tecnologica nel 2026 - Monaco Tribune","og_description":"Durante la tradizionale cerimonia di inizio anno della Pubblica Sicurezza, il direttore \u00c9ric Arella ha presentato, alla presenza del Principe Alberto II,","og_url":"https:\/\/www.monaco-tribune.com\/it\/2026\/01\/sicurezza-a-monaco-stabilita-nel-2025-e-modernizzazione-tecnologica-nel-2026\/","og_site_name":"Monaco Tribune","article_publisher":"https:\/\/www.facebook.com\/MonacoTribune","article_published_time":"2026-01-22T16:28:49+00:00","article_modified_time":"2026-01-22T16:28:56+00:00","og_image":[{"width":700,"height":466,"url":"https:\/\/www.monaco-tribune.com\/wp-content\/uploads\/2026\/01\/260121-man-dsp-voeux-sas-22.jpg","type":"image\/jpeg"}],"author":"Estelle Imbert","twitter_card":"summary_large_image","twitter_creator":"@MonacoTribune","twitter_site":"@MonacoTribune","schema":{"@context":"https:\/\/schema.org","@graph":[{"@type":"NewsArticle","@id":"https:\/\/www.monaco-tribune.com\/it\/2026\/01\/sicurezza-a-monaco-stabilita-nel-2025-e-modernizzazione-tecnologica-nel-2026\/#article","isPartOf":{"@id":"https:\/\/www.monaco-tribune.com\/it\/2026\/01\/sicurezza-a-monaco-stabilita-nel-2025-e-modernizzazione-tecnologica-nel-2026\/"},"author":{"name":"Estelle Imbert","@id":"https:\/\/www.monaco-tribune.com\/it\/#\/schema\/person\/55ce91a070ff78e15ec1817376669bf4"},"headline":"Sicurezza a Monaco: stabilit\u00e0 nel 2025 e modernizzazione tecnologica nel 2026","datePublished":"2026-01-22T16:28:49+00:00","dateModified":"2026-01-22T16:28:56+00:00","mainEntityOfPage":{"@id":"https:\/\/www.monaco-tribune.com\/it\/2026\/01\/sicurezza-a-monaco-stabilita-nel-2025-e-modernizzazione-tecnologica-nel-2026\/"},"wordCount":851,"publisher":{"@id":"https:\/\/www.monaco-tribune.com\/it\/#organization"},"image":{"@id":"https:\/\/www.monaco-tribune.com\/it\/2026\/01\/sicurezza-a-monaco-stabilita-nel-2025-e-modernizzazione-tecnologica-nel-2026\/#primaryimage"},"thumbnailUrl":"https:\/\/www.monaco-tribune.com\/wp-content\/uploads\/2026\/01\/260121-man-dsp-voeux-sas-22.jpg","keywords":["pubblica sicurezza"],"articleSection":["La nostra scelta","Notizie","Societ\u00e0"],"inLanguage":"it-IT","copyrightYear":"2026","copyrightHolder":{"@id":"https:\/\/www.monaco-tribune.com\/#organization"}},{"@type":"WebPage","@id":"https:\/\/www.monaco-tribune.com\/it\/2026\/01\/sicurezza-a-monaco-stabilita-nel-2025-e-modernizzazione-tecnologica-nel-2026\/","url":"https:\/\/www.monaco-tribune.com\/it\/2026\/01\/sicurezza-a-monaco-stabilita-nel-2025-e-modernizzazione-tecnologica-nel-2026\/","name":"Sicurezza a Monaco: stabilit\u00e0 nel 2025 e modernizzazione tecnologica nel 2026","isPartOf":{"@id":"https:\/\/www.monaco-tribune.com\/it\/#website"},"primaryImageOfPage":{"@id":"https:\/\/www.monaco-tribune.com\/it\/2026\/01\/sicurezza-a-monaco-stabilita-nel-2025-e-modernizzazione-tecnologica-nel-2026\/#primaryimage"},"image":{"@id":"https:\/\/www.monaco-tribune.com\/it\/2026\/01\/sicurezza-a-monaco-stabilita-nel-2025-e-modernizzazione-tecnologica-nel-2026\/#primaryimage"},"thumbnailUrl":"https:\/\/www.monaco-tribune.com\/wp-content\/uploads\/2026\/01\/260121-man-dsp-voeux-sas-22.jpg","datePublished":"2026-01-22T16:28:49+00:00","dateModified":"2026-01-22T16:28:56+00:00","description":"Durante la tradizionale cerimonia di inizio anno della Pubblica Sicurezza, il direttore \u00c9ric Arella ha presentato, alla presenza del Principe Alberto II,","breadcrumb":{"@id":"https:\/\/www.monaco-tribune.com\/it\/2026\/01\/sicurezza-a-monaco-stabilita-nel-2025-e-modernizzazione-tecnologica-nel-2026\/#breadcrumb"},"inLanguage":"it-IT","potentialAction":[{"@type":"ReadAction","target":["https:\/\/www.monaco-tribune.com\/it\/2026\/01\/sicurezza-a-monaco-stabilita-nel-2025-e-modernizzazione-tecnologica-nel-2026\/"]}]},{"@type":"ImageObject","inLanguage":"it-IT","@id":"https:\/\/www.monaco-tribune.com\/it\/2026\/01\/sicurezza-a-monaco-stabilita-nel-2025-e-modernizzazione-tecnologica-nel-2026\/#primaryimage","url":"https:\/\/www.monaco-tribune.com\/wp-content\/uploads\/2026\/01\/260121-man-dsp-voeux-sas-22.jpg","contentUrl":"https:\/\/www.monaco-tribune.com\/wp-content\/uploads\/2026\/01\/260121-man-dsp-voeux-sas-22.jpg","width":700,"height":466,"caption":"Il Principe Alberto II era presente mercoled\u00ec 21 gennaio alla cerimonia di inizio anno della Pubblica Sicurezza \u00a9 Direzione della Comunicazione \/ Manuel Vitali"},{"@type":"BreadcrumbList","@id":"https:\/\/www.monaco-tribune.com\/it\/2026\/01\/sicurezza-a-monaco-stabilita-nel-2025-e-modernizzazione-tecnologica-nel-2026\/#breadcrumb","itemListElement":[{"@type":"ListItem","position":1,"name":"Accueil","item":"https:\/\/www.monaco-tribune.com\/it\/"},{"@type":"ListItem","position":2,"name":"Sicurezza a Monaco: stabilit\u00e0 nel 2025 e modernizzazione tecnologica nel 2026"}]},{"@type":"WebSite","@id":"https:\/\/www.monaco-tribune.com\/it\/#website","url":"https:\/\/www.monaco-tribune.com\/it\/","name":"Monaco Tribune","description":"Monaco : actualit\u00e9s \u00e9conomiques, politiques, culturelles et sportives de Monaco et de la French Riviera.","publisher":{"@id":"https:\/\/www.monaco-tribune.com\/it\/#organization"},"potentialAction":[{"@type":"SearchAction","target":{"@type":"EntryPoint","urlTemplate":"https:\/\/www.monaco-tribune.com\/it\/?s={search_term_string}"},"query-input":{"@type":"PropertyValueSpecification","valueRequired":true,"valueName":"search_term_string"}}],"inLanguage":"it-IT"},{"@type":"Organization","@id":"https:\/\/www.monaco-tribune.com\/it\/#organization","name":"Monaco Tribune","url":"https:\/\/www.monaco-tribune.com\/it\/","logo":{"@type":"ImageObject","inLanguage":"it-IT","@id":"https:\/\/www.monaco-tribune.com\/it\/#\/schema\/logo\/image\/","url":"https:\/\/www.monaco-tribune.com\/wp-content\/uploads\/2022\/11\/logo-monaco-tribune.png","contentUrl":"https:\/\/www.monaco-tribune.com\/wp-content\/uploads\/2022\/11\/logo-monaco-tribune.png","width":1548,"height":600,"caption":"Monaco Tribune"},"image":{"@id":"https:\/\/www.monaco-tribune.com\/it\/#\/schema\/logo\/image\/"},"sameAs":["https:\/\/www.facebook.com\/MonacoTribune","https:\/\/x.com\/MonacoTribune","https:\/\/www.instagram.com\/monacotribune\/","https:\/\/www.linkedin.com\/company\/monaco-tribune","https:\/\/www.youtube.com\/channel\/UCHle1MnG6hw1y4lWKijVbMA"]},{"@type":"Person","@id":"https:\/\/www.monaco-tribune.com\/it\/#\/schema\/person\/55ce91a070ff78e15ec1817376669bf4","name":"Estelle Imbert","image":{"@type":"ImageObject","inLanguage":"it-IT","@id":"https:\/\/secure.gravatar.com\/avatar\/d2e1a3840b1138a669d04f6292bbd810f7f730844d7a28a8e8c4c6da40e79852?s=96&d=mm&r=g","url":"https:\/\/secure.gravatar.com\/avatar\/d2e1a3840b1138a669d04f6292bbd810f7f730844d7a28a8e8c4c6da40e79852?s=96&d=mm&r=g","contentUrl":"https:\/\/secure.gravatar.com\/avatar\/d2e1a3840b1138a669d04f6292bbd810f7f730844d7a28a8e8c4c6da40e79852?s=96&d=mm&r=g","caption":"Estelle Imbert"},"url":"https:\/\/www.monaco-tribune.com\/it\/author\/estelleimbert\/"}]}},"_links":{"self":[{"href":"https:\/\/www.monaco-tribune.com\/it\/wp-json\/wp\/v2\/posts\/335823","targetHints":{"allow":["GET"]}}],"collection":[{"href":"https:\/\/www.monaco-tribune.com\/it\/wp-json\/wp\/v2\/posts"}],"about":[{"href":"https:\/\/www.monaco-tribune.com\/it\/wp-json\/wp\/v2\/types\/post"}],"author":[{"embeddable":true,"href":"https:\/\/www.monaco-tribune.com\/it\/wp-json\/wp\/v2\/users\/80"}],"replies":[{"embeddable":true,"href":"https:\/\/www.monaco-tribune.com\/it\/wp-json\/wp\/v2\/comments?post=335823"}],"version-history":[{"count":3,"href":"https:\/\/www.monaco-tribune.com\/it\/wp-json\/wp\/v2\/posts\/335823\/revisions"}],"predecessor-version":[{"id":335826,"href":"https:\/\/www.monaco-tribune.com\/it\/wp-json\/wp\/v2\/posts\/335823\/revisions\/335826"}],"wp:featuredmedia":[{"embeddable":true,"href":"https:\/\/www.monaco-tribune.com\/it\/wp-json\/wp\/v2\/media\/335586"}],"wp:attachment":[{"href":"https:\/\/www.monaco-tribune.com\/it\/wp-json\/wp\/v2\/media?parent=335823"}],"wp:term":[{"taxonomy":"category","embeddable":true,"href":"https:\/\/www.monaco-tribune.com\/it\/wp-json\/wp\/v2\/categories?post=335823"},{"taxonomy":"post_tag","embeddable":true,"href":"https:\/\/www.monaco-tribune.com\/it\/wp-json\/wp\/v2\/tags?post=335823"},{"taxonomy":"sectag","embeddable":true,"href":"https:\/\/www.monaco-tribune.com\/it\/wp-json\/wp\/v2\/post_sectags?post=335823"},{"taxonomy":"format","embeddable":true,"href":"https:\/\/www.monaco-tribune.com\/it\/wp-json\/wp\/v2\/post_format?post=335823"}],"curies":[{"name":"wp","href":"https:\/\/api.w.org\/{rel}","templated":true}]}}