{"id":336687,"date":"2026-01-28T19:44:21","date_gmt":"2026-01-28T17:44:21","guid":{"rendered":"https:\/\/www.monaco-tribune.com\/2026\/01\/il-museo-oceanografico-di-monaco-assume-17-posti-disponibili-per-la-stagione-2026\/"},"modified":"2026-01-28T19:44:25","modified_gmt":"2026-01-28T17:44:25","slug":"il-museo-oceanografico-di-monaco-assume-17-posti-disponibili-per-la-stagione-2026","status":"publish","type":"post","link":"https:\/\/www.monaco-tribune.com\/it\/2026\/01\/il-museo-oceanografico-di-monaco-assume-17-posti-disponibili-per-la-stagione-2026\/","title":{"rendered":"Il Museo Oceanografico di Monaco assume: 17 posti disponibili per la stagione 2026"},"content":{"rendered":"\n<p><strong>L&#8217;11 febbraio, l&#8217;Istituto oceanografico organizza una giornata di assunzioni per rafforzare i propri team in vista dell&#8217;afflusso estivo di visitatori.<\/strong><\/p>\n\n<p>Il Museo Oceanografico di Monaco, che ogni anno accoglie circa 650.000 visitatori, curiosi in particolare di scoprire la mostra immersiva &#8220;Mediterraneo 2050&#8221;, \u00e8 alla ricerca di rinforzi per l&#8217;alta stagione. L&#8217;istituzione offre un totale di 17 posti di lavoro con contratti stagionali e a tempo determinato nei settori di accoglienza, cassa, negozio, insegnamento e animazione.<\/p>\n\n<p>L&#8217;Istituto oceanografico offre quattro contratti part-time come accompagnatori scientifici, principalmente nei fine settimana e durante le vacanze scolastiche. Sono disponibili anche tredici contratti stagionali a tempo pieno: commessi-cassieri in negozio, addetti alla cassa e addetti all&#8217;accoglienza polivalenti, per periodi che vanno da aprile a settembre a seconda della posizione. I candidati devono essere maggiorenni alla data di inizio del contratto.<\/p>\n<div class=\"wp-block-image\">\n<figure class=\"aligncenter size-large\"><img decoding=\"async\" src=\"https:\/\/www.monaco-tribune.com\/wp-content\/uploads\/2026\/01\/journee_recrutement_20240412_musee_oceanographique_monaco&#xA9;institut_oceanographique_de_monaco_frederic_pacorel-1-grande-1024x682.jpeg\" alt=\"&#xA9; Fr&#xE9;d&#xE9;ric Pacorel\" class=\"wp-image-336413\"\/><figcaption class=\"wp-element-caption\">\u00a9 Fr\u00e9d\u00e9ric Pacorel<\/figcaption><\/figure>\n<\/div>\n<h2 class=\"wp-block-heading\" id=\"h-deux-rendez-vous-pour-decouvrir-les-opportunites\">Due appuntamenti per scoprire le opportunit\u00e0<\/h2>\n\n<p>I candidati interessati dovranno registrarsi preventivamente sul sito <a href=\"http:\/\/www.oceano.org\/rejoigneznous\">www.oceano.org\/rejoigneznous<\/a> tra il 26 gennaio e l&#8217;8 febbraio. <strong>Mercoled\u00ec 11 febbraio, dalle 10:00 alle 16:00<\/strong>, inizieranno i colloqui individuali con i responsabili dei diversi settori, direttamente nella sala conferenze del museo.<\/p>\n\n<p>La campagna rientra in un&#8217;iniziativa pi\u00f9 ampia, poich\u00e9 l&#8217;istituto sar\u00e0 presente con uno stand anche alla fiera del lavoro <a href=\"https:\/\/www.monaco-tribune.com\/it\/2026\/01\/assunzioni-la-fiera-monaco-pour-lemploi-fa-spazio-al-digitale\/\">Forum de l&#8217;Emploi<\/a> del Grimaldi Forum il 6 febbraio, un&#8217;occasione per incontrare i team prima della giornata dedicata alle assunzioni.<\/p>\n","protected":false},"excerpt":{"rendered":"<p>L&#8217;11 febbraio, l&#8217;Istituto oceanografico organizza una giornata di assunzioni per rafforzare i propri team in vista dell&#8217;afflusso estivo di visitatori. [&hellip;]<\/p>\n","protected":false},"author":21,"featured_media":336402,"comment_status":"closed","ping_status":"closed","sticky":false,"template":"","format":"standard","meta":{"_acf_changed":false,"footnotes":""},"categories":[1739,1738],"tags":[3140],"post_sectags":[4755],"post_format":[2471],"class_list":["post-336687","post","type-post","status-publish","format-standard","has-post-thumbnail","hentry","category-business-it","category-notizie","tag-lavoro","sectag-museo-oceanografico","format-evento"],"acf":[],"yoast_head":"<!-- This site is optimized with the Yoast SEO Premium plugin v26.8 (Yoast SEO v27.5) - https:\/\/yoast.com\/product\/yoast-seo-premium-wordpress\/ -->\n<title>Il Museo Oceanografico di Monaco assume: 17 posti disponibili per la stagione 2026<\/title>\n<meta name=\"description\" content=\"L&#039;11 febbraio, l&#039;Istituto oceanografico organizza una giornata di assunzioni per rafforzare i propri team in vista dell&#039;afflusso estivo di visitatori. Il\" \/>\n<meta name=\"robots\" content=\"index, follow, max-snippet:-1, max-image-preview:large, max-video-preview:-1\" \/>\n<link rel=\"canonical\" href=\"https:\/\/www.monaco-tribune.com\/it\/2026\/01\/il-museo-oceanografico-di-monaco-assume-17-posti-disponibili-per-la-stagione-2026\/\" \/>\n<meta property=\"og:locale\" content=\"it_IT\" \/>\n<meta property=\"og:type\" content=\"article\" \/>\n<meta property=\"og:title\" content=\"Il Museo Oceanografico di Monaco assume: 17 posti disponibili per la stagione 2026 - Monaco Tribune\" \/>\n<meta property=\"og:description\" content=\"L&#039;11 febbraio, l&#039;Istituto oceanografico organizza una giornata di assunzioni per rafforzare i propri team in vista dell&#039;afflusso estivo di visitatori. Il\" \/>\n<meta property=\"og:url\" content=\"https:\/\/www.monaco-tribune.com\/it\/2026\/01\/il-museo-oceanografico-di-monaco-assume-17-posti-disponibili-per-la-stagione-2026\/\" \/>\n<meta property=\"og:site_name\" content=\"Monaco Tribune\" \/>\n<meta property=\"article:publisher\" content=\"https:\/\/www.facebook.com\/MonacoTribune\" \/>\n<meta property=\"article:published_time\" content=\"2026-01-28T17:44:21+00:00\" \/>\n<meta property=\"article:modified_time\" content=\"2026-01-28T17:44:25+00:00\" \/>\n<meta property=\"og:image\" content=\"https:\/\/www.monaco-tribune.com\/wp-content\/uploads\/2026\/01\/vue-drone-musee-oceanographique-\u00a9-s.-peroumal.jpg\" \/>\n\t<meta property=\"og:image:width\" content=\"1200\" \/>\n\t<meta property=\"og:image:height\" content=\"805\" \/>\n\t<meta property=\"og:image:type\" content=\"image\/jpeg\" \/>\n<meta name=\"author\" content=\"Monaco Tribune\" \/>\n<meta name=\"twitter:card\" content=\"summary_large_image\" \/>\n<meta name=\"twitter:creator\" content=\"@MonacoTribune\" \/>\n<meta name=\"twitter:site\" content=\"@MonacoTribune\" \/>\n<script type=\"application\/ld+json\" class=\"yoast-schema-graph\">{\"@context\":\"https:\\\/\\\/schema.org\",\"@graph\":[{\"@type\":\"NewsArticle\",\"@id\":\"https:\\\/\\\/www.monaco-tribune.com\\\/it\\\/2026\\\/01\\\/il-museo-oceanografico-di-monaco-assume-17-posti-disponibili-per-la-stagione-2026\\\/#article\",\"isPartOf\":{\"@id\":\"https:\\\/\\\/www.monaco-tribune.com\\\/it\\\/2026\\\/01\\\/il-museo-oceanografico-di-monaco-assume-17-posti-disponibili-per-la-stagione-2026\\\/\"},\"author\":{\"name\":\"Monaco Tribune\",\"@id\":\"https:\\\/\\\/www.monaco-tribune.com\\\/it\\\/#\\\/schema\\\/person\\\/8f6ed8c063276e2397589eda5b7a2f2d\"},\"headline\":\"Il Museo Oceanografico di Monaco assume: 17 posti disponibili per la stagione 2026\",\"datePublished\":\"2026-01-28T17:44:21+00:00\",\"dateModified\":\"2026-01-28T17:44:25+00:00\",\"mainEntityOfPage\":{\"@id\":\"https:\\\/\\\/www.monaco-tribune.com\\\/it\\\/2026\\\/01\\\/il-museo-oceanografico-di-monaco-assume-17-posti-disponibili-per-la-stagione-2026\\\/\"},\"wordCount\":238,\"publisher\":{\"@id\":\"https:\\\/\\\/www.monaco-tribune.com\\\/it\\\/#organization\"},\"image\":{\"@id\":\"https:\\\/\\\/www.monaco-tribune.com\\\/it\\\/2026\\\/01\\\/il-museo-oceanografico-di-monaco-assume-17-posti-disponibili-per-la-stagione-2026\\\/#primaryimage\"},\"thumbnailUrl\":\"https:\\\/\\\/www.monaco-tribune.com\\\/wp-content\\\/uploads\\\/2026\\\/01\\\/vue-drone-musee-oceanographique-\u00a9-s.-peroumal.jpg\",\"keywords\":[\"Lavoro\"],\"articleSection\":[\"Business\",\"Notizie\"],\"inLanguage\":\"it-IT\",\"copyrightYear\":\"2026\",\"copyrightHolder\":{\"@id\":\"https:\\\/\\\/www.monaco-tribune.com\\\/#organization\"}},{\"@type\":\"WebPage\",\"@id\":\"https:\\\/\\\/www.monaco-tribune.com\\\/it\\\/2026\\\/01\\\/il-museo-oceanografico-di-monaco-assume-17-posti-disponibili-per-la-stagione-2026\\\/\",\"url\":\"https:\\\/\\\/www.monaco-tribune.com\\\/it\\\/2026\\\/01\\\/il-museo-oceanografico-di-monaco-assume-17-posti-disponibili-per-la-stagione-2026\\\/\",\"name\":\"Il Museo Oceanografico di Monaco assume: 17 posti disponibili per la stagione 2026\",\"isPartOf\":{\"@id\":\"https:\\\/\\\/www.monaco-tribune.com\\\/it\\\/#website\"},\"primaryImageOfPage\":{\"@id\":\"https:\\\/\\\/www.monaco-tribune.com\\\/it\\\/2026\\\/01\\\/il-museo-oceanografico-di-monaco-assume-17-posti-disponibili-per-la-stagione-2026\\\/#primaryimage\"},\"image\":{\"@id\":\"https:\\\/\\\/www.monaco-tribune.com\\\/it\\\/2026\\\/01\\\/il-museo-oceanografico-di-monaco-assume-17-posti-disponibili-per-la-stagione-2026\\\/#primaryimage\"},\"thumbnailUrl\":\"https:\\\/\\\/www.monaco-tribune.com\\\/wp-content\\\/uploads\\\/2026\\\/01\\\/vue-drone-musee-oceanographique-\u00a9-s.-peroumal.jpg\",\"datePublished\":\"2026-01-28T17:44:21+00:00\",\"dateModified\":\"2026-01-28T17:44:25+00:00\",\"description\":\"L'11 febbraio, l'Istituto oceanografico organizza una giornata di assunzioni per rafforzare i propri team in vista dell'afflusso estivo di visitatori. Il\",\"breadcrumb\":{\"@id\":\"https:\\\/\\\/www.monaco-tribune.com\\\/it\\\/2026\\\/01\\\/il-museo-oceanografico-di-monaco-assume-17-posti-disponibili-per-la-stagione-2026\\\/#breadcrumb\"},\"inLanguage\":\"it-IT\",\"potentialAction\":[{\"@type\":\"ReadAction\",\"target\":[\"https:\\\/\\\/www.monaco-tribune.com\\\/it\\\/2026\\\/01\\\/il-museo-oceanografico-di-monaco-assume-17-posti-disponibili-per-la-stagione-2026\\\/\"]}]},{\"@type\":\"ImageObject\",\"inLanguage\":\"it-IT\",\"@id\":\"https:\\\/\\\/www.monaco-tribune.com\\\/it\\\/2026\\\/01\\\/il-museo-oceanografico-di-monaco-assume-17-posti-disponibili-per-la-stagione-2026\\\/#primaryimage\",\"url\":\"https:\\\/\\\/www.monaco-tribune.com\\\/wp-content\\\/uploads\\\/2026\\\/01\\\/vue-drone-musee-oceanographique-\u00a9-s.-peroumal.jpg\",\"contentUrl\":\"https:\\\/\\\/www.monaco-tribune.com\\\/wp-content\\\/uploads\\\/2026\\\/01\\\/vue-drone-musee-oceanographique-\u00a9-s.-peroumal.jpg\",\"width\":1200,\"height\":805,\"caption\":\"Il Museo Oceanografico assume lavoratori stagionali \u00a9 S. Peroumal\"},{\"@type\":\"BreadcrumbList\",\"@id\":\"https:\\\/\\\/www.monaco-tribune.com\\\/it\\\/2026\\\/01\\\/il-museo-oceanografico-di-monaco-assume-17-posti-disponibili-per-la-stagione-2026\\\/#breadcrumb\",\"itemListElement\":[{\"@type\":\"ListItem\",\"position\":1,\"name\":\"Accueil\",\"item\":\"https:\\\/\\\/www.monaco-tribune.com\\\/it\\\/\"},{\"@type\":\"ListItem\",\"position\":2,\"name\":\"Il Museo Oceanografico di Monaco assume: 17 posti disponibili per la stagione 2026\"}]},{\"@type\":\"WebSite\",\"@id\":\"https:\\\/\\\/www.monaco-tribune.com\\\/it\\\/#website\",\"url\":\"https:\\\/\\\/www.monaco-tribune.com\\\/it\\\/\",\"name\":\"Monaco Tribune\",\"description\":\"Monaco : actualit\u00e9s \u00e9conomiques, politiques, culturelles et sportives de Monaco et de la French Riviera.\",\"publisher\":{\"@id\":\"https:\\\/\\\/www.monaco-tribune.com\\\/it\\\/#organization\"},\"potentialAction\":[{\"@type\":\"SearchAction\",\"target\":{\"@type\":\"EntryPoint\",\"urlTemplate\":\"https:\\\/\\\/www.monaco-tribune.com\\\/it\\\/?s={search_term_string}\"},\"query-input\":{\"@type\":\"PropertyValueSpecification\",\"valueRequired\":true,\"valueName\":\"search_term_string\"}}],\"inLanguage\":\"it-IT\"},{\"@type\":\"Organization\",\"@id\":\"https:\\\/\\\/www.monaco-tribune.com\\\/it\\\/#organization\",\"name\":\"Monaco Tribune\",\"url\":\"https:\\\/\\\/www.monaco-tribune.com\\\/it\\\/\",\"logo\":{\"@type\":\"ImageObject\",\"inLanguage\":\"it-IT\",\"@id\":\"https:\\\/\\\/www.monaco-tribune.com\\\/it\\\/#\\\/schema\\\/logo\\\/image\\\/\",\"url\":\"https:\\\/\\\/www.monaco-tribune.com\\\/wp-content\\\/uploads\\\/2022\\\/11\\\/logo-monaco-tribune.png\",\"contentUrl\":\"https:\\\/\\\/www.monaco-tribune.com\\\/wp-content\\\/uploads\\\/2022\\\/11\\\/logo-monaco-tribune.png\",\"width\":1548,\"height\":600,\"caption\":\"Monaco Tribune\"},\"image\":{\"@id\":\"https:\\\/\\\/www.monaco-tribune.com\\\/it\\\/#\\\/schema\\\/logo\\\/image\\\/\"},\"sameAs\":[\"https:\\\/\\\/www.facebook.com\\\/MonacoTribune\",\"https:\\\/\\\/x.com\\\/MonacoTribune\",\"https:\\\/\\\/www.instagram.com\\\/monacotribune\\\/\",\"https:\\\/\\\/www.linkedin.com\\\/company\\\/monaco-tribune\",\"https:\\\/\\\/www.youtube.com\\\/channel\\\/UCHle1MnG6hw1y4lWKijVbMA\"]},{\"@type\":\"Person\",\"@id\":\"https:\\\/\\\/www.monaco-tribune.com\\\/it\\\/#\\\/schema\\\/person\\\/8f6ed8c063276e2397589eda5b7a2f2d\",\"name\":\"Monaco Tribune\",\"image\":{\"@type\":\"ImageObject\",\"inLanguage\":\"it-IT\",\"@id\":\"https:\\\/\\\/secure.gravatar.com\\\/avatar\\\/3010e6c5d6c8056ec1c25228fe68ea089879e5ae0de884e0247744ee988aaf6a?s=96&d=mm&r=g\",\"url\":\"https:\\\/\\\/secure.gravatar.com\\\/avatar\\\/3010e6c5d6c8056ec1c25228fe68ea089879e5ae0de884e0247744ee988aaf6a?s=96&d=mm&r=g\",\"contentUrl\":\"https:\\\/\\\/secure.gravatar.com\\\/avatar\\\/3010e6c5d6c8056ec1c25228fe68ea089879e5ae0de884e0247744ee988aaf6a?s=96&d=mm&r=g\",\"caption\":\"Monaco Tribune\"},\"url\":\"https:\\\/\\\/www.monaco-tribune.com\\\/it\\\/author\\\/monaco-tribune\\\/\"}]}<\/script>\n<!-- \/ Yoast SEO Premium plugin. -->","yoast_head_json":{"title":"Il Museo Oceanografico di Monaco assume: 17 posti disponibili per la stagione 2026","description":"L'11 febbraio, l'Istituto oceanografico organizza una giornata di assunzioni per rafforzare i propri team in vista dell'afflusso estivo di visitatori. Il","robots":{"index":"index","follow":"follow","max-snippet":"max-snippet:-1","max-image-preview":"max-image-preview:large","max-video-preview":"max-video-preview:-1"},"canonical":"https:\/\/www.monaco-tribune.com\/it\/2026\/01\/il-museo-oceanografico-di-monaco-assume-17-posti-disponibili-per-la-stagione-2026\/","og_locale":"it_IT","og_type":"article","og_title":"Il Museo Oceanografico di Monaco assume: 17 posti disponibili per la stagione 2026 - Monaco Tribune","og_description":"L'11 febbraio, l'Istituto oceanografico organizza una giornata di assunzioni per rafforzare i propri team in vista dell'afflusso estivo di visitatori. Il","og_url":"https:\/\/www.monaco-tribune.com\/it\/2026\/01\/il-museo-oceanografico-di-monaco-assume-17-posti-disponibili-per-la-stagione-2026\/","og_site_name":"Monaco Tribune","article_publisher":"https:\/\/www.facebook.com\/MonacoTribune","article_published_time":"2026-01-28T17:44:21+00:00","article_modified_time":"2026-01-28T17:44:25+00:00","og_image":[{"width":1200,"height":805,"url":"https:\/\/www.monaco-tribune.com\/wp-content\/uploads\/2026\/01\/vue-drone-musee-oceanographique-\u00a9-s.-peroumal.jpg","type":"image\/jpeg"}],"author":"Monaco Tribune","twitter_card":"summary_large_image","twitter_creator":"@MonacoTribune","twitter_site":"@MonacoTribune","schema":{"@context":"https:\/\/schema.org","@graph":[{"@type":"NewsArticle","@id":"https:\/\/www.monaco-tribune.com\/it\/2026\/01\/il-museo-oceanografico-di-monaco-assume-17-posti-disponibili-per-la-stagione-2026\/#article","isPartOf":{"@id":"https:\/\/www.monaco-tribune.com\/it\/2026\/01\/il-museo-oceanografico-di-monaco-assume-17-posti-disponibili-per-la-stagione-2026\/"},"author":{"name":"Monaco Tribune","@id":"https:\/\/www.monaco-tribune.com\/it\/#\/schema\/person\/8f6ed8c063276e2397589eda5b7a2f2d"},"headline":"Il Museo Oceanografico di Monaco assume: 17 posti disponibili per la stagione 2026","datePublished":"2026-01-28T17:44:21+00:00","dateModified":"2026-01-28T17:44:25+00:00","mainEntityOfPage":{"@id":"https:\/\/www.monaco-tribune.com\/it\/2026\/01\/il-museo-oceanografico-di-monaco-assume-17-posti-disponibili-per-la-stagione-2026\/"},"wordCount":238,"publisher":{"@id":"https:\/\/www.monaco-tribune.com\/it\/#organization"},"image":{"@id":"https:\/\/www.monaco-tribune.com\/it\/2026\/01\/il-museo-oceanografico-di-monaco-assume-17-posti-disponibili-per-la-stagione-2026\/#primaryimage"},"thumbnailUrl":"https:\/\/www.monaco-tribune.com\/wp-content\/uploads\/2026\/01\/vue-drone-musee-oceanographique-\u00a9-s.-peroumal.jpg","keywords":["Lavoro"],"articleSection":["Business","Notizie"],"inLanguage":"it-IT","copyrightYear":"2026","copyrightHolder":{"@id":"https:\/\/www.monaco-tribune.com\/#organization"}},{"@type":"WebPage","@id":"https:\/\/www.monaco-tribune.com\/it\/2026\/01\/il-museo-oceanografico-di-monaco-assume-17-posti-disponibili-per-la-stagione-2026\/","url":"https:\/\/www.monaco-tribune.com\/it\/2026\/01\/il-museo-oceanografico-di-monaco-assume-17-posti-disponibili-per-la-stagione-2026\/","name":"Il Museo Oceanografico di Monaco assume: 17 posti disponibili per la stagione 2026","isPartOf":{"@id":"https:\/\/www.monaco-tribune.com\/it\/#website"},"primaryImageOfPage":{"@id":"https:\/\/www.monaco-tribune.com\/it\/2026\/01\/il-museo-oceanografico-di-monaco-assume-17-posti-disponibili-per-la-stagione-2026\/#primaryimage"},"image":{"@id":"https:\/\/www.monaco-tribune.com\/it\/2026\/01\/il-museo-oceanografico-di-monaco-assume-17-posti-disponibili-per-la-stagione-2026\/#primaryimage"},"thumbnailUrl":"https:\/\/www.monaco-tribune.com\/wp-content\/uploads\/2026\/01\/vue-drone-musee-oceanographique-\u00a9-s.-peroumal.jpg","datePublished":"2026-01-28T17:44:21+00:00","dateModified":"2026-01-28T17:44:25+00:00","description":"L'11 febbraio, l'Istituto oceanografico organizza una giornata di assunzioni per rafforzare i propri team in vista dell'afflusso estivo di visitatori. Il","breadcrumb":{"@id":"https:\/\/www.monaco-tribune.com\/it\/2026\/01\/il-museo-oceanografico-di-monaco-assume-17-posti-disponibili-per-la-stagione-2026\/#breadcrumb"},"inLanguage":"it-IT","potentialAction":[{"@type":"ReadAction","target":["https:\/\/www.monaco-tribune.com\/it\/2026\/01\/il-museo-oceanografico-di-monaco-assume-17-posti-disponibili-per-la-stagione-2026\/"]}]},{"@type":"ImageObject","inLanguage":"it-IT","@id":"https:\/\/www.monaco-tribune.com\/it\/2026\/01\/il-museo-oceanografico-di-monaco-assume-17-posti-disponibili-per-la-stagione-2026\/#primaryimage","url":"https:\/\/www.monaco-tribune.com\/wp-content\/uploads\/2026\/01\/vue-drone-musee-oceanographique-\u00a9-s.-peroumal.jpg","contentUrl":"https:\/\/www.monaco-tribune.com\/wp-content\/uploads\/2026\/01\/vue-drone-musee-oceanographique-\u00a9-s.-peroumal.jpg","width":1200,"height":805,"caption":"Il Museo Oceanografico assume lavoratori stagionali \u00a9 S. Peroumal"},{"@type":"BreadcrumbList","@id":"https:\/\/www.monaco-tribune.com\/it\/2026\/01\/il-museo-oceanografico-di-monaco-assume-17-posti-disponibili-per-la-stagione-2026\/#breadcrumb","itemListElement":[{"@type":"ListItem","position":1,"name":"Accueil","item":"https:\/\/www.monaco-tribune.com\/it\/"},{"@type":"ListItem","position":2,"name":"Il Museo Oceanografico di Monaco assume: 17 posti disponibili per la stagione 2026"}]},{"@type":"WebSite","@id":"https:\/\/www.monaco-tribune.com\/it\/#website","url":"https:\/\/www.monaco-tribune.com\/it\/","name":"Monaco Tribune","description":"Monaco : actualit\u00e9s \u00e9conomiques, politiques, culturelles et sportives de Monaco et de la French Riviera.","publisher":{"@id":"https:\/\/www.monaco-tribune.com\/it\/#organization"},"potentialAction":[{"@type":"SearchAction","target":{"@type":"EntryPoint","urlTemplate":"https:\/\/www.monaco-tribune.com\/it\/?s={search_term_string}"},"query-input":{"@type":"PropertyValueSpecification","valueRequired":true,"valueName":"search_term_string"}}],"inLanguage":"it-IT"},{"@type":"Organization","@id":"https:\/\/www.monaco-tribune.com\/it\/#organization","name":"Monaco Tribune","url":"https:\/\/www.monaco-tribune.com\/it\/","logo":{"@type":"ImageObject","inLanguage":"it-IT","@id":"https:\/\/www.monaco-tribune.com\/it\/#\/schema\/logo\/image\/","url":"https:\/\/www.monaco-tribune.com\/wp-content\/uploads\/2022\/11\/logo-monaco-tribune.png","contentUrl":"https:\/\/www.monaco-tribune.com\/wp-content\/uploads\/2022\/11\/logo-monaco-tribune.png","width":1548,"height":600,"caption":"Monaco Tribune"},"image":{"@id":"https:\/\/www.monaco-tribune.com\/it\/#\/schema\/logo\/image\/"},"sameAs":["https:\/\/www.facebook.com\/MonacoTribune","https:\/\/x.com\/MonacoTribune","https:\/\/www.instagram.com\/monacotribune\/","https:\/\/www.linkedin.com\/company\/monaco-tribune","https:\/\/www.youtube.com\/channel\/UCHle1MnG6hw1y4lWKijVbMA"]},{"@type":"Person","@id":"https:\/\/www.monaco-tribune.com\/it\/#\/schema\/person\/8f6ed8c063276e2397589eda5b7a2f2d","name":"Monaco Tribune","image":{"@type":"ImageObject","inLanguage":"it-IT","@id":"https:\/\/secure.gravatar.com\/avatar\/3010e6c5d6c8056ec1c25228fe68ea089879e5ae0de884e0247744ee988aaf6a?s=96&d=mm&r=g","url":"https:\/\/secure.gravatar.com\/avatar\/3010e6c5d6c8056ec1c25228fe68ea089879e5ae0de884e0247744ee988aaf6a?s=96&d=mm&r=g","contentUrl":"https:\/\/secure.gravatar.com\/avatar\/3010e6c5d6c8056ec1c25228fe68ea089879e5ae0de884e0247744ee988aaf6a?s=96&d=mm&r=g","caption":"Monaco Tribune"},"url":"https:\/\/www.monaco-tribune.com\/it\/author\/monaco-tribune\/"}]}},"_links":{"self":[{"href":"https:\/\/www.monaco-tribune.com\/it\/wp-json\/wp\/v2\/posts\/336687","targetHints":{"allow":["GET"]}}],"collection":[{"href":"https:\/\/www.monaco-tribune.com\/it\/wp-json\/wp\/v2\/posts"}],"about":[{"href":"https:\/\/www.monaco-tribune.com\/it\/wp-json\/wp\/v2\/types\/post"}],"author":[{"embeddable":true,"href":"https:\/\/www.monaco-tribune.com\/it\/wp-json\/wp\/v2\/users\/21"}],"replies":[{"embeddable":true,"href":"https:\/\/www.monaco-tribune.com\/it\/wp-json\/wp\/v2\/comments?post=336687"}],"version-history":[{"count":3,"href":"https:\/\/www.monaco-tribune.com\/it\/wp-json\/wp\/v2\/posts\/336687\/revisions"}],"predecessor-version":[{"id":336690,"href":"https:\/\/www.monaco-tribune.com\/it\/wp-json\/wp\/v2\/posts\/336687\/revisions\/336690"}],"wp:featuredmedia":[{"embeddable":true,"href":"https:\/\/www.monaco-tribune.com\/it\/wp-json\/wp\/v2\/media\/336402"}],"wp:attachment":[{"href":"https:\/\/www.monaco-tribune.com\/it\/wp-json\/wp\/v2\/media?parent=336687"}],"wp:term":[{"taxonomy":"category","embeddable":true,"href":"https:\/\/www.monaco-tribune.com\/it\/wp-json\/wp\/v2\/categories?post=336687"},{"taxonomy":"post_tag","embeddable":true,"href":"https:\/\/www.monaco-tribune.com\/it\/wp-json\/wp\/v2\/tags?post=336687"},{"taxonomy":"sectag","embeddable":true,"href":"https:\/\/www.monaco-tribune.com\/it\/wp-json\/wp\/v2\/post_sectags?post=336687"},{"taxonomy":"format","embeddable":true,"href":"https:\/\/www.monaco-tribune.com\/it\/wp-json\/wp\/v2\/post_format?post=336687"}],"curies":[{"name":"wp","href":"https:\/\/api.w.org\/{rel}","templated":true}]}}