{"id":336691,"date":"2026-01-28T20:17:56","date_gmt":"2026-01-28T18:17:56","guid":{"rendered":"https:\/\/www.monaco-tribune.com\/2026\/01\/monegaschi-accorsi-numerosi-a-fianco-della-famiglia-principesca-per-celebrare-santa-devota\/"},"modified":"2026-01-28T20:18:05","modified_gmt":"2026-01-28T18:18:05","slug":"monegaschi-accorsi-numerosi-a-fianco-della-famiglia-principesca-per-celebrare-santa-devota","status":"publish","type":"post","link":"https:\/\/www.monaco-tribune.com\/it\/2026\/01\/monegaschi-accorsi-numerosi-a-fianco-della-famiglia-principesca-per-celebrare-santa-devota\/","title":{"rendered":"Monegaschi accorsi numerosi a fianco della Famiglia Principesca per celebrare Santa Devota"},"content":{"rendered":"\n<p><strong>Luned\u00ec 26 gennaio, i monegaschi sono accorsi numerosi al Port Hercule per accompangnare la famiglia principesca nei festeggiamenti di Santa Devota.<\/strong><\/p>\n\n<p>Nonostante le temperature rigide in quella serata invernale, i fedeli non si sono lasciati scoraggiare. Gi\u00e0 dalle 17:00, ben avvolti in cappotti e sciarpe, si sono sistemati tutt&#8217;intorno al porto per assistere alle celebrazioni.<\/p>\n\n<p>Santa Devota \u00e8 la patrona di Monaco e della Famiglia Principesca. Secondo la tradizione, questa martire cristiana del IV secolo fu collocata su una barca dopo il suo martirio in Corsica. Una colomba guid\u00f2 l&#8217;imbarcazione fino alle coste monegasche. Ogni anno, la tradizione viene perpetuata con l&#8217;incendio di una barca simbolica.<\/p>\n<div class=\"wp-block-image\">\n<figure class=\"aligncenter size-large\"><img loading=\"lazy\" decoding=\"async\" width=\"1024\" height=\"683\" src=\"https:\/\/www.monaco-tribune.com\/wp-content\/uploads\/2026\/01\/sainte-devote-prince-albert-ii-monaco-2-1024x683.jpg\" alt=\"\" class=\"wp-image-336292\" srcset=\"https:\/\/www.monaco-tribune.com\/wp-content\/uploads\/2026\/01\/sainte-devote-prince-albert-ii-monaco-2-1024x683.jpg 1024w, https:\/\/www.monaco-tribune.com\/wp-content\/uploads\/2026\/01\/sainte-devote-prince-albert-ii-monaco-2-450x300.jpg 450w, https:\/\/www.monaco-tribune.com\/wp-content\/uploads\/2026\/01\/sainte-devote-prince-albert-ii-monaco-2.jpg 1440w\" sizes=\"auto, (max-width: 1024px) 100vw, 1024px\" \/><figcaption class=\"wp-element-caption\"><em>\u00a9 Direzione della Comunicazione \/ St\u00e9phane Danna<\/em><\/figcaption><\/figure>\n<\/div>\n<p>Il Principe Alberto II, la Principessa Charl\u00e8ne, il Principe Ereditario Jacques e la Principessa Gabriella hanno presieduto i festeggiamenti. <a href=\"https:\/\/www.monaco-tribune.com\/it\/2026\/01\/in-immagini-i-gemelli-del-principeschi-jacques-e-gabriella-accendono-la-barca-di-santa-devota-a-monaco\/\">I gemelli principeschi hanno avuto l&#8217;onore di incendiare la barca<\/a>, il momento pi\u00f9 atteso della serata.<\/p>\n\n<h2 class=\"wp-block-heading\" id=\"h-l-enthousiasme-palpable-du-public\">L&#8217;entusiasmo palpabile del pubblico<\/h2>\n\n<p>Molto prima dell&#8217;inizio ufficiale, i primi spettatori hanno preso posto al Port Hercule. Molti assistevano all&#8217;evento per la prima volta. Tra questi c&#8217;era Nadine. Ha lasciato Nizza nel tardo pomeriggio per non perdersi neanche un minuto dei festeggiamenti. Arrivata tra i primi, spiega di aver fatto il viaggio appositamente per assistere per la prima volta a questa celebrazione religiosa. Molto credente, ci teneva a partecipare a questo evento che unisce fede e tradizione monegasca.<\/p>\n<div class=\"wp-block-image\">\n<figure class=\"aligncenter size-large\"><img loading=\"lazy\" decoding=\"async\" width=\"1024\" height=\"683\" src=\"https:\/\/www.monaco-tribune.com\/wp-content\/uploads\/2026\/01\/sainte-devote-prince-albert-ii-monaco-9-1024x683.jpg\" alt=\"\" class=\"wp-image-336316\" srcset=\"https:\/\/www.monaco-tribune.com\/wp-content\/uploads\/2026\/01\/sainte-devote-prince-albert-ii-monaco-9-1024x683.jpg 1024w, https:\/\/www.monaco-tribune.com\/wp-content\/uploads\/2026\/01\/sainte-devote-prince-albert-ii-monaco-9-450x300.jpg 450w, https:\/\/www.monaco-tribune.com\/wp-content\/uploads\/2026\/01\/sainte-devote-prince-albert-ii-monaco-9.jpg 2048w\" sizes=\"auto, (max-width: 1024px) 100vw, 1024px\" \/><figcaption class=\"wp-element-caption\"><em>\u00a9 \u00a0Direzione della Comunicazione \/ St\u00e9phane Danna<\/em><\/figcaption><\/figure>\n<\/div>\n<p>Paolo conosce bene la festa di Santa Devota. Ogni anno cerca di non perdere l&#8217;appuntamento. Quella sera \u00e8 stata la musica ad attirarlo al porto stuzzicando la sua curiosit\u00e0. Si \u00e8 lasciato cos\u00ec trasportare dall&#8217;atmosfera. Per lui la festa \u00e8 &#8220;molto bella e ben organizzata&#8221;. Anche Valentina assisteva alle celebrazioni per la prima volta. La bambina, che frequenta la scuola a Monaco, ha insistito con la sua famiglia per partecipare all&#8217;evento. Suo padre ha quindi deciso di arrivare presto e di posizionarsi in prima fila: &#8220;\u00c8 meglio stare davanti, visto che \u00e8 piccolina, e aspettare. Era impaziente di venire, quindi siamo venuti!&#8221;, spiega. La bambina non vedeva l&#8217;ora di vedere le fiamme salire dalla barca.<\/p>\n\n<p class=\"related\"><a href=\"https:\/\/www.monaco-tribune.com\/it\/2023\/01\/conoscete-le-leggende-di-monaco\/\">Conoscete le leggende di Monaco?<\/a><\/p>\n\n<p>Antoine, dal canto suo, non manca mai di partecipare ai festeggiamenti: &#8220;Ci vado da quando ero piccolo, per tradizione. Non sono cattolico. \u00c8 solo il lato tradizionale che mi interessa. E anche perch\u00e9 sono superstizioso&#8221;, confida. Quest&#8217;anno era particolarmente entusiasta all&#8217;annuncio dello spettacolo dei droni. Ma il suo momento preferito rimane sempre lo stesso: l&#8217;incendio della barca. Con un sorriso divertito, aggiunge: &#8220;Non sono un piromane, ma lo trovo bello!&#8221;.<\/p>\n\n<h2 class=\"wp-block-heading\" id=\"h-la-barque-embrasee-moment-phare-de-la-celebration\">La barca in fiamme, momento clou della celebrazione<\/h2>\n\n<p>La serata \u00e8 iniziata con una messa celebrata dall&#8217;arcivescovo di Monaco nella chiesa di Santa Devota. La Famiglia Principesca \u00e8 poi arrivata tra gli applausi della folla. Il Principe Jacques e la Principessa Gabriella, torce alla mano, hanno quindi dato fuoco alla barca simbolica. Le fiamme si sono alzate nella notte tra le ovazioni del pubblico con in sottofondo i canti tradizionali. <\/p>\n<div class=\"wp-block-image\">\n<figure class=\"aligncenter size-large\"><img loading=\"lazy\" decoding=\"async\" width=\"1024\" height=\"683\" src=\"https:\/\/www.monaco-tribune.com\/wp-content\/uploads\/2026\/01\/sainte-devote-prince-albert-ii-monaco-1024x683.jpg\" alt=\"\" class=\"wp-image-336328\" srcset=\"https:\/\/www.monaco-tribune.com\/wp-content\/uploads\/2026\/01\/sainte-devote-prince-albert-ii-monaco-1024x683.jpg 1024w, https:\/\/www.monaco-tribune.com\/wp-content\/uploads\/2026\/01\/sainte-devote-prince-albert-ii-monaco-450x300.jpg 450w, https:\/\/www.monaco-tribune.com\/wp-content\/uploads\/2026\/01\/sainte-devote-prince-albert-ii-monaco.jpg 1440w\" sizes=\"auto, (max-width: 1024px) 100vw, 1024px\" \/><figcaption class=\"wp-element-caption\"><em>\u00a9 \u00a0Direzione della Comunicazione \/ St\u00e9phane Danna<\/em><\/figcaption><\/figure>\n<\/div>\n<p class=\"related\"><a href=\"https:\/\/www.monaco-tribune.com\/it\/2025\/09\/imparare-il-monegasco-una-guida-pratica-alla-lingua-del-principato\/\">Imparare il monegasco: una guida pratica alla lingua del Principato<\/a><\/p>\n\n<p>Uno spettacolo di droni ha poi illuminato il cielo monegasco per alcuni minuti, ripercorrendo la storia della Santa. La Famiglia Principesca ha concluso la serata salutando il pubblico.<\/p>\n<blockquote class=\"instagram-media\" data-instgrm-permalink=\"https:\/\/www.instagram.com\/reel\/DT_HiKngHsS\/?utm_source=ig_embed&amp;utm_campaign=loading\" data-instgrm-version=\"14\" style=\" background:#FFF; border:0; border-radius:3px; box-shadow:0 0 1px 0 rgba(0,0,0,0.5),0 1px 10px 0 rgba(0,0,0,0.15); margin: 1px; max-width:540px; min-width:326px; padding:0; width:99.375%; width:-webkit-calc(100% - 2px); width:calc(100% - 2px);\">\n<div style=\"padding:16px;\"> <a href=\"https:\/\/www.instagram.com\/reel\/DT_HiKngHsS\/?utm_source=ig_embed&amp;utm_campaign=loading\" style=\" background:#FFFFFF; line-height:0; padding:0 0; text-align:center; text-decoration:none; width:100%;\" target=\"_blank\"> <\/p>\n<div style=\" display: flex; flex-direction: row; align-items: center;\">\n<div style=\"background-color: #F4F4F4; border-radius: 50%; flex-grow: 0; height: 40px; margin-right: 14px; width: 40px;\"><\/div>\n<div style=\"display: flex; flex-direction: column; flex-grow: 1; justify-content: center;\">\n<div style=\" background-color: #F4F4F4; border-radius: 4px; flex-grow: 0; height: 14px; margin-bottom: 6px; width: 100px;\"><\/div>\n<div style=\" background-color: #F4F4F4; border-radius: 4px; flex-grow: 0; height: 14px; width: 60px;\"><\/div>\n<\/div>\n<\/div>\n<div style=\"padding: 19% 0;\"><\/div>\n<div style=\"display:block; height:50px; margin:0 auto 12px; width:50px;\"><svg width=\"50px\" height=\"50px\" viewBox=\"0 0 60 60\" version=\"1.1\" xmlns=\"https:\/\/www.w3.org\/2000\/svg\" xmlns:xlink=\"https:\/\/www.w3.org\/1999\/xlink\"><g stroke=\"none\" stroke-width=\"1\" fill=\"none\" fill-rule=\"evenodd\"><g transform=\"translate(-511.000000, -20.000000)\" fill=\"#000000\"><g><path d=\"M556.869,30.41 C554.814,30.41 553.148,32.076 553.148,34.131 C553.148,36.186 554.814,37.852 556.869,37.852 C558.924,37.852 560.59,36.186 560.59,34.131 C560.59,32.076 558.924,30.41 556.869,30.41 M541,60.657 C535.114,60.657 530.342,55.887 530.342,50 C530.342,44.114 535.114,39.342 541,39.342 C546.887,39.342 551.658,44.114 551.658,50 C551.658,55.887 546.887,60.657 541,60.657 M541,33.886 C532.1,33.886 524.886,41.1 524.886,50 C524.886,58.899 532.1,66.113 541,66.113 C549.9,66.113 557.115,58.899 557.115,50 C557.115,41.1 549.9,33.886 541,33.886 M565.378,62.101 C565.244,65.022 564.756,66.606 564.346,67.663 C563.803,69.06 563.154,70.057 562.106,71.106 C561.058,72.155 560.06,72.803 558.662,73.347 C557.607,73.757 556.021,74.244 553.102,74.378 C549.944,74.521 548.997,74.552 541,74.552 C533.003,74.552 532.056,74.521 528.898,74.378 C525.979,74.244 524.393,73.757 523.338,73.347 C521.94,72.803 520.942,72.155 519.894,71.106 C518.846,70.057 518.197,69.06 517.654,67.663 C517.244,66.606 516.755,65.022 516.623,62.101 C516.479,58.943 516.448,57.996 516.448,50 C516.448,42.003 516.479,41.056 516.623,37.899 C516.755,34.978 517.244,33.391 517.654,32.338 C518.197,30.938 518.846,29.942 519.894,28.894 C520.942,27.846 521.94,27.196 523.338,26.654 C524.393,26.244 525.979,25.756 528.898,25.623 C532.057,25.479 533.004,25.448 541,25.448 C548.997,25.448 549.943,25.479 553.102,25.623 C556.021,25.756 557.607,26.244 558.662,26.654 C560.06,27.196 561.058,27.846 562.106,28.894 C563.154,29.942 563.803,30.938 564.346,32.338 C564.756,33.391 565.244,34.978 565.378,37.899 C565.522,41.056 565.552,42.003 565.552,50 C565.552,57.996 565.522,58.943 565.378,62.101 M570.82,37.631 C570.674,34.438 570.167,32.258 569.425,30.349 C568.659,28.377 567.633,26.702 565.965,25.035 C564.297,23.368 562.623,22.342 560.652,21.575 C558.743,20.834 556.562,20.326 553.369,20.18 C550.169,20.033 549.148,20 541,20 C532.853,20 531.831,20.033 528.631,20.18 C525.438,20.326 523.257,20.834 521.349,21.575 C519.376,22.342 517.703,23.368 516.035,25.035 C514.368,26.702 513.342,28.377 512.574,30.349 C511.834,32.258 511.326,34.438 511.181,37.631 C511.035,40.831 511,41.851 511,50 C511,58.147 511.035,59.17 511.181,62.369 C511.326,65.562 511.834,67.743 512.574,69.651 C513.342,71.625 514.368,73.296 516.035,74.965 C517.703,76.634 519.376,77.658 521.349,78.425 C523.257,79.167 525.438,79.673 528.631,79.82 C531.831,79.965 532.853,80.001 541,80.001 C549.148,80.001 550.169,79.965 553.369,79.82 C556.562,79.673 558.743,79.167 560.652,78.425 C562.623,77.658 564.297,76.634 565.965,74.965 C567.633,73.296 568.659,71.625 569.425,69.651 C570.167,67.743 570.674,65.562 570.82,62.369 C570.966,59.17 571,58.147 571,50 C571,41.851 570.966,40.831 570.82,37.631\"><\/path><\/g><\/g><\/g><\/svg><\/div>\n<div style=\"padding-top: 8px;\">\n<div style=\" color:#3897f0; font-family:Arial,sans-serif; font-size:14px; font-style:normal; font-weight:550; line-height:18px;\">Voir cette publication sur Instagram<\/div>\n<\/div>\n<div style=\"padding: 12.5% 0;\"><\/div>\n<div style=\"display: flex; flex-direction: row; margin-bottom: 14px; align-items: center;\">\n<div>\n<div style=\"background-color: #F4F4F4; border-radius: 50%; height: 12.5px; width: 12.5px; transform: translateX(0px) translateY(7px);\"><\/div>\n<div style=\"background-color: #F4F4F4; height: 12.5px; transform: rotate(-45deg) translateX(3px) translateY(1px); width: 12.5px; flex-grow: 0; margin-right: 14px; margin-left: 2px;\"><\/div>\n<div style=\"background-color: #F4F4F4; border-radius: 50%; height: 12.5px; width: 12.5px; transform: translateX(9px) translateY(-18px);\"><\/div>\n<\/div>\n<div style=\"margin-left: 8px;\">\n<div style=\" background-color: #F4F4F4; border-radius: 50%; flex-grow: 0; height: 20px; width: 20px;\"><\/div>\n<div style=\" width: 0; height: 0; border-top: 2px solid transparent; border-left: 6px solid #f4f4f4; border-bottom: 2px solid transparent; transform: translateX(16px) translateY(-4px) rotate(30deg)\"><\/div>\n<\/div>\n<div style=\"margin-left: auto;\">\n<div style=\" width: 0px; border-top: 8px solid #F4F4F4; border-right: 8px solid transparent; transform: translateY(16px);\"><\/div>\n<div style=\" background-color: #F4F4F4; flex-grow: 0; height: 12px; width: 16px; transform: translateY(-4px);\"><\/div>\n<div style=\" width: 0; height: 0; border-top: 8px solid #F4F4F4; border-left: 8px solid transparent; transform: translateY(-4px) translateX(8px);\"><\/div>\n<\/div>\n<\/div>\n<div style=\"display: flex; flex-direction: column; flex-grow: 1; justify-content: center; margin-bottom: 24px;\">\n<div style=\" background-color: #F4F4F4; border-radius: 4px; flex-grow: 0; height: 14px; margin-bottom: 6px; width: 224px;\"><\/div>\n<div style=\" background-color: #F4F4F4; border-radius: 4px; flex-grow: 0; height: 14px; width: 144px;\"><\/div>\n<\/div>\n<p><\/a><\/p>\n<p style=\" color:#c9c8cd; font-family:Arial,sans-serif; font-size:14px; line-height:17px; margin-bottom:0; margin-top:8px; overflow:hidden; padding:8px 0 7px; text-align:center; text-overflow:ellipsis; white-space:nowrap;\"><a href=\"https:\/\/www.instagram.com\/reel\/DT_HiKngHsS\/?utm_source=ig_embed&amp;utm_campaign=loading\" style=\" color:#c9c8cd; font-family:Arial,sans-serif; font-size:14px; font-style:normal; font-weight:normal; line-height:17px; text-decoration:none;\" target=\"_blank\">Une publication partag\u00e9e par Monaco Tribune (@monacotribune)<\/a><\/p>\n<\/div>\n<\/blockquote>\n<p><script async src=\"\/\/www.instagram.com\/embed.js\"><\/script><\/p>\n\n<h2 class=\"wp-block-heading\" id=\"h-les-festivites-se-sont-poursuivies-ce-mardi\"><strong>I festeggiamenti sono proseguiti marted\u00ec<\/strong><\/h2>\n\n<p>Le celebrazioni in onore di Santa Devota sono proseguite marted\u00ec 27 gennaio. Alle ore 10:00, i monegaschi si sono recati alla Cattedrale di Monaco per la messa pontificia presieduta dal cardinale Pierbattista Pizzaballa, patriarca latino di Gerusalemme. La processione delle reliquie ha poi sfilato sulla Rocca. <\/p>\n\n<p>Alle 18:30, nella Cattedrale di Monaco si \u00e8 tenuto un concerto spirituale a lume di candela. Il Coro di Sart\u00e8ne e il Coro della Cappella Papale di Assisi si sono esibiti insieme, accompagnati dai musicisti dell&#8217;Accademia Rainier III, con un programma incentrato sul canto corso e sulla musica sacra classica.<\/p>\n\n<figure class=\"wp-block-embed is-type-video is-provider-youtube wp-block-embed-youtube wp-embed-aspect-16-9 wp-has-aspect-ratio\"><div class=\"wp-block-embed__wrapper\">\r\n<iframe title=\"Sainte-D\u00e9vote 2026 : revivez la traditionnelle c\u00e9r\u00e9monie Mon\u00e9gasque avec la Famille Princi\u00e8re \ud83c\uddf2\ud83c\udde8\" width=\"500\" height=\"281\" src=\"https:\/\/www.youtube.com\/embed\/eAGaMQAULxc?feature=oembed\" frameborder=\"0\" allow=\"accelerometer; autoplay; clipboard-write; encrypted-media; gyroscope; picture-in-picture; web-share\" referrerpolicy=\"strict-origin-when-cross-origin\" allowfullscreen><\/iframe>\r\n<\/div><\/figure><br>\n","protected":false},"excerpt":{"rendered":"<p>Luned\u00ec 26 gennaio, i monegaschi sono accorsi numerosi al Port Hercule per accompangnare la famiglia principesca nei festeggiamenti di Santa [&hellip;]<\/p>\n","protected":false},"author":80,"featured_media":336433,"comment_status":"closed","ping_status":"closed","sticky":false,"template":"","format":"standard","meta":{"_acf_changed":false,"footnotes":""},"categories":[1742,1738],"tags":[2986],"post_sectags":[5874],"post_format":[2486],"class_list":["post-336691","post","type-post","status-publish","format-standard","has-post-thumbnail","hentry","category-famiglia-principesca","category-notizie","tag-principe-alberto-ii","sectag-santa-devota-2","format-servizio"],"acf":[],"yoast_head":"<!-- This site is optimized with the Yoast SEO Premium plugin v26.8 (Yoast SEO v27.5) - https:\/\/yoast.com\/product\/yoast-seo-premium-wordpress\/ -->\n<title>Monegaschi accorsi numerosi a fianco della Famiglia Principesca per celebrare Santa Devota<\/title>\n<meta name=\"description\" content=\"Luned\u00ec 26 gennaio, i monegaschi sono accorsi numerosi al Port Hercule per accompangnare la famiglia principesca nei festeggiamenti di Santa Devota.\" \/>\n<meta name=\"robots\" content=\"index, follow, max-snippet:-1, max-image-preview:large, max-video-preview:-1\" \/>\n<link rel=\"canonical\" href=\"https:\/\/www.monaco-tribune.com\/it\/2026\/01\/monegaschi-accorsi-numerosi-a-fianco-della-famiglia-principesca-per-celebrare-santa-devota\/\" \/>\n<meta property=\"og:locale\" content=\"it_IT\" \/>\n<meta property=\"og:type\" content=\"article\" \/>\n<meta property=\"og:title\" content=\"Monegaschi accorsi numerosi a fianco della Famiglia Principesca per celebrare Santa Devota - Monaco Tribune\" \/>\n<meta property=\"og:description\" content=\"Luned\u00ec 26 gennaio, i monegaschi sono accorsi numerosi al Port Hercule per accompangnare la famiglia principesca nei festeggiamenti di Santa Devota.\" \/>\n<meta property=\"og:url\" content=\"https:\/\/www.monaco-tribune.com\/it\/2026\/01\/monegaschi-accorsi-numerosi-a-fianco-della-famiglia-principesca-per-celebrare-santa-devota\/\" \/>\n<meta property=\"og:site_name\" content=\"Monaco Tribune\" \/>\n<meta property=\"article:publisher\" content=\"https:\/\/www.facebook.com\/MonacoTribune\" \/>\n<meta property=\"article:published_time\" content=\"2026-01-28T18:17:56+00:00\" \/>\n<meta property=\"article:modified_time\" content=\"2026-01-28T18:18:05+00:00\" \/>\n<meta property=\"og:image\" content=\"https:\/\/www.monaco-tribune.com\/wp-content\/uploads\/2026\/01\/famille-princiere.jpg\" \/>\n\t<meta property=\"og:image:width\" content=\"2048\" \/>\n\t<meta property=\"og:image:height\" content=\"1366\" \/>\n\t<meta property=\"og:image:type\" content=\"image\/jpeg\" \/>\n<meta name=\"author\" content=\"Estelle Imbert\" \/>\n<meta name=\"twitter:card\" content=\"summary_large_image\" \/>\n<meta name=\"twitter:creator\" content=\"@MonacoTribune\" \/>\n<meta name=\"twitter:site\" content=\"@MonacoTribune\" \/>\n<script type=\"application\/ld+json\" class=\"yoast-schema-graph\">{\"@context\":\"https:\\\/\\\/schema.org\",\"@graph\":[{\"@type\":\"NewsArticle\",\"@id\":\"https:\\\/\\\/www.monaco-tribune.com\\\/it\\\/2026\\\/01\\\/monegaschi-accorsi-numerosi-a-fianco-della-famiglia-principesca-per-celebrare-santa-devota\\\/#article\",\"isPartOf\":{\"@id\":\"https:\\\/\\\/www.monaco-tribune.com\\\/it\\\/2026\\\/01\\\/monegaschi-accorsi-numerosi-a-fianco-della-famiglia-principesca-per-celebrare-santa-devota\\\/\"},\"author\":{\"name\":\"Estelle Imbert\",\"@id\":\"https:\\\/\\\/www.monaco-tribune.com\\\/it\\\/#\\\/schema\\\/person\\\/55ce91a070ff78e15ec1817376669bf4\"},\"headline\":\"Monegaschi accorsi numerosi a fianco della Famiglia Principesca per celebrare Santa Devota\",\"datePublished\":\"2026-01-28T18:17:56+00:00\",\"dateModified\":\"2026-01-28T18:18:05+00:00\",\"mainEntityOfPage\":{\"@id\":\"https:\\\/\\\/www.monaco-tribune.com\\\/it\\\/2026\\\/01\\\/monegaschi-accorsi-numerosi-a-fianco-della-famiglia-principesca-per-celebrare-santa-devota\\\/\"},\"wordCount\":672,\"publisher\":{\"@id\":\"https:\\\/\\\/www.monaco-tribune.com\\\/it\\\/#organization\"},\"image\":{\"@id\":\"https:\\\/\\\/www.monaco-tribune.com\\\/it\\\/2026\\\/01\\\/monegaschi-accorsi-numerosi-a-fianco-della-famiglia-principesca-per-celebrare-santa-devota\\\/#primaryimage\"},\"thumbnailUrl\":\"https:\\\/\\\/www.monaco-tribune.com\\\/wp-content\\\/uploads\\\/2026\\\/01\\\/famille-princiere.jpg\",\"keywords\":[\"Principe Alberto II\"],\"articleSection\":[\"Famiglia Principesca\",\"Notizie\"],\"inLanguage\":\"it-IT\",\"copyrightYear\":\"2026\",\"copyrightHolder\":{\"@id\":\"https:\\\/\\\/www.monaco-tribune.com\\\/#organization\"}},{\"@type\":\"WebPage\",\"@id\":\"https:\\\/\\\/www.monaco-tribune.com\\\/it\\\/2026\\\/01\\\/monegaschi-accorsi-numerosi-a-fianco-della-famiglia-principesca-per-celebrare-santa-devota\\\/\",\"url\":\"https:\\\/\\\/www.monaco-tribune.com\\\/it\\\/2026\\\/01\\\/monegaschi-accorsi-numerosi-a-fianco-della-famiglia-principesca-per-celebrare-santa-devota\\\/\",\"name\":\"Monegaschi accorsi numerosi a fianco della Famiglia Principesca per celebrare Santa Devota\",\"isPartOf\":{\"@id\":\"https:\\\/\\\/www.monaco-tribune.com\\\/it\\\/#website\"},\"primaryImageOfPage\":{\"@id\":\"https:\\\/\\\/www.monaco-tribune.com\\\/it\\\/2026\\\/01\\\/monegaschi-accorsi-numerosi-a-fianco-della-famiglia-principesca-per-celebrare-santa-devota\\\/#primaryimage\"},\"image\":{\"@id\":\"https:\\\/\\\/www.monaco-tribune.com\\\/it\\\/2026\\\/01\\\/monegaschi-accorsi-numerosi-a-fianco-della-famiglia-principesca-per-celebrare-santa-devota\\\/#primaryimage\"},\"thumbnailUrl\":\"https:\\\/\\\/www.monaco-tribune.com\\\/wp-content\\\/uploads\\\/2026\\\/01\\\/famille-princiere.jpg\",\"datePublished\":\"2026-01-28T18:17:56+00:00\",\"dateModified\":\"2026-01-28T18:18:05+00:00\",\"description\":\"Luned\u00ec 26 gennaio, i monegaschi sono accorsi numerosi al Port Hercule per accompangnare la famiglia principesca nei festeggiamenti di Santa Devota.\",\"breadcrumb\":{\"@id\":\"https:\\\/\\\/www.monaco-tribune.com\\\/it\\\/2026\\\/01\\\/monegaschi-accorsi-numerosi-a-fianco-della-famiglia-principesca-per-celebrare-santa-devota\\\/#breadcrumb\"},\"inLanguage\":\"it-IT\",\"potentialAction\":[{\"@type\":\"ReadAction\",\"target\":[\"https:\\\/\\\/www.monaco-tribune.com\\\/it\\\/2026\\\/01\\\/monegaschi-accorsi-numerosi-a-fianco-della-famiglia-principesca-per-celebrare-santa-devota\\\/\"]}]},{\"@type\":\"ImageObject\",\"inLanguage\":\"it-IT\",\"@id\":\"https:\\\/\\\/www.monaco-tribune.com\\\/it\\\/2026\\\/01\\\/monegaschi-accorsi-numerosi-a-fianco-della-famiglia-principesca-per-celebrare-santa-devota\\\/#primaryimage\",\"url\":\"https:\\\/\\\/www.monaco-tribune.com\\\/wp-content\\\/uploads\\\/2026\\\/01\\\/famille-princiere.jpg\",\"contentUrl\":\"https:\\\/\\\/www.monaco-tribune.com\\\/wp-content\\\/uploads\\\/2026\\\/01\\\/famille-princiere.jpg\",\"width\":2048,\"height\":1366,\"caption\":\"La serata si \u00e8 conclusa con la Famiglia Principesca che ha incontrato e stretto la mano al pubblico \u00a9 Direzione della Comunicazione \\\/ St\u00e9phane Danna\"},{\"@type\":\"BreadcrumbList\",\"@id\":\"https:\\\/\\\/www.monaco-tribune.com\\\/it\\\/2026\\\/01\\\/monegaschi-accorsi-numerosi-a-fianco-della-famiglia-principesca-per-celebrare-santa-devota\\\/#breadcrumb\",\"itemListElement\":[{\"@type\":\"ListItem\",\"position\":1,\"name\":\"Accueil\",\"item\":\"https:\\\/\\\/www.monaco-tribune.com\\\/it\\\/\"},{\"@type\":\"ListItem\",\"position\":2,\"name\":\"Monegaschi accorsi numerosi a fianco della Famiglia Principesca per celebrare Santa Devota\"}]},{\"@type\":\"WebSite\",\"@id\":\"https:\\\/\\\/www.monaco-tribune.com\\\/it\\\/#website\",\"url\":\"https:\\\/\\\/www.monaco-tribune.com\\\/it\\\/\",\"name\":\"Monaco Tribune\",\"description\":\"Monaco : actualit\u00e9s \u00e9conomiques, politiques, culturelles et sportives de Monaco et de la French Riviera.\",\"publisher\":{\"@id\":\"https:\\\/\\\/www.monaco-tribune.com\\\/it\\\/#organization\"},\"potentialAction\":[{\"@type\":\"SearchAction\",\"target\":{\"@type\":\"EntryPoint\",\"urlTemplate\":\"https:\\\/\\\/www.monaco-tribune.com\\\/it\\\/?s={search_term_string}\"},\"query-input\":{\"@type\":\"PropertyValueSpecification\",\"valueRequired\":true,\"valueName\":\"search_term_string\"}}],\"inLanguage\":\"it-IT\"},{\"@type\":\"Organization\",\"@id\":\"https:\\\/\\\/www.monaco-tribune.com\\\/it\\\/#organization\",\"name\":\"Monaco Tribune\",\"url\":\"https:\\\/\\\/www.monaco-tribune.com\\\/it\\\/\",\"logo\":{\"@type\":\"ImageObject\",\"inLanguage\":\"it-IT\",\"@id\":\"https:\\\/\\\/www.monaco-tribune.com\\\/it\\\/#\\\/schema\\\/logo\\\/image\\\/\",\"url\":\"https:\\\/\\\/www.monaco-tribune.com\\\/wp-content\\\/uploads\\\/2022\\\/11\\\/logo-monaco-tribune.png\",\"contentUrl\":\"https:\\\/\\\/www.monaco-tribune.com\\\/wp-content\\\/uploads\\\/2022\\\/11\\\/logo-monaco-tribune.png\",\"width\":1548,\"height\":600,\"caption\":\"Monaco Tribune\"},\"image\":{\"@id\":\"https:\\\/\\\/www.monaco-tribune.com\\\/it\\\/#\\\/schema\\\/logo\\\/image\\\/\"},\"sameAs\":[\"https:\\\/\\\/www.facebook.com\\\/MonacoTribune\",\"https:\\\/\\\/x.com\\\/MonacoTribune\",\"https:\\\/\\\/www.instagram.com\\\/monacotribune\\\/\",\"https:\\\/\\\/www.linkedin.com\\\/company\\\/monaco-tribune\",\"https:\\\/\\\/www.youtube.com\\\/channel\\\/UCHle1MnG6hw1y4lWKijVbMA\"]},{\"@type\":\"Person\",\"@id\":\"https:\\\/\\\/www.monaco-tribune.com\\\/it\\\/#\\\/schema\\\/person\\\/55ce91a070ff78e15ec1817376669bf4\",\"name\":\"Estelle Imbert\",\"image\":{\"@type\":\"ImageObject\",\"inLanguage\":\"it-IT\",\"@id\":\"https:\\\/\\\/secure.gravatar.com\\\/avatar\\\/d2e1a3840b1138a669d04f6292bbd810f7f730844d7a28a8e8c4c6da40e79852?s=96&d=mm&r=g\",\"url\":\"https:\\\/\\\/secure.gravatar.com\\\/avatar\\\/d2e1a3840b1138a669d04f6292bbd810f7f730844d7a28a8e8c4c6da40e79852?s=96&d=mm&r=g\",\"contentUrl\":\"https:\\\/\\\/secure.gravatar.com\\\/avatar\\\/d2e1a3840b1138a669d04f6292bbd810f7f730844d7a28a8e8c4c6da40e79852?s=96&d=mm&r=g\",\"caption\":\"Estelle Imbert\"},\"url\":\"https:\\\/\\\/www.monaco-tribune.com\\\/it\\\/author\\\/estelleimbert\\\/\"}]}<\/script>\n<!-- \/ Yoast SEO Premium plugin. -->","yoast_head_json":{"title":"Monegaschi accorsi numerosi a fianco della Famiglia Principesca per celebrare Santa Devota","description":"Luned\u00ec 26 gennaio, i monegaschi sono accorsi numerosi al Port Hercule per accompangnare la famiglia principesca nei festeggiamenti di Santa Devota.","robots":{"index":"index","follow":"follow","max-snippet":"max-snippet:-1","max-image-preview":"max-image-preview:large","max-video-preview":"max-video-preview:-1"},"canonical":"https:\/\/www.monaco-tribune.com\/it\/2026\/01\/monegaschi-accorsi-numerosi-a-fianco-della-famiglia-principesca-per-celebrare-santa-devota\/","og_locale":"it_IT","og_type":"article","og_title":"Monegaschi accorsi numerosi a fianco della Famiglia Principesca per celebrare Santa Devota - Monaco Tribune","og_description":"Luned\u00ec 26 gennaio, i monegaschi sono accorsi numerosi al Port Hercule per accompangnare la famiglia principesca nei festeggiamenti di Santa Devota.","og_url":"https:\/\/www.monaco-tribune.com\/it\/2026\/01\/monegaschi-accorsi-numerosi-a-fianco-della-famiglia-principesca-per-celebrare-santa-devota\/","og_site_name":"Monaco Tribune","article_publisher":"https:\/\/www.facebook.com\/MonacoTribune","article_published_time":"2026-01-28T18:17:56+00:00","article_modified_time":"2026-01-28T18:18:05+00:00","og_image":[{"width":2048,"height":1366,"url":"https:\/\/www.monaco-tribune.com\/wp-content\/uploads\/2026\/01\/famille-princiere.jpg","type":"image\/jpeg"}],"author":"Estelle Imbert","twitter_card":"summary_large_image","twitter_creator":"@MonacoTribune","twitter_site":"@MonacoTribune","schema":{"@context":"https:\/\/schema.org","@graph":[{"@type":"NewsArticle","@id":"https:\/\/www.monaco-tribune.com\/it\/2026\/01\/monegaschi-accorsi-numerosi-a-fianco-della-famiglia-principesca-per-celebrare-santa-devota\/#article","isPartOf":{"@id":"https:\/\/www.monaco-tribune.com\/it\/2026\/01\/monegaschi-accorsi-numerosi-a-fianco-della-famiglia-principesca-per-celebrare-santa-devota\/"},"author":{"name":"Estelle Imbert","@id":"https:\/\/www.monaco-tribune.com\/it\/#\/schema\/person\/55ce91a070ff78e15ec1817376669bf4"},"headline":"Monegaschi accorsi numerosi a fianco della Famiglia Principesca per celebrare Santa Devota","datePublished":"2026-01-28T18:17:56+00:00","dateModified":"2026-01-28T18:18:05+00:00","mainEntityOfPage":{"@id":"https:\/\/www.monaco-tribune.com\/it\/2026\/01\/monegaschi-accorsi-numerosi-a-fianco-della-famiglia-principesca-per-celebrare-santa-devota\/"},"wordCount":672,"publisher":{"@id":"https:\/\/www.monaco-tribune.com\/it\/#organization"},"image":{"@id":"https:\/\/www.monaco-tribune.com\/it\/2026\/01\/monegaschi-accorsi-numerosi-a-fianco-della-famiglia-principesca-per-celebrare-santa-devota\/#primaryimage"},"thumbnailUrl":"https:\/\/www.monaco-tribune.com\/wp-content\/uploads\/2026\/01\/famille-princiere.jpg","keywords":["Principe Alberto II"],"articleSection":["Famiglia Principesca","Notizie"],"inLanguage":"it-IT","copyrightYear":"2026","copyrightHolder":{"@id":"https:\/\/www.monaco-tribune.com\/#organization"}},{"@type":"WebPage","@id":"https:\/\/www.monaco-tribune.com\/it\/2026\/01\/monegaschi-accorsi-numerosi-a-fianco-della-famiglia-principesca-per-celebrare-santa-devota\/","url":"https:\/\/www.monaco-tribune.com\/it\/2026\/01\/monegaschi-accorsi-numerosi-a-fianco-della-famiglia-principesca-per-celebrare-santa-devota\/","name":"Monegaschi accorsi numerosi a fianco della Famiglia Principesca per celebrare Santa Devota","isPartOf":{"@id":"https:\/\/www.monaco-tribune.com\/it\/#website"},"primaryImageOfPage":{"@id":"https:\/\/www.monaco-tribune.com\/it\/2026\/01\/monegaschi-accorsi-numerosi-a-fianco-della-famiglia-principesca-per-celebrare-santa-devota\/#primaryimage"},"image":{"@id":"https:\/\/www.monaco-tribune.com\/it\/2026\/01\/monegaschi-accorsi-numerosi-a-fianco-della-famiglia-principesca-per-celebrare-santa-devota\/#primaryimage"},"thumbnailUrl":"https:\/\/www.monaco-tribune.com\/wp-content\/uploads\/2026\/01\/famille-princiere.jpg","datePublished":"2026-01-28T18:17:56+00:00","dateModified":"2026-01-28T18:18:05+00:00","description":"Luned\u00ec 26 gennaio, i monegaschi sono accorsi numerosi al Port Hercule per accompangnare la famiglia principesca nei festeggiamenti di Santa Devota.","breadcrumb":{"@id":"https:\/\/www.monaco-tribune.com\/it\/2026\/01\/monegaschi-accorsi-numerosi-a-fianco-della-famiglia-principesca-per-celebrare-santa-devota\/#breadcrumb"},"inLanguage":"it-IT","potentialAction":[{"@type":"ReadAction","target":["https:\/\/www.monaco-tribune.com\/it\/2026\/01\/monegaschi-accorsi-numerosi-a-fianco-della-famiglia-principesca-per-celebrare-santa-devota\/"]}]},{"@type":"ImageObject","inLanguage":"it-IT","@id":"https:\/\/www.monaco-tribune.com\/it\/2026\/01\/monegaschi-accorsi-numerosi-a-fianco-della-famiglia-principesca-per-celebrare-santa-devota\/#primaryimage","url":"https:\/\/www.monaco-tribune.com\/wp-content\/uploads\/2026\/01\/famille-princiere.jpg","contentUrl":"https:\/\/www.monaco-tribune.com\/wp-content\/uploads\/2026\/01\/famille-princiere.jpg","width":2048,"height":1366,"caption":"La serata si \u00e8 conclusa con la Famiglia Principesca che ha incontrato e stretto la mano al pubblico \u00a9 Direzione della Comunicazione \/ St\u00e9phane Danna"},{"@type":"BreadcrumbList","@id":"https:\/\/www.monaco-tribune.com\/it\/2026\/01\/monegaschi-accorsi-numerosi-a-fianco-della-famiglia-principesca-per-celebrare-santa-devota\/#breadcrumb","itemListElement":[{"@type":"ListItem","position":1,"name":"Accueil","item":"https:\/\/www.monaco-tribune.com\/it\/"},{"@type":"ListItem","position":2,"name":"Monegaschi accorsi numerosi a fianco della Famiglia Principesca per celebrare Santa Devota"}]},{"@type":"WebSite","@id":"https:\/\/www.monaco-tribune.com\/it\/#website","url":"https:\/\/www.monaco-tribune.com\/it\/","name":"Monaco Tribune","description":"Monaco : actualit\u00e9s \u00e9conomiques, politiques, culturelles et sportives de Monaco et de la French Riviera.","publisher":{"@id":"https:\/\/www.monaco-tribune.com\/it\/#organization"},"potentialAction":[{"@type":"SearchAction","target":{"@type":"EntryPoint","urlTemplate":"https:\/\/www.monaco-tribune.com\/it\/?s={search_term_string}"},"query-input":{"@type":"PropertyValueSpecification","valueRequired":true,"valueName":"search_term_string"}}],"inLanguage":"it-IT"},{"@type":"Organization","@id":"https:\/\/www.monaco-tribune.com\/it\/#organization","name":"Monaco Tribune","url":"https:\/\/www.monaco-tribune.com\/it\/","logo":{"@type":"ImageObject","inLanguage":"it-IT","@id":"https:\/\/www.monaco-tribune.com\/it\/#\/schema\/logo\/image\/","url":"https:\/\/www.monaco-tribune.com\/wp-content\/uploads\/2022\/11\/logo-monaco-tribune.png","contentUrl":"https:\/\/www.monaco-tribune.com\/wp-content\/uploads\/2022\/11\/logo-monaco-tribune.png","width":1548,"height":600,"caption":"Monaco Tribune"},"image":{"@id":"https:\/\/www.monaco-tribune.com\/it\/#\/schema\/logo\/image\/"},"sameAs":["https:\/\/www.facebook.com\/MonacoTribune","https:\/\/x.com\/MonacoTribune","https:\/\/www.instagram.com\/monacotribune\/","https:\/\/www.linkedin.com\/company\/monaco-tribune","https:\/\/www.youtube.com\/channel\/UCHle1MnG6hw1y4lWKijVbMA"]},{"@type":"Person","@id":"https:\/\/www.monaco-tribune.com\/it\/#\/schema\/person\/55ce91a070ff78e15ec1817376669bf4","name":"Estelle Imbert","image":{"@type":"ImageObject","inLanguage":"it-IT","@id":"https:\/\/secure.gravatar.com\/avatar\/d2e1a3840b1138a669d04f6292bbd810f7f730844d7a28a8e8c4c6da40e79852?s=96&d=mm&r=g","url":"https:\/\/secure.gravatar.com\/avatar\/d2e1a3840b1138a669d04f6292bbd810f7f730844d7a28a8e8c4c6da40e79852?s=96&d=mm&r=g","contentUrl":"https:\/\/secure.gravatar.com\/avatar\/d2e1a3840b1138a669d04f6292bbd810f7f730844d7a28a8e8c4c6da40e79852?s=96&d=mm&r=g","caption":"Estelle Imbert"},"url":"https:\/\/www.monaco-tribune.com\/it\/author\/estelleimbert\/"}]}},"_links":{"self":[{"href":"https:\/\/www.monaco-tribune.com\/it\/wp-json\/wp\/v2\/posts\/336691","targetHints":{"allow":["GET"]}}],"collection":[{"href":"https:\/\/www.monaco-tribune.com\/it\/wp-json\/wp\/v2\/posts"}],"about":[{"href":"https:\/\/www.monaco-tribune.com\/it\/wp-json\/wp\/v2\/types\/post"}],"author":[{"embeddable":true,"href":"https:\/\/www.monaco-tribune.com\/it\/wp-json\/wp\/v2\/users\/80"}],"replies":[{"embeddable":true,"href":"https:\/\/www.monaco-tribune.com\/it\/wp-json\/wp\/v2\/comments?post=336691"}],"version-history":[{"count":3,"href":"https:\/\/www.monaco-tribune.com\/it\/wp-json\/wp\/v2\/posts\/336691\/revisions"}],"predecessor-version":[{"id":336694,"href":"https:\/\/www.monaco-tribune.com\/it\/wp-json\/wp\/v2\/posts\/336691\/revisions\/336694"}],"wp:featuredmedia":[{"embeddable":true,"href":"https:\/\/www.monaco-tribune.com\/it\/wp-json\/wp\/v2\/media\/336433"}],"wp:attachment":[{"href":"https:\/\/www.monaco-tribune.com\/it\/wp-json\/wp\/v2\/media?parent=336691"}],"wp:term":[{"taxonomy":"category","embeddable":true,"href":"https:\/\/www.monaco-tribune.com\/it\/wp-json\/wp\/v2\/categories?post=336691"},{"taxonomy":"post_tag","embeddable":true,"href":"https:\/\/www.monaco-tribune.com\/it\/wp-json\/wp\/v2\/tags?post=336691"},{"taxonomy":"sectag","embeddable":true,"href":"https:\/\/www.monaco-tribune.com\/it\/wp-json\/wp\/v2\/post_sectags?post=336691"},{"taxonomy":"format","embeddable":true,"href":"https:\/\/www.monaco-tribune.com\/it\/wp-json\/wp\/v2\/post_format?post=336691"}],"curies":[{"name":"wp","href":"https:\/\/api.w.org\/{rel}","templated":true}]}}