{"id":34089,"date":"2020-08-05T16:32:01","date_gmt":"2020-08-05T14:32:01","guid":{"rendered":"https:\/\/www.monaco-tribune.com\/2020\/08\/perche-gli-oceani-pullulano-di-meduse\/"},"modified":"2020-08-06T13:44:21","modified_gmt":"2020-08-06T11:44:21","slug":"perche-gli-oceani-pullulano-di-meduse","status":"publish","type":"post","link":"https:\/\/www.monaco-tribune.com\/it\/2020\/08\/perche-gli-oceani-pullulano-di-meduse\/","title":{"rendered":"Perch\u00e9 gli oceani pullulano di meduse?"},"content":{"rendered":"\n<p><strong>L&#8217;Istituto oceanografico di Monaco si \u00e8 recentemente interessato alle meduse, un essere vivente di affascinante complessit\u00e0. Con l&#8217;impatto dell&#8217;uomo sugli oceani, le meduse proliferano&#8230; a scapito di altre specie marine.<\/strong><\/p>\n\n<p>La pesca intensiva, <a href=\"https:\/\/www.monaco-tribune.com\/it\/2020\/05\/lotta-alla-plastica-la-sfida-per-i-nostri-oceani\/\">i rifiuti di plastica<\/a>, lo scarico di prodotti farmaceutici, ormoni, molecole chimiche&#8230; Tante cose che attaccano l&#8217;equilibrio degli oceani e minacciano molte specie marine. Ma solo un animale sembra trarre vantaggio dalle malefatte dell&#8217;uomo: la medusa.<\/p>\n\n<h2 class=\"wp-block-heading\">Le meduse uccidono cinque volte di pi\u00f9 degli squali<\/h2>\n\n<p>La maggior parte degli specialisti \u00e8 d&#8217;accordo su una cosa: l&#8217;oceano si sta gelificando. Le attivit\u00e0 umane permettono alle meduse di proliferare ad alta velocit\u00e0. La pesca eccessiva, ad esempio, porta alla scomparsa di predatori naturali come il tonno o le tartarughe. Alcune zone sono state pescate cos\u00ec tanto che il ritorno di alcune specie di pesci \u00e8 impossibile, poich\u00e9 le meduse divorano le loro uova e le loro larve. Per quanto riguarda i rifiuti di plastica, \u00e8 un eccellente supporto per lo sviluppo e il viaggio dei polipi.<\/p>\n\n<p>Le meduse possono essere irritanti se toccate dall\u2019uomo fino ad essere letali soprattutto quelle tropicali, che causano una cinquantina di morti ogni anno. Cinque di volte pi\u00f9 degli squali! Fortunatamente, anche se dolorose, le punture delle specie che si trovano nel Mediterraneo non sono mortali. Ma l&#8217;impatto delle meduse non si limita al settore ricreativo: anche molte attivit\u00e0 marittime subiscono il tormento di questi animali. All&#8217;inizio di luglio, diverse migliaia di meduse sono riuscite a bloccare le turbine di una centrale elettrica in Israele.<\/p>\n\n<p>Per saperne di pi\u00f9 sulle meduse, potete visitare il sito web dell&#8217;Istituto di Oceanografia, che offre <a href=\"https:\/\/www.oceano.org\/les-pages-thematiques\/thematique-meduse\/\">un focus tematico<\/a> su questi animali.<\/p>\n\n<figure class=\"wp-block-embed-youtube wp-block-embed is-type-video is-provider-youtube wp-embed-aspect-16-9 wp-has-aspect-ratio\"><div class=\"wp-block-embed__wrapper\">\n<iframe title=\"Que faire en cas de piq\u00fbres de m\u00e9duses ?\" width=\"500\" height=\"281\" src=\"https:\/\/www.youtube.com\/embed\/HUz7H7mz8uI?feature=oembed\" frameborder=\"0\" allow=\"accelerometer; autoplay; clipboard-write; encrypted-media; gyroscope; picture-in-picture; web-share\" referrerpolicy=\"strict-origin-when-cross-origin\" allowfullscreen><\/iframe>\n<\/div><\/figure>","protected":false},"excerpt":{"rendered":"<p>L&#8217;Istituto oceanografico di Monaco si \u00e8 recentemente interessato alle meduse, un essere vivente di affascinante complessit\u00e0. Con l&#8217;impatto dell&#8217;uomo sugli [&hellip;]<\/p>\n","protected":false},"author":33,"featured_media":34080,"comment_status":"closed","ping_status":"open","sticky":false,"template":"","format":"standard","meta":{"_acf_changed":false,"footnotes":""},"categories":[1839,1738],"tags":[],"post_sectags":[],"post_format":[2469],"class_list":["post-34089","post","type-post","status-publish","format-standard","has-post-thumbnail","hentry","category-green","category-notizie","format-analisi"],"acf":[],"yoast_head":"<!-- This site is optimized with the Yoast SEO Premium plugin v26.8 (Yoast SEO v27.5) - https:\/\/yoast.com\/product\/yoast-seo-premium-wordpress\/ -->\n<title>Perch\u00e9 gli oceani pullulano di meduse?<\/title>\n<meta name=\"description\" content=\"L&#039;Istituto oceanografico di Monaco si \u00e8 recentemente interessato alle meduse, un essere vivente di affascinante complessit\u00e0. Con l&#039;impatto dell&#039;uomo sugli\" \/>\n<meta name=\"robots\" content=\"index, follow, max-snippet:-1, max-image-preview:large, max-video-preview:-1\" \/>\n<link rel=\"canonical\" href=\"https:\/\/www.monaco-tribune.com\/it\/2020\/08\/perche-gli-oceani-pullulano-di-meduse\/\" \/>\n<meta property=\"og:locale\" content=\"it_IT\" \/>\n<meta property=\"og:type\" content=\"article\" \/>\n<meta property=\"og:title\" content=\"Perch\u00e9 gli oceani pullulano di meduse? - Monaco Tribune\" \/>\n<meta property=\"og:description\" content=\"L&#039;Istituto oceanografico di Monaco si \u00e8 recentemente interessato alle meduse, un essere vivente di affascinante complessit\u00e0. Con l&#039;impatto dell&#039;uomo sugli\" \/>\n<meta property=\"og:url\" content=\"https:\/\/www.monaco-tribune.com\/it\/2020\/08\/perche-gli-oceani-pullulano-di-meduse\/\" \/>\n<meta property=\"og:site_name\" content=\"Monaco Tribune\" \/>\n<meta property=\"article:publisher\" content=\"https:\/\/www.facebook.com\/MonacoTribune\" \/>\n<meta property=\"article:published_time\" content=\"2020-08-05T14:32:01+00:00\" \/>\n<meta property=\"article:modified_time\" content=\"2020-08-06T11:44:21+00:00\" \/>\n<meta property=\"og:image\" content=\"https:\/\/www.monaco-tribune.com\/wp-content\/uploads\/2020\/08\/meduse-institut-oceanographique-monaco.jpg\" \/>\n\t<meta property=\"og:image:width\" content=\"1230\" \/>\n\t<meta property=\"og:image:height\" content=\"819\" \/>\n\t<meta property=\"og:image:type\" content=\"image\/jpeg\" \/>\n<meta name=\"author\" content=\"Lola Senoble\" \/>\n<meta name=\"twitter:card\" content=\"summary_large_image\" \/>\n<meta name=\"twitter:creator\" content=\"@MonacoTribune\" \/>\n<meta name=\"twitter:site\" content=\"@MonacoTribune\" \/>\n<script type=\"application\/ld+json\" class=\"yoast-schema-graph\">{\"@context\":\"https:\\\/\\\/schema.org\",\"@graph\":[{\"@type\":\"NewsArticle\",\"@id\":\"https:\\\/\\\/www.monaco-tribune.com\\\/it\\\/2020\\\/08\\\/perche-gli-oceani-pullulano-di-meduse\\\/#article\",\"isPartOf\":{\"@id\":\"https:\\\/\\\/www.monaco-tribune.com\\\/it\\\/2020\\\/08\\\/perche-gli-oceani-pullulano-di-meduse\\\/\"},\"author\":{\"name\":\"Lola Senoble\",\"@id\":\"https:\\\/\\\/www.monaco-tribune.com\\\/it\\\/#\\\/schema\\\/person\\\/10603f39d06463e013e339670c36bea3\"},\"headline\":\"Perch\u00e9 gli oceani pullulano di meduse?\",\"datePublished\":\"2020-08-05T14:32:01+00:00\",\"dateModified\":\"2020-08-06T11:44:21+00:00\",\"mainEntityOfPage\":{\"@id\":\"https:\\\/\\\/www.monaco-tribune.com\\\/it\\\/2020\\\/08\\\/perche-gli-oceani-pullulano-di-meduse\\\/\"},\"wordCount\":293,\"publisher\":{\"@id\":\"https:\\\/\\\/www.monaco-tribune.com\\\/it\\\/#organization\"},\"image\":{\"@id\":\"https:\\\/\\\/www.monaco-tribune.com\\\/it\\\/2020\\\/08\\\/perche-gli-oceani-pullulano-di-meduse\\\/#primaryimage\"},\"thumbnailUrl\":\"https:\\\/\\\/www.monaco-tribune.com\\\/wp-content\\\/uploads\\\/2020\\\/08\\\/meduse-institut-oceanographique-monaco.jpg\",\"articleSection\":[\"Green\",\"Notizie\"],\"inLanguage\":\"it-IT\",\"copyrightYear\":\"2020\",\"copyrightHolder\":{\"@id\":\"https:\\\/\\\/www.monaco-tribune.com\\\/#organization\"}},{\"@type\":\"WebPage\",\"@id\":\"https:\\\/\\\/www.monaco-tribune.com\\\/it\\\/2020\\\/08\\\/perche-gli-oceani-pullulano-di-meduse\\\/\",\"url\":\"https:\\\/\\\/www.monaco-tribune.com\\\/it\\\/2020\\\/08\\\/perche-gli-oceani-pullulano-di-meduse\\\/\",\"name\":\"Perch\u00e9 gli oceani pullulano di meduse?\",\"isPartOf\":{\"@id\":\"https:\\\/\\\/www.monaco-tribune.com\\\/it\\\/#website\"},\"primaryImageOfPage\":{\"@id\":\"https:\\\/\\\/www.monaco-tribune.com\\\/it\\\/2020\\\/08\\\/perche-gli-oceani-pullulano-di-meduse\\\/#primaryimage\"},\"image\":{\"@id\":\"https:\\\/\\\/www.monaco-tribune.com\\\/it\\\/2020\\\/08\\\/perche-gli-oceani-pullulano-di-meduse\\\/#primaryimage\"},\"thumbnailUrl\":\"https:\\\/\\\/www.monaco-tribune.com\\\/wp-content\\\/uploads\\\/2020\\\/08\\\/meduse-institut-oceanographique-monaco.jpg\",\"datePublished\":\"2020-08-05T14:32:01+00:00\",\"dateModified\":\"2020-08-06T11:44:21+00:00\",\"description\":\"L'Istituto oceanografico di Monaco si \u00e8 recentemente interessato alle meduse, un essere vivente di affascinante complessit\u00e0. Con l'impatto dell'uomo sugli\",\"breadcrumb\":{\"@id\":\"https:\\\/\\\/www.monaco-tribune.com\\\/it\\\/2020\\\/08\\\/perche-gli-oceani-pullulano-di-meduse\\\/#breadcrumb\"},\"inLanguage\":\"it-IT\",\"potentialAction\":[{\"@type\":\"ReadAction\",\"target\":[\"https:\\\/\\\/www.monaco-tribune.com\\\/it\\\/2020\\\/08\\\/perche-gli-oceani-pullulano-di-meduse\\\/\"]}]},{\"@type\":\"ImageObject\",\"inLanguage\":\"it-IT\",\"@id\":\"https:\\\/\\\/www.monaco-tribune.com\\\/it\\\/2020\\\/08\\\/perche-gli-oceani-pullulano-di-meduse\\\/#primaryimage\",\"url\":\"https:\\\/\\\/www.monaco-tribune.com\\\/wp-content\\\/uploads\\\/2020\\\/08\\\/meduse-institut-oceanographique-monaco.jpg\",\"contentUrl\":\"https:\\\/\\\/www.monaco-tribune.com\\\/wp-content\\\/uploads\\\/2020\\\/08\\\/meduse-institut-oceanographique-monaco.jpg\",\"width\":1230,\"height\":819,\"caption\":\"Michel Dagnino \u2013 Institut oc\u00e9anographique\"},{\"@type\":\"BreadcrumbList\",\"@id\":\"https:\\\/\\\/www.monaco-tribune.com\\\/it\\\/2020\\\/08\\\/perche-gli-oceani-pullulano-di-meduse\\\/#breadcrumb\",\"itemListElement\":[{\"@type\":\"ListItem\",\"position\":1,\"name\":\"Accueil\",\"item\":\"https:\\\/\\\/www.monaco-tribune.com\\\/it\\\/\"},{\"@type\":\"ListItem\",\"position\":2,\"name\":\"Perch\u00e9 gli oceani pullulano di meduse?\"}]},{\"@type\":\"WebSite\",\"@id\":\"https:\\\/\\\/www.monaco-tribune.com\\\/it\\\/#website\",\"url\":\"https:\\\/\\\/www.monaco-tribune.com\\\/it\\\/\",\"name\":\"Monaco Tribune\",\"description\":\"Monaco : actualit\u00e9s \u00e9conomiques, politiques, culturelles et sportives de Monaco et de la French Riviera.\",\"publisher\":{\"@id\":\"https:\\\/\\\/www.monaco-tribune.com\\\/it\\\/#organization\"},\"potentialAction\":[{\"@type\":\"SearchAction\",\"target\":{\"@type\":\"EntryPoint\",\"urlTemplate\":\"https:\\\/\\\/www.monaco-tribune.com\\\/it\\\/?s={search_term_string}\"},\"query-input\":{\"@type\":\"PropertyValueSpecification\",\"valueRequired\":true,\"valueName\":\"search_term_string\"}}],\"inLanguage\":\"it-IT\"},{\"@type\":\"Organization\",\"@id\":\"https:\\\/\\\/www.monaco-tribune.com\\\/it\\\/#organization\",\"name\":\"Monaco Tribune\",\"url\":\"https:\\\/\\\/www.monaco-tribune.com\\\/it\\\/\",\"logo\":{\"@type\":\"ImageObject\",\"inLanguage\":\"it-IT\",\"@id\":\"https:\\\/\\\/www.monaco-tribune.com\\\/it\\\/#\\\/schema\\\/logo\\\/image\\\/\",\"url\":\"https:\\\/\\\/www.monaco-tribune.com\\\/wp-content\\\/uploads\\\/2022\\\/11\\\/logo-monaco-tribune.png\",\"contentUrl\":\"https:\\\/\\\/www.monaco-tribune.com\\\/wp-content\\\/uploads\\\/2022\\\/11\\\/logo-monaco-tribune.png\",\"width\":1548,\"height\":600,\"caption\":\"Monaco Tribune\"},\"image\":{\"@id\":\"https:\\\/\\\/www.monaco-tribune.com\\\/it\\\/#\\\/schema\\\/logo\\\/image\\\/\"},\"sameAs\":[\"https:\\\/\\\/www.facebook.com\\\/MonacoTribune\",\"https:\\\/\\\/x.com\\\/MonacoTribune\",\"https:\\\/\\\/www.instagram.com\\\/monacotribune\\\/\",\"https:\\\/\\\/www.linkedin.com\\\/company\\\/monaco-tribune\",\"https:\\\/\\\/www.youtube.com\\\/channel\\\/UCHle1MnG6hw1y4lWKijVbMA\"]},{\"@type\":\"Person\",\"@id\":\"https:\\\/\\\/www.monaco-tribune.com\\\/it\\\/#\\\/schema\\\/person\\\/10603f39d06463e013e339670c36bea3\",\"name\":\"Lola Senoble\",\"image\":{\"@type\":\"ImageObject\",\"inLanguage\":\"it-IT\",\"@id\":\"https:\\\/\\\/secure.gravatar.com\\\/avatar\\\/48d557f5142df87422d94c862ef0f4177361c443286157fc3838180d4d313fa1?s=96&d=mm&r=g\",\"url\":\"https:\\\/\\\/secure.gravatar.com\\\/avatar\\\/48d557f5142df87422d94c862ef0f4177361c443286157fc3838180d4d313fa1?s=96&d=mm&r=g\",\"contentUrl\":\"https:\\\/\\\/secure.gravatar.com\\\/avatar\\\/48d557f5142df87422d94c862ef0f4177361c443286157fc3838180d4d313fa1?s=96&d=mm&r=g\",\"caption\":\"Lola Senoble\"},\"url\":\"https:\\\/\\\/www.monaco-tribune.com\\\/it\\\/author\\\/lola-senoble\\\/\"}]}<\/script>\n<!-- \/ Yoast SEO Premium plugin. -->","yoast_head_json":{"title":"Perch\u00e9 gli oceani pullulano di meduse?","description":"L'Istituto oceanografico di Monaco si \u00e8 recentemente interessato alle meduse, un essere vivente di affascinante complessit\u00e0. Con l'impatto dell'uomo sugli","robots":{"index":"index","follow":"follow","max-snippet":"max-snippet:-1","max-image-preview":"max-image-preview:large","max-video-preview":"max-video-preview:-1"},"canonical":"https:\/\/www.monaco-tribune.com\/it\/2020\/08\/perche-gli-oceani-pullulano-di-meduse\/","og_locale":"it_IT","og_type":"article","og_title":"Perch\u00e9 gli oceani pullulano di meduse? - Monaco Tribune","og_description":"L'Istituto oceanografico di Monaco si \u00e8 recentemente interessato alle meduse, un essere vivente di affascinante complessit\u00e0. Con l'impatto dell'uomo sugli","og_url":"https:\/\/www.monaco-tribune.com\/it\/2020\/08\/perche-gli-oceani-pullulano-di-meduse\/","og_site_name":"Monaco Tribune","article_publisher":"https:\/\/www.facebook.com\/MonacoTribune","article_published_time":"2020-08-05T14:32:01+00:00","article_modified_time":"2020-08-06T11:44:21+00:00","og_image":[{"width":1230,"height":819,"url":"https:\/\/www.monaco-tribune.com\/wp-content\/uploads\/2020\/08\/meduse-institut-oceanographique-monaco.jpg","type":"image\/jpeg"}],"author":"Lola Senoble","twitter_card":"summary_large_image","twitter_creator":"@MonacoTribune","twitter_site":"@MonacoTribune","schema":{"@context":"https:\/\/schema.org","@graph":[{"@type":"NewsArticle","@id":"https:\/\/www.monaco-tribune.com\/it\/2020\/08\/perche-gli-oceani-pullulano-di-meduse\/#article","isPartOf":{"@id":"https:\/\/www.monaco-tribune.com\/it\/2020\/08\/perche-gli-oceani-pullulano-di-meduse\/"},"author":{"name":"Lola Senoble","@id":"https:\/\/www.monaco-tribune.com\/it\/#\/schema\/person\/10603f39d06463e013e339670c36bea3"},"headline":"Perch\u00e9 gli oceani pullulano di meduse?","datePublished":"2020-08-05T14:32:01+00:00","dateModified":"2020-08-06T11:44:21+00:00","mainEntityOfPage":{"@id":"https:\/\/www.monaco-tribune.com\/it\/2020\/08\/perche-gli-oceani-pullulano-di-meduse\/"},"wordCount":293,"publisher":{"@id":"https:\/\/www.monaco-tribune.com\/it\/#organization"},"image":{"@id":"https:\/\/www.monaco-tribune.com\/it\/2020\/08\/perche-gli-oceani-pullulano-di-meduse\/#primaryimage"},"thumbnailUrl":"https:\/\/www.monaco-tribune.com\/wp-content\/uploads\/2020\/08\/meduse-institut-oceanographique-monaco.jpg","articleSection":["Green","Notizie"],"inLanguage":"it-IT","copyrightYear":"2020","copyrightHolder":{"@id":"https:\/\/www.monaco-tribune.com\/#organization"}},{"@type":"WebPage","@id":"https:\/\/www.monaco-tribune.com\/it\/2020\/08\/perche-gli-oceani-pullulano-di-meduse\/","url":"https:\/\/www.monaco-tribune.com\/it\/2020\/08\/perche-gli-oceani-pullulano-di-meduse\/","name":"Perch\u00e9 gli oceani pullulano di meduse?","isPartOf":{"@id":"https:\/\/www.monaco-tribune.com\/it\/#website"},"primaryImageOfPage":{"@id":"https:\/\/www.monaco-tribune.com\/it\/2020\/08\/perche-gli-oceani-pullulano-di-meduse\/#primaryimage"},"image":{"@id":"https:\/\/www.monaco-tribune.com\/it\/2020\/08\/perche-gli-oceani-pullulano-di-meduse\/#primaryimage"},"thumbnailUrl":"https:\/\/www.monaco-tribune.com\/wp-content\/uploads\/2020\/08\/meduse-institut-oceanographique-monaco.jpg","datePublished":"2020-08-05T14:32:01+00:00","dateModified":"2020-08-06T11:44:21+00:00","description":"L'Istituto oceanografico di Monaco si \u00e8 recentemente interessato alle meduse, un essere vivente di affascinante complessit\u00e0. Con l'impatto dell'uomo sugli","breadcrumb":{"@id":"https:\/\/www.monaco-tribune.com\/it\/2020\/08\/perche-gli-oceani-pullulano-di-meduse\/#breadcrumb"},"inLanguage":"it-IT","potentialAction":[{"@type":"ReadAction","target":["https:\/\/www.monaco-tribune.com\/it\/2020\/08\/perche-gli-oceani-pullulano-di-meduse\/"]}]},{"@type":"ImageObject","inLanguage":"it-IT","@id":"https:\/\/www.monaco-tribune.com\/it\/2020\/08\/perche-gli-oceani-pullulano-di-meduse\/#primaryimage","url":"https:\/\/www.monaco-tribune.com\/wp-content\/uploads\/2020\/08\/meduse-institut-oceanographique-monaco.jpg","contentUrl":"https:\/\/www.monaco-tribune.com\/wp-content\/uploads\/2020\/08\/meduse-institut-oceanographique-monaco.jpg","width":1230,"height":819,"caption":"Michel Dagnino \u2013 Institut oc\u00e9anographique"},{"@type":"BreadcrumbList","@id":"https:\/\/www.monaco-tribune.com\/it\/2020\/08\/perche-gli-oceani-pullulano-di-meduse\/#breadcrumb","itemListElement":[{"@type":"ListItem","position":1,"name":"Accueil","item":"https:\/\/www.monaco-tribune.com\/it\/"},{"@type":"ListItem","position":2,"name":"Perch\u00e9 gli oceani pullulano di meduse?"}]},{"@type":"WebSite","@id":"https:\/\/www.monaco-tribune.com\/it\/#website","url":"https:\/\/www.monaco-tribune.com\/it\/","name":"Monaco Tribune","description":"Monaco : actualit\u00e9s \u00e9conomiques, politiques, culturelles et sportives de Monaco et de la French Riviera.","publisher":{"@id":"https:\/\/www.monaco-tribune.com\/it\/#organization"},"potentialAction":[{"@type":"SearchAction","target":{"@type":"EntryPoint","urlTemplate":"https:\/\/www.monaco-tribune.com\/it\/?s={search_term_string}"},"query-input":{"@type":"PropertyValueSpecification","valueRequired":true,"valueName":"search_term_string"}}],"inLanguage":"it-IT"},{"@type":"Organization","@id":"https:\/\/www.monaco-tribune.com\/it\/#organization","name":"Monaco Tribune","url":"https:\/\/www.monaco-tribune.com\/it\/","logo":{"@type":"ImageObject","inLanguage":"it-IT","@id":"https:\/\/www.monaco-tribune.com\/it\/#\/schema\/logo\/image\/","url":"https:\/\/www.monaco-tribune.com\/wp-content\/uploads\/2022\/11\/logo-monaco-tribune.png","contentUrl":"https:\/\/www.monaco-tribune.com\/wp-content\/uploads\/2022\/11\/logo-monaco-tribune.png","width":1548,"height":600,"caption":"Monaco Tribune"},"image":{"@id":"https:\/\/www.monaco-tribune.com\/it\/#\/schema\/logo\/image\/"},"sameAs":["https:\/\/www.facebook.com\/MonacoTribune","https:\/\/x.com\/MonacoTribune","https:\/\/www.instagram.com\/monacotribune\/","https:\/\/www.linkedin.com\/company\/monaco-tribune","https:\/\/www.youtube.com\/channel\/UCHle1MnG6hw1y4lWKijVbMA"]},{"@type":"Person","@id":"https:\/\/www.monaco-tribune.com\/it\/#\/schema\/person\/10603f39d06463e013e339670c36bea3","name":"Lola Senoble","image":{"@type":"ImageObject","inLanguage":"it-IT","@id":"https:\/\/secure.gravatar.com\/avatar\/48d557f5142df87422d94c862ef0f4177361c443286157fc3838180d4d313fa1?s=96&d=mm&r=g","url":"https:\/\/secure.gravatar.com\/avatar\/48d557f5142df87422d94c862ef0f4177361c443286157fc3838180d4d313fa1?s=96&d=mm&r=g","contentUrl":"https:\/\/secure.gravatar.com\/avatar\/48d557f5142df87422d94c862ef0f4177361c443286157fc3838180d4d313fa1?s=96&d=mm&r=g","caption":"Lola Senoble"},"url":"https:\/\/www.monaco-tribune.com\/it\/author\/lola-senoble\/"}]}},"_links":{"self":[{"href":"https:\/\/www.monaco-tribune.com\/it\/wp-json\/wp\/v2\/posts\/34089","targetHints":{"allow":["GET"]}}],"collection":[{"href":"https:\/\/www.monaco-tribune.com\/it\/wp-json\/wp\/v2\/posts"}],"about":[{"href":"https:\/\/www.monaco-tribune.com\/it\/wp-json\/wp\/v2\/types\/post"}],"author":[{"embeddable":true,"href":"https:\/\/www.monaco-tribune.com\/it\/wp-json\/wp\/v2\/users\/33"}],"replies":[{"embeddable":true,"href":"https:\/\/www.monaco-tribune.com\/it\/wp-json\/wp\/v2\/comments?post=34089"}],"version-history":[{"count":0,"href":"https:\/\/www.monaco-tribune.com\/it\/wp-json\/wp\/v2\/posts\/34089\/revisions"}],"wp:featuredmedia":[{"embeddable":true,"href":"https:\/\/www.monaco-tribune.com\/it\/wp-json\/wp\/v2\/media\/34080"}],"wp:attachment":[{"href":"https:\/\/www.monaco-tribune.com\/it\/wp-json\/wp\/v2\/media?parent=34089"}],"wp:term":[{"taxonomy":"category","embeddable":true,"href":"https:\/\/www.monaco-tribune.com\/it\/wp-json\/wp\/v2\/categories?post=34089"},{"taxonomy":"post_tag","embeddable":true,"href":"https:\/\/www.monaco-tribune.com\/it\/wp-json\/wp\/v2\/tags?post=34089"},{"taxonomy":"sectag","embeddable":true,"href":"https:\/\/www.monaco-tribune.com\/it\/wp-json\/wp\/v2\/post_sectags?post=34089"},{"taxonomy":"format","embeddable":true,"href":"https:\/\/www.monaco-tribune.com\/it\/wp-json\/wp\/v2\/post_format?post=34089"}],"curies":[{"name":"wp","href":"https:\/\/api.w.org\/{rel}","templated":true}]}}