{"id":341546,"date":"2026-03-06T15:44:28","date_gmt":"2026-03-06T13:44:28","guid":{"rendered":"https:\/\/www.monaco-tribune.com\/2026\/03\/il-principe-alberto-ii-sulle-tracce-dei-suoi-antenati-nel-museo-preistorico-dei-balzi-rossi\/"},"modified":"2026-03-06T15:44:36","modified_gmt":"2026-03-06T13:44:36","slug":"il-principe-alberto-ii-sulle-tracce-dei-suoi-antenati-nel-museo-preistorico-dei-balzi-rossi","status":"publish","type":"post","link":"https:\/\/www.monaco-tribune.com\/it\/2026\/03\/il-principe-alberto-ii-sulle-tracce-dei-suoi-antenati-nel-museo-preistorico-dei-balzi-rossi\/","title":{"rendered":"Il Principe Alberto II sulle tracce dei suoi antenati nel museo preistorico dei Balzi Rossi"},"content":{"rendered":"\n<p><strong>Con la sua visita a questo importante sito preistorico europeo situato a Ventimiglia, il Sovrano ha ripreso una tradizione scientifica di famiglia che risale a quasi due secoli fa.<\/strong><\/p>\n\n<p>Accolto dal sindaco di Ventimiglia, Flavio Di Muro, e dalla direttrice del museo, Antonella Traverso, luned\u00ec 2 marzo, in tarda serata, il Principe Alberto II ha visitato i due spazi del museo dei Balzi Rossi, situato in riva al mare a pochi passi dal confine francese. Il Sovrano ha visitato le sale dedicate alle sepolture del Paleolitico superiore, alla storia delle grandi campagne di scavi e ai reperti provenienti dalla Grotta del Principe, la pi\u00f9 grande del complesso, che rimane di propriet\u00e0 della famiglia Grimaldi.<\/p>\n<div class=\"wp-block-image\">\n<figure class=\"aligncenter size-large\"><img loading=\"lazy\" decoding=\"async\" width=\"1024\" height=\"684\" src=\"https:\/\/www.monaco-tribune.com\/wp-content\/uploads\/2026\/03\/prince-albert-musee-rossi-1024x684.jpg\" alt=\"\" class=\"wp-image-341250\" srcset=\"https:\/\/www.monaco-tribune.com\/wp-content\/uploads\/2026\/03\/prince-albert-musee-rossi-1024x684.jpg 1024w, https:\/\/www.monaco-tribune.com\/wp-content\/uploads\/2026\/03\/prince-albert-musee-rossi-449x300.jpg 449w, https:\/\/www.monaco-tribune.com\/wp-content\/uploads\/2026\/03\/prince-albert-musee-rossi.jpg 1200w\" sizes=\"auto, (max-width: 1024px) 100vw, 1024px\" \/><figcaption class=\"wp-element-caption\"><em>Il Principe Alberto II \u00e8 stato accolto dal sindaco di Ventimiglia Flavio Di Muro e da Antonella Traverso, direttrice del museo<\/em> \u00a9 Fr\u00e9d\u00e9ric Nebinger &#8211; Palazzo del Principe<\/figcaption><\/figure>\n<\/div>\n<p>Il sito, noto anche con il nome di &#8220;grotte di Grimaldi&#8221;, \u00e8 strettamente legato al Principato sin dalla met\u00e0 del XIX secolo. Fu il principe Florestan I a finanziare, a partire dal 1846, i primi scavi in queste cavit\u00e0 nella scogliera di calcare rosso. Il suo pronipote Alberto I prosegu\u00ec i lavori a partire dal 1883 con un&#8217;ambizione scientifica senza precedenti: tra il 1895 e il 1901 organizz\u00f2 campagne metodiche che portarono alla luce sepolture eccezionali, tra cui quella dell&#8217;Uomo di Grimaldi, risalente a circa 25.000 anni fa.<\/p>\n\n<figure class=\"wp-block-gallery has-nested-images columns-1 is-cropped wp-block-gallery-1 is-layout-flex wp-block-gallery-is-layout-flex\">\n<figure class=\"wp-block-image size-large\"><img loading=\"lazy\" decoding=\"async\" width=\"1024\" height=\"684\" data-id=\"341242\" src=\"https:\/\/www.monaco-tribune.com\/wp-content\/uploads\/2026\/03\/prince-albert-grottes-balzi-rossi-4-1024x684.jpg\" alt=\"\" class=\"wp-image-341242\" srcset=\"https:\/\/www.monaco-tribune.com\/wp-content\/uploads\/2026\/03\/prince-albert-grottes-balzi-rossi-4-1024x684.jpg 1024w, https:\/\/www.monaco-tribune.com\/wp-content\/uploads\/2026\/03\/prince-albert-grottes-balzi-rossi-4-449x300.jpg 449w, https:\/\/www.monaco-tribune.com\/wp-content\/uploads\/2026\/03\/prince-albert-grottes-balzi-rossi-4.jpg 1200w\" sizes=\"auto, (max-width: 1024px) 100vw, 1024px\" \/><\/figure>\n\n\n\n<figure class=\"wp-block-image size-large\"><img loading=\"lazy\" decoding=\"async\" width=\"1024\" height=\"684\" data-id=\"341238\" src=\"https:\/\/www.monaco-tribune.com\/wp-content\/uploads\/2026\/03\/prince-albert-grottes-balzi-rossi-3-1024x684.jpg\" alt=\"\" class=\"wp-image-341238\" srcset=\"https:\/\/www.monaco-tribune.com\/wp-content\/uploads\/2026\/03\/prince-albert-grottes-balzi-rossi-3-1024x684.jpg 1024w, https:\/\/www.monaco-tribune.com\/wp-content\/uploads\/2026\/03\/prince-albert-grottes-balzi-rossi-3-449x300.jpg 449w, https:\/\/www.monaco-tribune.com\/wp-content\/uploads\/2026\/03\/prince-albert-grottes-balzi-rossi-3.jpg 1200w\" sizes=\"auto, (max-width: 1024px) 100vw, 1024px\" \/><\/figure>\n<figcaption class=\"blocks-gallery-caption wp-element-caption\">\u00a9 Fr\u00e9d\u00e9ric Nebinger &#8211; Palazzo del Principe<\/figcaption><\/figure>\n\n<h2 class=\"wp-block-heading\" id=\"h-un-heritage-scientifique-toujours-vivant\">Un&#8217;eredit\u00e0 scientifica ancora viva<\/h2>\n\n<p>Appassionato di paleontologia, Alberto I fond\u00f2 il Museo di Antropologia Preistorica di Monaco e l&#8217;Istituto di Paleontologia Umana di Parigi per conservare e studiare questi reperti. Le grotte, che conservano tracce di insediamenti umani risalenti a 200.000 anni fa, sono ancora oggi oggetto di attivi studi internazionali.<\/p>\n\n<blockquote class=\"wp-embedded-content\" data-secret=\"l85I0I1nwN\"><a href=\"https:\/\/www.monaco-tribune.com\/it\/2026\/03\/marzo-a-monaco-gli-eventi-imperdibili-per-iniziare-al-meglio-la-primavera\/\">Marzo a Monaco: gli eventi imperdibili per iniziare al meglio la primavera<\/a><\/blockquote><iframe class=\"wp-embedded-content\" sandbox=\"allow-scripts\" security=\"restricted\" style=\"position: absolute; visibility: hidden;\" title=\"&#8220;Marzo a Monaco: gli eventi imperdibili per iniziare al meglio la primavera&#8221; &#8212; Monaco Tribune\" src=\"https:\/\/www.monaco-tribune.com\/it\/2026\/03\/marzo-a-monaco-gli-eventi-imperdibili-per-iniziare-al-meglio-la-primavera\/embed\/#?secret=Niqxe8PfOQ#?secret=l85I0I1nwN\" data-secret=\"l85I0I1nwN\" width=\"500\" height=\"282\" frameborder=\"0\" marginwidth=\"0\" marginheight=\"0\" scrolling=\"no\"><\/iframe>\n\n<p>Gli appassionati di preistoria potranno inoltre prolungare questo viaggio nel tempo visitando la mostra &#8220;Da Touma\u00ef a Sapiens&#8221;, presentata fino al 16 ottobre 2026 al Museo di Antropologia Preistorica di Monaco. Questo percorso interattivo ed educativo ripercorre l&#8217;evoluzione della stirpe umana, dai primi ominidi all&#8217;Homo sapiens.<\/p>\n","protected":false},"excerpt":{"rendered":"<p>Con la sua visita a questo importante sito preistorico europeo situato a Ventimiglia, il Sovrano ha ripreso una tradizione scientifica [&hellip;]<\/p>\n","protected":false},"author":82,"featured_media":341248,"comment_status":"closed","ping_status":"closed","sticky":false,"template":"","format":"standard","meta":{"_acf_changed":false,"footnotes":""},"categories":[1740,1826,1738],"tags":[2986],"post_sectags":[5888],"post_format":[2478],"class_list":["post-341546","post","type-post","status-publish","format-standard","has-post-thumbnail","hentry","category-cosa-fare","category-la-nostra-scelta","category-notizie","tag-principe-alberto-ii","sectag-storia","format-notizia"],"acf":[],"yoast_head":"<!-- This site is optimized with the Yoast SEO Premium plugin v26.8 (Yoast SEO v27.4) - https:\/\/yoast.com\/product\/yoast-seo-premium-wordpress\/ -->\n<title>Il Principe Alberto II sulle tracce dei suoi antenati nel museo preistorico dei Balzi Rossi<\/title>\n<meta name=\"description\" content=\"Con la sua visita a questo importante sito preistorico europeo situato a Ventimiglia, il Sovrano ha ripreso una tradizione scientifica di famiglia che\" \/>\n<meta name=\"robots\" content=\"index, follow, max-snippet:-1, max-image-preview:large, max-video-preview:-1\" \/>\n<link rel=\"canonical\" href=\"https:\/\/www.monaco-tribune.com\/it\/2026\/03\/il-principe-alberto-ii-sulle-tracce-dei-suoi-antenati-nel-museo-preistorico-dei-balzi-rossi\/\" \/>\n<meta property=\"og:locale\" content=\"it_IT\" \/>\n<meta property=\"og:type\" content=\"article\" \/>\n<meta property=\"og:title\" content=\"Il Principe Alberto II sulle tracce dei suoi antenati nel museo preistorico dei Balzi Rossi - Monaco Tribune\" \/>\n<meta property=\"og:description\" content=\"Con la sua visita a questo importante sito preistorico europeo situato a Ventimiglia, il Sovrano ha ripreso una tradizione scientifica di famiglia che\" \/>\n<meta property=\"og:url\" content=\"https:\/\/www.monaco-tribune.com\/it\/2026\/03\/il-principe-alberto-ii-sulle-tracce-dei-suoi-antenati-nel-museo-preistorico-dei-balzi-rossi\/\" \/>\n<meta property=\"og:site_name\" content=\"Monaco Tribune\" \/>\n<meta property=\"article:publisher\" content=\"https:\/\/www.facebook.com\/MonacoTribune\" \/>\n<meta property=\"article:published_time\" content=\"2026-03-06T13:44:28+00:00\" \/>\n<meta property=\"article:modified_time\" content=\"2026-03-06T13:44:36+00:00\" \/>\n<meta property=\"og:image\" content=\"https:\/\/www.monaco-tribune.com\/wp-content\/uploads\/2026\/03\/prince-albert-grottes-balzi-rossi.jpg\" \/>\n\t<meta property=\"og:image:width\" content=\"1200\" \/>\n\t<meta property=\"og:image:height\" content=\"802\" \/>\n\t<meta property=\"og:image:type\" content=\"image\/jpeg\" \/>\n<meta name=\"author\" content=\"Benjamin Godart\" \/>\n<meta name=\"twitter:card\" content=\"summary_large_image\" \/>\n<meta name=\"twitter:creator\" content=\"@MonacoTribune\" \/>\n<meta name=\"twitter:site\" content=\"@MonacoTribune\" \/>\n<script type=\"application\/ld+json\" class=\"yoast-schema-graph\">{\"@context\":\"https:\\\/\\\/schema.org\",\"@graph\":[{\"@type\":\"NewsArticle\",\"@id\":\"https:\\\/\\\/www.monaco-tribune.com\\\/it\\\/2026\\\/03\\\/il-principe-alberto-ii-sulle-tracce-dei-suoi-antenati-nel-museo-preistorico-dei-balzi-rossi\\\/#article\",\"isPartOf\":{\"@id\":\"https:\\\/\\\/www.monaco-tribune.com\\\/it\\\/2026\\\/03\\\/il-principe-alberto-ii-sulle-tracce-dei-suoi-antenati-nel-museo-preistorico-dei-balzi-rossi\\\/\"},\"author\":{\"name\":\"Benjamin Godart\",\"@id\":\"https:\\\/\\\/www.monaco-tribune.com\\\/it\\\/#\\\/schema\\\/person\\\/d201bd3b5aa6a9405a343cb582876e6b\"},\"headline\":\"Il Principe Alberto II sulle tracce dei suoi antenati nel museo preistorico dei Balzi Rossi\",\"datePublished\":\"2026-03-06T13:44:28+00:00\",\"dateModified\":\"2026-03-06T13:44:36+00:00\",\"mainEntityOfPage\":{\"@id\":\"https:\\\/\\\/www.monaco-tribune.com\\\/it\\\/2026\\\/03\\\/il-principe-alberto-ii-sulle-tracce-dei-suoi-antenati-nel-museo-preistorico-dei-balzi-rossi\\\/\"},\"wordCount\":352,\"publisher\":{\"@id\":\"https:\\\/\\\/www.monaco-tribune.com\\\/it\\\/#organization\"},\"image\":{\"@id\":\"https:\\\/\\\/www.monaco-tribune.com\\\/it\\\/2026\\\/03\\\/il-principe-alberto-ii-sulle-tracce-dei-suoi-antenati-nel-museo-preistorico-dei-balzi-rossi\\\/#primaryimage\"},\"thumbnailUrl\":\"https:\\\/\\\/www.monaco-tribune.com\\\/wp-content\\\/uploads\\\/2026\\\/03\\\/prince-albert-grottes-balzi-rossi.jpg\",\"keywords\":[\"Principe Alberto II\"],\"articleSection\":[\"Cosa fare\",\"La nostra scelta\",\"Notizie\"],\"inLanguage\":\"it-IT\",\"copyrightYear\":\"2026\",\"copyrightHolder\":{\"@id\":\"https:\\\/\\\/www.monaco-tribune.com\\\/#organization\"}},{\"@type\":\"WebPage\",\"@id\":\"https:\\\/\\\/www.monaco-tribune.com\\\/it\\\/2026\\\/03\\\/il-principe-alberto-ii-sulle-tracce-dei-suoi-antenati-nel-museo-preistorico-dei-balzi-rossi\\\/\",\"url\":\"https:\\\/\\\/www.monaco-tribune.com\\\/it\\\/2026\\\/03\\\/il-principe-alberto-ii-sulle-tracce-dei-suoi-antenati-nel-museo-preistorico-dei-balzi-rossi\\\/\",\"name\":\"Il Principe Alberto II sulle tracce dei suoi antenati nel museo preistorico dei Balzi Rossi\",\"isPartOf\":{\"@id\":\"https:\\\/\\\/www.monaco-tribune.com\\\/it\\\/#website\"},\"primaryImageOfPage\":{\"@id\":\"https:\\\/\\\/www.monaco-tribune.com\\\/it\\\/2026\\\/03\\\/il-principe-alberto-ii-sulle-tracce-dei-suoi-antenati-nel-museo-preistorico-dei-balzi-rossi\\\/#primaryimage\"},\"image\":{\"@id\":\"https:\\\/\\\/www.monaco-tribune.com\\\/it\\\/2026\\\/03\\\/il-principe-alberto-ii-sulle-tracce-dei-suoi-antenati-nel-museo-preistorico-dei-balzi-rossi\\\/#primaryimage\"},\"thumbnailUrl\":\"https:\\\/\\\/www.monaco-tribune.com\\\/wp-content\\\/uploads\\\/2026\\\/03\\\/prince-albert-grottes-balzi-rossi.jpg\",\"datePublished\":\"2026-03-06T13:44:28+00:00\",\"dateModified\":\"2026-03-06T13:44:36+00:00\",\"description\":\"Con la sua visita a questo importante sito preistorico europeo situato a Ventimiglia, il Sovrano ha ripreso una tradizione scientifica di famiglia che\",\"breadcrumb\":{\"@id\":\"https:\\\/\\\/www.monaco-tribune.com\\\/it\\\/2026\\\/03\\\/il-principe-alberto-ii-sulle-tracce-dei-suoi-antenati-nel-museo-preistorico-dei-balzi-rossi\\\/#breadcrumb\"},\"inLanguage\":\"it-IT\",\"potentialAction\":[{\"@type\":\"ReadAction\",\"target\":[\"https:\\\/\\\/www.monaco-tribune.com\\\/it\\\/2026\\\/03\\\/il-principe-alberto-ii-sulle-tracce-dei-suoi-antenati-nel-museo-preistorico-dei-balzi-rossi\\\/\"]}]},{\"@type\":\"ImageObject\",\"inLanguage\":\"it-IT\",\"@id\":\"https:\\\/\\\/www.monaco-tribune.com\\\/it\\\/2026\\\/03\\\/il-principe-alberto-ii-sulle-tracce-dei-suoi-antenati-nel-museo-preistorico-dei-balzi-rossi\\\/#primaryimage\",\"url\":\"https:\\\/\\\/www.monaco-tribune.com\\\/wp-content\\\/uploads\\\/2026\\\/03\\\/prince-albert-grottes-balzi-rossi.jpg\",\"contentUrl\":\"https:\\\/\\\/www.monaco-tribune.com\\\/wp-content\\\/uploads\\\/2026\\\/03\\\/prince-albert-grottes-balzi-rossi.jpg\",\"width\":1200,\"height\":802,\"caption\":\"Luned\u00ec 2 marzo, il Principe Alberto II si \u00e8 recato al confine per visitare il sito dei Balzi Rossi \u00a9 Fr\u00e9d\u00e9ric Nebinger - Palazzo del Principe di Monaco\"},{\"@type\":\"BreadcrumbList\",\"@id\":\"https:\\\/\\\/www.monaco-tribune.com\\\/it\\\/2026\\\/03\\\/il-principe-alberto-ii-sulle-tracce-dei-suoi-antenati-nel-museo-preistorico-dei-balzi-rossi\\\/#breadcrumb\",\"itemListElement\":[{\"@type\":\"ListItem\",\"position\":1,\"name\":\"Accueil\",\"item\":\"https:\\\/\\\/www.monaco-tribune.com\\\/it\\\/\"},{\"@type\":\"ListItem\",\"position\":2,\"name\":\"Il Principe Alberto II sulle tracce dei suoi antenati nel museo preistorico dei Balzi Rossi\"}]},{\"@type\":\"WebSite\",\"@id\":\"https:\\\/\\\/www.monaco-tribune.com\\\/it\\\/#website\",\"url\":\"https:\\\/\\\/www.monaco-tribune.com\\\/it\\\/\",\"name\":\"Monaco Tribune\",\"description\":\"Monaco : actualit\u00e9s \u00e9conomiques, politiques, culturelles et sportives de Monaco et de la French Riviera.\",\"publisher\":{\"@id\":\"https:\\\/\\\/www.monaco-tribune.com\\\/it\\\/#organization\"},\"potentialAction\":[{\"@type\":\"SearchAction\",\"target\":{\"@type\":\"EntryPoint\",\"urlTemplate\":\"https:\\\/\\\/www.monaco-tribune.com\\\/it\\\/?s={search_term_string}\"},\"query-input\":{\"@type\":\"PropertyValueSpecification\",\"valueRequired\":true,\"valueName\":\"search_term_string\"}}],\"inLanguage\":\"it-IT\"},{\"@type\":\"Organization\",\"@id\":\"https:\\\/\\\/www.monaco-tribune.com\\\/it\\\/#organization\",\"name\":\"Monaco Tribune\",\"url\":\"https:\\\/\\\/www.monaco-tribune.com\\\/it\\\/\",\"logo\":{\"@type\":\"ImageObject\",\"inLanguage\":\"it-IT\",\"@id\":\"https:\\\/\\\/www.monaco-tribune.com\\\/it\\\/#\\\/schema\\\/logo\\\/image\\\/\",\"url\":\"https:\\\/\\\/www.monaco-tribune.com\\\/wp-content\\\/uploads\\\/2022\\\/11\\\/logo-monaco-tribune.png\",\"contentUrl\":\"https:\\\/\\\/www.monaco-tribune.com\\\/wp-content\\\/uploads\\\/2022\\\/11\\\/logo-monaco-tribune.png\",\"width\":1548,\"height\":600,\"caption\":\"Monaco Tribune\"},\"image\":{\"@id\":\"https:\\\/\\\/www.monaco-tribune.com\\\/it\\\/#\\\/schema\\\/logo\\\/image\\\/\"},\"sameAs\":[\"https:\\\/\\\/www.facebook.com\\\/MonacoTribune\",\"https:\\\/\\\/x.com\\\/MonacoTribune\",\"https:\\\/\\\/www.instagram.com\\\/monacotribune\\\/\",\"https:\\\/\\\/www.linkedin.com\\\/company\\\/monaco-tribune\",\"https:\\\/\\\/www.youtube.com\\\/channel\\\/UCHle1MnG6hw1y4lWKijVbMA\"]},{\"@type\":\"Person\",\"@id\":\"https:\\\/\\\/www.monaco-tribune.com\\\/it\\\/#\\\/schema\\\/person\\\/d201bd3b5aa6a9405a343cb582876e6b\",\"name\":\"Benjamin Godart\",\"image\":{\"@type\":\"ImageObject\",\"inLanguage\":\"it-IT\",\"@id\":\"https:\\\/\\\/secure.gravatar.com\\\/avatar\\\/497d42825162d88d88f4d1527d8d9791abdd62e977b6ae137f2a93f8450f5286?s=96&d=mm&r=g\",\"url\":\"https:\\\/\\\/secure.gravatar.com\\\/avatar\\\/497d42825162d88d88f4d1527d8d9791abdd62e977b6ae137f2a93f8450f5286?s=96&d=mm&r=g\",\"contentUrl\":\"https:\\\/\\\/secure.gravatar.com\\\/avatar\\\/497d42825162d88d88f4d1527d8d9791abdd62e977b6ae137f2a93f8450f5286?s=96&d=mm&r=g\",\"caption\":\"Benjamin Godart\"},\"url\":\"https:\\\/\\\/www.monaco-tribune.com\\\/it\\\/author\\\/benjamingodart\\\/\"}]}<\/script>\n<!-- \/ Yoast SEO Premium plugin. -->","yoast_head_json":{"title":"Il Principe Alberto II sulle tracce dei suoi antenati nel museo preistorico dei Balzi Rossi","description":"Con la sua visita a questo importante sito preistorico europeo situato a Ventimiglia, il Sovrano ha ripreso una tradizione scientifica di famiglia che","robots":{"index":"index","follow":"follow","max-snippet":"max-snippet:-1","max-image-preview":"max-image-preview:large","max-video-preview":"max-video-preview:-1"},"canonical":"https:\/\/www.monaco-tribune.com\/it\/2026\/03\/il-principe-alberto-ii-sulle-tracce-dei-suoi-antenati-nel-museo-preistorico-dei-balzi-rossi\/","og_locale":"it_IT","og_type":"article","og_title":"Il Principe Alberto II sulle tracce dei suoi antenati nel museo preistorico dei Balzi Rossi - Monaco Tribune","og_description":"Con la sua visita a questo importante sito preistorico europeo situato a Ventimiglia, il Sovrano ha ripreso una tradizione scientifica di famiglia che","og_url":"https:\/\/www.monaco-tribune.com\/it\/2026\/03\/il-principe-alberto-ii-sulle-tracce-dei-suoi-antenati-nel-museo-preistorico-dei-balzi-rossi\/","og_site_name":"Monaco Tribune","article_publisher":"https:\/\/www.facebook.com\/MonacoTribune","article_published_time":"2026-03-06T13:44:28+00:00","article_modified_time":"2026-03-06T13:44:36+00:00","og_image":[{"width":1200,"height":802,"url":"https:\/\/www.monaco-tribune.com\/wp-content\/uploads\/2026\/03\/prince-albert-grottes-balzi-rossi.jpg","type":"image\/jpeg"}],"author":"Benjamin Godart","twitter_card":"summary_large_image","twitter_creator":"@MonacoTribune","twitter_site":"@MonacoTribune","schema":{"@context":"https:\/\/schema.org","@graph":[{"@type":"NewsArticle","@id":"https:\/\/www.monaco-tribune.com\/it\/2026\/03\/il-principe-alberto-ii-sulle-tracce-dei-suoi-antenati-nel-museo-preistorico-dei-balzi-rossi\/#article","isPartOf":{"@id":"https:\/\/www.monaco-tribune.com\/it\/2026\/03\/il-principe-alberto-ii-sulle-tracce-dei-suoi-antenati-nel-museo-preistorico-dei-balzi-rossi\/"},"author":{"name":"Benjamin Godart","@id":"https:\/\/www.monaco-tribune.com\/it\/#\/schema\/person\/d201bd3b5aa6a9405a343cb582876e6b"},"headline":"Il Principe Alberto II sulle tracce dei suoi antenati nel museo preistorico dei Balzi Rossi","datePublished":"2026-03-06T13:44:28+00:00","dateModified":"2026-03-06T13:44:36+00:00","mainEntityOfPage":{"@id":"https:\/\/www.monaco-tribune.com\/it\/2026\/03\/il-principe-alberto-ii-sulle-tracce-dei-suoi-antenati-nel-museo-preistorico-dei-balzi-rossi\/"},"wordCount":352,"publisher":{"@id":"https:\/\/www.monaco-tribune.com\/it\/#organization"},"image":{"@id":"https:\/\/www.monaco-tribune.com\/it\/2026\/03\/il-principe-alberto-ii-sulle-tracce-dei-suoi-antenati-nel-museo-preistorico-dei-balzi-rossi\/#primaryimage"},"thumbnailUrl":"https:\/\/www.monaco-tribune.com\/wp-content\/uploads\/2026\/03\/prince-albert-grottes-balzi-rossi.jpg","keywords":["Principe Alberto II"],"articleSection":["Cosa fare","La nostra scelta","Notizie"],"inLanguage":"it-IT","copyrightYear":"2026","copyrightHolder":{"@id":"https:\/\/www.monaco-tribune.com\/#organization"}},{"@type":"WebPage","@id":"https:\/\/www.monaco-tribune.com\/it\/2026\/03\/il-principe-alberto-ii-sulle-tracce-dei-suoi-antenati-nel-museo-preistorico-dei-balzi-rossi\/","url":"https:\/\/www.monaco-tribune.com\/it\/2026\/03\/il-principe-alberto-ii-sulle-tracce-dei-suoi-antenati-nel-museo-preistorico-dei-balzi-rossi\/","name":"Il Principe Alberto II sulle tracce dei suoi antenati nel museo preistorico dei Balzi Rossi","isPartOf":{"@id":"https:\/\/www.monaco-tribune.com\/it\/#website"},"primaryImageOfPage":{"@id":"https:\/\/www.monaco-tribune.com\/it\/2026\/03\/il-principe-alberto-ii-sulle-tracce-dei-suoi-antenati-nel-museo-preistorico-dei-balzi-rossi\/#primaryimage"},"image":{"@id":"https:\/\/www.monaco-tribune.com\/it\/2026\/03\/il-principe-alberto-ii-sulle-tracce-dei-suoi-antenati-nel-museo-preistorico-dei-balzi-rossi\/#primaryimage"},"thumbnailUrl":"https:\/\/www.monaco-tribune.com\/wp-content\/uploads\/2026\/03\/prince-albert-grottes-balzi-rossi.jpg","datePublished":"2026-03-06T13:44:28+00:00","dateModified":"2026-03-06T13:44:36+00:00","description":"Con la sua visita a questo importante sito preistorico europeo situato a Ventimiglia, il Sovrano ha ripreso una tradizione scientifica di famiglia che","breadcrumb":{"@id":"https:\/\/www.monaco-tribune.com\/it\/2026\/03\/il-principe-alberto-ii-sulle-tracce-dei-suoi-antenati-nel-museo-preistorico-dei-balzi-rossi\/#breadcrumb"},"inLanguage":"it-IT","potentialAction":[{"@type":"ReadAction","target":["https:\/\/www.monaco-tribune.com\/it\/2026\/03\/il-principe-alberto-ii-sulle-tracce-dei-suoi-antenati-nel-museo-preistorico-dei-balzi-rossi\/"]}]},{"@type":"ImageObject","inLanguage":"it-IT","@id":"https:\/\/www.monaco-tribune.com\/it\/2026\/03\/il-principe-alberto-ii-sulle-tracce-dei-suoi-antenati-nel-museo-preistorico-dei-balzi-rossi\/#primaryimage","url":"https:\/\/www.monaco-tribune.com\/wp-content\/uploads\/2026\/03\/prince-albert-grottes-balzi-rossi.jpg","contentUrl":"https:\/\/www.monaco-tribune.com\/wp-content\/uploads\/2026\/03\/prince-albert-grottes-balzi-rossi.jpg","width":1200,"height":802,"caption":"Luned\u00ec 2 marzo, il Principe Alberto II si \u00e8 recato al confine per visitare il sito dei Balzi Rossi \u00a9 Fr\u00e9d\u00e9ric Nebinger - Palazzo del Principe di Monaco"},{"@type":"BreadcrumbList","@id":"https:\/\/www.monaco-tribune.com\/it\/2026\/03\/il-principe-alberto-ii-sulle-tracce-dei-suoi-antenati-nel-museo-preistorico-dei-balzi-rossi\/#breadcrumb","itemListElement":[{"@type":"ListItem","position":1,"name":"Accueil","item":"https:\/\/www.monaco-tribune.com\/it\/"},{"@type":"ListItem","position":2,"name":"Il Principe Alberto II sulle tracce dei suoi antenati nel museo preistorico dei Balzi Rossi"}]},{"@type":"WebSite","@id":"https:\/\/www.monaco-tribune.com\/it\/#website","url":"https:\/\/www.monaco-tribune.com\/it\/","name":"Monaco Tribune","description":"Monaco : actualit\u00e9s \u00e9conomiques, politiques, culturelles et sportives de Monaco et de la French Riviera.","publisher":{"@id":"https:\/\/www.monaco-tribune.com\/it\/#organization"},"potentialAction":[{"@type":"SearchAction","target":{"@type":"EntryPoint","urlTemplate":"https:\/\/www.monaco-tribune.com\/it\/?s={search_term_string}"},"query-input":{"@type":"PropertyValueSpecification","valueRequired":true,"valueName":"search_term_string"}}],"inLanguage":"it-IT"},{"@type":"Organization","@id":"https:\/\/www.monaco-tribune.com\/it\/#organization","name":"Monaco Tribune","url":"https:\/\/www.monaco-tribune.com\/it\/","logo":{"@type":"ImageObject","inLanguage":"it-IT","@id":"https:\/\/www.monaco-tribune.com\/it\/#\/schema\/logo\/image\/","url":"https:\/\/www.monaco-tribune.com\/wp-content\/uploads\/2022\/11\/logo-monaco-tribune.png","contentUrl":"https:\/\/www.monaco-tribune.com\/wp-content\/uploads\/2022\/11\/logo-monaco-tribune.png","width":1548,"height":600,"caption":"Monaco Tribune"},"image":{"@id":"https:\/\/www.monaco-tribune.com\/it\/#\/schema\/logo\/image\/"},"sameAs":["https:\/\/www.facebook.com\/MonacoTribune","https:\/\/x.com\/MonacoTribune","https:\/\/www.instagram.com\/monacotribune\/","https:\/\/www.linkedin.com\/company\/monaco-tribune","https:\/\/www.youtube.com\/channel\/UCHle1MnG6hw1y4lWKijVbMA"]},{"@type":"Person","@id":"https:\/\/www.monaco-tribune.com\/it\/#\/schema\/person\/d201bd3b5aa6a9405a343cb582876e6b","name":"Benjamin Godart","image":{"@type":"ImageObject","inLanguage":"it-IT","@id":"https:\/\/secure.gravatar.com\/avatar\/497d42825162d88d88f4d1527d8d9791abdd62e977b6ae137f2a93f8450f5286?s=96&d=mm&r=g","url":"https:\/\/secure.gravatar.com\/avatar\/497d42825162d88d88f4d1527d8d9791abdd62e977b6ae137f2a93f8450f5286?s=96&d=mm&r=g","contentUrl":"https:\/\/secure.gravatar.com\/avatar\/497d42825162d88d88f4d1527d8d9791abdd62e977b6ae137f2a93f8450f5286?s=96&d=mm&r=g","caption":"Benjamin Godart"},"url":"https:\/\/www.monaco-tribune.com\/it\/author\/benjamingodart\/"}]}},"_links":{"self":[{"href":"https:\/\/www.monaco-tribune.com\/it\/wp-json\/wp\/v2\/posts\/341546","targetHints":{"allow":["GET"]}}],"collection":[{"href":"https:\/\/www.monaco-tribune.com\/it\/wp-json\/wp\/v2\/posts"}],"about":[{"href":"https:\/\/www.monaco-tribune.com\/it\/wp-json\/wp\/v2\/types\/post"}],"author":[{"embeddable":true,"href":"https:\/\/www.monaco-tribune.com\/it\/wp-json\/wp\/v2\/users\/82"}],"replies":[{"embeddable":true,"href":"https:\/\/www.monaco-tribune.com\/it\/wp-json\/wp\/v2\/comments?post=341546"}],"version-history":[{"count":3,"href":"https:\/\/www.monaco-tribune.com\/it\/wp-json\/wp\/v2\/posts\/341546\/revisions"}],"predecessor-version":[{"id":341549,"href":"https:\/\/www.monaco-tribune.com\/it\/wp-json\/wp\/v2\/posts\/341546\/revisions\/341549"}],"wp:featuredmedia":[{"embeddable":true,"href":"https:\/\/www.monaco-tribune.com\/it\/wp-json\/wp\/v2\/media\/341248"}],"wp:attachment":[{"href":"https:\/\/www.monaco-tribune.com\/it\/wp-json\/wp\/v2\/media?parent=341546"}],"wp:term":[{"taxonomy":"category","embeddable":true,"href":"https:\/\/www.monaco-tribune.com\/it\/wp-json\/wp\/v2\/categories?post=341546"},{"taxonomy":"post_tag","embeddable":true,"href":"https:\/\/www.monaco-tribune.com\/it\/wp-json\/wp\/v2\/tags?post=341546"},{"taxonomy":"sectag","embeddable":true,"href":"https:\/\/www.monaco-tribune.com\/it\/wp-json\/wp\/v2\/post_sectags?post=341546"},{"taxonomy":"format","embeddable":true,"href":"https:\/\/www.monaco-tribune.com\/it\/wp-json\/wp\/v2\/post_format?post=341546"}],"curies":[{"name":"wp","href":"https:\/\/api.w.org\/{rel}","templated":true}]}}