{"id":342823,"date":"2026-03-17T10:22:15","date_gmt":"2026-03-17T08:22:15","guid":{"rendered":"https:\/\/www.monaco-tribune.com\/2026\/03\/il-principe-alberto-ii-e-la-principessa-charlene-mobilitati-per-i-rugbisti-in-difficolta\/"},"modified":"2026-03-17T10:22:20","modified_gmt":"2026-03-17T08:22:20","slug":"il-principe-alberto-ii-e-la-principessa-charlene-mobilitati-per-i-rugbisti-in-difficolta","status":"publish","type":"post","link":"https:\/\/www.monaco-tribune.com\/it\/2026\/03\/il-principe-alberto-ii-e-la-principessa-charlene-mobilitati-per-i-rugbisti-in-difficolta\/","title":{"rendered":"Il Principe Alberto II e la Principessa Charl\u00e8ne mobilitati per i rugbisti in difficolt\u00e0"},"content":{"rendered":"\n<p><strong>Il 13 marzo 2026, i saloni del Four Seasons Hotel George V hanno ospitato la seconda edizione del Gala di Beneficenza di Provale Solidarit\u00e9.<\/strong><\/p>\n\n<p>Il Principe Alberto II, alla vigilia del suo 68\u00b0 compleanno, e la Principessa Charl\u00e8ne hanno partecipato per il secondo anno consecutivo a questa serata organizzata da Provale, il sindacato nazionale dei giocatori di rugby. Nato per rispondere alle difficolt\u00e0 che possono incontrare gli sportivi della palla ovale (infortuni, problemi finanziari, riconversione professionale improvvisa), il fondo di dotazione Provale Solidarit\u00e9 si impone ormai come un pilastro dello sport solidale in Francia.<\/p>\n<div class=\"wp-block-image\">\n<figure class=\"aligncenter size-large\"><img loading=\"lazy\" decoding=\"async\" width=\"683\" height=\"1024\" src=\"https:\/\/www.monaco-tribune.com\/wp-content\/uploads\/2026\/03\/ss-second-gala-provale-charite-25-683x1024.jpg\" alt=\"Second gala Provale Charit&#xC8; - 2026Second gala Provale Charit&#xC8; - 2026\" class=\"wp-image-342676\" srcset=\"https:\/\/www.monaco-tribune.com\/wp-content\/uploads\/2026\/03\/ss-second-gala-provale-charite-25-683x1024.jpg 683w, https:\/\/www.monaco-tribune.com\/wp-content\/uploads\/2026\/03\/ss-second-gala-provale-charite-25-200x300.jpg 200w, https:\/\/www.monaco-tribune.com\/wp-content\/uploads\/2026\/03\/ss-second-gala-provale-charite-25.jpg 700w\" sizes=\"auto, (max-width: 683px) 100vw, 683px\" \/><figcaption class=\"wp-element-caption\"><em>\u00a9 Sara Steck\/Palazzo del Principe<\/em><\/figcaption><\/figure>\n<\/div>\n<p><\/p>\n<div class=\"wp-block-image\">\n<figure class=\"aligncenter size-large\"><img loading=\"lazy\" decoding=\"async\" width=\"683\" height=\"1024\" src=\"https:\/\/www.monaco-tribune.com\/wp-content\/uploads\/2026\/03\/ss-second-gala-provale-charite-52-683x1024.jpg\" alt=\"\" class=\"wp-image-342690\" srcset=\"https:\/\/www.monaco-tribune.com\/wp-content\/uploads\/2026\/03\/ss-second-gala-provale-charite-52-683x1024.jpg 683w, https:\/\/www.monaco-tribune.com\/wp-content\/uploads\/2026\/03\/ss-second-gala-provale-charite-52-200x300.jpg 200w, https:\/\/www.monaco-tribune.com\/wp-content\/uploads\/2026\/03\/ss-second-gala-provale-charite-52.jpg 900w\" sizes=\"auto, (max-width: 683px) 100vw, 683px\" \/><figcaption class=\"wp-element-caption\"><em>\u00a9 Sara Steck\/Palazzo del Principe<\/em><\/figcaption><\/figure>\n<\/div>\n<h2 class=\"wp-block-heading\" id=\"h-plus-de-300-invites-des-encheres-record\"><strong>Pi\u00f9 di 300 invitati e aste da record<\/strong><\/h2>\n\n<p>Accanto alla coppia principesca, oltre 300 invitati hanno preso parte all\u2019evento, tra cui il fratello della Principessa Charl\u00e8ne, Gareth Wittstock, e numerose personalit\u00e0 del rugby, come \u00c9mile Ntamack o Philippe Saint-Andr\u00e9. Il momento clou della serata \u00e8 stata la vendita all\u2019asta di beneficenza.<\/p>\n<div class=\"wp-block-image\">\n<figure class=\"aligncenter size-full\"><img loading=\"lazy\" decoding=\"async\" width=\"900\" height=\"600\" src=\"https:\/\/www.monaco-tribune.com\/wp-content\/uploads\/2026\/03\/ss-second-gala-provale-charite-1-2.jpg\" alt=\"Second gala Provale Charit&#xC8; - 2026\" class=\"wp-image-342671\" srcset=\"https:\/\/www.monaco-tribune.com\/wp-content\/uploads\/2026\/03\/ss-second-gala-provale-charite-1-2.jpg 900w, https:\/\/www.monaco-tribune.com\/wp-content\/uploads\/2026\/03\/ss-second-gala-provale-charite-1-2-450x300.jpg 450w\" sizes=\"auto, (max-width: 900px) 100vw, 900px\" \/><figcaption class=\"wp-element-caption\"><em>\u00a9 Sara Steck\/Palazzo del Principe<\/em><\/figcaption><\/figure>\n<\/div>\n<p>Tra i lotti pi\u00f9 ambiti, posti per la finale della Coppa del mondo di rugby 2027 in Australia, offerti dalla coppia principesca, inviti VIP per il Grand Prix di Monaco di Formula 1, un paio di guantoni di Mike Tyson e un casco del pilota Fernando Alonso. In totale sono stati raccolti 123.500 euro, come dichiarato dal presidente di Provale Malik Hamadache, e l\u2019intero importo sar\u00e0 destinato al sostegno delle giocatrici e dei giocatori in difficolt\u00e0.<\/p>\n<div class=\"wp-block-image\">\n<figure class=\"aligncenter size-large\"><img loading=\"lazy\" decoding=\"async\" width=\"683\" height=\"1024\" src=\"https:\/\/www.monaco-tribune.com\/wp-content\/uploads\/2026\/03\/ss-second-gala-provale-charite-24-683x1024.jpg\" alt=\"\" class=\"wp-image-342680\" srcset=\"https:\/\/www.monaco-tribune.com\/wp-content\/uploads\/2026\/03\/ss-second-gala-provale-charite-24-683x1024.jpg 683w, https:\/\/www.monaco-tribune.com\/wp-content\/uploads\/2026\/03\/ss-second-gala-provale-charite-24-200x300.jpg 200w, https:\/\/www.monaco-tribune.com\/wp-content\/uploads\/2026\/03\/ss-second-gala-provale-charite-24.jpg 700w\" sizes=\"auto, (max-width: 683px) 100vw, 683px\" \/><figcaption class=\"wp-element-caption\"><em>\u00a9 Sara Steck\/Palazzo del Principe<\/em><\/figcaption><\/figure>\n<\/div>\n<p class=\"related\"><a href=\"https:\/\/www.monaco-tribune.com\/it\/2026\/03\/papamobile-messa-allo-stadio-louis-ii-discorso-dal-balcone-del-palazzo-il-programma-della-visita-di-papa-leone-xiv-a-monaco\/\">Papamobile, messa allo Stadio Louis-II, discorso dal balcone del Palazzo: il programma della visita di Papa Leone XIV a Monaco<\/a><\/p>\n\n<p>Dal 2025, la Principessa Charl\u00e8ne \u00e8 la madrina di Provale Solidarit\u00e9. <a href=\"https:\/\/www.monaco-tribune.com\/it\/2024\/11\/la-principessa-charlene-nominata-presidente-della-federazione-monegasca-di-rugby\/\">Presidente della Federazione Monegasca di Rugby<\/a>, ha preso la parola durante la serata per sottolineare l\u2019importanza del benessere mentale e fisico degli atleti dopo la fine della carriera. Al suo fianco, Philippe Sella, ambasciatore di questa edizione ed ex internazionale con 111 presenze, ha ricordato quanto l\u2019interruzione improvvisa del rugby possa destabilizzare a lungo chi vi ha dedicato la propria vita.<\/p>\n","protected":false},"excerpt":{"rendered":"<p>Il 13 marzo 2026, i saloni del Four Seasons Hotel George V hanno ospitato la seconda edizione del Gala di [&hellip;]<\/p>\n","protected":false},"author":80,"featured_media":342686,"comment_status":"closed","ping_status":"closed","sticky":false,"template":"","format":"standard","meta":{"_acf_changed":false,"footnotes":""},"categories":[1742,1826,1738],"tags":[2986],"post_sectags":[3304],"post_format":[2478],"class_list":["post-342823","post","type-post","status-publish","format-standard","has-post-thumbnail","hentry","category-famiglia-principesca","category-la-nostra-scelta","category-notizie","tag-principe-alberto-ii","sectag-principessa-charlene","format-notizia"],"acf":[],"yoast_head":"<!-- This site is optimized with the Yoast SEO Premium plugin v26.8 (Yoast SEO v27.5) - https:\/\/yoast.com\/product\/yoast-seo-premium-wordpress\/ -->\n<title>Il Principe Alberto II e la Principessa Charl\u00e8ne mobilitati per i rugbisti in difficolt\u00e0<\/title>\n<meta name=\"description\" content=\"Il 13 marzo 2026, i saloni del Four Seasons Hotel George V hanno ospitato la seconda edizione del Gala di Beneficenza di Provale Solidarit\u00e9. Il Principe\" \/>\n<meta name=\"robots\" content=\"index, follow, max-snippet:-1, max-image-preview:large, max-video-preview:-1\" \/>\n<link rel=\"canonical\" href=\"https:\/\/www.monaco-tribune.com\/it\/2026\/03\/il-principe-alberto-ii-e-la-principessa-charlene-mobilitati-per-i-rugbisti-in-difficolta\/\" \/>\n<meta property=\"og:locale\" content=\"it_IT\" \/>\n<meta property=\"og:type\" content=\"article\" \/>\n<meta property=\"og:title\" content=\"Il Principe Alberto II e la Principessa Charl\u00e8ne mobilitati per i rugbisti in difficolt\u00e0 - Monaco Tribune\" \/>\n<meta property=\"og:description\" content=\"Il 13 marzo 2026, i saloni del Four Seasons Hotel George V hanno ospitato la seconda edizione del Gala di Beneficenza di Provale Solidarit\u00e9. Il Principe\" \/>\n<meta property=\"og:url\" content=\"https:\/\/www.monaco-tribune.com\/it\/2026\/03\/il-principe-alberto-ii-e-la-principessa-charlene-mobilitati-per-i-rugbisti-in-difficolta\/\" \/>\n<meta property=\"og:site_name\" content=\"Monaco Tribune\" \/>\n<meta property=\"article:publisher\" content=\"https:\/\/www.facebook.com\/MonacoTribune\" \/>\n<meta property=\"article:published_time\" content=\"2026-03-17T08:22:15+00:00\" \/>\n<meta property=\"article:modified_time\" content=\"2026-03-17T08:22:20+00:00\" \/>\n<meta property=\"og:image\" content=\"https:\/\/www.monaco-tribune.com\/wp-content\/uploads\/2026\/03\/ss-second-gala-provale-charite-24-1.jpg\" \/>\n\t<meta property=\"og:image:width\" content=\"653\" \/>\n\t<meta property=\"og:image:height\" content=\"405\" \/>\n\t<meta property=\"og:image:type\" content=\"image\/jpeg\" \/>\n<meta name=\"author\" content=\"Estelle Imbert\" \/>\n<meta name=\"twitter:card\" content=\"summary_large_image\" \/>\n<meta name=\"twitter:creator\" content=\"@MonacoTribune\" \/>\n<meta name=\"twitter:site\" content=\"@MonacoTribune\" \/>\n<script type=\"application\/ld+json\" class=\"yoast-schema-graph\">{\"@context\":\"https:\\\/\\\/schema.org\",\"@graph\":[{\"@type\":\"NewsArticle\",\"@id\":\"https:\\\/\\\/www.monaco-tribune.com\\\/it\\\/2026\\\/03\\\/il-principe-alberto-ii-e-la-principessa-charlene-mobilitati-per-i-rugbisti-in-difficolta\\\/#article\",\"isPartOf\":{\"@id\":\"https:\\\/\\\/www.monaco-tribune.com\\\/it\\\/2026\\\/03\\\/il-principe-alberto-ii-e-la-principessa-charlene-mobilitati-per-i-rugbisti-in-difficolta\\\/\"},\"author\":{\"name\":\"Estelle Imbert\",\"@id\":\"https:\\\/\\\/www.monaco-tribune.com\\\/it\\\/#\\\/schema\\\/person\\\/55ce91a070ff78e15ec1817376669bf4\"},\"headline\":\"Il Principe Alberto II e la Principessa Charl\u00e8ne mobilitati per i rugbisti in difficolt\u00e0\",\"datePublished\":\"2026-03-17T08:22:15+00:00\",\"dateModified\":\"2026-03-17T08:22:20+00:00\",\"mainEntityOfPage\":{\"@id\":\"https:\\\/\\\/www.monaco-tribune.com\\\/it\\\/2026\\\/03\\\/il-principe-alberto-ii-e-la-principessa-charlene-mobilitati-per-i-rugbisti-in-difficolta\\\/\"},\"wordCount\":344,\"publisher\":{\"@id\":\"https:\\\/\\\/www.monaco-tribune.com\\\/it\\\/#organization\"},\"image\":{\"@id\":\"https:\\\/\\\/www.monaco-tribune.com\\\/it\\\/2026\\\/03\\\/il-principe-alberto-ii-e-la-principessa-charlene-mobilitati-per-i-rugbisti-in-difficolta\\\/#primaryimage\"},\"thumbnailUrl\":\"https:\\\/\\\/www.monaco-tribune.com\\\/wp-content\\\/uploads\\\/2026\\\/03\\\/ss-second-gala-provale-charite-24-1.jpg\",\"keywords\":[\"Principe Alberto II\"],\"articleSection\":[\"Famiglia Principesca\",\"La nostra scelta\",\"Notizie\"],\"inLanguage\":\"it-IT\",\"copyrightYear\":\"2026\",\"copyrightHolder\":{\"@id\":\"https:\\\/\\\/www.monaco-tribune.com\\\/#organization\"}},{\"@type\":\"WebPage\",\"@id\":\"https:\\\/\\\/www.monaco-tribune.com\\\/it\\\/2026\\\/03\\\/il-principe-alberto-ii-e-la-principessa-charlene-mobilitati-per-i-rugbisti-in-difficolta\\\/\",\"url\":\"https:\\\/\\\/www.monaco-tribune.com\\\/it\\\/2026\\\/03\\\/il-principe-alberto-ii-e-la-principessa-charlene-mobilitati-per-i-rugbisti-in-difficolta\\\/\",\"name\":\"Il Principe Alberto II e la Principessa Charl\u00e8ne mobilitati per i rugbisti in difficolt\u00e0\",\"isPartOf\":{\"@id\":\"https:\\\/\\\/www.monaco-tribune.com\\\/it\\\/#website\"},\"primaryImageOfPage\":{\"@id\":\"https:\\\/\\\/www.monaco-tribune.com\\\/it\\\/2026\\\/03\\\/il-principe-alberto-ii-e-la-principessa-charlene-mobilitati-per-i-rugbisti-in-difficolta\\\/#primaryimage\"},\"image\":{\"@id\":\"https:\\\/\\\/www.monaco-tribune.com\\\/it\\\/2026\\\/03\\\/il-principe-alberto-ii-e-la-principessa-charlene-mobilitati-per-i-rugbisti-in-difficolta\\\/#primaryimage\"},\"thumbnailUrl\":\"https:\\\/\\\/www.monaco-tribune.com\\\/wp-content\\\/uploads\\\/2026\\\/03\\\/ss-second-gala-provale-charite-24-1.jpg\",\"datePublished\":\"2026-03-17T08:22:15+00:00\",\"dateModified\":\"2026-03-17T08:22:20+00:00\",\"description\":\"Il 13 marzo 2026, i saloni del Four Seasons Hotel George V hanno ospitato la seconda edizione del Gala di Beneficenza di Provale Solidarit\u00e9. Il Principe\",\"breadcrumb\":{\"@id\":\"https:\\\/\\\/www.monaco-tribune.com\\\/it\\\/2026\\\/03\\\/il-principe-alberto-ii-e-la-principessa-charlene-mobilitati-per-i-rugbisti-in-difficolta\\\/#breadcrumb\"},\"inLanguage\":\"it-IT\",\"potentialAction\":[{\"@type\":\"ReadAction\",\"target\":[\"https:\\\/\\\/www.monaco-tribune.com\\\/it\\\/2026\\\/03\\\/il-principe-alberto-ii-e-la-principessa-charlene-mobilitati-per-i-rugbisti-in-difficolta\\\/\"]}]},{\"@type\":\"ImageObject\",\"inLanguage\":\"it-IT\",\"@id\":\"https:\\\/\\\/www.monaco-tribune.com\\\/it\\\/2026\\\/03\\\/il-principe-alberto-ii-e-la-principessa-charlene-mobilitati-per-i-rugbisti-in-difficolta\\\/#primaryimage\",\"url\":\"https:\\\/\\\/www.monaco-tribune.com\\\/wp-content\\\/uploads\\\/2026\\\/03\\\/ss-second-gala-provale-charite-24-1.jpg\",\"contentUrl\":\"https:\\\/\\\/www.monaco-tribune.com\\\/wp-content\\\/uploads\\\/2026\\\/03\\\/ss-second-gala-provale-charite-24-1.jpg\",\"width\":653,\"height\":405,\"caption\":\"\u00a9 Sara Steck\\\/Palazzo del Principe\"},{\"@type\":\"BreadcrumbList\",\"@id\":\"https:\\\/\\\/www.monaco-tribune.com\\\/it\\\/2026\\\/03\\\/il-principe-alberto-ii-e-la-principessa-charlene-mobilitati-per-i-rugbisti-in-difficolta\\\/#breadcrumb\",\"itemListElement\":[{\"@type\":\"ListItem\",\"position\":1,\"name\":\"Accueil\",\"item\":\"https:\\\/\\\/www.monaco-tribune.com\\\/it\\\/\"},{\"@type\":\"ListItem\",\"position\":2,\"name\":\"Il Principe Alberto II e la Principessa Charl\u00e8ne mobilitati per i rugbisti in difficolt\u00e0\"}]},{\"@type\":\"WebSite\",\"@id\":\"https:\\\/\\\/www.monaco-tribune.com\\\/it\\\/#website\",\"url\":\"https:\\\/\\\/www.monaco-tribune.com\\\/it\\\/\",\"name\":\"Monaco Tribune\",\"description\":\"Monaco : actualit\u00e9s \u00e9conomiques, politiques, culturelles et sportives de Monaco et de la French Riviera.\",\"publisher\":{\"@id\":\"https:\\\/\\\/www.monaco-tribune.com\\\/it\\\/#organization\"},\"potentialAction\":[{\"@type\":\"SearchAction\",\"target\":{\"@type\":\"EntryPoint\",\"urlTemplate\":\"https:\\\/\\\/www.monaco-tribune.com\\\/it\\\/?s={search_term_string}\"},\"query-input\":{\"@type\":\"PropertyValueSpecification\",\"valueRequired\":true,\"valueName\":\"search_term_string\"}}],\"inLanguage\":\"it-IT\"},{\"@type\":\"Organization\",\"@id\":\"https:\\\/\\\/www.monaco-tribune.com\\\/it\\\/#organization\",\"name\":\"Monaco Tribune\",\"url\":\"https:\\\/\\\/www.monaco-tribune.com\\\/it\\\/\",\"logo\":{\"@type\":\"ImageObject\",\"inLanguage\":\"it-IT\",\"@id\":\"https:\\\/\\\/www.monaco-tribune.com\\\/it\\\/#\\\/schema\\\/logo\\\/image\\\/\",\"url\":\"https:\\\/\\\/www.monaco-tribune.com\\\/wp-content\\\/uploads\\\/2022\\\/11\\\/logo-monaco-tribune.png\",\"contentUrl\":\"https:\\\/\\\/www.monaco-tribune.com\\\/wp-content\\\/uploads\\\/2022\\\/11\\\/logo-monaco-tribune.png\",\"width\":1548,\"height\":600,\"caption\":\"Monaco Tribune\"},\"image\":{\"@id\":\"https:\\\/\\\/www.monaco-tribune.com\\\/it\\\/#\\\/schema\\\/logo\\\/image\\\/\"},\"sameAs\":[\"https:\\\/\\\/www.facebook.com\\\/MonacoTribune\",\"https:\\\/\\\/x.com\\\/MonacoTribune\",\"https:\\\/\\\/www.instagram.com\\\/monacotribune\\\/\",\"https:\\\/\\\/www.linkedin.com\\\/company\\\/monaco-tribune\",\"https:\\\/\\\/www.youtube.com\\\/channel\\\/UCHle1MnG6hw1y4lWKijVbMA\"]},{\"@type\":\"Person\",\"@id\":\"https:\\\/\\\/www.monaco-tribune.com\\\/it\\\/#\\\/schema\\\/person\\\/55ce91a070ff78e15ec1817376669bf4\",\"name\":\"Estelle Imbert\",\"image\":{\"@type\":\"ImageObject\",\"inLanguage\":\"it-IT\",\"@id\":\"https:\\\/\\\/secure.gravatar.com\\\/avatar\\\/d2e1a3840b1138a669d04f6292bbd810f7f730844d7a28a8e8c4c6da40e79852?s=96&d=mm&r=g\",\"url\":\"https:\\\/\\\/secure.gravatar.com\\\/avatar\\\/d2e1a3840b1138a669d04f6292bbd810f7f730844d7a28a8e8c4c6da40e79852?s=96&d=mm&r=g\",\"contentUrl\":\"https:\\\/\\\/secure.gravatar.com\\\/avatar\\\/d2e1a3840b1138a669d04f6292bbd810f7f730844d7a28a8e8c4c6da40e79852?s=96&d=mm&r=g\",\"caption\":\"Estelle Imbert\"},\"url\":\"https:\\\/\\\/www.monaco-tribune.com\\\/it\\\/author\\\/estelleimbert\\\/\"}]}<\/script>\n<!-- \/ Yoast SEO Premium plugin. -->","yoast_head_json":{"title":"Il Principe Alberto II e la Principessa Charl\u00e8ne mobilitati per i rugbisti in difficolt\u00e0","description":"Il 13 marzo 2026, i saloni del Four Seasons Hotel George V hanno ospitato la seconda edizione del Gala di Beneficenza di Provale Solidarit\u00e9. Il Principe","robots":{"index":"index","follow":"follow","max-snippet":"max-snippet:-1","max-image-preview":"max-image-preview:large","max-video-preview":"max-video-preview:-1"},"canonical":"https:\/\/www.monaco-tribune.com\/it\/2026\/03\/il-principe-alberto-ii-e-la-principessa-charlene-mobilitati-per-i-rugbisti-in-difficolta\/","og_locale":"it_IT","og_type":"article","og_title":"Il Principe Alberto II e la Principessa Charl\u00e8ne mobilitati per i rugbisti in difficolt\u00e0 - Monaco Tribune","og_description":"Il 13 marzo 2026, i saloni del Four Seasons Hotel George V hanno ospitato la seconda edizione del Gala di Beneficenza di Provale Solidarit\u00e9. Il Principe","og_url":"https:\/\/www.monaco-tribune.com\/it\/2026\/03\/il-principe-alberto-ii-e-la-principessa-charlene-mobilitati-per-i-rugbisti-in-difficolta\/","og_site_name":"Monaco Tribune","article_publisher":"https:\/\/www.facebook.com\/MonacoTribune","article_published_time":"2026-03-17T08:22:15+00:00","article_modified_time":"2026-03-17T08:22:20+00:00","og_image":[{"width":653,"height":405,"url":"https:\/\/www.monaco-tribune.com\/wp-content\/uploads\/2026\/03\/ss-second-gala-provale-charite-24-1.jpg","type":"image\/jpeg"}],"author":"Estelle Imbert","twitter_card":"summary_large_image","twitter_creator":"@MonacoTribune","twitter_site":"@MonacoTribune","schema":{"@context":"https:\/\/schema.org","@graph":[{"@type":"NewsArticle","@id":"https:\/\/www.monaco-tribune.com\/it\/2026\/03\/il-principe-alberto-ii-e-la-principessa-charlene-mobilitati-per-i-rugbisti-in-difficolta\/#article","isPartOf":{"@id":"https:\/\/www.monaco-tribune.com\/it\/2026\/03\/il-principe-alberto-ii-e-la-principessa-charlene-mobilitati-per-i-rugbisti-in-difficolta\/"},"author":{"name":"Estelle Imbert","@id":"https:\/\/www.monaco-tribune.com\/it\/#\/schema\/person\/55ce91a070ff78e15ec1817376669bf4"},"headline":"Il Principe Alberto II e la Principessa Charl\u00e8ne mobilitati per i rugbisti in difficolt\u00e0","datePublished":"2026-03-17T08:22:15+00:00","dateModified":"2026-03-17T08:22:20+00:00","mainEntityOfPage":{"@id":"https:\/\/www.monaco-tribune.com\/it\/2026\/03\/il-principe-alberto-ii-e-la-principessa-charlene-mobilitati-per-i-rugbisti-in-difficolta\/"},"wordCount":344,"publisher":{"@id":"https:\/\/www.monaco-tribune.com\/it\/#organization"},"image":{"@id":"https:\/\/www.monaco-tribune.com\/it\/2026\/03\/il-principe-alberto-ii-e-la-principessa-charlene-mobilitati-per-i-rugbisti-in-difficolta\/#primaryimage"},"thumbnailUrl":"https:\/\/www.monaco-tribune.com\/wp-content\/uploads\/2026\/03\/ss-second-gala-provale-charite-24-1.jpg","keywords":["Principe Alberto II"],"articleSection":["Famiglia Principesca","La nostra scelta","Notizie"],"inLanguage":"it-IT","copyrightYear":"2026","copyrightHolder":{"@id":"https:\/\/www.monaco-tribune.com\/#organization"}},{"@type":"WebPage","@id":"https:\/\/www.monaco-tribune.com\/it\/2026\/03\/il-principe-alberto-ii-e-la-principessa-charlene-mobilitati-per-i-rugbisti-in-difficolta\/","url":"https:\/\/www.monaco-tribune.com\/it\/2026\/03\/il-principe-alberto-ii-e-la-principessa-charlene-mobilitati-per-i-rugbisti-in-difficolta\/","name":"Il Principe Alberto II e la Principessa Charl\u00e8ne mobilitati per i rugbisti in difficolt\u00e0","isPartOf":{"@id":"https:\/\/www.monaco-tribune.com\/it\/#website"},"primaryImageOfPage":{"@id":"https:\/\/www.monaco-tribune.com\/it\/2026\/03\/il-principe-alberto-ii-e-la-principessa-charlene-mobilitati-per-i-rugbisti-in-difficolta\/#primaryimage"},"image":{"@id":"https:\/\/www.monaco-tribune.com\/it\/2026\/03\/il-principe-alberto-ii-e-la-principessa-charlene-mobilitati-per-i-rugbisti-in-difficolta\/#primaryimage"},"thumbnailUrl":"https:\/\/www.monaco-tribune.com\/wp-content\/uploads\/2026\/03\/ss-second-gala-provale-charite-24-1.jpg","datePublished":"2026-03-17T08:22:15+00:00","dateModified":"2026-03-17T08:22:20+00:00","description":"Il 13 marzo 2026, i saloni del Four Seasons Hotel George V hanno ospitato la seconda edizione del Gala di Beneficenza di Provale Solidarit\u00e9. Il Principe","breadcrumb":{"@id":"https:\/\/www.monaco-tribune.com\/it\/2026\/03\/il-principe-alberto-ii-e-la-principessa-charlene-mobilitati-per-i-rugbisti-in-difficolta\/#breadcrumb"},"inLanguage":"it-IT","potentialAction":[{"@type":"ReadAction","target":["https:\/\/www.monaco-tribune.com\/it\/2026\/03\/il-principe-alberto-ii-e-la-principessa-charlene-mobilitati-per-i-rugbisti-in-difficolta\/"]}]},{"@type":"ImageObject","inLanguage":"it-IT","@id":"https:\/\/www.monaco-tribune.com\/it\/2026\/03\/il-principe-alberto-ii-e-la-principessa-charlene-mobilitati-per-i-rugbisti-in-difficolta\/#primaryimage","url":"https:\/\/www.monaco-tribune.com\/wp-content\/uploads\/2026\/03\/ss-second-gala-provale-charite-24-1.jpg","contentUrl":"https:\/\/www.monaco-tribune.com\/wp-content\/uploads\/2026\/03\/ss-second-gala-provale-charite-24-1.jpg","width":653,"height":405,"caption":"\u00a9 Sara Steck\/Palazzo del Principe"},{"@type":"BreadcrumbList","@id":"https:\/\/www.monaco-tribune.com\/it\/2026\/03\/il-principe-alberto-ii-e-la-principessa-charlene-mobilitati-per-i-rugbisti-in-difficolta\/#breadcrumb","itemListElement":[{"@type":"ListItem","position":1,"name":"Accueil","item":"https:\/\/www.monaco-tribune.com\/it\/"},{"@type":"ListItem","position":2,"name":"Il Principe Alberto II e la Principessa Charl\u00e8ne mobilitati per i rugbisti in difficolt\u00e0"}]},{"@type":"WebSite","@id":"https:\/\/www.monaco-tribune.com\/it\/#website","url":"https:\/\/www.monaco-tribune.com\/it\/","name":"Monaco Tribune","description":"Monaco : actualit\u00e9s \u00e9conomiques, politiques, culturelles et sportives de Monaco et de la French Riviera.","publisher":{"@id":"https:\/\/www.monaco-tribune.com\/it\/#organization"},"potentialAction":[{"@type":"SearchAction","target":{"@type":"EntryPoint","urlTemplate":"https:\/\/www.monaco-tribune.com\/it\/?s={search_term_string}"},"query-input":{"@type":"PropertyValueSpecification","valueRequired":true,"valueName":"search_term_string"}}],"inLanguage":"it-IT"},{"@type":"Organization","@id":"https:\/\/www.monaco-tribune.com\/it\/#organization","name":"Monaco Tribune","url":"https:\/\/www.monaco-tribune.com\/it\/","logo":{"@type":"ImageObject","inLanguage":"it-IT","@id":"https:\/\/www.monaco-tribune.com\/it\/#\/schema\/logo\/image\/","url":"https:\/\/www.monaco-tribune.com\/wp-content\/uploads\/2022\/11\/logo-monaco-tribune.png","contentUrl":"https:\/\/www.monaco-tribune.com\/wp-content\/uploads\/2022\/11\/logo-monaco-tribune.png","width":1548,"height":600,"caption":"Monaco Tribune"},"image":{"@id":"https:\/\/www.monaco-tribune.com\/it\/#\/schema\/logo\/image\/"},"sameAs":["https:\/\/www.facebook.com\/MonacoTribune","https:\/\/x.com\/MonacoTribune","https:\/\/www.instagram.com\/monacotribune\/","https:\/\/www.linkedin.com\/company\/monaco-tribune","https:\/\/www.youtube.com\/channel\/UCHle1MnG6hw1y4lWKijVbMA"]},{"@type":"Person","@id":"https:\/\/www.monaco-tribune.com\/it\/#\/schema\/person\/55ce91a070ff78e15ec1817376669bf4","name":"Estelle Imbert","image":{"@type":"ImageObject","inLanguage":"it-IT","@id":"https:\/\/secure.gravatar.com\/avatar\/d2e1a3840b1138a669d04f6292bbd810f7f730844d7a28a8e8c4c6da40e79852?s=96&d=mm&r=g","url":"https:\/\/secure.gravatar.com\/avatar\/d2e1a3840b1138a669d04f6292bbd810f7f730844d7a28a8e8c4c6da40e79852?s=96&d=mm&r=g","contentUrl":"https:\/\/secure.gravatar.com\/avatar\/d2e1a3840b1138a669d04f6292bbd810f7f730844d7a28a8e8c4c6da40e79852?s=96&d=mm&r=g","caption":"Estelle Imbert"},"url":"https:\/\/www.monaco-tribune.com\/it\/author\/estelleimbert\/"}]}},"_links":{"self":[{"href":"https:\/\/www.monaco-tribune.com\/it\/wp-json\/wp\/v2\/posts\/342823","targetHints":{"allow":["GET"]}}],"collection":[{"href":"https:\/\/www.monaco-tribune.com\/it\/wp-json\/wp\/v2\/posts"}],"about":[{"href":"https:\/\/www.monaco-tribune.com\/it\/wp-json\/wp\/v2\/types\/post"}],"author":[{"embeddable":true,"href":"https:\/\/www.monaco-tribune.com\/it\/wp-json\/wp\/v2\/users\/80"}],"replies":[{"embeddable":true,"href":"https:\/\/www.monaco-tribune.com\/it\/wp-json\/wp\/v2\/comments?post=342823"}],"version-history":[{"count":3,"href":"https:\/\/www.monaco-tribune.com\/it\/wp-json\/wp\/v2\/posts\/342823\/revisions"}],"predecessor-version":[{"id":342826,"href":"https:\/\/www.monaco-tribune.com\/it\/wp-json\/wp\/v2\/posts\/342823\/revisions\/342826"}],"wp:featuredmedia":[{"embeddable":true,"href":"https:\/\/www.monaco-tribune.com\/it\/wp-json\/wp\/v2\/media\/342686"}],"wp:attachment":[{"href":"https:\/\/www.monaco-tribune.com\/it\/wp-json\/wp\/v2\/media?parent=342823"}],"wp:term":[{"taxonomy":"category","embeddable":true,"href":"https:\/\/www.monaco-tribune.com\/it\/wp-json\/wp\/v2\/categories?post=342823"},{"taxonomy":"post_tag","embeddable":true,"href":"https:\/\/www.monaco-tribune.com\/it\/wp-json\/wp\/v2\/tags?post=342823"},{"taxonomy":"sectag","embeddable":true,"href":"https:\/\/www.monaco-tribune.com\/it\/wp-json\/wp\/v2\/post_sectags?post=342823"},{"taxonomy":"format","embeddable":true,"href":"https:\/\/www.monaco-tribune.com\/it\/wp-json\/wp\/v2\/post_format?post=342823"}],"curies":[{"name":"wp","href":"https:\/\/api.w.org\/{rel}","templated":true}]}}