{"id":37050,"date":"2020-09-14T16:31:41","date_gmt":"2020-09-14T14:31:41","guid":{"rendered":"https:\/\/www.monaco-tribune.com\/2020\/09\/oleg-petrov-vicepresidente-del-monaco-eletto-al-consiglio-di-amministrazione-della-lfp\/"},"modified":"2020-09-14T16:31:44","modified_gmt":"2020-09-14T14:31:44","slug":"oleg-petrov-vicepresidente-del-monaco-eletto-al-consiglio-di-amministrazione-della-lfp","status":"publish","type":"post","link":"https:\/\/www.monaco-tribune.com\/it\/2020\/09\/oleg-petrov-vicepresidente-del-monaco-eletto-al-consiglio-di-amministrazione-della-lfp\/","title":{"rendered":"Oleg Petrov (vicepresidente del Monaco) eletto al Consiglio di Amministrazione della LFP"},"content":{"rendered":"\n<p><strong>Il vicepresidente e direttore generale del Monaco \u00e8 stato eletto gioved\u00ec pomeriggio al Consiglio di Amministrazione della LFB, la Ligue de Football Professionnel francese. L\u2019ex presidente dell&#8217;Olympique Marsiglia, Vincent Labrune, \u00e8 stato invece eletto presidente della LFP, nonostante il conduttore televisivo ed ex presidente del PSG, Michel Denisot, fosse stato annunciato come favorito.<\/strong><\/p>\n\n<p><a href=\"https:\/\/www.lfp.fr\/Articles\/COMMUNIQU%C3%89S\/2020\/09\/10\/vincent-labrune-elu-president-de-la-lfp\">In seguito all\u2019elezione di Vincent Labrune come presidente della Ligue de Football Professionnel (LFP)<\/a>, altri tre presidenti della Ligue 1 si sono uniti ai rappresentati del consiglio di amministrazione della LFP. Tra questi, Oleg Petrov, vicepresidente e direttore generale del Monaco.<\/p>\n\n<p>\u201c<em>Sono davvero contento di essere stato scelto tra gli altri rappresentati delle squadre della Ligue 1 per fare parte del Consiglio di Amministrazione della LFP . Ringrazio i presidenti delle squadre per la fiducia\u201d, <\/em>ha dichiarato subito dopo l\u2019elezione.\u00a0<em>\u201c\u00c8 senza dubbio un momento importante per il Monaco. Far\u00f2 tutto il possibile per aiutare il campionato ad affrontare le sfide che si presenteranno, per lavorare nell\u2019interesse collettivo, per portare avanti l\u2019incredibile crescita avvenuta in questi ultimi anni e per contribuire al prestigio della Ligue 1 a livello internazionale<\/em>.\u201d<\/p>\n\n<p>Dirigente della squadra del Principato <a href=\"\/?p=8909\">da febbraio 2019<\/a>, Petrov si unir\u00e0 ad altri dirigenti delle migliori squadre della LFP. Tra questi citiamo Nasser El Khela\u00effi (Paris Saint-Germain), Jean-Pierre Caillot (Stade de Reims), Jacques-Henri Eyraud (Olympique di Marsiglia), Lo\u00efc F\u00e9ry (FC Lorient), Waldemar Kita (FC Nantes), Laurent Nicollin (Montpellier HSC) e ancora Jean-Pierre Riv\u00e8re (OGC Nice).<\/p>\n","protected":false},"excerpt":{"rendered":"<p>Il vicepresidente e direttore generale del Monaco \u00e8 stato eletto gioved\u00ec pomeriggio al Consiglio di Amministrazione della LFB, la Ligue [&hellip;]<\/p>\n","protected":false},"author":24,"featured_media":36755,"comment_status":"closed","ping_status":"closed","sticky":false,"template":"","format":"standard","meta":{"_acf_changed":false,"footnotes":""},"categories":[1738,1743],"tags":[2846],"post_sectags":[],"post_format":[2478],"class_list":["post-37050","post","type-post","status-publish","format-standard","has-post-thumbnail","hentry","category-notizie","category-sport-it","tag-as-monaco-it-2","format-notizia"],"acf":[],"yoast_head":"<!-- This site is optimized with the Yoast SEO Premium plugin v26.8 (Yoast SEO v27.5) - https:\/\/yoast.com\/product\/yoast-seo-premium-wordpress\/ -->\n<title>Oleg Petrov (vicepresidente del Monaco) eletto al Consiglio di Amministrazione della LFP<\/title>\n<meta name=\"description\" content=\"Il vicepresidente e direttore generale del Monaco \u00e8 stato eletto gioved\u00ec pomeriggio al Consiglio di Amministrazione della LFB, la Ligue de Football\" \/>\n<meta name=\"robots\" content=\"index, follow, max-snippet:-1, max-image-preview:large, max-video-preview:-1\" \/>\n<link rel=\"canonical\" href=\"https:\/\/www.monaco-tribune.com\/it\/2020\/09\/oleg-petrov-vicepresidente-del-monaco-eletto-al-consiglio-di-amministrazione-della-lfp\/\" \/>\n<meta property=\"og:locale\" content=\"it_IT\" \/>\n<meta property=\"og:type\" content=\"article\" \/>\n<meta property=\"og:title\" content=\"Oleg Petrov (vicepresidente del Monaco) eletto al Consiglio di Amministrazione della LFP - Monaco Tribune\" \/>\n<meta property=\"og:description\" content=\"Il vicepresidente e direttore generale del Monaco \u00e8 stato eletto gioved\u00ec pomeriggio al Consiglio di Amministrazione della LFB, la Ligue de Football\" \/>\n<meta property=\"og:url\" content=\"https:\/\/www.monaco-tribune.com\/it\/2020\/09\/oleg-petrov-vicepresidente-del-monaco-eletto-al-consiglio-di-amministrazione-della-lfp\/\" \/>\n<meta property=\"og:site_name\" content=\"Monaco Tribune\" \/>\n<meta property=\"article:publisher\" content=\"https:\/\/www.facebook.com\/MonacoTribune\" \/>\n<meta property=\"article:published_time\" content=\"2020-09-14T14:31:41+00:00\" \/>\n<meta property=\"article:modified_time\" content=\"2020-09-14T14:31:44+00:00\" \/>\n<meta property=\"og:image\" content=\"https:\/\/www.monaco-tribune.com\/wp-content\/uploads\/2020\/09\/oleg-petrov-min.jpg\" \/>\n\t<meta property=\"og:image:width\" content=\"1160\" \/>\n\t<meta property=\"og:image:height\" content=\"650\" \/>\n\t<meta property=\"og:image:type\" content=\"image\/jpeg\" \/>\n<meta name=\"author\" content=\"Romain Boisaubert\" \/>\n<meta name=\"twitter:card\" content=\"summary_large_image\" \/>\n<meta name=\"twitter:creator\" content=\"@MonacoTribune\" \/>\n<meta name=\"twitter:site\" content=\"@MonacoTribune\" \/>\n<script type=\"application\/ld+json\" class=\"yoast-schema-graph\">{\"@context\":\"https:\\\/\\\/schema.org\",\"@graph\":[{\"@type\":\"NewsArticle\",\"@id\":\"https:\\\/\\\/www.monaco-tribune.com\\\/it\\\/2020\\\/09\\\/oleg-petrov-vicepresidente-del-monaco-eletto-al-consiglio-di-amministrazione-della-lfp\\\/#article\",\"isPartOf\":{\"@id\":\"https:\\\/\\\/www.monaco-tribune.com\\\/it\\\/2020\\\/09\\\/oleg-petrov-vicepresidente-del-monaco-eletto-al-consiglio-di-amministrazione-della-lfp\\\/\"},\"author\":{\"name\":\"Romain Boisaubert\",\"@id\":\"https:\\\/\\\/www.monaco-tribune.com\\\/it\\\/#\\\/schema\\\/person\\\/330a3732947cf8cb41b2533a0eadd62e\"},\"headline\":\"Oleg Petrov (vicepresidente del Monaco) eletto al Consiglio di Amministrazione della LFP\",\"datePublished\":\"2020-09-14T14:31:41+00:00\",\"dateModified\":\"2020-09-14T14:31:44+00:00\",\"mainEntityOfPage\":{\"@id\":\"https:\\\/\\\/www.monaco-tribune.com\\\/it\\\/2020\\\/09\\\/oleg-petrov-vicepresidente-del-monaco-eletto-al-consiglio-di-amministrazione-della-lfp\\\/\"},\"wordCount\":251,\"publisher\":{\"@id\":\"https:\\\/\\\/www.monaco-tribune.com\\\/it\\\/#organization\"},\"image\":{\"@id\":\"https:\\\/\\\/www.monaco-tribune.com\\\/it\\\/2020\\\/09\\\/oleg-petrov-vicepresidente-del-monaco-eletto-al-consiglio-di-amministrazione-della-lfp\\\/#primaryimage\"},\"thumbnailUrl\":\"https:\\\/\\\/www.monaco-tribune.com\\\/wp-content\\\/uploads\\\/2020\\\/09\\\/oleg-petrov-min.jpg\",\"keywords\":[\"AS Monaco\"],\"articleSection\":[\"Notizie\",\"Sport\"],\"inLanguage\":\"it-IT\",\"copyrightYear\":\"2020\",\"copyrightHolder\":{\"@id\":\"https:\\\/\\\/www.monaco-tribune.com\\\/#organization\"}},{\"@type\":\"WebPage\",\"@id\":\"https:\\\/\\\/www.monaco-tribune.com\\\/it\\\/2020\\\/09\\\/oleg-petrov-vicepresidente-del-monaco-eletto-al-consiglio-di-amministrazione-della-lfp\\\/\",\"url\":\"https:\\\/\\\/www.monaco-tribune.com\\\/it\\\/2020\\\/09\\\/oleg-petrov-vicepresidente-del-monaco-eletto-al-consiglio-di-amministrazione-della-lfp\\\/\",\"name\":\"Oleg Petrov (vicepresidente del Monaco) eletto al Consiglio di Amministrazione della LFP\",\"isPartOf\":{\"@id\":\"https:\\\/\\\/www.monaco-tribune.com\\\/it\\\/#website\"},\"primaryImageOfPage\":{\"@id\":\"https:\\\/\\\/www.monaco-tribune.com\\\/it\\\/2020\\\/09\\\/oleg-petrov-vicepresidente-del-monaco-eletto-al-consiglio-di-amministrazione-della-lfp\\\/#primaryimage\"},\"image\":{\"@id\":\"https:\\\/\\\/www.monaco-tribune.com\\\/it\\\/2020\\\/09\\\/oleg-petrov-vicepresidente-del-monaco-eletto-al-consiglio-di-amministrazione-della-lfp\\\/#primaryimage\"},\"thumbnailUrl\":\"https:\\\/\\\/www.monaco-tribune.com\\\/wp-content\\\/uploads\\\/2020\\\/09\\\/oleg-petrov-min.jpg\",\"datePublished\":\"2020-09-14T14:31:41+00:00\",\"dateModified\":\"2020-09-14T14:31:44+00:00\",\"description\":\"Il vicepresidente e direttore generale del Monaco \u00e8 stato eletto gioved\u00ec pomeriggio al Consiglio di Amministrazione della LFB, la Ligue de Football\",\"breadcrumb\":{\"@id\":\"https:\\\/\\\/www.monaco-tribune.com\\\/it\\\/2020\\\/09\\\/oleg-petrov-vicepresidente-del-monaco-eletto-al-consiglio-di-amministrazione-della-lfp\\\/#breadcrumb\"},\"inLanguage\":\"it-IT\",\"potentialAction\":[{\"@type\":\"ReadAction\",\"target\":[\"https:\\\/\\\/www.monaco-tribune.com\\\/it\\\/2020\\\/09\\\/oleg-petrov-vicepresidente-del-monaco-eletto-al-consiglio-di-amministrazione-della-lfp\\\/\"]}]},{\"@type\":\"ImageObject\",\"inLanguage\":\"it-IT\",\"@id\":\"https:\\\/\\\/www.monaco-tribune.com\\\/it\\\/2020\\\/09\\\/oleg-petrov-vicepresidente-del-monaco-eletto-al-consiglio-di-amministrazione-della-lfp\\\/#primaryimage\",\"url\":\"https:\\\/\\\/www.monaco-tribune.com\\\/wp-content\\\/uploads\\\/2020\\\/09\\\/oleg-petrov-min.jpg\",\"contentUrl\":\"https:\\\/\\\/www.monaco-tribune.com\\\/wp-content\\\/uploads\\\/2020\\\/09\\\/oleg-petrov-min.jpg\",\"width\":1160,\"height\":650,\"caption\":\"Oleg Petrov \\\/ AS Monaco\"},{\"@type\":\"BreadcrumbList\",\"@id\":\"https:\\\/\\\/www.monaco-tribune.com\\\/it\\\/2020\\\/09\\\/oleg-petrov-vicepresidente-del-monaco-eletto-al-consiglio-di-amministrazione-della-lfp\\\/#breadcrumb\",\"itemListElement\":[{\"@type\":\"ListItem\",\"position\":1,\"name\":\"Accueil\",\"item\":\"https:\\\/\\\/www.monaco-tribune.com\\\/it\\\/\"},{\"@type\":\"ListItem\",\"position\":2,\"name\":\"Oleg Petrov (vicepresidente del Monaco) eletto al Consiglio di Amministrazione della LFP\"}]},{\"@type\":\"WebSite\",\"@id\":\"https:\\\/\\\/www.monaco-tribune.com\\\/it\\\/#website\",\"url\":\"https:\\\/\\\/www.monaco-tribune.com\\\/it\\\/\",\"name\":\"Monaco Tribune\",\"description\":\"Monaco : actualit\u00e9s \u00e9conomiques, politiques, culturelles et sportives de Monaco et de la French Riviera.\",\"publisher\":{\"@id\":\"https:\\\/\\\/www.monaco-tribune.com\\\/it\\\/#organization\"},\"potentialAction\":[{\"@type\":\"SearchAction\",\"target\":{\"@type\":\"EntryPoint\",\"urlTemplate\":\"https:\\\/\\\/www.monaco-tribune.com\\\/it\\\/?s={search_term_string}\"},\"query-input\":{\"@type\":\"PropertyValueSpecification\",\"valueRequired\":true,\"valueName\":\"search_term_string\"}}],\"inLanguage\":\"it-IT\"},{\"@type\":\"Organization\",\"@id\":\"https:\\\/\\\/www.monaco-tribune.com\\\/it\\\/#organization\",\"name\":\"Monaco Tribune\",\"url\":\"https:\\\/\\\/www.monaco-tribune.com\\\/it\\\/\",\"logo\":{\"@type\":\"ImageObject\",\"inLanguage\":\"it-IT\",\"@id\":\"https:\\\/\\\/www.monaco-tribune.com\\\/it\\\/#\\\/schema\\\/logo\\\/image\\\/\",\"url\":\"https:\\\/\\\/www.monaco-tribune.com\\\/wp-content\\\/uploads\\\/2022\\\/11\\\/logo-monaco-tribune.png\",\"contentUrl\":\"https:\\\/\\\/www.monaco-tribune.com\\\/wp-content\\\/uploads\\\/2022\\\/11\\\/logo-monaco-tribune.png\",\"width\":1548,\"height\":600,\"caption\":\"Monaco Tribune\"},\"image\":{\"@id\":\"https:\\\/\\\/www.monaco-tribune.com\\\/it\\\/#\\\/schema\\\/logo\\\/image\\\/\"},\"sameAs\":[\"https:\\\/\\\/www.facebook.com\\\/MonacoTribune\",\"https:\\\/\\\/x.com\\\/MonacoTribune\",\"https:\\\/\\\/www.instagram.com\\\/monacotribune\\\/\",\"https:\\\/\\\/www.linkedin.com\\\/company\\\/monaco-tribune\",\"https:\\\/\\\/www.youtube.com\\\/channel\\\/UCHle1MnG6hw1y4lWKijVbMA\"]},{\"@type\":\"Person\",\"@id\":\"https:\\\/\\\/www.monaco-tribune.com\\\/it\\\/#\\\/schema\\\/person\\\/330a3732947cf8cb41b2533a0eadd62e\",\"name\":\"Romain Boisaubert\",\"image\":{\"@type\":\"ImageObject\",\"inLanguage\":\"it-IT\",\"@id\":\"https:\\\/\\\/secure.gravatar.com\\\/avatar\\\/f8b90d41f1eabd1cbe4cf59e09d8db41a697d51919bf2dfe727589a24a4a4d54?s=96&d=mm&r=g\",\"url\":\"https:\\\/\\\/secure.gravatar.com\\\/avatar\\\/f8b90d41f1eabd1cbe4cf59e09d8db41a697d51919bf2dfe727589a24a4a4d54?s=96&d=mm&r=g\",\"contentUrl\":\"https:\\\/\\\/secure.gravatar.com\\\/avatar\\\/f8b90d41f1eabd1cbe4cf59e09d8db41a697d51919bf2dfe727589a24a4a4d54?s=96&d=mm&r=g\",\"caption\":\"Romain Boisaubert\"},\"description\":\"Test bio\",\"url\":\"https:\\\/\\\/www.monaco-tribune.com\\\/it\\\/author\\\/romain-boisaubert\\\/\"}]}<\/script>\n<!-- \/ Yoast SEO Premium plugin. -->","yoast_head_json":{"title":"Oleg Petrov (vicepresidente del Monaco) eletto al Consiglio di Amministrazione della LFP","description":"Il vicepresidente e direttore generale del Monaco \u00e8 stato eletto gioved\u00ec pomeriggio al Consiglio di Amministrazione della LFB, la Ligue de Football","robots":{"index":"index","follow":"follow","max-snippet":"max-snippet:-1","max-image-preview":"max-image-preview:large","max-video-preview":"max-video-preview:-1"},"canonical":"https:\/\/www.monaco-tribune.com\/it\/2020\/09\/oleg-petrov-vicepresidente-del-monaco-eletto-al-consiglio-di-amministrazione-della-lfp\/","og_locale":"it_IT","og_type":"article","og_title":"Oleg Petrov (vicepresidente del Monaco) eletto al Consiglio di Amministrazione della LFP - Monaco Tribune","og_description":"Il vicepresidente e direttore generale del Monaco \u00e8 stato eletto gioved\u00ec pomeriggio al Consiglio di Amministrazione della LFB, la Ligue de Football","og_url":"https:\/\/www.monaco-tribune.com\/it\/2020\/09\/oleg-petrov-vicepresidente-del-monaco-eletto-al-consiglio-di-amministrazione-della-lfp\/","og_site_name":"Monaco Tribune","article_publisher":"https:\/\/www.facebook.com\/MonacoTribune","article_published_time":"2020-09-14T14:31:41+00:00","article_modified_time":"2020-09-14T14:31:44+00:00","og_image":[{"width":1160,"height":650,"url":"https:\/\/www.monaco-tribune.com\/wp-content\/uploads\/2020\/09\/oleg-petrov-min.jpg","type":"image\/jpeg"}],"author":"Romain Boisaubert","twitter_card":"summary_large_image","twitter_creator":"@MonacoTribune","twitter_site":"@MonacoTribune","schema":{"@context":"https:\/\/schema.org","@graph":[{"@type":"NewsArticle","@id":"https:\/\/www.monaco-tribune.com\/it\/2020\/09\/oleg-petrov-vicepresidente-del-monaco-eletto-al-consiglio-di-amministrazione-della-lfp\/#article","isPartOf":{"@id":"https:\/\/www.monaco-tribune.com\/it\/2020\/09\/oleg-petrov-vicepresidente-del-monaco-eletto-al-consiglio-di-amministrazione-della-lfp\/"},"author":{"name":"Romain Boisaubert","@id":"https:\/\/www.monaco-tribune.com\/it\/#\/schema\/person\/330a3732947cf8cb41b2533a0eadd62e"},"headline":"Oleg Petrov (vicepresidente del Monaco) eletto al Consiglio di Amministrazione della LFP","datePublished":"2020-09-14T14:31:41+00:00","dateModified":"2020-09-14T14:31:44+00:00","mainEntityOfPage":{"@id":"https:\/\/www.monaco-tribune.com\/it\/2020\/09\/oleg-petrov-vicepresidente-del-monaco-eletto-al-consiglio-di-amministrazione-della-lfp\/"},"wordCount":251,"publisher":{"@id":"https:\/\/www.monaco-tribune.com\/it\/#organization"},"image":{"@id":"https:\/\/www.monaco-tribune.com\/it\/2020\/09\/oleg-petrov-vicepresidente-del-monaco-eletto-al-consiglio-di-amministrazione-della-lfp\/#primaryimage"},"thumbnailUrl":"https:\/\/www.monaco-tribune.com\/wp-content\/uploads\/2020\/09\/oleg-petrov-min.jpg","keywords":["AS Monaco"],"articleSection":["Notizie","Sport"],"inLanguage":"it-IT","copyrightYear":"2020","copyrightHolder":{"@id":"https:\/\/www.monaco-tribune.com\/#organization"}},{"@type":"WebPage","@id":"https:\/\/www.monaco-tribune.com\/it\/2020\/09\/oleg-petrov-vicepresidente-del-monaco-eletto-al-consiglio-di-amministrazione-della-lfp\/","url":"https:\/\/www.monaco-tribune.com\/it\/2020\/09\/oleg-petrov-vicepresidente-del-monaco-eletto-al-consiglio-di-amministrazione-della-lfp\/","name":"Oleg Petrov (vicepresidente del Monaco) eletto al Consiglio di Amministrazione della LFP","isPartOf":{"@id":"https:\/\/www.monaco-tribune.com\/it\/#website"},"primaryImageOfPage":{"@id":"https:\/\/www.monaco-tribune.com\/it\/2020\/09\/oleg-petrov-vicepresidente-del-monaco-eletto-al-consiglio-di-amministrazione-della-lfp\/#primaryimage"},"image":{"@id":"https:\/\/www.monaco-tribune.com\/it\/2020\/09\/oleg-petrov-vicepresidente-del-monaco-eletto-al-consiglio-di-amministrazione-della-lfp\/#primaryimage"},"thumbnailUrl":"https:\/\/www.monaco-tribune.com\/wp-content\/uploads\/2020\/09\/oleg-petrov-min.jpg","datePublished":"2020-09-14T14:31:41+00:00","dateModified":"2020-09-14T14:31:44+00:00","description":"Il vicepresidente e direttore generale del Monaco \u00e8 stato eletto gioved\u00ec pomeriggio al Consiglio di Amministrazione della LFB, la Ligue de Football","breadcrumb":{"@id":"https:\/\/www.monaco-tribune.com\/it\/2020\/09\/oleg-petrov-vicepresidente-del-monaco-eletto-al-consiglio-di-amministrazione-della-lfp\/#breadcrumb"},"inLanguage":"it-IT","potentialAction":[{"@type":"ReadAction","target":["https:\/\/www.monaco-tribune.com\/it\/2020\/09\/oleg-petrov-vicepresidente-del-monaco-eletto-al-consiglio-di-amministrazione-della-lfp\/"]}]},{"@type":"ImageObject","inLanguage":"it-IT","@id":"https:\/\/www.monaco-tribune.com\/it\/2020\/09\/oleg-petrov-vicepresidente-del-monaco-eletto-al-consiglio-di-amministrazione-della-lfp\/#primaryimage","url":"https:\/\/www.monaco-tribune.com\/wp-content\/uploads\/2020\/09\/oleg-petrov-min.jpg","contentUrl":"https:\/\/www.monaco-tribune.com\/wp-content\/uploads\/2020\/09\/oleg-petrov-min.jpg","width":1160,"height":650,"caption":"Oleg Petrov \/ AS Monaco"},{"@type":"BreadcrumbList","@id":"https:\/\/www.monaco-tribune.com\/it\/2020\/09\/oleg-petrov-vicepresidente-del-monaco-eletto-al-consiglio-di-amministrazione-della-lfp\/#breadcrumb","itemListElement":[{"@type":"ListItem","position":1,"name":"Accueil","item":"https:\/\/www.monaco-tribune.com\/it\/"},{"@type":"ListItem","position":2,"name":"Oleg Petrov (vicepresidente del Monaco) eletto al Consiglio di Amministrazione della LFP"}]},{"@type":"WebSite","@id":"https:\/\/www.monaco-tribune.com\/it\/#website","url":"https:\/\/www.monaco-tribune.com\/it\/","name":"Monaco Tribune","description":"Monaco : actualit\u00e9s \u00e9conomiques, politiques, culturelles et sportives de Monaco et de la French Riviera.","publisher":{"@id":"https:\/\/www.monaco-tribune.com\/it\/#organization"},"potentialAction":[{"@type":"SearchAction","target":{"@type":"EntryPoint","urlTemplate":"https:\/\/www.monaco-tribune.com\/it\/?s={search_term_string}"},"query-input":{"@type":"PropertyValueSpecification","valueRequired":true,"valueName":"search_term_string"}}],"inLanguage":"it-IT"},{"@type":"Organization","@id":"https:\/\/www.monaco-tribune.com\/it\/#organization","name":"Monaco Tribune","url":"https:\/\/www.monaco-tribune.com\/it\/","logo":{"@type":"ImageObject","inLanguage":"it-IT","@id":"https:\/\/www.monaco-tribune.com\/it\/#\/schema\/logo\/image\/","url":"https:\/\/www.monaco-tribune.com\/wp-content\/uploads\/2022\/11\/logo-monaco-tribune.png","contentUrl":"https:\/\/www.monaco-tribune.com\/wp-content\/uploads\/2022\/11\/logo-monaco-tribune.png","width":1548,"height":600,"caption":"Monaco Tribune"},"image":{"@id":"https:\/\/www.monaco-tribune.com\/it\/#\/schema\/logo\/image\/"},"sameAs":["https:\/\/www.facebook.com\/MonacoTribune","https:\/\/x.com\/MonacoTribune","https:\/\/www.instagram.com\/monacotribune\/","https:\/\/www.linkedin.com\/company\/monaco-tribune","https:\/\/www.youtube.com\/channel\/UCHle1MnG6hw1y4lWKijVbMA"]},{"@type":"Person","@id":"https:\/\/www.monaco-tribune.com\/it\/#\/schema\/person\/330a3732947cf8cb41b2533a0eadd62e","name":"Romain Boisaubert","image":{"@type":"ImageObject","inLanguage":"it-IT","@id":"https:\/\/secure.gravatar.com\/avatar\/f8b90d41f1eabd1cbe4cf59e09d8db41a697d51919bf2dfe727589a24a4a4d54?s=96&d=mm&r=g","url":"https:\/\/secure.gravatar.com\/avatar\/f8b90d41f1eabd1cbe4cf59e09d8db41a697d51919bf2dfe727589a24a4a4d54?s=96&d=mm&r=g","contentUrl":"https:\/\/secure.gravatar.com\/avatar\/f8b90d41f1eabd1cbe4cf59e09d8db41a697d51919bf2dfe727589a24a4a4d54?s=96&d=mm&r=g","caption":"Romain Boisaubert"},"description":"Test bio","url":"https:\/\/www.monaco-tribune.com\/it\/author\/romain-boisaubert\/"}]}},"_links":{"self":[{"href":"https:\/\/www.monaco-tribune.com\/it\/wp-json\/wp\/v2\/posts\/37050","targetHints":{"allow":["GET"]}}],"collection":[{"href":"https:\/\/www.monaco-tribune.com\/it\/wp-json\/wp\/v2\/posts"}],"about":[{"href":"https:\/\/www.monaco-tribune.com\/it\/wp-json\/wp\/v2\/types\/post"}],"author":[{"embeddable":true,"href":"https:\/\/www.monaco-tribune.com\/it\/wp-json\/wp\/v2\/users\/24"}],"replies":[{"embeddable":true,"href":"https:\/\/www.monaco-tribune.com\/it\/wp-json\/wp\/v2\/comments?post=37050"}],"version-history":[{"count":0,"href":"https:\/\/www.monaco-tribune.com\/it\/wp-json\/wp\/v2\/posts\/37050\/revisions"}],"wp:featuredmedia":[{"embeddable":true,"href":"https:\/\/www.monaco-tribune.com\/it\/wp-json\/wp\/v2\/media\/36755"}],"wp:attachment":[{"href":"https:\/\/www.monaco-tribune.com\/it\/wp-json\/wp\/v2\/media?parent=37050"}],"wp:term":[{"taxonomy":"category","embeddable":true,"href":"https:\/\/www.monaco-tribune.com\/it\/wp-json\/wp\/v2\/categories?post=37050"},{"taxonomy":"post_tag","embeddable":true,"href":"https:\/\/www.monaco-tribune.com\/it\/wp-json\/wp\/v2\/tags?post=37050"},{"taxonomy":"sectag","embeddable":true,"href":"https:\/\/www.monaco-tribune.com\/it\/wp-json\/wp\/v2\/post_sectags?post=37050"},{"taxonomy":"format","embeddable":true,"href":"https:\/\/www.monaco-tribune.com\/it\/wp-json\/wp\/v2\/post_format?post=37050"}],"curies":[{"name":"wp","href":"https:\/\/api.w.org\/{rel}","templated":true}]}}