{"id":37054,"date":"2020-09-14T16:35:17","date_gmt":"2020-09-14T14:35:17","guid":{"rendered":"https:\/\/www.monaco-tribune.com\/2020\/09\/a-monaco-esteso-lobbligo-di-mascherina\/"},"modified":"2020-09-14T16:35:22","modified_gmt":"2020-09-14T14:35:22","slug":"a-monaco-esteso-lobbligo-di-mascherina","status":"publish","type":"post","link":"https:\/\/www.monaco-tribune.com\/it\/2020\/09\/a-monaco-esteso-lobbligo-di-mascherina\/","title":{"rendered":"A Monaco esteso l\u2019obbligo di mascherina"},"content":{"rendered":"\n<p><strong>Gi\u00e0 in vigore nelle quattro aree nevralgiche del Principato, l\u2019obbligo di mascherina sar\u00e0 esteso a nuove zone.<\/strong><\/p>\n\n<p>Lo scorso 11 agosto, il Governo del Principato ha <a href=\"\/?p=34569\">imposto l\u2019obbligo di indossare la mascherina<\/a> a Place du Casino, Place du Palais, al quartiere commerciale Fontvieille e alle stradine di Monaco-Ville. Un mese dopo, con l\u2019epidemia che riprende piede, sono stati aggiunti nuovi nomi alla lista.<\/p>\n\n<h2 class=\"wp-block-heading\">Dov\u2019\u00e8 obbligatorio indossare la mascherina?<\/h2>\n\n<ul class=\"wp-block-list\"><li>I giardini in Avenue des Sp\u00e9lugues e quelli dei Boulingrins.<\/li><li>Nel Carr\u00e9 d\u2019Or.<\/li><li>Nel quartiere One Monte-Carlo.<\/li><li>Al mercato della Condamine e di Monte-Carlo durante gli orari di apertura.<\/li><li>Negli spazi di accesso ai mezzi pubblici: fermate dell\u2019autobus e binari di accesso alle stazioni ferroviarie (All\u00e9e Lazare Sauvaigo, Promenade Honor\u00e9 II e Pont Sainte-D\u00e9vote).<\/li><li>Nei dintorni e agli ingressi degli istituti scolastici.<\/li><\/ul>\n<p>L\u2019obbligo \u00e8 valido a partire dai sei anni di et\u00e0. La violazione di tali misure sar\u00e0 sanzionata. In linea generale, \u00e8 assolutamente consigliato di indossare la mascherina in tutto il Principato.<\/p>\n","protected":false},"excerpt":{"rendered":"<p>Gi\u00e0 in vigore nelle quattro aree nevralgiche del Principato, l\u2019obbligo di mascherina sar\u00e0 esteso a nuove zone. Lo scorso 11 [&hellip;]<\/p>\n","protected":false},"author":33,"featured_media":36847,"comment_status":"closed","ping_status":"open","sticky":false,"template":"","format":"standard","meta":{"_acf_changed":false,"footnotes":""},"categories":[1738,1752],"tags":[2886],"post_sectags":[],"post_format":[2478],"class_list":["post-37054","post","type-post","status-publish","format-standard","has-post-thumbnail","hentry","category-notizie","category-societa","tag-covid-19-it","format-notizia"],"acf":[],"yoast_head":"<!-- This site is optimized with the Yoast SEO Premium plugin v26.8 (Yoast SEO v27.5) - https:\/\/yoast.com\/product\/yoast-seo-premium-wordpress\/ -->\n<title>A Monaco esteso l\u2019obbligo di mascherina<\/title>\n<meta name=\"description\" content=\"Gi\u00e0 in vigore nelle quattro aree nevralgiche del Principato, l\u2019obbligo di mascherina sar\u00e0 esteso a nuove zone. Lo scorso 11 agosto, il Governo del\" \/>\n<meta name=\"robots\" content=\"index, follow, max-snippet:-1, max-image-preview:large, max-video-preview:-1\" \/>\n<link rel=\"canonical\" href=\"https:\/\/www.monaco-tribune.com\/it\/2020\/09\/a-monaco-esteso-lobbligo-di-mascherina\/\" \/>\n<meta property=\"og:locale\" content=\"it_IT\" \/>\n<meta property=\"og:type\" content=\"article\" \/>\n<meta property=\"og:title\" content=\"A Monaco esteso l\u2019obbligo di mascherina - Monaco Tribune\" \/>\n<meta property=\"og:description\" content=\"Gi\u00e0 in vigore nelle quattro aree nevralgiche del Principato, l\u2019obbligo di mascherina sar\u00e0 esteso a nuove zone. Lo scorso 11 agosto, il Governo del\" \/>\n<meta property=\"og:url\" content=\"https:\/\/www.monaco-tribune.com\/it\/2020\/09\/a-monaco-esteso-lobbligo-di-mascherina\/\" \/>\n<meta property=\"og:site_name\" content=\"Monaco Tribune\" \/>\n<meta property=\"article:publisher\" content=\"https:\/\/www.facebook.com\/MonacoTribune\" \/>\n<meta property=\"article:published_time\" content=\"2020-09-14T14:35:17+00:00\" \/>\n<meta property=\"article:modified_time\" content=\"2020-09-14T14:35:22+00:00\" \/>\n<meta property=\"og:image\" content=\"https:\/\/www.monaco-tribune.com\/wp-content\/uploads\/2020\/09\/port-masque-monaco1.jpg\" \/>\n\t<meta property=\"og:image:width\" content=\"1240\" \/>\n\t<meta property=\"og:image:height\" content=\"827\" \/>\n\t<meta property=\"og:image:type\" content=\"image\/jpeg\" \/>\n<meta name=\"author\" content=\"Lola Senoble\" \/>\n<meta name=\"twitter:card\" content=\"summary_large_image\" \/>\n<meta name=\"twitter:creator\" content=\"@MonacoTribune\" \/>\n<meta name=\"twitter:site\" content=\"@MonacoTribune\" \/>\n<script type=\"application\/ld+json\" class=\"yoast-schema-graph\">{\"@context\":\"https:\\\/\\\/schema.org\",\"@graph\":[{\"@type\":\"NewsArticle\",\"@id\":\"https:\\\/\\\/www.monaco-tribune.com\\\/it\\\/2020\\\/09\\\/a-monaco-esteso-lobbligo-di-mascherina\\\/#article\",\"isPartOf\":{\"@id\":\"https:\\\/\\\/www.monaco-tribune.com\\\/it\\\/2020\\\/09\\\/a-monaco-esteso-lobbligo-di-mascherina\\\/\"},\"author\":{\"name\":\"Lola Senoble\",\"@id\":\"https:\\\/\\\/www.monaco-tribune.com\\\/it\\\/#\\\/schema\\\/person\\\/10603f39d06463e013e339670c36bea3\"},\"headline\":\"A Monaco esteso l\u2019obbligo di mascherina\",\"datePublished\":\"2020-09-14T14:35:17+00:00\",\"dateModified\":\"2020-09-14T14:35:22+00:00\",\"mainEntityOfPage\":{\"@id\":\"https:\\\/\\\/www.monaco-tribune.com\\\/it\\\/2020\\\/09\\\/a-monaco-esteso-lobbligo-di-mascherina\\\/\"},\"wordCount\":174,\"publisher\":{\"@id\":\"https:\\\/\\\/www.monaco-tribune.com\\\/it\\\/#organization\"},\"image\":{\"@id\":\"https:\\\/\\\/www.monaco-tribune.com\\\/it\\\/2020\\\/09\\\/a-monaco-esteso-lobbligo-di-mascherina\\\/#primaryimage\"},\"thumbnailUrl\":\"https:\\\/\\\/www.monaco-tribune.com\\\/wp-content\\\/uploads\\\/2020\\\/09\\\/port-masque-monaco1.jpg\",\"keywords\":[\"Covid-19\"],\"articleSection\":[\"Notizie\",\"Societ\u00e0\"],\"inLanguage\":\"it-IT\",\"copyrightYear\":\"2020\",\"copyrightHolder\":{\"@id\":\"https:\\\/\\\/www.monaco-tribune.com\\\/#organization\"}},{\"@type\":\"WebPage\",\"@id\":\"https:\\\/\\\/www.monaco-tribune.com\\\/it\\\/2020\\\/09\\\/a-monaco-esteso-lobbligo-di-mascherina\\\/\",\"url\":\"https:\\\/\\\/www.monaco-tribune.com\\\/it\\\/2020\\\/09\\\/a-monaco-esteso-lobbligo-di-mascherina\\\/\",\"name\":\"A Monaco esteso l\u2019obbligo di mascherina\",\"isPartOf\":{\"@id\":\"https:\\\/\\\/www.monaco-tribune.com\\\/it\\\/#website\"},\"primaryImageOfPage\":{\"@id\":\"https:\\\/\\\/www.monaco-tribune.com\\\/it\\\/2020\\\/09\\\/a-monaco-esteso-lobbligo-di-mascherina\\\/#primaryimage\"},\"image\":{\"@id\":\"https:\\\/\\\/www.monaco-tribune.com\\\/it\\\/2020\\\/09\\\/a-monaco-esteso-lobbligo-di-mascherina\\\/#primaryimage\"},\"thumbnailUrl\":\"https:\\\/\\\/www.monaco-tribune.com\\\/wp-content\\\/uploads\\\/2020\\\/09\\\/port-masque-monaco1.jpg\",\"datePublished\":\"2020-09-14T14:35:17+00:00\",\"dateModified\":\"2020-09-14T14:35:22+00:00\",\"description\":\"Gi\u00e0 in vigore nelle quattro aree nevralgiche del Principato, l\u2019obbligo di mascherina sar\u00e0 esteso a nuove zone. Lo scorso 11 agosto, il Governo del\",\"breadcrumb\":{\"@id\":\"https:\\\/\\\/www.monaco-tribune.com\\\/it\\\/2020\\\/09\\\/a-monaco-esteso-lobbligo-di-mascherina\\\/#breadcrumb\"},\"inLanguage\":\"it-IT\",\"potentialAction\":[{\"@type\":\"ReadAction\",\"target\":[\"https:\\\/\\\/www.monaco-tribune.com\\\/it\\\/2020\\\/09\\\/a-monaco-esteso-lobbligo-di-mascherina\\\/\"]}]},{\"@type\":\"ImageObject\",\"inLanguage\":\"it-IT\",\"@id\":\"https:\\\/\\\/www.monaco-tribune.com\\\/it\\\/2020\\\/09\\\/a-monaco-esteso-lobbligo-di-mascherina\\\/#primaryimage\",\"url\":\"https:\\\/\\\/www.monaco-tribune.com\\\/wp-content\\\/uploads\\\/2020\\\/09\\\/port-masque-monaco1.jpg\",\"contentUrl\":\"https:\\\/\\\/www.monaco-tribune.com\\\/wp-content\\\/uploads\\\/2020\\\/09\\\/port-masque-monaco1.jpg\",\"width\":1240,\"height\":827,\"caption\":\"Monaco Tribune\"},{\"@type\":\"BreadcrumbList\",\"@id\":\"https:\\\/\\\/www.monaco-tribune.com\\\/it\\\/2020\\\/09\\\/a-monaco-esteso-lobbligo-di-mascherina\\\/#breadcrumb\",\"itemListElement\":[{\"@type\":\"ListItem\",\"position\":1,\"name\":\"Accueil\",\"item\":\"https:\\\/\\\/www.monaco-tribune.com\\\/it\\\/\"},{\"@type\":\"ListItem\",\"position\":2,\"name\":\"A Monaco esteso l\u2019obbligo di mascherina\"}]},{\"@type\":\"WebSite\",\"@id\":\"https:\\\/\\\/www.monaco-tribune.com\\\/it\\\/#website\",\"url\":\"https:\\\/\\\/www.monaco-tribune.com\\\/it\\\/\",\"name\":\"Monaco Tribune\",\"description\":\"Monaco : actualit\u00e9s \u00e9conomiques, politiques, culturelles et sportives de Monaco et de la French Riviera.\",\"publisher\":{\"@id\":\"https:\\\/\\\/www.monaco-tribune.com\\\/it\\\/#organization\"},\"potentialAction\":[{\"@type\":\"SearchAction\",\"target\":{\"@type\":\"EntryPoint\",\"urlTemplate\":\"https:\\\/\\\/www.monaco-tribune.com\\\/it\\\/?s={search_term_string}\"},\"query-input\":{\"@type\":\"PropertyValueSpecification\",\"valueRequired\":true,\"valueName\":\"search_term_string\"}}],\"inLanguage\":\"it-IT\"},{\"@type\":\"Organization\",\"@id\":\"https:\\\/\\\/www.monaco-tribune.com\\\/it\\\/#organization\",\"name\":\"Monaco Tribune\",\"url\":\"https:\\\/\\\/www.monaco-tribune.com\\\/it\\\/\",\"logo\":{\"@type\":\"ImageObject\",\"inLanguage\":\"it-IT\",\"@id\":\"https:\\\/\\\/www.monaco-tribune.com\\\/it\\\/#\\\/schema\\\/logo\\\/image\\\/\",\"url\":\"https:\\\/\\\/www.monaco-tribune.com\\\/wp-content\\\/uploads\\\/2022\\\/11\\\/logo-monaco-tribune.png\",\"contentUrl\":\"https:\\\/\\\/www.monaco-tribune.com\\\/wp-content\\\/uploads\\\/2022\\\/11\\\/logo-monaco-tribune.png\",\"width\":1548,\"height\":600,\"caption\":\"Monaco Tribune\"},\"image\":{\"@id\":\"https:\\\/\\\/www.monaco-tribune.com\\\/it\\\/#\\\/schema\\\/logo\\\/image\\\/\"},\"sameAs\":[\"https:\\\/\\\/www.facebook.com\\\/MonacoTribune\",\"https:\\\/\\\/x.com\\\/MonacoTribune\",\"https:\\\/\\\/www.instagram.com\\\/monacotribune\\\/\",\"https:\\\/\\\/www.linkedin.com\\\/company\\\/monaco-tribune\",\"https:\\\/\\\/www.youtube.com\\\/channel\\\/UCHle1MnG6hw1y4lWKijVbMA\"]},{\"@type\":\"Person\",\"@id\":\"https:\\\/\\\/www.monaco-tribune.com\\\/it\\\/#\\\/schema\\\/person\\\/10603f39d06463e013e339670c36bea3\",\"name\":\"Lola Senoble\",\"image\":{\"@type\":\"ImageObject\",\"inLanguage\":\"it-IT\",\"@id\":\"https:\\\/\\\/secure.gravatar.com\\\/avatar\\\/48d557f5142df87422d94c862ef0f4177361c443286157fc3838180d4d313fa1?s=96&d=mm&r=g\",\"url\":\"https:\\\/\\\/secure.gravatar.com\\\/avatar\\\/48d557f5142df87422d94c862ef0f4177361c443286157fc3838180d4d313fa1?s=96&d=mm&r=g\",\"contentUrl\":\"https:\\\/\\\/secure.gravatar.com\\\/avatar\\\/48d557f5142df87422d94c862ef0f4177361c443286157fc3838180d4d313fa1?s=96&d=mm&r=g\",\"caption\":\"Lola Senoble\"},\"url\":\"https:\\\/\\\/www.monaco-tribune.com\\\/it\\\/author\\\/lola-senoble\\\/\"}]}<\/script>\n<!-- \/ Yoast SEO Premium plugin. -->","yoast_head_json":{"title":"A Monaco esteso l\u2019obbligo di mascherina","description":"Gi\u00e0 in vigore nelle quattro aree nevralgiche del Principato, l\u2019obbligo di mascherina sar\u00e0 esteso a nuove zone. Lo scorso 11 agosto, il Governo del","robots":{"index":"index","follow":"follow","max-snippet":"max-snippet:-1","max-image-preview":"max-image-preview:large","max-video-preview":"max-video-preview:-1"},"canonical":"https:\/\/www.monaco-tribune.com\/it\/2020\/09\/a-monaco-esteso-lobbligo-di-mascherina\/","og_locale":"it_IT","og_type":"article","og_title":"A Monaco esteso l\u2019obbligo di mascherina - Monaco Tribune","og_description":"Gi\u00e0 in vigore nelle quattro aree nevralgiche del Principato, l\u2019obbligo di mascherina sar\u00e0 esteso a nuove zone. Lo scorso 11 agosto, il Governo del","og_url":"https:\/\/www.monaco-tribune.com\/it\/2020\/09\/a-monaco-esteso-lobbligo-di-mascherina\/","og_site_name":"Monaco Tribune","article_publisher":"https:\/\/www.facebook.com\/MonacoTribune","article_published_time":"2020-09-14T14:35:17+00:00","article_modified_time":"2020-09-14T14:35:22+00:00","og_image":[{"width":1240,"height":827,"url":"https:\/\/www.monaco-tribune.com\/wp-content\/uploads\/2020\/09\/port-masque-monaco1.jpg","type":"image\/jpeg"}],"author":"Lola Senoble","twitter_card":"summary_large_image","twitter_creator":"@MonacoTribune","twitter_site":"@MonacoTribune","schema":{"@context":"https:\/\/schema.org","@graph":[{"@type":"NewsArticle","@id":"https:\/\/www.monaco-tribune.com\/it\/2020\/09\/a-monaco-esteso-lobbligo-di-mascherina\/#article","isPartOf":{"@id":"https:\/\/www.monaco-tribune.com\/it\/2020\/09\/a-monaco-esteso-lobbligo-di-mascherina\/"},"author":{"name":"Lola Senoble","@id":"https:\/\/www.monaco-tribune.com\/it\/#\/schema\/person\/10603f39d06463e013e339670c36bea3"},"headline":"A Monaco esteso l\u2019obbligo di mascherina","datePublished":"2020-09-14T14:35:17+00:00","dateModified":"2020-09-14T14:35:22+00:00","mainEntityOfPage":{"@id":"https:\/\/www.monaco-tribune.com\/it\/2020\/09\/a-monaco-esteso-lobbligo-di-mascherina\/"},"wordCount":174,"publisher":{"@id":"https:\/\/www.monaco-tribune.com\/it\/#organization"},"image":{"@id":"https:\/\/www.monaco-tribune.com\/it\/2020\/09\/a-monaco-esteso-lobbligo-di-mascherina\/#primaryimage"},"thumbnailUrl":"https:\/\/www.monaco-tribune.com\/wp-content\/uploads\/2020\/09\/port-masque-monaco1.jpg","keywords":["Covid-19"],"articleSection":["Notizie","Societ\u00e0"],"inLanguage":"it-IT","copyrightYear":"2020","copyrightHolder":{"@id":"https:\/\/www.monaco-tribune.com\/#organization"}},{"@type":"WebPage","@id":"https:\/\/www.monaco-tribune.com\/it\/2020\/09\/a-monaco-esteso-lobbligo-di-mascherina\/","url":"https:\/\/www.monaco-tribune.com\/it\/2020\/09\/a-monaco-esteso-lobbligo-di-mascherina\/","name":"A Monaco esteso l\u2019obbligo di mascherina","isPartOf":{"@id":"https:\/\/www.monaco-tribune.com\/it\/#website"},"primaryImageOfPage":{"@id":"https:\/\/www.monaco-tribune.com\/it\/2020\/09\/a-monaco-esteso-lobbligo-di-mascherina\/#primaryimage"},"image":{"@id":"https:\/\/www.monaco-tribune.com\/it\/2020\/09\/a-monaco-esteso-lobbligo-di-mascherina\/#primaryimage"},"thumbnailUrl":"https:\/\/www.monaco-tribune.com\/wp-content\/uploads\/2020\/09\/port-masque-monaco1.jpg","datePublished":"2020-09-14T14:35:17+00:00","dateModified":"2020-09-14T14:35:22+00:00","description":"Gi\u00e0 in vigore nelle quattro aree nevralgiche del Principato, l\u2019obbligo di mascherina sar\u00e0 esteso a nuove zone. Lo scorso 11 agosto, il Governo del","breadcrumb":{"@id":"https:\/\/www.monaco-tribune.com\/it\/2020\/09\/a-monaco-esteso-lobbligo-di-mascherina\/#breadcrumb"},"inLanguage":"it-IT","potentialAction":[{"@type":"ReadAction","target":["https:\/\/www.monaco-tribune.com\/it\/2020\/09\/a-monaco-esteso-lobbligo-di-mascherina\/"]}]},{"@type":"ImageObject","inLanguage":"it-IT","@id":"https:\/\/www.monaco-tribune.com\/it\/2020\/09\/a-monaco-esteso-lobbligo-di-mascherina\/#primaryimage","url":"https:\/\/www.monaco-tribune.com\/wp-content\/uploads\/2020\/09\/port-masque-monaco1.jpg","contentUrl":"https:\/\/www.monaco-tribune.com\/wp-content\/uploads\/2020\/09\/port-masque-monaco1.jpg","width":1240,"height":827,"caption":"Monaco Tribune"},{"@type":"BreadcrumbList","@id":"https:\/\/www.monaco-tribune.com\/it\/2020\/09\/a-monaco-esteso-lobbligo-di-mascherina\/#breadcrumb","itemListElement":[{"@type":"ListItem","position":1,"name":"Accueil","item":"https:\/\/www.monaco-tribune.com\/it\/"},{"@type":"ListItem","position":2,"name":"A Monaco esteso l\u2019obbligo di mascherina"}]},{"@type":"WebSite","@id":"https:\/\/www.monaco-tribune.com\/it\/#website","url":"https:\/\/www.monaco-tribune.com\/it\/","name":"Monaco Tribune","description":"Monaco : actualit\u00e9s \u00e9conomiques, politiques, culturelles et sportives de Monaco et de la French Riviera.","publisher":{"@id":"https:\/\/www.monaco-tribune.com\/it\/#organization"},"potentialAction":[{"@type":"SearchAction","target":{"@type":"EntryPoint","urlTemplate":"https:\/\/www.monaco-tribune.com\/it\/?s={search_term_string}"},"query-input":{"@type":"PropertyValueSpecification","valueRequired":true,"valueName":"search_term_string"}}],"inLanguage":"it-IT"},{"@type":"Organization","@id":"https:\/\/www.monaco-tribune.com\/it\/#organization","name":"Monaco Tribune","url":"https:\/\/www.monaco-tribune.com\/it\/","logo":{"@type":"ImageObject","inLanguage":"it-IT","@id":"https:\/\/www.monaco-tribune.com\/it\/#\/schema\/logo\/image\/","url":"https:\/\/www.monaco-tribune.com\/wp-content\/uploads\/2022\/11\/logo-monaco-tribune.png","contentUrl":"https:\/\/www.monaco-tribune.com\/wp-content\/uploads\/2022\/11\/logo-monaco-tribune.png","width":1548,"height":600,"caption":"Monaco Tribune"},"image":{"@id":"https:\/\/www.monaco-tribune.com\/it\/#\/schema\/logo\/image\/"},"sameAs":["https:\/\/www.facebook.com\/MonacoTribune","https:\/\/x.com\/MonacoTribune","https:\/\/www.instagram.com\/monacotribune\/","https:\/\/www.linkedin.com\/company\/monaco-tribune","https:\/\/www.youtube.com\/channel\/UCHle1MnG6hw1y4lWKijVbMA"]},{"@type":"Person","@id":"https:\/\/www.monaco-tribune.com\/it\/#\/schema\/person\/10603f39d06463e013e339670c36bea3","name":"Lola Senoble","image":{"@type":"ImageObject","inLanguage":"it-IT","@id":"https:\/\/secure.gravatar.com\/avatar\/48d557f5142df87422d94c862ef0f4177361c443286157fc3838180d4d313fa1?s=96&d=mm&r=g","url":"https:\/\/secure.gravatar.com\/avatar\/48d557f5142df87422d94c862ef0f4177361c443286157fc3838180d4d313fa1?s=96&d=mm&r=g","contentUrl":"https:\/\/secure.gravatar.com\/avatar\/48d557f5142df87422d94c862ef0f4177361c443286157fc3838180d4d313fa1?s=96&d=mm&r=g","caption":"Lola Senoble"},"url":"https:\/\/www.monaco-tribune.com\/it\/author\/lola-senoble\/"}]}},"_links":{"self":[{"href":"https:\/\/www.monaco-tribune.com\/it\/wp-json\/wp\/v2\/posts\/37054","targetHints":{"allow":["GET"]}}],"collection":[{"href":"https:\/\/www.monaco-tribune.com\/it\/wp-json\/wp\/v2\/posts"}],"about":[{"href":"https:\/\/www.monaco-tribune.com\/it\/wp-json\/wp\/v2\/types\/post"}],"author":[{"embeddable":true,"href":"https:\/\/www.monaco-tribune.com\/it\/wp-json\/wp\/v2\/users\/33"}],"replies":[{"embeddable":true,"href":"https:\/\/www.monaco-tribune.com\/it\/wp-json\/wp\/v2\/comments?post=37054"}],"version-history":[{"count":0,"href":"https:\/\/www.monaco-tribune.com\/it\/wp-json\/wp\/v2\/posts\/37054\/revisions"}],"wp:featuredmedia":[{"embeddable":true,"href":"https:\/\/www.monaco-tribune.com\/it\/wp-json\/wp\/v2\/media\/36847"}],"wp:attachment":[{"href":"https:\/\/www.monaco-tribune.com\/it\/wp-json\/wp\/v2\/media?parent=37054"}],"wp:term":[{"taxonomy":"category","embeddable":true,"href":"https:\/\/www.monaco-tribune.com\/it\/wp-json\/wp\/v2\/categories?post=37054"},{"taxonomy":"post_tag","embeddable":true,"href":"https:\/\/www.monaco-tribune.com\/it\/wp-json\/wp\/v2\/tags?post=37054"},{"taxonomy":"sectag","embeddable":true,"href":"https:\/\/www.monaco-tribune.com\/it\/wp-json\/wp\/v2\/post_sectags?post=37054"},{"taxonomy":"format","embeddable":true,"href":"https:\/\/www.monaco-tribune.com\/it\/wp-json\/wp\/v2\/post_format?post=37054"}],"curies":[{"name":"wp","href":"https:\/\/api.w.org\/{rel}","templated":true}]}}