{"id":37734,"date":"2020-09-19T10:49:58","date_gmt":"2020-09-19T08:49:58","guid":{"rendered":"https:\/\/www.monaco-tribune.com\/2020\/09\/covid-19-come-funziona-il-nuovo-centro-nazionale-di-diagnosi\/"},"modified":"2020-09-19T10:51:05","modified_gmt":"2020-09-19T08:51:05","slug":"covid-19-come-funziona-il-nuovo-centro-nazionale-di-diagnosi","status":"publish","type":"post","link":"https:\/\/www.monaco-tribune.com\/it\/2020\/09\/covid-19-come-funziona-il-nuovo-centro-nazionale-di-diagnosi\/","title":{"rendered":"Covid-19: come funziona il nuovo centro nazionale di diagnosi"},"content":{"rendered":"\n<p><strong>Quattro nuovi casi positivi registrati nel Principato il 16 settembre. Dopo le raccomandazioni del Consiglio nazionale, il Governo del Principato ha deciso di attivare un centro di diagnosi presso l\u2019Espace L\u00e9o Ferr\u00e9 nel quartiere di Fontvieille.<\/strong><\/p>\n\n\n\n<p>Sono 181 i contagiati da coronavirus dall\u2019inizio della pandemia. Il 16 settembre, cinque sono stati ricoverati nel Centro Ospedaliero Principessa Grace, di cui un non residente in rianimazione. Con quattro nuove guarigioni, il numero di pazienti guariti sale a 137. Il centro di monitoraggio a domicilio continua a seguire 34 pazienti.<\/p>\n\n\n\n<h2 class=\"wp-block-heading\">Fino a 400 test a settimana<\/h2>\n\n\n\n<p>Il 10 settembre, il Consiglio nazionale ha richiesto l\u2019installazione <em>\u201curgente\u201d<\/em> di <a href=\"https:\/\/www.monaco-tribune.com\/it\/category\/coronavirus-it\/\">un centro nazionale di diagnosi<\/a>, oggi diventato realt\u00e0. Si trova nell\u2019Espace L\u00e9o Ferr\u00e9, nel quartiere di Fontvieille, \u00e8 aperto dal luned\u00ec al venerd\u00ec dalle 9:00 alle 16:00, e potr\u00e0 eseguire fino a 400 test PCR gratuiti a settimana.<\/p>\n\n\n\n<p>Il test sar\u00e0 effettuato solo sui soggetti sintomatici, o quelli entrati in contatto con il virus. \u00c8 richiesta una prescrizione medica che pu\u00f2 essere rilasciata dal medico curante, dal lavoro o dal Ministero degli affari sociali e della sanit\u00e0 di Monaco. Inoltre, \u00e8 necessario prendere un appuntamento chiamando il numero 92 05 55 00. Viene effettuato un solo test PCR sul posto. Se si tratta di un caso urgente, i risultati arriveranno in meno di 24 ore.<\/p>\n\n\n\n<p>Attenzione per\u00f2, i pazienti asintomatici, o che non sono entrati in contatto con il virus, ma vogliono sottoporsi al test dovranno mettersi in contatto con un laboratorio privato.<\/p>\n","protected":false},"excerpt":{"rendered":"<p>Quattro nuovi casi positivi registrati nel Principato il 16 settembre. Dopo le raccomandazioni del Consiglio nazionale, il Governo del Principato [&hellip;]<\/p>\n","protected":false},"author":33,"featured_media":37525,"comment_status":"closed","ping_status":"open","sticky":false,"template":"","format":"standard","meta":{"_acf_changed":false,"footnotes":""},"categories":[1738,1752],"tags":[2886],"post_sectags":[],"post_format":[2477],"class_list":["post-37734","post","type-post","status-publish","format-standard","has-post-thumbnail","hentry","category-notizie","category-societa","tag-covid-19-it","format-info-pratiche"],"acf":[],"yoast_head":"<!-- This site is optimized with the Yoast SEO Premium plugin v26.8 (Yoast SEO v27.5) - https:\/\/yoast.com\/product\/yoast-seo-premium-wordpress\/ -->\n<title>Covid-19: come funziona il nuovo centro nazionale di diagnosi<\/title>\n<meta name=\"description\" content=\"Quattro nuovi casi positivi registrati nel Principato il 16 settembre. Dopo le raccomandazioni del Consiglio nazionale, il Governo del Principato ha\" \/>\n<meta name=\"robots\" content=\"index, follow, max-snippet:-1, max-image-preview:large, max-video-preview:-1\" \/>\n<link rel=\"canonical\" href=\"https:\/\/www.monaco-tribune.com\/it\/2020\/09\/covid-19-come-funziona-il-nuovo-centro-nazionale-di-diagnosi\/\" \/>\n<meta property=\"og:locale\" content=\"it_IT\" \/>\n<meta property=\"og:type\" content=\"article\" \/>\n<meta property=\"og:title\" content=\"Covid-19: come funziona il nuovo centro nazionale di diagnosi - Monaco Tribune\" \/>\n<meta property=\"og:description\" content=\"Quattro nuovi casi positivi registrati nel Principato il 16 settembre. Dopo le raccomandazioni del Consiglio nazionale, il Governo del Principato ha\" \/>\n<meta property=\"og:url\" content=\"https:\/\/www.monaco-tribune.com\/it\/2020\/09\/covid-19-come-funziona-il-nuovo-centro-nazionale-di-diagnosi\/\" \/>\n<meta property=\"og:site_name\" content=\"Monaco Tribune\" \/>\n<meta property=\"article:publisher\" content=\"https:\/\/www.facebook.com\/MonacoTribune\" \/>\n<meta property=\"article:published_time\" content=\"2020-09-19T08:49:58+00:00\" \/>\n<meta property=\"article:modified_time\" content=\"2020-09-19T08:51:05+00:00\" \/>\n<meta property=\"og:image\" content=\"https:\/\/www.monaco-tribune.com\/wp-content\/uploads\/2020\/09\/centre-depistage-fontvieille1.jpg\" \/>\n\t<meta property=\"og:image:width\" content=\"1826\" \/>\n\t<meta property=\"og:image:height\" content=\"1217\" \/>\n\t<meta property=\"og:image:type\" content=\"image\/jpeg\" \/>\n<meta name=\"author\" content=\"Lola Senoble\" \/>\n<meta name=\"twitter:card\" content=\"summary_large_image\" \/>\n<meta name=\"twitter:creator\" content=\"@MonacoTribune\" \/>\n<meta name=\"twitter:site\" content=\"@MonacoTribune\" \/>\n<script type=\"application\/ld+json\" class=\"yoast-schema-graph\">{\"@context\":\"https:\\\/\\\/schema.org\",\"@graph\":[{\"@type\":\"NewsArticle\",\"@id\":\"https:\\\/\\\/www.monaco-tribune.com\\\/it\\\/2020\\\/09\\\/covid-19-come-funziona-il-nuovo-centro-nazionale-di-diagnosi\\\/#article\",\"isPartOf\":{\"@id\":\"https:\\\/\\\/www.monaco-tribune.com\\\/it\\\/2020\\\/09\\\/covid-19-come-funziona-il-nuovo-centro-nazionale-di-diagnosi\\\/\"},\"author\":{\"name\":\"Lola Senoble\",\"@id\":\"https:\\\/\\\/www.monaco-tribune.com\\\/it\\\/#\\\/schema\\\/person\\\/10603f39d06463e013e339670c36bea3\"},\"headline\":\"Covid-19: come funziona il nuovo centro nazionale di diagnosi\",\"datePublished\":\"2020-09-19T08:49:58+00:00\",\"dateModified\":\"2020-09-19T08:51:05+00:00\",\"mainEntityOfPage\":{\"@id\":\"https:\\\/\\\/www.monaco-tribune.com\\\/it\\\/2020\\\/09\\\/covid-19-come-funziona-il-nuovo-centro-nazionale-di-diagnosi\\\/\"},\"wordCount\":244,\"publisher\":{\"@id\":\"https:\\\/\\\/www.monaco-tribune.com\\\/it\\\/#organization\"},\"image\":{\"@id\":\"https:\\\/\\\/www.monaco-tribune.com\\\/it\\\/2020\\\/09\\\/covid-19-come-funziona-il-nuovo-centro-nazionale-di-diagnosi\\\/#primaryimage\"},\"thumbnailUrl\":\"https:\\\/\\\/www.monaco-tribune.com\\\/wp-content\\\/uploads\\\/2020\\\/09\\\/centre-depistage-fontvieille1.jpg\",\"keywords\":[\"Covid-19\"],\"articleSection\":[\"Notizie\",\"Societ\u00e0\"],\"inLanguage\":\"it-IT\",\"copyrightYear\":\"2020\",\"copyrightHolder\":{\"@id\":\"https:\\\/\\\/www.monaco-tribune.com\\\/#organization\"}},{\"@type\":\"WebPage\",\"@id\":\"https:\\\/\\\/www.monaco-tribune.com\\\/it\\\/2020\\\/09\\\/covid-19-come-funziona-il-nuovo-centro-nazionale-di-diagnosi\\\/\",\"url\":\"https:\\\/\\\/www.monaco-tribune.com\\\/it\\\/2020\\\/09\\\/covid-19-come-funziona-il-nuovo-centro-nazionale-di-diagnosi\\\/\",\"name\":\"Covid-19: come funziona il nuovo centro nazionale di diagnosi\",\"isPartOf\":{\"@id\":\"https:\\\/\\\/www.monaco-tribune.com\\\/it\\\/#website\"},\"primaryImageOfPage\":{\"@id\":\"https:\\\/\\\/www.monaco-tribune.com\\\/it\\\/2020\\\/09\\\/covid-19-come-funziona-il-nuovo-centro-nazionale-di-diagnosi\\\/#primaryimage\"},\"image\":{\"@id\":\"https:\\\/\\\/www.monaco-tribune.com\\\/it\\\/2020\\\/09\\\/covid-19-come-funziona-il-nuovo-centro-nazionale-di-diagnosi\\\/#primaryimage\"},\"thumbnailUrl\":\"https:\\\/\\\/www.monaco-tribune.com\\\/wp-content\\\/uploads\\\/2020\\\/09\\\/centre-depistage-fontvieille1.jpg\",\"datePublished\":\"2020-09-19T08:49:58+00:00\",\"dateModified\":\"2020-09-19T08:51:05+00:00\",\"description\":\"Quattro nuovi casi positivi registrati nel Principato il 16 settembre. Dopo le raccomandazioni del Consiglio nazionale, il Governo del Principato ha\",\"breadcrumb\":{\"@id\":\"https:\\\/\\\/www.monaco-tribune.com\\\/it\\\/2020\\\/09\\\/covid-19-come-funziona-il-nuovo-centro-nazionale-di-diagnosi\\\/#breadcrumb\"},\"inLanguage\":\"it-IT\",\"potentialAction\":[{\"@type\":\"ReadAction\",\"target\":[\"https:\\\/\\\/www.monaco-tribune.com\\\/it\\\/2020\\\/09\\\/covid-19-come-funziona-il-nuovo-centro-nazionale-di-diagnosi\\\/\"]}]},{\"@type\":\"ImageObject\",\"inLanguage\":\"it-IT\",\"@id\":\"https:\\\/\\\/www.monaco-tribune.com\\\/it\\\/2020\\\/09\\\/covid-19-come-funziona-il-nuovo-centro-nazionale-di-diagnosi\\\/#primaryimage\",\"url\":\"https:\\\/\\\/www.monaco-tribune.com\\\/wp-content\\\/uploads\\\/2020\\\/09\\\/centre-depistage-fontvieille1.jpg\",\"contentUrl\":\"https:\\\/\\\/www.monaco-tribune.com\\\/wp-content\\\/uploads\\\/2020\\\/09\\\/centre-depistage-fontvieille1.jpg\",\"width\":1826,\"height\":1217,\"caption\":\"Servizio di comunicazione \\\/ Manuel Vitali\"},{\"@type\":\"BreadcrumbList\",\"@id\":\"https:\\\/\\\/www.monaco-tribune.com\\\/it\\\/2020\\\/09\\\/covid-19-come-funziona-il-nuovo-centro-nazionale-di-diagnosi\\\/#breadcrumb\",\"itemListElement\":[{\"@type\":\"ListItem\",\"position\":1,\"name\":\"Accueil\",\"item\":\"https:\\\/\\\/www.monaco-tribune.com\\\/it\\\/\"},{\"@type\":\"ListItem\",\"position\":2,\"name\":\"Covid-19: come funziona il nuovo centro nazionale di diagnosi\"}]},{\"@type\":\"WebSite\",\"@id\":\"https:\\\/\\\/www.monaco-tribune.com\\\/it\\\/#website\",\"url\":\"https:\\\/\\\/www.monaco-tribune.com\\\/it\\\/\",\"name\":\"Monaco Tribune\",\"description\":\"Monaco : actualit\u00e9s \u00e9conomiques, politiques, culturelles et sportives de Monaco et de la French Riviera.\",\"publisher\":{\"@id\":\"https:\\\/\\\/www.monaco-tribune.com\\\/it\\\/#organization\"},\"potentialAction\":[{\"@type\":\"SearchAction\",\"target\":{\"@type\":\"EntryPoint\",\"urlTemplate\":\"https:\\\/\\\/www.monaco-tribune.com\\\/it\\\/?s={search_term_string}\"},\"query-input\":{\"@type\":\"PropertyValueSpecification\",\"valueRequired\":true,\"valueName\":\"search_term_string\"}}],\"inLanguage\":\"it-IT\"},{\"@type\":\"Organization\",\"@id\":\"https:\\\/\\\/www.monaco-tribune.com\\\/it\\\/#organization\",\"name\":\"Monaco Tribune\",\"url\":\"https:\\\/\\\/www.monaco-tribune.com\\\/it\\\/\",\"logo\":{\"@type\":\"ImageObject\",\"inLanguage\":\"it-IT\",\"@id\":\"https:\\\/\\\/www.monaco-tribune.com\\\/it\\\/#\\\/schema\\\/logo\\\/image\\\/\",\"url\":\"https:\\\/\\\/www.monaco-tribune.com\\\/wp-content\\\/uploads\\\/2022\\\/11\\\/logo-monaco-tribune.png\",\"contentUrl\":\"https:\\\/\\\/www.monaco-tribune.com\\\/wp-content\\\/uploads\\\/2022\\\/11\\\/logo-monaco-tribune.png\",\"width\":1548,\"height\":600,\"caption\":\"Monaco Tribune\"},\"image\":{\"@id\":\"https:\\\/\\\/www.monaco-tribune.com\\\/it\\\/#\\\/schema\\\/logo\\\/image\\\/\"},\"sameAs\":[\"https:\\\/\\\/www.facebook.com\\\/MonacoTribune\",\"https:\\\/\\\/x.com\\\/MonacoTribune\",\"https:\\\/\\\/www.instagram.com\\\/monacotribune\\\/\",\"https:\\\/\\\/www.linkedin.com\\\/company\\\/monaco-tribune\",\"https:\\\/\\\/www.youtube.com\\\/channel\\\/UCHle1MnG6hw1y4lWKijVbMA\"]},{\"@type\":\"Person\",\"@id\":\"https:\\\/\\\/www.monaco-tribune.com\\\/it\\\/#\\\/schema\\\/person\\\/10603f39d06463e013e339670c36bea3\",\"name\":\"Lola Senoble\",\"image\":{\"@type\":\"ImageObject\",\"inLanguage\":\"it-IT\",\"@id\":\"https:\\\/\\\/secure.gravatar.com\\\/avatar\\\/48d557f5142df87422d94c862ef0f4177361c443286157fc3838180d4d313fa1?s=96&d=mm&r=g\",\"url\":\"https:\\\/\\\/secure.gravatar.com\\\/avatar\\\/48d557f5142df87422d94c862ef0f4177361c443286157fc3838180d4d313fa1?s=96&d=mm&r=g\",\"contentUrl\":\"https:\\\/\\\/secure.gravatar.com\\\/avatar\\\/48d557f5142df87422d94c862ef0f4177361c443286157fc3838180d4d313fa1?s=96&d=mm&r=g\",\"caption\":\"Lola Senoble\"},\"url\":\"https:\\\/\\\/www.monaco-tribune.com\\\/it\\\/author\\\/lola-senoble\\\/\"}]}<\/script>\n<!-- \/ Yoast SEO Premium plugin. -->","yoast_head_json":{"title":"Covid-19: come funziona il nuovo centro nazionale di diagnosi","description":"Quattro nuovi casi positivi registrati nel Principato il 16 settembre. Dopo le raccomandazioni del Consiglio nazionale, il Governo del Principato ha","robots":{"index":"index","follow":"follow","max-snippet":"max-snippet:-1","max-image-preview":"max-image-preview:large","max-video-preview":"max-video-preview:-1"},"canonical":"https:\/\/www.monaco-tribune.com\/it\/2020\/09\/covid-19-come-funziona-il-nuovo-centro-nazionale-di-diagnosi\/","og_locale":"it_IT","og_type":"article","og_title":"Covid-19: come funziona il nuovo centro nazionale di diagnosi - Monaco Tribune","og_description":"Quattro nuovi casi positivi registrati nel Principato il 16 settembre. Dopo le raccomandazioni del Consiglio nazionale, il Governo del Principato ha","og_url":"https:\/\/www.monaco-tribune.com\/it\/2020\/09\/covid-19-come-funziona-il-nuovo-centro-nazionale-di-diagnosi\/","og_site_name":"Monaco Tribune","article_publisher":"https:\/\/www.facebook.com\/MonacoTribune","article_published_time":"2020-09-19T08:49:58+00:00","article_modified_time":"2020-09-19T08:51:05+00:00","og_image":[{"width":1826,"height":1217,"url":"https:\/\/www.monaco-tribune.com\/wp-content\/uploads\/2020\/09\/centre-depistage-fontvieille1.jpg","type":"image\/jpeg"}],"author":"Lola Senoble","twitter_card":"summary_large_image","twitter_creator":"@MonacoTribune","twitter_site":"@MonacoTribune","schema":{"@context":"https:\/\/schema.org","@graph":[{"@type":"NewsArticle","@id":"https:\/\/www.monaco-tribune.com\/it\/2020\/09\/covid-19-come-funziona-il-nuovo-centro-nazionale-di-diagnosi\/#article","isPartOf":{"@id":"https:\/\/www.monaco-tribune.com\/it\/2020\/09\/covid-19-come-funziona-il-nuovo-centro-nazionale-di-diagnosi\/"},"author":{"name":"Lola Senoble","@id":"https:\/\/www.monaco-tribune.com\/it\/#\/schema\/person\/10603f39d06463e013e339670c36bea3"},"headline":"Covid-19: come funziona il nuovo centro nazionale di diagnosi","datePublished":"2020-09-19T08:49:58+00:00","dateModified":"2020-09-19T08:51:05+00:00","mainEntityOfPage":{"@id":"https:\/\/www.monaco-tribune.com\/it\/2020\/09\/covid-19-come-funziona-il-nuovo-centro-nazionale-di-diagnosi\/"},"wordCount":244,"publisher":{"@id":"https:\/\/www.monaco-tribune.com\/it\/#organization"},"image":{"@id":"https:\/\/www.monaco-tribune.com\/it\/2020\/09\/covid-19-come-funziona-il-nuovo-centro-nazionale-di-diagnosi\/#primaryimage"},"thumbnailUrl":"https:\/\/www.monaco-tribune.com\/wp-content\/uploads\/2020\/09\/centre-depistage-fontvieille1.jpg","keywords":["Covid-19"],"articleSection":["Notizie","Societ\u00e0"],"inLanguage":"it-IT","copyrightYear":"2020","copyrightHolder":{"@id":"https:\/\/www.monaco-tribune.com\/#organization"}},{"@type":"WebPage","@id":"https:\/\/www.monaco-tribune.com\/it\/2020\/09\/covid-19-come-funziona-il-nuovo-centro-nazionale-di-diagnosi\/","url":"https:\/\/www.monaco-tribune.com\/it\/2020\/09\/covid-19-come-funziona-il-nuovo-centro-nazionale-di-diagnosi\/","name":"Covid-19: come funziona il nuovo centro nazionale di diagnosi","isPartOf":{"@id":"https:\/\/www.monaco-tribune.com\/it\/#website"},"primaryImageOfPage":{"@id":"https:\/\/www.monaco-tribune.com\/it\/2020\/09\/covid-19-come-funziona-il-nuovo-centro-nazionale-di-diagnosi\/#primaryimage"},"image":{"@id":"https:\/\/www.monaco-tribune.com\/it\/2020\/09\/covid-19-come-funziona-il-nuovo-centro-nazionale-di-diagnosi\/#primaryimage"},"thumbnailUrl":"https:\/\/www.monaco-tribune.com\/wp-content\/uploads\/2020\/09\/centre-depistage-fontvieille1.jpg","datePublished":"2020-09-19T08:49:58+00:00","dateModified":"2020-09-19T08:51:05+00:00","description":"Quattro nuovi casi positivi registrati nel Principato il 16 settembre. Dopo le raccomandazioni del Consiglio nazionale, il Governo del Principato ha","breadcrumb":{"@id":"https:\/\/www.monaco-tribune.com\/it\/2020\/09\/covid-19-come-funziona-il-nuovo-centro-nazionale-di-diagnosi\/#breadcrumb"},"inLanguage":"it-IT","potentialAction":[{"@type":"ReadAction","target":["https:\/\/www.monaco-tribune.com\/it\/2020\/09\/covid-19-come-funziona-il-nuovo-centro-nazionale-di-diagnosi\/"]}]},{"@type":"ImageObject","inLanguage":"it-IT","@id":"https:\/\/www.monaco-tribune.com\/it\/2020\/09\/covid-19-come-funziona-il-nuovo-centro-nazionale-di-diagnosi\/#primaryimage","url":"https:\/\/www.monaco-tribune.com\/wp-content\/uploads\/2020\/09\/centre-depistage-fontvieille1.jpg","contentUrl":"https:\/\/www.monaco-tribune.com\/wp-content\/uploads\/2020\/09\/centre-depistage-fontvieille1.jpg","width":1826,"height":1217,"caption":"Servizio di comunicazione \/ Manuel Vitali"},{"@type":"BreadcrumbList","@id":"https:\/\/www.monaco-tribune.com\/it\/2020\/09\/covid-19-come-funziona-il-nuovo-centro-nazionale-di-diagnosi\/#breadcrumb","itemListElement":[{"@type":"ListItem","position":1,"name":"Accueil","item":"https:\/\/www.monaco-tribune.com\/it\/"},{"@type":"ListItem","position":2,"name":"Covid-19: come funziona il nuovo centro nazionale di diagnosi"}]},{"@type":"WebSite","@id":"https:\/\/www.monaco-tribune.com\/it\/#website","url":"https:\/\/www.monaco-tribune.com\/it\/","name":"Monaco Tribune","description":"Monaco : actualit\u00e9s \u00e9conomiques, politiques, culturelles et sportives de Monaco et de la French Riviera.","publisher":{"@id":"https:\/\/www.monaco-tribune.com\/it\/#organization"},"potentialAction":[{"@type":"SearchAction","target":{"@type":"EntryPoint","urlTemplate":"https:\/\/www.monaco-tribune.com\/it\/?s={search_term_string}"},"query-input":{"@type":"PropertyValueSpecification","valueRequired":true,"valueName":"search_term_string"}}],"inLanguage":"it-IT"},{"@type":"Organization","@id":"https:\/\/www.monaco-tribune.com\/it\/#organization","name":"Monaco Tribune","url":"https:\/\/www.monaco-tribune.com\/it\/","logo":{"@type":"ImageObject","inLanguage":"it-IT","@id":"https:\/\/www.monaco-tribune.com\/it\/#\/schema\/logo\/image\/","url":"https:\/\/www.monaco-tribune.com\/wp-content\/uploads\/2022\/11\/logo-monaco-tribune.png","contentUrl":"https:\/\/www.monaco-tribune.com\/wp-content\/uploads\/2022\/11\/logo-monaco-tribune.png","width":1548,"height":600,"caption":"Monaco Tribune"},"image":{"@id":"https:\/\/www.monaco-tribune.com\/it\/#\/schema\/logo\/image\/"},"sameAs":["https:\/\/www.facebook.com\/MonacoTribune","https:\/\/x.com\/MonacoTribune","https:\/\/www.instagram.com\/monacotribune\/","https:\/\/www.linkedin.com\/company\/monaco-tribune","https:\/\/www.youtube.com\/channel\/UCHle1MnG6hw1y4lWKijVbMA"]},{"@type":"Person","@id":"https:\/\/www.monaco-tribune.com\/it\/#\/schema\/person\/10603f39d06463e013e339670c36bea3","name":"Lola Senoble","image":{"@type":"ImageObject","inLanguage":"it-IT","@id":"https:\/\/secure.gravatar.com\/avatar\/48d557f5142df87422d94c862ef0f4177361c443286157fc3838180d4d313fa1?s=96&d=mm&r=g","url":"https:\/\/secure.gravatar.com\/avatar\/48d557f5142df87422d94c862ef0f4177361c443286157fc3838180d4d313fa1?s=96&d=mm&r=g","contentUrl":"https:\/\/secure.gravatar.com\/avatar\/48d557f5142df87422d94c862ef0f4177361c443286157fc3838180d4d313fa1?s=96&d=mm&r=g","caption":"Lola Senoble"},"url":"https:\/\/www.monaco-tribune.com\/it\/author\/lola-senoble\/"}]}},"_links":{"self":[{"href":"https:\/\/www.monaco-tribune.com\/it\/wp-json\/wp\/v2\/posts\/37734","targetHints":{"allow":["GET"]}}],"collection":[{"href":"https:\/\/www.monaco-tribune.com\/it\/wp-json\/wp\/v2\/posts"}],"about":[{"href":"https:\/\/www.monaco-tribune.com\/it\/wp-json\/wp\/v2\/types\/post"}],"author":[{"embeddable":true,"href":"https:\/\/www.monaco-tribune.com\/it\/wp-json\/wp\/v2\/users\/33"}],"replies":[{"embeddable":true,"href":"https:\/\/www.monaco-tribune.com\/it\/wp-json\/wp\/v2\/comments?post=37734"}],"version-history":[{"count":0,"href":"https:\/\/www.monaco-tribune.com\/it\/wp-json\/wp\/v2\/posts\/37734\/revisions"}],"wp:featuredmedia":[{"embeddable":true,"href":"https:\/\/www.monaco-tribune.com\/it\/wp-json\/wp\/v2\/media\/37525"}],"wp:attachment":[{"href":"https:\/\/www.monaco-tribune.com\/it\/wp-json\/wp\/v2\/media?parent=37734"}],"wp:term":[{"taxonomy":"category","embeddable":true,"href":"https:\/\/www.monaco-tribune.com\/it\/wp-json\/wp\/v2\/categories?post=37734"},{"taxonomy":"post_tag","embeddable":true,"href":"https:\/\/www.monaco-tribune.com\/it\/wp-json\/wp\/v2\/tags?post=37734"},{"taxonomy":"sectag","embeddable":true,"href":"https:\/\/www.monaco-tribune.com\/it\/wp-json\/wp\/v2\/post_sectags?post=37734"},{"taxonomy":"format","embeddable":true,"href":"https:\/\/www.monaco-tribune.com\/it\/wp-json\/wp\/v2\/post_format?post=37734"}],"curies":[{"name":"wp","href":"https:\/\/api.w.org\/{rel}","templated":true}]}}