{"id":38118,"date":"2020-09-23T11:57:16","date_gmt":"2020-09-23T09:57:16","guid":{"rendered":"https:\/\/www.monaco-tribune.com\/2020\/09\/planetary-health-week-monaco-celebra-il-pianeta-terra-e-la-lotta-per-la-sua-salvaguardia\/"},"modified":"2020-09-23T11:57:35","modified_gmt":"2020-09-23T09:57:35","slug":"planetary-health-week-monaco-celebra-il-pianeta-terra-e-la-lotta-per-la-sua-salvaguardia","status":"publish","type":"post","link":"https:\/\/www.monaco-tribune.com\/it\/2020\/09\/planetary-health-week-monaco-celebra-il-pianeta-terra-e-la-lotta-per-la-sua-salvaguardia\/","title":{"rendered":"Planetary Health Week: Monaco celebra il pianeta terra e la lotta per la sua salvaguardia"},"content":{"rendered":"\n<p><strong>Dal 22 al 27 settembre, Monaco render\u00e0 omaggio al Pianeta terra. L\u2019iniziativa della durata di sei giorni sar\u00e0 inaugurata dal Monte-Carlo Gala for Planetary Health, a cui seguiranno conferenze, proiezioni di film e anche masterclass.<\/strong><\/p>\n\n<p>In occasione del Monte-Carlo Gala for Planetary Health, la Fondazione Principe Alberto II di Monaco, lo Yacht Club di Monaco e <a href=\"https:\/\/www.monaco-tribune.com\/it\/2020\/07\/la-nuova-mostra-del-museo-oceanografico-immerge-il-pubblico-nel-blu-oceano\/\">il Museo Oceanografico<\/a> \u201cpuntano i riflettori sulla salute dell\u2019umanit\u00e0 e del pianeta\u201d. Gli eventi della settimana sono incentrati su diverse tematiche, come scienza, arte, moda e cibo, con l\u2019obiettivo di sensibilizzare il pubblico sulla salute del pianeta.<\/p>\n\n<h2 class=\"wp-block-heading\">Sting sar\u00e0 l\u2019ospite d\u2019onore<\/h2>\n\n<p>Il Monte-Carlo Gala for Planetary Health \u00e8 uno degli eventi pi\u00f9 prestigiosi del calendario di Monaco. Si terr\u00e0 il 24 settembre sulle terrazze dell\u2019Opera Garnier e vedr\u00e0 Sting come ospite d\u2019onore. In questo momento di crisi sanitaria mondiale, la serata servir\u00e0 anche a raccogliere fondi per diverse iniziative gestite dalla Croce Rossa di Monaco e dalla Croce Rossa Internazionale.<\/p>\n\n<p>Tutta la settimana sar\u00e0 caratterizzata da diverse proiezioni ed \u00e8 possibile partecipare agli eventi solo su invito. Il 21 settembre, lo Yacht Club di Monaco proietter\u00e0 l\u2019ultimo film dell\u2019esploratore sud-africano Mike Horn, oltre a due film di Jackson Wild: <em>Reef Rescue <\/em>sar\u00e0 proiettato il 22 e <em>Corona: The Pandemic and the Pangolin <\/em>il 26. Il Museo Oceanografico proietter\u00e0 inoltre il documentario <a href=\"\/?p=36207\"><em>Plan\u00e8te M\u00e9diterran\u00e9e<\/em> <\/a>di Laurent Ballesta.<\/p>\n\n<p>Il programma completo della settimana \u00e8 disponibile <a href=\"https:\/\/www.fpa2.org\/news-8022.html\">sul sito della Fondazione Principe Alberto II di Monaco<\/a>.<\/p>\n\n<figure class=\"wp-block-embed-youtube wp-block-embed is-type-video is-provider-youtube wp-embed-aspect-16-9 wp-has-aspect-ratio\"><div class=\"wp-block-embed__wrapper\">\n<iframe title=\"Monte-Carlo Gala for the planetary health 2020\" width=\"500\" height=\"281\" src=\"https:\/\/www.youtube.com\/embed\/V9HaG7XKDn0?feature=oembed\" frameborder=\"0\" allow=\"accelerometer; autoplay; clipboard-write; encrypted-media; gyroscope; picture-in-picture; web-share\" referrerpolicy=\"strict-origin-when-cross-origin\" allowfullscreen><\/iframe>\n<\/div><\/figure>","protected":false},"excerpt":{"rendered":"<p>Dal 22 al 27 settembre, Monaco render\u00e0 omaggio al Pianeta terra. L\u2019iniziativa della durata di sei giorni sar\u00e0 inaugurata dal [&hellip;]<\/p>\n","protected":false},"author":33,"featured_media":37968,"comment_status":"closed","ping_status":"open","sticky":false,"template":"","format":"standard","meta":{"_acf_changed":false,"footnotes":""},"categories":[1839,1738],"tags":[4219],"post_sectags":[],"post_format":[2478],"class_list":["post-38118","post","type-post","status-publish","format-standard","has-post-thumbnail","hentry","category-green","category-notizie","tag-iniziative","format-notizia"],"acf":[],"yoast_head":"<!-- This site is optimized with the Yoast SEO Premium plugin v26.8 (Yoast SEO v27.5) - https:\/\/yoast.com\/product\/yoast-seo-premium-wordpress\/ -->\n<title>Planetary Health Week: Monaco celebra il pianeta terra e la lotta per la sua salvaguardia<\/title>\n<meta name=\"description\" content=\"Dal 22 al 27 settembre, Monaco render\u00e0 omaggio al Pianeta terra. L\u2019iniziativa della durata di sei giorni sar\u00e0 inaugurata dal Monte-Carlo Gala for\" \/>\n<meta name=\"robots\" content=\"index, follow, max-snippet:-1, max-image-preview:large, max-video-preview:-1\" \/>\n<link rel=\"canonical\" href=\"https:\/\/www.monaco-tribune.com\/it\/2020\/09\/planetary-health-week-monaco-celebra-il-pianeta-terra-e-la-lotta-per-la-sua-salvaguardia\/\" \/>\n<meta property=\"og:locale\" content=\"it_IT\" \/>\n<meta property=\"og:type\" content=\"article\" \/>\n<meta property=\"og:title\" content=\"Planetary Health Week: Monaco celebra il pianeta terra e la lotta per la sua salvaguardia - Monaco Tribune\" \/>\n<meta property=\"og:description\" content=\"Dal 22 al 27 settembre, Monaco render\u00e0 omaggio al Pianeta terra. L\u2019iniziativa della durata di sei giorni sar\u00e0 inaugurata dal Monte-Carlo Gala for\" \/>\n<meta property=\"og:url\" content=\"https:\/\/www.monaco-tribune.com\/it\/2020\/09\/planetary-health-week-monaco-celebra-il-pianeta-terra-e-la-lotta-per-la-sua-salvaguardia\/\" \/>\n<meta property=\"og:site_name\" content=\"Monaco Tribune\" \/>\n<meta property=\"article:publisher\" content=\"https:\/\/www.facebook.com\/MonacoTribune\" \/>\n<meta property=\"article:published_time\" content=\"2020-09-23T09:57:16+00:00\" \/>\n<meta property=\"article:modified_time\" content=\"2020-09-23T09:57:35+00:00\" \/>\n<meta property=\"og:image\" content=\"https:\/\/www.monaco-tribune.com\/wp-content\/uploads\/2020\/09\/monte-carlo-monte-carlo-gala-oce\u0301ans.jpg\" \/>\n\t<meta property=\"og:image:width\" content=\"1200\" \/>\n\t<meta property=\"og:image:height\" content=\"800\" \/>\n\t<meta property=\"og:image:type\" content=\"image\/jpeg\" \/>\n<meta name=\"author\" content=\"Lola Senoble\" \/>\n<meta name=\"twitter:card\" content=\"summary_large_image\" \/>\n<meta name=\"twitter:creator\" content=\"@MonacoTribune\" \/>\n<meta name=\"twitter:site\" content=\"@MonacoTribune\" \/>\n<script type=\"application\/ld+json\" class=\"yoast-schema-graph\">{\"@context\":\"https:\\\/\\\/schema.org\",\"@graph\":[{\"@type\":\"NewsArticle\",\"@id\":\"https:\\\/\\\/www.monaco-tribune.com\\\/it\\\/2020\\\/09\\\/planetary-health-week-monaco-celebra-il-pianeta-terra-e-la-lotta-per-la-sua-salvaguardia\\\/#article\",\"isPartOf\":{\"@id\":\"https:\\\/\\\/www.monaco-tribune.com\\\/it\\\/2020\\\/09\\\/planetary-health-week-monaco-celebra-il-pianeta-terra-e-la-lotta-per-la-sua-salvaguardia\\\/\"},\"author\":{\"name\":\"Lola Senoble\",\"@id\":\"https:\\\/\\\/www.monaco-tribune.com\\\/it\\\/#\\\/schema\\\/person\\\/10603f39d06463e013e339670c36bea3\"},\"headline\":\"Planetary Health Week: Monaco celebra il pianeta terra e la lotta per la sua salvaguardia\",\"datePublished\":\"2020-09-23T09:57:16+00:00\",\"dateModified\":\"2020-09-23T09:57:35+00:00\",\"mainEntityOfPage\":{\"@id\":\"https:\\\/\\\/www.monaco-tribune.com\\\/it\\\/2020\\\/09\\\/planetary-health-week-monaco-celebra-il-pianeta-terra-e-la-lotta-per-la-sua-salvaguardia\\\/\"},\"wordCount\":262,\"publisher\":{\"@id\":\"https:\\\/\\\/www.monaco-tribune.com\\\/it\\\/#organization\"},\"image\":{\"@id\":\"https:\\\/\\\/www.monaco-tribune.com\\\/it\\\/2020\\\/09\\\/planetary-health-week-monaco-celebra-il-pianeta-terra-e-la-lotta-per-la-sua-salvaguardia\\\/#primaryimage\"},\"thumbnailUrl\":\"https:\\\/\\\/www.monaco-tribune.com\\\/wp-content\\\/uploads\\\/2020\\\/09\\\/monte-carlo-monte-carlo-gala-oce\u0301ans.jpg\",\"keywords\":[\"Iniziative\"],\"articleSection\":[\"Green\",\"Notizie\"],\"inLanguage\":\"it-IT\",\"copyrightYear\":\"2020\",\"copyrightHolder\":{\"@id\":\"https:\\\/\\\/www.monaco-tribune.com\\\/#organization\"}},{\"@type\":\"WebPage\",\"@id\":\"https:\\\/\\\/www.monaco-tribune.com\\\/it\\\/2020\\\/09\\\/planetary-health-week-monaco-celebra-il-pianeta-terra-e-la-lotta-per-la-sua-salvaguardia\\\/\",\"url\":\"https:\\\/\\\/www.monaco-tribune.com\\\/it\\\/2020\\\/09\\\/planetary-health-week-monaco-celebra-il-pianeta-terra-e-la-lotta-per-la-sua-salvaguardia\\\/\",\"name\":\"Planetary Health Week: Monaco celebra il pianeta terra e la lotta per la sua salvaguardia\",\"isPartOf\":{\"@id\":\"https:\\\/\\\/www.monaco-tribune.com\\\/it\\\/#website\"},\"primaryImageOfPage\":{\"@id\":\"https:\\\/\\\/www.monaco-tribune.com\\\/it\\\/2020\\\/09\\\/planetary-health-week-monaco-celebra-il-pianeta-terra-e-la-lotta-per-la-sua-salvaguardia\\\/#primaryimage\"},\"image\":{\"@id\":\"https:\\\/\\\/www.monaco-tribune.com\\\/it\\\/2020\\\/09\\\/planetary-health-week-monaco-celebra-il-pianeta-terra-e-la-lotta-per-la-sua-salvaguardia\\\/#primaryimage\"},\"thumbnailUrl\":\"https:\\\/\\\/www.monaco-tribune.com\\\/wp-content\\\/uploads\\\/2020\\\/09\\\/monte-carlo-monte-carlo-gala-oce\u0301ans.jpg\",\"datePublished\":\"2020-09-23T09:57:16+00:00\",\"dateModified\":\"2020-09-23T09:57:35+00:00\",\"description\":\"Dal 22 al 27 settembre, Monaco render\u00e0 omaggio al Pianeta terra. L\u2019iniziativa della durata di sei giorni sar\u00e0 inaugurata dal Monte-Carlo Gala for\",\"breadcrumb\":{\"@id\":\"https:\\\/\\\/www.monaco-tribune.com\\\/it\\\/2020\\\/09\\\/planetary-health-week-monaco-celebra-il-pianeta-terra-e-la-lotta-per-la-sua-salvaguardia\\\/#breadcrumb\"},\"inLanguage\":\"it-IT\",\"potentialAction\":[{\"@type\":\"ReadAction\",\"target\":[\"https:\\\/\\\/www.monaco-tribune.com\\\/it\\\/2020\\\/09\\\/planetary-health-week-monaco-celebra-il-pianeta-terra-e-la-lotta-per-la-sua-salvaguardia\\\/\"]}]},{\"@type\":\"ImageObject\",\"inLanguage\":\"it-IT\",\"@id\":\"https:\\\/\\\/www.monaco-tribune.com\\\/it\\\/2020\\\/09\\\/planetary-health-week-monaco-celebra-il-pianeta-terra-e-la-lotta-per-la-sua-salvaguardia\\\/#primaryimage\",\"url\":\"https:\\\/\\\/www.monaco-tribune.com\\\/wp-content\\\/uploads\\\/2020\\\/09\\\/monte-carlo-monte-carlo-gala-oce\u0301ans.jpg\",\"contentUrl\":\"https:\\\/\\\/www.monaco-tribune.com\\\/wp-content\\\/uploads\\\/2020\\\/09\\\/monte-carlo-monte-carlo-gala-oce\u0301ans.jpg\",\"width\":1200,\"height\":800,\"caption\":\"Visit Monaco\"},{\"@type\":\"BreadcrumbList\",\"@id\":\"https:\\\/\\\/www.monaco-tribune.com\\\/it\\\/2020\\\/09\\\/planetary-health-week-monaco-celebra-il-pianeta-terra-e-la-lotta-per-la-sua-salvaguardia\\\/#breadcrumb\",\"itemListElement\":[{\"@type\":\"ListItem\",\"position\":1,\"name\":\"Accueil\",\"item\":\"https:\\\/\\\/www.monaco-tribune.com\\\/it\\\/\"},{\"@type\":\"ListItem\",\"position\":2,\"name\":\"Planetary Health Week: Monaco celebra il pianeta terra e la lotta per la sua salvaguardia\"}]},{\"@type\":\"WebSite\",\"@id\":\"https:\\\/\\\/www.monaco-tribune.com\\\/it\\\/#website\",\"url\":\"https:\\\/\\\/www.monaco-tribune.com\\\/it\\\/\",\"name\":\"Monaco Tribune\",\"description\":\"Monaco : actualit\u00e9s \u00e9conomiques, politiques, culturelles et sportives de Monaco et de la French Riviera.\",\"publisher\":{\"@id\":\"https:\\\/\\\/www.monaco-tribune.com\\\/it\\\/#organization\"},\"potentialAction\":[{\"@type\":\"SearchAction\",\"target\":{\"@type\":\"EntryPoint\",\"urlTemplate\":\"https:\\\/\\\/www.monaco-tribune.com\\\/it\\\/?s={search_term_string}\"},\"query-input\":{\"@type\":\"PropertyValueSpecification\",\"valueRequired\":true,\"valueName\":\"search_term_string\"}}],\"inLanguage\":\"it-IT\"},{\"@type\":\"Organization\",\"@id\":\"https:\\\/\\\/www.monaco-tribune.com\\\/it\\\/#organization\",\"name\":\"Monaco Tribune\",\"url\":\"https:\\\/\\\/www.monaco-tribune.com\\\/it\\\/\",\"logo\":{\"@type\":\"ImageObject\",\"inLanguage\":\"it-IT\",\"@id\":\"https:\\\/\\\/www.monaco-tribune.com\\\/it\\\/#\\\/schema\\\/logo\\\/image\\\/\",\"url\":\"https:\\\/\\\/www.monaco-tribune.com\\\/wp-content\\\/uploads\\\/2022\\\/11\\\/logo-monaco-tribune.png\",\"contentUrl\":\"https:\\\/\\\/www.monaco-tribune.com\\\/wp-content\\\/uploads\\\/2022\\\/11\\\/logo-monaco-tribune.png\",\"width\":1548,\"height\":600,\"caption\":\"Monaco Tribune\"},\"image\":{\"@id\":\"https:\\\/\\\/www.monaco-tribune.com\\\/it\\\/#\\\/schema\\\/logo\\\/image\\\/\"},\"sameAs\":[\"https:\\\/\\\/www.facebook.com\\\/MonacoTribune\",\"https:\\\/\\\/x.com\\\/MonacoTribune\",\"https:\\\/\\\/www.instagram.com\\\/monacotribune\\\/\",\"https:\\\/\\\/www.linkedin.com\\\/company\\\/monaco-tribune\",\"https:\\\/\\\/www.youtube.com\\\/channel\\\/UCHle1MnG6hw1y4lWKijVbMA\"]},{\"@type\":\"Person\",\"@id\":\"https:\\\/\\\/www.monaco-tribune.com\\\/it\\\/#\\\/schema\\\/person\\\/10603f39d06463e013e339670c36bea3\",\"name\":\"Lola Senoble\",\"image\":{\"@type\":\"ImageObject\",\"inLanguage\":\"it-IT\",\"@id\":\"https:\\\/\\\/secure.gravatar.com\\\/avatar\\\/48d557f5142df87422d94c862ef0f4177361c443286157fc3838180d4d313fa1?s=96&d=mm&r=g\",\"url\":\"https:\\\/\\\/secure.gravatar.com\\\/avatar\\\/48d557f5142df87422d94c862ef0f4177361c443286157fc3838180d4d313fa1?s=96&d=mm&r=g\",\"contentUrl\":\"https:\\\/\\\/secure.gravatar.com\\\/avatar\\\/48d557f5142df87422d94c862ef0f4177361c443286157fc3838180d4d313fa1?s=96&d=mm&r=g\",\"caption\":\"Lola Senoble\"},\"url\":\"https:\\\/\\\/www.monaco-tribune.com\\\/it\\\/author\\\/lola-senoble\\\/\"}]}<\/script>\n<!-- \/ Yoast SEO Premium plugin. -->","yoast_head_json":{"title":"Planetary Health Week: Monaco celebra il pianeta terra e la lotta per la sua salvaguardia","description":"Dal 22 al 27 settembre, Monaco render\u00e0 omaggio al Pianeta terra. L\u2019iniziativa della durata di sei giorni sar\u00e0 inaugurata dal Monte-Carlo Gala for","robots":{"index":"index","follow":"follow","max-snippet":"max-snippet:-1","max-image-preview":"max-image-preview:large","max-video-preview":"max-video-preview:-1"},"canonical":"https:\/\/www.monaco-tribune.com\/it\/2020\/09\/planetary-health-week-monaco-celebra-il-pianeta-terra-e-la-lotta-per-la-sua-salvaguardia\/","og_locale":"it_IT","og_type":"article","og_title":"Planetary Health Week: Monaco celebra il pianeta terra e la lotta per la sua salvaguardia - Monaco Tribune","og_description":"Dal 22 al 27 settembre, Monaco render\u00e0 omaggio al Pianeta terra. L\u2019iniziativa della durata di sei giorni sar\u00e0 inaugurata dal Monte-Carlo Gala for","og_url":"https:\/\/www.monaco-tribune.com\/it\/2020\/09\/planetary-health-week-monaco-celebra-il-pianeta-terra-e-la-lotta-per-la-sua-salvaguardia\/","og_site_name":"Monaco Tribune","article_publisher":"https:\/\/www.facebook.com\/MonacoTribune","article_published_time":"2020-09-23T09:57:16+00:00","article_modified_time":"2020-09-23T09:57:35+00:00","og_image":[{"width":1200,"height":800,"url":"https:\/\/www.monaco-tribune.com\/wp-content\/uploads\/2020\/09\/monte-carlo-monte-carlo-gala-oce\u0301ans.jpg","type":"image\/jpeg"}],"author":"Lola Senoble","twitter_card":"summary_large_image","twitter_creator":"@MonacoTribune","twitter_site":"@MonacoTribune","schema":{"@context":"https:\/\/schema.org","@graph":[{"@type":"NewsArticle","@id":"https:\/\/www.monaco-tribune.com\/it\/2020\/09\/planetary-health-week-monaco-celebra-il-pianeta-terra-e-la-lotta-per-la-sua-salvaguardia\/#article","isPartOf":{"@id":"https:\/\/www.monaco-tribune.com\/it\/2020\/09\/planetary-health-week-monaco-celebra-il-pianeta-terra-e-la-lotta-per-la-sua-salvaguardia\/"},"author":{"name":"Lola Senoble","@id":"https:\/\/www.monaco-tribune.com\/it\/#\/schema\/person\/10603f39d06463e013e339670c36bea3"},"headline":"Planetary Health Week: Monaco celebra il pianeta terra e la lotta per la sua salvaguardia","datePublished":"2020-09-23T09:57:16+00:00","dateModified":"2020-09-23T09:57:35+00:00","mainEntityOfPage":{"@id":"https:\/\/www.monaco-tribune.com\/it\/2020\/09\/planetary-health-week-monaco-celebra-il-pianeta-terra-e-la-lotta-per-la-sua-salvaguardia\/"},"wordCount":262,"publisher":{"@id":"https:\/\/www.monaco-tribune.com\/it\/#organization"},"image":{"@id":"https:\/\/www.monaco-tribune.com\/it\/2020\/09\/planetary-health-week-monaco-celebra-il-pianeta-terra-e-la-lotta-per-la-sua-salvaguardia\/#primaryimage"},"thumbnailUrl":"https:\/\/www.monaco-tribune.com\/wp-content\/uploads\/2020\/09\/monte-carlo-monte-carlo-gala-oce\u0301ans.jpg","keywords":["Iniziative"],"articleSection":["Green","Notizie"],"inLanguage":"it-IT","copyrightYear":"2020","copyrightHolder":{"@id":"https:\/\/www.monaco-tribune.com\/#organization"}},{"@type":"WebPage","@id":"https:\/\/www.monaco-tribune.com\/it\/2020\/09\/planetary-health-week-monaco-celebra-il-pianeta-terra-e-la-lotta-per-la-sua-salvaguardia\/","url":"https:\/\/www.monaco-tribune.com\/it\/2020\/09\/planetary-health-week-monaco-celebra-il-pianeta-terra-e-la-lotta-per-la-sua-salvaguardia\/","name":"Planetary Health Week: Monaco celebra il pianeta terra e la lotta per la sua salvaguardia","isPartOf":{"@id":"https:\/\/www.monaco-tribune.com\/it\/#website"},"primaryImageOfPage":{"@id":"https:\/\/www.monaco-tribune.com\/it\/2020\/09\/planetary-health-week-monaco-celebra-il-pianeta-terra-e-la-lotta-per-la-sua-salvaguardia\/#primaryimage"},"image":{"@id":"https:\/\/www.monaco-tribune.com\/it\/2020\/09\/planetary-health-week-monaco-celebra-il-pianeta-terra-e-la-lotta-per-la-sua-salvaguardia\/#primaryimage"},"thumbnailUrl":"https:\/\/www.monaco-tribune.com\/wp-content\/uploads\/2020\/09\/monte-carlo-monte-carlo-gala-oce\u0301ans.jpg","datePublished":"2020-09-23T09:57:16+00:00","dateModified":"2020-09-23T09:57:35+00:00","description":"Dal 22 al 27 settembre, Monaco render\u00e0 omaggio al Pianeta terra. L\u2019iniziativa della durata di sei giorni sar\u00e0 inaugurata dal Monte-Carlo Gala for","breadcrumb":{"@id":"https:\/\/www.monaco-tribune.com\/it\/2020\/09\/planetary-health-week-monaco-celebra-il-pianeta-terra-e-la-lotta-per-la-sua-salvaguardia\/#breadcrumb"},"inLanguage":"it-IT","potentialAction":[{"@type":"ReadAction","target":["https:\/\/www.monaco-tribune.com\/it\/2020\/09\/planetary-health-week-monaco-celebra-il-pianeta-terra-e-la-lotta-per-la-sua-salvaguardia\/"]}]},{"@type":"ImageObject","inLanguage":"it-IT","@id":"https:\/\/www.monaco-tribune.com\/it\/2020\/09\/planetary-health-week-monaco-celebra-il-pianeta-terra-e-la-lotta-per-la-sua-salvaguardia\/#primaryimage","url":"https:\/\/www.monaco-tribune.com\/wp-content\/uploads\/2020\/09\/monte-carlo-monte-carlo-gala-oce\u0301ans.jpg","contentUrl":"https:\/\/www.monaco-tribune.com\/wp-content\/uploads\/2020\/09\/monte-carlo-monte-carlo-gala-oce\u0301ans.jpg","width":1200,"height":800,"caption":"Visit Monaco"},{"@type":"BreadcrumbList","@id":"https:\/\/www.monaco-tribune.com\/it\/2020\/09\/planetary-health-week-monaco-celebra-il-pianeta-terra-e-la-lotta-per-la-sua-salvaguardia\/#breadcrumb","itemListElement":[{"@type":"ListItem","position":1,"name":"Accueil","item":"https:\/\/www.monaco-tribune.com\/it\/"},{"@type":"ListItem","position":2,"name":"Planetary Health Week: Monaco celebra il pianeta terra e la lotta per la sua salvaguardia"}]},{"@type":"WebSite","@id":"https:\/\/www.monaco-tribune.com\/it\/#website","url":"https:\/\/www.monaco-tribune.com\/it\/","name":"Monaco Tribune","description":"Monaco : actualit\u00e9s \u00e9conomiques, politiques, culturelles et sportives de Monaco et de la French Riviera.","publisher":{"@id":"https:\/\/www.monaco-tribune.com\/it\/#organization"},"potentialAction":[{"@type":"SearchAction","target":{"@type":"EntryPoint","urlTemplate":"https:\/\/www.monaco-tribune.com\/it\/?s={search_term_string}"},"query-input":{"@type":"PropertyValueSpecification","valueRequired":true,"valueName":"search_term_string"}}],"inLanguage":"it-IT"},{"@type":"Organization","@id":"https:\/\/www.monaco-tribune.com\/it\/#organization","name":"Monaco Tribune","url":"https:\/\/www.monaco-tribune.com\/it\/","logo":{"@type":"ImageObject","inLanguage":"it-IT","@id":"https:\/\/www.monaco-tribune.com\/it\/#\/schema\/logo\/image\/","url":"https:\/\/www.monaco-tribune.com\/wp-content\/uploads\/2022\/11\/logo-monaco-tribune.png","contentUrl":"https:\/\/www.monaco-tribune.com\/wp-content\/uploads\/2022\/11\/logo-monaco-tribune.png","width":1548,"height":600,"caption":"Monaco Tribune"},"image":{"@id":"https:\/\/www.monaco-tribune.com\/it\/#\/schema\/logo\/image\/"},"sameAs":["https:\/\/www.facebook.com\/MonacoTribune","https:\/\/x.com\/MonacoTribune","https:\/\/www.instagram.com\/monacotribune\/","https:\/\/www.linkedin.com\/company\/monaco-tribune","https:\/\/www.youtube.com\/channel\/UCHle1MnG6hw1y4lWKijVbMA"]},{"@type":"Person","@id":"https:\/\/www.monaco-tribune.com\/it\/#\/schema\/person\/10603f39d06463e013e339670c36bea3","name":"Lola Senoble","image":{"@type":"ImageObject","inLanguage":"it-IT","@id":"https:\/\/secure.gravatar.com\/avatar\/48d557f5142df87422d94c862ef0f4177361c443286157fc3838180d4d313fa1?s=96&d=mm&r=g","url":"https:\/\/secure.gravatar.com\/avatar\/48d557f5142df87422d94c862ef0f4177361c443286157fc3838180d4d313fa1?s=96&d=mm&r=g","contentUrl":"https:\/\/secure.gravatar.com\/avatar\/48d557f5142df87422d94c862ef0f4177361c443286157fc3838180d4d313fa1?s=96&d=mm&r=g","caption":"Lola Senoble"},"url":"https:\/\/www.monaco-tribune.com\/it\/author\/lola-senoble\/"}]}},"_links":{"self":[{"href":"https:\/\/www.monaco-tribune.com\/it\/wp-json\/wp\/v2\/posts\/38118","targetHints":{"allow":["GET"]}}],"collection":[{"href":"https:\/\/www.monaco-tribune.com\/it\/wp-json\/wp\/v2\/posts"}],"about":[{"href":"https:\/\/www.monaco-tribune.com\/it\/wp-json\/wp\/v2\/types\/post"}],"author":[{"embeddable":true,"href":"https:\/\/www.monaco-tribune.com\/it\/wp-json\/wp\/v2\/users\/33"}],"replies":[{"embeddable":true,"href":"https:\/\/www.monaco-tribune.com\/it\/wp-json\/wp\/v2\/comments?post=38118"}],"version-history":[{"count":0,"href":"https:\/\/www.monaco-tribune.com\/it\/wp-json\/wp\/v2\/posts\/38118\/revisions"}],"wp:featuredmedia":[{"embeddable":true,"href":"https:\/\/www.monaco-tribune.com\/it\/wp-json\/wp\/v2\/media\/37968"}],"wp:attachment":[{"href":"https:\/\/www.monaco-tribune.com\/it\/wp-json\/wp\/v2\/media?parent=38118"}],"wp:term":[{"taxonomy":"category","embeddable":true,"href":"https:\/\/www.monaco-tribune.com\/it\/wp-json\/wp\/v2\/categories?post=38118"},{"taxonomy":"post_tag","embeddable":true,"href":"https:\/\/www.monaco-tribune.com\/it\/wp-json\/wp\/v2\/tags?post=38118"},{"taxonomy":"sectag","embeddable":true,"href":"https:\/\/www.monaco-tribune.com\/it\/wp-json\/wp\/v2\/post_sectags?post=38118"},{"taxonomy":"format","embeddable":true,"href":"https:\/\/www.monaco-tribune.com\/it\/wp-json\/wp\/v2\/post_format?post=38118"}],"curies":[{"name":"wp","href":"https:\/\/api.w.org\/{rel}","templated":true}]}}