{"id":38250,"date":"2020-09-23T17:49:07","date_gmt":"2020-09-23T15:49:07","guid":{"rendered":"https:\/\/www.monaco-tribune.com\/2020\/09\/la-storia-tra-zvevdan-mitrovic-e-las-monaco-basket-ha-il-suo-lieto-fine\/"},"modified":"2020-09-23T18:34:22","modified_gmt":"2020-09-23T16:34:22","slug":"la-storia-tra-zvevdan-mitrovic-e-las-monaco-basket-ha-il-suo-lieto-fine","status":"publish","type":"post","link":"https:\/\/www.monaco-tribune.com\/it\/2020\/09\/la-storia-tra-zvevdan-mitrovic-e-las-monaco-basket-ha-il-suo-lieto-fine\/","title":{"rendered":"La storia tra Zvevdan Mitrovi\u0107 e l\u2019AS Monaco Basket ha il suo lieto fine"},"content":{"rendered":"\n<p><strong>Dopo una parentesi controversa con l\u2019ASVEL Basket, Zvevdan Mitrovi\u0107 \u00e8 di nuovo nel Monaco. Scoprite il ritratto di un insolito allenatore, amante delle tattiche, a prima vista freddo e distaccato ma con un cuore tenero.<\/strong><\/p>\n\n\n\n<p>Dopo tre anni, dal 2015 al 2018, la storia d\u2019amore con l\u2019AS Monaco non era ancora destinata a finire. Come capita spesso con gli amori turbolenti, la fiamma prima o poi si riaccende. Due anni dopo aver lasciato la Roca Team per l\u2019ASVEL di Tony Parker a Lione, Zvevdan Mitrovi\u0107 torna nel Monaco, con un titolo di campione di Francia in tasca.<\/p>\n\n\n\n<h2 class=\"wp-block-heading\">\u201cTutti lo reputano un allenatore competente, sia in campo che fuori\u201d<\/h2>\n\n\n\n<p>Quando alla fine della stagione 2020, l\u2019allenatore dell\u2019AS Monaco Basket Sa\u0161a Obradovi\u0107 ha lasciato la squadra per la sua amata Belgrade Red Star, nessuno ha avuto dubbi su chi avrebbe dovuto sostituirlo. Zvevdan Mitrovi\u0107 non se l\u2019\u00e8 fatto ripetere due volte e ha firmato per allenare nuovamente la sua vecchia squadra. L\u2019avventura con l\u2019ASVEL non \u00e8 stata tra le migliori: a maggio, la squadra di Lione lo ha licenziato per \u201ccattiva condotta\u201d. Libero da qualsiasi vincolo, Mitrovi\u0107 ha detto \u201cs\u00ec\u201d per la seconda volta all\u2019AS Monaco Basket.<\/p>\n\n\n\n<p>\u201c\u00c8 un\u2019ottima notizia per la Roca Team\u201d, <a href=\"https:\/\/www.monaco-tribune.com\/it\/2020\/04\/intervista-a-paul-lacombe-as-monaco-basket-mi-manco-il-campo-da-pallacanestro\/\">ha dichiarato Paul Lacombe a Monaco Tribune a maggio<\/a>. Il giocatore francese \u00e8 stato allenato da Mitrovi\u0107 durante la stagione 2017-2018 e adesso, ironia della sorte, \u00e8 passato all\u2019ASVEL. \u201cOra che Sa\u0161a ci ha lasciato, era la cosa giusta da fare. Almeno la squadra non dovr\u00e0 ricominciare d\u2019accapo\u201d, ha affermato. Yakuba Ouattara, cestista allenato da Mitrovi\u0107 per tre stagioni e che si \u00e8 trasferito nel Real Betis Baloncesto, tesse senza pensarci le sue lodi: \u201cConosce la squadra alla perfezione. Ha ottenuto ottimi risultati e ci ha quasi portato alla vittoria del campionato francese. Tutti lo reputano un allenatore competente, sia in campo che fuori\u201d.<\/p>\n\n\n\n<h2 class=\"wp-block-heading\">\u201cUn uomo con uno spiccato senso dell\u2019umorismo, affezionato ai suoi giocatori ma senza essere espansivo\u201d<\/h2>\n\n\n\n<p>Mitrovi\u0107 \u00e8 famoso per le tattiche prepotenti basate sull\u2019accoppiata tipica dell\u2019est Europa di una difesa aggressiva e un attacco pi\u00f9 rilassato. Durante i suoi tre anni al Roca Team, ha portato la squadra alla finale del campionato francese e alle qualificazioni per gli europei. L\u2019ex pupillo di Mitrovi\u0107 non l\u2019ha certo dimenticato.<\/p>\n\n\n\n<p>\u201c\u00c8 l\u2019allenatore con cui ho giocato per la prima volta nel Jeep Elite (la premier league del basket francese), quindi \u00e8 chiaro che ho solo dei bei ricordi\u201d, ci confida Outtara. \u201c\u00c8 una persona con cui poter parlare, affezionato ai suoi giocatori ma senza essere espansivo. \u00c8 sempre sincero con tutti, va dritto al punto e non fa distinzioni tra giocatori pi\u00f9 giovani o con pi\u00f9 esperienza con contratti importanti. A Zvezdan importa solo quello che succede in campo ed \u00e8 sempre pronto a dare una seconda possibilit\u00e0. Per lui quello che conta \u00e8 il valore di una persona, ed \u00e8 questo che mi piace di lui\u201d, dice Ouattara. Paul Lacombe ricorda \u201cun uomo con uno spiccato senso dell\u2019umorismo, severo ma giusto\u201d, \u00e8 uno che \u201cdurante la partita sgrida tutti, senza eccezioni, ma ci lascia anche liberi di giocare\u201d.<\/p>\n\n\n\n<h2 class=\"wp-block-heading\">\u201cChi mi conosce sa chi sono davvero\u201d<\/h2>\n\n\n\n<p>Stoicismo e passione sono l\u2019essenza di Mitrovi\u0107, un uomo che da bambino voleva diventare un fumettista. Tutto \u00e8 cambiato a quindici anni, quando si \u00e8 innamorato del basket: era cos\u00ec appassionato, che guardava anche 15 partite a settimana.<\/p>\n\n\n\n<p>\u201cChi mi conosce sa chi sono davvero. Degli altri non mi importa niente\u201d, ha dischiarato a RMC Sport. \u201cPer me, la cosa pi\u00f9 importante \u00e8 il rapporto con i giocatori\u201d. Infatti, morirebbero per lui, anche se qualcuno ha avuto difficolt\u00e0 ad adattarsi ai suoi metodi. Come per esempio, il cestista francese Antoine Diot, che ha recentemente dichiarato alla rivista sportiva francese L\u2019\u00c9quipe che avrebbe lasciato l\u2019ASVEL se \u201cMitrovi\u0107 fosse rimasto\u201d.<\/p>\n\n\n\n<h2 class=\"wp-block-heading\">\u201cLa Roca Team \u00e8 stata una scelta dettata dal cuore\u201d<\/h2>\n\n\n\n<p>L\u2019AS Monaco Basket ha riposto molte speranze nel ritorno di Mitrovi\u0107, si parla anche di una possibile vittoria del campionato. L\u2019obiettivo \u00e8 difficile, ma non impossibile: \u201cAvanzeremo a piccoli passi, ma posso assicurarvi che il desiderio di vivere momenti incredibili con la squadra non manca,\u201d ha dichiarato Mitrovi\u0107 al Nice Matine non appena arrivato a Monaco. \u201cDaremo il massimo. Monaco \u00e8 la mia seconda casa dopo il Montenegro. La Roca Team \u00e8 stata una scelta dettata dal cuore\u201d, ha affermato. Cos\u2019altro possiamo aggiungere? Una vera storia d\u2019amore a lieto fine.<\/p>\n\n\n\n<p>Traduzione a cura di <a href=\"http:\/\/valentinaaliatranslator.com\">Valentina Alia<\/a>.<\/p>\n","protected":false},"excerpt":{"rendered":"<p>Dopo una parentesi controversa con l\u2019ASVEL Basket, Zvevdan Mitrovi\u0107 \u00e8 di nuovo nel Monaco. Scoprite il ritratto di un insolito [&hellip;]<\/p>\n","protected":false},"author":24,"featured_media":37933,"comment_status":"closed","ping_status":"closed","sticky":false,"template":"","format":"standard","meta":{"_acf_changed":false,"footnotes":""},"categories":[1826,1738,1743],"tags":[3001],"post_sectags":[],"post_format":[2480],"class_list":["post-38250","post","type-post","status-publish","format-standard","has-post-thumbnail","hentry","category-la-nostra-scelta","category-notizie","category-sport-it","tag-roca-team-it","format-profilo"],"acf":[],"yoast_head":"<!-- This site is optimized with the Yoast SEO Premium plugin v26.8 (Yoast SEO v27.5) - https:\/\/yoast.com\/product\/yoast-seo-premium-wordpress\/ -->\n<title>La storia tra Zvevdan Mitrovi\u0107 e l\u2019AS Monaco Basket ha il suo lieto fine<\/title>\n<meta name=\"description\" content=\"Dopo una parentesi controversa con l\u2019ASVEL Basket, Zvevdan Mitrovi\u0107 \u00e8 di nuovo nel Monaco. Scoprite il ritratto di un insolito allenatore, amante delle\" \/>\n<meta name=\"robots\" content=\"index, follow, max-snippet:-1, max-image-preview:large, max-video-preview:-1\" \/>\n<link rel=\"canonical\" href=\"https:\/\/www.monaco-tribune.com\/it\/2020\/09\/la-storia-tra-zvevdan-mitrovic-e-las-monaco-basket-ha-il-suo-lieto-fine\/\" \/>\n<meta property=\"og:locale\" content=\"it_IT\" \/>\n<meta property=\"og:type\" content=\"article\" \/>\n<meta property=\"og:title\" content=\"La storia tra Zvevdan Mitrovi\u0107 e l\u2019AS Monaco Basket ha il suo lieto fine - Monaco Tribune\" \/>\n<meta property=\"og:description\" content=\"Dopo una parentesi controversa con l\u2019ASVEL Basket, Zvevdan Mitrovi\u0107 \u00e8 di nuovo nel Monaco. Scoprite il ritratto di un insolito allenatore, amante delle\" \/>\n<meta property=\"og:url\" content=\"https:\/\/www.monaco-tribune.com\/it\/2020\/09\/la-storia-tra-zvevdan-mitrovic-e-las-monaco-basket-ha-il-suo-lieto-fine\/\" \/>\n<meta property=\"og:site_name\" content=\"Monaco Tribune\" \/>\n<meta property=\"article:publisher\" content=\"https:\/\/www.facebook.com\/MonacoTribune\" \/>\n<meta property=\"article:published_time\" content=\"2020-09-23T15:49:07+00:00\" \/>\n<meta property=\"article:modified_time\" content=\"2020-09-23T16:34:22+00:00\" \/>\n<meta property=\"og:image\" content=\"https:\/\/www.monaco-tribune.com\/wp-content\/uploads\/2020\/09\/1a36ffcb05a5ff6acaef9aded3c44192-min.jpg\" \/>\n\t<meta property=\"og:image:width\" content=\"1280\" \/>\n\t<meta property=\"og:image:height\" content=\"853\" \/>\n\t<meta property=\"og:image:type\" content=\"image\/jpeg\" \/>\n<meta name=\"author\" content=\"Romain Boisaubert\" \/>\n<meta name=\"twitter:card\" content=\"summary_large_image\" \/>\n<meta name=\"twitter:creator\" content=\"@MonacoTribune\" \/>\n<meta name=\"twitter:site\" content=\"@MonacoTribune\" \/>\n<script type=\"application\/ld+json\" class=\"yoast-schema-graph\">{\"@context\":\"https:\\\/\\\/schema.org\",\"@graph\":[{\"@type\":\"NewsArticle\",\"@id\":\"https:\\\/\\\/www.monaco-tribune.com\\\/it\\\/2020\\\/09\\\/la-storia-tra-zvevdan-mitrovic-e-las-monaco-basket-ha-il-suo-lieto-fine\\\/#article\",\"isPartOf\":{\"@id\":\"https:\\\/\\\/www.monaco-tribune.com\\\/it\\\/2020\\\/09\\\/la-storia-tra-zvevdan-mitrovic-e-las-monaco-basket-ha-il-suo-lieto-fine\\\/\"},\"author\":{\"name\":\"Romain Boisaubert\",\"@id\":\"https:\\\/\\\/www.monaco-tribune.com\\\/it\\\/#\\\/schema\\\/person\\\/330a3732947cf8cb41b2533a0eadd62e\"},\"headline\":\"La storia tra Zvevdan Mitrovi\u0107 e l\u2019AS Monaco Basket ha il suo lieto fine\",\"datePublished\":\"2020-09-23T15:49:07+00:00\",\"dateModified\":\"2020-09-23T16:34:22+00:00\",\"mainEntityOfPage\":{\"@id\":\"https:\\\/\\\/www.monaco-tribune.com\\\/it\\\/2020\\\/09\\\/la-storia-tra-zvevdan-mitrovic-e-las-monaco-basket-ha-il-suo-lieto-fine\\\/\"},\"wordCount\":750,\"publisher\":{\"@id\":\"https:\\\/\\\/www.monaco-tribune.com\\\/it\\\/#organization\"},\"image\":{\"@id\":\"https:\\\/\\\/www.monaco-tribune.com\\\/it\\\/2020\\\/09\\\/la-storia-tra-zvevdan-mitrovic-e-las-monaco-basket-ha-il-suo-lieto-fine\\\/#primaryimage\"},\"thumbnailUrl\":\"https:\\\/\\\/www.monaco-tribune.com\\\/wp-content\\\/uploads\\\/2020\\\/09\\\/1a36ffcb05a5ff6acaef9aded3c44192-min.jpg\",\"keywords\":[\"Roca Team\"],\"articleSection\":[\"La nostra scelta\",\"Notizie\",\"Sport\"],\"inLanguage\":\"it-IT\",\"copyrightYear\":\"2020\",\"copyrightHolder\":{\"@id\":\"https:\\\/\\\/www.monaco-tribune.com\\\/#organization\"}},{\"@type\":\"WebPage\",\"@id\":\"https:\\\/\\\/www.monaco-tribune.com\\\/it\\\/2020\\\/09\\\/la-storia-tra-zvevdan-mitrovic-e-las-monaco-basket-ha-il-suo-lieto-fine\\\/\",\"url\":\"https:\\\/\\\/www.monaco-tribune.com\\\/it\\\/2020\\\/09\\\/la-storia-tra-zvevdan-mitrovic-e-las-monaco-basket-ha-il-suo-lieto-fine\\\/\",\"name\":\"La storia tra Zvevdan Mitrovi\u0107 e l\u2019AS Monaco Basket ha il suo lieto fine\",\"isPartOf\":{\"@id\":\"https:\\\/\\\/www.monaco-tribune.com\\\/it\\\/#website\"},\"primaryImageOfPage\":{\"@id\":\"https:\\\/\\\/www.monaco-tribune.com\\\/it\\\/2020\\\/09\\\/la-storia-tra-zvevdan-mitrovic-e-las-monaco-basket-ha-il-suo-lieto-fine\\\/#primaryimage\"},\"image\":{\"@id\":\"https:\\\/\\\/www.monaco-tribune.com\\\/it\\\/2020\\\/09\\\/la-storia-tra-zvevdan-mitrovic-e-las-monaco-basket-ha-il-suo-lieto-fine\\\/#primaryimage\"},\"thumbnailUrl\":\"https:\\\/\\\/www.monaco-tribune.com\\\/wp-content\\\/uploads\\\/2020\\\/09\\\/1a36ffcb05a5ff6acaef9aded3c44192-min.jpg\",\"datePublished\":\"2020-09-23T15:49:07+00:00\",\"dateModified\":\"2020-09-23T16:34:22+00:00\",\"description\":\"Dopo una parentesi controversa con l\u2019ASVEL Basket, Zvevdan Mitrovi\u0107 \u00e8 di nuovo nel Monaco. Scoprite il ritratto di un insolito allenatore, amante delle\",\"breadcrumb\":{\"@id\":\"https:\\\/\\\/www.monaco-tribune.com\\\/it\\\/2020\\\/09\\\/la-storia-tra-zvevdan-mitrovic-e-las-monaco-basket-ha-il-suo-lieto-fine\\\/#breadcrumb\"},\"inLanguage\":\"it-IT\",\"potentialAction\":[{\"@type\":\"ReadAction\",\"target\":[\"https:\\\/\\\/www.monaco-tribune.com\\\/it\\\/2020\\\/09\\\/la-storia-tra-zvevdan-mitrovic-e-las-monaco-basket-ha-il-suo-lieto-fine\\\/\"]}]},{\"@type\":\"ImageObject\",\"inLanguage\":\"it-IT\",\"@id\":\"https:\\\/\\\/www.monaco-tribune.com\\\/it\\\/2020\\\/09\\\/la-storia-tra-zvevdan-mitrovic-e-las-monaco-basket-ha-il-suo-lieto-fine\\\/#primaryimage\",\"url\":\"https:\\\/\\\/www.monaco-tribune.com\\\/wp-content\\\/uploads\\\/2020\\\/09\\\/1a36ffcb05a5ff6acaef9aded3c44192-min.jpg\",\"contentUrl\":\"https:\\\/\\\/www.monaco-tribune.com\\\/wp-content\\\/uploads\\\/2020\\\/09\\\/1a36ffcb05a5ff6acaef9aded3c44192-min.jpg\",\"width\":1280,\"height\":853,\"caption\":\"Zvezdan Mitrovic \\\/ Roca Team\"},{\"@type\":\"BreadcrumbList\",\"@id\":\"https:\\\/\\\/www.monaco-tribune.com\\\/it\\\/2020\\\/09\\\/la-storia-tra-zvevdan-mitrovic-e-las-monaco-basket-ha-il-suo-lieto-fine\\\/#breadcrumb\",\"itemListElement\":[{\"@type\":\"ListItem\",\"position\":1,\"name\":\"Accueil\",\"item\":\"https:\\\/\\\/www.monaco-tribune.com\\\/it\\\/\"},{\"@type\":\"ListItem\",\"position\":2,\"name\":\"La storia tra Zvevdan Mitrovi\u0107 e l\u2019AS Monaco Basket ha il suo lieto fine\"}]},{\"@type\":\"WebSite\",\"@id\":\"https:\\\/\\\/www.monaco-tribune.com\\\/it\\\/#website\",\"url\":\"https:\\\/\\\/www.monaco-tribune.com\\\/it\\\/\",\"name\":\"Monaco Tribune\",\"description\":\"Monaco : actualit\u00e9s \u00e9conomiques, politiques, culturelles et sportives de Monaco et de la French Riviera.\",\"publisher\":{\"@id\":\"https:\\\/\\\/www.monaco-tribune.com\\\/it\\\/#organization\"},\"potentialAction\":[{\"@type\":\"SearchAction\",\"target\":{\"@type\":\"EntryPoint\",\"urlTemplate\":\"https:\\\/\\\/www.monaco-tribune.com\\\/it\\\/?s={search_term_string}\"},\"query-input\":{\"@type\":\"PropertyValueSpecification\",\"valueRequired\":true,\"valueName\":\"search_term_string\"}}],\"inLanguage\":\"it-IT\"},{\"@type\":\"Organization\",\"@id\":\"https:\\\/\\\/www.monaco-tribune.com\\\/it\\\/#organization\",\"name\":\"Monaco Tribune\",\"url\":\"https:\\\/\\\/www.monaco-tribune.com\\\/it\\\/\",\"logo\":{\"@type\":\"ImageObject\",\"inLanguage\":\"it-IT\",\"@id\":\"https:\\\/\\\/www.monaco-tribune.com\\\/it\\\/#\\\/schema\\\/logo\\\/image\\\/\",\"url\":\"https:\\\/\\\/www.monaco-tribune.com\\\/wp-content\\\/uploads\\\/2022\\\/11\\\/logo-monaco-tribune.png\",\"contentUrl\":\"https:\\\/\\\/www.monaco-tribune.com\\\/wp-content\\\/uploads\\\/2022\\\/11\\\/logo-monaco-tribune.png\",\"width\":1548,\"height\":600,\"caption\":\"Monaco Tribune\"},\"image\":{\"@id\":\"https:\\\/\\\/www.monaco-tribune.com\\\/it\\\/#\\\/schema\\\/logo\\\/image\\\/\"},\"sameAs\":[\"https:\\\/\\\/www.facebook.com\\\/MonacoTribune\",\"https:\\\/\\\/x.com\\\/MonacoTribune\",\"https:\\\/\\\/www.instagram.com\\\/monacotribune\\\/\",\"https:\\\/\\\/www.linkedin.com\\\/company\\\/monaco-tribune\",\"https:\\\/\\\/www.youtube.com\\\/channel\\\/UCHle1MnG6hw1y4lWKijVbMA\"]},{\"@type\":\"Person\",\"@id\":\"https:\\\/\\\/www.monaco-tribune.com\\\/it\\\/#\\\/schema\\\/person\\\/330a3732947cf8cb41b2533a0eadd62e\",\"name\":\"Romain Boisaubert\",\"image\":{\"@type\":\"ImageObject\",\"inLanguage\":\"it-IT\",\"@id\":\"https:\\\/\\\/secure.gravatar.com\\\/avatar\\\/f8b90d41f1eabd1cbe4cf59e09d8db41a697d51919bf2dfe727589a24a4a4d54?s=96&d=mm&r=g\",\"url\":\"https:\\\/\\\/secure.gravatar.com\\\/avatar\\\/f8b90d41f1eabd1cbe4cf59e09d8db41a697d51919bf2dfe727589a24a4a4d54?s=96&d=mm&r=g\",\"contentUrl\":\"https:\\\/\\\/secure.gravatar.com\\\/avatar\\\/f8b90d41f1eabd1cbe4cf59e09d8db41a697d51919bf2dfe727589a24a4a4d54?s=96&d=mm&r=g\",\"caption\":\"Romain Boisaubert\"},\"description\":\"Test bio\",\"url\":\"https:\\\/\\\/www.monaco-tribune.com\\\/it\\\/author\\\/romain-boisaubert\\\/\"}]}<\/script>\n<!-- \/ Yoast SEO Premium plugin. -->","yoast_head_json":{"title":"La storia tra Zvevdan Mitrovi\u0107 e l\u2019AS Monaco Basket ha il suo lieto fine","description":"Dopo una parentesi controversa con l\u2019ASVEL Basket, Zvevdan Mitrovi\u0107 \u00e8 di nuovo nel Monaco. Scoprite il ritratto di un insolito allenatore, amante delle","robots":{"index":"index","follow":"follow","max-snippet":"max-snippet:-1","max-image-preview":"max-image-preview:large","max-video-preview":"max-video-preview:-1"},"canonical":"https:\/\/www.monaco-tribune.com\/it\/2020\/09\/la-storia-tra-zvevdan-mitrovic-e-las-monaco-basket-ha-il-suo-lieto-fine\/","og_locale":"it_IT","og_type":"article","og_title":"La storia tra Zvevdan Mitrovi\u0107 e l\u2019AS Monaco Basket ha il suo lieto fine - Monaco Tribune","og_description":"Dopo una parentesi controversa con l\u2019ASVEL Basket, Zvevdan Mitrovi\u0107 \u00e8 di nuovo nel Monaco. Scoprite il ritratto di un insolito allenatore, amante delle","og_url":"https:\/\/www.monaco-tribune.com\/it\/2020\/09\/la-storia-tra-zvevdan-mitrovic-e-las-monaco-basket-ha-il-suo-lieto-fine\/","og_site_name":"Monaco Tribune","article_publisher":"https:\/\/www.facebook.com\/MonacoTribune","article_published_time":"2020-09-23T15:49:07+00:00","article_modified_time":"2020-09-23T16:34:22+00:00","og_image":[{"width":1280,"height":853,"url":"https:\/\/www.monaco-tribune.com\/wp-content\/uploads\/2020\/09\/1a36ffcb05a5ff6acaef9aded3c44192-min.jpg","type":"image\/jpeg"}],"author":"Romain Boisaubert","twitter_card":"summary_large_image","twitter_creator":"@MonacoTribune","twitter_site":"@MonacoTribune","schema":{"@context":"https:\/\/schema.org","@graph":[{"@type":"NewsArticle","@id":"https:\/\/www.monaco-tribune.com\/it\/2020\/09\/la-storia-tra-zvevdan-mitrovic-e-las-monaco-basket-ha-il-suo-lieto-fine\/#article","isPartOf":{"@id":"https:\/\/www.monaco-tribune.com\/it\/2020\/09\/la-storia-tra-zvevdan-mitrovic-e-las-monaco-basket-ha-il-suo-lieto-fine\/"},"author":{"name":"Romain Boisaubert","@id":"https:\/\/www.monaco-tribune.com\/it\/#\/schema\/person\/330a3732947cf8cb41b2533a0eadd62e"},"headline":"La storia tra Zvevdan Mitrovi\u0107 e l\u2019AS Monaco Basket ha il suo lieto fine","datePublished":"2020-09-23T15:49:07+00:00","dateModified":"2020-09-23T16:34:22+00:00","mainEntityOfPage":{"@id":"https:\/\/www.monaco-tribune.com\/it\/2020\/09\/la-storia-tra-zvevdan-mitrovic-e-las-monaco-basket-ha-il-suo-lieto-fine\/"},"wordCount":750,"publisher":{"@id":"https:\/\/www.monaco-tribune.com\/it\/#organization"},"image":{"@id":"https:\/\/www.monaco-tribune.com\/it\/2020\/09\/la-storia-tra-zvevdan-mitrovic-e-las-monaco-basket-ha-il-suo-lieto-fine\/#primaryimage"},"thumbnailUrl":"https:\/\/www.monaco-tribune.com\/wp-content\/uploads\/2020\/09\/1a36ffcb05a5ff6acaef9aded3c44192-min.jpg","keywords":["Roca Team"],"articleSection":["La nostra scelta","Notizie","Sport"],"inLanguage":"it-IT","copyrightYear":"2020","copyrightHolder":{"@id":"https:\/\/www.monaco-tribune.com\/#organization"}},{"@type":"WebPage","@id":"https:\/\/www.monaco-tribune.com\/it\/2020\/09\/la-storia-tra-zvevdan-mitrovic-e-las-monaco-basket-ha-il-suo-lieto-fine\/","url":"https:\/\/www.monaco-tribune.com\/it\/2020\/09\/la-storia-tra-zvevdan-mitrovic-e-las-monaco-basket-ha-il-suo-lieto-fine\/","name":"La storia tra Zvevdan Mitrovi\u0107 e l\u2019AS Monaco Basket ha il suo lieto fine","isPartOf":{"@id":"https:\/\/www.monaco-tribune.com\/it\/#website"},"primaryImageOfPage":{"@id":"https:\/\/www.monaco-tribune.com\/it\/2020\/09\/la-storia-tra-zvevdan-mitrovic-e-las-monaco-basket-ha-il-suo-lieto-fine\/#primaryimage"},"image":{"@id":"https:\/\/www.monaco-tribune.com\/it\/2020\/09\/la-storia-tra-zvevdan-mitrovic-e-las-monaco-basket-ha-il-suo-lieto-fine\/#primaryimage"},"thumbnailUrl":"https:\/\/www.monaco-tribune.com\/wp-content\/uploads\/2020\/09\/1a36ffcb05a5ff6acaef9aded3c44192-min.jpg","datePublished":"2020-09-23T15:49:07+00:00","dateModified":"2020-09-23T16:34:22+00:00","description":"Dopo una parentesi controversa con l\u2019ASVEL Basket, Zvevdan Mitrovi\u0107 \u00e8 di nuovo nel Monaco. Scoprite il ritratto di un insolito allenatore, amante delle","breadcrumb":{"@id":"https:\/\/www.monaco-tribune.com\/it\/2020\/09\/la-storia-tra-zvevdan-mitrovic-e-las-monaco-basket-ha-il-suo-lieto-fine\/#breadcrumb"},"inLanguage":"it-IT","potentialAction":[{"@type":"ReadAction","target":["https:\/\/www.monaco-tribune.com\/it\/2020\/09\/la-storia-tra-zvevdan-mitrovic-e-las-monaco-basket-ha-il-suo-lieto-fine\/"]}]},{"@type":"ImageObject","inLanguage":"it-IT","@id":"https:\/\/www.monaco-tribune.com\/it\/2020\/09\/la-storia-tra-zvevdan-mitrovic-e-las-monaco-basket-ha-il-suo-lieto-fine\/#primaryimage","url":"https:\/\/www.monaco-tribune.com\/wp-content\/uploads\/2020\/09\/1a36ffcb05a5ff6acaef9aded3c44192-min.jpg","contentUrl":"https:\/\/www.monaco-tribune.com\/wp-content\/uploads\/2020\/09\/1a36ffcb05a5ff6acaef9aded3c44192-min.jpg","width":1280,"height":853,"caption":"Zvezdan Mitrovic \/ Roca Team"},{"@type":"BreadcrumbList","@id":"https:\/\/www.monaco-tribune.com\/it\/2020\/09\/la-storia-tra-zvevdan-mitrovic-e-las-monaco-basket-ha-il-suo-lieto-fine\/#breadcrumb","itemListElement":[{"@type":"ListItem","position":1,"name":"Accueil","item":"https:\/\/www.monaco-tribune.com\/it\/"},{"@type":"ListItem","position":2,"name":"La storia tra Zvevdan Mitrovi\u0107 e l\u2019AS Monaco Basket ha il suo lieto fine"}]},{"@type":"WebSite","@id":"https:\/\/www.monaco-tribune.com\/it\/#website","url":"https:\/\/www.monaco-tribune.com\/it\/","name":"Monaco Tribune","description":"Monaco : actualit\u00e9s \u00e9conomiques, politiques, culturelles et sportives de Monaco et de la French Riviera.","publisher":{"@id":"https:\/\/www.monaco-tribune.com\/it\/#organization"},"potentialAction":[{"@type":"SearchAction","target":{"@type":"EntryPoint","urlTemplate":"https:\/\/www.monaco-tribune.com\/it\/?s={search_term_string}"},"query-input":{"@type":"PropertyValueSpecification","valueRequired":true,"valueName":"search_term_string"}}],"inLanguage":"it-IT"},{"@type":"Organization","@id":"https:\/\/www.monaco-tribune.com\/it\/#organization","name":"Monaco Tribune","url":"https:\/\/www.monaco-tribune.com\/it\/","logo":{"@type":"ImageObject","inLanguage":"it-IT","@id":"https:\/\/www.monaco-tribune.com\/it\/#\/schema\/logo\/image\/","url":"https:\/\/www.monaco-tribune.com\/wp-content\/uploads\/2022\/11\/logo-monaco-tribune.png","contentUrl":"https:\/\/www.monaco-tribune.com\/wp-content\/uploads\/2022\/11\/logo-monaco-tribune.png","width":1548,"height":600,"caption":"Monaco Tribune"},"image":{"@id":"https:\/\/www.monaco-tribune.com\/it\/#\/schema\/logo\/image\/"},"sameAs":["https:\/\/www.facebook.com\/MonacoTribune","https:\/\/x.com\/MonacoTribune","https:\/\/www.instagram.com\/monacotribune\/","https:\/\/www.linkedin.com\/company\/monaco-tribune","https:\/\/www.youtube.com\/channel\/UCHle1MnG6hw1y4lWKijVbMA"]},{"@type":"Person","@id":"https:\/\/www.monaco-tribune.com\/it\/#\/schema\/person\/330a3732947cf8cb41b2533a0eadd62e","name":"Romain Boisaubert","image":{"@type":"ImageObject","inLanguage":"it-IT","@id":"https:\/\/secure.gravatar.com\/avatar\/f8b90d41f1eabd1cbe4cf59e09d8db41a697d51919bf2dfe727589a24a4a4d54?s=96&d=mm&r=g","url":"https:\/\/secure.gravatar.com\/avatar\/f8b90d41f1eabd1cbe4cf59e09d8db41a697d51919bf2dfe727589a24a4a4d54?s=96&d=mm&r=g","contentUrl":"https:\/\/secure.gravatar.com\/avatar\/f8b90d41f1eabd1cbe4cf59e09d8db41a697d51919bf2dfe727589a24a4a4d54?s=96&d=mm&r=g","caption":"Romain Boisaubert"},"description":"Test bio","url":"https:\/\/www.monaco-tribune.com\/it\/author\/romain-boisaubert\/"}]}},"_links":{"self":[{"href":"https:\/\/www.monaco-tribune.com\/it\/wp-json\/wp\/v2\/posts\/38250","targetHints":{"allow":["GET"]}}],"collection":[{"href":"https:\/\/www.monaco-tribune.com\/it\/wp-json\/wp\/v2\/posts"}],"about":[{"href":"https:\/\/www.monaco-tribune.com\/it\/wp-json\/wp\/v2\/types\/post"}],"author":[{"embeddable":true,"href":"https:\/\/www.monaco-tribune.com\/it\/wp-json\/wp\/v2\/users\/24"}],"replies":[{"embeddable":true,"href":"https:\/\/www.monaco-tribune.com\/it\/wp-json\/wp\/v2\/comments?post=38250"}],"version-history":[{"count":0,"href":"https:\/\/www.monaco-tribune.com\/it\/wp-json\/wp\/v2\/posts\/38250\/revisions"}],"wp:featuredmedia":[{"embeddable":true,"href":"https:\/\/www.monaco-tribune.com\/it\/wp-json\/wp\/v2\/media\/37933"}],"wp:attachment":[{"href":"https:\/\/www.monaco-tribune.com\/it\/wp-json\/wp\/v2\/media?parent=38250"}],"wp:term":[{"taxonomy":"category","embeddable":true,"href":"https:\/\/www.monaco-tribune.com\/it\/wp-json\/wp\/v2\/categories?post=38250"},{"taxonomy":"post_tag","embeddable":true,"href":"https:\/\/www.monaco-tribune.com\/it\/wp-json\/wp\/v2\/tags?post=38250"},{"taxonomy":"sectag","embeddable":true,"href":"https:\/\/www.monaco-tribune.com\/it\/wp-json\/wp\/v2\/post_sectags?post=38250"},{"taxonomy":"format","embeddable":true,"href":"https:\/\/www.monaco-tribune.com\/it\/wp-json\/wp\/v2\/post_format?post=38250"}],"curies":[{"name":"wp","href":"https:\/\/api.w.org\/{rel}","templated":true}]}}